{"id":17913,"date":"2025-09-04T15:58:35","date_gmt":"2025-09-04T18:58:35","guid":{"rendered":"https:\/\/www.blumarturismo.com.br\/blog\/?p=17913"},"modified":"2025-09-04T16:53:06","modified_gmt":"2025-09-04T19:53:06","slug":"rota-dos-ventos-e-rota-das-falesias-uma-viagem-off-road-no-litoral-cearense","status":"publish","type":"post","link":"https:\/\/www.blumarturismo.com.br\/blog\/rota-dos-ventos-e-rota-das-falesias-uma-viagem-off-road-no-litoral-cearense\/","title":{"rendered":"Rota dos Ventos e Rota das Fal\u00e9sias \u2013 Uma viagem off-road no litoral cearense"},"content":{"rendered":"\t\t<div data-elementor-type=\"wp-post\" data-elementor-id=\"17913\" class=\"elementor elementor-17913\" data-elementor-post-type=\"post\">\n\t\t\t\t\t\t\t<div class=\"elementor-element elementor-element-f43b23f e-flex e-con-boxed e-con e-parent\" data-id=\"f43b23f\" data-element_type=\"container\" data-settings=\"{&quot;content_width&quot;:&quot;boxed&quot;}\" data-core-v316-plus=\"true\">\n\t\t\t\t\t<div class=\"e-con-inner\">\n\t\t\t\t<div class=\"elementor-element elementor-element-65160b8 elementor-widget elementor-widget-text-editor\" data-id=\"65160b8\" data-element_type=\"widget\" data-widget_type=\"text-editor.default\">\n\t\t\t\t<div class=\"elementor-widget-container\">\n\t\t\t<style>\/*! elementor - v3.16.0 - 13-09-2023 *\/\n.elementor-widget-text-editor.elementor-drop-cap-view-stacked .elementor-drop-cap{background-color:#69727d;color:#fff}.elementor-widget-text-editor.elementor-drop-cap-view-framed .elementor-drop-cap{color:#69727d;border:3px solid;background-color:transparent}.elementor-widget-text-editor:not(.elementor-drop-cap-view-default) .elementor-drop-cap{margin-top:8px}.elementor-widget-text-editor:not(.elementor-drop-cap-view-default) .elementor-drop-cap-letter{width:1em;height:1em}.elementor-widget-text-editor .elementor-drop-cap{float:left;text-align:center;line-height:1;font-size:50px}.elementor-widget-text-editor .elementor-drop-cap-letter{display:inline-block}<\/style>\t\t\t\t<p data-start=\"83\" data-end=\"436\">Viajar pelo Cear\u00e1 \u00e9 sempre uma experi\u00eancia transformadora. Mas, para quem busca um roteiro diferente, cheio de emo\u00e7\u00e3o e cen\u00e1rios de tirar o f\u00f4lego, a <strong data-start=\"233\" data-end=\"272\">Rota dos Ventos e Rota das Fal\u00e9sias<\/strong> \u00e9 a escolha perfeita. Essa viagem off-road conecta praias paradis\u00edacas, dunas douradas e fal\u00e9sias coloridas, revelando um litoral cearense que vai al\u00e9m do \u00f3bvio.<\/p>\t\t\t\t\t\t<\/div>\n\t\t\t\t<\/div>\n\t\t\t\t<div class=\"elementor-element elementor-element-9461134 elementor-widget elementor-widget-heading\" data-id=\"9461134\" data-element_type=\"widget\" data-widget_type=\"heading.default\">\n\t\t\t\t<div class=\"elementor-widget-container\">\n\t\t\t<style>\/*! elementor - v3.16.0 - 13-09-2023 *\/\n.elementor-heading-title{padding:0;margin:0;line-height:1}.elementor-widget-heading .elementor-heading-title[class*=elementor-size-]>a{color:inherit;font-size:inherit;line-height:inherit}.elementor-widget-heading .elementor-heading-title.elementor-size-small{font-size:15px}.elementor-widget-heading .elementor-heading-title.elementor-size-medium{font-size:19px}.elementor-widget-heading .elementor-heading-title.elementor-size-large{font-size:29px}.elementor-widget-heading .elementor-heading-title.elementor-size-xl{font-size:39px}.elementor-widget-heading .elementor-heading-title.elementor-size-xxl{font-size:59px}<\/style><h2 class=\"elementor-heading-title elementor-size-large\">O que \u00e9 a Rota dos Ventos e Rota das Fal\u00e9sias?<\/h2>\t\t<\/div>\n\t\t\t\t<\/div>\n\t\t\t\t<div class=\"elementor-element elementor-element-12cafb4 elementor-widget elementor-widget-text-editor\" data-id=\"12cafb4\" data-element_type=\"widget\" data-widget_type=\"text-editor.default\">\n\t\t\t\t<div class=\"elementor-widget-container\">\n\t\t\t\t\t\t\t<p data-start=\"490\" data-end=\"558\">Esses roteiros tur\u00edsticos unem aventura, natureza e cultura local. Juntas, as duas rotas formam um circuito inesquec\u00edvel, ideal para quem gosta de explorar paisagens naturais em ve\u00edculos 4&#215;4, quadriciclos ou at\u00e9 mesmo de buggy.<\/p>\t\t\t\t\t\t<\/div>\n\t\t\t\t<\/div>\n\t\t\t\t\t<\/div>\n\t\t\t\t<\/div>\n\t\t<div class=\"elementor-element elementor-element-e3302ad e-flex e-con-boxed e-con e-parent\" data-id=\"e3302ad\" data-element_type=\"container\" data-settings=\"{&quot;content_width&quot;:&quot;boxed&quot;}\" data-core-v316-plus=\"true\">\n\t\t\t\t\t<div class=\"e-con-inner\">\n\t\t<div class=\"elementor-element elementor-element-f9312f6 e-con-full e-flex e-con e-child\" data-id=\"f9312f6\" data-element_type=\"container\" data-settings=\"{&quot;content_width&quot;:&quot;full&quot;}\">\n\t\t\t\t<div class=\"elementor-element elementor-element-f479f7d elementor-widget elementor-widget-heading\" data-id=\"f479f7d\" data-element_type=\"widget\" data-widget_type=\"heading.default\">\n\t\t\t\t<div class=\"elementor-widget-container\">\n\t\t\t<h3 class=\"elementor-heading-title elementor-size-medium\">Rota dos Ventos<\/h3>\t\t<\/div>\n\t\t\t\t<\/div>\n\t\t\t\t<div class=\"elementor-element elementor-element-1d72bbf elementor-widget elementor-widget-text-editor\" data-id=\"1d72bbf\" data-element_type=\"widget\" data-widget_type=\"text-editor.default\">\n\t\t\t\t<div class=\"elementor-widget-container\">\n\t\t\t\t\t\t\t<p>\u00c9 marcada pelo litoral onde os ventos constantes favorecem esportes como kitesurfe e windsurfe. Cidades como Cumbuco, Pre\u00e1 e Jericoacoara fazem parte do percurso, criando um para\u00edso para os amantes da adrenalina e do mar.<\/p>\t\t\t\t\t\t<\/div>\n\t\t\t\t<\/div>\n\t\t\t\t<\/div>\n\t\t<div class=\"elementor-element elementor-element-8cd6537 e-con-full e-flex e-con e-child\" data-id=\"8cd6537\" data-element_type=\"container\" data-settings=\"{&quot;content_width&quot;:&quot;full&quot;}\">\n\t\t\t\t<div class=\"elementor-element elementor-element-b802643 elementor-widget elementor-widget-heading\" data-id=\"b802643\" data-element_type=\"widget\" data-widget_type=\"heading.default\">\n\t\t\t\t<div class=\"elementor-widget-container\">\n\t\t\t<h3 class=\"elementor-heading-title elementor-size-medium\">Rota das Fal\u00e9sias<\/h3>\t\t<\/div>\n\t\t\t\t<\/div>\n\t\t\t\t<div class=\"elementor-element elementor-element-b564b50 elementor-widget elementor-widget-text-editor\" data-id=\"b564b50\" data-element_type=\"widget\" data-widget_type=\"text-editor.default\">\n\t\t\t\t<div class=\"elementor-widget-container\">\n\t\t\t\t\t\t\t<p>Segue pelo litoral leste do Cear\u00e1, passando por locais como Canoa Quebrada, Morro Branco e Praia das Fontes, conhecidas pelas fal\u00e9sias multicoloridas que contrastam com o azul intenso do Atl\u00e2ntico.<\/p>\t\t\t\t\t\t<\/div>\n\t\t\t\t<\/div>\n\t\t\t\t<\/div>\n\t\t\t\t\t<\/div>\n\t\t\t\t<\/div>\n\t\t<div class=\"elementor-element elementor-element-29914bc e-flex e-con-boxed e-con e-parent\" data-id=\"29914bc\" data-element_type=\"container\" data-settings=\"{&quot;content_width&quot;:&quot;boxed&quot;}\" data-core-v316-plus=\"true\">\n\t\t\t\t\t<div class=\"e-con-inner\">\n\t\t\t\t<div class=\"elementor-element elementor-element-a9db82e elementor-widget elementor-widget-heading\" data-id=\"a9db82e\" data-element_type=\"widget\" data-widget_type=\"heading.default\">\n\t\t\t\t<div class=\"elementor-widget-container\">\n\t\t\t<h2 class=\"elementor-heading-title elementor-size-large\">Por que escolher esse roteiro off-road?<\/h2>\t\t<\/div>\n\t\t\t\t<\/div>\n\t\t\t\t<div class=\"elementor-element elementor-element-3139756 elementor-widget elementor-widget-image\" data-id=\"3139756\" data-element_type=\"widget\" data-widget_type=\"image.default\">\n\t\t\t\t<div class=\"elementor-widget-container\">\n\t\t\t<style>\/*! elementor - v3.16.0 - 13-09-2023 *\/\n.elementor-widget-image{text-align:center}.elementor-widget-image a{display:inline-block}.elementor-widget-image a img[src$=\".svg\"]{width:48px}.elementor-widget-image img{vertical-align:middle;display:inline-block}<\/style>\t\t\t\t\t\t\t\t\t<figure class=\"wp-caption\">\n\t\t\t\t\t\t\t\t\t\t<img loading=\"lazy\" decoding=\"async\" width=\"1000\" height=\"662\" src=\"https:\/\/www.blumarturismo.com.br\/blog\/wp-content\/uploads\/2024\/07\/Foto-Junior-Braz-Shutterstock.com_.jpg\" class=\"attachment-large size-large wp-image-60136\" alt=\"Foto: Junior Braz \/ Shutterstock.com\" srcset=\"https:\/\/www.blumarturismo.com.br\/blog\/wp-content\/uploads\/2024\/07\/Foto-Junior-Braz-Shutterstock.com_.jpg 1000w, https:\/\/www.blumarturismo.com.br\/blog\/wp-content\/uploads\/2024\/07\/Foto-Junior-Braz-Shutterstock.com_-300x199.jpg 300w, https:\/\/www.blumarturismo.com.br\/blog\/wp-content\/uploads\/2024\/07\/Foto-Junior-Braz-Shutterstock.com_-768x508.jpg 768w\" sizes=\"auto, (max-width: 1000px) 100vw, 1000px\" \/>\t\t\t\t\t\t\t\t\t\t\t<figcaption class=\"widget-image-caption wp-caption-text\">Foto: Junior Braz \/ Shutterstock.com<\/figcaption>\n\t\t\t\t\t\t\t\t\t\t<\/figure>\n\t\t\t\t\t\t\t\t\t<\/div>\n\t\t\t\t<\/div>\n\t\t\t\t<div class=\"elementor-element elementor-element-95f7ea1 elementor-widget elementor-widget-text-editor\" data-id=\"95f7ea1\" data-element_type=\"widget\" data-widget_type=\"text-editor.default\">\n\t\t\t\t<div class=\"elementor-widget-container\">\n\t\t\t\t\t\t\t<p data-start=\"1241\" data-end=\"1357\">A <strong data-start=\"1243\" data-end=\"1282\">Rota dos Ventos e Rota das Fal\u00e9sias<\/strong> oferece mais do que belas paisagens. \u00c9 uma imers\u00e3o cultural e sensorial:<\/p><ul data-start=\"1358\" data-end=\"1740\"><li data-start=\"1358\" data-end=\"1447\"><p data-start=\"1360\" data-end=\"1447\"><strong data-start=\"1360\" data-end=\"1393\">Contato direto com a natureza<\/strong>: dunas m\u00f3veis, lagoas cristalinas, praias desertas.<\/p><\/li><li data-start=\"1448\" data-end=\"1540\"><p data-start=\"1450\" data-end=\"1540\"><strong data-start=\"1450\" data-end=\"1473\">Experi\u00eancias \u00fanicas<\/strong>: passeios de buggy, trilhas pelas fal\u00e9sias e esportes aqu\u00e1ticos.<\/p><\/li><li data-start=\"1541\" data-end=\"1640\"><p data-start=\"1543\" data-end=\"1640\"><strong data-start=\"1543\" data-end=\"1564\">Gastronomia local<\/strong>: frutos do mar frescos e pratos t\u00edpicos cearenses em vilarejos charmosos.<\/p><\/li><li data-start=\"1641\" data-end=\"1740\"><p data-start=\"1643\" data-end=\"1740\"><strong data-start=\"1643\" data-end=\"1660\">Autenticidade<\/strong>: cada parada revela tradi\u00e7\u00f5es, artesanato e a hospitalidade do povo cearense.<\/p><\/li><\/ul>\t\t\t\t\t\t<\/div>\n\t\t\t\t<\/div>\n\t\t\t\t\t<\/div>\n\t\t\t\t<\/div>\n\t\t<div class=\"elementor-element elementor-element-037fe5a e-flex e-con-boxed e-con e-parent\" data-id=\"037fe5a\" data-element_type=\"container\" data-settings=\"{&quot;content_width&quot;:&quot;boxed&quot;}\" data-core-v316-plus=\"true\">\n\t\t\t\t\t<div class=\"e-con-inner\">\n\t\t<div class=\"elementor-element elementor-element-d033cfe e-con-full e-flex e-con e-child\" data-id=\"d033cfe\" data-element_type=\"container\" data-settings=\"{&quot;content_width&quot;:&quot;full&quot;}\">\n\t\t\t\t<div class=\"elementor-element elementor-element-4eadaf2 elementor-widget elementor-widget-heading\" data-id=\"4eadaf2\" data-element_type=\"widget\" data-widget_type=\"heading.default\">\n\t\t\t\t<div class=\"elementor-widget-container\">\n\t\t\t<h2 class=\"elementor-heading-title elementor-size-medium\">Cidades da Rota dos Ventos<\/h2>\t\t<\/div>\n\t\t\t\t<\/div>\n\t\t\t\t<div class=\"elementor-element elementor-element-305a584 elementor-widget elementor-widget-text-editor\" data-id=\"305a584\" data-element_type=\"widget\" data-widget_type=\"text-editor.default\">\n\t\t\t\t<div class=\"elementor-widget-container\">\n\t\t\t\t\t\t\t<p data-start=\"295\" data-end=\"405\">Essa rota \u00e9 voltada para os ventos fortes que fazem do Cear\u00e1 um dos melhores destinos de kitesurfe do mundo:<\/p><ul data-start=\"406\" data-end=\"888\"><li data-start=\"406\" data-end=\"455\"><p data-start=\"408\" data-end=\"455\"><strong data-start=\"408\" data-end=\"419\">Cumbuco<\/strong> \u2013 famosa por suas dunas e lagoas.<\/p><\/li><li data-start=\"456\" data-end=\"513\"><p data-start=\"458\" data-end=\"513\"><strong data-start=\"458\" data-end=\"470\">Paracuru<\/strong> \u2013 praia de surfistas e ambiente r\u00fastico.<\/p><\/li><li data-start=\"514\" data-end=\"570\"><p data-start=\"516\" data-end=\"570\"><strong data-start=\"516\" data-end=\"528\">Lagoinha<\/strong> \u2013 cart\u00e3o-postal com coqueirais e dunas.<\/p><\/li><li data-start=\"571\" data-end=\"653\"><p data-start=\"573\" data-end=\"653\"><strong data-start=\"573\" data-end=\"587\">Flecheiras<\/strong> \u2013 vilarejo charmoso, ideal para mergulho nas piscinas naturais.<\/p><\/li><li data-start=\"654\" data-end=\"720\"><p data-start=\"656\" data-end=\"720\"><strong data-start=\"656\" data-end=\"666\">Munda\u00fa<\/strong> \u2013 paisagens preservadas e passeios de barco no rio.<\/p><\/li><li data-start=\"721\" data-end=\"823\"><p data-start=\"723\" data-end=\"823\"><strong data-start=\"723\" data-end=\"746\">Jericoacoara (Jeri)<\/strong> \u2013 \u00edcone do turismo no Brasil, com dunas, lagoas e p\u00f4r do sol inesquec\u00edvel.<\/p><\/li><li data-start=\"824\" data-end=\"888\"><p data-start=\"826\" data-end=\"888\"><strong data-start=\"826\" data-end=\"834\">Pre\u00e1<\/strong> \u2013 point internacional de kitesurfe, vizinha a Jeri.<\/p><\/li><\/ul>\t\t\t\t\t\t<\/div>\n\t\t\t\t<\/div>\n\t\t\t\t<\/div>\n\t\t<div class=\"elementor-element elementor-element-8c6dada e-con-full e-flex e-con e-child\" data-id=\"8c6dada\" data-element_type=\"container\" data-settings=\"{&quot;content_width&quot;:&quot;full&quot;}\">\n\t\t\t\t<div class=\"elementor-element elementor-element-d261486 elementor-widget elementor-widget-heading\" data-id=\"d261486\" data-element_type=\"widget\" data-widget_type=\"heading.default\">\n\t\t\t\t<div class=\"elementor-widget-container\">\n\t\t\t<h2 class=\"elementor-heading-title elementor-size-medium\">Cidades da Rota das Fal\u00e9sias<\/h2>\t\t<\/div>\n\t\t\t\t<\/div>\n\t\t\t\t<div class=\"elementor-element elementor-element-77e8d05 elementor-widget elementor-widget-text-editor\" data-id=\"77e8d05\" data-element_type=\"widget\" data-widget_type=\"text-editor.default\">\n\t\t\t\t<div class=\"elementor-widget-container\">\n\t\t\t\t\t\t\t<p data-start=\"933\" data-end=\"1051\">Seguindo o litoral leste do Cear\u00e1, essa rota impressiona pelas fal\u00e9sias coloridas que mudam de tom com a luz do sol:<\/p><ul data-start=\"1052\" data-end=\"1501\"><li data-start=\"1052\" data-end=\"1125\"><p data-start=\"1054\" data-end=\"1125\"><strong data-start=\"1054\" data-end=\"1065\">Aquiraz<\/strong> \u2013 a primeira capital do Cear\u00e1 e lar do famoso Beach Park.<\/p><\/li><li data-start=\"1126\" data-end=\"1237\"><p data-start=\"1128\" data-end=\"1237\"><strong data-start=\"1128\" data-end=\"1140\">Beberibe<\/strong> \u2013 conhecida pelas fal\u00e9sias de Morro Branco e pelo artesanato em garrafinhas de areia colorida.<\/p><\/li><li data-start=\"1238\" data-end=\"1286\"><p data-start=\"1240\" data-end=\"1286\"><strong data-start=\"1240\" data-end=\"1250\">Fortim<\/strong> \u2013 charme r\u00fastico e rio Jaguaribe.<\/p><\/li><li data-start=\"1287\" data-end=\"1391\"><p data-start=\"1289\" data-end=\"1391\"><strong data-start=\"1289\" data-end=\"1317\">Canoa Quebrada (Aracati)<\/strong> \u2013 destino ic\u00f4nico, famoso pela Broadway e a lua e estrela nas fal\u00e9sias.<\/p><\/li><li data-start=\"1392\" data-end=\"1501\"><p data-start=\"1394\" data-end=\"1501\"><strong data-start=\"1394\" data-end=\"1404\">Icapu\u00ed<\/strong> \u2013 \u00faltimo munic\u00edpio do litoral cearense, com praias preservadas e gastronomia de frutos do mar.<\/p><\/li><\/ul>\t\t\t\t\t\t<\/div>\n\t\t\t\t<\/div>\n\t\t\t\t<\/div>\n\t\t\t\t\t<\/div>\n\t\t\t\t<\/div>\n\t\t<div class=\"elementor-element elementor-element-d1678ec e-flex e-con-boxed e-con e-parent\" data-id=\"d1678ec\" data-element_type=\"container\" data-settings=\"{&quot;content_width&quot;:&quot;boxed&quot;}\" data-core-v316-plus=\"true\">\n\t\t\t\t\t<div class=\"e-con-inner\">\n\t\t\t\t<div class=\"elementor-element elementor-element-d7b5d5c elementor-widget elementor-widget-heading\" data-id=\"d7b5d5c\" data-element_type=\"widget\" data-widget_type=\"heading.default\">\n\t\t\t\t<div class=\"elementor-widget-container\">\n\t\t\t<h2 class=\"elementor-heading-title elementor-size-large\">Como planejar sua viagem<\/h2>\t\t<\/div>\n\t\t\t\t<\/div>\n\t\t\t\t<div class=\"elementor-element elementor-element-45dce28 elementor-widget elementor-widget-image\" data-id=\"45dce28\" data-element_type=\"widget\" data-widget_type=\"image.default\">\n\t\t\t\t<div class=\"elementor-widget-container\">\n\t\t\t\t\t\t\t\t\t\t\t\t<figure class=\"wp-caption\">\n\t\t\t\t\t\t\t\t\t\t<img loading=\"lazy\" decoding=\"async\" width=\"1024\" height=\"683\" src=\"https:\/\/www.blumarturismo.com.br\/blog\/wp-content\/uploads\/2024\/01\/jade-queiroz-mtur-1-1024x683.jpg\" class=\"attachment-large size-large wp-image-47961\" alt=\"Foto: Jade Queiroz \/ MTur\" srcset=\"https:\/\/www.blumarturismo.com.br\/blog\/wp-content\/uploads\/2024\/01\/jade-queiroz-mtur-1-1024x683.jpg 1024w, https:\/\/www.blumarturismo.com.br\/blog\/wp-content\/uploads\/2024\/01\/jade-queiroz-mtur-1-300x200.jpg 300w, https:\/\/www.blumarturismo.com.br\/blog\/wp-content\/uploads\/2024\/01\/jade-queiroz-mtur-1-768x512.jpg 768w, https:\/\/www.blumarturismo.com.br\/blog\/wp-content\/uploads\/2024\/01\/jade-queiroz-mtur-1-1536x1024.jpg 1536w, https:\/\/www.blumarturismo.com.br\/blog\/wp-content\/uploads\/2024\/01\/jade-queiroz-mtur-1.jpg 2048w\" sizes=\"auto, (max-width: 1024px) 100vw, 1024px\" \/>\t\t\t\t\t\t\t\t\t\t\t<figcaption class=\"widget-image-caption wp-caption-text\">Foto: Jade Queiroz \/ MTur<\/figcaption>\n\t\t\t\t\t\t\t\t\t\t<\/figure>\n\t\t\t\t\t\t\t\t\t<\/div>\n\t\t\t\t<\/div>\n\t\t\t\t<div class=\"elementor-element elementor-element-8156a7b elementor-widget elementor-widget-text-editor\" data-id=\"8156a7b\" data-element_type=\"widget\" data-widget_type=\"text-editor.default\">\n\t\t\t\t<div class=\"elementor-widget-container\">\n\t\t\t\t\t\t\t<p data-start=\"1772\" data-end=\"1873\">Organizar uma jornada pela <strong data-start=\"1799\" data-end=\"1838\">Rota dos Ventos e Rota das Fal\u00e9sias<\/strong> exige aten\u00e7\u00e3o a alguns detalhes:<\/p><ul data-start=\"1874\" data-end=\"2324\"><li data-start=\"1874\" data-end=\"1971\"><p data-start=\"1876\" data-end=\"1971\"><strong data-start=\"1876\" data-end=\"1892\">Melhor \u00e9poca<\/strong>: entre julho e dezembro, quando os ventos s\u00e3o mais fortes e o clima est\u00e1vel.<\/p><\/li><li data-start=\"1972\" data-end=\"2056\"><p data-start=\"1974\" data-end=\"2056\"><strong data-start=\"1974\" data-end=\"1988\">Transporte<\/strong>: recomenda-se ve\u00edculos 4&#215;4 para encarar dunas e trechos de areia.<\/p><\/li><li data-start=\"2057\" data-end=\"2185\"><p data-start=\"2059\" data-end=\"2185\"><strong data-start=\"2059\" data-end=\"2084\">Roteiro personalizado<\/strong>: \u00e9 poss\u00edvel escolher percorrer apenas uma das rotas ou unir as duas para uma experi\u00eancia completa.<\/p><\/li><li data-start=\"2186\" data-end=\"2324\"><p data-start=\"2188\" data-end=\"2324\"><strong data-start=\"2188\" data-end=\"2203\">Apoio local<\/strong>: contar com ag\u00eancias especializadas garante seguran\u00e7a e praticidade, al\u00e9m de guias que conhecem os segredos da regi\u00e3o.<\/p><\/li><\/ul>\t\t\t\t\t\t<\/div>\n\t\t\t\t<\/div>\n\t\t\t\t\t<\/div>\n\t\t\t\t<\/div>\n\t\t<div class=\"elementor-element elementor-element-5f09bcf e-flex e-con-boxed e-con e-parent\" data-id=\"5f09bcf\" data-element_type=\"container\" data-settings=\"{&quot;content_width&quot;:&quot;boxed&quot;}\" data-core-v316-plus=\"true\">\n\t\t\t\t\t<div class=\"e-con-inner\">\n\t\t\t\t<div class=\"elementor-element elementor-element-492aa7b elementor-widget elementor-widget-heading\" data-id=\"492aa7b\" data-element_type=\"widget\" data-widget_type=\"heading.default\">\n\t\t\t\t<div class=\"elementor-widget-container\">\n\t\t\t<h2 class=\"elementor-heading-title elementor-size-large\">Blumar Turismo: Sua parceira de viagem<\/h2>\t\t<\/div>\n\t\t\t\t<\/div>\n\t\t\t\t<div class=\"elementor-element elementor-element-ddb81d9 elementor-widget elementor-widget-text-editor\" data-id=\"ddb81d9\" data-element_type=\"widget\" data-widget_type=\"text-editor.default\">\n\t\t\t\t<div class=\"elementor-widget-container\">\n\t\t\t\t\t\t\t<p data-start=\"2370\" data-end=\"2546\">A Blumar Turismo \u00e9 refer\u00eancia quando o assunto \u00e9 criar experi\u00eancias inesquec\u00edveis pelo Brasil. Ao planejar sua viagem pela <strong data-start=\"2493\" data-end=\"2532\">Rota dos Ventos e Rota das Fal\u00e9sias<\/strong>, voc\u00ea ter\u00e1:<\/p><ul data-start=\"2547\" data-end=\"2861\"><li data-start=\"2547\" data-end=\"2616\"><p data-start=\"2549\" data-end=\"2616\"><strong data-start=\"2549\" data-end=\"2562\">Expertise<\/strong>: anos de experi\u00eancia no turismo de luxo e aventura.<\/p><\/li><li data-start=\"2617\" data-end=\"2716\"><p data-start=\"2619\" data-end=\"2716\"><strong data-start=\"2619\" data-end=\"2653\">Rede confi\u00e1vel de fornecedores<\/strong>: hospedagens de alto padr\u00e3o e parceiros locais qualificados.<\/p><\/li><li data-start=\"2717\" data-end=\"2861\"><p data-start=\"2719\" data-end=\"2861\"><strong data-start=\"2719\" data-end=\"2742\">Roteiros sob medida<\/strong>: cada detalhe \u00e9 adaptado ao seu estilo, seja voc\u00ea um aventureiro ou algu\u00e9m que busca conforto com pitadas de emo\u00e7\u00e3o.<\/p><\/li><\/ul>\t\t\t\t\t\t<\/div>\n\t\t\t\t<\/div>\n\t\t\t\t\t<\/div>\n\t\t\t\t<\/div>\n\t\t<div class=\"elementor-element elementor-element-9115fd7 e-flex e-con-boxed e-con e-parent\" data-id=\"9115fd7\" data-element_type=\"container\" data-settings=\"{&quot;content_width&quot;:&quot;boxed&quot;}\" data-core-v316-plus=\"true\">\n\t\t\t\t\t<div class=\"e-con-inner\">\n\t\t\t\t<div class=\"elementor-element elementor-element-2bcf129 elementor-widget elementor-widget-heading\" data-id=\"2bcf129\" data-element_type=\"widget\" data-widget_type=\"heading.default\">\n\t\t\t\t<div class=\"elementor-widget-container\">\n\t\t\t<h2 class=\"elementor-heading-title elementor-size-large\">Conclus\u00e3o<\/h2>\t\t<\/div>\n\t\t\t\t<\/div>\n\t\t\t\t<div class=\"elementor-element elementor-element-1dc55b4 elementor-widget elementor-widget-text-editor\" data-id=\"1dc55b4\" data-element_type=\"widget\" data-widget_type=\"text-editor.default\">\n\t\t\t\t<div class=\"elementor-widget-container\">\n\t\t\t\t\t\t\t<p data-start=\"2878\" data-end=\"3077\">Explorar a <strong data-start=\"2889\" data-end=\"2928\">Rota dos Ventos e Rota das Fal\u00e9sias<\/strong> \u00e9 viver o melhor do litoral cearense em uma aventura \u00fanica. S\u00e3o paisagens intocadas, esportes, cultura e hospitalidade reunidos em um s\u00f3 percurso.<\/p>\t\t\t\t\t\t<\/div>\n\t\t\t\t<\/div>\n\t\t\t\t\t<\/div>\n\t\t\t\t<\/div>\n\t\t<div class=\"elementor-element elementor-element-16c55d7 e-flex e-con-boxed e-con e-child\" data-id=\"16c55d7\" data-element_type=\"container\" data-settings=\"{&quot;content_width&quot;:&quot;boxed&quot;}\">\n\t\t\t\t\t<div class=\"e-con-inner\">\n\t\t\t\t<div class=\"elementor-element elementor-element-0559185 elementor-widget elementor-widget-heading\" data-id=\"0559185\" data-element_type=\"widget\" data-widget_type=\"heading.default\">\n\t\t\t\t<div class=\"elementor-widget-container\">\n\t\t\t<h2 class=\"elementor-heading-title elementor-size-large\">Depoimentos de Quem Viveu a Experi\u00eancia<\/h2>\t\t<\/div>\n\t\t\t\t<\/div>\n\t\t\t\t<div class=\"elementor-element elementor-element-15f0c60 elementor-widget elementor-widget-text-editor\" data-id=\"15f0c60\" data-element_type=\"widget\" data-widget_type=\"text-editor.default\">\n\t\t\t\t<div class=\"elementor-widget-container\">\n\t\t\t\t\t\t\t<p style=\"text-align: center;\"><strong>Blumar Turismo: Certificada pelo Reclame Aqui<\/strong><\/p>\t\t\t\t\t\t<\/div>\n\t\t\t\t<\/div>\n\t\t\t\t<div class=\"elementor-element elementor-element-ed1f65f elementor-widget elementor-widget-html\" data-id=\"ed1f65f\" data-element_type=\"widget\" data-widget_type=\"html.default\">\n\t\t\t\t<div class=\"elementor-widget-container\">\n\t\t\t<center><div id=\"ra-verified-seal\"><script type=\"text\/javascript\" id=\"ra-embed-verified-seal\" src=\"https:\/\/s3.amazonaws.com\/raichu-beta\/ra-verified\/bundle.js\" data-id=\"MzI4Nzc6Ymx1bWFy\" data-target=\"ra-verified-seal\" data-model=\"2\"><\/script><\/div><\/center>\t\t<\/div>\n\t\t\t\t<\/div>\n\t\t\t\t<div class=\"elementor-element elementor-element-95e5a4d elementor-widget elementor-widget-text-editor\" data-id=\"95e5a4d\" data-element_type=\"widget\" data-widget_type=\"text-editor.default\">\n\t\t\t\t<div class=\"elementor-widget-container\">\n\t\t\t\t\t\t\t<p><span style=\"color: var( --e-global-color-text ); text-align: var(--text-align);\">Na <strong><a href=\"https:\/\/ofertas.blumarturismo.com.br\/melhores-hoteis-do-rio-de-janeiro\">Blumar Turismo<\/a><\/strong>, nos orgulhamos de oferecer um servi\u00e7o de excel\u00eancia. Somos certificados pelo Reclame Aqui e n\u00e3o recebemos nenhuma reclama\u00e7\u00e3o nos \u00faltimos 12 meses.<\/span><\/p><p>Nosso compromisso \u00e9 com a total satisfa\u00e7\u00e3o do cliente. Garantimos experi\u00eancias de viagem \u00fanicas e memor\u00e1veis, cuidando de cada detalhe, desde a escolha dos melhores destinos e hot\u00e9is at\u00e9 a personaliza\u00e7\u00e3o de roteiros. Nossa equipe est\u00e1 dedicada a atender todas as suas necessidades com m\u00e1xima aten\u00e7\u00e3o e profissionalismo.<\/p>\t\t\t\t\t\t<\/div>\n\t\t\t\t<\/div>\n\t\t\t\t<div class=\"elementor-element elementor-element-ee859f2 elementor-widget elementor-widget-html\" data-id=\"ee859f2\" data-element_type=\"widget\" data-widget_type=\"html.default\">\n\t\t\t\t<div class=\"elementor-widget-container\">\n\t\t\t<script defer async src='https:\/\/cdn.trustindex.io\/loader.js?dc6229528d81446bbc4644b5063'><\/script>\t\t<\/div>\n\t\t\t\t<\/div>\n\t\t\t\t\t<\/div>\n\t\t\t\t<\/div>\n\t\t<div class=\"elementor-element elementor-element-728f3c3 e-con-full e-flex e-con e-parent\" data-id=\"728f3c3\" data-element_type=\"container\" data-settings=\"{&quot;content_width&quot;:&quot;full&quot;}\" data-core-v316-plus=\"true\">\n\t\t\t\t<div class=\"elementor-element elementor-element-efc96e3 elementor-widget elementor-widget-heading\" data-id=\"efc96e3\" data-element_type=\"widget\" data-widget_type=\"heading.default\">\n\t\t\t\t<div class=\"elementor-widget-container\">\n\t\t\t<h2 class=\"elementor-heading-title elementor-size-medium\">Posts que voc\u00ea tamb\u00e9m pode se interessar:<\/h2>\t\t<\/div>\n\t\t\t\t<\/div>\n\t\t\t\t<div class=\"elementor-element elementor-element-ece028e elementor-widget elementor-widget-text-editor\" data-id=\"ece028e\" data-element_type=\"widget\" data-widget_type=\"text-editor.default\">\n\t\t\t\t<div class=\"elementor-widget-container\">\n\t\t\t\t\t\t\t<ul><li><a href=\"https:\/\/www.blumarturismo.com.br\/blog\/viagens-de-luxo-no-brasil-descubra-a-essencia-com-a-blumar-dmc\/\">Viagens de Luxo no Brasil: Descubra a Ess\u00eancia com a Blumar DMC<\/a><\/li><li><a href=\"https:\/\/www.blumarturismo.com.br\/blog\/5-melhores-resorts-all-inclusive-do-nordeste-brasileiro\/\">5 melhores resorts all-inclusive do Nordeste brasileiro<\/a><\/li><li><a href=\"https:\/\/www.blumarturismo.com.br\/blog\/vila-de-jericoacoara-descubra-um-paraiso-inesquecivel-no-nordeste-brasileiro\/\">Vila de Jericoacoara: Descubra um Para\u00edso Inesquec\u00edvel no Nordeste Brasileiro<\/a><\/li><li><a href=\"https:\/\/www.blumarturismo.com.br\/blog\/rota-das-emocoes-privativa-em-2025-explore-o-melhor-do-nordeste-com-exclusividade\/\">Rota das Emo\u00e7\u00f5es Privativa em 2025: Explore o Melhor do Nordeste com Exclusividade<\/a><\/li><li><a href=\"https:\/\/www.blumarturismo.com.br\/blog\/lencois-maranhenses-o-maior-territorio-de-dunas-da-america-do-sul\/\">Len\u00e7\u00f3is Maranhenses, o maior territ\u00f3rio de dunas da Am\u00e9rica do Sul.<\/a><\/li><\/ul>\t\t\t\t\t\t<\/div>\n\t\t\t\t<\/div>\n\t\t\t\t<\/div>\n\t\t<div class=\"elementor-element elementor-element-ca9d204 e-flex e-con-boxed e-con e-parent\" data-id=\"ca9d204\" data-element_type=\"container\" data-settings=\"{&quot;content_width&quot;:&quot;boxed&quot;}\" data-core-v316-plus=\"true\">\n\t\t\t\t\t<div class=\"e-con-inner\">\n\t\t\t\t<div class=\"elementor-element elementor-element-3c11f93 elementor-widget elementor-widget-heading\" data-id=\"3c11f93\" data-element_type=\"widget\" data-widget_type=\"heading.default\">\n\t\t\t\t<div class=\"elementor-widget-container\">\n\t\t\t<h2 class=\"elementor-heading-title elementor-size-large\">FAQ \u2013 Rota dos Ventos e Rota das Fal\u00e9sias no Cear\u00e1<\/h2>\t\t<\/div>\n\t\t\t\t<\/div>\n\t\t\t\t<div class=\"elementor-element elementor-element-399a0f9 elementor-widget elementor-widget-image\" data-id=\"399a0f9\" data-element_type=\"widget\" data-widget_type=\"image.default\">\n\t\t\t\t<div class=\"elementor-widget-container\">\n\t\t\t\t\t\t\t\t\t\t\t\t<figure class=\"wp-caption\">\n\t\t\t\t\t\t\t\t\t\t<img loading=\"lazy\" decoding=\"async\" width=\"1000\" height=\"749\" src=\"https:\/\/www.blumarturismo.com.br\/blog\/wp-content\/uploads\/2024\/07\/Foto-Caio-Pederneiras-Shutterstock.com_.jpg\" class=\"attachment-large size-large wp-image-60140\" alt=\"Foto: Caio Pederneiras \/ Shutterstock.com\" srcset=\"https:\/\/www.blumarturismo.com.br\/blog\/wp-content\/uploads\/2024\/07\/Foto-Caio-Pederneiras-Shutterstock.com_.jpg 1000w, https:\/\/www.blumarturismo.com.br\/blog\/wp-content\/uploads\/2024\/07\/Foto-Caio-Pederneiras-Shutterstock.com_-300x225.jpg 300w, https:\/\/www.blumarturismo.com.br\/blog\/wp-content\/uploads\/2024\/07\/Foto-Caio-Pederneiras-Shutterstock.com_-768x575.jpg 768w\" sizes=\"auto, (max-width: 1000px) 100vw, 1000px\" \/>\t\t\t\t\t\t\t\t\t\t\t<figcaption class=\"widget-image-caption wp-caption-text\">Foto: Caio Pederneiras \/ Shutterstock.com<\/figcaption>\n\t\t\t\t\t\t\t\t\t\t<\/figure>\n\t\t\t\t\t\t\t\t\t<\/div>\n\t\t\t\t<\/div>\n\t\t\t\t\t<\/div>\n\t\t\t\t<\/div>\n\t\t<div class=\"elementor-element elementor-element-bddac09 e-flex e-con-boxed e-con e-parent\" data-id=\"bddac09\" data-element_type=\"container\" data-settings=\"{&quot;content_width&quot;:&quot;boxed&quot;}\" data-core-v316-plus=\"true\">\n\t\t\t\t\t<div class=\"e-con-inner\">\n\t\t\t\t<div class=\"elementor-element elementor-element-e10b855 elementor-widget elementor-widget-toggle\" data-id=\"e10b855\" data-element_type=\"widget\" data-widget_type=\"toggle.default\">\n\t\t\t\t<div class=\"elementor-widget-container\">\n\t\t\t<style>\/*! elementor - v3.16.0 - 13-09-2023 *\/\n.elementor-toggle{text-align:left}.elementor-toggle .elementor-tab-title{font-weight:700;line-height:1;margin:0;padding:15px;border-bottom:1px solid #d5d8dc;cursor:pointer;outline:none}.elementor-toggle .elementor-tab-title .elementor-toggle-icon{display:inline-block;width:1em}.elementor-toggle .elementor-tab-title .elementor-toggle-icon svg{margin-inline-start:-5px;width:1em;height:1em}.elementor-toggle .elementor-tab-title .elementor-toggle-icon.elementor-toggle-icon-right{float:right;text-align:right}.elementor-toggle .elementor-tab-title .elementor-toggle-icon.elementor-toggle-icon-left{float:left;text-align:left}.elementor-toggle .elementor-tab-title .elementor-toggle-icon .elementor-toggle-icon-closed{display:block}.elementor-toggle .elementor-tab-title .elementor-toggle-icon .elementor-toggle-icon-opened{display:none}.elementor-toggle .elementor-tab-title.elementor-active{border-bottom:none}.elementor-toggle .elementor-tab-title.elementor-active .elementor-toggle-icon-closed{display:none}.elementor-toggle .elementor-tab-title.elementor-active .elementor-toggle-icon-opened{display:block}.elementor-toggle .elementor-tab-content{padding:15px;border-bottom:1px solid #d5d8dc;display:none}@media (max-width:767px){.elementor-toggle .elementor-tab-title{padding:12px}.elementor-toggle .elementor-tab-content{padding:12px 10px}}.e-con-inner>.elementor-widget-toggle,.e-con>.elementor-widget-toggle{width:var(--container-widget-width);--flex-grow:var(--container-widget-flex-grow)}<\/style>\t\t<div class=\"elementor-toggle\">\n\t\t\t\t\t\t\t<div class=\"elementor-toggle-item\">\n\t\t\t\t\t<div id=\"elementor-tab-title-2351\" class=\"elementor-tab-title\" data-tab=\"1\" role=\"button\" aria-controls=\"elementor-tab-content-2351\" aria-expanded=\"false\">\n\t\t\t\t\t\t\t\t\t\t\t\t<span class=\"elementor-toggle-icon elementor-toggle-icon-left\" aria-hidden=\"true\">\n\t\t\t\t\t\t\t\t\t\t\t\t\t\t\t<span class=\"elementor-toggle-icon-closed\"><svg class=\"e-font-icon-svg e-fas-caret-right\" viewBox=\"0 0 192 512\" xmlns=\"http:\/\/www.w3.org\/2000\/svg\"><path d=\"M0 384.662V127.338c0-17.818 21.543-26.741 34.142-14.142l128.662 128.662c7.81 7.81 7.81 20.474 0 28.284L34.142 398.804C21.543 411.404 0 402.48 0 384.662z\"><\/path><\/svg><\/span>\n\t\t\t\t\t\t\t\t<span class=\"elementor-toggle-icon-opened\"><svg class=\"elementor-toggle-icon-opened e-font-icon-svg e-fas-caret-up\" viewBox=\"0 0 320 512\" xmlns=\"http:\/\/www.w3.org\/2000\/svg\"><path d=\"M288.662 352H31.338c-17.818 0-26.741-21.543-14.142-34.142l128.662-128.662c7.81-7.81 20.474-7.81 28.284 0l128.662 128.662c12.6 12.599 3.676 34.142-14.142 34.142z\"><\/path><\/svg><\/span>\n\t\t\t\t\t\t\t\t\t\t\t\t\t<\/span>\n\t\t\t\t\t\t\t\t\t\t\t\t<a class=\"elementor-toggle-title\" tabindex=\"0\">O que \u00e9 a Rota dos Ventos e Rota das Fal\u00e9sias?<\/a>\n\t\t\t\t\t<\/div>\n\n\t\t\t\t\t<div id=\"elementor-tab-content-2351\" class=\"elementor-tab-content elementor-clearfix\" data-tab=\"1\" role=\"region\" aria-labelledby=\"elementor-tab-title-2351\"><p data-start=\"328\" data-end=\"603\">A <strong data-start=\"330\" data-end=\"369\">Rota dos Ventos e Rota das Fal\u00e9sias<\/strong> \u00e9 um roteiro tur\u00edstico off-road no litoral do Cear\u00e1 que conecta praias paradis\u00edacas, dunas, lagoas e fal\u00e9sias coloridas. Ideal para quem busca aventura, cultura e natureza, pode ser explorada em ve\u00edculos 4&#215;4, quadriciclos ou buggy.<\/p><\/div>\n\t\t\t\t<\/div>\n\t\t\t\t\t\t\t<div class=\"elementor-toggle-item\">\n\t\t\t\t\t<div id=\"elementor-tab-title-2352\" class=\"elementor-tab-title\" data-tab=\"2\" role=\"button\" aria-controls=\"elementor-tab-content-2352\" aria-expanded=\"false\">\n\t\t\t\t\t\t\t\t\t\t\t\t<span class=\"elementor-toggle-icon elementor-toggle-icon-left\" aria-hidden=\"true\">\n\t\t\t\t\t\t\t\t\t\t\t\t\t\t\t<span class=\"elementor-toggle-icon-closed\"><svg class=\"e-font-icon-svg e-fas-caret-right\" viewBox=\"0 0 192 512\" xmlns=\"http:\/\/www.w3.org\/2000\/svg\"><path d=\"M0 384.662V127.338c0-17.818 21.543-26.741 34.142-14.142l128.662 128.662c7.81 7.81 7.81 20.474 0 28.284L34.142 398.804C21.543 411.404 0 402.48 0 384.662z\"><\/path><\/svg><\/span>\n\t\t\t\t\t\t\t\t<span class=\"elementor-toggle-icon-opened\"><svg class=\"elementor-toggle-icon-opened e-font-icon-svg e-fas-caret-up\" viewBox=\"0 0 320 512\" xmlns=\"http:\/\/www.w3.org\/2000\/svg\"><path d=\"M288.662 352H31.338c-17.818 0-26.741-21.543-14.142-34.142l128.662-128.662c7.81-7.81 20.474-7.81 28.284 0l128.662 128.662c12.6 12.599 3.676 34.142-14.142 34.142z\"><\/path><\/svg><\/span>\n\t\t\t\t\t\t\t\t\t\t\t\t\t<\/span>\n\t\t\t\t\t\t\t\t\t\t\t\t<a class=\"elementor-toggle-title\" tabindex=\"0\">Quais cidades fazem parte da Rota dos Ventos?<\/a>\n\t\t\t\t\t<\/div>\n\n\t\t\t\t\t<div id=\"elementor-tab-content-2352\" class=\"elementor-tab-content elementor-clearfix\" data-tab=\"2\" role=\"region\" aria-labelledby=\"elementor-tab-title-2352\"><p data-start=\"664\" data-end=\"795\">A <strong data-start=\"666\" data-end=\"685\">Rota dos Ventos<\/strong> \u00e9 marcada pelos ventos fortes, perfeitos para kitesurfe e windsurfe. As principais cidades e vilarejos s\u00e3o:<\/p><ul data-start=\"796\" data-end=\"1152\"><li data-start=\"796\" data-end=\"837\"><p data-start=\"798\" data-end=\"837\"><strong data-start=\"798\" data-end=\"809\">Cumbuco<\/strong> \u2013 dunas e lagoas famosas.<\/p><\/li><li data-start=\"838\" data-end=\"878\"><p data-start=\"840\" data-end=\"878\"><strong data-start=\"840\" data-end=\"852\">Paracuru<\/strong> \u2013 destino de surfistas.<\/p><\/li><li data-start=\"879\" data-end=\"927\"><p data-start=\"881\" data-end=\"927\"><strong data-start=\"881\" data-end=\"893\">Lagoinha<\/strong> \u2013 cart\u00e3o-postal com coqueirais.<\/p><\/li><li data-start=\"928\" data-end=\"984\"><p data-start=\"930\" data-end=\"984\"><strong data-start=\"930\" data-end=\"944\">Flecheiras<\/strong> \u2013 piscinas naturais e charme r\u00fastico.<\/p><\/li><li data-start=\"985\" data-end=\"1044\"><p data-start=\"987\" data-end=\"1044\"><strong data-start=\"987\" data-end=\"997\">Munda\u00fa<\/strong> \u2013 paisagens preservadas e passeios de barco.<\/p><\/li><li data-start=\"1045\" data-end=\"1103\"><p data-start=\"1047\" data-end=\"1103\"><strong data-start=\"1047\" data-end=\"1070\">Jericoacoara (Jeri)<\/strong> \u2013 \u00edcone do turismo brasileiro.<\/p><\/li><li data-start=\"1104\" data-end=\"1152\"><p data-start=\"1106\" data-end=\"1152\"><strong data-start=\"1106\" data-end=\"1114\">Pre\u00e1<\/strong> \u2013 point internacional de kitesurfe.<\/p><\/li><\/ul><\/div>\n\t\t\t\t<\/div>\n\t\t\t\t\t\t\t<div class=\"elementor-toggle-item\">\n\t\t\t\t\t<div id=\"elementor-tab-title-2353\" class=\"elementor-tab-title\" data-tab=\"3\" role=\"button\" aria-controls=\"elementor-tab-content-2353\" aria-expanded=\"false\">\n\t\t\t\t\t\t\t\t\t\t\t\t<span class=\"elementor-toggle-icon elementor-toggle-icon-left\" aria-hidden=\"true\">\n\t\t\t\t\t\t\t\t\t\t\t\t\t\t\t<span class=\"elementor-toggle-icon-closed\"><svg class=\"e-font-icon-svg e-fas-caret-right\" viewBox=\"0 0 192 512\" xmlns=\"http:\/\/www.w3.org\/2000\/svg\"><path d=\"M0 384.662V127.338c0-17.818 21.543-26.741 34.142-14.142l128.662 128.662c7.81 7.81 7.81 20.474 0 28.284L34.142 398.804C21.543 411.404 0 402.48 0 384.662z\"><\/path><\/svg><\/span>\n\t\t\t\t\t\t\t\t<span class=\"elementor-toggle-icon-opened\"><svg class=\"elementor-toggle-icon-opened e-font-icon-svg e-fas-caret-up\" viewBox=\"0 0 320 512\" xmlns=\"http:\/\/www.w3.org\/2000\/svg\"><path d=\"M288.662 352H31.338c-17.818 0-26.741-21.543-14.142-34.142l128.662-128.662c7.81-7.81 20.474-7.81 28.284 0l128.662 128.662c12.6 12.599 3.676 34.142-14.142 34.142z\"><\/path><\/svg><\/span>\n\t\t\t\t\t\t\t\t\t\t\t\t\t<\/span>\n\t\t\t\t\t\t\t\t\t\t\t\t<a class=\"elementor-toggle-title\" tabindex=\"0\">Quais cidades fazem parte da Rota das Fal\u00e9sias?<\/a>\n\t\t\t\t\t<\/div>\n\n\t\t\t\t\t<div id=\"elementor-tab-content-2353\" class=\"elementor-tab-content elementor-clearfix\" data-tab=\"3\" role=\"region\" aria-labelledby=\"elementor-tab-title-2353\"><p data-start=\"1215\" data-end=\"1318\">A <strong data-start=\"1217\" data-end=\"1238\">Rota das Fal\u00e9sias<\/strong> percorre o litoral leste do Cear\u00e1, com destaque para suas fal\u00e9sias coloridas:<\/p><ul data-start=\"1319\" data-end=\"1630\"><li data-start=\"1319\" data-end=\"1355\"><p data-start=\"1321\" data-end=\"1355\"><strong data-start=\"1321\" data-end=\"1332\">Aquiraz<\/strong> \u2013 lar do Beach Park.<\/p><\/li><li data-start=\"1356\" data-end=\"1431\"><p data-start=\"1358\" data-end=\"1431\"><strong data-start=\"1358\" data-end=\"1370\">Beberibe<\/strong> \u2013 fal\u00e9sias de Morro Branco e artesanato de areia colorida.<\/p><\/li><li data-start=\"1432\" data-end=\"1480\"><p data-start=\"1434\" data-end=\"1480\"><strong data-start=\"1434\" data-end=\"1444\">Fortim<\/strong> \u2013 rio Jaguaribe e charme r\u00fastico.<\/p><\/li><li data-start=\"1481\" data-end=\"1562\"><p data-start=\"1483\" data-end=\"1562\"><strong data-start=\"1483\" data-end=\"1511\">Canoa Quebrada (Aracati)<\/strong> \u2013 Broadway animada e fal\u00e9sias com lua e estrela.<\/p><\/li><li data-start=\"1563\" data-end=\"1630\"><p data-start=\"1565\" data-end=\"1630\"><strong data-start=\"1565\" data-end=\"1575\">Icapu\u00ed<\/strong> \u2013 praias preservadas e gastronomia de frutos do mar.<\/p><\/li><\/ul><\/div>\n\t\t\t\t<\/div>\n\t\t\t\t\t\t\t<div class=\"elementor-toggle-item\">\n\t\t\t\t\t<div id=\"elementor-tab-title-2354\" class=\"elementor-tab-title\" data-tab=\"4\" role=\"button\" aria-controls=\"elementor-tab-content-2354\" aria-expanded=\"false\">\n\t\t\t\t\t\t\t\t\t\t\t\t<span class=\"elementor-toggle-icon elementor-toggle-icon-left\" aria-hidden=\"true\">\n\t\t\t\t\t\t\t\t\t\t\t\t\t\t\t<span class=\"elementor-toggle-icon-closed\"><svg class=\"e-font-icon-svg e-fas-caret-right\" viewBox=\"0 0 192 512\" xmlns=\"http:\/\/www.w3.org\/2000\/svg\"><path d=\"M0 384.662V127.338c0-17.818 21.543-26.741 34.142-14.142l128.662 128.662c7.81 7.81 7.81 20.474 0 28.284L34.142 398.804C21.543 411.404 0 402.48 0 384.662z\"><\/path><\/svg><\/span>\n\t\t\t\t\t\t\t\t<span class=\"elementor-toggle-icon-opened\"><svg class=\"elementor-toggle-icon-opened e-font-icon-svg e-fas-caret-up\" viewBox=\"0 0 320 512\" xmlns=\"http:\/\/www.w3.org\/2000\/svg\"><path d=\"M288.662 352H31.338c-17.818 0-26.741-21.543-14.142-34.142l128.662-128.662c7.81-7.81 20.474-7.81 28.284 0l128.662 128.662c12.6 12.599 3.676 34.142-14.142 34.142z\"><\/path><\/svg><\/span>\n\t\t\t\t\t\t\t\t\t\t\t\t\t<\/span>\n\t\t\t\t\t\t\t\t\t\t\t\t<a class=\"elementor-toggle-title\" tabindex=\"0\">Qual \u00e9 a melhor \u00e9poca para viajar?<\/a>\n\t\t\t\t\t<\/div>\n\n\t\t\t\t\t<div id=\"elementor-tab-content-2354\" class=\"elementor-tab-content elementor-clearfix\" data-tab=\"4\" role=\"region\" aria-labelledby=\"elementor-tab-title-2354\"><p data-start=\"1680\" data-end=\"1822\">A melhor \u00e9poca para explorar as rotas \u00e9 entre <strong data-start=\"1726\" data-end=\"1746\">julho e dezembro<\/strong>, quando o clima est\u00e1 est\u00e1vel e os ventos favorecem os esportes aqu\u00e1ticos.<\/p><\/div>\n\t\t\t\t<\/div>\n\t\t\t\t\t\t\t<div class=\"elementor-toggle-item\">\n\t\t\t\t\t<div id=\"elementor-tab-title-2355\" class=\"elementor-tab-title\" data-tab=\"5\" role=\"button\" aria-controls=\"elementor-tab-content-2355\" aria-expanded=\"false\">\n\t\t\t\t\t\t\t\t\t\t\t\t<span class=\"elementor-toggle-icon elementor-toggle-icon-left\" aria-hidden=\"true\">\n\t\t\t\t\t\t\t\t\t\t\t\t\t\t\t<span class=\"elementor-toggle-icon-closed\"><svg class=\"e-font-icon-svg e-fas-caret-right\" viewBox=\"0 0 192 512\" xmlns=\"http:\/\/www.w3.org\/2000\/svg\"><path d=\"M0 384.662V127.338c0-17.818 21.543-26.741 34.142-14.142l128.662 128.662c7.81 7.81 7.81 20.474 0 28.284L34.142 398.804C21.543 411.404 0 402.48 0 384.662z\"><\/path><\/svg><\/span>\n\t\t\t\t\t\t\t\t<span class=\"elementor-toggle-icon-opened\"><svg class=\"elementor-toggle-icon-opened e-font-icon-svg e-fas-caret-up\" viewBox=\"0 0 320 512\" xmlns=\"http:\/\/www.w3.org\/2000\/svg\"><path d=\"M288.662 352H31.338c-17.818 0-26.741-21.543-14.142-34.142l128.662-128.662c7.81-7.81 20.474-7.81 28.284 0l128.662 128.662c12.6 12.599 3.676 34.142-14.142 34.142z\"><\/path><\/svg><\/span>\n\t\t\t\t\t\t\t\t\t\t\t\t\t<\/span>\n\t\t\t\t\t\t\t\t\t\t\t\t<a class=\"elementor-toggle-title\" tabindex=\"0\">Que tipo de transporte \u00e9 recomendado?<\/a>\n\t\t\t\t\t<\/div>\n\n\t\t\t\t\t<div id=\"elementor-tab-content-2355\" class=\"elementor-tab-content elementor-clearfix\" data-tab=\"5\" role=\"region\" aria-labelledby=\"elementor-tab-title-2355\"><p data-start=\"1875\" data-end=\"2040\">O ideal \u00e9 utilizar <strong data-start=\"1894\" data-end=\"1910\">ve\u00edculos 4&#215;4<\/strong> para percorrer dunas e trechos de areia. Tamb\u00e9m \u00e9 poss\u00edvel contratar <strong data-start=\"1980\" data-end=\"2001\">passeios de buggy<\/strong> ou <strong data-start=\"2005\" data-end=\"2020\">quadriciclo<\/strong> com guias locais.<\/p><\/div>\n\t\t\t\t<\/div>\n\t\t\t\t\t\t\t<div class=\"elementor-toggle-item\">\n\t\t\t\t\t<div id=\"elementor-tab-title-2356\" class=\"elementor-tab-title\" data-tab=\"6\" role=\"button\" aria-controls=\"elementor-tab-content-2356\" aria-expanded=\"false\">\n\t\t\t\t\t\t\t\t\t\t\t\t<span class=\"elementor-toggle-icon elementor-toggle-icon-left\" aria-hidden=\"true\">\n\t\t\t\t\t\t\t\t\t\t\t\t\t\t\t<span class=\"elementor-toggle-icon-closed\"><svg class=\"e-font-icon-svg e-fas-caret-right\" viewBox=\"0 0 192 512\" xmlns=\"http:\/\/www.w3.org\/2000\/svg\"><path d=\"M0 384.662V127.338c0-17.818 21.543-26.741 34.142-14.142l128.662 128.662c7.81 7.81 7.81 20.474 0 28.284L34.142 398.804C21.543 411.404 0 402.48 0 384.662z\"><\/path><\/svg><\/span>\n\t\t\t\t\t\t\t\t<span class=\"elementor-toggle-icon-opened\"><svg class=\"elementor-toggle-icon-opened e-font-icon-svg e-fas-caret-up\" viewBox=\"0 0 320 512\" xmlns=\"http:\/\/www.w3.org\/2000\/svg\"><path d=\"M288.662 352H31.338c-17.818 0-26.741-21.543-14.142-34.142l128.662-128.662c7.81-7.81 20.474-7.81 28.284 0l128.662 128.662c12.6 12.599 3.676 34.142-14.142 34.142z\"><\/path><\/svg><\/span>\n\t\t\t\t\t\t\t\t\t\t\t\t\t<\/span>\n\t\t\t\t\t\t\t\t\t\t\t\t<a class=\"elementor-toggle-title\" tabindex=\"0\">Quais atividades posso fazer durante a viagem?<\/a>\n\t\t\t\t\t<\/div>\n\n\t\t\t\t\t<div id=\"elementor-tab-content-2356\" class=\"elementor-tab-content elementor-clearfix\" data-tab=\"6\" role=\"region\" aria-labelledby=\"elementor-tab-title-2356\"><ul><li data-start=\"2102\" data-end=\"2128\"><p data-start=\"2104\" data-end=\"2128\">Kitesurfe e windsurfe.<\/p><\/li><li data-start=\"2129\" data-end=\"2163\"><p data-start=\"2131\" data-end=\"2163\">Passeios de buggy pelas dunas.<\/p><\/li><li data-start=\"2164\" data-end=\"2191\"><p data-start=\"2166\" data-end=\"2191\">Trilhas pelas fal\u00e9sias.<\/p><\/li><li data-start=\"2192\" data-end=\"2226\"><p data-start=\"2194\" data-end=\"2226\">Mergulho em piscinas naturais.<\/p><\/li><li data-start=\"2227\" data-end=\"2263\"><p data-start=\"2229\" data-end=\"2263\">Degusta\u00e7\u00e3o da gastronomia local.<\/p><\/li><li data-start=\"2264\" data-end=\"2314\"><p data-start=\"2266\" data-end=\"2314\">Contato com a cultura e o artesanato regional.<\/p><\/li><\/ul><\/div>\n\t\t\t\t<\/div>\n\t\t\t\t\t\t\t<div class=\"elementor-toggle-item\">\n\t\t\t\t\t<div id=\"elementor-tab-title-2357\" class=\"elementor-tab-title\" data-tab=\"7\" role=\"button\" aria-controls=\"elementor-tab-content-2357\" aria-expanded=\"false\">\n\t\t\t\t\t\t\t\t\t\t\t\t<span class=\"elementor-toggle-icon elementor-toggle-icon-left\" aria-hidden=\"true\">\n\t\t\t\t\t\t\t\t\t\t\t\t\t\t\t<span class=\"elementor-toggle-icon-closed\"><svg class=\"e-font-icon-svg e-fas-caret-right\" viewBox=\"0 0 192 512\" xmlns=\"http:\/\/www.w3.org\/2000\/svg\"><path d=\"M0 384.662V127.338c0-17.818 21.543-26.741 34.142-14.142l128.662 128.662c7.81 7.81 7.81 20.474 0 28.284L34.142 398.804C21.543 411.404 0 402.48 0 384.662z\"><\/path><\/svg><\/span>\n\t\t\t\t\t\t\t\t<span class=\"elementor-toggle-icon-opened\"><svg class=\"elementor-toggle-icon-opened e-font-icon-svg e-fas-caret-up\" viewBox=\"0 0 320 512\" xmlns=\"http:\/\/www.w3.org\/2000\/svg\"><path d=\"M288.662 352H31.338c-17.818 0-26.741-21.543-14.142-34.142l128.662-128.662c7.81-7.81 20.474-7.81 28.284 0l128.662 128.662c12.6 12.599 3.676 34.142-14.142 34.142z\"><\/path><\/svg><\/span>\n\t\t\t\t\t\t\t\t\t\t\t\t\t<\/span>\n\t\t\t\t\t\t\t\t\t\t\t\t<a class=\"elementor-toggle-title\" tabindex=\"0\">\u00c9 poss\u00edvel combinar as duas rotas em um \u00fanico roteiro?<\/a>\n\t\t\t\t\t<\/div>\n\n\t\t\t\t\t<div id=\"elementor-tab-content-2357\" class=\"elementor-tab-content elementor-clearfix\" data-tab=\"7\" role=\"region\" aria-labelledby=\"elementor-tab-title-2357\"><p data-start=\"2384\" data-end=\"2575\">Sim. Muitos viajantes escolhem unir as duas rotas para viver uma experi\u00eancia completa, explorando tanto o <strong data-start=\"2490\" data-end=\"2525\">litoral oeste (Rota dos Ventos)<\/strong> quanto o <strong data-start=\"2535\" data-end=\"2572\">litoral leste (Rota das Fal\u00e9sias)<\/strong>.<\/p><\/div>\n\t\t\t\t<\/div>\n\t\t\t\t\t\t\t<div class=\"elementor-toggle-item\">\n\t\t\t\t\t<div id=\"elementor-tab-title-2358\" class=\"elementor-tab-title\" data-tab=\"8\" role=\"button\" aria-controls=\"elementor-tab-content-2358\" aria-expanded=\"false\">\n\t\t\t\t\t\t\t\t\t\t\t\t<span class=\"elementor-toggle-icon elementor-toggle-icon-left\" aria-hidden=\"true\">\n\t\t\t\t\t\t\t\t\t\t\t\t\t\t\t<span class=\"elementor-toggle-icon-closed\"><svg class=\"e-font-icon-svg e-fas-caret-right\" viewBox=\"0 0 192 512\" xmlns=\"http:\/\/www.w3.org\/2000\/svg\"><path d=\"M0 384.662V127.338c0-17.818 21.543-26.741 34.142-14.142l128.662 128.662c7.81 7.81 7.81 20.474 0 28.284L34.142 398.804C21.543 411.404 0 402.48 0 384.662z\"><\/path><\/svg><\/span>\n\t\t\t\t\t\t\t\t<span class=\"elementor-toggle-icon-opened\"><svg class=\"elementor-toggle-icon-opened e-font-icon-svg e-fas-caret-up\" viewBox=\"0 0 320 512\" xmlns=\"http:\/\/www.w3.org\/2000\/svg\"><path d=\"M288.662 352H31.338c-17.818 0-26.741-21.543-14.142-34.142l128.662-128.662c7.81-7.81 20.474-7.81 28.284 0l128.662 128.662c12.6 12.599 3.676 34.142-14.142 34.142z\"><\/path><\/svg><\/span>\n\t\t\t\t\t\t\t\t\t\t\t\t\t<\/span>\n\t\t\t\t\t\t\t\t\t\t\t\t<a class=\"elementor-toggle-title\" tabindex=\"0\">Preciso de guia ou ag\u00eancia para essa viagem?<\/a>\n\t\t\t\t\t<\/div>\n\n\t\t\t\t\t<div id=\"elementor-tab-content-2358\" class=\"elementor-tab-content elementor-clearfix\" data-tab=\"8\" role=\"region\" aria-labelledby=\"elementor-tab-title-2358\"><p data-start=\"2635\" data-end=\"2851\">Embora seja poss\u00edvel viajar por conta pr\u00f3pria, recomenda-se contar com <strong data-start=\"2706\" data-end=\"2733\">ag\u00eancias especializadas<\/strong>, que garantem seguran\u00e7a, transporte adequado e guias locais que conhecem os melhores caminhos e segredos da regi\u00e3o.<\/p><\/div>\n\t\t\t\t<\/div>\n\t\t\t\t\t\t\t<div class=\"elementor-toggle-item\">\n\t\t\t\t\t<div id=\"elementor-tab-title-2359\" class=\"elementor-tab-title\" data-tab=\"9\" role=\"button\" aria-controls=\"elementor-tab-content-2359\" aria-expanded=\"false\">\n\t\t\t\t\t\t\t\t\t\t\t\t<span class=\"elementor-toggle-icon elementor-toggle-icon-left\" aria-hidden=\"true\">\n\t\t\t\t\t\t\t\t\t\t\t\t\t\t\t<span class=\"elementor-toggle-icon-closed\"><svg class=\"e-font-icon-svg e-fas-caret-right\" viewBox=\"0 0 192 512\" xmlns=\"http:\/\/www.w3.org\/2000\/svg\"><path d=\"M0 384.662V127.338c0-17.818 21.543-26.741 34.142-14.142l128.662 128.662c7.81 7.81 7.81 20.474 0 28.284L34.142 398.804C21.543 411.404 0 402.48 0 384.662z\"><\/path><\/svg><\/span>\n\t\t\t\t\t\t\t\t<span class=\"elementor-toggle-icon-opened\"><svg class=\"elementor-toggle-icon-opened e-font-icon-svg e-fas-caret-up\" viewBox=\"0 0 320 512\" xmlns=\"http:\/\/www.w3.org\/2000\/svg\"><path d=\"M288.662 352H31.338c-17.818 0-26.741-21.543-14.142-34.142l128.662-128.662c7.81-7.81 20.474-7.81 28.284 0l128.662 128.662c12.6 12.599 3.676 34.142-14.142 34.142z\"><\/path><\/svg><\/span>\n\t\t\t\t\t\t\t\t\t\t\t\t\t<\/span>\n\t\t\t\t\t\t\t\t\t\t\t\t<a class=\"elementor-toggle-title\" tabindex=\"0\">Onde se hospedar durante a viagem?<\/a>\n\t\t\t\t\t<\/div>\n\n\t\t\t\t\t<div id=\"elementor-tab-content-2359\" class=\"elementor-tab-content elementor-clearfix\" data-tab=\"9\" role=\"region\" aria-labelledby=\"elementor-tab-title-2359\"><p data-start=\"2901\" data-end=\"3067\">As rotas oferecem op\u00e7\u00f5es que v\u00e3o de <strong data-start=\"2937\" data-end=\"2970\">pousadas r\u00fasticas e charmosas<\/strong> a <strong data-start=\"2973\" data-end=\"2992\">resorts de luxo<\/strong>, principalmente em destinos como Jericoacoara, Canoa Quebrada e Cumbuco.<\/p><\/div>\n\t\t\t\t<\/div>\n\t\t\t\t\t\t\t<div class=\"elementor-toggle-item\">\n\t\t\t\t\t<div id=\"elementor-tab-title-23510\" class=\"elementor-tab-title\" data-tab=\"10\" role=\"button\" aria-controls=\"elementor-tab-content-23510\" aria-expanded=\"false\">\n\t\t\t\t\t\t\t\t\t\t\t\t<span class=\"elementor-toggle-icon elementor-toggle-icon-left\" aria-hidden=\"true\">\n\t\t\t\t\t\t\t\t\t\t\t\t\t\t\t<span class=\"elementor-toggle-icon-closed\"><svg class=\"e-font-icon-svg e-fas-caret-right\" viewBox=\"0 0 192 512\" xmlns=\"http:\/\/www.w3.org\/2000\/svg\"><path d=\"M0 384.662V127.338c0-17.818 21.543-26.741 34.142-14.142l128.662 128.662c7.81 7.81 7.81 20.474 0 28.284L34.142 398.804C21.543 411.404 0 402.48 0 384.662z\"><\/path><\/svg><\/span>\n\t\t\t\t\t\t\t\t<span class=\"elementor-toggle-icon-opened\"><svg class=\"elementor-toggle-icon-opened e-font-icon-svg e-fas-caret-up\" viewBox=\"0 0 320 512\" xmlns=\"http:\/\/www.w3.org\/2000\/svg\"><path d=\"M288.662 352H31.338c-17.818 0-26.741-21.543-14.142-34.142l128.662-128.662c7.81-7.81 20.474-7.81 28.284 0l128.662 128.662c12.6 12.599 3.676 34.142-14.142 34.142z\"><\/path><\/svg><\/span>\n\t\t\t\t\t\t\t\t\t\t\t\t\t<\/span>\n\t\t\t\t\t\t\t\t\t\t\t\t<a class=\"elementor-toggle-title\" tabindex=\"0\">Por que escolher a Blumar Turismo para organizar essa viagem?<\/a>\n\t\t\t\t\t<\/div>\n\n\t\t\t\t\t<div id=\"elementor-tab-content-23510\" class=\"elementor-tab-content elementor-clearfix\" data-tab=\"10\" role=\"region\" aria-labelledby=\"elementor-tab-title-23510\"><p data-start=\"3145\" data-end=\"3255\">A <strong data-start=\"3147\" data-end=\"3165\">Blumar Turismo<\/strong> \u00e9 especialista em experi\u00eancias personalizadas no Brasil. Entre seus diferenciais est\u00e3o:<\/p><ul data-start=\"3256\" data-end=\"3420\"><li data-start=\"3256\" data-end=\"3313\"><p data-start=\"3258\" data-end=\"3313\">Roteiros sob medida, adaptados ao perfil do viajante.<\/p><\/li><li data-start=\"3314\" data-end=\"3375\"><p data-start=\"3316\" data-end=\"3375\">Hospedagens de alto padr\u00e3o e parceiros locais confi\u00e1veis.<\/p><\/li><li data-start=\"3376\" data-end=\"3420\"><p data-start=\"3378\" data-end=\"3420\">Expertise em viagens de aventura e luxo.<\/p><\/li><\/ul><\/div>\n\t\t\t\t<\/div>\n\t\t\t\t\t\t\t\t\t\t<script type=\"application\/ld+json\">{\"@context\":\"https:\\\/\\\/schema.org\",\"@type\":\"FAQPage\",\"mainEntity\":[{\"@type\":\"Question\",\"name\":\"O que \\u00e9 a Rota dos Ventos e Rota das Fal\\u00e9sias?\",\"acceptedAnswer\":{\"@type\":\"Answer\",\"text\":\"<p data-start=\\\"328\\\" data-end=\\\"603\\\">A <strong data-start=\\\"330\\\" data-end=\\\"369\\\">Rota dos Ventos e Rota das Fal\\u00e9sias<\\\/strong> \\u00e9 um roteiro tur\\u00edstico off-road no litoral do Cear\\u00e1 que conecta praias paradis\\u00edacas, dunas, lagoas e fal\\u00e9sias coloridas. Ideal para quem busca aventura, cultura e natureza, pode ser explorada em ve\\u00edculos 4&#215;4, quadriciclos ou buggy.<\\\/p>\"}},{\"@type\":\"Question\",\"name\":\"Quais cidades fazem parte da Rota dos Ventos?\",\"acceptedAnswer\":{\"@type\":\"Answer\",\"text\":\"<p data-start=\\\"664\\\" data-end=\\\"795\\\">A <strong data-start=\\\"666\\\" data-end=\\\"685\\\">Rota dos Ventos<\\\/strong> \\u00e9 marcada pelos ventos fortes, perfeitos para kitesurfe e windsurfe. As principais cidades e vilarejos s\\u00e3o:<\\\/p><ul data-start=\\\"796\\\" data-end=\\\"1152\\\"><li data-start=\\\"796\\\" data-end=\\\"837\\\"><p data-start=\\\"798\\\" data-end=\\\"837\\\"><strong data-start=\\\"798\\\" data-end=\\\"809\\\">Cumbuco<\\\/strong> \\u2013 dunas e lagoas famosas.<\\\/p><\\\/li><li data-start=\\\"838\\\" data-end=\\\"878\\\"><p data-start=\\\"840\\\" data-end=\\\"878\\\"><strong data-start=\\\"840\\\" data-end=\\\"852\\\">Paracuru<\\\/strong> \\u2013 destino de surfistas.<\\\/p><\\\/li><li data-start=\\\"879\\\" data-end=\\\"927\\\"><p data-start=\\\"881\\\" data-end=\\\"927\\\"><strong data-start=\\\"881\\\" data-end=\\\"893\\\">Lagoinha<\\\/strong> \\u2013 cart\\u00e3o-postal com coqueirais.<\\\/p><\\\/li><li data-start=\\\"928\\\" data-end=\\\"984\\\"><p data-start=\\\"930\\\" data-end=\\\"984\\\"><strong data-start=\\\"930\\\" data-end=\\\"944\\\">Flecheiras<\\\/strong> \\u2013 piscinas naturais e charme r\\u00fastico.<\\\/p><\\\/li><li data-start=\\\"985\\\" data-end=\\\"1044\\\"><p data-start=\\\"987\\\" data-end=\\\"1044\\\"><strong data-start=\\\"987\\\" data-end=\\\"997\\\">Munda\\u00fa<\\\/strong> \\u2013 paisagens preservadas e passeios de barco.<\\\/p><\\\/li><li data-start=\\\"1045\\\" data-end=\\\"1103\\\"><p data-start=\\\"1047\\\" data-end=\\\"1103\\\"><strong data-start=\\\"1047\\\" data-end=\\\"1070\\\">Jericoacoara (Jeri)<\\\/strong> \\u2013 \\u00edcone do turismo brasileiro.<\\\/p><\\\/li><li data-start=\\\"1104\\\" data-end=\\\"1152\\\"><p data-start=\\\"1106\\\" data-end=\\\"1152\\\"><strong data-start=\\\"1106\\\" data-end=\\\"1114\\\">Pre\\u00e1<\\\/strong> \\u2013 point internacional de kitesurfe.<\\\/p><\\\/li><\\\/ul>\"}},{\"@type\":\"Question\",\"name\":\"Quais cidades fazem parte da Rota das Fal\\u00e9sias?\",\"acceptedAnswer\":{\"@type\":\"Answer\",\"text\":\"<p data-start=\\\"1215\\\" data-end=\\\"1318\\\">A <strong data-start=\\\"1217\\\" data-end=\\\"1238\\\">Rota das Fal\\u00e9sias<\\\/strong> percorre o litoral leste do Cear\\u00e1, com destaque para suas fal\\u00e9sias coloridas:<\\\/p><ul data-start=\\\"1319\\\" data-end=\\\"1630\\\"><li data-start=\\\"1319\\\" data-end=\\\"1355\\\"><p data-start=\\\"1321\\\" data-end=\\\"1355\\\"><strong data-start=\\\"1321\\\" data-end=\\\"1332\\\">Aquiraz<\\\/strong> \\u2013 lar do Beach Park.<\\\/p><\\\/li><li data-start=\\\"1356\\\" data-end=\\\"1431\\\"><p data-start=\\\"1358\\\" data-end=\\\"1431\\\"><strong data-start=\\\"1358\\\" data-end=\\\"1370\\\">Beberibe<\\\/strong> \\u2013 fal\\u00e9sias de Morro Branco e artesanato de areia colorida.<\\\/p><\\\/li><li data-start=\\\"1432\\\" data-end=\\\"1480\\\"><p data-start=\\\"1434\\\" data-end=\\\"1480\\\"><strong data-start=\\\"1434\\\" data-end=\\\"1444\\\">Fortim<\\\/strong> \\u2013 rio Jaguaribe e charme r\\u00fastico.<\\\/p><\\\/li><li data-start=\\\"1481\\\" data-end=\\\"1562\\\"><p data-start=\\\"1483\\\" data-end=\\\"1562\\\"><strong data-start=\\\"1483\\\" data-end=\\\"1511\\\">Canoa Quebrada (Aracati)<\\\/strong> \\u2013 Broadway animada e fal\\u00e9sias com lua e estrela.<\\\/p><\\\/li><li data-start=\\\"1563\\\" data-end=\\\"1630\\\"><p data-start=\\\"1565\\\" data-end=\\\"1630\\\"><strong data-start=\\\"1565\\\" data-end=\\\"1575\\\">Icapu\\u00ed<\\\/strong> \\u2013 praias preservadas e gastronomia de frutos do mar.<\\\/p><\\\/li><\\\/ul>\"}},{\"@type\":\"Question\",\"name\":\"Qual \\u00e9 a melhor \\u00e9poca para viajar?\",\"acceptedAnswer\":{\"@type\":\"Answer\",\"text\":\"<p data-start=\\\"1680\\\" data-end=\\\"1822\\\">A melhor \\u00e9poca para explorar as rotas \\u00e9 entre <strong data-start=\\\"1726\\\" data-end=\\\"1746\\\">julho e dezembro<\\\/strong>, quando o clima est\\u00e1 est\\u00e1vel e os ventos favorecem os esportes aqu\\u00e1ticos.<\\\/p>\"}},{\"@type\":\"Question\",\"name\":\"Que tipo de transporte \\u00e9 recomendado?\",\"acceptedAnswer\":{\"@type\":\"Answer\",\"text\":\"<p data-start=\\\"1875\\\" data-end=\\\"2040\\\">O ideal \\u00e9 utilizar <strong data-start=\\\"1894\\\" data-end=\\\"1910\\\">ve\\u00edculos 4&#215;4<\\\/strong> para percorrer dunas e trechos de areia. Tamb\\u00e9m \\u00e9 poss\\u00edvel contratar <strong data-start=\\\"1980\\\" data-end=\\\"2001\\\">passeios de buggy<\\\/strong> ou <strong data-start=\\\"2005\\\" data-end=\\\"2020\\\">quadriciclo<\\\/strong> com guias locais.<\\\/p>\"}},{\"@type\":\"Question\",\"name\":\"Quais atividades posso fazer durante a viagem?\",\"acceptedAnswer\":{\"@type\":\"Answer\",\"text\":\"<ul><li data-start=\\\"2102\\\" data-end=\\\"2128\\\"><p data-start=\\\"2104\\\" data-end=\\\"2128\\\">Kitesurfe e windsurfe.<\\\/p><\\\/li><li data-start=\\\"2129\\\" data-end=\\\"2163\\\"><p data-start=\\\"2131\\\" data-end=\\\"2163\\\">Passeios de buggy pelas dunas.<\\\/p><\\\/li><li data-start=\\\"2164\\\" data-end=\\\"2191\\\"><p data-start=\\\"2166\\\" data-end=\\\"2191\\\">Trilhas pelas fal\\u00e9sias.<\\\/p><\\\/li><li data-start=\\\"2192\\\" data-end=\\\"2226\\\"><p data-start=\\\"2194\\\" data-end=\\\"2226\\\">Mergulho em piscinas naturais.<\\\/p><\\\/li><li data-start=\\\"2227\\\" data-end=\\\"2263\\\"><p data-start=\\\"2229\\\" data-end=\\\"2263\\\">Degusta\\u00e7\\u00e3o da gastronomia local.<\\\/p><\\\/li><li data-start=\\\"2264\\\" data-end=\\\"2314\\\"><p data-start=\\\"2266\\\" data-end=\\\"2314\\\">Contato com a cultura e o artesanato regional.<\\\/p><\\\/li><\\\/ul>\"}},{\"@type\":\"Question\",\"name\":\"\\u00c9 poss\\u00edvel combinar as duas rotas em um \\u00fanico roteiro?\",\"acceptedAnswer\":{\"@type\":\"Answer\",\"text\":\"<p data-start=\\\"2384\\\" data-end=\\\"2575\\\">Sim. Muitos viajantes escolhem unir as duas rotas para viver uma experi\\u00eancia completa, explorando tanto o <strong data-start=\\\"2490\\\" data-end=\\\"2525\\\">litoral oeste (Rota dos Ventos)<\\\/strong> quanto o <strong data-start=\\\"2535\\\" data-end=\\\"2572\\\">litoral leste (Rota das Fal\\u00e9sias)<\\\/strong>.<\\\/p>\"}},{\"@type\":\"Question\",\"name\":\"Preciso de guia ou ag\\u00eancia para essa viagem?\",\"acceptedAnswer\":{\"@type\":\"Answer\",\"text\":\"<p data-start=\\\"2635\\\" data-end=\\\"2851\\\">Embora seja poss\\u00edvel viajar por conta pr\\u00f3pria, recomenda-se contar com <strong data-start=\\\"2706\\\" data-end=\\\"2733\\\">ag\\u00eancias especializadas<\\\/strong>, que garantem seguran\\u00e7a, transporte adequado e guias locais que conhecem os melhores caminhos e segredos da regi\\u00e3o.<\\\/p>\"}},{\"@type\":\"Question\",\"name\":\"Onde se hospedar durante a viagem?\",\"acceptedAnswer\":{\"@type\":\"Answer\",\"text\":\"<p data-start=\\\"2901\\\" data-end=\\\"3067\\\">As rotas oferecem op\\u00e7\\u00f5es que v\\u00e3o de <strong data-start=\\\"2937\\\" data-end=\\\"2970\\\">pousadas r\\u00fasticas e charmosas<\\\/strong> a <strong data-start=\\\"2973\\\" data-end=\\\"2992\\\">resorts de luxo<\\\/strong>, principalmente em destinos como Jericoacoara, Canoa Quebrada e Cumbuco.<\\\/p>\"}},{\"@type\":\"Question\",\"name\":\"Por que escolher a Blumar Turismo para organizar essa viagem?\",\"acceptedAnswer\":{\"@type\":\"Answer\",\"text\":\"<p data-start=\\\"3145\\\" data-end=\\\"3255\\\">A <strong data-start=\\\"3147\\\" data-end=\\\"3165\\\">Blumar Turismo<\\\/strong> \\u00e9 especialista em experi\\u00eancias personalizadas no Brasil. Entre seus diferenciais est\\u00e3o:<\\\/p><ul data-start=\\\"3256\\\" data-end=\\\"3420\\\"><li data-start=\\\"3256\\\" data-end=\\\"3313\\\"><p data-start=\\\"3258\\\" data-end=\\\"3313\\\">Roteiros sob medida, adaptados ao perfil do viajante.<\\\/p><\\\/li><li data-start=\\\"3314\\\" data-end=\\\"3375\\\"><p data-start=\\\"3316\\\" data-end=\\\"3375\\\">Hospedagens de alto padr\\u00e3o e parceiros locais confi\\u00e1veis.<\\\/p><\\\/li><li data-start=\\\"3376\\\" data-end=\\\"3420\\\"><p data-start=\\\"3378\\\" data-end=\\\"3420\\\">Expertise em viagens de aventura e luxo.<\\\/p><\\\/li><\\\/ul>\"}}]}<\/script>\n\t\t\t\t\t<\/div>\n\t\t\t\t<\/div>\n\t\t\t\t<\/div>\n\t\t\t\t\t<\/div>\n\t\t\t\t<\/div>\n\t\t\t\t\t\t\t<\/div>\n\t\t","protected":false},"excerpt":{"rendered":"<p>Viajar pelo Cear\u00e1 \u00e9 sempre uma experi\u00eancia transformadora. Mas, para quem busca um roteiro diferente, cheio de emo\u00e7\u00e3o e cen\u00e1rios de tirar o f\u00f4lego, a Rota dos Ventos e Rota das Fal\u00e9sias \u00e9 a escolha perfeita. Essa viagem off-road conecta praias paradis\u00edacas, dunas douradas e fal\u00e9sias coloridas, revelando um litoral&#46;&#46;&#46;<\/p>\n","protected":false},"author":10,"featured_media":66328,"comment_status":"closed","ping_status":"closed","sticky":false,"template":"","format":"standard","meta":{"footnotes":""},"categories":[690,694],"tags":[],"class_list":["post-17913","post","type-post","status-publish","format-standard","has-post-thumbnail","hentry","category-destinos-nacionais","category-dicas-de-viagem"],"yoast_head":"<!-- This site is optimized with the Yoast SEO Premium plugin v19.4 (Yoast SEO v24.1) - https:\/\/yoast.com\/wordpress\/plugins\/seo\/ -->\n<title>Rota dos Ventos e Rota das Fal\u00e9sias \u2013 Uma viagem off-road no litoral cearense - Blumar Turismo<\/title>\n<meta name=\"description\" content=\"A Blumar Turismo preparou para voc\u00ea um roteiro que mistura a Rota dos Ventos e Rota das Fal\u00e9sias. Venha conhecer e aproveitar !\" \/>\n<meta name=\"robots\" content=\"index, follow, max-snippet:-1, max-image-preview:large, max-video-preview:-1\" \/>\n<link rel=\"canonical\" href=\"https:\/\/www.blumarturismo.com.br\/blog\/rota-dos-ventos-e-rota-das-falesias-uma-viagem-off-road-no-litoral-cearense\/\" \/>\n<meta property=\"og:locale\" content=\"pt_BR\" \/>\n<meta property=\"og:type\" content=\"article\" \/>\n<meta property=\"og:title\" content=\"Rota dos Ventos e Rota das Fal\u00e9sias \u2013 Uma viagem off-road no litoral cearense\" \/>\n<meta property=\"og:description\" content=\"A Blumar Turismo preparou para voc\u00ea um roteiro que mistura a Rota dos Ventos e Rota das Fal\u00e9sias. Venha conhecer e aproveitar !\" \/>\n<meta property=\"og:url\" content=\"https:\/\/www.blumarturismo.com.br\/blog\/rota-dos-ventos-e-rota-das-falesias-uma-viagem-off-road-no-litoral-cearense\/\" \/>\n<meta property=\"og:site_name\" content=\"Blog Blumar Turismo: O Seu Portal para Viagens Extraordin\u00e1rias\" \/>\n<meta property=\"article:publisher\" content=\"https:\/\/www.facebook.com\/blumarviagenseturismo\" \/>\n<meta property=\"article:author\" content=\"https:\/\/www.facebook.com\/blumarviagenseturismo\" \/>\n<meta property=\"article:published_time\" content=\"2025-09-04T18:58:35+00:00\" \/>\n<meta property=\"article:modified_time\" content=\"2025-09-04T19:53:06+00:00\" \/>\n<meta property=\"og:image\" content=\"https:\/\/www.blumarturismo.com.br\/blog\/wp-content\/uploads\/2023\/11\/Foto-rocharibeiro-Shutterstock.com-2.jpg\" \/>\n\t<meta property=\"og:image:width\" content=\"1000\" \/>\n\t<meta property=\"og:image:height\" content=\"669\" \/>\n\t<meta property=\"og:image:type\" content=\"image\/jpeg\" \/>\n<meta name=\"author\" content=\"Blumar Turismo\" \/>\n<meta name=\"twitter:card\" content=\"summary_large_image\" \/>\n<meta name=\"twitter:label1\" content=\"Escrito por\" \/>\n\t<meta name=\"twitter:data1\" content=\"Blumar Turismo\" \/>\n\t<meta name=\"twitter:label2\" content=\"Est. tempo de leitura\" \/>\n\t<meta name=\"twitter:data2\" content=\"71 minutos\" \/>\n<script type=\"application\/ld+json\" class=\"yoast-schema-graph\">{\"@context\":\"https:\/\/schema.org\",\"@graph\":[{\"@type\":\"Article\",\"@id\":\"https:\/\/www.blumarturismo.com.br\/blog\/rota-dos-ventos-e-rota-das-falesias-uma-viagem-off-road-no-litoral-cearense\/#article\",\"isPartOf\":{\"@id\":\"https:\/\/www.blumarturismo.com.br\/blog\/rota-dos-ventos-e-rota-das-falesias-uma-viagem-off-road-no-litoral-cearense\/\"},\"author\":{\"name\":\"Blumar Turismo\",\"@id\":\"https:\/\/www.blumarturismo.com.br\/blog\/#\/schema\/person\/8c5b522f6a79142bafca484c4604fba7\"},\"headline\":\"Rota dos Ventos e Rota das Fal\u00e9sias \u2013 Uma viagem off-road no litoral cearense\",\"datePublished\":\"2025-09-04T18:58:35+00:00\",\"dateModified\":\"2025-09-04T19:53:06+00:00\",\"mainEntityOfPage\":{\"@id\":\"https:\/\/www.blumarturismo.com.br\/blog\/rota-dos-ventos-e-rota-das-falesias-uma-viagem-off-road-no-litoral-cearense\/\"},\"wordCount\":1321,\"publisher\":{\"@id\":\"https:\/\/www.blumarturismo.com.br\/blog\/#organization\"},\"image\":{\"@id\":\"https:\/\/www.blumarturismo.com.br\/blog\/rota-dos-ventos-e-rota-das-falesias-uma-viagem-off-road-no-litoral-cearense\/#primaryimage\"},\"thumbnailUrl\":\"https:\/\/www.blumarturismo.com.br\/blog\/wp-content\/uploads\/2023\/11\/Foto-rocharibeiro-Shutterstock.com-2.jpg\",\"articleSection\":[\"Destinos Nacionais\",\"Dicas de Viagem\"],\"inLanguage\":\"pt-BR\"},{\"@type\":\"WebPage\",\"@id\":\"https:\/\/www.blumarturismo.com.br\/blog\/rota-dos-ventos-e-rota-das-falesias-uma-viagem-off-road-no-litoral-cearense\/\",\"url\":\"https:\/\/www.blumarturismo.com.br\/blog\/rota-dos-ventos-e-rota-das-falesias-uma-viagem-off-road-no-litoral-cearense\/\",\"name\":\"Rota dos Ventos e Rota das Fal\u00e9sias \u2013 Uma viagem off-road no litoral cearense - Blumar Turismo\",\"isPartOf\":{\"@id\":\"https:\/\/www.blumarturismo.com.br\/blog\/#website\"},\"primaryImageOfPage\":{\"@id\":\"https:\/\/www.blumarturismo.com.br\/blog\/rota-dos-ventos-e-rota-das-falesias-uma-viagem-off-road-no-litoral-cearense\/#primaryimage\"},\"image\":{\"@id\":\"https:\/\/www.blumarturismo.com.br\/blog\/rota-dos-ventos-e-rota-das-falesias-uma-viagem-off-road-no-litoral-cearense\/#primaryimage\"},\"thumbnailUrl\":\"https:\/\/www.blumarturismo.com.br\/blog\/wp-content\/uploads\/2023\/11\/Foto-rocharibeiro-Shutterstock.com-2.jpg\",\"datePublished\":\"2025-09-04T18:58:35+00:00\",\"dateModified\":\"2025-09-04T19:53:06+00:00\",\"description\":\"A Blumar Turismo preparou para voc\u00ea um roteiro que mistura a Rota dos Ventos e Rota das Fal\u00e9sias. Venha conhecer e aproveitar !\",\"breadcrumb\":{\"@id\":\"https:\/\/www.blumarturismo.com.br\/blog\/rota-dos-ventos-e-rota-das-falesias-uma-viagem-off-road-no-litoral-cearense\/#breadcrumb\"},\"inLanguage\":\"pt-BR\",\"potentialAction\":[{\"@type\":\"ReadAction\",\"target\":[\"https:\/\/www.blumarturismo.com.br\/blog\/rota-dos-ventos-e-rota-das-falesias-uma-viagem-off-road-no-litoral-cearense\/\"]}]},{\"@type\":\"ImageObject\",\"inLanguage\":\"pt-BR\",\"@id\":\"https:\/\/www.blumarturismo.com.br\/blog\/rota-dos-ventos-e-rota-das-falesias-uma-viagem-off-road-no-litoral-cearense\/#primaryimage\",\"url\":\"https:\/\/www.blumarturismo.com.br\/blog\/wp-content\/uploads\/2023\/11\/Foto-rocharibeiro-Shutterstock.com-2.jpg\",\"contentUrl\":\"https:\/\/www.blumarturismo.com.br\/blog\/wp-content\/uploads\/2023\/11\/Foto-rocharibeiro-Shutterstock.com-2.jpg\",\"width\":1000,\"height\":669,\"caption\":\"Foto: rocharibeiro \/ Shutterstock.com\"},{\"@type\":\"BreadcrumbList\",\"@id\":\"https:\/\/www.blumarturismo.com.br\/blog\/rota-dos-ventos-e-rota-das-falesias-uma-viagem-off-road-no-litoral-cearense\/#breadcrumb\",\"itemListElement\":[{\"@type\":\"ListItem\",\"position\":1,\"name\":\"In\u00edcio\",\"item\":\"https:\/\/www.blumarturismo.com.br\/blog\/\"},{\"@type\":\"ListItem\",\"position\":2,\"name\":\"Rota dos Ventos e Rota das Fal\u00e9sias \u2013 Uma viagem off-road no litoral cearense\"}]},{\"@type\":\"WebSite\",\"@id\":\"https:\/\/www.blumarturismo.com.br\/blog\/#website\",\"url\":\"https:\/\/www.blumarturismo.com.br\/blog\/\",\"name\":\"Blog Blumar Turismo: O Seu Portal para Viagens Extraordin\u00e1rias\",\"description\":\"Viajar \u00e9 nossa paix\u00e3o e expertise, e agora compartilhamos isso com voc\u00ea atrav\u00e9s do nosso blog. Com mais de 30 anos de hist\u00f3ria, a Blumar Turismo \u00e9 seu parceiro confi\u00e1vel para aventuras memor\u00e1veis. Explore conosco\",\"publisher\":{\"@id\":\"https:\/\/www.blumarturismo.com.br\/blog\/#organization\"},\"potentialAction\":[{\"@type\":\"SearchAction\",\"target\":{\"@type\":\"EntryPoint\",\"urlTemplate\":\"https:\/\/www.blumarturismo.com.br\/blog\/?s={search_term_string}\"},\"query-input\":{\"@type\":\"PropertyValueSpecification\",\"valueRequired\":true,\"valueName\":\"search_term_string\"}}],\"inLanguage\":\"pt-BR\"},{\"@type\":\"Organization\",\"@id\":\"https:\/\/www.blumarturismo.com.br\/blog\/#organization\",\"name\":\"Blumar Turismo\",\"url\":\"https:\/\/www.blumarturismo.com.br\/blog\/\",\"logo\":{\"@type\":\"ImageObject\",\"inLanguage\":\"pt-BR\",\"@id\":\"https:\/\/www.blumarturismo.com.br\/blog\/#\/schema\/logo\/image\/\",\"url\":\"https:\/\/www.blumarturismo.com.br\/blog\/wp-content\/uploads\/2020\/11\/cropped-logo_blumar_nacional2-2.jpg\",\"contentUrl\":\"https:\/\/www.blumarturismo.com.br\/blog\/wp-content\/uploads\/2020\/11\/cropped-logo_blumar_nacional2-2.jpg\",\"width\":167,\"height\":50,\"caption\":\"Blumar Turismo\"},\"image\":{\"@id\":\"https:\/\/www.blumarturismo.com.br\/blog\/#\/schema\/logo\/image\/\"},\"sameAs\":[\"https:\/\/www.facebook.com\/blumarviagenseturismo\",\"https:\/\/www.instagram.com\/blumarturismo\/\"]},{\"@type\":\"Person\",\"@id\":\"https:\/\/www.blumarturismo.com.br\/blog\/#\/schema\/person\/8c5b522f6a79142bafca484c4604fba7\",\"name\":\"Blumar Turismo\",\"image\":{\"@type\":\"ImageObject\",\"inLanguage\":\"pt-BR\",\"@id\":\"https:\/\/www.blumarturismo.com.br\/blog\/#\/schema\/person\/image\/\",\"url\":\"https:\/\/secure.gravatar.com\/avatar\/18a47e99a2b3ce558e7834aabf1bb475e0ae3a970dea40e74a2d2b71531fbe3b?s=96&d=mm&r=g\",\"contentUrl\":\"https:\/\/secure.gravatar.com\/avatar\/18a47e99a2b3ce558e7834aabf1bb475e0ae3a970dea40e74a2d2b71531fbe3b?s=96&d=mm&r=g\",\"caption\":\"Blumar Turismo\"},\"description\":\"Com uma trajet\u00f3ria consolidada de mais de 30 anos no setor de turismo, a Blumar Turismo se estabeleceu como l\u00edder gra\u00e7as ao seu compromisso cont\u00ednuo com a qualidade e satisfa\u00e7\u00e3o do cliente. Nossa experi\u00eancia traduz-se em viagens que v\u00e3o al\u00e9m da expectativa. Nosso Legado: 1. Expertise e Excel\u00eancia: Com tr\u00eas d\u00e9cadas de dedica\u00e7\u00e3o, aprofundamos nossa expertise para oferecer servi\u00e7os de viagem personalizados e de alto padr\u00e3o. Cada viagem, seja econ\u00f4mica ou de luxo, \u00e9 meticulosamente projetada para garantir experi\u00eancias not\u00e1veis. 2. Vanguarda em Inova\u00e7\u00e3o e Tecnologia: Nossa miss\u00e3o \u00e9 sempre liderar, incorporando as solu\u00e7\u00f5es mais avan\u00e7adas em produtos e tecnologias. A inova\u00e7\u00e3o \u00e9 intr\u00ednseca \u00e0 Blumar, permitindo-nos aprimorar constantemente a experi\u00eancia de viagem de nossos clientes. 3. Nossa Equipe, Nosso Diferencial: O verdadeiro motor da Blumar Turismo \u00e9 nossa equipe de profissionais. Com paix\u00e3o e dedica\u00e7\u00e3o, eles garantem que cada itiner\u00e1rio se transforme em uma experi\u00eancia \u00fanica e memor\u00e1vel. Seu comprometimento \u00e9 o que nos faz ganhar a confian\u00e7a de nossos clientes repetidamente. Na Blumar, n\u00e3o se trata apenas de vender pacotes de viagem, mas de projetar experi\u00eancias. Nossos roteiros prometem criar mem\u00f3rias duradouras, proporcionando viagens ricas em descobertas e emo\u00e7\u00f5es. Cremos que viajar \u00e9 uma forma de enriquecimento pessoal, explorando novas perspectivas e redefinindo-se a cada novo destino. Explore o mundo com a Blumar Turismo e torne sua jornada verdadeiramente extraordin\u00e1ria.\",\"sameAs\":[\"https:\/\/www.facebook.com\/blumarviagenseturismo\",\"https:\/\/www.instagram.com\/blumarturismo\/\",\"https:\/\/www.linkedin.com\/company\/blumar-turismo\/\",\"https:\/\/www.youtube.com\/@BlumarTurismo\"],\"award\":[\"2002 | 7th World Petroleum Congress & Rio Oil & Gas Expo\",\"2003 | 27\u00ba International Congress on Occupational Health - ICOH\",\"2004 | IOF World Congress on Osteoporosis 2004\",\"2005 | XXV Brazilian Congress on Rheumatology\",\"2006 | 3rd World Congress on AIDS\",\"2007 | 66th FIP Congress of Pharmacy and Pharmaceutical Sciences\",\"2008 | 62\u00ba Congresso Brasileiro de Cardiologia\",\"2009 | 3rd World Congress of Pediatric Gastroenterology Hepatology and Nutrition\",\"2010 | Pr\u00eamio Caio da D\u00e9cada - Jacar\u00e9 de Diamante - pelo 3rd World Congress on AIDS\",\"2011 | XIV Congresso SOBRICE\",\"2012 | XVIII Congresso da Sociedade Brasileira de Diabetes\",\"2013 | 67\u00ba Congresso da Sociedade Brasileira de Dermatologia\",\"2016 | Congresso Mundial da Propriedade Intelectual da AIPPI\"],\"knowsAbout\":[\"Turismo de Luxo\",\"Consultoria Personalizada\",\"Opera\u00e7\u00e3o de Programas Tur\u00edsticos Customizados\",\"Tours Variados\",\"Sele\u00e7\u00e3o de Hot\u00e9is e Experi\u00eancias Inesquec\u00edveis\"],\"knowsLanguage\":[\"Ingles\",\"Portugu\u00eas\",\"Espanhol\"],\"jobTitle\":\"Operadora de Turismo e Ag\u00eancia de Viagens\",\"worksFor\":\"Blumar Turismo\",\"url\":\"https:\/\/www.blumarturismo.com.br\/blog\/author\/guilherme\/\"}]}<\/script>\n<!-- \/ Yoast SEO Premium plugin. -->","yoast_head_json":{"title":"Rota dos Ventos e Rota das Fal\u00e9sias \u2013 Uma viagem off-road no litoral cearense - Blumar Turismo","description":"A Blumar Turismo preparou para voc\u00ea um roteiro que mistura a Rota dos Ventos e Rota das Fal\u00e9sias. Venha conhecer e aproveitar !","robots":{"index":"index","follow":"follow","max-snippet":"max-snippet:-1","max-image-preview":"max-image-preview:large","max-video-preview":"max-video-preview:-1"},"canonical":"https:\/\/www.blumarturismo.com.br\/blog\/rota-dos-ventos-e-rota-das-falesias-uma-viagem-off-road-no-litoral-cearense\/","og_locale":"pt_BR","og_type":"article","og_title":"Rota dos Ventos e Rota das Fal\u00e9sias \u2013 Uma viagem off-road no litoral cearense","og_description":"A Blumar Turismo preparou para voc\u00ea um roteiro que mistura a Rota dos Ventos e Rota das Fal\u00e9sias. Venha conhecer e aproveitar !","og_url":"https:\/\/www.blumarturismo.com.br\/blog\/rota-dos-ventos-e-rota-das-falesias-uma-viagem-off-road-no-litoral-cearense\/","og_site_name":"Blog Blumar Turismo: O Seu Portal para Viagens Extraordin\u00e1rias","article_publisher":"https:\/\/www.facebook.com\/blumarviagenseturismo","article_author":"https:\/\/www.facebook.com\/blumarviagenseturismo","article_published_time":"2025-09-04T18:58:35+00:00","article_modified_time":"2025-09-04T19:53:06+00:00","og_image":[{"width":1000,"height":669,"url":"https:\/\/www.blumarturismo.com.br\/blog\/wp-content\/uploads\/2023\/11\/Foto-rocharibeiro-Shutterstock.com-2.jpg","type":"image\/jpeg"}],"author":"Blumar Turismo","twitter_card":"summary_large_image","twitter_misc":{"Escrito por":"Blumar Turismo","Est. tempo de leitura":"71 minutos"},"schema":{"@context":"https:\/\/schema.org","@graph":[{"@type":"Article","@id":"https:\/\/www.blumarturismo.com.br\/blog\/rota-dos-ventos-e-rota-das-falesias-uma-viagem-off-road-no-litoral-cearense\/#article","isPartOf":{"@id":"https:\/\/www.blumarturismo.com.br\/blog\/rota-dos-ventos-e-rota-das-falesias-uma-viagem-off-road-no-litoral-cearense\/"},"author":{"name":"Blumar Turismo","@id":"https:\/\/www.blumarturismo.com.br\/blog\/#\/schema\/person\/8c5b522f6a79142bafca484c4604fba7"},"headline":"Rota dos Ventos e Rota das Fal\u00e9sias \u2013 Uma viagem off-road no litoral cearense","datePublished":"2025-09-04T18:58:35+00:00","dateModified":"2025-09-04T19:53:06+00:00","mainEntityOfPage":{"@id":"https:\/\/www.blumarturismo.com.br\/blog\/rota-dos-ventos-e-rota-das-falesias-uma-viagem-off-road-no-litoral-cearense\/"},"wordCount":1321,"publisher":{"@id":"https:\/\/www.blumarturismo.com.br\/blog\/#organization"},"image":{"@id":"https:\/\/www.blumarturismo.com.br\/blog\/rota-dos-ventos-e-rota-das-falesias-uma-viagem-off-road-no-litoral-cearense\/#primaryimage"},"thumbnailUrl":"https:\/\/www.blumarturismo.com.br\/blog\/wp-content\/uploads\/2023\/11\/Foto-rocharibeiro-Shutterstock.com-2.jpg","articleSection":["Destinos Nacionais","Dicas de Viagem"],"inLanguage":"pt-BR"},{"@type":"WebPage","@id":"https:\/\/www.blumarturismo.com.br\/blog\/rota-dos-ventos-e-rota-das-falesias-uma-viagem-off-road-no-litoral-cearense\/","url":"https:\/\/www.blumarturismo.com.br\/blog\/rota-dos-ventos-e-rota-das-falesias-uma-viagem-off-road-no-litoral-cearense\/","name":"Rota dos Ventos e Rota das Fal\u00e9sias \u2013 Uma viagem off-road no litoral cearense - Blumar Turismo","isPartOf":{"@id":"https:\/\/www.blumarturismo.com.br\/blog\/#website"},"primaryImageOfPage":{"@id":"https:\/\/www.blumarturismo.com.br\/blog\/rota-dos-ventos-e-rota-das-falesias-uma-viagem-off-road-no-litoral-cearense\/#primaryimage"},"image":{"@id":"https:\/\/www.blumarturismo.com.br\/blog\/rota-dos-ventos-e-rota-das-falesias-uma-viagem-off-road-no-litoral-cearense\/#primaryimage"},"thumbnailUrl":"https:\/\/www.blumarturismo.com.br\/blog\/wp-content\/uploads\/2023\/11\/Foto-rocharibeiro-Shutterstock.com-2.jpg","datePublished":"2025-09-04T18:58:35+00:00","dateModified":"2025-09-04T19:53:06+00:00","description":"A Blumar Turismo preparou para voc\u00ea um roteiro que mistura a Rota dos Ventos e Rota das Fal\u00e9sias. Venha conhecer e aproveitar !","breadcrumb":{"@id":"https:\/\/www.blumarturismo.com.br\/blog\/rota-dos-ventos-e-rota-das-falesias-uma-viagem-off-road-no-litoral-cearense\/#breadcrumb"},"inLanguage":"pt-BR","potentialAction":[{"@type":"ReadAction","target":["https:\/\/www.blumarturismo.com.br\/blog\/rota-dos-ventos-e-rota-das-falesias-uma-viagem-off-road-no-litoral-cearense\/"]}]},{"@type":"ImageObject","inLanguage":"pt-BR","@id":"https:\/\/www.blumarturismo.com.br\/blog\/rota-dos-ventos-e-rota-das-falesias-uma-viagem-off-road-no-litoral-cearense\/#primaryimage","url":"https:\/\/www.blumarturismo.com.br\/blog\/wp-content\/uploads\/2023\/11\/Foto-rocharibeiro-Shutterstock.com-2.jpg","contentUrl":"https:\/\/www.blumarturismo.com.br\/blog\/wp-content\/uploads\/2023\/11\/Foto-rocharibeiro-Shutterstock.com-2.jpg","width":1000,"height":669,"caption":"Foto: rocharibeiro \/ Shutterstock.com"},{"@type":"BreadcrumbList","@id":"https:\/\/www.blumarturismo.com.br\/blog\/rota-dos-ventos-e-rota-das-falesias-uma-viagem-off-road-no-litoral-cearense\/#breadcrumb","itemListElement":[{"@type":"ListItem","position":1,"name":"In\u00edcio","item":"https:\/\/www.blumarturismo.com.br\/blog\/"},{"@type":"ListItem","position":2,"name":"Rota dos Ventos e Rota das Fal\u00e9sias \u2013 Uma viagem off-road no litoral cearense"}]},{"@type":"WebSite","@id":"https:\/\/www.blumarturismo.com.br\/blog\/#website","url":"https:\/\/www.blumarturismo.com.br\/blog\/","name":"Blog Blumar Turismo: O Seu Portal para Viagens Extraordin\u00e1rias","description":"Viajar \u00e9 nossa paix\u00e3o e expertise, e agora compartilhamos isso com voc\u00ea atrav\u00e9s do nosso blog. Com mais de 30 anos de hist\u00f3ria, a Blumar Turismo \u00e9 seu parceiro confi\u00e1vel para aventuras memor\u00e1veis. Explore conosco","publisher":{"@id":"https:\/\/www.blumarturismo.com.br\/blog\/#organization"},"potentialAction":[{"@type":"SearchAction","target":{"@type":"EntryPoint","urlTemplate":"https:\/\/www.blumarturismo.com.br\/blog\/?s={search_term_string}"},"query-input":{"@type":"PropertyValueSpecification","valueRequired":true,"valueName":"search_term_string"}}],"inLanguage":"pt-BR"},{"@type":"Organization","@id":"https:\/\/www.blumarturismo.com.br\/blog\/#organization","name":"Blumar Turismo","url":"https:\/\/www.blumarturismo.com.br\/blog\/","logo":{"@type":"ImageObject","inLanguage":"pt-BR","@id":"https:\/\/www.blumarturismo.com.br\/blog\/#\/schema\/logo\/image\/","url":"https:\/\/www.blumarturismo.com.br\/blog\/wp-content\/uploads\/2020\/11\/cropped-logo_blumar_nacional2-2.jpg","contentUrl":"https:\/\/www.blumarturismo.com.br\/blog\/wp-content\/uploads\/2020\/11\/cropped-logo_blumar_nacional2-2.jpg","width":167,"height":50,"caption":"Blumar Turismo"},"image":{"@id":"https:\/\/www.blumarturismo.com.br\/blog\/#\/schema\/logo\/image\/"},"sameAs":["https:\/\/www.facebook.com\/blumarviagenseturismo","https:\/\/www.instagram.com\/blumarturismo\/"]},{"@type":"Person","@id":"https:\/\/www.blumarturismo.com.br\/blog\/#\/schema\/person\/8c5b522f6a79142bafca484c4604fba7","name":"Blumar Turismo","image":{"@type":"ImageObject","inLanguage":"pt-BR","@id":"https:\/\/www.blumarturismo.com.br\/blog\/#\/schema\/person\/image\/","url":"https:\/\/secure.gravatar.com\/avatar\/18a47e99a2b3ce558e7834aabf1bb475e0ae3a970dea40e74a2d2b71531fbe3b?s=96&d=mm&r=g","contentUrl":"https:\/\/secure.gravatar.com\/avatar\/18a47e99a2b3ce558e7834aabf1bb475e0ae3a970dea40e74a2d2b71531fbe3b?s=96&d=mm&r=g","caption":"Blumar Turismo"},"description":"Com uma trajet\u00f3ria consolidada de mais de 30 anos no setor de turismo, a Blumar Turismo se estabeleceu como l\u00edder gra\u00e7as ao seu compromisso cont\u00ednuo com a qualidade e satisfa\u00e7\u00e3o do cliente. Nossa experi\u00eancia traduz-se em viagens que v\u00e3o al\u00e9m da expectativa. Nosso Legado: 1. Expertise e Excel\u00eancia: Com tr\u00eas d\u00e9cadas de dedica\u00e7\u00e3o, aprofundamos nossa expertise para oferecer servi\u00e7os de viagem personalizados e de alto padr\u00e3o. Cada viagem, seja econ\u00f4mica ou de luxo, \u00e9 meticulosamente projetada para garantir experi\u00eancias not\u00e1veis. 2. Vanguarda em Inova\u00e7\u00e3o e Tecnologia: Nossa miss\u00e3o \u00e9 sempre liderar, incorporando as solu\u00e7\u00f5es mais avan\u00e7adas em produtos e tecnologias. A inova\u00e7\u00e3o \u00e9 intr\u00ednseca \u00e0 Blumar, permitindo-nos aprimorar constantemente a experi\u00eancia de viagem de nossos clientes. 3. Nossa Equipe, Nosso Diferencial: O verdadeiro motor da Blumar Turismo \u00e9 nossa equipe de profissionais. Com paix\u00e3o e dedica\u00e7\u00e3o, eles garantem que cada itiner\u00e1rio se transforme em uma experi\u00eancia \u00fanica e memor\u00e1vel. Seu comprometimento \u00e9 o que nos faz ganhar a confian\u00e7a de nossos clientes repetidamente. Na Blumar, n\u00e3o se trata apenas de vender pacotes de viagem, mas de projetar experi\u00eancias. Nossos roteiros prometem criar mem\u00f3rias duradouras, proporcionando viagens ricas em descobertas e emo\u00e7\u00f5es. Cremos que viajar \u00e9 uma forma de enriquecimento pessoal, explorando novas perspectivas e redefinindo-se a cada novo destino. Explore o mundo com a Blumar Turismo e torne sua jornada verdadeiramente extraordin\u00e1ria.","sameAs":["https:\/\/www.facebook.com\/blumarviagenseturismo","https:\/\/www.instagram.com\/blumarturismo\/","https:\/\/www.linkedin.com\/company\/blumar-turismo\/","https:\/\/www.youtube.com\/@BlumarTurismo"],"award":["2002 | 7th World Petroleum Congress & Rio Oil & Gas Expo","2003 | 27\u00ba International Congress on Occupational Health - ICOH","2004 | IOF World Congress on Osteoporosis 2004","2005 | XXV Brazilian Congress on Rheumatology","2006 | 3rd World Congress on AIDS","2007 | 66th FIP Congress of Pharmacy and Pharmaceutical Sciences","2008 | 62\u00ba Congresso Brasileiro de Cardiologia","2009 | 3rd World Congress of Pediatric Gastroenterology Hepatology and Nutrition","2010 | Pr\u00eamio Caio da D\u00e9cada - Jacar\u00e9 de Diamante - pelo 3rd World Congress on AIDS","2011 | XIV Congresso SOBRICE","2012 | XVIII Congresso da Sociedade Brasileira de Diabetes","2013 | 67\u00ba Congresso da Sociedade Brasileira de Dermatologia","2016 | Congresso Mundial da Propriedade Intelectual da AIPPI"],"knowsAbout":["Turismo de Luxo","Consultoria Personalizada","Opera\u00e7\u00e3o de Programas Tur\u00edsticos Customizados","Tours Variados","Sele\u00e7\u00e3o de Hot\u00e9is e Experi\u00eancias Inesquec\u00edveis"],"knowsLanguage":["Ingles","Portugu\u00eas","Espanhol"],"jobTitle":"Operadora de Turismo e Ag\u00eancia de Viagens","worksFor":"Blumar Turismo","url":"https:\/\/www.blumarturismo.com.br\/blog\/author\/guilherme\/"}]}},"_links":{"self":[{"href":"https:\/\/www.blumarturismo.com.br\/blog\/wp-json\/wp\/v2\/posts\/17913","targetHints":{"allow":["GET"]}}],"collection":[{"href":"https:\/\/www.blumarturismo.com.br\/blog\/wp-json\/wp\/v2\/posts"}],"about":[{"href":"https:\/\/www.blumarturismo.com.br\/blog\/wp-json\/wp\/v2\/types\/post"}],"author":[{"embeddable":true,"href":"https:\/\/www.blumarturismo.com.br\/blog\/wp-json\/wp\/v2\/users\/10"}],"replies":[{"embeddable":true,"href":"https:\/\/www.blumarturismo.com.br\/blog\/wp-json\/wp\/v2\/comments?post=17913"}],"version-history":[{"count":56,"href":"https:\/\/www.blumarturismo.com.br\/blog\/wp-json\/wp\/v2\/posts\/17913\/revisions"}],"predecessor-version":[{"id":71579,"href":"https:\/\/www.blumarturismo.com.br\/blog\/wp-json\/wp\/v2\/posts\/17913\/revisions\/71579"}],"wp:featuredmedia":[{"embeddable":true,"href":"https:\/\/www.blumarturismo.com.br\/blog\/wp-json\/wp\/v2\/media\/66328"}],"wp:attachment":[{"href":"https:\/\/www.blumarturismo.com.br\/blog\/wp-json\/wp\/v2\/media?parent=17913"}],"wp:term":[{"taxonomy":"category","embeddable":true,"href":"https:\/\/www.blumarturismo.com.br\/blog\/wp-json\/wp\/v2\/categories?post=17913"},{"taxonomy":"post_tag","embeddable":true,"href":"https:\/\/www.blumarturismo.com.br\/blog\/wp-json\/wp\/v2\/tags?post=17913"}],"curies":[{"name":"wp","href":"https:\/\/api.w.org\/{rel}","templated":true}]}}