{"id":19940,"date":"2022-11-23T11:02:02","date_gmt":"2022-11-23T14:02:02","guid":{"rendered":"https:\/\/www.blumarturismo.com.br\/blog\/?p=19940"},"modified":"2025-01-22T15:25:27","modified_gmt":"2025-01-22T18:25:27","slug":"conheca-o-natal-luz-de-ouro-preto","status":"publish","type":"post","link":"https:\/\/www.blumarturismo.com.br\/blog\/conheca-o-natal-luz-de-ouro-preto\/","title":{"rendered":"Conhe\u00e7a o Natal Luz de Ouro Preto"},"content":{"rendered":"\t\t<div data-elementor-type=\"wp-post\" data-elementor-id=\"19940\" class=\"elementor elementor-19940\" data-elementor-post-type=\"post\">\n\t\t\t\t\t\t\t<div class=\"elementor-element elementor-element-cbdb915 e-flex e-con-boxed e-con e-parent\" data-id=\"cbdb915\" data-element_type=\"container\" data-settings=\"{&quot;content_width&quot;:&quot;boxed&quot;}\" data-core-v316-plus=\"true\">\n\t\t\t\t\t<div class=\"e-con-inner\">\n\t\t\t\t<div class=\"elementor-element elementor-element-10f610c elementor-widget elementor-widget-text-editor\" data-id=\"10f610c\" data-element_type=\"widget\" data-widget_type=\"text-editor.default\">\n\t\t\t\t<div class=\"elementor-widget-container\">\n\t\t\t<style>\/*! elementor - v3.16.0 - 13-09-2023 *\/\n.elementor-widget-text-editor.elementor-drop-cap-view-stacked .elementor-drop-cap{background-color:#69727d;color:#fff}.elementor-widget-text-editor.elementor-drop-cap-view-framed .elementor-drop-cap{color:#69727d;border:3px solid;background-color:transparent}.elementor-widget-text-editor:not(.elementor-drop-cap-view-default) .elementor-drop-cap{margin-top:8px}.elementor-widget-text-editor:not(.elementor-drop-cap-view-default) .elementor-drop-cap-letter{width:1em;height:1em}.elementor-widget-text-editor .elementor-drop-cap{float:left;text-align:center;line-height:1;font-size:50px}.elementor-widget-text-editor .elementor-drop-cap-letter{display:inline-block}<\/style>\t\t\t\t<p>Conhe\u00e7a o Natal Luz de Ouro Preto, assim como Gramado no RS, a cidade hist\u00f3rica de Minas Gerais est\u00e1 no mapa dos eventos de Natal no Brasil.<\/p><p>O Natal Luz de <a href=\"https:\/\/www.blumarturismo.com.br\/cidade.php?cidade=ouro_preto&amp;id=19&amp;estilo=0\">Ouro Preto<\/a> promete movimentar a cidade hist\u00f3rica de Minas Gerais de 12 de novembro a 8 de janeiro. Incluir\u00e1 tamb\u00e9m uma grande programa\u00e7\u00e3o tur\u00edstica e cultural. Nesta ter\u00e7a-feira, 8 de novembro, ser\u00e1 realizado o lan\u00e7amento nacional do Natal Luz de Ouro Preto, no Pal\u00e1cio da Liberdade, em Belo Horizonte. A cerim\u00f4nia contar\u00e1 com a presen\u00e7a de Angelo Oswaldo de Araujo Santos (prefeito de Ouro Preto) e Leonidas Oliveira (secret\u00e1rio de Estado da Cultura de Minas Gerais), Eduardo Costa (presidente do Grupo Oliveira Costa), ambos idealizadores do evento natalino em Ouro Preto.<\/p><p>O tema &#8220;Hist\u00f3ria e Magia&#8221; foi escolhido para a primeira edi\u00e7\u00e3o. Combina a riqueza do patrim\u00f3nio hist\u00f3rico da cidade com o encanto das luzes de Natal. O Natal Luz de <a href=\"https:\/\/www.blumarturismo.com.br\/cidade.php?cidade=gramado&amp;id=25\">Gramado<\/a> no Rio Grande do Sul foi a inspira\u00e7\u00e3o para a atra\u00e7\u00e3o em Ouro Preto. Este festival \u00e9 um dos festivais de Natal mais populares do mundo e este ano completa 37 anos.<\/p><p>A principal diferen\u00e7a entre o Festival de Natal de Ouro Preto e eventos similares \u00e9 que toda a programa\u00e7\u00e3o \u00e9 gratuita. Isso inclui a entrada para a Vila do Santa Noel, localizada na Casa de Gonzaga, bem como a apresenta\u00e7\u00e3o de espet\u00e1culos no Teatro Municipal Casa da \u00d3pera. Foram investidos R$ 800 mil para garantir o acesso gratuito. Natal Luz de Ouro Preto tamb\u00e9m \u00e9 conhecida por sua rica hist\u00f3ria e belas paisagens.<\/p><p>Ouro Preto espera atrair turistas o ano todo com a iniciativa. O munic\u00edpio conta com uma grande variedade de eventos culturais, religiosos e festivos que acontecem de fevereiro a julho. Estes incluem Carnaval, Semana Santa e Festival de Inverno e Festival de Cinema. Isso atrai milhares de turistas.<\/p><p>O fluxo \u00e9 maior em julho e agosto devido ao aumento da chegada de estrangeiros durante a temporada de f\u00e9rias europeias. N\u00e3o h\u00e1 calend\u00e1rio de eventos a partir de setembro. Gilson Fernandes Martins, coordenador do evento, diz que o Natal Luz vai dar vida \u00e0 cidade.<\/p>\t\t\t\t\t\t<\/div>\n\t\t\t\t<\/div>\n\t\t\t\t\t<\/div>\n\t\t\t\t<\/div>\n\t\t<div class=\"elementor-element elementor-element-9875f35 e-flex e-con-boxed e-con e-parent\" data-id=\"9875f35\" data-element_type=\"container\" data-settings=\"{&quot;content_width&quot;:&quot;boxed&quot;}\" data-core-v316-plus=\"true\">\n\t\t\t\t\t<div class=\"e-con-inner\">\n\t\t\t\t<div class=\"elementor-element elementor-element-6cedd57 elementor-widget elementor-widget-image\" data-id=\"6cedd57\" data-element_type=\"widget\" data-widget_type=\"image.default\">\n\t\t\t\t<div class=\"elementor-widget-container\">\n\t\t\t<style>\/*! elementor - v3.16.0 - 13-09-2023 *\/\n.elementor-widget-image{text-align:center}.elementor-widget-image a{display:inline-block}.elementor-widget-image a img[src$=\".svg\"]{width:48px}.elementor-widget-image img{vertical-align:middle;display:inline-block}<\/style>\t\t\t\t\t\t\t\t\t<figure class=\"wp-caption\">\n\t\t\t\t\t\t\t\t\t\t<img loading=\"lazy\" decoding=\"async\" width=\"1024\" height=\"683\" src=\"https:\/\/www.blumarturismo.com.br\/blog\/wp-content\/uploads\/2022\/11\/19112022_Natal-de-Luz_Foto-Ane-Souz_7649-1024x683.jpg\" class=\"attachment-large size-large wp-image-19942\" alt=\"Natal Luz de Ouro Preto 2022 (imagem: Ane Souz )\" srcset=\"https:\/\/www.blumarturismo.com.br\/blog\/wp-content\/uploads\/2022\/11\/19112022_Natal-de-Luz_Foto-Ane-Souz_7649-1024x683.jpg 1024w, https:\/\/www.blumarturismo.com.br\/blog\/wp-content\/uploads\/2022\/11\/19112022_Natal-de-Luz_Foto-Ane-Souz_7649-300x200.jpg 300w, https:\/\/www.blumarturismo.com.br\/blog\/wp-content\/uploads\/2022\/11\/19112022_Natal-de-Luz_Foto-Ane-Souz_7649-768x512.jpg 768w, https:\/\/www.blumarturismo.com.br\/blog\/wp-content\/uploads\/2022\/11\/19112022_Natal-de-Luz_Foto-Ane-Souz_7649-1536x1024.jpg 1536w, https:\/\/www.blumarturismo.com.br\/blog\/wp-content\/uploads\/2022\/11\/19112022_Natal-de-Luz_Foto-Ane-Souz_7649-2048x1365.jpg 2048w, https:\/\/www.blumarturismo.com.br\/blog\/wp-content\/uploads\/2022\/11\/19112022_Natal-de-Luz_Foto-Ane-Souz_7649-150x100.jpg 150w\" sizes=\"auto, (max-width: 1024px) 100vw, 1024px\" \/>\t\t\t\t\t\t\t\t\t\t\t<figcaption class=\"widget-image-caption wp-caption-text\">Natal Luz de Ouro Preto 2022 (imagem: Ane Souz )<\/figcaption>\n\t\t\t\t\t\t\t\t\t\t<\/figure>\n\t\t\t\t\t\t\t\t\t<\/div>\n\t\t\t\t<\/div>\n\t\t\t\t\t<\/div>\n\t\t\t\t<\/div>\n\t\t<div class=\"elementor-element elementor-element-98fbf38 e-flex e-con-boxed e-con e-parent\" data-id=\"98fbf38\" data-element_type=\"container\" data-settings=\"{&quot;content_width&quot;:&quot;boxed&quot;}\" data-core-v316-plus=\"true\">\n\t\t\t\t\t<div class=\"e-con-inner\">\n\t\t\t\t<div class=\"elementor-element elementor-element-b4cce5b elementor-widget elementor-widget-text-editor\" data-id=\"b4cce5b\" data-element_type=\"widget\" data-widget_type=\"text-editor.default\">\n\t\t\t\t<div class=\"elementor-widget-container\">\n\t\t\t\t\t\t\t<p>A expectativa \u00e9 que 50 mil pessoas passem pelo Natal Luz. A Casa do Noel \u00e9 uma das principais atra\u00e7\u00f5es. Voc\u00ea tamb\u00e9m pode curtir a prociss\u00e3o de Natal na Pra\u00e7a Tiradentes e no Circuito Cine Natal Luz, al\u00e9m das apresenta\u00e7\u00f5es teatrais.<\/p><p>Uma \u00e1rvore de Natal de oito andares est\u00e1 sendo constru\u00edda em frente ao Museu da Inconfid\u00eancia, no Centro Hist\u00f3rico de Ouro Preto. \u00c9 um \u00edcone da Pra\u00e7a Tiradentes. O Museu da Inconfid\u00eancia foi fundado em 1944. \u00c9 o segundo em popularidade no Brasil, atr\u00e1s apenas do Museu Imperial de Petr\u00f3polis, na regi\u00e3o serrana do Rio de Janeiro.<\/p><p><strong>Tradi\u00e7\u00e3o de pres\u00e9pios<\/strong><\/p><p>A Funda\u00e7\u00e3o de Arte de Ouro Preto vai refor\u00e7ar a tradi\u00e7\u00e3o de montagem de pres\u00e9pios, combinando o programa Natal Luz de Ouro Preto e a 50\u00aa Edi\u00e7\u00e3o do Concurso Nacional de Pres\u00e9pios. A Galeria de Arte Nello Nuno vai acolher os pres\u00e9pios inscritos e os selecionados para o concurso. A abertura da exposi\u00e7\u00e3o ser\u00e1 na quarta-feira, 7 de dezembro.<\/p><p>O Natal do Ano da Mineiridade Luz de Ouro preto termina e abre as comemora\u00e7\u00f5es do bicenten\u00e1rio da eleva\u00e7\u00e3o de Vila Rica a Cidade Imperial. A Cedro Minera\u00e7\u00e3o patrocina o evento por meio da Lei de Incentivo \u00e0 Cultura, que \u00e9 administrada pelo Governo Federal via Minist\u00e9rio do Turismo e Secretaria Especial de Cultura. O Grupo Oliveira Costa organiza o evento, juntamente com a Prefeitura de Ouro Preto e produ\u00e7\u00e3o da Holofote.<\/p><p>O Natal Luz de Ouro Preto conta com o apoio da Associa\u00e7\u00e3o Comercial e Empresarial de Ouro Preto, da Associa\u00e7\u00e3o Brasileira das Ag\u00eancias de Viagens de Minas Georais, da Prefeitura e do Governo do Estado.<\/p>\t\t\t\t\t\t<\/div>\n\t\t\t\t<\/div>\n\t\t\t\t<div class=\"elementor-element elementor-element-8e886fb elementor-widget elementor-widget-image\" data-id=\"8e886fb\" data-element_type=\"widget\" data-widget_type=\"image.default\">\n\t\t\t\t<div class=\"elementor-widget-container\">\n\t\t\t\t\t\t\t\t\t\t\t\t<figure class=\"wp-caption\">\n\t\t\t\t\t\t\t\t\t\t<img decoding=\"async\" src=\"https:\/\/www.blumarturismo.com.br\/blog\/wp-content\/uploads\/2022\/11\/08112022_Coletiva-Imprensa_Natal-de-Luz_Palacio-da-Liberdade_Foto-Ane-Souz_4299-640x853.jpg\" title=\"Natal Luz de Ouro Preto 2022 (imagem: Ane Souz )\" alt=\"Natal Luz de Ouro Preto 2022 (imagem: Ane Souz )\" loading=\"lazy\" \/>\t\t\t\t\t\t\t\t\t\t\t<figcaption class=\"widget-image-caption wp-caption-text\">Natal Luz de Ouro Preto 2022 (imagem: Ane Souz )<\/figcaption>\n\t\t\t\t\t\t\t\t\t\t<\/figure>\n\t\t\t\t\t\t\t\t\t<\/div>\n\t\t\t\t<\/div>\n\t\t\t\t\t<\/div>\n\t\t\t\t<\/div>\n\t\t<div class=\"elementor-element elementor-element-538d121 e-flex e-con-boxed e-con e-parent\" data-id=\"538d121\" data-element_type=\"container\" data-settings=\"{&quot;content_width&quot;:&quot;boxed&quot;}\" data-core-v316-plus=\"true\">\n\t\t\t\t\t<div class=\"e-con-inner\">\n\t\t\t\t<div class=\"elementor-element elementor-element-155c598 elementor-widget elementor-widget-text-editor\" data-id=\"155c598\" data-element_type=\"widget\" data-widget_type=\"text-editor.default\">\n\t\t\t\t<div class=\"elementor-widget-container\">\n\t\t\t\t\t\t\t<p><strong>Embaixador do evento<\/strong><\/p><p>O embaixador do Natal Luz de Ouro Preto ser\u00e1 o ator Eriberto Le\u00e3o. &#8220;Fui convidado para ser o Embaixador do Natal Luz de Ouro Preto e aceitei. \u00c9 um evento importante. \u00c9 uma honra ser convidado, pois Ouro Preto \u00e9 uma das cidades mais importantes do Brasil. T\u00edtulo de patrim\u00f4nio mundial. Eriberto diz que est\u00e1 pronto para ser embaixador e espalhar a mensagem deste maravilhoso projeto para o Brasil, Eriberto ser\u00e1 o respons\u00e1vel pela divulga\u00e7\u00e3o do evento em todo o Pa\u00eds.<\/p>\t\t\t\t\t\t<\/div>\n\t\t\t\t<\/div>\n\t\t\t\t<div class=\"elementor-element elementor-element-cee68af elementor-widget elementor-widget-image\" data-id=\"cee68af\" data-element_type=\"widget\" data-widget_type=\"image.default\">\n\t\t\t\t<div class=\"elementor-widget-container\">\n\t\t\t\t\t\t\t\t\t\t\t\t<figure class=\"wp-caption\">\n\t\t\t\t\t\t\t\t\t\t<img decoding=\"async\" src=\"https:\/\/www.blumarturismo.com.br\/blog\/wp-content\/uploads\/2022\/11\/Eriberto-Leao-1-Embaixar-Natal-Luz-de-Ouro-Preto-Foto-Divulgacao-640x853.jpeg\" title=\"Natal Luz de Ouro Preto 2022 (imagem: Ane Souz )\" alt=\"Natal Luz de Ouro Preto 2022 (imagem: Ane Souz )\" loading=\"lazy\" \/>\t\t\t\t\t\t\t\t\t\t\t<figcaption class=\"widget-image-caption wp-caption-text\">Natal Luz de Ouro Preto 2022 (imagem: Ane Souz )<\/figcaption>\n\t\t\t\t\t\t\t\t\t\t<\/figure>\n\t\t\t\t\t\t\t\t\t<\/div>\n\t\t\t\t<\/div>\n\t\t\t\t\t<\/div>\n\t\t\t\t<\/div>\n\t\t<div class=\"elementor-element elementor-element-737904d e-flex e-con-boxed e-con e-parent\" data-id=\"737904d\" data-element_type=\"container\" data-settings=\"{&quot;content_width&quot;:&quot;boxed&quot;}\" data-core-v316-plus=\"true\">\n\t\t\t\t\t<div class=\"e-con-inner\">\n\t\t\t\t<div class=\"elementor-element elementor-element-7a76b1c elementor-widget elementor-widget-heading\" data-id=\"7a76b1c\" data-element_type=\"widget\" data-widget_type=\"heading.default\">\n\t\t\t\t<div class=\"elementor-widget-container\">\n\t\t\t<style>\/*! elementor - v3.16.0 - 13-09-2023 *\/\n.elementor-heading-title{padding:0;margin:0;line-height:1}.elementor-widget-heading .elementor-heading-title[class*=elementor-size-]>a{color:inherit;font-size:inherit;line-height:inherit}.elementor-widget-heading .elementor-heading-title.elementor-size-small{font-size:15px}.elementor-widget-heading .elementor-heading-title.elementor-size-medium{font-size:19px}.elementor-widget-heading .elementor-heading-title.elementor-size-large{font-size:29px}.elementor-widget-heading .elementor-heading-title.elementor-size-xl{font-size:39px}.elementor-widget-heading .elementor-heading-title.elementor-size-xxl{font-size:59px}<\/style><h2 class=\"elementor-heading-title elementor-size-default\">Programa\u00e7\u00e3o Natal Luz de Ouro Preto 2022<\/h2>\t\t<\/div>\n\t\t\t\t<\/div>\n\t\t\t\t<div class=\"elementor-element elementor-element-f23fbe0 elementor-widget elementor-widget-text-editor\" data-id=\"f23fbe0\" data-element_type=\"widget\" data-widget_type=\"text-editor.default\">\n\t\t\t\t<div class=\"elementor-widget-container\">\n\t\t\t\t\t\t\t<p>LAN\u00c7AMENTO NACIONAL<br \/>Data: 8 de novembro de 2022 (ter\u00e7a-feira)<br \/>Hor\u00e1rio: 10h00<br \/>Local: Pal\u00e1cio da Liberdade \u2013 Belo Horizonte\/MG<br \/>Coletiva de imprensa com apresenta\u00e7\u00e3o do Barroco Jazz Band<\/p><p>INAUGURA\u00c7\u00c3O LOJA OFICIAL NATAL LUZ<br \/>Data: 11 de novembro de 2022 (sexta)<br \/>Hor\u00e1rio: 19h00<br \/>Local: Pra\u00e7a Tiradentes \u2013 Ouro Preto\/MG<br \/>Apresenta\u00e7\u00e3o: Papai Noel<\/p><p>INAUGURA\u00c7\u00c3O CASA DO PAPAI NOEL E VILA DO ARTESANATO<br \/>Data: 12 de novembro de 2022 (s\u00e1bado)<br \/>Hor\u00e1rio: 19h00<br \/>Local: Casa de Gonzaga \u2013 Ouro Preto\/MG<br \/>Apresenta\u00e7\u00e3o do Barroco Jazz Band e Pastorinhas<\/p><p>VILA DO ARTESANATO<br \/>Funcionamento todos os finais de semana entre 10 e 18h<br \/>Local: Casa de Gonzaga \u2013 Ouro Preto\/MG<\/p><p>CORTEJO NATALINO<br \/>Data: 12 de novembro de 2022 (s\u00e1bado)<br \/>Hor\u00e1rio: 20h00<br \/>Local: Sa\u00edda da Casa de Gonzaga para Pra\u00e7a Tiradentes \u2013 Ouro Preto\/MG<br \/>Apresenta\u00e7\u00e3o: Fanfarra Juventina Drummond, Tr\u00eas Reis Magos, Pastorinhas e Barroco Jazz Band<\/p><p>ACENDIMENTO PRA\u00c7A TIRADENTES<br \/>Data: 12 de novembro de 2022 (s\u00e1bado)<br \/>Hor\u00e1rio: 20h30<br \/>Local: Pra\u00e7a Tiradentes \u2013 Ouro Preto\/MG<br \/>Apresenta\u00e7\u00e3o: Coral e Orquestra da Escola Padre Sim\u00f5es<\/p><p>PRA\u00c7A CULTURAL<br \/>Data: 12 de novembro de 2022 (s\u00e1bado)<br \/>Local: Pra\u00e7a Tiradentes \u2013 Ouro Preto\/MG<br \/>19h \u2013 DJ Wesley Rock Word<br \/>20h \u2013 Show com Rafael RedGrave e Banda a Mosca Continua (cl\u00e1ssicos internacionais)<br \/>22h \u2013 Apresenta\u00e7\u00e3o do Embaixador Natal Luz de Ouro Preto 2022 \u2013 Eriberto Le\u00e3o<br \/>23h \u2013 Show com Ayrton Ramos (Cover oficial do Raul Seixas)<\/p><p>PRA\u00c7A CULTURAL<br \/>Data: 13 de novembro de 2022 (domingo)<br \/>Local: Pra\u00e7a Tiradentes \u2013 Ouro Preto\/MG<br \/>14h \u2013 DJ Wesley Rock Word<br \/>15h \u2013 Show com a Banda Trem de Minas.<\/p><p>PRA\u00c7A CULTURAL<br \/>Data: 14 de novembro de 2022 (segunda-feira)<br \/>Local: Pra\u00e7a Tiradentes \u2013 Ouro Preto\/MG<br \/>19h \u2013 DJ Wesley Rock Word<br \/>20h \u2013 Show tributo a Mar\u00edlia Mendon\u00e7a com Thayn\u00e1 Vasconcelos.<\/p><p>PRA\u00c7A CULTURAL<br \/>Data: 15 de novembro de 2022 (ter\u00e7a-feira)<br \/>Local: Pra\u00e7a Tiradentes \u2013 Ouro Preto\/MG<br \/>14h \u2013 DJ Wesley Rock Word<br \/>15h \u2013 Show com Engenheiro do Hava\u00ed Uai<\/p><p>INAUGURA\u00c7\u00c3O NATAL LITER\u00c1RIO<br \/>Data: 16 de novembro de 2022 (quarta-feira)<br \/>Hor\u00e1rio: 19h00<br \/>Local: Biblioteca P\u00fablica de Ouro Preto \u2013 Ouro Preto\/MG<br \/>Apresenta\u00e7\u00e3o Pastorinhas<\/p><p>NATAL LITER\u00c1RIO<br \/>Data: 16 a 18 de novembro de 2022 (quarta a sexta-feira)<br \/>Hor\u00e1rio: 10h00 e 14h00<br \/>Local: Biblioteca P\u00fablica de Ouro Preto \u2013 Ouro Preto\/MG<br \/>Apresenta\u00e7\u00e3o espet\u00e1culo \u201cM\u00e1quina de Brincar\u201d, da Cia Lun\u00e1tica<\/p><p>PRA\u00c7A CULTURAL<\/p><p>Data: 18 de novembro de 2022 (sexta-feira)<br \/>Local: Pra\u00e7a Tiradentes \u2013 Ouro Preto\/MG<br \/>18h \u2013 DJ Wesley Rock Word<br \/>19h \u2013 Show com Celestino<\/p><p>PRA\u00c7A CULTURAL<br \/>Data: 19 de novembro de 2022 (s\u00e1bado)<br \/>Local: Pra\u00e7a Tiradentes \u2013 Ouro Preto\/MG<br \/>19h \u2013 DJ Wesley Rock Word<br \/>20h \u2013 Show com a banda Equipe Rock<\/p><p>NOVEMBRO NEGRO<br \/>Data: 20 de novembro de 2022 (domingo)<br \/>Local: Pra\u00e7a Tiradentes \u2013 Ouro Preto\/MG<br \/>18h00 \u2013 Show SambaPretoChoroJazZ: O Tributo a Chico Rei<br \/>20h00 \u2013 Show do Grupo Sorriso Negro<\/p><p>NATAL LITER\u00c1RIO<br \/>Data: 21 a 23 de novembro de 2022 (segunda a quarta-feira)<br \/>Hor\u00e1rio: 10h00 e 14h00<br \/>Local: Biblioteca P\u00fablica de Ouro Preto \u2013 Ouro Preto\/MG<br \/>Apresenta\u00e7\u00e3o Cia. Lamparina, teatro de bonecos<\/p><p>AUL\u00c3O NOVEMBRO AZUL<br \/>Data: 23 de novembro de 2022 (quarta-feira)<br \/>Hor\u00e1rio: 18h00<br \/>Local: Pra\u00e7a Tiradentes \u2013 Ouro Preto\/MG<br \/>Atividades: Funcional e Ritbox<\/p><p>NATAL LITER\u00c1RIO<br \/>Data: 24 a 25 de novembro de 2022 (quinta a sexta-feira)<br \/>Hor\u00e1rio: 10h00 e 14h00<br \/>Local: Biblioteca P\u00fablica de Ouro Preto \u2013 Ouro Preto\/MG<br \/>Apresenta\u00e7\u00e3o Cia Bem Te Vi<\/p><p>BRASIL NA COPA<br \/>Data: 24 de novembro de 2022 (quinta-feira)<br \/>Local: Pra\u00e7a Tiradentes \u2013 Ouro Preto\/MG<br \/>16h \u2013 Brasil x S\u00e9rvia<\/p><p>PRA\u00c7A CULTURAL<br \/>Data: 25 de novembro de 2022 (sexta-feira)<br \/>Local: Pra\u00e7a Tiradentes \u2013 Ouro Preto\/MG<br \/>20h \u2013 Kendolly Messias<\/p><p>PRA\u00c7A CULTURAL<br \/>Data: 26 de novembro de 2022 (s\u00e1bado)<br \/>Local: Pra\u00e7a Tiradentes \u2013 Ouro Preto\/MG<br \/>21h \u2013 Show com Rafael Regali Trio<\/p><p>PRA\u00c7A CULTURAL<br \/>Data: 27 de novembro de 2022 (domingo)<br \/>Local: Pra\u00e7a Tiradentes \u2013 Ouro Preto\/MG<br \/>16h \u2013 Show com Celso Alves<\/p><p>BRASIL NA COPA<br \/>Data: 28 de novembro de 2022 (segunda-feira)<br \/>Local: Pra\u00e7a Tiradentes \u2013 Ouro Preto\/MG<br \/>13h \u2013 Brasil x Su\u00ed\u00e7a<\/p><p>XLV JUBILEU DE NOSSA SENHORA DA CONCEI\u00c7\u00c3O<\/p><p>Data: 28 de novembro de 2022 (segunda-feira)<br \/>Missa de abertura do 45\u00ba Jubileu da Imaculada Concei\u00e7\u00e3o<\/p><p>XLV JUBILEU DE NOSSA SENHORA DA CONCEI\u00c7\u00c3O<br \/>Data: 28 de novembro a 7 de dezembro de 2022<br \/>Novena solene da Imaculada Concei\u00e7\u00e3o<\/p><p>BRASIL NA COPA<br \/>Data: 02 de dezembro de 2022 (sexta-feira)<br \/>Local: Pra\u00e7a Tiradentes \u2013 Ouro Preto\/MG<br \/>16h \u2013 Brasil x Camar\u00f5es<\/p><p>CAMPANHA DE NATAL ACEOP<br \/>Data: 02 de dezembro de 2022 (sexta-feira)<br \/>Hor\u00e1rio: 19h00<br \/>Local: Associa\u00e7\u00e3o Comercial Empresarial de Ouro Preto (ACEOP)<br \/>Apresenta\u00e7\u00e3o: Pastorinhas<\/p><p>ABERTURA EXPOSI\u00c7\u00c3O 50\u00ba CONCURSO NACIONAL DE PRES\u00c9PIOS<br \/>Data: 07 de dezembro de 2022 (quinta-feira)<br \/>Hor\u00e1rio: 19h00<br \/>Local: FAOP \u2013 Pr\u00e9dio do Ros\u00e1rio<br \/>Apresenta\u00e7\u00e3o Pastorinhas<\/p><p>DIA DE NOSSA SENHORA DA CONCEI\u00c7\u00c3O<br \/>Data: 08 de dezembro de 2022 (sexta-feira)<br \/>Hor\u00e1rio: a confirmar<br \/>Local: Igreja Nossa Senhora da Concei\u00e7\u00e3o (Ant\u00f4nio Dias)<br \/>Apresenta\u00e7\u00e3o: Associa\u00e7\u00e3o musical Bom Jesus do Matozinhos<\/p><p>FEIRA DE NATAL MULHERES DE VENA<br \/>Data: 09, 10 e 11 de dezembro de 2022<\/p><p>PROGRAMA\u00c7\u00c3O ESPECIAL CASA DO PAPAI NOEL<br \/>Data: 17 de dezembro de 2022 (s\u00e1bado)<br \/>Hor\u00e1rio: 18h00<br \/>Local: Casa de Gonzaga<br \/>Apresenta\u00e7\u00e3o: Coral Pequeno Mundo<\/p><p>CELEBRA\u00c7\u00c3O RELIGIOSA EM HOMENAGEM A PADRE SIM\u00d5ES<br \/>Data: 18 de dezembro de 2022 (domingo)<br \/>Hor\u00e1rio: 17h00<br \/>Local: Igreja de Nossa Senhora do Pilar<br \/>Apresenta\u00e7\u00e3o: Coral e Orquestra Escola de M\u00fasica Padre Sim\u00f5es<\/p><p>CELEBRA\u00c7\u00c3O RELIGIOSA EM HOMENAGEM A PADRE SIM\u00d5ES<br \/>Data: 18 de dezembro de 2022 (domingo)<br \/>Hor\u00e1rio: 17h00<br \/>Local: Igreja de Nossa Senhora do Pilar<br \/>Apresenta\u00e7\u00e3o: Coral e Orquestra Escola de M\u00fasica Padre Sim\u00f5es<\/p><p>CIRCUITO CINE NATAL LUZ<\/p><p>Transmiss\u00e3o de filme em tela gigante, com brincadeiras e apresenta\u00e7\u00f5es culturais.<\/p><p>Data: 19 de dezembro de 2022 (segunda-feira)<br \/>Hor\u00e1rio: 19h30<br \/>Local: Cras Ant\u00f4nio Pereira<\/p><p>Data: 20 de dezembro de 2022 (ter\u00e7a-feira)<br \/>Hor\u00e1rio: 19h30<br \/>Local: Cras Santa Rita<\/p><p>Data: 21 de dezembro de 2022 (quarta-feira)<br \/>Hor\u00e1rio: 19h30<br \/>Local: Cras Cachoeira do Campo<\/p><p>Data: 22 de dezembro de 2022 (quinta-feira)<br \/>Hor\u00e1rio: 19h30<br \/>Local: Cras Alto da Cruz<\/p><p>Data: 23 de dezembro de 2022 (sexta-feira)<br \/>Hor\u00e1rio: 19h30<br \/>Local: Cras S\u00e3o Crist\u00f3v\u00e3o<\/p><p>ENCONTRO FOLIA DE REIS<br \/>Data: 07 de janeiro de 2023 (s\u00e1bado)<br \/>Hor\u00e1rio: 13h00<br \/>Local: Pra\u00e7a Tiradentes<\/p><p>ANIVERS\u00c1RIO DO Z\u00c9 PEREIRA DO CLUB DOS LACAIOS<br \/>Data: 08 de janeiro de 2023 (domingo)<br \/>Hor\u00e1rio: \u00e0 definir<br \/>Local: Pra\u00e7a Tiradentes<\/p>\t\t\t\t\t\t<\/div>\n\t\t\t\t<\/div>\n\t\t\t\t<div class=\"elementor-element elementor-element-a9a3b7d elementor-widget elementor-widget-image\" data-id=\"a9a3b7d\" data-element_type=\"widget\" data-widget_type=\"image.default\">\n\t\t\t\t<div class=\"elementor-widget-container\">\n\t\t\t\t\t\t\t\t\t\t\t\t<figure class=\"wp-caption\">\n\t\t\t\t\t\t\t\t\t\t<img loading=\"lazy\" decoding=\"async\" width=\"768\" height=\"512\" src=\"https:\/\/www.blumarturismo.com.br\/blog\/wp-content\/uploads\/2022\/11\/03112022_Teste-Natal-Luz_Foto-Ane-Souz_3607-768x512.jpg\" class=\"attachment-medium_large size-medium_large wp-image-19949\" alt=\"Natal Luz de Ouro Preto 2022 (imagem: Ane Souz )\" srcset=\"https:\/\/www.blumarturismo.com.br\/blog\/wp-content\/uploads\/2022\/11\/03112022_Teste-Natal-Luz_Foto-Ane-Souz_3607-768x512.jpg 768w, https:\/\/www.blumarturismo.com.br\/blog\/wp-content\/uploads\/2022\/11\/03112022_Teste-Natal-Luz_Foto-Ane-Souz_3607-300x200.jpg 300w, https:\/\/www.blumarturismo.com.br\/blog\/wp-content\/uploads\/2022\/11\/03112022_Teste-Natal-Luz_Foto-Ane-Souz_3607-1024x683.jpg 1024w, https:\/\/www.blumarturismo.com.br\/blog\/wp-content\/uploads\/2022\/11\/03112022_Teste-Natal-Luz_Foto-Ane-Souz_3607-1536x1024.jpg 1536w, https:\/\/www.blumarturismo.com.br\/blog\/wp-content\/uploads\/2022\/11\/03112022_Teste-Natal-Luz_Foto-Ane-Souz_3607-2048x1365.jpg 2048w, https:\/\/www.blumarturismo.com.br\/blog\/wp-content\/uploads\/2022\/11\/03112022_Teste-Natal-Luz_Foto-Ane-Souz_3607-150x100.jpg 150w\" sizes=\"auto, (max-width: 768px) 100vw, 768px\" \/>\t\t\t\t\t\t\t\t\t\t\t<figcaption class=\"widget-image-caption wp-caption-text\">Natal Luz de Ouro Preto 2022 (imagem: Ane Souz )<\/figcaption>\n\t\t\t\t\t\t\t\t\t\t<\/figure>\n\t\t\t\t\t\t\t\t\t<\/div>\n\t\t\t\t<\/div>\n\t\t\t\t\t<\/div>\n\t\t\t\t<\/div>\n\t\t\t\t<section class=\"elementor-section elementor-top-section elementor-element elementor-element-cafc3ad elementor-section-boxed elementor-section-height-default elementor-section-height-default\" data-id=\"cafc3ad\" data-element_type=\"section\">\n\t\t\t\t\t\t<div class=\"elementor-container elementor-column-gap-default\">\n\t\t\t\t\t<div class=\"elementor-column elementor-col-100 elementor-top-column elementor-element elementor-element-d5bc587\" data-id=\"d5bc587\" data-element_type=\"column\" data-settings=\"{&quot;background_background&quot;:&quot;classic&quot;}\">\n\t\t\t<div class=\"elementor-widget-wrap elementor-element-populated\">\n\t\t\t\t\t\t\t\t<div class=\"elementor-element elementor-element-ee1c0e3 elementor-view-stacked elementor-position-left elementor-vertical-align-middle elementor-shape-circle elementor-mobile-position-top elementor-widget elementor-widget-icon-box\" data-id=\"ee1c0e3\" data-element_type=\"widget\" data-widget_type=\"icon-box.default\">\n\t\t\t\t<div class=\"elementor-widget-container\">\n\t\t\t<link rel=\"stylesheet\" href=\"https:\/\/www.blumarturismo.com.br\/blog\/wp-content\/plugins\/elementor\/assets\/css\/widget-icon-box.min.css\">\t\t<div class=\"elementor-icon-box-wrapper\">\n\t\t\t\t\t\t<div class=\"elementor-icon-box-icon\">\n\t\t\t\t<a href=\"https:\/\/www.instagram.com\/p\/CUNR9t-sFBc\/\" class=\"elementor-icon elementor-animation-\" tabindex=\"-1\">\n\t\t\t\t<svg aria-hidden=\"true\" class=\"e-font-icon-svg e-fab-instagram\" viewBox=\"0 0 448 512\" xmlns=\"http:\/\/www.w3.org\/2000\/svg\"><path d=\"M224.1 141c-63.6 0-114.9 51.3-114.9 114.9s51.3 114.9 114.9 114.9S339 319.5 339 255.9 287.7 141 224.1 141zm0 189.6c-41.1 0-74.7-33.5-74.7-74.7s33.5-74.7 74.7-74.7 74.7 33.5 74.7 74.7-33.6 74.7-74.7 74.7zm146.4-194.3c0 14.9-12 26.8-26.8 26.8-14.9 0-26.8-12-26.8-26.8s12-26.8 26.8-26.8 26.8 12 26.8 26.8zm76.1 27.2c-1.7-35.9-9.9-67.7-36.2-93.9-26.2-26.2-58-34.4-93.9-36.2-37-2.1-147.9-2.1-184.9 0-35.8 1.7-67.6 9.9-93.9 36.1s-34.4 58-36.2 93.9c-2.1 37-2.1 147.9 0 184.9 1.7 35.9 9.9 67.7 36.2 93.9s58 34.4 93.9 36.2c37 2.1 147.9 2.1 184.9 0 35.9-1.7 67.7-9.9 93.9-36.2 26.2-26.2 34.4-58 36.2-93.9 2.1-37 2.1-147.8 0-184.8zM398.8 388c-7.8 19.6-22.9 34.7-42.6 42.6-29.5 11.7-99.5 9-132.1 9s-102.7 2.6-132.1-9c-19.6-7.8-34.7-22.9-42.6-42.6-11.7-29.5-9-99.5-9-132.1s-2.6-102.7 9-132.1c7.8-19.6 22.9-34.7 42.6-42.6 29.5-11.7 99.5-9 132.1-9s102.7-2.6 132.1 9c19.6 7.8 34.7 22.9 42.6 42.6 11.7 29.5 9 99.5 9 132.1s2.7 102.7-9 132.1z\"><\/path><\/svg>\t\t\t\t<\/a>\n\t\t\t<\/div>\n\t\t\t\t\t\t<div class=\"elementor-icon-box-content\">\n\t\t\t\t<h6 class=\"elementor-icon-box-title\">\n\t\t\t\t\t<a href=\"https:\/\/www.instagram.com\/p\/CUNR9t-sFBc\/\" >\n\t\t\t\t\t\tCUrtiu a dica? \t\t\t\t\t<\/a>\n\t\t\t\t<\/h6>\n\t\t\t\t\t\t\t\t\t<p class=\"elementor-icon-box-description\">\n\t\t\t\t\t\tSiga a Blumar e compartilhe com quem voc\u00ea quer levar para esse para\u00edso!\t\t\t\t\t<\/p>\n\t\t\t\t\t\t\t<\/div>\n\t\t<\/div>\n\t\t\t\t<\/div>\n\t\t\t\t<\/div>\n\t\t\t\t\t<\/div>\n\t\t<\/div>\n\t\t\t\t\t\t\t<\/div>\n\t\t<\/section>\n\t\t\t\t<section class=\"elementor-section elementor-top-section elementor-element elementor-element-f6c7b59 elementor-section-boxed elementor-section-height-default elementor-section-height-default\" data-id=\"f6c7b59\" data-element_type=\"section\">\n\t\t\t\t\t\t<div class=\"elementor-container elementor-column-gap-default\">\n\t\t\t\t\t<div class=\"elementor-column elementor-col-100 elementor-top-column elementor-element elementor-element-83a19fe\" data-id=\"83a19fe\" data-element_type=\"column\">\n\t\t\t<div class=\"elementor-widget-wrap elementor-element-populated\">\n\t\t\t\t\t\t\t\t<section class=\"elementor-section elementor-inner-section elementor-element elementor-element-7a58c0f elementor-section-boxed elementor-section-height-default elementor-section-height-default\" data-id=\"7a58c0f\" data-element_type=\"section\">\n\t\t\t\t\t\t<div class=\"elementor-container elementor-column-gap-no\">\n\t\t\t\t\t<div class=\"elementor-column elementor-col-100 elementor-inner-column elementor-element elementor-element-83dbcaf\" data-id=\"83dbcaf\" data-element_type=\"column\">\n\t\t\t<div class=\"elementor-widget-wrap elementor-element-populated\">\n\t\t\t\t\t\t\t\t<div class=\"elementor-element elementor-element-865294f elementor-widget-divider--view-line elementor-widget elementor-widget-divider\" data-id=\"865294f\" data-element_type=\"widget\" data-widget_type=\"divider.default\">\n\t\t\t\t<div class=\"elementor-widget-container\">\n\t\t\t<style>\/*! elementor - v3.16.0 - 13-09-2023 *\/\n.elementor-widget-divider{--divider-border-style:none;--divider-border-width:1px;--divider-color:#0c0d0e;--divider-icon-size:20px;--divider-element-spacing:10px;--divider-pattern-height:24px;--divider-pattern-size:20px;--divider-pattern-url:none;--divider-pattern-repeat:repeat-x}.elementor-widget-divider .elementor-divider{display:flex}.elementor-widget-divider .elementor-divider__text{font-size:15px;line-height:1;max-width:95%}.elementor-widget-divider .elementor-divider__element{margin:0 var(--divider-element-spacing);flex-shrink:0}.elementor-widget-divider .elementor-icon{font-size:var(--divider-icon-size)}.elementor-widget-divider .elementor-divider-separator{display:flex;margin:0;direction:ltr}.elementor-widget-divider--view-line_icon .elementor-divider-separator,.elementor-widget-divider--view-line_text .elementor-divider-separator{align-items:center}.elementor-widget-divider--view-line_icon .elementor-divider-separator:after,.elementor-widget-divider--view-line_icon .elementor-divider-separator:before,.elementor-widget-divider--view-line_text .elementor-divider-separator:after,.elementor-widget-divider--view-line_text .elementor-divider-separator:before{display:block;content:\"\";border-bottom:0;flex-grow:1;border-top:var(--divider-border-width) var(--divider-border-style) var(--divider-color)}.elementor-widget-divider--element-align-left .elementor-divider .elementor-divider-separator>.elementor-divider__svg:first-of-type{flex-grow:0;flex-shrink:100}.elementor-widget-divider--element-align-left .elementor-divider-separator:before{content:none}.elementor-widget-divider--element-align-left .elementor-divider__element{margin-left:0}.elementor-widget-divider--element-align-right .elementor-divider .elementor-divider-separator>.elementor-divider__svg:last-of-type{flex-grow:0;flex-shrink:100}.elementor-widget-divider--element-align-right .elementor-divider-separator:after{content:none}.elementor-widget-divider--element-align-right .elementor-divider__element{margin-right:0}.elementor-widget-divider:not(.elementor-widget-divider--view-line_text):not(.elementor-widget-divider--view-line_icon) .elementor-divider-separator{border-top:var(--divider-border-width) var(--divider-border-style) var(--divider-color)}.elementor-widget-divider--separator-type-pattern{--divider-border-style:none}.elementor-widget-divider--separator-type-pattern.elementor-widget-divider--view-line .elementor-divider-separator,.elementor-widget-divider--separator-type-pattern:not(.elementor-widget-divider--view-line) .elementor-divider-separator:after,.elementor-widget-divider--separator-type-pattern:not(.elementor-widget-divider--view-line) .elementor-divider-separator:before,.elementor-widget-divider--separator-type-pattern:not([class*=elementor-widget-divider--view]) .elementor-divider-separator{width:100%;min-height:var(--divider-pattern-height);-webkit-mask-size:var(--divider-pattern-size) 100%;mask-size:var(--divider-pattern-size) 100%;-webkit-mask-repeat:var(--divider-pattern-repeat);mask-repeat:var(--divider-pattern-repeat);background-color:var(--divider-color);-webkit-mask-image:var(--divider-pattern-url);mask-image:var(--divider-pattern-url)}.elementor-widget-divider--no-spacing{--divider-pattern-size:auto}.elementor-widget-divider--bg-round{--divider-pattern-repeat:round}.rtl .elementor-widget-divider .elementor-divider__text{direction:rtl}.e-con-inner>.elementor-widget-divider,.e-con>.elementor-widget-divider{width:var(--container-widget-width,100%);--flex-grow:var(--container-widget-flex-grow)}<\/style>\t\t<div class=\"elementor-divider\">\n\t\t\t<span class=\"elementor-divider-separator\">\n\t\t\t\t\t\t<\/span>\n\t\t<\/div>\n\t\t\t\t<\/div>\n\t\t\t\t<\/div>\n\t\t\t\t<div class=\"elementor-element elementor-element-6d6a7ed elementor-widget elementor-widget-text-editor\" data-id=\"6d6a7ed\" data-element_type=\"widget\" data-widget_type=\"text-editor.default\">\n\t\t\t\t<div class=\"elementor-widget-container\">\n\t\t\t\t\t\t\t<h2 style=\"text-align: center;\"><span style=\"color: #ff9600;\"><strong>Confira nossas Ofertas 2022\/2023<\/strong><\/span><\/h2>\t\t\t\t\t\t<\/div>\n\t\t\t\t<\/div>\n\t\t\t\t<div class=\"elementor-element elementor-element-ef593a0 elementor-widget elementor-widget-text-editor\" data-id=\"ef593a0\" data-element_type=\"widget\" data-widget_type=\"text-editor.default\">\n\t\t\t\t<div class=\"elementor-widget-container\">\n\t\t\t\t\t\t\t<p>Acreditamos que voc\u00ea possa gostar dessas novidades abaixo, por isso r<span style=\"color: var( --e-global-color-text );\">eunimos aqui as melhores promo\u00e7\u00f5es e condi\u00e7\u00f5es para deixar a sua viagem ainda mais interessante.<\/span><\/p>\t\t\t\t\t\t<\/div>\n\t\t\t\t<\/div>\n\t\t\t\t\t<\/div>\n\t\t<\/div>\n\t\t\t\t\t\t\t<\/div>\n\t\t<\/section>\n\t\t\t\t<section class=\"elementor-section elementor-inner-section elementor-element elementor-element-7a74dbf elementor-section-boxed elementor-section-height-default elementor-section-height-default\" data-id=\"7a74dbf\" data-element_type=\"section\">\n\t\t\t\t\t\t<div class=\"elementor-container elementor-column-gap-default\">\n\t\t\t\t\t<div class=\"elementor-column elementor-col-50 elementor-inner-column elementor-element elementor-element-479e97a\" data-id=\"479e97a\" data-element_type=\"column\">\n\t\t\t<div class=\"elementor-widget-wrap elementor-element-populated\">\n\t\t\t\t\t\t\t\t<div class=\"elementor-element elementor-element-54968ed elementor-widget elementor-widget-text-editor\" data-id=\"54968ed\" data-element_type=\"widget\" data-widget_type=\"text-editor.default\">\n\t\t\t\t<div class=\"elementor-widget-container\">\n\t\t\t\t\t\t\t<p><a title=\"\" href=\"https:\/\/ofertas.blumarturismo.com.br\/rota-das-emocoes?utm_source=blog&amp;utm_medium=mini_banner_blog&amp;utm_campaign=ofertas_banner\"><img loading=\"lazy\" decoding=\"async\" class=\"alignnone\" src=\"https:\/\/d335luupugsy2.cloudfront.net\/cms\/files\/255748\/1633705551\/$lxs3m34jodk\" alt=\"\" width=\"360\" height=\"280\" \/><\/a><\/p>\t\t\t\t\t\t<\/div>\n\t\t\t\t<\/div>\n\t\t\t\t\t<\/div>\n\t\t<\/div>\n\t\t\t\t<div class=\"elementor-column elementor-col-50 elementor-inner-column elementor-element elementor-element-0062d82\" data-id=\"0062d82\" data-element_type=\"column\">\n\t\t\t<div class=\"elementor-widget-wrap elementor-element-populated\">\n\t\t\t\t\t\t\t\t<div class=\"elementor-element elementor-element-011bd0a elementor-widget elementor-widget-text-editor\" data-id=\"011bd0a\" data-element_type=\"widget\" data-widget_type=\"text-editor.default\">\n\t\t\t\t<div class=\"elementor-widget-container\">\n\t\t\t\t\t\t\t<p><a href=\"https:\/\/ofertas.blumarturismo.com.br\/temporada-de-cruzeiros?utm_source=blog&amp;utm_medium=banner&amp;utm_campaign=slider-criativo-cruzeiros&amp;utm_id=Cruzeiros\"><img loading=\"lazy\" decoding=\"async\" class=\"alignnone wp-image-12301 size-full\" src=\"https:\/\/www.blumarturismo.com.br\/blog\/wp-content\/uploads\/2022\/08\/campanha_cruzeiros_mobile.jpg\" alt=\"\" width=\"360\" height=\"280\" srcset=\"https:\/\/www.blumarturismo.com.br\/blog\/wp-content\/uploads\/2022\/08\/campanha_cruzeiros_mobile.jpg 360w, https:\/\/www.blumarturismo.com.br\/blog\/wp-content\/uploads\/2022\/08\/campanha_cruzeiros_mobile-300x233.jpg 300w, https:\/\/www.blumarturismo.com.br\/blog\/wp-content\/uploads\/2022\/08\/campanha_cruzeiros_mobile-150x117.jpg 150w\" sizes=\"auto, (max-width: 360px) 100vw, 360px\" \/><\/a><\/p>\t\t\t\t\t\t<\/div>\n\t\t\t\t<\/div>\n\t\t\t\t\t<\/div>\n\t\t<\/div>\n\t\t\t\t\t\t\t<\/div>\n\t\t<\/section>\n\t\t\t\t<section class=\"elementor-section elementor-inner-section elementor-element elementor-element-58fd5ab elementor-section-boxed elementor-section-height-default elementor-section-height-default\" data-id=\"58fd5ab\" data-element_type=\"section\">\n\t\t\t\t\t\t<div class=\"elementor-container elementor-column-gap-default\">\n\t\t\t\t\t<div class=\"elementor-column elementor-col-50 elementor-inner-column elementor-element elementor-element-68fbcc6\" data-id=\"68fbcc6\" data-element_type=\"column\">\n\t\t\t<div class=\"elementor-widget-wrap elementor-element-populated\">\n\t\t\t\t\t\t\t\t<div class=\"elementor-element elementor-element-95dcfd4 elementor-widget elementor-widget-text-editor\" data-id=\"95dcfd4\" data-element_type=\"widget\" data-widget_type=\"text-editor.default\">\n\t\t\t\t<div class=\"elementor-widget-container\">\n\t\t\t\t\t\t\t<p><a title=\"\" href=\"https:\/\/ofertas.blumarturismo.com.br\/as-melhores-ofertas-hoteis-do-nordeste?utm_source=blog&amp;utm_medium=mini_banner_blog&amp;utm_campaign=ofertas_banner\"><img loading=\"lazy\" decoding=\"async\" class=\"alignnone\" src=\"https:\/\/d335luupugsy2.cloudfront.net\/cms\/files\/255748\/1633705551\/$77g0pxi7l3j\" alt=\"\" width=\"360\" height=\"280\" \/><\/a><\/p>\t\t\t\t\t\t<\/div>\n\t\t\t\t<\/div>\n\t\t\t\t\t<\/div>\n\t\t<\/div>\n\t\t\t\t<div class=\"elementor-column elementor-col-50 elementor-inner-column elementor-element elementor-element-83d42ef\" data-id=\"83d42ef\" data-element_type=\"column\">\n\t\t\t<div class=\"elementor-widget-wrap elementor-element-populated\">\n\t\t\t\t\t\t\t\t<div class=\"elementor-element elementor-element-997c6b1 elementor-widget elementor-widget-text-editor\" data-id=\"997c6b1\" data-element_type=\"widget\" data-widget_type=\"text-editor.default\">\n\t\t\t\t<div class=\"elementor-widget-container\">\n\t\t\t\t\t\t\t<p><a href=\"https:\/\/ofertas.blumarturismo.com.br\/redescubra_o_pantanal?utm_source=blog&amp;utm_medium=banner&amp;utm_campaign=slider-criativo-pantanal&amp;utm_id=Redescubra-o-pantanal\"><img loading=\"lazy\" decoding=\"async\" class=\"alignnone wp-image-12303 size-full\" src=\"https:\/\/www.blumarturismo.com.br\/blog\/wp-content\/uploads\/2022\/08\/campanha_pantanal_mobile-1.jpg\" alt=\"Pantanal\" width=\"360\" height=\"280\" srcset=\"https:\/\/www.blumarturismo.com.br\/blog\/wp-content\/uploads\/2022\/08\/campanha_pantanal_mobile-1.jpg 360w, https:\/\/www.blumarturismo.com.br\/blog\/wp-content\/uploads\/2022\/08\/campanha_pantanal_mobile-1-300x233.jpg 300w, https:\/\/www.blumarturismo.com.br\/blog\/wp-content\/uploads\/2022\/08\/campanha_pantanal_mobile-1-150x117.jpg 150w\" sizes=\"auto, (max-width: 360px) 100vw, 360px\" \/><\/a>\u00a0<\/p>\t\t\t\t\t\t<\/div>\n\t\t\t\t<\/div>\n\t\t\t\t\t<\/div>\n\t\t<\/div>\n\t\t\t\t\t\t\t<\/div>\n\t\t<\/section>\n\t\t\t\t<section class=\"elementor-section elementor-inner-section elementor-element elementor-element-ba2f734 elementor-section-boxed elementor-section-height-default elementor-section-height-default\" data-id=\"ba2f734\" data-element_type=\"section\">\n\t\t\t\t\t\t<div class=\"elementor-container elementor-column-gap-default\">\n\t\t\t\t\t<div class=\"elementor-column elementor-col-50 elementor-inner-column elementor-element elementor-element-c81f99d\" data-id=\"c81f99d\" data-element_type=\"column\">\n\t\t\t<div class=\"elementor-widget-wrap elementor-element-populated\">\n\t\t\t\t\t\t\t\t<div class=\"elementor-element elementor-element-618de42 elementor-widget elementor-widget-text-editor\" data-id=\"618de42\" data-element_type=\"widget\" data-widget_type=\"text-editor.default\">\n\t\t\t\t<div class=\"elementor-widget-container\">\n\t\t\t\t\t\t\t<p><img loading=\"lazy\" decoding=\"async\" class=\"alignnone wp-image-12302 size-full\" src=\"https:\/\/www.blumarturismo.com.br\/blog\/wp-content\/uploads\/2022\/08\/rio.jpg\" alt=\"\" width=\"360\" height=\"280\" srcset=\"https:\/\/www.blumarturismo.com.br\/blog\/wp-content\/uploads\/2022\/08\/rio.jpg 360w, https:\/\/www.blumarturismo.com.br\/blog\/wp-content\/uploads\/2022\/08\/rio-300x233.jpg 300w, https:\/\/www.blumarturismo.com.br\/blog\/wp-content\/uploads\/2022\/08\/rio-150x117.jpg 150w\" sizes=\"auto, (max-width: 360px) 100vw, 360px\" \/><\/p>\t\t\t\t\t\t<\/div>\n\t\t\t\t<\/div>\n\t\t\t\t\t<\/div>\n\t\t<\/div>\n\t\t\t\t<div class=\"elementor-column elementor-col-50 elementor-inner-column elementor-element elementor-element-c8926c7\" data-id=\"c8926c7\" data-element_type=\"column\">\n\t\t\t<div class=\"elementor-widget-wrap elementor-element-populated\">\n\t\t\t\t\t\t\t\t<div class=\"elementor-element elementor-element-bf8fd0a elementor-widget elementor-widget-text-editor\" data-id=\"bf8fd0a\" data-element_type=\"widget\" data-widget_type=\"text-editor.default\">\n\t\t\t\t<div class=\"elementor-widget-container\">\n\t\t\t\t\t\t\t<p><a title=\"\" href=\"https:\/\/ofertas.blumarturismo.com.br\/pacotes-salvador-2022?utm_source=blog&amp;utm_medium=mini_banner_blog&amp;utm_campaign=ofertas_banner\"><img loading=\"lazy\" decoding=\"async\" class=\"alignnone\" src=\"https:\/\/d335luupugsy2.cloudfront.net\/cms\/files\/255748\/1643894248\/$chtrodig0l\" alt=\"\" width=\"360\" height=\"280\" \/><\/a><\/p>\t\t\t\t\t\t<\/div>\n\t\t\t\t<\/div>\n\t\t\t\t\t<\/div>\n\t\t<\/div>\n\t\t\t\t\t\t\t<\/div>\n\t\t<\/section>\n\t\t\t\t<section class=\"elementor-section elementor-inner-section elementor-element elementor-element-9c2c6dd elementor-section-boxed elementor-section-height-default elementor-section-height-default\" data-id=\"9c2c6dd\" data-element_type=\"section\">\n\t\t\t\t\t\t<div class=\"elementor-container elementor-column-gap-default\">\n\t\t\t\t\t<div class=\"elementor-column elementor-col-50 elementor-inner-column elementor-element elementor-element-8cf64d5\" data-id=\"8cf64d5\" data-element_type=\"column\">\n\t\t\t<div class=\"elementor-widget-wrap elementor-element-populated\">\n\t\t\t\t\t\t\t\t<div class=\"elementor-element elementor-element-c5df5ba elementor-widget elementor-widget-text-editor\" data-id=\"c5df5ba\" data-element_type=\"widget\" data-widget_type=\"text-editor.default\">\n\t\t\t\t<div class=\"elementor-widget-container\">\n\t\t\t\t\t\t\t<p><a title=\"\" href=\"https:\/\/ofertas.blumarturismo.com.br\/pacotes-morro-de-sao-paulo?utm_source=blog&amp;utm_medium=mini_banner_blog&amp;utm_campaign=ofertas_banner\"><img loading=\"lazy\" decoding=\"async\" class=\"alignnone\" src=\"https:\/\/d335luupugsy2.cloudfront.net\/cms\/files\/255748\/1643894248\/$vrmcy2zfgz\" alt=\"\" width=\"360\" height=\"280\" \/><\/a><\/p>\t\t\t\t\t\t<\/div>\n\t\t\t\t<\/div>\n\t\t\t\t\t<\/div>\n\t\t<\/div>\n\t\t\t\t<div class=\"elementor-column elementor-col-50 elementor-inner-column elementor-element elementor-element-ae1a5fc\" data-id=\"ae1a5fc\" data-element_type=\"column\">\n\t\t\t<div class=\"elementor-widget-wrap elementor-element-populated\">\n\t\t\t\t\t\t\t\t<div class=\"elementor-element elementor-element-9634cff elementor-widget elementor-widget-text-editor\" data-id=\"9634cff\" data-element_type=\"widget\" data-widget_type=\"text-editor.default\">\n\t\t\t\t<div class=\"elementor-widget-container\">\n\t\t\t\t\t\t\t<p><a title=\"\" href=\"https:\/\/ofertas.blumarturismo.com.br\/pacotes-boipeba?utm_source=blog&amp;utm_medium=mini_banner_blog&amp;utm_campaign=ofertas_banner\"><img loading=\"lazy\" decoding=\"async\" class=\"alignnone\" src=\"https:\/\/d335luupugsy2.cloudfront.net\/cms\/files\/255748\/1643894248\/$n0nqgb4zq6\" alt=\"\" width=\"360\" height=\"280\" \/><\/a><\/p>\t\t\t\t\t\t<\/div>\n\t\t\t\t<\/div>\n\t\t\t\t\t<\/div>\n\t\t<\/div>\n\t\t\t\t\t\t\t<\/div>\n\t\t<\/section>\n\t\t\t\t<section class=\"elementor-section elementor-inner-section elementor-element elementor-element-c92907e elementor-section-boxed elementor-section-height-default elementor-section-height-default\" data-id=\"c92907e\" data-element_type=\"section\">\n\t\t\t\t\t\t<div class=\"elementor-container elementor-column-gap-default\">\n\t\t\t\t\t<div class=\"elementor-column elementor-col-50 elementor-inner-column elementor-element elementor-element-80d0dbb\" data-id=\"80d0dbb\" data-element_type=\"column\">\n\t\t\t<div class=\"elementor-widget-wrap elementor-element-populated\">\n\t\t\t\t\t\t\t\t<div class=\"elementor-element elementor-element-66caf45 elementor-widget elementor-widget-text-editor\" data-id=\"66caf45\" data-element_type=\"widget\" data-widget_type=\"text-editor.default\">\n\t\t\t\t<div class=\"elementor-widget-container\">\n\t\t\t\t\t\t\t<p><a title=\"\" href=\"https:\/\/ofertas.blumarturismo.com.br\/passeios-de-barcos-privativos-rio?utm_source=blog&amp;utm_medium=mini_banner_blog&amp;utm_campaign=ofertas_banner\"><img loading=\"lazy\" decoding=\"async\" class=\"alignnone\" src=\"https:\/\/d335luupugsy2.cloudfront.net\/cms\/files\/255748\/1633705551\/$6rcausl025o\" alt=\"\" width=\"360\" height=\"280\" \/><\/a><\/p>\t\t\t\t\t\t<\/div>\n\t\t\t\t<\/div>\n\t\t\t\t\t<\/div>\n\t\t<\/div>\n\t\t\t\t<div class=\"elementor-column elementor-col-50 elementor-inner-column elementor-element elementor-element-17a28fe\" data-id=\"17a28fe\" data-element_type=\"column\">\n\t\t\t<div class=\"elementor-widget-wrap elementor-element-populated\">\n\t\t\t\t\t\t\t\t<div class=\"elementor-element elementor-element-76764e0 elementor-widget elementor-widget-text-editor\" data-id=\"76764e0\" data-element_type=\"widget\" data-widget_type=\"text-editor.default\">\n\t\t\t\t<div class=\"elementor-widget-container\">\n\t\t\t\t\t\t\t\t\t\t\t\t\t<\/div>\n\t\t\t\t<\/div>\n\t\t\t\t\t<\/div>\n\t\t<\/div>\n\t\t\t\t\t\t\t<\/div>\n\t\t<\/section>\n\t\t\t\t\t<\/div>\n\t\t<\/div>\n\t\t\t\t\t\t\t<\/div>\n\t\t<\/section>\n\t\t\t\t\t\t\t<\/div>\n\t\t","protected":false},"excerpt":{"rendered":"<p>Conhe\u00e7a o Natal Luz de Ouro Preto, assim como Gramado no RS, a cidade hist\u00f3rica de Minas Gerais est\u00e1 no mapa dos eventos de Natal no Brasil. O Natal Luz de Ouro Preto promete movimentar a cidade hist\u00f3rica de Minas Gerais de 12 de novembro a 8 de janeiro. Incluir\u00e1&#46;&#46;&#46;<\/p>\n","protected":false},"author":10,"featured_media":19971,"comment_status":"closed","ping_status":"closed","sticky":false,"template":"","format":"standard","meta":{"footnotes":""},"categories":[690,693],"tags":[],"class_list":["post-19940","post","type-post","status-publish","format-standard","has-post-thumbnail","hentry","category-destinos-nacionais","category-eventos-festivais"],"yoast_head":"<!-- This site is optimized with the Yoast SEO Premium plugin v19.4 (Yoast SEO v24.1) - https:\/\/yoast.com\/wordpress\/plugins\/seo\/ -->\n<title>Conhe\u00e7a o Natal Luz de Ouro Preto - Blumar Turismo<\/title>\n<meta name=\"description\" content=\"Conhe\u00e7a o Natal Luz de Ouro Preto, assim como Gramado no RS, a cidade hist\u00f3rica de Minas Gerais est\u00e1 no mapa dos eventos de Natal no Brasil.\" \/>\n<meta name=\"robots\" content=\"index, follow, max-snippet:-1, max-image-preview:large, max-video-preview:-1\" \/>\n<link rel=\"canonical\" href=\"https:\/\/www.blumarturismo.com.br\/blog\/conheca-o-natal-luz-de-ouro-preto\/\" \/>\n<meta property=\"og:locale\" content=\"pt_BR\" \/>\n<meta property=\"og:type\" content=\"article\" \/>\n<meta property=\"og:title\" content=\"Conhe\u00e7a o Natal Luz de Ouro Preto\" \/>\n<meta property=\"og:description\" content=\"Conhe\u00e7a o Natal Luz de Ouro Preto, assim como Gramado no RS, a cidade hist\u00f3rica de Minas Gerais est\u00e1 no mapa dos eventos de Natal no Brasil.\" \/>\n<meta property=\"og:url\" content=\"https:\/\/www.blumarturismo.com.br\/blog\/conheca-o-natal-luz-de-ouro-preto\/\" \/>\n<meta property=\"og:site_name\" content=\"Blog Blumar Turismo: O Seu Portal para Viagens Extraordin\u00e1rias\" \/>\n<meta property=\"article:publisher\" content=\"https:\/\/www.facebook.com\/blumarviagenseturismo\" \/>\n<meta property=\"article:author\" content=\"https:\/\/www.facebook.com\/blumarviagenseturismo\" \/>\n<meta property=\"article:published_time\" content=\"2022-11-23T14:02:02+00:00\" \/>\n<meta property=\"article:modified_time\" content=\"2025-01-22T18:25:27+00:00\" \/>\n<meta property=\"og:image\" content=\"https:\/\/www.blumarturismo.com.br\/blog\/wp-content\/uploads\/2022\/11\/18112022_Natal-de-Luz_Foto-Ane-Souz_7443-scaled.jpg\" \/>\n\t<meta property=\"og:image:width\" content=\"2560\" \/>\n\t<meta property=\"og:image:height\" content=\"1707\" \/>\n\t<meta property=\"og:image:type\" content=\"image\/jpeg\" \/>\n<meta name=\"author\" content=\"Blumar Turismo\" \/>\n<meta name=\"twitter:card\" content=\"summary_large_image\" \/>\n<meta name=\"twitter:label1\" content=\"Escrito por\" \/>\n\t<meta name=\"twitter:data1\" content=\"Blumar Turismo\" \/>\n\t<meta name=\"twitter:label2\" content=\"Est. tempo de leitura\" \/>\n\t<meta name=\"twitter:data2\" content=\"13 minutos\" \/>\n<script type=\"application\/ld+json\" class=\"yoast-schema-graph\">{\"@context\":\"https:\/\/schema.org\",\"@graph\":[{\"@type\":\"Article\",\"@id\":\"https:\/\/www.blumarturismo.com.br\/blog\/conheca-o-natal-luz-de-ouro-preto\/#article\",\"isPartOf\":{\"@id\":\"https:\/\/www.blumarturismo.com.br\/blog\/conheca-o-natal-luz-de-ouro-preto\/\"},\"author\":{\"name\":\"Blumar Turismo\",\"@id\":\"https:\/\/www.blumarturismo.com.br\/blog\/#\/schema\/person\/8c5b522f6a79142bafca484c4604fba7\"},\"headline\":\"Conhe\u00e7a o Natal Luz de Ouro Preto\",\"datePublished\":\"2022-11-23T14:02:02+00:00\",\"dateModified\":\"2025-01-22T18:25:27+00:00\",\"mainEntityOfPage\":{\"@id\":\"https:\/\/www.blumarturismo.com.br\/blog\/conheca-o-natal-luz-de-ouro-preto\/\"},\"wordCount\":1821,\"publisher\":{\"@id\":\"https:\/\/www.blumarturismo.com.br\/blog\/#organization\"},\"image\":{\"@id\":\"https:\/\/www.blumarturismo.com.br\/blog\/conheca-o-natal-luz-de-ouro-preto\/#primaryimage\"},\"thumbnailUrl\":\"https:\/\/www.blumarturismo.com.br\/blog\/wp-content\/uploads\/2022\/11\/18112022_Natal-de-Luz_Foto-Ane-Souz_7443-scaled.jpg\",\"articleSection\":[\"Destinos Nacionais\",\"Eventos &amp; Festivais\"],\"inLanguage\":\"pt-BR\"},{\"@type\":\"WebPage\",\"@id\":\"https:\/\/www.blumarturismo.com.br\/blog\/conheca-o-natal-luz-de-ouro-preto\/\",\"url\":\"https:\/\/www.blumarturismo.com.br\/blog\/conheca-o-natal-luz-de-ouro-preto\/\",\"name\":\"Conhe\u00e7a o Natal Luz de Ouro Preto - Blumar Turismo\",\"isPartOf\":{\"@id\":\"https:\/\/www.blumarturismo.com.br\/blog\/#website\"},\"primaryImageOfPage\":{\"@id\":\"https:\/\/www.blumarturismo.com.br\/blog\/conheca-o-natal-luz-de-ouro-preto\/#primaryimage\"},\"image\":{\"@id\":\"https:\/\/www.blumarturismo.com.br\/blog\/conheca-o-natal-luz-de-ouro-preto\/#primaryimage\"},\"thumbnailUrl\":\"https:\/\/www.blumarturismo.com.br\/blog\/wp-content\/uploads\/2022\/11\/18112022_Natal-de-Luz_Foto-Ane-Souz_7443-scaled.jpg\",\"datePublished\":\"2022-11-23T14:02:02+00:00\",\"dateModified\":\"2025-01-22T18:25:27+00:00\",\"description\":\"Conhe\u00e7a o Natal Luz de Ouro Preto, assim como Gramado no RS, a cidade hist\u00f3rica de Minas Gerais est\u00e1 no mapa dos eventos de Natal no Brasil.\",\"breadcrumb\":{\"@id\":\"https:\/\/www.blumarturismo.com.br\/blog\/conheca-o-natal-luz-de-ouro-preto\/#breadcrumb\"},\"inLanguage\":\"pt-BR\",\"potentialAction\":[{\"@type\":\"ReadAction\",\"target\":[\"https:\/\/www.blumarturismo.com.br\/blog\/conheca-o-natal-luz-de-ouro-preto\/\"]}]},{\"@type\":\"ImageObject\",\"inLanguage\":\"pt-BR\",\"@id\":\"https:\/\/www.blumarturismo.com.br\/blog\/conheca-o-natal-luz-de-ouro-preto\/#primaryimage\",\"url\":\"https:\/\/www.blumarturismo.com.br\/blog\/wp-content\/uploads\/2022\/11\/18112022_Natal-de-Luz_Foto-Ane-Souz_7443-scaled.jpg\",\"contentUrl\":\"https:\/\/www.blumarturismo.com.br\/blog\/wp-content\/uploads\/2022\/11\/18112022_Natal-de-Luz_Foto-Ane-Souz_7443-scaled.jpg\",\"width\":2560,\"height\":1707,\"caption\":\"Natal Luz de Ouro Preto 2022 (imagem: Ane Souz )\"},{\"@type\":\"BreadcrumbList\",\"@id\":\"https:\/\/www.blumarturismo.com.br\/blog\/conheca-o-natal-luz-de-ouro-preto\/#breadcrumb\",\"itemListElement\":[{\"@type\":\"ListItem\",\"position\":1,\"name\":\"In\u00edcio\",\"item\":\"https:\/\/www.blumarturismo.com.br\/blog\/\"},{\"@type\":\"ListItem\",\"position\":2,\"name\":\"Conhe\u00e7a o Natal Luz de Ouro Preto\"}]},{\"@type\":\"WebSite\",\"@id\":\"https:\/\/www.blumarturismo.com.br\/blog\/#website\",\"url\":\"https:\/\/www.blumarturismo.com.br\/blog\/\",\"name\":\"Blog Blumar Turismo: O Seu Portal para Viagens Extraordin\u00e1rias\",\"description\":\"Viajar \u00e9 nossa paix\u00e3o e expertise, e agora compartilhamos isso com voc\u00ea atrav\u00e9s do nosso blog. Com mais de 30 anos de hist\u00f3ria, a Blumar Turismo \u00e9 seu parceiro confi\u00e1vel para aventuras memor\u00e1veis. Explore conosco\",\"publisher\":{\"@id\":\"https:\/\/www.blumarturismo.com.br\/blog\/#organization\"},\"potentialAction\":[{\"@type\":\"SearchAction\",\"target\":{\"@type\":\"EntryPoint\",\"urlTemplate\":\"https:\/\/www.blumarturismo.com.br\/blog\/?s={search_term_string}\"},\"query-input\":{\"@type\":\"PropertyValueSpecification\",\"valueRequired\":true,\"valueName\":\"search_term_string\"}}],\"inLanguage\":\"pt-BR\"},{\"@type\":\"Organization\",\"@id\":\"https:\/\/www.blumarturismo.com.br\/blog\/#organization\",\"name\":\"Blumar Turismo\",\"url\":\"https:\/\/www.blumarturismo.com.br\/blog\/\",\"logo\":{\"@type\":\"ImageObject\",\"inLanguage\":\"pt-BR\",\"@id\":\"https:\/\/www.blumarturismo.com.br\/blog\/#\/schema\/logo\/image\/\",\"url\":\"https:\/\/www.blumarturismo.com.br\/blog\/wp-content\/uploads\/2020\/11\/cropped-logo_blumar_nacional2-2.jpg\",\"contentUrl\":\"https:\/\/www.blumarturismo.com.br\/blog\/wp-content\/uploads\/2020\/11\/cropped-logo_blumar_nacional2-2.jpg\",\"width\":167,\"height\":50,\"caption\":\"Blumar Turismo\"},\"image\":{\"@id\":\"https:\/\/www.blumarturismo.com.br\/blog\/#\/schema\/logo\/image\/\"},\"sameAs\":[\"https:\/\/www.facebook.com\/blumarviagenseturismo\",\"https:\/\/www.instagram.com\/blumarturismo\/\"]},{\"@type\":\"Person\",\"@id\":\"https:\/\/www.blumarturismo.com.br\/blog\/#\/schema\/person\/8c5b522f6a79142bafca484c4604fba7\",\"name\":\"Blumar Turismo\",\"image\":{\"@type\":\"ImageObject\",\"inLanguage\":\"pt-BR\",\"@id\":\"https:\/\/www.blumarturismo.com.br\/blog\/#\/schema\/person\/image\/\",\"url\":\"https:\/\/secure.gravatar.com\/avatar\/18a47e99a2b3ce558e7834aabf1bb475e0ae3a970dea40e74a2d2b71531fbe3b?s=96&d=mm&r=g\",\"contentUrl\":\"https:\/\/secure.gravatar.com\/avatar\/18a47e99a2b3ce558e7834aabf1bb475e0ae3a970dea40e74a2d2b71531fbe3b?s=96&d=mm&r=g\",\"caption\":\"Blumar Turismo\"},\"description\":\"Com uma trajet\u00f3ria consolidada de mais de 30 anos no setor de turismo, a Blumar Turismo se estabeleceu como l\u00edder gra\u00e7as ao seu compromisso cont\u00ednuo com a qualidade e satisfa\u00e7\u00e3o do cliente. Nossa experi\u00eancia traduz-se em viagens que v\u00e3o al\u00e9m da expectativa. Nosso Legado: 1. Expertise e Excel\u00eancia: Com tr\u00eas d\u00e9cadas de dedica\u00e7\u00e3o, aprofundamos nossa expertise para oferecer servi\u00e7os de viagem personalizados e de alto padr\u00e3o. Cada viagem, seja econ\u00f4mica ou de luxo, \u00e9 meticulosamente projetada para garantir experi\u00eancias not\u00e1veis. 2. Vanguarda em Inova\u00e7\u00e3o e Tecnologia: Nossa miss\u00e3o \u00e9 sempre liderar, incorporando as solu\u00e7\u00f5es mais avan\u00e7adas em produtos e tecnologias. A inova\u00e7\u00e3o \u00e9 intr\u00ednseca \u00e0 Blumar, permitindo-nos aprimorar constantemente a experi\u00eancia de viagem de nossos clientes. 3. Nossa Equipe, Nosso Diferencial: O verdadeiro motor da Blumar Turismo \u00e9 nossa equipe de profissionais. Com paix\u00e3o e dedica\u00e7\u00e3o, eles garantem que cada itiner\u00e1rio se transforme em uma experi\u00eancia \u00fanica e memor\u00e1vel. Seu comprometimento \u00e9 o que nos faz ganhar a confian\u00e7a de nossos clientes repetidamente. Na Blumar, n\u00e3o se trata apenas de vender pacotes de viagem, mas de projetar experi\u00eancias. Nossos roteiros prometem criar mem\u00f3rias duradouras, proporcionando viagens ricas em descobertas e emo\u00e7\u00f5es. Cremos que viajar \u00e9 uma forma de enriquecimento pessoal, explorando novas perspectivas e redefinindo-se a cada novo destino. Explore o mundo com a Blumar Turismo e torne sua jornada verdadeiramente extraordin\u00e1ria.\",\"sameAs\":[\"https:\/\/www.facebook.com\/blumarviagenseturismo\",\"https:\/\/www.instagram.com\/blumarturismo\/\",\"https:\/\/www.linkedin.com\/company\/blumar-turismo\/\",\"https:\/\/www.youtube.com\/@BlumarTurismo\"],\"award\":[\"2002 | 7th World Petroleum Congress & Rio Oil & Gas Expo\",\"2003 | 27\u00ba International Congress on Occupational Health - ICOH\",\"2004 | IOF World Congress on Osteoporosis 2004\",\"2005 | XXV Brazilian Congress on Rheumatology\",\"2006 | 3rd World Congress on AIDS\",\"2007 | 66th FIP Congress of Pharmacy and Pharmaceutical Sciences\",\"2008 | 62\u00ba Congresso Brasileiro de Cardiologia\",\"2009 | 3rd World Congress of Pediatric Gastroenterology Hepatology and Nutrition\",\"2010 | Pr\u00eamio Caio da D\u00e9cada - Jacar\u00e9 de Diamante - pelo 3rd World Congress on AIDS\",\"2011 | XIV Congresso SOBRICE\",\"2012 | XVIII Congresso da Sociedade Brasileira de Diabetes\",\"2013 | 67\u00ba Congresso da Sociedade Brasileira de Dermatologia\",\"2016 | Congresso Mundial da Propriedade Intelectual da AIPPI\"],\"knowsAbout\":[\"Turismo de Luxo\",\"Consultoria Personalizada\",\"Opera\u00e7\u00e3o de Programas Tur\u00edsticos Customizados\",\"Tours Variados\",\"Sele\u00e7\u00e3o de Hot\u00e9is e Experi\u00eancias Inesquec\u00edveis\"],\"knowsLanguage\":[\"Ingles\",\"Portugu\u00eas\",\"Espanhol\"],\"jobTitle\":\"Operadora de Turismo e Ag\u00eancia de Viagens\",\"worksFor\":\"Blumar Turismo\",\"url\":\"https:\/\/www.blumarturismo.com.br\/blog\/author\/guilherme\/\"}]}<\/script>\n<!-- \/ Yoast SEO Premium plugin. -->","yoast_head_json":{"title":"Conhe\u00e7a o Natal Luz de Ouro Preto - Blumar Turismo","description":"Conhe\u00e7a o Natal Luz de Ouro Preto, assim como Gramado no RS, a cidade hist\u00f3rica de Minas Gerais est\u00e1 no mapa dos eventos de Natal no Brasil.","robots":{"index":"index","follow":"follow","max-snippet":"max-snippet:-1","max-image-preview":"max-image-preview:large","max-video-preview":"max-video-preview:-1"},"canonical":"https:\/\/www.blumarturismo.com.br\/blog\/conheca-o-natal-luz-de-ouro-preto\/","og_locale":"pt_BR","og_type":"article","og_title":"Conhe\u00e7a o Natal Luz de Ouro Preto","og_description":"Conhe\u00e7a o Natal Luz de Ouro Preto, assim como Gramado no RS, a cidade hist\u00f3rica de Minas Gerais est\u00e1 no mapa dos eventos de Natal no Brasil.","og_url":"https:\/\/www.blumarturismo.com.br\/blog\/conheca-o-natal-luz-de-ouro-preto\/","og_site_name":"Blog Blumar Turismo: O Seu Portal para Viagens Extraordin\u00e1rias","article_publisher":"https:\/\/www.facebook.com\/blumarviagenseturismo","article_author":"https:\/\/www.facebook.com\/blumarviagenseturismo","article_published_time":"2022-11-23T14:02:02+00:00","article_modified_time":"2025-01-22T18:25:27+00:00","og_image":[{"width":2560,"height":1707,"url":"https:\/\/www.blumarturismo.com.br\/blog\/wp-content\/uploads\/2022\/11\/18112022_Natal-de-Luz_Foto-Ane-Souz_7443-scaled.jpg","type":"image\/jpeg"}],"author":"Blumar Turismo","twitter_card":"summary_large_image","twitter_misc":{"Escrito por":"Blumar Turismo","Est. tempo de leitura":"13 minutos"},"schema":{"@context":"https:\/\/schema.org","@graph":[{"@type":"Article","@id":"https:\/\/www.blumarturismo.com.br\/blog\/conheca-o-natal-luz-de-ouro-preto\/#article","isPartOf":{"@id":"https:\/\/www.blumarturismo.com.br\/blog\/conheca-o-natal-luz-de-ouro-preto\/"},"author":{"name":"Blumar Turismo","@id":"https:\/\/www.blumarturismo.com.br\/blog\/#\/schema\/person\/8c5b522f6a79142bafca484c4604fba7"},"headline":"Conhe\u00e7a o Natal Luz de Ouro Preto","datePublished":"2022-11-23T14:02:02+00:00","dateModified":"2025-01-22T18:25:27+00:00","mainEntityOfPage":{"@id":"https:\/\/www.blumarturismo.com.br\/blog\/conheca-o-natal-luz-de-ouro-preto\/"},"wordCount":1821,"publisher":{"@id":"https:\/\/www.blumarturismo.com.br\/blog\/#organization"},"image":{"@id":"https:\/\/www.blumarturismo.com.br\/blog\/conheca-o-natal-luz-de-ouro-preto\/#primaryimage"},"thumbnailUrl":"https:\/\/www.blumarturismo.com.br\/blog\/wp-content\/uploads\/2022\/11\/18112022_Natal-de-Luz_Foto-Ane-Souz_7443-scaled.jpg","articleSection":["Destinos Nacionais","Eventos &amp; Festivais"],"inLanguage":"pt-BR"},{"@type":"WebPage","@id":"https:\/\/www.blumarturismo.com.br\/blog\/conheca-o-natal-luz-de-ouro-preto\/","url":"https:\/\/www.blumarturismo.com.br\/blog\/conheca-o-natal-luz-de-ouro-preto\/","name":"Conhe\u00e7a o Natal Luz de Ouro Preto - Blumar Turismo","isPartOf":{"@id":"https:\/\/www.blumarturismo.com.br\/blog\/#website"},"primaryImageOfPage":{"@id":"https:\/\/www.blumarturismo.com.br\/blog\/conheca-o-natal-luz-de-ouro-preto\/#primaryimage"},"image":{"@id":"https:\/\/www.blumarturismo.com.br\/blog\/conheca-o-natal-luz-de-ouro-preto\/#primaryimage"},"thumbnailUrl":"https:\/\/www.blumarturismo.com.br\/blog\/wp-content\/uploads\/2022\/11\/18112022_Natal-de-Luz_Foto-Ane-Souz_7443-scaled.jpg","datePublished":"2022-11-23T14:02:02+00:00","dateModified":"2025-01-22T18:25:27+00:00","description":"Conhe\u00e7a o Natal Luz de Ouro Preto, assim como Gramado no RS, a cidade hist\u00f3rica de Minas Gerais est\u00e1 no mapa dos eventos de Natal no Brasil.","breadcrumb":{"@id":"https:\/\/www.blumarturismo.com.br\/blog\/conheca-o-natal-luz-de-ouro-preto\/#breadcrumb"},"inLanguage":"pt-BR","potentialAction":[{"@type":"ReadAction","target":["https:\/\/www.blumarturismo.com.br\/blog\/conheca-o-natal-luz-de-ouro-preto\/"]}]},{"@type":"ImageObject","inLanguage":"pt-BR","@id":"https:\/\/www.blumarturismo.com.br\/blog\/conheca-o-natal-luz-de-ouro-preto\/#primaryimage","url":"https:\/\/www.blumarturismo.com.br\/blog\/wp-content\/uploads\/2022\/11\/18112022_Natal-de-Luz_Foto-Ane-Souz_7443-scaled.jpg","contentUrl":"https:\/\/www.blumarturismo.com.br\/blog\/wp-content\/uploads\/2022\/11\/18112022_Natal-de-Luz_Foto-Ane-Souz_7443-scaled.jpg","width":2560,"height":1707,"caption":"Natal Luz de Ouro Preto 2022 (imagem: Ane Souz )"},{"@type":"BreadcrumbList","@id":"https:\/\/www.blumarturismo.com.br\/blog\/conheca-o-natal-luz-de-ouro-preto\/#breadcrumb","itemListElement":[{"@type":"ListItem","position":1,"name":"In\u00edcio","item":"https:\/\/www.blumarturismo.com.br\/blog\/"},{"@type":"ListItem","position":2,"name":"Conhe\u00e7a o Natal Luz de Ouro Preto"}]},{"@type":"WebSite","@id":"https:\/\/www.blumarturismo.com.br\/blog\/#website","url":"https:\/\/www.blumarturismo.com.br\/blog\/","name":"Blog Blumar Turismo: O Seu Portal para Viagens Extraordin\u00e1rias","description":"Viajar \u00e9 nossa paix\u00e3o e expertise, e agora compartilhamos isso com voc\u00ea atrav\u00e9s do nosso blog. Com mais de 30 anos de hist\u00f3ria, a Blumar Turismo \u00e9 seu parceiro confi\u00e1vel para aventuras memor\u00e1veis. Explore conosco","publisher":{"@id":"https:\/\/www.blumarturismo.com.br\/blog\/#organization"},"potentialAction":[{"@type":"SearchAction","target":{"@type":"EntryPoint","urlTemplate":"https:\/\/www.blumarturismo.com.br\/blog\/?s={search_term_string}"},"query-input":{"@type":"PropertyValueSpecification","valueRequired":true,"valueName":"search_term_string"}}],"inLanguage":"pt-BR"},{"@type":"Organization","@id":"https:\/\/www.blumarturismo.com.br\/blog\/#organization","name":"Blumar Turismo","url":"https:\/\/www.blumarturismo.com.br\/blog\/","logo":{"@type":"ImageObject","inLanguage":"pt-BR","@id":"https:\/\/www.blumarturismo.com.br\/blog\/#\/schema\/logo\/image\/","url":"https:\/\/www.blumarturismo.com.br\/blog\/wp-content\/uploads\/2020\/11\/cropped-logo_blumar_nacional2-2.jpg","contentUrl":"https:\/\/www.blumarturismo.com.br\/blog\/wp-content\/uploads\/2020\/11\/cropped-logo_blumar_nacional2-2.jpg","width":167,"height":50,"caption":"Blumar Turismo"},"image":{"@id":"https:\/\/www.blumarturismo.com.br\/blog\/#\/schema\/logo\/image\/"},"sameAs":["https:\/\/www.facebook.com\/blumarviagenseturismo","https:\/\/www.instagram.com\/blumarturismo\/"]},{"@type":"Person","@id":"https:\/\/www.blumarturismo.com.br\/blog\/#\/schema\/person\/8c5b522f6a79142bafca484c4604fba7","name":"Blumar Turismo","image":{"@type":"ImageObject","inLanguage":"pt-BR","@id":"https:\/\/www.blumarturismo.com.br\/blog\/#\/schema\/person\/image\/","url":"https:\/\/secure.gravatar.com\/avatar\/18a47e99a2b3ce558e7834aabf1bb475e0ae3a970dea40e74a2d2b71531fbe3b?s=96&d=mm&r=g","contentUrl":"https:\/\/secure.gravatar.com\/avatar\/18a47e99a2b3ce558e7834aabf1bb475e0ae3a970dea40e74a2d2b71531fbe3b?s=96&d=mm&r=g","caption":"Blumar Turismo"},"description":"Com uma trajet\u00f3ria consolidada de mais de 30 anos no setor de turismo, a Blumar Turismo se estabeleceu como l\u00edder gra\u00e7as ao seu compromisso cont\u00ednuo com a qualidade e satisfa\u00e7\u00e3o do cliente. Nossa experi\u00eancia traduz-se em viagens que v\u00e3o al\u00e9m da expectativa. Nosso Legado: 1. Expertise e Excel\u00eancia: Com tr\u00eas d\u00e9cadas de dedica\u00e7\u00e3o, aprofundamos nossa expertise para oferecer servi\u00e7os de viagem personalizados e de alto padr\u00e3o. Cada viagem, seja econ\u00f4mica ou de luxo, \u00e9 meticulosamente projetada para garantir experi\u00eancias not\u00e1veis. 2. Vanguarda em Inova\u00e7\u00e3o e Tecnologia: Nossa miss\u00e3o \u00e9 sempre liderar, incorporando as solu\u00e7\u00f5es mais avan\u00e7adas em produtos e tecnologias. A inova\u00e7\u00e3o \u00e9 intr\u00ednseca \u00e0 Blumar, permitindo-nos aprimorar constantemente a experi\u00eancia de viagem de nossos clientes. 3. Nossa Equipe, Nosso Diferencial: O verdadeiro motor da Blumar Turismo \u00e9 nossa equipe de profissionais. Com paix\u00e3o e dedica\u00e7\u00e3o, eles garantem que cada itiner\u00e1rio se transforme em uma experi\u00eancia \u00fanica e memor\u00e1vel. Seu comprometimento \u00e9 o que nos faz ganhar a confian\u00e7a de nossos clientes repetidamente. Na Blumar, n\u00e3o se trata apenas de vender pacotes de viagem, mas de projetar experi\u00eancias. Nossos roteiros prometem criar mem\u00f3rias duradouras, proporcionando viagens ricas em descobertas e emo\u00e7\u00f5es. Cremos que viajar \u00e9 uma forma de enriquecimento pessoal, explorando novas perspectivas e redefinindo-se a cada novo destino. Explore o mundo com a Blumar Turismo e torne sua jornada verdadeiramente extraordin\u00e1ria.","sameAs":["https:\/\/www.facebook.com\/blumarviagenseturismo","https:\/\/www.instagram.com\/blumarturismo\/","https:\/\/www.linkedin.com\/company\/blumar-turismo\/","https:\/\/www.youtube.com\/@BlumarTurismo"],"award":["2002 | 7th World Petroleum Congress & Rio Oil & Gas Expo","2003 | 27\u00ba International Congress on Occupational Health - ICOH","2004 | IOF World Congress on Osteoporosis 2004","2005 | XXV Brazilian Congress on Rheumatology","2006 | 3rd World Congress on AIDS","2007 | 66th FIP Congress of Pharmacy and Pharmaceutical Sciences","2008 | 62\u00ba Congresso Brasileiro de Cardiologia","2009 | 3rd World Congress of Pediatric Gastroenterology Hepatology and Nutrition","2010 | Pr\u00eamio Caio da D\u00e9cada - Jacar\u00e9 de Diamante - pelo 3rd World Congress on AIDS","2011 | XIV Congresso SOBRICE","2012 | XVIII Congresso da Sociedade Brasileira de Diabetes","2013 | 67\u00ba Congresso da Sociedade Brasileira de Dermatologia","2016 | Congresso Mundial da Propriedade Intelectual da AIPPI"],"knowsAbout":["Turismo de Luxo","Consultoria Personalizada","Opera\u00e7\u00e3o de Programas Tur\u00edsticos Customizados","Tours Variados","Sele\u00e7\u00e3o de Hot\u00e9is e Experi\u00eancias Inesquec\u00edveis"],"knowsLanguage":["Ingles","Portugu\u00eas","Espanhol"],"jobTitle":"Operadora de Turismo e Ag\u00eancia de Viagens","worksFor":"Blumar Turismo","url":"https:\/\/www.blumarturismo.com.br\/blog\/author\/guilherme\/"}]}},"_links":{"self":[{"href":"https:\/\/www.blumarturismo.com.br\/blog\/wp-json\/wp\/v2\/posts\/19940","targetHints":{"allow":["GET"]}}],"collection":[{"href":"https:\/\/www.blumarturismo.com.br\/blog\/wp-json\/wp\/v2\/posts"}],"about":[{"href":"https:\/\/www.blumarturismo.com.br\/blog\/wp-json\/wp\/v2\/types\/post"}],"author":[{"embeddable":true,"href":"https:\/\/www.blumarturismo.com.br\/blog\/wp-json\/wp\/v2\/users\/10"}],"replies":[{"embeddable":true,"href":"https:\/\/www.blumarturismo.com.br\/blog\/wp-json\/wp\/v2\/comments?post=19940"}],"version-history":[{"count":31,"href":"https:\/\/www.blumarturismo.com.br\/blog\/wp-json\/wp\/v2\/posts\/19940\/revisions"}],"predecessor-version":[{"id":66926,"href":"https:\/\/www.blumarturismo.com.br\/blog\/wp-json\/wp\/v2\/posts\/19940\/revisions\/66926"}],"wp:featuredmedia":[{"embeddable":true,"href":"https:\/\/www.blumarturismo.com.br\/blog\/wp-json\/wp\/v2\/media\/19971"}],"wp:attachment":[{"href":"https:\/\/www.blumarturismo.com.br\/blog\/wp-json\/wp\/v2\/media?parent=19940"}],"wp:term":[{"taxonomy":"category","embeddable":true,"href":"https:\/\/www.blumarturismo.com.br\/blog\/wp-json\/wp\/v2\/categories?post=19940"},{"taxonomy":"post_tag","embeddable":true,"href":"https:\/\/www.blumarturismo.com.br\/blog\/wp-json\/wp\/v2\/tags?post=19940"}],"curies":[{"name":"wp","href":"https:\/\/api.w.org\/{rel}","templated":true}]}}