{"id":25239,"date":"2023-04-05T11:23:27","date_gmt":"2023-04-05T14:23:27","guid":{"rendered":"https:\/\/www.blumarturismo.com.br\/blog\/?p=25239"},"modified":"2023-09-14T13:34:50","modified_gmt":"2023-09-14T16:34:50","slug":"programacao-de-pascoa-em-gramado-2023-datas-e-atracoes","status":"publish","type":"post","link":"https:\/\/www.blumarturismo.com.br\/blog\/programacao-de-pascoa-em-gramado-2023-datas-e-atracoes\/","title":{"rendered":"Programa\u00e7\u00e3o de P\u00e1scoa em Gramado 2023: Datas e Atra\u00e7\u00f5es"},"content":{"rendered":"\t\t<div data-elementor-type=\"wp-post\" data-elementor-id=\"25239\" class=\"elementor elementor-25239\" data-elementor-post-type=\"post\">\n\t\t\t\t\t\t\t<div class=\"elementor-element elementor-element-b0931f8 e-flex e-con-boxed e-con e-parent\" data-id=\"b0931f8\" data-element_type=\"container\" data-settings=\"{&quot;content_width&quot;:&quot;boxed&quot;}\" data-core-v316-plus=\"true\">\n\t\t\t\t\t<div class=\"e-con-inner\">\n\t\t\t\t<div class=\"elementor-element elementor-element-9e29f17 elementor-widget elementor-widget-text-editor\" data-id=\"9e29f17\" data-element_type=\"widget\" data-widget_type=\"text-editor.default\">\n\t\t\t\t<div class=\"elementor-widget-container\">\n\t\t\t<style>\/*! elementor - v3.16.0 - 13-09-2023 *\/\n.elementor-widget-text-editor.elementor-drop-cap-view-stacked .elementor-drop-cap{background-color:#69727d;color:#fff}.elementor-widget-text-editor.elementor-drop-cap-view-framed .elementor-drop-cap{color:#69727d;border:3px solid;background-color:transparent}.elementor-widget-text-editor:not(.elementor-drop-cap-view-default) .elementor-drop-cap{margin-top:8px}.elementor-widget-text-editor:not(.elementor-drop-cap-view-default) .elementor-drop-cap-letter{width:1em;height:1em}.elementor-widget-text-editor .elementor-drop-cap{float:left;text-align:center;line-height:1;font-size:50px}.elementor-widget-text-editor .elementor-drop-cap-letter{display:inline-block}<\/style>\t\t\t\t<p data-pm-slice=\"1 1 []\"><a href=\"https:\/\/www.blumarturismo.com.br\/cidade.php?cidade=gramado&amp;id=25\">Gramado<\/a> \u00e9 uma cidade incr\u00edvel, localizada na Serra Ga\u00facha, Rio Grande do Sul. Conhecida por sua arquitetura europeia, culin\u00e1ria deliciosa e eventos tem\u00e1ticos, Gramado tem um lugar especial no cora\u00e7\u00e3o de muitos viajantes. E um dos eventos mais aguardados na cidade \u00e9 a P\u00e1scoa em Gramado, que ocorre todos os anos entre mar\u00e7o e abril.<\/p><p>A P\u00e1scoa em Gramado 2023 ter\u00e1 muitas atra\u00e7\u00f5es para toda a fam\u00edlia, como desfiles de carros aleg\u00f3ricos, shows musicais, oficinas de chocolate, feiras de artesanato e muito mais. Al\u00e9m disso, a cidade ser\u00e1 toda decorada com ovos gigantes, coelhos de pel\u00facia e cen\u00e1rios l\u00fadicos.<\/p><p>Se voc\u00ea quer vivenciar uma experi\u00eancia m\u00e1gica e inesquec\u00edvel na P\u00e1scoa em Gramado 2023, n\u00e3o perca tempo e reserve j\u00e1 o seu pacote de viagem. Tenho certeza de que voc\u00ea se apaixonar\u00e1 por essa cidade maravilhosa e sua cultura \u00fanica. Espero que tenham gostado das dicas de hoje e at\u00e9 a pr\u00f3xima viagem!<\/p>\t\t\t\t\t\t<\/div>\n\t\t\t\t<\/div>\n\t\t\t\t\t<\/div>\n\t\t\t\t<\/div>\n\t\t<div class=\"elementor-element elementor-element-6941d40 e-flex e-con-boxed e-con e-parent\" data-id=\"6941d40\" data-element_type=\"container\" data-settings=\"{&quot;content_width&quot;:&quot;boxed&quot;}\" data-core-v316-plus=\"true\">\n\t\t\t\t\t<div class=\"e-con-inner\">\n\t\t\t\t<div class=\"elementor-element elementor-element-a65e6c2 elementor-widget elementor-widget-heading\" data-id=\"a65e6c2\" data-element_type=\"widget\" data-widget_type=\"heading.default\">\n\t\t\t\t<div class=\"elementor-widget-container\">\n\t\t\t<style>\/*! elementor - v3.16.0 - 13-09-2023 *\/\n.elementor-heading-title{padding:0;margin:0;line-height:1}.elementor-widget-heading .elementor-heading-title[class*=elementor-size-]>a{color:inherit;font-size:inherit;line-height:inherit}.elementor-widget-heading .elementor-heading-title.elementor-size-small{font-size:15px}.elementor-widget-heading .elementor-heading-title.elementor-size-medium{font-size:19px}.elementor-widget-heading .elementor-heading-title.elementor-size-large{font-size:29px}.elementor-widget-heading .elementor-heading-title.elementor-size-xl{font-size:39px}.elementor-widget-heading .elementor-heading-title.elementor-size-xxl{font-size:59px}<\/style><h2 class=\"elementor-heading-title elementor-size-default\">Programa\u00e7\u00e3o de P\u00e1scoa em Gramado 2023<\/h2>\t\t<\/div>\n\t\t\t\t<\/div>\n\t\t\t\t<div class=\"elementor-element elementor-element-468d590 elementor-widget elementor-widget-image\" data-id=\"468d590\" data-element_type=\"widget\" data-widget_type=\"image.default\">\n\t\t\t\t<div class=\"elementor-widget-container\">\n\t\t\t<style>\/*! elementor - v3.16.0 - 13-09-2023 *\/\n.elementor-widget-image{text-align:center}.elementor-widget-image a{display:inline-block}.elementor-widget-image a img[src$=\".svg\"]{width:48px}.elementor-widget-image img{vertical-align:middle;display:inline-block}<\/style>\t\t\t\t\t\t\t\t\t\t\t\t<img loading=\"lazy\" decoding=\"async\" width=\"768\" height=\"513\" src=\"https:\/\/www.blumarturismo.com.br\/blog\/wp-content\/uploads\/2023\/04\/40193329684_4e672f7b38_k-768x513.jpg\" class=\"attachment-medium_large size-medium_large wp-image-25244\" alt=\"Renato Soares - MTUR - Programa\u00e7\u00e3o de P\u00e1scoa em Gramado 2023\" srcset=\"https:\/\/www.blumarturismo.com.br\/blog\/wp-content\/uploads\/2023\/04\/40193329684_4e672f7b38_k-768x513.jpg 768w, https:\/\/www.blumarturismo.com.br\/blog\/wp-content\/uploads\/2023\/04\/40193329684_4e672f7b38_k-300x200.jpg 300w, https:\/\/www.blumarturismo.com.br\/blog\/wp-content\/uploads\/2023\/04\/40193329684_4e672f7b38_k-1024x684.jpg 1024w, https:\/\/www.blumarturismo.com.br\/blog\/wp-content\/uploads\/2023\/04\/40193329684_4e672f7b38_k-1536x1025.jpg 1536w, https:\/\/www.blumarturismo.com.br\/blog\/wp-content\/uploads\/2023\/04\/40193329684_4e672f7b38_k.jpg 2048w\" sizes=\"auto, (max-width: 768px) 100vw, 768px\" \/>\t\t\t\t\t\t\t\t\t\t\t\t\t\t\t<\/div>\n\t\t\t\t<\/div>\n\t\t\t\t\t<\/div>\n\t\t\t\t<\/div>\n\t\t<div class=\"elementor-element elementor-element-dc642d2 e-flex e-con-boxed e-con e-parent\" data-id=\"dc642d2\" data-element_type=\"container\" data-settings=\"{&quot;content_width&quot;:&quot;boxed&quot;}\" data-core-v316-plus=\"true\">\n\t\t\t\t\t<div class=\"e-con-inner\">\n\t\t\t\t<div class=\"elementor-element elementor-element-cf20125 elementor-widget elementor-widget-text-editor\" data-id=\"cf20125\" data-element_type=\"widget\" data-widget_type=\"text-editor.default\">\n\t\t\t\t<div class=\"elementor-widget-container\">\n\t\t\t\t\t\t\t<p data-pm-slice=\"1 1 []\"><strong>01\/04<\/strong><\/p><p><strong>09:00: VILA DE P\u00c1SCOA \u2013 (Das 9h \u00e0s 21h)<\/strong><\/p><p>PRA\u00c7A DAS ETNIAS<\/p><p><strong>10:00: ESPET\u00c1CULO O REINO M\u00c1GICO DA P\u00c1SCOA (das 10h \u00e0s 13h e das 14h \u00e0s 20h30)<\/strong><\/p><p>RUA COBERTA<\/p><p><strong>14:00: A ORIGEM DA P\u00c1SCOA \u2013 INTERVEN\u00c7\u00c3O ART\u00cdSTICA<\/strong><\/p><p>VILA DE P\u00c1SCOA<\/p><p><strong>15:00: PARADA DE P\u00c1SCOA<\/strong><\/p><p>AV. BORGES DE MEDEIROS<\/p><p><strong>16:45: CASA DO PASCOALINO (Das 16h45 \u00e0s 18h30)<\/strong><\/p><p>VILA DE P\u00c1SCOA<\/p><p><strong>17:00: A P\u00c1SCOA DOS BICHOS \u2013 INTERVEN\u00c7\u00c3O ART\u00cdSTICA<\/strong><\/p><p>VILA DE P\u00c1SCOA<\/p>\t\t\t\t\t\t<\/div>\n\t\t\t\t<\/div>\n\t\t\t\t<div class=\"elementor-element elementor-element-931f78f elementor-widget elementor-widget-image\" data-id=\"931f78f\" data-element_type=\"widget\" data-widget_type=\"image.default\">\n\t\t\t\t<div class=\"elementor-widget-container\">\n\t\t\t\t\t\t\t\t\t\t\t\t\t\t\t<img loading=\"lazy\" decoding=\"async\" width=\"768\" height=\"513\" src=\"https:\/\/www.blumarturismo.com.br\/blog\/wp-content\/uploads\/2023\/04\/27030953618_5f9a56c7d2_k-768x513.jpg\" class=\"attachment-medium_large size-medium_large wp-image-25245\" alt=\"Renato Soares - MTUR - Programa\u00e7\u00e3o de P\u00e1scoa em Gramado 2023\" srcset=\"https:\/\/www.blumarturismo.com.br\/blog\/wp-content\/uploads\/2023\/04\/27030953618_5f9a56c7d2_k-768x513.jpg 768w, https:\/\/www.blumarturismo.com.br\/blog\/wp-content\/uploads\/2023\/04\/27030953618_5f9a56c7d2_k-300x200.jpg 300w, https:\/\/www.blumarturismo.com.br\/blog\/wp-content\/uploads\/2023\/04\/27030953618_5f9a56c7d2_k-1024x684.jpg 1024w, https:\/\/www.blumarturismo.com.br\/blog\/wp-content\/uploads\/2023\/04\/27030953618_5f9a56c7d2_k-1536x1025.jpg 1536w, https:\/\/www.blumarturismo.com.br\/blog\/wp-content\/uploads\/2023\/04\/27030953618_5f9a56c7d2_k.jpg 2048w\" sizes=\"auto, (max-width: 768px) 100vw, 768px\" \/>\t\t\t\t\t\t\t\t\t\t\t\t\t\t\t<\/div>\n\t\t\t\t<\/div>\n\t\t\t\t\t<\/div>\n\t\t\t\t<\/div>\n\t\t<div class=\"elementor-element elementor-element-1c36587 e-flex e-con-boxed e-con e-parent\" data-id=\"1c36587\" data-element_type=\"container\" data-settings=\"{&quot;content_width&quot;:&quot;boxed&quot;}\" data-core-v316-plus=\"true\">\n\t\t\t\t\t<div class=\"e-con-inner\">\n\t\t\t\t<div class=\"elementor-element elementor-element-5fa505e elementor-widget elementor-widget-text-editor\" data-id=\"5fa505e\" data-element_type=\"widget\" data-widget_type=\"text-editor.default\">\n\t\t\t\t<div class=\"elementor-widget-container\">\n\t\t\t\t\t\t\t<p data-pm-slice=\"1 1 []\"><strong>02\/04<\/strong><\/p><p><strong>09:00: VILA DE P\u00c1SCOA \u2013 (Das 9h \u00e0s 21h)<\/strong><\/p><p>PRA\u00c7A DAS ETNIAS<\/p><p><strong>10:00: ESPET\u00c1CULO O REINO M\u00c1GICO DA P\u00c1SCOA (das 10h \u00e0s 13h e das 14h \u00e0s 20h30)<\/strong><\/p><p>RUA COBERTA<\/p><p><strong>14:00: CASAL CANDY EM: CONTANDO HIST\u00d3RIAS NA P\u00c1SCOA \u2013 INTERVEN\u00c7\u00c3O ART\u00cdSTICA<\/strong><\/p><p>VILA DE P\u00c1SCOA<\/p><p><strong>15:00: PARADA DE P\u00c1SCOA<\/strong><\/p><p>AV. BORGES DE MEDEIROS<\/p><p><strong>16:45: CASA DO PASCOALINO (Das 16h45 \u00e0s 18h30)<\/strong><\/p><p>VILA DE P\u00c1SCOA<\/p><p><strong>17:00: ESPET\u00c1CULO CONTOS DE P\u00c1SCOA \u2013 OSTERGESCHICHTEN \u2013 A MAGIA DO COELHINHO? \u2013 INTERVEN\u00c7\u00c3O ART\u00cdSTICA<\/strong><\/p><p>VILA DE P\u00c1SCOA<\/p>\t\t\t\t\t\t<\/div>\n\t\t\t\t<\/div>\n\t\t\t\t\t<\/div>\n\t\t\t\t<\/div>\n\t\t<div class=\"elementor-element elementor-element-e20220c e-flex e-con-boxed e-con e-parent\" data-id=\"e20220c\" data-element_type=\"container\" data-settings=\"{&quot;content_width&quot;:&quot;boxed&quot;}\" data-core-v316-plus=\"true\">\n\t\t\t\t\t<div class=\"e-con-inner\">\n\t\t\t\t<div class=\"elementor-element elementor-element-bfd0bf3 elementor-widget elementor-widget-image\" data-id=\"bfd0bf3\" data-element_type=\"widget\" data-widget_type=\"image.default\">\n\t\t\t\t<div class=\"elementor-widget-container\">\n\t\t\t\t\t\t\t\t\t\t\t\t\t\t\t<img loading=\"lazy\" decoding=\"async\" width=\"768\" height=\"513\" src=\"https:\/\/www.blumarturismo.com.br\/blog\/wp-content\/uploads\/2023\/04\/27030973528_6d145649ad_k-768x513.jpg\" class=\"attachment-medium_large size-medium_large wp-image-25243\" alt=\"Renato Soares - MTUR - Programa\u00e7\u00e3o de P\u00e1scoa em Gramado 2023\" srcset=\"https:\/\/www.blumarturismo.com.br\/blog\/wp-content\/uploads\/2023\/04\/27030973528_6d145649ad_k-768x513.jpg 768w, https:\/\/www.blumarturismo.com.br\/blog\/wp-content\/uploads\/2023\/04\/27030973528_6d145649ad_k-300x200.jpg 300w, https:\/\/www.blumarturismo.com.br\/blog\/wp-content\/uploads\/2023\/04\/27030973528_6d145649ad_k-1024x684.jpg 1024w, https:\/\/www.blumarturismo.com.br\/blog\/wp-content\/uploads\/2023\/04\/27030973528_6d145649ad_k-1536x1025.jpg 1536w, https:\/\/www.blumarturismo.com.br\/blog\/wp-content\/uploads\/2023\/04\/27030973528_6d145649ad_k.jpg 2048w\" sizes=\"auto, (max-width: 768px) 100vw, 768px\" \/>\t\t\t\t\t\t\t\t\t\t\t\t\t\t\t<\/div>\n\t\t\t\t<\/div>\n\t\t\t\t\t<\/div>\n\t\t\t\t<\/div>\n\t\t<div class=\"elementor-element elementor-element-c0da133 e-flex e-con-boxed e-con e-parent\" data-id=\"c0da133\" data-element_type=\"container\" data-settings=\"{&quot;content_width&quot;:&quot;boxed&quot;}\" data-core-v316-plus=\"true\">\n\t\t\t\t\t<div class=\"e-con-inner\">\n\t\t\t\t<div class=\"elementor-element elementor-element-891e2d5 elementor-widget elementor-widget-text-editor\" data-id=\"891e2d5\" data-element_type=\"widget\" data-widget_type=\"text-editor.default\">\n\t\t\t\t<div class=\"elementor-widget-container\">\n\t\t\t\t\t\t\t<p data-pm-slice=\"1 1 []\"><strong>03\/04<\/strong><\/p><p><strong>09:00: VILA DE P\u00c1SCOA \u2013 (Das 9h \u00e0s 21h)<\/strong><\/p><p>PRA\u00c7A DAS ETNIAS<\/p><p><strong>04\/04<\/strong><\/p><p><strong>09:00: VILA DE P\u00c1SCOA \u2013 (Das 9h \u00e0s 21h)<\/strong><\/p><p>PRA\u00c7A DAS ETNIAS<\/p><p><strong>10:00: ESPET\u00c1CULO O REINO M\u00c1GICO DA P\u00c1SCOA (das 10h \u00e0s 13h e das 14h \u00e0s 20h30)<\/strong><\/p><p>RUA COBERTA<\/p><p><strong>05\/04<\/strong><\/p><p><strong>09:00: VILA DE P\u00c1SCOA \u2013 (Das 9h \u00e0s 21h)<\/strong><\/p><p>PRA\u00c7A DAS ETNIAS<\/p><p><strong>10:00: ESPET\u00c1CULO O REINO M\u00c1GICO DA P\u00c1SCOA (das 10h \u00e0s 13h e das 14h \u00e0s 20h30)<\/strong><\/p><p>RUA COBERTA<\/p>\t\t\t\t\t\t<\/div>\n\t\t\t\t<\/div>\n\t\t\t\t<div class=\"elementor-element elementor-element-0fc86ae elementor-widget elementor-widget-image\" data-id=\"0fc86ae\" data-element_type=\"widget\" data-widget_type=\"image.default\">\n\t\t\t\t<div class=\"elementor-widget-container\">\n\t\t\t\t\t\t\t\t\t\t\t\t\t\t\t<img loading=\"lazy\" decoding=\"async\" width=\"768\" height=\"513\" src=\"https:\/\/www.blumarturismo.com.br\/blog\/wp-content\/uploads\/2023\/04\/27030966358_36a016e53d_k-768x513.jpg\" class=\"attachment-medium_large size-medium_large wp-image-25242\" alt=\"Renato Soares - MTUR - Programa\u00e7\u00e3o de P\u00e1scoa em Gramado 2023\" srcset=\"https:\/\/www.blumarturismo.com.br\/blog\/wp-content\/uploads\/2023\/04\/27030966358_36a016e53d_k-768x513.jpg 768w, https:\/\/www.blumarturismo.com.br\/blog\/wp-content\/uploads\/2023\/04\/27030966358_36a016e53d_k-300x200.jpg 300w, https:\/\/www.blumarturismo.com.br\/blog\/wp-content\/uploads\/2023\/04\/27030966358_36a016e53d_k-1024x684.jpg 1024w, https:\/\/www.blumarturismo.com.br\/blog\/wp-content\/uploads\/2023\/04\/27030966358_36a016e53d_k-1536x1025.jpg 1536w, https:\/\/www.blumarturismo.com.br\/blog\/wp-content\/uploads\/2023\/04\/27030966358_36a016e53d_k.jpg 2048w\" sizes=\"auto, (max-width: 768px) 100vw, 768px\" \/>\t\t\t\t\t\t\t\t\t\t\t\t\t\t\t<\/div>\n\t\t\t\t<\/div>\n\t\t\t\t<div class=\"elementor-element elementor-element-3283f0b elementor-widget elementor-widget-text-editor\" data-id=\"3283f0b\" data-element_type=\"widget\" data-widget_type=\"text-editor.default\">\n\t\t\t\t<div class=\"elementor-widget-container\">\n\t\t\t\t\t\t\t<p data-pm-slice=\"1 1 []\"><strong>06\/04<\/strong><\/p><p><strong>09:00: VILA DE P\u00c1SCOA \u2013 (Das 9h \u00e0s 21h)<\/strong><\/p><p>PRA\u00c7A DAS ETNIAS<\/p><p><strong>14:00: A ORIGEM DA P\u00c1SCOA \u2013 INTERVEN\u00c7\u00c3O ART\u00cdSTICA<\/strong><\/p><p>VILA DE P\u00c1SCOA<\/p><p><strong>16:45: CASA DO PASCOALINO (Das 16h45 \u00e0s 18h30)<\/strong><\/p><p>VILA DE P\u00c1SCOA<\/p><p><strong>17:00: ESCOLA DE AJUDANTES \u2013 INTERVEN\u00c7\u00c3O ART\u00cdSTICA<\/strong><\/p><p>VILA DE P\u00c1SCOA<\/p><p><strong>07\/04<\/strong><\/p><p><strong>09:00: VILA DE P\u00c1SCOA \u2013 (Das 9h \u00e0s 21h)<\/strong><\/p><p>PRA\u00c7A DAS ETNIAS<\/p><p><strong>10:00: ESPET\u00c1CULO O REINO M\u00c1GICO DA P\u00c1SCOA (das 10h \u00e0s 13h e das 14h \u00e0s 20h30)<\/strong><\/p><p>RUA COBERTA<\/p><p><strong>17:00: A P\u00c1SCOA DOS BICHOS \u2013 INTERVEN\u00c7\u00c3O ART\u00cdSTICA<\/strong><\/p><p>VILA DE P\u00c1SCOA<\/p>\t\t\t\t\t\t<\/div>\n\t\t\t\t<\/div>\n\t\t\t\t\t<\/div>\n\t\t\t\t<\/div>\n\t\t<div class=\"elementor-element elementor-element-6cb59b1 e-flex e-con-boxed e-con e-parent\" data-id=\"6cb59b1\" data-element_type=\"container\" data-settings=\"{&quot;content_width&quot;:&quot;boxed&quot;}\" data-core-v316-plus=\"true\">\n\t\t\t\t\t<div class=\"e-con-inner\">\n\t\t\t\t<div class=\"elementor-element elementor-element-c7b4bf9 elementor-widget elementor-widget-image\" data-id=\"c7b4bf9\" data-element_type=\"widget\" data-widget_type=\"image.default\">\n\t\t\t\t<div class=\"elementor-widget-container\">\n\t\t\t\t\t\t\t\t\t\t\t\t\t\t\t<img loading=\"lazy\" decoding=\"async\" width=\"768\" height=\"513\" src=\"https:\/\/www.blumarturismo.com.br\/blog\/wp-content\/uploads\/2023\/04\/27030991058_d7c7a498a4_k-768x513.jpg\" class=\"attachment-medium_large size-medium_large wp-image-25248\" alt=\"Renato Soares - MTUR - Programa\u00e7\u00e3o de P\u00e1scoa em Gramado 2023\" srcset=\"https:\/\/www.blumarturismo.com.br\/blog\/wp-content\/uploads\/2023\/04\/27030991058_d7c7a498a4_k-768x513.jpg 768w, https:\/\/www.blumarturismo.com.br\/blog\/wp-content\/uploads\/2023\/04\/27030991058_d7c7a498a4_k-300x200.jpg 300w, https:\/\/www.blumarturismo.com.br\/blog\/wp-content\/uploads\/2023\/04\/27030991058_d7c7a498a4_k-1024x684.jpg 1024w, https:\/\/www.blumarturismo.com.br\/blog\/wp-content\/uploads\/2023\/04\/27030991058_d7c7a498a4_k-1536x1025.jpg 1536w, https:\/\/www.blumarturismo.com.br\/blog\/wp-content\/uploads\/2023\/04\/27030991058_d7c7a498a4_k.jpg 2048w\" sizes=\"auto, (max-width: 768px) 100vw, 768px\" \/>\t\t\t\t\t\t\t\t\t\t\t\t\t\t\t<\/div>\n\t\t\t\t<\/div>\n\t\t\t\t\t<\/div>\n\t\t\t\t<\/div>\n\t\t<div class=\"elementor-element elementor-element-3999739 e-flex e-con-boxed e-con e-parent\" data-id=\"3999739\" data-element_type=\"container\" data-settings=\"{&quot;content_width&quot;:&quot;boxed&quot;}\" data-core-v316-plus=\"true\">\n\t\t\t\t\t<div class=\"e-con-inner\">\n\t\t\t\t<div class=\"elementor-element elementor-element-fc3d57e elementor-widget elementor-widget-text-editor\" data-id=\"fc3d57e\" data-element_type=\"widget\" data-widget_type=\"text-editor.default\">\n\t\t\t\t<div class=\"elementor-widget-container\">\n\t\t\t\t\t\t\t<p data-pm-slice=\"1 1 []\"><strong>08\/04<\/strong><\/p><p><strong>07:00: CORRIDA E CAMINHADA DO COELHO (das 7h \u00e0s 11h30)<\/strong><\/p><p>AV. BORGES DE MEDEIROS<\/p><p><strong>09:00: VILA DE P\u00c1SCOA \u2013 (Das 9h \u00e0s 21h)<\/strong><\/p><p>PRA\u00c7A DAS ETNIAS<\/p><p><strong>10:00: ESPET\u00c1CULO O REINO M\u00c1GICO DA P\u00c1SCOA (das 10h \u00e0s 13h e das 14h \u00e0s 20h30)<\/strong><\/p><p>RUA COBERTA<\/p><p><strong>14:00: A ORIGEM DA P\u00c1SCOA \u2013 INTERVEN\u00c7\u00c3O ART\u00cdSTICA<\/strong><\/p><p>VILA DE P\u00c1SCOA<\/p><p><strong>15:00: PARADA DE P\u00c1SCOA<\/strong><\/p><p>AV. BORGES DE MEDEIROS<\/p><p><strong>16:45: CASA DO PASCOALINO (Das 16h45 \u00e0s 18h30)<\/strong><\/p><p>VILA DE P\u00c1SCOA<\/p><p><strong>17:00: EM QUE POSO LHE AJUDAR? \u2013 INTERVEN\u00c7\u00c3O ART\u00cdSTICA<\/strong><\/p><p>VILA DE P\u00c1SCOA<\/p>\t\t\t\t\t\t<\/div>\n\t\t\t\t<\/div>\n\t\t\t\t<div class=\"elementor-element elementor-element-d9c9ba1 elementor-widget elementor-widget-image\" data-id=\"d9c9ba1\" data-element_type=\"widget\" data-widget_type=\"image.default\">\n\t\t\t\t<div class=\"elementor-widget-container\">\n\t\t\t\t\t\t\t\t\t\t\t\t\t\t\t<img loading=\"lazy\" decoding=\"async\" width=\"768\" height=\"576\" src=\"https:\/\/www.blumarturismo.com.br\/blog\/wp-content\/uploads\/2023\/04\/40859758792_a02d1b9736_k-768x576.jpg\" class=\"attachment-medium_large size-medium_large wp-image-25249\" alt=\"Renato Soares - MTUR - Programa\u00e7\u00e3o de P\u00e1scoa em Gramado 2023\" srcset=\"https:\/\/www.blumarturismo.com.br\/blog\/wp-content\/uploads\/2023\/04\/40859758792_a02d1b9736_k-768x576.jpg 768w, https:\/\/www.blumarturismo.com.br\/blog\/wp-content\/uploads\/2023\/04\/40859758792_a02d1b9736_k-300x225.jpg 300w, https:\/\/www.blumarturismo.com.br\/blog\/wp-content\/uploads\/2023\/04\/40859758792_a02d1b9736_k-1024x768.jpg 1024w, https:\/\/www.blumarturismo.com.br\/blog\/wp-content\/uploads\/2023\/04\/40859758792_a02d1b9736_k-1536x1151.jpg 1536w, https:\/\/www.blumarturismo.com.br\/blog\/wp-content\/uploads\/2023\/04\/40859758792_a02d1b9736_k.jpg 2048w\" sizes=\"auto, (max-width: 768px) 100vw, 768px\" \/>\t\t\t\t\t\t\t\t\t\t\t\t\t\t\t<\/div>\n\t\t\t\t<\/div>\n\t\t\t\t\t<\/div>\n\t\t\t\t<\/div>\n\t\t<div class=\"elementor-element elementor-element-e459569 e-flex e-con-boxed e-con e-parent\" data-id=\"e459569\" data-element_type=\"container\" data-settings=\"{&quot;content_width&quot;:&quot;boxed&quot;}\" data-core-v316-plus=\"true\">\n\t\t\t\t\t<div class=\"e-con-inner\">\n\t\t\t\t<div class=\"elementor-element elementor-element-c5c0431 elementor-widget elementor-widget-text-editor\" data-id=\"c5c0431\" data-element_type=\"widget\" data-widget_type=\"text-editor.default\">\n\t\t\t\t<div class=\"elementor-widget-container\">\n\t\t\t\t\t\t\t<p data-pm-slice=\"1 1 []\"><strong>09\/04<\/strong><\/p><p><strong>09:00: VILA DE P\u00c1SCOA \u2013 (Das 9h \u00e0s 21h)<\/strong><\/p><p>PRA\u00c7A DAS ETNIAS<\/p><p><strong>10:00: ESPET\u00c1CULO O REINO M\u00c1GICO DA P\u00c1SCOA (das 10h \u00e0s 13h e das 14h \u00e0s 20h30)<\/strong><\/p><p>RUA COBERTA<\/p><p><strong>11:00: CONCERTO DE P\u00c1SCOA COM A ORQUESTRA SINF\u00d4NICA DE GRAMADO<\/strong><\/p><p>A CONFIRMAR<\/p><p><strong>14:00: CASAL CANDY EM: CONTANDO HIST\u00d3RIAS NA P\u00c1SCOA \u2013 INTERVEN\u00c7\u00c3O ART\u00cdSTICA<\/strong><\/p><p>VILA DE P\u00c1SCOA<\/p><p><strong>15:00: PARADA DE P\u00c1SCOA<\/strong><\/p><p>AV. BORGES DE MEDEIROS<\/p><p><strong>16:45: CASA DO PASCOALINO (Das 16h45 \u00e0s 18h30)<\/strong><\/p><p>VILA DE P\u00c1SCOA<\/p><p><strong>17:00: EM QUE POSO LHE AJUDAR? \u2013 INTERVEN\u00c7\u00c3O ART\u00cdSTICA<\/strong><\/p><p>VILA DE P\u00c1SCOA<\/p>\t\t\t\t\t\t<\/div>\n\t\t\t\t<\/div>\n\t\t\t\t<div class=\"elementor-element elementor-element-ee005c9 elementor-widget-divider--view-line elementor-widget elementor-widget-divider\" data-id=\"ee005c9\" data-element_type=\"widget\" data-widget_type=\"divider.default\">\n\t\t\t\t<div class=\"elementor-widget-container\">\n\t\t\t<style>\/*! elementor - v3.16.0 - 13-09-2023 *\/\n.elementor-widget-divider{--divider-border-style:none;--divider-border-width:1px;--divider-color:#0c0d0e;--divider-icon-size:20px;--divider-element-spacing:10px;--divider-pattern-height:24px;--divider-pattern-size:20px;--divider-pattern-url:none;--divider-pattern-repeat:repeat-x}.elementor-widget-divider .elementor-divider{display:flex}.elementor-widget-divider .elementor-divider__text{font-size:15px;line-height:1;max-width:95%}.elementor-widget-divider .elementor-divider__element{margin:0 var(--divider-element-spacing);flex-shrink:0}.elementor-widget-divider .elementor-icon{font-size:var(--divider-icon-size)}.elementor-widget-divider .elementor-divider-separator{display:flex;margin:0;direction:ltr}.elementor-widget-divider--view-line_icon .elementor-divider-separator,.elementor-widget-divider--view-line_text .elementor-divider-separator{align-items:center}.elementor-widget-divider--view-line_icon .elementor-divider-separator:after,.elementor-widget-divider--view-line_icon .elementor-divider-separator:before,.elementor-widget-divider--view-line_text .elementor-divider-separator:after,.elementor-widget-divider--view-line_text .elementor-divider-separator:before{display:block;content:\"\";border-bottom:0;flex-grow:1;border-top:var(--divider-border-width) var(--divider-border-style) var(--divider-color)}.elementor-widget-divider--element-align-left .elementor-divider .elementor-divider-separator>.elementor-divider__svg:first-of-type{flex-grow:0;flex-shrink:100}.elementor-widget-divider--element-align-left .elementor-divider-separator:before{content:none}.elementor-widget-divider--element-align-left .elementor-divider__element{margin-left:0}.elementor-widget-divider--element-align-right .elementor-divider .elementor-divider-separator>.elementor-divider__svg:last-of-type{flex-grow:0;flex-shrink:100}.elementor-widget-divider--element-align-right .elementor-divider-separator:after{content:none}.elementor-widget-divider--element-align-right .elementor-divider__element{margin-right:0}.elementor-widget-divider:not(.elementor-widget-divider--view-line_text):not(.elementor-widget-divider--view-line_icon) .elementor-divider-separator{border-top:var(--divider-border-width) var(--divider-border-style) var(--divider-color)}.elementor-widget-divider--separator-type-pattern{--divider-border-style:none}.elementor-widget-divider--separator-type-pattern.elementor-widget-divider--view-line .elementor-divider-separator,.elementor-widget-divider--separator-type-pattern:not(.elementor-widget-divider--view-line) .elementor-divider-separator:after,.elementor-widget-divider--separator-type-pattern:not(.elementor-widget-divider--view-line) .elementor-divider-separator:before,.elementor-widget-divider--separator-type-pattern:not([class*=elementor-widget-divider--view]) .elementor-divider-separator{width:100%;min-height:var(--divider-pattern-height);-webkit-mask-size:var(--divider-pattern-size) 100%;mask-size:var(--divider-pattern-size) 100%;-webkit-mask-repeat:var(--divider-pattern-repeat);mask-repeat:var(--divider-pattern-repeat);background-color:var(--divider-color);-webkit-mask-image:var(--divider-pattern-url);mask-image:var(--divider-pattern-url)}.elementor-widget-divider--no-spacing{--divider-pattern-size:auto}.elementor-widget-divider--bg-round{--divider-pattern-repeat:round}.rtl .elementor-widget-divider .elementor-divider__text{direction:rtl}.e-con-inner>.elementor-widget-divider,.e-con>.elementor-widget-divider{width:var(--container-widget-width,100%);--flex-grow:var(--container-widget-flex-grow)}<\/style>\t\t<div class=\"elementor-divider\">\n\t\t\t<span class=\"elementor-divider-separator\">\n\t\t\t\t\t\t<\/span>\n\t\t<\/div>\n\t\t\t\t<\/div>\n\t\t\t\t<\/div>\n\t\t\t\t\t<\/div>\n\t\t\t\t<\/div>\n\t\t\t\t<section class=\"elementor-section elementor-top-section elementor-element elementor-element-c7449a1 elementor-section-boxed elementor-section-height-default elementor-section-height-default\" data-id=\"c7449a1\" data-element_type=\"section\">\n\t\t\t\t\t\t<div class=\"elementor-container elementor-column-gap-default\">\n\t\t\t\t\t<div class=\"elementor-column elementor-col-100 elementor-top-column elementor-element elementor-element-3e7f49b\" data-id=\"3e7f49b\" data-element_type=\"column\" data-settings=\"{&quot;background_background&quot;:&quot;classic&quot;}\">\n\t\t\t<div class=\"elementor-widget-wrap elementor-element-populated\">\n\t\t\t\t\t\t\t\t<div class=\"elementor-element elementor-element-75b14b1 elementor-view-stacked elementor-position-left elementor-vertical-align-middle elementor-shape-circle elementor-mobile-position-top elementor-widget elementor-widget-icon-box\" data-id=\"75b14b1\" data-element_type=\"widget\" data-widget_type=\"icon-box.default\">\n\t\t\t\t<div class=\"elementor-widget-container\">\n\t\t\t<link rel=\"stylesheet\" href=\"https:\/\/www.blumarturismo.com.br\/blog\/wp-content\/plugins\/elementor\/assets\/css\/widget-icon-box.min.css\">\t\t<div class=\"elementor-icon-box-wrapper\">\n\t\t\t\t\t\t<div class=\"elementor-icon-box-icon\">\n\t\t\t\t<a href=\"https:\/\/www.instagram.com\/p\/CUNR9t-sFBc\/\" class=\"elementor-icon elementor-animation-\" tabindex=\"-1\">\n\t\t\t\t<svg aria-hidden=\"true\" class=\"e-font-icon-svg e-fab-instagram\" viewBox=\"0 0 448 512\" xmlns=\"http:\/\/www.w3.org\/2000\/svg\"><path d=\"M224.1 141c-63.6 0-114.9 51.3-114.9 114.9s51.3 114.9 114.9 114.9S339 319.5 339 255.9 287.7 141 224.1 141zm0 189.6c-41.1 0-74.7-33.5-74.7-74.7s33.5-74.7 74.7-74.7 74.7 33.5 74.7 74.7-33.6 74.7-74.7 74.7zm146.4-194.3c0 14.9-12 26.8-26.8 26.8-14.9 0-26.8-12-26.8-26.8s12-26.8 26.8-26.8 26.8 12 26.8 26.8zm76.1 27.2c-1.7-35.9-9.9-67.7-36.2-93.9-26.2-26.2-58-34.4-93.9-36.2-37-2.1-147.9-2.1-184.9 0-35.8 1.7-67.6 9.9-93.9 36.1s-34.4 58-36.2 93.9c-2.1 37-2.1 147.9 0 184.9 1.7 35.9 9.9 67.7 36.2 93.9s58 34.4 93.9 36.2c37 2.1 147.9 2.1 184.9 0 35.9-1.7 67.7-9.9 93.9-36.2 26.2-26.2 34.4-58 36.2-93.9 2.1-37 2.1-147.8 0-184.8zM398.8 388c-7.8 19.6-22.9 34.7-42.6 42.6-29.5 11.7-99.5 9-132.1 9s-102.7 2.6-132.1-9c-19.6-7.8-34.7-22.9-42.6-42.6-11.7-29.5-9-99.5-9-132.1s-2.6-102.7 9-132.1c7.8-19.6 22.9-34.7 42.6-42.6 29.5-11.7 99.5-9 132.1-9s102.7-2.6 132.1 9c19.6 7.8 34.7 22.9 42.6 42.6 11.7 29.5 9 99.5 9 132.1s2.7 102.7-9 132.1z\"><\/path><\/svg>\t\t\t\t<\/a>\n\t\t\t<\/div>\n\t\t\t\t\t\t<div class=\"elementor-icon-box-content\">\n\t\t\t\t<h6 class=\"elementor-icon-box-title\">\n\t\t\t\t\t<a href=\"https:\/\/www.instagram.com\/p\/CUNR9t-sFBc\/\" >\n\t\t\t\t\t\tCUrtiu a dica? \t\t\t\t\t<\/a>\n\t\t\t\t<\/h6>\n\t\t\t\t\t\t\t\t\t<p class=\"elementor-icon-box-description\">\n\t\t\t\t\t\tSiga a Blumar e compartilhe com quem voc\u00ea quer levar para esse para\u00edso!\t\t\t\t\t<\/p>\n\t\t\t\t\t\t\t<\/div>\n\t\t<\/div>\n\t\t\t\t<\/div>\n\t\t\t\t<\/div>\n\t\t\t\t\t<\/div>\n\t\t<\/div>\n\t\t\t\t\t\t\t<\/div>\n\t\t<\/section>\n\t\t\t\t<section class=\"elementor-section elementor-top-section elementor-element elementor-element-05b191c elementor-section-boxed elementor-section-height-default elementor-section-height-default\" data-id=\"05b191c\" data-element_type=\"section\">\n\t\t\t\t\t\t<div class=\"elementor-container elementor-column-gap-default\">\n\t\t\t\t\t<div class=\"elementor-column elementor-col-100 elementor-top-column elementor-element elementor-element-8776a9e\" data-id=\"8776a9e\" data-element_type=\"column\">\n\t\t\t<div class=\"elementor-widget-wrap elementor-element-populated\">\n\t\t\t\t\t\t\t\t<section class=\"elementor-section elementor-inner-section elementor-element elementor-element-7f9145f elementor-section-boxed elementor-section-height-default elementor-section-height-default\" data-id=\"7f9145f\" data-element_type=\"section\">\n\t\t\t\t\t\t<div class=\"elementor-container elementor-column-gap-no\">\n\t\t\t\t\t<div class=\"elementor-column elementor-col-100 elementor-inner-column elementor-element elementor-element-d702ae5\" data-id=\"d702ae5\" data-element_type=\"column\">\n\t\t\t<div class=\"elementor-widget-wrap elementor-element-populated\">\n\t\t\t\t\t\t\t\t<div class=\"elementor-element elementor-element-d6fa9ef elementor-widget-divider--view-line elementor-widget elementor-widget-divider\" data-id=\"d6fa9ef\" data-element_type=\"widget\" data-widget_type=\"divider.default\">\n\t\t\t\t<div class=\"elementor-widget-container\">\n\t\t\t\t\t<div class=\"elementor-divider\">\n\t\t\t<span class=\"elementor-divider-separator\">\n\t\t\t\t\t\t<\/span>\n\t\t<\/div>\n\t\t\t\t<\/div>\n\t\t\t\t<\/div>\n\t\t\t\t<div class=\"elementor-element elementor-element-0dd2e61 elementor-widget elementor-widget-text-editor\" data-id=\"0dd2e61\" data-element_type=\"widget\" data-widget_type=\"text-editor.default\">\n\t\t\t\t<div class=\"elementor-widget-container\">\n\t\t\t\t\t\t\t<h2 style=\"text-align: center;\"><span style=\"color: #ff9600;\"><strong>Confira nossas Ofertas 2023\/2024<\/strong><\/span><\/h2>\t\t\t\t\t\t<\/div>\n\t\t\t\t<\/div>\n\t\t\t\t<div class=\"elementor-element elementor-element-d7cc621 elementor-widget elementor-widget-text-editor\" data-id=\"d7cc621\" data-element_type=\"widget\" data-widget_type=\"text-editor.default\">\n\t\t\t\t<div class=\"elementor-widget-container\">\n\t\t\t\t\t\t\t<p>Acreditamos que voc\u00ea possa gostar dessas novidades abaixo, por isso r<span style=\"color: var( --e-global-color-text );\">eunimos aqui as melhores promo\u00e7\u00f5es e condi\u00e7\u00f5es para deixar a sua viagem ainda mais interessante.<\/span><\/p>\t\t\t\t\t\t<\/div>\n\t\t\t\t<\/div>\n\t\t\t\t\t<\/div>\n\t\t<\/div>\n\t\t\t\t\t\t\t<\/div>\n\t\t<\/section>\n\t\t\t\t<section class=\"elementor-section elementor-inner-section elementor-element elementor-element-893acaa elementor-section-boxed elementor-section-height-default elementor-section-height-default\" data-id=\"893acaa\" data-element_type=\"section\">\n\t\t\t\t\t\t<div class=\"elementor-container elementor-column-gap-default\">\n\t\t\t\t\t<div class=\"elementor-column elementor-col-50 elementor-inner-column elementor-element elementor-element-add833e\" data-id=\"add833e\" data-element_type=\"column\">\n\t\t\t<div class=\"elementor-widget-wrap elementor-element-populated\">\n\t\t\t\t\t\t\t\t<div class=\"elementor-element elementor-element-1b98bc7 elementor-widget elementor-widget-text-editor\" data-id=\"1b98bc7\" data-element_type=\"widget\" data-widget_type=\"text-editor.default\">\n\t\t\t\t<div class=\"elementor-widget-container\">\n\t\t\t\t\t\t\t<p><a title=\"\" href=\"https:\/\/ofertas.blumarturismo.com.br\/rota-das-emocoes?utm_source=blog&amp;utm_medium=mini_banner_blog&amp;utm_campaign=ofertas_banner\" data-wplink-edit=\"true\"><img loading=\"lazy\" decoding=\"async\" class=\"alignnone\" src=\"https:\/\/d335luupugsy2.cloudfront.net\/cms\/files\/255748\/1633705551\/$lxs3m34jodk\" alt=\"\" width=\"360\" height=\"280\" \/><\/a><\/p>\t\t\t\t\t\t<\/div>\n\t\t\t\t<\/div>\n\t\t\t\t\t<\/div>\n\t\t<\/div>\n\t\t\t\t<div class=\"elementor-column elementor-col-50 elementor-inner-column elementor-element elementor-element-5812cfd\" data-id=\"5812cfd\" data-element_type=\"column\">\n\t\t\t<div class=\"elementor-widget-wrap elementor-element-populated\">\n\t\t\t\t\t\t\t\t<div class=\"elementor-element elementor-element-aa6d1bd elementor-widget elementor-widget-text-editor\" data-id=\"aa6d1bd\" data-element_type=\"widget\" data-widget_type=\"text-editor.default\">\n\t\t\t\t<div class=\"elementor-widget-container\">\n\t\t\t\t\t\t\t<p><a href=\"https:\/\/ofertas.blumarturismo.com.br\/temporada-de-cruzeiros?utm_source=blog&amp;utm_medium=banner&amp;utm_campaign=slider-criativo-cruzeiros&amp;utm_id=Cruzeiros\"><img loading=\"lazy\" decoding=\"async\" class=\"alignnone wp-image-12301 size-full\" src=\"https:\/\/www.blumarturismo.com.br\/blog\/wp-content\/uploads\/2022\/08\/campanha_cruzeiros_mobile.jpg\" alt=\"\" width=\"360\" height=\"280\" srcset=\"https:\/\/www.blumarturismo.com.br\/blog\/wp-content\/uploads\/2022\/08\/campanha_cruzeiros_mobile.jpg 360w, https:\/\/www.blumarturismo.com.br\/blog\/wp-content\/uploads\/2022\/08\/campanha_cruzeiros_mobile-300x233.jpg 300w, https:\/\/www.blumarturismo.com.br\/blog\/wp-content\/uploads\/2022\/08\/campanha_cruzeiros_mobile-150x117.jpg 150w\" sizes=\"auto, (max-width: 360px) 100vw, 360px\" \/><\/a><\/p>\t\t\t\t\t\t<\/div>\n\t\t\t\t<\/div>\n\t\t\t\t\t<\/div>\n\t\t<\/div>\n\t\t\t\t\t\t\t<\/div>\n\t\t<\/section>\n\t\t\t\t<section class=\"elementor-section elementor-inner-section elementor-element elementor-element-e6a41a2 elementor-section-boxed elementor-section-height-default elementor-section-height-default\" data-id=\"e6a41a2\" data-element_type=\"section\">\n\t\t\t\t\t\t<div class=\"elementor-container elementor-column-gap-default\">\n\t\t\t\t\t<div class=\"elementor-column elementor-col-50 elementor-inner-column elementor-element elementor-element-9d0733a\" data-id=\"9d0733a\" data-element_type=\"column\">\n\t\t\t<div class=\"elementor-widget-wrap elementor-element-populated\">\n\t\t\t\t\t\t\t\t<div class=\"elementor-element elementor-element-785b8e0 elementor-widget elementor-widget-text-editor\" data-id=\"785b8e0\" data-element_type=\"widget\" data-widget_type=\"text-editor.default\">\n\t\t\t\t<div class=\"elementor-widget-container\">\n\t\t\t\t\t\t\t<p><a title=\"\" href=\"https:\/\/ofertas.blumarturismo.com.br\/as-melhores-ofertas-hoteis-do-nordeste?utm_source=blog&amp;utm_medium=mini_banner_blog&amp;utm_campaign=ofertas_banner\" data-wplink-edit=\"true\"><img loading=\"lazy\" decoding=\"async\" class=\"alignnone\" src=\"https:\/\/d335luupugsy2.cloudfront.net\/cms\/files\/255748\/1633705551\/$77g0pxi7l3j\" alt=\"\" width=\"360\" height=\"280\" \/><\/a><\/p>\t\t\t\t\t\t<\/div>\n\t\t\t\t<\/div>\n\t\t\t\t\t<\/div>\n\t\t<\/div>\n\t\t\t\t<div class=\"elementor-column elementor-col-50 elementor-inner-column elementor-element elementor-element-334435a\" data-id=\"334435a\" data-element_type=\"column\">\n\t\t\t<div class=\"elementor-widget-wrap elementor-element-populated\">\n\t\t\t\t\t\t\t\t<div class=\"elementor-element elementor-element-7ff6f26 elementor-widget elementor-widget-text-editor\" data-id=\"7ff6f26\" data-element_type=\"widget\" data-widget_type=\"text-editor.default\">\n\t\t\t\t<div class=\"elementor-widget-container\">\n\t\t\t\t\t\t\t<p><a href=\"https:\/\/ofertas.blumarturismo.com.br\/redescubra_o_pantanal?utm_source=blog&amp;utm_medium=banner&amp;utm_campaign=slider-criativo-pantanal&amp;utm_id=Redescubra-o-pantanal\" data-wplink-edit=\"true\"><img loading=\"lazy\" decoding=\"async\" class=\"alignnone wp-image-12303 size-full\" src=\"https:\/\/www.blumarturismo.com.br\/blog\/wp-content\/uploads\/2022\/08\/campanha_pantanal_mobile-1.jpg\" alt=\"Pantanal\" width=\"360\" height=\"280\" srcset=\"https:\/\/www.blumarturismo.com.br\/blog\/wp-content\/uploads\/2022\/08\/campanha_pantanal_mobile-1.jpg 360w, https:\/\/www.blumarturismo.com.br\/blog\/wp-content\/uploads\/2022\/08\/campanha_pantanal_mobile-1-300x233.jpg 300w, https:\/\/www.blumarturismo.com.br\/blog\/wp-content\/uploads\/2022\/08\/campanha_pantanal_mobile-1-150x117.jpg 150w\" sizes=\"auto, (max-width: 360px) 100vw, 360px\" \/><\/a>\u00a0<\/p>\t\t\t\t\t\t<\/div>\n\t\t\t\t<\/div>\n\t\t\t\t\t<\/div>\n\t\t<\/div>\n\t\t\t\t\t\t\t<\/div>\n\t\t<\/section>\n\t\t\t\t<section class=\"elementor-section elementor-inner-section elementor-element elementor-element-bac209e elementor-section-boxed elementor-section-height-default elementor-section-height-default\" data-id=\"bac209e\" data-element_type=\"section\">\n\t\t\t\t\t\t<div class=\"elementor-container elementor-column-gap-default\">\n\t\t\t\t\t<div class=\"elementor-column elementor-col-50 elementor-inner-column elementor-element elementor-element-edbe905\" data-id=\"edbe905\" data-element_type=\"column\">\n\t\t\t<div class=\"elementor-widget-wrap elementor-element-populated\">\n\t\t\t\t\t\t\t\t<div class=\"elementor-element elementor-element-d1c94f0 elementor-widget elementor-widget-text-editor\" data-id=\"d1c94f0\" data-element_type=\"widget\" data-widget_type=\"text-editor.default\">\n\t\t\t\t<div class=\"elementor-widget-container\">\n\t\t\t\t\t\t\t<p><a href=\"https:\/\/ofertas.blumarturismo.com.br\/melhores-hoteis-do-rio-de-janeiro\"><img loading=\"lazy\" decoding=\"async\" class=\"alignnone wp-image-12302 size-full\" src=\"https:\/\/www.blumarturismo.com.br\/blog\/wp-content\/uploads\/2022\/08\/rio.jpg\" alt=\"\" width=\"360\" height=\"280\" srcset=\"https:\/\/www.blumarturismo.com.br\/blog\/wp-content\/uploads\/2022\/08\/rio.jpg 360w, https:\/\/www.blumarturismo.com.br\/blog\/wp-content\/uploads\/2022\/08\/rio-300x233.jpg 300w, https:\/\/www.blumarturismo.com.br\/blog\/wp-content\/uploads\/2022\/08\/rio-150x117.jpg 150w\" sizes=\"auto, (max-width: 360px) 100vw, 360px\" \/><\/a><\/p>\t\t\t\t\t\t<\/div>\n\t\t\t\t<\/div>\n\t\t\t\t\t<\/div>\n\t\t<\/div>\n\t\t\t\t<div class=\"elementor-column elementor-col-50 elementor-inner-column elementor-element elementor-element-324c481\" data-id=\"324c481\" data-element_type=\"column\">\n\t\t\t<div class=\"elementor-widget-wrap elementor-element-populated\">\n\t\t\t\t\t\t\t\t<div class=\"elementor-element elementor-element-d653bc6 elementor-widget elementor-widget-text-editor\" data-id=\"d653bc6\" data-element_type=\"widget\" data-widget_type=\"text-editor.default\">\n\t\t\t\t<div class=\"elementor-widget-container\">\n\t\t\t\t\t\t\t<p><a title=\"\" href=\"https:\/\/ofertas.blumarturismo.com.br\/pacotes-salvador-2022?utm_source=blog&amp;utm_medium=mini_banner_blog&amp;utm_campaign=ofertas_banner\" data-wplink-edit=\"true\"><img loading=\"lazy\" decoding=\"async\" class=\"alignnone\" src=\"https:\/\/d335luupugsy2.cloudfront.net\/cms\/files\/255748\/1643894248\/$chtrodig0l\" alt=\"\" width=\"360\" height=\"280\" \/><\/a><\/p>\t\t\t\t\t\t<\/div>\n\t\t\t\t<\/div>\n\t\t\t\t\t<\/div>\n\t\t<\/div>\n\t\t\t\t\t\t\t<\/div>\n\t\t<\/section>\n\t\t\t\t<section class=\"elementor-section elementor-inner-section elementor-element elementor-element-484ba15 elementor-section-boxed elementor-section-height-default elementor-section-height-default\" data-id=\"484ba15\" data-element_type=\"section\">\n\t\t\t\t\t\t<div class=\"elementor-container elementor-column-gap-default\">\n\t\t\t\t\t<div class=\"elementor-column elementor-col-50 elementor-inner-column elementor-element elementor-element-ea1740e\" data-id=\"ea1740e\" data-element_type=\"column\">\n\t\t\t<div class=\"elementor-widget-wrap elementor-element-populated\">\n\t\t\t\t\t\t\t\t<div class=\"elementor-element elementor-element-9b97047 elementor-widget elementor-widget-text-editor\" data-id=\"9b97047\" data-element_type=\"widget\" data-widget_type=\"text-editor.default\">\n\t\t\t\t<div class=\"elementor-widget-container\">\n\t\t\t\t\t\t\t<p><a title=\"\" href=\"https:\/\/ofertas.blumarturismo.com.br\/pacotes-morro-de-sao-paulo?utm_source=blog&amp;utm_medium=mini_banner_blog&amp;utm_campaign=ofertas_banner\" data-wplink-edit=\"true\"><img loading=\"lazy\" decoding=\"async\" class=\"alignnone\" src=\"https:\/\/d335luupugsy2.cloudfront.net\/cms\/files\/255748\/1643894248\/$vrmcy2zfgz\" alt=\"\" width=\"360\" height=\"280\" \/><\/a><\/p>\t\t\t\t\t\t<\/div>\n\t\t\t\t<\/div>\n\t\t\t\t\t<\/div>\n\t\t<\/div>\n\t\t\t\t<div class=\"elementor-column elementor-col-50 elementor-inner-column elementor-element elementor-element-ab2865b\" data-id=\"ab2865b\" data-element_type=\"column\">\n\t\t\t<div class=\"elementor-widget-wrap elementor-element-populated\">\n\t\t\t\t\t\t\t\t<div class=\"elementor-element elementor-element-4bfef4f elementor-widget elementor-widget-text-editor\" data-id=\"4bfef4f\" data-element_type=\"widget\" data-widget_type=\"text-editor.default\">\n\t\t\t\t<div class=\"elementor-widget-container\">\n\t\t\t\t\t\t\t<p><a title=\"\" href=\"https:\/\/ofertas.blumarturismo.com.br\/pacotes-boipeba?utm_source=blog&amp;utm_medium=mini_banner_blog&amp;utm_campaign=ofertas_banner\" data-wplink-edit=\"true\"><img loading=\"lazy\" decoding=\"async\" class=\"alignnone\" src=\"https:\/\/d335luupugsy2.cloudfront.net\/cms\/files\/255748\/1643894248\/$n0nqgb4zq6\" alt=\"\" width=\"360\" height=\"280\" \/><\/a><\/p>\t\t\t\t\t\t<\/div>\n\t\t\t\t<\/div>\n\t\t\t\t\t<\/div>\n\t\t<\/div>\n\t\t\t\t\t\t\t<\/div>\n\t\t<\/section>\n\t\t\t\t<section class=\"elementor-section elementor-inner-section elementor-element elementor-element-3f89e5b elementor-section-boxed elementor-section-height-default elementor-section-height-default\" data-id=\"3f89e5b\" data-element_type=\"section\">\n\t\t\t\t\t\t<div class=\"elementor-container elementor-column-gap-default\">\n\t\t\t\t\t<div class=\"elementor-column elementor-col-50 elementor-inner-column elementor-element elementor-element-f80b411\" data-id=\"f80b411\" data-element_type=\"column\">\n\t\t\t<div class=\"elementor-widget-wrap elementor-element-populated\">\n\t\t\t\t\t\t\t\t<div class=\"elementor-element elementor-element-2e4297d elementor-widget elementor-widget-text-editor\" data-id=\"2e4297d\" data-element_type=\"widget\" data-widget_type=\"text-editor.default\">\n\t\t\t\t<div class=\"elementor-widget-container\">\n\t\t\t\t\t\t\t<p><a title=\"\" href=\"https:\/\/ofertas.blumarturismo.com.br\/passeios-de-barcos-privativos-rio?utm_source=blog&amp;utm_medium=mini_banner_blog&amp;utm_campaign=ofertas_banner\"><img loading=\"lazy\" decoding=\"async\" class=\"alignnone\" src=\"https:\/\/d335luupugsy2.cloudfront.net\/cms\/files\/255748\/1633705551\/$6rcausl025o\" alt=\"\" width=\"360\" height=\"280\" \/><\/a><\/p>\t\t\t\t\t\t<\/div>\n\t\t\t\t<\/div>\n\t\t\t\t\t<\/div>\n\t\t<\/div>\n\t\t\t\t<div class=\"elementor-column elementor-col-50 elementor-inner-column elementor-element elementor-element-a8a46cf\" data-id=\"a8a46cf\" data-element_type=\"column\">\n\t\t\t<div class=\"elementor-widget-wrap elementor-element-populated\">\n\t\t\t\t\t\t\t\t<div class=\"elementor-element elementor-element-5ecd29b elementor-widget elementor-widget-text-editor\" data-id=\"5ecd29b\" data-element_type=\"widget\" data-widget_type=\"text-editor.default\">\n\t\t\t\t<div class=\"elementor-widget-container\">\n\t\t\t\t\t\t\t\t\t\t\t\t\t<\/div>\n\t\t\t\t<\/div>\n\t\t\t\t\t<\/div>\n\t\t<\/div>\n\t\t\t\t\t\t\t<\/div>\n\t\t<\/section>\n\t\t\t\t\t<\/div>\n\t\t<\/div>\n\t\t\t\t\t\t\t<\/div>\n\t\t<\/section>\n\t\t\t\t\t\t\t<\/div>\n\t\t","protected":false},"excerpt":{"rendered":"<p>Gramado \u00e9 uma cidade incr\u00edvel, localizada na Serra Ga\u00facha, Rio Grande do Sul. Conhecida por sua arquitetura europeia, culin\u00e1ria deliciosa e eventos tem\u00e1ticos, Gramado tem um lugar especial no cora\u00e7\u00e3o de muitos viajantes. E um dos eventos mais aguardados na cidade \u00e9 a P\u00e1scoa em Gramado, que ocorre todos os&#46;&#46;&#46;<\/p>\n","protected":false},"author":10,"featured_media":25246,"comment_status":"closed","ping_status":"closed","sticky":false,"template":"","format":"standard","meta":{"footnotes":""},"categories":[690,693],"tags":[],"class_list":["post-25239","post","type-post","status-publish","format-standard","has-post-thumbnail","hentry","category-destinos-nacionais","category-eventos-festivais"],"yoast_head":"<!-- This site is optimized with the Yoast SEO Premium plugin v19.4 (Yoast SEO v24.1) - https:\/\/yoast.com\/wordpress\/plugins\/seo\/ -->\n<title>Programa\u00e7\u00e3o de P\u00e1scoa em Gramado 2023: Datas e Atra\u00e7\u00f5es<\/title>\n<meta name=\"description\" content=\"A Blumar Turismo traz para voc\u00ea a programa\u00e7\u00e3o de p\u00e1scoa em Gramado 2023, com todas as datas e atra\u00e7\u00f5es. Aproveite !\" \/>\n<meta name=\"robots\" content=\"index, follow, max-snippet:-1, max-image-preview:large, max-video-preview:-1\" \/>\n<link rel=\"canonical\" href=\"https:\/\/www.blumarturismo.com.br\/blog\/programacao-de-pascoa-em-gramado-2023-datas-e-atracoes\/\" \/>\n<meta property=\"og:locale\" content=\"pt_BR\" \/>\n<meta property=\"og:type\" content=\"article\" \/>\n<meta property=\"og:title\" content=\"Programa\u00e7\u00e3o de P\u00e1scoa em Gramado 2023: Datas e Atra\u00e7\u00f5es\" \/>\n<meta property=\"og:description\" content=\"A Blumar Turismo traz para voc\u00ea a programa\u00e7\u00e3o de p\u00e1scoa em Gramado 2023, com todas as datas e atra\u00e7\u00f5es. Aproveite !\" \/>\n<meta property=\"og:url\" content=\"https:\/\/www.blumarturismo.com.br\/blog\/programacao-de-pascoa-em-gramado-2023-datas-e-atracoes\/\" \/>\n<meta property=\"og:site_name\" content=\"Blog Blumar Turismo: O Seu Portal para Viagens Extraordin\u00e1rias\" \/>\n<meta property=\"article:publisher\" content=\"https:\/\/www.facebook.com\/blumarviagenseturismo\" \/>\n<meta property=\"article:author\" content=\"https:\/\/www.facebook.com\/blumarviagenseturismo\" \/>\n<meta property=\"article:published_time\" content=\"2023-04-05T14:23:27+00:00\" \/>\n<meta property=\"article:modified_time\" content=\"2023-09-14T16:34:50+00:00\" \/>\n<meta property=\"og:image\" content=\"https:\/\/www.blumarturismo.com.br\/blog\/wp-content\/uploads\/2023\/04\/27030946738_981c011521_k.jpg\" \/>\n\t<meta property=\"og:image:width\" content=\"2048\" \/>\n\t<meta property=\"og:image:height\" content=\"1367\" \/>\n\t<meta property=\"og:image:type\" content=\"image\/jpeg\" \/>\n<meta name=\"author\" content=\"Blumar Turismo\" \/>\n<meta name=\"twitter:card\" content=\"summary_large_image\" \/>\n<meta name=\"twitter:label1\" content=\"Escrito por\" \/>\n\t<meta name=\"twitter:data1\" content=\"Blumar Turismo\" \/>\n\t<meta name=\"twitter:label2\" content=\"Est. tempo de leitura\" \/>\n\t<meta name=\"twitter:data2\" content=\"7 minutos\" \/>\n<script type=\"application\/ld+json\" class=\"yoast-schema-graph\">{\"@context\":\"https:\/\/schema.org\",\"@graph\":[{\"@type\":\"Article\",\"@id\":\"https:\/\/www.blumarturismo.com.br\/blog\/programacao-de-pascoa-em-gramado-2023-datas-e-atracoes\/#article\",\"isPartOf\":{\"@id\":\"https:\/\/www.blumarturismo.com.br\/blog\/programacao-de-pascoa-em-gramado-2023-datas-e-atracoes\/\"},\"author\":{\"name\":\"Blumar Turismo\",\"@id\":\"https:\/\/www.blumarturismo.com.br\/blog\/#\/schema\/person\/8c5b522f6a79142bafca484c4604fba7\"},\"headline\":\"Programa\u00e7\u00e3o de P\u00e1scoa em Gramado 2023: Datas e Atra\u00e7\u00f5es\",\"datePublished\":\"2023-04-05T14:23:27+00:00\",\"dateModified\":\"2023-09-14T16:34:50+00:00\",\"mainEntityOfPage\":{\"@id\":\"https:\/\/www.blumarturismo.com.br\/blog\/programacao-de-pascoa-em-gramado-2023-datas-e-atracoes\/\"},\"wordCount\":750,\"publisher\":{\"@id\":\"https:\/\/www.blumarturismo.com.br\/blog\/#organization\"},\"image\":{\"@id\":\"https:\/\/www.blumarturismo.com.br\/blog\/programacao-de-pascoa-em-gramado-2023-datas-e-atracoes\/#primaryimage\"},\"thumbnailUrl\":\"https:\/\/www.blumarturismo.com.br\/blog\/wp-content\/uploads\/2023\/04\/27030946738_981c011521_k.jpg\",\"articleSection\":[\"Destinos Nacionais\",\"Eventos &amp; Festivais\"],\"inLanguage\":\"pt-BR\"},{\"@type\":\"WebPage\",\"@id\":\"https:\/\/www.blumarturismo.com.br\/blog\/programacao-de-pascoa-em-gramado-2023-datas-e-atracoes\/\",\"url\":\"https:\/\/www.blumarturismo.com.br\/blog\/programacao-de-pascoa-em-gramado-2023-datas-e-atracoes\/\",\"name\":\"Programa\u00e7\u00e3o de P\u00e1scoa em Gramado 2023: Datas e Atra\u00e7\u00f5es\",\"isPartOf\":{\"@id\":\"https:\/\/www.blumarturismo.com.br\/blog\/#website\"},\"primaryImageOfPage\":{\"@id\":\"https:\/\/www.blumarturismo.com.br\/blog\/programacao-de-pascoa-em-gramado-2023-datas-e-atracoes\/#primaryimage\"},\"image\":{\"@id\":\"https:\/\/www.blumarturismo.com.br\/blog\/programacao-de-pascoa-em-gramado-2023-datas-e-atracoes\/#primaryimage\"},\"thumbnailUrl\":\"https:\/\/www.blumarturismo.com.br\/blog\/wp-content\/uploads\/2023\/04\/27030946738_981c011521_k.jpg\",\"datePublished\":\"2023-04-05T14:23:27+00:00\",\"dateModified\":\"2023-09-14T16:34:50+00:00\",\"description\":\"A Blumar Turismo traz para voc\u00ea a programa\u00e7\u00e3o de p\u00e1scoa em Gramado 2023, com todas as datas e atra\u00e7\u00f5es. Aproveite !\",\"breadcrumb\":{\"@id\":\"https:\/\/www.blumarturismo.com.br\/blog\/programacao-de-pascoa-em-gramado-2023-datas-e-atracoes\/#breadcrumb\"},\"inLanguage\":\"pt-BR\",\"potentialAction\":[{\"@type\":\"ReadAction\",\"target\":[\"https:\/\/www.blumarturismo.com.br\/blog\/programacao-de-pascoa-em-gramado-2023-datas-e-atracoes\/\"]}]},{\"@type\":\"ImageObject\",\"inLanguage\":\"pt-BR\",\"@id\":\"https:\/\/www.blumarturismo.com.br\/blog\/programacao-de-pascoa-em-gramado-2023-datas-e-atracoes\/#primaryimage\",\"url\":\"https:\/\/www.blumarturismo.com.br\/blog\/wp-content\/uploads\/2023\/04\/27030946738_981c011521_k.jpg\",\"contentUrl\":\"https:\/\/www.blumarturismo.com.br\/blog\/wp-content\/uploads\/2023\/04\/27030946738_981c011521_k.jpg\",\"width\":2048,\"height\":1367,\"caption\":\"Renato Soares - MTUR - Programa\u00e7\u00e3o de P\u00e1scoa em Gramado 2023\"},{\"@type\":\"BreadcrumbList\",\"@id\":\"https:\/\/www.blumarturismo.com.br\/blog\/programacao-de-pascoa-em-gramado-2023-datas-e-atracoes\/#breadcrumb\",\"itemListElement\":[{\"@type\":\"ListItem\",\"position\":1,\"name\":\"In\u00edcio\",\"item\":\"https:\/\/www.blumarturismo.com.br\/blog\/\"},{\"@type\":\"ListItem\",\"position\":2,\"name\":\"Programa\u00e7\u00e3o de P\u00e1scoa em Gramado 2023: Datas e Atra\u00e7\u00f5es\"}]},{\"@type\":\"WebSite\",\"@id\":\"https:\/\/www.blumarturismo.com.br\/blog\/#website\",\"url\":\"https:\/\/www.blumarturismo.com.br\/blog\/\",\"name\":\"Blog Blumar Turismo: O Seu Portal para Viagens Extraordin\u00e1rias\",\"description\":\"Viajar \u00e9 nossa paix\u00e3o e expertise, e agora compartilhamos isso com voc\u00ea atrav\u00e9s do nosso blog. Com mais de 30 anos de hist\u00f3ria, a Blumar Turismo \u00e9 seu parceiro confi\u00e1vel para aventuras memor\u00e1veis. Explore conosco\",\"publisher\":{\"@id\":\"https:\/\/www.blumarturismo.com.br\/blog\/#organization\"},\"potentialAction\":[{\"@type\":\"SearchAction\",\"target\":{\"@type\":\"EntryPoint\",\"urlTemplate\":\"https:\/\/www.blumarturismo.com.br\/blog\/?s={search_term_string}\"},\"query-input\":{\"@type\":\"PropertyValueSpecification\",\"valueRequired\":true,\"valueName\":\"search_term_string\"}}],\"inLanguage\":\"pt-BR\"},{\"@type\":\"Organization\",\"@id\":\"https:\/\/www.blumarturismo.com.br\/blog\/#organization\",\"name\":\"Blumar Turismo\",\"url\":\"https:\/\/www.blumarturismo.com.br\/blog\/\",\"logo\":{\"@type\":\"ImageObject\",\"inLanguage\":\"pt-BR\",\"@id\":\"https:\/\/www.blumarturismo.com.br\/blog\/#\/schema\/logo\/image\/\",\"url\":\"https:\/\/www.blumarturismo.com.br\/blog\/wp-content\/uploads\/2020\/11\/cropped-logo_blumar_nacional2-2.jpg\",\"contentUrl\":\"https:\/\/www.blumarturismo.com.br\/blog\/wp-content\/uploads\/2020\/11\/cropped-logo_blumar_nacional2-2.jpg\",\"width\":167,\"height\":50,\"caption\":\"Blumar Turismo\"},\"image\":{\"@id\":\"https:\/\/www.blumarturismo.com.br\/blog\/#\/schema\/logo\/image\/\"},\"sameAs\":[\"https:\/\/www.facebook.com\/blumarviagenseturismo\",\"https:\/\/www.instagram.com\/blumarturismo\/\"]},{\"@type\":\"Person\",\"@id\":\"https:\/\/www.blumarturismo.com.br\/blog\/#\/schema\/person\/8c5b522f6a79142bafca484c4604fba7\",\"name\":\"Blumar Turismo\",\"image\":{\"@type\":\"ImageObject\",\"inLanguage\":\"pt-BR\",\"@id\":\"https:\/\/www.blumarturismo.com.br\/blog\/#\/schema\/person\/image\/\",\"url\":\"https:\/\/secure.gravatar.com\/avatar\/18a47e99a2b3ce558e7834aabf1bb475e0ae3a970dea40e74a2d2b71531fbe3b?s=96&d=mm&r=g\",\"contentUrl\":\"https:\/\/secure.gravatar.com\/avatar\/18a47e99a2b3ce558e7834aabf1bb475e0ae3a970dea40e74a2d2b71531fbe3b?s=96&d=mm&r=g\",\"caption\":\"Blumar Turismo\"},\"description\":\"Com uma trajet\u00f3ria consolidada de mais de 30 anos no setor de turismo, a Blumar Turismo se estabeleceu como l\u00edder gra\u00e7as ao seu compromisso cont\u00ednuo com a qualidade e satisfa\u00e7\u00e3o do cliente. Nossa experi\u00eancia traduz-se em viagens que v\u00e3o al\u00e9m da expectativa. Nosso Legado: 1. Expertise e Excel\u00eancia: Com tr\u00eas d\u00e9cadas de dedica\u00e7\u00e3o, aprofundamos nossa expertise para oferecer servi\u00e7os de viagem personalizados e de alto padr\u00e3o. Cada viagem, seja econ\u00f4mica ou de luxo, \u00e9 meticulosamente projetada para garantir experi\u00eancias not\u00e1veis. 2. Vanguarda em Inova\u00e7\u00e3o e Tecnologia: Nossa miss\u00e3o \u00e9 sempre liderar, incorporando as solu\u00e7\u00f5es mais avan\u00e7adas em produtos e tecnologias. A inova\u00e7\u00e3o \u00e9 intr\u00ednseca \u00e0 Blumar, permitindo-nos aprimorar constantemente a experi\u00eancia de viagem de nossos clientes. 3. Nossa Equipe, Nosso Diferencial: O verdadeiro motor da Blumar Turismo \u00e9 nossa equipe de profissionais. Com paix\u00e3o e dedica\u00e7\u00e3o, eles garantem que cada itiner\u00e1rio se transforme em uma experi\u00eancia \u00fanica e memor\u00e1vel. Seu comprometimento \u00e9 o que nos faz ganhar a confian\u00e7a de nossos clientes repetidamente. Na Blumar, n\u00e3o se trata apenas de vender pacotes de viagem, mas de projetar experi\u00eancias. Nossos roteiros prometem criar mem\u00f3rias duradouras, proporcionando viagens ricas em descobertas e emo\u00e7\u00f5es. Cremos que viajar \u00e9 uma forma de enriquecimento pessoal, explorando novas perspectivas e redefinindo-se a cada novo destino. Explore o mundo com a Blumar Turismo e torne sua jornada verdadeiramente extraordin\u00e1ria.\",\"sameAs\":[\"https:\/\/www.facebook.com\/blumarviagenseturismo\",\"https:\/\/www.instagram.com\/blumarturismo\/\",\"https:\/\/www.linkedin.com\/company\/blumar-turismo\/\",\"https:\/\/www.youtube.com\/@BlumarTurismo\"],\"award\":[\"2002 | 7th World Petroleum Congress & Rio Oil & Gas Expo\",\"2003 | 27\u00ba International Congress on Occupational Health - ICOH\",\"2004 | IOF World Congress on Osteoporosis 2004\",\"2005 | XXV Brazilian Congress on Rheumatology\",\"2006 | 3rd World Congress on AIDS\",\"2007 | 66th FIP Congress of Pharmacy and Pharmaceutical Sciences\",\"2008 | 62\u00ba Congresso Brasileiro de Cardiologia\",\"2009 | 3rd World Congress of Pediatric Gastroenterology Hepatology and Nutrition\",\"2010 | Pr\u00eamio Caio da D\u00e9cada - Jacar\u00e9 de Diamante - pelo 3rd World Congress on AIDS\",\"2011 | XIV Congresso SOBRICE\",\"2012 | XVIII Congresso da Sociedade Brasileira de Diabetes\",\"2013 | 67\u00ba Congresso da Sociedade Brasileira de Dermatologia\",\"2016 | Congresso Mundial da Propriedade Intelectual da AIPPI\"],\"knowsAbout\":[\"Turismo de Luxo\",\"Consultoria Personalizada\",\"Opera\u00e7\u00e3o de Programas Tur\u00edsticos Customizados\",\"Tours Variados\",\"Sele\u00e7\u00e3o de Hot\u00e9is e Experi\u00eancias Inesquec\u00edveis\"],\"knowsLanguage\":[\"Ingles\",\"Portugu\u00eas\",\"Espanhol\"],\"jobTitle\":\"Operadora de Turismo e Ag\u00eancia de Viagens\",\"worksFor\":\"Blumar Turismo\",\"url\":\"https:\/\/www.blumarturismo.com.br\/blog\/author\/guilherme\/\"}]}<\/script>\n<!-- \/ Yoast SEO Premium plugin. -->","yoast_head_json":{"title":"Programa\u00e7\u00e3o de P\u00e1scoa em Gramado 2023: Datas e Atra\u00e7\u00f5es","description":"A Blumar Turismo traz para voc\u00ea a programa\u00e7\u00e3o de p\u00e1scoa em Gramado 2023, com todas as datas e atra\u00e7\u00f5es. Aproveite !","robots":{"index":"index","follow":"follow","max-snippet":"max-snippet:-1","max-image-preview":"max-image-preview:large","max-video-preview":"max-video-preview:-1"},"canonical":"https:\/\/www.blumarturismo.com.br\/blog\/programacao-de-pascoa-em-gramado-2023-datas-e-atracoes\/","og_locale":"pt_BR","og_type":"article","og_title":"Programa\u00e7\u00e3o de P\u00e1scoa em Gramado 2023: Datas e Atra\u00e7\u00f5es","og_description":"A Blumar Turismo traz para voc\u00ea a programa\u00e7\u00e3o de p\u00e1scoa em Gramado 2023, com todas as datas e atra\u00e7\u00f5es. Aproveite !","og_url":"https:\/\/www.blumarturismo.com.br\/blog\/programacao-de-pascoa-em-gramado-2023-datas-e-atracoes\/","og_site_name":"Blog Blumar Turismo: O Seu Portal para Viagens Extraordin\u00e1rias","article_publisher":"https:\/\/www.facebook.com\/blumarviagenseturismo","article_author":"https:\/\/www.facebook.com\/blumarviagenseturismo","article_published_time":"2023-04-05T14:23:27+00:00","article_modified_time":"2023-09-14T16:34:50+00:00","og_image":[{"width":2048,"height":1367,"url":"https:\/\/www.blumarturismo.com.br\/blog\/wp-content\/uploads\/2023\/04\/27030946738_981c011521_k.jpg","type":"image\/jpeg"}],"author":"Blumar Turismo","twitter_card":"summary_large_image","twitter_misc":{"Escrito por":"Blumar Turismo","Est. tempo de leitura":"7 minutos"},"schema":{"@context":"https:\/\/schema.org","@graph":[{"@type":"Article","@id":"https:\/\/www.blumarturismo.com.br\/blog\/programacao-de-pascoa-em-gramado-2023-datas-e-atracoes\/#article","isPartOf":{"@id":"https:\/\/www.blumarturismo.com.br\/blog\/programacao-de-pascoa-em-gramado-2023-datas-e-atracoes\/"},"author":{"name":"Blumar Turismo","@id":"https:\/\/www.blumarturismo.com.br\/blog\/#\/schema\/person\/8c5b522f6a79142bafca484c4604fba7"},"headline":"Programa\u00e7\u00e3o de P\u00e1scoa em Gramado 2023: Datas e Atra\u00e7\u00f5es","datePublished":"2023-04-05T14:23:27+00:00","dateModified":"2023-09-14T16:34:50+00:00","mainEntityOfPage":{"@id":"https:\/\/www.blumarturismo.com.br\/blog\/programacao-de-pascoa-em-gramado-2023-datas-e-atracoes\/"},"wordCount":750,"publisher":{"@id":"https:\/\/www.blumarturismo.com.br\/blog\/#organization"},"image":{"@id":"https:\/\/www.blumarturismo.com.br\/blog\/programacao-de-pascoa-em-gramado-2023-datas-e-atracoes\/#primaryimage"},"thumbnailUrl":"https:\/\/www.blumarturismo.com.br\/blog\/wp-content\/uploads\/2023\/04\/27030946738_981c011521_k.jpg","articleSection":["Destinos Nacionais","Eventos &amp; Festivais"],"inLanguage":"pt-BR"},{"@type":"WebPage","@id":"https:\/\/www.blumarturismo.com.br\/blog\/programacao-de-pascoa-em-gramado-2023-datas-e-atracoes\/","url":"https:\/\/www.blumarturismo.com.br\/blog\/programacao-de-pascoa-em-gramado-2023-datas-e-atracoes\/","name":"Programa\u00e7\u00e3o de P\u00e1scoa em Gramado 2023: Datas e Atra\u00e7\u00f5es","isPartOf":{"@id":"https:\/\/www.blumarturismo.com.br\/blog\/#website"},"primaryImageOfPage":{"@id":"https:\/\/www.blumarturismo.com.br\/blog\/programacao-de-pascoa-em-gramado-2023-datas-e-atracoes\/#primaryimage"},"image":{"@id":"https:\/\/www.blumarturismo.com.br\/blog\/programacao-de-pascoa-em-gramado-2023-datas-e-atracoes\/#primaryimage"},"thumbnailUrl":"https:\/\/www.blumarturismo.com.br\/blog\/wp-content\/uploads\/2023\/04\/27030946738_981c011521_k.jpg","datePublished":"2023-04-05T14:23:27+00:00","dateModified":"2023-09-14T16:34:50+00:00","description":"A Blumar Turismo traz para voc\u00ea a programa\u00e7\u00e3o de p\u00e1scoa em Gramado 2023, com todas as datas e atra\u00e7\u00f5es. Aproveite !","breadcrumb":{"@id":"https:\/\/www.blumarturismo.com.br\/blog\/programacao-de-pascoa-em-gramado-2023-datas-e-atracoes\/#breadcrumb"},"inLanguage":"pt-BR","potentialAction":[{"@type":"ReadAction","target":["https:\/\/www.blumarturismo.com.br\/blog\/programacao-de-pascoa-em-gramado-2023-datas-e-atracoes\/"]}]},{"@type":"ImageObject","inLanguage":"pt-BR","@id":"https:\/\/www.blumarturismo.com.br\/blog\/programacao-de-pascoa-em-gramado-2023-datas-e-atracoes\/#primaryimage","url":"https:\/\/www.blumarturismo.com.br\/blog\/wp-content\/uploads\/2023\/04\/27030946738_981c011521_k.jpg","contentUrl":"https:\/\/www.blumarturismo.com.br\/blog\/wp-content\/uploads\/2023\/04\/27030946738_981c011521_k.jpg","width":2048,"height":1367,"caption":"Renato Soares - MTUR - Programa\u00e7\u00e3o de P\u00e1scoa em Gramado 2023"},{"@type":"BreadcrumbList","@id":"https:\/\/www.blumarturismo.com.br\/blog\/programacao-de-pascoa-em-gramado-2023-datas-e-atracoes\/#breadcrumb","itemListElement":[{"@type":"ListItem","position":1,"name":"In\u00edcio","item":"https:\/\/www.blumarturismo.com.br\/blog\/"},{"@type":"ListItem","position":2,"name":"Programa\u00e7\u00e3o de P\u00e1scoa em Gramado 2023: Datas e Atra\u00e7\u00f5es"}]},{"@type":"WebSite","@id":"https:\/\/www.blumarturismo.com.br\/blog\/#website","url":"https:\/\/www.blumarturismo.com.br\/blog\/","name":"Blog Blumar Turismo: O Seu Portal para Viagens Extraordin\u00e1rias","description":"Viajar \u00e9 nossa paix\u00e3o e expertise, e agora compartilhamos isso com voc\u00ea atrav\u00e9s do nosso blog. Com mais de 30 anos de hist\u00f3ria, a Blumar Turismo \u00e9 seu parceiro confi\u00e1vel para aventuras memor\u00e1veis. Explore conosco","publisher":{"@id":"https:\/\/www.blumarturismo.com.br\/blog\/#organization"},"potentialAction":[{"@type":"SearchAction","target":{"@type":"EntryPoint","urlTemplate":"https:\/\/www.blumarturismo.com.br\/blog\/?s={search_term_string}"},"query-input":{"@type":"PropertyValueSpecification","valueRequired":true,"valueName":"search_term_string"}}],"inLanguage":"pt-BR"},{"@type":"Organization","@id":"https:\/\/www.blumarturismo.com.br\/blog\/#organization","name":"Blumar Turismo","url":"https:\/\/www.blumarturismo.com.br\/blog\/","logo":{"@type":"ImageObject","inLanguage":"pt-BR","@id":"https:\/\/www.blumarturismo.com.br\/blog\/#\/schema\/logo\/image\/","url":"https:\/\/www.blumarturismo.com.br\/blog\/wp-content\/uploads\/2020\/11\/cropped-logo_blumar_nacional2-2.jpg","contentUrl":"https:\/\/www.blumarturismo.com.br\/blog\/wp-content\/uploads\/2020\/11\/cropped-logo_blumar_nacional2-2.jpg","width":167,"height":50,"caption":"Blumar Turismo"},"image":{"@id":"https:\/\/www.blumarturismo.com.br\/blog\/#\/schema\/logo\/image\/"},"sameAs":["https:\/\/www.facebook.com\/blumarviagenseturismo","https:\/\/www.instagram.com\/blumarturismo\/"]},{"@type":"Person","@id":"https:\/\/www.blumarturismo.com.br\/blog\/#\/schema\/person\/8c5b522f6a79142bafca484c4604fba7","name":"Blumar Turismo","image":{"@type":"ImageObject","inLanguage":"pt-BR","@id":"https:\/\/www.blumarturismo.com.br\/blog\/#\/schema\/person\/image\/","url":"https:\/\/secure.gravatar.com\/avatar\/18a47e99a2b3ce558e7834aabf1bb475e0ae3a970dea40e74a2d2b71531fbe3b?s=96&d=mm&r=g","contentUrl":"https:\/\/secure.gravatar.com\/avatar\/18a47e99a2b3ce558e7834aabf1bb475e0ae3a970dea40e74a2d2b71531fbe3b?s=96&d=mm&r=g","caption":"Blumar Turismo"},"description":"Com uma trajet\u00f3ria consolidada de mais de 30 anos no setor de turismo, a Blumar Turismo se estabeleceu como l\u00edder gra\u00e7as ao seu compromisso cont\u00ednuo com a qualidade e satisfa\u00e7\u00e3o do cliente. Nossa experi\u00eancia traduz-se em viagens que v\u00e3o al\u00e9m da expectativa. Nosso Legado: 1. Expertise e Excel\u00eancia: Com tr\u00eas d\u00e9cadas de dedica\u00e7\u00e3o, aprofundamos nossa expertise para oferecer servi\u00e7os de viagem personalizados e de alto padr\u00e3o. Cada viagem, seja econ\u00f4mica ou de luxo, \u00e9 meticulosamente projetada para garantir experi\u00eancias not\u00e1veis. 2. Vanguarda em Inova\u00e7\u00e3o e Tecnologia: Nossa miss\u00e3o \u00e9 sempre liderar, incorporando as solu\u00e7\u00f5es mais avan\u00e7adas em produtos e tecnologias. A inova\u00e7\u00e3o \u00e9 intr\u00ednseca \u00e0 Blumar, permitindo-nos aprimorar constantemente a experi\u00eancia de viagem de nossos clientes. 3. Nossa Equipe, Nosso Diferencial: O verdadeiro motor da Blumar Turismo \u00e9 nossa equipe de profissionais. Com paix\u00e3o e dedica\u00e7\u00e3o, eles garantem que cada itiner\u00e1rio se transforme em uma experi\u00eancia \u00fanica e memor\u00e1vel. Seu comprometimento \u00e9 o que nos faz ganhar a confian\u00e7a de nossos clientes repetidamente. Na Blumar, n\u00e3o se trata apenas de vender pacotes de viagem, mas de projetar experi\u00eancias. Nossos roteiros prometem criar mem\u00f3rias duradouras, proporcionando viagens ricas em descobertas e emo\u00e7\u00f5es. Cremos que viajar \u00e9 uma forma de enriquecimento pessoal, explorando novas perspectivas e redefinindo-se a cada novo destino. Explore o mundo com a Blumar Turismo e torne sua jornada verdadeiramente extraordin\u00e1ria.","sameAs":["https:\/\/www.facebook.com\/blumarviagenseturismo","https:\/\/www.instagram.com\/blumarturismo\/","https:\/\/www.linkedin.com\/company\/blumar-turismo\/","https:\/\/www.youtube.com\/@BlumarTurismo"],"award":["2002 | 7th World Petroleum Congress & Rio Oil & Gas Expo","2003 | 27\u00ba International Congress on Occupational Health - ICOH","2004 | IOF World Congress on Osteoporosis 2004","2005 | XXV Brazilian Congress on Rheumatology","2006 | 3rd World Congress on AIDS","2007 | 66th FIP Congress of Pharmacy and Pharmaceutical Sciences","2008 | 62\u00ba Congresso Brasileiro de Cardiologia","2009 | 3rd World Congress of Pediatric Gastroenterology Hepatology and Nutrition","2010 | Pr\u00eamio Caio da D\u00e9cada - Jacar\u00e9 de Diamante - pelo 3rd World Congress on AIDS","2011 | XIV Congresso SOBRICE","2012 | XVIII Congresso da Sociedade Brasileira de Diabetes","2013 | 67\u00ba Congresso da Sociedade Brasileira de Dermatologia","2016 | Congresso Mundial da Propriedade Intelectual da AIPPI"],"knowsAbout":["Turismo de Luxo","Consultoria Personalizada","Opera\u00e7\u00e3o de Programas Tur\u00edsticos Customizados","Tours Variados","Sele\u00e7\u00e3o de Hot\u00e9is e Experi\u00eancias Inesquec\u00edveis"],"knowsLanguage":["Ingles","Portugu\u00eas","Espanhol"],"jobTitle":"Operadora de Turismo e Ag\u00eancia de Viagens","worksFor":"Blumar Turismo","url":"https:\/\/www.blumarturismo.com.br\/blog\/author\/guilherme\/"}]}},"_links":{"self":[{"href":"https:\/\/www.blumarturismo.com.br\/blog\/wp-json\/wp\/v2\/posts\/25239","targetHints":{"allow":["GET"]}}],"collection":[{"href":"https:\/\/www.blumarturismo.com.br\/blog\/wp-json\/wp\/v2\/posts"}],"about":[{"href":"https:\/\/www.blumarturismo.com.br\/blog\/wp-json\/wp\/v2\/types\/post"}],"author":[{"embeddable":true,"href":"https:\/\/www.blumarturismo.com.br\/blog\/wp-json\/wp\/v2\/users\/10"}],"replies":[{"embeddable":true,"href":"https:\/\/www.blumarturismo.com.br\/blog\/wp-json\/wp\/v2\/comments?post=25239"}],"version-history":[{"count":19,"href":"https:\/\/www.blumarturismo.com.br\/blog\/wp-json\/wp\/v2\/posts\/25239\/revisions"}],"predecessor-version":[{"id":37765,"href":"https:\/\/www.blumarturismo.com.br\/blog\/wp-json\/wp\/v2\/posts\/25239\/revisions\/37765"}],"wp:featuredmedia":[{"embeddable":true,"href":"https:\/\/www.blumarturismo.com.br\/blog\/wp-json\/wp\/v2\/media\/25246"}],"wp:attachment":[{"href":"https:\/\/www.blumarturismo.com.br\/blog\/wp-json\/wp\/v2\/media?parent=25239"}],"wp:term":[{"taxonomy":"category","embeddable":true,"href":"https:\/\/www.blumarturismo.com.br\/blog\/wp-json\/wp\/v2\/categories?post=25239"},{"taxonomy":"post_tag","embeddable":true,"href":"https:\/\/www.blumarturismo.com.br\/blog\/wp-json\/wp\/v2\/tags?post=25239"}],"curies":[{"name":"wp","href":"https:\/\/api.w.org\/{rel}","templated":true}]}}