{"id":27808,"date":"2025-12-03T12:39:52","date_gmt":"2025-12-03T15:39:52","guid":{"rendered":"https:\/\/www.blumarturismo.com.br\/blog\/?p=27808"},"modified":"2026-01-15T11:30:35","modified_gmt":"2026-01-15T14:30:35","slug":"roteiro-de-um-dia-para-curtir-o-bairro-da-lapa-no-rio-de-janeiro-incluindo-santa-teresa","status":"publish","type":"post","link":"https:\/\/www.blumarturismo.com.br\/blog\/roteiro-de-um-dia-para-curtir-o-bairro-da-lapa-no-rio-de-janeiro-incluindo-santa-teresa\/","title":{"rendered":"Roteiro de um dia para curtir o bairro da Lapa, no Rio de Janeiro, incluindo Santa Teresa"},"content":{"rendered":"\t\t<div data-elementor-type=\"wp-post\" data-elementor-id=\"27808\" class=\"elementor elementor-27808\" data-elementor-post-type=\"post\">\n\t\t\t\t\t\t\t<div class=\"elementor-element elementor-element-7a6af40 e-flex e-con-boxed e-con e-parent\" data-id=\"7a6af40\" data-element_type=\"container\" data-settings=\"{&quot;content_width&quot;:&quot;boxed&quot;}\" data-core-v316-plus=\"true\">\n\t\t\t\t\t<div class=\"e-con-inner\">\n\t\t\t\t<div class=\"elementor-element elementor-element-1444e0e elementor-widget elementor-widget-text-editor\" data-id=\"1444e0e\" data-element_type=\"widget\" data-widget_type=\"text-editor.default\">\n\t\t\t\t<div class=\"elementor-widget-container\">\n\t\t\t<style>\/*! elementor - v3.16.0 - 13-09-2023 *\/\n.elementor-widget-text-editor.elementor-drop-cap-view-stacked .elementor-drop-cap{background-color:#69727d;color:#fff}.elementor-widget-text-editor.elementor-drop-cap-view-framed .elementor-drop-cap{color:#69727d;border:3px solid;background-color:transparent}.elementor-widget-text-editor:not(.elementor-drop-cap-view-default) .elementor-drop-cap{margin-top:8px}.elementor-widget-text-editor:not(.elementor-drop-cap-view-default) .elementor-drop-cap-letter{width:1em;height:1em}.elementor-widget-text-editor .elementor-drop-cap{float:left;text-align:center;line-height:1;font-size:50px}.elementor-widget-text-editor .elementor-drop-cap-letter{display:inline-block}<\/style>\t\t\t\t<p data-start=\"382\" data-end=\"876\">Explorar o <strong><a href=\"https:\/\/www.blumarturismo.com.br\/blog\/11-atracoes-imperdiveis-no-rio-de-janeiro\/\">Rio de Janeiro<\/a><\/strong> \u00e9 mergulhar em um universo de hist\u00f3rias, sabores, m\u00fasica e diversidade. E se existe um lugar onde tudo isso se encontra, \u00e9 na Lapa \u2014 ber\u00e7o da boemia carioca e ponto de partida perfeito para vivenciar a alma cultural da cidade. Neste <strong data-start=\"641\" data-end=\"691\">roteiro de um dia para curtir o bairro da Lapa<\/strong>, voc\u00ea vai descobrir como aproveitar ao m\u00e1ximo a regi\u00e3o e ainda combinar o passeio com o charmoso bairro de Santa Teresa. Prepare-se para uma experi\u00eancia rica, aut\u00eantica e inesquec\u00edvel.<\/p>\t\t\t\t\t\t<\/div>\n\t\t\t\t<\/div>\n\t\t\t\t\t<\/div>\n\t\t\t\t<\/div>\n\t\t<div class=\"elementor-element elementor-element-650e06a e-flex e-con-boxed e-con e-parent\" data-id=\"650e06a\" data-element_type=\"container\" data-settings=\"{&quot;content_width&quot;:&quot;boxed&quot;}\" data-core-v316-plus=\"true\">\n\t\t\t\t\t<div class=\"e-con-inner\">\n\t\t\t\t<div class=\"elementor-element elementor-element-90caf5a elementor-widget elementor-widget-heading\" data-id=\"90caf5a\" data-element_type=\"widget\" data-widget_type=\"heading.default\">\n\t\t\t\t<div class=\"elementor-widget-container\">\n\t\t\t<style>\/*! elementor - v3.16.0 - 13-09-2023 *\/\n.elementor-heading-title{padding:0;margin:0;line-height:1}.elementor-widget-heading .elementor-heading-title[class*=elementor-size-]>a{color:inherit;font-size:inherit;line-height:inherit}.elementor-widget-heading .elementor-heading-title.elementor-size-small{font-size:15px}.elementor-widget-heading .elementor-heading-title.elementor-size-medium{font-size:19px}.elementor-widget-heading .elementor-heading-title.elementor-size-large{font-size:29px}.elementor-widget-heading .elementor-heading-title.elementor-size-xl{font-size:39px}.elementor-widget-heading .elementor-heading-title.elementor-size-xxl{font-size:59px}<\/style><h2 class=\"elementor-heading-title elementor-size-large\">Por que montar um roteiro de um dia para curtir o bairro da Lapa?<\/h2>\t\t<\/div>\n\t\t\t\t<\/div>\n\t\t\t\t<div class=\"elementor-element elementor-element-5f5b895 elementor-widget elementor-widget-text-editor\" data-id=\"5f5b895\" data-element_type=\"widget\" data-widget_type=\"text-editor.default\">\n\t\t\t\t<div class=\"elementor-widget-container\">\n\t\t\t\t\t\t\t<p data-start=\"957\" data-end=\"1297\">A Lapa \u00e9 um dos bairros mais vibrantes do Rio. Segundo dados do Minist\u00e9rio do Turismo (2023), mais de <strong data-start=\"1059\" data-end=\"1086\">2 milh\u00f5es de visitantes<\/strong> passam pelo centro hist\u00f3rico e seus arredores todos os anos. O motivo \u00e9 simples: arquitetura ic\u00f4nica, vida noturna pulsante, cultura por todos os lados e f\u00e1cil acesso aos principais pontos tur\u00edsticos da cidade.<\/p><p data-start=\"1299\" data-end=\"1383\">Criar um <strong data-start=\"1308\" data-end=\"1358\">roteiro de um dia para curtir o bairro da Lapa<\/strong> \u00e9 ideal para quem busca:<\/p><ul data-start=\"1385\" data-end=\"1562\"><li data-start=\"1385\" data-end=\"1422\"><p data-start=\"1387\" data-end=\"1422\">Hist\u00f3ria e cultura em um s\u00f3 lugar<\/p><\/li><li data-start=\"1423\" data-end=\"1463\"><p data-start=\"1425\" data-end=\"1463\">Passeios a p\u00e9 com atrativos pr\u00f3ximos<\/p><\/li><li data-start=\"1464\" data-end=\"1499\"><p data-start=\"1466\" data-end=\"1499\">Gastronomia variada e acess\u00edvel<\/p><\/li><li data-start=\"1500\" data-end=\"1562\"><p data-start=\"1502\" data-end=\"1562\">Uma combina\u00e7\u00e3o perfeita com Santa Teresa, que fica ao lado<\/p><\/li><\/ul>\t\t\t\t\t\t<\/div>\n\t\t\t\t<\/div>\n\t\t\t\t\t<\/div>\n\t\t\t\t<\/div>\n\t\t<div class=\"elementor-element elementor-element-7393da2 e-flex e-con-boxed e-con e-parent\" data-id=\"7393da2\" data-element_type=\"container\" data-settings=\"{&quot;content_width&quot;:&quot;boxed&quot;}\" data-core-v316-plus=\"true\">\n\t\t\t\t\t<div class=\"e-con-inner\">\n\t\t\t\t<div class=\"elementor-element elementor-element-a17b7dd elementor-widget elementor-widget-heading\" data-id=\"a17b7dd\" data-element_type=\"widget\" data-widget_type=\"heading.default\">\n\t\t\t\t<div class=\"elementor-widget-container\">\n\t\t\t<h2 class=\"elementor-heading-title elementor-size-large\">Roteiro Completo: Como Curtir o Bairro da Lapa em Um Dia (com Santa Teresa)<\/h2>\t\t<\/div>\n\t\t\t\t<\/div>\n\t\t\t\t<div class=\"elementor-element elementor-element-2c98ebf elementor-widget elementor-widget-text-editor\" data-id=\"2c98ebf\" data-element_type=\"widget\" data-widget_type=\"text-editor.default\">\n\t\t\t\t<div class=\"elementor-widget-container\">\n\t\t\t\t\t\t\t<p data-start=\"1652\" data-end=\"1787\">A seguir, voc\u00ea encontra um guia detalhado e f\u00e1cil de seguir, com sugest\u00f5es de hor\u00e1rios, paradas estrat\u00e9gicas e experi\u00eancias aut\u00eanticas.<\/p>\t\t\t\t\t\t<\/div>\n\t\t\t\t<\/div>\n\t\t\t\t<div class=\"elementor-element elementor-element-694179c elementor-widget elementor-widget-heading\" data-id=\"694179c\" data-element_type=\"widget\" data-widget_type=\"heading.default\">\n\t\t\t\t<div class=\"elementor-widget-container\">\n\t\t\t<h3 class=\"elementor-heading-title elementor-size-large\">Manh\u00e3 \u2013 In\u00edcio cultural no cora\u00e7\u00e3o do Rio<\/h3>\t\t<\/div>\n\t\t\t\t<\/div>\n\t\t\t\t<div class=\"elementor-element elementor-element-1164615 elementor-widget elementor-widget-image\" data-id=\"1164615\" data-element_type=\"widget\" data-widget_type=\"image.default\">\n\t\t\t\t<div class=\"elementor-widget-container\">\n\t\t\t<style>\/*! elementor - v3.16.0 - 13-09-2023 *\/\n.elementor-widget-image{text-align:center}.elementor-widget-image a{display:inline-block}.elementor-widget-image a img[src$=\".svg\"]{width:48px}.elementor-widget-image img{vertical-align:middle;display:inline-block}<\/style>\t\t\t\t\t\t\t\t\t<figure class=\"wp-caption\">\n\t\t\t\t\t\t\t\t\t\t<img loading=\"lazy\" decoding=\"async\" width=\"1000\" height=\"667\" src=\"https:\/\/www.blumarturismo.com.br\/blog\/wp-content\/uploads\/2023\/05\/shutterstock_290471360-min.jpg\" class=\"attachment-large size-large wp-image-72904\" alt=\"Foto: Aleksandar Todorovic \/ Shutterstock.com\" srcset=\"https:\/\/www.blumarturismo.com.br\/blog\/wp-content\/uploads\/2023\/05\/shutterstock_290471360-min.jpg 1000w, https:\/\/www.blumarturismo.com.br\/blog\/wp-content\/uploads\/2023\/05\/shutterstock_290471360-min-300x200.jpg 300w, https:\/\/www.blumarturismo.com.br\/blog\/wp-content\/uploads\/2023\/05\/shutterstock_290471360-min-768x512.jpg 768w\" sizes=\"auto, (max-width: 1000px) 100vw, 1000px\" \/>\t\t\t\t\t\t\t\t\t\t\t<figcaption class=\"widget-image-caption wp-caption-text\">Foto: Aleksandar Todorovic \/ Shutterstock.com<\/figcaption>\n\t\t\t\t\t\t\t\t\t\t<\/figure>\n\t\t\t\t\t\t\t\t\t<\/div>\n\t\t\t\t<\/div>\n\t\t\t\t<div class=\"elementor-element elementor-element-f962637 elementor-widget elementor-widget-heading\" data-id=\"f962637\" data-element_type=\"widget\" data-widget_type=\"heading.default\">\n\t\t\t\t<div class=\"elementor-widget-container\">\n\t\t\t<h4 class=\"elementor-heading-title elementor-size-medium\">1. Arcos da Lapa: o cart\u00e3o-postal que abre o roteiro de um dia para curtir o bairro da Lapa<\/h4>\t\t<\/div>\n\t\t\t\t<\/div>\n\t\t\t\t<div class=\"elementor-element elementor-element-cc102d4 elementor-widget elementor-widget-text-editor\" data-id=\"cc102d4\" data-element_type=\"widget\" data-widget_type=\"text-editor.default\">\n\t\t\t\t<div class=\"elementor-widget-container\">\n\t\t\t\t\t\t\t<p data-start=\"1987\" data-end=\"2325\">Comece cedo nos <strong data-start=\"2003\" data-end=\"2020\">Arcos da Lapa<\/strong>, o s\u00edmbolo m\u00e1ximo da regi\u00e3o. Constru\u00eddo no s\u00e9culo XVIII para canalizar \u00e1gua at\u00e9 o centro do Rio, o aqueduto \u00e9 hoje um dos mais fotografados monumentos da cidade. Aproveite a luz suave da manh\u00e3 para tirar fotos incr\u00edveis e entender por que este \u00e9 um dos principais pontos tur\u00edsticos segundo o Guia RioTur.<\/p>\t\t\t\t\t\t<\/div>\n\t\t\t\t<\/div>\n\t\t\t\t<div class=\"elementor-element elementor-element-6109b0c elementor-widget elementor-widget-heading\" data-id=\"6109b0c\" data-element_type=\"widget\" data-widget_type=\"heading.default\">\n\t\t\t\t<div class=\"elementor-widget-container\">\n\t\t\t<h4 class=\"elementor-heading-title elementor-size-medium\">2. Escadaria Selar\u00f3n \u2013 Arte viva e colorida<\/h4>\t\t<\/div>\n\t\t\t\t<\/div>\n\t\t\t\t<div class=\"elementor-element elementor-element-b79d603 elementor-widget elementor-widget-text-editor\" data-id=\"b79d603\" data-element_type=\"widget\" data-widget_type=\"text-editor.default\">\n\t\t\t\t<div class=\"elementor-widget-container\">\n\t\t\t\t\t\t\t<p data-start=\"2422\" data-end=\"2736\">A poucos passos dali, voc\u00ea chega \u00e0 famosa <strong data-start=\"2464\" data-end=\"2485\">Escadaria Selar\u00f3n<\/strong>. Feita pelo artista chileno Jorge Selar\u00f3n, a obra possui mais de <strong data-start=\"2551\" data-end=\"2569\">2.000 azulejos<\/strong> de 60 pa\u00edses. A UNESCO j\u00e1 destacou o local como um dos s\u00edmbolos da arte urbana mundial. Suba com calma, observe os detalhes e sinta a energia multicultural da regi\u00e3o.<\/p>\t\t\t\t\t\t<\/div>\n\t\t\t\t<\/div>\n\t\t\t\t\t<\/div>\n\t\t\t\t<\/div>\n\t\t<div class=\"elementor-element elementor-element-26293f0 e-flex e-con-boxed e-con e-parent\" data-id=\"26293f0\" data-element_type=\"container\" data-settings=\"{&quot;content_width&quot;:&quot;boxed&quot;}\" data-core-v316-plus=\"true\">\n\t\t\t\t\t<div class=\"e-con-inner\">\n\t\t\t\t<div class=\"elementor-element elementor-element-bfcf126 elementor-widget elementor-widget-heading\" data-id=\"bfcf126\" data-element_type=\"widget\" data-widget_type=\"heading.default\">\n\t\t\t\t<div class=\"elementor-widget-container\">\n\t\t\t<h3 class=\"elementor-heading-title elementor-size-large\">Meio-dia \u2013 Santa Teresa: charme, vista e gastronomia<\/h3>\t\t<\/div>\n\t\t\t\t<\/div>\n\t\t\t\t<div class=\"elementor-element elementor-element-59e0109 elementor-widget elementor-widget-image\" data-id=\"59e0109\" data-element_type=\"widget\" data-widget_type=\"image.default\">\n\t\t\t\t<div class=\"elementor-widget-container\">\n\t\t\t\t\t\t\t\t\t\t\t\t<figure class=\"wp-caption\">\n\t\t\t\t\t\t\t\t\t\t<img loading=\"lazy\" decoding=\"async\" width=\"1000\" height=\"665\" src=\"https:\/\/www.blumarturismo.com.br\/blog\/wp-content\/uploads\/2024\/11\/shutterstock_431102755-min.jpg\" class=\"attachment-large size-large wp-image-72744\" alt=\"Foto: Lazyllama \/ Shutterstock.com\" srcset=\"https:\/\/www.blumarturismo.com.br\/blog\/wp-content\/uploads\/2024\/11\/shutterstock_431102755-min.jpg 1000w, https:\/\/www.blumarturismo.com.br\/blog\/wp-content\/uploads\/2024\/11\/shutterstock_431102755-min-300x200.jpg 300w, https:\/\/www.blumarturismo.com.br\/blog\/wp-content\/uploads\/2024\/11\/shutterstock_431102755-min-768x511.jpg 768w\" sizes=\"auto, (max-width: 1000px) 100vw, 1000px\" \/>\t\t\t\t\t\t\t\t\t\t\t<figcaption class=\"widget-image-caption wp-caption-text\">Foto: Lazyllama \/ Shutterstock.com<\/figcaption>\n\t\t\t\t\t\t\t\t\t\t<\/figure>\n\t\t\t\t\t\t\t\t\t<\/div>\n\t\t\t\t<\/div>\n\t\t\t\t\t<\/div>\n\t\t\t\t<\/div>\n\t\t<div class=\"elementor-element elementor-element-6f742f1 e-flex e-con-boxed e-con e-parent\" data-id=\"6f742f1\" data-element_type=\"container\" data-settings=\"{&quot;content_width&quot;:&quot;boxed&quot;}\" data-core-v316-plus=\"true\">\n\t\t\t\t\t<div class=\"e-con-inner\">\n\t\t\t\t<div class=\"elementor-element elementor-element-5663f94 elementor-widget elementor-widget-heading\" data-id=\"5663f94\" data-element_type=\"widget\" data-widget_type=\"heading.default\">\n\t\t\t\t<div class=\"elementor-widget-container\">\n\t\t\t<h4 class=\"elementor-heading-title elementor-size-medium\">3. Subindo para Santa Teresa pelo bonde<\/h4>\t\t<\/div>\n\t\t\t\t<\/div>\n\t\t\t\t<div class=\"elementor-element elementor-element-7f0e476 elementor-widget elementor-widget-text-editor\" data-id=\"7f0e476\" data-element_type=\"widget\" data-widget_type=\"text-editor.default\">\n\t\t\t\t<div class=\"elementor-widget-container\">\n\t\t\t\t\t\t\t<p data-start=\"2895\" data-end=\"3123\">Pegue o tradicional <strong data-start=\"2915\" data-end=\"2940\">Bonde de Santa Teresa<\/strong>, que parte pr\u00f3ximo aos Arcos. Ele funciona desde 1877 e \u00e9 um dos \u00faltimos bondes el\u00e9tricos em opera\u00e7\u00e3o no Brasil \u2014 um patrim\u00f4nio tombado pelo IPHAN. A viagem j\u00e1 \u00e9 uma atra\u00e7\u00e3o \u00e0 parte.<\/p>\t\t\t\t\t\t<\/div>\n\t\t\t\t<\/div>\n\t\t\t\t\t<\/div>\n\t\t\t\t<\/div>\n\t\t<div class=\"elementor-element elementor-element-2de85a2 e-flex e-con-boxed e-con e-parent\" data-id=\"2de85a2\" data-element_type=\"container\" data-settings=\"{&quot;content_width&quot;:&quot;boxed&quot;}\" data-core-v316-plus=\"true\">\n\t\t\t\t\t<div class=\"e-con-inner\">\n\t\t\t\t<div class=\"elementor-element elementor-element-5fa0da6 elementor-widget elementor-widget-heading\" data-id=\"5fa0da6\" data-element_type=\"widget\" data-widget_type=\"heading.default\">\n\t\t\t\t<div class=\"elementor-widget-container\">\n\t\t\t<h4 class=\"elementor-heading-title elementor-size-medium\">4. Almo\u00e7o com vista e clima bo\u00eamio<\/h4>\t\t<\/div>\n\t\t\t\t<\/div>\n\t\t\t\t<div class=\"elementor-element elementor-element-04a20ae elementor-widget elementor-widget-text-editor\" data-id=\"04a20ae\" data-element_type=\"widget\" data-widget_type=\"text-editor.default\">\n\t\t\t\t<div class=\"elementor-widget-container\">\n\t\t\t\t\t\t\t<p data-start=\"3169\" data-end=\"3284\">Em Santa Teresa, as op\u00e7\u00f5es gastron\u00f4micas s\u00e3o muitas. Entre os mais recomendados por viajantes no TripAdvisor est\u00e3o:<\/p><ul data-start=\"3286\" data-end=\"3457\"><li data-start=\"3286\" data-end=\"3338\"><p data-start=\"3288\" data-end=\"3338\"><strong data-start=\"3288\" data-end=\"3304\">Caf\u00e9 do Alto<\/strong> \u2013 culin\u00e1ria nordestina saborosa<\/p><\/li><li data-start=\"3339\" data-end=\"3402\"><p data-start=\"3341\" data-end=\"3402\"><strong data-start=\"3341\" data-end=\"3359\">Bar do Mineiro<\/strong> \u2013 feijoada premiada e clima descontra\u00eddo<\/p><\/li><li data-start=\"3403\" data-end=\"3457\"><p data-start=\"3405\" data-end=\"3457\"><strong data-start=\"3405\" data-end=\"3418\">Apraz\u00edvel<\/strong> \u2013 vista panor\u00e2mica e pratos autorais<\/p><\/li><\/ul><p data-start=\"3459\" data-end=\"3512\">Escolha seu preferido e viva o clima \u00fanico do bairro.<\/p>\t\t\t\t\t\t<\/div>\n\t\t\t\t<\/div>\n\t\t\t\t\t<\/div>\n\t\t\t\t<\/div>\n\t\t<div class=\"elementor-element elementor-element-9b0c526 e-flex e-con-boxed e-con e-parent\" data-id=\"9b0c526\" data-element_type=\"container\" data-settings=\"{&quot;content_width&quot;:&quot;boxed&quot;}\" data-core-v316-plus=\"true\">\n\t\t\t\t\t<div class=\"e-con-inner\">\n\t\t\t\t<div class=\"elementor-element elementor-element-0d6c6a7 elementor-widget elementor-widget-heading\" data-id=\"0d6c6a7\" data-element_type=\"widget\" data-widget_type=\"heading.default\">\n\t\t\t\t<div class=\"elementor-widget-container\">\n\t\t\t<h4 class=\"elementor-heading-title elementor-size-medium\">5. Arte e hist\u00f3ria: Parque das Ru\u00ednas e Museu da Ch\u00e1cara do C\u00e9u<\/h4>\t\t<\/div>\n\t\t\t\t<\/div>\n\t\t\t\t<div class=\"elementor-element elementor-element-198b591 elementor-widget elementor-widget-text-editor\" data-id=\"198b591\" data-element_type=\"widget\" data-widget_type=\"text-editor.default\">\n\t\t\t\t<div class=\"elementor-widget-container\">\n\t\t\t\t\t\t\t<p data-start=\"3629\" data-end=\"3883\">O <strong data-start=\"3631\" data-end=\"3652\">Parque das Ru\u00ednas<\/strong> \u00e9 um dos mirantes mais lindos da cidade, com vista para o P\u00e3o de A\u00e7\u00facar, Marina da Gl\u00f3ria e Ba\u00eda de Guanabara. J\u00e1 o <strong data-start=\"3769\" data-end=\"3796\">Museu da Ch\u00e1cara do C\u00e9u<\/strong> abriga obras de Portinari, Debret e Di Cavalcanti \u2014 um prato cheio para quem ama arte.<\/p>\t\t\t\t\t\t<\/div>\n\t\t\t\t<\/div>\n\t\t\t\t\t<\/div>\n\t\t\t\t<\/div>\n\t\t<div class=\"elementor-element elementor-element-2c47efa e-flex e-con-boxed e-con e-parent\" data-id=\"2c47efa\" data-element_type=\"container\" data-settings=\"{&quot;content_width&quot;:&quot;boxed&quot;}\" data-core-v316-plus=\"true\">\n\t\t\t\t\t<div class=\"e-con-inner\">\n\t\t\t\t<div class=\"elementor-element elementor-element-379e47f elementor-widget elementor-widget-heading\" data-id=\"379e47f\" data-element_type=\"widget\" data-widget_type=\"heading.default\">\n\t\t\t\t<div class=\"elementor-widget-container\">\n\t\t\t<h3 class=\"elementor-heading-title elementor-size-large\">Tarde \u2013 Retorno \u00e0 Lapa e imers\u00e3o cultural<\/h3>\t\t<\/div>\n\t\t\t\t<\/div>\n\t\t\t\t<div class=\"elementor-element elementor-element-0118463 elementor-widget elementor-widget-image\" data-id=\"0118463\" data-element_type=\"widget\" data-widget_type=\"image.default\">\n\t\t\t\t<div class=\"elementor-widget-container\">\n\t\t\t\t\t\t\t\t\t\t\t\t<figure class=\"wp-caption\">\n\t\t\t\t\t\t\t\t\t\t<img loading=\"lazy\" decoding=\"async\" width=\"1024\" height=\"680\" src=\"https:\/\/www.blumarturismo.com.br\/blog\/wp-content\/uploads\/2023\/05\/Alexandre-Macieira-Riotur-6-min-1024x680.jpg\" class=\"attachment-large size-large wp-image-72905\" alt=\"Foto: Alexandre Macieira \/ Riotur\" srcset=\"https:\/\/www.blumarturismo.com.br\/blog\/wp-content\/uploads\/2023\/05\/Alexandre-Macieira-Riotur-6-min-1024x680.jpg 1024w, https:\/\/www.blumarturismo.com.br\/blog\/wp-content\/uploads\/2023\/05\/Alexandre-Macieira-Riotur-6-min-300x199.jpg 300w, https:\/\/www.blumarturismo.com.br\/blog\/wp-content\/uploads\/2023\/05\/Alexandre-Macieira-Riotur-6-min-768x510.jpg 768w, https:\/\/www.blumarturismo.com.br\/blog\/wp-content\/uploads\/2023\/05\/Alexandre-Macieira-Riotur-6-min-1536x1020.jpg 1536w, https:\/\/www.blumarturismo.com.br\/blog\/wp-content\/uploads\/2023\/05\/Alexandre-Macieira-Riotur-6-min.jpg 2047w\" sizes=\"auto, (max-width: 1024px) 100vw, 1024px\" \/>\t\t\t\t\t\t\t\t\t\t\t<figcaption class=\"widget-image-caption wp-caption-text\">Foto: Alexandre Macieira \/ Riotur <\/figcaption>\n\t\t\t\t\t\t\t\t\t\t<\/figure>\n\t\t\t\t\t\t\t\t\t<\/div>\n\t\t\t\t<\/div>\n\t\t\t\t\t<\/div>\n\t\t\t\t<\/div>\n\t\t<div class=\"elementor-element elementor-element-77004a8 e-flex e-con-boxed e-con e-parent\" data-id=\"77004a8\" data-element_type=\"container\" data-settings=\"{&quot;content_width&quot;:&quot;boxed&quot;}\" data-core-v316-plus=\"true\">\n\t\t\t\t\t<div class=\"e-con-inner\">\n\t\t\t\t<div class=\"elementor-element elementor-element-ee4eff5 elementor-widget elementor-widget-heading\" data-id=\"ee4eff5\" data-element_type=\"widget\" data-widget_type=\"heading.default\">\n\t\t\t\t<div class=\"elementor-widget-container\">\n\t\t\t<h4 class=\"elementor-heading-title elementor-size-medium\">6. Theatro Municipal e Cinel\u00e2ndia<\/h4>\t\t<\/div>\n\t\t\t\t<\/div>\n\t\t\t\t<div class=\"elementor-element elementor-element-b8b3344 elementor-widget elementor-widget-text-editor\" data-id=\"b8b3344\" data-element_type=\"widget\" data-widget_type=\"text-editor.default\">\n\t\t\t\t<div class=\"elementor-widget-container\">\n\t\t\t\t\t\t\t<p data-start=\"4025\" data-end=\"4319\">Des\u00e7a novamente para o centro e explore a <strong data-start=\"4067\" data-end=\"4081\">Cinel\u00e2ndia<\/strong>, polo cultural com cinemas, bibliotecas e caf\u00e9s hist\u00f3ricos. O <strong data-start=\"4144\" data-end=\"4165\">Theatro Municipal<\/strong>, inspirado na \u00d3pera de Paris, \u00e9 um dos pr\u00e9dios mais impressionantes do Brasil. Se poss\u00edvel, fa\u00e7a uma visita guiada \u2014 dura cerca de 1h e vale cada minuto.<\/p>\t\t\t\t\t\t<\/div>\n\t\t\t\t<\/div>\n\t\t\t\t\t<\/div>\n\t\t\t\t<\/div>\n\t\t<div class=\"elementor-element elementor-element-7bbbf6c e-flex e-con-boxed e-con e-parent\" data-id=\"7bbbf6c\" data-element_type=\"container\" data-settings=\"{&quot;content_width&quot;:&quot;boxed&quot;}\" data-core-v316-plus=\"true\">\n\t\t\t\t\t<div class=\"e-con-inner\">\n\t\t\t\t<div class=\"elementor-element elementor-element-a0a324f elementor-widget elementor-widget-heading\" data-id=\"a0a324f\" data-element_type=\"widget\" data-widget_type=\"heading.default\">\n\t\t\t\t<div class=\"elementor-widget-container\">\n\t\t\t<h3 class=\"elementor-heading-title elementor-size-large\">Final da tarde \u2013 Lapa ganhando vida<\/h3>\t\t<\/div>\n\t\t\t\t<\/div>\n\t\t\t\t<div class=\"elementor-element elementor-element-55b48f1 elementor-widget elementor-widget-image\" data-id=\"55b48f1\" data-element_type=\"widget\" data-widget_type=\"image.default\">\n\t\t\t\t<div class=\"elementor-widget-container\">\n\t\t\t\t\t\t\t\t\t\t\t\t<figure class=\"wp-caption\">\n\t\t\t\t\t\t\t\t\t\t<img loading=\"lazy\" decoding=\"async\" width=\"1024\" height=\"678\" src=\"https:\/\/www.blumarturismo.com.br\/blog\/wp-content\/uploads\/2023\/05\/Alexandre-Macieira-Riotur-65-min-1024x678.jpg\" class=\"attachment-large size-large wp-image-72906\" alt=\"Foto: Alexandre Macieira \/ Riotur\" srcset=\"https:\/\/www.blumarturismo.com.br\/blog\/wp-content\/uploads\/2023\/05\/Alexandre-Macieira-Riotur-65-min-1024x678.jpg 1024w, https:\/\/www.blumarturismo.com.br\/blog\/wp-content\/uploads\/2023\/05\/Alexandre-Macieira-Riotur-65-min-300x199.jpg 300w, https:\/\/www.blumarturismo.com.br\/blog\/wp-content\/uploads\/2023\/05\/Alexandre-Macieira-Riotur-65-min-768x509.jpg 768w, https:\/\/www.blumarturismo.com.br\/blog\/wp-content\/uploads\/2023\/05\/Alexandre-Macieira-Riotur-65-min-1536x1017.jpg 1536w, https:\/\/www.blumarturismo.com.br\/blog\/wp-content\/uploads\/2023\/05\/Alexandre-Macieira-Riotur-65-min.jpg 2047w\" sizes=\"auto, (max-width: 1024px) 100vw, 1024px\" \/>\t\t\t\t\t\t\t\t\t\t\t<figcaption class=\"widget-image-caption wp-caption-text\">Foto: Alexandre Macieira \/ Riotur <\/figcaption>\n\t\t\t\t\t\t\t\t\t\t<\/figure>\n\t\t\t\t\t\t\t\t\t<\/div>\n\t\t\t\t<\/div>\n\t\t\t\t\t<\/div>\n\t\t\t\t<\/div>\n\t\t<div class=\"elementor-element elementor-element-2d3c2a6 e-flex e-con-boxed e-con e-parent\" data-id=\"2d3c2a6\" data-element_type=\"container\" data-settings=\"{&quot;content_width&quot;:&quot;boxed&quot;}\" data-core-v316-plus=\"true\">\n\t\t\t\t\t<div class=\"e-con-inner\">\n\t\t\t\t<div class=\"elementor-element elementor-element-5cc69c7 elementor-widget elementor-widget-heading\" data-id=\"5cc69c7\" data-element_type=\"widget\" data-widget_type=\"heading.default\">\n\t\t\t\t<div class=\"elementor-widget-container\">\n\t\t\t<h4 class=\"elementor-heading-title elementor-size-medium\">7. Passeio pela Lavradio e a feira (aos s\u00e1bados)<\/h4>\t\t<\/div>\n\t\t\t\t<\/div>\n\t\t\t\t<div class=\"elementor-element elementor-element-41540c6 elementor-widget elementor-widget-text-editor\" data-id=\"41540c6\" data-element_type=\"widget\" data-widget_type=\"text-editor.default\">\n\t\t\t\t<div class=\"elementor-widget-container\">\n\t\t\t\t\t\t\t<p data-start=\"4428\" data-end=\"4630\">Se for s\u00e1bado, a <strong data-start=\"4445\" data-end=\"4468\">Feira do Rio Antigo<\/strong>, na Rua do Lavradio, \u00e9 imperd\u00edvel. Artesanato, m\u00fasica ao vivo, bares, antiguidades e restaurantes fazem desse evento um dos favoritos entre turistas e moradores.<\/p>\t\t\t\t\t\t<\/div>\n\t\t\t\t<\/div>\n\t\t\t\t\t<\/div>\n\t\t\t\t<\/div>\n\t\t<div class=\"elementor-element elementor-element-200f5a3 e-flex e-con-boxed e-con e-parent\" data-id=\"200f5a3\" data-element_type=\"container\" data-settings=\"{&quot;content_width&quot;:&quot;boxed&quot;}\" data-core-v316-plus=\"true\">\n\t\t\t\t\t<div class=\"e-con-inner\">\n\t\t\t\t<div class=\"elementor-element elementor-element-58b74a0 elementor-widget elementor-widget-heading\" data-id=\"58b74a0\" data-element_type=\"widget\" data-widget_type=\"heading.default\">\n\t\t\t\t<div class=\"elementor-widget-container\">\n\t\t\t<h3 class=\"elementor-heading-title elementor-size-large\">Noite \u2013 A boemia carioca no auge<\/h3>\t\t<\/div>\n\t\t\t\t<\/div>\n\t\t\t\t<div class=\"elementor-element elementor-element-b40fad9 elementor-widget elementor-widget-image\" data-id=\"b40fad9\" data-element_type=\"widget\" data-widget_type=\"image.default\">\n\t\t\t\t<div class=\"elementor-widget-container\">\n\t\t\t\t\t\t\t\t\t\t\t\t<figure class=\"wp-caption\">\n\t\t\t\t\t\t\t\t\t\t<img loading=\"lazy\" decoding=\"async\" width=\"1024\" height=\"576\" src=\"https:\/\/www.blumarturismo.com.br\/blog\/wp-content\/uploads\/2023\/05\/Drone-1024x576.jpg\" class=\"attachment-large size-large wp-image-72907\" alt=\"Foto: Irlen Menezes \/ Blumar Turismo\" srcset=\"https:\/\/www.blumarturismo.com.br\/blog\/wp-content\/uploads\/2023\/05\/Drone-1024x576.jpg 1024w, https:\/\/www.blumarturismo.com.br\/blog\/wp-content\/uploads\/2023\/05\/Drone-300x169.jpg 300w, https:\/\/www.blumarturismo.com.br\/blog\/wp-content\/uploads\/2023\/05\/Drone-768x432.jpg 768w, https:\/\/www.blumarturismo.com.br\/blog\/wp-content\/uploads\/2023\/05\/Drone-1536x864.jpg 1536w, https:\/\/www.blumarturismo.com.br\/blog\/wp-content\/uploads\/2023\/05\/Drone.jpg 1920w\" sizes=\"auto, (max-width: 1024px) 100vw, 1024px\" \/>\t\t\t\t\t\t\t\t\t\t\t<figcaption class=\"widget-image-caption wp-caption-text\">Foto: Irlen Menezes \/ Blumar Turismo<\/figcaption>\n\t\t\t\t\t\t\t\t\t\t<\/figure>\n\t\t\t\t\t\t\t\t\t<\/div>\n\t\t\t\t<\/div>\n\t\t\t\t\t<\/div>\n\t\t\t\t<\/div>\n\t\t<div class=\"elementor-element elementor-element-998b6e9 e-flex e-con-boxed e-con e-parent\" data-id=\"998b6e9\" data-element_type=\"container\" data-settings=\"{&quot;content_width&quot;:&quot;boxed&quot;}\" data-core-v316-plus=\"true\">\n\t\t\t\t\t<div class=\"e-con-inner\">\n\t\t\t\t<div class=\"elementor-element elementor-element-2b6e19a elementor-widget elementor-widget-heading\" data-id=\"2b6e19a\" data-element_type=\"widget\" data-widget_type=\"heading.default\">\n\t\t\t\t<div class=\"elementor-widget-container\">\n\t\t\t<h4 class=\"elementor-heading-title elementor-size-medium\">8. Encerrando o roteiro de um dia para curtir o bairro da Lapa com m\u00fasica e gastronomia<\/h4>\t\t<\/div>\n\t\t\t\t<\/div>\n\t\t\t\t<div class=\"elementor-element elementor-element-bab8de1 elementor-widget elementor-widget-text-editor\" data-id=\"bab8de1\" data-element_type=\"widget\" data-widget_type=\"text-editor.default\">\n\t\t\t\t<div class=\"elementor-widget-container\">\n\t\t\t\t\t\t\t<p data-start=\"4817\" data-end=\"4882\">A noite na Lapa dispensa apresenta\u00e7\u00f5es. Escolha um dos cl\u00e1ssicos:<\/p><ul data-start=\"4884\" data-end=\"5093\"><li data-start=\"4884\" data-end=\"4941\"><p data-start=\"4886\" data-end=\"4941\"><a href=\"https:\/\/www.instagram.com\/rioscenarium\/\"><strong data-start=\"4886\" data-end=\"4903\">Rio Scenarium<\/strong><\/a> \u2013 tr\u00eas andares de m\u00fasica brasileira<\/p><\/li><li data-start=\"4942\" data-end=\"4989\"><p data-start=\"4944\" data-end=\"4989\"><strong data-start=\"4944\" data-end=\"4956\">Lapa 40\u00ba<\/strong> \u2013 samba, forr\u00f3 e pista variada<\/p><\/li><li data-start=\"4990\" data-end=\"5041\"><p data-start=\"4992\" data-end=\"5041\"><a href=\"https:\/\/www.instagram.com\/barcariocadagema\/\"><strong data-start=\"4992\" data-end=\"5011\">Carioca da Gema<\/strong><\/a> \u2013 rodas de samba aut\u00eanticas<\/p><\/li><li data-start=\"5042\" data-end=\"5093\"><p data-start=\"5044\" data-end=\"5093\"><a href=\"https:\/\/www.instagram.com\/levianobar\/\"><strong data-start=\"5044\" data-end=\"5059\">Leviano Bar<\/strong><\/a> \u2013 programa\u00e7\u00e3o variada e animada<\/p><\/li><\/ul><p data-start=\"5095\" data-end=\"5237\">Segundo pesquisas da RioTur, a Lapa \u00e9 o <strong data-start=\"5135\" data-end=\"5200\">bairro mais procurado por turistas para a vida noturna no Rio<\/strong>, superando at\u00e9 Ipanema e Copacabana.<\/p>\t\t\t\t\t\t<\/div>\n\t\t\t\t<\/div>\n\t\t\t\t\t<\/div>\n\t\t\t\t<\/div>\n\t\t<div class=\"elementor-element elementor-element-7a44a6a e-flex e-con-boxed e-con e-parent\" data-id=\"7a44a6a\" data-element_type=\"container\" data-settings=\"{&quot;content_width&quot;:&quot;boxed&quot;}\" data-core-v316-plus=\"true\">\n\t\t\t\t\t<div class=\"e-con-inner\">\n\t\t\t\t<div class=\"elementor-element elementor-element-c8c3bc3 elementor-widget elementor-widget-heading\" data-id=\"c8c3bc3\" data-element_type=\"widget\" data-widget_type=\"heading.default\">\n\t\t\t\t<div class=\"elementor-widget-container\">\n\t\t\t<h2 class=\"elementor-heading-title elementor-size-large\">Blumar Turismo: Sua parceira para uma experi\u00eancia segura e personalizada<\/h2>\t\t<\/div>\n\t\t\t\t<\/div>\n\t\t\t\t<div class=\"elementor-element elementor-element-b4661c8 elementor-widget elementor-widget-text-editor\" data-id=\"b4661c8\" data-element_type=\"widget\" data-widget_type=\"text-editor.default\">\n\t\t\t\t<div class=\"elementor-widget-container\">\n\t\t\t\t\t\t\t<p>Planejar um <strong data-start=\"5336\" data-end=\"5386\">roteiro de um dia para curtir o bairro da Lapa<\/strong> pode ser ainda mais especial com o suporte certo. A <strong data-start=\"5439\" data-end=\"5457\">Blumar Turismo<\/strong> \u00e9 refer\u00eancia nacional em turismo receptivo, com mais de <strong data-start=\"5514\" data-end=\"5540\">30 anos de experi\u00eancia<\/strong> conectando viajantes a experi\u00eancias aut\u00eanticas pelo Brasil.<\/p>\t\t\t\t\t\t<\/div>\n\t\t\t\t<\/div>\n\t\t\t\t<div class=\"elementor-element elementor-element-7da9ae0 elementor-widget elementor-widget-heading\" data-id=\"7da9ae0\" data-element_type=\"widget\" data-widget_type=\"heading.default\">\n\t\t\t\t<div class=\"elementor-widget-container\">\n\t\t\t<h3 class=\"elementor-heading-title elementor-size-medium\">Por que escolher a Blumar Turismo?<\/h3>\t\t<\/div>\n\t\t\t\t<\/div>\n\t\t\t\t<div class=\"elementor-element elementor-element-4ef23d0 elementor-widget elementor-widget-text-editor\" data-id=\"4ef23d0\" data-element_type=\"widget\" data-widget_type=\"text-editor.default\">\n\t\t\t\t<div class=\"elementor-widget-container\">\n\t\t\t\t\t\t\t<ul data-start=\"5646\" data-end=\"5919\"><li data-start=\"5646\" data-end=\"5701\"><p data-start=\"5648\" data-end=\"5701\">Roteiros personalizados com curadoria especializada<\/p><\/li><li data-start=\"5702\" data-end=\"5757\"><p data-start=\"5704\" data-end=\"5757\">Guias credenciados e experientes em cultura carioca<\/p><\/li><li data-start=\"5758\" data-end=\"5804\"><p data-start=\"5760\" data-end=\"5804\">Assist\u00eancia completa durante toda a viagem<\/p><\/li><li data-start=\"5805\" data-end=\"5866\"><p data-start=\"5807\" data-end=\"5866\">Parcerias com fornecedores confi\u00e1veis e de alta qualidade<\/p><\/li><li data-start=\"5867\" data-end=\"5919\"><p data-start=\"5869\" data-end=\"5919\">Atendimento humanizado e foco total na seguran\u00e7a<\/p><\/li><\/ul><p data-start=\"5921\" data-end=\"6065\">Clientes frequentemente elogiam a excel\u00eancia da Blumar em plataformas como Google Reviews e TripAdvisor, refor\u00e7ando a confiabilidade da empresa.<\/p>\t\t\t\t\t\t<\/div>\n\t\t\t\t<\/div>\n\t\t\t\t\t<\/div>\n\t\t\t\t<\/div>\n\t\t<div class=\"elementor-element elementor-element-4f0e0c4 e-flex e-con-boxed e-con e-parent\" data-id=\"4f0e0c4\" data-element_type=\"container\" data-settings=\"{&quot;content_width&quot;:&quot;boxed&quot;}\" data-core-v316-plus=\"true\">\n\t\t\t\t\t<div class=\"e-con-inner\">\n\t\t\t\t<div class=\"elementor-element elementor-element-bf30277 elementor-widget elementor-widget-heading\" data-id=\"bf30277\" data-element_type=\"widget\" data-widget_type=\"heading.default\">\n\t\t\t\t<div class=\"elementor-widget-container\">\n\t\t\t<h2 class=\"elementor-heading-title elementor-size-large\">Conclus\u00e3o<\/h2>\t\t<\/div>\n\t\t\t\t<\/div>\n\t\t\t\t<div class=\"elementor-element elementor-element-bf003e9 elementor-widget elementor-widget-text-editor\" data-id=\"bf003e9\" data-element_type=\"widget\" data-widget_type=\"text-editor.default\">\n\t\t\t\t<div class=\"elementor-widget-container\">\n\t\t\t\t\t\t\t<p data-start=\"6089\" data-end=\"6367\">Seguir um <strong data-start=\"6099\" data-end=\"6149\">roteiro de um dia para curtir o bairro da Lapa<\/strong> \u00e9 a maneira perfeita de mergulhar na ess\u00eancia cultural do Rio e ainda aproveitar o charme art\u00edstico de Santa Teresa. Hist\u00f3ria, arte, m\u00fasica, vistas incr\u00edveis e gastronomia fazem deste passeio uma experi\u00eancia completa.<\/p>\t\t\t\t\t\t<\/div>\n\t\t\t\t<\/div>\n\t\t\t\t\t<\/div>\n\t\t\t\t<\/div>\n\t\t<div class=\"elementor-element elementor-element-a1319f3 e-flex e-con-boxed e-con e-child\" data-id=\"a1319f3\" data-element_type=\"container\" data-settings=\"{&quot;content_width&quot;:&quot;boxed&quot;}\">\n\t\t\t\t\t<div class=\"e-con-inner\">\n\t\t\t\t<div class=\"elementor-element elementor-element-89095b5 elementor-widget elementor-widget-heading\" data-id=\"89095b5\" data-element_type=\"widget\" data-widget_type=\"heading.default\">\n\t\t\t\t<div class=\"elementor-widget-container\">\n\t\t\t<h2 class=\"elementor-heading-title elementor-size-large\">Depoimentos de Quem Viveu a Experi\u00eancia<\/h2>\t\t<\/div>\n\t\t\t\t<\/div>\n\t\t\t\t<div class=\"elementor-element elementor-element-9a3b856 elementor-widget elementor-widget-text-editor\" data-id=\"9a3b856\" data-element_type=\"widget\" data-widget_type=\"text-editor.default\">\n\t\t\t\t<div class=\"elementor-widget-container\">\n\t\t\t\t\t\t\t<p style=\"text-align: center;\"><strong><a href=\"https:\/\/www.blumar.com.br\/index.php\">Blumar Turismo<\/a>: Certificada pelo Reclame Aqui<\/strong><\/p>\t\t\t\t\t\t<\/div>\n\t\t\t\t<\/div>\n\t\t\t\t<div class=\"elementor-element elementor-element-879c2f2 elementor-widget elementor-widget-html\" data-id=\"879c2f2\" data-element_type=\"widget\" data-widget_type=\"html.default\">\n\t\t\t\t<div class=\"elementor-widget-container\">\n\t\t\t<center><div id=\"ra-verified-seal\"><script type=\"text\/javascript\" id=\"ra-embed-verified-seal\" src=\"https:\/\/s3.amazonaws.com\/raichu-beta\/ra-verified\/bundle.js\" data-id=\"MzI4Nzc6Ymx1bWFy\" data-target=\"ra-verified-seal\" data-model=\"2\"><\/script><\/div><\/center>\t\t<\/div>\n\t\t\t\t<\/div>\n\t\t\t\t<div class=\"elementor-element elementor-element-917a231 elementor-widget elementor-widget-text-editor\" data-id=\"917a231\" data-element_type=\"widget\" data-widget_type=\"text-editor.default\">\n\t\t\t\t<div class=\"elementor-widget-container\">\n\t\t\t\t\t\t\t<p><span style=\"color: var( --e-global-color-text ); text-align: var(--text-align);\">Na <a href=\"https:\/\/www.blumar.com.br\/index.php\"><strong>Blumar Turismo<\/strong><\/a>, nos orgulhamos de oferecer um servi\u00e7o de excel\u00eancia. Somos certificados pelo Reclame Aqui e n\u00e3o recebemos nenhuma reclama\u00e7\u00e3o nos \u00faltimos 12 meses.<\/span><\/p><p>Nosso compromisso \u00e9 com a total satisfa\u00e7\u00e3o do cliente. Garantimos experi\u00eancias de viagem \u00fanicas e memor\u00e1veis, cuidando de cada detalhe, desde a escolha dos melhores destinos e hot\u00e9is at\u00e9 a personaliza\u00e7\u00e3o de roteiros. Nossa equipe est\u00e1 dedicada a atender todas as suas necessidades com m\u00e1xima aten\u00e7\u00e3o e profissionalismo.<\/p>\t\t\t\t\t\t<\/div>\n\t\t\t\t<\/div>\n\t\t\t\t<div class=\"elementor-element elementor-element-e793e5e elementor-widget elementor-widget-html\" data-id=\"e793e5e\" data-element_type=\"widget\" data-widget_type=\"html.default\">\n\t\t\t\t<div class=\"elementor-widget-container\">\n\t\t\t<script defer async src='https:\/\/cdn.trustindex.io\/loader.js?dc6229528d81446bbc4644b5063'><\/script>\t\t<\/div>\n\t\t\t\t<\/div>\n\t\t\t\t\t<\/div>\n\t\t\t\t<\/div>\n\t\t<div class=\"elementor-element elementor-element-1670ecb e-flex e-con-boxed e-con e-parent\" data-id=\"1670ecb\" data-element_type=\"container\" data-settings=\"{&quot;content_width&quot;:&quot;boxed&quot;}\" data-core-v316-plus=\"true\">\n\t\t\t\t\t<div class=\"e-con-inner\">\n\t\t\t\t<div class=\"elementor-element elementor-element-4c6cd7e elementor-widget elementor-widget-heading\" data-id=\"4c6cd7e\" data-element_type=\"widget\" data-widget_type=\"heading.default\">\n\t\t\t\t<div class=\"elementor-widget-container\">\n\t\t\t<h2 class=\"elementor-heading-title elementor-size-medium\">Posts que voc\u00ea pode se interessar:<\/h2>\t\t<\/div>\n\t\t\t\t<\/div>\n\t\t\t\t<div class=\"elementor-element elementor-element-33fe14d elementor-widget elementor-widget-text-editor\" data-id=\"33fe14d\" data-element_type=\"widget\" data-widget_type=\"text-editor.default\">\n\t\t\t\t<div class=\"elementor-widget-container\">\n\t\t\t\t\t\t\t<ul><li><a href=\"https:\/\/www.blumarturismo.com.br\/blog\/os-melhores-lugares-pra-ver-o-por-do-sol-no-rio-de-janeiro\/\">Os melhores lugares pra ver o p\u00f4r do sol no Rio de Janeiro<\/a><\/li><li><a href=\"https:\/\/www.blumarturismo.com.br\/blog\/o-que-fazer-no-leme-atracoes-imperdiveis-neste-bairro-fascinante-do-rio-de-janeiro\/\">O Que Fazer no Leme? Atra\u00e7\u00f5es Imperd\u00edveis neste Bairro Fascinante do Rio de Janeiro<\/a><\/li><li><a href=\"https:\/\/www.blumarturismo.com.br\/blog\/11-atracoes-imperdiveis-no-rio-de-janeiro\/\">11 atra\u00e7\u00f5es imperd\u00edveis no Rio de Janeiro<\/a><\/li><li><a href=\"https:\/\/www.blumarturismo.com.br\/blog\/conheca-o-real-gabinete-portugues-de-leitura-uma-joia-no-coracao-do-rio-de-janeiro\/\">Conhe\u00e7a o Real Gabinete Portugu\u00eas de Leitura: Uma Joia no Cora\u00e7\u00e3o do Rio de Janeiro<\/a><\/li><li><a href=\"https:\/\/www.blumarturismo.com.br\/blog\/os-melhores-quiosques-do-rio-de-janeiro-2025\/\">Os melhores quiosques do Rio de Janeiro 2025<\/a><\/li><\/ul>\t\t\t\t\t\t<\/div>\n\t\t\t\t<\/div>\n\t\t\t\t\t<\/div>\n\t\t\t\t<\/div>\n\t\t<div class=\"elementor-element elementor-element-1f08faa e-flex e-con-boxed e-con e-parent\" data-id=\"1f08faa\" data-element_type=\"container\" data-settings=\"{&quot;content_width&quot;:&quot;boxed&quot;}\" data-core-v316-plus=\"true\">\n\t\t\t\t\t<div class=\"e-con-inner\">\n\t\t\t\t<div class=\"elementor-element elementor-element-cd45a66 elementor-widget elementor-widget-heading\" data-id=\"cd45a66\" data-element_type=\"widget\" data-widget_type=\"heading.default\">\n\t\t\t\t<div class=\"elementor-widget-container\">\n\t\t\t<h2 class=\"elementor-heading-title elementor-size-large\">FAQ \u2013 Roteiro de Um Dia para Curtir o Bairro da Lapa (com Santa Teresa), no Rio de Janeiro<\/h2>\t\t<\/div>\n\t\t\t\t<\/div>\n\t\t\t\t<div class=\"elementor-element elementor-element-91d9968 elementor-widget elementor-widget-image\" data-id=\"91d9968\" data-element_type=\"widget\" data-widget_type=\"image.default\">\n\t\t\t\t<div class=\"elementor-widget-container\">\n\t\t\t\t\t\t\t\t\t\t\t\t<figure class=\"wp-caption\">\n\t\t\t\t\t\t\t\t\t\t<img loading=\"lazy\" decoding=\"async\" width=\"1000\" height=\"665\" src=\"https:\/\/www.blumarturismo.com.br\/blog\/wp-content\/uploads\/2023\/05\/Foto-lazyllama-Sutterstock.com-3-min.jpg\" class=\"attachment-large size-large wp-image-72908\" alt=\"Foto: Lazyllama \/ Shutterstock.com\" srcset=\"https:\/\/www.blumarturismo.com.br\/blog\/wp-content\/uploads\/2023\/05\/Foto-lazyllama-Sutterstock.com-3-min.jpg 1000w, https:\/\/www.blumarturismo.com.br\/blog\/wp-content\/uploads\/2023\/05\/Foto-lazyllama-Sutterstock.com-3-min-300x200.jpg 300w, https:\/\/www.blumarturismo.com.br\/blog\/wp-content\/uploads\/2023\/05\/Foto-lazyllama-Sutterstock.com-3-min-768x511.jpg 768w\" sizes=\"auto, (max-width: 1000px) 100vw, 1000px\" \/>\t\t\t\t\t\t\t\t\t\t\t<figcaption class=\"widget-image-caption wp-caption-text\">Foto: Lazyllama \/ Shutterstock.com<\/figcaption>\n\t\t\t\t\t\t\t\t\t\t<\/figure>\n\t\t\t\t\t\t\t\t\t<\/div>\n\t\t\t\t<\/div>\n\t\t\t\t<div class=\"elementor-element elementor-element-b3c1c8c elementor-widget elementor-widget-toggle\" data-id=\"b3c1c8c\" data-element_type=\"widget\" data-widget_type=\"toggle.default\">\n\t\t\t\t<div class=\"elementor-widget-container\">\n\t\t\t<style>\/*! elementor - v3.16.0 - 13-09-2023 *\/\n.elementor-toggle{text-align:left}.elementor-toggle .elementor-tab-title{font-weight:700;line-height:1;margin:0;padding:15px;border-bottom:1px solid #d5d8dc;cursor:pointer;outline:none}.elementor-toggle .elementor-tab-title .elementor-toggle-icon{display:inline-block;width:1em}.elementor-toggle .elementor-tab-title .elementor-toggle-icon svg{margin-inline-start:-5px;width:1em;height:1em}.elementor-toggle .elementor-tab-title .elementor-toggle-icon.elementor-toggle-icon-right{float:right;text-align:right}.elementor-toggle .elementor-tab-title .elementor-toggle-icon.elementor-toggle-icon-left{float:left;text-align:left}.elementor-toggle .elementor-tab-title .elementor-toggle-icon .elementor-toggle-icon-closed{display:block}.elementor-toggle .elementor-tab-title .elementor-toggle-icon .elementor-toggle-icon-opened{display:none}.elementor-toggle .elementor-tab-title.elementor-active{border-bottom:none}.elementor-toggle .elementor-tab-title.elementor-active .elementor-toggle-icon-closed{display:none}.elementor-toggle .elementor-tab-title.elementor-active .elementor-toggle-icon-opened{display:block}.elementor-toggle .elementor-tab-content{padding:15px;border-bottom:1px solid #d5d8dc;display:none}@media (max-width:767px){.elementor-toggle .elementor-tab-title{padding:12px}.elementor-toggle .elementor-tab-content{padding:12px 10px}}.e-con-inner>.elementor-widget-toggle,.e-con>.elementor-widget-toggle{width:var(--container-widget-width);--flex-grow:var(--container-widget-flex-grow)}<\/style>\t\t<div class=\"elementor-toggle\">\n\t\t\t\t\t\t\t<div class=\"elementor-toggle-item\">\n\t\t\t\t\t<div id=\"elementor-tab-title-1881\" class=\"elementor-tab-title\" data-tab=\"1\" role=\"button\" aria-controls=\"elementor-tab-content-1881\" aria-expanded=\"false\">\n\t\t\t\t\t\t\t\t\t\t\t\t<span class=\"elementor-toggle-icon elementor-toggle-icon-left\" aria-hidden=\"true\">\n\t\t\t\t\t\t\t\t\t\t\t\t\t\t\t<span class=\"elementor-toggle-icon-closed\"><svg class=\"e-font-icon-svg e-fas-caret-right\" viewBox=\"0 0 192 512\" xmlns=\"http:\/\/www.w3.org\/2000\/svg\"><path d=\"M0 384.662V127.338c0-17.818 21.543-26.741 34.142-14.142l128.662 128.662c7.81 7.81 7.81 20.474 0 28.284L34.142 398.804C21.543 411.404 0 402.48 0 384.662z\"><\/path><\/svg><\/span>\n\t\t\t\t\t\t\t\t<span class=\"elementor-toggle-icon-opened\"><svg class=\"elementor-toggle-icon-opened e-font-icon-svg e-fas-caret-up\" viewBox=\"0 0 320 512\" xmlns=\"http:\/\/www.w3.org\/2000\/svg\"><path d=\"M288.662 352H31.338c-17.818 0-26.741-21.543-14.142-34.142l128.662-128.662c7.81-7.81 20.474-7.81 28.284 0l128.662 128.662c12.6 12.599 3.676 34.142-14.142 34.142z\"><\/path><\/svg><\/span>\n\t\t\t\t\t\t\t\t\t\t\t\t\t<\/span>\n\t\t\t\t\t\t\t\t\t\t\t\t<a class=\"elementor-toggle-title\" tabindex=\"0\">O que torna a Lapa um bom bairro para um roteiro de um dia no Rio?<\/a>\n\t\t\t\t\t<\/div>\n\n\t\t\t\t\t<div id=\"elementor-tab-content-1881\" class=\"elementor-tab-content elementor-clearfix\" data-tab=\"1\" role=\"region\" aria-labelledby=\"elementor-tab-title-1881\"><p data-start=\"353\" data-end=\"674\">A Lapa \u00e9 um dos bairros mais vibrantes do Rio de Janeiro, reunindo hist\u00f3ria, cultura, arquitetura ic\u00f4nica, vida noturna e acesso f\u00e1cil a pontos tur\u00edsticos famosos. Segundo o Minist\u00e9rio do Turismo, mais de 2 milh\u00f5es de visitantes passam pela regi\u00e3o anualmente, tornando-a uma das \u00e1reas culturais mais procuradas da cidade.<\/p><\/div>\n\t\t\t\t<\/div>\n\t\t\t\t\t\t\t<div class=\"elementor-toggle-item\">\n\t\t\t\t\t<div id=\"elementor-tab-title-1882\" class=\"elementor-tab-title\" data-tab=\"2\" role=\"button\" aria-controls=\"elementor-tab-content-1882\" aria-expanded=\"false\">\n\t\t\t\t\t\t\t\t\t\t\t\t<span class=\"elementor-toggle-icon elementor-toggle-icon-left\" aria-hidden=\"true\">\n\t\t\t\t\t\t\t\t\t\t\t\t\t\t\t<span class=\"elementor-toggle-icon-closed\"><svg class=\"e-font-icon-svg e-fas-caret-right\" viewBox=\"0 0 192 512\" xmlns=\"http:\/\/www.w3.org\/2000\/svg\"><path d=\"M0 384.662V127.338c0-17.818 21.543-26.741 34.142-14.142l128.662 128.662c7.81 7.81 7.81 20.474 0 28.284L34.142 398.804C21.543 411.404 0 402.48 0 384.662z\"><\/path><\/svg><\/span>\n\t\t\t\t\t\t\t\t<span class=\"elementor-toggle-icon-opened\"><svg class=\"elementor-toggle-icon-opened e-font-icon-svg e-fas-caret-up\" viewBox=\"0 0 320 512\" xmlns=\"http:\/\/www.w3.org\/2000\/svg\"><path d=\"M288.662 352H31.338c-17.818 0-26.741-21.543-14.142-34.142l128.662-128.662c7.81-7.81 20.474-7.81 28.284 0l128.662 128.662c12.6 12.599 3.676 34.142-14.142 34.142z\"><\/path><\/svg><\/span>\n\t\t\t\t\t\t\t\t\t\t\t\t\t<\/span>\n\t\t\t\t\t\t\t\t\t\t\t\t<a class=\"elementor-toggle-title\" tabindex=\"0\">O que ver logo pela manh\u00e3 na Lapa?<\/a>\n\t\t\t\t\t<\/div>\n\n\t\t\t\t\t<div id=\"elementor-tab-content-1882\" class=\"elementor-tab-content elementor-clearfix\" data-tab=\"2\" role=\"region\" aria-labelledby=\"elementor-tab-title-1882\"><p data-start=\"726\" data-end=\"785\">A manh\u00e3 \u00e9 ideal para visitar dois cart\u00f5es-postais ic\u00f4nicos:<\/p><ul data-start=\"786\" data-end=\"1043\"><li data-start=\"786\" data-end=\"902\"><p data-start=\"788\" data-end=\"902\"><strong data-start=\"788\" data-end=\"805\">Arcos da Lapa<\/strong> \u2013 O monumento hist\u00f3rico do s\u00e9culo XVIII rende excelentes fotos com a luz suave do in\u00edcio do dia.<\/p><\/li><li data-start=\"903\" data-end=\"1043\"><p data-start=\"905\" data-end=\"1043\"><strong data-start=\"905\" data-end=\"926\">Escadaria Selar\u00f3n<\/strong> \u2013 Uma obra viva com mais de 2.000 azulejos de 60 pa\u00edses, reconhecida internacionalmente como s\u00edmbolo da arte urbana.<\/p><\/li><\/ul><\/div>\n\t\t\t\t<\/div>\n\t\t\t\t\t\t\t<div class=\"elementor-toggle-item\">\n\t\t\t\t\t<div id=\"elementor-tab-title-1883\" class=\"elementor-tab-title\" data-tab=\"3\" role=\"button\" aria-controls=\"elementor-tab-content-1883\" aria-expanded=\"false\">\n\t\t\t\t\t\t\t\t\t\t\t\t<span class=\"elementor-toggle-icon elementor-toggle-icon-left\" aria-hidden=\"true\">\n\t\t\t\t\t\t\t\t\t\t\t\t\t\t\t<span class=\"elementor-toggle-icon-closed\"><svg class=\"e-font-icon-svg e-fas-caret-right\" viewBox=\"0 0 192 512\" xmlns=\"http:\/\/www.w3.org\/2000\/svg\"><path d=\"M0 384.662V127.338c0-17.818 21.543-26.741 34.142-14.142l128.662 128.662c7.81 7.81 7.81 20.474 0 28.284L34.142 398.804C21.543 411.404 0 402.48 0 384.662z\"><\/path><\/svg><\/span>\n\t\t\t\t\t\t\t\t<span class=\"elementor-toggle-icon-opened\"><svg class=\"elementor-toggle-icon-opened e-font-icon-svg e-fas-caret-up\" viewBox=\"0 0 320 512\" xmlns=\"http:\/\/www.w3.org\/2000\/svg\"><path d=\"M288.662 352H31.338c-17.818 0-26.741-21.543-14.142-34.142l128.662-128.662c7.81-7.81 20.474-7.81 28.284 0l128.662 128.662c12.6 12.599 3.676 34.142-14.142 34.142z\"><\/path><\/svg><\/span>\n\t\t\t\t\t\t\t\t\t\t\t\t\t<\/span>\n\t\t\t\t\t\t\t\t\t\t\t\t<a class=\"elementor-toggle-title\" tabindex=\"0\">Como subir para Santa Teresa saindo da Lapa?<\/a>\n\t\t\t\t\t<\/div>\n\n\t\t\t\t\t<div id=\"elementor-tab-content-1883\" class=\"elementor-tab-content elementor-clearfix\" data-tab=\"3\" role=\"region\" aria-labelledby=\"elementor-tab-title-1883\"><p data-start=\"1105\" data-end=\"1315\">A forma mais charmosa e tradicional \u00e9 pegar o <strong data-start=\"1151\" data-end=\"1176\">Bonde de Santa Teresa<\/strong>, um patrim\u00f4nio tombado pelo IPHAN e um dos \u00faltimos bondes el\u00e9tricos em funcionamento no Brasil. A viagem em si j\u00e1 \u00e9 uma atra\u00e7\u00e3o tur\u00edstica.<\/p><\/div>\n\t\t\t\t<\/div>\n\t\t\t\t\t\t\t<div class=\"elementor-toggle-item\">\n\t\t\t\t\t<div id=\"elementor-tab-title-1884\" class=\"elementor-tab-title\" data-tab=\"4\" role=\"button\" aria-controls=\"elementor-tab-content-1884\" aria-expanded=\"false\">\n\t\t\t\t\t\t\t\t\t\t\t\t<span class=\"elementor-toggle-icon elementor-toggle-icon-left\" aria-hidden=\"true\">\n\t\t\t\t\t\t\t\t\t\t\t\t\t\t\t<span class=\"elementor-toggle-icon-closed\"><svg class=\"e-font-icon-svg e-fas-caret-right\" viewBox=\"0 0 192 512\" xmlns=\"http:\/\/www.w3.org\/2000\/svg\"><path d=\"M0 384.662V127.338c0-17.818 21.543-26.741 34.142-14.142l128.662 128.662c7.81 7.81 7.81 20.474 0 28.284L34.142 398.804C21.543 411.404 0 402.48 0 384.662z\"><\/path><\/svg><\/span>\n\t\t\t\t\t\t\t\t<span class=\"elementor-toggle-icon-opened\"><svg class=\"elementor-toggle-icon-opened e-font-icon-svg e-fas-caret-up\" viewBox=\"0 0 320 512\" xmlns=\"http:\/\/www.w3.org\/2000\/svg\"><path d=\"M288.662 352H31.338c-17.818 0-26.741-21.543-14.142-34.142l128.662-128.662c7.81-7.81 20.474-7.81 28.284 0l128.662 128.662c12.6 12.599 3.676 34.142-14.142 34.142z\"><\/path><\/svg><\/span>\n\t\t\t\t\t\t\t\t\t\t\t\t\t<\/span>\n\t\t\t\t\t\t\t\t\t\t\t\t<a class=\"elementor-toggle-title\" tabindex=\"0\">Onde almo\u00e7ar em Santa Teresa durante o roteiro?<\/a>\n\t\t\t\t\t<\/div>\n\n\t\t\t\t\t<div id=\"elementor-tab-content-1884\" class=\"elementor-tab-content elementor-clearfix\" data-tab=\"4\" role=\"region\" aria-labelledby=\"elementor-tab-title-1884\"><p data-start=\"1380\" data-end=\"1457\">Santa Teresa oferece \u00f3timas op\u00e7\u00f5es gastron\u00f4micas. Entre as mais recomendadas:<\/p><ul data-start=\"1458\" data-end=\"1620\"><li data-start=\"1458\" data-end=\"1500\"><p data-start=\"1460\" data-end=\"1500\"><strong data-start=\"1460\" data-end=\"1476\">Caf\u00e9 do Alto<\/strong> \u2013 culin\u00e1ria nordestina.<\/p><\/li><li data-start=\"1501\" data-end=\"1566\"><p data-start=\"1503\" data-end=\"1566\"><strong data-start=\"1503\" data-end=\"1521\">Bar do Mineiro<\/strong> \u2013 feijoada premiada e ambiente descontra\u00eddo.<\/p><\/li><li data-start=\"1567\" data-end=\"1620\"><p data-start=\"1569\" data-end=\"1620\"><strong data-start=\"1569\" data-end=\"1582\">Apraz\u00edvel<\/strong> \u2013 vista panor\u00e2mica e pratos autorais.<\/p><\/li><\/ul><p data-start=\"1622\" data-end=\"1714\">Esses restaurantes garantem uma experi\u00eancia aut\u00eantica, com sabores marcantes e clima bo\u00eamio.<\/p><\/div>\n\t\t\t\t<\/div>\n\t\t\t\t\t\t\t<div class=\"elementor-toggle-item\">\n\t\t\t\t\t<div id=\"elementor-tab-title-1885\" class=\"elementor-tab-title\" data-tab=\"5\" role=\"button\" aria-controls=\"elementor-tab-content-1885\" aria-expanded=\"false\">\n\t\t\t\t\t\t\t\t\t\t\t\t<span class=\"elementor-toggle-icon elementor-toggle-icon-left\" aria-hidden=\"true\">\n\t\t\t\t\t\t\t\t\t\t\t\t\t\t\t<span class=\"elementor-toggle-icon-closed\"><svg class=\"e-font-icon-svg e-fas-caret-right\" viewBox=\"0 0 192 512\" xmlns=\"http:\/\/www.w3.org\/2000\/svg\"><path d=\"M0 384.662V127.338c0-17.818 21.543-26.741 34.142-14.142l128.662 128.662c7.81 7.81 7.81 20.474 0 28.284L34.142 398.804C21.543 411.404 0 402.48 0 384.662z\"><\/path><\/svg><\/span>\n\t\t\t\t\t\t\t\t<span class=\"elementor-toggle-icon-opened\"><svg class=\"elementor-toggle-icon-opened e-font-icon-svg e-fas-caret-up\" viewBox=\"0 0 320 512\" xmlns=\"http:\/\/www.w3.org\/2000\/svg\"><path d=\"M288.662 352H31.338c-17.818 0-26.741-21.543-14.142-34.142l128.662-128.662c7.81-7.81 20.474-7.81 28.284 0l128.662 128.662c12.6 12.599 3.676 34.142-14.142 34.142z\"><\/path><\/svg><\/span>\n\t\t\t\t\t\t\t\t\t\t\t\t\t<\/span>\n\t\t\t\t\t\t\t\t\t\t\t\t<a class=\"elementor-toggle-title\" tabindex=\"0\">Quais atra\u00e7\u00f5es visitar \u00e0 tarde em Santa Teresa?<\/a>\n\t\t\t\t\t<\/div>\n\n\t\t\t\t\t<div id=\"elementor-tab-content-1885\" class=\"elementor-tab-content elementor-clearfix\" data-tab=\"5\" role=\"region\" aria-labelledby=\"elementor-tab-title-1885\"><p data-start=\"1779\" data-end=\"1828\">Para arte e hist\u00f3ria, dois pontos s\u00e3o essenciais:<\/p><ul data-start=\"1829\" data-end=\"2066\"><li data-start=\"1829\" data-end=\"1934\"><p data-start=\"1831\" data-end=\"1934\"><strong data-start=\"1831\" data-end=\"1852\">Parque das Ru\u00ednas<\/strong> \u2013 mirante com vista para o P\u00e3o de A\u00e7\u00facar, Marina da Gl\u00f3ria e Ba\u00eda de Guanabara.<\/p><\/li><li data-start=\"1935\" data-end=\"2066\"><p data-start=\"1937\" data-end=\"2066\"><strong data-start=\"1937\" data-end=\"1964\">Museu da Ch\u00e1cara do C\u00e9u<\/strong> \u2013 acervo com obras de Portinari, Debret, Di Cavalcanti e outros nomes importantes da arte brasileira.<\/p><\/li><\/ul><\/div>\n\t\t\t\t<\/div>\n\t\t\t\t\t\t\t<div class=\"elementor-toggle-item\">\n\t\t\t\t\t<div id=\"elementor-tab-title-1886\" class=\"elementor-tab-title\" data-tab=\"6\" role=\"button\" aria-controls=\"elementor-tab-content-1886\" aria-expanded=\"false\">\n\t\t\t\t\t\t\t\t\t\t\t\t<span class=\"elementor-toggle-icon elementor-toggle-icon-left\" aria-hidden=\"true\">\n\t\t\t\t\t\t\t\t\t\t\t\t\t\t\t<span class=\"elementor-toggle-icon-closed\"><svg class=\"e-font-icon-svg e-fas-caret-right\" viewBox=\"0 0 192 512\" xmlns=\"http:\/\/www.w3.org\/2000\/svg\"><path d=\"M0 384.662V127.338c0-17.818 21.543-26.741 34.142-14.142l128.662 128.662c7.81 7.81 7.81 20.474 0 28.284L34.142 398.804C21.543 411.404 0 402.48 0 384.662z\"><\/path><\/svg><\/span>\n\t\t\t\t\t\t\t\t<span class=\"elementor-toggle-icon-opened\"><svg class=\"elementor-toggle-icon-opened e-font-icon-svg e-fas-caret-up\" viewBox=\"0 0 320 512\" xmlns=\"http:\/\/www.w3.org\/2000\/svg\"><path d=\"M288.662 352H31.338c-17.818 0-26.741-21.543-14.142-34.142l128.662-128.662c7.81-7.81 20.474-7.81 28.284 0l128.662 128.662c12.6 12.599 3.676 34.142-14.142 34.142z\"><\/path><\/svg><\/span>\n\t\t\t\t\t\t\t\t\t\t\t\t\t<\/span>\n\t\t\t\t\t\t\t\t\t\t\t\t<a class=\"elementor-toggle-title\" tabindex=\"0\">O que fazer ao retornar para a Lapa no fim da tarde?<\/a>\n\t\t\t\t\t<\/div>\n\n\t\t\t\t\t<div id=\"elementor-tab-content-1886\" class=\"elementor-tab-content elementor-clearfix\" data-tab=\"6\" role=\"region\" aria-labelledby=\"elementor-tab-title-1886\"><p data-start=\"2136\" data-end=\"2408\">A recomenda\u00e7\u00e3o \u00e9 explorar a <strong data-start=\"2164\" data-end=\"2178\">Cinel\u00e2ndia<\/strong>, com seu conjunto de cinemas, caf\u00e9s hist\u00f3ricos e pr\u00e9dios emblem\u00e1ticos \u2014 especialmente o <strong data-start=\"2267\" data-end=\"2288\">Theatro Municipal<\/strong>, considerado um dos mais impressionantes do Brasil. Visitas guiadas s\u00e3o altamente recomendadas e duram cerca de 1 hora.<\/p><\/div>\n\t\t\t\t<\/div>\n\t\t\t\t\t\t\t<div class=\"elementor-toggle-item\">\n\t\t\t\t\t<div id=\"elementor-tab-title-1887\" class=\"elementor-tab-title\" data-tab=\"7\" role=\"button\" aria-controls=\"elementor-tab-content-1887\" aria-expanded=\"false\">\n\t\t\t\t\t\t\t\t\t\t\t\t<span class=\"elementor-toggle-icon elementor-toggle-icon-left\" aria-hidden=\"true\">\n\t\t\t\t\t\t\t\t\t\t\t\t\t\t\t<span class=\"elementor-toggle-icon-closed\"><svg class=\"e-font-icon-svg e-fas-caret-right\" viewBox=\"0 0 192 512\" xmlns=\"http:\/\/www.w3.org\/2000\/svg\"><path d=\"M0 384.662V127.338c0-17.818 21.543-26.741 34.142-14.142l128.662 128.662c7.81 7.81 7.81 20.474 0 28.284L34.142 398.804C21.543 411.404 0 402.48 0 384.662z\"><\/path><\/svg><\/span>\n\t\t\t\t\t\t\t\t<span class=\"elementor-toggle-icon-opened\"><svg class=\"elementor-toggle-icon-opened e-font-icon-svg e-fas-caret-up\" viewBox=\"0 0 320 512\" xmlns=\"http:\/\/www.w3.org\/2000\/svg\"><path d=\"M288.662 352H31.338c-17.818 0-26.741-21.543-14.142-34.142l128.662-128.662c7.81-7.81 20.474-7.81 28.284 0l128.662 128.662c12.6 12.599 3.676 34.142-14.142 34.142z\"><\/path><\/svg><\/span>\n\t\t\t\t\t\t\t\t\t\t\t\t\t<\/span>\n\t\t\t\t\t\t\t\t\t\t\t\t<a class=\"elementor-toggle-title\" tabindex=\"0\">O que acontece na Rua do Lavradio aos s\u00e1bados?<\/a>\n\t\t\t\t\t<\/div>\n\n\t\t\t\t\t<div id=\"elementor-tab-content-1887\" class=\"elementor-tab-content elementor-clearfix\" data-tab=\"7\" role=\"region\" aria-labelledby=\"elementor-tab-title-1887\"><p data-start=\"2472\" data-end=\"2597\">Aos s\u00e1bados, acontece a famosa <strong data-start=\"2503\" data-end=\"2526\">Feira do Rio Antigo<\/strong>, um dos eventos culturais mais queridos da cidade. Nela voc\u00ea encontra:<\/p><ul data-start=\"2598\" data-end=\"2678\"><li data-start=\"2598\" data-end=\"2611\"><p data-start=\"2600\" data-end=\"2611\">artesanato,<\/p><\/li><li data-start=\"2612\" data-end=\"2627\"><p data-start=\"2614\" data-end=\"2627\">antiguidades,<\/p><\/li><li data-start=\"2628\" data-end=\"2645\"><p data-start=\"2630\" data-end=\"2645\">m\u00fasica ao vivo,<\/p><\/li><li data-start=\"2646\" data-end=\"2678\"><p data-start=\"2648\" data-end=\"2678\">bares e restaurantes animados.<\/p><\/li><\/ul><p data-start=\"2680\" data-end=\"2744\">\u00c9 perfeita para quem quer sentir o clima carioca mais aut\u00eantico.<\/p><\/div>\n\t\t\t\t<\/div>\n\t\t\t\t\t\t\t<div class=\"elementor-toggle-item\">\n\t\t\t\t\t<div id=\"elementor-tab-title-1888\" class=\"elementor-tab-title\" data-tab=\"8\" role=\"button\" aria-controls=\"elementor-tab-content-1888\" aria-expanded=\"false\">\n\t\t\t\t\t\t\t\t\t\t\t\t<span class=\"elementor-toggle-icon elementor-toggle-icon-left\" aria-hidden=\"true\">\n\t\t\t\t\t\t\t\t\t\t\t\t\t\t\t<span class=\"elementor-toggle-icon-closed\"><svg class=\"e-font-icon-svg e-fas-caret-right\" viewBox=\"0 0 192 512\" xmlns=\"http:\/\/www.w3.org\/2000\/svg\"><path d=\"M0 384.662V127.338c0-17.818 21.543-26.741 34.142-14.142l128.662 128.662c7.81 7.81 7.81 20.474 0 28.284L34.142 398.804C21.543 411.404 0 402.48 0 384.662z\"><\/path><\/svg><\/span>\n\t\t\t\t\t\t\t\t<span class=\"elementor-toggle-icon-opened\"><svg class=\"elementor-toggle-icon-opened e-font-icon-svg e-fas-caret-up\" viewBox=\"0 0 320 512\" xmlns=\"http:\/\/www.w3.org\/2000\/svg\"><path d=\"M288.662 352H31.338c-17.818 0-26.741-21.543-14.142-34.142l128.662-128.662c7.81-7.81 20.474-7.81 28.284 0l128.662 128.662c12.6 12.599 3.676 34.142-14.142 34.142z\"><\/path><\/svg><\/span>\n\t\t\t\t\t\t\t\t\t\t\t\t\t<\/span>\n\t\t\t\t\t\t\t\t\t\t\t\t<a class=\"elementor-toggle-title\" tabindex=\"0\">Onde aproveitar a vida noturna no fim do roteiro?<\/a>\n\t\t\t\t\t<\/div>\n\n\t\t\t\t\t<div id=\"elementor-tab-content-1888\" class=\"elementor-tab-content elementor-clearfix\" data-tab=\"8\" role=\"region\" aria-labelledby=\"elementor-tab-title-1888\"><p data-start=\"2811\" data-end=\"2955\">A noite \u00e9 o ponto alto do roteiro na Lapa, considerada o bairro mais procurado por turistas para vida noturna. Os locais mais populares incluem:<\/p><ul data-start=\"2956\" data-end=\"3163\"><li data-start=\"2956\" data-end=\"3012\"><p data-start=\"2958\" data-end=\"3012\"><strong data-start=\"2958\" data-end=\"2975\">Rio Scenarium<\/strong> \u2013 m\u00fasica brasileira em tr\u00eas andares,<\/p><\/li><li data-start=\"3013\" data-end=\"3059\"><p data-start=\"3015\" data-end=\"3059\"><strong data-start=\"3015\" data-end=\"3027\">Lapa 40\u00ba<\/strong> \u2013 samba, forr\u00f3 e pista variada,<\/p><\/li><li data-start=\"3060\" data-end=\"3102\"><p data-start=\"3062\" data-end=\"3102\"><strong data-start=\"3062\" data-end=\"3081\">Carioca da Gema<\/strong> \u2013 samba tradicional,<\/p><\/li><li data-start=\"3103\" data-end=\"3163\"><p data-start=\"3105\" data-end=\"3163\"><strong data-start=\"3105\" data-end=\"3120\">Leviano Bar<\/strong> \u2013 ambiente animado e programa\u00e7\u00e3o ecl\u00e9tica.<\/p><\/li><\/ul><\/div>\n\t\t\t\t<\/div>\n\t\t\t\t\t\t\t<div class=\"elementor-toggle-item\">\n\t\t\t\t\t<div id=\"elementor-tab-title-1889\" class=\"elementor-tab-title\" data-tab=\"9\" role=\"button\" aria-controls=\"elementor-tab-content-1889\" aria-expanded=\"false\">\n\t\t\t\t\t\t\t\t\t\t\t\t<span class=\"elementor-toggle-icon elementor-toggle-icon-left\" aria-hidden=\"true\">\n\t\t\t\t\t\t\t\t\t\t\t\t\t\t\t<span class=\"elementor-toggle-icon-closed\"><svg class=\"e-font-icon-svg e-fas-caret-right\" viewBox=\"0 0 192 512\" xmlns=\"http:\/\/www.w3.org\/2000\/svg\"><path d=\"M0 384.662V127.338c0-17.818 21.543-26.741 34.142-14.142l128.662 128.662c7.81 7.81 7.81 20.474 0 28.284L34.142 398.804C21.543 411.404 0 402.48 0 384.662z\"><\/path><\/svg><\/span>\n\t\t\t\t\t\t\t\t<span class=\"elementor-toggle-icon-opened\"><svg class=\"elementor-toggle-icon-opened e-font-icon-svg e-fas-caret-up\" viewBox=\"0 0 320 512\" xmlns=\"http:\/\/www.w3.org\/2000\/svg\"><path d=\"M288.662 352H31.338c-17.818 0-26.741-21.543-14.142-34.142l128.662-128.662c7.81-7.81 20.474-7.81 28.284 0l128.662 128.662c12.6 12.599 3.676 34.142-14.142 34.142z\"><\/path><\/svg><\/span>\n\t\t\t\t\t\t\t\t\t\t\t\t\t<\/span>\n\t\t\t\t\t\t\t\t\t\t\t\t<a class=\"elementor-toggle-title\" tabindex=\"0\">Esse roteiro de um dia \u00e9 vi\u00e1vel para quem est\u00e1 viajando pela primeira vez ao Rio?<\/a>\n\t\t\t\t\t<\/div>\n\n\t\t\t\t\t<div id=\"elementor-tab-content-1889\" class=\"elementor-tab-content elementor-clearfix\" data-tab=\"9\" role=\"region\" aria-labelledby=\"elementor-tab-title-1889\"><p data-start=\"3262\" data-end=\"3437\">Sim. O roteiro \u00e9 compacto, seguro, estrat\u00e9gico e re\u00fane atra\u00e7\u00f5es pr\u00f3ximas umas das outras. \u00c9 ideal para quem quer vivenciar cultura, hist\u00f3ria, arte e vida bo\u00eamia em apenas 24h.<\/p><\/div>\n\t\t\t\t<\/div>\n\t\t\t\t\t\t\t<div class=\"elementor-toggle-item\">\n\t\t\t\t\t<div id=\"elementor-tab-title-18810\" class=\"elementor-tab-title\" data-tab=\"10\" role=\"button\" aria-controls=\"elementor-tab-content-18810\" aria-expanded=\"false\">\n\t\t\t\t\t\t\t\t\t\t\t\t<span class=\"elementor-toggle-icon elementor-toggle-icon-left\" aria-hidden=\"true\">\n\t\t\t\t\t\t\t\t\t\t\t\t\t\t\t<span class=\"elementor-toggle-icon-closed\"><svg class=\"e-font-icon-svg e-fas-caret-right\" viewBox=\"0 0 192 512\" xmlns=\"http:\/\/www.w3.org\/2000\/svg\"><path d=\"M0 384.662V127.338c0-17.818 21.543-26.741 34.142-14.142l128.662 128.662c7.81 7.81 7.81 20.474 0 28.284L34.142 398.804C21.543 411.404 0 402.48 0 384.662z\"><\/path><\/svg><\/span>\n\t\t\t\t\t\t\t\t<span class=\"elementor-toggle-icon-opened\"><svg class=\"elementor-toggle-icon-opened e-font-icon-svg e-fas-caret-up\" viewBox=\"0 0 320 512\" xmlns=\"http:\/\/www.w3.org\/2000\/svg\"><path d=\"M288.662 352H31.338c-17.818 0-26.741-21.543-14.142-34.142l128.662-128.662c7.81-7.81 20.474-7.81 28.284 0l128.662 128.662c12.6 12.599 3.676 34.142-14.142 34.142z\"><\/path><\/svg><\/span>\n\t\t\t\t\t\t\t\t\t\t\t\t\t<\/span>\n\t\t\t\t\t\t\t\t\t\t\t\t<a class=\"elementor-toggle-title\" tabindex=\"0\">A Blumar Turismo oferece suporte para esse roteiro pela Lapa e Santa Teresa?<\/a>\n\t\t\t\t\t<\/div>\n\n\t\t\t\t\t<div id=\"elementor-tab-content-18810\" class=\"elementor-tab-content elementor-clearfix\" data-tab=\"10\" role=\"region\" aria-labelledby=\"elementor-tab-title-18810\"><p data-start=\"3532\" data-end=\"3652\">Sim. A Blumar Turismo \u00e9 refer\u00eancia nacional em turismo receptivo, com mais de 30 anos de experi\u00eancia. A empresa oferece:<\/p><ul data-start=\"3653\" data-end=\"3824\"><li data-start=\"3653\" data-end=\"3679\"><p data-start=\"3655\" data-end=\"3679\">roteiros personalizados,<\/p><\/li><li data-start=\"3680\" data-end=\"3736\"><p data-start=\"3682\" data-end=\"3736\">guias credenciados e especialistas em cultura carioca,<\/p><\/li><li data-start=\"3737\" data-end=\"3783\"><p data-start=\"3739\" data-end=\"3783\">assist\u00eancia completa durante todo o passeio,<\/p><\/li><li data-start=\"3784\" data-end=\"3824\"><p data-start=\"3786\" data-end=\"3824\">parcerias com fornecedores confi\u00e1veis.<\/p><\/li><\/ul><p data-start=\"3826\" data-end=\"3910\">Avalia\u00e7\u00f5es em plataformas como Google Reviews e TripAdvisor refor\u00e7am sua excel\u00eancia.<\/p><\/div>\n\t\t\t\t<\/div>\n\t\t\t\t\t\t\t<div class=\"elementor-toggle-item\">\n\t\t\t\t\t<div id=\"elementor-tab-title-18811\" class=\"elementor-tab-title\" data-tab=\"11\" role=\"button\" aria-controls=\"elementor-tab-content-18811\" aria-expanded=\"false\">\n\t\t\t\t\t\t\t\t\t\t\t\t<span class=\"elementor-toggle-icon elementor-toggle-icon-left\" aria-hidden=\"true\">\n\t\t\t\t\t\t\t\t\t\t\t\t\t\t\t<span class=\"elementor-toggle-icon-closed\"><svg class=\"e-font-icon-svg e-fas-caret-right\" viewBox=\"0 0 192 512\" xmlns=\"http:\/\/www.w3.org\/2000\/svg\"><path d=\"M0 384.662V127.338c0-17.818 21.543-26.741 34.142-14.142l128.662 128.662c7.81 7.81 7.81 20.474 0 28.284L34.142 398.804C21.543 411.404 0 402.48 0 384.662z\"><\/path><\/svg><\/span>\n\t\t\t\t\t\t\t\t<span class=\"elementor-toggle-icon-opened\"><svg class=\"elementor-toggle-icon-opened e-font-icon-svg e-fas-caret-up\" viewBox=\"0 0 320 512\" xmlns=\"http:\/\/www.w3.org\/2000\/svg\"><path d=\"M288.662 352H31.338c-17.818 0-26.741-21.543-14.142-34.142l128.662-128.662c7.81-7.81 20.474-7.81 28.284 0l128.662 128.662c12.6 12.599 3.676 34.142-14.142 34.142z\"><\/path><\/svg><\/span>\n\t\t\t\t\t\t\t\t\t\t\t\t\t<\/span>\n\t\t\t\t\t\t\t\t\t\t\t\t<a class=\"elementor-toggle-title\" tabindex=\"0\">O roteiro inclui atra\u00e7\u00f5es pagas?<\/a>\n\t\t\t\t\t<\/div>\n\n\t\t\t\t\t<div id=\"elementor-tab-content-18811\" class=\"elementor-tab-content elementor-clearfix\" data-tab=\"11\" role=\"region\" aria-labelledby=\"elementor-tab-title-18811\"><p data-start=\"3961\" data-end=\"4008\">Sim, algumas atra\u00e7\u00f5es podem ter ingresso, como:<\/p><ul data-start=\"4009\" data-end=\"4085\"><li data-start=\"4009\" data-end=\"4041\"><p data-start=\"4011\" data-end=\"4041\"><strong data-start=\"4011\" data-end=\"4038\">Museu da Ch\u00e1cara do C\u00e9u<\/strong>,<\/p><\/li><li data-start=\"4042\" data-end=\"4085\"><p data-start=\"4044\" data-end=\"4085\"><strong data-start=\"4044\" data-end=\"4082\">Visita guiada ao Theatro Municipal<\/strong>.<\/p><\/li><\/ul><p data-start=\"4087\" data-end=\"4214\">No entanto, grande parte do passeio \u00e9 ao ar livre e gratuita, como os Arcos da Lapa, a Escadaria Selar\u00f3n e o Parque das Ru\u00ednas.<\/p><\/div>\n\t\t\t\t<\/div>\n\t\t\t\t\t\t\t<div class=\"elementor-toggle-item\">\n\t\t\t\t\t<div id=\"elementor-tab-title-18812\" class=\"elementor-tab-title\" data-tab=\"12\" role=\"button\" aria-controls=\"elementor-tab-content-18812\" aria-expanded=\"false\">\n\t\t\t\t\t\t\t\t\t\t\t\t<span class=\"elementor-toggle-icon elementor-toggle-icon-left\" aria-hidden=\"true\">\n\t\t\t\t\t\t\t\t\t\t\t\t\t\t\t<span class=\"elementor-toggle-icon-closed\"><svg class=\"e-font-icon-svg e-fas-caret-right\" viewBox=\"0 0 192 512\" xmlns=\"http:\/\/www.w3.org\/2000\/svg\"><path d=\"M0 384.662V127.338c0-17.818 21.543-26.741 34.142-14.142l128.662 128.662c7.81 7.81 7.81 20.474 0 28.284L34.142 398.804C21.543 411.404 0 402.48 0 384.662z\"><\/path><\/svg><\/span>\n\t\t\t\t\t\t\t\t<span class=\"elementor-toggle-icon-opened\"><svg class=\"elementor-toggle-icon-opened e-font-icon-svg e-fas-caret-up\" viewBox=\"0 0 320 512\" xmlns=\"http:\/\/www.w3.org\/2000\/svg\"><path d=\"M288.662 352H31.338c-17.818 0-26.741-21.543-14.142-34.142l128.662-128.662c7.81-7.81 20.474-7.81 28.284 0l128.662 128.662c12.6 12.599 3.676 34.142-14.142 34.142z\"><\/path><\/svg><\/span>\n\t\t\t\t\t\t\t\t\t\t\t\t\t<\/span>\n\t\t\t\t\t\t\t\t\t\t\t\t<a class=\"elementor-toggle-title\" tabindex=\"0\">\u00c9 seguro fazer esse roteiro sozinho?<\/a>\n\t\t\t\t\t<\/div>\n\n\t\t\t\t\t<div id=\"elementor-tab-content-18812\" class=\"elementor-tab-content elementor-clearfix\" data-tab=\"12\" role=\"region\" aria-labelledby=\"elementor-tab-title-18812\"><p data-start=\"4269\" data-end=\"4536\">\u00c9 poss\u00edvel fazer o roteiro por conta pr\u00f3pria, principalmente durante o dia. \u00c0 noite, como em qualquer grande cidade, recomenda-se aten\u00e7\u00e3o redobrada, ficar em \u00e1reas movimentadas e, se poss\u00edvel, contar com o suporte de uma ag\u00eancia como a Blumar para mais tranquilidade.<\/p><\/div>\n\t\t\t\t<\/div>\n\t\t\t\t\t\t\t<div class=\"elementor-toggle-item\">\n\t\t\t\t\t<div id=\"elementor-tab-title-18813\" class=\"elementor-tab-title\" data-tab=\"13\" role=\"button\" aria-controls=\"elementor-tab-content-18813\" aria-expanded=\"false\">\n\t\t\t\t\t\t\t\t\t\t\t\t<span class=\"elementor-toggle-icon elementor-toggle-icon-left\" aria-hidden=\"true\">\n\t\t\t\t\t\t\t\t\t\t\t\t\t\t\t<span class=\"elementor-toggle-icon-closed\"><svg class=\"e-font-icon-svg e-fas-caret-right\" viewBox=\"0 0 192 512\" xmlns=\"http:\/\/www.w3.org\/2000\/svg\"><path d=\"M0 384.662V127.338c0-17.818 21.543-26.741 34.142-14.142l128.662 128.662c7.81 7.81 7.81 20.474 0 28.284L34.142 398.804C21.543 411.404 0 402.48 0 384.662z\"><\/path><\/svg><\/span>\n\t\t\t\t\t\t\t\t<span class=\"elementor-toggle-icon-opened\"><svg class=\"elementor-toggle-icon-opened e-font-icon-svg e-fas-caret-up\" viewBox=\"0 0 320 512\" xmlns=\"http:\/\/www.w3.org\/2000\/svg\"><path d=\"M288.662 352H31.338c-17.818 0-26.741-21.543-14.142-34.142l128.662-128.662c7.81-7.81 20.474-7.81 28.284 0l128.662 128.662c12.6 12.599 3.676 34.142-14.142 34.142z\"><\/path><\/svg><\/span>\n\t\t\t\t\t\t\t\t\t\t\t\t\t<\/span>\n\t\t\t\t\t\t\t\t\t\t\t\t<a class=\"elementor-toggle-title\" tabindex=\"0\">Esse roteiro funciona durante a semana e nos finais de semana?<\/a>\n\t\t\t\t\t<\/div>\n\n\t\t\t\t\t<div id=\"elementor-tab-content-18813\" class=\"elementor-tab-content elementor-clearfix\" data-tab=\"13\" role=\"region\" aria-labelledby=\"elementor-tab-title-18813\"><p data-start=\"4617\" data-end=\"4653\">Sim, mas com diferen\u00e7as importantes:<\/p><ul data-start=\"4654\" data-end=\"4913\"><li data-start=\"4654\" data-end=\"4744\"><p data-start=\"4656\" data-end=\"4744\"><strong data-start=\"4656\" data-end=\"4677\">Durante a semana:<\/strong> clima mais tranquilo e atra\u00e7\u00f5es culturais funcionando normalmente.<\/p><\/li><li data-start=\"4745\" data-end=\"4805\"><p data-start=\"4747\" data-end=\"4805\"><strong data-start=\"4747\" data-end=\"4763\">Aos s\u00e1bados:<\/strong> ocorre a Feira do Rio Antigo na Lavradio.<\/p><\/li><li data-start=\"4806\" data-end=\"4913\"><p data-start=\"4808\" data-end=\"4913\"><strong data-start=\"4808\" data-end=\"4835\">\u00c0 noite, todos os dias:<\/strong> a vida noturna costuma estar ativa, mas sexta e s\u00e1bado s\u00e3o mais movimentados.<\/p><\/li><\/ul><\/div>\n\t\t\t\t<\/div>\n\t\t\t\t\t\t\t<div class=\"elementor-toggle-item\">\n\t\t\t\t\t<div id=\"elementor-tab-title-18814\" class=\"elementor-tab-title\" data-tab=\"14\" role=\"button\" aria-controls=\"elementor-tab-content-18814\" aria-expanded=\"false\">\n\t\t\t\t\t\t\t\t\t\t\t\t<span class=\"elementor-toggle-icon elementor-toggle-icon-left\" aria-hidden=\"true\">\n\t\t\t\t\t\t\t\t\t\t\t\t\t\t\t<span class=\"elementor-toggle-icon-closed\"><svg class=\"e-font-icon-svg e-fas-caret-right\" viewBox=\"0 0 192 512\" xmlns=\"http:\/\/www.w3.org\/2000\/svg\"><path d=\"M0 384.662V127.338c0-17.818 21.543-26.741 34.142-14.142l128.662 128.662c7.81 7.81 7.81 20.474 0 28.284L34.142 398.804C21.543 411.404 0 402.48 0 384.662z\"><\/path><\/svg><\/span>\n\t\t\t\t\t\t\t\t<span class=\"elementor-toggle-icon-opened\"><svg class=\"elementor-toggle-icon-opened e-font-icon-svg e-fas-caret-up\" viewBox=\"0 0 320 512\" xmlns=\"http:\/\/www.w3.org\/2000\/svg\"><path d=\"M288.662 352H31.338c-17.818 0-26.741-21.543-14.142-34.142l128.662-128.662c7.81-7.81 20.474-7.81 28.284 0l128.662 128.662c12.6 12.599 3.676 34.142-14.142 34.142z\"><\/path><\/svg><\/span>\n\t\t\t\t\t\t\t\t\t\t\t\t\t<\/span>\n\t\t\t\t\t\t\t\t\t\t\t\t<a class=\"elementor-toggle-title\" tabindex=\"0\">Quanto tempo leva para fazer o roteiro completo?<\/a>\n\t\t\t\t\t<\/div>\n\n\t\t\t\t\t<div id=\"elementor-tab-content-18814\" class=\"elementor-tab-content elementor-clearfix\" data-tab=\"14\" role=\"region\" aria-labelledby=\"elementor-tab-title-18814\"><p data-start=\"4980\" data-end=\"5048\">O roteiro foi planejado para ocupar um dia inteiro, aproximadamente:<\/p><ul data-start=\"5049\" data-end=\"5261\"><li data-start=\"5049\" data-end=\"5079\"><p data-start=\"5051\" data-end=\"5079\"><strong data-start=\"5051\" data-end=\"5061\">Manh\u00e3:<\/strong> Arcos + Selar\u00f3n<\/p><\/li><li data-start=\"5080\" data-end=\"5131\"><p data-start=\"5082\" data-end=\"5131\"><strong data-start=\"5082\" data-end=\"5129\">Almo\u00e7o e primeiras atra\u00e7\u00f5es em Santa Teresa<\/strong><\/p><\/li><li data-start=\"5132\" data-end=\"5172\"><p data-start=\"5134\" data-end=\"5172\"><strong data-start=\"5134\" data-end=\"5144\">Tarde:<\/strong> Parque das Ru\u00ednas + Museu<\/p><\/li><li data-start=\"5173\" data-end=\"5225\"><p data-start=\"5175\" data-end=\"5225\"><strong data-start=\"5175\" data-end=\"5192\">Fim de tarde:<\/strong> Cinel\u00e2ndia e Theatro Municipal<\/p><\/li><li data-start=\"5226\" data-end=\"5261\"><p data-start=\"5228\" data-end=\"5261\"><strong data-start=\"5228\" data-end=\"5238\">Noite:<\/strong> Vida noturna na Lapa<\/p><\/li><\/ul><p data-start=\"5263\" data-end=\"5320\">Total: <strong data-start=\"5270\" data-end=\"5298\">10 a 12 horas de passeio<\/strong>, dependendo do ritmo.<\/p><\/div>\n\t\t\t\t<\/div>\n\t\t\t\t\t\t\t<div class=\"elementor-toggle-item\">\n\t\t\t\t\t<div id=\"elementor-tab-title-18815\" class=\"elementor-tab-title\" data-tab=\"15\" role=\"button\" aria-controls=\"elementor-tab-content-18815\" aria-expanded=\"false\">\n\t\t\t\t\t\t\t\t\t\t\t\t<span class=\"elementor-toggle-icon elementor-toggle-icon-left\" aria-hidden=\"true\">\n\t\t\t\t\t\t\t\t\t\t\t\t\t\t\t<span class=\"elementor-toggle-icon-closed\"><svg class=\"e-font-icon-svg e-fas-caret-right\" viewBox=\"0 0 192 512\" xmlns=\"http:\/\/www.w3.org\/2000\/svg\"><path d=\"M0 384.662V127.338c0-17.818 21.543-26.741 34.142-14.142l128.662 128.662c7.81 7.81 7.81 20.474 0 28.284L34.142 398.804C21.543 411.404 0 402.48 0 384.662z\"><\/path><\/svg><\/span>\n\t\t\t\t\t\t\t\t<span class=\"elementor-toggle-icon-opened\"><svg class=\"elementor-toggle-icon-opened e-font-icon-svg e-fas-caret-up\" viewBox=\"0 0 320 512\" xmlns=\"http:\/\/www.w3.org\/2000\/svg\"><path d=\"M288.662 352H31.338c-17.818 0-26.741-21.543-14.142-34.142l128.662-128.662c7.81-7.81 20.474-7.81 28.284 0l128.662 128.662c12.6 12.599 3.676 34.142-14.142 34.142z\"><\/path><\/svg><\/span>\n\t\t\t\t\t\t\t\t\t\t\t\t\t<\/span>\n\t\t\t\t\t\t\t\t\t\t\t\t<a class=\"elementor-toggle-title\" tabindex=\"0\">Esse roteiro serve para fam\u00edlias e crian\u00e7as?<\/a>\n\t\t\t\t\t<\/div>\n\n\t\t\t\t\t<div id=\"elementor-tab-content-18815\" class=\"elementor-tab-content elementor-clearfix\" data-tab=\"15\" role=\"region\" aria-labelledby=\"elementor-tab-title-18815\"><p data-start=\"5383\" data-end=\"5566\">Sim, especialmente as partes diurnas. O passeio cultural \u00e9 leve, visual e cheio de elementos interessantes para todas as idades. A vida noturna, por\u00e9m, \u00e9 indicada apenas para adultos.<\/p><\/div>\n\t\t\t\t<\/div>\n\t\t\t\t\t\t\t\t\t\t<script type=\"application\/ld+json\">{\"@context\":\"https:\\\/\\\/schema.org\",\"@type\":\"FAQPage\",\"mainEntity\":[{\"@type\":\"Question\",\"name\":\"O que torna a Lapa um bom bairro para um roteiro de um dia no Rio?\",\"acceptedAnswer\":{\"@type\":\"Answer\",\"text\":\"<p data-start=\\\"353\\\" data-end=\\\"674\\\">A Lapa \\u00e9 um dos bairros mais vibrantes do Rio de Janeiro, reunindo hist\\u00f3ria, cultura, arquitetura ic\\u00f4nica, vida noturna e acesso f\\u00e1cil a pontos tur\\u00edsticos famosos. Segundo o Minist\\u00e9rio do Turismo, mais de 2 milh\\u00f5es de visitantes passam pela regi\\u00e3o anualmente, tornando-a uma das \\u00e1reas culturais mais procuradas da cidade.<\\\/p>\"}},{\"@type\":\"Question\",\"name\":\"O que ver logo pela manh\\u00e3 na Lapa?\",\"acceptedAnswer\":{\"@type\":\"Answer\",\"text\":\"<p data-start=\\\"726\\\" data-end=\\\"785\\\">A manh\\u00e3 \\u00e9 ideal para visitar dois cart\\u00f5es-postais ic\\u00f4nicos:<\\\/p><ul data-start=\\\"786\\\" data-end=\\\"1043\\\"><li data-start=\\\"786\\\" data-end=\\\"902\\\"><p data-start=\\\"788\\\" data-end=\\\"902\\\"><strong data-start=\\\"788\\\" data-end=\\\"805\\\">Arcos da Lapa<\\\/strong> \\u2013 O monumento hist\\u00f3rico do s\\u00e9culo XVIII rende excelentes fotos com a luz suave do in\\u00edcio do dia.<\\\/p><\\\/li><li data-start=\\\"903\\\" data-end=\\\"1043\\\"><p data-start=\\\"905\\\" data-end=\\\"1043\\\"><strong data-start=\\\"905\\\" data-end=\\\"926\\\">Escadaria Selar\\u00f3n<\\\/strong> \\u2013 Uma obra viva com mais de 2.000 azulejos de 60 pa\\u00edses, reconhecida internacionalmente como s\\u00edmbolo da arte urbana.<\\\/p><\\\/li><\\\/ul>\"}},{\"@type\":\"Question\",\"name\":\"Como subir para Santa Teresa saindo da Lapa?\",\"acceptedAnswer\":{\"@type\":\"Answer\",\"text\":\"<p data-start=\\\"1105\\\" data-end=\\\"1315\\\">A forma mais charmosa e tradicional \\u00e9 pegar o <strong data-start=\\\"1151\\\" data-end=\\\"1176\\\">Bonde de Santa Teresa<\\\/strong>, um patrim\\u00f4nio tombado pelo IPHAN e um dos \\u00faltimos bondes el\\u00e9tricos em funcionamento no Brasil. A viagem em si j\\u00e1 \\u00e9 uma atra\\u00e7\\u00e3o tur\\u00edstica.<\\\/p>\"}},{\"@type\":\"Question\",\"name\":\"Onde almo\\u00e7ar em Santa Teresa durante o roteiro?\",\"acceptedAnswer\":{\"@type\":\"Answer\",\"text\":\"<p data-start=\\\"1380\\\" data-end=\\\"1457\\\">Santa Teresa oferece \\u00f3timas op\\u00e7\\u00f5es gastron\\u00f4micas. Entre as mais recomendadas:<\\\/p><ul data-start=\\\"1458\\\" data-end=\\\"1620\\\"><li data-start=\\\"1458\\\" data-end=\\\"1500\\\"><p data-start=\\\"1460\\\" data-end=\\\"1500\\\"><strong data-start=\\\"1460\\\" data-end=\\\"1476\\\">Caf\\u00e9 do Alto<\\\/strong> \\u2013 culin\\u00e1ria nordestina.<\\\/p><\\\/li><li data-start=\\\"1501\\\" data-end=\\\"1566\\\"><p data-start=\\\"1503\\\" data-end=\\\"1566\\\"><strong data-start=\\\"1503\\\" data-end=\\\"1521\\\">Bar do Mineiro<\\\/strong> \\u2013 feijoada premiada e ambiente descontra\\u00eddo.<\\\/p><\\\/li><li data-start=\\\"1567\\\" data-end=\\\"1620\\\"><p data-start=\\\"1569\\\" data-end=\\\"1620\\\"><strong data-start=\\\"1569\\\" data-end=\\\"1582\\\">Apraz\\u00edvel<\\\/strong> \\u2013 vista panor\\u00e2mica e pratos autorais.<\\\/p><\\\/li><\\\/ul><p data-start=\\\"1622\\\" data-end=\\\"1714\\\">Esses restaurantes garantem uma experi\\u00eancia aut\\u00eantica, com sabores marcantes e clima bo\\u00eamio.<\\\/p>\"}},{\"@type\":\"Question\",\"name\":\"Quais atra\\u00e7\\u00f5es visitar \\u00e0 tarde em Santa Teresa?\",\"acceptedAnswer\":{\"@type\":\"Answer\",\"text\":\"<p data-start=\\\"1779\\\" data-end=\\\"1828\\\">Para arte e hist\\u00f3ria, dois pontos s\\u00e3o essenciais:<\\\/p><ul data-start=\\\"1829\\\" data-end=\\\"2066\\\"><li data-start=\\\"1829\\\" data-end=\\\"1934\\\"><p data-start=\\\"1831\\\" data-end=\\\"1934\\\"><strong data-start=\\\"1831\\\" data-end=\\\"1852\\\">Parque das Ru\\u00ednas<\\\/strong> \\u2013 mirante com vista para o P\\u00e3o de A\\u00e7\\u00facar, Marina da Gl\\u00f3ria e Ba\\u00eda de Guanabara.<\\\/p><\\\/li><li data-start=\\\"1935\\\" data-end=\\\"2066\\\"><p data-start=\\\"1937\\\" data-end=\\\"2066\\\"><strong data-start=\\\"1937\\\" data-end=\\\"1964\\\">Museu da Ch\\u00e1cara do C\\u00e9u<\\\/strong> \\u2013 acervo com obras de Portinari, Debret, Di Cavalcanti e outros nomes importantes da arte brasileira.<\\\/p><\\\/li><\\\/ul>\"}},{\"@type\":\"Question\",\"name\":\"O que fazer ao retornar para a Lapa no fim da tarde?\",\"acceptedAnswer\":{\"@type\":\"Answer\",\"text\":\"<p data-start=\\\"2136\\\" data-end=\\\"2408\\\">A recomenda\\u00e7\\u00e3o \\u00e9 explorar a <strong data-start=\\\"2164\\\" data-end=\\\"2178\\\">Cinel\\u00e2ndia<\\\/strong>, com seu conjunto de cinemas, caf\\u00e9s hist\\u00f3ricos e pr\\u00e9dios emblem\\u00e1ticos \\u2014 especialmente o <strong data-start=\\\"2267\\\" data-end=\\\"2288\\\">Theatro Municipal<\\\/strong>, considerado um dos mais impressionantes do Brasil. Visitas guiadas s\\u00e3o altamente recomendadas e duram cerca de 1 hora.<\\\/p>\"}},{\"@type\":\"Question\",\"name\":\"O que acontece na Rua do Lavradio aos s\\u00e1bados?\",\"acceptedAnswer\":{\"@type\":\"Answer\",\"text\":\"<p data-start=\\\"2472\\\" data-end=\\\"2597\\\">Aos s\\u00e1bados, acontece a famosa <strong data-start=\\\"2503\\\" data-end=\\\"2526\\\">Feira do Rio Antigo<\\\/strong>, um dos eventos culturais mais queridos da cidade. Nela voc\\u00ea encontra:<\\\/p><ul data-start=\\\"2598\\\" data-end=\\\"2678\\\"><li data-start=\\\"2598\\\" data-end=\\\"2611\\\"><p data-start=\\\"2600\\\" data-end=\\\"2611\\\">artesanato,<\\\/p><\\\/li><li data-start=\\\"2612\\\" data-end=\\\"2627\\\"><p data-start=\\\"2614\\\" data-end=\\\"2627\\\">antiguidades,<\\\/p><\\\/li><li data-start=\\\"2628\\\" data-end=\\\"2645\\\"><p data-start=\\\"2630\\\" data-end=\\\"2645\\\">m\\u00fasica ao vivo,<\\\/p><\\\/li><li data-start=\\\"2646\\\" data-end=\\\"2678\\\"><p data-start=\\\"2648\\\" data-end=\\\"2678\\\">bares e restaurantes animados.<\\\/p><\\\/li><\\\/ul><p data-start=\\\"2680\\\" data-end=\\\"2744\\\">\\u00c9 perfeita para quem quer sentir o clima carioca mais aut\\u00eantico.<\\\/p>\"}},{\"@type\":\"Question\",\"name\":\"Onde aproveitar a vida noturna no fim do roteiro?\",\"acceptedAnswer\":{\"@type\":\"Answer\",\"text\":\"<p data-start=\\\"2811\\\" data-end=\\\"2955\\\">A noite \\u00e9 o ponto alto do roteiro na Lapa, considerada o bairro mais procurado por turistas para vida noturna. Os locais mais populares incluem:<\\\/p><ul data-start=\\\"2956\\\" data-end=\\\"3163\\\"><li data-start=\\\"2956\\\" data-end=\\\"3012\\\"><p data-start=\\\"2958\\\" data-end=\\\"3012\\\"><strong data-start=\\\"2958\\\" data-end=\\\"2975\\\">Rio Scenarium<\\\/strong> \\u2013 m\\u00fasica brasileira em tr\\u00eas andares,<\\\/p><\\\/li><li data-start=\\\"3013\\\" data-end=\\\"3059\\\"><p data-start=\\\"3015\\\" data-end=\\\"3059\\\"><strong data-start=\\\"3015\\\" data-end=\\\"3027\\\">Lapa 40\\u00ba<\\\/strong> \\u2013 samba, forr\\u00f3 e pista variada,<\\\/p><\\\/li><li data-start=\\\"3060\\\" data-end=\\\"3102\\\"><p data-start=\\\"3062\\\" data-end=\\\"3102\\\"><strong data-start=\\\"3062\\\" data-end=\\\"3081\\\">Carioca da Gema<\\\/strong> \\u2013 samba tradicional,<\\\/p><\\\/li><li data-start=\\\"3103\\\" data-end=\\\"3163\\\"><p data-start=\\\"3105\\\" data-end=\\\"3163\\\"><strong data-start=\\\"3105\\\" data-end=\\\"3120\\\">Leviano Bar<\\\/strong> \\u2013 ambiente animado e programa\\u00e7\\u00e3o ecl\\u00e9tica.<\\\/p><\\\/li><\\\/ul>\"}},{\"@type\":\"Question\",\"name\":\"Esse roteiro de um dia \\u00e9 vi\\u00e1vel para quem est\\u00e1 viajando pela primeira vez ao Rio?\",\"acceptedAnswer\":{\"@type\":\"Answer\",\"text\":\"<p data-start=\\\"3262\\\" data-end=\\\"3437\\\">Sim. O roteiro \\u00e9 compacto, seguro, estrat\\u00e9gico e re\\u00fane atra\\u00e7\\u00f5es pr\\u00f3ximas umas das outras. \\u00c9 ideal para quem quer vivenciar cultura, hist\\u00f3ria, arte e vida bo\\u00eamia em apenas 24h.<\\\/p>\"}},{\"@type\":\"Question\",\"name\":\"A Blumar Turismo oferece suporte para esse roteiro pela Lapa e Santa Teresa?\",\"acceptedAnswer\":{\"@type\":\"Answer\",\"text\":\"<p data-start=\\\"3532\\\" data-end=\\\"3652\\\">Sim. A Blumar Turismo \\u00e9 refer\\u00eancia nacional em turismo receptivo, com mais de 30 anos de experi\\u00eancia. A empresa oferece:<\\\/p><ul data-start=\\\"3653\\\" data-end=\\\"3824\\\"><li data-start=\\\"3653\\\" data-end=\\\"3679\\\"><p data-start=\\\"3655\\\" data-end=\\\"3679\\\">roteiros personalizados,<\\\/p><\\\/li><li data-start=\\\"3680\\\" data-end=\\\"3736\\\"><p data-start=\\\"3682\\\" data-end=\\\"3736\\\">guias credenciados e especialistas em cultura carioca,<\\\/p><\\\/li><li data-start=\\\"3737\\\" data-end=\\\"3783\\\"><p data-start=\\\"3739\\\" data-end=\\\"3783\\\">assist\\u00eancia completa durante todo o passeio,<\\\/p><\\\/li><li data-start=\\\"3784\\\" data-end=\\\"3824\\\"><p data-start=\\\"3786\\\" data-end=\\\"3824\\\">parcerias com fornecedores confi\\u00e1veis.<\\\/p><\\\/li><\\\/ul><p data-start=\\\"3826\\\" data-end=\\\"3910\\\">Avalia\\u00e7\\u00f5es em plataformas como Google Reviews e TripAdvisor refor\\u00e7am sua excel\\u00eancia.<\\\/p>\"}},{\"@type\":\"Question\",\"name\":\"O roteiro inclui atra\\u00e7\\u00f5es pagas?\",\"acceptedAnswer\":{\"@type\":\"Answer\",\"text\":\"<p data-start=\\\"3961\\\" data-end=\\\"4008\\\">Sim, algumas atra\\u00e7\\u00f5es podem ter ingresso, como:<\\\/p><ul data-start=\\\"4009\\\" data-end=\\\"4085\\\"><li data-start=\\\"4009\\\" data-end=\\\"4041\\\"><p data-start=\\\"4011\\\" data-end=\\\"4041\\\"><strong data-start=\\\"4011\\\" data-end=\\\"4038\\\">Museu da Ch\\u00e1cara do C\\u00e9u<\\\/strong>,<\\\/p><\\\/li><li data-start=\\\"4042\\\" data-end=\\\"4085\\\"><p data-start=\\\"4044\\\" data-end=\\\"4085\\\"><strong data-start=\\\"4044\\\" data-end=\\\"4082\\\">Visita guiada ao Theatro Municipal<\\\/strong>.<\\\/p><\\\/li><\\\/ul><p data-start=\\\"4087\\\" data-end=\\\"4214\\\">No entanto, grande parte do passeio \\u00e9 ao ar livre e gratuita, como os Arcos da Lapa, a Escadaria Selar\\u00f3n e o Parque das Ru\\u00ednas.<\\\/p>\"}},{\"@type\":\"Question\",\"name\":\"\\u00c9 seguro fazer esse roteiro sozinho?\",\"acceptedAnswer\":{\"@type\":\"Answer\",\"text\":\"<p data-start=\\\"4269\\\" data-end=\\\"4536\\\">\\u00c9 poss\\u00edvel fazer o roteiro por conta pr\\u00f3pria, principalmente durante o dia. \\u00c0 noite, como em qualquer grande cidade, recomenda-se aten\\u00e7\\u00e3o redobrada, ficar em \\u00e1reas movimentadas e, se poss\\u00edvel, contar com o suporte de uma ag\\u00eancia como a Blumar para mais tranquilidade.<\\\/p>\"}},{\"@type\":\"Question\",\"name\":\"Esse roteiro funciona durante a semana e nos finais de semana?\",\"acceptedAnswer\":{\"@type\":\"Answer\",\"text\":\"<p data-start=\\\"4617\\\" data-end=\\\"4653\\\">Sim, mas com diferen\\u00e7as importantes:<\\\/p><ul data-start=\\\"4654\\\" data-end=\\\"4913\\\"><li data-start=\\\"4654\\\" data-end=\\\"4744\\\"><p data-start=\\\"4656\\\" data-end=\\\"4744\\\"><strong data-start=\\\"4656\\\" data-end=\\\"4677\\\">Durante a semana:<\\\/strong> clima mais tranquilo e atra\\u00e7\\u00f5es culturais funcionando normalmente.<\\\/p><\\\/li><li data-start=\\\"4745\\\" data-end=\\\"4805\\\"><p data-start=\\\"4747\\\" data-end=\\\"4805\\\"><strong data-start=\\\"4747\\\" data-end=\\\"4763\\\">Aos s\\u00e1bados:<\\\/strong> ocorre a Feira do Rio Antigo na Lavradio.<\\\/p><\\\/li><li data-start=\\\"4806\\\" data-end=\\\"4913\\\"><p data-start=\\\"4808\\\" data-end=\\\"4913\\\"><strong data-start=\\\"4808\\\" data-end=\\\"4835\\\">\\u00c0 noite, todos os dias:<\\\/strong> a vida noturna costuma estar ativa, mas sexta e s\\u00e1bado s\\u00e3o mais movimentados.<\\\/p><\\\/li><\\\/ul>\"}},{\"@type\":\"Question\",\"name\":\"Quanto tempo leva para fazer o roteiro completo?\",\"acceptedAnswer\":{\"@type\":\"Answer\",\"text\":\"<p data-start=\\\"4980\\\" data-end=\\\"5048\\\">O roteiro foi planejado para ocupar um dia inteiro, aproximadamente:<\\\/p><ul data-start=\\\"5049\\\" data-end=\\\"5261\\\"><li data-start=\\\"5049\\\" data-end=\\\"5079\\\"><p data-start=\\\"5051\\\" data-end=\\\"5079\\\"><strong data-start=\\\"5051\\\" data-end=\\\"5061\\\">Manh\\u00e3:<\\\/strong> Arcos + Selar\\u00f3n<\\\/p><\\\/li><li data-start=\\\"5080\\\" data-end=\\\"5131\\\"><p data-start=\\\"5082\\\" data-end=\\\"5131\\\"><strong data-start=\\\"5082\\\" data-end=\\\"5129\\\">Almo\\u00e7o e primeiras atra\\u00e7\\u00f5es em Santa Teresa<\\\/strong><\\\/p><\\\/li><li data-start=\\\"5132\\\" data-end=\\\"5172\\\"><p data-start=\\\"5134\\\" data-end=\\\"5172\\\"><strong data-start=\\\"5134\\\" data-end=\\\"5144\\\">Tarde:<\\\/strong> Parque das Ru\\u00ednas + Museu<\\\/p><\\\/li><li data-start=\\\"5173\\\" data-end=\\\"5225\\\"><p data-start=\\\"5175\\\" data-end=\\\"5225\\\"><strong data-start=\\\"5175\\\" data-end=\\\"5192\\\">Fim de tarde:<\\\/strong> Cinel\\u00e2ndia e Theatro Municipal<\\\/p><\\\/li><li data-start=\\\"5226\\\" data-end=\\\"5261\\\"><p data-start=\\\"5228\\\" data-end=\\\"5261\\\"><strong data-start=\\\"5228\\\" data-end=\\\"5238\\\">Noite:<\\\/strong> Vida noturna na Lapa<\\\/p><\\\/li><\\\/ul><p data-start=\\\"5263\\\" data-end=\\\"5320\\\">Total: <strong data-start=\\\"5270\\\" data-end=\\\"5298\\\">10 a 12 horas de passeio<\\\/strong>, dependendo do ritmo.<\\\/p>\"}},{\"@type\":\"Question\",\"name\":\"Esse roteiro serve para fam\\u00edlias e crian\\u00e7as?\",\"acceptedAnswer\":{\"@type\":\"Answer\",\"text\":\"<p data-start=\\\"5383\\\" data-end=\\\"5566\\\">Sim, especialmente as partes diurnas. O passeio cultural \\u00e9 leve, visual e cheio de elementos interessantes para todas as idades. A vida noturna, por\\u00e9m, \\u00e9 indicada apenas para adultos.<\\\/p>\"}}]}<\/script>\n\t\t\t\t\t<\/div>\n\t\t\t\t<\/div>\n\t\t\t\t<\/div>\n\t\t\t\t\t<\/div>\n\t\t\t\t<\/div>\n\t\t\t\t\t\t\t<\/div>\n\t\t","protected":false},"excerpt":{"rendered":"<p>Explorar o Rio de Janeiro \u00e9 mergulhar em um universo de hist\u00f3rias, sabores, m\u00fasica e diversidade. E se existe um lugar onde tudo isso se encontra, \u00e9 na Lapa \u2014 ber\u00e7o da boemia carioca e ponto de partida perfeito para vivenciar a alma cultural da cidade. Neste roteiro de um&#46;&#46;&#46;<\/p>\n","protected":false},"author":10,"featured_media":72901,"comment_status":"closed","ping_status":"closed","sticky":false,"template":"","format":"standard","meta":{"footnotes":""},"categories":[690,694],"tags":[],"class_list":["post-27808","post","type-post","status-publish","format-standard","has-post-thumbnail","hentry","category-destinos-nacionais","category-dicas-de-viagem"],"yoast_head":"<!-- This site is optimized with the Yoast SEO Premium plugin v19.4 (Yoast SEO v24.1) - https:\/\/yoast.com\/wordpress\/plugins\/seo\/ -->\n<title>Roteiro de um dia para curtir o bairro da Lapa, no Rio de Janeiro, incluindo Santa Teresa<\/title>\n<meta name=\"description\" content=\"A Blumar Turismo preparou um Roteiro de um dia para curtir o bairro da Lapa, no Rio de Janeiro, incluindo Santa Teresa. Venha conferir !\" \/>\n<meta name=\"robots\" content=\"index, follow, max-snippet:-1, max-image-preview:large, max-video-preview:-1\" \/>\n<link rel=\"canonical\" href=\"https:\/\/www.blumarturismo.com.br\/blog\/roteiro-de-um-dia-para-curtir-o-bairro-da-lapa-no-rio-de-janeiro-incluindo-santa-teresa\/\" \/>\n<meta property=\"og:locale\" content=\"pt_BR\" \/>\n<meta property=\"og:type\" content=\"article\" \/>\n<meta property=\"og:title\" content=\"Roteiro de um dia para curtir o bairro da Lapa, no Rio de Janeiro, incluindo Santa Teresa\" \/>\n<meta property=\"og:description\" content=\"A Blumar Turismo preparou um Roteiro de um dia para curtir o bairro da Lapa, no Rio de Janeiro, incluindo Santa Teresa. Venha conferir !\" \/>\n<meta property=\"og:url\" content=\"https:\/\/www.blumarturismo.com.br\/blog\/roteiro-de-um-dia-para-curtir-o-bairro-da-lapa-no-rio-de-janeiro-incluindo-santa-teresa\/\" \/>\n<meta property=\"og:site_name\" content=\"Blog Blumar Turismo: O Seu Portal para Viagens Extraordin\u00e1rias\" \/>\n<meta property=\"article:publisher\" content=\"https:\/\/www.facebook.com\/blumarviagenseturismo\" \/>\n<meta property=\"article:author\" content=\"https:\/\/www.facebook.com\/blumarviagenseturismo\" \/>\n<meta property=\"article:published_time\" content=\"2025-12-03T15:39:52+00:00\" \/>\n<meta property=\"article:modified_time\" content=\"2026-01-15T14:30:35+00:00\" \/>\n<meta property=\"og:image\" content=\"https:\/\/www.blumarturismo.com.br\/blog\/wp-content\/uploads\/2023\/05\/shutterstock_1620688567-min.jpg\" \/>\n\t<meta property=\"og:image:width\" content=\"1000\" \/>\n\t<meta property=\"og:image:height\" content=\"750\" \/>\n\t<meta property=\"og:image:type\" content=\"image\/jpeg\" \/>\n<meta name=\"author\" content=\"Blumar Turismo\" \/>\n<meta name=\"twitter:card\" content=\"summary_large_image\" \/>\n<meta name=\"twitter:label1\" content=\"Escrito por\" \/>\n\t<meta name=\"twitter:data1\" content=\"Blumar Turismo\" \/>\n\t<meta name=\"twitter:label2\" content=\"Est. tempo de leitura\" \/>\n\t<meta name=\"twitter:data2\" content=\"12 minutos\" \/>\n<script type=\"application\/ld+json\" class=\"yoast-schema-graph\">{\"@context\":\"https:\/\/schema.org\",\"@graph\":[{\"@type\":\"Article\",\"@id\":\"https:\/\/www.blumarturismo.com.br\/blog\/roteiro-de-um-dia-para-curtir-o-bairro-da-lapa-no-rio-de-janeiro-incluindo-santa-teresa\/#article\",\"isPartOf\":{\"@id\":\"https:\/\/www.blumarturismo.com.br\/blog\/roteiro-de-um-dia-para-curtir-o-bairro-da-lapa-no-rio-de-janeiro-incluindo-santa-teresa\/\"},\"author\":{\"name\":\"Blumar Turismo\",\"@id\":\"https:\/\/www.blumarturismo.com.br\/blog\/#\/schema\/person\/8c5b522f6a79142bafca484c4604fba7\"},\"headline\":\"Roteiro de um dia para curtir o bairro da Lapa, no Rio de Janeiro, incluindo Santa Teresa\",\"datePublished\":\"2025-12-03T15:39:52+00:00\",\"dateModified\":\"2026-01-15T14:30:35+00:00\",\"mainEntityOfPage\":{\"@id\":\"https:\/\/www.blumarturismo.com.br\/blog\/roteiro-de-um-dia-para-curtir-o-bairro-da-lapa-no-rio-de-janeiro-incluindo-santa-teresa\/\"},\"wordCount\":2034,\"publisher\":{\"@id\":\"https:\/\/www.blumarturismo.com.br\/blog\/#organization\"},\"image\":{\"@id\":\"https:\/\/www.blumarturismo.com.br\/blog\/roteiro-de-um-dia-para-curtir-o-bairro-da-lapa-no-rio-de-janeiro-incluindo-santa-teresa\/#primaryimage\"},\"thumbnailUrl\":\"https:\/\/www.blumarturismo.com.br\/blog\/wp-content\/uploads\/2023\/05\/shutterstock_1620688567-min.jpg\",\"articleSection\":[\"Destinos Nacionais\",\"Dicas de Viagem\"],\"inLanguage\":\"pt-BR\"},{\"@type\":\"WebPage\",\"@id\":\"https:\/\/www.blumarturismo.com.br\/blog\/roteiro-de-um-dia-para-curtir-o-bairro-da-lapa-no-rio-de-janeiro-incluindo-santa-teresa\/\",\"url\":\"https:\/\/www.blumarturismo.com.br\/blog\/roteiro-de-um-dia-para-curtir-o-bairro-da-lapa-no-rio-de-janeiro-incluindo-santa-teresa\/\",\"name\":\"Roteiro de um dia para curtir o bairro da Lapa, no Rio de Janeiro, incluindo Santa Teresa\",\"isPartOf\":{\"@id\":\"https:\/\/www.blumarturismo.com.br\/blog\/#website\"},\"primaryImageOfPage\":{\"@id\":\"https:\/\/www.blumarturismo.com.br\/blog\/roteiro-de-um-dia-para-curtir-o-bairro-da-lapa-no-rio-de-janeiro-incluindo-santa-teresa\/#primaryimage\"},\"image\":{\"@id\":\"https:\/\/www.blumarturismo.com.br\/blog\/roteiro-de-um-dia-para-curtir-o-bairro-da-lapa-no-rio-de-janeiro-incluindo-santa-teresa\/#primaryimage\"},\"thumbnailUrl\":\"https:\/\/www.blumarturismo.com.br\/blog\/wp-content\/uploads\/2023\/05\/shutterstock_1620688567-min.jpg\",\"datePublished\":\"2025-12-03T15:39:52+00:00\",\"dateModified\":\"2026-01-15T14:30:35+00:00\",\"description\":\"A Blumar Turismo preparou um Roteiro de um dia para curtir o bairro da Lapa, no Rio de Janeiro, incluindo Santa Teresa. Venha conferir !\",\"breadcrumb\":{\"@id\":\"https:\/\/www.blumarturismo.com.br\/blog\/roteiro-de-um-dia-para-curtir-o-bairro-da-lapa-no-rio-de-janeiro-incluindo-santa-teresa\/#breadcrumb\"},\"inLanguage\":\"pt-BR\",\"potentialAction\":[{\"@type\":\"ReadAction\",\"target\":[\"https:\/\/www.blumarturismo.com.br\/blog\/roteiro-de-um-dia-para-curtir-o-bairro-da-lapa-no-rio-de-janeiro-incluindo-santa-teresa\/\"]}]},{\"@type\":\"ImageObject\",\"inLanguage\":\"pt-BR\",\"@id\":\"https:\/\/www.blumarturismo.com.br\/blog\/roteiro-de-um-dia-para-curtir-o-bairro-da-lapa-no-rio-de-janeiro-incluindo-santa-teresa\/#primaryimage\",\"url\":\"https:\/\/www.blumarturismo.com.br\/blog\/wp-content\/uploads\/2023\/05\/shutterstock_1620688567-min.jpg\",\"contentUrl\":\"https:\/\/www.blumarturismo.com.br\/blog\/wp-content\/uploads\/2023\/05\/shutterstock_1620688567-min.jpg\",\"width\":1000,\"height\":750,\"caption\":\"Foto: Catarina Belova \/ Shutterstock.com\"},{\"@type\":\"BreadcrumbList\",\"@id\":\"https:\/\/www.blumarturismo.com.br\/blog\/roteiro-de-um-dia-para-curtir-o-bairro-da-lapa-no-rio-de-janeiro-incluindo-santa-teresa\/#breadcrumb\",\"itemListElement\":[{\"@type\":\"ListItem\",\"position\":1,\"name\":\"In\u00edcio\",\"item\":\"https:\/\/www.blumarturismo.com.br\/blog\/\"},{\"@type\":\"ListItem\",\"position\":2,\"name\":\"Roteiro de um dia para curtir o bairro da Lapa, no Rio de Janeiro, incluindo Santa Teresa\"}]},{\"@type\":\"WebSite\",\"@id\":\"https:\/\/www.blumarturismo.com.br\/blog\/#website\",\"url\":\"https:\/\/www.blumarturismo.com.br\/blog\/\",\"name\":\"Blog Blumar Turismo: O Seu Portal para Viagens Extraordin\u00e1rias\",\"description\":\"Viajar \u00e9 nossa paix\u00e3o e expertise, e agora compartilhamos isso com voc\u00ea atrav\u00e9s do nosso blog. Com mais de 30 anos de hist\u00f3ria, a Blumar Turismo \u00e9 seu parceiro confi\u00e1vel para aventuras memor\u00e1veis. Explore conosco\",\"publisher\":{\"@id\":\"https:\/\/www.blumarturismo.com.br\/blog\/#organization\"},\"potentialAction\":[{\"@type\":\"SearchAction\",\"target\":{\"@type\":\"EntryPoint\",\"urlTemplate\":\"https:\/\/www.blumarturismo.com.br\/blog\/?s={search_term_string}\"},\"query-input\":{\"@type\":\"PropertyValueSpecification\",\"valueRequired\":true,\"valueName\":\"search_term_string\"}}],\"inLanguage\":\"pt-BR\"},{\"@type\":\"Organization\",\"@id\":\"https:\/\/www.blumarturismo.com.br\/blog\/#organization\",\"name\":\"Blumar Turismo\",\"url\":\"https:\/\/www.blumarturismo.com.br\/blog\/\",\"logo\":{\"@type\":\"ImageObject\",\"inLanguage\":\"pt-BR\",\"@id\":\"https:\/\/www.blumarturismo.com.br\/blog\/#\/schema\/logo\/image\/\",\"url\":\"https:\/\/www.blumarturismo.com.br\/blog\/wp-content\/uploads\/2020\/11\/cropped-logo_blumar_nacional2-2.jpg\",\"contentUrl\":\"https:\/\/www.blumarturismo.com.br\/blog\/wp-content\/uploads\/2020\/11\/cropped-logo_blumar_nacional2-2.jpg\",\"width\":167,\"height\":50,\"caption\":\"Blumar Turismo\"},\"image\":{\"@id\":\"https:\/\/www.blumarturismo.com.br\/blog\/#\/schema\/logo\/image\/\"},\"sameAs\":[\"https:\/\/www.facebook.com\/blumarviagenseturismo\",\"https:\/\/www.instagram.com\/blumarturismo\/\"]},{\"@type\":\"Person\",\"@id\":\"https:\/\/www.blumarturismo.com.br\/blog\/#\/schema\/person\/8c5b522f6a79142bafca484c4604fba7\",\"name\":\"Blumar Turismo\",\"image\":{\"@type\":\"ImageObject\",\"inLanguage\":\"pt-BR\",\"@id\":\"https:\/\/www.blumarturismo.com.br\/blog\/#\/schema\/person\/image\/\",\"url\":\"https:\/\/secure.gravatar.com\/avatar\/18a47e99a2b3ce558e7834aabf1bb475e0ae3a970dea40e74a2d2b71531fbe3b?s=96&d=mm&r=g\",\"contentUrl\":\"https:\/\/secure.gravatar.com\/avatar\/18a47e99a2b3ce558e7834aabf1bb475e0ae3a970dea40e74a2d2b71531fbe3b?s=96&d=mm&r=g\",\"caption\":\"Blumar Turismo\"},\"description\":\"Com uma trajet\u00f3ria consolidada de mais de 30 anos no setor de turismo, a Blumar Turismo se estabeleceu como l\u00edder gra\u00e7as ao seu compromisso cont\u00ednuo com a qualidade e satisfa\u00e7\u00e3o do cliente. Nossa experi\u00eancia traduz-se em viagens que v\u00e3o al\u00e9m da expectativa. Nosso Legado: 1. Expertise e Excel\u00eancia: Com tr\u00eas d\u00e9cadas de dedica\u00e7\u00e3o, aprofundamos nossa expertise para oferecer servi\u00e7os de viagem personalizados e de alto padr\u00e3o. Cada viagem, seja econ\u00f4mica ou de luxo, \u00e9 meticulosamente projetada para garantir experi\u00eancias not\u00e1veis. 2. Vanguarda em Inova\u00e7\u00e3o e Tecnologia: Nossa miss\u00e3o \u00e9 sempre liderar, incorporando as solu\u00e7\u00f5es mais avan\u00e7adas em produtos e tecnologias. A inova\u00e7\u00e3o \u00e9 intr\u00ednseca \u00e0 Blumar, permitindo-nos aprimorar constantemente a experi\u00eancia de viagem de nossos clientes. 3. Nossa Equipe, Nosso Diferencial: O verdadeiro motor da Blumar Turismo \u00e9 nossa equipe de profissionais. Com paix\u00e3o e dedica\u00e7\u00e3o, eles garantem que cada itiner\u00e1rio se transforme em uma experi\u00eancia \u00fanica e memor\u00e1vel. Seu comprometimento \u00e9 o que nos faz ganhar a confian\u00e7a de nossos clientes repetidamente. Na Blumar, n\u00e3o se trata apenas de vender pacotes de viagem, mas de projetar experi\u00eancias. Nossos roteiros prometem criar mem\u00f3rias duradouras, proporcionando viagens ricas em descobertas e emo\u00e7\u00f5es. Cremos que viajar \u00e9 uma forma de enriquecimento pessoal, explorando novas perspectivas e redefinindo-se a cada novo destino. Explore o mundo com a Blumar Turismo e torne sua jornada verdadeiramente extraordin\u00e1ria.\",\"sameAs\":[\"https:\/\/www.facebook.com\/blumarviagenseturismo\",\"https:\/\/www.instagram.com\/blumarturismo\/\",\"https:\/\/www.linkedin.com\/company\/blumar-turismo\/\",\"https:\/\/www.youtube.com\/@BlumarTurismo\"],\"award\":[\"2002 | 7th World Petroleum Congress & Rio Oil & Gas Expo\",\"2003 | 27\u00ba International Congress on Occupational Health - ICOH\",\"2004 | IOF World Congress on Osteoporosis 2004\",\"2005 | XXV Brazilian Congress on Rheumatology\",\"2006 | 3rd World Congress on AIDS\",\"2007 | 66th FIP Congress of Pharmacy and Pharmaceutical Sciences\",\"2008 | 62\u00ba Congresso Brasileiro de Cardiologia\",\"2009 | 3rd World Congress of Pediatric Gastroenterology Hepatology and Nutrition\",\"2010 | Pr\u00eamio Caio da D\u00e9cada - Jacar\u00e9 de Diamante - pelo 3rd World Congress on AIDS\",\"2011 | XIV Congresso SOBRICE\",\"2012 | XVIII Congresso da Sociedade Brasileira de Diabetes\",\"2013 | 67\u00ba Congresso da Sociedade Brasileira de Dermatologia\",\"2016 | Congresso Mundial da Propriedade Intelectual da AIPPI\"],\"knowsAbout\":[\"Turismo de Luxo\",\"Consultoria Personalizada\",\"Opera\u00e7\u00e3o de Programas Tur\u00edsticos Customizados\",\"Tours Variados\",\"Sele\u00e7\u00e3o de Hot\u00e9is e Experi\u00eancias Inesquec\u00edveis\"],\"knowsLanguage\":[\"Ingles\",\"Portugu\u00eas\",\"Espanhol\"],\"jobTitle\":\"Operadora de Turismo e Ag\u00eancia de Viagens\",\"worksFor\":\"Blumar Turismo\",\"url\":\"https:\/\/www.blumarturismo.com.br\/blog\/author\/guilherme\/\"}]}<\/script>\n<!-- \/ Yoast SEO Premium plugin. -->","yoast_head_json":{"title":"Roteiro de um dia para curtir o bairro da Lapa, no Rio de Janeiro, incluindo Santa Teresa","description":"A Blumar Turismo preparou um Roteiro de um dia para curtir o bairro da Lapa, no Rio de Janeiro, incluindo Santa Teresa. Venha conferir !","robots":{"index":"index","follow":"follow","max-snippet":"max-snippet:-1","max-image-preview":"max-image-preview:large","max-video-preview":"max-video-preview:-1"},"canonical":"https:\/\/www.blumarturismo.com.br\/blog\/roteiro-de-um-dia-para-curtir-o-bairro-da-lapa-no-rio-de-janeiro-incluindo-santa-teresa\/","og_locale":"pt_BR","og_type":"article","og_title":"Roteiro de um dia para curtir o bairro da Lapa, no Rio de Janeiro, incluindo Santa Teresa","og_description":"A Blumar Turismo preparou um Roteiro de um dia para curtir o bairro da Lapa, no Rio de Janeiro, incluindo Santa Teresa. Venha conferir !","og_url":"https:\/\/www.blumarturismo.com.br\/blog\/roteiro-de-um-dia-para-curtir-o-bairro-da-lapa-no-rio-de-janeiro-incluindo-santa-teresa\/","og_site_name":"Blog Blumar Turismo: O Seu Portal para Viagens Extraordin\u00e1rias","article_publisher":"https:\/\/www.facebook.com\/blumarviagenseturismo","article_author":"https:\/\/www.facebook.com\/blumarviagenseturismo","article_published_time":"2025-12-03T15:39:52+00:00","article_modified_time":"2026-01-15T14:30:35+00:00","og_image":[{"width":1000,"height":750,"url":"https:\/\/www.blumarturismo.com.br\/blog\/wp-content\/uploads\/2023\/05\/shutterstock_1620688567-min.jpg","type":"image\/jpeg"}],"author":"Blumar Turismo","twitter_card":"summary_large_image","twitter_misc":{"Escrito por":"Blumar Turismo","Est. tempo de leitura":"12 minutos"},"schema":{"@context":"https:\/\/schema.org","@graph":[{"@type":"Article","@id":"https:\/\/www.blumarturismo.com.br\/blog\/roteiro-de-um-dia-para-curtir-o-bairro-da-lapa-no-rio-de-janeiro-incluindo-santa-teresa\/#article","isPartOf":{"@id":"https:\/\/www.blumarturismo.com.br\/blog\/roteiro-de-um-dia-para-curtir-o-bairro-da-lapa-no-rio-de-janeiro-incluindo-santa-teresa\/"},"author":{"name":"Blumar Turismo","@id":"https:\/\/www.blumarturismo.com.br\/blog\/#\/schema\/person\/8c5b522f6a79142bafca484c4604fba7"},"headline":"Roteiro de um dia para curtir o bairro da Lapa, no Rio de Janeiro, incluindo Santa Teresa","datePublished":"2025-12-03T15:39:52+00:00","dateModified":"2026-01-15T14:30:35+00:00","mainEntityOfPage":{"@id":"https:\/\/www.blumarturismo.com.br\/blog\/roteiro-de-um-dia-para-curtir-o-bairro-da-lapa-no-rio-de-janeiro-incluindo-santa-teresa\/"},"wordCount":2034,"publisher":{"@id":"https:\/\/www.blumarturismo.com.br\/blog\/#organization"},"image":{"@id":"https:\/\/www.blumarturismo.com.br\/blog\/roteiro-de-um-dia-para-curtir-o-bairro-da-lapa-no-rio-de-janeiro-incluindo-santa-teresa\/#primaryimage"},"thumbnailUrl":"https:\/\/www.blumarturismo.com.br\/blog\/wp-content\/uploads\/2023\/05\/shutterstock_1620688567-min.jpg","articleSection":["Destinos Nacionais","Dicas de Viagem"],"inLanguage":"pt-BR"},{"@type":"WebPage","@id":"https:\/\/www.blumarturismo.com.br\/blog\/roteiro-de-um-dia-para-curtir-o-bairro-da-lapa-no-rio-de-janeiro-incluindo-santa-teresa\/","url":"https:\/\/www.blumarturismo.com.br\/blog\/roteiro-de-um-dia-para-curtir-o-bairro-da-lapa-no-rio-de-janeiro-incluindo-santa-teresa\/","name":"Roteiro de um dia para curtir o bairro da Lapa, no Rio de Janeiro, incluindo Santa Teresa","isPartOf":{"@id":"https:\/\/www.blumarturismo.com.br\/blog\/#website"},"primaryImageOfPage":{"@id":"https:\/\/www.blumarturismo.com.br\/blog\/roteiro-de-um-dia-para-curtir-o-bairro-da-lapa-no-rio-de-janeiro-incluindo-santa-teresa\/#primaryimage"},"image":{"@id":"https:\/\/www.blumarturismo.com.br\/blog\/roteiro-de-um-dia-para-curtir-o-bairro-da-lapa-no-rio-de-janeiro-incluindo-santa-teresa\/#primaryimage"},"thumbnailUrl":"https:\/\/www.blumarturismo.com.br\/blog\/wp-content\/uploads\/2023\/05\/shutterstock_1620688567-min.jpg","datePublished":"2025-12-03T15:39:52+00:00","dateModified":"2026-01-15T14:30:35+00:00","description":"A Blumar Turismo preparou um Roteiro de um dia para curtir o bairro da Lapa, no Rio de Janeiro, incluindo Santa Teresa. Venha conferir !","breadcrumb":{"@id":"https:\/\/www.blumarturismo.com.br\/blog\/roteiro-de-um-dia-para-curtir-o-bairro-da-lapa-no-rio-de-janeiro-incluindo-santa-teresa\/#breadcrumb"},"inLanguage":"pt-BR","potentialAction":[{"@type":"ReadAction","target":["https:\/\/www.blumarturismo.com.br\/blog\/roteiro-de-um-dia-para-curtir-o-bairro-da-lapa-no-rio-de-janeiro-incluindo-santa-teresa\/"]}]},{"@type":"ImageObject","inLanguage":"pt-BR","@id":"https:\/\/www.blumarturismo.com.br\/blog\/roteiro-de-um-dia-para-curtir-o-bairro-da-lapa-no-rio-de-janeiro-incluindo-santa-teresa\/#primaryimage","url":"https:\/\/www.blumarturismo.com.br\/blog\/wp-content\/uploads\/2023\/05\/shutterstock_1620688567-min.jpg","contentUrl":"https:\/\/www.blumarturismo.com.br\/blog\/wp-content\/uploads\/2023\/05\/shutterstock_1620688567-min.jpg","width":1000,"height":750,"caption":"Foto: Catarina Belova \/ Shutterstock.com"},{"@type":"BreadcrumbList","@id":"https:\/\/www.blumarturismo.com.br\/blog\/roteiro-de-um-dia-para-curtir-o-bairro-da-lapa-no-rio-de-janeiro-incluindo-santa-teresa\/#breadcrumb","itemListElement":[{"@type":"ListItem","position":1,"name":"In\u00edcio","item":"https:\/\/www.blumarturismo.com.br\/blog\/"},{"@type":"ListItem","position":2,"name":"Roteiro de um dia para curtir o bairro da Lapa, no Rio de Janeiro, incluindo Santa Teresa"}]},{"@type":"WebSite","@id":"https:\/\/www.blumarturismo.com.br\/blog\/#website","url":"https:\/\/www.blumarturismo.com.br\/blog\/","name":"Blog Blumar Turismo: O Seu Portal para Viagens Extraordin\u00e1rias","description":"Viajar \u00e9 nossa paix\u00e3o e expertise, e agora compartilhamos isso com voc\u00ea atrav\u00e9s do nosso blog. Com mais de 30 anos de hist\u00f3ria, a Blumar Turismo \u00e9 seu parceiro confi\u00e1vel para aventuras memor\u00e1veis. Explore conosco","publisher":{"@id":"https:\/\/www.blumarturismo.com.br\/blog\/#organization"},"potentialAction":[{"@type":"SearchAction","target":{"@type":"EntryPoint","urlTemplate":"https:\/\/www.blumarturismo.com.br\/blog\/?s={search_term_string}"},"query-input":{"@type":"PropertyValueSpecification","valueRequired":true,"valueName":"search_term_string"}}],"inLanguage":"pt-BR"},{"@type":"Organization","@id":"https:\/\/www.blumarturismo.com.br\/blog\/#organization","name":"Blumar Turismo","url":"https:\/\/www.blumarturismo.com.br\/blog\/","logo":{"@type":"ImageObject","inLanguage":"pt-BR","@id":"https:\/\/www.blumarturismo.com.br\/blog\/#\/schema\/logo\/image\/","url":"https:\/\/www.blumarturismo.com.br\/blog\/wp-content\/uploads\/2020\/11\/cropped-logo_blumar_nacional2-2.jpg","contentUrl":"https:\/\/www.blumarturismo.com.br\/blog\/wp-content\/uploads\/2020\/11\/cropped-logo_blumar_nacional2-2.jpg","width":167,"height":50,"caption":"Blumar Turismo"},"image":{"@id":"https:\/\/www.blumarturismo.com.br\/blog\/#\/schema\/logo\/image\/"},"sameAs":["https:\/\/www.facebook.com\/blumarviagenseturismo","https:\/\/www.instagram.com\/blumarturismo\/"]},{"@type":"Person","@id":"https:\/\/www.blumarturismo.com.br\/blog\/#\/schema\/person\/8c5b522f6a79142bafca484c4604fba7","name":"Blumar Turismo","image":{"@type":"ImageObject","inLanguage":"pt-BR","@id":"https:\/\/www.blumarturismo.com.br\/blog\/#\/schema\/person\/image\/","url":"https:\/\/secure.gravatar.com\/avatar\/18a47e99a2b3ce558e7834aabf1bb475e0ae3a970dea40e74a2d2b71531fbe3b?s=96&d=mm&r=g","contentUrl":"https:\/\/secure.gravatar.com\/avatar\/18a47e99a2b3ce558e7834aabf1bb475e0ae3a970dea40e74a2d2b71531fbe3b?s=96&d=mm&r=g","caption":"Blumar Turismo"},"description":"Com uma trajet\u00f3ria consolidada de mais de 30 anos no setor de turismo, a Blumar Turismo se estabeleceu como l\u00edder gra\u00e7as ao seu compromisso cont\u00ednuo com a qualidade e satisfa\u00e7\u00e3o do cliente. Nossa experi\u00eancia traduz-se em viagens que v\u00e3o al\u00e9m da expectativa. Nosso Legado: 1. Expertise e Excel\u00eancia: Com tr\u00eas d\u00e9cadas de dedica\u00e7\u00e3o, aprofundamos nossa expertise para oferecer servi\u00e7os de viagem personalizados e de alto padr\u00e3o. Cada viagem, seja econ\u00f4mica ou de luxo, \u00e9 meticulosamente projetada para garantir experi\u00eancias not\u00e1veis. 2. Vanguarda em Inova\u00e7\u00e3o e Tecnologia: Nossa miss\u00e3o \u00e9 sempre liderar, incorporando as solu\u00e7\u00f5es mais avan\u00e7adas em produtos e tecnologias. A inova\u00e7\u00e3o \u00e9 intr\u00ednseca \u00e0 Blumar, permitindo-nos aprimorar constantemente a experi\u00eancia de viagem de nossos clientes. 3. Nossa Equipe, Nosso Diferencial: O verdadeiro motor da Blumar Turismo \u00e9 nossa equipe de profissionais. Com paix\u00e3o e dedica\u00e7\u00e3o, eles garantem que cada itiner\u00e1rio se transforme em uma experi\u00eancia \u00fanica e memor\u00e1vel. Seu comprometimento \u00e9 o que nos faz ganhar a confian\u00e7a de nossos clientes repetidamente. Na Blumar, n\u00e3o se trata apenas de vender pacotes de viagem, mas de projetar experi\u00eancias. Nossos roteiros prometem criar mem\u00f3rias duradouras, proporcionando viagens ricas em descobertas e emo\u00e7\u00f5es. Cremos que viajar \u00e9 uma forma de enriquecimento pessoal, explorando novas perspectivas e redefinindo-se a cada novo destino. Explore o mundo com a Blumar Turismo e torne sua jornada verdadeiramente extraordin\u00e1ria.","sameAs":["https:\/\/www.facebook.com\/blumarviagenseturismo","https:\/\/www.instagram.com\/blumarturismo\/","https:\/\/www.linkedin.com\/company\/blumar-turismo\/","https:\/\/www.youtube.com\/@BlumarTurismo"],"award":["2002 | 7th World Petroleum Congress & Rio Oil & Gas Expo","2003 | 27\u00ba International Congress on Occupational Health - ICOH","2004 | IOF World Congress on Osteoporosis 2004","2005 | XXV Brazilian Congress on Rheumatology","2006 | 3rd World Congress on AIDS","2007 | 66th FIP Congress of Pharmacy and Pharmaceutical Sciences","2008 | 62\u00ba Congresso Brasileiro de Cardiologia","2009 | 3rd World Congress of Pediatric Gastroenterology Hepatology and Nutrition","2010 | Pr\u00eamio Caio da D\u00e9cada - Jacar\u00e9 de Diamante - pelo 3rd World Congress on AIDS","2011 | XIV Congresso SOBRICE","2012 | XVIII Congresso da Sociedade Brasileira de Diabetes","2013 | 67\u00ba Congresso da Sociedade Brasileira de Dermatologia","2016 | Congresso Mundial da Propriedade Intelectual da AIPPI"],"knowsAbout":["Turismo de Luxo","Consultoria Personalizada","Opera\u00e7\u00e3o de Programas Tur\u00edsticos Customizados","Tours Variados","Sele\u00e7\u00e3o de Hot\u00e9is e Experi\u00eancias Inesquec\u00edveis"],"knowsLanguage":["Ingles","Portugu\u00eas","Espanhol"],"jobTitle":"Operadora de Turismo e Ag\u00eancia de Viagens","worksFor":"Blumar Turismo","url":"https:\/\/www.blumarturismo.com.br\/blog\/author\/guilherme\/"}]}},"_links":{"self":[{"href":"https:\/\/www.blumarturismo.com.br\/blog\/wp-json\/wp\/v2\/posts\/27808","targetHints":{"allow":["GET"]}}],"collection":[{"href":"https:\/\/www.blumarturismo.com.br\/blog\/wp-json\/wp\/v2\/posts"}],"about":[{"href":"https:\/\/www.blumarturismo.com.br\/blog\/wp-json\/wp\/v2\/types\/post"}],"author":[{"embeddable":true,"href":"https:\/\/www.blumarturismo.com.br\/blog\/wp-json\/wp\/v2\/users\/10"}],"replies":[{"embeddable":true,"href":"https:\/\/www.blumarturismo.com.br\/blog\/wp-json\/wp\/v2\/comments?post=27808"}],"version-history":[{"count":80,"href":"https:\/\/www.blumarturismo.com.br\/blog\/wp-json\/wp\/v2\/posts\/27808\/revisions"}],"predecessor-version":[{"id":72918,"href":"https:\/\/www.blumarturismo.com.br\/blog\/wp-json\/wp\/v2\/posts\/27808\/revisions\/72918"}],"wp:featuredmedia":[{"embeddable":true,"href":"https:\/\/www.blumarturismo.com.br\/blog\/wp-json\/wp\/v2\/media\/72901"}],"wp:attachment":[{"href":"https:\/\/www.blumarturismo.com.br\/blog\/wp-json\/wp\/v2\/media?parent=27808"}],"wp:term":[{"taxonomy":"category","embeddable":true,"href":"https:\/\/www.blumarturismo.com.br\/blog\/wp-json\/wp\/v2\/categories?post=27808"},{"taxonomy":"post_tag","embeddable":true,"href":"https:\/\/www.blumarturismo.com.br\/blog\/wp-json\/wp\/v2\/tags?post=27808"}],"curies":[{"name":"wp","href":"https:\/\/api.w.org\/{rel}","templated":true}]}}