{"id":27937,"date":"2025-03-17T17:51:20","date_gmt":"2025-03-17T20:51:20","guid":{"rendered":"https:\/\/www.blumarturismo.com.br\/blog\/?p=27937"},"modified":"2025-03-24T09:30:22","modified_gmt":"2025-03-24T12:30:22","slug":"o-que-fazer-em-gramado-no-inverno-descubra-as-atracoes-imperdiveis","status":"publish","type":"post","link":"https:\/\/www.blumarturismo.com.br\/blog\/o-que-fazer-em-gramado-no-inverno-descubra-as-atracoes-imperdiveis\/","title":{"rendered":"O que fazer em Gramado no inverno: Descubra as atra\u00e7\u00f5es imperd\u00edveis"},"content":{"rendered":"\t\t<div data-elementor-type=\"wp-post\" data-elementor-id=\"27937\" class=\"elementor elementor-27937\" data-elementor-post-type=\"post\">\n\t\t\t\t\t\t\t<div class=\"elementor-element elementor-element-d929ab9 e-flex e-con-boxed e-con e-parent\" data-id=\"d929ab9\" data-element_type=\"container\" data-settings=\"{&quot;content_width&quot;:&quot;boxed&quot;}\" data-core-v316-plus=\"true\">\n\t\t\t\t\t<div class=\"e-con-inner\">\n\t\t\t\t<div class=\"elementor-element elementor-element-9daf29d elementor-widget elementor-widget-text-editor\" data-id=\"9daf29d\" data-element_type=\"widget\" data-widget_type=\"text-editor.default\">\n\t\t\t\t<div class=\"elementor-widget-container\">\n\t\t\t<style>\/*! elementor - v3.16.0 - 13-09-2023 *\/\n.elementor-widget-text-editor.elementor-drop-cap-view-stacked .elementor-drop-cap{background-color:#69727d;color:#fff}.elementor-widget-text-editor.elementor-drop-cap-view-framed .elementor-drop-cap{color:#69727d;border:3px solid;background-color:transparent}.elementor-widget-text-editor:not(.elementor-drop-cap-view-default) .elementor-drop-cap{margin-top:8px}.elementor-widget-text-editor:not(.elementor-drop-cap-view-default) .elementor-drop-cap-letter{width:1em;height:1em}.elementor-widget-text-editor .elementor-drop-cap{float:left;text-align:center;line-height:1;font-size:50px}.elementor-widget-text-editor .elementor-drop-cap-letter{display:inline-block}<\/style>\t\t\t\t<p data-pm-slice=\"1 1 []\">O inverno em <strong><a href=\"https:\/\/www.blumarturismo.com.br\/cidade.php?id=25\">Gramado<\/a><\/strong>, na Serra Ga\u00facha, oferece uma atmosfera encantadora e diversas op\u00e7\u00f5es de lazer para os visitantes. Com paisagens deslumbrantes, clima frio e uma atmosfera acolhedora, a cidade se torna um destino perfeito para quem busca aproveitar o melhor dessa esta\u00e7\u00e3o. Neste artigo, vamos explorar as atra\u00e7\u00f5es imperd\u00edveis de Gramado durante o inverno, garantindo uma experi\u00eancia memor\u00e1vel aos turistas.<\/p>\t\t\t\t\t\t<\/div>\n\t\t\t\t<\/div>\n\t\t\t\t<div class=\"elementor-element elementor-element-47fac99 elementor-widget elementor-widget-video\" data-id=\"47fac99\" data-element_type=\"widget\" data-settings=\"{&quot;youtube_url&quot;:&quot;https:\\\/\\\/youtu.be\\\/GJaMSyToORg?si=zjuu38Yh241jKoj3&quot;,&quot;video_type&quot;:&quot;youtube&quot;,&quot;controls&quot;:&quot;yes&quot;}\" data-widget_type=\"video.default\">\n\t\t\t\t<div class=\"elementor-widget-container\">\n\t\t\t<style>\/*! elementor - v3.16.0 - 13-09-2023 *\/\n.elementor-widget-video .elementor-widget-container{overflow:hidden;transform:translateZ(0)}.elementor-widget-video .elementor-wrapper{aspect-ratio:var(--video-aspect-ratio)}.elementor-widget-video .elementor-wrapper iframe,.elementor-widget-video .elementor-wrapper video{height:100%;width:100%;display:flex;border:none;background-color:#000}@supports not (aspect-ratio:1\/1){.elementor-widget-video .elementor-wrapper{position:relative;overflow:hidden;height:0;padding-bottom:calc(100% \/ var(--video-aspect-ratio))}.elementor-widget-video .elementor-wrapper iframe,.elementor-widget-video .elementor-wrapper video{position:absolute;top:0;right:0;bottom:0;left:0}}.elementor-widget-video .elementor-open-inline .elementor-custom-embed-image-overlay{position:absolute;top:0;right:0;bottom:0;left:0;background-size:cover;background-position:50%}.elementor-widget-video .elementor-custom-embed-image-overlay{cursor:pointer;text-align:center}.elementor-widget-video .elementor-custom-embed-image-overlay:hover .elementor-custom-embed-play i{opacity:1}.elementor-widget-video .elementor-custom-embed-image-overlay img{display:block;width:100%;aspect-ratio:var(--video-aspect-ratio);-o-object-fit:cover;object-fit:cover;-o-object-position:center center;object-position:center center}@supports not (aspect-ratio:1\/1){.elementor-widget-video .elementor-custom-embed-image-overlay{position:relative;overflow:hidden;height:0;padding-bottom:calc(100% \/ var(--video-aspect-ratio))}.elementor-widget-video .elementor-custom-embed-image-overlay img{position:absolute;top:0;right:0;bottom:0;left:0}}.elementor-widget-video .e-hosted-video .elementor-video{-o-object-fit:cover;object-fit:cover}.e-con-inner>.elementor-widget-video,.e-con>.elementor-widget-video{width:var(--container-widget-width);--flex-grow:var(--container-widget-flex-grow)}<\/style>\t\t<div class=\"elementor-wrapper elementor-open-inline\">\n\t\t\t<div class=\"elementor-video\"><\/div>\t\t<\/div>\n\t\t\t\t<\/div>\n\t\t\t\t<\/div>\n\t\t\t\t<div class=\"elementor-element elementor-element-96d0b5f elementor-widget elementor-widget-heading\" data-id=\"96d0b5f\" data-element_type=\"widget\" data-widget_type=\"heading.default\">\n\t\t\t\t<div class=\"elementor-widget-container\">\n\t\t\t<style>\/*! elementor - v3.16.0 - 13-09-2023 *\/\n.elementor-heading-title{padding:0;margin:0;line-height:1}.elementor-widget-heading .elementor-heading-title[class*=elementor-size-]>a{color:inherit;font-size:inherit;line-height:inherit}.elementor-widget-heading .elementor-heading-title.elementor-size-small{font-size:15px}.elementor-widget-heading .elementor-heading-title.elementor-size-medium{font-size:19px}.elementor-widget-heading .elementor-heading-title.elementor-size-large{font-size:29px}.elementor-widget-heading .elementor-heading-title.elementor-size-xl{font-size:39px}.elementor-widget-heading .elementor-heading-title.elementor-size-xxl{font-size:59px}<\/style><h2 class=\"elementor-heading-title elementor-size-large\">Qual a temperatura m\u00e9dia no inverno em Gramado?<\/h2>\t\t<\/div>\n\t\t\t\t<\/div>\n\t\t\t\t<div class=\"elementor-element elementor-element-1a1d9d9 elementor-widget elementor-widget-text-editor\" data-id=\"1a1d9d9\" data-element_type=\"widget\" data-widget_type=\"text-editor.default\">\n\t\t\t\t<div class=\"elementor-widget-container\">\n\t\t\t\t\t\t\t<p>A temperatura m\u00e9dia em <strong><a href=\"https:\/\/www.blumarturismo.com.br\/cidade.php?id=25\">Gramado<\/a> <\/strong>durante o inverno costuma variar entre 0\u00b0C e 10\u00b0C. No entanto, \u00e9 importante destacar que esses valores s\u00e3o apenas uma m\u00e9dia e as temperaturas podem ser mais baixas em determinados dias, chegando a valores negativos, especialmente durante as noites mais frias. \u00c9 recomend\u00e1vel verificar a previs\u00e3o do tempo atualizada para obter informa\u00e7\u00f5es mais precisas durante a esta\u00e7\u00e3o de inverno.<\/p>\t\t\t\t\t\t<\/div>\n\t\t\t\t<\/div>\n\t\t\t\t<div class=\"elementor-element elementor-element-4bf35c9 elementor-widget elementor-widget-heading\" data-id=\"4bf35c9\" data-element_type=\"widget\" data-widget_type=\"heading.default\">\n\t\t\t\t<div class=\"elementor-widget-container\">\n\t\t\t<h2 class=\"elementor-heading-title elementor-size-large\">O charme do inverno em Gramado<\/h2>\t\t<\/div>\n\t\t\t\t<\/div>\n\t\t\t\t<div class=\"elementor-element elementor-element-4e56810 elementor-widget elementor-widget-image\" data-id=\"4e56810\" data-element_type=\"widget\" data-widget_type=\"image.default\">\n\t\t\t\t<div class=\"elementor-widget-container\">\n\t\t\t<style>\/*! elementor - v3.16.0 - 13-09-2023 *\/\n.elementor-widget-image{text-align:center}.elementor-widget-image a{display:inline-block}.elementor-widget-image a img[src$=\".svg\"]{width:48px}.elementor-widget-image img{vertical-align:middle;display:inline-block}<\/style>\t\t\t\t\t\t\t\t\t\t\t\t<img loading=\"lazy\" decoding=\"async\" width=\"1000\" height=\"667\" src=\"https:\/\/www.blumarturismo.com.br\/blog\/wp-content\/uploads\/2023\/05\/Diogo-Benetti-Shutterstock.com_.jpg\" class=\"attachment-large size-large wp-image-68466\" alt=\"Foto: Diogo Benetti \/ Shutterstock.com\" srcset=\"https:\/\/www.blumarturismo.com.br\/blog\/wp-content\/uploads\/2023\/05\/Diogo-Benetti-Shutterstock.com_.jpg 1000w, https:\/\/www.blumarturismo.com.br\/blog\/wp-content\/uploads\/2023\/05\/Diogo-Benetti-Shutterstock.com_-300x200.jpg 300w, https:\/\/www.blumarturismo.com.br\/blog\/wp-content\/uploads\/2023\/05\/Diogo-Benetti-Shutterstock.com_-768x512.jpg 768w\" sizes=\"auto, (max-width: 1000px) 100vw, 1000px\" \/>\t\t\t\t\t\t\t\t\t\t\t\t\t\t\t<\/div>\n\t\t\t\t<\/div>\n\t\t\t\t<div class=\"elementor-element elementor-element-7b4e5fc elementor-widget elementor-widget-text-editor\" data-id=\"7b4e5fc\" data-element_type=\"widget\" data-widget_type=\"text-editor.default\">\n\t\t\t\t<div class=\"elementor-widget-container\">\n\t\t\t\t\t\t\t<p data-pm-slice=\"1 1 []\"><strong><a href=\"https:\/\/www.blumarturismo.com.br\/cidade.php?id=25\">Gramado<\/a> <\/strong>\u00e9 conhecida por sua beleza natural e arquitetura encantadora, mas \u00e9 no inverno que a cidade revela todo o seu charme. Com temperaturas mais baixas, a chegada da neve em alguns anos cria um cen\u00e1rio m\u00e1gico, transformando Gramado em um verdadeiro para\u00edso de inverno. Al\u00e9m disso, a gastronomia local, os festivais de inverno e as atra\u00e7\u00f5es tur\u00edsticas fazem dessa \u00e9poca do ano uma oportunidade \u00fanica de explorar a cidade e vivenciar momentos inesquec\u00edveis.<\/p>\t\t\t\t\t\t<\/div>\n\t\t\t\t<\/div>\n\t\t\t\t<div class=\"elementor-element elementor-element-7009d46 elementor-widget elementor-widget-heading\" data-id=\"7009d46\" data-element_type=\"widget\" data-widget_type=\"heading.default\">\n\t\t\t\t<div class=\"elementor-widget-container\">\n\t\t\t<h3 class=\"elementor-heading-title elementor-size-large\">Atra\u00e7\u00f5es tur\u00edsticas durante o inverno<\/h3>\t\t<\/div>\n\t\t\t\t<\/div>\n\t\t\t\t<div class=\"elementor-element elementor-element-8114776 elementor-widget elementor-widget-text-editor\" data-id=\"8114776\" data-element_type=\"widget\" data-widget_type=\"text-editor.default\">\n\t\t\t\t<div class=\"elementor-widget-container\">\n\t\t\t\t\t\t\t<p data-pm-slice=\"1 1 []\">Durante o inverno em <strong><a href=\"https:\/\/www.blumarturismo.com.br\/cidade.php?id=25\">Gramado<\/a><\/strong>, h\u00e1 uma variedade de atra\u00e7\u00f5es tur\u00edsticas que valem a pena explorar. Confira algumas op\u00e7\u00f5es:<\/p><ol class=\"ak-ol\"><li><p>Snowland: O primeiro parque de neve indoor das Am\u00e9ricas \u00e9 uma das principais atra\u00e7\u00f5es de Gramado. Com pistas de esqui, patina\u00e7\u00e3o no gelo e muitas outras atividades relacionadas \u00e0 neve, o Snowland proporciona divers\u00e3o para todas as idades.<\/p><\/li><li><p>Mini Mundo: Um lugar encantador onde \u00e9 poss\u00edvel ver r\u00e9plicas em miniatura de constru\u00e7\u00f5es famosas ao redor do mundo. No inverno, o Mini Mundo ganha um toque especial com decora\u00e7\u00f5es tem\u00e1ticas que remetem \u00e0 esta\u00e7\u00e3o.<\/p><\/li><li><p>Rua Coberta: Localizada no cora\u00e7\u00e3o de Gramado, a Rua Coberta \u00e9 um espa\u00e7o coberto que abriga lojas, caf\u00e9s e restaurantes. Durante o inverno, \u00e9 poss\u00edvel desfrutar de apresenta\u00e7\u00f5es culturais e aproveitar o clima aconchegante do local.<\/p><\/li><li><p>Lago Negro: Um dos cart\u00f5es-postais de Gramado, o Lago Negro \u00e9 ainda mais encantador durante o inverno. Com \u00e1rvores ao redor do lago, o local se transforma em um cen\u00e1rio digno de contos de fadas quando coberto por uma leve camada de neve.<\/p><\/li><\/ol>\t\t\t\t\t\t<\/div>\n\t\t\t\t<\/div>\n\t\t\t\t\t<\/div>\n\t\t\t\t<\/div>\n\t\t<div class=\"elementor-element elementor-element-faf9a7e e-flex e-con-boxed e-con e-parent\" data-id=\"faf9a7e\" data-element_type=\"container\" data-settings=\"{&quot;content_width&quot;:&quot;boxed&quot;}\" data-core-v316-plus=\"true\">\n\t\t\t\t\t<div class=\"e-con-inner\">\n\t\t\t\t<div class=\"elementor-element elementor-element-a063e2a elementor-widget elementor-widget-heading\" data-id=\"a063e2a\" data-element_type=\"widget\" data-widget_type=\"heading.default\">\n\t\t\t\t<div class=\"elementor-widget-container\">\n\t\t\t<h2 class=\"elementor-heading-title elementor-size-default\">Passeios pela regi\u00e3o<\/h2>\t\t<\/div>\n\t\t\t\t<\/div>\n\t\t\t\t<div class=\"elementor-element elementor-element-daba5b8 elementor-widget elementor-widget-image\" data-id=\"daba5b8\" data-element_type=\"widget\" data-widget_type=\"image.default\">\n\t\t\t\t<div class=\"elementor-widget-container\">\n\t\t\t\t\t\t\t\t\t\t\t\t<figure class=\"wp-caption\">\n\t\t\t\t\t\t\t\t\t\t<img loading=\"lazy\" decoding=\"async\" width=\"1024\" height=\"684\" src=\"https:\/\/www.blumarturismo.com.br\/blog\/wp-content\/uploads\/2023\/05\/27030973528_6d145649ad_k-1-1024x684.jpg\" class=\"attachment-large size-large wp-image-27962\" alt=\"Foto: Renato Soares \/ MTur\" srcset=\"https:\/\/www.blumarturismo.com.br\/blog\/wp-content\/uploads\/2023\/05\/27030973528_6d145649ad_k-1-1024x684.jpg 1024w, https:\/\/www.blumarturismo.com.br\/blog\/wp-content\/uploads\/2023\/05\/27030973528_6d145649ad_k-1-300x200.jpg 300w, https:\/\/www.blumarturismo.com.br\/blog\/wp-content\/uploads\/2023\/05\/27030973528_6d145649ad_k-1-768x513.jpg 768w, https:\/\/www.blumarturismo.com.br\/blog\/wp-content\/uploads\/2023\/05\/27030973528_6d145649ad_k-1-1536x1025.jpg 1536w, https:\/\/www.blumarturismo.com.br\/blog\/wp-content\/uploads\/2023\/05\/27030973528_6d145649ad_k-1.jpg 2048w\" sizes=\"auto, (max-width: 1024px) 100vw, 1024px\" \/>\t\t\t\t\t\t\t\t\t\t\t<figcaption class=\"widget-image-caption wp-caption-text\">Foto: Renato Soares \/ MTur<\/figcaption>\n\t\t\t\t\t\t\t\t\t\t<\/figure>\n\t\t\t\t\t\t\t\t\t<\/div>\n\t\t\t\t<\/div>\n\t\t\t\t<div class=\"elementor-element elementor-element-b2d6a1f elementor-widget elementor-widget-text-editor\" data-id=\"b2d6a1f\" data-element_type=\"widget\" data-widget_type=\"text-editor.default\">\n\t\t\t\t<div class=\"elementor-widget-container\">\n\t\t\t\t\t\t\t<p data-pm-slice=\"1 3 []\">Al\u00e9m das atra\u00e7\u00f5es em <strong><a href=\"https:\/\/www.blumarturismo.com.br\/cidade.php?id=25\">Gramado<\/a><\/strong>, a regi\u00e3o da Serra Ga\u00facha oferece diversos passeios interessantes durante o inverno. Veja algumas sugest\u00f5es:<\/p><ol class=\"ak-ol\"><li><p>Vin\u00edcolas: A regi\u00e3o \u00e9 conhecida pela produ\u00e7\u00e3o de vinhos de qualidade. Visitar uma vin\u00edcola e fazer degusta\u00e7\u00f5es \u00e9 uma experi\u00eancia imperd\u00edvel para os amantes da bebida.<\/p><\/li><li><p>C\u00e2nion Fortaleza: Localizado no Parque Nacional da Serra Geral, o C\u00e2nion Fortaleza proporciona uma vista panor\u00e2mica incr\u00edvel. Durante o inverno, a paisagem fica ainda mais impressionante, com a vegeta\u00e7\u00e3o contrastando com o c\u00e9u azul.<\/p><\/li><li><p>Gramado Zoo: Um passeio ideal para toda a fam\u00edlia, o Gramado Zoo abriga diversas esp\u00e9cies de animais em um ambiente bem cuidado. Durante o inverno, \u00e9 poss\u00edvel observar os animais em um clima mais tranquilo e aproveitar a visita com menos agita\u00e7\u00e3o.<\/p><\/li><\/ol>\t\t\t\t\t\t<\/div>\n\t\t\t\t<\/div>\n\t\t\t\t<div class=\"elementor-element elementor-element-e2fac53 elementor-widget elementor-widget-heading\" data-id=\"e2fac53\" data-element_type=\"widget\" data-widget_type=\"heading.default\">\n\t\t\t\t<div class=\"elementor-widget-container\">\n\t\t\t<h3 class=\"elementor-heading-title elementor-size-large\">Cultura e entretenimento<\/h3>\t\t<\/div>\n\t\t\t\t<\/div>\n\t\t\t\t<div class=\"elementor-element elementor-element-9d044b7 elementor-widget elementor-widget-text-editor\" data-id=\"9d044b7\" data-element_type=\"widget\" data-widget_type=\"text-editor.default\">\n\t\t\t\t<div class=\"elementor-widget-container\">\n\t\t\t\t\t\t\t<p data-pm-slice=\"1 3 []\">Al\u00e9m das paisagens deslumbrantes e das atra\u00e7\u00f5es tur\u00edsticas, o inverno em <strong><a href=\"https:\/\/www.blumarturismo.com.br\/cidade.php?id=25\">Gramado<\/a> <\/strong>tamb\u00e9m \u00e9 marcado por festivais e eventos culturais. Durante essa \u00e9poca do ano, a cidade recebe festivais de cinema, m\u00fasica e gastronomia, proporcionando aos visitantes uma experi\u00eancia completa.<\/p><ol class=\"ak-ol\"><li><p>Festival de Cinema de Gramado: Um dos festivais mais importantes do pa\u00eds, o Festival de Cinema de Gramado atrai cineastas, atores e amantes do cinema. Durante o inverno, a cidade se torna palco de exibi\u00e7\u00f5es de filmes, premia\u00e7\u00f5es e debates sobre o universo cinematogr\u00e1fico.<\/p><\/li><li><p>Natal Luz: Mesmo que o inverno seja uma \u00e9poca festiva, a cidade de Gramado mant\u00e9m a magia do Natal Luz durante todo o per\u00edodo. Luzes, decora\u00e7\u00f5es tem\u00e1ticas e espet\u00e1culos encantadores transformam a cidade em um verdadeiro cen\u00e1rio de conto de fadas.<\/p><\/li><\/ol>\t\t\t\t\t\t<\/div>\n\t\t\t\t<\/div>\n\t\t\t\t\t<\/div>\n\t\t\t\t<\/div>\n\t\t<div class=\"elementor-element elementor-element-34a7c65 e-flex e-con-boxed e-con e-parent\" data-id=\"34a7c65\" data-element_type=\"container\" data-settings=\"{&quot;content_width&quot;:&quot;boxed&quot;}\" data-core-v316-plus=\"true\">\n\t\t\t\t\t<div class=\"e-con-inner\">\n\t\t\t\t<div class=\"elementor-element elementor-element-a0cfcc1 elementor-widget elementor-widget-heading\" data-id=\"a0cfcc1\" data-element_type=\"widget\" data-widget_type=\"heading.default\">\n\t\t\t\t<div class=\"elementor-widget-container\">\n\t\t\t<h1 class=\"elementor-heading-title elementor-size-default\">Aproveite o inverno em Gramado: Uma experi\u00eancia \u00fanica!<\/h1>\t\t<\/div>\n\t\t\t\t<\/div>\n\t\t\t\t<div class=\"elementor-element elementor-element-0ed7cd7 elementor-widget elementor-widget-image\" data-id=\"0ed7cd7\" data-element_type=\"widget\" data-widget_type=\"image.default\">\n\t\t\t\t<div class=\"elementor-widget-container\">\n\t\t\t\t\t\t\t\t\t\t\t\t<figure class=\"wp-caption\">\n\t\t\t\t\t\t\t\t\t\t<img loading=\"lazy\" decoding=\"async\" width=\"1000\" height=\"667\" src=\"https:\/\/www.blumarturismo.com.br\/blog\/wp-content\/uploads\/2023\/08\/Foto-Paulo-Nabas-Shutterstock.com_.jpg\" class=\"attachment-large size-large wp-image-60479\" alt=\"Foto: Paulo Nabas \/ Shutterstock.com\" srcset=\"https:\/\/www.blumarturismo.com.br\/blog\/wp-content\/uploads\/2023\/08\/Foto-Paulo-Nabas-Shutterstock.com_.jpg 1000w, https:\/\/www.blumarturismo.com.br\/blog\/wp-content\/uploads\/2023\/08\/Foto-Paulo-Nabas-Shutterstock.com_-300x200.jpg 300w, https:\/\/www.blumarturismo.com.br\/blog\/wp-content\/uploads\/2023\/08\/Foto-Paulo-Nabas-Shutterstock.com_-768x512.jpg 768w\" sizes=\"auto, (max-width: 1000px) 100vw, 1000px\" \/>\t\t\t\t\t\t\t\t\t\t\t<figcaption class=\"widget-image-caption wp-caption-text\">Foto: Paulo Nabas \/ Shutterstock.com<\/figcaption>\n\t\t\t\t\t\t\t\t\t\t<\/figure>\n\t\t\t\t\t\t\t\t\t<\/div>\n\t\t\t\t<\/div>\n\t\t\t\t<div class=\"elementor-element elementor-element-7ca44a7 elementor-widget elementor-widget-text-editor\" data-id=\"7ca44a7\" data-element_type=\"widget\" data-widget_type=\"text-editor.default\">\n\t\t\t\t<div class=\"elementor-widget-container\">\n\t\t\t\t\t\t\t<p data-pm-slice=\"1 1 []\">O inverno em <strong><a href=\"https:\/\/www.blumarturismo.com.br\/cidade.php?id=25\">Gramado<\/a> <\/strong>\u00e9 uma oportunidade \u00fanica de vivenciar momentos m\u00e1gicos e desfrutar de atra\u00e7\u00f5es imperd\u00edveis. Com paisagens encantadoras, clima frio e uma atmosfera acolhedora, a cidade se torna um destino inesquec\u00edvel para os amantes do inverno. N\u00e3o deixe de explorar as atra\u00e7\u00f5es tur\u00edsticas, fazer passeios pela regi\u00e3o e aproveitar a cultura e o entretenimento oferecidos durante essa \u00e9poca do ano. Prepare-se para se encantar com Gramado no inverno!<\/p>\t\t\t\t\t\t<\/div>\n\t\t\t\t<\/div>\n\t\t\t\t<div class=\"elementor-element elementor-element-db9d9f2 elementor-widget elementor-widget-image\" data-id=\"db9d9f2\" data-element_type=\"widget\" data-widget_type=\"image.default\">\n\t\t\t\t<div class=\"elementor-widget-container\">\n\t\t\t\t\t\t\t\t\t\t\t\t<figure class=\"wp-caption\">\n\t\t\t\t\t\t\t\t\t\t<img loading=\"lazy\" decoding=\"async\" width=\"1024\" height=\"768\" src=\"https:\/\/www.blumarturismo.com.br\/blog\/wp-content\/uploads\/2024\/05\/Renato-Soares-MTur-7-1-1024x768.jpg\" class=\"attachment-large size-large wp-image-56509\" alt=\"Foto: Renato Soares \/ MTur\" srcset=\"https:\/\/www.blumarturismo.com.br\/blog\/wp-content\/uploads\/2024\/05\/Renato-Soares-MTur-7-1-1024x768.jpg 1024w, https:\/\/www.blumarturismo.com.br\/blog\/wp-content\/uploads\/2024\/05\/Renato-Soares-MTur-7-1-300x225.jpg 300w, https:\/\/www.blumarturismo.com.br\/blog\/wp-content\/uploads\/2024\/05\/Renato-Soares-MTur-7-1-768x576.jpg 768w, https:\/\/www.blumarturismo.com.br\/blog\/wp-content\/uploads\/2024\/05\/Renato-Soares-MTur-7-1-1536x1151.jpg 1536w, https:\/\/www.blumarturismo.com.br\/blog\/wp-content\/uploads\/2024\/05\/Renato-Soares-MTur-7-1.jpg 2048w\" sizes=\"auto, (max-width: 1024px) 100vw, 1024px\" \/>\t\t\t\t\t\t\t\t\t\t\t<figcaption class=\"widget-image-caption wp-caption-text\">Foto: Renato Soares \/ MTur<\/figcaption>\n\t\t\t\t\t\t\t\t\t\t<\/figure>\n\t\t\t\t\t\t\t\t\t<\/div>\n\t\t\t\t<\/div>\n\t\t\t\t\t<\/div>\n\t\t\t\t<\/div>\n\t\t<div class=\"elementor-element elementor-element-a1386bd e-flex e-con-boxed e-con e-parent\" data-id=\"a1386bd\" data-element_type=\"container\" data-settings=\"{&quot;content_width&quot;:&quot;boxed&quot;}\" data-core-v316-plus=\"true\">\n\t\t\t\t\t<div class=\"e-con-inner\">\n\t\t<div class=\"elementor-element elementor-element-fce4dad e-con-full e-flex e-con e-child\" data-id=\"fce4dad\" data-element_type=\"container\" data-settings=\"{&quot;content_width&quot;:&quot;full&quot;}\">\n\t\t\t\t<div class=\"elementor-element elementor-element-fe861be elementor-widget elementor-widget-text-editor\" data-id=\"fe861be\" data-element_type=\"widget\" data-widget_type=\"text-editor.default\">\n\t\t\t\t<div class=\"elementor-widget-container\">\n\t\t\t\t\t\t\t<ul class=\"ak-ol\" data-pm-slice=\"3 3 []\"><li><p><strong>Mini Mundo<\/strong>: Uma atra\u00e7\u00e3o que apresenta miniaturas de constru\u00e7\u00f5es famosas do mundo todo.<\/p><\/li><li><p><strong>Lago Negro<\/strong>: Um lago artificial com um belo cen\u00e1rio, perfeito para passeios de pedalinho.<\/p><\/li><li><p><strong>Rua Coberta<\/strong>: Uma rua charmosa com muitos restaurantes e lojas.<\/p><\/li><li><p><strong>Igreja de S\u00e3o Pedro<\/strong>: Uma bela igreja localizada no centro de Gramado.<\/p><\/li><li><p><strong>Parque do Caracol<\/strong>: Um parque natural com uma impressionante cachoeira.<\/p><\/li><li><p><strong>Parque da Ferradura<\/strong>: Outro parque natural com belas vistas e trilhas para caminhada.<\/p><\/li><li><p><strong>Catedral de Pedra<\/strong>: Uma impressionante catedral g\u00f3tica localizada em Canela.<\/p><\/li><li><p><strong>Mundo a Vapor<\/strong>: Um museu que mostra a hist\u00f3ria da revolu\u00e7\u00e3o industrial.<\/p><\/li><li><p><strong>Parque Terra M\u00e1gica Florybal<\/strong>: Um parque tem\u00e1tico com v\u00e1rias atra\u00e7\u00f5es para crian\u00e7as.<\/p><\/li><li><p><strong>Snowland<\/strong>: O primeiro parque de neve indoor do Brasil.<\/p><\/li><li><p><strong>Le Jardin Parque de Lavanda<\/strong>: Um belo jardim de lavanda que \u00e9 perfeito para fotos.<\/p><\/li><li><p><strong>GramadoZoo<\/strong>: Um zool\u00f3gico que se concentra na fauna brasileira.<\/p><\/li><li><p><strong>Super Carros<\/strong>: Um lugar onde voc\u00ea pode ver, e at\u00e9 dirigir, alguns dos carros mais luxuosos do mundo.<\/p><\/li><li><p><strong>Hollywood Dream Cars<\/strong>: Um museu de carros antigos.<\/p><\/li><li><p><strong>Museu de Cera Dreamland<\/strong>: Um museu de figuras de cera de celebridades e personagens famosos.<\/p><\/li><li><p><strong>Harley Motor Show<\/strong>: Um bar tem\u00e1tico da Harley-Davidson com uma exposi\u00e7\u00e3o de motos.<\/p><\/li><li><p><strong>Parque Knorr &#8211; Aldeia do Papai Noel<\/strong>: Um parque tem\u00e1tico de Natal que funciona o ano todo.<\/p><\/li><li><p><strong>Vale dos Dinossauros<\/strong>: Um parque tem\u00e1tico com r\u00e9plicas de dinossauros.<\/p><\/li><li><p><strong>Museu Medieval &#8211; Castelo Saint George<\/strong>: Um museu com uma cole\u00e7\u00e3o de armas e armaduras medievais.<\/p><\/li><li><p><strong>Espa\u00e7o Tibet<\/strong>: Um restaurante com um belo jardim e arte tibetana.<\/p><\/li><li><p><strong>Parque Estadual do Caracol<\/strong>: Um parque com uma bela cachoeira e trilhas para caminhada.<\/p><\/li><li><p><strong>Parque da Serra<\/strong>: Um parque com telef\u00e9rico e belas vistas da cidade.<\/p><\/li><li><p><strong>Castelinho Caracol<\/strong>: Uma casa hist\u00f3rica que agora \u00e9 um museu.<\/p><\/li><li><p><strong>Museu do Autom\u00f3vel &#8211; Hollywood Dream Cars<\/strong>: Um museu com uma cole\u00e7\u00e3o de carros antigos.<\/p><\/li><li><p><strong>Museu do Perfume &#8211; Fragram<\/strong>: Um museu dedicado \u00e0 hist\u00f3ria do perfume.<\/p><\/li><li><p><strong>Mundo de Chocolate Lugano<\/strong>: Uma atra\u00e7\u00e3o que mostra esculturas de chocolate de pontos tur\u00edsticos famosos.<\/p><\/li><li><p><strong>Cristais de Gramado<\/strong>: Uma loja e f\u00e1brica de cristais.<\/p><\/li><\/ul>\t\t\t\t\t\t<\/div>\n\t\t\t\t<\/div>\n\t\t\t\t<\/div>\n\t\t<div class=\"elementor-element elementor-element-d53de71 e-con-full e-flex e-con e-child\" data-id=\"d53de71\" data-element_type=\"container\" data-settings=\"{&quot;content_width&quot;:&quot;full&quot;}\">\n\t\t\t\t<div class=\"elementor-element elementor-element-c7c3690 elementor-widget elementor-widget-text-editor\" data-id=\"c7c3690\" data-element_type=\"widget\" data-widget_type=\"text-editor.default\">\n\t\t\t\t<div class=\"elementor-widget-container\">\n\t\t\t\t\t\t\t<ul class=\"ak-ol\" data-pm-slice=\"3 3 []\"><li><p><strong>Reino do Chocolate Caracol<\/strong>: Uma atra\u00e7\u00e3o que conta a hist\u00f3ria do chocolate.<\/p><\/li><li><p><strong>Fabrica de Chocolate Prawer<\/strong>: Uma f\u00e1brica de chocolate com loja e degusta\u00e7\u00e3o.<\/p><\/li><li><p><strong>Fabrica de Chocolate Florybal<\/strong>: Outra f\u00e1bricade chocolate com loja e degusta\u00e7\u00e3o.<\/p><\/li><li><p><strong>Vin\u00edcola Ravanello<\/strong>: Uma vin\u00edcola local onde voc\u00ea pode fazer um tour e degustar vinhos.<\/p><\/li><li><p><strong>Vin\u00edcola Garibaldi<\/strong>: Outra vin\u00edcola local para visitar.<\/p><\/li><li><p><strong>Cervejaria Farol<\/strong>: Uma cervejaria local com tours e degusta\u00e7\u00f5es.<\/p><\/li><li><p><strong>Cervejaria GramBier<\/strong>: Outra cervejaria local para visitar.<\/p><\/li><li><p><strong>Lago Joaquina Rita Bier<\/strong>: Um lago com belas vistas, especialmente durante o Natal Luz.<\/p><\/li><li><p><strong>Pra\u00e7a Major Nicoletti<\/strong>: Uma pra\u00e7a no centro de Gramado com belos jardins.<\/p><\/li><li><p><strong>Pra\u00e7a das Etnias<\/strong>: Uma pra\u00e7a que celebra as diferentes culturas que influenciaram Gramado.<\/p><\/li><li><p><strong>Boulevard S\u00e3o Pedro<\/strong>: Um shopping center com v\u00e1rias lojas e restaurantes.<\/p><\/li><li><p><strong>Pal\u00e1cio dos Festivais<\/strong>: O local do famoso Festival de Cinema de Gramado.<\/p><\/li><li><p><strong>Centro Municipal de Cultura<\/strong>: Um centro cultural com exposi\u00e7\u00f5es de arte e eventos.<\/p><\/li><li><p><strong>Igreja do Rel\u00f3gio<\/strong>: Uma igreja hist\u00f3rica com um rel\u00f3gio na torre.<\/p><\/li><li><p><strong>Igreja Matriz S\u00e3o Pedro Ap\u00f3stolo<\/strong>: Uma igreja hist\u00f3rica no centro de Gramado.<\/p><\/li><li><p><strong>Rotula das Bandeiras<\/strong>: Um monumento que celebra as diferentes culturas que influenciaram Gramado.<\/p><\/li><li><p><strong>Rua Torta<\/strong>: Uma rua curva e inclinada que \u00e9 um local popular para fotos.<\/p><\/li><li><p><strong>Fonte do Amor Eterno<\/strong>: Uma fonte onde os casais podem pendurar cadeados para simbolizar seu amor.<\/p><\/li><li><p><strong>P\u00f3rtico Via Taquara<\/strong>: Um dos portais de entrada para a cidade de Gramado.<\/p><\/li><li><p><strong>P\u00f3rtico Via Nova Petr\u00f3polis<\/strong>: Outro portal de entrada para a cidade de Gramado.<\/p><\/li><li><p><strong>Mirante do Belvedere<\/strong>: Um mirante com vistas panor\u00e2micas da cidade.<\/p><\/li><li><p><strong>Mirante Vale do Quilombo<\/strong>: Outro mirante com belas vistas.<\/p><\/li><li><p><strong>Estrada da Serra<\/strong>: Uma estrada panor\u00e2mica que oferece belas vistas da regi\u00e3o.<\/p><\/li><li><p><strong>Parque Aldeia do Imigrante<\/strong>: Um parque que celebra a heran\u00e7a alem\u00e3 de Nova Petr\u00f3polis.<\/p><\/li><li><p><strong>Labirinto Verde<\/strong>: Um labirinto natural localizado em Nova Petr\u00f3polis.<\/p><\/li><li><p><strong>Pra\u00e7a da Rep\u00fablica &#8211; Pra\u00e7a das Flores<\/strong>: Uma pra\u00e7a em Nova Petr\u00f3polis com belos jardins.<\/p><\/li><li><p><strong>Parque Estadual de Itapu\u00e3<\/strong>: Um parque natural com belas praias e trilhas para caminhada.<\/p><\/li><li><p><strong>Parque Estadual do Delta do Jacu\u00ed<\/strong>: Outro parque natural para explorar.<\/p><\/li><\/ul>\t\t\t\t\t\t<\/div>\n\t\t\t\t<\/div>\n\t\t\t\t<\/div>\n\t\t\t\t\t<\/div>\n\t\t\t\t<\/div>\n\t\t<div class=\"elementor-element elementor-element-897bb1b e-flex e-con-boxed e-con e-child\" data-id=\"897bb1b\" data-element_type=\"container\" data-settings=\"{&quot;content_width&quot;:&quot;boxed&quot;}\">\n\t\t\t\t\t<div class=\"e-con-inner\">\n\t\t\t\t<div class=\"elementor-element elementor-element-abbdd0b elementor-widget elementor-widget-heading\" data-id=\"abbdd0b\" data-element_type=\"widget\" data-widget_type=\"heading.default\">\n\t\t\t\t<div class=\"elementor-widget-container\">\n\t\t\t<h2 class=\"elementor-heading-title elementor-size-large\">Depoimentos de Quem Viveu a Experi\u00eancia<\/h2>\t\t<\/div>\n\t\t\t\t<\/div>\n\t\t\t\t<div class=\"elementor-element elementor-element-15447c6 elementor-widget elementor-widget-text-editor\" data-id=\"15447c6\" data-element_type=\"widget\" data-widget_type=\"text-editor.default\">\n\t\t\t\t<div class=\"elementor-widget-container\">\n\t\t\t\t\t\t\t<p style=\"text-align: center;\"><strong>Blumar Turismo: Certificada pelo Reclame Aqui<\/strong><\/p>\t\t\t\t\t\t<\/div>\n\t\t\t\t<\/div>\n\t\t\t\t<div class=\"elementor-element elementor-element-8fbcbe6 elementor-widget elementor-widget-html\" data-id=\"8fbcbe6\" data-element_type=\"widget\" data-widget_type=\"html.default\">\n\t\t\t\t<div class=\"elementor-widget-container\">\n\t\t\t<center><div id=\"ra-verified-seal\"><script type=\"text\/javascript\" id=\"ra-embed-verified-seal\" src=\"https:\/\/s3.amazonaws.com\/raichu-beta\/ra-verified\/bundle.js\" data-id=\"MzI4Nzc6Ymx1bWFy\" data-target=\"ra-verified-seal\" data-model=\"2\"><\/script><\/div><\/center>\t\t<\/div>\n\t\t\t\t<\/div>\n\t\t\t\t<div class=\"elementor-element elementor-element-607b4df elementor-widget elementor-widget-text-editor\" data-id=\"607b4df\" data-element_type=\"widget\" data-widget_type=\"text-editor.default\">\n\t\t\t\t<div class=\"elementor-widget-container\">\n\t\t\t\t\t\t\t<p><span style=\"color: var( --e-global-color-text ); text-align: var(--text-align);\">Na <strong>Blumar Turismo<\/strong>, nos orgulhamos de oferecer um servi\u00e7o de excel\u00eancia. Somos certificados pelo Reclame Aqui e n\u00e3o recebemos nenhuma reclama\u00e7\u00e3o nos \u00faltimos 12 meses.<\/span><\/p><p>Nosso compromisso \u00e9 com a total satisfa\u00e7\u00e3o do cliente. Garantimos experi\u00eancias de viagem \u00fanicas e memor\u00e1veis, cuidando de cada detalhe, desde a escolha dos melhores destinos e hot\u00e9is at\u00e9 a personaliza\u00e7\u00e3o de roteiros. Nossa equipe est\u00e1 dedicada a atender todas as suas necessidades com m\u00e1xima aten\u00e7\u00e3o e profissionalismo.<\/p>\t\t\t\t\t\t<\/div>\n\t\t\t\t<\/div>\n\t\t\t\t<div class=\"elementor-element elementor-element-38cdb9a elementor-widget elementor-widget-html\" data-id=\"38cdb9a\" data-element_type=\"widget\" data-widget_type=\"html.default\">\n\t\t\t\t<div class=\"elementor-widget-container\">\n\t\t\t<script defer async src='https:\/\/cdn.trustindex.io\/loader.js?dc6229528d81446bbc4644b5063'><\/script>\t\t<\/div>\n\t\t\t\t<\/div>\n\t\t\t\t\t<\/div>\n\t\t\t\t<\/div>\n\t\t<div class=\"elementor-element elementor-element-7cdbfdf e-flex e-con-boxed e-con e-parent\" data-id=\"7cdbfdf\" data-element_type=\"container\" data-settings=\"{&quot;content_width&quot;:&quot;boxed&quot;}\" data-core-v316-plus=\"true\">\n\t\t\t\t\t<div class=\"e-con-inner\">\n\t\t\t\t<div class=\"elementor-element elementor-element-a004955 elementor-widget-divider--view-line elementor-widget elementor-widget-divider\" data-id=\"a004955\" data-element_type=\"widget\" data-widget_type=\"divider.default\">\n\t\t\t\t<div class=\"elementor-widget-container\">\n\t\t\t<style>\/*! elementor - v3.16.0 - 13-09-2023 *\/\n.elementor-widget-divider{--divider-border-style:none;--divider-border-width:1px;--divider-color:#0c0d0e;--divider-icon-size:20px;--divider-element-spacing:10px;--divider-pattern-height:24px;--divider-pattern-size:20px;--divider-pattern-url:none;--divider-pattern-repeat:repeat-x}.elementor-widget-divider .elementor-divider{display:flex}.elementor-widget-divider .elementor-divider__text{font-size:15px;line-height:1;max-width:95%}.elementor-widget-divider .elementor-divider__element{margin:0 var(--divider-element-spacing);flex-shrink:0}.elementor-widget-divider .elementor-icon{font-size:var(--divider-icon-size)}.elementor-widget-divider .elementor-divider-separator{display:flex;margin:0;direction:ltr}.elementor-widget-divider--view-line_icon .elementor-divider-separator,.elementor-widget-divider--view-line_text .elementor-divider-separator{align-items:center}.elementor-widget-divider--view-line_icon .elementor-divider-separator:after,.elementor-widget-divider--view-line_icon .elementor-divider-separator:before,.elementor-widget-divider--view-line_text .elementor-divider-separator:after,.elementor-widget-divider--view-line_text .elementor-divider-separator:before{display:block;content:\"\";border-bottom:0;flex-grow:1;border-top:var(--divider-border-width) var(--divider-border-style) var(--divider-color)}.elementor-widget-divider--element-align-left .elementor-divider .elementor-divider-separator>.elementor-divider__svg:first-of-type{flex-grow:0;flex-shrink:100}.elementor-widget-divider--element-align-left .elementor-divider-separator:before{content:none}.elementor-widget-divider--element-align-left .elementor-divider__element{margin-left:0}.elementor-widget-divider--element-align-right .elementor-divider .elementor-divider-separator>.elementor-divider__svg:last-of-type{flex-grow:0;flex-shrink:100}.elementor-widget-divider--element-align-right .elementor-divider-separator:after{content:none}.elementor-widget-divider--element-align-right .elementor-divider__element{margin-right:0}.elementor-widget-divider:not(.elementor-widget-divider--view-line_text):not(.elementor-widget-divider--view-line_icon) .elementor-divider-separator{border-top:var(--divider-border-width) var(--divider-border-style) var(--divider-color)}.elementor-widget-divider--separator-type-pattern{--divider-border-style:none}.elementor-widget-divider--separator-type-pattern.elementor-widget-divider--view-line .elementor-divider-separator,.elementor-widget-divider--separator-type-pattern:not(.elementor-widget-divider--view-line) .elementor-divider-separator:after,.elementor-widget-divider--separator-type-pattern:not(.elementor-widget-divider--view-line) .elementor-divider-separator:before,.elementor-widget-divider--separator-type-pattern:not([class*=elementor-widget-divider--view]) .elementor-divider-separator{width:100%;min-height:var(--divider-pattern-height);-webkit-mask-size:var(--divider-pattern-size) 100%;mask-size:var(--divider-pattern-size) 100%;-webkit-mask-repeat:var(--divider-pattern-repeat);mask-repeat:var(--divider-pattern-repeat);background-color:var(--divider-color);-webkit-mask-image:var(--divider-pattern-url);mask-image:var(--divider-pattern-url)}.elementor-widget-divider--no-spacing{--divider-pattern-size:auto}.elementor-widget-divider--bg-round{--divider-pattern-repeat:round}.rtl .elementor-widget-divider .elementor-divider__text{direction:rtl}.e-con-inner>.elementor-widget-divider,.e-con>.elementor-widget-divider{width:var(--container-widget-width,100%);--flex-grow:var(--container-widget-flex-grow)}<\/style>\t\t<div class=\"elementor-divider\">\n\t\t\t<span class=\"elementor-divider-separator\">\n\t\t\t\t\t\t<\/span>\n\t\t<\/div>\n\t\t\t\t<\/div>\n\t\t\t\t<\/div>\n\t\t\t\t<div class=\"elementor-element elementor-element-9d9f2fc elementor-widget elementor-widget-heading\" data-id=\"9d9f2fc\" data-element_type=\"widget\" data-widget_type=\"heading.default\">\n\t\t\t\t<div class=\"elementor-widget-container\">\n\t\t\t<h2 class=\"elementor-heading-title elementor-size-medium\">Posts que voc\u00ea tamb\u00e9m pode se interessar:<\/h2>\t\t<\/div>\n\t\t\t\t<\/div>\n\t\t\t\t<div class=\"elementor-element elementor-element-091cc46 elementor-widget elementor-widget-text-editor\" data-id=\"091cc46\" data-element_type=\"widget\" data-widget_type=\"text-editor.default\">\n\t\t\t\t<div class=\"elementor-widget-container\">\n\t\t\t\t\t\t\t<ul><li><a href=\"https:\/\/www.blumarturismo.com.br\/blog\/gramado-para-adultos-uma-experiencia-sofisticada-e-encantadora\/\">Gramado para Adultos: Uma Experi\u00eancia Sofisticada e Encantadora<\/a><\/li><li><a href=\"https:\/\/www.blumarturismo.com.br\/blog\/gramado-com-adolescentes-uma-aventura-inesquecivel\/\">Gramado com Adolescentes: Uma Aventura Inesquec\u00edvel<\/a><\/li><li><a href=\"https:\/\/www.blumarturismo.com.br\/blog\/melhor-epoca-para-visitar-gramado-e-canela-um-guia-completo\/\">Melhor \u00c9poca para Visitar Gramado e Canela: Um Guia Completo<\/a><\/li><li><a href=\"https:\/\/www.blumarturismo.com.br\/blog\/o-que-fazer-em-gramado-e-canela-em-casal-um-roteiro-romantico\/\">O que fazer em Gramado e Canela em casal: Um Roteiro Rom\u00e2ntico<\/a><\/li><li><a href=\"https:\/\/www.blumarturismo.com.br\/blog\/descubra-os-meses-de-baixa-temporada-em-gramado-planeje-sua-viagem-com-economia-e-tranquilidade\/\">Descubra os Meses de Baixa Temporada em Gramado: Planeje sua Viagem com Economia e Tranquilidade<\/a><\/li><\/ul>\t\t\t\t\t\t<\/div>\n\t\t\t\t<\/div>\n\t\t\t\t\t<\/div>\n\t\t\t\t<\/div>\n\t\t<div class=\"elementor-element elementor-element-e03807d e-flex e-con-boxed e-con e-parent\" data-id=\"e03807d\" data-element_type=\"container\" data-settings=\"{&quot;content_width&quot;:&quot;boxed&quot;}\" data-core-v316-plus=\"true\">\n\t\t\t\t\t<div class=\"e-con-inner\">\n\t\t\t\t<div class=\"elementor-element elementor-element-49c28ac elementor-widget elementor-widget-heading\" data-id=\"49c28ac\" data-element_type=\"widget\" data-widget_type=\"heading.default\">\n\t\t\t\t<div class=\"elementor-widget-container\">\n\t\t\t<h2 class=\"elementor-heading-title elementor-size-large\">FAQ - Gramado no Inverno: Guia Completo de Atra\u00e7\u00f5es e Dicas\n<\/h2>\t\t<\/div>\n\t\t\t\t<\/div>\n\t\t\t\t<div class=\"elementor-element elementor-element-47f7bdd elementor-widget elementor-widget-image\" data-id=\"47f7bdd\" data-element_type=\"widget\" data-widget_type=\"image.default\">\n\t\t\t\t<div class=\"elementor-widget-container\">\n\t\t\t\t\t\t\t\t\t\t\t\t<figure class=\"wp-caption\">\n\t\t\t\t\t\t\t\t\t\t<img loading=\"lazy\" decoding=\"async\" width=\"1024\" height=\"684\" src=\"https:\/\/www.blumarturismo.com.br\/blog\/wp-content\/uploads\/2024\/04\/Renato-Soares-MTur-15-1024x684.jpg\" class=\"attachment-large size-large wp-image-53951\" alt=\"Foto: Renato Soares \/ MTur\" srcset=\"https:\/\/www.blumarturismo.com.br\/blog\/wp-content\/uploads\/2024\/04\/Renato-Soares-MTur-15-1024x684.jpg 1024w, https:\/\/www.blumarturismo.com.br\/blog\/wp-content\/uploads\/2024\/04\/Renato-Soares-MTur-15-300x200.jpg 300w, https:\/\/www.blumarturismo.com.br\/blog\/wp-content\/uploads\/2024\/04\/Renato-Soares-MTur-15-768x513.jpg 768w, https:\/\/www.blumarturismo.com.br\/blog\/wp-content\/uploads\/2024\/04\/Renato-Soares-MTur-15-1536x1025.jpg 1536w, https:\/\/www.blumarturismo.com.br\/blog\/wp-content\/uploads\/2024\/04\/Renato-Soares-MTur-15.jpg 2048w\" sizes=\"auto, (max-width: 1024px) 100vw, 1024px\" \/>\t\t\t\t\t\t\t\t\t\t\t<figcaption class=\"widget-image-caption wp-caption-text\">Foto: Renato Soares \/ MTur<\/figcaption>\n\t\t\t\t\t\t\t\t\t\t<\/figure>\n\t\t\t\t\t\t\t\t\t<\/div>\n\t\t\t\t<\/div>\n\t\t\t\t<div class=\"elementor-element elementor-element-af8f094 elementor-widget elementor-widget-toggle\" data-id=\"af8f094\" data-element_type=\"widget\" data-widget_type=\"toggle.default\">\n\t\t\t\t<div class=\"elementor-widget-container\">\n\t\t\t<style>\/*! elementor - v3.16.0 - 13-09-2023 *\/\n.elementor-toggle{text-align:left}.elementor-toggle .elementor-tab-title{font-weight:700;line-height:1;margin:0;padding:15px;border-bottom:1px solid #d5d8dc;cursor:pointer;outline:none}.elementor-toggle .elementor-tab-title .elementor-toggle-icon{display:inline-block;width:1em}.elementor-toggle .elementor-tab-title .elementor-toggle-icon svg{margin-inline-start:-5px;width:1em;height:1em}.elementor-toggle .elementor-tab-title .elementor-toggle-icon.elementor-toggle-icon-right{float:right;text-align:right}.elementor-toggle .elementor-tab-title .elementor-toggle-icon.elementor-toggle-icon-left{float:left;text-align:left}.elementor-toggle .elementor-tab-title .elementor-toggle-icon .elementor-toggle-icon-closed{display:block}.elementor-toggle .elementor-tab-title .elementor-toggle-icon .elementor-toggle-icon-opened{display:none}.elementor-toggle .elementor-tab-title.elementor-active{border-bottom:none}.elementor-toggle .elementor-tab-title.elementor-active .elementor-toggle-icon-closed{display:none}.elementor-toggle .elementor-tab-title.elementor-active .elementor-toggle-icon-opened{display:block}.elementor-toggle .elementor-tab-content{padding:15px;border-bottom:1px solid #d5d8dc;display:none}@media (max-width:767px){.elementor-toggle .elementor-tab-title{padding:12px}.elementor-toggle .elementor-tab-content{padding:12px 10px}}.e-con-inner>.elementor-widget-toggle,.e-con>.elementor-widget-toggle{width:var(--container-widget-width);--flex-grow:var(--container-widget-flex-grow)}<\/style>\t\t<div class=\"elementor-toggle\">\n\t\t\t\t\t\t\t<div class=\"elementor-toggle-item\">\n\t\t\t\t\t<div id=\"elementor-tab-title-1841\" class=\"elementor-tab-title\" data-tab=\"1\" role=\"button\" aria-controls=\"elementor-tab-content-1841\" aria-expanded=\"false\">\n\t\t\t\t\t\t\t\t\t\t\t\t<span class=\"elementor-toggle-icon elementor-toggle-icon-left\" aria-hidden=\"true\">\n\t\t\t\t\t\t\t\t\t\t\t\t\t\t\t<span class=\"elementor-toggle-icon-closed\"><svg class=\"e-font-icon-svg e-fas-caret-right\" viewBox=\"0 0 192 512\" xmlns=\"http:\/\/www.w3.org\/2000\/svg\"><path d=\"M0 384.662V127.338c0-17.818 21.543-26.741 34.142-14.142l128.662 128.662c7.81 7.81 7.81 20.474 0 28.284L34.142 398.804C21.543 411.404 0 402.48 0 384.662z\"><\/path><\/svg><\/span>\n\t\t\t\t\t\t\t\t<span class=\"elementor-toggle-icon-opened\"><svg class=\"elementor-toggle-icon-opened e-font-icon-svg e-fas-caret-up\" viewBox=\"0 0 320 512\" xmlns=\"http:\/\/www.w3.org\/2000\/svg\"><path d=\"M288.662 352H31.338c-17.818 0-26.741-21.543-14.142-34.142l128.662-128.662c7.81-7.81 20.474-7.81 28.284 0l128.662 128.662c12.6 12.599 3.676 34.142-14.142 34.142z\"><\/path><\/svg><\/span>\n\t\t\t\t\t\t\t\t\t\t\t\t\t<\/span>\n\t\t\t\t\t\t\t\t\t\t\t\t<a class=\"elementor-toggle-title\" tabindex=\"0\">Qual \u00e9 a temperatura m\u00e9dia em Gramado durante o inverno?<\/a>\n\t\t\t\t\t<\/div>\n\n\t\t\t\t\t<div id=\"elementor-tab-content-1841\" class=\"elementor-tab-content elementor-clearfix\" data-tab=\"1\" role=\"region\" aria-labelledby=\"elementor-tab-title-1841\"><p>Durante o inverno, a temperatura em Gramado costuma variar entre 0\u00b0C e 10\u00b0C. Vale ressaltar que em alguns dias, principalmente \u00e0 noite, os term\u00f4metros podem registrar temperaturas negativas. Por isso, \u00e9 fundamental conferir a previs\u00e3o do tempo para se preparar adequadamente e aproveitar cada atra\u00e7\u00e3o mesmo com o clima mais frio.<\/p><\/div>\n\t\t\t\t<\/div>\n\t\t\t\t\t\t\t<div class=\"elementor-toggle-item\">\n\t\t\t\t\t<div id=\"elementor-tab-title-1842\" class=\"elementor-tab-title\" data-tab=\"2\" role=\"button\" aria-controls=\"elementor-tab-content-1842\" aria-expanded=\"false\">\n\t\t\t\t\t\t\t\t\t\t\t\t<span class=\"elementor-toggle-icon elementor-toggle-icon-left\" aria-hidden=\"true\">\n\t\t\t\t\t\t\t\t\t\t\t\t\t\t\t<span class=\"elementor-toggle-icon-closed\"><svg class=\"e-font-icon-svg e-fas-caret-right\" viewBox=\"0 0 192 512\" xmlns=\"http:\/\/www.w3.org\/2000\/svg\"><path d=\"M0 384.662V127.338c0-17.818 21.543-26.741 34.142-14.142l128.662 128.662c7.81 7.81 7.81 20.474 0 28.284L34.142 398.804C21.543 411.404 0 402.48 0 384.662z\"><\/path><\/svg><\/span>\n\t\t\t\t\t\t\t\t<span class=\"elementor-toggle-icon-opened\"><svg class=\"elementor-toggle-icon-opened e-font-icon-svg e-fas-caret-up\" viewBox=\"0 0 320 512\" xmlns=\"http:\/\/www.w3.org\/2000\/svg\"><path d=\"M288.662 352H31.338c-17.818 0-26.741-21.543-14.142-34.142l128.662-128.662c7.81-7.81 20.474-7.81 28.284 0l128.662 128.662c12.6 12.599 3.676 34.142-14.142 34.142z\"><\/path><\/svg><\/span>\n\t\t\t\t\t\t\t\t\t\t\t\t\t<\/span>\n\t\t\t\t\t\t\t\t\t\t\t\t<a class=\"elementor-toggle-title\" tabindex=\"0\">Quais s\u00e3o as principais atra\u00e7\u00f5es tur\u00edsticas de Gramado no inverno?<\/a>\n\t\t\t\t\t<\/div>\n\n\t\t\t\t\t<div id=\"elementor-tab-content-1842\" class=\"elementor-tab-content elementor-clearfix\" data-tab=\"2\" role=\"region\" aria-labelledby=\"elementor-tab-title-1842\"><p>Gramado proporciona diversas atra\u00e7\u00f5es que encantam visitantes durante o inverno, tais como:<\/p><ul><li>Snowland: O \u00fanico parque de neve indoor das Am\u00e9ricas, ideal para esqui, patina\u00e7\u00e3o no gelo e experi\u00eancias envolventes com a tem\u00e1tica da neve.<\/li><li>Mini Mundo: Um espa\u00e7o onde miniaturas de constru\u00e7\u00f5es famosas ganham um charme especial com decora\u00e7\u00f5es tem\u00e1ticas de inverno.<\/li><li>Rua Coberta: Um recanto no cora\u00e7\u00e3o da cidade repleto de lojas, caf\u00e9s e apresenta\u00e7\u00f5es culturais que convidam ao desfrute de momentos acolhedores.<\/li><li>Lago Negro: Um cen\u00e1rio encantador que se transforma com a presen\u00e7a da neve, proporcionando um ambiente de conto de fadas.<\/li><\/ul><\/div>\n\t\t\t\t<\/div>\n\t\t\t\t\t\t\t<div class=\"elementor-toggle-item\">\n\t\t\t\t\t<div id=\"elementor-tab-title-1843\" class=\"elementor-tab-title\" data-tab=\"3\" role=\"button\" aria-controls=\"elementor-tab-content-1843\" aria-expanded=\"false\">\n\t\t\t\t\t\t\t\t\t\t\t\t<span class=\"elementor-toggle-icon elementor-toggle-icon-left\" aria-hidden=\"true\">\n\t\t\t\t\t\t\t\t\t\t\t\t\t\t\t<span class=\"elementor-toggle-icon-closed\"><svg class=\"e-font-icon-svg e-fas-caret-right\" viewBox=\"0 0 192 512\" xmlns=\"http:\/\/www.w3.org\/2000\/svg\"><path d=\"M0 384.662V127.338c0-17.818 21.543-26.741 34.142-14.142l128.662 128.662c7.81 7.81 7.81 20.474 0 28.284L34.142 398.804C21.543 411.404 0 402.48 0 384.662z\"><\/path><\/svg><\/span>\n\t\t\t\t\t\t\t\t<span class=\"elementor-toggle-icon-opened\"><svg class=\"elementor-toggle-icon-opened e-font-icon-svg e-fas-caret-up\" viewBox=\"0 0 320 512\" xmlns=\"http:\/\/www.w3.org\/2000\/svg\"><path d=\"M288.662 352H31.338c-17.818 0-26.741-21.543-14.142-34.142l128.662-128.662c7.81-7.81 20.474-7.81 28.284 0l128.662 128.662c12.6 12.599 3.676 34.142-14.142 34.142z\"><\/path><\/svg><\/span>\n\t\t\t\t\t\t\t\t\t\t\t\t\t<\/span>\n\t\t\t\t\t\t\t\t\t\t\t\t<a class=\"elementor-toggle-title\" tabindex=\"0\">O que torna o Snowland uma atra\u00e7\u00e3o imperd\u00edvel em Gramado?<\/a>\n\t\t\t\t\t<\/div>\n\n\t\t\t\t\t<div id=\"elementor-tab-content-1843\" class=\"elementor-tab-content elementor-clearfix\" data-tab=\"3\" role=\"region\" aria-labelledby=\"elementor-tab-title-1843\"><p>O Snowland \u00e9 refer\u00eancia quando o assunto \u00e9 divers\u00e3o no frio. Ele oferece:<\/p><ul><li>Pistas para esqui e snowboard com infraestrutura completa;<\/li><li>Atividades para todas as idades, desde crian\u00e7as a adultos;<\/li><li>Ambientes climatizados que recriam a experi\u00eancia da neve, mesmo quando n\u00e3o h\u00e1 neve natural.<\/li><\/ul><p>Essa atra\u00e7\u00e3o se destaca n\u00e3o apenas pela inova\u00e7\u00e3o, mas tamb\u00e9m por proporcionar experi\u00eancias \u00fanicas e inesquec\u00edveis para turistas.<\/p><\/div>\n\t\t\t\t<\/div>\n\t\t\t\t\t\t\t<div class=\"elementor-toggle-item\">\n\t\t\t\t\t<div id=\"elementor-tab-title-1844\" class=\"elementor-tab-title\" data-tab=\"4\" role=\"button\" aria-controls=\"elementor-tab-content-1844\" aria-expanded=\"false\">\n\t\t\t\t\t\t\t\t\t\t\t\t<span class=\"elementor-toggle-icon elementor-toggle-icon-left\" aria-hidden=\"true\">\n\t\t\t\t\t\t\t\t\t\t\t\t\t\t\t<span class=\"elementor-toggle-icon-closed\"><svg class=\"e-font-icon-svg e-fas-caret-right\" viewBox=\"0 0 192 512\" xmlns=\"http:\/\/www.w3.org\/2000\/svg\"><path d=\"M0 384.662V127.338c0-17.818 21.543-26.741 34.142-14.142l128.662 128.662c7.81 7.81 7.81 20.474 0 28.284L34.142 398.804C21.543 411.404 0 402.48 0 384.662z\"><\/path><\/svg><\/span>\n\t\t\t\t\t\t\t\t<span class=\"elementor-toggle-icon-opened\"><svg class=\"elementor-toggle-icon-opened e-font-icon-svg e-fas-caret-up\" viewBox=\"0 0 320 512\" xmlns=\"http:\/\/www.w3.org\/2000\/svg\"><path d=\"M288.662 352H31.338c-17.818 0-26.741-21.543-14.142-34.142l128.662-128.662c7.81-7.81 20.474-7.81 28.284 0l128.662 128.662c12.6 12.599 3.676 34.142-14.142 34.142z\"><\/path><\/svg><\/span>\n\t\t\t\t\t\t\t\t\t\t\t\t\t<\/span>\n\t\t\t\t\t\t\t\t\t\t\t\t<a class=\"elementor-toggle-title\" tabindex=\"0\">Como o Mini Mundo e a Rua Coberta se adaptam para o inverno?<\/a>\n\t\t\t\t\t<\/div>\n\n\t\t\t\t\t<div id=\"elementor-tab-content-1844\" class=\"elementor-tab-content elementor-clearfix\" data-tab=\"4\" role=\"region\" aria-labelledby=\"elementor-tab-title-1844\"><ul><li>Mini Mundo: As r\u00e9plicas em miniatura ganham decora\u00e7\u00f5es especiais durante o inverno, enriquecendo a experi\u00eancia visual e imersiva dos visitantes.<\/li><li>Rua Coberta: Mant\u00e9m seu charme com apresenta\u00e7\u00f5es culturais e uma infraestrutura acolhedora, permitindo que turistas desfrutem de um passeio confort\u00e1vel, mesmo nos dias mais frios.<\/li><\/ul><p>Essas atra\u00e7\u00f5es garantem uma navega\u00e7\u00e3o intuitiva e prazerosa, contribuindo para um roteiro tur\u00edstico otimizado.<\/p><\/div>\n\t\t\t\t<\/div>\n\t\t\t\t\t\t\t<div class=\"elementor-toggle-item\">\n\t\t\t\t\t<div id=\"elementor-tab-title-1845\" class=\"elementor-tab-title\" data-tab=\"5\" role=\"button\" aria-controls=\"elementor-tab-content-1845\" aria-expanded=\"false\">\n\t\t\t\t\t\t\t\t\t\t\t\t<span class=\"elementor-toggle-icon elementor-toggle-icon-left\" aria-hidden=\"true\">\n\t\t\t\t\t\t\t\t\t\t\t\t\t\t\t<span class=\"elementor-toggle-icon-closed\"><svg class=\"e-font-icon-svg e-fas-caret-right\" viewBox=\"0 0 192 512\" xmlns=\"http:\/\/www.w3.org\/2000\/svg\"><path d=\"M0 384.662V127.338c0-17.818 21.543-26.741 34.142-14.142l128.662 128.662c7.81 7.81 7.81 20.474 0 28.284L34.142 398.804C21.543 411.404 0 402.48 0 384.662z\"><\/path><\/svg><\/span>\n\t\t\t\t\t\t\t\t<span class=\"elementor-toggle-icon-opened\"><svg class=\"elementor-toggle-icon-opened e-font-icon-svg e-fas-caret-up\" viewBox=\"0 0 320 512\" xmlns=\"http:\/\/www.w3.org\/2000\/svg\"><path d=\"M288.662 352H31.338c-17.818 0-26.741-21.543-14.142-34.142l128.662-128.662c7.81-7.81 20.474-7.81 28.284 0l128.662 128.662c12.6 12.599 3.676 34.142-14.142 34.142z\"><\/path><\/svg><\/span>\n\t\t\t\t\t\t\t\t\t\t\t\t\t<\/span>\n\t\t\t\t\t\t\t\t\t\t\t\t<a class=\"elementor-toggle-title\" tabindex=\"0\">Quais passeios na regi\u00e3o da Serra Ga\u00facha complementam a experi\u00eancia de inverno em Gramado?<\/a>\n\t\t\t\t\t<\/div>\n\n\t\t\t\t\t<div id=\"elementor-tab-content-1845\" class=\"elementor-tab-content elementor-clearfix\" data-tab=\"5\" role=\"region\" aria-labelledby=\"elementor-tab-title-1845\"><p>Al\u00e9m das atra\u00e7\u00f5es na cidade, a regi\u00e3o oferece roteiros encantadores, como:<\/p><ul><li>Vin\u00edcolas: Realize tours e degusta\u00e7\u00f5es e descubra a tradi\u00e7\u00e3o vitivin\u00edcola da Serra Ga\u00facha.<\/li><li>C\u00e2nion Fortaleza: Aprecie a vista panor\u00e2mica e as belezas naturais que se intensificam com o clima invernal.<\/li><li>Gramado Zoo: Um passeio em meio \u00e0 fauna brasileira, ideal para fam\u00edlias que buscam tranquilidade e contato com a natureza no frio do inverno.<\/li><\/ul><\/div>\n\t\t\t\t<\/div>\n\t\t\t\t\t\t\t<div class=\"elementor-toggle-item\">\n\t\t\t\t\t<div id=\"elementor-tab-title-1846\" class=\"elementor-tab-title\" data-tab=\"6\" role=\"button\" aria-controls=\"elementor-tab-content-1846\" aria-expanded=\"false\">\n\t\t\t\t\t\t\t\t\t\t\t\t<span class=\"elementor-toggle-icon elementor-toggle-icon-left\" aria-hidden=\"true\">\n\t\t\t\t\t\t\t\t\t\t\t\t\t\t\t<span class=\"elementor-toggle-icon-closed\"><svg class=\"e-font-icon-svg e-fas-caret-right\" viewBox=\"0 0 192 512\" xmlns=\"http:\/\/www.w3.org\/2000\/svg\"><path d=\"M0 384.662V127.338c0-17.818 21.543-26.741 34.142-14.142l128.662 128.662c7.81 7.81 7.81 20.474 0 28.284L34.142 398.804C21.543 411.404 0 402.48 0 384.662z\"><\/path><\/svg><\/span>\n\t\t\t\t\t\t\t\t<span class=\"elementor-toggle-icon-opened\"><svg class=\"elementor-toggle-icon-opened e-font-icon-svg e-fas-caret-up\" viewBox=\"0 0 320 512\" xmlns=\"http:\/\/www.w3.org\/2000\/svg\"><path d=\"M288.662 352H31.338c-17.818 0-26.741-21.543-14.142-34.142l128.662-128.662c7.81-7.81 20.474-7.81 28.284 0l128.662 128.662c12.6 12.599 3.676 34.142-14.142 34.142z\"><\/path><\/svg><\/span>\n\t\t\t\t\t\t\t\t\t\t\t\t\t<\/span>\n\t\t\t\t\t\t\t\t\t\t\t\t<a class=\"elementor-toggle-title\" tabindex=\"0\">Como a cultura e os eventos de inverno enriquecem a experi\u00eancia em Gramado?<\/a>\n\t\t\t\t\t<\/div>\n\n\t\t\t\t\t<div id=\"elementor-tab-content-1846\" class=\"elementor-tab-content elementor-clearfix\" data-tab=\"6\" role=\"region\" aria-labelledby=\"elementor-tab-title-1846\"><p>O inverno em Gramado n\u00e3o se resume apenas \u00e0s paisagens e atra\u00e7\u00f5es tur\u00edsticas. A cidade tamb\u00e9m \u00e9 palco de eventos culturais marcantes, como:<\/p><ul><li>Festival de Cinema de Gramado: Um dos mais importantes do pa\u00eds, que re\u00fane cineastas, atores e amantes do cinema em uma programa\u00e7\u00e3o diversificada.<\/li><li>Natal Luz: Um espet\u00e1culo encantador que transforma a cidade com decora\u00e7\u00f5es vibrantes, luzes e performances art\u00edsticas, mantendo sua magia ao longo da temporada.<\/li><\/ul><\/div>\n\t\t\t\t<\/div>\n\t\t\t\t\t\t\t<div class=\"elementor-toggle-item\">\n\t\t\t\t\t<div id=\"elementor-tab-title-1847\" class=\"elementor-tab-title\" data-tab=\"7\" role=\"button\" aria-controls=\"elementor-tab-content-1847\" aria-expanded=\"false\">\n\t\t\t\t\t\t\t\t\t\t\t\t<span class=\"elementor-toggle-icon elementor-toggle-icon-left\" aria-hidden=\"true\">\n\t\t\t\t\t\t\t\t\t\t\t\t\t\t\t<span class=\"elementor-toggle-icon-closed\"><svg class=\"e-font-icon-svg e-fas-caret-right\" viewBox=\"0 0 192 512\" xmlns=\"http:\/\/www.w3.org\/2000\/svg\"><path d=\"M0 384.662V127.338c0-17.818 21.543-26.741 34.142-14.142l128.662 128.662c7.81 7.81 7.81 20.474 0 28.284L34.142 398.804C21.543 411.404 0 402.48 0 384.662z\"><\/path><\/svg><\/span>\n\t\t\t\t\t\t\t\t<span class=\"elementor-toggle-icon-opened\"><svg class=\"elementor-toggle-icon-opened e-font-icon-svg e-fas-caret-up\" viewBox=\"0 0 320 512\" xmlns=\"http:\/\/www.w3.org\/2000\/svg\"><path d=\"M288.662 352H31.338c-17.818 0-26.741-21.543-14.142-34.142l128.662-128.662c7.81-7.81 20.474-7.81 28.284 0l128.662 128.662c12.6 12.599 3.676 34.142-14.142 34.142z\"><\/path><\/svg><\/span>\n\t\t\t\t\t\t\t\t\t\t\t\t\t<\/span>\n\t\t\t\t\t\t\t\t\t\t\t\t<a class=\"elementor-toggle-title\" tabindex=\"0\">Que dicas pr\u00e1ticas posso seguir para aproveitar melhor minha viagem a Gramado no inverno?<\/a>\n\t\t\t\t\t<\/div>\n\n\t\t\t\t\t<div id=\"elementor-tab-content-1847\" class=\"elementor-tab-content elementor-clearfix\" data-tab=\"7\" role=\"region\" aria-labelledby=\"elementor-tab-title-1847\"><ul><li>Planejamento: Verifique a previs\u00e3o do tempo e se agasalhe bem, j\u00e1 que as temperaturas podem cair abaixo de zero.<\/li><li>Roteiro Flex\u00edvel: Inclua atra\u00e7\u00f5es internas como o Snowland e a Rua Coberta para evitar imprevistos causados por varia\u00e7\u00f5es clim\u00e1ticas.<\/li><li>Experi\u00eancias Gastron\u00f4micas: Aproveite a culin\u00e1ria local em restaurantes aconchegantes; muitas ofertas s\u00e3o adaptadas para o clima frio, potencializando o charme da cidade.<\/li><li>Reservas Antecipadas: Em \u00e9pocas de grande movimento, como o Natal Luz, \u00e9 ideal reservar passeios e hot\u00e9is com anteced\u00eancia para garantir a melhor experi\u00eancia.<\/li><\/ul><\/div>\n\t\t\t\t<\/div>\n\t\t\t\t\t\t\t<div class=\"elementor-toggle-item\">\n\t\t\t\t\t<div id=\"elementor-tab-title-1848\" class=\"elementor-tab-title\" data-tab=\"8\" role=\"button\" aria-controls=\"elementor-tab-content-1848\" aria-expanded=\"false\">\n\t\t\t\t\t\t\t\t\t\t\t\t<span class=\"elementor-toggle-icon elementor-toggle-icon-left\" aria-hidden=\"true\">\n\t\t\t\t\t\t\t\t\t\t\t\t\t\t\t<span class=\"elementor-toggle-icon-closed\"><svg class=\"e-font-icon-svg e-fas-caret-right\" viewBox=\"0 0 192 512\" xmlns=\"http:\/\/www.w3.org\/2000\/svg\"><path d=\"M0 384.662V127.338c0-17.818 21.543-26.741 34.142-14.142l128.662 128.662c7.81 7.81 7.81 20.474 0 28.284L34.142 398.804C21.543 411.404 0 402.48 0 384.662z\"><\/path><\/svg><\/span>\n\t\t\t\t\t\t\t\t<span class=\"elementor-toggle-icon-opened\"><svg class=\"elementor-toggle-icon-opened e-font-icon-svg e-fas-caret-up\" viewBox=\"0 0 320 512\" xmlns=\"http:\/\/www.w3.org\/2000\/svg\"><path d=\"M288.662 352H31.338c-17.818 0-26.741-21.543-14.142-34.142l128.662-128.662c7.81-7.81 20.474-7.81 28.284 0l128.662 128.662c12.6 12.599 3.676 34.142-14.142 34.142z\"><\/path><\/svg><\/span>\n\t\t\t\t\t\t\t\t\t\t\t\t\t<\/span>\n\t\t\t\t\t\t\t\t\t\t\t\t<a class=\"elementor-toggle-title\" tabindex=\"0\">Como a Blumar Turismo contribui para uma viagem sem imprevistos em Gramado?<\/a>\n\t\t\t\t\t<\/div>\n\n\t\t\t\t\t<div id=\"elementor-tab-content-1848\" class=\"elementor-tab-content elementor-clearfix\" data-tab=\"8\" role=\"region\" aria-labelledby=\"elementor-tab-title-1848\"><p>A Blumar Turismo \u00e9 reconhecida pela excel\u00eancia no atendimento e desenvolvimento de roteiros personalizados, que incluem:<\/p><ul><li>Planejamento detalhado e acompanhamento pr\u00f3ximo durante toda a viagem;<\/li><li>Solu\u00e7\u00e3o r\u00e1pida de imprevistos, garantindo que mudan\u00e7as no roteiro n\u00e3o comprometam a experi\u00eancia do turista;<\/li><li>Diversas avalia\u00e7\u00f5es positivas de clientes, destacando a agilidade e o profissionalismo da equipe.<\/li><\/ul><p>Essa dedica\u00e7\u00e3o assegura que cada detalhe seja planejado para transformar sua viagem a Gramado em uma experi\u00eancia \u00fanica e memor\u00e1vel.<\/p><\/div>\n\t\t\t\t<\/div>\n\t\t\t\t\t\t\t<div class=\"elementor-toggle-item\">\n\t\t\t\t\t<div id=\"elementor-tab-title-1849\" class=\"elementor-tab-title\" data-tab=\"9\" role=\"button\" aria-controls=\"elementor-tab-content-1849\" aria-expanded=\"false\">\n\t\t\t\t\t\t\t\t\t\t\t\t<span class=\"elementor-toggle-icon elementor-toggle-icon-left\" aria-hidden=\"true\">\n\t\t\t\t\t\t\t\t\t\t\t\t\t\t\t<span class=\"elementor-toggle-icon-closed\"><svg class=\"e-font-icon-svg e-fas-caret-right\" viewBox=\"0 0 192 512\" xmlns=\"http:\/\/www.w3.org\/2000\/svg\"><path d=\"M0 384.662V127.338c0-17.818 21.543-26.741 34.142-14.142l128.662 128.662c7.81 7.81 7.81 20.474 0 28.284L34.142 398.804C21.543 411.404 0 402.48 0 384.662z\"><\/path><\/svg><\/span>\n\t\t\t\t\t\t\t\t<span class=\"elementor-toggle-icon-opened\"><svg class=\"elementor-toggle-icon-opened e-font-icon-svg e-fas-caret-up\" viewBox=\"0 0 320 512\" xmlns=\"http:\/\/www.w3.org\/2000\/svg\"><path d=\"M288.662 352H31.338c-17.818 0-26.741-21.543-14.142-34.142l128.662-128.662c7.81-7.81 20.474-7.81 28.284 0l128.662 128.662c12.6 12.599 3.676 34.142-14.142 34.142z\"><\/path><\/svg><\/span>\n\t\t\t\t\t\t\t\t\t\t\t\t\t<\/span>\n\t\t\t\t\t\t\t\t\t\t\t\t<a class=\"elementor-toggle-title\" tabindex=\"0\">Quais s\u00e3o os benef\u00edcios de explorar as atra\u00e7\u00f5es invernais de Gramado?<\/a>\n\t\t\t\t\t<\/div>\n\n\t\t\t\t\t<div id=\"elementor-tab-content-1849\" class=\"elementor-tab-content elementor-clearfix\" data-tab=\"9\" role=\"region\" aria-labelledby=\"elementor-tab-title-1849\"><p>Visitar Gramado no inverno traz diversas vantagens, dentre as quais se destacam:<\/p><ul><li>Cen\u00e1rios M\u00e1gicos: A presen\u00e7a da neve e decora\u00e7\u00f5es especiais transformam a cidade em um destino encantador, ideal para fotos e momentos rom\u00e2nticos.<\/li><li>Atividades Exclusivas: Experi\u00eancias como patina\u00e7\u00e3o no gelo, esqui indoor e passeios tem\u00e1ticos permitem uma imers\u00e3o completa na esta\u00e7\u00e3o.<\/li><li>Ambiente Acolhedor: A arquitetura e o clima de Gramado, combinados com a hospitalidade dos locais, proporcionam uma atmosfera \u00fanica que agrada turistas de todas as idades.<\/li><\/ul><\/div>\n\t\t\t\t<\/div>\n\t\t\t\t\t\t\t\t\t\t<script type=\"application\/ld+json\">{\"@context\":\"https:\\\/\\\/schema.org\",\"@type\":\"FAQPage\",\"mainEntity\":[{\"@type\":\"Question\",\"name\":\"Qual \\u00e9 a temperatura m\\u00e9dia em Gramado durante o inverno?\",\"acceptedAnswer\":{\"@type\":\"Answer\",\"text\":\"<p>Durante o inverno, a temperatura em Gramado costuma variar entre 0\\u00b0C e 10\\u00b0C. Vale ressaltar que em alguns dias, principalmente \\u00e0 noite, os term\\u00f4metros podem registrar temperaturas negativas. Por isso, \\u00e9 fundamental conferir a previs\\u00e3o do tempo para se preparar adequadamente e aproveitar cada atra\\u00e7\\u00e3o mesmo com o clima mais frio.<\\\/p>\"}},{\"@type\":\"Question\",\"name\":\"Quais s\\u00e3o as principais atra\\u00e7\\u00f5es tur\\u00edsticas de Gramado no inverno?\",\"acceptedAnswer\":{\"@type\":\"Answer\",\"text\":\"<p>Gramado proporciona diversas atra\\u00e7\\u00f5es que encantam visitantes durante o inverno, tais como:<\\\/p><ul><li>Snowland: O \\u00fanico parque de neve indoor das Am\\u00e9ricas, ideal para esqui, patina\\u00e7\\u00e3o no gelo e experi\\u00eancias envolventes com a tem\\u00e1tica da neve.<\\\/li><li>Mini Mundo: Um espa\\u00e7o onde miniaturas de constru\\u00e7\\u00f5es famosas ganham um charme especial com decora\\u00e7\\u00f5es tem\\u00e1ticas de inverno.<\\\/li><li>Rua Coberta: Um recanto no cora\\u00e7\\u00e3o da cidade repleto de lojas, caf\\u00e9s e apresenta\\u00e7\\u00f5es culturais que convidam ao desfrute de momentos acolhedores.<\\\/li><li>Lago Negro: Um cen\\u00e1rio encantador que se transforma com a presen\\u00e7a da neve, proporcionando um ambiente de conto de fadas.<\\\/li><\\\/ul>\"}},{\"@type\":\"Question\",\"name\":\"O que torna o Snowland uma atra\\u00e7\\u00e3o imperd\\u00edvel em Gramado?\",\"acceptedAnswer\":{\"@type\":\"Answer\",\"text\":\"<p>O Snowland \\u00e9 refer\\u00eancia quando o assunto \\u00e9 divers\\u00e3o no frio. Ele oferece:<\\\/p><ul><li>Pistas para esqui e snowboard com infraestrutura completa;<\\\/li><li>Atividades para todas as idades, desde crian\\u00e7as a adultos;<\\\/li><li>Ambientes climatizados que recriam a experi\\u00eancia da neve, mesmo quando n\\u00e3o h\\u00e1 neve natural.<\\\/li><\\\/ul><p>Essa atra\\u00e7\\u00e3o se destaca n\\u00e3o apenas pela inova\\u00e7\\u00e3o, mas tamb\\u00e9m por proporcionar experi\\u00eancias \\u00fanicas e inesquec\\u00edveis para turistas.<\\\/p>\"}},{\"@type\":\"Question\",\"name\":\"Como o Mini Mundo e a Rua Coberta se adaptam para o inverno?\",\"acceptedAnswer\":{\"@type\":\"Answer\",\"text\":\"<ul><li>Mini Mundo: As r\\u00e9plicas em miniatura ganham decora\\u00e7\\u00f5es especiais durante o inverno, enriquecendo a experi\\u00eancia visual e imersiva dos visitantes.<\\\/li><li>Rua Coberta: Mant\\u00e9m seu charme com apresenta\\u00e7\\u00f5es culturais e uma infraestrutura acolhedora, permitindo que turistas desfrutem de um passeio confort\\u00e1vel, mesmo nos dias mais frios.<\\\/li><\\\/ul><p>Essas atra\\u00e7\\u00f5es garantem uma navega\\u00e7\\u00e3o intuitiva e prazerosa, contribuindo para um roteiro tur\\u00edstico otimizado.<\\\/p>\"}},{\"@type\":\"Question\",\"name\":\"Quais passeios na regi\\u00e3o da Serra Ga\\u00facha complementam a experi\\u00eancia de inverno em Gramado?\",\"acceptedAnswer\":{\"@type\":\"Answer\",\"text\":\"<p>Al\\u00e9m das atra\\u00e7\\u00f5es na cidade, a regi\\u00e3o oferece roteiros encantadores, como:<\\\/p><ul><li>Vin\\u00edcolas: Realize tours e degusta\\u00e7\\u00f5es e descubra a tradi\\u00e7\\u00e3o vitivin\\u00edcola da Serra Ga\\u00facha.<\\\/li><li>C\\u00e2nion Fortaleza: Aprecie a vista panor\\u00e2mica e as belezas naturais que se intensificam com o clima invernal.<\\\/li><li>Gramado Zoo: Um passeio em meio \\u00e0 fauna brasileira, ideal para fam\\u00edlias que buscam tranquilidade e contato com a natureza no frio do inverno.<\\\/li><\\\/ul>\"}},{\"@type\":\"Question\",\"name\":\"Como a cultura e os eventos de inverno enriquecem a experi\\u00eancia em Gramado?\",\"acceptedAnswer\":{\"@type\":\"Answer\",\"text\":\"<p>O inverno em Gramado n\\u00e3o se resume apenas \\u00e0s paisagens e atra\\u00e7\\u00f5es tur\\u00edsticas. A cidade tamb\\u00e9m \\u00e9 palco de eventos culturais marcantes, como:<\\\/p><ul><li>Festival de Cinema de Gramado: Um dos mais importantes do pa\\u00eds, que re\\u00fane cineastas, atores e amantes do cinema em uma programa\\u00e7\\u00e3o diversificada.<\\\/li><li>Natal Luz: Um espet\\u00e1culo encantador que transforma a cidade com decora\\u00e7\\u00f5es vibrantes, luzes e performances art\\u00edsticas, mantendo sua magia ao longo da temporada.<\\\/li><\\\/ul>\"}},{\"@type\":\"Question\",\"name\":\"Que dicas pr\\u00e1ticas posso seguir para aproveitar melhor minha viagem a Gramado no inverno?\",\"acceptedAnswer\":{\"@type\":\"Answer\",\"text\":\"<ul><li>Planejamento: Verifique a previs\\u00e3o do tempo e se agasalhe bem, j\\u00e1 que as temperaturas podem cair abaixo de zero.<\\\/li><li>Roteiro Flex\\u00edvel: Inclua atra\\u00e7\\u00f5es internas como o Snowland e a Rua Coberta para evitar imprevistos causados por varia\\u00e7\\u00f5es clim\\u00e1ticas.<\\\/li><li>Experi\\u00eancias Gastron\\u00f4micas: Aproveite a culin\\u00e1ria local em restaurantes aconchegantes; muitas ofertas s\\u00e3o adaptadas para o clima frio, potencializando o charme da cidade.<\\\/li><li>Reservas Antecipadas: Em \\u00e9pocas de grande movimento, como o Natal Luz, \\u00e9 ideal reservar passeios e hot\\u00e9is com anteced\\u00eancia para garantir a melhor experi\\u00eancia.<\\\/li><\\\/ul>\"}},{\"@type\":\"Question\",\"name\":\"Como a Blumar Turismo contribui para uma viagem sem imprevistos em Gramado?\",\"acceptedAnswer\":{\"@type\":\"Answer\",\"text\":\"<p>A Blumar Turismo \\u00e9 reconhecida pela excel\\u00eancia no atendimento e desenvolvimento de roteiros personalizados, que incluem:<\\\/p><ul><li>Planejamento detalhado e acompanhamento pr\\u00f3ximo durante toda a viagem;<\\\/li><li>Solu\\u00e7\\u00e3o r\\u00e1pida de imprevistos, garantindo que mudan\\u00e7as no roteiro n\\u00e3o comprometam a experi\\u00eancia do turista;<\\\/li><li>Diversas avalia\\u00e7\\u00f5es positivas de clientes, destacando a agilidade e o profissionalismo da equipe.<\\\/li><\\\/ul><p>Essa dedica\\u00e7\\u00e3o assegura que cada detalhe seja planejado para transformar sua viagem a Gramado em uma experi\\u00eancia \\u00fanica e memor\\u00e1vel.<\\\/p>\"}},{\"@type\":\"Question\",\"name\":\"Quais s\\u00e3o os benef\\u00edcios de explorar as atra\\u00e7\\u00f5es invernais de Gramado?\",\"acceptedAnswer\":{\"@type\":\"Answer\",\"text\":\"<p>Visitar Gramado no inverno traz diversas vantagens, dentre as quais se destacam:<\\\/p><ul><li>Cen\\u00e1rios M\\u00e1gicos: A presen\\u00e7a da neve e decora\\u00e7\\u00f5es especiais transformam a cidade em um destino encantador, ideal para fotos e momentos rom\\u00e2nticos.<\\\/li><li>Atividades Exclusivas: Experi\\u00eancias como patina\\u00e7\\u00e3o no gelo, esqui indoor e passeios tem\\u00e1ticos permitem uma imers\\u00e3o completa na esta\\u00e7\\u00e3o.<\\\/li><li>Ambiente Acolhedor: A arquitetura e o clima de Gramado, combinados com a hospitalidade dos locais, proporcionam uma atmosfera \\u00fanica que agrada turistas de todas as idades.<\\\/li><\\\/ul>\"}}]}<\/script>\n\t\t\t\t\t<\/div>\n\t\t\t\t<\/div>\n\t\t\t\t<\/div>\n\t\t\t\t\t<\/div>\n\t\t\t\t<\/div>\n\t\t\t\t\t\t\t<\/div>\n\t\t","protected":false},"excerpt":{"rendered":"<p>O inverno em Gramado, na Serra Ga\u00facha, oferece uma atmosfera encantadora e diversas op\u00e7\u00f5es de lazer para os visitantes. Com paisagens deslumbrantes, clima frio e uma atmosfera acolhedora, a cidade se torna um destino perfeito para quem busca aproveitar o melhor dessa esta\u00e7\u00e3o. Neste artigo, vamos explorar as atra\u00e7\u00f5es imperd\u00edveis&#46;&#46;&#46;<\/p>\n","protected":false},"author":10,"featured_media":68465,"comment_status":"closed","ping_status":"closed","sticky":false,"template":"","format":"standard","meta":{"footnotes":""},"categories":[690,694],"tags":[],"class_list":["post-27937","post","type-post","status-publish","format-standard","has-post-thumbnail","hentry","category-destinos-nacionais","category-dicas-de-viagem"],"yoast_head":"<!-- This site is optimized with the Yoast SEO Premium plugin v19.4 (Yoast SEO v24.1) - https:\/\/yoast.com\/wordpress\/plugins\/seo\/ -->\n<title>O que fazer em Gramado no inverno: Descubra as atra\u00e7\u00f5es imperd\u00edveis - Blog Blumar Turismo: O Seu Portal para Viagens Extraordin\u00e1rias<\/title>\n<meta name=\"description\" content=\"Venha com a Blumar Turismo descobrir o que fazer em Gramado no inverno. Descubra as atra\u00e7\u00f5es imperd\u00edveis e aproveite!\" \/>\n<meta name=\"robots\" content=\"index, follow, max-snippet:-1, max-image-preview:large, max-video-preview:-1\" \/>\n<link rel=\"canonical\" href=\"https:\/\/www.blumarturismo.com.br\/blog\/o-que-fazer-em-gramado-no-inverno-descubra-as-atracoes-imperdiveis\/\" \/>\n<meta property=\"og:locale\" content=\"pt_BR\" \/>\n<meta property=\"og:type\" content=\"article\" \/>\n<meta property=\"og:title\" content=\"O que fazer em Gramado no inverno: Descubra as atra\u00e7\u00f5es imperd\u00edveis\" \/>\n<meta property=\"og:description\" content=\"Venha com a Blumar Turismo descobrir o que fazer em Gramado no inverno. Descubra as atra\u00e7\u00f5es imperd\u00edveis e aproveite!\" \/>\n<meta property=\"og:url\" content=\"https:\/\/www.blumarturismo.com.br\/blog\/o-que-fazer-em-gramado-no-inverno-descubra-as-atracoes-imperdiveis\/\" \/>\n<meta property=\"og:site_name\" content=\"Blog Blumar Turismo: O Seu Portal para Viagens Extraordin\u00e1rias\" \/>\n<meta property=\"article:publisher\" content=\"https:\/\/www.facebook.com\/blumarviagenseturismo\" \/>\n<meta property=\"article:author\" content=\"https:\/\/www.facebook.com\/blumarviagenseturismo\" \/>\n<meta property=\"article:published_time\" content=\"2025-03-17T20:51:20+00:00\" \/>\n<meta property=\"article:modified_time\" content=\"2025-03-24T12:30:22+00:00\" \/>\n<meta property=\"og:image\" content=\"https:\/\/www.blumarturismo.com.br\/blog\/wp-content\/uploads\/2023\/05\/Foto-Diego-Grandi-Shutterstock.com-4.jpg\" \/>\n\t<meta property=\"og:image:width\" content=\"1000\" \/>\n\t<meta property=\"og:image:height\" content=\"667\" \/>\n\t<meta property=\"og:image:type\" content=\"image\/jpeg\" \/>\n<meta name=\"author\" content=\"Blumar Turismo\" \/>\n<meta name=\"twitter:card\" content=\"summary_large_image\" \/>\n<meta name=\"twitter:label1\" content=\"Escrito por\" \/>\n\t<meta name=\"twitter:data1\" content=\"Blumar Turismo\" \/>\n\t<meta name=\"twitter:label2\" content=\"Est. tempo de leitura\" \/>\n\t<meta name=\"twitter:data2\" content=\"32 minutos\" \/>\n<script type=\"application\/ld+json\" class=\"yoast-schema-graph\">{\"@context\":\"https:\/\/schema.org\",\"@graph\":[{\"@type\":\"Article\",\"@id\":\"https:\/\/www.blumarturismo.com.br\/blog\/o-que-fazer-em-gramado-no-inverno-descubra-as-atracoes-imperdiveis\/#article\",\"isPartOf\":{\"@id\":\"https:\/\/www.blumarturismo.com.br\/blog\/o-que-fazer-em-gramado-no-inverno-descubra-as-atracoes-imperdiveis\/\"},\"author\":{\"name\":\"Blumar Turismo\",\"@id\":\"https:\/\/www.blumarturismo.com.br\/blog\/#\/schema\/person\/8c5b522f6a79142bafca484c4604fba7\"},\"headline\":\"O que fazer em Gramado no inverno: Descubra as atra\u00e7\u00f5es imperd\u00edveis\",\"datePublished\":\"2025-03-17T20:51:20+00:00\",\"dateModified\":\"2025-03-24T12:30:22+00:00\",\"mainEntityOfPage\":{\"@id\":\"https:\/\/www.blumarturismo.com.br\/blog\/o-que-fazer-em-gramado-no-inverno-descubra-as-atracoes-imperdiveis\/\"},\"wordCount\":2572,\"publisher\":{\"@id\":\"https:\/\/www.blumarturismo.com.br\/blog\/#organization\"},\"image\":{\"@id\":\"https:\/\/www.blumarturismo.com.br\/blog\/o-que-fazer-em-gramado-no-inverno-descubra-as-atracoes-imperdiveis\/#primaryimage\"},\"thumbnailUrl\":\"https:\/\/www.blumarturismo.com.br\/blog\/wp-content\/uploads\/2023\/05\/Foto-Diego-Grandi-Shutterstock.com-4.jpg\",\"articleSection\":[\"Destinos Nacionais\",\"Dicas de Viagem\"],\"inLanguage\":\"pt-BR\"},{\"@type\":\"WebPage\",\"@id\":\"https:\/\/www.blumarturismo.com.br\/blog\/o-que-fazer-em-gramado-no-inverno-descubra-as-atracoes-imperdiveis\/\",\"url\":\"https:\/\/www.blumarturismo.com.br\/blog\/o-que-fazer-em-gramado-no-inverno-descubra-as-atracoes-imperdiveis\/\",\"name\":\"O que fazer em Gramado no inverno: Descubra as atra\u00e7\u00f5es imperd\u00edveis - Blog Blumar Turismo: O Seu Portal para Viagens Extraordin\u00e1rias\",\"isPartOf\":{\"@id\":\"https:\/\/www.blumarturismo.com.br\/blog\/#website\"},\"primaryImageOfPage\":{\"@id\":\"https:\/\/www.blumarturismo.com.br\/blog\/o-que-fazer-em-gramado-no-inverno-descubra-as-atracoes-imperdiveis\/#primaryimage\"},\"image\":{\"@id\":\"https:\/\/www.blumarturismo.com.br\/blog\/o-que-fazer-em-gramado-no-inverno-descubra-as-atracoes-imperdiveis\/#primaryimage\"},\"thumbnailUrl\":\"https:\/\/www.blumarturismo.com.br\/blog\/wp-content\/uploads\/2023\/05\/Foto-Diego-Grandi-Shutterstock.com-4.jpg\",\"datePublished\":\"2025-03-17T20:51:20+00:00\",\"dateModified\":\"2025-03-24T12:30:22+00:00\",\"description\":\"Venha com a Blumar Turismo descobrir o que fazer em Gramado no inverno. Descubra as atra\u00e7\u00f5es imperd\u00edveis e aproveite!\",\"breadcrumb\":{\"@id\":\"https:\/\/www.blumarturismo.com.br\/blog\/o-que-fazer-em-gramado-no-inverno-descubra-as-atracoes-imperdiveis\/#breadcrumb\"},\"inLanguage\":\"pt-BR\",\"potentialAction\":[{\"@type\":\"ReadAction\",\"target\":[\"https:\/\/www.blumarturismo.com.br\/blog\/o-que-fazer-em-gramado-no-inverno-descubra-as-atracoes-imperdiveis\/\"]}]},{\"@type\":\"ImageObject\",\"inLanguage\":\"pt-BR\",\"@id\":\"https:\/\/www.blumarturismo.com.br\/blog\/o-que-fazer-em-gramado-no-inverno-descubra-as-atracoes-imperdiveis\/#primaryimage\",\"url\":\"https:\/\/www.blumarturismo.com.br\/blog\/wp-content\/uploads\/2023\/05\/Foto-Diego-Grandi-Shutterstock.com-4.jpg\",\"contentUrl\":\"https:\/\/www.blumarturismo.com.br\/blog\/wp-content\/uploads\/2023\/05\/Foto-Diego-Grandi-Shutterstock.com-4.jpg\",\"width\":1000,\"height\":667,\"caption\":\"Foto: Diego Grandi \/ Shutterstock.com\"},{\"@type\":\"BreadcrumbList\",\"@id\":\"https:\/\/www.blumarturismo.com.br\/blog\/o-que-fazer-em-gramado-no-inverno-descubra-as-atracoes-imperdiveis\/#breadcrumb\",\"itemListElement\":[{\"@type\":\"ListItem\",\"position\":1,\"name\":\"In\u00edcio\",\"item\":\"https:\/\/www.blumarturismo.com.br\/blog\/\"},{\"@type\":\"ListItem\",\"position\":2,\"name\":\"O que fazer em Gramado no inverno: Descubra as atra\u00e7\u00f5es imperd\u00edveis\"}]},{\"@type\":\"WebSite\",\"@id\":\"https:\/\/www.blumarturismo.com.br\/blog\/#website\",\"url\":\"https:\/\/www.blumarturismo.com.br\/blog\/\",\"name\":\"Blog Blumar Turismo: O Seu Portal para Viagens Extraordin\u00e1rias\",\"description\":\"Viajar \u00e9 nossa paix\u00e3o e expertise, e agora compartilhamos isso com voc\u00ea atrav\u00e9s do nosso blog. Com mais de 30 anos de hist\u00f3ria, a Blumar Turismo \u00e9 seu parceiro confi\u00e1vel para aventuras memor\u00e1veis. Explore conosco\",\"publisher\":{\"@id\":\"https:\/\/www.blumarturismo.com.br\/blog\/#organization\"},\"potentialAction\":[{\"@type\":\"SearchAction\",\"target\":{\"@type\":\"EntryPoint\",\"urlTemplate\":\"https:\/\/www.blumarturismo.com.br\/blog\/?s={search_term_string}\"},\"query-input\":{\"@type\":\"PropertyValueSpecification\",\"valueRequired\":true,\"valueName\":\"search_term_string\"}}],\"inLanguage\":\"pt-BR\"},{\"@type\":\"Organization\",\"@id\":\"https:\/\/www.blumarturismo.com.br\/blog\/#organization\",\"name\":\"Blumar Turismo\",\"url\":\"https:\/\/www.blumarturismo.com.br\/blog\/\",\"logo\":{\"@type\":\"ImageObject\",\"inLanguage\":\"pt-BR\",\"@id\":\"https:\/\/www.blumarturismo.com.br\/blog\/#\/schema\/logo\/image\/\",\"url\":\"https:\/\/www.blumarturismo.com.br\/blog\/wp-content\/uploads\/2020\/11\/cropped-logo_blumar_nacional2-2.jpg\",\"contentUrl\":\"https:\/\/www.blumarturismo.com.br\/blog\/wp-content\/uploads\/2020\/11\/cropped-logo_blumar_nacional2-2.jpg\",\"width\":167,\"height\":50,\"caption\":\"Blumar Turismo\"},\"image\":{\"@id\":\"https:\/\/www.blumarturismo.com.br\/blog\/#\/schema\/logo\/image\/\"},\"sameAs\":[\"https:\/\/www.facebook.com\/blumarviagenseturismo\",\"https:\/\/www.instagram.com\/blumarturismo\/\"]},{\"@type\":\"Person\",\"@id\":\"https:\/\/www.blumarturismo.com.br\/blog\/#\/schema\/person\/8c5b522f6a79142bafca484c4604fba7\",\"name\":\"Blumar Turismo\",\"image\":{\"@type\":\"ImageObject\",\"inLanguage\":\"pt-BR\",\"@id\":\"https:\/\/www.blumarturismo.com.br\/blog\/#\/schema\/person\/image\/\",\"url\":\"https:\/\/secure.gravatar.com\/avatar\/18a47e99a2b3ce558e7834aabf1bb475e0ae3a970dea40e74a2d2b71531fbe3b?s=96&d=mm&r=g\",\"contentUrl\":\"https:\/\/secure.gravatar.com\/avatar\/18a47e99a2b3ce558e7834aabf1bb475e0ae3a970dea40e74a2d2b71531fbe3b?s=96&d=mm&r=g\",\"caption\":\"Blumar Turismo\"},\"description\":\"Com uma trajet\u00f3ria consolidada de mais de 30 anos no setor de turismo, a Blumar Turismo se estabeleceu como l\u00edder gra\u00e7as ao seu compromisso cont\u00ednuo com a qualidade e satisfa\u00e7\u00e3o do cliente. Nossa experi\u00eancia traduz-se em viagens que v\u00e3o al\u00e9m da expectativa. Nosso Legado: 1. Expertise e Excel\u00eancia: Com tr\u00eas d\u00e9cadas de dedica\u00e7\u00e3o, aprofundamos nossa expertise para oferecer servi\u00e7os de viagem personalizados e de alto padr\u00e3o. Cada viagem, seja econ\u00f4mica ou de luxo, \u00e9 meticulosamente projetada para garantir experi\u00eancias not\u00e1veis. 2. Vanguarda em Inova\u00e7\u00e3o e Tecnologia: Nossa miss\u00e3o \u00e9 sempre liderar, incorporando as solu\u00e7\u00f5es mais avan\u00e7adas em produtos e tecnologias. A inova\u00e7\u00e3o \u00e9 intr\u00ednseca \u00e0 Blumar, permitindo-nos aprimorar constantemente a experi\u00eancia de viagem de nossos clientes. 3. Nossa Equipe, Nosso Diferencial: O verdadeiro motor da Blumar Turismo \u00e9 nossa equipe de profissionais. Com paix\u00e3o e dedica\u00e7\u00e3o, eles garantem que cada itiner\u00e1rio se transforme em uma experi\u00eancia \u00fanica e memor\u00e1vel. Seu comprometimento \u00e9 o que nos faz ganhar a confian\u00e7a de nossos clientes repetidamente. Na Blumar, n\u00e3o se trata apenas de vender pacotes de viagem, mas de projetar experi\u00eancias. Nossos roteiros prometem criar mem\u00f3rias duradouras, proporcionando viagens ricas em descobertas e emo\u00e7\u00f5es. Cremos que viajar \u00e9 uma forma de enriquecimento pessoal, explorando novas perspectivas e redefinindo-se a cada novo destino. Explore o mundo com a Blumar Turismo e torne sua jornada verdadeiramente extraordin\u00e1ria.\",\"sameAs\":[\"https:\/\/www.facebook.com\/blumarviagenseturismo\",\"https:\/\/www.instagram.com\/blumarturismo\/\",\"https:\/\/www.linkedin.com\/company\/blumar-turismo\/\",\"https:\/\/www.youtube.com\/@BlumarTurismo\"],\"award\":[\"2002 | 7th World Petroleum Congress & Rio Oil & Gas Expo\",\"2003 | 27\u00ba International Congress on Occupational Health - ICOH\",\"2004 | IOF World Congress on Osteoporosis 2004\",\"2005 | XXV Brazilian Congress on Rheumatology\",\"2006 | 3rd World Congress on AIDS\",\"2007 | 66th FIP Congress of Pharmacy and Pharmaceutical Sciences\",\"2008 | 62\u00ba Congresso Brasileiro de Cardiologia\",\"2009 | 3rd World Congress of Pediatric Gastroenterology Hepatology and Nutrition\",\"2010 | Pr\u00eamio Caio da D\u00e9cada - Jacar\u00e9 de Diamante - pelo 3rd World Congress on AIDS\",\"2011 | XIV Congresso SOBRICE\",\"2012 | XVIII Congresso da Sociedade Brasileira de Diabetes\",\"2013 | 67\u00ba Congresso da Sociedade Brasileira de Dermatologia\",\"2016 | Congresso Mundial da Propriedade Intelectual da AIPPI\"],\"knowsAbout\":[\"Turismo de Luxo\",\"Consultoria Personalizada\",\"Opera\u00e7\u00e3o de Programas Tur\u00edsticos Customizados\",\"Tours Variados\",\"Sele\u00e7\u00e3o de Hot\u00e9is e Experi\u00eancias Inesquec\u00edveis\"],\"knowsLanguage\":[\"Ingles\",\"Portugu\u00eas\",\"Espanhol\"],\"jobTitle\":\"Operadora de Turismo e Ag\u00eancia de Viagens\",\"worksFor\":\"Blumar Turismo\",\"url\":\"https:\/\/www.blumarturismo.com.br\/blog\/author\/guilherme\/\"}]}<\/script>\n<!-- \/ Yoast SEO Premium plugin. -->","yoast_head_json":{"title":"O que fazer em Gramado no inverno: Descubra as atra\u00e7\u00f5es imperd\u00edveis - Blog Blumar Turismo: O Seu Portal para Viagens Extraordin\u00e1rias","description":"Venha com a Blumar Turismo descobrir o que fazer em Gramado no inverno. Descubra as atra\u00e7\u00f5es imperd\u00edveis e aproveite!","robots":{"index":"index","follow":"follow","max-snippet":"max-snippet:-1","max-image-preview":"max-image-preview:large","max-video-preview":"max-video-preview:-1"},"canonical":"https:\/\/www.blumarturismo.com.br\/blog\/o-que-fazer-em-gramado-no-inverno-descubra-as-atracoes-imperdiveis\/","og_locale":"pt_BR","og_type":"article","og_title":"O que fazer em Gramado no inverno: Descubra as atra\u00e7\u00f5es imperd\u00edveis","og_description":"Venha com a Blumar Turismo descobrir o que fazer em Gramado no inverno. Descubra as atra\u00e7\u00f5es imperd\u00edveis e aproveite!","og_url":"https:\/\/www.blumarturismo.com.br\/blog\/o-que-fazer-em-gramado-no-inverno-descubra-as-atracoes-imperdiveis\/","og_site_name":"Blog Blumar Turismo: O Seu Portal para Viagens Extraordin\u00e1rias","article_publisher":"https:\/\/www.facebook.com\/blumarviagenseturismo","article_author":"https:\/\/www.facebook.com\/blumarviagenseturismo","article_published_time":"2025-03-17T20:51:20+00:00","article_modified_time":"2025-03-24T12:30:22+00:00","og_image":[{"width":1000,"height":667,"url":"https:\/\/www.blumarturismo.com.br\/blog\/wp-content\/uploads\/2023\/05\/Foto-Diego-Grandi-Shutterstock.com-4.jpg","type":"image\/jpeg"}],"author":"Blumar Turismo","twitter_card":"summary_large_image","twitter_misc":{"Escrito por":"Blumar Turismo","Est. tempo de leitura":"32 minutos"},"schema":{"@context":"https:\/\/schema.org","@graph":[{"@type":"Article","@id":"https:\/\/www.blumarturismo.com.br\/blog\/o-que-fazer-em-gramado-no-inverno-descubra-as-atracoes-imperdiveis\/#article","isPartOf":{"@id":"https:\/\/www.blumarturismo.com.br\/blog\/o-que-fazer-em-gramado-no-inverno-descubra-as-atracoes-imperdiveis\/"},"author":{"name":"Blumar Turismo","@id":"https:\/\/www.blumarturismo.com.br\/blog\/#\/schema\/person\/8c5b522f6a79142bafca484c4604fba7"},"headline":"O que fazer em Gramado no inverno: Descubra as atra\u00e7\u00f5es imperd\u00edveis","datePublished":"2025-03-17T20:51:20+00:00","dateModified":"2025-03-24T12:30:22+00:00","mainEntityOfPage":{"@id":"https:\/\/www.blumarturismo.com.br\/blog\/o-que-fazer-em-gramado-no-inverno-descubra-as-atracoes-imperdiveis\/"},"wordCount":2572,"publisher":{"@id":"https:\/\/www.blumarturismo.com.br\/blog\/#organization"},"image":{"@id":"https:\/\/www.blumarturismo.com.br\/blog\/o-que-fazer-em-gramado-no-inverno-descubra-as-atracoes-imperdiveis\/#primaryimage"},"thumbnailUrl":"https:\/\/www.blumarturismo.com.br\/blog\/wp-content\/uploads\/2023\/05\/Foto-Diego-Grandi-Shutterstock.com-4.jpg","articleSection":["Destinos Nacionais","Dicas de Viagem"],"inLanguage":"pt-BR"},{"@type":"WebPage","@id":"https:\/\/www.blumarturismo.com.br\/blog\/o-que-fazer-em-gramado-no-inverno-descubra-as-atracoes-imperdiveis\/","url":"https:\/\/www.blumarturismo.com.br\/blog\/o-que-fazer-em-gramado-no-inverno-descubra-as-atracoes-imperdiveis\/","name":"O que fazer em Gramado no inverno: Descubra as atra\u00e7\u00f5es imperd\u00edveis - Blog Blumar Turismo: O Seu Portal para Viagens Extraordin\u00e1rias","isPartOf":{"@id":"https:\/\/www.blumarturismo.com.br\/blog\/#website"},"primaryImageOfPage":{"@id":"https:\/\/www.blumarturismo.com.br\/blog\/o-que-fazer-em-gramado-no-inverno-descubra-as-atracoes-imperdiveis\/#primaryimage"},"image":{"@id":"https:\/\/www.blumarturismo.com.br\/blog\/o-que-fazer-em-gramado-no-inverno-descubra-as-atracoes-imperdiveis\/#primaryimage"},"thumbnailUrl":"https:\/\/www.blumarturismo.com.br\/blog\/wp-content\/uploads\/2023\/05\/Foto-Diego-Grandi-Shutterstock.com-4.jpg","datePublished":"2025-03-17T20:51:20+00:00","dateModified":"2025-03-24T12:30:22+00:00","description":"Venha com a Blumar Turismo descobrir o que fazer em Gramado no inverno. Descubra as atra\u00e7\u00f5es imperd\u00edveis e aproveite!","breadcrumb":{"@id":"https:\/\/www.blumarturismo.com.br\/blog\/o-que-fazer-em-gramado-no-inverno-descubra-as-atracoes-imperdiveis\/#breadcrumb"},"inLanguage":"pt-BR","potentialAction":[{"@type":"ReadAction","target":["https:\/\/www.blumarturismo.com.br\/blog\/o-que-fazer-em-gramado-no-inverno-descubra-as-atracoes-imperdiveis\/"]}]},{"@type":"ImageObject","inLanguage":"pt-BR","@id":"https:\/\/www.blumarturismo.com.br\/blog\/o-que-fazer-em-gramado-no-inverno-descubra-as-atracoes-imperdiveis\/#primaryimage","url":"https:\/\/www.blumarturismo.com.br\/blog\/wp-content\/uploads\/2023\/05\/Foto-Diego-Grandi-Shutterstock.com-4.jpg","contentUrl":"https:\/\/www.blumarturismo.com.br\/blog\/wp-content\/uploads\/2023\/05\/Foto-Diego-Grandi-Shutterstock.com-4.jpg","width":1000,"height":667,"caption":"Foto: Diego Grandi \/ Shutterstock.com"},{"@type":"BreadcrumbList","@id":"https:\/\/www.blumarturismo.com.br\/blog\/o-que-fazer-em-gramado-no-inverno-descubra-as-atracoes-imperdiveis\/#breadcrumb","itemListElement":[{"@type":"ListItem","position":1,"name":"In\u00edcio","item":"https:\/\/www.blumarturismo.com.br\/blog\/"},{"@type":"ListItem","position":2,"name":"O que fazer em Gramado no inverno: Descubra as atra\u00e7\u00f5es imperd\u00edveis"}]},{"@type":"WebSite","@id":"https:\/\/www.blumarturismo.com.br\/blog\/#website","url":"https:\/\/www.blumarturismo.com.br\/blog\/","name":"Blog Blumar Turismo: O Seu Portal para Viagens Extraordin\u00e1rias","description":"Viajar \u00e9 nossa paix\u00e3o e expertise, e agora compartilhamos isso com voc\u00ea atrav\u00e9s do nosso blog. Com mais de 30 anos de hist\u00f3ria, a Blumar Turismo \u00e9 seu parceiro confi\u00e1vel para aventuras memor\u00e1veis. Explore conosco","publisher":{"@id":"https:\/\/www.blumarturismo.com.br\/blog\/#organization"},"potentialAction":[{"@type":"SearchAction","target":{"@type":"EntryPoint","urlTemplate":"https:\/\/www.blumarturismo.com.br\/blog\/?s={search_term_string}"},"query-input":{"@type":"PropertyValueSpecification","valueRequired":true,"valueName":"search_term_string"}}],"inLanguage":"pt-BR"},{"@type":"Organization","@id":"https:\/\/www.blumarturismo.com.br\/blog\/#organization","name":"Blumar Turismo","url":"https:\/\/www.blumarturismo.com.br\/blog\/","logo":{"@type":"ImageObject","inLanguage":"pt-BR","@id":"https:\/\/www.blumarturismo.com.br\/blog\/#\/schema\/logo\/image\/","url":"https:\/\/www.blumarturismo.com.br\/blog\/wp-content\/uploads\/2020\/11\/cropped-logo_blumar_nacional2-2.jpg","contentUrl":"https:\/\/www.blumarturismo.com.br\/blog\/wp-content\/uploads\/2020\/11\/cropped-logo_blumar_nacional2-2.jpg","width":167,"height":50,"caption":"Blumar Turismo"},"image":{"@id":"https:\/\/www.blumarturismo.com.br\/blog\/#\/schema\/logo\/image\/"},"sameAs":["https:\/\/www.facebook.com\/blumarviagenseturismo","https:\/\/www.instagram.com\/blumarturismo\/"]},{"@type":"Person","@id":"https:\/\/www.blumarturismo.com.br\/blog\/#\/schema\/person\/8c5b522f6a79142bafca484c4604fba7","name":"Blumar Turismo","image":{"@type":"ImageObject","inLanguage":"pt-BR","@id":"https:\/\/www.blumarturismo.com.br\/blog\/#\/schema\/person\/image\/","url":"https:\/\/secure.gravatar.com\/avatar\/18a47e99a2b3ce558e7834aabf1bb475e0ae3a970dea40e74a2d2b71531fbe3b?s=96&d=mm&r=g","contentUrl":"https:\/\/secure.gravatar.com\/avatar\/18a47e99a2b3ce558e7834aabf1bb475e0ae3a970dea40e74a2d2b71531fbe3b?s=96&d=mm&r=g","caption":"Blumar Turismo"},"description":"Com uma trajet\u00f3ria consolidada de mais de 30 anos no setor de turismo, a Blumar Turismo se estabeleceu como l\u00edder gra\u00e7as ao seu compromisso cont\u00ednuo com a qualidade e satisfa\u00e7\u00e3o do cliente. Nossa experi\u00eancia traduz-se em viagens que v\u00e3o al\u00e9m da expectativa. Nosso Legado: 1. Expertise e Excel\u00eancia: Com tr\u00eas d\u00e9cadas de dedica\u00e7\u00e3o, aprofundamos nossa expertise para oferecer servi\u00e7os de viagem personalizados e de alto padr\u00e3o. Cada viagem, seja econ\u00f4mica ou de luxo, \u00e9 meticulosamente projetada para garantir experi\u00eancias not\u00e1veis. 2. Vanguarda em Inova\u00e7\u00e3o e Tecnologia: Nossa miss\u00e3o \u00e9 sempre liderar, incorporando as solu\u00e7\u00f5es mais avan\u00e7adas em produtos e tecnologias. A inova\u00e7\u00e3o \u00e9 intr\u00ednseca \u00e0 Blumar, permitindo-nos aprimorar constantemente a experi\u00eancia de viagem de nossos clientes. 3. Nossa Equipe, Nosso Diferencial: O verdadeiro motor da Blumar Turismo \u00e9 nossa equipe de profissionais. Com paix\u00e3o e dedica\u00e7\u00e3o, eles garantem que cada itiner\u00e1rio se transforme em uma experi\u00eancia \u00fanica e memor\u00e1vel. Seu comprometimento \u00e9 o que nos faz ganhar a confian\u00e7a de nossos clientes repetidamente. Na Blumar, n\u00e3o se trata apenas de vender pacotes de viagem, mas de projetar experi\u00eancias. Nossos roteiros prometem criar mem\u00f3rias duradouras, proporcionando viagens ricas em descobertas e emo\u00e7\u00f5es. Cremos que viajar \u00e9 uma forma de enriquecimento pessoal, explorando novas perspectivas e redefinindo-se a cada novo destino. Explore o mundo com a Blumar Turismo e torne sua jornada verdadeiramente extraordin\u00e1ria.","sameAs":["https:\/\/www.facebook.com\/blumarviagenseturismo","https:\/\/www.instagram.com\/blumarturismo\/","https:\/\/www.linkedin.com\/company\/blumar-turismo\/","https:\/\/www.youtube.com\/@BlumarTurismo"],"award":["2002 | 7th World Petroleum Congress & Rio Oil & Gas Expo","2003 | 27\u00ba International Congress on Occupational Health - ICOH","2004 | IOF World Congress on Osteoporosis 2004","2005 | XXV Brazilian Congress on Rheumatology","2006 | 3rd World Congress on AIDS","2007 | 66th FIP Congress of Pharmacy and Pharmaceutical Sciences","2008 | 62\u00ba Congresso Brasileiro de Cardiologia","2009 | 3rd World Congress of Pediatric Gastroenterology Hepatology and Nutrition","2010 | Pr\u00eamio Caio da D\u00e9cada - Jacar\u00e9 de Diamante - pelo 3rd World Congress on AIDS","2011 | XIV Congresso SOBRICE","2012 | XVIII Congresso da Sociedade Brasileira de Diabetes","2013 | 67\u00ba Congresso da Sociedade Brasileira de Dermatologia","2016 | Congresso Mundial da Propriedade Intelectual da AIPPI"],"knowsAbout":["Turismo de Luxo","Consultoria Personalizada","Opera\u00e7\u00e3o de Programas Tur\u00edsticos Customizados","Tours Variados","Sele\u00e7\u00e3o de Hot\u00e9is e Experi\u00eancias Inesquec\u00edveis"],"knowsLanguage":["Ingles","Portugu\u00eas","Espanhol"],"jobTitle":"Operadora de Turismo e Ag\u00eancia de Viagens","worksFor":"Blumar Turismo","url":"https:\/\/www.blumarturismo.com.br\/blog\/author\/guilherme\/"}]}},"_links":{"self":[{"href":"https:\/\/www.blumarturismo.com.br\/blog\/wp-json\/wp\/v2\/posts\/27937","targetHints":{"allow":["GET"]}}],"collection":[{"href":"https:\/\/www.blumarturismo.com.br\/blog\/wp-json\/wp\/v2\/posts"}],"about":[{"href":"https:\/\/www.blumarturismo.com.br\/blog\/wp-json\/wp\/v2\/types\/post"}],"author":[{"embeddable":true,"href":"https:\/\/www.blumarturismo.com.br\/blog\/wp-json\/wp\/v2\/users\/10"}],"replies":[{"embeddable":true,"href":"https:\/\/www.blumarturismo.com.br\/blog\/wp-json\/wp\/v2\/comments?post=27937"}],"version-history":[{"count":50,"href":"https:\/\/www.blumarturismo.com.br\/blog\/wp-json\/wp\/v2\/posts\/27937\/revisions"}],"predecessor-version":[{"id":68738,"href":"https:\/\/www.blumarturismo.com.br\/blog\/wp-json\/wp\/v2\/posts\/27937\/revisions\/68738"}],"wp:featuredmedia":[{"embeddable":true,"href":"https:\/\/www.blumarturismo.com.br\/blog\/wp-json\/wp\/v2\/media\/68465"}],"wp:attachment":[{"href":"https:\/\/www.blumarturismo.com.br\/blog\/wp-json\/wp\/v2\/media?parent=27937"}],"wp:term":[{"taxonomy":"category","embeddable":true,"href":"https:\/\/www.blumarturismo.com.br\/blog\/wp-json\/wp\/v2\/categories?post=27937"},{"taxonomy":"post_tag","embeddable":true,"href":"https:\/\/www.blumarturismo.com.br\/blog\/wp-json\/wp\/v2\/tags?post=27937"}],"curies":[{"name":"wp","href":"https:\/\/api.w.org\/{rel}","templated":true}]}}