{"id":28369,"date":"2024-10-21T10:17:07","date_gmt":"2024-10-21T13:17:07","guid":{"rendered":"https:\/\/www.blumarturismo.com.br\/blog\/?p=28369"},"modified":"2025-02-27T17:06:19","modified_gmt":"2025-02-27T20:06:19","slug":"o-que-levar-na-mala-para-gramado-dicas-essenciais-para-a-sua-viagem","status":"publish","type":"post","link":"https:\/\/www.blumarturismo.com.br\/blog\/o-que-levar-na-mala-para-gramado-dicas-essenciais-para-a-sua-viagem\/","title":{"rendered":"O que levar na mala para Gramado: Dicas essenciais para a sua viagem"},"content":{"rendered":"\t\t<div data-elementor-type=\"wp-post\" data-elementor-id=\"28369\" class=\"elementor elementor-28369\" data-elementor-post-type=\"post\">\n\t\t\t\t\t\t\t<div class=\"elementor-element elementor-element-e53f451 e-flex e-con-boxed e-con e-parent\" data-id=\"e53f451\" data-element_type=\"container\" data-settings=\"{&quot;content_width&quot;:&quot;boxed&quot;}\" data-core-v316-plus=\"true\">\n\t\t\t\t\t<div class=\"e-con-inner\">\n\t\t\t\t<div class=\"elementor-element elementor-element-5e8298b elementor-widget elementor-widget-text-editor\" data-id=\"5e8298b\" data-element_type=\"widget\" data-widget_type=\"text-editor.default\">\n\t\t\t\t<div class=\"elementor-widget-container\">\n\t\t\t<style>\/*! elementor - v3.16.0 - 13-09-2023 *\/\n.elementor-widget-text-editor.elementor-drop-cap-view-stacked .elementor-drop-cap{background-color:#69727d;color:#fff}.elementor-widget-text-editor.elementor-drop-cap-view-framed .elementor-drop-cap{color:#69727d;border:3px solid;background-color:transparent}.elementor-widget-text-editor:not(.elementor-drop-cap-view-default) .elementor-drop-cap{margin-top:8px}.elementor-widget-text-editor:not(.elementor-drop-cap-view-default) .elementor-drop-cap-letter{width:1em;height:1em}.elementor-widget-text-editor .elementor-drop-cap{float:left;text-align:center;line-height:1;font-size:50px}.elementor-widget-text-editor .elementor-drop-cap-letter{display:inline-block}<\/style>\t\t\t\t<p data-pm-slice=\"1 1 []\">Se est\u00e1 a planear uma viagem para <strong><a href=\"https:\/\/ofertas.blumarturismo.com.br\/gramado\">Gramado<\/a><\/strong>, saber o que levar na mala \u00e9 crucial para que a sua experi\u00eancia seja a melhor poss\u00edvel. Neste artigo, vamos gui\u00e1-lo passo a passo sobre o que deve levar na sua mala quando viaja para esta linda cidade localizada na serra ga\u00facha.<\/p>\t\t\t\t\t\t<\/div>\n\t\t\t\t<\/div>\n\t\t\t\t<div class=\"elementor-element elementor-element-6a49f35 elementor-widget elementor-widget-heading\" data-id=\"6a49f35\" data-element_type=\"widget\" data-widget_type=\"heading.default\">\n\t\t\t\t<div class=\"elementor-widget-container\">\n\t\t\t<style>\/*! elementor - v3.16.0 - 13-09-2023 *\/\n.elementor-heading-title{padding:0;margin:0;line-height:1}.elementor-widget-heading .elementor-heading-title[class*=elementor-size-]>a{color:inherit;font-size:inherit;line-height:inherit}.elementor-widget-heading .elementor-heading-title.elementor-size-small{font-size:15px}.elementor-widget-heading .elementor-heading-title.elementor-size-medium{font-size:19px}.elementor-widget-heading .elementor-heading-title.elementor-size-large{font-size:29px}.elementor-widget-heading .elementor-heading-title.elementor-size-xl{font-size:39px}.elementor-widget-heading .elementor-heading-title.elementor-size-xxl{font-size:59px}<\/style><h2 class=\"elementor-heading-title elementor-size-large\">1. Roupas adequadas para o clima de Gramado<\/h2>\t\t<\/div>\n\t\t\t\t<\/div>\n\t\t\t\t<div class=\"elementor-element elementor-element-598bd52 elementor-widget elementor-widget-text-editor\" data-id=\"598bd52\" data-element_type=\"widget\" data-widget_type=\"text-editor.default\">\n\t\t\t\t<div class=\"elementor-widget-container\">\n\t\t\t\t\t\t\t<p data-pm-slice=\"1 3 []\"><strong><a href=\"https:\/\/ofertas.blumarturismo.com.br\/gramado\">Gramado<\/a><\/strong> \u00e9 conhecido pelo seu clima fresco e vari\u00e1vel. Dependendo da \u00e9poca do ano, as temperaturas podem variar bastante, por isso \u00e9 importante estar preparado.<\/p><p><span style=\"text-decoration: underline;\"><strong>Ver\u00e3o<\/strong><\/span><\/p><p>Durante o ver\u00e3o, as temperaturas em Gramado podem chegar at\u00e9 os 30 graus durante o dia, mas \u00e0 noite a temperatura pode cair consideravelmente. Por isso, sugerimos que leve na sua mala:<\/p><ul class=\"ak-ul\"><li><p><strong>Roupas leves e confort\u00e1veis:<\/strong> T-shirts, cal\u00e7\u00f5es e vestidos s\u00e3o uma boa op\u00e7\u00e3o para os dias mais quentes.<\/p><\/li><li><p><strong>Uma jaqueta ou su\u00e9ter leve:<\/strong> As noites podem ser frescas, ent\u00e3o \u00e9 sempre bom ter algo para vestir quando a temperatura cai.<\/p><\/li><\/ul><p><span style=\"text-decoration: underline;\"><strong>Inverno<\/strong><\/span><\/p><p>No inverno, as temperaturas em Gramado podem cair abaixo de zero, e \u00e9 muito comum haver neve. Para esta \u00e9poca do ano, recomendamos que traga na sua mala:<\/p><ul class=\"ak-ul\"><li><p><strong>Roupas quentes:<\/strong> Casacos, su\u00e9teres, cal\u00e7as e meias de l\u00e3 ser\u00e3o seus melhores aliados.<\/p><\/li><li><p><strong>Acess\u00f3rios de inverno:<\/strong> N\u00e3o se esque\u00e7a de luvas, gorros e cachec\u00f3is.<\/p><\/li><\/ul>\t\t\t\t\t\t<\/div>\n\t\t\t\t<\/div>\n\t\t\t\t<div class=\"elementor-element elementor-element-d83e1e3 elementor-widget elementor-widget-heading\" data-id=\"d83e1e3\" data-element_type=\"widget\" data-widget_type=\"heading.default\">\n\t\t\t\t<div class=\"elementor-widget-container\">\n\t\t\t<h2 class=\"elementor-heading-title elementor-size-large\">2. Cal\u00e7ado adequado<\/h2>\t\t<\/div>\n\t\t\t\t<\/div>\n\t\t\t\t<div class=\"elementor-element elementor-element-b3108f6 elementor-widget elementor-widget-text-editor\" data-id=\"b3108f6\" data-element_type=\"widget\" data-widget_type=\"text-editor.default\">\n\t\t\t\t<div class=\"elementor-widget-container\">\n\t\t\t\t\t\t\t<p data-pm-slice=\"1 3 []\">Independentemente da \u00e9poca do ano, \u00e9 essencial levar o cal\u00e7ado adequado para a sua viagem a <strong><a href=\"https:\/\/ofertas.blumarturismo.com.br\/gramado\">Gramado<\/a><\/strong>.<\/p><ul class=\"ak-ul\"><li><p><strong>Cal\u00e7ado confort\u00e1vel:<\/strong> Gramado \u00e9 uma cidade para ser explorada a p\u00e9, por isso, \u00e9 importante trazer sapatos confort\u00e1veis.<\/p><\/li><li><p><strong>Botas de inverno:<\/strong> Se est\u00e1 planeando a sua viagem para o inverno, lembre-se de trazer botas adequadas para a neve.<\/p><\/li><\/ul>\t\t\t\t\t\t<\/div>\n\t\t\t\t<\/div>\n\t\t\t\t<div class=\"elementor-element elementor-element-23b51bc elementor-widget elementor-widget-heading\" data-id=\"23b51bc\" data-element_type=\"widget\" data-widget_type=\"heading.default\">\n\t\t\t\t<div class=\"elementor-widget-container\">\n\t\t\t<h2 class=\"elementor-heading-title elementor-size-large\">3. Equipamento para passeios tur\u00edsticos<\/h2>\t\t<\/div>\n\t\t\t\t<\/div>\n\t\t\t\t<div class=\"elementor-element elementor-element-d0ff1e8 elementor-widget elementor-widget-text-editor\" data-id=\"d0ff1e8\" data-element_type=\"widget\" data-widget_type=\"text-editor.default\">\n\t\t\t\t<div class=\"elementor-widget-container\">\n\t\t\t\t\t\t\t<p data-pm-slice=\"1 3 []\"><strong><a href=\"https:\/\/ofertas.blumarturismo.com.br\/gramado\">Gramado<\/a> <\/strong>\u00e9 uma cidade rica em atra\u00e7\u00f5es tur\u00edsticas, por isso sugerimos que leve na sua mala alguns itens que possam ajud\u00e1-lo a aproveitar ao m\u00e1ximo a sua visita.<\/p><ul class=\"ak-ul\"><li><p><strong>C\u00e2mera:<\/strong> Gramado \u00e9 uma cidade muito fotog\u00eanica, por isso traga a sua c\u00e2mera para capturar as belas paisagens.<\/p><\/li><li><p><strong>Guarda-chuva ou capa de chuva:<\/strong> O tempo em Gramado pode ser bastante imprevis\u00edvel, por isso \u00e9 bom estar preparado para a chuva.<\/p><\/li><\/ul>\t\t\t\t\t\t<\/div>\n\t\t\t\t<\/div>\n\t\t\t\t<div class=\"elementor-element elementor-element-f9d3cfd elementor-widget elementor-widget-heading\" data-id=\"f9d3cfd\" data-element_type=\"widget\" data-widget_type=\"heading.default\">\n\t\t\t\t<div class=\"elementor-widget-container\">\n\t\t\t<h2 class=\"elementor-heading-title elementor-size-large\">4. Artigos de higiene pessoal<\/h2>\t\t<\/div>\n\t\t\t\t<\/div>\n\t\t\t\t<div class=\"elementor-element elementor-element-2c976b0 elementor-widget elementor-widget-text-editor\" data-id=\"2c976b0\" data-element_type=\"widget\" data-widget_type=\"text-editor.default\">\n\t\t\t\t<div class=\"elementor-widget-container\">\n\t\t\t\t\t\t\t<p data-pm-slice=\"1 1 []\">Embora a maioria dos hot\u00e9is forne\u00e7a artigos de higiene b\u00e1sicos, \u00e9 sempre uma boa ideia trazer os seus pr\u00f3prios.<\/p><ul class=\"ak-ul\"><li><p><strong>Produtos de higiene pessoal:<\/strong> N\u00e3o se esque\u00e7a de trazer pasta de dentes, escova de dentes, shampoo, condicionador e sabonete.<\/p><\/li><li><p><strong>Medicamentos:<\/strong> Se estiver tomando algum medicamento, n\u00e3o se esque\u00e7a de traz\u00ea-lo.<\/p><\/li><\/ul><p>Em resumo, saber <strong>o que levar na mala para Gramado<\/strong> pode transformar a sua viagem numa experi\u00eancia agrad\u00e1vel e sem stress. Esperamos que este artigo o ajude a preparar a sua mala para a sua pr\u00f3xima viagem a <strong><a href=\"https:\/\/ofertas.blumarturismo.com.br\/gramado\">Gramado<\/a><\/strong>.<\/p>\t\t\t\t\t\t<\/div>\n\t\t\t\t<\/div>\n\t\t\t\t<div class=\"elementor-element elementor-element-ccf3fca elementor-widget-divider--view-line elementor-widget elementor-widget-divider\" data-id=\"ccf3fca\" data-element_type=\"widget\" data-widget_type=\"divider.default\">\n\t\t\t\t<div class=\"elementor-widget-container\">\n\t\t\t<style>\/*! elementor - v3.16.0 - 13-09-2023 *\/\n.elementor-widget-divider{--divider-border-style:none;--divider-border-width:1px;--divider-color:#0c0d0e;--divider-icon-size:20px;--divider-element-spacing:10px;--divider-pattern-height:24px;--divider-pattern-size:20px;--divider-pattern-url:none;--divider-pattern-repeat:repeat-x}.elementor-widget-divider .elementor-divider{display:flex}.elementor-widget-divider .elementor-divider__text{font-size:15px;line-height:1;max-width:95%}.elementor-widget-divider .elementor-divider__element{margin:0 var(--divider-element-spacing);flex-shrink:0}.elementor-widget-divider .elementor-icon{font-size:var(--divider-icon-size)}.elementor-widget-divider .elementor-divider-separator{display:flex;margin:0;direction:ltr}.elementor-widget-divider--view-line_icon .elementor-divider-separator,.elementor-widget-divider--view-line_text .elementor-divider-separator{align-items:center}.elementor-widget-divider--view-line_icon .elementor-divider-separator:after,.elementor-widget-divider--view-line_icon .elementor-divider-separator:before,.elementor-widget-divider--view-line_text .elementor-divider-separator:after,.elementor-widget-divider--view-line_text .elementor-divider-separator:before{display:block;content:\"\";border-bottom:0;flex-grow:1;border-top:var(--divider-border-width) var(--divider-border-style) var(--divider-color)}.elementor-widget-divider--element-align-left .elementor-divider .elementor-divider-separator>.elementor-divider__svg:first-of-type{flex-grow:0;flex-shrink:100}.elementor-widget-divider--element-align-left .elementor-divider-separator:before{content:none}.elementor-widget-divider--element-align-left .elementor-divider__element{margin-left:0}.elementor-widget-divider--element-align-right .elementor-divider .elementor-divider-separator>.elementor-divider__svg:last-of-type{flex-grow:0;flex-shrink:100}.elementor-widget-divider--element-align-right .elementor-divider-separator:after{content:none}.elementor-widget-divider--element-align-right .elementor-divider__element{margin-right:0}.elementor-widget-divider:not(.elementor-widget-divider--view-line_text):not(.elementor-widget-divider--view-line_icon) .elementor-divider-separator{border-top:var(--divider-border-width) var(--divider-border-style) var(--divider-color)}.elementor-widget-divider--separator-type-pattern{--divider-border-style:none}.elementor-widget-divider--separator-type-pattern.elementor-widget-divider--view-line .elementor-divider-separator,.elementor-widget-divider--separator-type-pattern:not(.elementor-widget-divider--view-line) .elementor-divider-separator:after,.elementor-widget-divider--separator-type-pattern:not(.elementor-widget-divider--view-line) .elementor-divider-separator:before,.elementor-widget-divider--separator-type-pattern:not([class*=elementor-widget-divider--view]) .elementor-divider-separator{width:100%;min-height:var(--divider-pattern-height);-webkit-mask-size:var(--divider-pattern-size) 100%;mask-size:var(--divider-pattern-size) 100%;-webkit-mask-repeat:var(--divider-pattern-repeat);mask-repeat:var(--divider-pattern-repeat);background-color:var(--divider-color);-webkit-mask-image:var(--divider-pattern-url);mask-image:var(--divider-pattern-url)}.elementor-widget-divider--no-spacing{--divider-pattern-size:auto}.elementor-widget-divider--bg-round{--divider-pattern-repeat:round}.rtl .elementor-widget-divider .elementor-divider__text{direction:rtl}.e-con-inner>.elementor-widget-divider,.e-con>.elementor-widget-divider{width:var(--container-widget-width,100%);--flex-grow:var(--container-widget-flex-grow)}<\/style>\t\t<div class=\"elementor-divider\">\n\t\t\t<span class=\"elementor-divider-separator\">\n\t\t\t\t\t\t<\/span>\n\t\t<\/div>\n\t\t\t\t<\/div>\n\t\t\t\t<\/div>\n\t\t\t\t<div class=\"elementor-element elementor-element-baaa517 elementor-widget elementor-widget-heading\" data-id=\"baaa517\" data-element_type=\"widget\" data-widget_type=\"heading.default\">\n\t\t\t\t<div class=\"elementor-widget-container\">\n\t\t\t<h2 class=\"elementor-heading-title elementor-size-default\">Hot\u00e9is recomendados pela Blumar em Gramado<\/h2>\t\t<\/div>\n\t\t\t\t<\/div>\n\t\t\t\t<div class=\"elementor-element elementor-element-7097280 elementor-widget elementor-widget-image\" data-id=\"7097280\" data-element_type=\"widget\" data-widget_type=\"image.default\">\n\t\t\t\t<div class=\"elementor-widget-container\">\n\t\t\t<style>\/*! elementor - v3.16.0 - 13-09-2023 *\/\n.elementor-widget-image{text-align:center}.elementor-widget-image a{display:inline-block}.elementor-widget-image a img[src$=\".svg\"]{width:48px}.elementor-widget-image img{vertical-align:middle;display:inline-block}<\/style>\t\t\t\t\t\t\t\t\t<figure class=\"wp-caption\">\n\t\t\t\t\t\t\t\t\t\t<img loading=\"lazy\" decoding=\"async\" width=\"840\" height=\"560\" src=\"https:\/\/www.blumarturismo.com.br\/blog\/wp-content\/uploads\/2023\/05\/pool_grd.jpg\" class=\"attachment-large size-large wp-image-63593\" alt=\"Foto: Divulga\u00e7\u00e3o \/ Wish Serrano Resort\" srcset=\"https:\/\/www.blumarturismo.com.br\/blog\/wp-content\/uploads\/2023\/05\/pool_grd.jpg 840w, https:\/\/www.blumarturismo.com.br\/blog\/wp-content\/uploads\/2023\/05\/pool_grd-300x200.jpg 300w, https:\/\/www.blumarturismo.com.br\/blog\/wp-content\/uploads\/2023\/05\/pool_grd-768x512.jpg 768w\" sizes=\"auto, (max-width: 840px) 100vw, 840px\" \/>\t\t\t\t\t\t\t\t\t\t\t<figcaption class=\"widget-image-caption wp-caption-text\">Foto: Divulga\u00e7\u00e3o \/ Wish Serrano Resort<\/figcaption>\n\t\t\t\t\t\t\t\t\t\t<\/figure>\n\t\t\t\t\t\t\t\t\t<\/div>\n\t\t\t\t<\/div>\n\t\t\t\t\t<\/div>\n\t\t\t\t<\/div>\n\t\t<div class=\"elementor-element elementor-element-147991c e-flex e-con-boxed e-con e-parent\" data-id=\"147991c\" data-element_type=\"container\" data-settings=\"{&quot;content_width&quot;:&quot;boxed&quot;}\" data-core-v316-plus=\"true\">\n\t\t\t\t\t<div class=\"e-con-inner\">\n\t\t<div class=\"elementor-element elementor-element-4b27f3a e-con-full e-flex e-con e-child\" data-id=\"4b27f3a\" data-element_type=\"container\" data-settings=\"{&quot;content_width&quot;:&quot;full&quot;}\">\n\t\t\t\t<div class=\"elementor-element elementor-element-8d1f047 elementor-widget elementor-widget-heading\" data-id=\"8d1f047\" data-element_type=\"widget\" data-widget_type=\"heading.default\">\n\t\t\t\t<div class=\"elementor-widget-container\">\n\t\t\t<h3 class=\"elementor-heading-title elementor-size-medium\">Estalagem St. Hubertus\u2b50\u2b50\u2b50\u2b50\u2b50<\/h3>\t\t<\/div>\n\t\t\t\t<\/div>\n\t\t\t\t<div class=\"elementor-element elementor-element-c772df8 elementor-widget elementor-widget-image\" data-id=\"c772df8\" data-element_type=\"widget\" data-widget_type=\"image.default\">\n\t\t\t\t<div class=\"elementor-widget-container\">\n\t\t\t\t\t\t\t\t\t\t\t\t<figure class=\"wp-caption\">\n\t\t\t\t\t\t\t\t\t\t<img loading=\"lazy\" decoding=\"async\" width=\"1024\" height=\"681\" src=\"https:\/\/www.blumarturismo.com.br\/blog\/wp-content\/uploads\/2023\/05\/480878739.jpg\" class=\"attachment-large size-large wp-image-63591\" alt=\"Foto: Divulga\u00e7\u00e3o \/ Estalagem St. Hubertus\" srcset=\"https:\/\/www.blumarturismo.com.br\/blog\/wp-content\/uploads\/2023\/05\/480878739.jpg 1024w, https:\/\/www.blumarturismo.com.br\/blog\/wp-content\/uploads\/2023\/05\/480878739-300x200.jpg 300w, https:\/\/www.blumarturismo.com.br\/blog\/wp-content\/uploads\/2023\/05\/480878739-768x511.jpg 768w\" sizes=\"auto, (max-width: 1024px) 100vw, 1024px\" \/>\t\t\t\t\t\t\t\t\t\t\t<figcaption class=\"widget-image-caption wp-caption-text\">Foto: Divulga\u00e7\u00e3o \/ Estalagem St. Hubertus<\/figcaption>\n\t\t\t\t\t\t\t\t\t\t<\/figure>\n\t\t\t\t\t\t\t\t\t<\/div>\n\t\t\t\t<\/div>\n\t\t\t\t<div class=\"elementor-element elementor-element-29ce9cc elementor-widget elementor-widget-text-editor\" data-id=\"29ce9cc\" data-element_type=\"widget\" data-widget_type=\"text-editor.default\">\n\t\t\t\t<div class=\"elementor-widget-container\">\n\t\t\t\t\t\t\t<p>Desfrute o requinte e a exclusividade do St. Hubertus, o primeiro hotel do Rio Grande do Sul a fazer parte da badalada Associa\u00e7\u00e3o de Hot\u00e9is Roteiros do Charme, garantia de autenticidade, conforto e localiza\u00e7\u00e3o privilegiada.<\/p>\t\t\t\t\t\t<\/div>\n\t\t\t\t<\/div>\n\t\t\t\t<div class=\"elementor-element elementor-element-35152bb elementor-align-center elementor-widget elementor-widget-button\" data-id=\"35152bb\" data-element_type=\"widget\" data-widget_type=\"button.default\">\n\t\t\t\t<div class=\"elementor-widget-container\">\n\t\t\t\t\t<div class=\"elementor-button-wrapper\">\n\t\t\t<a class=\"elementor-button elementor-button-link elementor-size-md\" href=\"https:\/\/www.blumarturismo.com.br\/pagina_do_hotel.php?nome=Estalagem%20St.%20Hubertus&#038;id=GOR4\">\n\t\t\t\t\t\t<span class=\"elementor-button-content-wrapper\">\n\t\t\t\t\t\t<span class=\"elementor-button-text\">Saiba mais<\/span>\n\t\t<\/span>\n\t\t\t\t\t<\/a>\n\t\t<\/div>\n\t\t\t\t<\/div>\n\t\t\t\t<\/div>\n\t\t\t\t<\/div>\n\t\t<div class=\"elementor-element elementor-element-0b55579 e-con-full e-flex e-con e-child\" data-id=\"0b55579\" data-element_type=\"container\" data-settings=\"{&quot;content_width&quot;:&quot;full&quot;}\">\n\t\t\t\t<div class=\"elementor-element elementor-element-427a0b7 elementor-widget elementor-widget-heading\" data-id=\"427a0b7\" data-element_type=\"widget\" data-widget_type=\"heading.default\">\n\t\t\t\t<div class=\"elementor-widget-container\">\n\t\t\t<h3 class=\"elementor-heading-title elementor-size-medium\">Wish Serrano Resort\u2b50\u2b50\u2b50\u2b50\u2b50<\/h3>\t\t<\/div>\n\t\t\t\t<\/div>\n\t\t\t\t<div class=\"elementor-element elementor-element-1b0c5ca elementor-widget elementor-widget-image\" data-id=\"1b0c5ca\" data-element_type=\"widget\" data-widget_type=\"image.default\">\n\t\t\t\t<div class=\"elementor-widget-container\">\n\t\t\t\t\t\t\t\t\t\t\t\t<figure class=\"wp-caption\">\n\t\t\t\t\t\t\t\t\t\t<img loading=\"lazy\" decoding=\"async\" width=\"1024\" height=\"683\" src=\"https:\/\/www.blumarturismo.com.br\/blog\/wp-content\/uploads\/2023\/05\/194489882-1024x683.jpg\" class=\"attachment-large size-large wp-image-63592\" alt=\"Foto: Divulga\u00e7\u00e3o \/ Wish Serrano Resort\" srcset=\"https:\/\/www.blumarturismo.com.br\/blog\/wp-content\/uploads\/2023\/05\/194489882-1024x683.jpg 1024w, https:\/\/www.blumarturismo.com.br\/blog\/wp-content\/uploads\/2023\/05\/194489882-300x200.jpg 300w, https:\/\/www.blumarturismo.com.br\/blog\/wp-content\/uploads\/2023\/05\/194489882-768x512.jpg 768w, https:\/\/www.blumarturismo.com.br\/blog\/wp-content\/uploads\/2023\/05\/194489882.jpg 1280w\" sizes=\"auto, (max-width: 1024px) 100vw, 1024px\" \/>\t\t\t\t\t\t\t\t\t\t\t<figcaption class=\"widget-image-caption wp-caption-text\">Foto: Divulga\u00e7\u00e3o \/ Wish Serrano Resort<\/figcaption>\n\t\t\t\t\t\t\t\t\t\t<\/figure>\n\t\t\t\t\t\t\t\t\t<\/div>\n\t\t\t\t<\/div>\n\t\t\t\t<div class=\"elementor-element elementor-element-735dca5 elementor-widget elementor-widget-text-editor\" data-id=\"735dca5\" data-element_type=\"widget\" data-widget_type=\"text-editor.default\">\n\t\t\t\t<div class=\"elementor-widget-container\">\n\t\t\t\t\t\t\t<p>O Wish Serrano \u00e9 o \u00fanico resort no centro de Gramado, ideal para fam\u00edlias e casais, com programa\u00e7\u00e3o e experi\u00eancias diferenciadas.\u00a0<\/p>\t\t\t\t\t\t<\/div>\n\t\t\t\t<\/div>\n\t\t\t\t<div class=\"elementor-element elementor-element-d7687f7 elementor-align-center elementor-widget elementor-widget-button\" data-id=\"d7687f7\" data-element_type=\"widget\" data-widget_type=\"button.default\">\n\t\t\t\t<div class=\"elementor-widget-container\">\n\t\t\t\t\t<div class=\"elementor-button-wrapper\">\n\t\t\t<a class=\"elementor-button elementor-button-link elementor-size-md\" href=\"https:\/\/www.blumarturismo.com.br\/pagina_do_hotel.php?nome=Wish%20Serrano%20Resort&#038;id=U5W5\">\n\t\t\t\t\t\t<span class=\"elementor-button-content-wrapper\">\n\t\t\t\t\t\t<span class=\"elementor-button-text\">Saiba mais<\/span>\n\t\t<\/span>\n\t\t\t\t\t<\/a>\n\t\t<\/div>\n\t\t\t\t<\/div>\n\t\t\t\t<\/div>\n\t\t\t\t<\/div>\n\t\t<div class=\"elementor-element elementor-element-7f634d3 e-con-full e-flex e-con e-child\" data-id=\"7f634d3\" data-element_type=\"container\" data-settings=\"{&quot;content_width&quot;:&quot;full&quot;}\">\n\t\t\t\t<div class=\"elementor-element elementor-element-c499fd1 elementor-widget elementor-widget-heading\" data-id=\"c499fd1\" data-element_type=\"widget\" data-widget_type=\"heading.default\">\n\t\t\t\t<div class=\"elementor-widget-container\">\n\t\t\t<h3 class=\"elementor-heading-title elementor-size-medium\">Glamour da Serra\u2b50\u2b50\u2b50\u2b50<\/h3>\t\t<\/div>\n\t\t\t\t<\/div>\n\t\t\t\t<div class=\"elementor-element elementor-element-d74dfed elementor-widget elementor-widget-image\" data-id=\"d74dfed\" data-element_type=\"widget\" data-widget_type=\"image.default\">\n\t\t\t\t<div class=\"elementor-widget-container\">\n\t\t\t\t\t\t\t\t\t\t\t\t<figure class=\"wp-caption\">\n\t\t\t\t\t\t\t\t\t\t<img loading=\"lazy\" decoding=\"async\" width=\"300\" height=\"200\" src=\"https:\/\/www.blumarturismo.com.br\/blog\/wp-content\/uploads\/2023\/08\/glamour1-1.jpg\" class=\"attachment-large size-large wp-image-32287\" alt=\"Foto: Divulga\u00e7\u00e3o \/ Glamour da Serra\" \/>\t\t\t\t\t\t\t\t\t\t\t<figcaption class=\"widget-image-caption wp-caption-text\">Foto: Divulga\u00e7\u00e3o \/ Glamour da Serra<\/figcaption>\n\t\t\t\t\t\t\t\t\t\t<\/figure>\n\t\t\t\t\t\t\t\t\t<\/div>\n\t\t\t\t<\/div>\n\t\t\t\t<div class=\"elementor-element elementor-element-16d7f00 elementor-widget elementor-widget-text-editor\" data-id=\"16d7f00\" data-element_type=\"widget\" data-widget_type=\"text-editor.default\">\n\t\t\t\t<div class=\"elementor-widget-container\">\n\t\t\t\t\t\t\t<p>Infraestrutura com apartamentos singles, duplos, triplos e qu\u00e1druplos. que disp\u00f5em de calefa\u00e7\u00e3o, ar condicionado, TV, DVD, frigobar, internet, secador de cabelo, cama box e cobertores anti-al\u00e9rgicos.<\/p>\t\t\t\t\t\t<\/div>\n\t\t\t\t<\/div>\n\t\t\t\t<div class=\"elementor-element elementor-element-24e3bfc elementor-align-center elementor-widget elementor-widget-button\" data-id=\"24e3bfc\" data-element_type=\"widget\" data-widget_type=\"button.default\">\n\t\t\t\t<div class=\"elementor-widget-container\">\n\t\t\t\t\t<div class=\"elementor-button-wrapper\">\n\t\t\t<a class=\"elementor-button elementor-button-link elementor-size-md\" href=\"https:\/\/www.blumarturismo.com.br\/pagina_do_hotel.php?nome=Glamour%20da%20Serra&#038;id=UW8W\">\n\t\t\t\t\t\t<span class=\"elementor-button-content-wrapper\">\n\t\t\t\t\t\t<span class=\"elementor-button-text\">Saiba mais<\/span>\n\t\t<\/span>\n\t\t\t\t\t<\/a>\n\t\t<\/div>\n\t\t\t\t<\/div>\n\t\t\t\t<\/div>\n\t\t\t\t<\/div>\n\t\t\t\t\t<\/div>\n\t\t\t\t<\/div>\n\t\t<div class=\"elementor-element elementor-element-75eac8a e-flex e-con-boxed e-con e-parent\" data-id=\"75eac8a\" data-element_type=\"container\" data-settings=\"{&quot;content_width&quot;:&quot;boxed&quot;}\" data-core-v316-plus=\"true\">\n\t\t\t\t\t<div class=\"e-con-inner\">\n\t\t\t\t<div class=\"elementor-element elementor-element-19c403c elementor-widget-divider--view-line elementor-widget elementor-widget-divider\" data-id=\"19c403c\" data-element_type=\"widget\" data-widget_type=\"divider.default\">\n\t\t\t\t<div class=\"elementor-widget-container\">\n\t\t\t\t\t<div class=\"elementor-divider\">\n\t\t\t<span class=\"elementor-divider-separator\">\n\t\t\t\t\t\t<\/span>\n\t\t<\/div>\n\t\t\t\t<\/div>\n\t\t\t\t<\/div>\n\t\t\t\t\t<\/div>\n\t\t\t\t<\/div>\n\t\t<div class=\"elementor-element elementor-element-e605185 e-flex e-con-boxed e-con e-parent\" data-id=\"e605185\" data-element_type=\"container\" data-settings=\"{&quot;content_width&quot;:&quot;boxed&quot;}\" data-core-v316-plus=\"true\">\n\t\t\t\t\t<div class=\"e-con-inner\">\n\t\t\t\t<div class=\"elementor-element elementor-element-7527e74 elementor-widget elementor-widget-heading\" data-id=\"7527e74\" data-element_type=\"widget\" data-widget_type=\"heading.default\">\n\t\t\t\t<div class=\"elementor-widget-container\">\n\t\t\t<h2 class=\"elementor-heading-title elementor-size-large\">Informa\u00e7\u00f5es sobre o clima em Gramado<\/h2>\t\t<\/div>\n\t\t\t\t<\/div>\n\t\t\t\t<div class=\"elementor-element elementor-element-17a1524 elementor-widget elementor-widget-text-editor\" data-id=\"17a1524\" data-element_type=\"widget\" data-widget_type=\"text-editor.default\">\n\t\t\t\t<div class=\"elementor-widget-container\">\n\t\t\t\t\t\t\t<ol class=\"ak-ol\" data-pm-slice=\"3 1 []\"><li><p><strong>Esta\u00e7\u00f5es bem definidas:<\/strong> Em Gramado, voc\u00ea pode desfrutar de todas as quatro esta\u00e7\u00f5es do ano. Cada uma tem suas pr\u00f3prias caracter\u00edsticas e encantos, tornando a cidade uma \u00f3tima op\u00e7\u00e3o de viagem o ano todo.<\/p><\/li><li><p><strong>Inverno com neve:<\/strong> Diferente de muitas cidades brasileiras, Gramado experimenta um inverno frio, com temperaturas frequentemente abaixo de zero. \u00c9 um dos poucos lugares do Brasil onde voc\u00ea pode testemunhar a neve, uma curiosidade fascinante para muitos visitantes.<\/p><\/li><li><p><strong>Hort\u00eansias no ver\u00e3o:<\/strong> Gramado \u00e9 famosa por suas hort\u00eansias, que florescem no ver\u00e3o e transformam a cidade em um mar de flores azuis.<\/p><\/li><li><p><strong>Mudan\u00e7as r\u00e1pidas no clima:<\/strong> O clima em Gramado pode ser bastante imprevis\u00edvel, com mudan\u00e7as r\u00e1pidas de temperatura e condi\u00e7\u00f5es clim\u00e1ticas. \u00c9 sempre uma boa ideia verificar a previs\u00e3o do tempo antes de sair e levar um guarda-chuva ou uma jaqueta, s\u00f3 por precau\u00e7\u00e3o.<\/p><\/li><li><p><strong>Festival de inverno de Gramado:<\/strong> Este festival anual celebra a esta\u00e7\u00e3o mais fria do ano com uma variedade de eventos e atividades, incluindo desfiles de moda, concertos de m\u00fasica e competi\u00e7\u00f5es de escultura na neve.<\/p><\/li><\/ol><p>O clima de <strong><a href=\"https:\/\/ofertas.blumarturismo.com.br\/gramado\">Gramado<\/a> <\/strong>\u00e9 certamente um de seus muitos atrativos, proporcionando uma experi\u00eancia \u00fanica para seus visitantes!<\/p>\t\t\t\t\t\t<\/div>\n\t\t\t\t<\/div>\n\t\t\t\t\t<\/div>\n\t\t\t\t<\/div>\n\t\t<div class=\"elementor-element elementor-element-c06da1a e-flex e-con-boxed e-con e-child\" data-id=\"c06da1a\" data-element_type=\"container\" data-settings=\"{&quot;content_width&quot;:&quot;boxed&quot;}\">\n\t\t\t\t\t<div class=\"e-con-inner\">\n\t\t\t\t<div class=\"elementor-element elementor-element-34db1b7 elementor-widget elementor-widget-heading\" data-id=\"34db1b7\" data-element_type=\"widget\" data-widget_type=\"heading.default\">\n\t\t\t\t<div class=\"elementor-widget-container\">\n\t\t\t<h2 class=\"elementor-heading-title elementor-size-large\">Depoimentos de Quem Viveu a Experi\u00eancia<\/h2>\t\t<\/div>\n\t\t\t\t<\/div>\n\t\t\t\t<div class=\"elementor-element elementor-element-ea40c83 elementor-widget elementor-widget-text-editor\" data-id=\"ea40c83\" data-element_type=\"widget\" data-widget_type=\"text-editor.default\">\n\t\t\t\t<div class=\"elementor-widget-container\">\n\t\t\t\t\t\t\t<p style=\"text-align: center;\"><strong>Blumar Turismo: Certificada pelo Reclame Aqui<\/strong><\/p>\t\t\t\t\t\t<\/div>\n\t\t\t\t<\/div>\n\t\t\t\t<div class=\"elementor-element elementor-element-ad77cee elementor-widget elementor-widget-html\" data-id=\"ad77cee\" data-element_type=\"widget\" data-widget_type=\"html.default\">\n\t\t\t\t<div class=\"elementor-widget-container\">\n\t\t\t<center><div id=\"ra-verified-seal\"><script type=\"text\/javascript\" id=\"ra-embed-verified-seal\" src=\"https:\/\/s3.amazonaws.com\/raichu-beta\/ra-verified\/bundle.js\" data-id=\"MzI4Nzc6Ymx1bWFy\" data-target=\"ra-verified-seal\" data-model=\"2\"><\/script><\/div><\/center>\t\t<\/div>\n\t\t\t\t<\/div>\n\t\t\t\t<div class=\"elementor-element elementor-element-76797c6 elementor-widget elementor-widget-text-editor\" data-id=\"76797c6\" data-element_type=\"widget\" data-widget_type=\"text-editor.default\">\n\t\t\t\t<div class=\"elementor-widget-container\">\n\t\t\t\t\t\t\t<p><span style=\"color: var( --e-global-color-text ); text-align: var(--text-align);\">Na <strong><a href=\"https:\/\/ofertas.blumarturismo.com.br\/melhores-hoteis-do-rio-de-janeiro\">Blumar Turismo<\/a><\/strong>, nos orgulhamos de oferecer um servi\u00e7o de excel\u00eancia. Somos certificados pelo Reclame Aqui e n\u00e3o recebemos nenhuma reclama\u00e7\u00e3o nos \u00faltimos 12 meses.<\/span><\/p><p>Nosso compromisso \u00e9 com a total satisfa\u00e7\u00e3o do cliente. Garantimos experi\u00eancias de viagem \u00fanicas e memor\u00e1veis, cuidando de cada detalhe, desde a escolha dos melhores destinos e hot\u00e9is at\u00e9 a personaliza\u00e7\u00e3o de roteiros. Nossa equipe est\u00e1 dedicada a atender todas as suas necessidades com m\u00e1xima aten\u00e7\u00e3o e profissionalismo.<\/p>\t\t\t\t\t\t<\/div>\n\t\t\t\t<\/div>\n\t\t\t\t<div class=\"elementor-element elementor-element-8e145ca elementor-widget elementor-widget-html\" data-id=\"8e145ca\" data-element_type=\"widget\" data-widget_type=\"html.default\">\n\t\t\t\t<div class=\"elementor-widget-container\">\n\t\t\t<script defer async src='https:\/\/cdn.trustindex.io\/loader.js?dc6229528d81446bbc4644b5063'><\/script>\t\t<\/div>\n\t\t\t\t<\/div>\n\t\t\t\t\t<\/div>\n\t\t\t\t<\/div>\n\t\t<div class=\"elementor-element elementor-element-37cf617 e-flex e-con-boxed e-con e-parent\" data-id=\"37cf617\" data-element_type=\"container\" data-settings=\"{&quot;content_width&quot;:&quot;boxed&quot;}\" data-core-v316-plus=\"true\">\n\t\t\t\t\t<div class=\"e-con-inner\">\n\t\t\t\t<div class=\"elementor-element elementor-element-1dbf27d elementor-widget elementor-widget-heading\" data-id=\"1dbf27d\" data-element_type=\"widget\" data-widget_type=\"heading.default\">\n\t\t\t\t<div class=\"elementor-widget-container\">\n\t\t\t<h2 class=\"elementor-heading-title elementor-size-large\">Garanta Sua Jornada dos Sonhos: Acesse Agora o Or\u00e7amento Exclusivo de Gramado 2024 com a Blumar Turismo!\n<\/h2>\t\t<\/div>\n\t\t\t\t<\/div>\n\t\t\t\t<div class=\"elementor-element elementor-element-889415e elementor-widget elementor-widget-text-editor\" data-id=\"889415e\" data-element_type=\"widget\" data-widget_type=\"text-editor.default\">\n\t\t\t\t<div class=\"elementor-widget-container\">\n\t\t\t\t\t\t\t<p>A Blumar Turismo, reconhecida por seu excepcional conhecimento local e meticulosa aten\u00e7\u00e3o aos detalhes, tem o prazer de apresentar itiner\u00e1rios personalizados para a encantadora cidade de Gramado em 2024. Compreendendo a diversidade dos sonhos e desejos dos viajantes, criamos pacotes sob medida que atendem a todos, desde os aventureiros que buscam desbravar trilhas e cachoeiras escondidas, aos amantes da natureza que anseiam por momentos de paz nas paisagens deslumbrantes, at\u00e9 os casais em busca de um ref\u00fagio rom\u00e2ntico nas charmosas ruas e aconchegantes cafeterias de Gramado. Nossa equipe, dedicada a cuidar de cada detalhe, assegura que todos os aspectos de sua jornada sejam impecavelmente planejados. Desde a escolha dos hot\u00e9is e pousadas que melhor refletem o charme local, at\u00e9 a organiza\u00e7\u00e3o de atividades exclusivas que revelam a ess\u00eancia de Gramado, garantimos uma experi\u00eancia verdadeiramente inesquec\u00edvel e personalizada.<\/p>\t\t\t\t\t\t<\/div>\n\t\t\t\t<\/div>\n\t\t\t\t<div class=\"elementor-element elementor-element-6dbb39d elementor-widget elementor-widget-embed_file_widget_pdf\" data-id=\"6dbb39d\" data-element_type=\"widget\" data-widget_type=\"embed_file_widget_pdf.default\">\n\t\t\t\t<div class=\"elementor-widget-container\">\n\t\t\t<iframe src=\"https:\/\/docs.google.com\/viewer?url=https:\/\/www.blumar.com.br\/newsletter\/nacional\/email_mkt\/download\/Pacote_Gramado_2024.pdf&amp;embedded=true\" style=\"display: block; margin-left: auto; margin-right: auto; width: 800px; height: 800px;\" frameborder=\"1\" marginheight=\"0px\" marginwidth=\"0px\" allowfullscreen><\/iframe>\t\t<\/div>\n\t\t\t\t<\/div>\n\t\t\t\t<div class=\"elementor-element elementor-element-17f5a10 elementor-align-center elementor-widget elementor-widget-button\" data-id=\"17f5a10\" data-element_type=\"widget\" data-widget_type=\"button.default\">\n\t\t\t\t<div class=\"elementor-widget-container\">\n\t\t\t\t\t<div class=\"elementor-button-wrapper\">\n\t\t\t<a class=\"elementor-button elementor-button-link elementor-size-md\" href=\"https:\/\/www.blumar.com.br\/newsletter\/nacional\/email_mkt\/download\/Pacote_Gramado_2024.pdf\">\n\t\t\t\t\t\t<span class=\"elementor-button-content-wrapper\">\n\t\t\t\t\t\t<span class=\"elementor-button-icon elementor-align-icon-left\">\n\t\t\t\t<svg aria-hidden=\"true\" class=\"e-font-icon-svg e-far-file-pdf\" viewBox=\"0 0 384 512\" xmlns=\"http:\/\/www.w3.org\/2000\/svg\"><path d=\"M369.9 97.9L286 14C277 5 264.8-.1 252.1-.1H48C21.5 0 0 21.5 0 48v416c0 26.5 21.5 48 48 48h288c26.5 0 48-21.5 48-48V131.9c0-12.7-5.1-25-14.1-34zM332.1 128H256V51.9l76.1 76.1zM48 464V48h160v104c0 13.3 10.7 24 24 24h104v288H48zm250.2-143.7c-12.2-12-47-8.7-64.4-6.5-17.2-10.5-28.7-25-36.8-46.3 3.9-16.1 10.1-40.6 5.4-56-4.2-26.2-37.8-23.6-42.6-5.9-4.4 16.1-.4 38.5 7 67.1-10 23.9-24.9 56-35.4 74.4-20 10.3-47 26.2-51 46.2-3.3 15.8 26 55.2 76.1-31.2 22.4-7.4 46.8-16.5 68.4-20.1 18.9 10.2 41 17 55.8 17 25.5 0 28-28.2 17.5-38.7zm-198.1 77.8c5.1-13.7 24.5-29.5 30.4-35-19 30.3-30.4 35.7-30.4 35zm81.6-190.6c7.4 0 6.7 32.1 1.8 40.8-4.4-13.9-4.3-40.8-1.8-40.8zm-24.4 136.6c9.7-16.9 18-37 24.7-54.7 8.3 15.1 18.9 27.2 30.1 35.5-20.8 4.3-38.9 13.1-54.8 19.2zm131.6-5s-5 6-37.3-7.8c35.1-2.6 40.9 5.4 37.3 7.8z\"><\/path><\/svg>\t\t\t<\/span>\n\t\t\t\t\t\t<span class=\"elementor-button-text\">Baixar o PDF de Gramado<\/span>\n\t\t<\/span>\n\t\t\t\t\t<\/a>\n\t\t<\/div>\n\t\t\t\t<\/div>\n\t\t\t\t<\/div>\n\t\t\t\t<div class=\"elementor-element elementor-element-e40faae elementor-widget-divider--view-line elementor-widget elementor-widget-divider\" data-id=\"e40faae\" data-element_type=\"widget\" data-widget_type=\"divider.default\">\n\t\t\t\t<div class=\"elementor-widget-container\">\n\t\t\t\t\t<div class=\"elementor-divider\">\n\t\t\t<span class=\"elementor-divider-separator\">\n\t\t\t\t\t\t<\/span>\n\t\t<\/div>\n\t\t\t\t<\/div>\n\t\t\t\t<\/div>\n\t\t\t\t<div class=\"elementor-element elementor-element-d4f5754 elementor-widget elementor-widget-heading\" data-id=\"d4f5754\" data-element_type=\"widget\" data-widget_type=\"heading.default\">\n\t\t\t\t<div class=\"elementor-widget-container\">\n\t\t\t<h2 class=\"elementor-heading-title elementor-size-medium\">Posts que voc\u00ea tamb\u00e9m pode se interessar:<\/h2>\t\t<\/div>\n\t\t\t\t<\/div>\n\t\t\t\t<div class=\"elementor-element elementor-element-530b5e3 elementor-widget elementor-widget-text-editor\" data-id=\"530b5e3\" data-element_type=\"widget\" data-widget_type=\"text-editor.default\">\n\t\t\t\t<div class=\"elementor-widget-container\">\n\t\t\t\t\t\t\t<ul><li><a href=\"https:\/\/www.blumarturismo.com.br\/blog\/gramado-para-adultos-uma-experiencia-sofisticada-e-encantadora\/\">Gramado para Adultos: Uma Experi\u00eancia Sofisticada e Encantadora<\/a><\/li><li><a href=\"https:\/\/www.blumarturismo.com.br\/blog\/gramado-com-adolescentes-uma-aventura-inesquecivel\/\">Gramado com Adolescentes: Uma Aventura Inesquec\u00edvel<\/a><\/li><li><a href=\"https:\/\/www.blumarturismo.com.br\/blog\/gramado-com-criancas-pequenas-um-guia-completo-para-diversao-em-familia\/\">Gramado com Crian\u00e7as Pequenas: Um Guia Completo para Divers\u00e3o em Fam\u00edlia<\/a><\/li><li><a href=\"https:\/\/www.blumarturismo.com.br\/blog\/quanto-custa-para-ficar-5-dias-em-gramado\/\">Quanto custa para ficar 5 dias em Gramado?<\/a><\/li><li><a href=\"https:\/\/www.blumarturismo.com.br\/blog\/o-que-fazer-em-gramado-com-a-familia-um-guia-completo\/\">O Que Fazer em Gramado com a Fam\u00edlia: Um Guia Completo<\/a><\/li><\/ul>\t\t\t\t\t\t<\/div>\n\t\t\t\t<\/div>\n\t\t\t\t\t<\/div>\n\t\t\t\t<\/div>\n\t\t<div class=\"elementor-element elementor-element-0cb855d e-flex e-con-boxed e-con e-parent\" data-id=\"0cb855d\" data-element_type=\"container\" data-settings=\"{&quot;content_width&quot;:&quot;boxed&quot;}\" data-core-v316-plus=\"true\">\n\t\t\t\t\t<div class=\"e-con-inner\">\n\t\t\t\t<div class=\"elementor-element elementor-element-129139f elementor-widget elementor-widget-heading\" data-id=\"129139f\" data-element_type=\"widget\" data-widget_type=\"heading.default\">\n\t\t\t\t<div class=\"elementor-widget-container\">\n\t\t\t<h2 class=\"elementor-heading-title elementor-size-large\">FAQ: Tudo o que Voc\u00ea Precisa Saber Sobre Gramado<\/h2>\t\t<\/div>\n\t\t\t\t<\/div>\n\t\t\t\t<div class=\"elementor-element elementor-element-201d3c7 elementor-widget elementor-widget-image\" data-id=\"201d3c7\" data-element_type=\"widget\" data-widget_type=\"image.default\">\n\t\t\t\t<div class=\"elementor-widget-container\">\n\t\t\t\t\t\t\t\t\t\t\t\t<figure class=\"wp-caption\">\n\t\t\t\t\t\t\t\t\t\t<img loading=\"lazy\" decoding=\"async\" width=\"1024\" height=\"684\" src=\"https:\/\/www.blumarturismo.com.br\/blog\/wp-content\/uploads\/2024\/05\/Renato-Soares-MTur-10-1-1024x684.jpg\" class=\"attachment-large size-large wp-image-57276\" alt=\"Foto: Renato Soares \/ MTur\" srcset=\"https:\/\/www.blumarturismo.com.br\/blog\/wp-content\/uploads\/2024\/05\/Renato-Soares-MTur-10-1-1024x684.jpg 1024w, https:\/\/www.blumarturismo.com.br\/blog\/wp-content\/uploads\/2024\/05\/Renato-Soares-MTur-10-1-300x200.jpg 300w, https:\/\/www.blumarturismo.com.br\/blog\/wp-content\/uploads\/2024\/05\/Renato-Soares-MTur-10-1-768x513.jpg 768w, https:\/\/www.blumarturismo.com.br\/blog\/wp-content\/uploads\/2024\/05\/Renato-Soares-MTur-10-1-1536x1025.jpg 1536w, https:\/\/www.blumarturismo.com.br\/blog\/wp-content\/uploads\/2024\/05\/Renato-Soares-MTur-10-1.jpg 2048w\" sizes=\"auto, (max-width: 1024px) 100vw, 1024px\" \/>\t\t\t\t\t\t\t\t\t\t\t<figcaption class=\"widget-image-caption wp-caption-text\">Foto: Renato Soares \/ MTur<\/figcaption>\n\t\t\t\t\t\t\t\t\t\t<\/figure>\n\t\t\t\t\t\t\t\t\t<\/div>\n\t\t\t\t<\/div>\n\t\t\t\t<div class=\"elementor-element elementor-element-0871507 elementor-widget elementor-widget-toggle\" data-id=\"0871507\" data-element_type=\"widget\" data-widget_type=\"toggle.default\">\n\t\t\t\t<div class=\"elementor-widget-container\">\n\t\t\t<style>\/*! elementor - v3.16.0 - 13-09-2023 *\/\n.elementor-toggle{text-align:left}.elementor-toggle .elementor-tab-title{font-weight:700;line-height:1;margin:0;padding:15px;border-bottom:1px solid #d5d8dc;cursor:pointer;outline:none}.elementor-toggle .elementor-tab-title .elementor-toggle-icon{display:inline-block;width:1em}.elementor-toggle .elementor-tab-title .elementor-toggle-icon svg{margin-inline-start:-5px;width:1em;height:1em}.elementor-toggle .elementor-tab-title .elementor-toggle-icon.elementor-toggle-icon-right{float:right;text-align:right}.elementor-toggle .elementor-tab-title .elementor-toggle-icon.elementor-toggle-icon-left{float:left;text-align:left}.elementor-toggle .elementor-tab-title .elementor-toggle-icon .elementor-toggle-icon-closed{display:block}.elementor-toggle .elementor-tab-title .elementor-toggle-icon .elementor-toggle-icon-opened{display:none}.elementor-toggle .elementor-tab-title.elementor-active{border-bottom:none}.elementor-toggle .elementor-tab-title.elementor-active .elementor-toggle-icon-closed{display:none}.elementor-toggle .elementor-tab-title.elementor-active .elementor-toggle-icon-opened{display:block}.elementor-toggle .elementor-tab-content{padding:15px;border-bottom:1px solid #d5d8dc;display:none}@media (max-width:767px){.elementor-toggle .elementor-tab-title{padding:12px}.elementor-toggle .elementor-tab-content{padding:12px 10px}}.e-con-inner>.elementor-widget-toggle,.e-con>.elementor-widget-toggle{width:var(--container-widget-width);--flex-grow:var(--container-widget-flex-grow)}<\/style>\t\t<div class=\"elementor-toggle\">\n\t\t\t\t\t\t\t<div class=\"elementor-toggle-item\">\n\t\t\t\t\t<div id=\"elementor-tab-title-8851\" class=\"elementor-tab-title\" data-tab=\"1\" role=\"button\" aria-controls=\"elementor-tab-content-8851\" aria-expanded=\"false\">\n\t\t\t\t\t\t\t\t\t\t\t\t<span class=\"elementor-toggle-icon elementor-toggle-icon-left\" aria-hidden=\"true\">\n\t\t\t\t\t\t\t\t\t\t\t\t\t\t\t<span class=\"elementor-toggle-icon-closed\"><svg class=\"e-font-icon-svg e-fas-caret-right\" viewBox=\"0 0 192 512\" xmlns=\"http:\/\/www.w3.org\/2000\/svg\"><path d=\"M0 384.662V127.338c0-17.818 21.543-26.741 34.142-14.142l128.662 128.662c7.81 7.81 7.81 20.474 0 28.284L34.142 398.804C21.543 411.404 0 402.48 0 384.662z\"><\/path><\/svg><\/span>\n\t\t\t\t\t\t\t\t<span class=\"elementor-toggle-icon-opened\"><svg class=\"elementor-toggle-icon-opened e-font-icon-svg e-fas-caret-up\" viewBox=\"0 0 320 512\" xmlns=\"http:\/\/www.w3.org\/2000\/svg\"><path d=\"M288.662 352H31.338c-17.818 0-26.741-21.543-14.142-34.142l128.662-128.662c7.81-7.81 20.474-7.81 28.284 0l128.662 128.662c12.6 12.599 3.676 34.142-14.142 34.142z\"><\/path><\/svg><\/span>\n\t\t\t\t\t\t\t\t\t\t\t\t\t<\/span>\n\t\t\t\t\t\t\t\t\t\t\t\t<a class=\"elementor-toggle-title\" tabindex=\"0\">1. Qual \u00e9 a melhor \u00e9poca para visitar Gramado?<\/a>\n\t\t\t\t\t<\/div>\n\n\t\t\t\t\t<div id=\"elementor-tab-content-8851\" class=\"elementor-tab-content elementor-clearfix\" data-tab=\"1\" role=\"region\" aria-labelledby=\"elementor-tab-title-8851\"><p>Gramado \u00e9 um destino encantador o ano todo, mas a melhor \u00e9poca depende do que voc\u00ea busca:<\/p><ul><li><strong>Inverno (Junho a Agosto)<\/strong>: Ideal para quem busca o clima frio e a possibilidade de neve. O Natal Luz come\u00e7a em outubro e vai at\u00e9 janeiro.<\/li><li><strong>Primavera (Setembro a Novembro)<\/strong>: Clima agrad\u00e1vel e natureza exuberante.<\/li><li><strong>Ver\u00e3o (Dezembro a Fevereiro)<\/strong>: Temperaturas mais amenas que o resto do Brasil, perfeito para fugir do calor intenso.<\/li><li><strong>Outono (Mar\u00e7o a Maio)<\/strong>: Paisagens deslumbrantes com as folhas mudando de cor.<\/li><\/ul><\/div>\n\t\t\t\t<\/div>\n\t\t\t\t\t\t\t<div class=\"elementor-toggle-item\">\n\t\t\t\t\t<div id=\"elementor-tab-title-8852\" class=\"elementor-tab-title\" data-tab=\"2\" role=\"button\" aria-controls=\"elementor-tab-content-8852\" aria-expanded=\"false\">\n\t\t\t\t\t\t\t\t\t\t\t\t<span class=\"elementor-toggle-icon elementor-toggle-icon-left\" aria-hidden=\"true\">\n\t\t\t\t\t\t\t\t\t\t\t\t\t\t\t<span class=\"elementor-toggle-icon-closed\"><svg class=\"e-font-icon-svg e-fas-caret-right\" viewBox=\"0 0 192 512\" xmlns=\"http:\/\/www.w3.org\/2000\/svg\"><path d=\"M0 384.662V127.338c0-17.818 21.543-26.741 34.142-14.142l128.662 128.662c7.81 7.81 7.81 20.474 0 28.284L34.142 398.804C21.543 411.404 0 402.48 0 384.662z\"><\/path><\/svg><\/span>\n\t\t\t\t\t\t\t\t<span class=\"elementor-toggle-icon-opened\"><svg class=\"elementor-toggle-icon-opened e-font-icon-svg e-fas-caret-up\" viewBox=\"0 0 320 512\" xmlns=\"http:\/\/www.w3.org\/2000\/svg\"><path d=\"M288.662 352H31.338c-17.818 0-26.741-21.543-14.142-34.142l128.662-128.662c7.81-7.81 20.474-7.81 28.284 0l128.662 128.662c12.6 12.599 3.676 34.142-14.142 34.142z\"><\/path><\/svg><\/span>\n\t\t\t\t\t\t\t\t\t\t\t\t\t<\/span>\n\t\t\t\t\t\t\t\t\t\t\t\t<a class=\"elementor-toggle-title\" tabindex=\"0\">2. O que devo levar na mala para Gramado?<\/a>\n\t\t\t\t\t<\/div>\n\n\t\t\t\t\t<div id=\"elementor-tab-content-8852\" class=\"elementor-tab-content elementor-clearfix\" data-tab=\"2\" role=\"region\" aria-labelledby=\"elementor-tab-title-8852\"><p>Sua mala para Gramado deve incluir:<\/p><ul><li>Roupas quentes (casacos, blusas de l\u00e3, cal\u00e7as)<\/li><li>Cal\u00e7ados confort\u00e1veis para caminhadas<\/li><li>Guarda-chuva ou capa de chuva<\/li><li>Protetor solar e \u00f3culos de sol<\/li><li>C\u00e2mera para registrar as belas paisagens<\/li><\/ul><\/div>\n\t\t\t\t<\/div>\n\t\t\t\t\t\t\t<div class=\"elementor-toggle-item\">\n\t\t\t\t\t<div id=\"elementor-tab-title-8853\" class=\"elementor-tab-title\" data-tab=\"3\" role=\"button\" aria-controls=\"elementor-tab-content-8853\" aria-expanded=\"false\">\n\t\t\t\t\t\t\t\t\t\t\t\t<span class=\"elementor-toggle-icon elementor-toggle-icon-left\" aria-hidden=\"true\">\n\t\t\t\t\t\t\t\t\t\t\t\t\t\t\t<span class=\"elementor-toggle-icon-closed\"><svg class=\"e-font-icon-svg e-fas-caret-right\" viewBox=\"0 0 192 512\" xmlns=\"http:\/\/www.w3.org\/2000\/svg\"><path d=\"M0 384.662V127.338c0-17.818 21.543-26.741 34.142-14.142l128.662 128.662c7.81 7.81 7.81 20.474 0 28.284L34.142 398.804C21.543 411.404 0 402.48 0 384.662z\"><\/path><\/svg><\/span>\n\t\t\t\t\t\t\t\t<span class=\"elementor-toggle-icon-opened\"><svg class=\"elementor-toggle-icon-opened e-font-icon-svg e-fas-caret-up\" viewBox=\"0 0 320 512\" xmlns=\"http:\/\/www.w3.org\/2000\/svg\"><path d=\"M288.662 352H31.338c-17.818 0-26.741-21.543-14.142-34.142l128.662-128.662c7.81-7.81 20.474-7.81 28.284 0l128.662 128.662c12.6 12.599 3.676 34.142-14.142 34.142z\"><\/path><\/svg><\/span>\n\t\t\t\t\t\t\t\t\t\t\t\t\t<\/span>\n\t\t\t\t\t\t\t\t\t\t\t\t<a class=\"elementor-toggle-title\" tabindex=\"0\">3. Quais s\u00e3o as principais atra\u00e7\u00f5es tur\u00edsticas de Gramado?<\/a>\n\t\t\t\t\t<\/div>\n\n\t\t\t\t\t<div id=\"elementor-tab-content-8853\" class=\"elementor-tab-content elementor-clearfix\" data-tab=\"3\" role=\"region\" aria-labelledby=\"elementor-tab-title-8853\"><p>Gramado oferece diversas atra\u00e7\u00f5es imperd\u00edveis:<\/p><ul><li>Mini Mundo<\/li><li>Snowland<\/li><li>Lago Negro<\/li><li>Rua Coberta<\/li><li>Parque Knorr<\/li><li>Museu de Cera Dreamland<\/li><li>Aldeia do Papai Noel<\/li><\/ul><\/div>\n\t\t\t\t<\/div>\n\t\t\t\t\t\t\t<div class=\"elementor-toggle-item\">\n\t\t\t\t\t<div id=\"elementor-tab-title-8854\" class=\"elementor-tab-title\" data-tab=\"4\" role=\"button\" aria-controls=\"elementor-tab-content-8854\" aria-expanded=\"false\">\n\t\t\t\t\t\t\t\t\t\t\t\t<span class=\"elementor-toggle-icon elementor-toggle-icon-left\" aria-hidden=\"true\">\n\t\t\t\t\t\t\t\t\t\t\t\t\t\t\t<span class=\"elementor-toggle-icon-closed\"><svg class=\"e-font-icon-svg e-fas-caret-right\" viewBox=\"0 0 192 512\" xmlns=\"http:\/\/www.w3.org\/2000\/svg\"><path d=\"M0 384.662V127.338c0-17.818 21.543-26.741 34.142-14.142l128.662 128.662c7.81 7.81 7.81 20.474 0 28.284L34.142 398.804C21.543 411.404 0 402.48 0 384.662z\"><\/path><\/svg><\/span>\n\t\t\t\t\t\t\t\t<span class=\"elementor-toggle-icon-opened\"><svg class=\"elementor-toggle-icon-opened e-font-icon-svg e-fas-caret-up\" viewBox=\"0 0 320 512\" xmlns=\"http:\/\/www.w3.org\/2000\/svg\"><path d=\"M288.662 352H31.338c-17.818 0-26.741-21.543-14.142-34.142l128.662-128.662c7.81-7.81 20.474-7.81 28.284 0l128.662 128.662c12.6 12.599 3.676 34.142-14.142 34.142z\"><\/path><\/svg><\/span>\n\t\t\t\t\t\t\t\t\t\t\t\t\t<\/span>\n\t\t\t\t\t\t\t\t\t\t\t\t<a class=\"elementor-toggle-title\" tabindex=\"0\">4. Como \u00e9 o clima em Gramado?<\/a>\n\t\t\t\t\t<\/div>\n\n\t\t\t\t\t<div id=\"elementor-tab-content-8854\" class=\"elementor-tab-content elementor-clearfix\" data-tab=\"4\" role=\"region\" aria-labelledby=\"elementor-tab-title-8854\"><p>Gramado tem um clima subtropical \u00famido:<\/p><ul><li>Inverno: Temperaturas podem chegar a 0\u00b0C ou menos<\/li><li>Ver\u00e3o: Temperaturas m\u00e1ximas em torno de 25\u00b0C<\/li><li>Chuvas s\u00e3o comuns ao longo do ano<\/li><\/ul><\/div>\n\t\t\t\t<\/div>\n\t\t\t\t\t\t\t<div class=\"elementor-toggle-item\">\n\t\t\t\t\t<div id=\"elementor-tab-title-8855\" class=\"elementor-tab-title\" data-tab=\"5\" role=\"button\" aria-controls=\"elementor-tab-content-8855\" aria-expanded=\"false\">\n\t\t\t\t\t\t\t\t\t\t\t\t<span class=\"elementor-toggle-icon elementor-toggle-icon-left\" aria-hidden=\"true\">\n\t\t\t\t\t\t\t\t\t\t\t\t\t\t\t<span class=\"elementor-toggle-icon-closed\"><svg class=\"e-font-icon-svg e-fas-caret-right\" viewBox=\"0 0 192 512\" xmlns=\"http:\/\/www.w3.org\/2000\/svg\"><path d=\"M0 384.662V127.338c0-17.818 21.543-26.741 34.142-14.142l128.662 128.662c7.81 7.81 7.81 20.474 0 28.284L34.142 398.804C21.543 411.404 0 402.48 0 384.662z\"><\/path><\/svg><\/span>\n\t\t\t\t\t\t\t\t<span class=\"elementor-toggle-icon-opened\"><svg class=\"elementor-toggle-icon-opened e-font-icon-svg e-fas-caret-up\" viewBox=\"0 0 320 512\" xmlns=\"http:\/\/www.w3.org\/2000\/svg\"><path d=\"M288.662 352H31.338c-17.818 0-26.741-21.543-14.142-34.142l128.662-128.662c7.81-7.81 20.474-7.81 28.284 0l128.662 128.662c12.6 12.599 3.676 34.142-14.142 34.142z\"><\/path><\/svg><\/span>\n\t\t\t\t\t\t\t\t\t\t\t\t\t<\/span>\n\t\t\t\t\t\t\t\t\t\t\t\t<a class=\"elementor-toggle-title\" tabindex=\"0\">5. Quais s\u00e3o as op\u00e7\u00f5es de hospedagem em Gramado?<\/a>\n\t\t\t\t\t<\/div>\n\n\t\t\t\t\t<div id=\"elementor-tab-content-8855\" class=\"elementor-tab-content elementor-clearfix\" data-tab=\"5\" role=\"region\" aria-labelledby=\"elementor-tab-title-8855\"><p>Gramado oferece diversas op\u00e7\u00f5es de hospedagem:<\/p><ul><li>Hot\u00e9is luxuosos<\/li><li>Pousadas charmosas<\/li><li>Chal\u00e9s aconchegantes<\/li><li>Resorts all-inclusive<\/li><li>Apartamentos para aluguel<\/li><\/ul><\/div>\n\t\t\t\t<\/div>\n\t\t\t\t\t\t\t<div class=\"elementor-toggle-item\">\n\t\t\t\t\t<div id=\"elementor-tab-title-8856\" class=\"elementor-tab-title\" data-tab=\"6\" role=\"button\" aria-controls=\"elementor-tab-content-8856\" aria-expanded=\"false\">\n\t\t\t\t\t\t\t\t\t\t\t\t<span class=\"elementor-toggle-icon elementor-toggle-icon-left\" aria-hidden=\"true\">\n\t\t\t\t\t\t\t\t\t\t\t\t\t\t\t<span class=\"elementor-toggle-icon-closed\"><svg class=\"e-font-icon-svg e-fas-caret-right\" viewBox=\"0 0 192 512\" xmlns=\"http:\/\/www.w3.org\/2000\/svg\"><path d=\"M0 384.662V127.338c0-17.818 21.543-26.741 34.142-14.142l128.662 128.662c7.81 7.81 7.81 20.474 0 28.284L34.142 398.804C21.543 411.404 0 402.48 0 384.662z\"><\/path><\/svg><\/span>\n\t\t\t\t\t\t\t\t<span class=\"elementor-toggle-icon-opened\"><svg class=\"elementor-toggle-icon-opened e-font-icon-svg e-fas-caret-up\" viewBox=\"0 0 320 512\" xmlns=\"http:\/\/www.w3.org\/2000\/svg\"><path d=\"M288.662 352H31.338c-17.818 0-26.741-21.543-14.142-34.142l128.662-128.662c7.81-7.81 20.474-7.81 28.284 0l128.662 128.662c12.6 12.599 3.676 34.142-14.142 34.142z\"><\/path><\/svg><\/span>\n\t\t\t\t\t\t\t\t\t\t\t\t\t<\/span>\n\t\t\t\t\t\t\t\t\t\t\t\t<a class=\"elementor-toggle-title\" tabindex=\"0\">6. Como chegar a Gramado?<\/a>\n\t\t\t\t\t<\/div>\n\n\t\t\t\t\t<div id=\"elementor-tab-content-8856\" class=\"elementor-tab-content elementor-clearfix\" data-tab=\"6\" role=\"region\" aria-labelledby=\"elementor-tab-title-8856\"><p>Voc\u00ea pode chegar a Gramado de v\u00e1rias formas:<\/p><ul><li><strong>De avi\u00e3o<\/strong>: O aeroporto mais pr\u00f3ximo \u00e9 o de Porto Alegre, a 115 km de Gramado<\/li><li><strong>De carro<\/strong>: Pela RS-115 ou BR-116<\/li><li><strong>De \u00f4nibus<\/strong>: H\u00e1 linhas regulares partindo de v\u00e1rias cidades do Sul e Sudeste<\/li><\/ul><\/div>\n\t\t\t\t<\/div>\n\t\t\t\t\t\t\t<div class=\"elementor-toggle-item\">\n\t\t\t\t\t<div id=\"elementor-tab-title-8857\" class=\"elementor-tab-title\" data-tab=\"7\" role=\"button\" aria-controls=\"elementor-tab-content-8857\" aria-expanded=\"false\">\n\t\t\t\t\t\t\t\t\t\t\t\t<span class=\"elementor-toggle-icon elementor-toggle-icon-left\" aria-hidden=\"true\">\n\t\t\t\t\t\t\t\t\t\t\t\t\t\t\t<span class=\"elementor-toggle-icon-closed\"><svg class=\"e-font-icon-svg e-fas-caret-right\" viewBox=\"0 0 192 512\" xmlns=\"http:\/\/www.w3.org\/2000\/svg\"><path d=\"M0 384.662V127.338c0-17.818 21.543-26.741 34.142-14.142l128.662 128.662c7.81 7.81 7.81 20.474 0 28.284L34.142 398.804C21.543 411.404 0 402.48 0 384.662z\"><\/path><\/svg><\/span>\n\t\t\t\t\t\t\t\t<span class=\"elementor-toggle-icon-opened\"><svg class=\"elementor-toggle-icon-opened e-font-icon-svg e-fas-caret-up\" viewBox=\"0 0 320 512\" xmlns=\"http:\/\/www.w3.org\/2000\/svg\"><path d=\"M288.662 352H31.338c-17.818 0-26.741-21.543-14.142-34.142l128.662-128.662c7.81-7.81 20.474-7.81 28.284 0l128.662 128.662c12.6 12.599 3.676 34.142-14.142 34.142z\"><\/path><\/svg><\/span>\n\t\t\t\t\t\t\t\t\t\t\t\t\t<\/span>\n\t\t\t\t\t\t\t\t\t\t\t\t<a class=\"elementor-toggle-title\" tabindex=\"0\">7. Quais s\u00e3o os pratos t\u00edpicos de Gramado?<\/a>\n\t\t\t\t\t<\/div>\n\n\t\t\t\t\t<div id=\"elementor-tab-content-8857\" class=\"elementor-tab-content elementor-clearfix\" data-tab=\"7\" role=\"region\" aria-labelledby=\"elementor-tab-title-8857\"><p>Alguns pratos imperd\u00edveis incluem:<\/p><ul><li>Fondue (de queijo, carne ou chocolate)<\/li><li>Caf\u00e9 colonial<\/li><li>Truta grelhada<\/li><li>Sopa de capeletti<\/li><li>Chocolate artesanal<\/li><\/ul><\/div>\n\t\t\t\t<\/div>\n\t\t\t\t\t\t\t<div class=\"elementor-toggle-item\">\n\t\t\t\t\t<div id=\"elementor-tab-title-8858\" class=\"elementor-tab-title\" data-tab=\"8\" role=\"button\" aria-controls=\"elementor-tab-content-8858\" aria-expanded=\"false\">\n\t\t\t\t\t\t\t\t\t\t\t\t<span class=\"elementor-toggle-icon elementor-toggle-icon-left\" aria-hidden=\"true\">\n\t\t\t\t\t\t\t\t\t\t\t\t\t\t\t<span class=\"elementor-toggle-icon-closed\"><svg class=\"e-font-icon-svg e-fas-caret-right\" viewBox=\"0 0 192 512\" xmlns=\"http:\/\/www.w3.org\/2000\/svg\"><path d=\"M0 384.662V127.338c0-17.818 21.543-26.741 34.142-14.142l128.662 128.662c7.81 7.81 7.81 20.474 0 28.284L34.142 398.804C21.543 411.404 0 402.48 0 384.662z\"><\/path><\/svg><\/span>\n\t\t\t\t\t\t\t\t<span class=\"elementor-toggle-icon-opened\"><svg class=\"elementor-toggle-icon-opened e-font-icon-svg e-fas-caret-up\" viewBox=\"0 0 320 512\" xmlns=\"http:\/\/www.w3.org\/2000\/svg\"><path d=\"M288.662 352H31.338c-17.818 0-26.741-21.543-14.142-34.142l128.662-128.662c7.81-7.81 20.474-7.81 28.284 0l128.662 128.662c12.6 12.599 3.676 34.142-14.142 34.142z\"><\/path><\/svg><\/span>\n\t\t\t\t\t\t\t\t\t\t\t\t\t<\/span>\n\t\t\t\t\t\t\t\t\t\t\t\t<a class=\"elementor-toggle-title\" tabindex=\"0\">8. Gramado \u00e9 um bom destino para crian\u00e7as?<\/a>\n\t\t\t\t\t<\/div>\n\n\t\t\t\t\t<div id=\"elementor-tab-content-8858\" class=\"elementor-tab-content elementor-clearfix\" data-tab=\"8\" role=\"region\" aria-labelledby=\"elementor-tab-title-8858\"><p>Sim! Gramado oferece diversas atra\u00e7\u00f5es para fam\u00edlias:<\/p><ul><li>Parque Snowland<\/li><li>Aldeia do Papai Noel<\/li><li>Mini Mundo<\/li><li>Mundo a Vapor<\/li><li>Parque Ga\u00facho<\/li><\/ul><\/div>\n\t\t\t\t<\/div>\n\t\t\t\t\t\t\t<div class=\"elementor-toggle-item\">\n\t\t\t\t\t<div id=\"elementor-tab-title-8859\" class=\"elementor-tab-title\" data-tab=\"9\" role=\"button\" aria-controls=\"elementor-tab-content-8859\" aria-expanded=\"false\">\n\t\t\t\t\t\t\t\t\t\t\t\t<span class=\"elementor-toggle-icon elementor-toggle-icon-left\" aria-hidden=\"true\">\n\t\t\t\t\t\t\t\t\t\t\t\t\t\t\t<span class=\"elementor-toggle-icon-closed\"><svg class=\"e-font-icon-svg e-fas-caret-right\" viewBox=\"0 0 192 512\" xmlns=\"http:\/\/www.w3.org\/2000\/svg\"><path d=\"M0 384.662V127.338c0-17.818 21.543-26.741 34.142-14.142l128.662 128.662c7.81 7.81 7.81 20.474 0 28.284L34.142 398.804C21.543 411.404 0 402.48 0 384.662z\"><\/path><\/svg><\/span>\n\t\t\t\t\t\t\t\t<span class=\"elementor-toggle-icon-opened\"><svg class=\"elementor-toggle-icon-opened e-font-icon-svg e-fas-caret-up\" viewBox=\"0 0 320 512\" xmlns=\"http:\/\/www.w3.org\/2000\/svg\"><path d=\"M288.662 352H31.338c-17.818 0-26.741-21.543-14.142-34.142l128.662-128.662c7.81-7.81 20.474-7.81 28.284 0l128.662 128.662c12.6 12.599 3.676 34.142-14.142 34.142z\"><\/path><\/svg><\/span>\n\t\t\t\t\t\t\t\t\t\t\t\t\t<\/span>\n\t\t\t\t\t\t\t\t\t\t\t\t<a class=\"elementor-toggle-title\" tabindex=\"0\">9. Quais eventos acontecem em Gramado?<\/a>\n\t\t\t\t\t<\/div>\n\n\t\t\t\t\t<div id=\"elementor-tab-content-8859\" class=\"elementor-tab-content elementor-clearfix\" data-tab=\"9\" role=\"region\" aria-labelledby=\"elementor-tab-title-8859\"><p>Gramado \u00e9 famosa por seus eventos:<\/p><ul><li>Natal Luz (outubro a janeiro)<\/li><li>Festival de Cinema de Gramado (agosto)<\/li><li>Festa da Col\u00f4nia (abril\/maio)<\/li><li>Chocofest (mar\u00e7o\/abril)<\/li><\/ul><\/div>\n\t\t\t\t<\/div>\n\t\t\t\t\t\t\t<div class=\"elementor-toggle-item\">\n\t\t\t\t\t<div id=\"elementor-tab-title-88510\" class=\"elementor-tab-title\" data-tab=\"10\" role=\"button\" aria-controls=\"elementor-tab-content-88510\" aria-expanded=\"false\">\n\t\t\t\t\t\t\t\t\t\t\t\t<span class=\"elementor-toggle-icon elementor-toggle-icon-left\" aria-hidden=\"true\">\n\t\t\t\t\t\t\t\t\t\t\t\t\t\t\t<span class=\"elementor-toggle-icon-closed\"><svg class=\"e-font-icon-svg e-fas-caret-right\" viewBox=\"0 0 192 512\" xmlns=\"http:\/\/www.w3.org\/2000\/svg\"><path d=\"M0 384.662V127.338c0-17.818 21.543-26.741 34.142-14.142l128.662 128.662c7.81 7.81 7.81 20.474 0 28.284L34.142 398.804C21.543 411.404 0 402.48 0 384.662z\"><\/path><\/svg><\/span>\n\t\t\t\t\t\t\t\t<span class=\"elementor-toggle-icon-opened\"><svg class=\"elementor-toggle-icon-opened e-font-icon-svg e-fas-caret-up\" viewBox=\"0 0 320 512\" xmlns=\"http:\/\/www.w3.org\/2000\/svg\"><path d=\"M288.662 352H31.338c-17.818 0-26.741-21.543-14.142-34.142l128.662-128.662c7.81-7.81 20.474-7.81 28.284 0l128.662 128.662c12.6 12.599 3.676 34.142-14.142 34.142z\"><\/path><\/svg><\/span>\n\t\t\t\t\t\t\t\t\t\t\t\t\t<\/span>\n\t\t\t\t\t\t\t\t\t\t\t\t<a class=\"elementor-toggle-title\" tabindex=\"0\">10. \u00c9 necess\u00e1rio alugar um carro em Gramado?<\/a>\n\t\t\t\t\t<\/div>\n\n\t\t\t\t\t<div id=\"elementor-tab-content-88510\" class=\"elementor-tab-content elementor-clearfix\" data-tab=\"10\" role=\"region\" aria-labelledby=\"elementor-tab-title-88510\"><p>N\u00e3o \u00e9 essencial, mas pode ser conveniente:<\/p><ul><li>O centro da cidade \u00e9 facilmente explor\u00e1vel a p\u00e9<\/li><li>H\u00e1 servi\u00e7os de t\u00e1xi e aplicativos de transporte<\/li><li>Um carro alugado oferece mais flexibilidade para explorar a regi\u00e3o<\/li><\/ul><\/div>\n\t\t\t\t<\/div>\n\t\t\t\t\t\t\t<div class=\"elementor-toggle-item\">\n\t\t\t\t\t<div id=\"elementor-tab-title-88511\" class=\"elementor-tab-title\" data-tab=\"11\" role=\"button\" aria-controls=\"elementor-tab-content-88511\" aria-expanded=\"false\">\n\t\t\t\t\t\t\t\t\t\t\t\t<span class=\"elementor-toggle-icon elementor-toggle-icon-left\" aria-hidden=\"true\">\n\t\t\t\t\t\t\t\t\t\t\t\t\t\t\t<span class=\"elementor-toggle-icon-closed\"><svg class=\"e-font-icon-svg e-fas-caret-right\" viewBox=\"0 0 192 512\" xmlns=\"http:\/\/www.w3.org\/2000\/svg\"><path d=\"M0 384.662V127.338c0-17.818 21.543-26.741 34.142-14.142l128.662 128.662c7.81 7.81 7.81 20.474 0 28.284L34.142 398.804C21.543 411.404 0 402.48 0 384.662z\"><\/path><\/svg><\/span>\n\t\t\t\t\t\t\t\t<span class=\"elementor-toggle-icon-opened\"><svg class=\"elementor-toggle-icon-opened e-font-icon-svg e-fas-caret-up\" viewBox=\"0 0 320 512\" xmlns=\"http:\/\/www.w3.org\/2000\/svg\"><path d=\"M288.662 352H31.338c-17.818 0-26.741-21.543-14.142-34.142l128.662-128.662c7.81-7.81 20.474-7.81 28.284 0l128.662 128.662c12.6 12.599 3.676 34.142-14.142 34.142z\"><\/path><\/svg><\/span>\n\t\t\t\t\t\t\t\t\t\t\t\t\t<\/span>\n\t\t\t\t\t\t\t\t\t\t\t\t<a class=\"elementor-toggle-title\" tabindex=\"0\">11. Quais s\u00e3o as melhores op\u00e7\u00f5es de compras em Gramado?<\/a>\n\t\t\t\t\t<\/div>\n\n\t\t\t\t\t<div id=\"elementor-tab-content-88511\" class=\"elementor-tab-content elementor-clearfix\" data-tab=\"11\" role=\"region\" aria-labelledby=\"elementor-tab-title-88511\"><p>Gramado \u00e9 \u00f3tima para compras:<\/p><ul><li>Chocolates artesanais<\/li><li>Artesanato local<\/li><li>Vinhos e espumantes da regi\u00e3o<\/li><li>Malhas e roupas de inverno<\/li><li>Decora\u00e7\u00e3o natalina<\/li><\/ul><\/div>\n\t\t\t\t<\/div>\n\t\t\t\t\t\t\t<div class=\"elementor-toggle-item\">\n\t\t\t\t\t<div id=\"elementor-tab-title-88512\" class=\"elementor-tab-title\" data-tab=\"12\" role=\"button\" aria-controls=\"elementor-tab-content-88512\" aria-expanded=\"false\">\n\t\t\t\t\t\t\t\t\t\t\t\t<span class=\"elementor-toggle-icon elementor-toggle-icon-left\" aria-hidden=\"true\">\n\t\t\t\t\t\t\t\t\t\t\t\t\t\t\t<span class=\"elementor-toggle-icon-closed\"><svg class=\"e-font-icon-svg e-fas-caret-right\" viewBox=\"0 0 192 512\" xmlns=\"http:\/\/www.w3.org\/2000\/svg\"><path d=\"M0 384.662V127.338c0-17.818 21.543-26.741 34.142-14.142l128.662 128.662c7.81 7.81 7.81 20.474 0 28.284L34.142 398.804C21.543 411.404 0 402.48 0 384.662z\"><\/path><\/svg><\/span>\n\t\t\t\t\t\t\t\t<span class=\"elementor-toggle-icon-opened\"><svg class=\"elementor-toggle-icon-opened e-font-icon-svg e-fas-caret-up\" viewBox=\"0 0 320 512\" xmlns=\"http:\/\/www.w3.org\/2000\/svg\"><path d=\"M288.662 352H31.338c-17.818 0-26.741-21.543-14.142-34.142l128.662-128.662c7.81-7.81 20.474-7.81 28.284 0l128.662 128.662c12.6 12.599 3.676 34.142-14.142 34.142z\"><\/path><\/svg><\/span>\n\t\t\t\t\t\t\t\t\t\t\t\t\t<\/span>\n\t\t\t\t\t\t\t\t\t\t\t\t<a class=\"elementor-toggle-title\" tabindex=\"0\">12. Como \u00e9 a vida noturna em Gramado?<\/a>\n\t\t\t\t\t<\/div>\n\n\t\t\t\t\t<div id=\"elementor-tab-content-88512\" class=\"elementor-tab-content elementor-clearfix\" data-tab=\"12\" role=\"region\" aria-labelledby=\"elementor-tab-title-88512\"><p>A vida noturna de Gramado \u00e9 tranquila e aconchegante:<\/p><ul><li>Bares e pubs com m\u00fasica ao vivo<\/li><li>Caf\u00e9s e chocolaterias<\/li><li>Cinemas e teatros<\/li><li>Cassino (para maiores de 18 anos)<\/li><\/ul><\/div>\n\t\t\t\t<\/div>\n\t\t\t\t\t\t\t<div class=\"elementor-toggle-item\">\n\t\t\t\t\t<div id=\"elementor-tab-title-88513\" class=\"elementor-tab-title\" data-tab=\"13\" role=\"button\" aria-controls=\"elementor-tab-content-88513\" aria-expanded=\"false\">\n\t\t\t\t\t\t\t\t\t\t\t\t<span class=\"elementor-toggle-icon elementor-toggle-icon-left\" aria-hidden=\"true\">\n\t\t\t\t\t\t\t\t\t\t\t\t\t\t\t<span class=\"elementor-toggle-icon-closed\"><svg class=\"e-font-icon-svg e-fas-caret-right\" viewBox=\"0 0 192 512\" xmlns=\"http:\/\/www.w3.org\/2000\/svg\"><path d=\"M0 384.662V127.338c0-17.818 21.543-26.741 34.142-14.142l128.662 128.662c7.81 7.81 7.81 20.474 0 28.284L34.142 398.804C21.543 411.404 0 402.48 0 384.662z\"><\/path><\/svg><\/span>\n\t\t\t\t\t\t\t\t<span class=\"elementor-toggle-icon-opened\"><svg class=\"elementor-toggle-icon-opened e-font-icon-svg e-fas-caret-up\" viewBox=\"0 0 320 512\" xmlns=\"http:\/\/www.w3.org\/2000\/svg\"><path d=\"M288.662 352H31.338c-17.818 0-26.741-21.543-14.142-34.142l128.662-128.662c7.81-7.81 20.474-7.81 28.284 0l128.662 128.662c12.6 12.599 3.676 34.142-14.142 34.142z\"><\/path><\/svg><\/span>\n\t\t\t\t\t\t\t\t\t\t\t\t\t<\/span>\n\t\t\t\t\t\t\t\t\t\t\t\t<a class=\"elementor-toggle-title\" tabindex=\"0\">13. Quais s\u00e3o as melhores atividades ao ar livre em Gramado?<\/a>\n\t\t\t\t\t<\/div>\n\n\t\t\t\t\t<div id=\"elementor-tab-content-88513\" class=\"elementor-tab-content elementor-clearfix\" data-tab=\"13\" role=\"region\" aria-labelledby=\"elementor-tab-title-88513\"><p>Para os amantes da natureza, Gramado oferece:<\/p><ul><li>Trilhas no Parque Knorr<\/li><li>Passeios de pedalinho no Lago Negro<\/li><li>Arvorismo no Parque Aventura<\/li><li>Cavalgadas nas fazendas da regi\u00e3o<\/li><\/ul><\/div>\n\t\t\t\t<\/div>\n\t\t\t\t\t\t\t<div class=\"elementor-toggle-item\">\n\t\t\t\t\t<div id=\"elementor-tab-title-88514\" class=\"elementor-tab-title\" data-tab=\"14\" role=\"button\" aria-controls=\"elementor-tab-content-88514\" aria-expanded=\"false\">\n\t\t\t\t\t\t\t\t\t\t\t\t<span class=\"elementor-toggle-icon elementor-toggle-icon-left\" aria-hidden=\"true\">\n\t\t\t\t\t\t\t\t\t\t\t\t\t\t\t<span class=\"elementor-toggle-icon-closed\"><svg class=\"e-font-icon-svg e-fas-caret-right\" viewBox=\"0 0 192 512\" xmlns=\"http:\/\/www.w3.org\/2000\/svg\"><path d=\"M0 384.662V127.338c0-17.818 21.543-26.741 34.142-14.142l128.662 128.662c7.81 7.81 7.81 20.474 0 28.284L34.142 398.804C21.543 411.404 0 402.48 0 384.662z\"><\/path><\/svg><\/span>\n\t\t\t\t\t\t\t\t<span class=\"elementor-toggle-icon-opened\"><svg class=\"elementor-toggle-icon-opened e-font-icon-svg e-fas-caret-up\" viewBox=\"0 0 320 512\" xmlns=\"http:\/\/www.w3.org\/2000\/svg\"><path d=\"M288.662 352H31.338c-17.818 0-26.741-21.543-14.142-34.142l128.662-128.662c7.81-7.81 20.474-7.81 28.284 0l128.662 128.662c12.6 12.599 3.676 34.142-14.142 34.142z\"><\/path><\/svg><\/span>\n\t\t\t\t\t\t\t\t\t\t\t\t\t<\/span>\n\t\t\t\t\t\t\t\t\t\t\t\t<a class=\"elementor-toggle-title\" tabindex=\"0\">14. Gramado \u00e9 um destino caro?<\/a>\n\t\t\t\t\t<\/div>\n\n\t\t\t\t\t<div id=\"elementor-tab-content-88514\" class=\"elementor-tab-content elementor-clearfix\" data-tab=\"14\" role=\"region\" aria-labelledby=\"elementor-tab-title-88514\"><p>Gramado pode ser considerado um destino de custo m\u00e9dio a alto:<\/p><ul><li>A alta temporada (inverno e Natal Luz) tende a ser mais cara<\/li><li>H\u00e1 op\u00e7\u00f5es de hospedagem e alimenta\u00e7\u00e3o para diversos or\u00e7amentos<\/li><li>Muitas atra\u00e7\u00f5es tur\u00edsticas s\u00e3o pagas, mas h\u00e1 tamb\u00e9m op\u00e7\u00f5es gratuitas<\/li><\/ul><\/div>\n\t\t\t\t<\/div>\n\t\t\t\t\t\t\t<div class=\"elementor-toggle-item\">\n\t\t\t\t\t<div id=\"elementor-tab-title-88515\" class=\"elementor-tab-title\" data-tab=\"15\" role=\"button\" aria-controls=\"elementor-tab-content-88515\" aria-expanded=\"false\">\n\t\t\t\t\t\t\t\t\t\t\t\t<span class=\"elementor-toggle-icon elementor-toggle-icon-left\" aria-hidden=\"true\">\n\t\t\t\t\t\t\t\t\t\t\t\t\t\t\t<span class=\"elementor-toggle-icon-closed\"><svg class=\"e-font-icon-svg e-fas-caret-right\" viewBox=\"0 0 192 512\" xmlns=\"http:\/\/www.w3.org\/2000\/svg\"><path d=\"M0 384.662V127.338c0-17.818 21.543-26.741 34.142-14.142l128.662 128.662c7.81 7.81 7.81 20.474 0 28.284L34.142 398.804C21.543 411.404 0 402.48 0 384.662z\"><\/path><\/svg><\/span>\n\t\t\t\t\t\t\t\t<span class=\"elementor-toggle-icon-opened\"><svg class=\"elementor-toggle-icon-opened e-font-icon-svg e-fas-caret-up\" viewBox=\"0 0 320 512\" xmlns=\"http:\/\/www.w3.org\/2000\/svg\"><path d=\"M288.662 352H31.338c-17.818 0-26.741-21.543-14.142-34.142l128.662-128.662c7.81-7.81 20.474-7.81 28.284 0l128.662 128.662c12.6 12.599 3.676 34.142-14.142 34.142z\"><\/path><\/svg><\/span>\n\t\t\t\t\t\t\t\t\t\t\t\t\t<\/span>\n\t\t\t\t\t\t\t\t\t\t\t\t<a class=\"elementor-toggle-title\" tabindex=\"0\">15. Qual a dist\u00e2ncia entre Gramado e Canela?<\/a>\n\t\t\t\t\t<\/div>\n\n\t\t\t\t\t<div id=\"elementor-tab-content-88515\" class=\"elementor-tab-content elementor-clearfix\" data-tab=\"15\" role=\"region\" aria-labelledby=\"elementor-tab-title-88515\"><p>Gramado e Canela s\u00e3o cidades vizinhas:<\/p><ul><li>A dist\u00e2ncia entre os centros das duas cidades \u00e9 de apenas 7 km<\/li><li>\u00c9 poss\u00edvel visitar ambas as cidades em uma \u00fanica viagem<\/li><li>H\u00e1 transporte p\u00fablico regular entre as duas cidades<\/li><\/ul><\/div>\n\t\t\t\t<\/div>\n\t\t\t\t\t\t\t\t\t\t<script type=\"application\/ld+json\">{\"@context\":\"https:\\\/\\\/schema.org\",\"@type\":\"FAQPage\",\"mainEntity\":[{\"@type\":\"Question\",\"name\":\"1. Qual \\u00e9 a melhor \\u00e9poca para visitar Gramado?\",\"acceptedAnswer\":{\"@type\":\"Answer\",\"text\":\"<p>Gramado \\u00e9 um destino encantador o ano todo, mas a melhor \\u00e9poca depende do que voc\\u00ea busca:<\\\/p><ul><li><strong>Inverno (Junho a Agosto)<\\\/strong>: Ideal para quem busca o clima frio e a possibilidade de neve. O Natal Luz come\\u00e7a em outubro e vai at\\u00e9 janeiro.<\\\/li><li><strong>Primavera (Setembro a Novembro)<\\\/strong>: Clima agrad\\u00e1vel e natureza exuberante.<\\\/li><li><strong>Ver\\u00e3o (Dezembro a Fevereiro)<\\\/strong>: Temperaturas mais amenas que o resto do Brasil, perfeito para fugir do calor intenso.<\\\/li><li><strong>Outono (Mar\\u00e7o a Maio)<\\\/strong>: Paisagens deslumbrantes com as folhas mudando de cor.<\\\/li><\\\/ul>\"}},{\"@type\":\"Question\",\"name\":\"2. O que devo levar na mala para Gramado?\",\"acceptedAnswer\":{\"@type\":\"Answer\",\"text\":\"<p>Sua mala para Gramado deve incluir:<\\\/p><ul><li>Roupas quentes (casacos, blusas de l\\u00e3, cal\\u00e7as)<\\\/li><li>Cal\\u00e7ados confort\\u00e1veis para caminhadas<\\\/li><li>Guarda-chuva ou capa de chuva<\\\/li><li>Protetor solar e \\u00f3culos de sol<\\\/li><li>C\\u00e2mera para registrar as belas paisagens<\\\/li><\\\/ul>\"}},{\"@type\":\"Question\",\"name\":\"3. Quais s\\u00e3o as principais atra\\u00e7\\u00f5es tur\\u00edsticas de Gramado?\",\"acceptedAnswer\":{\"@type\":\"Answer\",\"text\":\"<p>Gramado oferece diversas atra\\u00e7\\u00f5es imperd\\u00edveis:<\\\/p><ul><li>Mini Mundo<\\\/li><li>Snowland<\\\/li><li>Lago Negro<\\\/li><li>Rua Coberta<\\\/li><li>Parque Knorr<\\\/li><li>Museu de Cera Dreamland<\\\/li><li>Aldeia do Papai Noel<\\\/li><\\\/ul>\"}},{\"@type\":\"Question\",\"name\":\"4. Como \\u00e9 o clima em Gramado?\",\"acceptedAnswer\":{\"@type\":\"Answer\",\"text\":\"<p>Gramado tem um clima subtropical \\u00famido:<\\\/p><ul><li>Inverno: Temperaturas podem chegar a 0\\u00b0C ou menos<\\\/li><li>Ver\\u00e3o: Temperaturas m\\u00e1ximas em torno de 25\\u00b0C<\\\/li><li>Chuvas s\\u00e3o comuns ao longo do ano<\\\/li><\\\/ul>\"}},{\"@type\":\"Question\",\"name\":\"5. Quais s\\u00e3o as op\\u00e7\\u00f5es de hospedagem em Gramado?\",\"acceptedAnswer\":{\"@type\":\"Answer\",\"text\":\"<p>Gramado oferece diversas op\\u00e7\\u00f5es de hospedagem:<\\\/p><ul><li>Hot\\u00e9is luxuosos<\\\/li><li>Pousadas charmosas<\\\/li><li>Chal\\u00e9s aconchegantes<\\\/li><li>Resorts all-inclusive<\\\/li><li>Apartamentos para aluguel<\\\/li><\\\/ul>\"}},{\"@type\":\"Question\",\"name\":\"6. Como chegar a Gramado?\",\"acceptedAnswer\":{\"@type\":\"Answer\",\"text\":\"<p>Voc\\u00ea pode chegar a Gramado de v\\u00e1rias formas:<\\\/p><ul><li><strong>De avi\\u00e3o<\\\/strong>: O aeroporto mais pr\\u00f3ximo \\u00e9 o de Porto Alegre, a 115 km de Gramado<\\\/li><li><strong>De carro<\\\/strong>: Pela RS-115 ou BR-116<\\\/li><li><strong>De \\u00f4nibus<\\\/strong>: H\\u00e1 linhas regulares partindo de v\\u00e1rias cidades do Sul e Sudeste<\\\/li><\\\/ul>\"}},{\"@type\":\"Question\",\"name\":\"7. Quais s\\u00e3o os pratos t\\u00edpicos de Gramado?\",\"acceptedAnswer\":{\"@type\":\"Answer\",\"text\":\"<p>Alguns pratos imperd\\u00edveis incluem:<\\\/p><ul><li>Fondue (de queijo, carne ou chocolate)<\\\/li><li>Caf\\u00e9 colonial<\\\/li><li>Truta grelhada<\\\/li><li>Sopa de capeletti<\\\/li><li>Chocolate artesanal<\\\/li><\\\/ul>\"}},{\"@type\":\"Question\",\"name\":\"8. Gramado \\u00e9 um bom destino para crian\\u00e7as?\",\"acceptedAnswer\":{\"@type\":\"Answer\",\"text\":\"<p>Sim! Gramado oferece diversas atra\\u00e7\\u00f5es para fam\\u00edlias:<\\\/p><ul><li>Parque Snowland<\\\/li><li>Aldeia do Papai Noel<\\\/li><li>Mini Mundo<\\\/li><li>Mundo a Vapor<\\\/li><li>Parque Ga\\u00facho<\\\/li><\\\/ul>\"}},{\"@type\":\"Question\",\"name\":\"9. Quais eventos acontecem em Gramado?\",\"acceptedAnswer\":{\"@type\":\"Answer\",\"text\":\"<p>Gramado \\u00e9 famosa por seus eventos:<\\\/p><ul><li>Natal Luz (outubro a janeiro)<\\\/li><li>Festival de Cinema de Gramado (agosto)<\\\/li><li>Festa da Col\\u00f4nia (abril\\\/maio)<\\\/li><li>Chocofest (mar\\u00e7o\\\/abril)<\\\/li><\\\/ul>\"}},{\"@type\":\"Question\",\"name\":\"10. \\u00c9 necess\\u00e1rio alugar um carro em Gramado?\",\"acceptedAnswer\":{\"@type\":\"Answer\",\"text\":\"<p>N\\u00e3o \\u00e9 essencial, mas pode ser conveniente:<\\\/p><ul><li>O centro da cidade \\u00e9 facilmente explor\\u00e1vel a p\\u00e9<\\\/li><li>H\\u00e1 servi\\u00e7os de t\\u00e1xi e aplicativos de transporte<\\\/li><li>Um carro alugado oferece mais flexibilidade para explorar a regi\\u00e3o<\\\/li><\\\/ul>\"}},{\"@type\":\"Question\",\"name\":\"11. Quais s\\u00e3o as melhores op\\u00e7\\u00f5es de compras em Gramado?\",\"acceptedAnswer\":{\"@type\":\"Answer\",\"text\":\"<p>Gramado \\u00e9 \\u00f3tima para compras:<\\\/p><ul><li>Chocolates artesanais<\\\/li><li>Artesanato local<\\\/li><li>Vinhos e espumantes da regi\\u00e3o<\\\/li><li>Malhas e roupas de inverno<\\\/li><li>Decora\\u00e7\\u00e3o natalina<\\\/li><\\\/ul>\"}},{\"@type\":\"Question\",\"name\":\"12. Como \\u00e9 a vida noturna em Gramado?\",\"acceptedAnswer\":{\"@type\":\"Answer\",\"text\":\"<p>A vida noturna de Gramado \\u00e9 tranquila e aconchegante:<\\\/p><ul><li>Bares e pubs com m\\u00fasica ao vivo<\\\/li><li>Caf\\u00e9s e chocolaterias<\\\/li><li>Cinemas e teatros<\\\/li><li>Cassino (para maiores de 18 anos)<\\\/li><\\\/ul>\"}},{\"@type\":\"Question\",\"name\":\"13. Quais s\\u00e3o as melhores atividades ao ar livre em Gramado?\",\"acceptedAnswer\":{\"@type\":\"Answer\",\"text\":\"<p>Para os amantes da natureza, Gramado oferece:<\\\/p><ul><li>Trilhas no Parque Knorr<\\\/li><li>Passeios de pedalinho no Lago Negro<\\\/li><li>Arvorismo no Parque Aventura<\\\/li><li>Cavalgadas nas fazendas da regi\\u00e3o<\\\/li><\\\/ul>\"}},{\"@type\":\"Question\",\"name\":\"14. Gramado \\u00e9 um destino caro?\",\"acceptedAnswer\":{\"@type\":\"Answer\",\"text\":\"<p>Gramado pode ser considerado um destino de custo m\\u00e9dio a alto:<\\\/p><ul><li>A alta temporada (inverno e Natal Luz) tende a ser mais cara<\\\/li><li>H\\u00e1 op\\u00e7\\u00f5es de hospedagem e alimenta\\u00e7\\u00e3o para diversos or\\u00e7amentos<\\\/li><li>Muitas atra\\u00e7\\u00f5es tur\\u00edsticas s\\u00e3o pagas, mas h\\u00e1 tamb\\u00e9m op\\u00e7\\u00f5es gratuitas<\\\/li><\\\/ul>\"}},{\"@type\":\"Question\",\"name\":\"15. Qual a dist\\u00e2ncia entre Gramado e Canela?\",\"acceptedAnswer\":{\"@type\":\"Answer\",\"text\":\"<p>Gramado e Canela s\\u00e3o cidades vizinhas:<\\\/p><ul><li>A dist\\u00e2ncia entre os centros das duas cidades \\u00e9 de apenas 7 km<\\\/li><li>\\u00c9 poss\\u00edvel visitar ambas as cidades em uma \\u00fanica viagem<\\\/li><li>H\\u00e1 transporte p\\u00fablico regular entre as duas cidades<\\\/li><\\\/ul>\"}}]}<\/script>\n\t\t\t\t\t<\/div>\n\t\t\t\t<\/div>\n\t\t\t\t<\/div>\n\t\t\t\t\t<\/div>\n\t\t\t\t<\/div>\n\t\t<div class=\"elementor-element elementor-element-368f9f7 e-flex e-con-boxed e-con e-parent\" data-id=\"368f9f7\" data-element_type=\"container\" data-settings=\"{&quot;content_width&quot;:&quot;boxed&quot;}\" data-core-v316-plus=\"true\">\n\t\t\t\t\t<div class=\"e-con-inner\">\n\t\t\t\t<div class=\"elementor-element elementor-element-2909f5a elementor--h-position-center elementor--v-position-middle elementor-arrows-position-inside elementor-pagination-position-inside elementor-widget elementor-widget-slides\" data-id=\"2909f5a\" data-element_type=\"widget\" data-settings=\"{&quot;navigation&quot;:&quot;both&quot;,&quot;autoplay&quot;:&quot;yes&quot;,&quot;pause_on_hover&quot;:&quot;yes&quot;,&quot;pause_on_interaction&quot;:&quot;yes&quot;,&quot;autoplay_speed&quot;:5000,&quot;infinite&quot;:&quot;yes&quot;,&quot;transition&quot;:&quot;slide&quot;,&quot;transition_speed&quot;:500}\" data-widget_type=\"slides.default\">\n\t\t\t\t<div class=\"elementor-widget-container\">\n\t\t\t<style>\/*! elementor-pro - v3.18.0 - 20-12-2023 *\/\n.elementor-slides .swiper-slide-bg{background-size:cover;background-position:50%;background-repeat:no-repeat;min-width:100%;min-height:100%}.elementor-slides .swiper-slide-inner{background-repeat:no-repeat;background-position:50%;position:absolute;top:0;left:0;bottom:0;right:0;padding:50px;margin:auto}.elementor-slides .swiper-slide-inner,.elementor-slides .swiper-slide-inner:hover{color:#fff;display:flex}.elementor-slides .swiper-slide-inner .elementor-background-overlay{position:absolute;z-index:0;top:0;bottom:0;left:0;right:0}.elementor-slides .swiper-slide-inner .elementor-slide-content{position:relative;z-index:1;width:100%}.elementor-slides .swiper-slide-inner .elementor-slide-heading{font-size:35px;font-weight:700;line-height:1}.elementor-slides .swiper-slide-inner .elementor-slide-description{font-size:17px;line-height:1.4}.elementor-slides .swiper-slide-inner .elementor-slide-description:not(:last-child),.elementor-slides .swiper-slide-inner .elementor-slide-heading:not(:last-child){margin-bottom:30px}.elementor-slides .swiper-slide-inner .elementor-slide-button{border:2px solid #fff;color:#fff;background:transparent;display:inline-block}.elementor-slides .swiper-slide-inner .elementor-slide-button,.elementor-slides .swiper-slide-inner .elementor-slide-button:hover{background:transparent;color:inherit;text-decoration:none}.elementor--v-position-top .swiper-slide-inner{align-items:flex-start}.elementor--v-position-bottom .swiper-slide-inner{align-items:flex-end}.elementor--v-position-middle .swiper-slide-inner{align-items:center}.elementor--h-position-left .swiper-slide-inner{justify-content:flex-start}.elementor--h-position-right .swiper-slide-inner{justify-content:flex-end}.elementor--h-position-center .swiper-slide-inner{justify-content:center}body.rtl .elementor-widget-slides .elementor-swiper-button-next{left:10px;right:auto}body.rtl .elementor-widget-slides .elementor-swiper-button-prev{right:10px;left:auto}.elementor-slides-wrapper div:not(.swiper-slide)>.swiper-slide-inner{display:none}@media (max-width:767px){.elementor-slides .swiper-slide-inner{padding:30px}.elementor-slides .swiper-slide-inner .elementor-slide-heading{font-size:23px;line-height:1;margin-bottom:15px}.elementor-slides .swiper-slide-inner .elementor-slide-description{font-size:13px;line-height:1.4;margin-bottom:15px}}<\/style>\t\t<div class=\"elementor-swiper\">\n\t\t\t<div class=\"elementor-slides-wrapper elementor-main-swiper swiper-container\" dir=\"ltr\" data-animation=\"fadeInUp\">\n\t\t\t\t<div class=\"swiper-wrapper elementor-slides\">\n\t\t\t\t\t\t\t\t\t\t<div class=\"elementor-repeater-item-00271f8 swiper-slide\"><div class=\"swiper-slide-bg\" role=\"img\"><\/div><a class=\"swiper-slide-inner\" href=\"https:\/\/ofertas.blumarturismo.com.br\/resorts\"><div class=\"swiper-slide-contents\"><\/div><\/a><\/div><div class=\"elementor-repeater-item-71b0de2 swiper-slide\"><div class=\"swiper-slide-bg\" role=\"img\"><\/div><a class=\"swiper-slide-inner\" href=\"https:\/\/ofertas.blumarturismo.com.br\/passeio-de-lancha-rio-de-janeiro\"><div class=\"swiper-slide-contents\"><\/div><\/a><\/div><div class=\"elementor-repeater-item-332d8cd swiper-slide\"><div class=\"swiper-slide-bg\" role=\"img\"><\/div><a class=\"swiper-slide-inner\" href=\"https:\/\/ofertas.blumarturismo.com.br\/melhores-hoteis-do-rio-de-janeiro\"><div class=\"swiper-slide-contents\"><\/div><\/a><\/div><div class=\"elementor-repeater-item-46aaeea swiper-slide\"><div class=\"swiper-slide-bg\" role=\"img\"><\/div><a class=\"swiper-slide-inner\" href=\"https:\/\/ofertas.blumarturismo.com.br\/pacote-rota-dos-ventos\"><div class=\"swiper-slide-contents\"><\/div><\/a><\/div><div class=\"elementor-repeater-item-2bdaca9 swiper-slide\"><div class=\"swiper-slide-bg\" role=\"img\"><\/div><a class=\"swiper-slide-inner\" href=\"https:\/\/ofertas.blumarturismo.com.br\/temporada-de-cruzeiros\"><div class=\"swiper-slide-contents\"><\/div><\/a><\/div><div class=\"elementor-repeater-item-f956ea8 swiper-slide\"><div class=\"swiper-slide-bg\" role=\"img\"><\/div><a class=\"swiper-slide-inner\" href=\"https:\/\/ofertas.blumarturismo.com.br\/rota-das-emocoes\"><div class=\"swiper-slide-contents\"><\/div><\/a><\/div><div class=\"elementor-repeater-item-aee1f66 swiper-slide\"><div class=\"swiper-slide-bg\" role=\"img\"><\/div><a class=\"swiper-slide-inner\" href=\"https:\/\/ofertas.blumarturismo.com.br\/gramado\"><div class=\"swiper-slide-contents\"><\/div><\/a><\/div><div class=\"elementor-repeater-item-5e87a03 swiper-slide\"><div class=\"swiper-slide-bg\" role=\"img\"><\/div><a class=\"swiper-slide-inner\" href=\"https:\/\/ofertas.blumarturismo.com.br\/paraty\"><div class=\"swiper-slide-contents\"><\/div><\/a><\/div><div class=\"elementor-repeater-item-1bdad86 swiper-slide\"><div class=\"swiper-slide-bg\" role=\"img\"><\/div><a class=\"swiper-slide-inner\" href=\"https:\/\/ofertas.blumarturismo.com.br\/bonito\"><div class=\"swiper-slide-contents\"><\/div><\/a><\/div><div class=\"elementor-repeater-item-f2b10ae swiper-slide\"><div class=\"swiper-slide-bg\" role=\"img\"><\/div><a class=\"swiper-slide-inner\" href=\"https:\/\/ofertas.blumarturismo.com.br\/fernando-de-noronha\"><div class=\"swiper-slide-contents\"><\/div><\/a><\/div>\t\t\t\t<\/div>\n\t\t\t\t\t\t\t\t\t\t\t\t\t\t\t<div class=\"swiper-pagination\"><\/div>\n\t\t\t\t\t\t\t\t\t\t\t\t\t\t\t\t<div class=\"elementor-swiper-button elementor-swiper-button-prev\" role=\"button\" tabindex=\"0\">\n\t\t\t\t\t\t\t<svg aria-hidden=\"true\" class=\"e-font-icon-svg e-eicon-chevron-left\" viewBox=\"0 0 1000 1000\" xmlns=\"http:\/\/www.w3.org\/2000\/svg\"><path d=\"M646 125C629 125 613 133 604 142L308 442C296 454 292 471 292 487 292 504 296 521 308 533L604 854C617 867 629 875 646 875 663 875 679 871 692 858 704 846 713 829 713 812 713 796 708 779 692 767L438 487 692 225C700 217 708 204 708 187 708 171 704 154 692 142 675 129 663 125 646 125Z\"><\/path><\/svg>\t\t\t\t\t\t\t<span class=\"elementor-screen-only\">Previous slide<\/span>\n\t\t\t\t\t\t<\/div>\n\t\t\t\t\t\t<div class=\"elementor-swiper-button elementor-swiper-button-next\" role=\"button\" tabindex=\"0\">\n\t\t\t\t\t\t\t<svg aria-hidden=\"true\" class=\"e-font-icon-svg e-eicon-chevron-right\" viewBox=\"0 0 1000 1000\" xmlns=\"http:\/\/www.w3.org\/2000\/svg\"><path d=\"M696 533C708 521 713 504 713 487 713 471 708 454 696 446L400 146C388 133 375 125 354 125 338 125 325 129 313 142 300 154 292 171 292 187 292 204 296 221 308 233L563 492 304 771C292 783 288 800 288 817 288 833 296 850 308 863 321 871 338 875 354 875 371 875 388 867 400 854L696 533Z\"><\/path><\/svg>\t\t\t\t\t\t\t<span class=\"elementor-screen-only\">Next slide<\/span>\n\t\t\t\t\t\t<\/div>\n\t\t\t\t\t\t\t\t\t\t\t\t<\/div>\n\t\t<\/div>\n\t\t\t\t<\/div>\n\t\t\t\t<\/div>\n\t\t\t\t\t<\/div>\n\t\t\t\t<\/div>\n\t\t\t\t<section class=\"elementor-section elementor-top-section elementor-element elementor-element-315c9c0 elementor-section-boxed elementor-section-height-default elementor-section-height-default\" data-id=\"315c9c0\" data-element_type=\"section\">\n\t\t\t\t\t\t<div class=\"elementor-container elementor-column-gap-default\">\n\t\t\t\t\t<div class=\"elementor-column elementor-col-100 elementor-top-column elementor-element elementor-element-41c2a4d\" data-id=\"41c2a4d\" data-element_type=\"column\" data-settings=\"{&quot;background_background&quot;:&quot;classic&quot;}\">\n\t\t\t<div class=\"elementor-widget-wrap elementor-element-populated\">\n\t\t\t\t\t\t\t\t<div class=\"elementor-element elementor-element-0c9a2af elementor-view-stacked elementor-position-left elementor-vertical-align-middle elementor-shape-circle elementor-mobile-position-top elementor-widget elementor-widget-icon-box\" data-id=\"0c9a2af\" data-element_type=\"widget\" data-widget_type=\"icon-box.default\">\n\t\t\t\t<div class=\"elementor-widget-container\">\n\t\t\t<link rel=\"stylesheet\" href=\"https:\/\/www.blumarturismo.com.br\/blog\/wp-content\/plugins\/elementor\/assets\/css\/widget-icon-box.min.css\">\t\t<div class=\"elementor-icon-box-wrapper\">\n\t\t\t\t\t\t<div class=\"elementor-icon-box-icon\">\n\t\t\t\t<a href=\"https:\/\/www.instagram.com\/p\/CUNR9t-sFBc\/\" class=\"elementor-icon elementor-animation-\" tabindex=\"-1\">\n\t\t\t\t<svg aria-hidden=\"true\" class=\"e-font-icon-svg e-fab-instagram\" viewBox=\"0 0 448 512\" xmlns=\"http:\/\/www.w3.org\/2000\/svg\"><path d=\"M224.1 141c-63.6 0-114.9 51.3-114.9 114.9s51.3 114.9 114.9 114.9S339 319.5 339 255.9 287.7 141 224.1 141zm0 189.6c-41.1 0-74.7-33.5-74.7-74.7s33.5-74.7 74.7-74.7 74.7 33.5 74.7 74.7-33.6 74.7-74.7 74.7zm146.4-194.3c0 14.9-12 26.8-26.8 26.8-14.9 0-26.8-12-26.8-26.8s12-26.8 26.8-26.8 26.8 12 26.8 26.8zm76.1 27.2c-1.7-35.9-9.9-67.7-36.2-93.9-26.2-26.2-58-34.4-93.9-36.2-37-2.1-147.9-2.1-184.9 0-35.8 1.7-67.6 9.9-93.9 36.1s-34.4 58-36.2 93.9c-2.1 37-2.1 147.9 0 184.9 1.7 35.9 9.9 67.7 36.2 93.9s58 34.4 93.9 36.2c37 2.1 147.9 2.1 184.9 0 35.9-1.7 67.7-9.9 93.9-36.2 26.2-26.2 34.4-58 36.2-93.9 2.1-37 2.1-147.8 0-184.8zM398.8 388c-7.8 19.6-22.9 34.7-42.6 42.6-29.5 11.7-99.5 9-132.1 9s-102.7 2.6-132.1-9c-19.6-7.8-34.7-22.9-42.6-42.6-11.7-29.5-9-99.5-9-132.1s-2.6-102.7 9-132.1c7.8-19.6 22.9-34.7 42.6-42.6 29.5-11.7 99.5-9 132.1-9s102.7-2.6 132.1 9c19.6 7.8 34.7 22.9 42.6 42.6 11.7 29.5 9 99.5 9 132.1s2.7 102.7-9 132.1z\"><\/path><\/svg>\t\t\t\t<\/a>\n\t\t\t<\/div>\n\t\t\t\t\t\t<div class=\"elementor-icon-box-content\">\n\t\t\t\t<h6 class=\"elementor-icon-box-title\">\n\t\t\t\t\t<a href=\"https:\/\/www.instagram.com\/p\/CUNR9t-sFBc\/\" >\n\t\t\t\t\t\tCUrtiu a dica? \t\t\t\t\t<\/a>\n\t\t\t\t<\/h6>\n\t\t\t\t\t\t\t\t\t<p class=\"elementor-icon-box-description\">\n\t\t\t\t\t\tSiga a Blumar e compartilhe com quem voc\u00ea quer levar para esse para\u00edso!\t\t\t\t\t<\/p>\n\t\t\t\t\t\t\t<\/div>\n\t\t<\/div>\n\t\t\t\t<\/div>\n\t\t\t\t<\/div>\n\t\t\t\t\t<\/div>\n\t\t<\/div>\n\t\t\t\t\t\t\t<\/div>\n\t\t<\/section>\n\t\t\t\t<section class=\"elementor-section elementor-top-section elementor-element elementor-element-4ef75a0 elementor-section-boxed elementor-section-height-default elementor-section-height-default\" data-id=\"4ef75a0\" data-element_type=\"section\">\n\t\t\t\t\t\t<div class=\"elementor-container elementor-column-gap-default\">\n\t\t\t\t\t<div class=\"elementor-column elementor-col-100 elementor-top-column elementor-element elementor-element-4ad6a1b\" data-id=\"4ad6a1b\" data-element_type=\"column\">\n\t\t\t<div class=\"elementor-widget-wrap elementor-element-populated\">\n\t\t\t\t\t\t\t\t<section class=\"elementor-section elementor-inner-section elementor-element elementor-element-92b4052 elementor-section-boxed elementor-section-height-default elementor-section-height-default\" data-id=\"92b4052\" data-element_type=\"section\">\n\t\t\t\t\t\t<div class=\"elementor-container elementor-column-gap-no\">\n\t\t\t\t\t<div class=\"elementor-column elementor-col-100 elementor-inner-column elementor-element elementor-element-bc439cc\" data-id=\"bc439cc\" data-element_type=\"column\">\n\t\t\t<div class=\"elementor-widget-wrap elementor-element-populated\">\n\t\t\t\t\t\t\t\t<div class=\"elementor-element elementor-element-e5da799 elementor-widget-divider--view-line elementor-widget elementor-widget-divider\" data-id=\"e5da799\" data-element_type=\"widget\" data-widget_type=\"divider.default\">\n\t\t\t\t<div class=\"elementor-widget-container\">\n\t\t\t\t\t<div class=\"elementor-divider\">\n\t\t\t<span class=\"elementor-divider-separator\">\n\t\t\t\t\t\t<\/span>\n\t\t<\/div>\n\t\t\t\t<\/div>\n\t\t\t\t<\/div>\n\t\t\t\t<div class=\"elementor-element elementor-element-d7cf0f1 elementor-widget elementor-widget-text-editor\" data-id=\"d7cf0f1\" data-element_type=\"widget\" data-widget_type=\"text-editor.default\">\n\t\t\t\t<div class=\"elementor-widget-container\">\n\t\t\t\t\t\t\t<h2 style=\"text-align: center;\"><span style=\"color: #ff9600;\"><strong>Confira nossas Ofertas de 2025<\/strong><\/span><\/h2>\t\t\t\t\t\t<\/div>\n\t\t\t\t<\/div>\n\t\t\t\t<div class=\"elementor-element elementor-element-672812a elementor-widget elementor-widget-text-editor\" data-id=\"672812a\" data-element_type=\"widget\" data-widget_type=\"text-editor.default\">\n\t\t\t\t<div class=\"elementor-widget-container\">\n\t\t\t\t\t\t\t<p>Acreditamos que voc\u00ea possa gostar dessas novidades abaixo, por isso r<span style=\"color: var( --e-global-color-text );\">eunimos aqui as melhores promo\u00e7\u00f5es e condi\u00e7\u00f5es para deixar a sua viagem ainda mais interessante.<\/span><\/p>\t\t\t\t\t\t<\/div>\n\t\t\t\t<\/div>\n\t\t\t\t\t<\/div>\n\t\t<\/div>\n\t\t\t\t\t\t\t<\/div>\n\t\t<\/section>\n\t\t<div class=\"elementor-element elementor-element-379b8b0 e-flex e-con-boxed e-con e-parent\" data-id=\"379b8b0\" data-element_type=\"container\" data-settings=\"{&quot;content_width&quot;:&quot;boxed&quot;}\" data-core-v316-plus=\"true\">\n\t\t\t\t\t<div class=\"e-con-inner\">\n\t\t<div class=\"elementor-element elementor-element-e96a4f7 e-con-full e-flex e-con e-child\" data-id=\"e96a4f7\" data-element_type=\"container\" data-settings=\"{&quot;content_width&quot;:&quot;full&quot;}\">\n\t\t\t\t<div class=\"elementor-element elementor-element-6621dd7 elementor-widget elementor-widget-image\" data-id=\"6621dd7\" data-element_type=\"widget\" data-widget_type=\"image.default\">\n\t\t\t\t<div class=\"elementor-widget-container\">\n\t\t\t\t\t\t\t\t\t\t\t\t\t\t\t\t<a href=\"https:\/\/ofertas.blumarturismo.com.br\/rota-das-emocoes?utm_source=blog&#038;utm_medium=mini_banner_blog&#038;utm_campaign=ofertas_banner\">\n\t\t\t\t\t\t\t<img loading=\"lazy\" decoding=\"async\" width=\"360\" height=\"280\" src=\"https:\/\/www.blumarturismo.com.br\/blog\/wp-content\/uploads\/2023\/05\/lxs3m34jodk.jpg\" class=\"attachment-large size-large wp-image-52454\" alt=\"Rota das Emo\u00e7\u00f5es\" srcset=\"https:\/\/www.blumarturismo.com.br\/blog\/wp-content\/uploads\/2023\/05\/lxs3m34jodk.jpg 360w, https:\/\/www.blumarturismo.com.br\/blog\/wp-content\/uploads\/2023\/05\/lxs3m34jodk-300x233.jpg 300w\" sizes=\"auto, (max-width: 360px) 100vw, 360px\" \/>\t\t\t\t\t\t\t\t<\/a>\n\t\t\t\t\t\t\t\t\t\t\t\t\t\t\t<\/div>\n\t\t\t\t<\/div>\n\t\t\t\t<\/div>\n\t\t<div class=\"elementor-element elementor-element-2feb894 e-con-full e-flex e-con e-child\" data-id=\"2feb894\" data-element_type=\"container\" data-settings=\"{&quot;content_width&quot;:&quot;full&quot;}\">\n\t\t\t\t<div class=\"elementor-element elementor-element-2e3e5cc elementor-widget elementor-widget-image\" data-id=\"2e3e5cc\" data-element_type=\"widget\" data-widget_type=\"image.default\">\n\t\t\t\t<div class=\"elementor-widget-container\">\n\t\t\t\t\t\t\t\t\t\t\t\t\t\t\t\t<a href=\"https:\/\/ofertas.blumarturismo.com.br\/melhores-hoteis-do-rio-de-janeiro\">\n\t\t\t\t\t\t\t<img loading=\"lazy\" decoding=\"async\" width=\"360\" height=\"280\" src=\"https:\/\/www.blumarturismo.com.br\/blog\/wp-content\/uploads\/2023\/05\/rio-1.jpg\" class=\"attachment-large size-large wp-image-52456\" alt=\"Rio de Janeiro\" srcset=\"https:\/\/www.blumarturismo.com.br\/blog\/wp-content\/uploads\/2023\/05\/rio-1.jpg 360w, https:\/\/www.blumarturismo.com.br\/blog\/wp-content\/uploads\/2023\/05\/rio-1-300x233.jpg 300w\" sizes=\"auto, (max-width: 360px) 100vw, 360px\" \/>\t\t\t\t\t\t\t\t<\/a>\n\t\t\t\t\t\t\t\t\t\t\t\t\t\t\t<\/div>\n\t\t\t\t<\/div>\n\t\t\t\t<\/div>\n\t\t\t\t\t<\/div>\n\t\t\t\t<\/div>\n\t\t<div class=\"elementor-element elementor-element-f40875e e-flex e-con-boxed e-con e-parent\" data-id=\"f40875e\" data-element_type=\"container\" data-settings=\"{&quot;content_width&quot;:&quot;boxed&quot;}\" data-core-v316-plus=\"true\">\n\t\t\t\t\t<div class=\"e-con-inner\">\n\t\t<div class=\"elementor-element elementor-element-810ac6b e-con-full e-flex e-con e-child\" data-id=\"810ac6b\" data-element_type=\"container\" data-settings=\"{&quot;content_width&quot;:&quot;full&quot;}\">\n\t\t\t\t<div class=\"elementor-element elementor-element-60b80c2 elementor-widget elementor-widget-image\" data-id=\"60b80c2\" data-element_type=\"widget\" data-widget_type=\"image.default\">\n\t\t\t\t<div class=\"elementor-widget-container\">\n\t\t\t\t\t\t\t\t\t\t\t\t\t\t\t\t<a href=\"https:\/\/ofertas.blumarturismo.com.br\/temporada-de-cruzeiros?utm_source=blog&#038;utm_medium=banner&#038;utm_campaign=slider-criativo-cruzeiros&#038;utm_id=Cruzeiros\">\n\t\t\t\t\t\t\t<img loading=\"lazy\" decoding=\"async\" width=\"360\" height=\"280\" src=\"https:\/\/www.blumarturismo.com.br\/blog\/wp-content\/uploads\/2023\/05\/cruzeiro.jpg\" class=\"attachment-large size-large wp-image-52455\" alt=\"Cruzeiros\" srcset=\"https:\/\/www.blumarturismo.com.br\/blog\/wp-content\/uploads\/2023\/05\/cruzeiro.jpg 360w, https:\/\/www.blumarturismo.com.br\/blog\/wp-content\/uploads\/2023\/05\/cruzeiro-300x233.jpg 300w\" sizes=\"auto, (max-width: 360px) 100vw, 360px\" \/>\t\t\t\t\t\t\t\t<\/a>\n\t\t\t\t\t\t\t\t\t\t\t\t\t\t\t<\/div>\n\t\t\t\t<\/div>\n\t\t\t\t<\/div>\n\t\t<div class=\"elementor-element elementor-element-3303aba e-con-full e-flex e-con e-child\" data-id=\"3303aba\" data-element_type=\"container\" data-settings=\"{&quot;content_width&quot;:&quot;full&quot;}\">\n\t\t\t\t<div class=\"elementor-element elementor-element-332e78c elementor-widget elementor-widget-image\" data-id=\"332e78c\" data-element_type=\"widget\" data-widget_type=\"image.default\">\n\t\t\t\t<div class=\"elementor-widget-container\">\n\t\t\t\t\t\t\t\t\t\t\t\t\t\t\t\t<a href=\"https:\/\/ofertas.blumarturismo.com.br\/as-melhores-ofertas-hoteis-do-nordeste?utm_source=blog&#038;utm_medium=mini_banner_blog&#038;utm_campaign=ofertas_banner\">\n\t\t\t\t\t\t\t<img loading=\"lazy\" decoding=\"async\" width=\"360\" height=\"280\" src=\"https:\/\/www.blumarturismo.com.br\/blog\/wp-content\/uploads\/2023\/05\/77g0pxi7l3j.jpg\" class=\"attachment-large size-large wp-image-52453\" alt=\"Nordeste\" srcset=\"https:\/\/www.blumarturismo.com.br\/blog\/wp-content\/uploads\/2023\/05\/77g0pxi7l3j.jpg 360w, https:\/\/www.blumarturismo.com.br\/blog\/wp-content\/uploads\/2023\/05\/77g0pxi7l3j-300x233.jpg 300w\" sizes=\"auto, (max-width: 360px) 100vw, 360px\" \/>\t\t\t\t\t\t\t\t<\/a>\n\t\t\t\t\t\t\t\t\t\t\t\t\t\t\t<\/div>\n\t\t\t\t<\/div>\n\t\t\t\t<\/div>\n\t\t\t\t\t<\/div>\n\t\t\t\t<\/div>\n\t\t<div class=\"elementor-element elementor-element-4de4649 e-flex e-con-boxed e-con e-parent\" data-id=\"4de4649\" data-element_type=\"container\" data-settings=\"{&quot;content_width&quot;:&quot;boxed&quot;}\" data-core-v316-plus=\"true\">\n\t\t\t\t\t<div class=\"e-con-inner\">\n\t\t<div class=\"elementor-element elementor-element-86fb65f e-con-full e-flex e-con e-child\" data-id=\"86fb65f\" data-element_type=\"container\" data-settings=\"{&quot;content_width&quot;:&quot;full&quot;}\">\n\t\t\t\t<div class=\"elementor-element elementor-element-d5e9c83 elementor-widget elementor-widget-image\" data-id=\"d5e9c83\" data-element_type=\"widget\" data-widget_type=\"image.default\">\n\t\t\t\t<div class=\"elementor-widget-container\">\n\t\t\t\t\t\t\t\t\t\t\t\t\t\t\t\t<a href=\"https:\/\/ofertas.blumarturismo.com.br\/passeios-de-barcos-privativos-rio?utm_source=blog&#038;utm_medium=mini_banner_blog&#038;utm_campaign=ofertas_banner\">\n\t\t\t\t\t\t\t<img loading=\"lazy\" decoding=\"async\" width=\"360\" height=\"280\" src=\"https:\/\/www.blumarturismo.com.br\/blog\/wp-content\/uploads\/2023\/05\/6rcausl025o.jpg\" class=\"attachment-large size-large wp-image-52452\" alt=\"Passeio de barco RJ\" srcset=\"https:\/\/www.blumarturismo.com.br\/blog\/wp-content\/uploads\/2023\/05\/6rcausl025o.jpg 360w, https:\/\/www.blumarturismo.com.br\/blog\/wp-content\/uploads\/2023\/05\/6rcausl025o-300x233.jpg 300w\" sizes=\"auto, (max-width: 360px) 100vw, 360px\" \/>\t\t\t\t\t\t\t\t<\/a>\n\t\t\t\t\t\t\t\t\t\t\t\t\t\t\t<\/div>\n\t\t\t\t<\/div>\n\t\t\t\t<\/div>\n\t\t<div class=\"elementor-element elementor-element-ccb50b3 e-con-full e-flex e-con e-child\" data-id=\"ccb50b3\" data-element_type=\"container\" data-settings=\"{&quot;content_width&quot;:&quot;full&quot;}\">\n\t\t\t\t<div class=\"elementor-element elementor-element-43316ab elementor-widget elementor-widget-image\" data-id=\"43316ab\" data-element_type=\"widget\" data-widget_type=\"image.default\">\n\t\t\t\t<div class=\"elementor-widget-container\">\n\t\t\t\t\t\t\t\t\t\t\t\t\t\t\t\t<a href=\"https:\/\/ofertas.blumarturismo.com.br\/resorts\">\n\t\t\t\t\t\t\t<img loading=\"lazy\" decoding=\"async\" width=\"360\" height=\"280\" src=\"https:\/\/www.blumarturismo.com.br\/blog\/wp-content\/uploads\/2023\/05\/banner_landing-1.jpg\" class=\"attachment-large size-large wp-image-52497\" alt=\"Resorts\" srcset=\"https:\/\/www.blumarturismo.com.br\/blog\/wp-content\/uploads\/2023\/05\/banner_landing-1.jpg 360w, https:\/\/www.blumarturismo.com.br\/blog\/wp-content\/uploads\/2023\/05\/banner_landing-1-300x233.jpg 300w\" sizes=\"auto, (max-width: 360px) 100vw, 360px\" \/>\t\t\t\t\t\t\t\t<\/a>\n\t\t\t\t\t\t\t\t\t\t\t\t\t\t\t<\/div>\n\t\t\t\t<\/div>\n\t\t\t\t<\/div>\n\t\t\t\t\t<\/div>\n\t\t\t\t<\/div>\n\t\t\t\t\t<\/div>\n\t\t<\/div>\n\t\t\t\t\t\t\t<\/div>\n\t\t<\/section>\n\t\t\t\t\t\t\t<\/div>\n\t\t","protected":false},"excerpt":{"rendered":"<p>Se est\u00e1 a planear uma viagem para Gramado, saber o que levar na mala \u00e9 crucial para que a sua experi\u00eancia seja a melhor poss\u00edvel. Neste artigo, vamos gui\u00e1-lo passo a passo sobre o que deve levar na sua mala quando viaja para esta linda cidade localizada na serra ga\u00facha.&#46;&#46;&#46;<\/p>\n","protected":false},"author":10,"featured_media":28385,"comment_status":"closed","ping_status":"closed","sticky":false,"template":"","format":"standard","meta":{"footnotes":""},"categories":[690,694],"tags":[],"class_list":["post-28369","post","type-post","status-publish","format-standard","has-post-thumbnail","hentry","category-destinos-nacionais","category-dicas-de-viagem"],"yoast_head":"<!-- This site is optimized with the Yoast SEO Premium plugin v19.4 (Yoast SEO v24.1) - https:\/\/yoast.com\/wordpress\/plugins\/seo\/ -->\n<title>O que levar na mala para Gramado: Dicas essenciais para a sua viagem<\/title>\n<meta name=\"description\" content=\"Descubra tudo o que precisa levar na mala para sua viagem a Gramado. Prepare-se para o clima vari\u00e1vel e aproveite ao m\u00e1ximo a cidade!\" \/>\n<meta name=\"robots\" content=\"index, follow, max-snippet:-1, max-image-preview:large, max-video-preview:-1\" \/>\n<link rel=\"canonical\" href=\"https:\/\/www.blumarturismo.com.br\/blog\/o-que-levar-na-mala-para-gramado-dicas-essenciais-para-a-sua-viagem\/\" \/>\n<meta property=\"og:locale\" content=\"pt_BR\" \/>\n<meta property=\"og:type\" content=\"article\" \/>\n<meta property=\"og:title\" content=\"O que levar na mala para Gramado: Dicas essenciais para a sua viagem\" \/>\n<meta property=\"og:description\" content=\"Descubra tudo o que precisa levar na mala para sua viagem a Gramado. Prepare-se para o clima vari\u00e1vel e aproveite ao m\u00e1ximo a cidade!\" \/>\n<meta property=\"og:url\" content=\"https:\/\/www.blumarturismo.com.br\/blog\/o-que-levar-na-mala-para-gramado-dicas-essenciais-para-a-sua-viagem\/\" \/>\n<meta property=\"og:site_name\" content=\"Blog Blumar Turismo: O Seu Portal para Viagens Extraordin\u00e1rias\" \/>\n<meta property=\"article:publisher\" content=\"https:\/\/www.facebook.com\/blumarviagenseturismo\" \/>\n<meta property=\"article:author\" content=\"https:\/\/www.facebook.com\/blumarviagenseturismo\" \/>\n<meta property=\"article:published_time\" content=\"2024-10-21T13:17:07+00:00\" \/>\n<meta property=\"article:modified_time\" content=\"2025-02-27T20:06:19+00:00\" \/>\n<meta property=\"og:image\" content=\"https:\/\/www.blumarturismo.com.br\/blog\/wp-content\/uploads\/2023\/05\/27030973528_6d145649ad_k-1-2.jpg\" \/>\n\t<meta property=\"og:image:width\" content=\"2048\" \/>\n\t<meta property=\"og:image:height\" content=\"1367\" \/>\n\t<meta property=\"og:image:type\" content=\"image\/jpeg\" \/>\n<meta name=\"author\" content=\"Blumar Turismo\" \/>\n<meta name=\"twitter:card\" content=\"summary_large_image\" \/>\n<meta name=\"twitter:label1\" content=\"Escrito por\" \/>\n\t<meta name=\"twitter:data1\" content=\"Blumar Turismo\" \/>\n\t<meta name=\"twitter:label2\" content=\"Est. tempo de leitura\" \/>\n\t<meta name=\"twitter:data2\" content=\"30 minutos\" \/>\n<script type=\"application\/ld+json\" class=\"yoast-schema-graph\">{\"@context\":\"https:\/\/schema.org\",\"@graph\":[{\"@type\":\"Article\",\"@id\":\"https:\/\/www.blumarturismo.com.br\/blog\/o-que-levar-na-mala-para-gramado-dicas-essenciais-para-a-sua-viagem\/#article\",\"isPartOf\":{\"@id\":\"https:\/\/www.blumarturismo.com.br\/blog\/o-que-levar-na-mala-para-gramado-dicas-essenciais-para-a-sua-viagem\/\"},\"author\":{\"name\":\"Blumar Turismo\",\"@id\":\"https:\/\/www.blumarturismo.com.br\/blog\/#\/schema\/person\/8c5b522f6a79142bafca484c4604fba7\"},\"headline\":\"O que levar na mala para Gramado: Dicas essenciais para a sua viagem\",\"datePublished\":\"2024-10-21T13:17:07+00:00\",\"dateModified\":\"2025-02-27T20:06:19+00:00\",\"mainEntityOfPage\":{\"@id\":\"https:\/\/www.blumarturismo.com.br\/blog\/o-que-levar-na-mala-para-gramado-dicas-essenciais-para-a-sua-viagem\/\"},\"wordCount\":1838,\"publisher\":{\"@id\":\"https:\/\/www.blumarturismo.com.br\/blog\/#organization\"},\"image\":{\"@id\":\"https:\/\/www.blumarturismo.com.br\/blog\/o-que-levar-na-mala-para-gramado-dicas-essenciais-para-a-sua-viagem\/#primaryimage\"},\"thumbnailUrl\":\"https:\/\/www.blumarturismo.com.br\/blog\/wp-content\/uploads\/2023\/05\/27030973528_6d145649ad_k-1-2.jpg\",\"articleSection\":[\"Destinos Nacionais\",\"Dicas de Viagem\"],\"inLanguage\":\"pt-BR\"},{\"@type\":\"WebPage\",\"@id\":\"https:\/\/www.blumarturismo.com.br\/blog\/o-que-levar-na-mala-para-gramado-dicas-essenciais-para-a-sua-viagem\/\",\"url\":\"https:\/\/www.blumarturismo.com.br\/blog\/o-que-levar-na-mala-para-gramado-dicas-essenciais-para-a-sua-viagem\/\",\"name\":\"O que levar na mala para Gramado: Dicas essenciais para a sua viagem\",\"isPartOf\":{\"@id\":\"https:\/\/www.blumarturismo.com.br\/blog\/#website\"},\"primaryImageOfPage\":{\"@id\":\"https:\/\/www.blumarturismo.com.br\/blog\/o-que-levar-na-mala-para-gramado-dicas-essenciais-para-a-sua-viagem\/#primaryimage\"},\"image\":{\"@id\":\"https:\/\/www.blumarturismo.com.br\/blog\/o-que-levar-na-mala-para-gramado-dicas-essenciais-para-a-sua-viagem\/#primaryimage\"},\"thumbnailUrl\":\"https:\/\/www.blumarturismo.com.br\/blog\/wp-content\/uploads\/2023\/05\/27030973528_6d145649ad_k-1-2.jpg\",\"datePublished\":\"2024-10-21T13:17:07+00:00\",\"dateModified\":\"2025-02-27T20:06:19+00:00\",\"description\":\"Descubra tudo o que precisa levar na mala para sua viagem a Gramado. Prepare-se para o clima vari\u00e1vel e aproveite ao m\u00e1ximo a cidade!\",\"breadcrumb\":{\"@id\":\"https:\/\/www.blumarturismo.com.br\/blog\/o-que-levar-na-mala-para-gramado-dicas-essenciais-para-a-sua-viagem\/#breadcrumb\"},\"inLanguage\":\"pt-BR\",\"potentialAction\":[{\"@type\":\"ReadAction\",\"target\":[\"https:\/\/www.blumarturismo.com.br\/blog\/o-que-levar-na-mala-para-gramado-dicas-essenciais-para-a-sua-viagem\/\"]}]},{\"@type\":\"ImageObject\",\"inLanguage\":\"pt-BR\",\"@id\":\"https:\/\/www.blumarturismo.com.br\/blog\/o-que-levar-na-mala-para-gramado-dicas-essenciais-para-a-sua-viagem\/#primaryimage\",\"url\":\"https:\/\/www.blumarturismo.com.br\/blog\/wp-content\/uploads\/2023\/05\/27030973528_6d145649ad_k-1-2.jpg\",\"contentUrl\":\"https:\/\/www.blumarturismo.com.br\/blog\/wp-content\/uploads\/2023\/05\/27030973528_6d145649ad_k-1-2.jpg\",\"width\":2048,\"height\":1367,\"caption\":\"Foto: Renato Soares \/ MTur\"},{\"@type\":\"BreadcrumbList\",\"@id\":\"https:\/\/www.blumarturismo.com.br\/blog\/o-que-levar-na-mala-para-gramado-dicas-essenciais-para-a-sua-viagem\/#breadcrumb\",\"itemListElement\":[{\"@type\":\"ListItem\",\"position\":1,\"name\":\"In\u00edcio\",\"item\":\"https:\/\/www.blumarturismo.com.br\/blog\/\"},{\"@type\":\"ListItem\",\"position\":2,\"name\":\"O que levar na mala para Gramado: Dicas essenciais para a sua viagem\"}]},{\"@type\":\"WebSite\",\"@id\":\"https:\/\/www.blumarturismo.com.br\/blog\/#website\",\"url\":\"https:\/\/www.blumarturismo.com.br\/blog\/\",\"name\":\"Blog Blumar Turismo: O Seu Portal para Viagens Extraordin\u00e1rias\",\"description\":\"Viajar \u00e9 nossa paix\u00e3o e expertise, e agora compartilhamos isso com voc\u00ea atrav\u00e9s do nosso blog. Com mais de 30 anos de hist\u00f3ria, a Blumar Turismo \u00e9 seu parceiro confi\u00e1vel para aventuras memor\u00e1veis. Explore conosco\",\"publisher\":{\"@id\":\"https:\/\/www.blumarturismo.com.br\/blog\/#organization\"},\"potentialAction\":[{\"@type\":\"SearchAction\",\"target\":{\"@type\":\"EntryPoint\",\"urlTemplate\":\"https:\/\/www.blumarturismo.com.br\/blog\/?s={search_term_string}\"},\"query-input\":{\"@type\":\"PropertyValueSpecification\",\"valueRequired\":true,\"valueName\":\"search_term_string\"}}],\"inLanguage\":\"pt-BR\"},{\"@type\":\"Organization\",\"@id\":\"https:\/\/www.blumarturismo.com.br\/blog\/#organization\",\"name\":\"Blumar Turismo\",\"url\":\"https:\/\/www.blumarturismo.com.br\/blog\/\",\"logo\":{\"@type\":\"ImageObject\",\"inLanguage\":\"pt-BR\",\"@id\":\"https:\/\/www.blumarturismo.com.br\/blog\/#\/schema\/logo\/image\/\",\"url\":\"https:\/\/www.blumarturismo.com.br\/blog\/wp-content\/uploads\/2020\/11\/cropped-logo_blumar_nacional2-2.jpg\",\"contentUrl\":\"https:\/\/www.blumarturismo.com.br\/blog\/wp-content\/uploads\/2020\/11\/cropped-logo_blumar_nacional2-2.jpg\",\"width\":167,\"height\":50,\"caption\":\"Blumar Turismo\"},\"image\":{\"@id\":\"https:\/\/www.blumarturismo.com.br\/blog\/#\/schema\/logo\/image\/\"},\"sameAs\":[\"https:\/\/www.facebook.com\/blumarviagenseturismo\",\"https:\/\/www.instagram.com\/blumarturismo\/\"]},{\"@type\":\"Person\",\"@id\":\"https:\/\/www.blumarturismo.com.br\/blog\/#\/schema\/person\/8c5b522f6a79142bafca484c4604fba7\",\"name\":\"Blumar Turismo\",\"image\":{\"@type\":\"ImageObject\",\"inLanguage\":\"pt-BR\",\"@id\":\"https:\/\/www.blumarturismo.com.br\/blog\/#\/schema\/person\/image\/\",\"url\":\"https:\/\/secure.gravatar.com\/avatar\/18a47e99a2b3ce558e7834aabf1bb475e0ae3a970dea40e74a2d2b71531fbe3b?s=96&d=mm&r=g\",\"contentUrl\":\"https:\/\/secure.gravatar.com\/avatar\/18a47e99a2b3ce558e7834aabf1bb475e0ae3a970dea40e74a2d2b71531fbe3b?s=96&d=mm&r=g\",\"caption\":\"Blumar Turismo\"},\"description\":\"Com uma trajet\u00f3ria consolidada de mais de 30 anos no setor de turismo, a Blumar Turismo se estabeleceu como l\u00edder gra\u00e7as ao seu compromisso cont\u00ednuo com a qualidade e satisfa\u00e7\u00e3o do cliente. Nossa experi\u00eancia traduz-se em viagens que v\u00e3o al\u00e9m da expectativa. Nosso Legado: 1. Expertise e Excel\u00eancia: Com tr\u00eas d\u00e9cadas de dedica\u00e7\u00e3o, aprofundamos nossa expertise para oferecer servi\u00e7os de viagem personalizados e de alto padr\u00e3o. Cada viagem, seja econ\u00f4mica ou de luxo, \u00e9 meticulosamente projetada para garantir experi\u00eancias not\u00e1veis. 2. Vanguarda em Inova\u00e7\u00e3o e Tecnologia: Nossa miss\u00e3o \u00e9 sempre liderar, incorporando as solu\u00e7\u00f5es mais avan\u00e7adas em produtos e tecnologias. A inova\u00e7\u00e3o \u00e9 intr\u00ednseca \u00e0 Blumar, permitindo-nos aprimorar constantemente a experi\u00eancia de viagem de nossos clientes. 3. Nossa Equipe, Nosso Diferencial: O verdadeiro motor da Blumar Turismo \u00e9 nossa equipe de profissionais. Com paix\u00e3o e dedica\u00e7\u00e3o, eles garantem que cada itiner\u00e1rio se transforme em uma experi\u00eancia \u00fanica e memor\u00e1vel. Seu comprometimento \u00e9 o que nos faz ganhar a confian\u00e7a de nossos clientes repetidamente. Na Blumar, n\u00e3o se trata apenas de vender pacotes de viagem, mas de projetar experi\u00eancias. Nossos roteiros prometem criar mem\u00f3rias duradouras, proporcionando viagens ricas em descobertas e emo\u00e7\u00f5es. Cremos que viajar \u00e9 uma forma de enriquecimento pessoal, explorando novas perspectivas e redefinindo-se a cada novo destino. Explore o mundo com a Blumar Turismo e torne sua jornada verdadeiramente extraordin\u00e1ria.\",\"sameAs\":[\"https:\/\/www.facebook.com\/blumarviagenseturismo\",\"https:\/\/www.instagram.com\/blumarturismo\/\",\"https:\/\/www.linkedin.com\/company\/blumar-turismo\/\",\"https:\/\/www.youtube.com\/@BlumarTurismo\"],\"award\":[\"2002 | 7th World Petroleum Congress & Rio Oil & Gas Expo\",\"2003 | 27\u00ba International Congress on Occupational Health - ICOH\",\"2004 | IOF World Congress on Osteoporosis 2004\",\"2005 | XXV Brazilian Congress on Rheumatology\",\"2006 | 3rd World Congress on AIDS\",\"2007 | 66th FIP Congress of Pharmacy and Pharmaceutical Sciences\",\"2008 | 62\u00ba Congresso Brasileiro de Cardiologia\",\"2009 | 3rd World Congress of Pediatric Gastroenterology Hepatology and Nutrition\",\"2010 | Pr\u00eamio Caio da D\u00e9cada - Jacar\u00e9 de Diamante - pelo 3rd World Congress on AIDS\",\"2011 | XIV Congresso SOBRICE\",\"2012 | XVIII Congresso da Sociedade Brasileira de Diabetes\",\"2013 | 67\u00ba Congresso da Sociedade Brasileira de Dermatologia\",\"2016 | Congresso Mundial da Propriedade Intelectual da AIPPI\"],\"knowsAbout\":[\"Turismo de Luxo\",\"Consultoria Personalizada\",\"Opera\u00e7\u00e3o de Programas Tur\u00edsticos Customizados\",\"Tours Variados\",\"Sele\u00e7\u00e3o de Hot\u00e9is e Experi\u00eancias Inesquec\u00edveis\"],\"knowsLanguage\":[\"Ingles\",\"Portugu\u00eas\",\"Espanhol\"],\"jobTitle\":\"Operadora de Turismo e Ag\u00eancia de Viagens\",\"worksFor\":\"Blumar Turismo\",\"url\":\"https:\/\/www.blumarturismo.com.br\/blog\/author\/guilherme\/\"}]}<\/script>\n<!-- \/ Yoast SEO Premium plugin. -->","yoast_head_json":{"title":"O que levar na mala para Gramado: Dicas essenciais para a sua viagem","description":"Descubra tudo o que precisa levar na mala para sua viagem a Gramado. Prepare-se para o clima vari\u00e1vel e aproveite ao m\u00e1ximo a cidade!","robots":{"index":"index","follow":"follow","max-snippet":"max-snippet:-1","max-image-preview":"max-image-preview:large","max-video-preview":"max-video-preview:-1"},"canonical":"https:\/\/www.blumarturismo.com.br\/blog\/o-que-levar-na-mala-para-gramado-dicas-essenciais-para-a-sua-viagem\/","og_locale":"pt_BR","og_type":"article","og_title":"O que levar na mala para Gramado: Dicas essenciais para a sua viagem","og_description":"Descubra tudo o que precisa levar na mala para sua viagem a Gramado. Prepare-se para o clima vari\u00e1vel e aproveite ao m\u00e1ximo a cidade!","og_url":"https:\/\/www.blumarturismo.com.br\/blog\/o-que-levar-na-mala-para-gramado-dicas-essenciais-para-a-sua-viagem\/","og_site_name":"Blog Blumar Turismo: O Seu Portal para Viagens Extraordin\u00e1rias","article_publisher":"https:\/\/www.facebook.com\/blumarviagenseturismo","article_author":"https:\/\/www.facebook.com\/blumarviagenseturismo","article_published_time":"2024-10-21T13:17:07+00:00","article_modified_time":"2025-02-27T20:06:19+00:00","og_image":[{"width":2048,"height":1367,"url":"https:\/\/www.blumarturismo.com.br\/blog\/wp-content\/uploads\/2023\/05\/27030973528_6d145649ad_k-1-2.jpg","type":"image\/jpeg"}],"author":"Blumar Turismo","twitter_card":"summary_large_image","twitter_misc":{"Escrito por":"Blumar Turismo","Est. tempo de leitura":"30 minutos"},"schema":{"@context":"https:\/\/schema.org","@graph":[{"@type":"Article","@id":"https:\/\/www.blumarturismo.com.br\/blog\/o-que-levar-na-mala-para-gramado-dicas-essenciais-para-a-sua-viagem\/#article","isPartOf":{"@id":"https:\/\/www.blumarturismo.com.br\/blog\/o-que-levar-na-mala-para-gramado-dicas-essenciais-para-a-sua-viagem\/"},"author":{"name":"Blumar Turismo","@id":"https:\/\/www.blumarturismo.com.br\/blog\/#\/schema\/person\/8c5b522f6a79142bafca484c4604fba7"},"headline":"O que levar na mala para Gramado: Dicas essenciais para a sua viagem","datePublished":"2024-10-21T13:17:07+00:00","dateModified":"2025-02-27T20:06:19+00:00","mainEntityOfPage":{"@id":"https:\/\/www.blumarturismo.com.br\/blog\/o-que-levar-na-mala-para-gramado-dicas-essenciais-para-a-sua-viagem\/"},"wordCount":1838,"publisher":{"@id":"https:\/\/www.blumarturismo.com.br\/blog\/#organization"},"image":{"@id":"https:\/\/www.blumarturismo.com.br\/blog\/o-que-levar-na-mala-para-gramado-dicas-essenciais-para-a-sua-viagem\/#primaryimage"},"thumbnailUrl":"https:\/\/www.blumarturismo.com.br\/blog\/wp-content\/uploads\/2023\/05\/27030973528_6d145649ad_k-1-2.jpg","articleSection":["Destinos Nacionais","Dicas de Viagem"],"inLanguage":"pt-BR"},{"@type":"WebPage","@id":"https:\/\/www.blumarturismo.com.br\/blog\/o-que-levar-na-mala-para-gramado-dicas-essenciais-para-a-sua-viagem\/","url":"https:\/\/www.blumarturismo.com.br\/blog\/o-que-levar-na-mala-para-gramado-dicas-essenciais-para-a-sua-viagem\/","name":"O que levar na mala para Gramado: Dicas essenciais para a sua viagem","isPartOf":{"@id":"https:\/\/www.blumarturismo.com.br\/blog\/#website"},"primaryImageOfPage":{"@id":"https:\/\/www.blumarturismo.com.br\/blog\/o-que-levar-na-mala-para-gramado-dicas-essenciais-para-a-sua-viagem\/#primaryimage"},"image":{"@id":"https:\/\/www.blumarturismo.com.br\/blog\/o-que-levar-na-mala-para-gramado-dicas-essenciais-para-a-sua-viagem\/#primaryimage"},"thumbnailUrl":"https:\/\/www.blumarturismo.com.br\/blog\/wp-content\/uploads\/2023\/05\/27030973528_6d145649ad_k-1-2.jpg","datePublished":"2024-10-21T13:17:07+00:00","dateModified":"2025-02-27T20:06:19+00:00","description":"Descubra tudo o que precisa levar na mala para sua viagem a Gramado. Prepare-se para o clima vari\u00e1vel e aproveite ao m\u00e1ximo a cidade!","breadcrumb":{"@id":"https:\/\/www.blumarturismo.com.br\/blog\/o-que-levar-na-mala-para-gramado-dicas-essenciais-para-a-sua-viagem\/#breadcrumb"},"inLanguage":"pt-BR","potentialAction":[{"@type":"ReadAction","target":["https:\/\/www.blumarturismo.com.br\/blog\/o-que-levar-na-mala-para-gramado-dicas-essenciais-para-a-sua-viagem\/"]}]},{"@type":"ImageObject","inLanguage":"pt-BR","@id":"https:\/\/www.blumarturismo.com.br\/blog\/o-que-levar-na-mala-para-gramado-dicas-essenciais-para-a-sua-viagem\/#primaryimage","url":"https:\/\/www.blumarturismo.com.br\/blog\/wp-content\/uploads\/2023\/05\/27030973528_6d145649ad_k-1-2.jpg","contentUrl":"https:\/\/www.blumarturismo.com.br\/blog\/wp-content\/uploads\/2023\/05\/27030973528_6d145649ad_k-1-2.jpg","width":2048,"height":1367,"caption":"Foto: Renato Soares \/ MTur"},{"@type":"BreadcrumbList","@id":"https:\/\/www.blumarturismo.com.br\/blog\/o-que-levar-na-mala-para-gramado-dicas-essenciais-para-a-sua-viagem\/#breadcrumb","itemListElement":[{"@type":"ListItem","position":1,"name":"In\u00edcio","item":"https:\/\/www.blumarturismo.com.br\/blog\/"},{"@type":"ListItem","position":2,"name":"O que levar na mala para Gramado: Dicas essenciais para a sua viagem"}]},{"@type":"WebSite","@id":"https:\/\/www.blumarturismo.com.br\/blog\/#website","url":"https:\/\/www.blumarturismo.com.br\/blog\/","name":"Blog Blumar Turismo: O Seu Portal para Viagens Extraordin\u00e1rias","description":"Viajar \u00e9 nossa paix\u00e3o e expertise, e agora compartilhamos isso com voc\u00ea atrav\u00e9s do nosso blog. Com mais de 30 anos de hist\u00f3ria, a Blumar Turismo \u00e9 seu parceiro confi\u00e1vel para aventuras memor\u00e1veis. Explore conosco","publisher":{"@id":"https:\/\/www.blumarturismo.com.br\/blog\/#organization"},"potentialAction":[{"@type":"SearchAction","target":{"@type":"EntryPoint","urlTemplate":"https:\/\/www.blumarturismo.com.br\/blog\/?s={search_term_string}"},"query-input":{"@type":"PropertyValueSpecification","valueRequired":true,"valueName":"search_term_string"}}],"inLanguage":"pt-BR"},{"@type":"Organization","@id":"https:\/\/www.blumarturismo.com.br\/blog\/#organization","name":"Blumar Turismo","url":"https:\/\/www.blumarturismo.com.br\/blog\/","logo":{"@type":"ImageObject","inLanguage":"pt-BR","@id":"https:\/\/www.blumarturismo.com.br\/blog\/#\/schema\/logo\/image\/","url":"https:\/\/www.blumarturismo.com.br\/blog\/wp-content\/uploads\/2020\/11\/cropped-logo_blumar_nacional2-2.jpg","contentUrl":"https:\/\/www.blumarturismo.com.br\/blog\/wp-content\/uploads\/2020\/11\/cropped-logo_blumar_nacional2-2.jpg","width":167,"height":50,"caption":"Blumar Turismo"},"image":{"@id":"https:\/\/www.blumarturismo.com.br\/blog\/#\/schema\/logo\/image\/"},"sameAs":["https:\/\/www.facebook.com\/blumarviagenseturismo","https:\/\/www.instagram.com\/blumarturismo\/"]},{"@type":"Person","@id":"https:\/\/www.blumarturismo.com.br\/blog\/#\/schema\/person\/8c5b522f6a79142bafca484c4604fba7","name":"Blumar Turismo","image":{"@type":"ImageObject","inLanguage":"pt-BR","@id":"https:\/\/www.blumarturismo.com.br\/blog\/#\/schema\/person\/image\/","url":"https:\/\/secure.gravatar.com\/avatar\/18a47e99a2b3ce558e7834aabf1bb475e0ae3a970dea40e74a2d2b71531fbe3b?s=96&d=mm&r=g","contentUrl":"https:\/\/secure.gravatar.com\/avatar\/18a47e99a2b3ce558e7834aabf1bb475e0ae3a970dea40e74a2d2b71531fbe3b?s=96&d=mm&r=g","caption":"Blumar Turismo"},"description":"Com uma trajet\u00f3ria consolidada de mais de 30 anos no setor de turismo, a Blumar Turismo se estabeleceu como l\u00edder gra\u00e7as ao seu compromisso cont\u00ednuo com a qualidade e satisfa\u00e7\u00e3o do cliente. Nossa experi\u00eancia traduz-se em viagens que v\u00e3o al\u00e9m da expectativa. Nosso Legado: 1. Expertise e Excel\u00eancia: Com tr\u00eas d\u00e9cadas de dedica\u00e7\u00e3o, aprofundamos nossa expertise para oferecer servi\u00e7os de viagem personalizados e de alto padr\u00e3o. Cada viagem, seja econ\u00f4mica ou de luxo, \u00e9 meticulosamente projetada para garantir experi\u00eancias not\u00e1veis. 2. Vanguarda em Inova\u00e7\u00e3o e Tecnologia: Nossa miss\u00e3o \u00e9 sempre liderar, incorporando as solu\u00e7\u00f5es mais avan\u00e7adas em produtos e tecnologias. A inova\u00e7\u00e3o \u00e9 intr\u00ednseca \u00e0 Blumar, permitindo-nos aprimorar constantemente a experi\u00eancia de viagem de nossos clientes. 3. Nossa Equipe, Nosso Diferencial: O verdadeiro motor da Blumar Turismo \u00e9 nossa equipe de profissionais. Com paix\u00e3o e dedica\u00e7\u00e3o, eles garantem que cada itiner\u00e1rio se transforme em uma experi\u00eancia \u00fanica e memor\u00e1vel. Seu comprometimento \u00e9 o que nos faz ganhar a confian\u00e7a de nossos clientes repetidamente. Na Blumar, n\u00e3o se trata apenas de vender pacotes de viagem, mas de projetar experi\u00eancias. Nossos roteiros prometem criar mem\u00f3rias duradouras, proporcionando viagens ricas em descobertas e emo\u00e7\u00f5es. Cremos que viajar \u00e9 uma forma de enriquecimento pessoal, explorando novas perspectivas e redefinindo-se a cada novo destino. Explore o mundo com a Blumar Turismo e torne sua jornada verdadeiramente extraordin\u00e1ria.","sameAs":["https:\/\/www.facebook.com\/blumarviagenseturismo","https:\/\/www.instagram.com\/blumarturismo\/","https:\/\/www.linkedin.com\/company\/blumar-turismo\/","https:\/\/www.youtube.com\/@BlumarTurismo"],"award":["2002 | 7th World Petroleum Congress & Rio Oil & Gas Expo","2003 | 27\u00ba International Congress on Occupational Health - ICOH","2004 | IOF World Congress on Osteoporosis 2004","2005 | XXV Brazilian Congress on Rheumatology","2006 | 3rd World Congress on AIDS","2007 | 66th FIP Congress of Pharmacy and Pharmaceutical Sciences","2008 | 62\u00ba Congresso Brasileiro de Cardiologia","2009 | 3rd World Congress of Pediatric Gastroenterology Hepatology and Nutrition","2010 | Pr\u00eamio Caio da D\u00e9cada - Jacar\u00e9 de Diamante - pelo 3rd World Congress on AIDS","2011 | XIV Congresso SOBRICE","2012 | XVIII Congresso da Sociedade Brasileira de Diabetes","2013 | 67\u00ba Congresso da Sociedade Brasileira de Dermatologia","2016 | Congresso Mundial da Propriedade Intelectual da AIPPI"],"knowsAbout":["Turismo de Luxo","Consultoria Personalizada","Opera\u00e7\u00e3o de Programas Tur\u00edsticos Customizados","Tours Variados","Sele\u00e7\u00e3o de Hot\u00e9is e Experi\u00eancias Inesquec\u00edveis"],"knowsLanguage":["Ingles","Portugu\u00eas","Espanhol"],"jobTitle":"Operadora de Turismo e Ag\u00eancia de Viagens","worksFor":"Blumar Turismo","url":"https:\/\/www.blumarturismo.com.br\/blog\/author\/guilherme\/"}]}},"_links":{"self":[{"href":"https:\/\/www.blumarturismo.com.br\/blog\/wp-json\/wp\/v2\/posts\/28369","targetHints":{"allow":["GET"]}}],"collection":[{"href":"https:\/\/www.blumarturismo.com.br\/blog\/wp-json\/wp\/v2\/posts"}],"about":[{"href":"https:\/\/www.blumarturismo.com.br\/blog\/wp-json\/wp\/v2\/types\/post"}],"author":[{"embeddable":true,"href":"https:\/\/www.blumarturismo.com.br\/blog\/wp-json\/wp\/v2\/users\/10"}],"replies":[{"embeddable":true,"href":"https:\/\/www.blumarturismo.com.br\/blog\/wp-json\/wp\/v2\/comments?post=28369"}],"version-history":[{"count":62,"href":"https:\/\/www.blumarturismo.com.br\/blog\/wp-json\/wp\/v2\/posts\/28369\/revisions"}],"predecessor-version":[{"id":68271,"href":"https:\/\/www.blumarturismo.com.br\/blog\/wp-json\/wp\/v2\/posts\/28369\/revisions\/68271"}],"wp:featuredmedia":[{"embeddable":true,"href":"https:\/\/www.blumarturismo.com.br\/blog\/wp-json\/wp\/v2\/media\/28385"}],"wp:attachment":[{"href":"https:\/\/www.blumarturismo.com.br\/blog\/wp-json\/wp\/v2\/media?parent=28369"}],"wp:term":[{"taxonomy":"category","embeddable":true,"href":"https:\/\/www.blumarturismo.com.br\/blog\/wp-json\/wp\/v2\/categories?post=28369"},{"taxonomy":"post_tag","embeddable":true,"href":"https:\/\/www.blumarturismo.com.br\/blog\/wp-json\/wp\/v2\/tags?post=28369"}],"curies":[{"name":"wp","href":"https:\/\/api.w.org\/{rel}","templated":true}]}}