{"id":28524,"date":"2024-10-21T16:11:21","date_gmt":"2024-10-21T19:11:21","guid":{"rendered":"https:\/\/www.blumarturismo.com.br\/blog\/?p=28524"},"modified":"2025-11-04T13:35:23","modified_gmt":"2025-11-04T16:35:23","slug":"o-que-fazer-na-chapada-diamantina-10-passeios-imperdiveis","status":"publish","type":"post","link":"https:\/\/www.blumarturismo.com.br\/blog\/o-que-fazer-na-chapada-diamantina-10-passeios-imperdiveis\/","title":{"rendered":"O que fazer na Chapada Diamantina: 10 passeios imperd\u00edveis"},"content":{"rendered":"\t\t<div data-elementor-type=\"wp-post\" data-elementor-id=\"28524\" class=\"elementor elementor-28524\" data-elementor-post-type=\"post\">\n\t\t\t\t\t\t\t<div class=\"elementor-element elementor-element-d57296d e-flex e-con-boxed e-con e-parent\" data-id=\"d57296d\" data-element_type=\"container\" data-settings=\"{&quot;content_width&quot;:&quot;boxed&quot;}\" data-core-v316-plus=\"true\">\n\t\t\t\t\t<div class=\"e-con-inner\">\n\t\t\t\t<div class=\"elementor-element elementor-element-8d457a1 elementor-widget elementor-widget-text-editor\" data-id=\"8d457a1\" data-element_type=\"widget\" data-widget_type=\"text-editor.default\">\n\t\t\t\t<div class=\"elementor-widget-container\">\n\t\t\t<style>\/*! elementor - v3.16.0 - 13-09-2023 *\/\n.elementor-widget-text-editor.elementor-drop-cap-view-stacked .elementor-drop-cap{background-color:#69727d;color:#fff}.elementor-widget-text-editor.elementor-drop-cap-view-framed .elementor-drop-cap{color:#69727d;border:3px solid;background-color:transparent}.elementor-widget-text-editor:not(.elementor-drop-cap-view-default) .elementor-drop-cap{margin-top:8px}.elementor-widget-text-editor:not(.elementor-drop-cap-view-default) .elementor-drop-cap-letter{width:1em;height:1em}.elementor-widget-text-editor .elementor-drop-cap{float:left;text-align:center;line-height:1;font-size:50px}.elementor-widget-text-editor .elementor-drop-cap-letter{display:inline-block}<\/style>\t\t\t\t<p data-pm-slice=\"1 1 []\">A regi\u00e3o da <strong>Chapada Diamantina<\/strong>, no Brasil, \u00e9 um para\u00edso natural de tirar o f\u00f4lego, repleto de paisagens deslumbrantes, cachoeiras de \u00e1guas cristalinas, montanhas majestosas e cavernas escondidas. Se voc\u00ea est\u00e1 em busca de aventura, beleza e uma conex\u00e3o com a natureza, a Chapada Diamantina oferece uma variedade de atividades emocionantes e lugares incr\u00edveis para explorar. Neste artigo, vamos gui\u00e1-lo atrav\u00e9s de dez atra\u00e7\u00f5es imperd\u00edveis na <strong>Chapada Diamantina<\/strong>, garantindo que voc\u00ea aproveite ao m\u00e1ximo sua viagem a este destino extraordin\u00e1rio.<\/p>\t\t\t\t\t\t<\/div>\n\t\t\t\t<\/div>\n\t\t\t\t\t<\/div>\n\t\t\t\t<\/div>\n\t\t<div class=\"elementor-element elementor-element-10ff814 e-flex e-con-boxed e-con e-parent\" data-id=\"10ff814\" data-element_type=\"container\" data-settings=\"{&quot;content_width&quot;:&quot;boxed&quot;}\" data-core-v316-plus=\"true\">\n\t\t\t\t\t<div class=\"e-con-inner\">\n\t\t\t\t<div class=\"elementor-element elementor-element-7771c42 elementor-widget elementor-widget-heading\" data-id=\"7771c42\" data-element_type=\"widget\" data-widget_type=\"heading.default\">\n\t\t\t\t<div class=\"elementor-widget-container\">\n\t\t\t<style>\/*! elementor - v3.16.0 - 13-09-2023 *\/\n.elementor-heading-title{padding:0;margin:0;line-height:1}.elementor-widget-heading .elementor-heading-title[class*=elementor-size-]>a{color:inherit;font-size:inherit;line-height:inherit}.elementor-widget-heading .elementor-heading-title.elementor-size-small{font-size:15px}.elementor-widget-heading .elementor-heading-title.elementor-size-medium{font-size:19px}.elementor-widget-heading .elementor-heading-title.elementor-size-large{font-size:29px}.elementor-widget-heading .elementor-heading-title.elementor-size-xl{font-size:39px}.elementor-widget-heading .elementor-heading-title.elementor-size-xxl{font-size:59px}<\/style><h2 class=\"elementor-heading-title elementor-size-large\">1. Morro do Pai In\u00e1cio <\/h2>\t\t<\/div>\n\t\t\t\t<\/div>\n\t\t\t\t<div class=\"elementor-element elementor-element-cdb2075 elementor-widget elementor-widget-image\" data-id=\"cdb2075\" data-element_type=\"widget\" data-widget_type=\"image.default\">\n\t\t\t\t<div class=\"elementor-widget-container\">\n\t\t\t<style>\/*! elementor - v3.16.0 - 13-09-2023 *\/\n.elementor-widget-image{text-align:center}.elementor-widget-image a{display:inline-block}.elementor-widget-image a img[src$=\".svg\"]{width:48px}.elementor-widget-image img{vertical-align:middle;display:inline-block}<\/style>\t\t\t\t\t\t\t\t\t<figure class=\"wp-caption\">\n\t\t\t\t\t\t\t\t\t\t<img loading=\"lazy\" decoding=\"async\" width=\"1024\" height=\"681\" src=\"https:\/\/www.blumarturismo.com.br\/blog\/wp-content\/uploads\/2024\/05\/gleidson-santos-mtur-4-1024x681.jpg\" class=\"attachment-large size-large wp-image-57029\" alt=\"Foto: Gleidson Santos \/ MTur\" srcset=\"https:\/\/www.blumarturismo.com.br\/blog\/wp-content\/uploads\/2024\/05\/gleidson-santos-mtur-4-1024x681.jpg 1024w, https:\/\/www.blumarturismo.com.br\/blog\/wp-content\/uploads\/2024\/05\/gleidson-santos-mtur-4-300x200.jpg 300w, https:\/\/www.blumarturismo.com.br\/blog\/wp-content\/uploads\/2024\/05\/gleidson-santos-mtur-4-768x511.jpg 768w, https:\/\/www.blumarturismo.com.br\/blog\/wp-content\/uploads\/2024\/05\/gleidson-santos-mtur-4-1536x1022.jpg 1536w, https:\/\/www.blumarturismo.com.br\/blog\/wp-content\/uploads\/2024\/05\/gleidson-santos-mtur-4.jpg 2048w\" sizes=\"auto, (max-width: 1024px) 100vw, 1024px\" \/>\t\t\t\t\t\t\t\t\t\t\t<figcaption class=\"widget-image-caption wp-caption-text\">Foto: Gleidson Santos \/ MTur<\/figcaption>\n\t\t\t\t\t\t\t\t\t\t<\/figure>\n\t\t\t\t\t\t\t\t\t<\/div>\n\t\t\t\t<\/div>\n\t\t\t\t<div class=\"elementor-element elementor-element-ec9f3bf elementor-widget elementor-widget-text-editor\" data-id=\"ec9f3bf\" data-element_type=\"widget\" data-widget_type=\"text-editor.default\">\n\t\t\t\t<div class=\"elementor-widget-container\">\n\t\t\t\t\t\t\t<p>O Morro do Pai In\u00e1cio \u00e9 um dos cart\u00f5es-postais mais famosos da <strong>Chapada Diamantina<\/strong>. Com seus 1.120 metros de altitude, oferece uma vista panor\u00e2mica de 360 graus da regi\u00e3o. A subida \u00e9 relativamente f\u00e1cil e leva cerca de 20 minutos. O p\u00f4r do sol visto do topo \u00e9 simplesmente espetacular, proporcionando uma experi\u00eancia inesquec\u00edvel.<\/p>\t\t\t\t\t\t<\/div>\n\t\t\t\t<\/div>\n\t\t\t\t\t<\/div>\n\t\t\t\t<\/div>\n\t\t<div class=\"elementor-element elementor-element-7c7fe21 e-flex e-con-boxed e-con e-parent\" data-id=\"7c7fe21\" data-element_type=\"container\" data-settings=\"{&quot;content_width&quot;:&quot;boxed&quot;}\" data-core-v316-plus=\"true\">\n\t\t\t\t\t<div class=\"e-con-inner\">\n\t\t\t\t<div class=\"elementor-element elementor-element-2975d39 elementor-widget elementor-widget-heading\" data-id=\"2975d39\" data-element_type=\"widget\" data-widget_type=\"heading.default\">\n\t\t\t\t<div class=\"elementor-widget-container\">\n\t\t\t<h2 class=\"elementor-heading-title elementor-size-large\">2. Cachoeira da Fuma\u00e7a <\/h2>\t\t<\/div>\n\t\t\t\t<\/div>\n\t\t\t\t<div class=\"elementor-element elementor-element-6a5ec07 elementor-widget elementor-widget-image\" data-id=\"6a5ec07\" data-element_type=\"widget\" data-widget_type=\"image.default\">\n\t\t\t\t<div class=\"elementor-widget-container\">\n\t\t\t\t\t\t\t\t\t\t\t\t<figure class=\"wp-caption\">\n\t\t\t\t\t\t\t\t\t\t<img loading=\"lazy\" decoding=\"async\" width=\"1000\" height=\"667\" src=\"https:\/\/www.blumarturismo.com.br\/blog\/wp-content\/uploads\/2023\/06\/Foto-Eduard-Goricev-Shutterstock.com_.jpg\" class=\"attachment-large size-large wp-image-63540\" alt=\"Foto: Eduard Goricev \/ Shutterstock.com\" srcset=\"https:\/\/www.blumarturismo.com.br\/blog\/wp-content\/uploads\/2023\/06\/Foto-Eduard-Goricev-Shutterstock.com_.jpg 1000w, https:\/\/www.blumarturismo.com.br\/blog\/wp-content\/uploads\/2023\/06\/Foto-Eduard-Goricev-Shutterstock.com_-300x200.jpg 300w, https:\/\/www.blumarturismo.com.br\/blog\/wp-content\/uploads\/2023\/06\/Foto-Eduard-Goricev-Shutterstock.com_-768x512.jpg 768w\" sizes=\"auto, (max-width: 1000px) 100vw, 1000px\" \/>\t\t\t\t\t\t\t\t\t\t\t<figcaption class=\"widget-image-caption wp-caption-text\">Foto: Eduard Goricev \/ Shutterstock.com<\/figcaption>\n\t\t\t\t\t\t\t\t\t\t<\/figure>\n\t\t\t\t\t\t\t\t\t<\/div>\n\t\t\t\t<\/div>\n\t\t\t\t<div class=\"elementor-element elementor-element-3bb306f elementor-widget elementor-widget-text-editor\" data-id=\"3bb306f\" data-element_type=\"widget\" data-widget_type=\"text-editor.default\">\n\t\t\t\t<div class=\"elementor-widget-container\">\n\t\t\t\t\t\t\t<p>Considerada uma das mais altas cachoeiras do Brasil, com 380 metros de queda livre, a Cachoeira da Fuma\u00e7a \u00e9 um espet\u00e1culo \u00e0 parte. A trilha at\u00e9 a cachoeira \u00e9 desafiadora, com cerca de 6 km de ida e volta, mas a vista do mirante compensa todo o esfor\u00e7o. Em \u00e9pocas de seca, a \u00e1gua se transforma em n\u00e9voa antes de chegar ao ch\u00e3o, da\u00ed o nome &#8220;Fuma\u00e7a&#8221;.<\/p>\t\t\t\t\t\t<\/div>\n\t\t\t\t<\/div>\n\t\t\t\t\t<\/div>\n\t\t\t\t<\/div>\n\t\t<div class=\"elementor-element elementor-element-508f81f e-flex e-con-boxed e-con e-parent\" data-id=\"508f81f\" data-element_type=\"container\" data-settings=\"{&quot;content_width&quot;:&quot;boxed&quot;}\" data-core-v316-plus=\"true\">\n\t\t\t\t\t<div class=\"e-con-inner\">\n\t\t\t\t<div class=\"elementor-element elementor-element-2d077f8 elementor-widget elementor-widget-heading\" data-id=\"2d077f8\" data-element_type=\"widget\" data-widget_type=\"heading.default\">\n\t\t\t\t<div class=\"elementor-widget-container\">\n\t\t\t<h2 class=\"elementor-heading-title elementor-size-large\">3. Po\u00e7o Azul <\/h2>\t\t<\/div>\n\t\t\t\t<\/div>\n\t\t\t\t<div class=\"elementor-element elementor-element-ca75e96 elementor-widget elementor-widget-image\" data-id=\"ca75e96\" data-element_type=\"widget\" data-widget_type=\"image.default\">\n\t\t\t\t<div class=\"elementor-widget-container\">\n\t\t\t\t\t\t\t\t\t\t\t\t<figure class=\"wp-caption\">\n\t\t\t\t\t\t\t\t\t\t<img loading=\"lazy\" decoding=\"async\" width=\"1000\" height=\"667\" src=\"https:\/\/www.blumarturismo.com.br\/blog\/wp-content\/uploads\/2023\/06\/Foto-Elena-Ska-Shutterstock.com_.jpg\" class=\"attachment-large size-large wp-image-63542\" alt=\"Foto: Elena Ska \/ Shutterstock.com\" srcset=\"https:\/\/www.blumarturismo.com.br\/blog\/wp-content\/uploads\/2023\/06\/Foto-Elena-Ska-Shutterstock.com_.jpg 1000w, https:\/\/www.blumarturismo.com.br\/blog\/wp-content\/uploads\/2023\/06\/Foto-Elena-Ska-Shutterstock.com_-300x200.jpg 300w, https:\/\/www.blumarturismo.com.br\/blog\/wp-content\/uploads\/2023\/06\/Foto-Elena-Ska-Shutterstock.com_-768x512.jpg 768w\" sizes=\"auto, (max-width: 1000px) 100vw, 1000px\" \/>\t\t\t\t\t\t\t\t\t\t\t<figcaption class=\"widget-image-caption wp-caption-text\">Foto: Elena Ska \/ Shutterstock.com<\/figcaption>\n\t\t\t\t\t\t\t\t\t\t<\/figure>\n\t\t\t\t\t\t\t\t\t<\/div>\n\t\t\t\t<\/div>\n\t\t\t\t<div class=\"elementor-element elementor-element-e7f5ca0 elementor-widget elementor-widget-text-editor\" data-id=\"e7f5ca0\" data-element_type=\"widget\" data-widget_type=\"text-editor.default\">\n\t\t\t\t<div class=\"elementor-widget-container\">\n\t\t\t\t\t\t\t<p>O Po\u00e7o Azul \u00e9 uma caverna inundada que encanta os visitantes com suas \u00e1guas de um azul intenso e cristalino. A luz solar que penetra na caverna cria um efeito visual deslumbrante. \u00c9 poss\u00edvel fazer flutua\u00e7\u00e3o nas \u00e1guas geladas do po\u00e7o, uma experi\u00eancia \u00fanica e revigorante.<\/p>\t\t\t\t\t\t<\/div>\n\t\t\t\t<\/div>\n\t\t\t\t\t<\/div>\n\t\t\t\t<\/div>\n\t\t<div class=\"elementor-element elementor-element-7874560 e-flex e-con-boxed e-con e-parent\" data-id=\"7874560\" data-element_type=\"container\" data-settings=\"{&quot;content_width&quot;:&quot;boxed&quot;}\" data-core-v316-plus=\"true\">\n\t\t\t\t\t<div class=\"e-con-inner\">\n\t\t\t\t<div class=\"elementor-element elementor-element-ebb0e47 elementor-widget elementor-widget-heading\" data-id=\"ebb0e47\" data-element_type=\"widget\" data-widget_type=\"heading.default\">\n\t\t\t\t<div class=\"elementor-widget-container\">\n\t\t\t<h2 class=\"elementor-heading-title elementor-size-large\">4. Gruta da Lapa Doce <\/h2>\t\t<\/div>\n\t\t\t\t<\/div>\n\t\t\t\t<div class=\"elementor-element elementor-element-8d4ee41 elementor-widget elementor-widget-image\" data-id=\"8d4ee41\" data-element_type=\"widget\" data-widget_type=\"image.default\">\n\t\t\t\t<div class=\"elementor-widget-container\">\n\t\t\t\t\t\t\t\t\t\t\t\t<figure class=\"wp-caption\">\n\t\t\t\t\t\t\t\t\t\t<img loading=\"lazy\" decoding=\"async\" width=\"1000\" height=\"667\" src=\"https:\/\/www.blumarturismo.com.br\/blog\/wp-content\/uploads\/2023\/06\/Foto-Diego-Grandi-Shutterstock.com_.jpg\" class=\"attachment-large size-large wp-image-63543\" alt=\"Foto: Diego Grandi \/ Shutterstock.com\" srcset=\"https:\/\/www.blumarturismo.com.br\/blog\/wp-content\/uploads\/2023\/06\/Foto-Diego-Grandi-Shutterstock.com_.jpg 1000w, https:\/\/www.blumarturismo.com.br\/blog\/wp-content\/uploads\/2023\/06\/Foto-Diego-Grandi-Shutterstock.com_-300x200.jpg 300w, https:\/\/www.blumarturismo.com.br\/blog\/wp-content\/uploads\/2023\/06\/Foto-Diego-Grandi-Shutterstock.com_-768x512.jpg 768w\" sizes=\"auto, (max-width: 1000px) 100vw, 1000px\" \/>\t\t\t\t\t\t\t\t\t\t\t<figcaption class=\"widget-image-caption wp-caption-text\">Foto: Diego Grandi \/ Shutterstock.com<\/figcaption>\n\t\t\t\t\t\t\t\t\t\t<\/figure>\n\t\t\t\t\t\t\t\t\t<\/div>\n\t\t\t\t<\/div>\n\t\t\t\t<div class=\"elementor-element elementor-element-98cc19f elementor-widget elementor-widget-text-editor\" data-id=\"98cc19f\" data-element_type=\"widget\" data-widget_type=\"text-editor.default\">\n\t\t\t\t<div class=\"elementor-widget-container\">\n\t\t\t\t\t\t\t<p>Com mais de 850 metros de extens\u00e3o, a Gruta da Lapa Doce \u00e9 uma das maiores cavernas da Am\u00e9rica do Sul. Suas forma\u00e7\u00f5es rochosas impressionantes, estalactites e estalagmites fazem desta gruta um verdadeiro museu natural. A visita \u00e9 guiada e oferece uma jornada fascinante pelo interior da Terra.<\/p>\t\t\t\t\t\t<\/div>\n\t\t\t\t<\/div>\n\t\t\t\t\t<\/div>\n\t\t\t\t<\/div>\n\t\t<div class=\"elementor-element elementor-element-585c707 e-flex e-con-boxed e-con e-parent\" data-id=\"585c707\" data-element_type=\"container\" data-settings=\"{&quot;content_width&quot;:&quot;boxed&quot;}\" data-core-v316-plus=\"true\">\n\t\t\t\t\t<div class=\"e-con-inner\">\n\t\t\t\t<div class=\"elementor-element elementor-element-512e728 elementor-widget elementor-widget-heading\" data-id=\"512e728\" data-element_type=\"widget\" data-widget_type=\"heading.default\">\n\t\t\t\t<div class=\"elementor-widget-container\">\n\t\t\t<h2 class=\"elementor-heading-title elementor-size-large\">5. Pratinha <\/h2>\t\t<\/div>\n\t\t\t\t<\/div>\n\t\t\t\t<div class=\"elementor-element elementor-element-78b95ae elementor-widget elementor-widget-image\" data-id=\"78b95ae\" data-element_type=\"widget\" data-widget_type=\"image.default\">\n\t\t\t\t<div class=\"elementor-widget-container\">\n\t\t\t\t\t\t\t\t\t\t\t\t<figure class=\"wp-caption\">\n\t\t\t\t\t\t\t\t\t\t<img loading=\"lazy\" decoding=\"async\" width=\"1000\" height=\"750\" src=\"https:\/\/www.blumarturismo.com.br\/blog\/wp-content\/uploads\/2023\/06\/Foto-Rota-Natureza-Shutterstock.com_.jpg\" class=\"attachment-large size-large wp-image-63544\" alt=\"Foto: Rota Natureza \/ Shutterstock.com\" srcset=\"https:\/\/www.blumarturismo.com.br\/blog\/wp-content\/uploads\/2023\/06\/Foto-Rota-Natureza-Shutterstock.com_.jpg 1000w, https:\/\/www.blumarturismo.com.br\/blog\/wp-content\/uploads\/2023\/06\/Foto-Rota-Natureza-Shutterstock.com_-300x225.jpg 300w, https:\/\/www.blumarturismo.com.br\/blog\/wp-content\/uploads\/2023\/06\/Foto-Rota-Natureza-Shutterstock.com_-768x576.jpg 768w\" sizes=\"auto, (max-width: 1000px) 100vw, 1000px\" \/>\t\t\t\t\t\t\t\t\t\t\t<figcaption class=\"widget-image-caption wp-caption-text\">Foto: Rota Natureza \/ Shutterstock.com<\/figcaption>\n\t\t\t\t\t\t\t\t\t\t<\/figure>\n\t\t\t\t\t\t\t\t\t<\/div>\n\t\t\t\t<\/div>\n\t\t\t\t<div class=\"elementor-element elementor-element-d74e69f elementor-widget elementor-widget-text-editor\" data-id=\"d74e69f\" data-element_type=\"widget\" data-widget_type=\"text-editor.default\">\n\t\t\t\t<div class=\"elementor-widget-container\">\n\t\t\t\t\t\t\t<p>A Pratinha \u00e9 um complexo que inclui uma gruta, um rio de \u00e1guas cristalinas e uma lagoa. O local \u00e9 perfeito para atividades como mergulho, flutua\u00e7\u00e3o e at\u00e9 passeios de bote. A \u00e1gua \u00e9 t\u00e3o clara que \u00e9 poss\u00edvel ver perfeitamente o fundo do rio, criando uma sensa\u00e7\u00e3o de estar flutuando no ar.<\/p>\t\t\t\t\t\t<\/div>\n\t\t\t\t<\/div>\n\t\t\t\t\t<\/div>\n\t\t\t\t<\/div>\n\t\t<div class=\"elementor-element elementor-element-586983f e-flex e-con-boxed e-con e-parent\" data-id=\"586983f\" data-element_type=\"container\" data-settings=\"{&quot;content_width&quot;:&quot;boxed&quot;}\" data-core-v316-plus=\"true\">\n\t\t\t\t\t<div class=\"e-con-inner\">\n\t\t\t\t<div class=\"elementor-element elementor-element-a8ed017 elementor-widget elementor-widget-heading\" data-id=\"a8ed017\" data-element_type=\"widget\" data-widget_type=\"heading.default\">\n\t\t\t\t<div class=\"elementor-widget-container\">\n\t\t\t<h2 class=\"elementor-heading-title elementor-size-large\">6. Cachoeira do Burac\u00e3o <\/h2>\t\t<\/div>\n\t\t\t\t<\/div>\n\t\t\t\t<div class=\"elementor-element elementor-element-87e18ae elementor-widget elementor-widget-image\" data-id=\"87e18ae\" data-element_type=\"widget\" data-widget_type=\"image.default\">\n\t\t\t\t<div class=\"elementor-widget-container\">\n\t\t\t\t\t\t\t\t\t\t\t\t<figure class=\"wp-caption\">\n\t\t\t\t\t\t\t\t\t\t<img loading=\"lazy\" decoding=\"async\" width=\"1000\" height=\"667\" src=\"https:\/\/www.blumarturismo.com.br\/blog\/wp-content\/uploads\/2023\/06\/Foto-Caio-Pederneiras-Shutterstock.com-3.jpg\" class=\"attachment-large size-large wp-image-63545\" alt=\"Foto: Caio Pederneiras \/ Shutterstock.com\" srcset=\"https:\/\/www.blumarturismo.com.br\/blog\/wp-content\/uploads\/2023\/06\/Foto-Caio-Pederneiras-Shutterstock.com-3.jpg 1000w, https:\/\/www.blumarturismo.com.br\/blog\/wp-content\/uploads\/2023\/06\/Foto-Caio-Pederneiras-Shutterstock.com-3-300x200.jpg 300w, https:\/\/www.blumarturismo.com.br\/blog\/wp-content\/uploads\/2023\/06\/Foto-Caio-Pederneiras-Shutterstock.com-3-768x512.jpg 768w\" sizes=\"auto, (max-width: 1000px) 100vw, 1000px\" \/>\t\t\t\t\t\t\t\t\t\t\t<figcaption class=\"widget-image-caption wp-caption-text\">Foto: Caio Pederneiras \/ Shutterstock.com<\/figcaption>\n\t\t\t\t\t\t\t\t\t\t<\/figure>\n\t\t\t\t\t\t\t\t\t<\/div>\n\t\t\t\t<\/div>\n\t\t\t\t<div class=\"elementor-element elementor-element-de020de elementor-widget elementor-widget-text-editor\" data-id=\"de020de\" data-element_type=\"widget\" data-widget_type=\"text-editor.default\">\n\t\t\t\t<div class=\"elementor-widget-container\">\n\t\t\t\t\t\t\t<p>A Cachoeira do Burac\u00e3o \u00e9 uma das mais impressionantes da regi\u00e3o, com 85 metros de queda d&#8217;\u00e1gua em um canyon estreito. A trilha at\u00e9 a cachoeira \u00e9 desafiadora, mas a recompensa \u00e9 incr\u00edvel. As paredes do canyon criam um cen\u00e1rio \u00fanico, e \u00e9 poss\u00edvel nadar na piscina natural formada pela queda d&#8217;\u00e1gua.<\/p>\t\t\t\t\t\t<\/div>\n\t\t\t\t<\/div>\n\t\t\t\t\t<\/div>\n\t\t\t\t<\/div>\n\t\t<div class=\"elementor-element elementor-element-78af2af e-flex e-con-boxed e-con e-parent\" data-id=\"78af2af\" data-element_type=\"container\" data-settings=\"{&quot;content_width&quot;:&quot;boxed&quot;}\" data-core-v316-plus=\"true\">\n\t\t\t\t\t<div class=\"e-con-inner\">\n\t\t\t\t<div class=\"elementor-element elementor-element-7c3df14 elementor-widget elementor-widget-heading\" data-id=\"7c3df14\" data-element_type=\"widget\" data-widget_type=\"heading.default\">\n\t\t\t\t<div class=\"elementor-widget-container\">\n\t\t\t<h2 class=\"elementor-heading-title elementor-size-large\">7. Vale do Pati <\/h2>\t\t<\/div>\n\t\t\t\t<\/div>\n\t\t\t\t<div class=\"elementor-element elementor-element-9b0d673 elementor-widget elementor-widget-image\" data-id=\"9b0d673\" data-element_type=\"widget\" data-widget_type=\"image.default\">\n\t\t\t\t<div class=\"elementor-widget-container\">\n\t\t\t\t\t\t\t\t\t\t\t\t<figure class=\"wp-caption\">\n\t\t\t\t\t\t\t\t\t\t<img loading=\"lazy\" decoding=\"async\" width=\"1000\" height=\"667\" src=\"https:\/\/www.blumarturismo.com.br\/blog\/wp-content\/uploads\/2023\/06\/Foto-idsoares-Shutterstock.com_.jpg\" class=\"attachment-large size-large wp-image-63546\" alt=\"Foto: idsoares \/ Shutterstock.com\" srcset=\"https:\/\/www.blumarturismo.com.br\/blog\/wp-content\/uploads\/2023\/06\/Foto-idsoares-Shutterstock.com_.jpg 1000w, https:\/\/www.blumarturismo.com.br\/blog\/wp-content\/uploads\/2023\/06\/Foto-idsoares-Shutterstock.com_-300x200.jpg 300w, https:\/\/www.blumarturismo.com.br\/blog\/wp-content\/uploads\/2023\/06\/Foto-idsoares-Shutterstock.com_-768x512.jpg 768w\" sizes=\"auto, (max-width: 1000px) 100vw, 1000px\" \/>\t\t\t\t\t\t\t\t\t\t\t<figcaption class=\"widget-image-caption wp-caption-text\">Foto: idsoares \/ Shutterstock.com<\/figcaption>\n\t\t\t\t\t\t\t\t\t\t<\/figure>\n\t\t\t\t\t\t\t\t\t<\/div>\n\t\t\t\t<\/div>\n\t\t\t\t<div class=\"elementor-element elementor-element-846b94c elementor-widget elementor-widget-text-editor\" data-id=\"846b94c\" data-element_type=\"widget\" data-widget_type=\"text-editor.default\">\n\t\t\t\t<div class=\"elementor-widget-container\">\n\t\t\t\t\t\t\t<p>Para os amantes de trekking, o Vale do Pati \u00e9 um verdadeiro para\u00edso. Considerado um dos melhores trekkings do Brasil, o percurso oferece paisagens deslumbrantes, cachoeiras, rios cristalinos e a oportunidade de se hospedar em casas de moradores locais. A travessia completa leva de 3 a 5 dias.<\/p>\t\t\t\t\t\t<\/div>\n\t\t\t\t<\/div>\n\t\t\t\t\t<\/div>\n\t\t\t\t<\/div>\n\t\t<div class=\"elementor-element elementor-element-c682264 e-flex e-con-boxed e-con e-parent\" data-id=\"c682264\" data-element_type=\"container\" data-settings=\"{&quot;content_width&quot;:&quot;boxed&quot;}\" data-core-v316-plus=\"true\">\n\t\t\t\t\t<div class=\"e-con-inner\">\n\t\t\t\t<div class=\"elementor-element elementor-element-43ac882 elementor-widget elementor-widget-heading\" data-id=\"43ac882\" data-element_type=\"widget\" data-widget_type=\"heading.default\">\n\t\t\t\t<div class=\"elementor-widget-container\">\n\t\t\t<h2 class=\"elementor-heading-title elementor-size-large\">8. Mirante do Morro do Camelo <\/h2>\t\t<\/div>\n\t\t\t\t<\/div>\n\t\t\t\t<div class=\"elementor-element elementor-element-073f650 elementor-widget elementor-widget-image\" data-id=\"073f650\" data-element_type=\"widget\" data-widget_type=\"image.default\">\n\t\t\t\t<div class=\"elementor-widget-container\">\n\t\t\t\t\t\t\t\t\t\t\t\t<figure class=\"wp-caption\">\n\t\t\t\t\t\t\t\t\t\t<img loading=\"lazy\" decoding=\"async\" width=\"1024\" height=\"575\" src=\"https:\/\/www.blumarturismo.com.br\/blog\/wp-content\/uploads\/2023\/05\/41053874361_5361455739_k-1024x575.jpg\" class=\"attachment-large size-large wp-image-28530\" alt=\"Foto: Gleidson Santos \/ MTur\" srcset=\"https:\/\/www.blumarturismo.com.br\/blog\/wp-content\/uploads\/2023\/05\/41053874361_5361455739_k-1024x575.jpg 1024w, https:\/\/www.blumarturismo.com.br\/blog\/wp-content\/uploads\/2023\/05\/41053874361_5361455739_k-300x168.jpg 300w, https:\/\/www.blumarturismo.com.br\/blog\/wp-content\/uploads\/2023\/05\/41053874361_5361455739_k-768x431.jpg 768w, https:\/\/www.blumarturismo.com.br\/blog\/wp-content\/uploads\/2023\/05\/41053874361_5361455739_k-1536x863.jpg 1536w, https:\/\/www.blumarturismo.com.br\/blog\/wp-content\/uploads\/2023\/05\/41053874361_5361455739_k.jpg 2048w\" sizes=\"auto, (max-width: 1024px) 100vw, 1024px\" \/>\t\t\t\t\t\t\t\t\t\t\t<figcaption class=\"widget-image-caption wp-caption-text\">Foto: Gleidson Santos \/ MTur<\/figcaption>\n\t\t\t\t\t\t\t\t\t\t<\/figure>\n\t\t\t\t\t\t\t\t\t<\/div>\n\t\t\t\t<\/div>\n\t\t\t\t<div class=\"elementor-element elementor-element-6431d44 elementor-widget elementor-widget-text-editor\" data-id=\"6431d44\" data-element_type=\"widget\" data-widget_type=\"text-editor.default\">\n\t\t\t\t<div class=\"elementor-widget-container\">\n\t\t\t\t\t\t\t<p>O Morro do Camelo recebe este nome devido \u00e0 sua forma peculiar que lembra o animal. A trilha at\u00e9 o mirante oferece vistas panor\u00e2micas incr\u00edveis da regi\u00e3o. No topo, \u00e9 poss\u00edvel apreciar uma das mais belas vistas da <strong>Chapada Diamantina<\/strong>, especialmente ao p\u00f4r do sol.<\/p>\t\t\t\t\t\t<\/div>\n\t\t\t\t<\/div>\n\t\t\t\t\t<\/div>\n\t\t\t\t<\/div>\n\t\t<div class=\"elementor-element elementor-element-e5b03b6 e-flex e-con-boxed e-con e-parent\" data-id=\"e5b03b6\" data-element_type=\"container\" data-settings=\"{&quot;content_width&quot;:&quot;boxed&quot;}\" data-core-v316-plus=\"true\">\n\t\t\t\t\t<div class=\"e-con-inner\">\n\t\t\t\t<div class=\"elementor-element elementor-element-352d31a elementor-widget elementor-widget-heading\" data-id=\"352d31a\" data-element_type=\"widget\" data-widget_type=\"heading.default\">\n\t\t\t\t<div class=\"elementor-widget-container\">\n\t\t\t<h2 class=\"elementor-heading-title elementor-size-large\">9. Cachoeira do Sossego <\/h2>\t\t<\/div>\n\t\t\t\t<\/div>\n\t\t\t\t<div class=\"elementor-element elementor-element-f5b7304 elementor-widget elementor-widget-image\" data-id=\"f5b7304\" data-element_type=\"widget\" data-widget_type=\"image.default\">\n\t\t\t\t<div class=\"elementor-widget-container\">\n\t\t\t\t\t\t\t\t\t\t\t\t<figure class=\"wp-caption\">\n\t\t\t\t\t\t\t\t\t\t<img loading=\"lazy\" decoding=\"async\" width=\"1000\" height=\"750\" src=\"https:\/\/www.blumarturismo.com.br\/blog\/wp-content\/uploads\/2023\/06\/Foto-Ana-Claudia-Ribeiro-Shutterstock.com_.jpg\" class=\"attachment-large size-large wp-image-63552\" alt=\"Foto: Ana Claudia Ribeiro \/ Shutterstock.com\" srcset=\"https:\/\/www.blumarturismo.com.br\/blog\/wp-content\/uploads\/2023\/06\/Foto-Ana-Claudia-Ribeiro-Shutterstock.com_.jpg 1000w, https:\/\/www.blumarturismo.com.br\/blog\/wp-content\/uploads\/2023\/06\/Foto-Ana-Claudia-Ribeiro-Shutterstock.com_-300x225.jpg 300w, https:\/\/www.blumarturismo.com.br\/blog\/wp-content\/uploads\/2023\/06\/Foto-Ana-Claudia-Ribeiro-Shutterstock.com_-768x576.jpg 768w\" sizes=\"auto, (max-width: 1000px) 100vw, 1000px\" \/>\t\t\t\t\t\t\t\t\t\t\t<figcaption class=\"widget-image-caption wp-caption-text\">Foto: Ana Claudia Ribeiro \/ Shutterstock.com<\/figcaption>\n\t\t\t\t\t\t\t\t\t\t<\/figure>\n\t\t\t\t\t\t\t\t\t<\/div>\n\t\t\t\t<\/div>\n\t\t\t\t<div class=\"elementor-element elementor-element-77bcc16 elementor-widget elementor-widget-text-editor\" data-id=\"77bcc16\" data-element_type=\"widget\" data-widget_type=\"text-editor.default\">\n\t\t\t\t<div class=\"elementor-widget-container\">\n\t\t\t\t\t\t\t<p>A Cachoeira do Sossego \u00e9 uma das mais belas da regi\u00e3o, com uma queda d&#8217;\u00e1gua de aproximadamente 30 metros. O acesso \u00e9 feito por uma trilha de dificuldade moderada, que passa por paisagens deslumbrantes. A piscina natural formada pela cachoeira \u00e9 perfeita para um mergulho refrescante.<\/p>\t\t\t\t\t\t<\/div>\n\t\t\t\t<\/div>\n\t\t\t\t\t<\/div>\n\t\t\t\t<\/div>\n\t\t<div class=\"elementor-element elementor-element-0b6448d e-flex e-con-boxed e-con e-parent\" data-id=\"0b6448d\" data-element_type=\"container\" data-settings=\"{&quot;content_width&quot;:&quot;boxed&quot;}\" data-core-v316-plus=\"true\">\n\t\t\t\t\t<div class=\"e-con-inner\">\n\t\t\t\t<div class=\"elementor-element elementor-element-78c96d9 elementor-widget elementor-widget-heading\" data-id=\"78c96d9\" data-element_type=\"widget\" data-widget_type=\"heading.default\">\n\t\t\t\t<div class=\"elementor-widget-container\">\n\t\t\t<h2 class=\"elementor-heading-title elementor-size-large\">10. Po\u00e7o Encantado <\/h2>\t\t<\/div>\n\t\t\t\t<\/div>\n\t\t\t\t<div class=\"elementor-element elementor-element-3ed1a09 elementor-widget elementor-widget-image\" data-id=\"3ed1a09\" data-element_type=\"widget\" data-widget_type=\"image.default\">\n\t\t\t\t<div class=\"elementor-widget-container\">\n\t\t\t\t\t\t\t\t\t\t\t\t<figure class=\"wp-caption\">\n\t\t\t\t\t\t\t\t\t\t<img loading=\"lazy\" decoding=\"async\" width=\"1000\" height=\"729\" src=\"https:\/\/www.blumarturismo.com.br\/blog\/wp-content\/uploads\/2023\/06\/Foto-SergioRocha-Shutterstock.com_.jpg\" class=\"attachment-large size-large wp-image-63550\" alt=\"Foto: Sergio Rocha \/ Shutterstock.com\" srcset=\"https:\/\/www.blumarturismo.com.br\/blog\/wp-content\/uploads\/2023\/06\/Foto-SergioRocha-Shutterstock.com_.jpg 1000w, https:\/\/www.blumarturismo.com.br\/blog\/wp-content\/uploads\/2023\/06\/Foto-SergioRocha-Shutterstock.com_-300x219.jpg 300w, https:\/\/www.blumarturismo.com.br\/blog\/wp-content\/uploads\/2023\/06\/Foto-SergioRocha-Shutterstock.com_-768x560.jpg 768w\" sizes=\"auto, (max-width: 1000px) 100vw, 1000px\" \/>\t\t\t\t\t\t\t\t\t\t\t<figcaption class=\"widget-image-caption wp-caption-text\">Foto: Sergio Rocha \/ Shutterstock.com<\/figcaption>\n\t\t\t\t\t\t\t\t\t\t<\/figure>\n\t\t\t\t\t\t\t\t\t<\/div>\n\t\t\t\t<\/div>\n\t\t\t\t<div class=\"elementor-element elementor-element-4cb4ec1 elementor-widget elementor-widget-text-editor\" data-id=\"4cb4ec1\" data-element_type=\"widget\" data-widget_type=\"text-editor.default\">\n\t\t\t\t<div class=\"elementor-widget-container\">\n\t\t\t\t\t\t\t<p>O Po\u00e7o Encantado \u00e9 uma caverna parcialmente submersa que encanta os visitantes com suas \u00e1guas azuis cristalinas. O fen\u00f4meno mais impressionante ocorre entre os meses de abril e setembro, quando um feixe de luz solar penetra a caverna, criando um espet\u00e1culo de luz e cor na \u00e1gua. Embora n\u00e3o seja permitido nadar, a vis\u00e3o deste cen\u00e1rio \u00e9 simplesmente m\u00e1gica.<\/p>\t\t\t\t\t\t<\/div>\n\t\t\t\t<\/div>\n\t\t\t\t\t<\/div>\n\t\t\t\t<\/div>\n\t\t<div class=\"elementor-element elementor-element-8ac8040 e-flex e-con-boxed e-con e-parent\" data-id=\"8ac8040\" data-element_type=\"container\" data-settings=\"{&quot;content_width&quot;:&quot;boxed&quot;}\" data-core-v316-plus=\"true\">\n\t\t\t\t\t<div class=\"e-con-inner\">\n\t\t\t\t<div class=\"elementor-element elementor-element-a58f7f9 elementor-widget elementor-widget-heading\" data-id=\"a58f7f9\" data-element_type=\"widget\" data-widget_type=\"heading.default\">\n\t\t\t\t<div class=\"elementor-widget-container\">\n\t\t\t<h2 class=\"elementor-heading-title elementor-size-large\">Conclus\u00e3o<\/h2>\t\t<\/div>\n\t\t\t\t<\/div>\n\t\t\t\t<div class=\"elementor-element elementor-element-b50db15 elementor-widget elementor-widget-text-editor\" data-id=\"b50db15\" data-element_type=\"widget\" data-widget_type=\"text-editor.default\">\n\t\t\t\t<div class=\"elementor-widget-container\">\n\t\t\t\t\t\t\t<p>A <strong>Chapada Diamantina<\/strong> \u00e9 um destino que oferece uma combina\u00e7\u00e3o \u00fanica de beleza natural, aventura e experi\u00eancias inesquec\u00edveis. Estes dez passeios representam apenas uma fra\u00e7\u00e3o do que a regi\u00e3o tem a oferecer. Ao planejar sua viagem, lembre-se de respeitar a natureza, seguir as orienta\u00e7\u00f5es dos guias locais e estar preparado para as caminhadas. Com sua diversidade de paisagens e atra\u00e7\u00f5es, a <strong>Chapada Diamantina<\/strong> promete uma viagem repleta de descobertas e momentos memor\u00e1veis para todos os tipos de viajantes.<\/p><p>Lembre-se de que alguns destes passeios podem requerer guias locais e \u00e9 importante verificar as condi\u00e7\u00f5es de acesso e seguran\u00e7a antes de realiz\u00e1-los. Aproveite cada momento neste para\u00edso natural brasileiro e crie mem\u00f3rias que durar\u00e3o para toda a vida!<\/p>\t\t\t\t\t\t<\/div>\n\t\t\t\t<\/div>\n\t\t<div class=\"elementor-element elementor-element-847105f e-flex e-con-boxed e-con e-child\" data-id=\"847105f\" data-element_type=\"container\" data-settings=\"{&quot;content_width&quot;:&quot;boxed&quot;}\">\n\t\t\t\t\t<div class=\"e-con-inner\">\n\t\t\t\t<div class=\"elementor-element elementor-element-d4b7bbc elementor-widget elementor-widget-heading\" data-id=\"d4b7bbc\" data-element_type=\"widget\" data-widget_type=\"heading.default\">\n\t\t\t\t<div class=\"elementor-widget-container\">\n\t\t\t<h2 class=\"elementor-heading-title elementor-size-large\">Depoimentos de Quem Viveu a Experi\u00eancia<\/h2>\t\t<\/div>\n\t\t\t\t<\/div>\n\t\t\t\t<div class=\"elementor-element elementor-element-c3a34b2 elementor-widget elementor-widget-text-editor\" data-id=\"c3a34b2\" data-element_type=\"widget\" data-widget_type=\"text-editor.default\">\n\t\t\t\t<div class=\"elementor-widget-container\">\n\t\t\t\t\t\t\t<p style=\"text-align: center;\"><strong><a href=\"https:\/\/www.blumar.com.br\/index.php\">Blumar Turismo<\/a>: Certificada pelo Reclame Aqui<\/strong><\/p>\t\t\t\t\t\t<\/div>\n\t\t\t\t<\/div>\n\t\t\t\t<div class=\"elementor-element elementor-element-8d92973 elementor-widget elementor-widget-html\" data-id=\"8d92973\" data-element_type=\"widget\" data-widget_type=\"html.default\">\n\t\t\t\t<div class=\"elementor-widget-container\">\n\t\t\t<center><div id=\"ra-verified-seal\"><script type=\"text\/javascript\" id=\"ra-embed-verified-seal\" src=\"https:\/\/s3.amazonaws.com\/raichu-beta\/ra-verified\/bundle.js\" data-id=\"MzI4Nzc6Ymx1bWFy\" data-target=\"ra-verified-seal\" data-model=\"2\"><\/script><\/div><\/center>\t\t<\/div>\n\t\t\t\t<\/div>\n\t\t\t\t<div class=\"elementor-element elementor-element-3357d2f elementor-widget elementor-widget-text-editor\" data-id=\"3357d2f\" data-element_type=\"widget\" data-widget_type=\"text-editor.default\">\n\t\t\t\t<div class=\"elementor-widget-container\">\n\t\t\t\t\t\t\t<p><span style=\"color: var( --e-global-color-text ); text-align: var(--text-align);\">Na <a href=\"https:\/\/www.blumar.com.br\/index.php\"><strong>Blumar Turismo<\/strong><\/a>, nos orgulhamos de oferecer um servi\u00e7o de excel\u00eancia. Somos certificados pelo Reclame Aqui e n\u00e3o recebemos nenhuma reclama\u00e7\u00e3o nos \u00faltimos 12 meses.<\/span><\/p><p>Nosso compromisso \u00e9 com a total satisfa\u00e7\u00e3o do cliente. Garantimos experi\u00eancias de viagem \u00fanicas e memor\u00e1veis, cuidando de cada detalhe, desde a escolha dos melhores destinos e hot\u00e9is at\u00e9 a personaliza\u00e7\u00e3o de roteiros. Nossa equipe est\u00e1 dedicada a atender todas as suas necessidades com m\u00e1xima aten\u00e7\u00e3o e profissionalismo.<\/p>\t\t\t\t\t\t<\/div>\n\t\t\t\t<\/div>\n\t\t\t\t<div class=\"elementor-element elementor-element-2c2a0d2 elementor-widget elementor-widget-html\" data-id=\"2c2a0d2\" data-element_type=\"widget\" data-widget_type=\"html.default\">\n\t\t\t\t<div class=\"elementor-widget-container\">\n\t\t\t<script defer async src='https:\/\/cdn.trustindex.io\/loader.js?dc6229528d81446bbc4644b5063'><\/script>\t\t<\/div>\n\t\t\t\t<\/div>\n\t\t\t\t\t<\/div>\n\t\t\t\t<\/div>\n\t\t<div class=\"elementor-element elementor-element-585c4fb e-flex e-con-boxed e-con e-child\" data-id=\"585c4fb\" data-element_type=\"container\" data-settings=\"{&quot;content_width&quot;:&quot;boxed&quot;}\">\n\t\t\t\t\t<div class=\"e-con-inner\">\n\t\t\t\t<div class=\"elementor-element elementor-element-4e19e52 elementor-widget elementor-widget-heading\" data-id=\"4e19e52\" data-element_type=\"widget\" data-widget_type=\"heading.default\">\n\t\t\t\t<div class=\"elementor-widget-container\">\n\t\t\t<h2 class=\"elementor-heading-title elementor-size-medium\">Posts que voc\u00ea pode se interessar:<\/h2>\t\t<\/div>\n\t\t\t\t<\/div>\n\t\t\t\t<div class=\"elementor-element elementor-element-c42331a elementor-widget elementor-widget-text-editor\" data-id=\"c42331a\" data-element_type=\"widget\" data-widget_type=\"text-editor.default\">\n\t\t\t\t<div class=\"elementor-widget-container\">\n\t\t\t\t\t\t\t<ul><li><a href=\"https:\/\/www.blumarturismo.com.br\/blog\/passeios-na-praia-do-forte-bahia\/\">Passeios na Praia do Forte ; Bahia: Descubra Aventuras Inesquec\u00edveis<\/a><\/li><li><a href=\"https:\/\/www.blumarturismo.com.br\/blog\/lugares-para-ir-com-adolescentes-no-brasil\/\">Lugares para ir com adolescentes no Brasil<\/a><\/li><li><a href=\"https:\/\/www.blumarturismo.com.br\/blog\/destinos-para-o-dia-dos-namorados-no-brasil\/\">Destinos para o Dia dos Namorados no Brasil<\/a><\/li><li><a href=\"https:\/\/www.blumarturismo.com.br\/blog\/conheca-os-16-melhores-hoteis-de-ecoturismo-no-brasil\/\">Conhe\u00e7a os 16 Melhores Hot\u00e9is de Ecoturismo no Brasil<\/a><\/li><li><a href=\"https:\/\/www.blumarturismo.com.br\/blog\/operador-de-turismo-cultural-e-de-luxo-no-brasil-blumar-dmc\/\">Operador de Turismo Cultural e de Luxo no Brasil: Blumar DMC<\/a><\/li><\/ul>\t\t\t\t\t\t<\/div>\n\t\t\t\t<\/div>\n\t\t\t\t\t<\/div>\n\t\t\t\t<\/div>\n\t\t\t\t\t<\/div>\n\t\t\t\t<\/div>\n\t\t<div class=\"elementor-element elementor-element-08c838e e-flex e-con-boxed e-con e-parent\" data-id=\"08c838e\" data-element_type=\"container\" data-settings=\"{&quot;content_width&quot;:&quot;boxed&quot;}\" data-core-v316-plus=\"true\">\n\t\t\t\t\t<div class=\"e-con-inner\">\n\t\t\t\t<div class=\"elementor-element elementor-element-a06e213 elementor-widget elementor-widget-heading\" data-id=\"a06e213\" data-element_type=\"widget\" data-widget_type=\"heading.default\">\n\t\t\t\t<div class=\"elementor-widget-container\">\n\t\t\t<h2 class=\"elementor-heading-title elementor-size-large\">FAQ: Chapada Diamantina - Guia Completo para sua Aventura<\/h2>\t\t<\/div>\n\t\t\t\t<\/div>\n\t\t\t\t<div class=\"elementor-element elementor-element-2538971 elementor-widget elementor-widget-image\" data-id=\"2538971\" data-element_type=\"widget\" data-widget_type=\"image.default\">\n\t\t\t\t<div class=\"elementor-widget-container\">\n\t\t\t\t\t\t\t\t\t\t\t\t<figure class=\"wp-caption\">\n\t\t\t\t\t\t\t\t\t\t<img loading=\"lazy\" decoding=\"async\" width=\"1024\" height=\"681\" src=\"https:\/\/www.blumarturismo.com.br\/blog\/wp-content\/uploads\/2024\/01\/gleidson-santos-mtur-1-1024x681.jpg\" class=\"attachment-large size-large wp-image-48009\" alt=\"Foto: Gleidson Santos \/ MTur\" srcset=\"https:\/\/www.blumarturismo.com.br\/blog\/wp-content\/uploads\/2024\/01\/gleidson-santos-mtur-1-1024x681.jpg 1024w, https:\/\/www.blumarturismo.com.br\/blog\/wp-content\/uploads\/2024\/01\/gleidson-santos-mtur-1-300x200.jpg 300w, https:\/\/www.blumarturismo.com.br\/blog\/wp-content\/uploads\/2024\/01\/gleidson-santos-mtur-1-768x511.jpg 768w, https:\/\/www.blumarturismo.com.br\/blog\/wp-content\/uploads\/2024\/01\/gleidson-santos-mtur-1-1536x1022.jpg 1536w, https:\/\/www.blumarturismo.com.br\/blog\/wp-content\/uploads\/2024\/01\/gleidson-santos-mtur-1.jpg 2048w\" sizes=\"auto, (max-width: 1024px) 100vw, 1024px\" \/>\t\t\t\t\t\t\t\t\t\t\t<figcaption class=\"widget-image-caption wp-caption-text\">Foto: Gleidson Santos \/ MTur<\/figcaption>\n\t\t\t\t\t\t\t\t\t\t<\/figure>\n\t\t\t\t\t\t\t\t\t<\/div>\n\t\t\t\t<\/div>\n\t\t\t\t<div class=\"elementor-element elementor-element-9a7885b elementor-widget elementor-widget-toggle\" data-id=\"9a7885b\" data-element_type=\"widget\" data-widget_type=\"toggle.default\">\n\t\t\t\t<div class=\"elementor-widget-container\">\n\t\t\t<style>\/*! elementor - v3.16.0 - 13-09-2023 *\/\n.elementor-toggle{text-align:left}.elementor-toggle .elementor-tab-title{font-weight:700;line-height:1;margin:0;padding:15px;border-bottom:1px solid #d5d8dc;cursor:pointer;outline:none}.elementor-toggle .elementor-tab-title .elementor-toggle-icon{display:inline-block;width:1em}.elementor-toggle .elementor-tab-title .elementor-toggle-icon svg{margin-inline-start:-5px;width:1em;height:1em}.elementor-toggle .elementor-tab-title .elementor-toggle-icon.elementor-toggle-icon-right{float:right;text-align:right}.elementor-toggle .elementor-tab-title .elementor-toggle-icon.elementor-toggle-icon-left{float:left;text-align:left}.elementor-toggle .elementor-tab-title .elementor-toggle-icon .elementor-toggle-icon-closed{display:block}.elementor-toggle .elementor-tab-title .elementor-toggle-icon .elementor-toggle-icon-opened{display:none}.elementor-toggle .elementor-tab-title.elementor-active{border-bottom:none}.elementor-toggle .elementor-tab-title.elementor-active .elementor-toggle-icon-closed{display:none}.elementor-toggle .elementor-tab-title.elementor-active .elementor-toggle-icon-opened{display:block}.elementor-toggle .elementor-tab-content{padding:15px;border-bottom:1px solid #d5d8dc;display:none}@media (max-width:767px){.elementor-toggle .elementor-tab-title{padding:12px}.elementor-toggle .elementor-tab-content{padding:12px 10px}}.e-con-inner>.elementor-widget-toggle,.e-con>.elementor-widget-toggle{width:var(--container-widget-width);--flex-grow:var(--container-widget-flex-grow)}<\/style>\t\t<div class=\"elementor-toggle\">\n\t\t\t\t\t\t\t<div class=\"elementor-toggle-item\">\n\t\t\t\t\t<div id=\"elementor-tab-title-1611\" class=\"elementor-tab-title\" data-tab=\"1\" role=\"button\" aria-controls=\"elementor-tab-content-1611\" aria-expanded=\"false\">\n\t\t\t\t\t\t\t\t\t\t\t\t<span class=\"elementor-toggle-icon elementor-toggle-icon-left\" aria-hidden=\"true\">\n\t\t\t\t\t\t\t\t\t\t\t\t\t\t\t<span class=\"elementor-toggle-icon-closed\"><svg class=\"e-font-icon-svg e-fas-caret-right\" viewBox=\"0 0 192 512\" xmlns=\"http:\/\/www.w3.org\/2000\/svg\"><path d=\"M0 384.662V127.338c0-17.818 21.543-26.741 34.142-14.142l128.662 128.662c7.81 7.81 7.81 20.474 0 28.284L34.142 398.804C21.543 411.404 0 402.48 0 384.662z\"><\/path><\/svg><\/span>\n\t\t\t\t\t\t\t\t<span class=\"elementor-toggle-icon-opened\"><svg class=\"elementor-toggle-icon-opened e-font-icon-svg e-fas-caret-up\" viewBox=\"0 0 320 512\" xmlns=\"http:\/\/www.w3.org\/2000\/svg\"><path d=\"M288.662 352H31.338c-17.818 0-26.741-21.543-14.142-34.142l128.662-128.662c7.81-7.81 20.474-7.81 28.284 0l128.662 128.662c12.6 12.599 3.676 34.142-14.142 34.142z\"><\/path><\/svg><\/span>\n\t\t\t\t\t\t\t\t\t\t\t\t\t<\/span>\n\t\t\t\t\t\t\t\t\t\t\t\t<a class=\"elementor-toggle-title\" tabindex=\"0\">1. O que \u00e9 a Chapada Diamantina e onde fica?<\/a>\n\t\t\t\t\t<\/div>\n\n\t\t\t\t\t<div id=\"elementor-tab-content-1611\" class=\"elementor-tab-content elementor-clearfix\" data-tab=\"1\" role=\"region\" aria-labelledby=\"elementor-tab-title-1611\"><p>A Chapada Diamantina \u00e9 uma regi\u00e3o de beleza natural extraordin\u00e1ria localizada no estado da Bahia, no nordeste do Brasil. Conhecida por suas paisagens deslumbrantes, a \u00e1rea abrange cerca de 38.000 km\u00b2 e \u00e9 famosa por suas montanhas, cachoeiras, cavernas e rios cristalinos.<\/p><\/div>\n\t\t\t\t<\/div>\n\t\t\t\t\t\t\t<div class=\"elementor-toggle-item\">\n\t\t\t\t\t<div id=\"elementor-tab-title-1612\" class=\"elementor-tab-title\" data-tab=\"2\" role=\"button\" aria-controls=\"elementor-tab-content-1612\" aria-expanded=\"false\">\n\t\t\t\t\t\t\t\t\t\t\t\t<span class=\"elementor-toggle-icon elementor-toggle-icon-left\" aria-hidden=\"true\">\n\t\t\t\t\t\t\t\t\t\t\t\t\t\t\t<span class=\"elementor-toggle-icon-closed\"><svg class=\"e-font-icon-svg e-fas-caret-right\" viewBox=\"0 0 192 512\" xmlns=\"http:\/\/www.w3.org\/2000\/svg\"><path d=\"M0 384.662V127.338c0-17.818 21.543-26.741 34.142-14.142l128.662 128.662c7.81 7.81 7.81 20.474 0 28.284L34.142 398.804C21.543 411.404 0 402.48 0 384.662z\"><\/path><\/svg><\/span>\n\t\t\t\t\t\t\t\t<span class=\"elementor-toggle-icon-opened\"><svg class=\"elementor-toggle-icon-opened e-font-icon-svg e-fas-caret-up\" viewBox=\"0 0 320 512\" xmlns=\"http:\/\/www.w3.org\/2000\/svg\"><path d=\"M288.662 352H31.338c-17.818 0-26.741-21.543-14.142-34.142l128.662-128.662c7.81-7.81 20.474-7.81 28.284 0l128.662 128.662c12.6 12.599 3.676 34.142-14.142 34.142z\"><\/path><\/svg><\/span>\n\t\t\t\t\t\t\t\t\t\t\t\t\t<\/span>\n\t\t\t\t\t\t\t\t\t\t\t\t<a class=\"elementor-toggle-title\" tabindex=\"0\">2. Quais s\u00e3o os 10 passeios imperd\u00edveis na Chapada Diamantina?<\/a>\n\t\t\t\t\t<\/div>\n\n\t\t\t\t\t<div id=\"elementor-tab-content-1612\" class=\"elementor-tab-content elementor-clearfix\" data-tab=\"2\" role=\"region\" aria-labelledby=\"elementor-tab-title-1612\"><p>Os 10 passeios imperd\u00edveis na Chapada Diamantina s\u00e3o:<\/p><ol><li>Morro do Pai In\u00e1cio<\/li><li>Cachoeira da Fuma\u00e7a<\/li><li>Po\u00e7o Azul<\/li><li>Gruta da Lapa Doce<\/li><li>Pratinha<\/li><li>Cachoeira do Burac\u00e3o<\/li><li>Vale do Pati<\/li><li>Mirante do Morro do Camelo<\/li><li>Cachoeira do Sossego<\/li><li>Po\u00e7o Encantado<\/li><\/ol><p>Cada um desses locais oferece experi\u00eancias \u00fanicas, desde vistas panor\u00e2micas at\u00e9 mergulhos em \u00e1guas cristalinas.<\/p><\/div>\n\t\t\t\t<\/div>\n\t\t\t\t\t\t\t<div class=\"elementor-toggle-item\">\n\t\t\t\t\t<div id=\"elementor-tab-title-1613\" class=\"elementor-tab-title\" data-tab=\"3\" role=\"button\" aria-controls=\"elementor-tab-content-1613\" aria-expanded=\"false\">\n\t\t\t\t\t\t\t\t\t\t\t\t<span class=\"elementor-toggle-icon elementor-toggle-icon-left\" aria-hidden=\"true\">\n\t\t\t\t\t\t\t\t\t\t\t\t\t\t\t<span class=\"elementor-toggle-icon-closed\"><svg class=\"e-font-icon-svg e-fas-caret-right\" viewBox=\"0 0 192 512\" xmlns=\"http:\/\/www.w3.org\/2000\/svg\"><path d=\"M0 384.662V127.338c0-17.818 21.543-26.741 34.142-14.142l128.662 128.662c7.81 7.81 7.81 20.474 0 28.284L34.142 398.804C21.543 411.404 0 402.48 0 384.662z\"><\/path><\/svg><\/span>\n\t\t\t\t\t\t\t\t<span class=\"elementor-toggle-icon-opened\"><svg class=\"elementor-toggle-icon-opened e-font-icon-svg e-fas-caret-up\" viewBox=\"0 0 320 512\" xmlns=\"http:\/\/www.w3.org\/2000\/svg\"><path d=\"M288.662 352H31.338c-17.818 0-26.741-21.543-14.142-34.142l128.662-128.662c7.81-7.81 20.474-7.81 28.284 0l128.662 128.662c12.6 12.599 3.676 34.142-14.142 34.142z\"><\/path><\/svg><\/span>\n\t\t\t\t\t\t\t\t\t\t\t\t\t<\/span>\n\t\t\t\t\t\t\t\t\t\t\t\t<a class=\"elementor-toggle-title\" tabindex=\"0\">3. Qual \u00e9 a melhor \u00e9poca para visitar a Chapada Diamantina?<\/a>\n\t\t\t\t\t<\/div>\n\n\t\t\t\t\t<div id=\"elementor-tab-content-1613\" class=\"elementor-tab-content elementor-clearfix\" data-tab=\"3\" role=\"region\" aria-labelledby=\"elementor-tab-title-1613\"><p>A melhor \u00e9poca para visitar a Chapada Diamantina depende do que voc\u00ea deseja experimentar:<\/p><ul><li><strong>\u00c9poca seca (abril a outubro)<\/strong>: Ideal para trilhas e cachoeiras menos volumosas.<\/li><li><strong>\u00c9poca chuvosa (novembro a mar\u00e7o)<\/strong>: Melhor para ver as cachoeiras em todo seu esplendor.<\/li><\/ul><p>Considere que alguns atrativos, como o Po\u00e7o Encantado, t\u00eam per\u00edodos espec\u00edficos para melhor visita\u00e7\u00e3o (abril a setembro).<\/p><\/div>\n\t\t\t\t<\/div>\n\t\t\t\t\t\t\t<div class=\"elementor-toggle-item\">\n\t\t\t\t\t<div id=\"elementor-tab-title-1614\" class=\"elementor-tab-title\" data-tab=\"4\" role=\"button\" aria-controls=\"elementor-tab-content-1614\" aria-expanded=\"false\">\n\t\t\t\t\t\t\t\t\t\t\t\t<span class=\"elementor-toggle-icon elementor-toggle-icon-left\" aria-hidden=\"true\">\n\t\t\t\t\t\t\t\t\t\t\t\t\t\t\t<span class=\"elementor-toggle-icon-closed\"><svg class=\"e-font-icon-svg e-fas-caret-right\" viewBox=\"0 0 192 512\" xmlns=\"http:\/\/www.w3.org\/2000\/svg\"><path d=\"M0 384.662V127.338c0-17.818 21.543-26.741 34.142-14.142l128.662 128.662c7.81 7.81 7.81 20.474 0 28.284L34.142 398.804C21.543 411.404 0 402.48 0 384.662z\"><\/path><\/svg><\/span>\n\t\t\t\t\t\t\t\t<span class=\"elementor-toggle-icon-opened\"><svg class=\"elementor-toggle-icon-opened e-font-icon-svg e-fas-caret-up\" viewBox=\"0 0 320 512\" xmlns=\"http:\/\/www.w3.org\/2000\/svg\"><path d=\"M288.662 352H31.338c-17.818 0-26.741-21.543-14.142-34.142l128.662-128.662c7.81-7.81 20.474-7.81 28.284 0l128.662 128.662c12.6 12.599 3.676 34.142-14.142 34.142z\"><\/path><\/svg><\/span>\n\t\t\t\t\t\t\t\t\t\t\t\t\t<\/span>\n\t\t\t\t\t\t\t\t\t\t\t\t<a class=\"elementor-toggle-title\" tabindex=\"0\">4. Preciso de guia para fazer os passeios na Chapada Diamantina?<\/a>\n\t\t\t\t\t<\/div>\n\n\t\t\t\t\t<div id=\"elementor-tab-content-1614\" class=\"elementor-tab-content elementor-clearfix\" data-tab=\"4\" role=\"region\" aria-labelledby=\"elementor-tab-title-1614\"><p>Para muitos passeios, especialmente os mais desafiadores ou em \u00e1reas de preserva\u00e7\u00e3o, \u00e9 altamente recomendado e, em alguns casos, obrigat\u00f3rio contratar um guia local. Isso garante sua seguran\u00e7a e enriquece a experi\u00eancia com informa\u00e7\u00f5es sobre a regi\u00e3o.<\/p><\/div>\n\t\t\t\t<\/div>\n\t\t\t\t\t\t\t<div class=\"elementor-toggle-item\">\n\t\t\t\t\t<div id=\"elementor-tab-title-1615\" class=\"elementor-tab-title\" data-tab=\"5\" role=\"button\" aria-controls=\"elementor-tab-content-1615\" aria-expanded=\"false\">\n\t\t\t\t\t\t\t\t\t\t\t\t<span class=\"elementor-toggle-icon elementor-toggle-icon-left\" aria-hidden=\"true\">\n\t\t\t\t\t\t\t\t\t\t\t\t\t\t\t<span class=\"elementor-toggle-icon-closed\"><svg class=\"e-font-icon-svg e-fas-caret-right\" viewBox=\"0 0 192 512\" xmlns=\"http:\/\/www.w3.org\/2000\/svg\"><path d=\"M0 384.662V127.338c0-17.818 21.543-26.741 34.142-14.142l128.662 128.662c7.81 7.81 7.81 20.474 0 28.284L34.142 398.804C21.543 411.404 0 402.48 0 384.662z\"><\/path><\/svg><\/span>\n\t\t\t\t\t\t\t\t<span class=\"elementor-toggle-icon-opened\"><svg class=\"elementor-toggle-icon-opened e-font-icon-svg e-fas-caret-up\" viewBox=\"0 0 320 512\" xmlns=\"http:\/\/www.w3.org\/2000\/svg\"><path d=\"M288.662 352H31.338c-17.818 0-26.741-21.543-14.142-34.142l128.662-128.662c7.81-7.81 20.474-7.81 28.284 0l128.662 128.662c12.6 12.599 3.676 34.142-14.142 34.142z\"><\/path><\/svg><\/span>\n\t\t\t\t\t\t\t\t\t\t\t\t\t<\/span>\n\t\t\t\t\t\t\t\t\t\t\t\t<a class=\"elementor-toggle-title\" tabindex=\"0\">5. Quais s\u00e3o as atividades mais populares na Chapada Diamantina?<\/a>\n\t\t\t\t\t<\/div>\n\n\t\t\t\t\t<div id=\"elementor-tab-content-1615\" class=\"elementor-tab-content elementor-clearfix\" data-tab=\"5\" role=\"region\" aria-labelledby=\"elementor-tab-title-1615\"><p>As atividades mais populares incluem:<\/p><ul><li>Trekking<\/li><li>Banhos em cachoeiras e po\u00e7os naturais<\/li><li>Escalada<\/li><li>Rapel<\/li><li>Explora\u00e7\u00e3o de cavernas<\/li><li>Observa\u00e7\u00e3o de p\u00e1ssaros<\/li><li>Fotografia de natureza<\/li><\/ul><\/div>\n\t\t\t\t<\/div>\n\t\t\t\t\t\t\t<div class=\"elementor-toggle-item\">\n\t\t\t\t\t<div id=\"elementor-tab-title-1616\" class=\"elementor-tab-title\" data-tab=\"6\" role=\"button\" aria-controls=\"elementor-tab-content-1616\" aria-expanded=\"false\">\n\t\t\t\t\t\t\t\t\t\t\t\t<span class=\"elementor-toggle-icon elementor-toggle-icon-left\" aria-hidden=\"true\">\n\t\t\t\t\t\t\t\t\t\t\t\t\t\t\t<span class=\"elementor-toggle-icon-closed\"><svg class=\"e-font-icon-svg e-fas-caret-right\" viewBox=\"0 0 192 512\" xmlns=\"http:\/\/www.w3.org\/2000\/svg\"><path d=\"M0 384.662V127.338c0-17.818 21.543-26.741 34.142-14.142l128.662 128.662c7.81 7.81 7.81 20.474 0 28.284L34.142 398.804C21.543 411.404 0 402.48 0 384.662z\"><\/path><\/svg><\/span>\n\t\t\t\t\t\t\t\t<span class=\"elementor-toggle-icon-opened\"><svg class=\"elementor-toggle-icon-opened e-font-icon-svg e-fas-caret-up\" viewBox=\"0 0 320 512\" xmlns=\"http:\/\/www.w3.org\/2000\/svg\"><path d=\"M288.662 352H31.338c-17.818 0-26.741-21.543-14.142-34.142l128.662-128.662c7.81-7.81 20.474-7.81 28.284 0l128.662 128.662c12.6 12.599 3.676 34.142-14.142 34.142z\"><\/path><\/svg><\/span>\n\t\t\t\t\t\t\t\t\t\t\t\t\t<\/span>\n\t\t\t\t\t\t\t\t\t\t\t\t<a class=\"elementor-toggle-title\" tabindex=\"0\">6. Como chegar \u00e0 Chapada Diamantina?<\/a>\n\t\t\t\t\t<\/div>\n\n\t\t\t\t\t<div id=\"elementor-tab-content-1616\" class=\"elementor-tab-content elementor-clearfix\" data-tab=\"6\" role=\"region\" aria-labelledby=\"elementor-tab-title-1616\"><p>A forma mais comum de chegar \u00e0 Chapada Diamantina \u00e9:<\/p><ol><li>Voar para Salvador ou Len\u00e7\u00f3is (aeroporto mais pr\u00f3ximo da Chapada)<\/li><li>De Salvador, pegar um \u00f4nibus ou alugar um carro para Len\u00e7\u00f3is (principal cidade-base para explora\u00e7\u00f5es)<\/li><li>A viagem de carro de Salvador a Len\u00e7\u00f3is leva cerca de 6-7 horas<\/li><\/ol><\/div>\n\t\t\t\t<\/div>\n\t\t\t\t\t\t\t<div class=\"elementor-toggle-item\">\n\t\t\t\t\t<div id=\"elementor-tab-title-1617\" class=\"elementor-tab-title\" data-tab=\"7\" role=\"button\" aria-controls=\"elementor-tab-content-1617\" aria-expanded=\"false\">\n\t\t\t\t\t\t\t\t\t\t\t\t<span class=\"elementor-toggle-icon elementor-toggle-icon-left\" aria-hidden=\"true\">\n\t\t\t\t\t\t\t\t\t\t\t\t\t\t\t<span class=\"elementor-toggle-icon-closed\"><svg class=\"e-font-icon-svg e-fas-caret-right\" viewBox=\"0 0 192 512\" xmlns=\"http:\/\/www.w3.org\/2000\/svg\"><path d=\"M0 384.662V127.338c0-17.818 21.543-26.741 34.142-14.142l128.662 128.662c7.81 7.81 7.81 20.474 0 28.284L34.142 398.804C21.543 411.404 0 402.48 0 384.662z\"><\/path><\/svg><\/span>\n\t\t\t\t\t\t\t\t<span class=\"elementor-toggle-icon-opened\"><svg class=\"elementor-toggle-icon-opened e-font-icon-svg e-fas-caret-up\" viewBox=\"0 0 320 512\" xmlns=\"http:\/\/www.w3.org\/2000\/svg\"><path d=\"M288.662 352H31.338c-17.818 0-26.741-21.543-14.142-34.142l128.662-128.662c7.81-7.81 20.474-7.81 28.284 0l128.662 128.662c12.6 12.599 3.676 34.142-14.142 34.142z\"><\/path><\/svg><\/span>\n\t\t\t\t\t\t\t\t\t\t\t\t\t<\/span>\n\t\t\t\t\t\t\t\t\t\t\t\t<a class=\"elementor-toggle-title\" tabindex=\"0\">7. Onde ficar na Chapada Diamantina?<\/a>\n\t\t\t\t\t<\/div>\n\n\t\t\t\t\t<div id=\"elementor-tab-content-1617\" class=\"elementor-tab-content elementor-clearfix\" data-tab=\"7\" role=\"region\" aria-labelledby=\"elementor-tab-title-1617\"><p>As principais cidades para se hospedar s\u00e3o:<\/p><ul><li>Len\u00e7\u00f3is: Principal base tur\u00edstica<\/li><li>Mucug\u00ea: Cidade hist\u00f3rica com boa infraestrutura<\/li><li>Vale do Cap\u00e3o: Ideal para quem busca tranquilidade<\/li><li>Andara\u00ed: Op\u00e7\u00e3o menos tur\u00edstica<\/li><\/ul><p>Cada cidade oferece op\u00e7\u00f5es de hospedagem que variam de pousadas simples a hot\u00e9is mais luxuosos.<\/p><\/div>\n\t\t\t\t<\/div>\n\t\t\t\t\t\t\t<div class=\"elementor-toggle-item\">\n\t\t\t\t\t<div id=\"elementor-tab-title-1618\" class=\"elementor-tab-title\" data-tab=\"8\" role=\"button\" aria-controls=\"elementor-tab-content-1618\" aria-expanded=\"false\">\n\t\t\t\t\t\t\t\t\t\t\t\t<span class=\"elementor-toggle-icon elementor-toggle-icon-left\" aria-hidden=\"true\">\n\t\t\t\t\t\t\t\t\t\t\t\t\t\t\t<span class=\"elementor-toggle-icon-closed\"><svg class=\"e-font-icon-svg e-fas-caret-right\" viewBox=\"0 0 192 512\" xmlns=\"http:\/\/www.w3.org\/2000\/svg\"><path d=\"M0 384.662V127.338c0-17.818 21.543-26.741 34.142-14.142l128.662 128.662c7.81 7.81 7.81 20.474 0 28.284L34.142 398.804C21.543 411.404 0 402.48 0 384.662z\"><\/path><\/svg><\/span>\n\t\t\t\t\t\t\t\t<span class=\"elementor-toggle-icon-opened\"><svg class=\"elementor-toggle-icon-opened e-font-icon-svg e-fas-caret-up\" viewBox=\"0 0 320 512\" xmlns=\"http:\/\/www.w3.org\/2000\/svg\"><path d=\"M288.662 352H31.338c-17.818 0-26.741-21.543-14.142-34.142l128.662-128.662c7.81-7.81 20.474-7.81 28.284 0l128.662 128.662c12.6 12.599 3.676 34.142-14.142 34.142z\"><\/path><\/svg><\/span>\n\t\t\t\t\t\t\t\t\t\t\t\t\t<\/span>\n\t\t\t\t\t\t\t\t\t\t\t\t<a class=\"elementor-toggle-title\" tabindex=\"0\">8. Qual o n\u00edvel de dificuldade das trilhas na Chapada Diamantina?<\/a>\n\t\t\t\t\t<\/div>\n\n\t\t\t\t\t<div id=\"elementor-tab-content-1618\" class=\"elementor-tab-content elementor-clearfix\" data-tab=\"8\" role=\"region\" aria-labelledby=\"elementor-tab-title-1618\"><p>As trilhas variam de f\u00e1ceis a muito dif\u00edceis. Por exemplo:<\/p><ul><li>F\u00e1cil: Mirante do Morro do Pai In\u00e1cio<\/li><li>Moderada: Cachoeira da Fuma\u00e7a (vista de cima)<\/li><li>Dif\u00edcil: Travessia do Vale do Pati<\/li><\/ul><p>\u00c9 importante avaliar sua condi\u00e7\u00e3o f\u00edsica e experi\u00eancia antes de escolher as trilhas.<\/p><\/div>\n\t\t\t\t<\/div>\n\t\t\t\t\t\t\t<div class=\"elementor-toggle-item\">\n\t\t\t\t\t<div id=\"elementor-tab-title-1619\" class=\"elementor-tab-title\" data-tab=\"9\" role=\"button\" aria-controls=\"elementor-tab-content-1619\" aria-expanded=\"false\">\n\t\t\t\t\t\t\t\t\t\t\t\t<span class=\"elementor-toggle-icon elementor-toggle-icon-left\" aria-hidden=\"true\">\n\t\t\t\t\t\t\t\t\t\t\t\t\t\t\t<span class=\"elementor-toggle-icon-closed\"><svg class=\"e-font-icon-svg e-fas-caret-right\" viewBox=\"0 0 192 512\" xmlns=\"http:\/\/www.w3.org\/2000\/svg\"><path d=\"M0 384.662V127.338c0-17.818 21.543-26.741 34.142-14.142l128.662 128.662c7.81 7.81 7.81 20.474 0 28.284L34.142 398.804C21.543 411.404 0 402.48 0 384.662z\"><\/path><\/svg><\/span>\n\t\t\t\t\t\t\t\t<span class=\"elementor-toggle-icon-opened\"><svg class=\"elementor-toggle-icon-opened e-font-icon-svg e-fas-caret-up\" viewBox=\"0 0 320 512\" xmlns=\"http:\/\/www.w3.org\/2000\/svg\"><path d=\"M288.662 352H31.338c-17.818 0-26.741-21.543-14.142-34.142l128.662-128.662c7.81-7.81 20.474-7.81 28.284 0l128.662 128.662c12.6 12.599 3.676 34.142-14.142 34.142z\"><\/path><\/svg><\/span>\n\t\t\t\t\t\t\t\t\t\t\t\t\t<\/span>\n\t\t\t\t\t\t\t\t\t\t\t\t<a class=\"elementor-toggle-title\" tabindex=\"0\">9. Quais equipamentos devo levar para os passeios?<\/a>\n\t\t\t\t\t<\/div>\n\n\t\t\t\t\t<div id=\"elementor-tab-content-1619\" class=\"elementor-tab-content elementor-clearfix\" data-tab=\"9\" role=\"region\" aria-labelledby=\"elementor-tab-title-1619\"><p>Itens essenciais incluem:<\/p><ul><li>Cal\u00e7ados apropriados para caminhada<\/li><li>Roupas leves e de secagem r\u00e1pida<\/li><li>Protetor solar e repelente<\/li><li>Chap\u00e9u ou bon\u00e9<\/li><li>Garrafa de \u00e1gua<\/li><li>Lanterna (para explora\u00e7\u00f5es em cavernas)<\/li><li>Mochila pequena para trilhas<\/li><\/ul><\/div>\n\t\t\t\t<\/div>\n\t\t\t\t\t\t\t<div class=\"elementor-toggle-item\">\n\t\t\t\t\t<div id=\"elementor-tab-title-16110\" class=\"elementor-tab-title\" data-tab=\"10\" role=\"button\" aria-controls=\"elementor-tab-content-16110\" aria-expanded=\"false\">\n\t\t\t\t\t\t\t\t\t\t\t\t<span class=\"elementor-toggle-icon elementor-toggle-icon-left\" aria-hidden=\"true\">\n\t\t\t\t\t\t\t\t\t\t\t\t\t\t\t<span class=\"elementor-toggle-icon-closed\"><svg class=\"e-font-icon-svg e-fas-caret-right\" viewBox=\"0 0 192 512\" xmlns=\"http:\/\/www.w3.org\/2000\/svg\"><path d=\"M0 384.662V127.338c0-17.818 21.543-26.741 34.142-14.142l128.662 128.662c7.81 7.81 7.81 20.474 0 28.284L34.142 398.804C21.543 411.404 0 402.48 0 384.662z\"><\/path><\/svg><\/span>\n\t\t\t\t\t\t\t\t<span class=\"elementor-toggle-icon-opened\"><svg class=\"elementor-toggle-icon-opened e-font-icon-svg e-fas-caret-up\" viewBox=\"0 0 320 512\" xmlns=\"http:\/\/www.w3.org\/2000\/svg\"><path d=\"M288.662 352H31.338c-17.818 0-26.741-21.543-14.142-34.142l128.662-128.662c7.81-7.81 20.474-7.81 28.284 0l128.662 128.662c12.6 12.599 3.676 34.142-14.142 34.142z\"><\/path><\/svg><\/span>\n\t\t\t\t\t\t\t\t\t\t\t\t\t<\/span>\n\t\t\t\t\t\t\t\t\t\t\t\t<a class=\"elementor-toggle-title\" tabindex=\"0\">10. A Chapada Diamantina \u00e9 um destino seguro para turistas?<\/a>\n\t\t\t\t\t<\/div>\n\n\t\t\t\t\t<div id=\"elementor-tab-content-16110\" class=\"elementor-tab-content elementor-clearfix\" data-tab=\"10\" role=\"region\" aria-labelledby=\"elementor-tab-title-16110\"><p>Sim, a Chapada Diamantina \u00e9 considerada um destino seguro para turistas. No entanto, como em qualquer viagem, \u00e9 importante tomar precau\u00e7\u00f5es b\u00e1sicas:<\/p><ul><li>Mantenha seus pertences seguros<\/li><li>Siga as orienta\u00e7\u00f5es dos guias locais<\/li><li>Respeite as sinaliza\u00e7\u00f5es e limites das \u00e1reas de visita\u00e7\u00e3o<\/li><li>Informe-se sobre as condi\u00e7\u00f5es clim\u00e1ticas antes dos passeios<\/li><\/ul><\/div>\n\t\t\t\t<\/div>\n\t\t\t\t\t\t\t<div class=\"elementor-toggle-item\">\n\t\t\t\t\t<div id=\"elementor-tab-title-16111\" class=\"elementor-tab-title\" data-tab=\"11\" role=\"button\" aria-controls=\"elementor-tab-content-16111\" aria-expanded=\"false\">\n\t\t\t\t\t\t\t\t\t\t\t\t<span class=\"elementor-toggle-icon elementor-toggle-icon-left\" aria-hidden=\"true\">\n\t\t\t\t\t\t\t\t\t\t\t\t\t\t\t<span class=\"elementor-toggle-icon-closed\"><svg class=\"e-font-icon-svg e-fas-caret-right\" viewBox=\"0 0 192 512\" xmlns=\"http:\/\/www.w3.org\/2000\/svg\"><path d=\"M0 384.662V127.338c0-17.818 21.543-26.741 34.142-14.142l128.662 128.662c7.81 7.81 7.81 20.474 0 28.284L34.142 398.804C21.543 411.404 0 402.48 0 384.662z\"><\/path><\/svg><\/span>\n\t\t\t\t\t\t\t\t<span class=\"elementor-toggle-icon-opened\"><svg class=\"elementor-toggle-icon-opened e-font-icon-svg e-fas-caret-up\" viewBox=\"0 0 320 512\" xmlns=\"http:\/\/www.w3.org\/2000\/svg\"><path d=\"M288.662 352H31.338c-17.818 0-26.741-21.543-14.142-34.142l128.662-128.662c7.81-7.81 20.474-7.81 28.284 0l128.662 128.662c12.6 12.599 3.676 34.142-14.142 34.142z\"><\/path><\/svg><\/span>\n\t\t\t\t\t\t\t\t\t\t\t\t\t<\/span>\n\t\t\t\t\t\t\t\t\t\t\t\t<a class=\"elementor-toggle-title\" tabindex=\"0\">11. Existem op\u00e7\u00f5es de passeios para todos os perfis de viajantes?<\/a>\n\t\t\t\t\t<\/div>\n\n\t\t\t\t\t<div id=\"elementor-tab-content-16111\" class=\"elementor-tab-content elementor-clearfix\" data-tab=\"11\" role=\"region\" aria-labelledby=\"elementor-tab-title-16111\"><p>Sim, a Chapada Diamantina oferece atra\u00e7\u00f5es para diversos perfis:<\/p><ul><li>Aventureiros: Trekking no Vale do Pati, rapel em cachoeiras<\/li><li>Fam\u00edlias: Po\u00e7o Azul, Gruta da Pratinha<\/li><li>Contempla\u00e7\u00e3o: Mirantes como o Morro do Pai In\u00e1cio<\/li><li>Hist\u00f3rico-cultural: Visitas \u00e0s cidades hist\u00f3ricas como Len\u00e7\u00f3is e Mucug\u00ea<\/li><\/ul><\/div>\n\t\t\t\t<\/div>\n\t\t\t\t\t\t\t<div class=\"elementor-toggle-item\">\n\t\t\t\t\t<div id=\"elementor-tab-title-16112\" class=\"elementor-tab-title\" data-tab=\"12\" role=\"button\" aria-controls=\"elementor-tab-content-16112\" aria-expanded=\"false\">\n\t\t\t\t\t\t\t\t\t\t\t\t<span class=\"elementor-toggle-icon elementor-toggle-icon-left\" aria-hidden=\"true\">\n\t\t\t\t\t\t\t\t\t\t\t\t\t\t\t<span class=\"elementor-toggle-icon-closed\"><svg class=\"e-font-icon-svg e-fas-caret-right\" viewBox=\"0 0 192 512\" xmlns=\"http:\/\/www.w3.org\/2000\/svg\"><path d=\"M0 384.662V127.338c0-17.818 21.543-26.741 34.142-14.142l128.662 128.662c7.81 7.81 7.81 20.474 0 28.284L34.142 398.804C21.543 411.404 0 402.48 0 384.662z\"><\/path><\/svg><\/span>\n\t\t\t\t\t\t\t\t<span class=\"elementor-toggle-icon-opened\"><svg class=\"elementor-toggle-icon-opened e-font-icon-svg e-fas-caret-up\" viewBox=\"0 0 320 512\" xmlns=\"http:\/\/www.w3.org\/2000\/svg\"><path d=\"M288.662 352H31.338c-17.818 0-26.741-21.543-14.142-34.142l128.662-128.662c7.81-7.81 20.474-7.81 28.284 0l128.662 128.662c12.6 12.599 3.676 34.142-14.142 34.142z\"><\/path><\/svg><\/span>\n\t\t\t\t\t\t\t\t\t\t\t\t\t<\/span>\n\t\t\t\t\t\t\t\t\t\t\t\t<a class=\"elementor-toggle-title\" tabindex=\"0\">12. Como posso contribuir para o turismo sustent\u00e1vel na Chapada Diamantina?<\/a>\n\t\t\t\t\t<\/div>\n\n\t\t\t\t\t<div id=\"elementor-tab-content-16112\" class=\"elementor-tab-content elementor-clearfix\" data-tab=\"12\" role=\"region\" aria-labelledby=\"elementor-tab-title-16112\"><p>Para praticar um turismo sustent\u00e1vel:<\/p><ul><li>Respeite as trilhas demarcadas<\/li><li>N\u00e3o retire plantas ou minerais<\/li><li>Leve seu lixo de volta<\/li><li>Apoie o com\u00e9rcio local<\/li><li>Economize \u00e1gua e energia<\/li><li>Escolha operadoras de turismo comprometidas com a sustentabilidade<\/li><\/ul><\/div>\n\t\t\t\t<\/div>\n\t\t\t\t\t\t\t\t\t\t<script type=\"application\/ld+json\">{\"@context\":\"https:\\\/\\\/schema.org\",\"@type\":\"FAQPage\",\"mainEntity\":[{\"@type\":\"Question\",\"name\":\"1. O que \\u00e9 a Chapada Diamantina e onde fica?\",\"acceptedAnswer\":{\"@type\":\"Answer\",\"text\":\"<p>A Chapada Diamantina \\u00e9 uma regi\\u00e3o de beleza natural extraordin\\u00e1ria localizada no estado da Bahia, no nordeste do Brasil. Conhecida por suas paisagens deslumbrantes, a \\u00e1rea abrange cerca de 38.000 km\\u00b2 e \\u00e9 famosa por suas montanhas, cachoeiras, cavernas e rios cristalinos.<\\\/p>\"}},{\"@type\":\"Question\",\"name\":\"2. Quais s\\u00e3o os 10 passeios imperd\\u00edveis na Chapada Diamantina?\",\"acceptedAnswer\":{\"@type\":\"Answer\",\"text\":\"<p>Os 10 passeios imperd\\u00edveis na Chapada Diamantina s\\u00e3o:<\\\/p><ol><li>Morro do Pai In\\u00e1cio<\\\/li><li>Cachoeira da Fuma\\u00e7a<\\\/li><li>Po\\u00e7o Azul<\\\/li><li>Gruta da Lapa Doce<\\\/li><li>Pratinha<\\\/li><li>Cachoeira do Burac\\u00e3o<\\\/li><li>Vale do Pati<\\\/li><li>Mirante do Morro do Camelo<\\\/li><li>Cachoeira do Sossego<\\\/li><li>Po\\u00e7o Encantado<\\\/li><\\\/ol><p>Cada um desses locais oferece experi\\u00eancias \\u00fanicas, desde vistas panor\\u00e2micas at\\u00e9 mergulhos em \\u00e1guas cristalinas.<\\\/p>\"}},{\"@type\":\"Question\",\"name\":\"3. Qual \\u00e9 a melhor \\u00e9poca para visitar a Chapada Diamantina?\",\"acceptedAnswer\":{\"@type\":\"Answer\",\"text\":\"<p>A melhor \\u00e9poca para visitar a Chapada Diamantina depende do que voc\\u00ea deseja experimentar:<\\\/p><ul><li><strong>\\u00c9poca seca (abril a outubro)<\\\/strong>: Ideal para trilhas e cachoeiras menos volumosas.<\\\/li><li><strong>\\u00c9poca chuvosa (novembro a mar\\u00e7o)<\\\/strong>: Melhor para ver as cachoeiras em todo seu esplendor.<\\\/li><\\\/ul><p>Considere que alguns atrativos, como o Po\\u00e7o Encantado, t\\u00eam per\\u00edodos espec\\u00edficos para melhor visita\\u00e7\\u00e3o (abril a setembro).<\\\/p>\"}},{\"@type\":\"Question\",\"name\":\"4. Preciso de guia para fazer os passeios na Chapada Diamantina?\",\"acceptedAnswer\":{\"@type\":\"Answer\",\"text\":\"<p>Para muitos passeios, especialmente os mais desafiadores ou em \\u00e1reas de preserva\\u00e7\\u00e3o, \\u00e9 altamente recomendado e, em alguns casos, obrigat\\u00f3rio contratar um guia local. Isso garante sua seguran\\u00e7a e enriquece a experi\\u00eancia com informa\\u00e7\\u00f5es sobre a regi\\u00e3o.<\\\/p>\"}},{\"@type\":\"Question\",\"name\":\"5. Quais s\\u00e3o as atividades mais populares na Chapada Diamantina?\",\"acceptedAnswer\":{\"@type\":\"Answer\",\"text\":\"<p>As atividades mais populares incluem:<\\\/p><ul><li>Trekking<\\\/li><li>Banhos em cachoeiras e po\\u00e7os naturais<\\\/li><li>Escalada<\\\/li><li>Rapel<\\\/li><li>Explora\\u00e7\\u00e3o de cavernas<\\\/li><li>Observa\\u00e7\\u00e3o de p\\u00e1ssaros<\\\/li><li>Fotografia de natureza<\\\/li><\\\/ul>\"}},{\"@type\":\"Question\",\"name\":\"6. Como chegar \\u00e0 Chapada Diamantina?\",\"acceptedAnswer\":{\"@type\":\"Answer\",\"text\":\"<p>A forma mais comum de chegar \\u00e0 Chapada Diamantina \\u00e9:<\\\/p><ol><li>Voar para Salvador ou Len\\u00e7\\u00f3is (aeroporto mais pr\\u00f3ximo da Chapada)<\\\/li><li>De Salvador, pegar um \\u00f4nibus ou alugar um carro para Len\\u00e7\\u00f3is (principal cidade-base para explora\\u00e7\\u00f5es)<\\\/li><li>A viagem de carro de Salvador a Len\\u00e7\\u00f3is leva cerca de 6-7 horas<\\\/li><\\\/ol>\"}},{\"@type\":\"Question\",\"name\":\"7. Onde ficar na Chapada Diamantina?\",\"acceptedAnswer\":{\"@type\":\"Answer\",\"text\":\"<p>As principais cidades para se hospedar s\\u00e3o:<\\\/p><ul><li>Len\\u00e7\\u00f3is: Principal base tur\\u00edstica<\\\/li><li>Mucug\\u00ea: Cidade hist\\u00f3rica com boa infraestrutura<\\\/li><li>Vale do Cap\\u00e3o: Ideal para quem busca tranquilidade<\\\/li><li>Andara\\u00ed: Op\\u00e7\\u00e3o menos tur\\u00edstica<\\\/li><\\\/ul><p>Cada cidade oferece op\\u00e7\\u00f5es de hospedagem que variam de pousadas simples a hot\\u00e9is mais luxuosos.<\\\/p>\"}},{\"@type\":\"Question\",\"name\":\"8. Qual o n\\u00edvel de dificuldade das trilhas na Chapada Diamantina?\",\"acceptedAnswer\":{\"@type\":\"Answer\",\"text\":\"<p>As trilhas variam de f\\u00e1ceis a muito dif\\u00edceis. Por exemplo:<\\\/p><ul><li>F\\u00e1cil: Mirante do Morro do Pai In\\u00e1cio<\\\/li><li>Moderada: Cachoeira da Fuma\\u00e7a (vista de cima)<\\\/li><li>Dif\\u00edcil: Travessia do Vale do Pati<\\\/li><\\\/ul><p>\\u00c9 importante avaliar sua condi\\u00e7\\u00e3o f\\u00edsica e experi\\u00eancia antes de escolher as trilhas.<\\\/p>\"}},{\"@type\":\"Question\",\"name\":\"9. Quais equipamentos devo levar para os passeios?\",\"acceptedAnswer\":{\"@type\":\"Answer\",\"text\":\"<p>Itens essenciais incluem:<\\\/p><ul><li>Cal\\u00e7ados apropriados para caminhada<\\\/li><li>Roupas leves e de secagem r\\u00e1pida<\\\/li><li>Protetor solar e repelente<\\\/li><li>Chap\\u00e9u ou bon\\u00e9<\\\/li><li>Garrafa de \\u00e1gua<\\\/li><li>Lanterna (para explora\\u00e7\\u00f5es em cavernas)<\\\/li><li>Mochila pequena para trilhas<\\\/li><\\\/ul>\"}},{\"@type\":\"Question\",\"name\":\"10. A Chapada Diamantina \\u00e9 um destino seguro para turistas?\",\"acceptedAnswer\":{\"@type\":\"Answer\",\"text\":\"<p>Sim, a Chapada Diamantina \\u00e9 considerada um destino seguro para turistas. No entanto, como em qualquer viagem, \\u00e9 importante tomar precau\\u00e7\\u00f5es b\\u00e1sicas:<\\\/p><ul><li>Mantenha seus pertences seguros<\\\/li><li>Siga as orienta\\u00e7\\u00f5es dos guias locais<\\\/li><li>Respeite as sinaliza\\u00e7\\u00f5es e limites das \\u00e1reas de visita\\u00e7\\u00e3o<\\\/li><li>Informe-se sobre as condi\\u00e7\\u00f5es clim\\u00e1ticas antes dos passeios<\\\/li><\\\/ul>\"}},{\"@type\":\"Question\",\"name\":\"11. Existem op\\u00e7\\u00f5es de passeios para todos os perfis de viajantes?\",\"acceptedAnswer\":{\"@type\":\"Answer\",\"text\":\"<p>Sim, a Chapada Diamantina oferece atra\\u00e7\\u00f5es para diversos perfis:<\\\/p><ul><li>Aventureiros: Trekking no Vale do Pati, rapel em cachoeiras<\\\/li><li>Fam\\u00edlias: Po\\u00e7o Azul, Gruta da Pratinha<\\\/li><li>Contempla\\u00e7\\u00e3o: Mirantes como o Morro do Pai In\\u00e1cio<\\\/li><li>Hist\\u00f3rico-cultural: Visitas \\u00e0s cidades hist\\u00f3ricas como Len\\u00e7\\u00f3is e Mucug\\u00ea<\\\/li><\\\/ul>\"}},{\"@type\":\"Question\",\"name\":\"12. Como posso contribuir para o turismo sustent\\u00e1vel na Chapada Diamantina?\",\"acceptedAnswer\":{\"@type\":\"Answer\",\"text\":\"<p>Para praticar um turismo sustent\\u00e1vel:<\\\/p><ul><li>Respeite as trilhas demarcadas<\\\/li><li>N\\u00e3o retire plantas ou minerais<\\\/li><li>Leve seu lixo de volta<\\\/li><li>Apoie o com\\u00e9rcio local<\\\/li><li>Economize \\u00e1gua e energia<\\\/li><li>Escolha operadoras de turismo comprometidas com a sustentabilidade<\\\/li><\\\/ul>\"}}]}<\/script>\n\t\t\t\t\t<\/div>\n\t\t\t\t<\/div>\n\t\t\t\t<\/div>\n\t\t\t\t\t<\/div>\n\t\t\t\t<\/div>\n\t\t\t\t\t\t\t<\/div>\n\t\t","protected":false},"excerpt":{"rendered":"<p>A regi\u00e3o da Chapada Diamantina, no Brasil, \u00e9 um para\u00edso natural de tirar o f\u00f4lego, repleto de paisagens deslumbrantes, cachoeiras de \u00e1guas cristalinas, montanhas majestosas e cavernas escondidas. Se voc\u00ea est\u00e1 em busca de aventura, beleza e uma conex\u00e3o com a natureza, a Chapada Diamantina oferece uma variedade de atividades&#46;&#46;&#46;<\/p>\n","protected":false},"author":10,"featured_media":63539,"comment_status":"closed","ping_status":"closed","sticky":false,"template":"","format":"standard","meta":{"footnotes":""},"categories":[690,694],"tags":[],"class_list":["post-28524","post","type-post","status-publish","format-standard","has-post-thumbnail","hentry","category-destinos-nacionais","category-dicas-de-viagem"],"yoast_head":"<!-- This site is optimized with the Yoast SEO Premium plugin v19.4 (Yoast SEO v24.1) - https:\/\/yoast.com\/wordpress\/plugins\/seo\/ -->\n<title>O que fazer na Chapada Diamantina: 10 passeios imperd\u00edveis<\/title>\n<meta name=\"description\" content=\"A Blumar Turismo preparou para voc\u00ea uma lista com o que fazer na Chapada Diamantina. S\u00e3o 10 passeios imperd\u00edveis. Confira e aproveite !\" \/>\n<meta name=\"robots\" content=\"index, follow, max-snippet:-1, max-image-preview:large, max-video-preview:-1\" \/>\n<link rel=\"canonical\" href=\"https:\/\/www.blumarturismo.com.br\/blog\/o-que-fazer-na-chapada-diamantina-10-passeios-imperdiveis\/\" \/>\n<meta property=\"og:locale\" content=\"pt_BR\" \/>\n<meta property=\"og:type\" content=\"article\" \/>\n<meta property=\"og:title\" content=\"O que fazer na Chapada Diamantina: 10 passeios imperd\u00edveis\" \/>\n<meta property=\"og:description\" content=\"A Blumar Turismo preparou para voc\u00ea uma lista com o que fazer na Chapada Diamantina. S\u00e3o 10 passeios imperd\u00edveis. Confira e aproveite !\" \/>\n<meta property=\"og:url\" content=\"https:\/\/www.blumarturismo.com.br\/blog\/o-que-fazer-na-chapada-diamantina-10-passeios-imperdiveis\/\" \/>\n<meta property=\"og:site_name\" content=\"Blog Blumar Turismo: O Seu Portal para Viagens Extraordin\u00e1rias\" \/>\n<meta property=\"article:publisher\" content=\"https:\/\/www.facebook.com\/blumarviagenseturismo\" \/>\n<meta property=\"article:author\" content=\"https:\/\/www.facebook.com\/blumarviagenseturismo\" \/>\n<meta property=\"article:published_time\" content=\"2024-10-21T19:11:21+00:00\" \/>\n<meta property=\"article:modified_time\" content=\"2025-11-04T16:35:23+00:00\" \/>\n<meta property=\"og:image\" content=\"https:\/\/www.blumarturismo.com.br\/blog\/wp-content\/uploads\/2023\/06\/Foto-Alexsandro-do-Nascimento-Shutterstock.com_.jpg\" \/>\n\t<meta property=\"og:image:width\" content=\"1000\" \/>\n\t<meta property=\"og:image:height\" content=\"562\" \/>\n\t<meta property=\"og:image:type\" content=\"image\/jpeg\" \/>\n<meta name=\"author\" content=\"Blumar Turismo\" \/>\n<meta name=\"twitter:card\" content=\"summary_large_image\" \/>\n<meta name=\"twitter:label1\" content=\"Escrito por\" \/>\n\t<meta name=\"twitter:data1\" content=\"Blumar Turismo\" \/>\n\t<meta name=\"twitter:label2\" content=\"Est. tempo de leitura\" \/>\n\t<meta name=\"twitter:data2\" content=\"75 minutos\" \/>\n<script type=\"application\/ld+json\" class=\"yoast-schema-graph\">{\"@context\":\"https:\/\/schema.org\",\"@graph\":[{\"@type\":\"Article\",\"@id\":\"https:\/\/www.blumarturismo.com.br\/blog\/o-que-fazer-na-chapada-diamantina-10-passeios-imperdiveis\/#article\",\"isPartOf\":{\"@id\":\"https:\/\/www.blumarturismo.com.br\/blog\/o-que-fazer-na-chapada-diamantina-10-passeios-imperdiveis\/\"},\"author\":{\"name\":\"Blumar Turismo\",\"@id\":\"https:\/\/www.blumarturismo.com.br\/blog\/#\/schema\/person\/8c5b522f6a79142bafca484c4604fba7\"},\"headline\":\"O que fazer na Chapada Diamantina: 10 passeios imperd\u00edveis\",\"datePublished\":\"2024-10-21T19:11:21+00:00\",\"dateModified\":\"2025-11-04T16:35:23+00:00\",\"mainEntityOfPage\":{\"@id\":\"https:\/\/www.blumarturismo.com.br\/blog\/o-que-fazer-na-chapada-diamantina-10-passeios-imperdiveis\/\"},\"wordCount\":1673,\"publisher\":{\"@id\":\"https:\/\/www.blumarturismo.com.br\/blog\/#organization\"},\"image\":{\"@id\":\"https:\/\/www.blumarturismo.com.br\/blog\/o-que-fazer-na-chapada-diamantina-10-passeios-imperdiveis\/#primaryimage\"},\"thumbnailUrl\":\"https:\/\/www.blumarturismo.com.br\/blog\/wp-content\/uploads\/2023\/06\/Foto-Alexsandro-do-Nascimento-Shutterstock.com_.jpg\",\"articleSection\":[\"Destinos Nacionais\",\"Dicas de Viagem\"],\"inLanguage\":\"pt-BR\"},{\"@type\":\"WebPage\",\"@id\":\"https:\/\/www.blumarturismo.com.br\/blog\/o-que-fazer-na-chapada-diamantina-10-passeios-imperdiveis\/\",\"url\":\"https:\/\/www.blumarturismo.com.br\/blog\/o-que-fazer-na-chapada-diamantina-10-passeios-imperdiveis\/\",\"name\":\"O que fazer na Chapada Diamantina: 10 passeios imperd\u00edveis\",\"isPartOf\":{\"@id\":\"https:\/\/www.blumarturismo.com.br\/blog\/#website\"},\"primaryImageOfPage\":{\"@id\":\"https:\/\/www.blumarturismo.com.br\/blog\/o-que-fazer-na-chapada-diamantina-10-passeios-imperdiveis\/#primaryimage\"},\"image\":{\"@id\":\"https:\/\/www.blumarturismo.com.br\/blog\/o-que-fazer-na-chapada-diamantina-10-passeios-imperdiveis\/#primaryimage\"},\"thumbnailUrl\":\"https:\/\/www.blumarturismo.com.br\/blog\/wp-content\/uploads\/2023\/06\/Foto-Alexsandro-do-Nascimento-Shutterstock.com_.jpg\",\"datePublished\":\"2024-10-21T19:11:21+00:00\",\"dateModified\":\"2025-11-04T16:35:23+00:00\",\"description\":\"A Blumar Turismo preparou para voc\u00ea uma lista com o que fazer na Chapada Diamantina. S\u00e3o 10 passeios imperd\u00edveis. Confira e aproveite !\",\"breadcrumb\":{\"@id\":\"https:\/\/www.blumarturismo.com.br\/blog\/o-que-fazer-na-chapada-diamantina-10-passeios-imperdiveis\/#breadcrumb\"},\"inLanguage\":\"pt-BR\",\"potentialAction\":[{\"@type\":\"ReadAction\",\"target\":[\"https:\/\/www.blumarturismo.com.br\/blog\/o-que-fazer-na-chapada-diamantina-10-passeios-imperdiveis\/\"]}]},{\"@type\":\"ImageObject\",\"inLanguage\":\"pt-BR\",\"@id\":\"https:\/\/www.blumarturismo.com.br\/blog\/o-que-fazer-na-chapada-diamantina-10-passeios-imperdiveis\/#primaryimage\",\"url\":\"https:\/\/www.blumarturismo.com.br\/blog\/wp-content\/uploads\/2023\/06\/Foto-Alexsandro-do-Nascimento-Shutterstock.com_.jpg\",\"contentUrl\":\"https:\/\/www.blumarturismo.com.br\/blog\/wp-content\/uploads\/2023\/06\/Foto-Alexsandro-do-Nascimento-Shutterstock.com_.jpg\",\"width\":1000,\"height\":562,\"caption\":\"Foto: Alexsandro do Nascimento \/ Shutterstock.com\"},{\"@type\":\"BreadcrumbList\",\"@id\":\"https:\/\/www.blumarturismo.com.br\/blog\/o-que-fazer-na-chapada-diamantina-10-passeios-imperdiveis\/#breadcrumb\",\"itemListElement\":[{\"@type\":\"ListItem\",\"position\":1,\"name\":\"In\u00edcio\",\"item\":\"https:\/\/www.blumarturismo.com.br\/blog\/\"},{\"@type\":\"ListItem\",\"position\":2,\"name\":\"O que fazer na Chapada Diamantina: 10 passeios imperd\u00edveis\"}]},{\"@type\":\"WebSite\",\"@id\":\"https:\/\/www.blumarturismo.com.br\/blog\/#website\",\"url\":\"https:\/\/www.blumarturismo.com.br\/blog\/\",\"name\":\"Blog Blumar Turismo: O Seu Portal para Viagens Extraordin\u00e1rias\",\"description\":\"Viajar \u00e9 nossa paix\u00e3o e expertise, e agora compartilhamos isso com voc\u00ea atrav\u00e9s do nosso blog. Com mais de 30 anos de hist\u00f3ria, a Blumar Turismo \u00e9 seu parceiro confi\u00e1vel para aventuras memor\u00e1veis. Explore conosco\",\"publisher\":{\"@id\":\"https:\/\/www.blumarturismo.com.br\/blog\/#organization\"},\"potentialAction\":[{\"@type\":\"SearchAction\",\"target\":{\"@type\":\"EntryPoint\",\"urlTemplate\":\"https:\/\/www.blumarturismo.com.br\/blog\/?s={search_term_string}\"},\"query-input\":{\"@type\":\"PropertyValueSpecification\",\"valueRequired\":true,\"valueName\":\"search_term_string\"}}],\"inLanguage\":\"pt-BR\"},{\"@type\":\"Organization\",\"@id\":\"https:\/\/www.blumarturismo.com.br\/blog\/#organization\",\"name\":\"Blumar Turismo\",\"url\":\"https:\/\/www.blumarturismo.com.br\/blog\/\",\"logo\":{\"@type\":\"ImageObject\",\"inLanguage\":\"pt-BR\",\"@id\":\"https:\/\/www.blumarturismo.com.br\/blog\/#\/schema\/logo\/image\/\",\"url\":\"https:\/\/www.blumarturismo.com.br\/blog\/wp-content\/uploads\/2020\/11\/cropped-logo_blumar_nacional2-2.jpg\",\"contentUrl\":\"https:\/\/www.blumarturismo.com.br\/blog\/wp-content\/uploads\/2020\/11\/cropped-logo_blumar_nacional2-2.jpg\",\"width\":167,\"height\":50,\"caption\":\"Blumar Turismo\"},\"image\":{\"@id\":\"https:\/\/www.blumarturismo.com.br\/blog\/#\/schema\/logo\/image\/\"},\"sameAs\":[\"https:\/\/www.facebook.com\/blumarviagenseturismo\",\"https:\/\/www.instagram.com\/blumarturismo\/\"]},{\"@type\":\"Person\",\"@id\":\"https:\/\/www.blumarturismo.com.br\/blog\/#\/schema\/person\/8c5b522f6a79142bafca484c4604fba7\",\"name\":\"Blumar Turismo\",\"image\":{\"@type\":\"ImageObject\",\"inLanguage\":\"pt-BR\",\"@id\":\"https:\/\/www.blumarturismo.com.br\/blog\/#\/schema\/person\/image\/\",\"url\":\"https:\/\/secure.gravatar.com\/avatar\/18a47e99a2b3ce558e7834aabf1bb475e0ae3a970dea40e74a2d2b71531fbe3b?s=96&d=mm&r=g\",\"contentUrl\":\"https:\/\/secure.gravatar.com\/avatar\/18a47e99a2b3ce558e7834aabf1bb475e0ae3a970dea40e74a2d2b71531fbe3b?s=96&d=mm&r=g\",\"caption\":\"Blumar Turismo\"},\"description\":\"Com uma trajet\u00f3ria consolidada de mais de 30 anos no setor de turismo, a Blumar Turismo se estabeleceu como l\u00edder gra\u00e7as ao seu compromisso cont\u00ednuo com a qualidade e satisfa\u00e7\u00e3o do cliente. Nossa experi\u00eancia traduz-se em viagens que v\u00e3o al\u00e9m da expectativa. Nosso Legado: 1. Expertise e Excel\u00eancia: Com tr\u00eas d\u00e9cadas de dedica\u00e7\u00e3o, aprofundamos nossa expertise para oferecer servi\u00e7os de viagem personalizados e de alto padr\u00e3o. Cada viagem, seja econ\u00f4mica ou de luxo, \u00e9 meticulosamente projetada para garantir experi\u00eancias not\u00e1veis. 2. Vanguarda em Inova\u00e7\u00e3o e Tecnologia: Nossa miss\u00e3o \u00e9 sempre liderar, incorporando as solu\u00e7\u00f5es mais avan\u00e7adas em produtos e tecnologias. A inova\u00e7\u00e3o \u00e9 intr\u00ednseca \u00e0 Blumar, permitindo-nos aprimorar constantemente a experi\u00eancia de viagem de nossos clientes. 3. Nossa Equipe, Nosso Diferencial: O verdadeiro motor da Blumar Turismo \u00e9 nossa equipe de profissionais. Com paix\u00e3o e dedica\u00e7\u00e3o, eles garantem que cada itiner\u00e1rio se transforme em uma experi\u00eancia \u00fanica e memor\u00e1vel. Seu comprometimento \u00e9 o que nos faz ganhar a confian\u00e7a de nossos clientes repetidamente. Na Blumar, n\u00e3o se trata apenas de vender pacotes de viagem, mas de projetar experi\u00eancias. Nossos roteiros prometem criar mem\u00f3rias duradouras, proporcionando viagens ricas em descobertas e emo\u00e7\u00f5es. Cremos que viajar \u00e9 uma forma de enriquecimento pessoal, explorando novas perspectivas e redefinindo-se a cada novo destino. Explore o mundo com a Blumar Turismo e torne sua jornada verdadeiramente extraordin\u00e1ria.\",\"sameAs\":[\"https:\/\/www.facebook.com\/blumarviagenseturismo\",\"https:\/\/www.instagram.com\/blumarturismo\/\",\"https:\/\/www.linkedin.com\/company\/blumar-turismo\/\",\"https:\/\/www.youtube.com\/@BlumarTurismo\"],\"award\":[\"2002 | 7th World Petroleum Congress & Rio Oil & Gas Expo\",\"2003 | 27\u00ba International Congress on Occupational Health - ICOH\",\"2004 | IOF World Congress on Osteoporosis 2004\",\"2005 | XXV Brazilian Congress on Rheumatology\",\"2006 | 3rd World Congress on AIDS\",\"2007 | 66th FIP Congress of Pharmacy and Pharmaceutical Sciences\",\"2008 | 62\u00ba Congresso Brasileiro de Cardiologia\",\"2009 | 3rd World Congress of Pediatric Gastroenterology Hepatology and Nutrition\",\"2010 | Pr\u00eamio Caio da D\u00e9cada - Jacar\u00e9 de Diamante - pelo 3rd World Congress on AIDS\",\"2011 | XIV Congresso SOBRICE\",\"2012 | XVIII Congresso da Sociedade Brasileira de Diabetes\",\"2013 | 67\u00ba Congresso da Sociedade Brasileira de Dermatologia\",\"2016 | Congresso Mundial da Propriedade Intelectual da AIPPI\"],\"knowsAbout\":[\"Turismo de Luxo\",\"Consultoria Personalizada\",\"Opera\u00e7\u00e3o de Programas Tur\u00edsticos Customizados\",\"Tours Variados\",\"Sele\u00e7\u00e3o de Hot\u00e9is e Experi\u00eancias Inesquec\u00edveis\"],\"knowsLanguage\":[\"Ingles\",\"Portugu\u00eas\",\"Espanhol\"],\"jobTitle\":\"Operadora de Turismo e Ag\u00eancia de Viagens\",\"worksFor\":\"Blumar Turismo\",\"url\":\"https:\/\/www.blumarturismo.com.br\/blog\/author\/guilherme\/\"}]}<\/script>\n<!-- \/ Yoast SEO Premium plugin. -->","yoast_head_json":{"title":"O que fazer na Chapada Diamantina: 10 passeios imperd\u00edveis","description":"A Blumar Turismo preparou para voc\u00ea uma lista com o que fazer na Chapada Diamantina. S\u00e3o 10 passeios imperd\u00edveis. Confira e aproveite !","robots":{"index":"index","follow":"follow","max-snippet":"max-snippet:-1","max-image-preview":"max-image-preview:large","max-video-preview":"max-video-preview:-1"},"canonical":"https:\/\/www.blumarturismo.com.br\/blog\/o-que-fazer-na-chapada-diamantina-10-passeios-imperdiveis\/","og_locale":"pt_BR","og_type":"article","og_title":"O que fazer na Chapada Diamantina: 10 passeios imperd\u00edveis","og_description":"A Blumar Turismo preparou para voc\u00ea uma lista com o que fazer na Chapada Diamantina. S\u00e3o 10 passeios imperd\u00edveis. Confira e aproveite !","og_url":"https:\/\/www.blumarturismo.com.br\/blog\/o-que-fazer-na-chapada-diamantina-10-passeios-imperdiveis\/","og_site_name":"Blog Blumar Turismo: O Seu Portal para Viagens Extraordin\u00e1rias","article_publisher":"https:\/\/www.facebook.com\/blumarviagenseturismo","article_author":"https:\/\/www.facebook.com\/blumarviagenseturismo","article_published_time":"2024-10-21T19:11:21+00:00","article_modified_time":"2025-11-04T16:35:23+00:00","og_image":[{"width":1000,"height":562,"url":"https:\/\/www.blumarturismo.com.br\/blog\/wp-content\/uploads\/2023\/06\/Foto-Alexsandro-do-Nascimento-Shutterstock.com_.jpg","type":"image\/jpeg"}],"author":"Blumar Turismo","twitter_card":"summary_large_image","twitter_misc":{"Escrito por":"Blumar Turismo","Est. tempo de leitura":"75 minutos"},"schema":{"@context":"https:\/\/schema.org","@graph":[{"@type":"Article","@id":"https:\/\/www.blumarturismo.com.br\/blog\/o-que-fazer-na-chapada-diamantina-10-passeios-imperdiveis\/#article","isPartOf":{"@id":"https:\/\/www.blumarturismo.com.br\/blog\/o-que-fazer-na-chapada-diamantina-10-passeios-imperdiveis\/"},"author":{"name":"Blumar Turismo","@id":"https:\/\/www.blumarturismo.com.br\/blog\/#\/schema\/person\/8c5b522f6a79142bafca484c4604fba7"},"headline":"O que fazer na Chapada Diamantina: 10 passeios imperd\u00edveis","datePublished":"2024-10-21T19:11:21+00:00","dateModified":"2025-11-04T16:35:23+00:00","mainEntityOfPage":{"@id":"https:\/\/www.blumarturismo.com.br\/blog\/o-que-fazer-na-chapada-diamantina-10-passeios-imperdiveis\/"},"wordCount":1673,"publisher":{"@id":"https:\/\/www.blumarturismo.com.br\/blog\/#organization"},"image":{"@id":"https:\/\/www.blumarturismo.com.br\/blog\/o-que-fazer-na-chapada-diamantina-10-passeios-imperdiveis\/#primaryimage"},"thumbnailUrl":"https:\/\/www.blumarturismo.com.br\/blog\/wp-content\/uploads\/2023\/06\/Foto-Alexsandro-do-Nascimento-Shutterstock.com_.jpg","articleSection":["Destinos Nacionais","Dicas de Viagem"],"inLanguage":"pt-BR"},{"@type":"WebPage","@id":"https:\/\/www.blumarturismo.com.br\/blog\/o-que-fazer-na-chapada-diamantina-10-passeios-imperdiveis\/","url":"https:\/\/www.blumarturismo.com.br\/blog\/o-que-fazer-na-chapada-diamantina-10-passeios-imperdiveis\/","name":"O que fazer na Chapada Diamantina: 10 passeios imperd\u00edveis","isPartOf":{"@id":"https:\/\/www.blumarturismo.com.br\/blog\/#website"},"primaryImageOfPage":{"@id":"https:\/\/www.blumarturismo.com.br\/blog\/o-que-fazer-na-chapada-diamantina-10-passeios-imperdiveis\/#primaryimage"},"image":{"@id":"https:\/\/www.blumarturismo.com.br\/blog\/o-que-fazer-na-chapada-diamantina-10-passeios-imperdiveis\/#primaryimage"},"thumbnailUrl":"https:\/\/www.blumarturismo.com.br\/blog\/wp-content\/uploads\/2023\/06\/Foto-Alexsandro-do-Nascimento-Shutterstock.com_.jpg","datePublished":"2024-10-21T19:11:21+00:00","dateModified":"2025-11-04T16:35:23+00:00","description":"A Blumar Turismo preparou para voc\u00ea uma lista com o que fazer na Chapada Diamantina. S\u00e3o 10 passeios imperd\u00edveis. Confira e aproveite !","breadcrumb":{"@id":"https:\/\/www.blumarturismo.com.br\/blog\/o-que-fazer-na-chapada-diamantina-10-passeios-imperdiveis\/#breadcrumb"},"inLanguage":"pt-BR","potentialAction":[{"@type":"ReadAction","target":["https:\/\/www.blumarturismo.com.br\/blog\/o-que-fazer-na-chapada-diamantina-10-passeios-imperdiveis\/"]}]},{"@type":"ImageObject","inLanguage":"pt-BR","@id":"https:\/\/www.blumarturismo.com.br\/blog\/o-que-fazer-na-chapada-diamantina-10-passeios-imperdiveis\/#primaryimage","url":"https:\/\/www.blumarturismo.com.br\/blog\/wp-content\/uploads\/2023\/06\/Foto-Alexsandro-do-Nascimento-Shutterstock.com_.jpg","contentUrl":"https:\/\/www.blumarturismo.com.br\/blog\/wp-content\/uploads\/2023\/06\/Foto-Alexsandro-do-Nascimento-Shutterstock.com_.jpg","width":1000,"height":562,"caption":"Foto: Alexsandro do Nascimento \/ Shutterstock.com"},{"@type":"BreadcrumbList","@id":"https:\/\/www.blumarturismo.com.br\/blog\/o-que-fazer-na-chapada-diamantina-10-passeios-imperdiveis\/#breadcrumb","itemListElement":[{"@type":"ListItem","position":1,"name":"In\u00edcio","item":"https:\/\/www.blumarturismo.com.br\/blog\/"},{"@type":"ListItem","position":2,"name":"O que fazer na Chapada Diamantina: 10 passeios imperd\u00edveis"}]},{"@type":"WebSite","@id":"https:\/\/www.blumarturismo.com.br\/blog\/#website","url":"https:\/\/www.blumarturismo.com.br\/blog\/","name":"Blog Blumar Turismo: O Seu Portal para Viagens Extraordin\u00e1rias","description":"Viajar \u00e9 nossa paix\u00e3o e expertise, e agora compartilhamos isso com voc\u00ea atrav\u00e9s do nosso blog. Com mais de 30 anos de hist\u00f3ria, a Blumar Turismo \u00e9 seu parceiro confi\u00e1vel para aventuras memor\u00e1veis. Explore conosco","publisher":{"@id":"https:\/\/www.blumarturismo.com.br\/blog\/#organization"},"potentialAction":[{"@type":"SearchAction","target":{"@type":"EntryPoint","urlTemplate":"https:\/\/www.blumarturismo.com.br\/blog\/?s={search_term_string}"},"query-input":{"@type":"PropertyValueSpecification","valueRequired":true,"valueName":"search_term_string"}}],"inLanguage":"pt-BR"},{"@type":"Organization","@id":"https:\/\/www.blumarturismo.com.br\/blog\/#organization","name":"Blumar Turismo","url":"https:\/\/www.blumarturismo.com.br\/blog\/","logo":{"@type":"ImageObject","inLanguage":"pt-BR","@id":"https:\/\/www.blumarturismo.com.br\/blog\/#\/schema\/logo\/image\/","url":"https:\/\/www.blumarturismo.com.br\/blog\/wp-content\/uploads\/2020\/11\/cropped-logo_blumar_nacional2-2.jpg","contentUrl":"https:\/\/www.blumarturismo.com.br\/blog\/wp-content\/uploads\/2020\/11\/cropped-logo_blumar_nacional2-2.jpg","width":167,"height":50,"caption":"Blumar Turismo"},"image":{"@id":"https:\/\/www.blumarturismo.com.br\/blog\/#\/schema\/logo\/image\/"},"sameAs":["https:\/\/www.facebook.com\/blumarviagenseturismo","https:\/\/www.instagram.com\/blumarturismo\/"]},{"@type":"Person","@id":"https:\/\/www.blumarturismo.com.br\/blog\/#\/schema\/person\/8c5b522f6a79142bafca484c4604fba7","name":"Blumar Turismo","image":{"@type":"ImageObject","inLanguage":"pt-BR","@id":"https:\/\/www.blumarturismo.com.br\/blog\/#\/schema\/person\/image\/","url":"https:\/\/secure.gravatar.com\/avatar\/18a47e99a2b3ce558e7834aabf1bb475e0ae3a970dea40e74a2d2b71531fbe3b?s=96&d=mm&r=g","contentUrl":"https:\/\/secure.gravatar.com\/avatar\/18a47e99a2b3ce558e7834aabf1bb475e0ae3a970dea40e74a2d2b71531fbe3b?s=96&d=mm&r=g","caption":"Blumar Turismo"},"description":"Com uma trajet\u00f3ria consolidada de mais de 30 anos no setor de turismo, a Blumar Turismo se estabeleceu como l\u00edder gra\u00e7as ao seu compromisso cont\u00ednuo com a qualidade e satisfa\u00e7\u00e3o do cliente. Nossa experi\u00eancia traduz-se em viagens que v\u00e3o al\u00e9m da expectativa. Nosso Legado: 1. Expertise e Excel\u00eancia: Com tr\u00eas d\u00e9cadas de dedica\u00e7\u00e3o, aprofundamos nossa expertise para oferecer servi\u00e7os de viagem personalizados e de alto padr\u00e3o. Cada viagem, seja econ\u00f4mica ou de luxo, \u00e9 meticulosamente projetada para garantir experi\u00eancias not\u00e1veis. 2. Vanguarda em Inova\u00e7\u00e3o e Tecnologia: Nossa miss\u00e3o \u00e9 sempre liderar, incorporando as solu\u00e7\u00f5es mais avan\u00e7adas em produtos e tecnologias. A inova\u00e7\u00e3o \u00e9 intr\u00ednseca \u00e0 Blumar, permitindo-nos aprimorar constantemente a experi\u00eancia de viagem de nossos clientes. 3. Nossa Equipe, Nosso Diferencial: O verdadeiro motor da Blumar Turismo \u00e9 nossa equipe de profissionais. Com paix\u00e3o e dedica\u00e7\u00e3o, eles garantem que cada itiner\u00e1rio se transforme em uma experi\u00eancia \u00fanica e memor\u00e1vel. Seu comprometimento \u00e9 o que nos faz ganhar a confian\u00e7a de nossos clientes repetidamente. Na Blumar, n\u00e3o se trata apenas de vender pacotes de viagem, mas de projetar experi\u00eancias. Nossos roteiros prometem criar mem\u00f3rias duradouras, proporcionando viagens ricas em descobertas e emo\u00e7\u00f5es. Cremos que viajar \u00e9 uma forma de enriquecimento pessoal, explorando novas perspectivas e redefinindo-se a cada novo destino. Explore o mundo com a Blumar Turismo e torne sua jornada verdadeiramente extraordin\u00e1ria.","sameAs":["https:\/\/www.facebook.com\/blumarviagenseturismo","https:\/\/www.instagram.com\/blumarturismo\/","https:\/\/www.linkedin.com\/company\/blumar-turismo\/","https:\/\/www.youtube.com\/@BlumarTurismo"],"award":["2002 | 7th World Petroleum Congress & Rio Oil & Gas Expo","2003 | 27\u00ba International Congress on Occupational Health - ICOH","2004 | IOF World Congress on Osteoporosis 2004","2005 | XXV Brazilian Congress on Rheumatology","2006 | 3rd World Congress on AIDS","2007 | 66th FIP Congress of Pharmacy and Pharmaceutical Sciences","2008 | 62\u00ba Congresso Brasileiro de Cardiologia","2009 | 3rd World Congress of Pediatric Gastroenterology Hepatology and Nutrition","2010 | Pr\u00eamio Caio da D\u00e9cada - Jacar\u00e9 de Diamante - pelo 3rd World Congress on AIDS","2011 | XIV Congresso SOBRICE","2012 | XVIII Congresso da Sociedade Brasileira de Diabetes","2013 | 67\u00ba Congresso da Sociedade Brasileira de Dermatologia","2016 | Congresso Mundial da Propriedade Intelectual da AIPPI"],"knowsAbout":["Turismo de Luxo","Consultoria Personalizada","Opera\u00e7\u00e3o de Programas Tur\u00edsticos Customizados","Tours Variados","Sele\u00e7\u00e3o de Hot\u00e9is e Experi\u00eancias Inesquec\u00edveis"],"knowsLanguage":["Ingles","Portugu\u00eas","Espanhol"],"jobTitle":"Operadora de Turismo e Ag\u00eancia de Viagens","worksFor":"Blumar Turismo","url":"https:\/\/www.blumarturismo.com.br\/blog\/author\/guilherme\/"}]}},"_links":{"self":[{"href":"https:\/\/www.blumarturismo.com.br\/blog\/wp-json\/wp\/v2\/posts\/28524","targetHints":{"allow":["GET"]}}],"collection":[{"href":"https:\/\/www.blumarturismo.com.br\/blog\/wp-json\/wp\/v2\/posts"}],"about":[{"href":"https:\/\/www.blumarturismo.com.br\/blog\/wp-json\/wp\/v2\/types\/post"}],"author":[{"embeddable":true,"href":"https:\/\/www.blumarturismo.com.br\/blog\/wp-json\/wp\/v2\/users\/10"}],"replies":[{"embeddable":true,"href":"https:\/\/www.blumarturismo.com.br\/blog\/wp-json\/wp\/v2\/comments?post=28524"}],"version-history":[{"count":33,"href":"https:\/\/www.blumarturismo.com.br\/blog\/wp-json\/wp\/v2\/posts\/28524\/revisions"}],"predecessor-version":[{"id":72389,"href":"https:\/\/www.blumarturismo.com.br\/blog\/wp-json\/wp\/v2\/posts\/28524\/revisions\/72389"}],"wp:featuredmedia":[{"embeddable":true,"href":"https:\/\/www.blumarturismo.com.br\/blog\/wp-json\/wp\/v2\/media\/63539"}],"wp:attachment":[{"href":"https:\/\/www.blumarturismo.com.br\/blog\/wp-json\/wp\/v2\/media?parent=28524"}],"wp:term":[{"taxonomy":"category","embeddable":true,"href":"https:\/\/www.blumarturismo.com.br\/blog\/wp-json\/wp\/v2\/categories?post=28524"},{"taxonomy":"post_tag","embeddable":true,"href":"https:\/\/www.blumarturismo.com.br\/blog\/wp-json\/wp\/v2\/tags?post=28524"}],"curies":[{"name":"wp","href":"https:\/\/api.w.org\/{rel}","templated":true}]}}