{"id":29910,"date":"2025-11-13T17:40:17","date_gmt":"2025-11-13T20:40:17","guid":{"rendered":"https:\/\/www.blumarturismo.com.br\/blog\/?p=29910"},"modified":"2025-11-19T15:32:54","modified_gmt":"2025-11-19T18:32:54","slug":"descubra-a-lagoa-das-emendadas-a-joia-inexplorada-dos-lencois-maranhenses","status":"publish","type":"post","link":"https:\/\/www.blumarturismo.com.br\/blog\/descubra-a-lagoa-das-emendadas-a-joia-inexplorada-dos-lencois-maranhenses\/","title":{"rendered":"Descubra a Lagoa das Emendadas: A J\u00f3ia Inexplorada dos Len\u00e7\u00f3is Maranhenses"},"content":{"rendered":"\t\t<div data-elementor-type=\"wp-post\" data-elementor-id=\"29910\" class=\"elementor elementor-29910\" data-elementor-post-type=\"post\">\n\t\t\t\t\t\t\t<div class=\"elementor-element elementor-element-e200931 e-flex e-con-boxed e-con e-parent\" data-id=\"e200931\" data-element_type=\"container\" data-settings=\"{&quot;content_width&quot;:&quot;boxed&quot;}\" data-core-v316-plus=\"true\">\n\t\t\t\t\t<div class=\"e-con-inner\">\n\t\t\t\t<div class=\"elementor-element elementor-element-52ee714 elementor-widget elementor-widget-text-editor\" data-id=\"52ee714\" data-element_type=\"widget\" data-widget_type=\"text-editor.default\">\n\t\t\t\t<div class=\"elementor-widget-container\">\n\t\t\t<style>\/*! elementor - v3.16.0 - 13-09-2023 *\/\n.elementor-widget-text-editor.elementor-drop-cap-view-stacked .elementor-drop-cap{background-color:#69727d;color:#fff}.elementor-widget-text-editor.elementor-drop-cap-view-framed .elementor-drop-cap{color:#69727d;border:3px solid;background-color:transparent}.elementor-widget-text-editor:not(.elementor-drop-cap-view-default) .elementor-drop-cap{margin-top:8px}.elementor-widget-text-editor:not(.elementor-drop-cap-view-default) .elementor-drop-cap-letter{width:1em;height:1em}.elementor-widget-text-editor .elementor-drop-cap{float:left;text-align:center;line-height:1;font-size:50px}.elementor-widget-text-editor .elementor-drop-cap-letter{display:inline-block}<\/style>\t\t\t\t<p data-prosemirror-content-type=\"node\" data-prosemirror-node-name=\"paragraph\" data-prosemirror-node-block=\"true\" data-pm-slice=\"1 1 []\">Imagine um lugar onde o tempo parece desacelerar e a natureza revela sua beleza mais pura. A <strong data-prosemirror-content-type=\"mark\" data-prosemirror-mark-name=\"strong\">Lagoa das Emendadas<\/strong>, no cora\u00e7\u00e3o dos <a href=\"https:\/\/www.blumarturismo.com.br\/blog\/lencois-maranhenses-estao-entre-destinos-brasileiros-mais-procurados-por-turistas-estrangeiros\/\"><strong data-prosemirror-content-type=\"mark\" data-prosemirror-mark-name=\"strong\">Len\u00e7\u00f3is Maranhenses<\/strong><\/a>, \u00e9 um desses cen\u00e1rios que fazem qualquer viajante se apaixonar \u00e0 primeira vista. Um ref\u00fagio intocado, perfeito para quem busca conex\u00e3o profunda com a natureza e momentos que ficar\u00e3o guardados na mem\u00f3ria.<\/p>\t\t\t\t\t\t<\/div>\n\t\t\t\t<\/div>\n\t\t\t\t<div class=\"elementor-element elementor-element-8266786 elementor-widget elementor-widget-video\" data-id=\"8266786\" data-element_type=\"widget\" data-settings=\"{&quot;youtube_url&quot;:&quot;https:\\\/\\\/www.youtube.com\\\/watch?v=tYSA8tGpdG0&quot;,&quot;video_type&quot;:&quot;youtube&quot;,&quot;controls&quot;:&quot;yes&quot;}\" data-widget_type=\"video.default\">\n\t\t\t\t<div class=\"elementor-widget-container\">\n\t\t\t<style>\/*! elementor - v3.16.0 - 13-09-2023 *\/\n.elementor-widget-video .elementor-widget-container{overflow:hidden;transform:translateZ(0)}.elementor-widget-video .elementor-wrapper{aspect-ratio:var(--video-aspect-ratio)}.elementor-widget-video .elementor-wrapper iframe,.elementor-widget-video .elementor-wrapper video{height:100%;width:100%;display:flex;border:none;background-color:#000}@supports not (aspect-ratio:1\/1){.elementor-widget-video .elementor-wrapper{position:relative;overflow:hidden;height:0;padding-bottom:calc(100% \/ var(--video-aspect-ratio))}.elementor-widget-video .elementor-wrapper iframe,.elementor-widget-video .elementor-wrapper video{position:absolute;top:0;right:0;bottom:0;left:0}}.elementor-widget-video .elementor-open-inline .elementor-custom-embed-image-overlay{position:absolute;top:0;right:0;bottom:0;left:0;background-size:cover;background-position:50%}.elementor-widget-video .elementor-custom-embed-image-overlay{cursor:pointer;text-align:center}.elementor-widget-video .elementor-custom-embed-image-overlay:hover .elementor-custom-embed-play i{opacity:1}.elementor-widget-video .elementor-custom-embed-image-overlay img{display:block;width:100%;aspect-ratio:var(--video-aspect-ratio);-o-object-fit:cover;object-fit:cover;-o-object-position:center center;object-position:center center}@supports not (aspect-ratio:1\/1){.elementor-widget-video .elementor-custom-embed-image-overlay{position:relative;overflow:hidden;height:0;padding-bottom:calc(100% \/ var(--video-aspect-ratio))}.elementor-widget-video .elementor-custom-embed-image-overlay img{position:absolute;top:0;right:0;bottom:0;left:0}}.elementor-widget-video .e-hosted-video .elementor-video{-o-object-fit:cover;object-fit:cover}.e-con-inner>.elementor-widget-video,.e-con>.elementor-widget-video{width:var(--container-widget-width);--flex-grow:var(--container-widget-flex-grow)}<\/style>\t\t<div class=\"elementor-wrapper elementor-open-inline\">\n\t\t\t<div class=\"elementor-video\"><\/div>\t\t<\/div>\n\t\t\t\t<\/div>\n\t\t\t\t<\/div>\n\t\t\t\t\t<\/div>\n\t\t\t\t<\/div>\n\t\t<div class=\"elementor-element elementor-element-a5cf8ce e-flex e-con-boxed e-con e-parent\" data-id=\"a5cf8ce\" data-element_type=\"container\" data-settings=\"{&quot;content_width&quot;:&quot;boxed&quot;}\" data-core-v316-plus=\"true\">\n\t\t\t\t\t<div class=\"e-con-inner\">\n\t\t\t\t<div class=\"elementor-element elementor-element-55df4f2 elementor-widget elementor-widget-heading\" data-id=\"55df4f2\" data-element_type=\"widget\" data-widget_type=\"heading.default\">\n\t\t\t\t<div class=\"elementor-widget-container\">\n\t\t\t<style>\/*! elementor - v3.16.0 - 13-09-2023 *\/\n.elementor-heading-title{padding:0;margin:0;line-height:1}.elementor-widget-heading .elementor-heading-title[class*=elementor-size-]>a{color:inherit;font-size:inherit;line-height:inherit}.elementor-widget-heading .elementor-heading-title.elementor-size-small{font-size:15px}.elementor-widget-heading .elementor-heading-title.elementor-size-medium{font-size:19px}.elementor-widget-heading .elementor-heading-title.elementor-size-large{font-size:29px}.elementor-widget-heading .elementor-heading-title.elementor-size-xl{font-size:39px}.elementor-widget-heading .elementor-heading-title.elementor-size-xxl{font-size:59px}<\/style><h2 class=\"elementor-heading-title elementor-size-large\">Uma Aventura Narrada por Quem Viveu<\/h2>\t\t<\/div>\n\t\t\t\t<\/div>\n\t\t\t\t<div class=\"elementor-element elementor-element-8df587c elementor-widget elementor-widget-image\" data-id=\"8df587c\" data-element_type=\"widget\" data-widget_type=\"image.default\">\n\t\t\t\t<div class=\"elementor-widget-container\">\n\t\t\t<style>\/*! elementor - v3.16.0 - 13-09-2023 *\/\n.elementor-widget-image{text-align:center}.elementor-widget-image a{display:inline-block}.elementor-widget-image a img[src$=\".svg\"]{width:48px}.elementor-widget-image img{vertical-align:middle;display:inline-block}<\/style>\t\t\t\t\t\t\t\t\t<figure class=\"wp-caption\">\n\t\t\t\t\t\t\t\t\t\t<img loading=\"lazy\" decoding=\"async\" width=\"1024\" height=\"772\" src=\"https:\/\/www.blumarturismo.com.br\/blog\/wp-content\/uploads\/2024\/10\/irlenmenezes-min-1024x772.png\" class=\"attachment-large size-large wp-image-72511\" alt=\"Foto: Irlen Menezes \/ Blumar Turismo\" srcset=\"https:\/\/www.blumarturismo.com.br\/blog\/wp-content\/uploads\/2024\/10\/irlenmenezes-min-1024x772.png 1024w, https:\/\/www.blumarturismo.com.br\/blog\/wp-content\/uploads\/2024\/10\/irlenmenezes-min-300x226.png 300w, https:\/\/www.blumarturismo.com.br\/blog\/wp-content\/uploads\/2024\/10\/irlenmenezes-min-768x579.png 768w, https:\/\/www.blumarturismo.com.br\/blog\/wp-content\/uploads\/2024\/10\/irlenmenezes-min.png 1168w\" sizes=\"auto, (max-width: 1024px) 100vw, 1024px\" \/>\t\t\t\t\t\t\t\t\t\t\t<figcaption class=\"widget-image-caption wp-caption-text\">Foto: Irlen Menezes \/ Blumar Turismo<\/figcaption>\n\t\t\t\t\t\t\t\t\t\t<\/figure>\n\t\t\t\t\t\t\t\t\t<\/div>\n\t\t\t\t<\/div>\n\t\t\t\t<div class=\"elementor-element elementor-element-e3ef142 elementor-widget elementor-widget-text-editor\" data-id=\"e3ef142\" data-element_type=\"widget\" data-widget_type=\"text-editor.default\">\n\t\t\t\t<div class=\"elementor-widget-container\">\n\t\t\t\t\t\t\t<p data-prosemirror-content-type=\"node\" data-prosemirror-node-name=\"paragraph\" data-prosemirror-node-block=\"true\" data-pm-slice=\"1 2 []\">Irlen Menezes, colaborador da <a href=\"https:\/\/www.blumar.com.br\/index.php\"><strong data-prosemirror-content-type=\"mark\" data-prosemirror-mark-name=\"strong\">Blumar Turismo<\/strong><\/a>, viveu essa experi\u00eancia e compartilha tudo sobre esse passeio que desperta os sentidos e renova a alma.<br data-prosemirror-content-type=\"node\" data-prosemirror-node-name=\"hardBreak\" data-prosemirror-node-inline=\"true\" \/>Prepare-se para embarcar nessa jornada \u2014 uma travessia pelas dunas, entre lagoas cristalinas e sil\u00eancios que falam alto.<\/p><blockquote data-prosemirror-content-type=\"node\" data-prosemirror-node-name=\"blockquote\" data-prosemirror-node-block=\"true\"><p data-prosemirror-content-type=\"node\" data-prosemirror-node-name=\"paragraph\" data-prosemirror-node-block=\"true\">\u201cCada passo parece um convite para desacelerar e sentir o poder da natureza em sua forma mais selvagem.\u201d<br data-prosemirror-content-type=\"node\" data-prosemirror-node-name=\"hardBreak\" data-prosemirror-node-inline=\"true\" \/>\u2014 <em data-prosemirror-content-type=\"mark\" data-prosemirror-mark-name=\"em\">Irlen Menezes \/ Blumar Turismo<\/em><\/p><\/blockquote>\t\t\t\t\t\t<\/div>\n\t\t\t\t<\/div>\n\t\t\t\t\t<\/div>\n\t\t\t\t<\/div>\n\t\t<div class=\"elementor-element elementor-element-c580f78 e-flex e-con-boxed e-con e-parent\" data-id=\"c580f78\" data-element_type=\"container\" data-settings=\"{&quot;content_width&quot;:&quot;boxed&quot;}\" data-core-v316-plus=\"true\">\n\t\t\t\t\t<div class=\"e-con-inner\">\n\t\t\t\t<div class=\"elementor-element elementor-element-696fbb7 elementor-widget elementor-widget-heading\" data-id=\"696fbb7\" data-element_type=\"widget\" data-widget_type=\"heading.default\">\n\t\t\t\t<div class=\"elementor-widget-container\">\n\t\t\t<h2 class=\"elementor-heading-title elementor-size-large\">O Passeio Pela Lagoa das Emendadas: Uma Jornada Pela Ess\u00eancia dos Len\u00e7\u00f3is<\/h2>\t\t<\/div>\n\t\t\t\t<\/div>\n\t\t\t\t<div class=\"elementor-element elementor-element-4787df3 elementor-widget elementor-widget-image\" data-id=\"4787df3\" data-element_type=\"widget\" data-widget_type=\"image.default\">\n\t\t\t\t<div class=\"elementor-widget-container\">\n\t\t\t\t\t\t\t\t\t\t\t\t<figure class=\"wp-caption\">\n\t\t\t\t\t\t\t\t\t\t<img loading=\"lazy\" decoding=\"async\" width=\"1024\" height=\"578\" src=\"https:\/\/www.blumarturismo.com.br\/blog\/wp-content\/uploads\/2024\/10\/irlen-menezes-emendadas-min-1024x578.png\" class=\"attachment-large size-large wp-image-72517\" alt=\"Foto: Irlen Menezes \/ Blumar Turismo\" srcset=\"https:\/\/www.blumarturismo.com.br\/blog\/wp-content\/uploads\/2024\/10\/irlen-menezes-emendadas-min-1024x578.png 1024w, https:\/\/www.blumarturismo.com.br\/blog\/wp-content\/uploads\/2024\/10\/irlen-menezes-emendadas-min-300x169.png 300w, https:\/\/www.blumarturismo.com.br\/blog\/wp-content\/uploads\/2024\/10\/irlen-menezes-emendadas-min-768x434.png 768w, https:\/\/www.blumarturismo.com.br\/blog\/wp-content\/uploads\/2024\/10\/irlen-menezes-emendadas-min.png 1360w\" sizes=\"auto, (max-width: 1024px) 100vw, 1024px\" \/>\t\t\t\t\t\t\t\t\t\t\t<figcaption class=\"widget-image-caption wp-caption-text\">Foto: Irlen Menezes \/ Blumar Turismo<\/figcaption>\n\t\t\t\t\t\t\t\t\t\t<\/figure>\n\t\t\t\t\t\t\t\t\t<\/div>\n\t\t\t\t<\/div>\n\t\t\t\t\t<\/div>\n\t\t\t\t<\/div>\n\t\t<div class=\"elementor-element elementor-element-92132d6 e-flex e-con-boxed e-con e-parent\" data-id=\"92132d6\" data-element_type=\"container\" data-settings=\"{&quot;content_width&quot;:&quot;boxed&quot;}\" data-core-v316-plus=\"true\">\n\t\t\t\t\t<div class=\"e-con-inner\">\n\t\t\t\t<div class=\"elementor-element elementor-element-ffa190c elementor-widget elementor-widget-heading\" data-id=\"ffa190c\" data-element_type=\"widget\" data-widget_type=\"heading.default\">\n\t\t\t\t<div class=\"elementor-widget-container\">\n\t\t\t<h3 class=\"elementor-heading-title elementor-size-medium\">Uma Trilha Que Toca a Alma<\/h3>\t\t<\/div>\n\t\t\t\t<\/div>\n\t\t\t\t<div class=\"elementor-element elementor-element-1207cee elementor-widget elementor-widget-image\" data-id=\"1207cee\" data-element_type=\"widget\" data-widget_type=\"image.default\">\n\t\t\t\t<div class=\"elementor-widget-container\">\n\t\t\t\t\t\t\t\t\t\t\t\t<figure class=\"wp-caption\">\n\t\t\t\t\t\t\t\t\t\t<img loading=\"lazy\" decoding=\"async\" width=\"1024\" height=\"577\" src=\"https:\/\/www.blumarturismo.com.br\/blog\/wp-content\/uploads\/2024\/10\/irlenmenezes-blumar-min-1024x577.png\" class=\"attachment-large size-large wp-image-72518\" alt=\"Foto: Irlen Menezes \/ Blumar Turismo\" srcset=\"https:\/\/www.blumarturismo.com.br\/blog\/wp-content\/uploads\/2024\/10\/irlenmenezes-blumar-min-1024x577.png 1024w, https:\/\/www.blumarturismo.com.br\/blog\/wp-content\/uploads\/2024\/10\/irlenmenezes-blumar-min-300x169.png 300w, https:\/\/www.blumarturismo.com.br\/blog\/wp-content\/uploads\/2024\/10\/irlenmenezes-blumar-min-768x432.png 768w, https:\/\/www.blumarturismo.com.br\/blog\/wp-content\/uploads\/2024\/10\/irlenmenezes-blumar-min.png 1371w\" sizes=\"auto, (max-width: 1024px) 100vw, 1024px\" \/>\t\t\t\t\t\t\t\t\t\t\t<figcaption class=\"widget-image-caption wp-caption-text\">Foto: Irlen Menezes \/ Blumar Turismo<\/figcaption>\n\t\t\t\t\t\t\t\t\t\t<\/figure>\n\t\t\t\t\t\t\t\t\t<\/div>\n\t\t\t\t<\/div>\n\t\t\t\t<div class=\"elementor-element elementor-element-3d930ca elementor-widget elementor-widget-text-editor\" data-id=\"3d930ca\" data-element_type=\"widget\" data-widget_type=\"text-editor.default\">\n\t\t\t\t<div class=\"elementor-widget-container\">\n\t\t\t\t\t\t\t<p data-prosemirror-content-type=\"node\" data-prosemirror-node-name=\"paragraph\" data-prosemirror-node-block=\"true\" data-pm-slice=\"1 1 []\">O passeio leva voc\u00ea ao centro do Parque Nacional dos Len\u00e7\u00f3is Maranhenses, em uma caminhada de <strong data-prosemirror-content-type=\"mark\" data-prosemirror-mark-name=\"strong\">4 a 5 horas<\/strong>. Aqui, os ve\u00edculos ficam para tr\u00e1s. O percurso \u00e9 feito <strong data-prosemirror-content-type=\"mark\" data-prosemirror-mark-name=\"strong\">a p\u00e9<\/strong>, atravessando dunas e lagoas que parecem pintadas \u00e0 m\u00e3o.<\/p><p data-prosemirror-content-type=\"node\" data-prosemirror-node-name=\"paragraph\" data-prosemirror-node-block=\"true\" data-pm-slice=\"1 1 []\">Durante a trilha, o visitante sente a natureza pulsar. O som do vento, o toque da areia, o reflexo do sol na \u00e1gua \u2014 tudo se mistura em uma coreografia perfeita. \u00c9 uma <strong data-prosemirror-content-type=\"mark\" data-prosemirror-mark-name=\"strong\">imers\u00e3o sensorial<\/strong>, onde cada detalhe refor\u00e7a a sensa\u00e7\u00e3o de pertencimento.<\/p>\t\t\t\t\t\t<\/div>\n\t\t\t\t<\/div>\n\t\t\t\t\t<\/div>\n\t\t\t\t<\/div>\n\t\t<div class=\"elementor-element elementor-element-6421ba3 e-flex e-con-boxed e-con e-parent\" data-id=\"6421ba3\" data-element_type=\"container\" data-settings=\"{&quot;content_width&quot;:&quot;boxed&quot;}\" data-core-v316-plus=\"true\">\n\t\t\t\t\t<div class=\"e-con-inner\">\n\t\t\t\t<div class=\"elementor-element elementor-element-11c7748 elementor-widget elementor-widget-heading\" data-id=\"11c7748\" data-element_type=\"widget\" data-widget_type=\"heading.default\">\n\t\t\t\t<div class=\"elementor-widget-container\">\n\t\t\t<h2 class=\"elementor-heading-title elementor-size-large\">Um dos lugares mais exclusivos dos Len\u00e7\u00f3is Maranhenses<\/h2>\t\t<\/div>\n\t\t\t\t<\/div>\n\t\t\t\t<div class=\"elementor-element elementor-element-6457bb9 elementor-widget elementor-widget-video\" data-id=\"6457bb9\" data-element_type=\"widget\" data-settings=\"{&quot;youtube_url&quot;:&quot;https:\\\/\\\/www.youtube.com\\\/watch?v=kvg-VQrcNwI&quot;,&quot;video_type&quot;:&quot;youtube&quot;,&quot;controls&quot;:&quot;yes&quot;}\" data-widget_type=\"video.default\">\n\t\t\t\t<div class=\"elementor-widget-container\">\n\t\t\t\t\t<div class=\"elementor-wrapper elementor-open-inline\">\n\t\t\t<div class=\"elementor-video\"><\/div>\t\t<\/div>\n\t\t\t\t<\/div>\n\t\t\t\t<\/div>\n\t\t\t\t\t<\/div>\n\t\t\t\t<\/div>\n\t\t<div class=\"elementor-element elementor-element-0b0da66 e-flex e-con-boxed e-con e-parent\" data-id=\"0b0da66\" data-element_type=\"container\" data-settings=\"{&quot;content_width&quot;:&quot;boxed&quot;}\" data-core-v316-plus=\"true\">\n\t\t\t\t\t<div class=\"e-con-inner\">\n\t\t\t\t<div class=\"elementor-element elementor-element-b3f1606 elementor-widget elementor-widget-heading\" data-id=\"b3f1606\" data-element_type=\"widget\" data-widget_type=\"heading.default\">\n\t\t\t\t<div class=\"elementor-widget-container\">\n\t\t\t<h3 class=\"elementor-heading-title elementor-size-medium\">Um Santu\u00e1rio Natural Preservado<\/h3>\t\t<\/div>\n\t\t\t\t<\/div>\n\t\t\t\t<div class=\"elementor-element elementor-element-546a305 elementor-widget elementor-widget-image\" data-id=\"546a305\" data-element_type=\"widget\" data-widget_type=\"image.default\">\n\t\t\t\t<div class=\"elementor-widget-container\">\n\t\t\t\t\t\t\t\t\t\t\t\t\t\t\t<img loading=\"lazy\" decoding=\"async\" width=\"1024\" height=\"585\" src=\"https:\/\/www.blumarturismo.com.br\/blog\/wp-content\/uploads\/2024\/10\/irlenmenezes-blumar-88-1-1024x585.jpg\" class=\"attachment-large size-large wp-image-72519\" alt=\"Foto: Irlen Menezes \/ Blumar Turismo\" srcset=\"https:\/\/www.blumarturismo.com.br\/blog\/wp-content\/uploads\/2024\/10\/irlenmenezes-blumar-88-1-1024x585.jpg 1024w, https:\/\/www.blumarturismo.com.br\/blog\/wp-content\/uploads\/2024\/10\/irlenmenezes-blumar-88-1-300x171.jpg 300w, https:\/\/www.blumarturismo.com.br\/blog\/wp-content\/uploads\/2024\/10\/irlenmenezes-blumar-88-1-768x439.jpg 768w, https:\/\/www.blumarturismo.com.br\/blog\/wp-content\/uploads\/2024\/10\/irlenmenezes-blumar-88-1.jpg 1344w\" sizes=\"auto, (max-width: 1024px) 100vw, 1024px\" \/>\t\t\t\t\t\t\t\t\t\t\t\t\t\t\t<\/div>\n\t\t\t\t<\/div>\n\t\t\t\t<div class=\"elementor-element elementor-element-4386bdf elementor-widget elementor-widget-text-editor\" data-id=\"4386bdf\" data-element_type=\"widget\" data-widget_type=\"text-editor.default\">\n\t\t\t\t<div class=\"elementor-widget-container\">\n\t\t\t\t\t\t\t<p data-prosemirror-content-type=\"node\" data-prosemirror-node-name=\"paragraph\" data-prosemirror-node-block=\"true\" data-pm-slice=\"1 1 []\">Por estar em uma \u00e1rea de acesso restrito, <strong data-prosemirror-content-type=\"mark\" data-prosemirror-mark-name=\"strong\">sem circula\u00e7\u00e3o de ve\u00edculos<\/strong>, o ambiente se mant\u00e9m <strong data-prosemirror-content-type=\"mark\" data-prosemirror-mark-name=\"strong\">intocado e vibrante<\/strong>. \u00c9 comum observar esp\u00e9cies de aves em reprodu\u00e7\u00e3o, e com um pouco de sorte, at\u00e9 presenciar o nascimento das pequenas tartarugas \u201cpininga\u201d, s\u00edmbolo de resist\u00eancia e vida nos Len\u00e7\u00f3is Maranhenses<\/p>\t\t\t\t\t\t<\/div>\n\t\t\t\t<\/div>\n\t\t\t\t\t<\/div>\n\t\t\t\t<\/div>\n\t\t<div class=\"elementor-element elementor-element-20c82e8 e-flex e-con-boxed e-con e-parent\" data-id=\"20c82e8\" data-element_type=\"container\" data-settings=\"{&quot;content_width&quot;:&quot;boxed&quot;}\" data-core-v316-plus=\"true\">\n\t\t\t\t\t<div class=\"e-con-inner\">\n\t\t\t\t<div class=\"elementor-element elementor-element-6efa29f elementor-widget elementor-widget-heading\" data-id=\"6efa29f\" data-element_type=\"widget\" data-widget_type=\"heading.default\">\n\t\t\t\t<div class=\"elementor-widget-container\">\n\t\t\t<h2 class=\"elementor-heading-title elementor-size-large\">O Espet\u00e1culo do Entardecer<\/h2>\t\t<\/div>\n\t\t\t\t<\/div>\n\t\t\t\t<div class=\"elementor-element elementor-element-abd60fc elementor-widget elementor-widget-image\" data-id=\"abd60fc\" data-element_type=\"widget\" data-widget_type=\"image.default\">\n\t\t\t\t<div class=\"elementor-widget-container\">\n\t\t\t\t\t\t\t\t\t\t\t\t<figure class=\"wp-caption\">\n\t\t\t\t\t\t\t\t\t\t<img loading=\"lazy\" decoding=\"async\" width=\"1024\" height=\"574\" src=\"https:\/\/www.blumarturismo.com.br\/blog\/wp-content\/uploads\/2024\/10\/Foto-Irlen-Menezes-Blumar-Turismo-4-min-1024x574.png\" class=\"attachment-large size-large wp-image-72520\" alt=\"Foto: Irlen Menezes \/ Blumar Turismo\" srcset=\"https:\/\/www.blumarturismo.com.br\/blog\/wp-content\/uploads\/2024\/10\/Foto-Irlen-Menezes-Blumar-Turismo-4-min-1024x574.png 1024w, https:\/\/www.blumarturismo.com.br\/blog\/wp-content\/uploads\/2024\/10\/Foto-Irlen-Menezes-Blumar-Turismo-4-min-300x168.png 300w, https:\/\/www.blumarturismo.com.br\/blog\/wp-content\/uploads\/2024\/10\/Foto-Irlen-Menezes-Blumar-Turismo-4-min-768x430.png 768w, https:\/\/www.blumarturismo.com.br\/blog\/wp-content\/uploads\/2024\/10\/Foto-Irlen-Menezes-Blumar-Turismo-4-min.png 1467w\" sizes=\"auto, (max-width: 1024px) 100vw, 1024px\" \/>\t\t\t\t\t\t\t\t\t\t\t<figcaption class=\"widget-image-caption wp-caption-text\">Foto: Irlen Menezes \/ Blumar Turismo<\/figcaption>\n\t\t\t\t\t\t\t\t\t\t<\/figure>\n\t\t\t\t\t\t\t\t\t<\/div>\n\t\t\t\t<\/div>\n\t\t\t\t<div class=\"elementor-element elementor-element-e8e7821 elementor-widget elementor-widget-text-editor\" data-id=\"e8e7821\" data-element_type=\"widget\" data-widget_type=\"text-editor.default\">\n\t\t\t\t<div class=\"elementor-widget-container\">\n\t\t\t\t\t\t\t<p data-prosemirror-content-type=\"node\" data-prosemirror-node-name=\"paragraph\" data-prosemirror-node-block=\"true\" data-pm-slice=\"1 1 []\">Mas \u00e9 quando a noite cai que o verdadeiro show come\u00e7a.<br data-prosemirror-content-type=\"node\" data-prosemirror-node-name=\"hardBreak\" data-prosemirror-node-inline=\"true\" \/>Longe de qualquer fonte de luz artificial, os <a href=\"https:\/\/www.blumarturismo.com.br\/blog\/ate-quando-as-lagoas-estao-cheias-descubra-a-melhor-epoca-para-visitar-os-lencois-maranhenses-e-garantir-uma-experiencia-inesquecivel\/\"><strong data-prosemirror-content-type=\"mark\" data-prosemirror-mark-name=\"strong\">Len\u00e7\u00f3is Maranhenses<\/strong><\/a> se tornam um dos <strong data-prosemirror-content-type=\"mark\" data-prosemirror-mark-name=\"strong\">melhores lugares do Brasil para observar o c\u00e9u noturno<\/strong>. A Via-L\u00e1ctea surge com nitidez, cortando o horizonte como um rio de estrelas, enquanto constela\u00e7\u00f5es se desenham sobre o viajante em um espet\u00e1culo de tirar o f\u00f4lego.<\/p><blockquote data-prosemirror-content-type=\"node\" data-prosemirror-node-name=\"blockquote\" data-prosemirror-node-block=\"true\"><p data-prosemirror-content-type=\"node\" data-prosemirror-node-name=\"paragraph\" data-prosemirror-node-block=\"true\">\u201c\u00c9 imposs\u00edvel descrever a emo\u00e7\u00e3o de ver o c\u00e9u se abrir sobre as lagoas. \u00c9 como se o universo inteiro estivesse ali, olhando de volta pra voc\u00ea.\u201d<br data-prosemirror-content-type=\"node\" data-prosemirror-node-name=\"hardBreak\" data-prosemirror-node-inline=\"true\" \/>\u2014 <em data-prosemirror-content-type=\"mark\" data-prosemirror-mark-name=\"em\">Irlen Menezes, Blumar Turismo<\/em><\/p><\/blockquote><p data-prosemirror-content-type=\"node\" data-prosemirror-node-name=\"paragraph\" data-prosemirror-node-block=\"true\">Esse \u00e9 o cen\u00e1rio perfeito para os amantes de <strong data-prosemirror-content-type=\"mark\" data-prosemirror-mark-name=\"strong\">astrofotografia<\/strong>. Cada clique captura um fragmento do infinito. Cada olhar revela um novo brilho. E, por alguns instantes, o visitante sente o privil\u00e9gio raro de fazer parte desse espet\u00e1culo c\u00f3smico.<\/p>\t\t\t\t\t\t<\/div>\n\t\t\t\t<\/div>\n\t\t\t\t<div class=\"elementor-element elementor-element-67046f4 elementor-widget elementor-widget-image\" data-id=\"67046f4\" data-element_type=\"widget\" data-widget_type=\"image.default\">\n\t\t\t\t<div class=\"elementor-widget-container\">\n\t\t\t\t\t\t\t\t\t\t\t\t<figure class=\"wp-caption\">\n\t\t\t\t\t\t\t\t\t\t<img loading=\"lazy\" decoding=\"async\" width=\"1024\" height=\"553\" src=\"https:\/\/www.blumarturismo.com.br\/blog\/wp-content\/uploads\/2024\/10\/20230616_174552245252-1024x553.jpg\" class=\"attachment-large size-large wp-image-72525\" alt=\"Foto: Irlen Menezes \/ Blumar Turismo\" srcset=\"https:\/\/www.blumarturismo.com.br\/blog\/wp-content\/uploads\/2024\/10\/20230616_174552245252-1024x553.jpg 1024w, https:\/\/www.blumarturismo.com.br\/blog\/wp-content\/uploads\/2024\/10\/20230616_174552245252-300x162.jpg 300w, https:\/\/www.blumarturismo.com.br\/blog\/wp-content\/uploads\/2024\/10\/20230616_174552245252-768x415.jpg 768w, https:\/\/www.blumarturismo.com.br\/blog\/wp-content\/uploads\/2024\/10\/20230616_174552245252.jpg 1392w\" sizes=\"auto, (max-width: 1024px) 100vw, 1024px\" \/>\t\t\t\t\t\t\t\t\t\t\t<figcaption class=\"widget-image-caption wp-caption-text\">Foto: Irlen Menezes \/ Blumar Turismo<\/figcaption>\n\t\t\t\t\t\t\t\t\t\t<\/figure>\n\t\t\t\t\t\t\t\t\t<\/div>\n\t\t\t\t<\/div>\n\t\t\t\t\t<\/div>\n\t\t\t\t<\/div>\n\t\t<div class=\"elementor-element elementor-element-00bf793 e-flex e-con-boxed e-con e-parent\" data-id=\"00bf793\" data-element_type=\"container\" data-settings=\"{&quot;content_width&quot;:&quot;boxed&quot;}\" data-core-v316-plus=\"true\">\n\t\t\t\t\t<div class=\"e-con-inner\">\n\t\t\t\t<div class=\"elementor-element elementor-element-73d514a elementor-widget elementor-widget-heading\" data-id=\"73d514a\" data-element_type=\"widget\" data-widget_type=\"heading.default\">\n\t\t\t\t<div class=\"elementor-widget-container\">\n\t\t\t<h2 class=\"elementor-heading-title elementor-size-large\">Dicas Essenciais Para o Passeio<\/h2>\t\t<\/div>\n\t\t\t\t<\/div>\n\t\t\t\t<div class=\"elementor-element elementor-element-690f863 elementor-widget elementor-widget-text-editor\" data-id=\"690f863\" data-element_type=\"widget\" data-widget_type=\"text-editor.default\">\n\t\t\t\t<div class=\"elementor-widget-container\">\n\t\t\t\t\t\t\t<p data-prosemirror-content-type=\"node\" data-prosemirror-node-name=\"paragraph\" data-prosemirror-node-block=\"true\" data-pm-slice=\"1 3 []\">Para aproveitar ao m\u00e1ximo essa experi\u00eancia, prepare-se com alguns itens indispens\u00e1veis:<\/p><ul class=\"ak-ul\" data-prosemirror-content-type=\"node\" data-prosemirror-node-name=\"bulletList\" data-prosemirror-node-block=\"true\"><li data-prosemirror-content-type=\"node\" data-prosemirror-node-name=\"listItem\" data-prosemirror-node-block=\"true\"><p data-prosemirror-content-type=\"node\" data-prosemirror-node-name=\"paragraph\" data-prosemirror-node-block=\"true\"><strong data-prosemirror-content-type=\"mark\" data-prosemirror-mark-name=\"strong\">Protetor solar<\/strong>: o sol \u00e9 intenso durante todo o dia.<\/p><\/li><li data-prosemirror-content-type=\"node\" data-prosemirror-node-name=\"listItem\" data-prosemirror-node-block=\"true\"><p data-prosemirror-content-type=\"node\" data-prosemirror-node-name=\"paragraph\" data-prosemirror-node-block=\"true\"><strong data-prosemirror-content-type=\"mark\" data-prosemirror-mark-name=\"strong\">Roupas leves e de secagem r\u00e1pida<\/strong>: ideais para caminhar e nadar nas lagoas.<\/p><\/li><li data-prosemirror-content-type=\"node\" data-prosemirror-node-name=\"listItem\" data-prosemirror-node-block=\"true\"><p data-prosemirror-content-type=\"node\" data-prosemirror-node-name=\"paragraph\" data-prosemirror-node-block=\"true\"><strong data-prosemirror-content-type=\"mark\" data-prosemirror-mark-name=\"strong\">Roupas com prote\u00e7\u00e3o UV<\/strong>: garantem seguran\u00e7a extra contra os raios solares.<\/p><\/li><li data-prosemirror-content-type=\"node\" data-prosemirror-node-name=\"listItem\" data-prosemirror-node-block=\"true\"><p data-prosemirror-content-type=\"node\" data-prosemirror-node-name=\"paragraph\" data-prosemirror-node-block=\"true\"><strong data-prosemirror-content-type=\"mark\" data-prosemirror-mark-name=\"strong\">Chap\u00e9u ou bon\u00e9<\/strong>: indispens\u00e1vel sob o sol maranhense.<\/p><\/li><li data-prosemirror-content-type=\"node\" data-prosemirror-node-name=\"listItem\" data-prosemirror-node-block=\"true\"><p data-prosemirror-content-type=\"node\" data-prosemirror-node-name=\"paragraph\" data-prosemirror-node-block=\"true\"><strong data-prosemirror-content-type=\"mark\" data-prosemirror-mark-name=\"strong\">\u00d3culos de sol<\/strong>: proteja seus olhos do reflexo na areia branca.<\/p><\/li><\/ul>\t\t\t\t\t\t<\/div>\n\t\t\t\t<\/div>\n\t\t\t\t\t<\/div>\n\t\t\t\t<\/div>\n\t\t<div class=\"elementor-element elementor-element-8ff49d8 e-flex e-con-boxed e-con e-parent\" data-id=\"8ff49d8\" data-element_type=\"container\" data-settings=\"{&quot;content_width&quot;:&quot;boxed&quot;}\" data-core-v316-plus=\"true\">\n\t\t\t\t\t<div class=\"e-con-inner\">\n\t\t\t\t<div class=\"elementor-element elementor-element-5efc25e elementor-widget elementor-widget-heading\" data-id=\"5efc25e\" data-element_type=\"widget\" data-widget_type=\"heading.default\">\n\t\t\t\t<div class=\"elementor-widget-container\">\n\t\t\t<h2 class=\"elementor-heading-title elementor-size-large\">Por Que Escolher a Blumar Turismo?<\/h2>\t\t<\/div>\n\t\t\t\t<\/div>\n\t\t\t\t<div class=\"elementor-element elementor-element-765123d elementor-widget elementor-widget-image\" data-id=\"765123d\" data-element_type=\"widget\" data-widget_type=\"image.default\">\n\t\t\t\t<div class=\"elementor-widget-container\">\n\t\t\t\t\t\t\t\t\t\t\t\t<figure class=\"wp-caption\">\n\t\t\t\t\t\t\t\t\t\t<img loading=\"lazy\" decoding=\"async\" width=\"1024\" height=\"577\" src=\"https:\/\/www.blumarturismo.com.br\/blog\/wp-content\/uploads\/2024\/06\/20230616_171047-1024x577.jpg\" class=\"attachment-large size-large wp-image-59217\" alt=\"Foto: Irlen Menezes \/ Blumar Turismo\" srcset=\"https:\/\/www.blumarturismo.com.br\/blog\/wp-content\/uploads\/2024\/06\/20230616_171047-1024x577.jpg 1024w, https:\/\/www.blumarturismo.com.br\/blog\/wp-content\/uploads\/2024\/06\/20230616_171047-300x169.jpg 300w, https:\/\/www.blumarturismo.com.br\/blog\/wp-content\/uploads\/2024\/06\/20230616_171047-768x432.jpg 768w, https:\/\/www.blumarturismo.com.br\/blog\/wp-content\/uploads\/2024\/06\/20230616_171047.jpg 1371w\" sizes=\"auto, (max-width: 1024px) 100vw, 1024px\" \/>\t\t\t\t\t\t\t\t\t\t\t<figcaption class=\"widget-image-caption wp-caption-text\">Foto: Irlen Menezes \/ Blumar Turismo<\/figcaption>\n\t\t\t\t\t\t\t\t\t\t<\/figure>\n\t\t\t\t\t\t\t\t\t<\/div>\n\t\t\t\t<\/div>\n\t\t\t\t<div class=\"elementor-element elementor-element-35a43bc elementor-widget elementor-widget-text-editor\" data-id=\"35a43bc\" data-element_type=\"widget\" data-widget_type=\"text-editor.default\">\n\t\t\t\t<div class=\"elementor-widget-container\">\n\t\t\t\t\t\t\t<p data-prosemirror-content-type=\"node\" data-prosemirror-node-name=\"paragraph\" data-prosemirror-node-block=\"true\" data-pm-slice=\"1 2 []\">Viajar com a <strong data-prosemirror-content-type=\"mark\" data-prosemirror-mark-name=\"strong\">Blumar Turismo<\/strong> \u00e9 escolher seguran\u00e7a, conforto e experi\u00eancia.<\/p><p data-prosemirror-content-type=\"node\" data-prosemirror-node-name=\"paragraph\" data-prosemirror-node-block=\"true\">Com mais de <strong data-prosemirror-content-type=\"mark\" data-prosemirror-mark-name=\"strong\">40 anos de atua\u00e7\u00e3o no setor<\/strong>, a Blumar \u00e9 refer\u00eancia em roteiros personalizados pelos Len\u00e7\u00f3is Maranhenses e em todo o Brasil. Nossa equipe \u00e9 formada por especialistas que conhecem cada detalhe da regi\u00e3o e garantem uma jornada inesquec\u00edvel.<\/p><p data-prosemirror-content-type=\"node\" data-prosemirror-node-name=\"paragraph\" data-prosemirror-node-block=\"true\">Al\u00e9m disso, a Blumar \u00e9 <strong data-prosemirror-content-type=\"mark\" data-prosemirror-mark-name=\"strong\">certificada pelo Reclame Aqui<\/strong> e mant\u00e9m <strong data-prosemirror-content-type=\"mark\" data-prosemirror-mark-name=\"strong\">\u00edndice zero de reclama\u00e7\u00f5es nos \u00faltimos 12 meses<\/strong>, refor\u00e7ando o compromisso com a <strong data-prosemirror-content-type=\"mark\" data-prosemirror-mark-name=\"strong\">excel\u00eancia no atendimento<\/strong> e a <strong data-prosemirror-content-type=\"mark\" data-prosemirror-mark-name=\"strong\">satisfa\u00e7\u00e3o total do cliente<\/strong>.<\/p><blockquote data-prosemirror-content-type=\"node\" data-prosemirror-node-name=\"blockquote\" data-prosemirror-node-block=\"true\"><p data-prosemirror-content-type=\"node\" data-prosemirror-node-name=\"paragraph\" data-prosemirror-node-block=\"true\">\u201cA Blumar n\u00e3o vende apenas viagens. Criamos experi\u00eancias que transformam a forma como nossos clientes veem o mundo.\u201d<\/p><\/blockquote>\t\t\t\t\t\t<\/div>\n\t\t\t\t<\/div>\n\t\t\t\t\t<\/div>\n\t\t\t\t<\/div>\n\t\t<div class=\"elementor-element elementor-element-81d9333 e-flex e-con-boxed e-con e-parent\" data-id=\"81d9333\" data-element_type=\"container\" data-settings=\"{&quot;content_width&quot;:&quot;boxed&quot;}\" data-core-v316-plus=\"true\">\n\t\t\t\t\t<div class=\"e-con-inner\">\n\t\t\t\t<div class=\"elementor-element elementor-element-41bcd5d elementor-widget elementor-widget-heading\" data-id=\"41bcd5d\" data-element_type=\"widget\" data-widget_type=\"heading.default\">\n\t\t\t\t<div class=\"elementor-widget-container\">\n\t\t\t<h2 class=\"elementor-heading-title elementor-size-large\">Sua Pr\u00f3xima Jornada Est\u00e1 Aqui<\/h2>\t\t<\/div>\n\t\t\t\t<\/div>\n\t\t\t\t<div class=\"elementor-element elementor-element-aa385ad elementor-widget elementor-widget-text-editor\" data-id=\"aa385ad\" data-element_type=\"widget\" data-widget_type=\"text-editor.default\">\n\t\t\t\t<div class=\"elementor-widget-container\">\n\t\t\t\t\t\t\t<p data-prosemirror-content-type=\"node\" data-prosemirror-node-name=\"paragraph\" data-prosemirror-node-block=\"true\" data-pm-slice=\"1 1 []\">Explorar a <strong data-prosemirror-content-type=\"mark\" data-prosemirror-mark-name=\"strong\">Lagoa das Emendadas<\/strong> \u00e9 mais do que visitar um destino tur\u00edstico.<br data-prosemirror-content-type=\"node\" data-prosemirror-node-name=\"hardBreak\" data-prosemirror-node-inline=\"true\" \/>\u00c9 uma oportunidade de <strong data-prosemirror-content-type=\"mark\" data-prosemirror-mark-name=\"strong\">reconectar-se com a natureza<\/strong>, desafiar-se e descobrir um novo olhar sobre o planeta.<\/p><p data-prosemirror-content-type=\"node\" data-prosemirror-node-name=\"paragraph\" data-prosemirror-node-block=\"true\">Deixe que a <strong data-prosemirror-content-type=\"mark\" data-prosemirror-mark-name=\"strong\">Blumar Turismo<\/strong> leve voc\u00ea at\u00e9 esse santu\u00e1rio natural e viva uma experi\u00eancia \u00fanica nos <strong data-prosemirror-content-type=\"mark\" data-prosemirror-mark-name=\"strong\">Len\u00e7\u00f3is Maranhenses<\/strong>.<br data-prosemirror-content-type=\"node\" data-prosemirror-node-name=\"hardBreak\" data-prosemirror-node-inline=\"true\" \/>Planeje sua pr\u00f3xima viagem com quem entende do assunto e transforme seu sonho em realidade.<\/p>\t\t\t\t\t\t<\/div>\n\t\t\t\t<\/div>\n\t\t\t\t\t<\/div>\n\t\t\t\t<\/div>\n\t\t<div class=\"elementor-element elementor-element-033c02c e-flex e-con-boxed e-con e-parent\" data-id=\"033c02c\" data-element_type=\"container\" data-settings=\"{&quot;content_width&quot;:&quot;boxed&quot;}\" data-core-v316-plus=\"true\">\n\t\t\t\t\t<div class=\"e-con-inner\">\n\t\t\t\t<div class=\"elementor-element elementor-element-2a4c218 elementor-widget elementor-widget-heading\" data-id=\"2a4c218\" data-element_type=\"widget\" data-widget_type=\"heading.default\">\n\t\t\t\t<div class=\"elementor-widget-container\">\n\t\t\t<h2 class=\"elementor-heading-title elementor-size-large\">Depoimentos de Quem Viveu a Experi\u00eancia<\/h2>\t\t<\/div>\n\t\t\t\t<\/div>\n\t\t\t\t<div class=\"elementor-element elementor-element-86737f5 elementor-widget elementor-widget-text-editor\" data-id=\"86737f5\" data-element_type=\"widget\" data-widget_type=\"text-editor.default\">\n\t\t\t\t<div class=\"elementor-widget-container\">\n\t\t\t\t\t\t\t<p style=\"text-align: center;\"><strong><a href=\"https:\/\/www.blumarturismo.com.br\/\">Blumar Turismo<\/a>: Certificada pelo Reclame Aqui<\/strong><\/p>\t\t\t\t\t\t<\/div>\n\t\t\t\t<\/div>\n\t\t\t\t<div class=\"elementor-element elementor-element-839d6c5 elementor-widget elementor-widget-html\" data-id=\"839d6c5\" data-element_type=\"widget\" data-widget_type=\"html.default\">\n\t\t\t\t<div class=\"elementor-widget-container\">\n\t\t\t<center><div id=\"ra-verified-seal\"><script type=\"text\/javascript\" id=\"ra-embed-verified-seal\" src=\"https:\/\/s3.amazonaws.com\/raichu-beta\/ra-verified\/bundle.js\" data-id=\"MzI4Nzc6Ymx1bWFy\" data-target=\"ra-verified-seal\" data-model=\"2\"><\/script><\/div><\/center>\t\t<\/div>\n\t\t\t\t<\/div>\n\t\t\t\t<div class=\"elementor-element elementor-element-f4ad25e elementor-widget elementor-widget-text-editor\" data-id=\"f4ad25e\" data-element_type=\"widget\" data-widget_type=\"text-editor.default\">\n\t\t\t\t<div class=\"elementor-widget-container\">\n\t\t\t\t\t\t\t<p><span style=\"color: var( --e-global-color-text ); text-align: var(--text-align);\">Na <a href=\"https:\/\/www.blumarturismo.com.br\/\"><strong>Blumar Turismo<\/strong><\/a>, nos orgulhamos de oferecer um servi\u00e7o de excel\u00eancia. Somos certificados pelo Reclame Aqui e n\u00e3o recebemos nenhuma reclama\u00e7\u00e3o nos \u00faltimos 12 meses.<\/span><\/p><p>Nosso compromisso \u00e9 com a total satisfa\u00e7\u00e3o do cliente. Garantimos experi\u00eancias de viagem \u00fanicas e memor\u00e1veis, cuidando de cada detalhe, desde a escolha dos melhores destinos e hot\u00e9is at\u00e9 a personaliza\u00e7\u00e3o de roteiros. Nossa equipe est\u00e1 dedicada a atender todas as suas necessidades com m\u00e1xima aten\u00e7\u00e3o e profissionalismo.<\/p>\t\t\t\t\t\t<\/div>\n\t\t\t\t<\/div>\n\t\t\t\t<div class=\"elementor-element elementor-element-7db4801 elementor-widget elementor-widget-html\" data-id=\"7db4801\" data-element_type=\"widget\" data-widget_type=\"html.default\">\n\t\t\t\t<div class=\"elementor-widget-container\">\n\t\t\t<script defer async src='https:\/\/cdn.trustindex.io\/loader.js?ce71034281b144908086b16f08f'><\/script>\t\t<\/div>\n\t\t\t\t<\/div>\n\t\t\t\t\t<\/div>\n\t\t\t\t<\/div>\n\t\t<div class=\"elementor-element elementor-element-a4faee5 e-flex e-con-boxed e-con e-parent\" data-id=\"a4faee5\" data-element_type=\"container\" data-settings=\"{&quot;content_width&quot;:&quot;boxed&quot;}\" data-core-v316-plus=\"true\">\n\t\t\t\t\t<div class=\"e-con-inner\">\n\t\t\t\t<div class=\"elementor-element elementor-element-7fa6720 elementor-widget elementor-widget-heading\" data-id=\"7fa6720\" data-element_type=\"widget\" data-widget_type=\"heading.default\">\n\t\t\t\t<div class=\"elementor-widget-container\">\n\t\t\t<h2 class=\"elementor-heading-title elementor-size-medium\">Posts que voc\u00ea tamb\u00e9m pode se interessar:<\/h2>\t\t<\/div>\n\t\t\t\t<\/div>\n\t\t\t\t<div class=\"elementor-element elementor-element-9e6b1e7 elementor-widget elementor-widget-text-editor\" data-id=\"9e6b1e7\" data-element_type=\"widget\" data-widget_type=\"text-editor.default\">\n\t\t\t\t<div class=\"elementor-widget-container\">\n\t\t\t\t\t\t\t<ul><li><a href=\"https:\/\/www.blumarturismo.com.br\/blog\/santo-amaro-a-joia-escondida-dos-lencois-maranhenses\/\">Santo Amaro: A Joia Escondida dos Len\u00e7\u00f3is Maranhenses<\/a><\/li><li><a href=\"https:\/\/www.blumarturismo.com.br\/blog\/lencois-maranhenses-ou-jalapao-qual-e-o-destino-ideal-para-voce\/\">Len\u00e7\u00f3is Maranhenses ou Jalap\u00e3o? Qual \u00e9 o Destino Ideal para Voc\u00ea?<\/a><\/li><li><a href=\"https:\/\/www.blumarturismo.com.br\/blog\/ate-quando-as-lagoas-estao-cheias-descubra-a-melhor-epoca-para-visitar-os-lencois-maranhenses-e-garantir-uma-experiencia-inesquecivel\/\">At\u00e9 quando as lagoas dos Len\u00e7\u00f3is Maranhenses est\u00e3o cheias? Descubra a melhor \u00e9poca para visitar e garantir uma experi\u00eancia inesquec\u00edvel!<\/a><\/li><li><a href=\"https:\/\/www.blumarturismo.com.br\/blog\/lencois-maranhenses-o-maior-territorio-de-dunas-da-america-do-sul\/\">Len\u00e7\u00f3is Maranhenses, o maior territ\u00f3rio de dunas da Am\u00e9rica do Sul.<\/a><\/li><li><a href=\"https:\/\/www.blumarturismo.com.br\/blog\/experiencias-de-viagem-exclusivas-viva-o-melhor-do-turismo-com-a-blumar\/\">Experi\u00eancias de Viagem Exclusivas. Viva o Melhor do Turismo com a Blumar<\/a><\/li><\/ul>\t\t\t\t\t\t<\/div>\n\t\t\t\t<\/div>\n\t\t\t\t\t<\/div>\n\t\t\t\t<\/div>\n\t\t<div class=\"elementor-element elementor-element-8f2448c e-flex e-con-boxed e-con e-parent\" data-id=\"8f2448c\" data-element_type=\"container\" data-settings=\"{&quot;content_width&quot;:&quot;boxed&quot;}\" data-core-v316-plus=\"true\">\n\t\t\t\t\t<div class=\"e-con-inner\">\n\t\t\t\t<div class=\"elementor-element elementor-element-f47e5ef elementor-widget elementor-widget-heading\" data-id=\"f47e5ef\" data-element_type=\"widget\" data-widget_type=\"heading.default\">\n\t\t\t\t<div class=\"elementor-widget-container\">\n\t\t\t<h2 class=\"elementor-heading-title elementor-size-large\">FAQ \u2013 Lagoa das Emendadas nos Len\u00e7\u00f3is Maranhenses: Guia Completo para Viajantes<\/h2>\t\t<\/div>\n\t\t\t\t<\/div>\n\t\t\t\t<div class=\"elementor-element elementor-element-34d1c09 elementor-widget elementor-widget-image\" data-id=\"34d1c09\" data-element_type=\"widget\" data-widget_type=\"image.default\">\n\t\t\t\t<div class=\"elementor-widget-container\">\n\t\t\t\t\t\t\t\t\t\t\t\t<figure class=\"wp-caption\">\n\t\t\t\t\t\t\t\t\t\t<img loading=\"lazy\" decoding=\"async\" width=\"1024\" height=\"478\" src=\"https:\/\/www.blumarturismo.com.br\/blog\/wp-content\/uploads\/2023\/07\/20230615_173134-01-1024x478.jpeg\" class=\"attachment-large size-large wp-image-58946\" alt=\"Foto: Irlen Menezes \/ Blumar Turismo\" srcset=\"https:\/\/www.blumarturismo.com.br\/blog\/wp-content\/uploads\/2023\/07\/20230615_173134-01-1024x478.jpeg 1024w, https:\/\/www.blumarturismo.com.br\/blog\/wp-content\/uploads\/2023\/07\/20230615_173134-01-300x140.jpeg 300w, https:\/\/www.blumarturismo.com.br\/blog\/wp-content\/uploads\/2023\/07\/20230615_173134-01-768x359.jpeg 768w, https:\/\/www.blumarturismo.com.br\/blog\/wp-content\/uploads\/2023\/07\/20230615_173134-01.jpeg 1461w\" sizes=\"auto, (max-width: 1024px) 100vw, 1024px\" \/>\t\t\t\t\t\t\t\t\t\t\t<figcaption class=\"widget-image-caption wp-caption-text\">Foto: Irlen Menezes \/ Blumar Turismo<\/figcaption>\n\t\t\t\t\t\t\t\t\t\t<\/figure>\n\t\t\t\t\t\t\t\t\t<\/div>\n\t\t\t\t<\/div>\n\t\t\t\t<div class=\"elementor-element elementor-element-35c61fe elementor-widget elementor-widget-toggle\" data-id=\"35c61fe\" data-element_type=\"widget\" data-widget_type=\"toggle.default\">\n\t\t\t\t<div class=\"elementor-widget-container\">\n\t\t\t<style>\/*! elementor - v3.16.0 - 13-09-2023 *\/\n.elementor-toggle{text-align:left}.elementor-toggle .elementor-tab-title{font-weight:700;line-height:1;margin:0;padding:15px;border-bottom:1px solid #d5d8dc;cursor:pointer;outline:none}.elementor-toggle .elementor-tab-title .elementor-toggle-icon{display:inline-block;width:1em}.elementor-toggle .elementor-tab-title .elementor-toggle-icon svg{margin-inline-start:-5px;width:1em;height:1em}.elementor-toggle .elementor-tab-title .elementor-toggle-icon.elementor-toggle-icon-right{float:right;text-align:right}.elementor-toggle .elementor-tab-title .elementor-toggle-icon.elementor-toggle-icon-left{float:left;text-align:left}.elementor-toggle .elementor-tab-title .elementor-toggle-icon .elementor-toggle-icon-closed{display:block}.elementor-toggle .elementor-tab-title .elementor-toggle-icon .elementor-toggle-icon-opened{display:none}.elementor-toggle .elementor-tab-title.elementor-active{border-bottom:none}.elementor-toggle .elementor-tab-title.elementor-active .elementor-toggle-icon-closed{display:none}.elementor-toggle .elementor-tab-title.elementor-active .elementor-toggle-icon-opened{display:block}.elementor-toggle .elementor-tab-content{padding:15px;border-bottom:1px solid #d5d8dc;display:none}@media (max-width:767px){.elementor-toggle .elementor-tab-title{padding:12px}.elementor-toggle .elementor-tab-content{padding:12px 10px}}.e-con-inner>.elementor-widget-toggle,.e-con>.elementor-widget-toggle{width:var(--container-widget-width);--flex-grow:var(--container-widget-flex-grow)}<\/style>\t\t<div class=\"elementor-toggle\">\n\t\t\t\t\t\t\t<div class=\"elementor-toggle-item\">\n\t\t\t\t\t<div id=\"elementor-tab-title-5631\" class=\"elementor-tab-title\" data-tab=\"1\" role=\"button\" aria-controls=\"elementor-tab-content-5631\" aria-expanded=\"false\">\n\t\t\t\t\t\t\t\t\t\t\t\t<span class=\"elementor-toggle-icon elementor-toggle-icon-left\" aria-hidden=\"true\">\n\t\t\t\t\t\t\t\t\t\t\t\t\t\t\t<span class=\"elementor-toggle-icon-closed\"><svg class=\"e-font-icon-svg e-fas-caret-right\" viewBox=\"0 0 192 512\" xmlns=\"http:\/\/www.w3.org\/2000\/svg\"><path d=\"M0 384.662V127.338c0-17.818 21.543-26.741 34.142-14.142l128.662 128.662c7.81 7.81 7.81 20.474 0 28.284L34.142 398.804C21.543 411.404 0 402.48 0 384.662z\"><\/path><\/svg><\/span>\n\t\t\t\t\t\t\t\t<span class=\"elementor-toggle-icon-opened\"><svg class=\"elementor-toggle-icon-opened e-font-icon-svg e-fas-caret-up\" viewBox=\"0 0 320 512\" xmlns=\"http:\/\/www.w3.org\/2000\/svg\"><path d=\"M288.662 352H31.338c-17.818 0-26.741-21.543-14.142-34.142l128.662-128.662c7.81-7.81 20.474-7.81 28.284 0l128.662 128.662c12.6 12.599 3.676 34.142-14.142 34.142z\"><\/path><\/svg><\/span>\n\t\t\t\t\t\t\t\t\t\t\t\t\t<\/span>\n\t\t\t\t\t\t\t\t\t\t\t\t<a class=\"elementor-toggle-title\" tabindex=\"0\">O que \u00e9 a Lagoa das Emendadas e por que ela \u00e9 t\u00e3o especial?<\/a>\n\t\t\t\t\t<\/div>\n\n\t\t\t\t\t<div id=\"elementor-tab-content-5631\" class=\"elementor-tab-content elementor-clearfix\" data-tab=\"1\" role=\"region\" aria-labelledby=\"elementor-tab-title-5631\"><p>A Lagoa das Emendadas \u00e9 uma das joias mais preservadas e exclusivas do Parque Nacional dos Len\u00e7\u00f3is Maranhenses. Localizada no cora\u00e7\u00e3o das dunas, ela \u00e9 conhecida por suas \u00e1guas cristalinas, ambiente intocado e atmosfera de profunda conex\u00e3o com a natureza.<br data-start=\"620\" data-end=\"623\" \/>A experi\u00eancia combina sil\u00eancio, beleza e sensa\u00e7\u00e3o de isolamento \u2014 elementos que tornam o local ideal para quem busca uma viv\u00eancia aut\u00eantica e transformadora.<\/p><\/div>\n\t\t\t\t<\/div>\n\t\t\t\t\t\t\t<div class=\"elementor-toggle-item\">\n\t\t\t\t\t<div id=\"elementor-tab-title-5632\" class=\"elementor-tab-title\" data-tab=\"2\" role=\"button\" aria-controls=\"elementor-tab-content-5632\" aria-expanded=\"false\">\n\t\t\t\t\t\t\t\t\t\t\t\t<span class=\"elementor-toggle-icon elementor-toggle-icon-left\" aria-hidden=\"true\">\n\t\t\t\t\t\t\t\t\t\t\t\t\t\t\t<span class=\"elementor-toggle-icon-closed\"><svg class=\"e-font-icon-svg e-fas-caret-right\" viewBox=\"0 0 192 512\" xmlns=\"http:\/\/www.w3.org\/2000\/svg\"><path d=\"M0 384.662V127.338c0-17.818 21.543-26.741 34.142-14.142l128.662 128.662c7.81 7.81 7.81 20.474 0 28.284L34.142 398.804C21.543 411.404 0 402.48 0 384.662z\"><\/path><\/svg><\/span>\n\t\t\t\t\t\t\t\t<span class=\"elementor-toggle-icon-opened\"><svg class=\"elementor-toggle-icon-opened e-font-icon-svg e-fas-caret-up\" viewBox=\"0 0 320 512\" xmlns=\"http:\/\/www.w3.org\/2000\/svg\"><path d=\"M288.662 352H31.338c-17.818 0-26.741-21.543-14.142-34.142l128.662-128.662c7.81-7.81 20.474-7.81 28.284 0l128.662 128.662c12.6 12.599 3.676 34.142-14.142 34.142z\"><\/path><\/svg><\/span>\n\t\t\t\t\t\t\t\t\t\t\t\t\t<\/span>\n\t\t\t\t\t\t\t\t\t\t\t\t<a class=\"elementor-toggle-title\" tabindex=\"0\">Onde fica a Lagoa das Emendadas dentro dos Len\u00e7\u00f3is Maranhenses?<\/a>\n\t\t\t\t\t<\/div>\n\n\t\t\t\t\t<div id=\"elementor-tab-content-5632\" class=\"elementor-tab-content elementor-clearfix\" data-tab=\"2\" role=\"region\" aria-labelledby=\"elementor-tab-title-5632\"><p data-start=\"861\" data-end=\"1085\">A lagoa est\u00e1 localizada em uma regi\u00e3o de acesso restrito no centro do Parque Nacional. Por estar em uma \u00e1rea sem circula\u00e7\u00e3o de ve\u00edculos, apenas trilhas a p\u00e9 levam at\u00e9 l\u00e1, o que contribui para sua preserva\u00e7\u00e3o e exclusividade.<\/p><\/div>\n\t\t\t\t<\/div>\n\t\t\t\t\t\t\t<div class=\"elementor-toggle-item\">\n\t\t\t\t\t<div id=\"elementor-tab-title-5633\" class=\"elementor-tab-title\" data-tab=\"3\" role=\"button\" aria-controls=\"elementor-tab-content-5633\" aria-expanded=\"false\">\n\t\t\t\t\t\t\t\t\t\t\t\t<span class=\"elementor-toggle-icon elementor-toggle-icon-left\" aria-hidden=\"true\">\n\t\t\t\t\t\t\t\t\t\t\t\t\t\t\t<span class=\"elementor-toggle-icon-closed\"><svg class=\"e-font-icon-svg e-fas-caret-right\" viewBox=\"0 0 192 512\" xmlns=\"http:\/\/www.w3.org\/2000\/svg\"><path d=\"M0 384.662V127.338c0-17.818 21.543-26.741 34.142-14.142l128.662 128.662c7.81 7.81 7.81 20.474 0 28.284L34.142 398.804C21.543 411.404 0 402.48 0 384.662z\"><\/path><\/svg><\/span>\n\t\t\t\t\t\t\t\t<span class=\"elementor-toggle-icon-opened\"><svg class=\"elementor-toggle-icon-opened e-font-icon-svg e-fas-caret-up\" viewBox=\"0 0 320 512\" xmlns=\"http:\/\/www.w3.org\/2000\/svg\"><path d=\"M288.662 352H31.338c-17.818 0-26.741-21.543-14.142-34.142l128.662-128.662c7.81-7.81 20.474-7.81 28.284 0l128.662 128.662c12.6 12.599 3.676 34.142-14.142 34.142z\"><\/path><\/svg><\/span>\n\t\t\t\t\t\t\t\t\t\t\t\t\t<\/span>\n\t\t\t\t\t\t\t\t\t\t\t\t<a class=\"elementor-toggle-title\" tabindex=\"0\">Como \u00e9 o passeio at\u00e9 a Lagoa das Emendadas?<\/a>\n\t\t\t\t\t<\/div>\n\n\t\t\t\t\t<div id=\"elementor-tab-content-5633\" class=\"elementor-tab-content elementor-clearfix\" data-tab=\"3\" role=\"region\" aria-labelledby=\"elementor-tab-title-5633\"><p data-start=\"1146\" data-end=\"1294\">O passeio consiste em uma caminhada de 4 a 5 horas pelas dunas e lagoas.<br data-start=\"1218\" data-end=\"1221\" \/>Durante o trajeto, o visitante vivencia uma imers\u00e3o sensorial completa:<\/p><ul data-start=\"1295\" data-end=\"1461\"><li data-start=\"1295\" data-end=\"1329\"><p data-start=\"1297\" data-end=\"1329\">o som caracter\u00edstico do vento,<\/p><\/li><li data-start=\"1330\" data-end=\"1358\"><p data-start=\"1332\" data-end=\"1358\">a textura fina da areia,<\/p><\/li><li data-start=\"1359\" data-end=\"1391\"><p data-start=\"1361\" data-end=\"1391\">o reflexo do sol nas lagoas,<\/p><\/li><li data-start=\"1392\" data-end=\"1461\"><p data-start=\"1394\" data-end=\"1461\">e a vastid\u00e3o das dunas criando um cen\u00e1rio que parece pintado \u00e0 m\u00e3o.<\/p><\/li><\/ul><p data-start=\"1463\" data-end=\"1562\">\u00c9 uma trilha considerada moderada, ideal para quem deseja se conectar profundamente com a natureza.<\/p><\/div>\n\t\t\t\t<\/div>\n\t\t\t\t\t\t\t<div class=\"elementor-toggle-item\">\n\t\t\t\t\t<div id=\"elementor-tab-title-5634\" class=\"elementor-tab-title\" data-tab=\"4\" role=\"button\" aria-controls=\"elementor-tab-content-5634\" aria-expanded=\"false\">\n\t\t\t\t\t\t\t\t\t\t\t\t<span class=\"elementor-toggle-icon elementor-toggle-icon-left\" aria-hidden=\"true\">\n\t\t\t\t\t\t\t\t\t\t\t\t\t\t\t<span class=\"elementor-toggle-icon-closed\"><svg class=\"e-font-icon-svg e-fas-caret-right\" viewBox=\"0 0 192 512\" xmlns=\"http:\/\/www.w3.org\/2000\/svg\"><path d=\"M0 384.662V127.338c0-17.818 21.543-26.741 34.142-14.142l128.662 128.662c7.81 7.81 7.81 20.474 0 28.284L34.142 398.804C21.543 411.404 0 402.48 0 384.662z\"><\/path><\/svg><\/span>\n\t\t\t\t\t\t\t\t<span class=\"elementor-toggle-icon-opened\"><svg class=\"elementor-toggle-icon-opened e-font-icon-svg e-fas-caret-up\" viewBox=\"0 0 320 512\" xmlns=\"http:\/\/www.w3.org\/2000\/svg\"><path d=\"M288.662 352H31.338c-17.818 0-26.741-21.543-14.142-34.142l128.662-128.662c7.81-7.81 20.474-7.81 28.284 0l128.662 128.662c12.6 12.599 3.676 34.142-14.142 34.142z\"><\/path><\/svg><\/span>\n\t\t\t\t\t\t\t\t\t\t\t\t\t<\/span>\n\t\t\t\t\t\t\t\t\t\t\t\t<a class=\"elementor-toggle-title\" tabindex=\"0\">\u00c9 necess\u00e1rio ter preparo f\u00edsico para fazer o passeio?<\/a>\n\t\t\t\t\t<\/div>\n\n\t\t\t\t\t<div id=\"elementor-tab-content-5634\" class=\"elementor-tab-content elementor-clearfix\" data-tab=\"4\" role=\"region\" aria-labelledby=\"elementor-tab-title-5634\"><p data-start=\"1633\" data-end=\"1820\">Embora n\u00e3o seja uma trilha t\u00e9cnica, \u00e9 importante ter bom condicionamento f\u00edsico para caminhar por horas sob o sol e sobre dunas. O ritmo, por\u00e9m, costuma ser tranquilo e adaptado ao grupo.<\/p><\/div>\n\t\t\t\t<\/div>\n\t\t\t\t\t\t\t<div class=\"elementor-toggle-item\">\n\t\t\t\t\t<div id=\"elementor-tab-title-5635\" class=\"elementor-tab-title\" data-tab=\"5\" role=\"button\" aria-controls=\"elementor-tab-content-5635\" aria-expanded=\"false\">\n\t\t\t\t\t\t\t\t\t\t\t\t<span class=\"elementor-toggle-icon elementor-toggle-icon-left\" aria-hidden=\"true\">\n\t\t\t\t\t\t\t\t\t\t\t\t\t\t\t<span class=\"elementor-toggle-icon-closed\"><svg class=\"e-font-icon-svg e-fas-caret-right\" viewBox=\"0 0 192 512\" xmlns=\"http:\/\/www.w3.org\/2000\/svg\"><path d=\"M0 384.662V127.338c0-17.818 21.543-26.741 34.142-14.142l128.662 128.662c7.81 7.81 7.81 20.474 0 28.284L34.142 398.804C21.543 411.404 0 402.48 0 384.662z\"><\/path><\/svg><\/span>\n\t\t\t\t\t\t\t\t<span class=\"elementor-toggle-icon-opened\"><svg class=\"elementor-toggle-icon-opened e-font-icon-svg e-fas-caret-up\" viewBox=\"0 0 320 512\" xmlns=\"http:\/\/www.w3.org\/2000\/svg\"><path d=\"M288.662 352H31.338c-17.818 0-26.741-21.543-14.142-34.142l128.662-128.662c7.81-7.81 20.474-7.81 28.284 0l128.662 128.662c12.6 12.599 3.676 34.142-14.142 34.142z\"><\/path><\/svg><\/span>\n\t\t\t\t\t\t\t\t\t\t\t\t\t<\/span>\n\t\t\t\t\t\t\t\t\t\t\t\t<a class=\"elementor-toggle-title\" tabindex=\"0\">Por que a Lagoa das Emendadas \u00e9 considerada uma \u00e1rea t\u00e3o preservada?<\/a>\n\t\t\t\t\t<\/div>\n\n\t\t\t\t\t<div id=\"elementor-tab-content-5635\" class=\"elementor-tab-content elementor-clearfix\" data-tab=\"5\" role=\"region\" aria-labelledby=\"elementor-tab-title-5635\"><p data-start=\"1906\" data-end=\"2185\">A regi\u00e3o n\u00e3o permite o acesso de ve\u00edculos, mantendo o ecossistema protegido.<br data-start=\"1982\" data-end=\"1985\" \/>Isso preserva a fauna local \u2014 incluindo aves em \u00e9poca de reprodu\u00e7\u00e3o \u2014 e possibilita avistar, com sorte, o nascimento das pequenas tartarugas \u201cpininga\u201d, um dos s\u00edmbolos de vida dos Len\u00e7\u00f3is Maranhenses.<\/p><\/div>\n\t\t\t\t<\/div>\n\t\t\t\t\t\t\t<div class=\"elementor-toggle-item\">\n\t\t\t\t\t<div id=\"elementor-tab-title-5636\" class=\"elementor-tab-title\" data-tab=\"6\" role=\"button\" aria-controls=\"elementor-tab-content-5636\" aria-expanded=\"false\">\n\t\t\t\t\t\t\t\t\t\t\t\t<span class=\"elementor-toggle-icon elementor-toggle-icon-left\" aria-hidden=\"true\">\n\t\t\t\t\t\t\t\t\t\t\t\t\t\t\t<span class=\"elementor-toggle-icon-closed\"><svg class=\"e-font-icon-svg e-fas-caret-right\" viewBox=\"0 0 192 512\" xmlns=\"http:\/\/www.w3.org\/2000\/svg\"><path d=\"M0 384.662V127.338c0-17.818 21.543-26.741 34.142-14.142l128.662 128.662c7.81 7.81 7.81 20.474 0 28.284L34.142 398.804C21.543 411.404 0 402.48 0 384.662z\"><\/path><\/svg><\/span>\n\t\t\t\t\t\t\t\t<span class=\"elementor-toggle-icon-opened\"><svg class=\"elementor-toggle-icon-opened e-font-icon-svg e-fas-caret-up\" viewBox=\"0 0 320 512\" xmlns=\"http:\/\/www.w3.org\/2000\/svg\"><path d=\"M288.662 352H31.338c-17.818 0-26.741-21.543-14.142-34.142l128.662-128.662c7.81-7.81 20.474-7.81 28.284 0l128.662 128.662c12.6 12.599 3.676 34.142-14.142 34.142z\"><\/path><\/svg><\/span>\n\t\t\t\t\t\t\t\t\t\t\t\t\t<\/span>\n\t\t\t\t\t\t\t\t\t\t\t\t<a class=\"elementor-toggle-title\" tabindex=\"0\">\u00c9 poss\u00edvel observar o p\u00f4r do sol durante o passeio?<\/a>\n\t\t\t\t\t<\/div>\n\n\t\t\t\t\t<div id=\"elementor-tab-content-5636\" class=\"elementor-tab-content elementor-clearfix\" data-tab=\"6\" role=\"region\" aria-labelledby=\"elementor-tab-title-5636\"><p>Sim. O entardecer \u00e9 um dos grandes destaques da experi\u00eancia.<br data-start=\"2314\" data-end=\"2317\" \/>A luz dourada refletida nas dunas e lagoas transforma o cen\u00e1rio em um espet\u00e1culo natural de rara beleza.<\/p><\/div>\n\t\t\t\t<\/div>\n\t\t\t\t\t\t\t<div class=\"elementor-toggle-item\">\n\t\t\t\t\t<div id=\"elementor-tab-title-5637\" class=\"elementor-tab-title\" data-tab=\"7\" role=\"button\" aria-controls=\"elementor-tab-content-5637\" aria-expanded=\"false\">\n\t\t\t\t\t\t\t\t\t\t\t\t<span class=\"elementor-toggle-icon elementor-toggle-icon-left\" aria-hidden=\"true\">\n\t\t\t\t\t\t\t\t\t\t\t\t\t\t\t<span class=\"elementor-toggle-icon-closed\"><svg class=\"e-font-icon-svg e-fas-caret-right\" viewBox=\"0 0 192 512\" xmlns=\"http:\/\/www.w3.org\/2000\/svg\"><path d=\"M0 384.662V127.338c0-17.818 21.543-26.741 34.142-14.142l128.662 128.662c7.81 7.81 7.81 20.474 0 28.284L34.142 398.804C21.543 411.404 0 402.48 0 384.662z\"><\/path><\/svg><\/span>\n\t\t\t\t\t\t\t\t<span class=\"elementor-toggle-icon-opened\"><svg class=\"elementor-toggle-icon-opened e-font-icon-svg e-fas-caret-up\" viewBox=\"0 0 320 512\" xmlns=\"http:\/\/www.w3.org\/2000\/svg\"><path d=\"M288.662 352H31.338c-17.818 0-26.741-21.543-14.142-34.142l128.662-128.662c7.81-7.81 20.474-7.81 28.284 0l128.662 128.662c12.6 12.599 3.676 34.142-14.142 34.142z\"><\/path><\/svg><\/span>\n\t\t\t\t\t\t\t\t\t\t\t\t\t<\/span>\n\t\t\t\t\t\t\t\t\t\t\t\t<a class=\"elementor-toggle-title\" tabindex=\"0\">A Lagoa das Emendadas \u00e9 um bom destino para observar o c\u00e9u noturno?<\/a>\n\t\t\t\t\t<\/div>\n\n\t\t\t\t\t<div id=\"elementor-tab-content-5637\" class=\"elementor-tab-content elementor-clearfix\" data-tab=\"7\" role=\"region\" aria-labelledby=\"elementor-tab-title-5637\"><p>Sem d\u00favidas.<br data-start=\"2518\" data-end=\"2521\" \/>Por estar longe de qualquer fonte de luz artificial, o local \u00e9 considerado um dos melhores pontos do Brasil para observar a Via-L\u00e1ctea.<br data-start=\"2656\" data-end=\"2659\" \/>O c\u00e9u se revela com total nitidez, proporcionando um show de estrelas ideal para amantes de astrofotografia.<\/p><\/div>\n\t\t\t\t<\/div>\n\t\t\t\t\t\t\t<div class=\"elementor-toggle-item\">\n\t\t\t\t\t<div id=\"elementor-tab-title-5638\" class=\"elementor-tab-title\" data-tab=\"8\" role=\"button\" aria-controls=\"elementor-tab-content-5638\" aria-expanded=\"false\">\n\t\t\t\t\t\t\t\t\t\t\t\t<span class=\"elementor-toggle-icon elementor-toggle-icon-left\" aria-hidden=\"true\">\n\t\t\t\t\t\t\t\t\t\t\t\t\t\t\t<span class=\"elementor-toggle-icon-closed\"><svg class=\"e-font-icon-svg e-fas-caret-right\" viewBox=\"0 0 192 512\" xmlns=\"http:\/\/www.w3.org\/2000\/svg\"><path d=\"M0 384.662V127.338c0-17.818 21.543-26.741 34.142-14.142l128.662 128.662c7.81 7.81 7.81 20.474 0 28.284L34.142 398.804C21.543 411.404 0 402.48 0 384.662z\"><\/path><\/svg><\/span>\n\t\t\t\t\t\t\t\t<span class=\"elementor-toggle-icon-opened\"><svg class=\"elementor-toggle-icon-opened e-font-icon-svg e-fas-caret-up\" viewBox=\"0 0 320 512\" xmlns=\"http:\/\/www.w3.org\/2000\/svg\"><path d=\"M288.662 352H31.338c-17.818 0-26.741-21.543-14.142-34.142l128.662-128.662c7.81-7.81 20.474-7.81 28.284 0l128.662 128.662c12.6 12.599 3.676 34.142-14.142 34.142z\"><\/path><\/svg><\/span>\n\t\t\t\t\t\t\t\t\t\t\t\t\t<\/span>\n\t\t\t\t\t\t\t\t\t\t\t\t<a class=\"elementor-toggle-title\" tabindex=\"0\">O que levar para o passeio \u00e0 Lagoa das Emendadas?<\/a>\n\t\t\t\t\t<\/div>\n\n\t\t\t\t\t<div id=\"elementor-tab-content-5638\" class=\"elementor-tab-content elementor-clearfix\" data-tab=\"8\" role=\"region\" aria-labelledby=\"elementor-tab-title-5638\"><p data-start=\"2834\" data-end=\"2905\">Para aproveitar o passeio com seguran\u00e7a e conforto, recomenda-se levar:<\/p><ul data-start=\"2906\" data-end=\"3132\"><li data-start=\"2906\" data-end=\"2924\"><p data-start=\"2908\" data-end=\"2924\">Protetor solar<\/p><\/li><li data-start=\"2925\" data-end=\"2961\"><p data-start=\"2927\" data-end=\"2961\">Roupas leves e de secagem r\u00e1pida<\/p><\/li><li data-start=\"2962\" data-end=\"2988\"><p data-start=\"2964\" data-end=\"2988\">Roupas com prote\u00e7\u00e3o UV<\/p><\/li><li data-start=\"2989\" data-end=\"3007\"><p data-start=\"2991\" data-end=\"3007\">Chap\u00e9u ou bon\u00e9<\/p><\/li><li data-start=\"3008\" data-end=\"3025\"><p data-start=\"3010\" data-end=\"3025\">\u00d3culos de sol<\/p><\/li><li data-start=\"3026\" data-end=\"3132\"><p data-start=\"3028\" data-end=\"3132\">\u00c1gua e lanches leves<br data-start=\"3048\" data-end=\"3051\" \/>Essa prepara\u00e7\u00e3o \u00e9 essencial devido ao sol intenso e \u00e0s caracter\u00edsticas da trilha.<\/p><\/li><\/ul><\/div>\n\t\t\t\t<\/div>\n\t\t\t\t\t\t\t<div class=\"elementor-toggle-item\">\n\t\t\t\t\t<div id=\"elementor-tab-title-5639\" class=\"elementor-tab-title\" data-tab=\"9\" role=\"button\" aria-controls=\"elementor-tab-content-5639\" aria-expanded=\"false\">\n\t\t\t\t\t\t\t\t\t\t\t\t<span class=\"elementor-toggle-icon elementor-toggle-icon-left\" aria-hidden=\"true\">\n\t\t\t\t\t\t\t\t\t\t\t\t\t\t\t<span class=\"elementor-toggle-icon-closed\"><svg class=\"e-font-icon-svg e-fas-caret-right\" viewBox=\"0 0 192 512\" xmlns=\"http:\/\/www.w3.org\/2000\/svg\"><path d=\"M0 384.662V127.338c0-17.818 21.543-26.741 34.142-14.142l128.662 128.662c7.81 7.81 7.81 20.474 0 28.284L34.142 398.804C21.543 411.404 0 402.48 0 384.662z\"><\/path><\/svg><\/span>\n\t\t\t\t\t\t\t\t<span class=\"elementor-toggle-icon-opened\"><svg class=\"elementor-toggle-icon-opened e-font-icon-svg e-fas-caret-up\" viewBox=\"0 0 320 512\" xmlns=\"http:\/\/www.w3.org\/2000\/svg\"><path d=\"M288.662 352H31.338c-17.818 0-26.741-21.543-14.142-34.142l128.662-128.662c7.81-7.81 20.474-7.81 28.284 0l128.662 128.662c12.6 12.599 3.676 34.142-14.142 34.142z\"><\/path><\/svg><\/span>\n\t\t\t\t\t\t\t\t\t\t\t\t\t<\/span>\n\t\t\t\t\t\t\t\t\t\t\t\t<a class=\"elementor-toggle-title\" tabindex=\"0\">Qual \u00e9 o melhor per\u00edodo para visitar a Lagoa das Emendadas?<\/a>\n\t\t\t\t\t<\/div>\n\n\t\t\t\t\t<div id=\"elementor-tab-content-5639\" class=\"elementor-tab-content elementor-clearfix\" data-tab=\"9\" role=\"region\" aria-labelledby=\"elementor-tab-title-5639\"><p data-start=\"3209\" data-end=\"3358\">A visita \u00e9 recomendada durante a temporada das lagoas cheias, entre junho e setembro, quando as chuvas j\u00e1 passaram e as lagoas atingem sua plenitude.<\/p><\/div>\n\t\t\t\t<\/div>\n\t\t\t\t\t\t\t<div class=\"elementor-toggle-item\">\n\t\t\t\t\t<div id=\"elementor-tab-title-56310\" class=\"elementor-tab-title\" data-tab=\"10\" role=\"button\" aria-controls=\"elementor-tab-content-56310\" aria-expanded=\"false\">\n\t\t\t\t\t\t\t\t\t\t\t\t<span class=\"elementor-toggle-icon elementor-toggle-icon-left\" aria-hidden=\"true\">\n\t\t\t\t\t\t\t\t\t\t\t\t\t\t\t<span class=\"elementor-toggle-icon-closed\"><svg class=\"e-font-icon-svg e-fas-caret-right\" viewBox=\"0 0 192 512\" xmlns=\"http:\/\/www.w3.org\/2000\/svg\"><path d=\"M0 384.662V127.338c0-17.818 21.543-26.741 34.142-14.142l128.662 128.662c7.81 7.81 7.81 20.474 0 28.284L34.142 398.804C21.543 411.404 0 402.48 0 384.662z\"><\/path><\/svg><\/span>\n\t\t\t\t\t\t\t\t<span class=\"elementor-toggle-icon-opened\"><svg class=\"elementor-toggle-icon-opened e-font-icon-svg e-fas-caret-up\" viewBox=\"0 0 320 512\" xmlns=\"http:\/\/www.w3.org\/2000\/svg\"><path d=\"M288.662 352H31.338c-17.818 0-26.741-21.543-14.142-34.142l128.662-128.662c7.81-7.81 20.474-7.81 28.284 0l128.662 128.662c12.6 12.599 3.676 34.142-14.142 34.142z\"><\/path><\/svg><\/span>\n\t\t\t\t\t\t\t\t\t\t\t\t\t<\/span>\n\t\t\t\t\t\t\t\t\t\t\t\t<a class=\"elementor-toggle-title\" tabindex=\"0\">A Lagoa das Emendadas \u00e9 adequada para todos os tipos de viajantes?<\/a>\n\t\t\t\t\t<\/div>\n\n\t\t\t\t\t<div id=\"elementor-tab-content-56310\" class=\"elementor-tab-content elementor-clearfix\" data-tab=\"10\" role=\"region\" aria-labelledby=\"elementor-tab-title-56310\"><p data-start=\"3443\" data-end=\"3480\">O passeio \u00e9 ideal para viajantes que:<\/p><ul data-start=\"3481\" data-end=\"3745\"><li data-start=\"3481\" data-end=\"3512\"><p data-start=\"3483\" data-end=\"3512\">apreciam natureza selvagem,<\/p><\/li><li data-start=\"3513\" data-end=\"3538\"><p data-start=\"3515\" data-end=\"3538\">gostam de caminhadas,<\/p><\/li><li data-start=\"3539\" data-end=\"3574\"><p data-start=\"3541\" data-end=\"3574\">buscam experi\u00eancias exclusivas,<\/p><\/li><li data-start=\"3575\" data-end=\"3745\"><p data-start=\"3577\" data-end=\"3745\">querem fugir de roteiros convencionais.<br data-start=\"3616\" data-end=\"3619\" \/>Fam\u00edlias com crian\u00e7as pequenas ou pessoas com mobilidade reduzida podem ter mais dificuldade devido ao esfor\u00e7o f\u00edsico exigido.<\/p><\/li><\/ul><\/div>\n\t\t\t\t<\/div>\n\t\t\t\t\t\t\t<div class=\"elementor-toggle-item\">\n\t\t\t\t\t<div id=\"elementor-tab-title-56311\" class=\"elementor-tab-title\" data-tab=\"11\" role=\"button\" aria-controls=\"elementor-tab-content-56311\" aria-expanded=\"false\">\n\t\t\t\t\t\t\t\t\t\t\t\t<span class=\"elementor-toggle-icon elementor-toggle-icon-left\" aria-hidden=\"true\">\n\t\t\t\t\t\t\t\t\t\t\t\t\t\t\t<span class=\"elementor-toggle-icon-closed\"><svg class=\"e-font-icon-svg e-fas-caret-right\" viewBox=\"0 0 192 512\" xmlns=\"http:\/\/www.w3.org\/2000\/svg\"><path d=\"M0 384.662V127.338c0-17.818 21.543-26.741 34.142-14.142l128.662 128.662c7.81 7.81 7.81 20.474 0 28.284L34.142 398.804C21.543 411.404 0 402.48 0 384.662z\"><\/path><\/svg><\/span>\n\t\t\t\t\t\t\t\t<span class=\"elementor-toggle-icon-opened\"><svg class=\"elementor-toggle-icon-opened e-font-icon-svg e-fas-caret-up\" viewBox=\"0 0 320 512\" xmlns=\"http:\/\/www.w3.org\/2000\/svg\"><path d=\"M288.662 352H31.338c-17.818 0-26.741-21.543-14.142-34.142l128.662-128.662c7.81-7.81 20.474-7.81 28.284 0l128.662 128.662c12.6 12.599 3.676 34.142-14.142 34.142z\"><\/path><\/svg><\/span>\n\t\t\t\t\t\t\t\t\t\t\t\t\t<\/span>\n\t\t\t\t\t\t\t\t\t\t\t\t<a class=\"elementor-toggle-title\" tabindex=\"0\">Por que escolher a Blumar Turismo para esse passeio?<\/a>\n\t\t\t\t\t<\/div>\n\n\t\t\t\t\t<div id=\"elementor-tab-content-56311\" class=\"elementor-tab-content elementor-clearfix\" data-tab=\"11\" role=\"region\" aria-labelledby=\"elementor-tab-title-56311\"><p data-start=\"3816\" data-end=\"3945\">A Blumar Turismo possui mais de 40 anos de experi\u00eancia e \u00e9 refer\u00eancia em roteiros pelos Len\u00e7\u00f3is Maranhenses.<br data-start=\"3924\" data-end=\"3927\" \/>A empresa oferece:<\/p><ul data-start=\"3946\" data-end=\"4094\"><li data-start=\"3946\" data-end=\"3972\"><p data-start=\"3948\" data-end=\"3972\">seguran\u00e7a e expertise,<\/p><\/li><li data-start=\"3973\" data-end=\"3998\"><p data-start=\"3975\" data-end=\"3998\">guias especializados,<\/p><\/li><li data-start=\"3999\" data-end=\"4027\"><p data-start=\"4001\" data-end=\"4027\">roteiros personalizados,<\/p><\/li><li data-start=\"4028\" data-end=\"4094\"><p data-start=\"4030\" data-end=\"4094\">\u00edndice zero de reclama\u00e7\u00f5es nos \u00faltimos 12 meses no Reclame Aqui.<\/p><\/li><\/ul><p data-start=\"4096\" data-end=\"4194\">Viajar com a Blumar significa vivenciar uma experi\u00eancia transformadora e cuidadosamente planejada.<\/p><\/div>\n\t\t\t\t<\/div>\n\t\t\t\t\t\t\t<div class=\"elementor-toggle-item\">\n\t\t\t\t\t<div id=\"elementor-tab-title-56312\" class=\"elementor-tab-title\" data-tab=\"12\" role=\"button\" aria-controls=\"elementor-tab-content-56312\" aria-expanded=\"false\">\n\t\t\t\t\t\t\t\t\t\t\t\t<span class=\"elementor-toggle-icon elementor-toggle-icon-left\" aria-hidden=\"true\">\n\t\t\t\t\t\t\t\t\t\t\t\t\t\t\t<span class=\"elementor-toggle-icon-closed\"><svg class=\"e-font-icon-svg e-fas-caret-right\" viewBox=\"0 0 192 512\" xmlns=\"http:\/\/www.w3.org\/2000\/svg\"><path d=\"M0 384.662V127.338c0-17.818 21.543-26.741 34.142-14.142l128.662 128.662c7.81 7.81 7.81 20.474 0 28.284L34.142 398.804C21.543 411.404 0 402.48 0 384.662z\"><\/path><\/svg><\/span>\n\t\t\t\t\t\t\t\t<span class=\"elementor-toggle-icon-opened\"><svg class=\"elementor-toggle-icon-opened e-font-icon-svg e-fas-caret-up\" viewBox=\"0 0 320 512\" xmlns=\"http:\/\/www.w3.org\/2000\/svg\"><path d=\"M288.662 352H31.338c-17.818 0-26.741-21.543-14.142-34.142l128.662-128.662c7.81-7.81 20.474-7.81 28.284 0l128.662 128.662c12.6 12.599 3.676 34.142-14.142 34.142z\"><\/path><\/svg><\/span>\n\t\t\t\t\t\t\t\t\t\t\t\t\t<\/span>\n\t\t\t\t\t\t\t\t\t\t\t\t<a class=\"elementor-toggle-title\" tabindex=\"0\">O que torna a experi\u00eancia com a Blumar diferente de outras ag\u00eancias?<\/a>\n\t\t\t\t\t<\/div>\n\n\t\t\t\t\t<div id=\"elementor-tab-content-56312\" class=\"elementor-tab-content elementor-clearfix\" data-tab=\"12\" role=\"region\" aria-labelledby=\"elementor-tab-title-56312\"><p>A Blumar n\u00e3o oferece apenas viagens, mas <strong data-start=\"4322\" data-end=\"4353\">experi\u00eancias significativas<\/strong>.<br data-start=\"4354\" data-end=\"4357\" \/>Segundo a empresa, a miss\u00e3o \u00e9 criar momentos que mudam a forma como os viajantes enxergam o mundo \u2014 e isso se reflete na qualidade do atendimento, na escolha dos roteiros e no cuidado com cada detalhe da jornada.<\/p><\/div>\n\t\t\t\t<\/div>\n\t\t\t\t\t\t\t<div class=\"elementor-toggle-item\">\n\t\t\t\t\t<div id=\"elementor-tab-title-56313\" class=\"elementor-tab-title\" data-tab=\"13\" role=\"button\" aria-controls=\"elementor-tab-content-56313\" aria-expanded=\"false\">\n\t\t\t\t\t\t\t\t\t\t\t\t<span class=\"elementor-toggle-icon elementor-toggle-icon-left\" aria-hidden=\"true\">\n\t\t\t\t\t\t\t\t\t\t\t\t\t\t\t<span class=\"elementor-toggle-icon-closed\"><svg class=\"e-font-icon-svg e-fas-caret-right\" viewBox=\"0 0 192 512\" xmlns=\"http:\/\/www.w3.org\/2000\/svg\"><path d=\"M0 384.662V127.338c0-17.818 21.543-26.741 34.142-14.142l128.662 128.662c7.81 7.81 7.81 20.474 0 28.284L34.142 398.804C21.543 411.404 0 402.48 0 384.662z\"><\/path><\/svg><\/span>\n\t\t\t\t\t\t\t\t<span class=\"elementor-toggle-icon-opened\"><svg class=\"elementor-toggle-icon-opened e-font-icon-svg e-fas-caret-up\" viewBox=\"0 0 320 512\" xmlns=\"http:\/\/www.w3.org\/2000\/svg\"><path d=\"M288.662 352H31.338c-17.818 0-26.741-21.543-14.142-34.142l128.662-128.662c7.81-7.81 20.474-7.81 28.284 0l128.662 128.662c12.6 12.599 3.676 34.142-14.142 34.142z\"><\/path><\/svg><\/span>\n\t\t\t\t\t\t\t\t\t\t\t\t\t<\/span>\n\t\t\t\t\t\t\t\t\t\t\t\t<a class=\"elementor-toggle-title\" tabindex=\"0\">A Lagoa das Emendadas \u00e9 indicada para quem pratica astrofotografia?<\/a>\n\t\t\t\t\t<\/div>\n\n\t\t\t\t\t<div id=\"elementor-tab-content-56313\" class=\"elementor-tab-content elementor-clearfix\" data-tab=\"13\" role=\"region\" aria-labelledby=\"elementor-tab-title-56313\"><p>Sim, \u00e9 um dos melhores lugares do pa\u00eds para registros da Via-L\u00e1ctea.<br data-start=\"4723\" data-end=\"4726\" \/>O c\u00e9u escuro, a aus\u00eancia de luz urbana e o cen\u00e1rio das dunas criam condi\u00e7\u00f5es perfeitas para fotos incr\u00edveis.<\/p><\/div>\n\t\t\t\t<\/div>\n\t\t\t\t\t\t\t<div class=\"elementor-toggle-item\">\n\t\t\t\t\t<div id=\"elementor-tab-title-56314\" class=\"elementor-tab-title\" data-tab=\"14\" role=\"button\" aria-controls=\"elementor-tab-content-56314\" aria-expanded=\"false\">\n\t\t\t\t\t\t\t\t\t\t\t\t<span class=\"elementor-toggle-icon elementor-toggle-icon-left\" aria-hidden=\"true\">\n\t\t\t\t\t\t\t\t\t\t\t\t\t\t\t<span class=\"elementor-toggle-icon-closed\"><svg class=\"e-font-icon-svg e-fas-caret-right\" viewBox=\"0 0 192 512\" xmlns=\"http:\/\/www.w3.org\/2000\/svg\"><path d=\"M0 384.662V127.338c0-17.818 21.543-26.741 34.142-14.142l128.662 128.662c7.81 7.81 7.81 20.474 0 28.284L34.142 398.804C21.543 411.404 0 402.48 0 384.662z\"><\/path><\/svg><\/span>\n\t\t\t\t\t\t\t\t<span class=\"elementor-toggle-icon-opened\"><svg class=\"elementor-toggle-icon-opened e-font-icon-svg e-fas-caret-up\" viewBox=\"0 0 320 512\" xmlns=\"http:\/\/www.w3.org\/2000\/svg\"><path d=\"M288.662 352H31.338c-17.818 0-26.741-21.543-14.142-34.142l128.662-128.662c7.81-7.81 20.474-7.81 28.284 0l128.662 128.662c12.6 12.599 3.676 34.142-14.142 34.142z\"><\/path><\/svg><\/span>\n\t\t\t\t\t\t\t\t\t\t\t\t\t<\/span>\n\t\t\t\t\t\t\t\t\t\t\t\t<a class=\"elementor-toggle-title\" tabindex=\"0\">Como reservar o passeio para a Lagoa das Emendadas?<\/a>\n\t\t\t\t\t<\/div>\n\n\t\t\t\t\t<div id=\"elementor-tab-content-56314\" class=\"elementor-tab-content elementor-clearfix\" data-tab=\"14\" role=\"region\" aria-labelledby=\"elementor-tab-title-56314\"><p data-start=\"4904\" data-end=\"5072\">A reserva pode ser feita diretamente com a Blumar Turismo, que oferece orienta\u00e7\u00e3o completa sobre datas, log\u00edstica, condi\u00e7\u00f5es clim\u00e1ticas e o melhor per\u00edodo para visitar.<\/p><\/div>\n\t\t\t\t<\/div>\n\t\t\t\t\t\t\t<div class=\"elementor-toggle-item\">\n\t\t\t\t\t<div id=\"elementor-tab-title-56315\" class=\"elementor-tab-title\" data-tab=\"15\" role=\"button\" aria-controls=\"elementor-tab-content-56315\" aria-expanded=\"false\">\n\t\t\t\t\t\t\t\t\t\t\t\t<span class=\"elementor-toggle-icon elementor-toggle-icon-left\" aria-hidden=\"true\">\n\t\t\t\t\t\t\t\t\t\t\t\t\t\t\t<span class=\"elementor-toggle-icon-closed\"><svg class=\"e-font-icon-svg e-fas-caret-right\" viewBox=\"0 0 192 512\" xmlns=\"http:\/\/www.w3.org\/2000\/svg\"><path d=\"M0 384.662V127.338c0-17.818 21.543-26.741 34.142-14.142l128.662 128.662c7.81 7.81 7.81 20.474 0 28.284L34.142 398.804C21.543 411.404 0 402.48 0 384.662z\"><\/path><\/svg><\/span>\n\t\t\t\t\t\t\t\t<span class=\"elementor-toggle-icon-opened\"><svg class=\"elementor-toggle-icon-opened e-font-icon-svg e-fas-caret-up\" viewBox=\"0 0 320 512\" xmlns=\"http:\/\/www.w3.org\/2000\/svg\"><path d=\"M288.662 352H31.338c-17.818 0-26.741-21.543-14.142-34.142l128.662-128.662c7.81-7.81 20.474-7.81 28.284 0l128.662 128.662c12.6 12.599 3.676 34.142-14.142 34.142z\"><\/path><\/svg><\/span>\n\t\t\t\t\t\t\t\t\t\t\t\t\t<\/span>\n\t\t\t\t\t\t\t\t\t\t\t\t<a class=\"elementor-toggle-title\" tabindex=\"0\">A visita \u00e0 Lagoa das Emendadas vale a pena?<\/a>\n\t\t\t\t\t<\/div>\n\n\t\t\t\t\t<div id=\"elementor-tab-content-56315\" class=\"elementor-tab-content elementor-clearfix\" data-tab=\"15\" role=\"region\" aria-labelledby=\"elementor-tab-title-56315\"><p>Absolutamente.<br data-start=\"5148\" data-end=\"5151\" \/>A experi\u00eancia vai al\u00e9m de uma simples visita: \u00e9 uma oportunidade de reconex\u00e3o, contempla\u00e7\u00e3o e imers\u00e3o em um dos cen\u00e1rios mais impressionantes do Brasil.<br data-start=\"5303\" data-end=\"5306\" \/>Quem vive esse passeio leva consigo mem\u00f3rias profundas e um novo olhar sobre a natureza.<\/p><\/div>\n\t\t\t\t<\/div>\n\t\t\t\t\t\t\t\t\t\t<script type=\"application\/ld+json\">{\"@context\":\"https:\\\/\\\/schema.org\",\"@type\":\"FAQPage\",\"mainEntity\":[{\"@type\":\"Question\",\"name\":\"O que \\u00e9 a Lagoa das Emendadas e por que ela \\u00e9 t\\u00e3o especial?\",\"acceptedAnswer\":{\"@type\":\"Answer\",\"text\":\"<p>A Lagoa das Emendadas \\u00e9 uma das joias mais preservadas e exclusivas do Parque Nacional dos Len\\u00e7\\u00f3is Maranhenses. Localizada no cora\\u00e7\\u00e3o das dunas, ela \\u00e9 conhecida por suas \\u00e1guas cristalinas, ambiente intocado e atmosfera de profunda conex\\u00e3o com a natureza.<br data-start=\\\"620\\\" data-end=\\\"623\\\" \\\/>A experi\\u00eancia combina sil\\u00eancio, beleza e sensa\\u00e7\\u00e3o de isolamento \\u2014 elementos que tornam o local ideal para quem busca uma viv\\u00eancia aut\\u00eantica e transformadora.<\\\/p>\"}},{\"@type\":\"Question\",\"name\":\"Onde fica a Lagoa das Emendadas dentro dos Len\\u00e7\\u00f3is Maranhenses?\",\"acceptedAnswer\":{\"@type\":\"Answer\",\"text\":\"<p data-start=\\\"861\\\" data-end=\\\"1085\\\">A lagoa est\\u00e1 localizada em uma regi\\u00e3o de acesso restrito no centro do Parque Nacional. Por estar em uma \\u00e1rea sem circula\\u00e7\\u00e3o de ve\\u00edculos, apenas trilhas a p\\u00e9 levam at\\u00e9 l\\u00e1, o que contribui para sua preserva\\u00e7\\u00e3o e exclusividade.<\\\/p>\"}},{\"@type\":\"Question\",\"name\":\"Como \\u00e9 o passeio at\\u00e9 a Lagoa das Emendadas?\",\"acceptedAnswer\":{\"@type\":\"Answer\",\"text\":\"<p data-start=\\\"1146\\\" data-end=\\\"1294\\\">O passeio consiste em uma caminhada de 4 a 5 horas pelas dunas e lagoas.<br data-start=\\\"1218\\\" data-end=\\\"1221\\\" \\\/>Durante o trajeto, o visitante vivencia uma imers\\u00e3o sensorial completa:<\\\/p><ul data-start=\\\"1295\\\" data-end=\\\"1461\\\"><li data-start=\\\"1295\\\" data-end=\\\"1329\\\"><p data-start=\\\"1297\\\" data-end=\\\"1329\\\">o som caracter\\u00edstico do vento,<\\\/p><\\\/li><li data-start=\\\"1330\\\" data-end=\\\"1358\\\"><p data-start=\\\"1332\\\" data-end=\\\"1358\\\">a textura fina da areia,<\\\/p><\\\/li><li data-start=\\\"1359\\\" data-end=\\\"1391\\\"><p data-start=\\\"1361\\\" data-end=\\\"1391\\\">o reflexo do sol nas lagoas,<\\\/p><\\\/li><li data-start=\\\"1392\\\" data-end=\\\"1461\\\"><p data-start=\\\"1394\\\" data-end=\\\"1461\\\">e a vastid\\u00e3o das dunas criando um cen\\u00e1rio que parece pintado \\u00e0 m\\u00e3o.<\\\/p><\\\/li><\\\/ul><p data-start=\\\"1463\\\" data-end=\\\"1562\\\">\\u00c9 uma trilha considerada moderada, ideal para quem deseja se conectar profundamente com a natureza.<\\\/p>\"}},{\"@type\":\"Question\",\"name\":\"\\u00c9 necess\\u00e1rio ter preparo f\\u00edsico para fazer o passeio?\",\"acceptedAnswer\":{\"@type\":\"Answer\",\"text\":\"<p data-start=\\\"1633\\\" data-end=\\\"1820\\\">Embora n\\u00e3o seja uma trilha t\\u00e9cnica, \\u00e9 importante ter bom condicionamento f\\u00edsico para caminhar por horas sob o sol e sobre dunas. O ritmo, por\\u00e9m, costuma ser tranquilo e adaptado ao grupo.<\\\/p>\"}},{\"@type\":\"Question\",\"name\":\"Por que a Lagoa das Emendadas \\u00e9 considerada uma \\u00e1rea t\\u00e3o preservada?\",\"acceptedAnswer\":{\"@type\":\"Answer\",\"text\":\"<p data-start=\\\"1906\\\" data-end=\\\"2185\\\">A regi\\u00e3o n\\u00e3o permite o acesso de ve\\u00edculos, mantendo o ecossistema protegido.<br data-start=\\\"1982\\\" data-end=\\\"1985\\\" \\\/>Isso preserva a fauna local \\u2014 incluindo aves em \\u00e9poca de reprodu\\u00e7\\u00e3o \\u2014 e possibilita avistar, com sorte, o nascimento das pequenas tartarugas \\u201cpininga\\u201d, um dos s\\u00edmbolos de vida dos Len\\u00e7\\u00f3is Maranhenses.<\\\/p>\"}},{\"@type\":\"Question\",\"name\":\"\\u00c9 poss\\u00edvel observar o p\\u00f4r do sol durante o passeio?\",\"acceptedAnswer\":{\"@type\":\"Answer\",\"text\":\"<p>Sim. O entardecer \\u00e9 um dos grandes destaques da experi\\u00eancia.<br data-start=\\\"2314\\\" data-end=\\\"2317\\\" \\\/>A luz dourada refletida nas dunas e lagoas transforma o cen\\u00e1rio em um espet\\u00e1culo natural de rara beleza.<\\\/p>\"}},{\"@type\":\"Question\",\"name\":\"A Lagoa das Emendadas \\u00e9 um bom destino para observar o c\\u00e9u noturno?\",\"acceptedAnswer\":{\"@type\":\"Answer\",\"text\":\"<p>Sem d\\u00favidas.<br data-start=\\\"2518\\\" data-end=\\\"2521\\\" \\\/>Por estar longe de qualquer fonte de luz artificial, o local \\u00e9 considerado um dos melhores pontos do Brasil para observar a Via-L\\u00e1ctea.<br data-start=\\\"2656\\\" data-end=\\\"2659\\\" \\\/>O c\\u00e9u se revela com total nitidez, proporcionando um show de estrelas ideal para amantes de astrofotografia.<\\\/p>\"}},{\"@type\":\"Question\",\"name\":\"O que levar para o passeio \\u00e0 Lagoa das Emendadas?\",\"acceptedAnswer\":{\"@type\":\"Answer\",\"text\":\"<p data-start=\\\"2834\\\" data-end=\\\"2905\\\">Para aproveitar o passeio com seguran\\u00e7a e conforto, recomenda-se levar:<\\\/p><ul data-start=\\\"2906\\\" data-end=\\\"3132\\\"><li data-start=\\\"2906\\\" data-end=\\\"2924\\\"><p data-start=\\\"2908\\\" data-end=\\\"2924\\\">Protetor solar<\\\/p><\\\/li><li data-start=\\\"2925\\\" data-end=\\\"2961\\\"><p data-start=\\\"2927\\\" data-end=\\\"2961\\\">Roupas leves e de secagem r\\u00e1pida<\\\/p><\\\/li><li data-start=\\\"2962\\\" data-end=\\\"2988\\\"><p data-start=\\\"2964\\\" data-end=\\\"2988\\\">Roupas com prote\\u00e7\\u00e3o UV<\\\/p><\\\/li><li data-start=\\\"2989\\\" data-end=\\\"3007\\\"><p data-start=\\\"2991\\\" data-end=\\\"3007\\\">Chap\\u00e9u ou bon\\u00e9<\\\/p><\\\/li><li data-start=\\\"3008\\\" data-end=\\\"3025\\\"><p data-start=\\\"3010\\\" data-end=\\\"3025\\\">\\u00d3culos de sol<\\\/p><\\\/li><li data-start=\\\"3026\\\" data-end=\\\"3132\\\"><p data-start=\\\"3028\\\" data-end=\\\"3132\\\">\\u00c1gua e lanches leves<br data-start=\\\"3048\\\" data-end=\\\"3051\\\" \\\/>Essa prepara\\u00e7\\u00e3o \\u00e9 essencial devido ao sol intenso e \\u00e0s caracter\\u00edsticas da trilha.<\\\/p><\\\/li><\\\/ul>\"}},{\"@type\":\"Question\",\"name\":\"Qual \\u00e9 o melhor per\\u00edodo para visitar a Lagoa das Emendadas?\",\"acceptedAnswer\":{\"@type\":\"Answer\",\"text\":\"<p data-start=\\\"3209\\\" data-end=\\\"3358\\\">A visita \\u00e9 recomendada durante a temporada das lagoas cheias, entre junho e setembro, quando as chuvas j\\u00e1 passaram e as lagoas atingem sua plenitude.<\\\/p>\"}},{\"@type\":\"Question\",\"name\":\"A Lagoa das Emendadas \\u00e9 adequada para todos os tipos de viajantes?\",\"acceptedAnswer\":{\"@type\":\"Answer\",\"text\":\"<p data-start=\\\"3443\\\" data-end=\\\"3480\\\">O passeio \\u00e9 ideal para viajantes que:<\\\/p><ul data-start=\\\"3481\\\" data-end=\\\"3745\\\"><li data-start=\\\"3481\\\" data-end=\\\"3512\\\"><p data-start=\\\"3483\\\" data-end=\\\"3512\\\">apreciam natureza selvagem,<\\\/p><\\\/li><li data-start=\\\"3513\\\" data-end=\\\"3538\\\"><p data-start=\\\"3515\\\" data-end=\\\"3538\\\">gostam de caminhadas,<\\\/p><\\\/li><li data-start=\\\"3539\\\" data-end=\\\"3574\\\"><p data-start=\\\"3541\\\" data-end=\\\"3574\\\">buscam experi\\u00eancias exclusivas,<\\\/p><\\\/li><li data-start=\\\"3575\\\" data-end=\\\"3745\\\"><p data-start=\\\"3577\\\" data-end=\\\"3745\\\">querem fugir de roteiros convencionais.<br data-start=\\\"3616\\\" data-end=\\\"3619\\\" \\\/>Fam\\u00edlias com crian\\u00e7as pequenas ou pessoas com mobilidade reduzida podem ter mais dificuldade devido ao esfor\\u00e7o f\\u00edsico exigido.<\\\/p><\\\/li><\\\/ul>\"}},{\"@type\":\"Question\",\"name\":\"Por que escolher a Blumar Turismo para esse passeio?\",\"acceptedAnswer\":{\"@type\":\"Answer\",\"text\":\"<p data-start=\\\"3816\\\" data-end=\\\"3945\\\">A Blumar Turismo possui mais de 40 anos de experi\\u00eancia e \\u00e9 refer\\u00eancia em roteiros pelos Len\\u00e7\\u00f3is Maranhenses.<br data-start=\\\"3924\\\" data-end=\\\"3927\\\" \\\/>A empresa oferece:<\\\/p><ul data-start=\\\"3946\\\" data-end=\\\"4094\\\"><li data-start=\\\"3946\\\" data-end=\\\"3972\\\"><p data-start=\\\"3948\\\" data-end=\\\"3972\\\">seguran\\u00e7a e expertise,<\\\/p><\\\/li><li data-start=\\\"3973\\\" data-end=\\\"3998\\\"><p data-start=\\\"3975\\\" data-end=\\\"3998\\\">guias especializados,<\\\/p><\\\/li><li data-start=\\\"3999\\\" data-end=\\\"4027\\\"><p data-start=\\\"4001\\\" data-end=\\\"4027\\\">roteiros personalizados,<\\\/p><\\\/li><li data-start=\\\"4028\\\" data-end=\\\"4094\\\"><p data-start=\\\"4030\\\" data-end=\\\"4094\\\">\\u00edndice zero de reclama\\u00e7\\u00f5es nos \\u00faltimos 12 meses no Reclame Aqui.<\\\/p><\\\/li><\\\/ul><p data-start=\\\"4096\\\" data-end=\\\"4194\\\">Viajar com a Blumar significa vivenciar uma experi\\u00eancia transformadora e cuidadosamente planejada.<\\\/p>\"}},{\"@type\":\"Question\",\"name\":\"O que torna a experi\\u00eancia com a Blumar diferente de outras ag\\u00eancias?\",\"acceptedAnswer\":{\"@type\":\"Answer\",\"text\":\"<p>A Blumar n\\u00e3o oferece apenas viagens, mas <strong data-start=\\\"4322\\\" data-end=\\\"4353\\\">experi\\u00eancias significativas<\\\/strong>.<br data-start=\\\"4354\\\" data-end=\\\"4357\\\" \\\/>Segundo a empresa, a miss\\u00e3o \\u00e9 criar momentos que mudam a forma como os viajantes enxergam o mundo \\u2014 e isso se reflete na qualidade do atendimento, na escolha dos roteiros e no cuidado com cada detalhe da jornada.<\\\/p>\"}},{\"@type\":\"Question\",\"name\":\"A Lagoa das Emendadas \\u00e9 indicada para quem pratica astrofotografia?\",\"acceptedAnswer\":{\"@type\":\"Answer\",\"text\":\"<p>Sim, \\u00e9 um dos melhores lugares do pa\\u00eds para registros da Via-L\\u00e1ctea.<br data-start=\\\"4723\\\" data-end=\\\"4726\\\" \\\/>O c\\u00e9u escuro, a aus\\u00eancia de luz urbana e o cen\\u00e1rio das dunas criam condi\\u00e7\\u00f5es perfeitas para fotos incr\\u00edveis.<\\\/p>\"}},{\"@type\":\"Question\",\"name\":\"Como reservar o passeio para a Lagoa das Emendadas?\",\"acceptedAnswer\":{\"@type\":\"Answer\",\"text\":\"<p data-start=\\\"4904\\\" data-end=\\\"5072\\\">A reserva pode ser feita diretamente com a Blumar Turismo, que oferece orienta\\u00e7\\u00e3o completa sobre datas, log\\u00edstica, condi\\u00e7\\u00f5es clim\\u00e1ticas e o melhor per\\u00edodo para visitar.<\\\/p>\"}},{\"@type\":\"Question\",\"name\":\"A visita \\u00e0 Lagoa das Emendadas vale a pena?\",\"acceptedAnswer\":{\"@type\":\"Answer\",\"text\":\"<p>Absolutamente.<br data-start=\\\"5148\\\" data-end=\\\"5151\\\" \\\/>A experi\\u00eancia vai al\\u00e9m de uma simples visita: \\u00e9 uma oportunidade de reconex\\u00e3o, contempla\\u00e7\\u00e3o e imers\\u00e3o em um dos cen\\u00e1rios mais impressionantes do Brasil.<br data-start=\\\"5303\\\" data-end=\\\"5306\\\" \\\/>Quem vive esse passeio leva consigo mem\\u00f3rias profundas e um novo olhar sobre a natureza.<\\\/p>\"}}]}<\/script>\n\t\t\t\t\t<\/div>\n\t\t\t\t<\/div>\n\t\t\t\t<\/div>\n\t\t\t\t\t<\/div>\n\t\t\t\t<\/div>\n\t\t\t\t\t\t\t<\/div>\n\t\t","protected":false},"excerpt":{"rendered":"<p>Imagine um lugar onde o tempo parece desacelerar e a natureza revela sua beleza mais pura. A Lagoa das Emendadas, no cora\u00e7\u00e3o dos Len\u00e7\u00f3is Maranhenses, \u00e9 um desses cen\u00e1rios que fazem qualquer viajante se apaixonar \u00e0 primeira vista. Um ref\u00fagio intocado, perfeito para quem busca conex\u00e3o profunda com a natureza&#46;&#46;&#46;<\/p>\n","protected":false},"author":10,"featured_media":72515,"comment_status":"closed","ping_status":"closed","sticky":false,"template":"","format":"standard","meta":{"footnotes":""},"categories":[690,694],"tags":[],"class_list":["post-29910","post","type-post","status-publish","format-standard","has-post-thumbnail","hentry","category-destinos-nacionais","category-dicas-de-viagem"],"yoast_head":"<!-- This site is optimized with the Yoast SEO Premium plugin v19.4 (Yoast SEO v24.1) - https:\/\/yoast.com\/wordpress\/plugins\/seo\/ -->\n<title>Descubra a Lagoa das Emendadas: A J\u00f3ia Inexplorada dos Len\u00e7\u00f3is Maranhenses<\/title>\n<meta name=\"description\" content=\"A Lagoa das Emendadas, no cora\u00e7\u00e3o dos Len\u00e7\u00f3is Maranhenses, \u00e9 um desses cen\u00e1rios que fazem qualquer viajante se apaixonar \u00e0 primeira vista.\" \/>\n<meta name=\"robots\" content=\"index, follow, max-snippet:-1, max-image-preview:large, max-video-preview:-1\" \/>\n<link rel=\"canonical\" href=\"https:\/\/www.blumarturismo.com.br\/blog\/descubra-a-lagoa-das-emendadas-a-joia-inexplorada-dos-lencois-maranhenses\/\" \/>\n<meta property=\"og:locale\" content=\"pt_BR\" \/>\n<meta property=\"og:type\" content=\"article\" \/>\n<meta property=\"og:title\" content=\"Descubra a Lagoa das Emendadas: A J\u00f3ia Inexplorada dos Len\u00e7\u00f3is Maranhenses\" \/>\n<meta property=\"og:description\" content=\"A Lagoa das Emendadas, no cora\u00e7\u00e3o dos Len\u00e7\u00f3is Maranhenses, \u00e9 um desses cen\u00e1rios que fazem qualquer viajante se apaixonar \u00e0 primeira vista.\" \/>\n<meta property=\"og:url\" content=\"https:\/\/www.blumarturismo.com.br\/blog\/descubra-a-lagoa-das-emendadas-a-joia-inexplorada-dos-lencois-maranhenses\/\" \/>\n<meta property=\"og:site_name\" content=\"Blog Blumar Turismo: O Seu Portal para Viagens Extraordin\u00e1rias\" \/>\n<meta property=\"article:publisher\" content=\"https:\/\/www.facebook.com\/blumarviagenseturismo\" \/>\n<meta property=\"article:author\" content=\"https:\/\/www.facebook.com\/blumarviagenseturismo\" \/>\n<meta property=\"article:published_time\" content=\"2025-11-13T20:40:17+00:00\" \/>\n<meta property=\"article:modified_time\" content=\"2025-11-19T18:32:54+00:00\" \/>\n<meta property=\"og:image\" content=\"https:\/\/www.blumarturismo.com.br\/blog\/wp-content\/uploads\/2024\/10\/DJ_vini_ane_emendadas_santo_amaro_-min-1.jpg\" \/>\n\t<meta property=\"og:image:width\" content=\"650\" \/>\n\t<meta property=\"og:image:height\" content=\"366\" \/>\n\t<meta property=\"og:image:type\" content=\"image\/jpeg\" \/>\n<meta name=\"author\" content=\"Blumar Turismo\" \/>\n<meta name=\"twitter:card\" content=\"summary_large_image\" \/>\n<meta name=\"twitter:label1\" content=\"Escrito por\" \/>\n\t<meta name=\"twitter:data1\" content=\"Blumar Turismo\" \/>\n\t<meta name=\"twitter:label2\" content=\"Est. tempo de leitura\" \/>\n\t<meta name=\"twitter:data2\" content=\"11 minutos\" \/>\n<script type=\"application\/ld+json\" class=\"yoast-schema-graph\">{\"@context\":\"https:\/\/schema.org\",\"@graph\":[{\"@type\":\"Article\",\"@id\":\"https:\/\/www.blumarturismo.com.br\/blog\/descubra-a-lagoa-das-emendadas-a-joia-inexplorada-dos-lencois-maranhenses\/#article\",\"isPartOf\":{\"@id\":\"https:\/\/www.blumarturismo.com.br\/blog\/descubra-a-lagoa-das-emendadas-a-joia-inexplorada-dos-lencois-maranhenses\/\"},\"author\":{\"name\":\"Blumar Turismo\",\"@id\":\"https:\/\/www.blumarturismo.com.br\/blog\/#\/schema\/person\/8c5b522f6a79142bafca484c4604fba7\"},\"headline\":\"Descubra a Lagoa das Emendadas: A J\u00f3ia Inexplorada dos Len\u00e7\u00f3is Maranhenses\",\"datePublished\":\"2025-11-13T20:40:17+00:00\",\"dateModified\":\"2025-11-19T18:32:54+00:00\",\"mainEntityOfPage\":{\"@id\":\"https:\/\/www.blumarturismo.com.br\/blog\/descubra-a-lagoa-das-emendadas-a-joia-inexplorada-dos-lencois-maranhenses\/\"},\"wordCount\":1799,\"publisher\":{\"@id\":\"https:\/\/www.blumarturismo.com.br\/blog\/#organization\"},\"image\":{\"@id\":\"https:\/\/www.blumarturismo.com.br\/blog\/descubra-a-lagoa-das-emendadas-a-joia-inexplorada-dos-lencois-maranhenses\/#primaryimage\"},\"thumbnailUrl\":\"https:\/\/www.blumarturismo.com.br\/blog\/wp-content\/uploads\/2024\/10\/DJ_vini_ane_emendadas_santo_amaro_-min-1.jpg\",\"articleSection\":[\"Destinos Nacionais\",\"Dicas de Viagem\"],\"inLanguage\":\"pt-BR\"},{\"@type\":\"WebPage\",\"@id\":\"https:\/\/www.blumarturismo.com.br\/blog\/descubra-a-lagoa-das-emendadas-a-joia-inexplorada-dos-lencois-maranhenses\/\",\"url\":\"https:\/\/www.blumarturismo.com.br\/blog\/descubra-a-lagoa-das-emendadas-a-joia-inexplorada-dos-lencois-maranhenses\/\",\"name\":\"Descubra a Lagoa das Emendadas: A J\u00f3ia Inexplorada dos Len\u00e7\u00f3is Maranhenses\",\"isPartOf\":{\"@id\":\"https:\/\/www.blumarturismo.com.br\/blog\/#website\"},\"primaryImageOfPage\":{\"@id\":\"https:\/\/www.blumarturismo.com.br\/blog\/descubra-a-lagoa-das-emendadas-a-joia-inexplorada-dos-lencois-maranhenses\/#primaryimage\"},\"image\":{\"@id\":\"https:\/\/www.blumarturismo.com.br\/blog\/descubra-a-lagoa-das-emendadas-a-joia-inexplorada-dos-lencois-maranhenses\/#primaryimage\"},\"thumbnailUrl\":\"https:\/\/www.blumarturismo.com.br\/blog\/wp-content\/uploads\/2024\/10\/DJ_vini_ane_emendadas_santo_amaro_-min-1.jpg\",\"datePublished\":\"2025-11-13T20:40:17+00:00\",\"dateModified\":\"2025-11-19T18:32:54+00:00\",\"description\":\"A Lagoa das Emendadas, no cora\u00e7\u00e3o dos Len\u00e7\u00f3is Maranhenses, \u00e9 um desses cen\u00e1rios que fazem qualquer viajante se apaixonar \u00e0 primeira vista.\",\"breadcrumb\":{\"@id\":\"https:\/\/www.blumarturismo.com.br\/blog\/descubra-a-lagoa-das-emendadas-a-joia-inexplorada-dos-lencois-maranhenses\/#breadcrumb\"},\"inLanguage\":\"pt-BR\",\"potentialAction\":[{\"@type\":\"ReadAction\",\"target\":[\"https:\/\/www.blumarturismo.com.br\/blog\/descubra-a-lagoa-das-emendadas-a-joia-inexplorada-dos-lencois-maranhenses\/\"]}]},{\"@type\":\"ImageObject\",\"inLanguage\":\"pt-BR\",\"@id\":\"https:\/\/www.blumarturismo.com.br\/blog\/descubra-a-lagoa-das-emendadas-a-joia-inexplorada-dos-lencois-maranhenses\/#primaryimage\",\"url\":\"https:\/\/www.blumarturismo.com.br\/blog\/wp-content\/uploads\/2024\/10\/DJ_vini_ane_emendadas_santo_amaro_-min-1.jpg\",\"contentUrl\":\"https:\/\/www.blumarturismo.com.br\/blog\/wp-content\/uploads\/2024\/10\/DJ_vini_ane_emendadas_santo_amaro_-min-1.jpg\",\"width\":650,\"height\":366,\"caption\":\"Foto: Irlen Menezes \/ Blumar DMC\"},{\"@type\":\"BreadcrumbList\",\"@id\":\"https:\/\/www.blumarturismo.com.br\/blog\/descubra-a-lagoa-das-emendadas-a-joia-inexplorada-dos-lencois-maranhenses\/#breadcrumb\",\"itemListElement\":[{\"@type\":\"ListItem\",\"position\":1,\"name\":\"In\u00edcio\",\"item\":\"https:\/\/www.blumarturismo.com.br\/blog\/\"},{\"@type\":\"ListItem\",\"position\":2,\"name\":\"Descubra a Lagoa das Emendadas: A J\u00f3ia Inexplorada dos Len\u00e7\u00f3is Maranhenses\"}]},{\"@type\":\"WebSite\",\"@id\":\"https:\/\/www.blumarturismo.com.br\/blog\/#website\",\"url\":\"https:\/\/www.blumarturismo.com.br\/blog\/\",\"name\":\"Blog Blumar Turismo: O Seu Portal para Viagens Extraordin\u00e1rias\",\"description\":\"Viajar \u00e9 nossa paix\u00e3o e expertise, e agora compartilhamos isso com voc\u00ea atrav\u00e9s do nosso blog. Com mais de 30 anos de hist\u00f3ria, a Blumar Turismo \u00e9 seu parceiro confi\u00e1vel para aventuras memor\u00e1veis. Explore conosco\",\"publisher\":{\"@id\":\"https:\/\/www.blumarturismo.com.br\/blog\/#organization\"},\"potentialAction\":[{\"@type\":\"SearchAction\",\"target\":{\"@type\":\"EntryPoint\",\"urlTemplate\":\"https:\/\/www.blumarturismo.com.br\/blog\/?s={search_term_string}\"},\"query-input\":{\"@type\":\"PropertyValueSpecification\",\"valueRequired\":true,\"valueName\":\"search_term_string\"}}],\"inLanguage\":\"pt-BR\"},{\"@type\":\"Organization\",\"@id\":\"https:\/\/www.blumarturismo.com.br\/blog\/#organization\",\"name\":\"Blumar Turismo\",\"url\":\"https:\/\/www.blumarturismo.com.br\/blog\/\",\"logo\":{\"@type\":\"ImageObject\",\"inLanguage\":\"pt-BR\",\"@id\":\"https:\/\/www.blumarturismo.com.br\/blog\/#\/schema\/logo\/image\/\",\"url\":\"https:\/\/www.blumarturismo.com.br\/blog\/wp-content\/uploads\/2020\/11\/cropped-logo_blumar_nacional2-2.jpg\",\"contentUrl\":\"https:\/\/www.blumarturismo.com.br\/blog\/wp-content\/uploads\/2020\/11\/cropped-logo_blumar_nacional2-2.jpg\",\"width\":167,\"height\":50,\"caption\":\"Blumar Turismo\"},\"image\":{\"@id\":\"https:\/\/www.blumarturismo.com.br\/blog\/#\/schema\/logo\/image\/\"},\"sameAs\":[\"https:\/\/www.facebook.com\/blumarviagenseturismo\",\"https:\/\/www.instagram.com\/blumarturismo\/\"]},{\"@type\":\"Person\",\"@id\":\"https:\/\/www.blumarturismo.com.br\/blog\/#\/schema\/person\/8c5b522f6a79142bafca484c4604fba7\",\"name\":\"Blumar Turismo\",\"image\":{\"@type\":\"ImageObject\",\"inLanguage\":\"pt-BR\",\"@id\":\"https:\/\/www.blumarturismo.com.br\/blog\/#\/schema\/person\/image\/\",\"url\":\"https:\/\/secure.gravatar.com\/avatar\/18a47e99a2b3ce558e7834aabf1bb475e0ae3a970dea40e74a2d2b71531fbe3b?s=96&d=mm&r=g\",\"contentUrl\":\"https:\/\/secure.gravatar.com\/avatar\/18a47e99a2b3ce558e7834aabf1bb475e0ae3a970dea40e74a2d2b71531fbe3b?s=96&d=mm&r=g\",\"caption\":\"Blumar Turismo\"},\"description\":\"Com uma trajet\u00f3ria consolidada de mais de 30 anos no setor de turismo, a Blumar Turismo se estabeleceu como l\u00edder gra\u00e7as ao seu compromisso cont\u00ednuo com a qualidade e satisfa\u00e7\u00e3o do cliente. Nossa experi\u00eancia traduz-se em viagens que v\u00e3o al\u00e9m da expectativa. Nosso Legado: 1. Expertise e Excel\u00eancia: Com tr\u00eas d\u00e9cadas de dedica\u00e7\u00e3o, aprofundamos nossa expertise para oferecer servi\u00e7os de viagem personalizados e de alto padr\u00e3o. Cada viagem, seja econ\u00f4mica ou de luxo, \u00e9 meticulosamente projetada para garantir experi\u00eancias not\u00e1veis. 2. Vanguarda em Inova\u00e7\u00e3o e Tecnologia: Nossa miss\u00e3o \u00e9 sempre liderar, incorporando as solu\u00e7\u00f5es mais avan\u00e7adas em produtos e tecnologias. A inova\u00e7\u00e3o \u00e9 intr\u00ednseca \u00e0 Blumar, permitindo-nos aprimorar constantemente a experi\u00eancia de viagem de nossos clientes. 3. Nossa Equipe, Nosso Diferencial: O verdadeiro motor da Blumar Turismo \u00e9 nossa equipe de profissionais. Com paix\u00e3o e dedica\u00e7\u00e3o, eles garantem que cada itiner\u00e1rio se transforme em uma experi\u00eancia \u00fanica e memor\u00e1vel. Seu comprometimento \u00e9 o que nos faz ganhar a confian\u00e7a de nossos clientes repetidamente. Na Blumar, n\u00e3o se trata apenas de vender pacotes de viagem, mas de projetar experi\u00eancias. Nossos roteiros prometem criar mem\u00f3rias duradouras, proporcionando viagens ricas em descobertas e emo\u00e7\u00f5es. Cremos que viajar \u00e9 uma forma de enriquecimento pessoal, explorando novas perspectivas e redefinindo-se a cada novo destino. Explore o mundo com a Blumar Turismo e torne sua jornada verdadeiramente extraordin\u00e1ria.\",\"sameAs\":[\"https:\/\/www.facebook.com\/blumarviagenseturismo\",\"https:\/\/www.instagram.com\/blumarturismo\/\",\"https:\/\/www.linkedin.com\/company\/blumar-turismo\/\",\"https:\/\/www.youtube.com\/@BlumarTurismo\"],\"award\":[\"2002 | 7th World Petroleum Congress & Rio Oil & Gas Expo\",\"2003 | 27\u00ba International Congress on Occupational Health - ICOH\",\"2004 | IOF World Congress on Osteoporosis 2004\",\"2005 | XXV Brazilian Congress on Rheumatology\",\"2006 | 3rd World Congress on AIDS\",\"2007 | 66th FIP Congress of Pharmacy and Pharmaceutical Sciences\",\"2008 | 62\u00ba Congresso Brasileiro de Cardiologia\",\"2009 | 3rd World Congress of Pediatric Gastroenterology Hepatology and Nutrition\",\"2010 | Pr\u00eamio Caio da D\u00e9cada - Jacar\u00e9 de Diamante - pelo 3rd World Congress on AIDS\",\"2011 | XIV Congresso SOBRICE\",\"2012 | XVIII Congresso da Sociedade Brasileira de Diabetes\",\"2013 | 67\u00ba Congresso da Sociedade Brasileira de Dermatologia\",\"2016 | Congresso Mundial da Propriedade Intelectual da AIPPI\"],\"knowsAbout\":[\"Turismo de Luxo\",\"Consultoria Personalizada\",\"Opera\u00e7\u00e3o de Programas Tur\u00edsticos Customizados\",\"Tours Variados\",\"Sele\u00e7\u00e3o de Hot\u00e9is e Experi\u00eancias Inesquec\u00edveis\"],\"knowsLanguage\":[\"Ingles\",\"Portugu\u00eas\",\"Espanhol\"],\"jobTitle\":\"Operadora de Turismo e Ag\u00eancia de Viagens\",\"worksFor\":\"Blumar Turismo\",\"url\":\"https:\/\/www.blumarturismo.com.br\/blog\/author\/guilherme\/\"}]}<\/script>\n<!-- \/ Yoast SEO Premium plugin. -->","yoast_head_json":{"title":"Descubra a Lagoa das Emendadas: A J\u00f3ia Inexplorada dos Len\u00e7\u00f3is Maranhenses","description":"A Lagoa das Emendadas, no cora\u00e7\u00e3o dos Len\u00e7\u00f3is Maranhenses, \u00e9 um desses cen\u00e1rios que fazem qualquer viajante se apaixonar \u00e0 primeira vista.","robots":{"index":"index","follow":"follow","max-snippet":"max-snippet:-1","max-image-preview":"max-image-preview:large","max-video-preview":"max-video-preview:-1"},"canonical":"https:\/\/www.blumarturismo.com.br\/blog\/descubra-a-lagoa-das-emendadas-a-joia-inexplorada-dos-lencois-maranhenses\/","og_locale":"pt_BR","og_type":"article","og_title":"Descubra a Lagoa das Emendadas: A J\u00f3ia Inexplorada dos Len\u00e7\u00f3is Maranhenses","og_description":"A Lagoa das Emendadas, no cora\u00e7\u00e3o dos Len\u00e7\u00f3is Maranhenses, \u00e9 um desses cen\u00e1rios que fazem qualquer viajante se apaixonar \u00e0 primeira vista.","og_url":"https:\/\/www.blumarturismo.com.br\/blog\/descubra-a-lagoa-das-emendadas-a-joia-inexplorada-dos-lencois-maranhenses\/","og_site_name":"Blog Blumar Turismo: O Seu Portal para Viagens Extraordin\u00e1rias","article_publisher":"https:\/\/www.facebook.com\/blumarviagenseturismo","article_author":"https:\/\/www.facebook.com\/blumarviagenseturismo","article_published_time":"2025-11-13T20:40:17+00:00","article_modified_time":"2025-11-19T18:32:54+00:00","og_image":[{"width":650,"height":366,"url":"https:\/\/www.blumarturismo.com.br\/blog\/wp-content\/uploads\/2024\/10\/DJ_vini_ane_emendadas_santo_amaro_-min-1.jpg","type":"image\/jpeg"}],"author":"Blumar Turismo","twitter_card":"summary_large_image","twitter_misc":{"Escrito por":"Blumar Turismo","Est. tempo de leitura":"11 minutos"},"schema":{"@context":"https:\/\/schema.org","@graph":[{"@type":"Article","@id":"https:\/\/www.blumarturismo.com.br\/blog\/descubra-a-lagoa-das-emendadas-a-joia-inexplorada-dos-lencois-maranhenses\/#article","isPartOf":{"@id":"https:\/\/www.blumarturismo.com.br\/blog\/descubra-a-lagoa-das-emendadas-a-joia-inexplorada-dos-lencois-maranhenses\/"},"author":{"name":"Blumar Turismo","@id":"https:\/\/www.blumarturismo.com.br\/blog\/#\/schema\/person\/8c5b522f6a79142bafca484c4604fba7"},"headline":"Descubra a Lagoa das Emendadas: A J\u00f3ia Inexplorada dos Len\u00e7\u00f3is Maranhenses","datePublished":"2025-11-13T20:40:17+00:00","dateModified":"2025-11-19T18:32:54+00:00","mainEntityOfPage":{"@id":"https:\/\/www.blumarturismo.com.br\/blog\/descubra-a-lagoa-das-emendadas-a-joia-inexplorada-dos-lencois-maranhenses\/"},"wordCount":1799,"publisher":{"@id":"https:\/\/www.blumarturismo.com.br\/blog\/#organization"},"image":{"@id":"https:\/\/www.blumarturismo.com.br\/blog\/descubra-a-lagoa-das-emendadas-a-joia-inexplorada-dos-lencois-maranhenses\/#primaryimage"},"thumbnailUrl":"https:\/\/www.blumarturismo.com.br\/blog\/wp-content\/uploads\/2024\/10\/DJ_vini_ane_emendadas_santo_amaro_-min-1.jpg","articleSection":["Destinos Nacionais","Dicas de Viagem"],"inLanguage":"pt-BR"},{"@type":"WebPage","@id":"https:\/\/www.blumarturismo.com.br\/blog\/descubra-a-lagoa-das-emendadas-a-joia-inexplorada-dos-lencois-maranhenses\/","url":"https:\/\/www.blumarturismo.com.br\/blog\/descubra-a-lagoa-das-emendadas-a-joia-inexplorada-dos-lencois-maranhenses\/","name":"Descubra a Lagoa das Emendadas: A J\u00f3ia Inexplorada dos Len\u00e7\u00f3is Maranhenses","isPartOf":{"@id":"https:\/\/www.blumarturismo.com.br\/blog\/#website"},"primaryImageOfPage":{"@id":"https:\/\/www.blumarturismo.com.br\/blog\/descubra-a-lagoa-das-emendadas-a-joia-inexplorada-dos-lencois-maranhenses\/#primaryimage"},"image":{"@id":"https:\/\/www.blumarturismo.com.br\/blog\/descubra-a-lagoa-das-emendadas-a-joia-inexplorada-dos-lencois-maranhenses\/#primaryimage"},"thumbnailUrl":"https:\/\/www.blumarturismo.com.br\/blog\/wp-content\/uploads\/2024\/10\/DJ_vini_ane_emendadas_santo_amaro_-min-1.jpg","datePublished":"2025-11-13T20:40:17+00:00","dateModified":"2025-11-19T18:32:54+00:00","description":"A Lagoa das Emendadas, no cora\u00e7\u00e3o dos Len\u00e7\u00f3is Maranhenses, \u00e9 um desses cen\u00e1rios que fazem qualquer viajante se apaixonar \u00e0 primeira vista.","breadcrumb":{"@id":"https:\/\/www.blumarturismo.com.br\/blog\/descubra-a-lagoa-das-emendadas-a-joia-inexplorada-dos-lencois-maranhenses\/#breadcrumb"},"inLanguage":"pt-BR","potentialAction":[{"@type":"ReadAction","target":["https:\/\/www.blumarturismo.com.br\/blog\/descubra-a-lagoa-das-emendadas-a-joia-inexplorada-dos-lencois-maranhenses\/"]}]},{"@type":"ImageObject","inLanguage":"pt-BR","@id":"https:\/\/www.blumarturismo.com.br\/blog\/descubra-a-lagoa-das-emendadas-a-joia-inexplorada-dos-lencois-maranhenses\/#primaryimage","url":"https:\/\/www.blumarturismo.com.br\/blog\/wp-content\/uploads\/2024\/10\/DJ_vini_ane_emendadas_santo_amaro_-min-1.jpg","contentUrl":"https:\/\/www.blumarturismo.com.br\/blog\/wp-content\/uploads\/2024\/10\/DJ_vini_ane_emendadas_santo_amaro_-min-1.jpg","width":650,"height":366,"caption":"Foto: Irlen Menezes \/ Blumar DMC"},{"@type":"BreadcrumbList","@id":"https:\/\/www.blumarturismo.com.br\/blog\/descubra-a-lagoa-das-emendadas-a-joia-inexplorada-dos-lencois-maranhenses\/#breadcrumb","itemListElement":[{"@type":"ListItem","position":1,"name":"In\u00edcio","item":"https:\/\/www.blumarturismo.com.br\/blog\/"},{"@type":"ListItem","position":2,"name":"Descubra a Lagoa das Emendadas: A J\u00f3ia Inexplorada dos Len\u00e7\u00f3is Maranhenses"}]},{"@type":"WebSite","@id":"https:\/\/www.blumarturismo.com.br\/blog\/#website","url":"https:\/\/www.blumarturismo.com.br\/blog\/","name":"Blog Blumar Turismo: O Seu Portal para Viagens Extraordin\u00e1rias","description":"Viajar \u00e9 nossa paix\u00e3o e expertise, e agora compartilhamos isso com voc\u00ea atrav\u00e9s do nosso blog. Com mais de 30 anos de hist\u00f3ria, a Blumar Turismo \u00e9 seu parceiro confi\u00e1vel para aventuras memor\u00e1veis. Explore conosco","publisher":{"@id":"https:\/\/www.blumarturismo.com.br\/blog\/#organization"},"potentialAction":[{"@type":"SearchAction","target":{"@type":"EntryPoint","urlTemplate":"https:\/\/www.blumarturismo.com.br\/blog\/?s={search_term_string}"},"query-input":{"@type":"PropertyValueSpecification","valueRequired":true,"valueName":"search_term_string"}}],"inLanguage":"pt-BR"},{"@type":"Organization","@id":"https:\/\/www.blumarturismo.com.br\/blog\/#organization","name":"Blumar Turismo","url":"https:\/\/www.blumarturismo.com.br\/blog\/","logo":{"@type":"ImageObject","inLanguage":"pt-BR","@id":"https:\/\/www.blumarturismo.com.br\/blog\/#\/schema\/logo\/image\/","url":"https:\/\/www.blumarturismo.com.br\/blog\/wp-content\/uploads\/2020\/11\/cropped-logo_blumar_nacional2-2.jpg","contentUrl":"https:\/\/www.blumarturismo.com.br\/blog\/wp-content\/uploads\/2020\/11\/cropped-logo_blumar_nacional2-2.jpg","width":167,"height":50,"caption":"Blumar Turismo"},"image":{"@id":"https:\/\/www.blumarturismo.com.br\/blog\/#\/schema\/logo\/image\/"},"sameAs":["https:\/\/www.facebook.com\/blumarviagenseturismo","https:\/\/www.instagram.com\/blumarturismo\/"]},{"@type":"Person","@id":"https:\/\/www.blumarturismo.com.br\/blog\/#\/schema\/person\/8c5b522f6a79142bafca484c4604fba7","name":"Blumar Turismo","image":{"@type":"ImageObject","inLanguage":"pt-BR","@id":"https:\/\/www.blumarturismo.com.br\/blog\/#\/schema\/person\/image\/","url":"https:\/\/secure.gravatar.com\/avatar\/18a47e99a2b3ce558e7834aabf1bb475e0ae3a970dea40e74a2d2b71531fbe3b?s=96&d=mm&r=g","contentUrl":"https:\/\/secure.gravatar.com\/avatar\/18a47e99a2b3ce558e7834aabf1bb475e0ae3a970dea40e74a2d2b71531fbe3b?s=96&d=mm&r=g","caption":"Blumar Turismo"},"description":"Com uma trajet\u00f3ria consolidada de mais de 30 anos no setor de turismo, a Blumar Turismo se estabeleceu como l\u00edder gra\u00e7as ao seu compromisso cont\u00ednuo com a qualidade e satisfa\u00e7\u00e3o do cliente. Nossa experi\u00eancia traduz-se em viagens que v\u00e3o al\u00e9m da expectativa. Nosso Legado: 1. Expertise e Excel\u00eancia: Com tr\u00eas d\u00e9cadas de dedica\u00e7\u00e3o, aprofundamos nossa expertise para oferecer servi\u00e7os de viagem personalizados e de alto padr\u00e3o. Cada viagem, seja econ\u00f4mica ou de luxo, \u00e9 meticulosamente projetada para garantir experi\u00eancias not\u00e1veis. 2. Vanguarda em Inova\u00e7\u00e3o e Tecnologia: Nossa miss\u00e3o \u00e9 sempre liderar, incorporando as solu\u00e7\u00f5es mais avan\u00e7adas em produtos e tecnologias. A inova\u00e7\u00e3o \u00e9 intr\u00ednseca \u00e0 Blumar, permitindo-nos aprimorar constantemente a experi\u00eancia de viagem de nossos clientes. 3. Nossa Equipe, Nosso Diferencial: O verdadeiro motor da Blumar Turismo \u00e9 nossa equipe de profissionais. Com paix\u00e3o e dedica\u00e7\u00e3o, eles garantem que cada itiner\u00e1rio se transforme em uma experi\u00eancia \u00fanica e memor\u00e1vel. Seu comprometimento \u00e9 o que nos faz ganhar a confian\u00e7a de nossos clientes repetidamente. Na Blumar, n\u00e3o se trata apenas de vender pacotes de viagem, mas de projetar experi\u00eancias. Nossos roteiros prometem criar mem\u00f3rias duradouras, proporcionando viagens ricas em descobertas e emo\u00e7\u00f5es. Cremos que viajar \u00e9 uma forma de enriquecimento pessoal, explorando novas perspectivas e redefinindo-se a cada novo destino. Explore o mundo com a Blumar Turismo e torne sua jornada verdadeiramente extraordin\u00e1ria.","sameAs":["https:\/\/www.facebook.com\/blumarviagenseturismo","https:\/\/www.instagram.com\/blumarturismo\/","https:\/\/www.linkedin.com\/company\/blumar-turismo\/","https:\/\/www.youtube.com\/@BlumarTurismo"],"award":["2002 | 7th World Petroleum Congress & Rio Oil & Gas Expo","2003 | 27\u00ba International Congress on Occupational Health - ICOH","2004 | IOF World Congress on Osteoporosis 2004","2005 | XXV Brazilian Congress on Rheumatology","2006 | 3rd World Congress on AIDS","2007 | 66th FIP Congress of Pharmacy and Pharmaceutical Sciences","2008 | 62\u00ba Congresso Brasileiro de Cardiologia","2009 | 3rd World Congress of Pediatric Gastroenterology Hepatology and Nutrition","2010 | Pr\u00eamio Caio da D\u00e9cada - Jacar\u00e9 de Diamante - pelo 3rd World Congress on AIDS","2011 | XIV Congresso SOBRICE","2012 | XVIII Congresso da Sociedade Brasileira de Diabetes","2013 | 67\u00ba Congresso da Sociedade Brasileira de Dermatologia","2016 | Congresso Mundial da Propriedade Intelectual da AIPPI"],"knowsAbout":["Turismo de Luxo","Consultoria Personalizada","Opera\u00e7\u00e3o de Programas Tur\u00edsticos Customizados","Tours Variados","Sele\u00e7\u00e3o de Hot\u00e9is e Experi\u00eancias Inesquec\u00edveis"],"knowsLanguage":["Ingles","Portugu\u00eas","Espanhol"],"jobTitle":"Operadora de Turismo e Ag\u00eancia de Viagens","worksFor":"Blumar Turismo","url":"https:\/\/www.blumarturismo.com.br\/blog\/author\/guilherme\/"}]}},"_links":{"self":[{"href":"https:\/\/www.blumarturismo.com.br\/blog\/wp-json\/wp\/v2\/posts\/29910","targetHints":{"allow":["GET"]}}],"collection":[{"href":"https:\/\/www.blumarturismo.com.br\/blog\/wp-json\/wp\/v2\/posts"}],"about":[{"href":"https:\/\/www.blumarturismo.com.br\/blog\/wp-json\/wp\/v2\/types\/post"}],"author":[{"embeddable":true,"href":"https:\/\/www.blumarturismo.com.br\/blog\/wp-json\/wp\/v2\/users\/10"}],"replies":[{"embeddable":true,"href":"https:\/\/www.blumarturismo.com.br\/blog\/wp-json\/wp\/v2\/comments?post=29910"}],"version-history":[{"count":107,"href":"https:\/\/www.blumarturismo.com.br\/blog\/wp-json\/wp\/v2\/posts\/29910\/revisions"}],"predecessor-version":[{"id":72539,"href":"https:\/\/www.blumarturismo.com.br\/blog\/wp-json\/wp\/v2\/posts\/29910\/revisions\/72539"}],"wp:featuredmedia":[{"embeddable":true,"href":"https:\/\/www.blumarturismo.com.br\/blog\/wp-json\/wp\/v2\/media\/72515"}],"wp:attachment":[{"href":"https:\/\/www.blumarturismo.com.br\/blog\/wp-json\/wp\/v2\/media?parent=29910"}],"wp:term":[{"taxonomy":"category","embeddable":true,"href":"https:\/\/www.blumarturismo.com.br\/blog\/wp-json\/wp\/v2\/categories?post=29910"},{"taxonomy":"post_tag","embeddable":true,"href":"https:\/\/www.blumarturismo.com.br\/blog\/wp-json\/wp\/v2\/tags?post=29910"}],"curies":[{"name":"wp","href":"https:\/\/api.w.org\/{rel}","templated":true}]}}