{"id":41357,"date":"2023-10-18T10:59:37","date_gmt":"2023-10-18T13:59:37","guid":{"rendered":"https:\/\/www.blumarturismo.com.br\/blog\/?p=41357"},"modified":"2025-01-21T11:21:55","modified_gmt":"2025-01-21T14:21:55","slug":"seca-na-amazonia-uma-analise-detalhada-da-situacao-atual","status":"publish","type":"post","link":"https:\/\/www.blumarturismo.com.br\/blog\/seca-na-amazonia-uma-analise-detalhada-da-situacao-atual\/","title":{"rendered":"Seca na Amaz\u00f4nia: Uma An\u00e1lise Detalhada da Situa\u00e7\u00e3o Atual"},"content":{"rendered":"\t\t<div data-elementor-type=\"wp-post\" data-elementor-id=\"41357\" class=\"elementor elementor-41357\" data-elementor-post-type=\"post\">\n\t\t\t\t\t\t\t<div class=\"elementor-element elementor-element-f62cac6 e-flex e-con-boxed e-con e-parent\" data-id=\"f62cac6\" data-element_type=\"container\" data-settings=\"{&quot;content_width&quot;:&quot;boxed&quot;}\" data-core-v316-plus=\"true\">\n\t\t\t\t\t<div class=\"e-con-inner\">\n\t\t\t\t<div class=\"elementor-element elementor-element-f308503 elementor-widget elementor-widget-text-editor\" data-id=\"f308503\" data-element_type=\"widget\" data-widget_type=\"text-editor.default\">\n\t\t\t\t<div class=\"elementor-widget-container\">\n\t\t\t<style>\/*! elementor - v3.16.0 - 13-09-2023 *\/\n.elementor-widget-text-editor.elementor-drop-cap-view-stacked .elementor-drop-cap{background-color:#69727d;color:#fff}.elementor-widget-text-editor.elementor-drop-cap-view-framed .elementor-drop-cap{color:#69727d;border:3px solid;background-color:transparent}.elementor-widget-text-editor:not(.elementor-drop-cap-view-default) .elementor-drop-cap{margin-top:8px}.elementor-widget-text-editor:not(.elementor-drop-cap-view-default) .elementor-drop-cap-letter{width:1em;height:1em}.elementor-widget-text-editor .elementor-drop-cap{float:left;text-align:center;line-height:1;font-size:50px}.elementor-widget-text-editor .elementor-drop-cap-letter{display:inline-block}<\/style>\t\t\t\t<p data-pm-slice=\"1 1 []\">A <a href=\"https:\/\/www.blumarturismo.com.br\/natureza_que_amamos_amazonia.php\"><strong>Amaz\u00f4nia<\/strong><\/a>, conhecida como o pulm\u00e3o do mundo, tem enfrentado desafios ambientais substanciais nos \u00faltimos anos. A seca que assola esta regi\u00e3o n\u00e3o \u00e9 apenas uma quest\u00e3o local, mas global, e as consequ\u00eancias podem ser sentidas em muitas \u00e1reas. Neste artigo, discutiremos a situa\u00e7\u00e3o atual da seca na Amaz\u00f4nia, focando especificamente em Manaus e regi\u00e3o, al\u00e9m de alguns lodges e resorts que foram afetados.<\/p>\t\t\t\t\t\t<\/div>\n\t\t\t\t<\/div>\n\t\t\t\t\t<\/div>\n\t\t\t\t<\/div>\n\t\t<div class=\"elementor-element elementor-element-71b35a7 e-flex e-con-boxed e-con e-parent\" data-id=\"71b35a7\" data-element_type=\"container\" data-settings=\"{&quot;content_width&quot;:&quot;boxed&quot;}\" data-core-v316-plus=\"true\">\n\t\t\t\t\t<div class=\"e-con-inner\">\n\t\t\t\t<div class=\"elementor-element elementor-element-7f52250 elementor-widget elementor-widget-heading\" data-id=\"7f52250\" data-element_type=\"widget\" data-widget_type=\"heading.default\">\n\t\t\t\t<div class=\"elementor-widget-container\">\n\t\t\t<style>\/*! elementor - v3.16.0 - 13-09-2023 *\/\n.elementor-heading-title{padding:0;margin:0;line-height:1}.elementor-widget-heading .elementor-heading-title[class*=elementor-size-]>a{color:inherit;font-size:inherit;line-height:inherit}.elementor-widget-heading .elementor-heading-title.elementor-size-small{font-size:15px}.elementor-widget-heading .elementor-heading-title.elementor-size-medium{font-size:19px}.elementor-widget-heading .elementor-heading-title.elementor-size-large{font-size:29px}.elementor-widget-heading .elementor-heading-title.elementor-size-xl{font-size:39px}.elementor-widget-heading .elementor-heading-title.elementor-size-xxl{font-size:59px}<\/style><h2 class=\"elementor-heading-title elementor-size-large\">Manaus e a Envolvente Regi\u00e3o<\/h2>\t\t<\/div>\n\t\t\t\t<\/div>\n\t\t\t\t<div class=\"elementor-element elementor-element-4e738db elementor-widget elementor-widget-text-editor\" data-id=\"4e738db\" data-element_type=\"widget\" data-widget_type=\"text-editor.default\">\n\t\t\t\t<div class=\"elementor-widget-container\">\n\t\t\t\t\t\t\t<p data-pm-slice=\"1 1 []\">Nos \u00faltimos tempos, <strong><a href=\"https:\/\/www.blumarturismo.com.br\/cidade.php?id=53\">Manaus<\/a> <\/strong>e seus arredores t\u00eam sido gravemente afetados pela fuma\u00e7a resultante das queimadas nas proximidades. Este cen\u00e1rio tem causado desconforto significativo, especialmente para os viajantes que est\u00e3o transitando pela cidade. \u00c9 crucial manter-se hidratado e tomar precau\u00e7\u00f5es adicionais para garantir a sa\u00fade e o bem-estar durante este per\u00edodo.<\/p><p>O famoso <strong>tour do Encontro das \u00c1guas<\/strong> continua sendo realizado, apesar das adversidades. No entanto, \u00e9 importante notar que a visibilidade pode ser prejudicada devido \u00e0 extens\u00e3o da fuma\u00e7a sobre o rio. Os lodges, em geral, n\u00e3o foram gravemente afetados, pois est\u00e3o localizados a uma dist\u00e2ncia segura das \u00e1reas de queimadas.<\/p>\t\t\t\t\t\t<\/div>\n\t\t\t\t<\/div>\n\t\t\t\t\t<\/div>\n\t\t\t\t<\/div>\n\t\t<div class=\"elementor-element elementor-element-c1dac15 e-flex e-con-boxed e-con e-parent\" data-id=\"c1dac15\" data-element_type=\"container\" data-settings=\"{&quot;content_width&quot;:&quot;boxed&quot;}\" data-core-v316-plus=\"true\">\n\t\t\t\t\t<div class=\"e-con-inner\">\n\t\t\t\t<div class=\"elementor-element elementor-element-58e9bde elementor-widget elementor-widget-heading\" data-id=\"58e9bde\" data-element_type=\"widget\" data-widget_type=\"heading.default\">\n\t\t\t\t<div class=\"elementor-widget-container\">\n\t\t\t<h2 class=\"elementor-heading-title elementor-size-large\">Situa\u00e7\u00e3o dos Lodges e Resorts<\/h2>\t\t<\/div>\n\t\t\t\t<\/div>\n\t\t\t\t<div class=\"elementor-element elementor-element-b9ad7b4 elementor-widget elementor-widget-image\" data-id=\"b9ad7b4\" data-element_type=\"widget\" data-widget_type=\"image.default\">\n\t\t\t\t<div class=\"elementor-widget-container\">\n\t\t\t<style>\/*! elementor - v3.16.0 - 13-09-2023 *\/\n.elementor-widget-image{text-align:center}.elementor-widget-image a{display:inline-block}.elementor-widget-image a img[src$=\".svg\"]{width:48px}.elementor-widget-image img{vertical-align:middle;display:inline-block}<\/style>\t\t\t\t\t\t\t\t\t<figure class=\"wp-caption\">\n\t\t\t\t\t\t\t\t\t\t<img loading=\"lazy\" decoding=\"async\" width=\"840\" height=\"560\" src=\"https:\/\/www.blumarturismo.com.br\/blog\/wp-content\/uploads\/2023\/10\/praia_grd.jpg\" class=\"attachment-large size-large wp-image-41415\" alt=\"Foto: Divulga\u00e7\u00e3o \/ Amazon Ecopark Jungle Lodge\" srcset=\"https:\/\/www.blumarturismo.com.br\/blog\/wp-content\/uploads\/2023\/10\/praia_grd.jpg 840w, https:\/\/www.blumarturismo.com.br\/blog\/wp-content\/uploads\/2023\/10\/praia_grd-300x200.jpg 300w, https:\/\/www.blumarturismo.com.br\/blog\/wp-content\/uploads\/2023\/10\/praia_grd-768x512.jpg 768w\" sizes=\"auto, (max-width: 840px) 100vw, 840px\" \/>\t\t\t\t\t\t\t\t\t\t\t<figcaption class=\"widget-image-caption wp-caption-text\">Foto: Divulga\u00e7\u00e3o \/ Amazon Ecopark Jungle Lodge<\/figcaption>\n\t\t\t\t\t\t\t\t\t\t<\/figure>\n\t\t\t\t\t\t\t\t\t<\/div>\n\t\t\t\t<\/div>\n\t\t\t\t<div class=\"elementor-element elementor-element-db8ec23 elementor-widget elementor-widget-heading\" data-id=\"db8ec23\" data-element_type=\"widget\" data-widget_type=\"heading.default\">\n\t\t\t\t<div class=\"elementor-widget-container\">\n\t\t\t<h3 class=\"elementor-heading-title elementor-size-medium\">Amazon Ecopark<\/h3>\t\t<\/div>\n\t\t\t\t<\/div>\n\t\t\t\t<div class=\"elementor-element elementor-element-79cb5b1 elementor-widget elementor-widget-text-editor\" data-id=\"79cb5b1\" data-element_type=\"widget\" data-widget_type=\"text-editor.default\">\n\t\t\t\t<div class=\"elementor-widget-container\">\n\t\t\t\t\t\t\t<p data-pm-slice=\"1 1 []\">Devido \u00e0s dificuldades de acesso causadas pela seca e as consequ\u00eancias resultantes, o <a href=\"https:\/\/www.blumarturismo.com.br\/pagina_do_hotel.php?nome=Amazon%20Ecopark%20Jungle%20Lodge&amp;id=ECO1\"><strong>Amazon Ecopark<\/strong><\/a> permanecer\u00e1 fechado at\u00e9 o dia 30 de novembro. Estamos tomando as devidas provid\u00eancias para informar cada cliente individualmente sobre a reacomoda\u00e7\u00e3o em outros lodges.<\/p>\t\t\t\t\t\t<\/div>\n\t\t\t\t<\/div>\n\t\t\t\t\t<\/div>\n\t\t\t\t<\/div>\n\t\t<div class=\"elementor-element elementor-element-c845acd e-flex e-con-boxed e-con e-parent\" data-id=\"c845acd\" data-element_type=\"container\" data-settings=\"{&quot;content_width&quot;:&quot;boxed&quot;}\" data-core-v316-plus=\"true\">\n\t\t\t\t\t<div class=\"e-con-inner\">\n\t\t\t\t<div class=\"elementor-element elementor-element-45dfa4a elementor-widget elementor-widget-heading\" data-id=\"45dfa4a\" data-element_type=\"widget\" data-widget_type=\"heading.default\">\n\t\t\t\t<div class=\"elementor-widget-container\">\n\t\t\t<h3 class=\"elementor-heading-title elementor-size-medium\">Evolu\u00e7\u00e3o Lodge<\/h3>\t\t<\/div>\n\t\t\t\t<\/div>\n\t\t\t\t<div class=\"elementor-element elementor-element-8cfb8ef elementor-widget elementor-widget-text-editor\" data-id=\"8cfb8ef\" data-element_type=\"widget\" data-widget_type=\"text-editor.default\">\n\t\t\t\t<div class=\"elementor-widget-container\">\n\t\t\t\t\t\t\t<p data-pm-slice=\"1 1 []\">Similarmente, o <strong>Evolu\u00e7\u00e3o Lodge<\/strong> encontrou dificuldades de acesso e tamb\u00e9m permanecer\u00e1 fechado at\u00e9 o dia 15 de novembro.<\/p>\t\t\t\t\t\t<\/div>\n\t\t\t\t<\/div>\n\t\t\t\t\t<\/div>\n\t\t\t\t<\/div>\n\t\t<div class=\"elementor-element elementor-element-275c6e8 e-flex e-con-boxed e-con e-parent\" data-id=\"275c6e8\" data-element_type=\"container\" data-settings=\"{&quot;content_width&quot;:&quot;boxed&quot;}\" data-core-v316-plus=\"true\">\n\t\t\t\t\t<div class=\"e-con-inner\">\n\t\t\t\t<div class=\"elementor-element elementor-element-e953466 elementor-widget elementor-widget-heading\" data-id=\"e953466\" data-element_type=\"widget\" data-widget_type=\"heading.default\">\n\t\t\t\t<div class=\"elementor-widget-container\">\n\t\t\t<h3 class=\"elementor-heading-title elementor-size-medium\">Demais Lodges<\/h3>\t\t<\/div>\n\t\t\t\t<\/div>\n\t\t\t\t<div class=\"elementor-element elementor-element-57802c7 elementor-widget elementor-widget-text-editor\" data-id=\"57802c7\" data-element_type=\"widget\" data-widget_type=\"text-editor.default\">\n\t\t\t\t<div class=\"elementor-widget-container\">\n\t\t\t\t\t\t\t<p data-pm-slice=\"1 1 []\">At\u00e9 o momento, n\u00e3o houve altera\u00e7\u00f5es significativas em rela\u00e7\u00e3o ao informativo enviado em 5 de outubro.<\/p>\t\t\t\t\t\t<\/div>\n\t\t\t\t<\/div>\n\t\t\t\t\t<\/div>\n\t\t\t\t<\/div>\n\t\t<div class=\"elementor-element elementor-element-6b5adba e-flex e-con-boxed e-con e-parent\" data-id=\"6b5adba\" data-element_type=\"container\" data-settings=\"{&quot;content_width&quot;:&quot;boxed&quot;}\" data-core-v316-plus=\"true\">\n\t\t\t\t\t<div class=\"e-con-inner\">\n\t\t\t\t<div class=\"elementor-element elementor-element-78ec161 elementor-widget elementor-widget-heading\" data-id=\"78ec161\" data-element_type=\"widget\" data-widget_type=\"heading.default\">\n\t\t\t\t<div class=\"elementor-widget-container\">\n\t\t\t<h3 class=\"elementor-heading-title elementor-size-medium\">Iberostar Heritage Grand Amazon<\/h3>\t\t<\/div>\n\t\t\t\t<\/div>\n\t\t\t\t<div class=\"elementor-element elementor-element-c1d279a elementor-widget elementor-widget-text-editor\" data-id=\"c1d279a\" data-element_type=\"widget\" data-widget_type=\"text-editor.default\">\n\t\t\t\t<div class=\"elementor-widget-container\">\n\t\t\t\t\t\t\t<p data-pm-slice=\"1 1 []\">\u00c9 crucial mencionar que, no per\u00edodo de 16 de outubro a 17 de dezembro, o barco do <strong>Iberostar Heritage Grand Amazon<\/strong> ficar\u00e1 fora de opera\u00e7\u00e3o para inspe\u00e7\u00e3o e manuten\u00e7\u00e3o obrigat\u00f3ria, que ocorre a cada dois anos.<\/p>\t\t\t\t\t\t<\/div>\n\t\t\t\t<\/div>\n\t\t\t\t\t<\/div>\n\t\t\t\t<\/div>\n\t\t<div class=\"elementor-element elementor-element-4339849 e-flex e-con-boxed e-con e-parent\" data-id=\"4339849\" data-element_type=\"container\" data-settings=\"{&quot;content_width&quot;:&quot;boxed&quot;}\" data-core-v316-plus=\"true\">\n\t\t\t\t\t<div class=\"e-con-inner\">\n\t\t\t\t<div class=\"elementor-element elementor-element-9a4dae5 elementor-widget elementor-widget-heading\" data-id=\"9a4dae5\" data-element_type=\"widget\" data-widget_type=\"heading.default\">\n\t\t\t\t<div class=\"elementor-widget-container\">\n\t\t\t<h2 class=\"elementor-heading-title elementor-size-large\">Implica\u00e7\u00f5es Mais Amplas da Seca na Amaz\u00f4nia<\/h2>\t\t<\/div>\n\t\t\t\t<\/div>\n\t\t\t\t<div class=\"elementor-element elementor-element-bb0928b elementor-widget elementor-widget-text-editor\" data-id=\"bb0928b\" data-element_type=\"widget\" data-widget_type=\"text-editor.default\">\n\t\t\t\t<div class=\"elementor-widget-container\">\n\t\t\t\t\t\t\t<div class=\"phenom-desc\"><div class=\"comment-container\"><div class=\"action-comment can-view-video markeddown js-comment is-comments-rewrite\" dir=\"auto\"><div class=\"current-comment js-friendly-links js-open-card\"><p>As implica\u00e7\u00f5es da seca na Amaz\u00f4nia v\u00e3o muito al\u00e9m dos desafios imediatos enfrentados pelos lodges e pela popula\u00e7\u00e3o local. Este evento tem um impacto direto no ecossistema, na biodiversidade e, por extens\u00e3o, nas\u00a0<a title=\"\u200c\" href=\"https:\/\/www.greenpeace.org\/\" target=\"_blank\" rel=\"nofollow noopener noreferrer ugc\">mudan\u00e7as clim\u00e1ticas globais<\/a>. A seca afeta a capacidade da floresta amaz\u00f4nica de absorver carbono, um elemento crucial para combater as mudan\u00e7as clim\u00e1ticas. Uma\u00a0<a title=\"\u200c\" href=\"https:\/\/revistagalileu.globo.com\/\" target=\"_blank\" rel=\"nofollow noopener noreferrer ugc\">an\u00e1lise da Galileu<\/a> explora as medidas necess\u00e1rias para combater a seca extrema na regi\u00e3o.<\/p><\/div><\/div><\/div><\/div><p>Al\u00e9m disso, conforme relatado pela <a href=\"https:\/\/www.cnnbrasil.com.br\/nacional\/manaus-entra-em-estado-de-mobilizacao-apos-ser-tomada-por-fumaca-de-queimadas-pelo-segundo-dia-seguido\/\">CNN Brasil<\/a>, Manaus entrou em estado de mobiliza\u00e7\u00e3o ap\u00f3s ser tomada por fuma\u00e7a de queimadas pelo segundo dia seguido, ressaltando a gravidade da situa\u00e7\u00e3o.<\/p><p>\u00c9 imperativo que medidas s\u00e9rias e eficazes sejam tomadas para combater as causas da seca e das queimadas, para garantir a preserva\u00e7\u00e3o da Amaz\u00f4nia para as futuras gera\u00e7\u00f5es.<\/p>\t\t\t\t\t\t<\/div>\n\t\t\t\t<\/div>\n\t\t\t\t<div class=\"elementor-element elementor-element-4858127 elementor-widget elementor-widget-heading\" data-id=\"4858127\" data-element_type=\"widget\" data-widget_type=\"heading.default\">\n\t\t\t\t<div class=\"elementor-widget-container\">\n\t\t\t<h2 class=\"elementor-heading-title elementor-size-large\">Depoimentos de Quem Viveu a Experi\u00eancia<\/h2>\t\t<\/div>\n\t\t\t\t<\/div>\n\t\t\t\t<div class=\"elementor-element elementor-element-68e12a5 elementor-widget elementor-widget-text-editor\" data-id=\"68e12a5\" data-element_type=\"widget\" data-widget_type=\"text-editor.default\">\n\t\t\t\t<div class=\"elementor-widget-container\">\n\t\t\t\t\t\t\t<p style=\"text-align: center;\"><strong><a href=\"https:\/\/blumarturismo.com.br\/index.php\">Blumar Turismo<\/a>: Certificada pelo Reclame Aqui<\/strong><\/p>\t\t\t\t\t\t<\/div>\n\t\t\t\t<\/div>\n\t\t\t\t<div class=\"elementor-element elementor-element-890e6a7 elementor-widget elementor-widget-html\" data-id=\"890e6a7\" data-element_type=\"widget\" data-widget_type=\"html.default\">\n\t\t\t\t<div class=\"elementor-widget-container\">\n\t\t\t<center><div id=\"ra-verified-seal\"><script type=\"text\/javascript\" id=\"ra-embed-verified-seal\" src=\"https:\/\/s3.amazonaws.com\/raichu-beta\/ra-verified\/bundle.js\" data-id=\"MzI4Nzc6Ymx1bWFy\" data-target=\"ra-verified-seal\" data-model=\"2\"><\/script><\/div><\/center>\t\t<\/div>\n\t\t\t\t<\/div>\n\t\t\t\t<div class=\"elementor-element elementor-element-02674d3 elementor-widget elementor-widget-text-editor\" data-id=\"02674d3\" data-element_type=\"widget\" data-widget_type=\"text-editor.default\">\n\t\t\t\t<div class=\"elementor-widget-container\">\n\t\t\t\t\t\t\t<p><span style=\"color: var( --e-global-color-text ); text-align: var(--text-align);\">Na <a href=\"https:\/\/www.blumarturismo.com.br\/\"><strong>Blumar Turismo<\/strong><\/a>, nos orgulhamos de oferecer um servi\u00e7o de excel\u00eancia. Somos certificados pelo Reclame Aqui e n\u00e3o recebemos nenhuma reclama\u00e7\u00e3o nos \u00faltimos 12 meses.<\/span><\/p><p>Nosso compromisso \u00e9 com a total satisfa\u00e7\u00e3o do cliente. Garantimos experi\u00eancias de viagem \u00fanicas e memor\u00e1veis, cuidando de cada detalhe, desde a escolha dos melhores destinos e hot\u00e9is at\u00e9 a personaliza\u00e7\u00e3o de roteiros. Nossa equipe est\u00e1 dedicada a atender todas as suas necessidades com m\u00e1xima aten\u00e7\u00e3o e profissionalismo.<\/p>\t\t\t\t\t\t<\/div>\n\t\t\t\t<\/div>\n\t\t\t\t<div class=\"elementor-element elementor-element-f8926ad elementor-widget elementor-widget-html\" data-id=\"f8926ad\" data-element_type=\"widget\" data-widget_type=\"html.default\">\n\t\t\t\t<div class=\"elementor-widget-container\">\n\t\t\t<script defer async src='https:\/\/cdn.trustindex.io\/loader.js?dc6229528d81446bbc4644b5063'><\/script>\t\t<\/div>\n\t\t\t\t<\/div>\n\t\t\t\t<div class=\"elementor-element elementor-element-263ec4c elementor-widget elementor-widget-heading\" data-id=\"263ec4c\" data-element_type=\"widget\" data-widget_type=\"heading.default\">\n\t\t\t\t<div class=\"elementor-widget-container\">\n\t\t\t<h2 class=\"elementor-heading-title elementor-size-medium\">Posts que voc\u00ea tamb\u00e9m pode se interessar:<\/h2>\t\t<\/div>\n\t\t\t\t<\/div>\n\t\t\t\t<div class=\"elementor-element elementor-element-b0687ad elementor-widget elementor-widget-text-editor\" data-id=\"b0687ad\" data-element_type=\"widget\" data-widget_type=\"text-editor.default\">\n\t\t\t\t<div class=\"elementor-widget-container\">\n\t\t\t\t\t\t\t<ul><li><a href=\"https:\/\/www.blumarturismo.com.br\/blog\/lugares-incriveis-na-amazonia-descubra-o-verdadeiro-tesouro-brasileiro-com-a-blumar\/\">Lugares Incr\u00edveis na Amaz\u00f4nia: Descubra o Verdadeiro Tesouro Brasileiro com a Blumar<\/a><\/li><li><a href=\"https:\/\/www.blumarturismo.com.br\/blog\/cristalino-lodge-o-santuario-da-amazonia\/\">Cristalino Lodge: O Santu\u00e1rio da Amaz\u00f4nia<\/a><\/li><li><a href=\"https:\/\/www.blumarturismo.com.br\/blog\/belo-shabono-cruise-uma-experiencia-amazonica-inesquecivel\/\">Belo Shabono Cruise: Uma Experi\u00eancia Amaz\u00f4nica Inesquec\u00edvel<\/a><\/li><li><a href=\"https:\/\/www.blumarturismo.com.br\/blog\/seu-roteiro-de-4-dias-em-alter-do-chao-aprecie-a-beleza-do-caribe-da-amazonia\/\">Seu Roteiro de 4 Dias em Alter do Ch\u00e3o: Aprecie a Beleza do Caribe da Amaz\u00f4nia<\/a><\/li><li><a href=\"https:\/\/www.blumarturismo.com.br\/blog\/untamed-amazon-conheca-o-cruzeiro-que-une-inovacao-luxo-e-preservacao-ambiental\/\">Untamed Amazon: Conhe\u00e7a o Cruzeiro que Une Inova\u00e7\u00e3o, Luxo e Preserva\u00e7\u00e3o Ambiental<\/a><\/li><\/ul>\t\t\t\t\t\t<\/div>\n\t\t\t\t<\/div>\n\t\t\t\t\t<\/div>\n\t\t\t\t<\/div>\n\t\t<div class=\"elementor-element elementor-element-d17b178 e-flex e-con-boxed e-con e-parent\" data-id=\"d17b178\" data-element_type=\"container\" data-settings=\"{&quot;content_width&quot;:&quot;boxed&quot;}\" data-core-v316-plus=\"true\">\n\t\t\t\t\t<div class=\"e-con-inner\">\n\t\t\t\t<div class=\"elementor-element elementor-element-29aec12 elementor-widget elementor-widget-heading\" data-id=\"29aec12\" data-element_type=\"widget\" data-widget_type=\"heading.default\">\n\t\t\t\t<div class=\"elementor-widget-container\">\n\t\t\t<h2 class=\"elementor-heading-title elementor-size-large\">FAQ sobre a Seca na Amaz\u00f4nia<\/h2>\t\t<\/div>\n\t\t\t\t<\/div>\n\t\t\t\t<div class=\"elementor-element elementor-element-7073e07 elementor-widget elementor-widget-image\" data-id=\"7073e07\" data-element_type=\"widget\" data-widget_type=\"image.default\">\n\t\t\t\t<div class=\"elementor-widget-container\">\n\t\t\t\t\t\t\t\t\t\t\t\t<figure class=\"wp-caption\">\n\t\t\t\t\t\t\t\t\t\t<img loading=\"lazy\" decoding=\"async\" width=\"1024\" height=\"530\" src=\"https:\/\/www.blumarturismo.com.br\/blog\/wp-content\/uploads\/2023\/10\/41107583642_2787ac609e_k-1024x530.jpg\" class=\"attachment-large size-large wp-image-41377\" alt=\"Foto: Ana Claudia Jatahy \/ MTur\" srcset=\"https:\/\/www.blumarturismo.com.br\/blog\/wp-content\/uploads\/2023\/10\/41107583642_2787ac609e_k-1024x530.jpg 1024w, https:\/\/www.blumarturismo.com.br\/blog\/wp-content\/uploads\/2023\/10\/41107583642_2787ac609e_k-300x155.jpg 300w, https:\/\/www.blumarturismo.com.br\/blog\/wp-content\/uploads\/2023\/10\/41107583642_2787ac609e_k-768x397.jpg 768w, https:\/\/www.blumarturismo.com.br\/blog\/wp-content\/uploads\/2023\/10\/41107583642_2787ac609e_k-1536x794.jpg 1536w, https:\/\/www.blumarturismo.com.br\/blog\/wp-content\/uploads\/2023\/10\/41107583642_2787ac609e_k.jpg 2048w\" sizes=\"auto, (max-width: 1024px) 100vw, 1024px\" \/>\t\t\t\t\t\t\t\t\t\t\t<figcaption class=\"widget-image-caption wp-caption-text\">Foto: Ana Claudia Jatahy \/ MTur<\/figcaption>\n\t\t\t\t\t\t\t\t\t\t<\/figure>\n\t\t\t\t\t\t\t\t\t<\/div>\n\t\t\t\t<\/div>\n\t\t\t\t<div class=\"elementor-element elementor-element-487cb8b elementor-widget elementor-widget-toggle\" data-id=\"487cb8b\" data-element_type=\"widget\" data-widget_type=\"toggle.default\">\n\t\t\t\t<div class=\"elementor-widget-container\">\n\t\t\t<style>\/*! elementor - v3.16.0 - 13-09-2023 *\/\n.elementor-toggle{text-align:left}.elementor-toggle .elementor-tab-title{font-weight:700;line-height:1;margin:0;padding:15px;border-bottom:1px solid #d5d8dc;cursor:pointer;outline:none}.elementor-toggle .elementor-tab-title .elementor-toggle-icon{display:inline-block;width:1em}.elementor-toggle .elementor-tab-title .elementor-toggle-icon svg{margin-inline-start:-5px;width:1em;height:1em}.elementor-toggle .elementor-tab-title .elementor-toggle-icon.elementor-toggle-icon-right{float:right;text-align:right}.elementor-toggle .elementor-tab-title .elementor-toggle-icon.elementor-toggle-icon-left{float:left;text-align:left}.elementor-toggle .elementor-tab-title .elementor-toggle-icon .elementor-toggle-icon-closed{display:block}.elementor-toggle .elementor-tab-title .elementor-toggle-icon .elementor-toggle-icon-opened{display:none}.elementor-toggle .elementor-tab-title.elementor-active{border-bottom:none}.elementor-toggle .elementor-tab-title.elementor-active .elementor-toggle-icon-closed{display:none}.elementor-toggle .elementor-tab-title.elementor-active .elementor-toggle-icon-opened{display:block}.elementor-toggle .elementor-tab-content{padding:15px;border-bottom:1px solid #d5d8dc;display:none}@media (max-width:767px){.elementor-toggle .elementor-tab-title{padding:12px}.elementor-toggle .elementor-tab-content{padding:12px 10px}}.e-con-inner>.elementor-widget-toggle,.e-con>.elementor-widget-toggle{width:var(--container-widget-width);--flex-grow:var(--container-widget-flex-grow)}<\/style>\t\t<div class=\"elementor-toggle\">\n\t\t\t\t\t\t\t<div class=\"elementor-toggle-item\">\n\t\t\t\t\t<div id=\"elementor-tab-title-7601\" class=\"elementor-tab-title\" data-tab=\"1\" role=\"button\" aria-controls=\"elementor-tab-content-7601\" aria-expanded=\"false\">\n\t\t\t\t\t\t\t\t\t\t\t\t<span class=\"elementor-toggle-icon elementor-toggle-icon-left\" aria-hidden=\"true\">\n\t\t\t\t\t\t\t\t\t\t\t\t\t\t\t<span class=\"elementor-toggle-icon-closed\"><svg class=\"e-font-icon-svg e-fas-caret-right\" viewBox=\"0 0 192 512\" xmlns=\"http:\/\/www.w3.org\/2000\/svg\"><path d=\"M0 384.662V127.338c0-17.818 21.543-26.741 34.142-14.142l128.662 128.662c7.81 7.81 7.81 20.474 0 28.284L34.142 398.804C21.543 411.404 0 402.48 0 384.662z\"><\/path><\/svg><\/span>\n\t\t\t\t\t\t\t\t<span class=\"elementor-toggle-icon-opened\"><svg class=\"elementor-toggle-icon-opened e-font-icon-svg e-fas-caret-up\" viewBox=\"0 0 320 512\" xmlns=\"http:\/\/www.w3.org\/2000\/svg\"><path d=\"M288.662 352H31.338c-17.818 0-26.741-21.543-14.142-34.142l128.662-128.662c7.81-7.81 20.474-7.81 28.284 0l128.662 128.662c12.6 12.599 3.676 34.142-14.142 34.142z\"><\/path><\/svg><\/span>\n\t\t\t\t\t\t\t\t\t\t\t\t\t<\/span>\n\t\t\t\t\t\t\t\t\t\t\t\t<a class=\"elementor-toggle-title\" tabindex=\"0\">O que est\u00e1 causando a seca na Amaz\u00f4nia?<\/a>\n\t\t\t\t\t<\/div>\n\n\t\t\t\t\t<div id=\"elementor-tab-content-7601\" class=\"elementor-tab-content elementor-clearfix\" data-tab=\"1\" role=\"region\" aria-labelledby=\"elementor-tab-title-7601\"><p data-pm-slice=\"1 1 []\">A seca na Amaz\u00f4nia pode ser causada por diversos fatores, incluindo\u00a0<a title=\"\u200c\" href=\"https:\/\/www.gov.br\/\" target=\"_blank\" rel=\"nofollow noopener noreferrer ugc\">mudan\u00e7as clim\u00e1ticas globais<\/a>, desmatamento e atividades humanas que interferem nos padr\u00f5es naturais de chuva e umidade na regi\u00e3o.<\/p><\/div>\n\t\t\t\t<\/div>\n\t\t\t\t\t\t\t<div class=\"elementor-toggle-item\">\n\t\t\t\t\t<div id=\"elementor-tab-title-7602\" class=\"elementor-tab-title\" data-tab=\"2\" role=\"button\" aria-controls=\"elementor-tab-content-7602\" aria-expanded=\"false\">\n\t\t\t\t\t\t\t\t\t\t\t\t<span class=\"elementor-toggle-icon elementor-toggle-icon-left\" aria-hidden=\"true\">\n\t\t\t\t\t\t\t\t\t\t\t\t\t\t\t<span class=\"elementor-toggle-icon-closed\"><svg class=\"e-font-icon-svg e-fas-caret-right\" viewBox=\"0 0 192 512\" xmlns=\"http:\/\/www.w3.org\/2000\/svg\"><path d=\"M0 384.662V127.338c0-17.818 21.543-26.741 34.142-14.142l128.662 128.662c7.81 7.81 7.81 20.474 0 28.284L34.142 398.804C21.543 411.404 0 402.48 0 384.662z\"><\/path><\/svg><\/span>\n\t\t\t\t\t\t\t\t<span class=\"elementor-toggle-icon-opened\"><svg class=\"elementor-toggle-icon-opened e-font-icon-svg e-fas-caret-up\" viewBox=\"0 0 320 512\" xmlns=\"http:\/\/www.w3.org\/2000\/svg\"><path d=\"M288.662 352H31.338c-17.818 0-26.741-21.543-14.142-34.142l128.662-128.662c7.81-7.81 20.474-7.81 28.284 0l128.662 128.662c12.6 12.599 3.676 34.142-14.142 34.142z\"><\/path><\/svg><\/span>\n\t\t\t\t\t\t\t\t\t\t\t\t\t<\/span>\n\t\t\t\t\t\t\t\t\t\t\t\t<a class=\"elementor-toggle-title\" tabindex=\"0\">Quais s\u00e3o os impactos da seca na regi\u00e3o?<\/a>\n\t\t\t\t\t<\/div>\n\n\t\t\t\t\t<div id=\"elementor-tab-content-7602\" class=\"elementor-tab-content elementor-clearfix\" data-tab=\"2\" role=\"region\" aria-labelledby=\"elementor-tab-title-7602\"><p>A seca pode levar a uma s\u00e9rie de problemas, incluindo:<\/p><ul><li>Redu\u00e7\u00e3o dos n\u00edveis de \u00e1gua: A falta de chuva diminui os n\u00edveis de \u00e1gua nos rios e reservat\u00f3rios, conforme discutido em um\u00a0<a title=\"\u200c\" href=\"https:\/\/www1.folha.uol.com.br\/\" target=\"_blank\" rel=\"nofollow noopener noreferrer ugc\">podcast da Folha<\/a>.<\/li><li>Amea\u00e7a \u00e0 biodiversidade: A seca pode amea\u00e7ar a vida selvagem e a flora da regi\u00e3o.<\/li><li>Problemas de sa\u00fade: A seca e as queimadas associadas podem causar problemas respirat\u00f3rios e outros problemas de sa\u00fade para as popula\u00e7\u00f5es locais.<\/li><li>Impacto econ\u00f4mico: Pode haver um impacto econ\u00f4mico negativo, especialmente em comunidades que dependem da agricultura e do turismo.<\/li><\/ul><\/div>\n\t\t\t\t<\/div>\n\t\t\t\t\t\t\t<div class=\"elementor-toggle-item\">\n\t\t\t\t\t<div id=\"elementor-tab-title-7603\" class=\"elementor-tab-title\" data-tab=\"3\" role=\"button\" aria-controls=\"elementor-tab-content-7603\" aria-expanded=\"false\">\n\t\t\t\t\t\t\t\t\t\t\t\t<span class=\"elementor-toggle-icon elementor-toggle-icon-left\" aria-hidden=\"true\">\n\t\t\t\t\t\t\t\t\t\t\t\t\t\t\t<span class=\"elementor-toggle-icon-closed\"><svg class=\"e-font-icon-svg e-fas-caret-right\" viewBox=\"0 0 192 512\" xmlns=\"http:\/\/www.w3.org\/2000\/svg\"><path d=\"M0 384.662V127.338c0-17.818 21.543-26.741 34.142-14.142l128.662 128.662c7.81 7.81 7.81 20.474 0 28.284L34.142 398.804C21.543 411.404 0 402.48 0 384.662z\"><\/path><\/svg><\/span>\n\t\t\t\t\t\t\t\t<span class=\"elementor-toggle-icon-opened\"><svg class=\"elementor-toggle-icon-opened e-font-icon-svg e-fas-caret-up\" viewBox=\"0 0 320 512\" xmlns=\"http:\/\/www.w3.org\/2000\/svg\"><path d=\"M288.662 352H31.338c-17.818 0-26.741-21.543-14.142-34.142l128.662-128.662c7.81-7.81 20.474-7.81 28.284 0l128.662 128.662c12.6 12.599 3.676 34.142-14.142 34.142z\"><\/path><\/svg><\/span>\n\t\t\t\t\t\t\t\t\t\t\t\t\t<\/span>\n\t\t\t\t\t\t\t\t\t\t\t\t<a class=\"elementor-toggle-title\" tabindex=\"0\">Como a seca afeta a cidade de Manaus?<\/a>\n\t\t\t\t\t<\/div>\n\n\t\t\t\t\t<div id=\"elementor-tab-content-7603\" class=\"elementor-tab-content elementor-clearfix\" data-tab=\"3\" role=\"region\" aria-labelledby=\"elementor-tab-title-7603\"><p data-pm-slice=\"1 1 []\">Manaus tem enfrentado problemas com a fuma\u00e7a das queimadas, que pode causar desconforto respirat\u00f3rio e visibilidade reduzida. A seca tamb\u00e9m pode afetar o transporte fluvial, que \u00e9 vital para a regi\u00e3o.<\/p><\/div>\n\t\t\t\t<\/div>\n\t\t\t\t\t\t\t<div class=\"elementor-toggle-item\">\n\t\t\t\t\t<div id=\"elementor-tab-title-7604\" class=\"elementor-tab-title\" data-tab=\"4\" role=\"button\" aria-controls=\"elementor-tab-content-7604\" aria-expanded=\"false\">\n\t\t\t\t\t\t\t\t\t\t\t\t<span class=\"elementor-toggle-icon elementor-toggle-icon-left\" aria-hidden=\"true\">\n\t\t\t\t\t\t\t\t\t\t\t\t\t\t\t<span class=\"elementor-toggle-icon-closed\"><svg class=\"e-font-icon-svg e-fas-caret-right\" viewBox=\"0 0 192 512\" xmlns=\"http:\/\/www.w3.org\/2000\/svg\"><path d=\"M0 384.662V127.338c0-17.818 21.543-26.741 34.142-14.142l128.662 128.662c7.81 7.81 7.81 20.474 0 28.284L34.142 398.804C21.543 411.404 0 402.48 0 384.662z\"><\/path><\/svg><\/span>\n\t\t\t\t\t\t\t\t<span class=\"elementor-toggle-icon-opened\"><svg class=\"elementor-toggle-icon-opened e-font-icon-svg e-fas-caret-up\" viewBox=\"0 0 320 512\" xmlns=\"http:\/\/www.w3.org\/2000\/svg\"><path d=\"M288.662 352H31.338c-17.818 0-26.741-21.543-14.142-34.142l128.662-128.662c7.81-7.81 20.474-7.81 28.284 0l128.662 128.662c12.6 12.599 3.676 34.142-14.142 34.142z\"><\/path><\/svg><\/span>\n\t\t\t\t\t\t\t\t\t\t\t\t\t<\/span>\n\t\t\t\t\t\t\t\t\t\t\t\t<a class=\"elementor-toggle-title\" tabindex=\"0\">Os lodges e resorts est\u00e3o operando normalmente durante a seca?<\/a>\n\t\t\t\t\t<\/div>\n\n\t\t\t\t\t<div id=\"elementor-tab-content-7604\" class=\"elementor-tab-content elementor-clearfix\" data-tab=\"4\" role=\"region\" aria-labelledby=\"elementor-tab-title-7604\"><p data-pm-slice=\"1 1 []\">Alguns lodges e resorts, como o Amazon Ecopark e o Evolu\u00e7\u00e3o Lodge, tiveram que fechar temporariamente devido \u00e0s dificuldades de acesso causadas pela seca. Outros lodges mais afastados das \u00e1reas de queimadas continuam operando normalmente.<\/p><\/div>\n\t\t\t\t<\/div>\n\t\t\t\t\t\t\t<div class=\"elementor-toggle-item\">\n\t\t\t\t\t<div id=\"elementor-tab-title-7605\" class=\"elementor-tab-title\" data-tab=\"5\" role=\"button\" aria-controls=\"elementor-tab-content-7605\" aria-expanded=\"false\">\n\t\t\t\t\t\t\t\t\t\t\t\t<span class=\"elementor-toggle-icon elementor-toggle-icon-left\" aria-hidden=\"true\">\n\t\t\t\t\t\t\t\t\t\t\t\t\t\t\t<span class=\"elementor-toggle-icon-closed\"><svg class=\"e-font-icon-svg e-fas-caret-right\" viewBox=\"0 0 192 512\" xmlns=\"http:\/\/www.w3.org\/2000\/svg\"><path d=\"M0 384.662V127.338c0-17.818 21.543-26.741 34.142-14.142l128.662 128.662c7.81 7.81 7.81 20.474 0 28.284L34.142 398.804C21.543 411.404 0 402.48 0 384.662z\"><\/path><\/svg><\/span>\n\t\t\t\t\t\t\t\t<span class=\"elementor-toggle-icon-opened\"><svg class=\"elementor-toggle-icon-opened e-font-icon-svg e-fas-caret-up\" viewBox=\"0 0 320 512\" xmlns=\"http:\/\/www.w3.org\/2000\/svg\"><path d=\"M288.662 352H31.338c-17.818 0-26.741-21.543-14.142-34.142l128.662-128.662c7.81-7.81 20.474-7.81 28.284 0l128.662 128.662c12.6 12.599 3.676 34.142-14.142 34.142z\"><\/path><\/svg><\/span>\n\t\t\t\t\t\t\t\t\t\t\t\t\t<\/span>\n\t\t\t\t\t\t\t\t\t\t\t\t<a class=\"elementor-toggle-title\" tabindex=\"0\">O que est\u00e1 sendo feito para mitigar os efeitos da seca?<\/a>\n\t\t\t\t\t<\/div>\n\n\t\t\t\t\t<div id=\"elementor-tab-content-7605\" class=\"elementor-tab-content elementor-clearfix\" data-tab=\"5\" role=\"region\" aria-labelledby=\"elementor-tab-title-7605\"><p data-pm-slice=\"1 1 []\">Diversas a\u00e7\u00f5es podem ser tomadas para mitigar os efeitos da seca, incluindo a implementa\u00e7\u00e3o de pr\u00e1ticas de uso sustent\u00e1vel da terra, refor\u00e7o das leis de prote\u00e7\u00e3o ambiental e programas de educa\u00e7\u00e3o ambiental para as comunidades locais.<\/p><\/div>\n\t\t\t\t<\/div>\n\t\t\t\t\t\t\t<div class=\"elementor-toggle-item\">\n\t\t\t\t\t<div id=\"elementor-tab-title-7606\" class=\"elementor-tab-title\" data-tab=\"6\" role=\"button\" aria-controls=\"elementor-tab-content-7606\" aria-expanded=\"false\">\n\t\t\t\t\t\t\t\t\t\t\t\t<span class=\"elementor-toggle-icon elementor-toggle-icon-left\" aria-hidden=\"true\">\n\t\t\t\t\t\t\t\t\t\t\t\t\t\t\t<span class=\"elementor-toggle-icon-closed\"><svg class=\"e-font-icon-svg e-fas-caret-right\" viewBox=\"0 0 192 512\" xmlns=\"http:\/\/www.w3.org\/2000\/svg\"><path d=\"M0 384.662V127.338c0-17.818 21.543-26.741 34.142-14.142l128.662 128.662c7.81 7.81 7.81 20.474 0 28.284L34.142 398.804C21.543 411.404 0 402.48 0 384.662z\"><\/path><\/svg><\/span>\n\t\t\t\t\t\t\t\t<span class=\"elementor-toggle-icon-opened\"><svg class=\"elementor-toggle-icon-opened e-font-icon-svg e-fas-caret-up\" viewBox=\"0 0 320 512\" xmlns=\"http:\/\/www.w3.org\/2000\/svg\"><path d=\"M288.662 352H31.338c-17.818 0-26.741-21.543-14.142-34.142l128.662-128.662c7.81-7.81 20.474-7.81 28.284 0l128.662 128.662c12.6 12.599 3.676 34.142-14.142 34.142z\"><\/path><\/svg><\/span>\n\t\t\t\t\t\t\t\t\t\t\t\t\t<\/span>\n\t\t\t\t\t\t\t\t\t\t\t\t<a class=\"elementor-toggle-title\" tabindex=\"0\">Como posso me manter informado sobre a situa\u00e7\u00e3o na Amaz\u00f4nia?<\/a>\n\t\t\t\t\t<\/div>\n\n\t\t\t\t\t<div id=\"elementor-tab-content-7606\" class=\"elementor-tab-content elementor-clearfix\" data-tab=\"6\" role=\"region\" aria-labelledby=\"elementor-tab-title-7606\"><p data-pm-slice=\"1 1 []\">\u00c9 recomend\u00e1vel seguir as atualiza\u00e7\u00f5es de\u00a0<a title=\"\u200c\" href=\"https:\/\/www.greenpeace.org\/\" target=\"_blank\" rel=\"nofollow noopener noreferrer ugc\">organiza\u00e7\u00f5es ambientais confi\u00e1veis<\/a>, governos locais e regionais, e meios de comunica\u00e7\u00e3o cred\u00edveis para obter informa\u00e7\u00f5es atualizadas sobre a situa\u00e7\u00e3o na Amaz\u00f4nia.<\/p><\/div>\n\t\t\t\t<\/div>\n\t\t\t\t\t\t\t<div class=\"elementor-toggle-item\">\n\t\t\t\t\t<div id=\"elementor-tab-title-7607\" class=\"elementor-tab-title\" data-tab=\"7\" role=\"button\" aria-controls=\"elementor-tab-content-7607\" aria-expanded=\"false\">\n\t\t\t\t\t\t\t\t\t\t\t\t<span class=\"elementor-toggle-icon elementor-toggle-icon-left\" aria-hidden=\"true\">\n\t\t\t\t\t\t\t\t\t\t\t\t\t\t\t<span class=\"elementor-toggle-icon-closed\"><svg class=\"e-font-icon-svg e-fas-caret-right\" viewBox=\"0 0 192 512\" xmlns=\"http:\/\/www.w3.org\/2000\/svg\"><path d=\"M0 384.662V127.338c0-17.818 21.543-26.741 34.142-14.142l128.662 128.662c7.81 7.81 7.81 20.474 0 28.284L34.142 398.804C21.543 411.404 0 402.48 0 384.662z\"><\/path><\/svg><\/span>\n\t\t\t\t\t\t\t\t<span class=\"elementor-toggle-icon-opened\"><svg class=\"elementor-toggle-icon-opened e-font-icon-svg e-fas-caret-up\" viewBox=\"0 0 320 512\" xmlns=\"http:\/\/www.w3.org\/2000\/svg\"><path d=\"M288.662 352H31.338c-17.818 0-26.741-21.543-14.142-34.142l128.662-128.662c7.81-7.81 20.474-7.81 28.284 0l128.662 128.662c12.6 12.599 3.676 34.142-14.142 34.142z\"><\/path><\/svg><\/span>\n\t\t\t\t\t\t\t\t\t\t\t\t\t<\/span>\n\t\t\t\t\t\t\t\t\t\t\t\t<a class=\"elementor-toggle-title\" tabindex=\"0\">Existe alguma maneira de ajudar ou contribuir para a solu\u00e7\u00e3o do problema?<\/a>\n\t\t\t\t\t<\/div>\n\n\t\t\t\t\t<div id=\"elementor-tab-content-7607\" class=\"elementor-tab-content elementor-clearfix\" data-tab=\"7\" role=\"region\" aria-labelledby=\"elementor-tab-title-7607\"><p data-pm-slice=\"1 1 []\">Sim, voc\u00ea pode contribuir doando para organiza\u00e7\u00f5es que trabalham para preservar a Amaz\u00f4nia, apoiando pol\u00edticas de prote\u00e7\u00e3o ambiental, e promovendo pr\u00e1ticas sustent\u00e1veis em sua comunidade.<\/p><\/div>\n\t\t\t\t<\/div>\n\t\t\t\t\t\t\t<div class=\"elementor-toggle-item\">\n\t\t\t\t\t<div id=\"elementor-tab-title-7608\" class=\"elementor-tab-title\" data-tab=\"8\" role=\"button\" aria-controls=\"elementor-tab-content-7608\" aria-expanded=\"false\">\n\t\t\t\t\t\t\t\t\t\t\t\t<span class=\"elementor-toggle-icon elementor-toggle-icon-left\" aria-hidden=\"true\">\n\t\t\t\t\t\t\t\t\t\t\t\t\t\t\t<span class=\"elementor-toggle-icon-closed\"><svg class=\"e-font-icon-svg e-fas-caret-right\" viewBox=\"0 0 192 512\" xmlns=\"http:\/\/www.w3.org\/2000\/svg\"><path d=\"M0 384.662V127.338c0-17.818 21.543-26.741 34.142-14.142l128.662 128.662c7.81 7.81 7.81 20.474 0 28.284L34.142 398.804C21.543 411.404 0 402.48 0 384.662z\"><\/path><\/svg><\/span>\n\t\t\t\t\t\t\t\t<span class=\"elementor-toggle-icon-opened\"><svg class=\"elementor-toggle-icon-opened e-font-icon-svg e-fas-caret-up\" viewBox=\"0 0 320 512\" xmlns=\"http:\/\/www.w3.org\/2000\/svg\"><path d=\"M288.662 352H31.338c-17.818 0-26.741-21.543-14.142-34.142l128.662-128.662c7.81-7.81 20.474-7.81 28.284 0l128.662 128.662c12.6 12.599 3.676 34.142-14.142 34.142z\"><\/path><\/svg><\/span>\n\t\t\t\t\t\t\t\t\t\t\t\t\t<\/span>\n\t\t\t\t\t\t\t\t\t\t\t\t<a class=\"elementor-toggle-title\" tabindex=\"0\">Onde posso encontrar mais informa\u00e7\u00f5es sobre como a seca na Amaz\u00f4nia afeta o ecossistema global?<\/a>\n\t\t\t\t\t<\/div>\n\n\t\t\t\t\t<div id=\"elementor-tab-content-7608\" class=\"elementor-tab-content elementor-clearfix\" data-tab=\"8\" role=\"region\" aria-labelledby=\"elementor-tab-title-7608\"><div class=\"phenom-desc\"><div class=\"comment-container\"><div class=\"action-comment can-view-video markeddown js-comment is-comments-rewrite\" dir=\"auto\"><div class=\"current-comment js-friendly-links js-open-card\"><p>Voc\u00ea pode visitar sites de\u00a0<a title=\"\u200c\" href=\"https:\/\/www.greenpeace.org\/\" target=\"_blank\" rel=\"nofollow noopener noreferrer ugc\">organiza\u00e7\u00f5es ambientais renomadas<\/a>, ler relat\u00f3rios cient\u00edficos e seguir as not\u00edcias em meios de comunica\u00e7\u00e3o confi\u00e1veis para entender melhor como a seca na Amaz\u00f4nia afeta o ecossistema global.<\/p><\/div><\/div><\/div><div class=\"js-embed-previews\">\u00a0<\/div><div class=\"hide unfurled-comment comment-preview\">\u00a0<\/div><\/div><div class=\"phenom-reactions\"><div class=\"js-reaction-piles reaction-piles-container last\"><div class=\"reaction-piles reaction-piles-empty\">\u00a0<\/div><\/div><\/div><\/div>\n\t\t\t\t<\/div>\n\t\t\t\t\t\t\t\t\t\t<script type=\"application\/ld+json\">{\"@context\":\"https:\\\/\\\/schema.org\",\"@type\":\"FAQPage\",\"mainEntity\":[{\"@type\":\"Question\",\"name\":\"O que est\\u00e1 causando a seca na Amaz\\u00f4nia?\",\"acceptedAnswer\":{\"@type\":\"Answer\",\"text\":\"<p data-pm-slice=\\\"1 1 []\\\">A seca na Amaz\\u00f4nia pode ser causada por diversos fatores, incluindo\\u00a0<a title=\\\"\\u200c\\\" href=\\\"https:\\\/\\\/www.gov.br\\\/\\\" target=\\\"_blank\\\" rel=\\\"nofollow noopener noreferrer ugc\\\">mudan\\u00e7as clim\\u00e1ticas globais<\\\/a>, desmatamento e atividades humanas que interferem nos padr\\u00f5es naturais de chuva e umidade na regi\\u00e3o.<\\\/p>\"}},{\"@type\":\"Question\",\"name\":\"Quais s\\u00e3o os impactos da seca na regi\\u00e3o?\",\"acceptedAnswer\":{\"@type\":\"Answer\",\"text\":\"<p>A seca pode levar a uma s\\u00e9rie de problemas, incluindo:<\\\/p><ul><li>Redu\\u00e7\\u00e3o dos n\\u00edveis de \\u00e1gua: A falta de chuva diminui os n\\u00edveis de \\u00e1gua nos rios e reservat\\u00f3rios, conforme discutido em um\\u00a0<a title=\\\"\\u200c\\\" href=\\\"https:\\\/\\\/www1.folha.uol.com.br\\\/\\\" target=\\\"_blank\\\" rel=\\\"nofollow noopener noreferrer ugc\\\">podcast da Folha<\\\/a>.<\\\/li><li>Amea\\u00e7a \\u00e0 biodiversidade: A seca pode amea\\u00e7ar a vida selvagem e a flora da regi\\u00e3o.<\\\/li><li>Problemas de sa\\u00fade: A seca e as queimadas associadas podem causar problemas respirat\\u00f3rios e outros problemas de sa\\u00fade para as popula\\u00e7\\u00f5es locais.<\\\/li><li>Impacto econ\\u00f4mico: Pode haver um impacto econ\\u00f4mico negativo, especialmente em comunidades que dependem da agricultura e do turismo.<\\\/li><\\\/ul>\"}},{\"@type\":\"Question\",\"name\":\"Como a seca afeta a cidade de Manaus?\",\"acceptedAnswer\":{\"@type\":\"Answer\",\"text\":\"<p data-pm-slice=\\\"1 1 []\\\">Manaus tem enfrentado problemas com a fuma\\u00e7a das queimadas, que pode causar desconforto respirat\\u00f3rio e visibilidade reduzida. A seca tamb\\u00e9m pode afetar o transporte fluvial, que \\u00e9 vital para a regi\\u00e3o.<\\\/p>\"}},{\"@type\":\"Question\",\"name\":\"Os lodges e resorts est\\u00e3o operando normalmente durante a seca?\",\"acceptedAnswer\":{\"@type\":\"Answer\",\"text\":\"<p data-pm-slice=\\\"1 1 []\\\">Alguns lodges e resorts, como o Amazon Ecopark e o Evolu\\u00e7\\u00e3o Lodge, tiveram que fechar temporariamente devido \\u00e0s dificuldades de acesso causadas pela seca. Outros lodges mais afastados das \\u00e1reas de queimadas continuam operando normalmente.<\\\/p>\"}},{\"@type\":\"Question\",\"name\":\"O que est\\u00e1 sendo feito para mitigar os efeitos da seca?\",\"acceptedAnswer\":{\"@type\":\"Answer\",\"text\":\"<p data-pm-slice=\\\"1 1 []\\\">Diversas a\\u00e7\\u00f5es podem ser tomadas para mitigar os efeitos da seca, incluindo a implementa\\u00e7\\u00e3o de pr\\u00e1ticas de uso sustent\\u00e1vel da terra, refor\\u00e7o das leis de prote\\u00e7\\u00e3o ambiental e programas de educa\\u00e7\\u00e3o ambiental para as comunidades locais.<\\\/p>\"}},{\"@type\":\"Question\",\"name\":\"Como posso me manter informado sobre a situa\\u00e7\\u00e3o na Amaz\\u00f4nia?\",\"acceptedAnswer\":{\"@type\":\"Answer\",\"text\":\"<p data-pm-slice=\\\"1 1 []\\\">\\u00c9 recomend\\u00e1vel seguir as atualiza\\u00e7\\u00f5es de\\u00a0<a title=\\\"\\u200c\\\" href=\\\"https:\\\/\\\/www.greenpeace.org\\\/\\\" target=\\\"_blank\\\" rel=\\\"nofollow noopener noreferrer ugc\\\">organiza\\u00e7\\u00f5es ambientais confi\\u00e1veis<\\\/a>, governos locais e regionais, e meios de comunica\\u00e7\\u00e3o cred\\u00edveis para obter informa\\u00e7\\u00f5es atualizadas sobre a situa\\u00e7\\u00e3o na Amaz\\u00f4nia.<\\\/p>\"}},{\"@type\":\"Question\",\"name\":\"Existe alguma maneira de ajudar ou contribuir para a solu\\u00e7\\u00e3o do problema?\",\"acceptedAnswer\":{\"@type\":\"Answer\",\"text\":\"<p data-pm-slice=\\\"1 1 []\\\">Sim, voc\\u00ea pode contribuir doando para organiza\\u00e7\\u00f5es que trabalham para preservar a Amaz\\u00f4nia, apoiando pol\\u00edticas de prote\\u00e7\\u00e3o ambiental, e promovendo pr\\u00e1ticas sustent\\u00e1veis em sua comunidade.<\\\/p>\"}},{\"@type\":\"Question\",\"name\":\"Onde posso encontrar mais informa\\u00e7\\u00f5es sobre como a seca na Amaz\\u00f4nia afeta o ecossistema global?\",\"acceptedAnswer\":{\"@type\":\"Answer\",\"text\":\"<div class=\\\"phenom-desc\\\"><div class=\\\"comment-container\\\"><div class=\\\"action-comment can-view-video markeddown js-comment is-comments-rewrite\\\" dir=\\\"auto\\\"><div class=\\\"current-comment js-friendly-links js-open-card\\\"><p>Voc\\u00ea pode visitar sites de\\u00a0<a title=\\\"\\u200c\\\" href=\\\"https:\\\/\\\/www.greenpeace.org\\\/\\\" target=\\\"_blank\\\" rel=\\\"nofollow noopener noreferrer ugc\\\">organiza\\u00e7\\u00f5es ambientais renomadas<\\\/a>, ler relat\\u00f3rios cient\\u00edficos e seguir as not\\u00edcias em meios de comunica\\u00e7\\u00e3o confi\\u00e1veis para entender melhor como a seca na Amaz\\u00f4nia afeta o ecossistema global.<\\\/p><\\\/div><\\\/div><\\\/div><div class=\\\"js-embed-previews\\\">\\u00a0<\\\/div><div class=\\\"hide unfurled-comment comment-preview\\\">\\u00a0<\\\/div><\\\/div><div class=\\\"phenom-reactions\\\"><div class=\\\"js-reaction-piles reaction-piles-container last\\\"><div class=\\\"reaction-piles reaction-piles-empty\\\">\\u00a0<\\\/div><\\\/div><\\\/div>\"}}]}<\/script>\n\t\t\t\t\t<\/div>\n\t\t\t\t<\/div>\n\t\t\t\t<\/div>\n\t\t\t\t<div class=\"elementor-element elementor-element-f7a8e96 elementor--h-position-center elementor--v-position-middle elementor-arrows-position-inside elementor-pagination-position-inside elementor-widget elementor-widget-slides\" data-id=\"f7a8e96\" data-element_type=\"widget\" data-settings=\"{&quot;navigation&quot;:&quot;both&quot;,&quot;autoplay&quot;:&quot;yes&quot;,&quot;pause_on_hover&quot;:&quot;yes&quot;,&quot;pause_on_interaction&quot;:&quot;yes&quot;,&quot;autoplay_speed&quot;:5000,&quot;infinite&quot;:&quot;yes&quot;,&quot;transition&quot;:&quot;slide&quot;,&quot;transition_speed&quot;:500}\" data-widget_type=\"slides.default\">\n\t\t\t\t<div class=\"elementor-widget-container\">\n\t\t\t<style>\/*! elementor-pro - v3.18.0 - 20-12-2023 *\/\n.elementor-slides .swiper-slide-bg{background-size:cover;background-position:50%;background-repeat:no-repeat;min-width:100%;min-height:100%}.elementor-slides .swiper-slide-inner{background-repeat:no-repeat;background-position:50%;position:absolute;top:0;left:0;bottom:0;right:0;padding:50px;margin:auto}.elementor-slides .swiper-slide-inner,.elementor-slides .swiper-slide-inner:hover{color:#fff;display:flex}.elementor-slides .swiper-slide-inner .elementor-background-overlay{position:absolute;z-index:0;top:0;bottom:0;left:0;right:0}.elementor-slides .swiper-slide-inner .elementor-slide-content{position:relative;z-index:1;width:100%}.elementor-slides .swiper-slide-inner .elementor-slide-heading{font-size:35px;font-weight:700;line-height:1}.elementor-slides .swiper-slide-inner .elementor-slide-description{font-size:17px;line-height:1.4}.elementor-slides .swiper-slide-inner .elementor-slide-description:not(:last-child),.elementor-slides .swiper-slide-inner .elementor-slide-heading:not(:last-child){margin-bottom:30px}.elementor-slides .swiper-slide-inner .elementor-slide-button{border:2px solid #fff;color:#fff;background:transparent;display:inline-block}.elementor-slides .swiper-slide-inner .elementor-slide-button,.elementor-slides .swiper-slide-inner .elementor-slide-button:hover{background:transparent;color:inherit;text-decoration:none}.elementor--v-position-top .swiper-slide-inner{align-items:flex-start}.elementor--v-position-bottom .swiper-slide-inner{align-items:flex-end}.elementor--v-position-middle .swiper-slide-inner{align-items:center}.elementor--h-position-left .swiper-slide-inner{justify-content:flex-start}.elementor--h-position-right .swiper-slide-inner{justify-content:flex-end}.elementor--h-position-center .swiper-slide-inner{justify-content:center}body.rtl .elementor-widget-slides .elementor-swiper-button-next{left:10px;right:auto}body.rtl .elementor-widget-slides .elementor-swiper-button-prev{right:10px;left:auto}.elementor-slides-wrapper div:not(.swiper-slide)>.swiper-slide-inner{display:none}@media (max-width:767px){.elementor-slides .swiper-slide-inner{padding:30px}.elementor-slides .swiper-slide-inner .elementor-slide-heading{font-size:23px;line-height:1;margin-bottom:15px}.elementor-slides .swiper-slide-inner .elementor-slide-description{font-size:13px;line-height:1.4;margin-bottom:15px}}<\/style>\t\t<div class=\"elementor-swiper\">\n\t\t\t<div class=\"elementor-slides-wrapper elementor-main-swiper swiper-container\" dir=\"ltr\" data-animation=\"fadeInUp\">\n\t\t\t\t<div class=\"swiper-wrapper elementor-slides\">\n\t\t\t\t\t\t\t\t\t\t<div class=\"elementor-repeater-item-00271f8 swiper-slide\"><div class=\"swiper-slide-bg\" role=\"img\"><\/div><a class=\"swiper-slide-inner\" href=\"https:\/\/ofertas.blumarturismo.com.br\/resorts\"><div class=\"swiper-slide-contents\"><\/div><\/a><\/div><div class=\"elementor-repeater-item-71b0de2 swiper-slide\"><div class=\"swiper-slide-bg\" role=\"img\"><\/div><a class=\"swiper-slide-inner\" href=\"https:\/\/ofertas.blumarturismo.com.br\/passeio-de-lancha-rio-de-janeiro\"><div class=\"swiper-slide-contents\"><\/div><\/a><\/div><div class=\"elementor-repeater-item-332d8cd swiper-slide\"><div class=\"swiper-slide-bg\" role=\"img\"><\/div><a class=\"swiper-slide-inner\" href=\"https:\/\/ofertas.blumarturismo.com.br\/melhores-hoteis-do-rio-de-janeiro\"><div class=\"swiper-slide-contents\"><\/div><\/a><\/div><div class=\"elementor-repeater-item-46aaeea swiper-slide\"><div class=\"swiper-slide-bg\" role=\"img\"><\/div><a class=\"swiper-slide-inner\" href=\"https:\/\/ofertas.blumarturismo.com.br\/pacote-rota-dos-ventos\"><div class=\"swiper-slide-contents\"><\/div><\/a><\/div><div class=\"elementor-repeater-item-2bdaca9 swiper-slide\"><div class=\"swiper-slide-bg\" role=\"img\"><\/div><a class=\"swiper-slide-inner\" href=\"https:\/\/ofertas.blumarturismo.com.br\/temporada-de-cruzeiros\"><div class=\"swiper-slide-contents\"><\/div><\/a><\/div><div class=\"elementor-repeater-item-f956ea8 swiper-slide\"><div class=\"swiper-slide-bg\" role=\"img\"><\/div><a class=\"swiper-slide-inner\" href=\"https:\/\/ofertas.blumarturismo.com.br\/rota-das-emocoes\"><div class=\"swiper-slide-contents\"><\/div><\/a><\/div><div class=\"elementor-repeater-item-aee1f66 swiper-slide\"><div class=\"swiper-slide-bg\" role=\"img\"><\/div><a class=\"swiper-slide-inner\" href=\"https:\/\/ofertas.blumarturismo.com.br\/gramado\"><div class=\"swiper-slide-contents\"><\/div><\/a><\/div><div class=\"elementor-repeater-item-5e87a03 swiper-slide\"><div class=\"swiper-slide-bg\" role=\"img\"><\/div><a class=\"swiper-slide-inner\" href=\"https:\/\/ofertas.blumarturismo.com.br\/paraty\"><div class=\"swiper-slide-contents\"><\/div><\/a><\/div><div class=\"elementor-repeater-item-1bdad86 swiper-slide\"><div class=\"swiper-slide-bg\" role=\"img\"><\/div><a class=\"swiper-slide-inner\" href=\"https:\/\/ofertas.blumarturismo.com.br\/bonito\"><div class=\"swiper-slide-contents\"><\/div><\/a><\/div><div class=\"elementor-repeater-item-f2b10ae swiper-slide\"><div class=\"swiper-slide-bg\" role=\"img\"><\/div><a class=\"swiper-slide-inner\" href=\"https:\/\/ofertas.blumarturismo.com.br\/fernando-de-noronha\"><div class=\"swiper-slide-contents\"><\/div><\/a><\/div>\t\t\t\t<\/div>\n\t\t\t\t\t\t\t\t\t\t\t\t\t\t\t<div class=\"swiper-pagination\"><\/div>\n\t\t\t\t\t\t\t\t\t\t\t\t\t\t\t\t<div class=\"elementor-swiper-button elementor-swiper-button-prev\" role=\"button\" tabindex=\"0\">\n\t\t\t\t\t\t\t<svg aria-hidden=\"true\" class=\"e-font-icon-svg e-eicon-chevron-left\" viewBox=\"0 0 1000 1000\" xmlns=\"http:\/\/www.w3.org\/2000\/svg\"><path d=\"M646 125C629 125 613 133 604 142L308 442C296 454 292 471 292 487 292 504 296 521 308 533L604 854C617 867 629 875 646 875 663 875 679 871 692 858 704 846 713 829 713 812 713 796 708 779 692 767L438 487 692 225C700 217 708 204 708 187 708 171 704 154 692 142 675 129 663 125 646 125Z\"><\/path><\/svg>\t\t\t\t\t\t\t<span class=\"elementor-screen-only\">Previous slide<\/span>\n\t\t\t\t\t\t<\/div>\n\t\t\t\t\t\t<div class=\"elementor-swiper-button elementor-swiper-button-next\" role=\"button\" tabindex=\"0\">\n\t\t\t\t\t\t\t<svg aria-hidden=\"true\" class=\"e-font-icon-svg e-eicon-chevron-right\" viewBox=\"0 0 1000 1000\" xmlns=\"http:\/\/www.w3.org\/2000\/svg\"><path d=\"M696 533C708 521 713 504 713 487 713 471 708 454 696 446L400 146C388 133 375 125 354 125 338 125 325 129 313 142 300 154 292 171 292 187 292 204 296 221 308 233L563 492 304 771C292 783 288 800 288 817 288 833 296 850 308 863 321 871 338 875 354 875 371 875 388 867 400 854L696 533Z\"><\/path><\/svg>\t\t\t\t\t\t\t<span class=\"elementor-screen-only\">Next slide<\/span>\n\t\t\t\t\t\t<\/div>\n\t\t\t\t\t\t\t\t\t\t\t\t<\/div>\n\t\t<\/div>\n\t\t\t\t<\/div>\n\t\t\t\t<\/div>\n\t\t\t\t\t<\/div>\n\t\t\t\t<\/div>\n\t\t\t\t<section class=\"elementor-section elementor-top-section elementor-element elementor-element-1505d23 elementor-section-boxed elementor-section-height-default elementor-section-height-default\" data-id=\"1505d23\" data-element_type=\"section\">\n\t\t\t\t\t\t<div class=\"elementor-container elementor-column-gap-default\">\n\t\t\t\t\t<div class=\"elementor-column elementor-col-100 elementor-top-column elementor-element elementor-element-ab82e31\" data-id=\"ab82e31\" data-element_type=\"column\" data-settings=\"{&quot;background_background&quot;:&quot;classic&quot;}\">\n\t\t\t<div class=\"elementor-widget-wrap elementor-element-populated\">\n\t\t\t\t\t\t\t\t<div class=\"elementor-element elementor-element-0f943b6 elementor-view-stacked elementor-position-left elementor-vertical-align-middle elementor-shape-circle elementor-mobile-position-top elementor-widget elementor-widget-icon-box\" data-id=\"0f943b6\" data-element_type=\"widget\" data-widget_type=\"icon-box.default\">\n\t\t\t\t<div class=\"elementor-widget-container\">\n\t\t\t<link rel=\"stylesheet\" href=\"https:\/\/www.blumarturismo.com.br\/blog\/wp-content\/plugins\/elementor\/assets\/css\/widget-icon-box.min.css\">\t\t<div class=\"elementor-icon-box-wrapper\">\n\t\t\t\t\t\t<div class=\"elementor-icon-box-icon\">\n\t\t\t\t<a href=\"https:\/\/www.instagram.com\/p\/CUNR9t-sFBc\/\" class=\"elementor-icon elementor-animation-\" tabindex=\"-1\">\n\t\t\t\t<svg aria-hidden=\"true\" class=\"e-font-icon-svg e-fab-instagram\" viewBox=\"0 0 448 512\" xmlns=\"http:\/\/www.w3.org\/2000\/svg\"><path d=\"M224.1 141c-63.6 0-114.9 51.3-114.9 114.9s51.3 114.9 114.9 114.9S339 319.5 339 255.9 287.7 141 224.1 141zm0 189.6c-41.1 0-74.7-33.5-74.7-74.7s33.5-74.7 74.7-74.7 74.7 33.5 74.7 74.7-33.6 74.7-74.7 74.7zm146.4-194.3c0 14.9-12 26.8-26.8 26.8-14.9 0-26.8-12-26.8-26.8s12-26.8 26.8-26.8 26.8 12 26.8 26.8zm76.1 27.2c-1.7-35.9-9.9-67.7-36.2-93.9-26.2-26.2-58-34.4-93.9-36.2-37-2.1-147.9-2.1-184.9 0-35.8 1.7-67.6 9.9-93.9 36.1s-34.4 58-36.2 93.9c-2.1 37-2.1 147.9 0 184.9 1.7 35.9 9.9 67.7 36.2 93.9s58 34.4 93.9 36.2c37 2.1 147.9 2.1 184.9 0 35.9-1.7 67.7-9.9 93.9-36.2 26.2-26.2 34.4-58 36.2-93.9 2.1-37 2.1-147.8 0-184.8zM398.8 388c-7.8 19.6-22.9 34.7-42.6 42.6-29.5 11.7-99.5 9-132.1 9s-102.7 2.6-132.1-9c-19.6-7.8-34.7-22.9-42.6-42.6-11.7-29.5-9-99.5-9-132.1s-2.6-102.7 9-132.1c7.8-19.6 22.9-34.7 42.6-42.6 29.5-11.7 99.5-9 132.1-9s102.7-2.6 132.1 9c19.6 7.8 34.7 22.9 42.6 42.6 11.7 29.5 9 99.5 9 132.1s2.7 102.7-9 132.1z\"><\/path><\/svg>\t\t\t\t<\/a>\n\t\t\t<\/div>\n\t\t\t\t\t\t<div class=\"elementor-icon-box-content\">\n\t\t\t\t<h6 class=\"elementor-icon-box-title\">\n\t\t\t\t\t<a href=\"https:\/\/www.instagram.com\/p\/CUNR9t-sFBc\/\" >\n\t\t\t\t\t\tCUrtiu a dica? \t\t\t\t\t<\/a>\n\t\t\t\t<\/h6>\n\t\t\t\t\t\t\t\t\t<p class=\"elementor-icon-box-description\">\n\t\t\t\t\t\tSiga a Blumar e compartilhe com quem voc\u00ea quer levar para esse para\u00edso!\t\t\t\t\t<\/p>\n\t\t\t\t\t\t\t<\/div>\n\t\t<\/div>\n\t\t\t\t<\/div>\n\t\t\t\t<\/div>\n\t\t\t\t\t<\/div>\n\t\t<\/div>\n\t\t\t\t\t\t\t<\/div>\n\t\t<\/section>\n\t\t\t\t<section class=\"elementor-section elementor-top-section elementor-element elementor-element-4f7e966 elementor-section-boxed elementor-section-height-default elementor-section-height-default\" data-id=\"4f7e966\" data-element_type=\"section\">\n\t\t\t\t\t\t<div class=\"elementor-container elementor-column-gap-default\">\n\t\t\t\t\t<div class=\"elementor-column elementor-col-100 elementor-top-column elementor-element elementor-element-428b604\" data-id=\"428b604\" data-element_type=\"column\">\n\t\t\t<div class=\"elementor-widget-wrap elementor-element-populated\">\n\t\t\t\t\t\t\t\t<section class=\"elementor-section elementor-inner-section elementor-element elementor-element-1611703 elementor-section-boxed elementor-section-height-default elementor-section-height-default\" data-id=\"1611703\" data-element_type=\"section\">\n\t\t\t\t\t\t<div class=\"elementor-container elementor-column-gap-no\">\n\t\t\t\t\t<div class=\"elementor-column elementor-col-100 elementor-inner-column elementor-element elementor-element-f46e334\" data-id=\"f46e334\" data-element_type=\"column\">\n\t\t\t<div class=\"elementor-widget-wrap elementor-element-populated\">\n\t\t\t\t\t\t\t\t<div class=\"elementor-element elementor-element-ba7be0b elementor-widget-divider--view-line elementor-widget elementor-widget-divider\" data-id=\"ba7be0b\" data-element_type=\"widget\" data-widget_type=\"divider.default\">\n\t\t\t\t<div class=\"elementor-widget-container\">\n\t\t\t<style>\/*! elementor - v3.16.0 - 13-09-2023 *\/\n.elementor-widget-divider{--divider-border-style:none;--divider-border-width:1px;--divider-color:#0c0d0e;--divider-icon-size:20px;--divider-element-spacing:10px;--divider-pattern-height:24px;--divider-pattern-size:20px;--divider-pattern-url:none;--divider-pattern-repeat:repeat-x}.elementor-widget-divider .elementor-divider{display:flex}.elementor-widget-divider .elementor-divider__text{font-size:15px;line-height:1;max-width:95%}.elementor-widget-divider .elementor-divider__element{margin:0 var(--divider-element-spacing);flex-shrink:0}.elementor-widget-divider .elementor-icon{font-size:var(--divider-icon-size)}.elementor-widget-divider .elementor-divider-separator{display:flex;margin:0;direction:ltr}.elementor-widget-divider--view-line_icon .elementor-divider-separator,.elementor-widget-divider--view-line_text .elementor-divider-separator{align-items:center}.elementor-widget-divider--view-line_icon .elementor-divider-separator:after,.elementor-widget-divider--view-line_icon .elementor-divider-separator:before,.elementor-widget-divider--view-line_text .elementor-divider-separator:after,.elementor-widget-divider--view-line_text .elementor-divider-separator:before{display:block;content:\"\";border-bottom:0;flex-grow:1;border-top:var(--divider-border-width) var(--divider-border-style) var(--divider-color)}.elementor-widget-divider--element-align-left .elementor-divider .elementor-divider-separator>.elementor-divider__svg:first-of-type{flex-grow:0;flex-shrink:100}.elementor-widget-divider--element-align-left .elementor-divider-separator:before{content:none}.elementor-widget-divider--element-align-left .elementor-divider__element{margin-left:0}.elementor-widget-divider--element-align-right .elementor-divider .elementor-divider-separator>.elementor-divider__svg:last-of-type{flex-grow:0;flex-shrink:100}.elementor-widget-divider--element-align-right .elementor-divider-separator:after{content:none}.elementor-widget-divider--element-align-right .elementor-divider__element{margin-right:0}.elementor-widget-divider:not(.elementor-widget-divider--view-line_text):not(.elementor-widget-divider--view-line_icon) .elementor-divider-separator{border-top:var(--divider-border-width) var(--divider-border-style) var(--divider-color)}.elementor-widget-divider--separator-type-pattern{--divider-border-style:none}.elementor-widget-divider--separator-type-pattern.elementor-widget-divider--view-line .elementor-divider-separator,.elementor-widget-divider--separator-type-pattern:not(.elementor-widget-divider--view-line) .elementor-divider-separator:after,.elementor-widget-divider--separator-type-pattern:not(.elementor-widget-divider--view-line) .elementor-divider-separator:before,.elementor-widget-divider--separator-type-pattern:not([class*=elementor-widget-divider--view]) .elementor-divider-separator{width:100%;min-height:var(--divider-pattern-height);-webkit-mask-size:var(--divider-pattern-size) 100%;mask-size:var(--divider-pattern-size) 100%;-webkit-mask-repeat:var(--divider-pattern-repeat);mask-repeat:var(--divider-pattern-repeat);background-color:var(--divider-color);-webkit-mask-image:var(--divider-pattern-url);mask-image:var(--divider-pattern-url)}.elementor-widget-divider--no-spacing{--divider-pattern-size:auto}.elementor-widget-divider--bg-round{--divider-pattern-repeat:round}.rtl .elementor-widget-divider .elementor-divider__text{direction:rtl}.e-con-inner>.elementor-widget-divider,.e-con>.elementor-widget-divider{width:var(--container-widget-width,100%);--flex-grow:var(--container-widget-flex-grow)}<\/style>\t\t<div class=\"elementor-divider\">\n\t\t\t<span class=\"elementor-divider-separator\">\n\t\t\t\t\t\t<\/span>\n\t\t<\/div>\n\t\t\t\t<\/div>\n\t\t\t\t<\/div>\n\t\t\t\t<div class=\"elementor-element elementor-element-4139e61 elementor-widget elementor-widget-text-editor\" data-id=\"4139e61\" data-element_type=\"widget\" data-widget_type=\"text-editor.default\">\n\t\t\t\t<div class=\"elementor-widget-container\">\n\t\t\t\t\t\t\t<h2 style=\"text-align: center;\"><span style=\"color: #ff9600;\"><strong>Confira nossas Ofertas de 2025<\/strong><\/span><\/h2>\t\t\t\t\t\t<\/div>\n\t\t\t\t<\/div>\n\t\t\t\t<div class=\"elementor-element elementor-element-f6c3801 elementor-widget elementor-widget-text-editor\" data-id=\"f6c3801\" data-element_type=\"widget\" data-widget_type=\"text-editor.default\">\n\t\t\t\t<div class=\"elementor-widget-container\">\n\t\t\t\t\t\t\t<p>Acreditamos que voc\u00ea possa gostar dessas novidades abaixo, por isso r<span style=\"color: var( --e-global-color-text );\">eunimos aqui as melhores promo\u00e7\u00f5es e condi\u00e7\u00f5es para deixar a sua viagem ainda mais interessante.<\/span><\/p>\t\t\t\t\t\t<\/div>\n\t\t\t\t<\/div>\n\t\t\t\t\t<\/div>\n\t\t<\/div>\n\t\t\t\t\t\t\t<\/div>\n\t\t<\/section>\n\t\t\t\t\t<\/div>\n\t\t<\/div>\n\t\t\t\t\t\t\t<\/div>\n\t\t<\/section>\n\t\t<div class=\"elementor-element elementor-element-eeb2c3e e-flex e-con-boxed e-con e-parent\" data-id=\"eeb2c3e\" data-element_type=\"container\" data-settings=\"{&quot;content_width&quot;:&quot;boxed&quot;}\" data-core-v316-plus=\"true\">\n\t\t\t\t\t<div class=\"e-con-inner\">\n\t\t<div class=\"elementor-element elementor-element-08d7750 e-con-full e-flex e-con e-child\" data-id=\"08d7750\" data-element_type=\"container\" data-settings=\"{&quot;content_width&quot;:&quot;full&quot;}\">\n\t\t\t\t<div class=\"elementor-element elementor-element-6f5da31 elementor-widget elementor-widget-image\" data-id=\"6f5da31\" data-element_type=\"widget\" data-widget_type=\"image.default\">\n\t\t\t\t<div class=\"elementor-widget-container\">\n\t\t\t\t\t\t\t\t\t\t\t\t\t\t\t\t<a href=\"https:\/\/ofertas.blumarturismo.com.br\/rota-das-emocoes?utm_source=blog&#038;utm_medium=mini_banner_blog&#038;utm_campaign=ofertas_banner\">\n\t\t\t\t\t\t\t<img loading=\"lazy\" decoding=\"async\" width=\"360\" height=\"280\" src=\"https:\/\/www.blumarturismo.com.br\/blog\/wp-content\/uploads\/2023\/05\/lxs3m34jodk.jpg\" class=\"attachment-large size-large wp-image-52454\" alt=\"Rota das Emo\u00e7\u00f5es\" srcset=\"https:\/\/www.blumarturismo.com.br\/blog\/wp-content\/uploads\/2023\/05\/lxs3m34jodk.jpg 360w, https:\/\/www.blumarturismo.com.br\/blog\/wp-content\/uploads\/2023\/05\/lxs3m34jodk-300x233.jpg 300w\" sizes=\"auto, (max-width: 360px) 100vw, 360px\" \/>\t\t\t\t\t\t\t\t<\/a>\n\t\t\t\t\t\t\t\t\t\t\t\t\t\t\t<\/div>\n\t\t\t\t<\/div>\n\t\t\t\t<\/div>\n\t\t<div class=\"elementor-element elementor-element-b0453ba e-con-full e-flex e-con e-child\" data-id=\"b0453ba\" data-element_type=\"container\" data-settings=\"{&quot;content_width&quot;:&quot;full&quot;}\">\n\t\t\t\t<div class=\"elementor-element elementor-element-0c87afa elementor-widget elementor-widget-image\" data-id=\"0c87afa\" data-element_type=\"widget\" data-widget_type=\"image.default\">\n\t\t\t\t<div class=\"elementor-widget-container\">\n\t\t\t\t\t\t\t\t\t\t\t\t\t\t\t\t<a href=\"https:\/\/ofertas.blumarturismo.com.br\/melhores-hoteis-do-rio-de-janeiro\">\n\t\t\t\t\t\t\t<img loading=\"lazy\" decoding=\"async\" width=\"360\" height=\"280\" src=\"https:\/\/www.blumarturismo.com.br\/blog\/wp-content\/uploads\/2023\/05\/rio-1.jpg\" class=\"attachment-large size-large wp-image-52456\" alt=\"Rio de Janeiro\" srcset=\"https:\/\/www.blumarturismo.com.br\/blog\/wp-content\/uploads\/2023\/05\/rio-1.jpg 360w, https:\/\/www.blumarturismo.com.br\/blog\/wp-content\/uploads\/2023\/05\/rio-1-300x233.jpg 300w\" sizes=\"auto, (max-width: 360px) 100vw, 360px\" \/>\t\t\t\t\t\t\t\t<\/a>\n\t\t\t\t\t\t\t\t\t\t\t\t\t\t\t<\/div>\n\t\t\t\t<\/div>\n\t\t\t\t<\/div>\n\t\t\t\t\t<\/div>\n\t\t\t\t<\/div>\n\t\t<div class=\"elementor-element elementor-element-b72d50a e-flex e-con-boxed e-con e-parent\" data-id=\"b72d50a\" data-element_type=\"container\" data-settings=\"{&quot;content_width&quot;:&quot;boxed&quot;}\" data-core-v316-plus=\"true\">\n\t\t\t\t\t<div class=\"e-con-inner\">\n\t\t<div class=\"elementor-element elementor-element-858e05d e-con-full e-flex e-con e-child\" data-id=\"858e05d\" data-element_type=\"container\" data-settings=\"{&quot;content_width&quot;:&quot;full&quot;}\">\n\t\t\t\t<div class=\"elementor-element elementor-element-bfa5911 elementor-widget elementor-widget-image\" data-id=\"bfa5911\" data-element_type=\"widget\" data-widget_type=\"image.default\">\n\t\t\t\t<div class=\"elementor-widget-container\">\n\t\t\t\t\t\t\t\t\t\t\t\t\t\t\t\t<a href=\"https:\/\/ofertas.blumarturismo.com.br\/temporada-de-cruzeiros?utm_source=blog&#038;utm_medium=banner&#038;utm_campaign=slider-criativo-cruzeiros&#038;utm_id=Cruzeiros\">\n\t\t\t\t\t\t\t<img loading=\"lazy\" decoding=\"async\" width=\"360\" height=\"280\" src=\"https:\/\/www.blumarturismo.com.br\/blog\/wp-content\/uploads\/2023\/05\/cruzeiro.jpg\" class=\"attachment-large size-large wp-image-52455\" alt=\"Cruzeiros\" srcset=\"https:\/\/www.blumarturismo.com.br\/blog\/wp-content\/uploads\/2023\/05\/cruzeiro.jpg 360w, https:\/\/www.blumarturismo.com.br\/blog\/wp-content\/uploads\/2023\/05\/cruzeiro-300x233.jpg 300w\" sizes=\"auto, (max-width: 360px) 100vw, 360px\" \/>\t\t\t\t\t\t\t\t<\/a>\n\t\t\t\t\t\t\t\t\t\t\t\t\t\t\t<\/div>\n\t\t\t\t<\/div>\n\t\t\t\t<\/div>\n\t\t<div class=\"elementor-element elementor-element-01e4667 e-con-full e-flex e-con e-child\" data-id=\"01e4667\" data-element_type=\"container\" data-settings=\"{&quot;content_width&quot;:&quot;full&quot;}\">\n\t\t\t\t<div class=\"elementor-element elementor-element-128a055 elementor-widget elementor-widget-image\" data-id=\"128a055\" data-element_type=\"widget\" data-widget_type=\"image.default\">\n\t\t\t\t<div class=\"elementor-widget-container\">\n\t\t\t\t\t\t\t\t\t\t\t\t\t\t\t\t<a href=\"https:\/\/ofertas.blumarturismo.com.br\/as-melhores-ofertas-hoteis-do-nordeste?utm_source=blog&#038;utm_medium=mini_banner_blog&#038;utm_campaign=ofertas_banner\">\n\t\t\t\t\t\t\t<img loading=\"lazy\" decoding=\"async\" width=\"360\" height=\"280\" src=\"https:\/\/www.blumarturismo.com.br\/blog\/wp-content\/uploads\/2023\/05\/77g0pxi7l3j.jpg\" class=\"attachment-large size-large wp-image-52453\" alt=\"Nordeste\" srcset=\"https:\/\/www.blumarturismo.com.br\/blog\/wp-content\/uploads\/2023\/05\/77g0pxi7l3j.jpg 360w, https:\/\/www.blumarturismo.com.br\/blog\/wp-content\/uploads\/2023\/05\/77g0pxi7l3j-300x233.jpg 300w\" sizes=\"auto, (max-width: 360px) 100vw, 360px\" \/>\t\t\t\t\t\t\t\t<\/a>\n\t\t\t\t\t\t\t\t\t\t\t\t\t\t\t<\/div>\n\t\t\t\t<\/div>\n\t\t\t\t<\/div>\n\t\t\t\t\t<\/div>\n\t\t\t\t<\/div>\n\t\t<div class=\"elementor-element elementor-element-65efaca e-flex e-con-boxed e-con e-parent\" data-id=\"65efaca\" data-element_type=\"container\" data-settings=\"{&quot;content_width&quot;:&quot;boxed&quot;}\" data-core-v316-plus=\"true\">\n\t\t\t\t\t<div class=\"e-con-inner\">\n\t\t<div class=\"elementor-element elementor-element-48bc924 e-con-full e-flex e-con e-child\" data-id=\"48bc924\" data-element_type=\"container\" data-settings=\"{&quot;content_width&quot;:&quot;full&quot;}\">\n\t\t\t\t<div class=\"elementor-element elementor-element-942bd37 elementor-widget elementor-widget-image\" data-id=\"942bd37\" data-element_type=\"widget\" data-widget_type=\"image.default\">\n\t\t\t\t<div class=\"elementor-widget-container\">\n\t\t\t\t\t\t\t\t\t\t\t\t\t\t\t\t<a href=\"https:\/\/ofertas.blumarturismo.com.br\/passeios-de-barcos-privativos-rio?utm_source=blog&#038;utm_medium=mini_banner_blog&#038;utm_campaign=ofertas_banner\">\n\t\t\t\t\t\t\t<img loading=\"lazy\" decoding=\"async\" width=\"360\" height=\"280\" src=\"https:\/\/www.blumarturismo.com.br\/blog\/wp-content\/uploads\/2023\/05\/6rcausl025o.jpg\" class=\"attachment-large size-large wp-image-52452\" alt=\"Passeio de barco RJ\" srcset=\"https:\/\/www.blumarturismo.com.br\/blog\/wp-content\/uploads\/2023\/05\/6rcausl025o.jpg 360w, https:\/\/www.blumarturismo.com.br\/blog\/wp-content\/uploads\/2023\/05\/6rcausl025o-300x233.jpg 300w\" sizes=\"auto, (max-width: 360px) 100vw, 360px\" \/>\t\t\t\t\t\t\t\t<\/a>\n\t\t\t\t\t\t\t\t\t\t\t\t\t\t\t<\/div>\n\t\t\t\t<\/div>\n\t\t\t\t<\/div>\n\t\t<div class=\"elementor-element elementor-element-3c5bc9c e-con-full e-flex e-con e-child\" data-id=\"3c5bc9c\" data-element_type=\"container\" data-settings=\"{&quot;content_width&quot;:&quot;full&quot;}\">\n\t\t\t\t<div class=\"elementor-element elementor-element-20050b1 elementor-widget elementor-widget-image\" data-id=\"20050b1\" data-element_type=\"widget\" data-widget_type=\"image.default\">\n\t\t\t\t<div class=\"elementor-widget-container\">\n\t\t\t\t\t\t\t\t\t\t\t\t\t\t\t\t<a href=\"https:\/\/ofertas.blumarturismo.com.br\/resorts\">\n\t\t\t\t\t\t\t<img loading=\"lazy\" decoding=\"async\" width=\"360\" height=\"280\" src=\"https:\/\/www.blumarturismo.com.br\/blog\/wp-content\/uploads\/2023\/05\/banner_landing-1.jpg\" class=\"attachment-large size-large wp-image-52497\" alt=\"Resorts\" srcset=\"https:\/\/www.blumarturismo.com.br\/blog\/wp-content\/uploads\/2023\/05\/banner_landing-1.jpg 360w, https:\/\/www.blumarturismo.com.br\/blog\/wp-content\/uploads\/2023\/05\/banner_landing-1-300x233.jpg 300w\" sizes=\"auto, (max-width: 360px) 100vw, 360px\" \/>\t\t\t\t\t\t\t\t<\/a>\n\t\t\t\t\t\t\t\t\t\t\t\t\t\t\t<\/div>\n\t\t\t\t<\/div>\n\t\t\t\t<\/div>\n\t\t\t\t\t<\/div>\n\t\t\t\t<\/div>\n\t\t\t\t\t\t\t<\/div>\n\t\t","protected":false},"excerpt":{"rendered":"<p>A Amaz\u00f4nia, conhecida como o pulm\u00e3o do mundo, tem enfrentado desafios ambientais substanciais nos \u00faltimos anos. A seca que assola esta regi\u00e3o n\u00e3o \u00e9 apenas uma quest\u00e3o local, mas global, e as consequ\u00eancias podem ser sentidas em muitas \u00e1reas. Neste artigo, discutiremos a situa\u00e7\u00e3o atual da seca na Amaz\u00f4nia, focando&#46;&#46;&#46;<\/p>\n","protected":false},"author":10,"featured_media":41373,"comment_status":"closed","ping_status":"open","sticky":false,"template":"","format":"standard","meta":{"footnotes":""},"categories":[690,694],"tags":[],"class_list":["post-41357","post","type-post","status-publish","format-standard","has-post-thumbnail","hentry","category-destinos-nacionais","category-dicas-de-viagem"],"yoast_head":"<!-- This site is optimized with the Yoast SEO Premium plugin v19.4 (Yoast SEO v24.1) - https:\/\/yoast.com\/wordpress\/plugins\/seo\/ -->\n<title>Seca na Amaz\u00f4nia: Uma An\u00e1lise Detalhada da Situa\u00e7\u00e3o Atual - Blog Blumar Turismo: O Seu Portal para Viagens Extraordin\u00e1rias<\/title>\n<meta name=\"description\" content=\"Seca na Amaz\u00f4nia: An\u00e1lise Detalhada revela os desafios enfrentados em Manaus e regi\u00e3o, com insights sobre a rea\u00e7\u00e3o dos lodges e resorts \u00e0 crise ambiental.\" \/>\n<meta name=\"robots\" content=\"index, follow, max-snippet:-1, max-image-preview:large, max-video-preview:-1\" \/>\n<link rel=\"canonical\" href=\"https:\/\/www.blumarturismo.com.br\/blog\/seca-na-amazonia-uma-analise-detalhada-da-situacao-atual\/\" \/>\n<meta property=\"og:locale\" content=\"pt_BR\" \/>\n<meta property=\"og:type\" content=\"article\" \/>\n<meta property=\"og:title\" content=\"Seca na Amaz\u00f4nia: Uma An\u00e1lise Detalhada da Situa\u00e7\u00e3o Atual\" \/>\n<meta property=\"og:description\" content=\"Seca na Amaz\u00f4nia: An\u00e1lise Detalhada revela os desafios enfrentados em Manaus e regi\u00e3o, com insights sobre a rea\u00e7\u00e3o dos lodges e resorts \u00e0 crise ambiental.\" \/>\n<meta property=\"og:url\" content=\"https:\/\/www.blumarturismo.com.br\/blog\/seca-na-amazonia-uma-analise-detalhada-da-situacao-atual\/\" \/>\n<meta property=\"og:site_name\" content=\"Blog Blumar Turismo: O Seu Portal para Viagens Extraordin\u00e1rias\" \/>\n<meta property=\"article:publisher\" content=\"https:\/\/www.facebook.com\/blumarviagenseturismo\" \/>\n<meta property=\"article:author\" content=\"https:\/\/www.facebook.com\/blumarviagenseturismo\" \/>\n<meta property=\"article:published_time\" content=\"2023-10-18T13:59:37+00:00\" \/>\n<meta property=\"article:modified_time\" content=\"2025-01-21T14:21:55+00:00\" \/>\n<meta property=\"og:image\" content=\"https:\/\/www.blumarturismo.com.br\/blog\/wp-content\/uploads\/2023\/10\/vista_grd-2.jpg\" \/>\n\t<meta property=\"og:image:width\" content=\"840\" \/>\n\t<meta property=\"og:image:height\" content=\"560\" \/>\n\t<meta property=\"og:image:type\" content=\"image\/jpeg\" \/>\n<meta name=\"author\" content=\"Blumar Turismo\" \/>\n<meta name=\"twitter:card\" content=\"summary_large_image\" \/>\n<meta name=\"twitter:label1\" content=\"Escrito por\" \/>\n\t<meta name=\"twitter:data1\" content=\"Blumar Turismo\" \/>\n\t<meta name=\"twitter:label2\" content=\"Est. tempo de leitura\" \/>\n\t<meta name=\"twitter:data2\" content=\"8 minutos\" \/>\n<script type=\"application\/ld+json\" class=\"yoast-schema-graph\">{\"@context\":\"https:\/\/schema.org\",\"@graph\":[{\"@type\":\"Article\",\"@id\":\"https:\/\/www.blumarturismo.com.br\/blog\/seca-na-amazonia-uma-analise-detalhada-da-situacao-atual\/#article\",\"isPartOf\":{\"@id\":\"https:\/\/www.blumarturismo.com.br\/blog\/seca-na-amazonia-uma-analise-detalhada-da-situacao-atual\/\"},\"author\":{\"name\":\"Blumar Turismo\",\"@id\":\"https:\/\/www.blumarturismo.com.br\/blog\/#\/schema\/person\/8c5b522f6a79142bafca484c4604fba7\"},\"headline\":\"Seca na Amaz\u00f4nia: Uma An\u00e1lise Detalhada da Situa\u00e7\u00e3o Atual\",\"datePublished\":\"2023-10-18T13:59:37+00:00\",\"dateModified\":\"2025-01-21T14:21:55+00:00\",\"mainEntityOfPage\":{\"@id\":\"https:\/\/www.blumarturismo.com.br\/blog\/seca-na-amazonia-uma-analise-detalhada-da-situacao-atual\/\"},\"wordCount\":1177,\"publisher\":{\"@id\":\"https:\/\/www.blumarturismo.com.br\/blog\/#organization\"},\"image\":{\"@id\":\"https:\/\/www.blumarturismo.com.br\/blog\/seca-na-amazonia-uma-analise-detalhada-da-situacao-atual\/#primaryimage\"},\"thumbnailUrl\":\"https:\/\/www.blumarturismo.com.br\/blog\/wp-content\/uploads\/2023\/10\/vista_grd-2.jpg\",\"articleSection\":[\"Destinos Nacionais\",\"Dicas de Viagem\"],\"inLanguage\":\"pt-BR\"},{\"@type\":\"WebPage\",\"@id\":\"https:\/\/www.blumarturismo.com.br\/blog\/seca-na-amazonia-uma-analise-detalhada-da-situacao-atual\/\",\"url\":\"https:\/\/www.blumarturismo.com.br\/blog\/seca-na-amazonia-uma-analise-detalhada-da-situacao-atual\/\",\"name\":\"Seca na Amaz\u00f4nia: Uma An\u00e1lise Detalhada da Situa\u00e7\u00e3o Atual - Blog Blumar Turismo: O Seu Portal para Viagens Extraordin\u00e1rias\",\"isPartOf\":{\"@id\":\"https:\/\/www.blumarturismo.com.br\/blog\/#website\"},\"primaryImageOfPage\":{\"@id\":\"https:\/\/www.blumarturismo.com.br\/blog\/seca-na-amazonia-uma-analise-detalhada-da-situacao-atual\/#primaryimage\"},\"image\":{\"@id\":\"https:\/\/www.blumarturismo.com.br\/blog\/seca-na-amazonia-uma-analise-detalhada-da-situacao-atual\/#primaryimage\"},\"thumbnailUrl\":\"https:\/\/www.blumarturismo.com.br\/blog\/wp-content\/uploads\/2023\/10\/vista_grd-2.jpg\",\"datePublished\":\"2023-10-18T13:59:37+00:00\",\"dateModified\":\"2025-01-21T14:21:55+00:00\",\"description\":\"Seca na Amaz\u00f4nia: An\u00e1lise Detalhada revela os desafios enfrentados em Manaus e regi\u00e3o, com insights sobre a rea\u00e7\u00e3o dos lodges e resorts \u00e0 crise ambiental.\",\"breadcrumb\":{\"@id\":\"https:\/\/www.blumarturismo.com.br\/blog\/seca-na-amazonia-uma-analise-detalhada-da-situacao-atual\/#breadcrumb\"},\"inLanguage\":\"pt-BR\",\"potentialAction\":[{\"@type\":\"ReadAction\",\"target\":[\"https:\/\/www.blumarturismo.com.br\/blog\/seca-na-amazonia-uma-analise-detalhada-da-situacao-atual\/\"]}]},{\"@type\":\"ImageObject\",\"inLanguage\":\"pt-BR\",\"@id\":\"https:\/\/www.blumarturismo.com.br\/blog\/seca-na-amazonia-uma-analise-detalhada-da-situacao-atual\/#primaryimage\",\"url\":\"https:\/\/www.blumarturismo.com.br\/blog\/wp-content\/uploads\/2023\/10\/vista_grd-2.jpg\",\"contentUrl\":\"https:\/\/www.blumarturismo.com.br\/blog\/wp-content\/uploads\/2023\/10\/vista_grd-2.jpg\",\"width\":840,\"height\":560,\"caption\":\"Foto: Carolina Hue \/ Blumar Turismo\"},{\"@type\":\"BreadcrumbList\",\"@id\":\"https:\/\/www.blumarturismo.com.br\/blog\/seca-na-amazonia-uma-analise-detalhada-da-situacao-atual\/#breadcrumb\",\"itemListElement\":[{\"@type\":\"ListItem\",\"position\":1,\"name\":\"In\u00edcio\",\"item\":\"https:\/\/www.blumarturismo.com.br\/blog\/\"},{\"@type\":\"ListItem\",\"position\":2,\"name\":\"Seca na Amaz\u00f4nia: Uma An\u00e1lise Detalhada da Situa\u00e7\u00e3o Atual\"}]},{\"@type\":\"WebSite\",\"@id\":\"https:\/\/www.blumarturismo.com.br\/blog\/#website\",\"url\":\"https:\/\/www.blumarturismo.com.br\/blog\/\",\"name\":\"Blog Blumar Turismo: O Seu Portal para Viagens Extraordin\u00e1rias\",\"description\":\"Viajar \u00e9 nossa paix\u00e3o e expertise, e agora compartilhamos isso com voc\u00ea atrav\u00e9s do nosso blog. Com mais de 30 anos de hist\u00f3ria, a Blumar Turismo \u00e9 seu parceiro confi\u00e1vel para aventuras memor\u00e1veis. Explore conosco\",\"publisher\":{\"@id\":\"https:\/\/www.blumarturismo.com.br\/blog\/#organization\"},\"potentialAction\":[{\"@type\":\"SearchAction\",\"target\":{\"@type\":\"EntryPoint\",\"urlTemplate\":\"https:\/\/www.blumarturismo.com.br\/blog\/?s={search_term_string}\"},\"query-input\":{\"@type\":\"PropertyValueSpecification\",\"valueRequired\":true,\"valueName\":\"search_term_string\"}}],\"inLanguage\":\"pt-BR\"},{\"@type\":\"Organization\",\"@id\":\"https:\/\/www.blumarturismo.com.br\/blog\/#organization\",\"name\":\"Blumar Turismo\",\"url\":\"https:\/\/www.blumarturismo.com.br\/blog\/\",\"logo\":{\"@type\":\"ImageObject\",\"inLanguage\":\"pt-BR\",\"@id\":\"https:\/\/www.blumarturismo.com.br\/blog\/#\/schema\/logo\/image\/\",\"url\":\"https:\/\/www.blumarturismo.com.br\/blog\/wp-content\/uploads\/2020\/11\/cropped-logo_blumar_nacional2-2.jpg\",\"contentUrl\":\"https:\/\/www.blumarturismo.com.br\/blog\/wp-content\/uploads\/2020\/11\/cropped-logo_blumar_nacional2-2.jpg\",\"width\":167,\"height\":50,\"caption\":\"Blumar Turismo\"},\"image\":{\"@id\":\"https:\/\/www.blumarturismo.com.br\/blog\/#\/schema\/logo\/image\/\"},\"sameAs\":[\"https:\/\/www.facebook.com\/blumarviagenseturismo\",\"https:\/\/www.instagram.com\/blumarturismo\/\"]},{\"@type\":\"Person\",\"@id\":\"https:\/\/www.blumarturismo.com.br\/blog\/#\/schema\/person\/8c5b522f6a79142bafca484c4604fba7\",\"name\":\"Blumar Turismo\",\"image\":{\"@type\":\"ImageObject\",\"inLanguage\":\"pt-BR\",\"@id\":\"https:\/\/www.blumarturismo.com.br\/blog\/#\/schema\/person\/image\/\",\"url\":\"https:\/\/secure.gravatar.com\/avatar\/18a47e99a2b3ce558e7834aabf1bb475e0ae3a970dea40e74a2d2b71531fbe3b?s=96&d=mm&r=g\",\"contentUrl\":\"https:\/\/secure.gravatar.com\/avatar\/18a47e99a2b3ce558e7834aabf1bb475e0ae3a970dea40e74a2d2b71531fbe3b?s=96&d=mm&r=g\",\"caption\":\"Blumar Turismo\"},\"description\":\"Com uma trajet\u00f3ria consolidada de mais de 30 anos no setor de turismo, a Blumar Turismo se estabeleceu como l\u00edder gra\u00e7as ao seu compromisso cont\u00ednuo com a qualidade e satisfa\u00e7\u00e3o do cliente. Nossa experi\u00eancia traduz-se em viagens que v\u00e3o al\u00e9m da expectativa. Nosso Legado: 1. Expertise e Excel\u00eancia: Com tr\u00eas d\u00e9cadas de dedica\u00e7\u00e3o, aprofundamos nossa expertise para oferecer servi\u00e7os de viagem personalizados e de alto padr\u00e3o. Cada viagem, seja econ\u00f4mica ou de luxo, \u00e9 meticulosamente projetada para garantir experi\u00eancias not\u00e1veis. 2. Vanguarda em Inova\u00e7\u00e3o e Tecnologia: Nossa miss\u00e3o \u00e9 sempre liderar, incorporando as solu\u00e7\u00f5es mais avan\u00e7adas em produtos e tecnologias. A inova\u00e7\u00e3o \u00e9 intr\u00ednseca \u00e0 Blumar, permitindo-nos aprimorar constantemente a experi\u00eancia de viagem de nossos clientes. 3. Nossa Equipe, Nosso Diferencial: O verdadeiro motor da Blumar Turismo \u00e9 nossa equipe de profissionais. Com paix\u00e3o e dedica\u00e7\u00e3o, eles garantem que cada itiner\u00e1rio se transforme em uma experi\u00eancia \u00fanica e memor\u00e1vel. Seu comprometimento \u00e9 o que nos faz ganhar a confian\u00e7a de nossos clientes repetidamente. Na Blumar, n\u00e3o se trata apenas de vender pacotes de viagem, mas de projetar experi\u00eancias. Nossos roteiros prometem criar mem\u00f3rias duradouras, proporcionando viagens ricas em descobertas e emo\u00e7\u00f5es. Cremos que viajar \u00e9 uma forma de enriquecimento pessoal, explorando novas perspectivas e redefinindo-se a cada novo destino. Explore o mundo com a Blumar Turismo e torne sua jornada verdadeiramente extraordin\u00e1ria.\",\"sameAs\":[\"https:\/\/www.facebook.com\/blumarviagenseturismo\",\"https:\/\/www.instagram.com\/blumarturismo\/\",\"https:\/\/www.linkedin.com\/company\/blumar-turismo\/\",\"https:\/\/www.youtube.com\/@BlumarTurismo\"],\"award\":[\"2002 | 7th World Petroleum Congress & Rio Oil & Gas Expo\",\"2003 | 27\u00ba International Congress on Occupational Health - ICOH\",\"2004 | IOF World Congress on Osteoporosis 2004\",\"2005 | XXV Brazilian Congress on Rheumatology\",\"2006 | 3rd World Congress on AIDS\",\"2007 | 66th FIP Congress of Pharmacy and Pharmaceutical Sciences\",\"2008 | 62\u00ba Congresso Brasileiro de Cardiologia\",\"2009 | 3rd World Congress of Pediatric Gastroenterology Hepatology and Nutrition\",\"2010 | Pr\u00eamio Caio da D\u00e9cada - Jacar\u00e9 de Diamante - pelo 3rd World Congress on AIDS\",\"2011 | XIV Congresso SOBRICE\",\"2012 | XVIII Congresso da Sociedade Brasileira de Diabetes\",\"2013 | 67\u00ba Congresso da Sociedade Brasileira de Dermatologia\",\"2016 | Congresso Mundial da Propriedade Intelectual da AIPPI\"],\"knowsAbout\":[\"Turismo de Luxo\",\"Consultoria Personalizada\",\"Opera\u00e7\u00e3o de Programas Tur\u00edsticos Customizados\",\"Tours Variados\",\"Sele\u00e7\u00e3o de Hot\u00e9is e Experi\u00eancias Inesquec\u00edveis\"],\"knowsLanguage\":[\"Ingles\",\"Portugu\u00eas\",\"Espanhol\"],\"jobTitle\":\"Operadora de Turismo e Ag\u00eancia de Viagens\",\"worksFor\":\"Blumar Turismo\",\"url\":\"https:\/\/www.blumarturismo.com.br\/blog\/author\/guilherme\/\"}]}<\/script>\n<!-- \/ Yoast SEO Premium plugin. -->","yoast_head_json":{"title":"Seca na Amaz\u00f4nia: Uma An\u00e1lise Detalhada da Situa\u00e7\u00e3o Atual - Blog Blumar Turismo: O Seu Portal para Viagens Extraordin\u00e1rias","description":"Seca na Amaz\u00f4nia: An\u00e1lise Detalhada revela os desafios enfrentados em Manaus e regi\u00e3o, com insights sobre a rea\u00e7\u00e3o dos lodges e resorts \u00e0 crise ambiental.","robots":{"index":"index","follow":"follow","max-snippet":"max-snippet:-1","max-image-preview":"max-image-preview:large","max-video-preview":"max-video-preview:-1"},"canonical":"https:\/\/www.blumarturismo.com.br\/blog\/seca-na-amazonia-uma-analise-detalhada-da-situacao-atual\/","og_locale":"pt_BR","og_type":"article","og_title":"Seca na Amaz\u00f4nia: Uma An\u00e1lise Detalhada da Situa\u00e7\u00e3o Atual","og_description":"Seca na Amaz\u00f4nia: An\u00e1lise Detalhada revela os desafios enfrentados em Manaus e regi\u00e3o, com insights sobre a rea\u00e7\u00e3o dos lodges e resorts \u00e0 crise ambiental.","og_url":"https:\/\/www.blumarturismo.com.br\/blog\/seca-na-amazonia-uma-analise-detalhada-da-situacao-atual\/","og_site_name":"Blog Blumar Turismo: O Seu Portal para Viagens Extraordin\u00e1rias","article_publisher":"https:\/\/www.facebook.com\/blumarviagenseturismo","article_author":"https:\/\/www.facebook.com\/blumarviagenseturismo","article_published_time":"2023-10-18T13:59:37+00:00","article_modified_time":"2025-01-21T14:21:55+00:00","og_image":[{"width":840,"height":560,"url":"https:\/\/www.blumarturismo.com.br\/blog\/wp-content\/uploads\/2023\/10\/vista_grd-2.jpg","type":"image\/jpeg"}],"author":"Blumar Turismo","twitter_card":"summary_large_image","twitter_misc":{"Escrito por":"Blumar Turismo","Est. tempo de leitura":"8 minutos"},"schema":{"@context":"https:\/\/schema.org","@graph":[{"@type":"Article","@id":"https:\/\/www.blumarturismo.com.br\/blog\/seca-na-amazonia-uma-analise-detalhada-da-situacao-atual\/#article","isPartOf":{"@id":"https:\/\/www.blumarturismo.com.br\/blog\/seca-na-amazonia-uma-analise-detalhada-da-situacao-atual\/"},"author":{"name":"Blumar Turismo","@id":"https:\/\/www.blumarturismo.com.br\/blog\/#\/schema\/person\/8c5b522f6a79142bafca484c4604fba7"},"headline":"Seca na Amaz\u00f4nia: Uma An\u00e1lise Detalhada da Situa\u00e7\u00e3o Atual","datePublished":"2023-10-18T13:59:37+00:00","dateModified":"2025-01-21T14:21:55+00:00","mainEntityOfPage":{"@id":"https:\/\/www.blumarturismo.com.br\/blog\/seca-na-amazonia-uma-analise-detalhada-da-situacao-atual\/"},"wordCount":1177,"publisher":{"@id":"https:\/\/www.blumarturismo.com.br\/blog\/#organization"},"image":{"@id":"https:\/\/www.blumarturismo.com.br\/blog\/seca-na-amazonia-uma-analise-detalhada-da-situacao-atual\/#primaryimage"},"thumbnailUrl":"https:\/\/www.blumarturismo.com.br\/blog\/wp-content\/uploads\/2023\/10\/vista_grd-2.jpg","articleSection":["Destinos Nacionais","Dicas de Viagem"],"inLanguage":"pt-BR"},{"@type":"WebPage","@id":"https:\/\/www.blumarturismo.com.br\/blog\/seca-na-amazonia-uma-analise-detalhada-da-situacao-atual\/","url":"https:\/\/www.blumarturismo.com.br\/blog\/seca-na-amazonia-uma-analise-detalhada-da-situacao-atual\/","name":"Seca na Amaz\u00f4nia: Uma An\u00e1lise Detalhada da Situa\u00e7\u00e3o Atual - Blog Blumar Turismo: O Seu Portal para Viagens Extraordin\u00e1rias","isPartOf":{"@id":"https:\/\/www.blumarturismo.com.br\/blog\/#website"},"primaryImageOfPage":{"@id":"https:\/\/www.blumarturismo.com.br\/blog\/seca-na-amazonia-uma-analise-detalhada-da-situacao-atual\/#primaryimage"},"image":{"@id":"https:\/\/www.blumarturismo.com.br\/blog\/seca-na-amazonia-uma-analise-detalhada-da-situacao-atual\/#primaryimage"},"thumbnailUrl":"https:\/\/www.blumarturismo.com.br\/blog\/wp-content\/uploads\/2023\/10\/vista_grd-2.jpg","datePublished":"2023-10-18T13:59:37+00:00","dateModified":"2025-01-21T14:21:55+00:00","description":"Seca na Amaz\u00f4nia: An\u00e1lise Detalhada revela os desafios enfrentados em Manaus e regi\u00e3o, com insights sobre a rea\u00e7\u00e3o dos lodges e resorts \u00e0 crise ambiental.","breadcrumb":{"@id":"https:\/\/www.blumarturismo.com.br\/blog\/seca-na-amazonia-uma-analise-detalhada-da-situacao-atual\/#breadcrumb"},"inLanguage":"pt-BR","potentialAction":[{"@type":"ReadAction","target":["https:\/\/www.blumarturismo.com.br\/blog\/seca-na-amazonia-uma-analise-detalhada-da-situacao-atual\/"]}]},{"@type":"ImageObject","inLanguage":"pt-BR","@id":"https:\/\/www.blumarturismo.com.br\/blog\/seca-na-amazonia-uma-analise-detalhada-da-situacao-atual\/#primaryimage","url":"https:\/\/www.blumarturismo.com.br\/blog\/wp-content\/uploads\/2023\/10\/vista_grd-2.jpg","contentUrl":"https:\/\/www.blumarturismo.com.br\/blog\/wp-content\/uploads\/2023\/10\/vista_grd-2.jpg","width":840,"height":560,"caption":"Foto: Carolina Hue \/ Blumar Turismo"},{"@type":"BreadcrumbList","@id":"https:\/\/www.blumarturismo.com.br\/blog\/seca-na-amazonia-uma-analise-detalhada-da-situacao-atual\/#breadcrumb","itemListElement":[{"@type":"ListItem","position":1,"name":"In\u00edcio","item":"https:\/\/www.blumarturismo.com.br\/blog\/"},{"@type":"ListItem","position":2,"name":"Seca na Amaz\u00f4nia: Uma An\u00e1lise Detalhada da Situa\u00e7\u00e3o Atual"}]},{"@type":"WebSite","@id":"https:\/\/www.blumarturismo.com.br\/blog\/#website","url":"https:\/\/www.blumarturismo.com.br\/blog\/","name":"Blog Blumar Turismo: O Seu Portal para Viagens Extraordin\u00e1rias","description":"Viajar \u00e9 nossa paix\u00e3o e expertise, e agora compartilhamos isso com voc\u00ea atrav\u00e9s do nosso blog. Com mais de 30 anos de hist\u00f3ria, a Blumar Turismo \u00e9 seu parceiro confi\u00e1vel para aventuras memor\u00e1veis. Explore conosco","publisher":{"@id":"https:\/\/www.blumarturismo.com.br\/blog\/#organization"},"potentialAction":[{"@type":"SearchAction","target":{"@type":"EntryPoint","urlTemplate":"https:\/\/www.blumarturismo.com.br\/blog\/?s={search_term_string}"},"query-input":{"@type":"PropertyValueSpecification","valueRequired":true,"valueName":"search_term_string"}}],"inLanguage":"pt-BR"},{"@type":"Organization","@id":"https:\/\/www.blumarturismo.com.br\/blog\/#organization","name":"Blumar Turismo","url":"https:\/\/www.blumarturismo.com.br\/blog\/","logo":{"@type":"ImageObject","inLanguage":"pt-BR","@id":"https:\/\/www.blumarturismo.com.br\/blog\/#\/schema\/logo\/image\/","url":"https:\/\/www.blumarturismo.com.br\/blog\/wp-content\/uploads\/2020\/11\/cropped-logo_blumar_nacional2-2.jpg","contentUrl":"https:\/\/www.blumarturismo.com.br\/blog\/wp-content\/uploads\/2020\/11\/cropped-logo_blumar_nacional2-2.jpg","width":167,"height":50,"caption":"Blumar Turismo"},"image":{"@id":"https:\/\/www.blumarturismo.com.br\/blog\/#\/schema\/logo\/image\/"},"sameAs":["https:\/\/www.facebook.com\/blumarviagenseturismo","https:\/\/www.instagram.com\/blumarturismo\/"]},{"@type":"Person","@id":"https:\/\/www.blumarturismo.com.br\/blog\/#\/schema\/person\/8c5b522f6a79142bafca484c4604fba7","name":"Blumar Turismo","image":{"@type":"ImageObject","inLanguage":"pt-BR","@id":"https:\/\/www.blumarturismo.com.br\/blog\/#\/schema\/person\/image\/","url":"https:\/\/secure.gravatar.com\/avatar\/18a47e99a2b3ce558e7834aabf1bb475e0ae3a970dea40e74a2d2b71531fbe3b?s=96&d=mm&r=g","contentUrl":"https:\/\/secure.gravatar.com\/avatar\/18a47e99a2b3ce558e7834aabf1bb475e0ae3a970dea40e74a2d2b71531fbe3b?s=96&d=mm&r=g","caption":"Blumar Turismo"},"description":"Com uma trajet\u00f3ria consolidada de mais de 30 anos no setor de turismo, a Blumar Turismo se estabeleceu como l\u00edder gra\u00e7as ao seu compromisso cont\u00ednuo com a qualidade e satisfa\u00e7\u00e3o do cliente. Nossa experi\u00eancia traduz-se em viagens que v\u00e3o al\u00e9m da expectativa. Nosso Legado: 1. Expertise e Excel\u00eancia: Com tr\u00eas d\u00e9cadas de dedica\u00e7\u00e3o, aprofundamos nossa expertise para oferecer servi\u00e7os de viagem personalizados e de alto padr\u00e3o. Cada viagem, seja econ\u00f4mica ou de luxo, \u00e9 meticulosamente projetada para garantir experi\u00eancias not\u00e1veis. 2. Vanguarda em Inova\u00e7\u00e3o e Tecnologia: Nossa miss\u00e3o \u00e9 sempre liderar, incorporando as solu\u00e7\u00f5es mais avan\u00e7adas em produtos e tecnologias. A inova\u00e7\u00e3o \u00e9 intr\u00ednseca \u00e0 Blumar, permitindo-nos aprimorar constantemente a experi\u00eancia de viagem de nossos clientes. 3. Nossa Equipe, Nosso Diferencial: O verdadeiro motor da Blumar Turismo \u00e9 nossa equipe de profissionais. Com paix\u00e3o e dedica\u00e7\u00e3o, eles garantem que cada itiner\u00e1rio se transforme em uma experi\u00eancia \u00fanica e memor\u00e1vel. Seu comprometimento \u00e9 o que nos faz ganhar a confian\u00e7a de nossos clientes repetidamente. Na Blumar, n\u00e3o se trata apenas de vender pacotes de viagem, mas de projetar experi\u00eancias. Nossos roteiros prometem criar mem\u00f3rias duradouras, proporcionando viagens ricas em descobertas e emo\u00e7\u00f5es. Cremos que viajar \u00e9 uma forma de enriquecimento pessoal, explorando novas perspectivas e redefinindo-se a cada novo destino. Explore o mundo com a Blumar Turismo e torne sua jornada verdadeiramente extraordin\u00e1ria.","sameAs":["https:\/\/www.facebook.com\/blumarviagenseturismo","https:\/\/www.instagram.com\/blumarturismo\/","https:\/\/www.linkedin.com\/company\/blumar-turismo\/","https:\/\/www.youtube.com\/@BlumarTurismo"],"award":["2002 | 7th World Petroleum Congress & Rio Oil & Gas Expo","2003 | 27\u00ba International Congress on Occupational Health - ICOH","2004 | IOF World Congress on Osteoporosis 2004","2005 | XXV Brazilian Congress on Rheumatology","2006 | 3rd World Congress on AIDS","2007 | 66th FIP Congress of Pharmacy and Pharmaceutical Sciences","2008 | 62\u00ba Congresso Brasileiro de Cardiologia","2009 | 3rd World Congress of Pediatric Gastroenterology Hepatology and Nutrition","2010 | Pr\u00eamio Caio da D\u00e9cada - Jacar\u00e9 de Diamante - pelo 3rd World Congress on AIDS","2011 | XIV Congresso SOBRICE","2012 | XVIII Congresso da Sociedade Brasileira de Diabetes","2013 | 67\u00ba Congresso da Sociedade Brasileira de Dermatologia","2016 | Congresso Mundial da Propriedade Intelectual da AIPPI"],"knowsAbout":["Turismo de Luxo","Consultoria Personalizada","Opera\u00e7\u00e3o de Programas Tur\u00edsticos Customizados","Tours Variados","Sele\u00e7\u00e3o de Hot\u00e9is e Experi\u00eancias Inesquec\u00edveis"],"knowsLanguage":["Ingles","Portugu\u00eas","Espanhol"],"jobTitle":"Operadora de Turismo e Ag\u00eancia de Viagens","worksFor":"Blumar Turismo","url":"https:\/\/www.blumarturismo.com.br\/blog\/author\/guilherme\/"}]}},"_links":{"self":[{"href":"https:\/\/www.blumarturismo.com.br\/blog\/wp-json\/wp\/v2\/posts\/41357","targetHints":{"allow":["GET"]}}],"collection":[{"href":"https:\/\/www.blumarturismo.com.br\/blog\/wp-json\/wp\/v2\/posts"}],"about":[{"href":"https:\/\/www.blumarturismo.com.br\/blog\/wp-json\/wp\/v2\/types\/post"}],"author":[{"embeddable":true,"href":"https:\/\/www.blumarturismo.com.br\/blog\/wp-json\/wp\/v2\/users\/10"}],"replies":[{"embeddable":true,"href":"https:\/\/www.blumarturismo.com.br\/blog\/wp-json\/wp\/v2\/comments?post=41357"}],"version-history":[{"count":50,"href":"https:\/\/www.blumarturismo.com.br\/blog\/wp-json\/wp\/v2\/posts\/41357\/revisions"}],"predecessor-version":[{"id":66402,"href":"https:\/\/www.blumarturismo.com.br\/blog\/wp-json\/wp\/v2\/posts\/41357\/revisions\/66402"}],"wp:featuredmedia":[{"embeddable":true,"href":"https:\/\/www.blumarturismo.com.br\/blog\/wp-json\/wp\/v2\/media\/41373"}],"wp:attachment":[{"href":"https:\/\/www.blumarturismo.com.br\/blog\/wp-json\/wp\/v2\/media?parent=41357"}],"wp:term":[{"taxonomy":"category","embeddable":true,"href":"https:\/\/www.blumarturismo.com.br\/blog\/wp-json\/wp\/v2\/categories?post=41357"},{"taxonomy":"post_tag","embeddable":true,"href":"https:\/\/www.blumarturismo.com.br\/blog\/wp-json\/wp\/v2\/tags?post=41357"}],"curies":[{"name":"wp","href":"https:\/\/api.w.org\/{rel}","templated":true}]}}