{"id":42867,"date":"2026-02-11T12:06:27","date_gmt":"2026-02-11T15:06:27","guid":{"rendered":"https:\/\/www.blumarturismo.com.br\/blog\/?p=42867"},"modified":"2026-02-12T10:27:12","modified_gmt":"2026-02-12T13:27:12","slug":"qual-a-melhor-epoca-para-visitar-o-delta-do-parnaiba","status":"publish","type":"post","link":"https:\/\/www.blumarturismo.com.br\/blog\/qual-a-melhor-epoca-para-visitar-o-delta-do-parnaiba\/","title":{"rendered":"Qual a melhor \u00e9poca para visitar o Delta do Parna\u00edba?"},"content":{"rendered":"\t\t<div data-elementor-type=\"wp-post\" data-elementor-id=\"42867\" class=\"elementor elementor-42867\" data-elementor-post-type=\"post\">\n\t\t\t\t\t\t\t<div class=\"elementor-element elementor-element-57ffe8a e-flex e-con-boxed e-con e-parent\" data-id=\"57ffe8a\" data-element_type=\"container\" data-settings=\"{&quot;content_width&quot;:&quot;boxed&quot;}\" data-core-v316-plus=\"true\">\n\t\t\t\t\t<div class=\"e-con-inner\">\n\t\t\t\t<div class=\"elementor-element elementor-element-43cbb96 elementor-widget elementor-widget-text-editor\" data-id=\"43cbb96\" data-element_type=\"widget\" data-widget_type=\"text-editor.default\">\n\t\t\t\t<div class=\"elementor-widget-container\">\n\t\t\t<style>\/*! elementor - v3.16.0 - 13-09-2023 *\/\n.elementor-widget-text-editor.elementor-drop-cap-view-stacked .elementor-drop-cap{background-color:#69727d;color:#fff}.elementor-widget-text-editor.elementor-drop-cap-view-framed .elementor-drop-cap{color:#69727d;border:3px solid;background-color:transparent}.elementor-widget-text-editor:not(.elementor-drop-cap-view-default) .elementor-drop-cap{margin-top:8px}.elementor-widget-text-editor:not(.elementor-drop-cap-view-default) .elementor-drop-cap-letter{width:1em;height:1em}.elementor-widget-text-editor .elementor-drop-cap{float:left;text-align:center;line-height:1;font-size:50px}.elementor-widget-text-editor .elementor-drop-cap-letter{display:inline-block}<\/style>\t\t\t\t<p data-start=\"53\" data-end=\"435\">Escolher a <strong data-start=\"64\" data-end=\"113\">melhor \u00e9poca para visitar o Delta do Parna\u00edba<\/strong> faz toda a diferen\u00e7a para viver uma experi\u00eancia completa nesse que \u00e9 um dos destinos naturais mais impressionantes do Brasil. Localizado entre os estados do Piau\u00ed e Maranh\u00e3o, o Delta do Parna\u00edba \u00e9 o \u00fanico delta em mar aberto das Am\u00e9ricas, reunindo dunas, manguezais, ilhas fluviais e uma biodiversidade de tirar o f\u00f4lego.<\/p><p data-start=\"437\" data-end=\"735\">Neste conte\u00fado, voc\u00ea vai descobrir <strong data-start=\"472\" data-end=\"506\">quando ir ao Delta do Parna\u00edba<\/strong>, quais meses oferecem o melhor clima, paisagens mais exuberantes e experi\u00eancias inesquec\u00edveis \u2014 al\u00e9m de entender por que a <a href=\"https:\/\/www.blumar.com.br\/\"><strong data-start=\"630\" data-end=\"648\">Blumar Turismo<\/strong><\/a> \u00e9 a parceira ideal para planejar essa viagem com seguran\u00e7a, conforto e personaliza\u00e7\u00e3o.<\/p>\t\t\t\t\t\t<\/div>\n\t\t\t\t<\/div>\n\t\t\t\t\t<\/div>\n\t\t\t\t<\/div>\n\t\t<div class=\"elementor-element elementor-element-fcc0afc e-flex e-con-boxed e-con e-parent\" data-id=\"fcc0afc\" data-element_type=\"container\" data-settings=\"{&quot;content_width&quot;:&quot;boxed&quot;}\" data-core-v316-plus=\"true\">\n\t\t\t\t\t<div class=\"e-con-inner\">\n\t\t\t\t<div class=\"elementor-element elementor-element-3d4ebd5 elementor-widget elementor-widget-heading\" data-id=\"3d4ebd5\" data-element_type=\"widget\" data-widget_type=\"heading.default\">\n\t\t\t\t<div class=\"elementor-widget-container\">\n\t\t\t<style>\/*! elementor - v3.16.0 - 13-09-2023 *\/\n.elementor-heading-title{padding:0;margin:0;line-height:1}.elementor-widget-heading .elementor-heading-title[class*=elementor-size-]>a{color:inherit;font-size:inherit;line-height:inherit}.elementor-widget-heading .elementor-heading-title.elementor-size-small{font-size:15px}.elementor-widget-heading .elementor-heading-title.elementor-size-medium{font-size:19px}.elementor-widget-heading .elementor-heading-title.elementor-size-large{font-size:29px}.elementor-widget-heading .elementor-heading-title.elementor-size-xl{font-size:39px}.elementor-widget-heading .elementor-heading-title.elementor-size-xxl{font-size:59px}<\/style><h2 class=\"elementor-heading-title elementor-size-large\">Conhe\u00e7a o Delta do Parna\u00edba com a Blumar Turismo<\/h2>\t\t<\/div>\n\t\t\t\t<\/div>\n\t\t\t\t<div class=\"elementor-element elementor-element-29de144 elementor-widget elementor-widget-video\" data-id=\"29de144\" data-element_type=\"widget\" data-settings=\"{&quot;youtube_url&quot;:&quot;https:\\\/\\\/www.youtube.com\\\/watch?v=WZdyHHRwb7M&amp;t=20s&quot;,&quot;video_type&quot;:&quot;youtube&quot;,&quot;controls&quot;:&quot;yes&quot;}\" data-widget_type=\"video.default\">\n\t\t\t\t<div class=\"elementor-widget-container\">\n\t\t\t<style>\/*! elementor - v3.16.0 - 13-09-2023 *\/\n.elementor-widget-video .elementor-widget-container{overflow:hidden;transform:translateZ(0)}.elementor-widget-video .elementor-wrapper{aspect-ratio:var(--video-aspect-ratio)}.elementor-widget-video .elementor-wrapper iframe,.elementor-widget-video .elementor-wrapper video{height:100%;width:100%;display:flex;border:none;background-color:#000}@supports not (aspect-ratio:1\/1){.elementor-widget-video .elementor-wrapper{position:relative;overflow:hidden;height:0;padding-bottom:calc(100% \/ var(--video-aspect-ratio))}.elementor-widget-video .elementor-wrapper iframe,.elementor-widget-video .elementor-wrapper video{position:absolute;top:0;right:0;bottom:0;left:0}}.elementor-widget-video .elementor-open-inline .elementor-custom-embed-image-overlay{position:absolute;top:0;right:0;bottom:0;left:0;background-size:cover;background-position:50%}.elementor-widget-video .elementor-custom-embed-image-overlay{cursor:pointer;text-align:center}.elementor-widget-video .elementor-custom-embed-image-overlay:hover .elementor-custom-embed-play i{opacity:1}.elementor-widget-video .elementor-custom-embed-image-overlay img{display:block;width:100%;aspect-ratio:var(--video-aspect-ratio);-o-object-fit:cover;object-fit:cover;-o-object-position:center center;object-position:center center}@supports not (aspect-ratio:1\/1){.elementor-widget-video .elementor-custom-embed-image-overlay{position:relative;overflow:hidden;height:0;padding-bottom:calc(100% \/ var(--video-aspect-ratio))}.elementor-widget-video .elementor-custom-embed-image-overlay img{position:absolute;top:0;right:0;bottom:0;left:0}}.elementor-widget-video .e-hosted-video .elementor-video{-o-object-fit:cover;object-fit:cover}.e-con-inner>.elementor-widget-video,.e-con>.elementor-widget-video{width:var(--container-widget-width);--flex-grow:var(--container-widget-flex-grow)}<\/style>\t\t<div class=\"elementor-wrapper elementor-open-inline\">\n\t\t\t<div class=\"elementor-video\"><\/div>\t\t<\/div>\n\t\t\t\t<\/div>\n\t\t\t\t<\/div>\n\t\t\t\t\t<\/div>\n\t\t\t\t<\/div>\n\t\t<div class=\"elementor-element elementor-element-6700890 e-flex e-con-boxed e-con e-parent\" data-id=\"6700890\" data-element_type=\"container\" data-settings=\"{&quot;content_width&quot;:&quot;boxed&quot;}\" data-core-v316-plus=\"true\">\n\t\t\t\t\t<div class=\"e-con-inner\">\n\t\t\t\t<div class=\"elementor-element elementor-element-84043a9 elementor-widget elementor-widget-heading\" data-id=\"84043a9\" data-element_type=\"widget\" data-widget_type=\"heading.default\">\n\t\t\t\t<div class=\"elementor-widget-container\">\n\t\t\t<h2 class=\"elementor-heading-title elementor-size-large\">Melhor \u00e9poca para visitar o Delta do Parna\u00edba: Entenda o clima da regi\u00e3o<\/h2>\t\t<\/div>\n\t\t\t\t<\/div>\n\t\t\t\t<div class=\"elementor-element elementor-element-83e3c3d elementor-widget elementor-widget-image\" data-id=\"83e3c3d\" data-element_type=\"widget\" data-widget_type=\"image.default\">\n\t\t\t\t<div class=\"elementor-widget-container\">\n\t\t\t<style>\/*! elementor - v3.16.0 - 13-09-2023 *\/\n.elementor-widget-image{text-align:center}.elementor-widget-image a{display:inline-block}.elementor-widget-image a img[src$=\".svg\"]{width:48px}.elementor-widget-image img{vertical-align:middle;display:inline-block}<\/style>\t\t\t\t\t\t\t\t\t<figure class=\"wp-caption\">\n\t\t\t\t\t\t\t\t\t\t<img loading=\"lazy\" decoding=\"async\" width=\"840\" height=\"560\" src=\"https:\/\/www.blumarturismo.com.br\/blog\/wp-content\/uploads\/2024\/03\/Chico-Rasta-MTur-3.jpg\" class=\"attachment-large size-large wp-image-73171\" alt=\"Foto: Chico Rasta \/ MTur\" srcset=\"https:\/\/www.blumarturismo.com.br\/blog\/wp-content\/uploads\/2024\/03\/Chico-Rasta-MTur-3.jpg 840w, https:\/\/www.blumarturismo.com.br\/blog\/wp-content\/uploads\/2024\/03\/Chico-Rasta-MTur-3-300x200.jpg 300w, https:\/\/www.blumarturismo.com.br\/blog\/wp-content\/uploads\/2024\/03\/Chico-Rasta-MTur-3-768x512.jpg 768w\" sizes=\"auto, (max-width: 840px) 100vw, 840px\" \/>\t\t\t\t\t\t\t\t\t\t\t<figcaption class=\"widget-image-caption wp-caption-text\">Foto: Chico Rasta \/ MTur<\/figcaption>\n\t\t\t\t\t\t\t\t\t\t<\/figure>\n\t\t\t\t\t\t\t\t\t<\/div>\n\t\t\t\t<\/div>\n\t\t\t\t<div class=\"elementor-element elementor-element-1c07080 elementor-widget elementor-widget-text-editor\" data-id=\"1c07080\" data-element_type=\"widget\" data-widget_type=\"text-editor.default\">\n\t\t\t\t<div class=\"elementor-widget-container\">\n\t\t\t\t\t\t\t<p data-start=\"823\" data-end=\"1104\">O primeiro passo para definir a melhor \u00e9poca para visitar o Delta do Parna\u00edba \u00e9 compreender o clima local. A regi\u00e3o possui clima tropical, com temperaturas elevadas durante todo o ano, variando entre <strong data-start=\"1027\" data-end=\"1042\">25\u00b0C e 32\u00b0C<\/strong>, segundo dados do Instituto Nacional de Meteorologia (INMET).<\/p><p data-start=\"1106\" data-end=\"1217\">O que muda ao longo do ano \u00e9 o volume de chuvas, fator decisivo para passeios, navega\u00e7\u00e3o e observa\u00e7\u00e3o da fauna.<\/p>\t\t\t\t\t\t<\/div>\n\t\t\t\t<\/div>\n\t\t\t\t<div class=\"elementor-element elementor-element-240df29 elementor-widget elementor-widget-heading\" data-id=\"240df29\" data-element_type=\"widget\" data-widget_type=\"heading.default\">\n\t\t\t\t<div class=\"elementor-widget-container\">\n\t\t\t<h3 class=\"elementor-heading-title elementor-size-medium\">Esta\u00e7\u00e3o seca: a melhor \u00e9poca para visitar o Delta do Parna\u00edba<\/h3>\t\t<\/div>\n\t\t\t\t<\/div>\n\t\t\t\t<div class=\"elementor-element elementor-element-d330559 elementor-widget elementor-widget-text-editor\" data-id=\"d330559\" data-element_type=\"widget\" data-widget_type=\"text-editor.default\">\n\t\t\t\t<div class=\"elementor-widget-container\">\n\t\t\t\t\t\t\t<p data-start=\"1290\" data-end=\"1316\"><strong data-start=\"1293\" data-end=\"1316\">De junho a dezembro<\/strong><\/p><p data-start=\"1318\" data-end=\"1569\">Esse per\u00edodo \u00e9 considerado por especialistas e operadores tur\u00edsticos como a <strong data-start=\"1394\" data-end=\"1443\">melhor \u00e9poca para visitar o Delta do Parna\u00edba<\/strong>. As chuvas diminuem significativamente, os dias s\u00e3o mais ensolarados e os passeios de barco acontecem com mais tranquilidade.<\/p>\t\t\t\t\t\t<\/div>\n\t\t\t\t<\/div>\n\t\t\t\t<div class=\"elementor-element elementor-element-3d2a00d elementor-widget elementor-widget-heading\" data-id=\"3d2a00d\" data-element_type=\"widget\" data-widget_type=\"heading.default\">\n\t\t\t\t<div class=\"elementor-widget-container\">\n\t\t\t<h3 class=\"elementor-heading-title elementor-size-medium\">Principais vantagens da esta\u00e7\u00e3o seca:<\/h3>\t\t<\/div>\n\t\t\t\t<\/div>\n\t\t\t\t<div class=\"elementor-element elementor-element-7d17a4d elementor-widget elementor-widget-text-editor\" data-id=\"7d17a4d\" data-element_type=\"widget\" data-widget_type=\"text-editor.default\">\n\t\t\t\t<div class=\"elementor-widget-container\">\n\t\t\t\t\t\t\t<ul data-start=\"1613\" data-end=\"1797\"><li data-start=\"1613\" data-end=\"1648\"><p data-start=\"1615\" data-end=\"1648\">Melhor visibilidade das paisagens<\/p><\/li><li data-start=\"1649\" data-end=\"1687\"><p data-start=\"1651\" data-end=\"1687\">Passeios de lancha mais confort\u00e1veis<\/p><\/li><li data-start=\"1688\" data-end=\"1720\"><p data-start=\"1690\" data-end=\"1720\">Trilhas e caminhadas nas dunas<\/p><\/li><li data-start=\"1721\" data-end=\"1763\"><p data-start=\"1723\" data-end=\"1763\">Observa\u00e7\u00e3o de aves, como guar\u00e1s e gar\u00e7as<\/p><\/li><li data-start=\"1764\" data-end=\"1797\"><p data-start=\"1766\" data-end=\"1797\">P\u00f4r do sol espetacular no Delta<\/p><\/li><\/ul><p data-start=\"1799\" data-end=\"1954\">De acordo com o Minist\u00e9rio do Turismo, os meses de <strong data-start=\"1850\" data-end=\"1869\">julho a outubro<\/strong> concentram o maior fluxo de visitantes justamente pelas condi\u00e7\u00f5es clim\u00e1ticas ideais.<\/p>\t\t\t\t\t\t<\/div>\n\t\t\t\t<\/div>\n\t\t\t\t\t<\/div>\n\t\t\t\t<\/div>\n\t\t<div class=\"elementor-element elementor-element-9155b58 e-flex e-con-boxed e-con e-parent\" data-id=\"9155b58\" data-element_type=\"container\" data-settings=\"{&quot;content_width&quot;:&quot;boxed&quot;}\" data-core-v316-plus=\"true\">\n\t\t\t\t\t<div class=\"e-con-inner\">\n\t\t\t\t<div class=\"elementor-element elementor-element-45b21f4 elementor-widget elementor-widget-heading\" data-id=\"45b21f4\" data-element_type=\"widget\" data-widget_type=\"heading.default\">\n\t\t\t\t<div class=\"elementor-widget-container\">\n\t\t\t<h2 class=\"elementor-heading-title elementor-size-large\">Melhor \u00e9poca para visitar o Delta do Parna\u00edba e ver paisagens exuberantes<\/h2>\t\t<\/div>\n\t\t\t\t<\/div>\n\t\t\t\t<div class=\"elementor-element elementor-element-ba51ede elementor-widget elementor-widget-image\" data-id=\"ba51ede\" data-element_type=\"widget\" data-widget_type=\"image.default\">\n\t\t\t\t<div class=\"elementor-widget-container\">\n\t\t\t\t\t\t\t\t\t\t\t\t<figure class=\"wp-caption\">\n\t\t\t\t\t\t\t\t\t\t<img loading=\"lazy\" decoding=\"async\" width=\"1024\" height=\"683\" src=\"https:\/\/www.blumarturismo.com.br\/blog\/wp-content\/uploads\/2023\/04\/Chico-Rasta-MTur-5-1024x683.jpg\" class=\"attachment-large size-large wp-image-69494\" alt=\"Foto: Chico Rasta \/ MTur\" srcset=\"https:\/\/www.blumarturismo.com.br\/blog\/wp-content\/uploads\/2023\/04\/Chico-Rasta-MTur-5-1024x683.jpg 1024w, https:\/\/www.blumarturismo.com.br\/blog\/wp-content\/uploads\/2023\/04\/Chico-Rasta-MTur-5-300x200.jpg 300w, https:\/\/www.blumarturismo.com.br\/blog\/wp-content\/uploads\/2023\/04\/Chico-Rasta-MTur-5-768x512.jpg 768w, https:\/\/www.blumarturismo.com.br\/blog\/wp-content\/uploads\/2023\/04\/Chico-Rasta-MTur-5-1536x1024.jpg 1536w, https:\/\/www.blumarturismo.com.br\/blog\/wp-content\/uploads\/2023\/04\/Chico-Rasta-MTur-5.jpg 2047w\" sizes=\"auto, (max-width: 1024px) 100vw, 1024px\" \/>\t\t\t\t\t\t\t\t\t\t\t<figcaption class=\"widget-image-caption wp-caption-text\">Foto: Chico Rasta \/ MTur <\/figcaption>\n\t\t\t\t\t\t\t\t\t\t<\/figure>\n\t\t\t\t\t\t\t\t\t<\/div>\n\t\t\t\t<\/div>\n\t\t\t\t<div class=\"elementor-element elementor-element-c319448 elementor-widget elementor-widget-text-editor\" data-id=\"c319448\" data-element_type=\"widget\" data-widget_type=\"text-editor.default\">\n\t\t\t\t<div class=\"elementor-widget-container\">\n\t\t\t\t\t\t\t<p data-start=\"823\" data-end=\"1104\">Se o seu objetivo \u00e9 ver o Delta mais verde, cheio de vida e com rios volumosos, vale entender os benef\u00edcios da esta\u00e7\u00e3o chuvosa.<\/p>\t\t\t\t\t\t<\/div>\n\t\t\t\t<\/div>\n\t\t\t\t<div class=\"elementor-element elementor-element-e861e74 elementor-widget elementor-widget-heading\" data-id=\"e861e74\" data-element_type=\"widget\" data-widget_type=\"heading.default\">\n\t\t\t\t<div class=\"elementor-widget-container\">\n\t\t\t<h3 class=\"elementor-heading-title elementor-size-medium\">Esta\u00e7\u00e3o chuvosa: Beleza intensa e menos turistas<\/h3>\t\t<\/div>\n\t\t\t\t<\/div>\n\t\t\t\t<div class=\"elementor-element elementor-element-2d90880 elementor-widget elementor-widget-text-editor\" data-id=\"2d90880\" data-element_type=\"widget\" data-widget_type=\"text-editor.default\">\n\t\t\t\t<div class=\"elementor-widget-container\">\n\t\t\t\t\t\t\t<p data-start=\"2230\" data-end=\"2254\"><strong data-start=\"2233\" data-end=\"2254\">De janeiro a maio<\/strong><\/p><p data-start=\"2256\" data-end=\"2449\">Apesar das chuvas, esse per\u00edodo tamb\u00e9m pode ser interessante para quem busca uma experi\u00eancia mais contemplativa. Os rios ficam mais cheios, os manguezais mais verdes e h\u00e1 menor fluxo tur\u00edstico.<\/p>\t\t\t\t\t\t<\/div>\n\t\t\t\t<\/div>\n\t\t\t\t<div class=\"elementor-element elementor-element-187cba2 elementor-widget elementor-widget-heading\" data-id=\"187cba2\" data-element_type=\"widget\" data-widget_type=\"heading.default\">\n\t\t\t\t<div class=\"elementor-widget-container\">\n\t\t\t<h3 class=\"elementor-heading-title elementor-size-medium\">Pontos de aten\u00e7\u00e3o:<\/h3>\t\t<\/div>\n\t\t\t\t<\/div>\n\t\t\t\t<div class=\"elementor-element elementor-element-e5dd420 elementor-widget elementor-widget-text-editor\" data-id=\"e5dd420\" data-element_type=\"widget\" data-widget_type=\"text-editor.default\">\n\t\t\t\t<div class=\"elementor-widget-container\">\n\t\t\t\t\t\t\t<ul data-start=\"2474\" data-end=\"2598\"><li data-start=\"2474\" data-end=\"2533\"><p data-start=\"2476\" data-end=\"2533\">Algumas atividades podem ser limitadas por conta do clima<\/p><\/li><li data-start=\"2534\" data-end=\"2574\"><p data-start=\"2536\" data-end=\"2574\">Passeios dependem das condi\u00e7\u00f5es do dia<\/p><\/li><li data-start=\"2575\" data-end=\"2598\"><p data-start=\"2577\" data-end=\"2598\">Maior umidade e calor<\/p><\/li><\/ul><p data-start=\"2600\" data-end=\"2761\">Segundo estudos do ICMBio, o per\u00edodo chuvoso \u00e9 essencial para o equil\u00edbrio ecol\u00f3gico do Delta, favorecendo a reprodu\u00e7\u00e3o de esp\u00e9cies aqu\u00e1ticas e aves migrat\u00f3rias.<\/p>\t\t\t\t\t\t<\/div>\n\t\t\t\t<\/div>\n\t\t\t\t\t<\/div>\n\t\t\t\t<\/div>\n\t\t<div class=\"elementor-element elementor-element-8b7744b e-flex e-con-boxed e-con e-parent\" data-id=\"8b7744b\" data-element_type=\"container\" data-settings=\"{&quot;content_width&quot;:&quot;boxed&quot;}\" data-core-v316-plus=\"true\">\n\t\t\t\t\t<div class=\"e-con-inner\">\n\t\t\t\t<div class=\"elementor-element elementor-element-167167c elementor-widget elementor-widget-heading\" data-id=\"167167c\" data-element_type=\"widget\" data-widget_type=\"heading.default\">\n\t\t\t\t<div class=\"elementor-widget-container\">\n\t\t\t<h2 class=\"elementor-heading-title elementor-size-large\">Melhor \u00e9poca para visitar o Delta do Parna\u00edba de acordo com seu perfil<\/h2>\t\t<\/div>\n\t\t\t\t<\/div>\n\t\t\t\t<div class=\"elementor-element elementor-element-93b161d elementor-widget elementor-widget-image\" data-id=\"93b161d\" data-element_type=\"widget\" data-widget_type=\"image.default\">\n\t\t\t\t<div class=\"elementor-widget-container\">\n\t\t\t\t\t\t\t\t\t\t\t\t<figure class=\"wp-caption\">\n\t\t\t\t\t\t\t\t\t\t<img loading=\"lazy\" decoding=\"async\" width=\"1024\" height=\"768\" src=\"https:\/\/www.blumarturismo.com.br\/blog\/wp-content\/uploads\/2023\/06\/Foto-Chico-Rasta-MTur-1-1024x768.jpg\" class=\"attachment-large size-large wp-image-58984\" alt=\"Foto: Chico Rasta \/ MTur\" srcset=\"https:\/\/www.blumarturismo.com.br\/blog\/wp-content\/uploads\/2023\/06\/Foto-Chico-Rasta-MTur-1-1024x768.jpg 1024w, https:\/\/www.blumarturismo.com.br\/blog\/wp-content\/uploads\/2023\/06\/Foto-Chico-Rasta-MTur-1-300x225.jpg 300w, https:\/\/www.blumarturismo.com.br\/blog\/wp-content\/uploads\/2023\/06\/Foto-Chico-Rasta-MTur-1-768x576.jpg 768w, https:\/\/www.blumarturismo.com.br\/blog\/wp-content\/uploads\/2023\/06\/Foto-Chico-Rasta-MTur-1-1536x1151.jpg 1536w, https:\/\/www.blumarturismo.com.br\/blog\/wp-content\/uploads\/2023\/06\/Foto-Chico-Rasta-MTur-1.jpg 2048w\" sizes=\"auto, (max-width: 1024px) 100vw, 1024px\" \/>\t\t\t\t\t\t\t\t\t\t\t<figcaption class=\"widget-image-caption wp-caption-text\">Foto: Chico Rasta \/ MTur<\/figcaption>\n\t\t\t\t\t\t\t\t\t\t<\/figure>\n\t\t\t\t\t\t\t\t\t<\/div>\n\t\t\t\t<\/div>\n\t\t\t\t<div class=\"elementor-element elementor-element-e496a59 elementor-widget elementor-widget-text-editor\" data-id=\"e496a59\" data-element_type=\"widget\" data-widget_type=\"text-editor.default\">\n\t\t\t\t<div class=\"elementor-widget-container\">\n\t\t\t\t\t\t\t<p data-start=\"2847\" data-end=\"2952\">A <strong data-start=\"2849\" data-end=\"2898\">melhor \u00e9poca para visitar o Delta do Parna\u00edba<\/strong> tamb\u00e9m depende do tipo de experi\u00eancia que voc\u00ea busca:<\/p><ul data-start=\"2954\" data-end=\"3211\"><li data-start=\"2954\" data-end=\"3019\"><p data-start=\"2956\" data-end=\"3019\"><strong data-start=\"2959\" data-end=\"3001\">Para passeios completos e clima ideal:<\/strong> julho a outubro<\/p><\/li><li data-start=\"3020\" data-end=\"3087\"><p data-start=\"3022\" data-end=\"3087\"><strong data-start=\"3025\" data-end=\"3067\">Para paisagens verdes e tranquilidade:<\/strong> fevereiro a abril<\/p><\/li><li data-start=\"3088\" data-end=\"3155\"><p data-start=\"3090\" data-end=\"3155\"><strong data-start=\"3093\" data-end=\"3135\">Para fotografia e natureza exuberante:<\/strong> agosto e setembro<\/p><\/li><li data-start=\"3156\" data-end=\"3211\"><p data-start=\"3158\" data-end=\"3211\"><strong data-start=\"3161\" data-end=\"3192\">Para navega\u00e7\u00e3o confort\u00e1vel:<\/strong> junho a novembro<\/p><\/li><\/ul><p data-start=\"3213\" data-end=\"3302\">Planejar a viagem com base no seu perfil garante mais aproveitamento e menos imprevistos.<\/p>\t\t\t\t\t\t<\/div>\n\t\t\t\t<\/div>\n\t\t\t\t\t<\/div>\n\t\t\t\t<\/div>\n\t\t<div class=\"elementor-element elementor-element-6ac2887 e-flex e-con-boxed e-con e-parent\" data-id=\"6ac2887\" data-element_type=\"container\" data-settings=\"{&quot;content_width&quot;:&quot;boxed&quot;}\" data-core-v316-plus=\"true\">\n\t\t\t\t\t<div class=\"e-con-inner\">\n\t\t\t\t<div class=\"elementor-element elementor-element-b1918b4 elementor-widget elementor-widget-heading\" data-id=\"b1918b4\" data-element_type=\"widget\" data-widget_type=\"heading.default\">\n\t\t\t\t<div class=\"elementor-widget-container\">\n\t\t\t<h2 class=\"elementor-heading-title elementor-size-large\">Por que viajar para o Delta do Parna\u00edba com a Blumar Turismo<\/h2>\t\t<\/div>\n\t\t\t\t<\/div>\n\t\t\t\t<div class=\"elementor-element elementor-element-eeea647 elementor-widget elementor-widget-text-editor\" data-id=\"eeea647\" data-element_type=\"widget\" data-widget_type=\"text-editor.default\">\n\t\t\t\t<div class=\"elementor-widget-container\">\n\t\t\t\t\t\t\t<p data-start=\"3378\" data-end=\"3667\">Quando o destino envolve natureza, log\u00edstica e experi\u00eancias exclusivas, contar com uma operadora experiente faz toda a diferen\u00e7a. A <strong data-start=\"3510\" data-end=\"3528\">Blumar Turismo<\/strong> \u00e9 refer\u00eancia em turismo de alto padr\u00e3o no Brasil, com d\u00e9cadas de atua\u00e7\u00e3o e profundo conhecimento dos principais destinos naturais do pa\u00eds.<\/p>\t\t\t\t\t\t<\/div>\n\t\t\t\t<\/div>\n\t\t\t\t<div class=\"elementor-element elementor-element-fecc2f0 elementor-widget elementor-widget-heading\" data-id=\"fecc2f0\" data-element_type=\"widget\" data-widget_type=\"heading.default\">\n\t\t\t\t<div class=\"elementor-widget-container\">\n\t\t\t<h3 class=\"elementor-heading-title elementor-size-medium\">Diferenciais da Blumar Turismo<\/h3>\t\t<\/div>\n\t\t\t\t<\/div>\n\t\t\t\t<div class=\"elementor-element elementor-element-1b0004d elementor-widget elementor-widget-text-editor\" data-id=\"1b0004d\" data-element_type=\"widget\" data-widget_type=\"text-editor.default\">\n\t\t\t\t<div class=\"elementor-widget-container\">\n\t\t\t\t\t\t\t<ul data-start=\"3708\" data-end=\"3976\"><li data-start=\"3708\" data-end=\"3762\"><p data-start=\"3710\" data-end=\"3762\">Especialistas em destinos de natureza e ecoturismo<\/p><\/li><li data-start=\"3763\" data-end=\"3852\"><p data-start=\"3765\" data-end=\"3852\">Roteiros personalizados de acordo com a melhor \u00e9poca para visitar o Delta do Parna\u00edba<\/p><\/li><li data-start=\"3853\" data-end=\"3896\"><p data-start=\"3855\" data-end=\"3896\">Parcerias com guias locais certificados<\/p><\/li><li data-start=\"3897\" data-end=\"3936\"><p data-start=\"3899\" data-end=\"3936\">Alto padr\u00e3o de seguran\u00e7a e conforto<\/p><\/li><li data-start=\"3937\" data-end=\"3976\"><p data-start=\"3939\" data-end=\"3976\">Atendimento consultivo e humanizado<\/p><\/li><\/ul><p data-start=\"3978\" data-end=\"4155\">Depoimentos de clientes destacam a organiza\u00e7\u00e3o impec\u00e1vel e o cuidado em cada detalhe da viagem, refor\u00e7ando a credibilidade da Blumar Turismo no mercado nacional e internacional.<\/p>\t\t\t\t\t\t<\/div>\n\t\t\t\t<\/div>\n\t\t\t\t\t<\/div>\n\t\t\t\t<\/div>\n\t\t<div class=\"elementor-element elementor-element-ed53dd5 e-flex e-con-boxed e-con e-parent\" data-id=\"ed53dd5\" data-element_type=\"container\" data-settings=\"{&quot;content_width&quot;:&quot;boxed&quot;}\" data-core-v316-plus=\"true\">\n\t\t\t\t\t<div class=\"e-con-inner\">\n\t\t\t\t<div class=\"elementor-element elementor-element-233db4e elementor-widget elementor-widget-heading\" data-id=\"233db4e\" data-element_type=\"widget\" data-widget_type=\"heading.default\">\n\t\t\t\t<div class=\"elementor-widget-container\">\n\t\t\t<h2 class=\"elementor-heading-title elementor-size-large\">Conclus\u00e3o: Qual \u00e9 a melhor \u00e9poca para visitar o Delta do Parna\u00edba?<\/h2>\t\t<\/div>\n\t\t\t\t<\/div>\n\t\t\t\t<div class=\"elementor-element elementor-element-cdea192 elementor-widget elementor-widget-image\" data-id=\"cdea192\" data-element_type=\"widget\" data-widget_type=\"image.default\">\n\t\t\t\t<div class=\"elementor-widget-container\">\n\t\t\t\t\t\t\t\t\t\t\t\t<figure class=\"wp-caption\">\n\t\t\t\t\t\t\t\t\t\t<img loading=\"lazy\" decoding=\"async\" width=\"1024\" height=\"541\" src=\"https:\/\/www.blumarturismo.com.br\/blog\/wp-content\/uploads\/2024\/06\/Chico-Rasta-MTur-10-1024x541.jpg\" class=\"attachment-large size-large wp-image-59058\" alt=\"Foto: Chico Rasta \/ MTur\" srcset=\"https:\/\/www.blumarturismo.com.br\/blog\/wp-content\/uploads\/2024\/06\/Chico-Rasta-MTur-10-1024x541.jpg 1024w, https:\/\/www.blumarturismo.com.br\/blog\/wp-content\/uploads\/2024\/06\/Chico-Rasta-MTur-10-300x158.jpg 300w, https:\/\/www.blumarturismo.com.br\/blog\/wp-content\/uploads\/2024\/06\/Chico-Rasta-MTur-10-768x406.jpg 768w, https:\/\/www.blumarturismo.com.br\/blog\/wp-content\/uploads\/2024\/06\/Chico-Rasta-MTur-10-1536x812.jpg 1536w, https:\/\/www.blumarturismo.com.br\/blog\/wp-content\/uploads\/2024\/06\/Chico-Rasta-MTur-10.jpg 2048w\" sizes=\"auto, (max-width: 1024px) 100vw, 1024px\" \/>\t\t\t\t\t\t\t\t\t\t\t<figcaption class=\"widget-image-caption wp-caption-text\">Foto: Chico Rasta \/ MTur<\/figcaption>\n\t\t\t\t\t\t\t\t\t\t<\/figure>\n\t\t\t\t\t\t\t\t\t<\/div>\n\t\t\t\t<\/div>\n\t\t\t\t<div class=\"elementor-element elementor-element-6d8e726 elementor-widget elementor-widget-text-editor\" data-id=\"6d8e726\" data-element_type=\"widget\" data-widget_type=\"text-editor.default\">\n\t\t\t\t<div class=\"elementor-widget-container\">\n\t\t\t\t\t\t\t<p data-start=\"4237\" data-end=\"4511\">A <strong data-start=\"4239\" data-end=\"4288\">melhor \u00e9poca para visitar o Delta do Parna\u00edba<\/strong> \u00e9, sem d\u00favida, entre <strong data-start=\"4310\" data-end=\"4330\">junho e dezembro<\/strong>, quando o clima seco favorece passeios, paisagens deslumbrantes e experi\u00eancias completas. No entanto, com o planejamento certo, o destino pode surpreender em qualquer \u00e9poca do ano.<\/p><p data-start=\"4513\" data-end=\"4689\">Com o suporte da <strong data-start=\"4530\" data-end=\"4548\">Blumar Turismo<\/strong>, voc\u00ea garante uma viagem bem planejada, segura e totalmente alinhada ao seu perfil \u2014 aproveitando o Delta do Parna\u00edba no seu melhor momento.<\/p>\t\t\t\t\t\t<\/div>\n\t\t\t\t<\/div>\n\t\t\t\t\t<\/div>\n\t\t\t\t<\/div>\n\t\t<div class=\"elementor-element elementor-element-75c97a8 e-flex e-con-boxed e-con e-parent\" data-id=\"75c97a8\" data-element_type=\"container\" data-settings=\"{&quot;content_width&quot;:&quot;boxed&quot;}\" data-core-v316-plus=\"true\">\n\t\t\t\t\t<div class=\"e-con-inner\">\n\t\t\t\t<div class=\"elementor-element elementor-element-7e16bc9 elementor-widget elementor-widget-heading\" data-id=\"7e16bc9\" data-element_type=\"widget\" data-widget_type=\"heading.default\">\n\t\t\t\t<div class=\"elementor-widget-container\">\n\t\t\t<h2 class=\"elementor-heading-title elementor-size-large\">Depoimentos de Quem Viveu a Experi\u00eancia<\/h2>\t\t<\/div>\n\t\t\t\t<\/div>\n\t\t\t\t<div class=\"elementor-element elementor-element-d7d3ba6 elementor-widget elementor-widget-text-editor\" data-id=\"d7d3ba6\" data-element_type=\"widget\" data-widget_type=\"text-editor.default\">\n\t\t\t\t<div class=\"elementor-widget-container\">\n\t\t\t\t\t\t\t<p style=\"text-align: center;\"><strong><a href=\"https:\/\/www.blumarturismo.com.br\/\">Blumar Turismo<\/a>: Certificada pelo Reclame Aqui<\/strong><\/p>\t\t\t\t\t\t<\/div>\n\t\t\t\t<\/div>\n\t\t\t\t<div class=\"elementor-element elementor-element-0a95d49 elementor-widget elementor-widget-html\" data-id=\"0a95d49\" data-element_type=\"widget\" data-widget_type=\"html.default\">\n\t\t\t\t<div class=\"elementor-widget-container\">\n\t\t\t<center><div id=\"ra-verified-seal\"><script type=\"text\/javascript\" id=\"ra-embed-verified-seal\" src=\"https:\/\/s3.amazonaws.com\/raichu-beta\/ra-verified\/bundle.js\" data-id=\"MzI4Nzc6Ymx1bWFy\" data-target=\"ra-verified-seal\" data-model=\"2\"><\/script><\/div><\/center>\t\t<\/div>\n\t\t\t\t<\/div>\n\t\t\t\t<div class=\"elementor-element elementor-element-ff604bb elementor-widget elementor-widget-text-editor\" data-id=\"ff604bb\" data-element_type=\"widget\" data-widget_type=\"text-editor.default\">\n\t\t\t\t<div class=\"elementor-widget-container\">\n\t\t\t\t\t\t\t<p><span style=\"color: var( --e-global-color-text ); text-align: var(--text-align);\">Na <a href=\"https:\/\/www.blumarturismo.com.br\/\"><strong>Blumar Turismo<\/strong><\/a>, nos orgulhamos de oferecer um servi\u00e7o de excel\u00eancia. Somos certificados pelo Reclame Aqui e n\u00e3o recebemos nenhuma reclama\u00e7\u00e3o nos \u00faltimos 12 meses.<\/span><\/p><p>Nosso compromisso \u00e9 com a total satisfa\u00e7\u00e3o do cliente. Garantimos experi\u00eancias de viagem \u00fanicas e memor\u00e1veis, cuidando de cada detalhe, desde a escolha dos melhores destinos e hot\u00e9is at\u00e9 a personaliza\u00e7\u00e3o de roteiros. Nossa equipe est\u00e1 dedicada a atender todas as suas necessidades com m\u00e1xima aten\u00e7\u00e3o e profissionalismo.<\/p>\t\t\t\t\t\t<\/div>\n\t\t\t\t<\/div>\n\t\t\t\t<div class=\"elementor-element elementor-element-1c60b7b elementor-widget elementor-widget-html\" data-id=\"1c60b7b\" data-element_type=\"widget\" data-widget_type=\"html.default\">\n\t\t\t\t<div class=\"elementor-widget-container\">\n\t\t\t<script defer async src='https:\/\/cdn.trustindex.io\/loader.js?ce71034281b144908086b16f08f'><\/script>\t\t<\/div>\n\t\t\t\t<\/div>\n\t\t\t\t\t<\/div>\n\t\t\t\t<\/div>\n\t\t<div class=\"elementor-element elementor-element-3d838fc e-flex e-con-boxed e-con e-parent\" data-id=\"3d838fc\" data-element_type=\"container\" data-settings=\"{&quot;content_width&quot;:&quot;boxed&quot;}\" data-core-v316-plus=\"true\">\n\t\t\t\t\t<div class=\"e-con-inner\">\n\t\t\t\t<div class=\"elementor-element elementor-element-f418522 elementor-widget elementor-widget-heading\" data-id=\"f418522\" data-element_type=\"widget\" data-widget_type=\"heading.default\">\n\t\t\t\t<div class=\"elementor-widget-container\">\n\t\t\t<h2 class=\"elementor-heading-title elementor-size-medium\">Posts que voc\u00ea tamb\u00e9m pode se interessar:<\/h2>\t\t<\/div>\n\t\t\t\t<\/div>\n\t\t\t\t<div class=\"elementor-element elementor-element-474a711 elementor-widget elementor-widget-text-editor\" data-id=\"474a711\" data-element_type=\"widget\" data-widget_type=\"text-editor.default\">\n\t\t\t\t<div class=\"elementor-widget-container\">\n\t\t\t\t\t\t\t<ul><li><a href=\"https:\/\/www.blumarturismo.com.br\/blog\/como-e-a-agua-dos-lencois-maranhenses-o-milagre-das-chuvas-em-dunas-de-areia\/\">Como \u00e9 a \u00c1gua dos Len\u00e7\u00f3is Maranhenses? O Milagre das Chuvas em Dunas de Areia<\/a><\/li><li><a href=\"https:\/\/www.blumarturismo.com.br\/blog\/vila-de-jericoacoara-descubra-um-paraiso-inesquecivel-no-nordeste-brasileiro\/\">Vila de Jericoacoara: Descubra um Para\u00edso Inesquec\u00edvel no Nordeste Brasileiro<\/a><\/li><li><a href=\"https:\/\/www.blumarturismo.com.br\/blog\/qual-a-melhor-epoca-para-visitar-o-delta-do-parnaiba\/\">Qual a melhor \u00e9poca para visitar o Delta do Parna\u00edba?<\/a><\/li><li><a href=\"https:\/\/www.blumarturismo.com.br\/blog\/o-que-e-a-rota-das-emocoes-descubra-agora\/\">O que \u00e9 a Rota das Emo\u00e7\u00f5es? Descubra agora!<\/a><\/li><li><a href=\"https:\/\/www.blumarturismo.com.br\/blog\/operador-de-turismo-cultural-e-de-luxo-no-brasil-blumar-dmc\/\">Operador de Turismo Cultural e de Luxo no Brasil: Blumar DMC<\/a><\/li><\/ul>\t\t\t\t\t\t<\/div>\n\t\t\t\t<\/div>\n\t\t\t\t\t<\/div>\n\t\t\t\t<\/div>\n\t\t<div class=\"elementor-element elementor-element-91bd2c5 e-flex e-con-boxed e-con e-parent\" data-id=\"91bd2c5\" data-element_type=\"container\" data-settings=\"{&quot;content_width&quot;:&quot;boxed&quot;}\" data-core-v316-plus=\"true\">\n\t\t\t\t\t<div class=\"e-con-inner\">\n\t\t\t\t<div class=\"elementor-element elementor-element-cdabd07 elementor-widget elementor-widget-heading\" data-id=\"cdabd07\" data-element_type=\"widget\" data-widget_type=\"heading.default\">\n\t\t\t\t<div class=\"elementor-widget-container\">\n\t\t\t<h2 class=\"elementor-heading-title elementor-size-large\">FAQ \u2013 Melhor \u00e9poca para visitar o Delta do Parna\u00edba<\/h2>\t\t<\/div>\n\t\t\t\t<\/div>\n\t\t\t\t<div class=\"elementor-element elementor-element-0ba8759 elementor-widget elementor-widget-image\" data-id=\"0ba8759\" data-element_type=\"widget\" data-widget_type=\"image.default\">\n\t\t\t\t<div class=\"elementor-widget-container\">\n\t\t\t\t\t\t\t\t\t\t\t\t<figure class=\"wp-caption\">\n\t\t\t\t\t\t\t\t\t\t<img loading=\"lazy\" decoding=\"async\" width=\"1000\" height=\"667\" src=\"https:\/\/www.blumarturismo.com.br\/blog\/wp-content\/uploads\/2023\/04\/Foto-mochilaosabatico-Shutterstock.com_.jpg\" class=\"attachment-large size-large wp-image-69473\" alt=\"Foto: mochilaosabatico \/ Shutterstock.com\" srcset=\"https:\/\/www.blumarturismo.com.br\/blog\/wp-content\/uploads\/2023\/04\/Foto-mochilaosabatico-Shutterstock.com_.jpg 1000w, https:\/\/www.blumarturismo.com.br\/blog\/wp-content\/uploads\/2023\/04\/Foto-mochilaosabatico-Shutterstock.com_-300x200.jpg 300w, https:\/\/www.blumarturismo.com.br\/blog\/wp-content\/uploads\/2023\/04\/Foto-mochilaosabatico-Shutterstock.com_-768x512.jpg 768w\" sizes=\"auto, (max-width: 1000px) 100vw, 1000px\" \/>\t\t\t\t\t\t\t\t\t\t\t<figcaption class=\"widget-image-caption wp-caption-text\">Foto: mochilaosabatico \/ Shutterstock.com<\/figcaption>\n\t\t\t\t\t\t\t\t\t\t<\/figure>\n\t\t\t\t\t\t\t\t\t<\/div>\n\t\t\t\t<\/div>\n\t\t\t\t<div class=\"elementor-element elementor-element-5fb79a5 elementor-widget elementor-widget-toggle\" data-id=\"5fb79a5\" data-element_type=\"widget\" data-widget_type=\"toggle.default\">\n\t\t\t\t<div class=\"elementor-widget-container\">\n\t\t\t<style>\/*! elementor - v3.16.0 - 13-09-2023 *\/\n.elementor-toggle{text-align:left}.elementor-toggle .elementor-tab-title{font-weight:700;line-height:1;margin:0;padding:15px;border-bottom:1px solid #d5d8dc;cursor:pointer;outline:none}.elementor-toggle .elementor-tab-title .elementor-toggle-icon{display:inline-block;width:1em}.elementor-toggle .elementor-tab-title .elementor-toggle-icon svg{margin-inline-start:-5px;width:1em;height:1em}.elementor-toggle .elementor-tab-title .elementor-toggle-icon.elementor-toggle-icon-right{float:right;text-align:right}.elementor-toggle .elementor-tab-title .elementor-toggle-icon.elementor-toggle-icon-left{float:left;text-align:left}.elementor-toggle .elementor-tab-title .elementor-toggle-icon .elementor-toggle-icon-closed{display:block}.elementor-toggle .elementor-tab-title .elementor-toggle-icon .elementor-toggle-icon-opened{display:none}.elementor-toggle .elementor-tab-title.elementor-active{border-bottom:none}.elementor-toggle .elementor-tab-title.elementor-active .elementor-toggle-icon-closed{display:none}.elementor-toggle .elementor-tab-title.elementor-active .elementor-toggle-icon-opened{display:block}.elementor-toggle .elementor-tab-content{padding:15px;border-bottom:1px solid #d5d8dc;display:none}@media (max-width:767px){.elementor-toggle .elementor-tab-title{padding:12px}.elementor-toggle .elementor-tab-content{padding:12px 10px}}.e-con-inner>.elementor-widget-toggle,.e-con>.elementor-widget-toggle{width:var(--container-widget-width);--flex-grow:var(--container-widget-flex-grow)}<\/style>\t\t<div class=\"elementor-toggle\">\n\t\t\t\t\t\t\t<div class=\"elementor-toggle-item\">\n\t\t\t\t\t<div id=\"elementor-tab-title-1001\" class=\"elementor-tab-title\" data-tab=\"1\" role=\"button\" aria-controls=\"elementor-tab-content-1001\" aria-expanded=\"false\">\n\t\t\t\t\t\t\t\t\t\t\t\t<span class=\"elementor-toggle-icon elementor-toggle-icon-left\" aria-hidden=\"true\">\n\t\t\t\t\t\t\t\t\t\t\t\t\t\t\t<span class=\"elementor-toggle-icon-closed\"><svg class=\"e-font-icon-svg e-fas-caret-right\" viewBox=\"0 0 192 512\" xmlns=\"http:\/\/www.w3.org\/2000\/svg\"><path d=\"M0 384.662V127.338c0-17.818 21.543-26.741 34.142-14.142l128.662 128.662c7.81 7.81 7.81 20.474 0 28.284L34.142 398.804C21.543 411.404 0 402.48 0 384.662z\"><\/path><\/svg><\/span>\n\t\t\t\t\t\t\t\t<span class=\"elementor-toggle-icon-opened\"><svg class=\"elementor-toggle-icon-opened e-font-icon-svg e-fas-caret-up\" viewBox=\"0 0 320 512\" xmlns=\"http:\/\/www.w3.org\/2000\/svg\"><path d=\"M288.662 352H31.338c-17.818 0-26.741-21.543-14.142-34.142l128.662-128.662c7.81-7.81 20.474-7.81 28.284 0l128.662 128.662c12.6 12.599 3.676 34.142-14.142 34.142z\"><\/path><\/svg><\/span>\n\t\t\t\t\t\t\t\t\t\t\t\t\t<\/span>\n\t\t\t\t\t\t\t\t\t\t\t\t<a class=\"elementor-toggle-title\" tabindex=\"0\">Qual \u00e9 a melhor \u00e9poca para visitar o Delta do Parna\u00edba?<\/a>\n\t\t\t\t\t<\/div>\n\n\t\t\t\t\t<div id=\"elementor-tab-content-1001\" class=\"elementor-tab-content elementor-clearfix\" data-tab=\"1\" role=\"region\" aria-labelledby=\"elementor-tab-title-1001\"><p data-start=\"364\" data-end=\"612\">A melhor \u00e9poca para visitar o Delta do Parna\u00edba \u00e9 entre <strong data-start=\"420\" data-end=\"440\">junho e dezembro<\/strong>, durante a esta\u00e7\u00e3o seca. Nesse per\u00edodo, as chuvas diminuem significativamente, os dias s\u00e3o mais ensolarados e os passeios de barco acontecem com mais seguran\u00e7a e conforto.<\/p><p data-start=\"614\" data-end=\"751\">Essa \u00e9 a \u00e9poca ideal para quem deseja aproveitar ao m\u00e1ximo as paisagens, navegar pelos igarap\u00e9s e assistir ao famoso p\u00f4r do sol no Delta.<\/p><\/div>\n\t\t\t\t<\/div>\n\t\t\t\t\t\t\t<div class=\"elementor-toggle-item\">\n\t\t\t\t\t<div id=\"elementor-tab-title-1002\" class=\"elementor-tab-title\" data-tab=\"2\" role=\"button\" aria-controls=\"elementor-tab-content-1002\" aria-expanded=\"false\">\n\t\t\t\t\t\t\t\t\t\t\t\t<span class=\"elementor-toggle-icon elementor-toggle-icon-left\" aria-hidden=\"true\">\n\t\t\t\t\t\t\t\t\t\t\t\t\t\t\t<span class=\"elementor-toggle-icon-closed\"><svg class=\"e-font-icon-svg e-fas-caret-right\" viewBox=\"0 0 192 512\" xmlns=\"http:\/\/www.w3.org\/2000\/svg\"><path d=\"M0 384.662V127.338c0-17.818 21.543-26.741 34.142-14.142l128.662 128.662c7.81 7.81 7.81 20.474 0 28.284L34.142 398.804C21.543 411.404 0 402.48 0 384.662z\"><\/path><\/svg><\/span>\n\t\t\t\t\t\t\t\t<span class=\"elementor-toggle-icon-opened\"><svg class=\"elementor-toggle-icon-opened e-font-icon-svg e-fas-caret-up\" viewBox=\"0 0 320 512\" xmlns=\"http:\/\/www.w3.org\/2000\/svg\"><path d=\"M288.662 352H31.338c-17.818 0-26.741-21.543-14.142-34.142l128.662-128.662c7.81-7.81 20.474-7.81 28.284 0l128.662 128.662c12.6 12.599 3.676 34.142-14.142 34.142z\"><\/path><\/svg><\/span>\n\t\t\t\t\t\t\t\t\t\t\t\t\t<\/span>\n\t\t\t\t\t\t\t\t\t\t\t\t<a class=\"elementor-toggle-title\" tabindex=\"0\">Como \u00e9 o clima no Delta do Parna\u00edba ao longo do ano?<\/a>\n\t\t\t\t\t<\/div>\n\n\t\t\t\t\t<div id=\"elementor-tab-content-1002\" class=\"elementor-tab-content elementor-clearfix\" data-tab=\"2\" role=\"region\" aria-labelledby=\"elementor-tab-title-1002\"><p data-start=\"897\" data-end=\"1031\">O clima no Delta do Parna\u00edba \u00e9 <strong data-start=\"928\" data-end=\"940\">tropical<\/strong>, com temperaturas m\u00e9dias entre <strong data-start=\"972\" data-end=\"1006\">25\u00b0C e 32\u00b0C durante todo o ano<\/strong>, segundo dados do INMET.<\/p><p data-start=\"1033\" data-end=\"1075\">O que realmente muda \u00e9 o volume de chuvas:<\/p><ul data-start=\"1077\" data-end=\"1162\"><li data-start=\"1077\" data-end=\"1118\"><p data-start=\"1079\" data-end=\"1118\">\u2600\ufe0f <strong data-start=\"1082\" data-end=\"1099\">Esta\u00e7\u00e3o seca:<\/strong> junho a dezembro<\/p><\/li><li data-start=\"1119\" data-end=\"1162\"><p data-start=\"1121\" data-end=\"1162\">\ud83c\udf27\ufe0f <strong data-start=\"1125\" data-end=\"1145\">Esta\u00e7\u00e3o chuvosa:<\/strong> janeiro a maio<\/p><\/li><\/ul><p data-start=\"1164\" data-end=\"1225\">Mesmo na esta\u00e7\u00e3o chuvosa, as temperaturas continuam elevadas.<\/p><\/div>\n\t\t\t\t<\/div>\n\t\t\t\t\t\t\t<div class=\"elementor-toggle-item\">\n\t\t\t\t\t<div id=\"elementor-tab-title-1003\" class=\"elementor-tab-title\" data-tab=\"3\" role=\"button\" aria-controls=\"elementor-tab-content-1003\" aria-expanded=\"false\">\n\t\t\t\t\t\t\t\t\t\t\t\t<span class=\"elementor-toggle-icon elementor-toggle-icon-left\" aria-hidden=\"true\">\n\t\t\t\t\t\t\t\t\t\t\t\t\t\t\t<span class=\"elementor-toggle-icon-closed\"><svg class=\"e-font-icon-svg e-fas-caret-right\" viewBox=\"0 0 192 512\" xmlns=\"http:\/\/www.w3.org\/2000\/svg\"><path d=\"M0 384.662V127.338c0-17.818 21.543-26.741 34.142-14.142l128.662 128.662c7.81 7.81 7.81 20.474 0 28.284L34.142 398.804C21.543 411.404 0 402.48 0 384.662z\"><\/path><\/svg><\/span>\n\t\t\t\t\t\t\t\t<span class=\"elementor-toggle-icon-opened\"><svg class=\"elementor-toggle-icon-opened e-font-icon-svg e-fas-caret-up\" viewBox=\"0 0 320 512\" xmlns=\"http:\/\/www.w3.org\/2000\/svg\"><path d=\"M288.662 352H31.338c-17.818 0-26.741-21.543-14.142-34.142l128.662-128.662c7.81-7.81 20.474-7.81 28.284 0l128.662 128.662c12.6 12.599 3.676 34.142-14.142 34.142z\"><\/path><\/svg><\/span>\n\t\t\t\t\t\t\t\t\t\t\t\t\t<\/span>\n\t\t\t\t\t\t\t\t\t\t\t\t<a class=\"elementor-toggle-title\" tabindex=\"0\">Vale a pena visitar o Delta do Parna\u00edba na esta\u00e7\u00e3o chuvosa?<\/a>\n\t\t\t\t\t<\/div>\n\n\t\t\t\t\t<div id=\"elementor-tab-content-1003\" class=\"elementor-tab-content elementor-clearfix\" data-tab=\"3\" role=\"region\" aria-labelledby=\"elementor-tab-title-1003\"><p data-start=\"1299\" data-end=\"1408\">Sim, pode valer a pena \u2014 especialmente para quem busca <strong data-start=\"1354\" data-end=\"1407\">paisagens mais verdes e menos movimento tur\u00edstico<\/strong>.<\/p><p data-start=\"1410\" data-end=\"1529\">De <strong data-start=\"1413\" data-end=\"1431\">janeiro a maio<\/strong>, os rios ficam mais volumosos, os manguezais mais exuberantes e h\u00e1 maior tranquilidade nas ilhas.<\/p><p data-start=\"1531\" data-end=\"1551\"><strong>Exemplo pr\u00e1tico:<\/strong><\/p><p data-start=\"1552\" data-end=\"1761\">Se voc\u00ea prefere evitar alta temporada e busca uma experi\u00eancia mais contemplativa, meses como <strong data-start=\"1645\" data-end=\"1666\">fevereiro e mar\u00e7o<\/strong> podem ser interessantes, desde que o roteiro seja flex\u00edvel para eventuais mudan\u00e7as clim\u00e1ticas.<\/p><\/div>\n\t\t\t\t<\/div>\n\t\t\t\t\t\t\t<div class=\"elementor-toggle-item\">\n\t\t\t\t\t<div id=\"elementor-tab-title-1004\" class=\"elementor-tab-title\" data-tab=\"4\" role=\"button\" aria-controls=\"elementor-tab-content-1004\" aria-expanded=\"false\">\n\t\t\t\t\t\t\t\t\t\t\t\t<span class=\"elementor-toggle-icon elementor-toggle-icon-left\" aria-hidden=\"true\">\n\t\t\t\t\t\t\t\t\t\t\t\t\t\t\t<span class=\"elementor-toggle-icon-closed\"><svg class=\"e-font-icon-svg e-fas-caret-right\" viewBox=\"0 0 192 512\" xmlns=\"http:\/\/www.w3.org\/2000\/svg\"><path d=\"M0 384.662V127.338c0-17.818 21.543-26.741 34.142-14.142l128.662 128.662c7.81 7.81 7.81 20.474 0 28.284L34.142 398.804C21.543 411.404 0 402.48 0 384.662z\"><\/path><\/svg><\/span>\n\t\t\t\t\t\t\t\t<span class=\"elementor-toggle-icon-opened\"><svg class=\"elementor-toggle-icon-opened e-font-icon-svg e-fas-caret-up\" viewBox=\"0 0 320 512\" xmlns=\"http:\/\/www.w3.org\/2000\/svg\"><path d=\"M288.662 352H31.338c-17.818 0-26.741-21.543-14.142-34.142l128.662-128.662c7.81-7.81 20.474-7.81 28.284 0l128.662 128.662c12.6 12.599 3.676 34.142-14.142 34.142z\"><\/path><\/svg><\/span>\n\t\t\t\t\t\t\t\t\t\t\t\t\t<\/span>\n\t\t\t\t\t\t\t\t\t\t\t\t<a class=\"elementor-toggle-title\" tabindex=\"0\">Qual per\u00edodo \u00e9 melhor para fazer passeios de lancha no Delta do Parna\u00edba?<\/a>\n\t\t\t\t\t<\/div>\n\n\t\t\t\t\t<div id=\"elementor-tab-content-1004\" class=\"elementor-tab-content elementor-clearfix\" data-tab=\"4\" role=\"region\" aria-labelledby=\"elementor-tab-title-1004\"><p data-start=\"1849\" data-end=\"2005\">Os melhores meses para passeios de lancha no Delta do Parna\u00edba s\u00e3o de <strong data-start=\"1919\" data-end=\"1939\">junho a novembro<\/strong>, quando o mar est\u00e1 mais est\u00e1vel e as chuvas s\u00e3o menos frequentes.<\/p><p data-start=\"2007\" data-end=\"2032\">Nesse per\u00edodo, voc\u00ea ter\u00e1:<\/p><ul data-start=\"2034\" data-end=\"2144\"><li data-start=\"2034\" data-end=\"2071\"><p data-start=\"2036\" data-end=\"2071\">Melhor visibilidade das paisagens<\/p><\/li><li data-start=\"2072\" data-end=\"2102\"><p data-start=\"2074\" data-end=\"2102\">Navega\u00e7\u00e3o mais confort\u00e1vel<\/p><\/li><li data-start=\"2103\" data-end=\"2144\"><p data-start=\"2105\" data-end=\"2144\">Maior chance de p\u00f4r do sol sem nuvens<\/p><\/li><\/ul><\/div>\n\t\t\t\t<\/div>\n\t\t\t\t\t\t\t<div class=\"elementor-toggle-item\">\n\t\t\t\t\t<div id=\"elementor-tab-title-1005\" class=\"elementor-tab-title\" data-tab=\"5\" role=\"button\" aria-controls=\"elementor-tab-content-1005\" aria-expanded=\"false\">\n\t\t\t\t\t\t\t\t\t\t\t\t<span class=\"elementor-toggle-icon elementor-toggle-icon-left\" aria-hidden=\"true\">\n\t\t\t\t\t\t\t\t\t\t\t\t\t\t\t<span class=\"elementor-toggle-icon-closed\"><svg class=\"e-font-icon-svg e-fas-caret-right\" viewBox=\"0 0 192 512\" xmlns=\"http:\/\/www.w3.org\/2000\/svg\"><path d=\"M0 384.662V127.338c0-17.818 21.543-26.741 34.142-14.142l128.662 128.662c7.81 7.81 7.81 20.474 0 28.284L34.142 398.804C21.543 411.404 0 402.48 0 384.662z\"><\/path><\/svg><\/span>\n\t\t\t\t\t\t\t\t<span class=\"elementor-toggle-icon-opened\"><svg class=\"elementor-toggle-icon-opened e-font-icon-svg e-fas-caret-up\" viewBox=\"0 0 320 512\" xmlns=\"http:\/\/www.w3.org\/2000\/svg\"><path d=\"M288.662 352H31.338c-17.818 0-26.741-21.543-14.142-34.142l128.662-128.662c7.81-7.81 20.474-7.81 28.284 0l128.662 128.662c12.6 12.599 3.676 34.142-14.142 34.142z\"><\/path><\/svg><\/span>\n\t\t\t\t\t\t\t\t\t\t\t\t\t<\/span>\n\t\t\t\t\t\t\t\t\t\t\t\t<a class=\"elementor-toggle-title\" tabindex=\"0\">Quando o Delta do Parna\u00edba fica mais bonito?<\/a>\n\t\t\t\t\t<\/div>\n\n\t\t\t\t\t<div id=\"elementor-tab-content-1005\" class=\"elementor-tab-content elementor-clearfix\" data-tab=\"5\" role=\"region\" aria-labelledby=\"elementor-tab-title-1005\"><p data-start=\"2203\" data-end=\"2269\">O Delta do Parna\u00edba apresenta cen\u00e1rios diferentes ao longo do ano:<\/p><ul data-start=\"2271\" data-end=\"2449\"><li data-start=\"2271\" data-end=\"2319\"><p data-start=\"2273\" data-end=\"2319\"><strong data-start=\"2276\" data-end=\"2299\">Mais verde e cheio:<\/strong> fevereiro a abril<\/p><\/li><li data-start=\"2320\" data-end=\"2380\"><p data-start=\"2322\" data-end=\"2380\"><strong data-start=\"2325\" data-end=\"2360\">C\u00e9u limpo e p\u00f4r do sol intenso:<\/strong> agosto e setembro<\/p><\/li><li data-start=\"2381\" data-end=\"2449\"><p data-start=\"2383\" data-end=\"2449\"><strong data-start=\"2386\" data-end=\"2431\">Melhor equil\u00edbrio entre clima e paisagem:<\/strong> julho a outubro<\/p><\/li><\/ul><p data-start=\"2451\" data-end=\"2556\">Se o objetivo \u00e9 fotografia de natureza, os meses de <strong data-start=\"2503\" data-end=\"2524\">agosto e setembro<\/strong> s\u00e3o especialmente recomendados.<\/p><\/div>\n\t\t\t\t<\/div>\n\t\t\t\t\t\t\t<div class=\"elementor-toggle-item\">\n\t\t\t\t\t<div id=\"elementor-tab-title-1006\" class=\"elementor-tab-title\" data-tab=\"6\" role=\"button\" aria-controls=\"elementor-tab-content-1006\" aria-expanded=\"false\">\n\t\t\t\t\t\t\t\t\t\t\t\t<span class=\"elementor-toggle-icon elementor-toggle-icon-left\" aria-hidden=\"true\">\n\t\t\t\t\t\t\t\t\t\t\t\t\t\t\t<span class=\"elementor-toggle-icon-closed\"><svg class=\"e-font-icon-svg e-fas-caret-right\" viewBox=\"0 0 192 512\" xmlns=\"http:\/\/www.w3.org\/2000\/svg\"><path d=\"M0 384.662V127.338c0-17.818 21.543-26.741 34.142-14.142l128.662 128.662c7.81 7.81 7.81 20.474 0 28.284L34.142 398.804C21.543 411.404 0 402.48 0 384.662z\"><\/path><\/svg><\/span>\n\t\t\t\t\t\t\t\t<span class=\"elementor-toggle-icon-opened\"><svg class=\"elementor-toggle-icon-opened e-font-icon-svg e-fas-caret-up\" viewBox=\"0 0 320 512\" xmlns=\"http:\/\/www.w3.org\/2000\/svg\"><path d=\"M288.662 352H31.338c-17.818 0-26.741-21.543-14.142-34.142l128.662-128.662c7.81-7.81 20.474-7.81 28.284 0l128.662 128.662c12.6 12.599 3.676 34.142-14.142 34.142z\"><\/path><\/svg><\/span>\n\t\t\t\t\t\t\t\t\t\t\t\t\t<\/span>\n\t\t\t\t\t\t\t\t\t\t\t\t<a class=\"elementor-toggle-title\" tabindex=\"0\">Qual \u00e9 a alta temporada no Delta do Parna\u00edba?<\/a>\n\t\t\t\t\t<\/div>\n\n\t\t\t\t\t<div id=\"elementor-tab-content-1006\" class=\"elementor-tab-content elementor-clearfix\" data-tab=\"6\" role=\"region\" aria-labelledby=\"elementor-tab-title-1006\"><p data-start=\"2616\" data-end=\"2795\">A alta temporada acontece principalmente entre <strong data-start=\"2663\" data-end=\"2682\">julho e outubro<\/strong>, quando as condi\u00e7\u00f5es clim\u00e1ticas s\u00e3o ideais e h\u00e1 maior fluxo de turistas, segundo dados do Minist\u00e9rio do Turismo.<\/p><p data-start=\"2797\" data-end=\"2849\">Se voc\u00ea pretende viajar nesse per\u00edodo, recomenda-se:<\/p><ul data-start=\"2851\" data-end=\"2975\"><li data-start=\"2851\" data-end=\"2891\"><p data-start=\"2853\" data-end=\"2891\">Reservar hospedagem com anteced\u00eancia<\/p><\/li><li data-start=\"2892\" data-end=\"2925\"><p data-start=\"2894\" data-end=\"2925\">Garantir passeios previamente<\/p><\/li><li data-start=\"2926\" data-end=\"2975\"><p data-start=\"2928\" data-end=\"2975\">Planejar traslados com operador especializado<\/p><\/li><\/ul><\/div>\n\t\t\t\t<\/div>\n\t\t\t\t\t\t\t<div class=\"elementor-toggle-item\">\n\t\t\t\t\t<div id=\"elementor-tab-title-1007\" class=\"elementor-tab-title\" data-tab=\"7\" role=\"button\" aria-controls=\"elementor-tab-content-1007\" aria-expanded=\"false\">\n\t\t\t\t\t\t\t\t\t\t\t\t<span class=\"elementor-toggle-icon elementor-toggle-icon-left\" aria-hidden=\"true\">\n\t\t\t\t\t\t\t\t\t\t\t\t\t\t\t<span class=\"elementor-toggle-icon-closed\"><svg class=\"e-font-icon-svg e-fas-caret-right\" viewBox=\"0 0 192 512\" xmlns=\"http:\/\/www.w3.org\/2000\/svg\"><path d=\"M0 384.662V127.338c0-17.818 21.543-26.741 34.142-14.142l128.662 128.662c7.81 7.81 7.81 20.474 0 28.284L34.142 398.804C21.543 411.404 0 402.48 0 384.662z\"><\/path><\/svg><\/span>\n\t\t\t\t\t\t\t\t<span class=\"elementor-toggle-icon-opened\"><svg class=\"elementor-toggle-icon-opened e-font-icon-svg e-fas-caret-up\" viewBox=\"0 0 320 512\" xmlns=\"http:\/\/www.w3.org\/2000\/svg\"><path d=\"M288.662 352H31.338c-17.818 0-26.741-21.543-14.142-34.142l128.662-128.662c7.81-7.81 20.474-7.81 28.284 0l128.662 128.662c12.6 12.599 3.676 34.142-14.142 34.142z\"><\/path><\/svg><\/span>\n\t\t\t\t\t\t\t\t\t\t\t\t\t<\/span>\n\t\t\t\t\t\t\t\t\t\t\t\t<a class=\"elementor-toggle-title\" tabindex=\"0\">O Delta do Parna\u00edba pode ser visitado o ano todo?<\/a>\n\t\t\t\t\t<\/div>\n\n\t\t\t\t\t<div id=\"elementor-tab-content-1007\" class=\"elementor-tab-content elementor-clearfix\" data-tab=\"7\" role=\"region\" aria-labelledby=\"elementor-tab-title-1007\"><p data-start=\"3039\" data-end=\"3118\">Sim, o Delta do Parna\u00edba \u00e9 um destino que pode ser visitado durante todo o ano.<\/p><p data-start=\"3120\" data-end=\"3178\">No entanto, a escolha da data ideal depende do seu perfil:<\/p><ul data-start=\"3180\" data-end=\"3394\"><li data-start=\"3180\" data-end=\"3252\"><p data-start=\"3182\" data-end=\"3252\">Busca clima seco e passeios completos? V\u00e1 entre junho e dezembro.<\/p><\/li><li data-start=\"3253\" data-end=\"3330\"><p data-start=\"3255\" data-end=\"3330\">Prefere tranquilidade e natureza mais verde? Considere janeiro a maio.<\/p><\/li><li data-start=\"3331\" data-end=\"3394\"><p data-start=\"3333\" data-end=\"3394\">Quer fotografia e c\u00e9u limpo? Agosto e setembro s\u00e3o ideais.<\/p><\/li><\/ul><p data-start=\"3396\" data-end=\"3470\">Planejar de acordo com seu estilo de viagem garante melhor aproveitamento.<\/p><\/div>\n\t\t\t\t<\/div>\n\t\t\t\t\t\t\t<div class=\"elementor-toggle-item\">\n\t\t\t\t\t<div id=\"elementor-tab-title-1008\" class=\"elementor-tab-title\" data-tab=\"8\" role=\"button\" aria-controls=\"elementor-tab-content-1008\" aria-expanded=\"false\">\n\t\t\t\t\t\t\t\t\t\t\t\t<span class=\"elementor-toggle-icon elementor-toggle-icon-left\" aria-hidden=\"true\">\n\t\t\t\t\t\t\t\t\t\t\t\t\t\t\t<span class=\"elementor-toggle-icon-closed\"><svg class=\"e-font-icon-svg e-fas-caret-right\" viewBox=\"0 0 192 512\" xmlns=\"http:\/\/www.w3.org\/2000\/svg\"><path d=\"M0 384.662V127.338c0-17.818 21.543-26.741 34.142-14.142l128.662 128.662c7.81 7.81 7.81 20.474 0 28.284L34.142 398.804C21.543 411.404 0 402.48 0 384.662z\"><\/path><\/svg><\/span>\n\t\t\t\t\t\t\t\t<span class=\"elementor-toggle-icon-opened\"><svg class=\"elementor-toggle-icon-opened e-font-icon-svg e-fas-caret-up\" viewBox=\"0 0 320 512\" xmlns=\"http:\/\/www.w3.org\/2000\/svg\"><path d=\"M288.662 352H31.338c-17.818 0-26.741-21.543-14.142-34.142l128.662-128.662c7.81-7.81 20.474-7.81 28.284 0l128.662 128.662c12.6 12.599 3.676 34.142-14.142 34.142z\"><\/path><\/svg><\/span>\n\t\t\t\t\t\t\t\t\t\t\t\t\t<\/span>\n\t\t\t\t\t\t\t\t\t\t\t\t<a class=\"elementor-toggle-title\" tabindex=\"0\">Como escolher a melhor \u00e9poca para visitar o Delta do Parna\u00edba de acordo com meu perfil?<\/a>\n\t\t\t\t\t<\/div>\n\n\t\t\t\t\t<div id=\"elementor-tab-content-1008\" class=\"elementor-tab-content elementor-clearfix\" data-tab=\"8\" role=\"region\" aria-labelledby=\"elementor-tab-title-1008\"><p data-start=\"3572\" data-end=\"3594\">Veja este guia r\u00e1pido:<\/p><div class=\"TyagGW_tableContainer\"><div class=\"group TyagGW_tableWrapper flex flex-col-reverse w-fit\" tabindex=\"-1\"><table class=\"w-fit min-w-(--thread-content-width)\" data-start=\"3596\" data-end=\"3883\"><thead data-start=\"3596\" data-end=\"3635\"><tr data-start=\"3596\" data-end=\"3635\"><th class=\"\" data-start=\"3596\" data-end=\"3617\" data-col-size=\"sm\">Perfil de Viajante<\/th><th class=\"\" data-start=\"3617\" data-end=\"3635\" data-col-size=\"sm\">Melhor Per\u00edodo<\/th><\/tr><\/thead><tbody data-start=\"3675\" data-end=\"3883\"><tr data-start=\"3675\" data-end=\"3731\"><td data-start=\"3675\" data-end=\"3712\" data-col-size=\"sm\">Passeios completos e clima est\u00e1vel<\/td><td data-start=\"3712\" data-end=\"3731\" data-col-size=\"sm\">Julho a Outubro<\/td><\/tr><tr data-start=\"3732\" data-end=\"3791\"><td data-start=\"3732\" data-end=\"3770\" data-col-size=\"sm\">Menos turistas e mais tranquilidade<\/td><td data-start=\"3770\" data-end=\"3791\" data-col-size=\"sm\">Fevereiro a Abril<\/td><\/tr><tr data-start=\"3792\" data-end=\"3838\"><td data-start=\"3792\" data-end=\"3817\" data-col-size=\"sm\">Fotografia de natureza<\/td><td data-start=\"3817\" data-end=\"3838\" data-col-size=\"sm\">Agosto e Setembro<\/td><\/tr><tr data-start=\"3839\" data-end=\"3883\"><td data-start=\"3839\" data-end=\"3863\" data-col-size=\"sm\">Navega\u00e7\u00e3o confort\u00e1vel<\/td><td data-start=\"3863\" data-end=\"3883\" data-col-size=\"sm\">Junho a Novembro<\/td><\/tr><\/tbody><\/table><\/div><\/div><p data-start=\"3885\" data-end=\"3957\">Esse alinhamento evita frustra\u00e7\u00f5es e melhora sua experi\u00eancia no destino.<\/p><\/div>\n\t\t\t\t<\/div>\n\t\t\t\t\t\t\t<div class=\"elementor-toggle-item\">\n\t\t\t\t\t<div id=\"elementor-tab-title-1009\" class=\"elementor-tab-title\" data-tab=\"9\" role=\"button\" aria-controls=\"elementor-tab-content-1009\" aria-expanded=\"false\">\n\t\t\t\t\t\t\t\t\t\t\t\t<span class=\"elementor-toggle-icon elementor-toggle-icon-left\" aria-hidden=\"true\">\n\t\t\t\t\t\t\t\t\t\t\t\t\t\t\t<span class=\"elementor-toggle-icon-closed\"><svg class=\"e-font-icon-svg e-fas-caret-right\" viewBox=\"0 0 192 512\" xmlns=\"http:\/\/www.w3.org\/2000\/svg\"><path d=\"M0 384.662V127.338c0-17.818 21.543-26.741 34.142-14.142l128.662 128.662c7.81 7.81 7.81 20.474 0 28.284L34.142 398.804C21.543 411.404 0 402.48 0 384.662z\"><\/path><\/svg><\/span>\n\t\t\t\t\t\t\t\t<span class=\"elementor-toggle-icon-opened\"><svg class=\"elementor-toggle-icon-opened e-font-icon-svg e-fas-caret-up\" viewBox=\"0 0 320 512\" xmlns=\"http:\/\/www.w3.org\/2000\/svg\"><path d=\"M288.662 352H31.338c-17.818 0-26.741-21.543-14.142-34.142l128.662-128.662c7.81-7.81 20.474-7.81 28.284 0l128.662 128.662c12.6 12.599 3.676 34.142-14.142 34.142z\"><\/path><\/svg><\/span>\n\t\t\t\t\t\t\t\t\t\t\t\t\t<\/span>\n\t\t\t\t\t\t\t\t\t\t\t\t<a class=\"elementor-toggle-title\" tabindex=\"0\">Por que planejar a viagem com uma operadora especializada?<\/a>\n\t\t\t\t\t<\/div>\n\n\t\t\t\t\t<div id=\"elementor-tab-content-1009\" class=\"elementor-tab-content elementor-clearfix\" data-tab=\"9\" role=\"region\" aria-labelledby=\"elementor-tab-title-1009\"><p data-start=\"4030\" data-end=\"4151\">O Delta do Parna\u00edba envolve log\u00edstica fluvial, deslocamentos entre ilhas e planejamento conforme as condi\u00e7\u00f5es clim\u00e1ticas.<\/p><p data-start=\"4153\" data-end=\"4228\">Contar com uma operadora especializada, como a <strong data-start=\"4200\" data-end=\"4218\">Blumar Turismo<\/strong>, oferece:<\/p><ul data-start=\"4230\" data-end=\"4480\"><li data-start=\"4230\" data-end=\"4314\"><p data-start=\"4232\" data-end=\"4314\">Roteiros personalizados conforme a melhor \u00e9poca para visitar o Delta do Parna\u00edba<\/p><\/li><li data-start=\"4315\" data-end=\"4344\"><p data-start=\"4317\" data-end=\"4344\">Guias locais certificados<\/p><\/li><li data-start=\"4345\" data-end=\"4390\"><p data-start=\"4347\" data-end=\"4390\">Planejamento estrat\u00e9gico conforme o clima<\/p><\/li><li data-start=\"4391\" data-end=\"4434\"><p data-start=\"4393\" data-end=\"4434\">Seguran\u00e7a e conforto em todas as etapas<\/p><\/li><li data-start=\"4435\" data-end=\"4480\"><p data-start=\"4437\" data-end=\"4480\">Atendimento consultivo e suporte completo<\/p><\/li><\/ul><p data-start=\"4482\" data-end=\"4531\">Isso reduz imprevistos e otimiza sua experi\u00eancia.<\/p><\/div>\n\t\t\t\t<\/div>\n\t\t\t\t\t\t\t<div class=\"elementor-toggle-item\">\n\t\t\t\t\t<div id=\"elementor-tab-title-10010\" class=\"elementor-tab-title\" data-tab=\"10\" role=\"button\" aria-controls=\"elementor-tab-content-10010\" aria-expanded=\"false\">\n\t\t\t\t\t\t\t\t\t\t\t\t<span class=\"elementor-toggle-icon elementor-toggle-icon-left\" aria-hidden=\"true\">\n\t\t\t\t\t\t\t\t\t\t\t\t\t\t\t<span class=\"elementor-toggle-icon-closed\"><svg class=\"e-font-icon-svg e-fas-caret-right\" viewBox=\"0 0 192 512\" xmlns=\"http:\/\/www.w3.org\/2000\/svg\"><path d=\"M0 384.662V127.338c0-17.818 21.543-26.741 34.142-14.142l128.662 128.662c7.81 7.81 7.81 20.474 0 28.284L34.142 398.804C21.543 411.404 0 402.48 0 384.662z\"><\/path><\/svg><\/span>\n\t\t\t\t\t\t\t\t<span class=\"elementor-toggle-icon-opened\"><svg class=\"elementor-toggle-icon-opened e-font-icon-svg e-fas-caret-up\" viewBox=\"0 0 320 512\" xmlns=\"http:\/\/www.w3.org\/2000\/svg\"><path d=\"M288.662 352H31.338c-17.818 0-26.741-21.543-14.142-34.142l128.662-128.662c7.81-7.81 20.474-7.81 28.284 0l128.662 128.662c12.6 12.599 3.676 34.142-14.142 34.142z\"><\/path><\/svg><\/span>\n\t\t\t\t\t\t\t\t\t\t\t\t\t<\/span>\n\t\t\t\t\t\t\t\t\t\t\t\t<a class=\"elementor-toggle-title\" tabindex=\"0\">Conclus\u00e3o: Quando ir ao Delta do Parna\u00edba?<\/a>\n\t\t\t\t\t<\/div>\n\n\t\t\t\t\t<div id=\"elementor-tab-content-10010\" class=\"elementor-tab-content elementor-clearfix\" data-tab=\"10\" role=\"region\" aria-labelledby=\"elementor-tab-title-10010\"><p data-start=\"4589\" data-end=\"4797\">De forma objetiva, a melhor \u00e9poca para visitar o Delta do Parna\u00edba \u00e9 <strong data-start=\"4658\" data-end=\"4684\">entre junho e dezembro<\/strong>, especialmente de <strong data-start=\"4703\" data-end=\"4722\">julho a outubro<\/strong>, quando o clima favorece passeios, navega\u00e7\u00e3o e contempla\u00e7\u00e3o das paisagens.<\/p><p data-start=\"4799\" data-end=\"4886\">Entretanto, com planejamento adequado, o Delta pode surpreender em qualquer m\u00eas do ano.<\/p><p data-start=\"4888\" data-end=\"5038\">Se voc\u00ea busca uma experi\u00eancia organizada, segura e totalmente personalizada, o apoio de especialistas faz toda a diferen\u00e7a no resultado da sua viagem.<\/p><\/div>\n\t\t\t\t<\/div>\n\t\t\t\t\t\t\t\t\t\t<script type=\"application\/ld+json\">{\"@context\":\"https:\\\/\\\/schema.org\",\"@type\":\"FAQPage\",\"mainEntity\":[{\"@type\":\"Question\",\"name\":\"Qual \\u00e9 a melhor \\u00e9poca para visitar o Delta do Parna\\u00edba?\",\"acceptedAnswer\":{\"@type\":\"Answer\",\"text\":\"<p data-start=\\\"364\\\" data-end=\\\"612\\\">A melhor \\u00e9poca para visitar o Delta do Parna\\u00edba \\u00e9 entre <strong data-start=\\\"420\\\" data-end=\\\"440\\\">junho e dezembro<\\\/strong>, durante a esta\\u00e7\\u00e3o seca. Nesse per\\u00edodo, as chuvas diminuem significativamente, os dias s\\u00e3o mais ensolarados e os passeios de barco acontecem com mais seguran\\u00e7a e conforto.<\\\/p><p data-start=\\\"614\\\" data-end=\\\"751\\\">Essa \\u00e9 a \\u00e9poca ideal para quem deseja aproveitar ao m\\u00e1ximo as paisagens, navegar pelos igarap\\u00e9s e assistir ao famoso p\\u00f4r do sol no Delta.<\\\/p>\"}},{\"@type\":\"Question\",\"name\":\"Como \\u00e9 o clima no Delta do Parna\\u00edba ao longo do ano?\",\"acceptedAnswer\":{\"@type\":\"Answer\",\"text\":\"<p data-start=\\\"897\\\" data-end=\\\"1031\\\">O clima no Delta do Parna\\u00edba \\u00e9 <strong data-start=\\\"928\\\" data-end=\\\"940\\\">tropical<\\\/strong>, com temperaturas m\\u00e9dias entre <strong data-start=\\\"972\\\" data-end=\\\"1006\\\">25\\u00b0C e 32\\u00b0C durante todo o ano<\\\/strong>, segundo dados do INMET.<\\\/p><p data-start=\\\"1033\\\" data-end=\\\"1075\\\">O que realmente muda \\u00e9 o volume de chuvas:<\\\/p><ul data-start=\\\"1077\\\" data-end=\\\"1162\\\"><li data-start=\\\"1077\\\" data-end=\\\"1118\\\"><p data-start=\\\"1079\\\" data-end=\\\"1118\\\">\\u2600\\ufe0f <strong data-start=\\\"1082\\\" data-end=\\\"1099\\\">Esta\\u00e7\\u00e3o seca:<\\\/strong> junho a dezembro<\\\/p><\\\/li><li data-start=\\\"1119\\\" data-end=\\\"1162\\\"><p data-start=\\\"1121\\\" data-end=\\\"1162\\\">\\ud83c\\udf27\\ufe0f <strong data-start=\\\"1125\\\" data-end=\\\"1145\\\">Esta\\u00e7\\u00e3o chuvosa:<\\\/strong> janeiro a maio<\\\/p><\\\/li><\\\/ul><p data-start=\\\"1164\\\" data-end=\\\"1225\\\">Mesmo na esta\\u00e7\\u00e3o chuvosa, as temperaturas continuam elevadas.<\\\/p>\"}},{\"@type\":\"Question\",\"name\":\"Vale a pena visitar o Delta do Parna\\u00edba na esta\\u00e7\\u00e3o chuvosa?\",\"acceptedAnswer\":{\"@type\":\"Answer\",\"text\":\"<p data-start=\\\"1299\\\" data-end=\\\"1408\\\">Sim, pode valer a pena \\u2014 especialmente para quem busca <strong data-start=\\\"1354\\\" data-end=\\\"1407\\\">paisagens mais verdes e menos movimento tur\\u00edstico<\\\/strong>.<\\\/p><p data-start=\\\"1410\\\" data-end=\\\"1529\\\">De <strong data-start=\\\"1413\\\" data-end=\\\"1431\\\">janeiro a maio<\\\/strong>, os rios ficam mais volumosos, os manguezais mais exuberantes e h\\u00e1 maior tranquilidade nas ilhas.<\\\/p><p data-start=\\\"1531\\\" data-end=\\\"1551\\\"><strong>Exemplo pr\\u00e1tico:<\\\/strong><\\\/p><p data-start=\\\"1552\\\" data-end=\\\"1761\\\">Se voc\\u00ea prefere evitar alta temporada e busca uma experi\\u00eancia mais contemplativa, meses como <strong data-start=\\\"1645\\\" data-end=\\\"1666\\\">fevereiro e mar\\u00e7o<\\\/strong> podem ser interessantes, desde que o roteiro seja flex\\u00edvel para eventuais mudan\\u00e7as clim\\u00e1ticas.<\\\/p>\"}},{\"@type\":\"Question\",\"name\":\"Qual per\\u00edodo \\u00e9 melhor para fazer passeios de lancha no Delta do Parna\\u00edba?\",\"acceptedAnswer\":{\"@type\":\"Answer\",\"text\":\"<p data-start=\\\"1849\\\" data-end=\\\"2005\\\">Os melhores meses para passeios de lancha no Delta do Parna\\u00edba s\\u00e3o de <strong data-start=\\\"1919\\\" data-end=\\\"1939\\\">junho a novembro<\\\/strong>, quando o mar est\\u00e1 mais est\\u00e1vel e as chuvas s\\u00e3o menos frequentes.<\\\/p><p data-start=\\\"2007\\\" data-end=\\\"2032\\\">Nesse per\\u00edodo, voc\\u00ea ter\\u00e1:<\\\/p><ul data-start=\\\"2034\\\" data-end=\\\"2144\\\"><li data-start=\\\"2034\\\" data-end=\\\"2071\\\"><p data-start=\\\"2036\\\" data-end=\\\"2071\\\">Melhor visibilidade das paisagens<\\\/p><\\\/li><li data-start=\\\"2072\\\" data-end=\\\"2102\\\"><p data-start=\\\"2074\\\" data-end=\\\"2102\\\">Navega\\u00e7\\u00e3o mais confort\\u00e1vel<\\\/p><\\\/li><li data-start=\\\"2103\\\" data-end=\\\"2144\\\"><p data-start=\\\"2105\\\" data-end=\\\"2144\\\">Maior chance de p\\u00f4r do sol sem nuvens<\\\/p><\\\/li><\\\/ul>\"}},{\"@type\":\"Question\",\"name\":\"Quando o Delta do Parna\\u00edba fica mais bonito?\",\"acceptedAnswer\":{\"@type\":\"Answer\",\"text\":\"<p data-start=\\\"2203\\\" data-end=\\\"2269\\\">O Delta do Parna\\u00edba apresenta cen\\u00e1rios diferentes ao longo do ano:<\\\/p><ul data-start=\\\"2271\\\" data-end=\\\"2449\\\"><li data-start=\\\"2271\\\" data-end=\\\"2319\\\"><p data-start=\\\"2273\\\" data-end=\\\"2319\\\"><strong data-start=\\\"2276\\\" data-end=\\\"2299\\\">Mais verde e cheio:<\\\/strong> fevereiro a abril<\\\/p><\\\/li><li data-start=\\\"2320\\\" data-end=\\\"2380\\\"><p data-start=\\\"2322\\\" data-end=\\\"2380\\\"><strong data-start=\\\"2325\\\" data-end=\\\"2360\\\">C\\u00e9u limpo e p\\u00f4r do sol intenso:<\\\/strong> agosto e setembro<\\\/p><\\\/li><li data-start=\\\"2381\\\" data-end=\\\"2449\\\"><p data-start=\\\"2383\\\" data-end=\\\"2449\\\"><strong data-start=\\\"2386\\\" data-end=\\\"2431\\\">Melhor equil\\u00edbrio entre clima e paisagem:<\\\/strong> julho a outubro<\\\/p><\\\/li><\\\/ul><p data-start=\\\"2451\\\" data-end=\\\"2556\\\">Se o objetivo \\u00e9 fotografia de natureza, os meses de <strong data-start=\\\"2503\\\" data-end=\\\"2524\\\">agosto e setembro<\\\/strong> s\\u00e3o especialmente recomendados.<\\\/p>\"}},{\"@type\":\"Question\",\"name\":\"Qual \\u00e9 a alta temporada no Delta do Parna\\u00edba?\",\"acceptedAnswer\":{\"@type\":\"Answer\",\"text\":\"<p data-start=\\\"2616\\\" data-end=\\\"2795\\\">A alta temporada acontece principalmente entre <strong data-start=\\\"2663\\\" data-end=\\\"2682\\\">julho e outubro<\\\/strong>, quando as condi\\u00e7\\u00f5es clim\\u00e1ticas s\\u00e3o ideais e h\\u00e1 maior fluxo de turistas, segundo dados do Minist\\u00e9rio do Turismo.<\\\/p><p data-start=\\\"2797\\\" data-end=\\\"2849\\\">Se voc\\u00ea pretende viajar nesse per\\u00edodo, recomenda-se:<\\\/p><ul data-start=\\\"2851\\\" data-end=\\\"2975\\\"><li data-start=\\\"2851\\\" data-end=\\\"2891\\\"><p data-start=\\\"2853\\\" data-end=\\\"2891\\\">Reservar hospedagem com anteced\\u00eancia<\\\/p><\\\/li><li data-start=\\\"2892\\\" data-end=\\\"2925\\\"><p data-start=\\\"2894\\\" data-end=\\\"2925\\\">Garantir passeios previamente<\\\/p><\\\/li><li data-start=\\\"2926\\\" data-end=\\\"2975\\\"><p data-start=\\\"2928\\\" data-end=\\\"2975\\\">Planejar traslados com operador especializado<\\\/p><\\\/li><\\\/ul>\"}},{\"@type\":\"Question\",\"name\":\"O Delta do Parna\\u00edba pode ser visitado o ano todo?\",\"acceptedAnswer\":{\"@type\":\"Answer\",\"text\":\"<p data-start=\\\"3039\\\" data-end=\\\"3118\\\">Sim, o Delta do Parna\\u00edba \\u00e9 um destino que pode ser visitado durante todo o ano.<\\\/p><p data-start=\\\"3120\\\" data-end=\\\"3178\\\">No entanto, a escolha da data ideal depende do seu perfil:<\\\/p><ul data-start=\\\"3180\\\" data-end=\\\"3394\\\"><li data-start=\\\"3180\\\" data-end=\\\"3252\\\"><p data-start=\\\"3182\\\" data-end=\\\"3252\\\">Busca clima seco e passeios completos? V\\u00e1 entre junho e dezembro.<\\\/p><\\\/li><li data-start=\\\"3253\\\" data-end=\\\"3330\\\"><p data-start=\\\"3255\\\" data-end=\\\"3330\\\">Prefere tranquilidade e natureza mais verde? Considere janeiro a maio.<\\\/p><\\\/li><li data-start=\\\"3331\\\" data-end=\\\"3394\\\"><p data-start=\\\"3333\\\" data-end=\\\"3394\\\">Quer fotografia e c\\u00e9u limpo? Agosto e setembro s\\u00e3o ideais.<\\\/p><\\\/li><\\\/ul><p data-start=\\\"3396\\\" data-end=\\\"3470\\\">Planejar de acordo com seu estilo de viagem garante melhor aproveitamento.<\\\/p>\"}},{\"@type\":\"Question\",\"name\":\"Como escolher a melhor \\u00e9poca para visitar o Delta do Parna\\u00edba de acordo com meu perfil?\",\"acceptedAnswer\":{\"@type\":\"Answer\",\"text\":\"<p data-start=\\\"3572\\\" data-end=\\\"3594\\\">Veja este guia r\\u00e1pido:<\\\/p><div class=\\\"TyagGW_tableContainer\\\"><div class=\\\"group TyagGW_tableWrapper flex flex-col-reverse w-fit\\\" tabindex=\\\"-1\\\"><table class=\\\"w-fit min-w-(--thread-content-width)\\\" data-start=\\\"3596\\\" data-end=\\\"3883\\\"><thead data-start=\\\"3596\\\" data-end=\\\"3635\\\"><tr data-start=\\\"3596\\\" data-end=\\\"3635\\\"><th class=\\\"\\\" data-start=\\\"3596\\\" data-end=\\\"3617\\\" data-col-size=\\\"sm\\\">Perfil de Viajante<\\\/th><th class=\\\"\\\" data-start=\\\"3617\\\" data-end=\\\"3635\\\" data-col-size=\\\"sm\\\">Melhor Per\\u00edodo<\\\/th><\\\/tr><\\\/thead><tbody data-start=\\\"3675\\\" data-end=\\\"3883\\\"><tr data-start=\\\"3675\\\" data-end=\\\"3731\\\"><td data-start=\\\"3675\\\" data-end=\\\"3712\\\" data-col-size=\\\"sm\\\">Passeios completos e clima est\\u00e1vel<\\\/td><td data-start=\\\"3712\\\" data-end=\\\"3731\\\" data-col-size=\\\"sm\\\">Julho a Outubro<\\\/td><\\\/tr><tr data-start=\\\"3732\\\" data-end=\\\"3791\\\"><td data-start=\\\"3732\\\" data-end=\\\"3770\\\" data-col-size=\\\"sm\\\">Menos turistas e mais tranquilidade<\\\/td><td data-start=\\\"3770\\\" data-end=\\\"3791\\\" data-col-size=\\\"sm\\\">Fevereiro a Abril<\\\/td><\\\/tr><tr data-start=\\\"3792\\\" data-end=\\\"3838\\\"><td data-start=\\\"3792\\\" data-end=\\\"3817\\\" data-col-size=\\\"sm\\\">Fotografia de natureza<\\\/td><td data-start=\\\"3817\\\" data-end=\\\"3838\\\" data-col-size=\\\"sm\\\">Agosto e Setembro<\\\/td><\\\/tr><tr data-start=\\\"3839\\\" data-end=\\\"3883\\\"><td data-start=\\\"3839\\\" data-end=\\\"3863\\\" data-col-size=\\\"sm\\\">Navega\\u00e7\\u00e3o confort\\u00e1vel<\\\/td><td data-start=\\\"3863\\\" data-end=\\\"3883\\\" data-col-size=\\\"sm\\\">Junho a Novembro<\\\/td><\\\/tr><\\\/tbody><\\\/table><\\\/div><\\\/div><p data-start=\\\"3885\\\" data-end=\\\"3957\\\">Esse alinhamento evita frustra\\u00e7\\u00f5es e melhora sua experi\\u00eancia no destino.<\\\/p>\"}},{\"@type\":\"Question\",\"name\":\"Por que planejar a viagem com uma operadora especializada?\",\"acceptedAnswer\":{\"@type\":\"Answer\",\"text\":\"<p data-start=\\\"4030\\\" data-end=\\\"4151\\\">O Delta do Parna\\u00edba envolve log\\u00edstica fluvial, deslocamentos entre ilhas e planejamento conforme as condi\\u00e7\\u00f5es clim\\u00e1ticas.<\\\/p><p data-start=\\\"4153\\\" data-end=\\\"4228\\\">Contar com uma operadora especializada, como a <strong data-start=\\\"4200\\\" data-end=\\\"4218\\\">Blumar Turismo<\\\/strong>, oferece:<\\\/p><ul data-start=\\\"4230\\\" data-end=\\\"4480\\\"><li data-start=\\\"4230\\\" data-end=\\\"4314\\\"><p data-start=\\\"4232\\\" data-end=\\\"4314\\\">Roteiros personalizados conforme a melhor \\u00e9poca para visitar o Delta do Parna\\u00edba<\\\/p><\\\/li><li data-start=\\\"4315\\\" data-end=\\\"4344\\\"><p data-start=\\\"4317\\\" data-end=\\\"4344\\\">Guias locais certificados<\\\/p><\\\/li><li data-start=\\\"4345\\\" data-end=\\\"4390\\\"><p data-start=\\\"4347\\\" data-end=\\\"4390\\\">Planejamento estrat\\u00e9gico conforme o clima<\\\/p><\\\/li><li data-start=\\\"4391\\\" data-end=\\\"4434\\\"><p data-start=\\\"4393\\\" data-end=\\\"4434\\\">Seguran\\u00e7a e conforto em todas as etapas<\\\/p><\\\/li><li data-start=\\\"4435\\\" data-end=\\\"4480\\\"><p data-start=\\\"4437\\\" data-end=\\\"4480\\\">Atendimento consultivo e suporte completo<\\\/p><\\\/li><\\\/ul><p data-start=\\\"4482\\\" data-end=\\\"4531\\\">Isso reduz imprevistos e otimiza sua experi\\u00eancia.<\\\/p>\"}},{\"@type\":\"Question\",\"name\":\"Conclus\\u00e3o: Quando ir ao Delta do Parna\\u00edba?\",\"acceptedAnswer\":{\"@type\":\"Answer\",\"text\":\"<p data-start=\\\"4589\\\" data-end=\\\"4797\\\">De forma objetiva, a melhor \\u00e9poca para visitar o Delta do Parna\\u00edba \\u00e9 <strong data-start=\\\"4658\\\" data-end=\\\"4684\\\">entre junho e dezembro<\\\/strong>, especialmente de <strong data-start=\\\"4703\\\" data-end=\\\"4722\\\">julho a outubro<\\\/strong>, quando o clima favorece passeios, navega\\u00e7\\u00e3o e contempla\\u00e7\\u00e3o das paisagens.<\\\/p><p data-start=\\\"4799\\\" data-end=\\\"4886\\\">Entretanto, com planejamento adequado, o Delta pode surpreender em qualquer m\\u00eas do ano.<\\\/p><p data-start=\\\"4888\\\" data-end=\\\"5038\\\">Se voc\\u00ea busca uma experi\\u00eancia organizada, segura e totalmente personalizada, o apoio de especialistas faz toda a diferen\\u00e7a no resultado da sua viagem.<\\\/p>\"}}]}<\/script>\n\t\t\t\t\t<\/div>\n\t\t\t\t<\/div>\n\t\t\t\t<\/div>\n\t\t\t\t\t<\/div>\n\t\t\t\t<\/div>\n\t\t\t\t\t\t\t<\/div>\n\t\t","protected":false},"excerpt":{"rendered":"<p>Escolher a melhor \u00e9poca para visitar o Delta do Parna\u00edba faz toda a diferen\u00e7a para viver uma experi\u00eancia completa nesse que \u00e9 um dos destinos naturais mais impressionantes do Brasil. Localizado entre os estados do Piau\u00ed e Maranh\u00e3o, o Delta do Parna\u00edba \u00e9 o \u00fanico delta em mar aberto das&#46;&#46;&#46;<\/p>\n","protected":false},"author":10,"featured_media":66343,"comment_status":"closed","ping_status":"closed","sticky":false,"template":"","format":"standard","meta":{"footnotes":""},"categories":[690,694],"tags":[],"class_list":["post-42867","post","type-post","status-publish","format-standard","has-post-thumbnail","hentry","category-destinos-nacionais","category-dicas-de-viagem"],"yoast_head":"<!-- This site is optimized with the Yoast SEO Premium plugin v19.4 (Yoast SEO v24.1) - https:\/\/yoast.com\/wordpress\/plugins\/seo\/ -->\n<title>Qual a melhor \u00e9poca para visitar o Delta do Parna\u00edba? - Blog Blumar Turismo: O Seu Portal para Viagens Extraordin\u00e1rias<\/title>\n<meta name=\"description\" content=\"Quer saber qual a melhor \u00e9poca para visitar o Delta do Parna\u00edba? A Blumar te conta. Venha com a gente conhecer e aproveitar este para\u00edso.\" \/>\n<meta name=\"robots\" content=\"index, follow, max-snippet:-1, max-image-preview:large, max-video-preview:-1\" \/>\n<link rel=\"canonical\" href=\"https:\/\/www.blumarturismo.com.br\/blog\/qual-a-melhor-epoca-para-visitar-o-delta-do-parnaiba\/\" \/>\n<meta property=\"og:locale\" content=\"pt_BR\" \/>\n<meta property=\"og:type\" content=\"article\" \/>\n<meta property=\"og:title\" content=\"Qual a melhor \u00e9poca para visitar o Delta do Parna\u00edba?\" \/>\n<meta property=\"og:description\" content=\"Quer saber qual a melhor \u00e9poca para visitar o Delta do Parna\u00edba? A Blumar te conta. Venha com a gente conhecer e aproveitar este para\u00edso.\" \/>\n<meta property=\"og:url\" content=\"https:\/\/www.blumarturismo.com.br\/blog\/qual-a-melhor-epoca-para-visitar-o-delta-do-parnaiba\/\" \/>\n<meta property=\"og:site_name\" content=\"Blog Blumar Turismo: O Seu Portal para Viagens Extraordin\u00e1rias\" \/>\n<meta property=\"article:publisher\" content=\"https:\/\/www.facebook.com\/blumarviagenseturismo\" \/>\n<meta property=\"article:author\" content=\"https:\/\/www.facebook.com\/blumarviagenseturismo\" \/>\n<meta property=\"article:published_time\" content=\"2026-02-11T15:06:27+00:00\" \/>\n<meta property=\"article:modified_time\" content=\"2026-02-12T13:27:12+00:00\" \/>\n<meta property=\"og:image\" content=\"https:\/\/www.blumarturismo.com.br\/blog\/wp-content\/uploads\/2023\/11\/Foto-Marcelo-F-Junior-Shutterstock.com_.jpg\" \/>\n\t<meta property=\"og:image:width\" content=\"1000\" \/>\n\t<meta property=\"og:image:height\" content=\"666\" \/>\n\t<meta property=\"og:image:type\" content=\"image\/jpeg\" \/>\n<meta name=\"author\" content=\"Blumar Turismo\" \/>\n<meta name=\"twitter:card\" content=\"summary_large_image\" \/>\n<meta name=\"twitter:label1\" content=\"Escrito por\" \/>\n\t<meta name=\"twitter:data1\" content=\"Blumar Turismo\" \/>\n\t<meta name=\"twitter:label2\" content=\"Est. tempo de leitura\" \/>\n\t<meta name=\"twitter:data2\" content=\"19 minutos\" \/>\n<script type=\"application\/ld+json\" class=\"yoast-schema-graph\">{\"@context\":\"https:\/\/schema.org\",\"@graph\":[{\"@type\":\"Article\",\"@id\":\"https:\/\/www.blumarturismo.com.br\/blog\/qual-a-melhor-epoca-para-visitar-o-delta-do-parnaiba\/#article\",\"isPartOf\":{\"@id\":\"https:\/\/www.blumarturismo.com.br\/blog\/qual-a-melhor-epoca-para-visitar-o-delta-do-parnaiba\/\"},\"author\":{\"name\":\"Blumar Turismo\",\"@id\":\"https:\/\/www.blumarturismo.com.br\/blog\/#\/schema\/person\/8c5b522f6a79142bafca484c4604fba7\"},\"headline\":\"Qual a melhor \u00e9poca para visitar o Delta do Parna\u00edba?\",\"datePublished\":\"2026-02-11T15:06:27+00:00\",\"dateModified\":\"2026-02-12T13:27:12+00:00\",\"mainEntityOfPage\":{\"@id\":\"https:\/\/www.blumarturismo.com.br\/blog\/qual-a-melhor-epoca-para-visitar-o-delta-do-parnaiba\/\"},\"wordCount\":1733,\"publisher\":{\"@id\":\"https:\/\/www.blumarturismo.com.br\/blog\/#organization\"},\"image\":{\"@id\":\"https:\/\/www.blumarturismo.com.br\/blog\/qual-a-melhor-epoca-para-visitar-o-delta-do-parnaiba\/#primaryimage\"},\"thumbnailUrl\":\"https:\/\/www.blumarturismo.com.br\/blog\/wp-content\/uploads\/2023\/11\/Foto-Marcelo-F-Junior-Shutterstock.com_.jpg\",\"articleSection\":[\"Destinos Nacionais\",\"Dicas de Viagem\"],\"inLanguage\":\"pt-BR\"},{\"@type\":\"WebPage\",\"@id\":\"https:\/\/www.blumarturismo.com.br\/blog\/qual-a-melhor-epoca-para-visitar-o-delta-do-parnaiba\/\",\"url\":\"https:\/\/www.blumarturismo.com.br\/blog\/qual-a-melhor-epoca-para-visitar-o-delta-do-parnaiba\/\",\"name\":\"Qual a melhor \u00e9poca para visitar o Delta do Parna\u00edba? - Blog Blumar Turismo: O Seu Portal para Viagens Extraordin\u00e1rias\",\"isPartOf\":{\"@id\":\"https:\/\/www.blumarturismo.com.br\/blog\/#website\"},\"primaryImageOfPage\":{\"@id\":\"https:\/\/www.blumarturismo.com.br\/blog\/qual-a-melhor-epoca-para-visitar-o-delta-do-parnaiba\/#primaryimage\"},\"image\":{\"@id\":\"https:\/\/www.blumarturismo.com.br\/blog\/qual-a-melhor-epoca-para-visitar-o-delta-do-parnaiba\/#primaryimage\"},\"thumbnailUrl\":\"https:\/\/www.blumarturismo.com.br\/blog\/wp-content\/uploads\/2023\/11\/Foto-Marcelo-F-Junior-Shutterstock.com_.jpg\",\"datePublished\":\"2026-02-11T15:06:27+00:00\",\"dateModified\":\"2026-02-12T13:27:12+00:00\",\"description\":\"Quer saber qual a melhor \u00e9poca para visitar o Delta do Parna\u00edba? A Blumar te conta. Venha com a gente conhecer e aproveitar este para\u00edso.\",\"breadcrumb\":{\"@id\":\"https:\/\/www.blumarturismo.com.br\/blog\/qual-a-melhor-epoca-para-visitar-o-delta-do-parnaiba\/#breadcrumb\"},\"inLanguage\":\"pt-BR\",\"potentialAction\":[{\"@type\":\"ReadAction\",\"target\":[\"https:\/\/www.blumarturismo.com.br\/blog\/qual-a-melhor-epoca-para-visitar-o-delta-do-parnaiba\/\"]}]},{\"@type\":\"ImageObject\",\"inLanguage\":\"pt-BR\",\"@id\":\"https:\/\/www.blumarturismo.com.br\/blog\/qual-a-melhor-epoca-para-visitar-o-delta-do-parnaiba\/#primaryimage\",\"url\":\"https:\/\/www.blumarturismo.com.br\/blog\/wp-content\/uploads\/2023\/11\/Foto-Marcelo-F-Junior-Shutterstock.com_.jpg\",\"contentUrl\":\"https:\/\/www.blumarturismo.com.br\/blog\/wp-content\/uploads\/2023\/11\/Foto-Marcelo-F-Junior-Shutterstock.com_.jpg\",\"width\":1000,\"height\":666,\"caption\":\"Foto: Marcelo F Junior \/ Shutterstock.com\"},{\"@type\":\"BreadcrumbList\",\"@id\":\"https:\/\/www.blumarturismo.com.br\/blog\/qual-a-melhor-epoca-para-visitar-o-delta-do-parnaiba\/#breadcrumb\",\"itemListElement\":[{\"@type\":\"ListItem\",\"position\":1,\"name\":\"In\u00edcio\",\"item\":\"https:\/\/www.blumarturismo.com.br\/blog\/\"},{\"@type\":\"ListItem\",\"position\":2,\"name\":\"Qual a melhor \u00e9poca para visitar o Delta do Parna\u00edba?\"}]},{\"@type\":\"WebSite\",\"@id\":\"https:\/\/www.blumarturismo.com.br\/blog\/#website\",\"url\":\"https:\/\/www.blumarturismo.com.br\/blog\/\",\"name\":\"Blog Blumar Turismo: O Seu Portal para Viagens Extraordin\u00e1rias\",\"description\":\"Viajar \u00e9 nossa paix\u00e3o e expertise, e agora compartilhamos isso com voc\u00ea atrav\u00e9s do nosso blog. Com mais de 30 anos de hist\u00f3ria, a Blumar Turismo \u00e9 seu parceiro confi\u00e1vel para aventuras memor\u00e1veis. Explore conosco\",\"publisher\":{\"@id\":\"https:\/\/www.blumarturismo.com.br\/blog\/#organization\"},\"potentialAction\":[{\"@type\":\"SearchAction\",\"target\":{\"@type\":\"EntryPoint\",\"urlTemplate\":\"https:\/\/www.blumarturismo.com.br\/blog\/?s={search_term_string}\"},\"query-input\":{\"@type\":\"PropertyValueSpecification\",\"valueRequired\":true,\"valueName\":\"search_term_string\"}}],\"inLanguage\":\"pt-BR\"},{\"@type\":\"Organization\",\"@id\":\"https:\/\/www.blumarturismo.com.br\/blog\/#organization\",\"name\":\"Blumar Turismo\",\"url\":\"https:\/\/www.blumarturismo.com.br\/blog\/\",\"logo\":{\"@type\":\"ImageObject\",\"inLanguage\":\"pt-BR\",\"@id\":\"https:\/\/www.blumarturismo.com.br\/blog\/#\/schema\/logo\/image\/\",\"url\":\"https:\/\/www.blumarturismo.com.br\/blog\/wp-content\/uploads\/2020\/11\/cropped-logo_blumar_nacional2-2.jpg\",\"contentUrl\":\"https:\/\/www.blumarturismo.com.br\/blog\/wp-content\/uploads\/2020\/11\/cropped-logo_blumar_nacional2-2.jpg\",\"width\":167,\"height\":50,\"caption\":\"Blumar Turismo\"},\"image\":{\"@id\":\"https:\/\/www.blumarturismo.com.br\/blog\/#\/schema\/logo\/image\/\"},\"sameAs\":[\"https:\/\/www.facebook.com\/blumarviagenseturismo\",\"https:\/\/www.instagram.com\/blumarturismo\/\"]},{\"@type\":\"Person\",\"@id\":\"https:\/\/www.blumarturismo.com.br\/blog\/#\/schema\/person\/8c5b522f6a79142bafca484c4604fba7\",\"name\":\"Blumar Turismo\",\"image\":{\"@type\":\"ImageObject\",\"inLanguage\":\"pt-BR\",\"@id\":\"https:\/\/www.blumarturismo.com.br\/blog\/#\/schema\/person\/image\/\",\"url\":\"https:\/\/secure.gravatar.com\/avatar\/18a47e99a2b3ce558e7834aabf1bb475e0ae3a970dea40e74a2d2b71531fbe3b?s=96&d=mm&r=g\",\"contentUrl\":\"https:\/\/secure.gravatar.com\/avatar\/18a47e99a2b3ce558e7834aabf1bb475e0ae3a970dea40e74a2d2b71531fbe3b?s=96&d=mm&r=g\",\"caption\":\"Blumar Turismo\"},\"description\":\"Com uma trajet\u00f3ria consolidada de mais de 30 anos no setor de turismo, a Blumar Turismo se estabeleceu como l\u00edder gra\u00e7as ao seu compromisso cont\u00ednuo com a qualidade e satisfa\u00e7\u00e3o do cliente. Nossa experi\u00eancia traduz-se em viagens que v\u00e3o al\u00e9m da expectativa. Nosso Legado: 1. Expertise e Excel\u00eancia: Com tr\u00eas d\u00e9cadas de dedica\u00e7\u00e3o, aprofundamos nossa expertise para oferecer servi\u00e7os de viagem personalizados e de alto padr\u00e3o. Cada viagem, seja econ\u00f4mica ou de luxo, \u00e9 meticulosamente projetada para garantir experi\u00eancias not\u00e1veis. 2. Vanguarda em Inova\u00e7\u00e3o e Tecnologia: Nossa miss\u00e3o \u00e9 sempre liderar, incorporando as solu\u00e7\u00f5es mais avan\u00e7adas em produtos e tecnologias. A inova\u00e7\u00e3o \u00e9 intr\u00ednseca \u00e0 Blumar, permitindo-nos aprimorar constantemente a experi\u00eancia de viagem de nossos clientes. 3. Nossa Equipe, Nosso Diferencial: O verdadeiro motor da Blumar Turismo \u00e9 nossa equipe de profissionais. Com paix\u00e3o e dedica\u00e7\u00e3o, eles garantem que cada itiner\u00e1rio se transforme em uma experi\u00eancia \u00fanica e memor\u00e1vel. Seu comprometimento \u00e9 o que nos faz ganhar a confian\u00e7a de nossos clientes repetidamente. Na Blumar, n\u00e3o se trata apenas de vender pacotes de viagem, mas de projetar experi\u00eancias. Nossos roteiros prometem criar mem\u00f3rias duradouras, proporcionando viagens ricas em descobertas e emo\u00e7\u00f5es. Cremos que viajar \u00e9 uma forma de enriquecimento pessoal, explorando novas perspectivas e redefinindo-se a cada novo destino. Explore o mundo com a Blumar Turismo e torne sua jornada verdadeiramente extraordin\u00e1ria.\",\"sameAs\":[\"https:\/\/www.facebook.com\/blumarviagenseturismo\",\"https:\/\/www.instagram.com\/blumarturismo\/\",\"https:\/\/www.linkedin.com\/company\/blumar-turismo\/\",\"https:\/\/www.youtube.com\/@BlumarTurismo\"],\"award\":[\"2002 | 7th World Petroleum Congress & Rio Oil & Gas Expo\",\"2003 | 27\u00ba International Congress on Occupational Health - ICOH\",\"2004 | IOF World Congress on Osteoporosis 2004\",\"2005 | XXV Brazilian Congress on Rheumatology\",\"2006 | 3rd World Congress on AIDS\",\"2007 | 66th FIP Congress of Pharmacy and Pharmaceutical Sciences\",\"2008 | 62\u00ba Congresso Brasileiro de Cardiologia\",\"2009 | 3rd World Congress of Pediatric Gastroenterology Hepatology and Nutrition\",\"2010 | Pr\u00eamio Caio da D\u00e9cada - Jacar\u00e9 de Diamante - pelo 3rd World Congress on AIDS\",\"2011 | XIV Congresso SOBRICE\",\"2012 | XVIII Congresso da Sociedade Brasileira de Diabetes\",\"2013 | 67\u00ba Congresso da Sociedade Brasileira de Dermatologia\",\"2016 | Congresso Mundial da Propriedade Intelectual da AIPPI\"],\"knowsAbout\":[\"Turismo de Luxo\",\"Consultoria Personalizada\",\"Opera\u00e7\u00e3o de Programas Tur\u00edsticos Customizados\",\"Tours Variados\",\"Sele\u00e7\u00e3o de Hot\u00e9is e Experi\u00eancias Inesquec\u00edveis\"],\"knowsLanguage\":[\"Ingles\",\"Portugu\u00eas\",\"Espanhol\"],\"jobTitle\":\"Operadora de Turismo e Ag\u00eancia de Viagens\",\"worksFor\":\"Blumar Turismo\",\"url\":\"https:\/\/www.blumarturismo.com.br\/blog\/author\/guilherme\/\"}]}<\/script>\n<!-- \/ Yoast SEO Premium plugin. -->","yoast_head_json":{"title":"Qual a melhor \u00e9poca para visitar o Delta do Parna\u00edba? - Blog Blumar Turismo: O Seu Portal para Viagens Extraordin\u00e1rias","description":"Quer saber qual a melhor \u00e9poca para visitar o Delta do Parna\u00edba? A Blumar te conta. Venha com a gente conhecer e aproveitar este para\u00edso.","robots":{"index":"index","follow":"follow","max-snippet":"max-snippet:-1","max-image-preview":"max-image-preview:large","max-video-preview":"max-video-preview:-1"},"canonical":"https:\/\/www.blumarturismo.com.br\/blog\/qual-a-melhor-epoca-para-visitar-o-delta-do-parnaiba\/","og_locale":"pt_BR","og_type":"article","og_title":"Qual a melhor \u00e9poca para visitar o Delta do Parna\u00edba?","og_description":"Quer saber qual a melhor \u00e9poca para visitar o Delta do Parna\u00edba? A Blumar te conta. Venha com a gente conhecer e aproveitar este para\u00edso.","og_url":"https:\/\/www.blumarturismo.com.br\/blog\/qual-a-melhor-epoca-para-visitar-o-delta-do-parnaiba\/","og_site_name":"Blog Blumar Turismo: O Seu Portal para Viagens Extraordin\u00e1rias","article_publisher":"https:\/\/www.facebook.com\/blumarviagenseturismo","article_author":"https:\/\/www.facebook.com\/blumarviagenseturismo","article_published_time":"2026-02-11T15:06:27+00:00","article_modified_time":"2026-02-12T13:27:12+00:00","og_image":[{"width":1000,"height":666,"url":"https:\/\/www.blumarturismo.com.br\/blog\/wp-content\/uploads\/2023\/11\/Foto-Marcelo-F-Junior-Shutterstock.com_.jpg","type":"image\/jpeg"}],"author":"Blumar Turismo","twitter_card":"summary_large_image","twitter_misc":{"Escrito por":"Blumar Turismo","Est. tempo de leitura":"19 minutos"},"schema":{"@context":"https:\/\/schema.org","@graph":[{"@type":"Article","@id":"https:\/\/www.blumarturismo.com.br\/blog\/qual-a-melhor-epoca-para-visitar-o-delta-do-parnaiba\/#article","isPartOf":{"@id":"https:\/\/www.blumarturismo.com.br\/blog\/qual-a-melhor-epoca-para-visitar-o-delta-do-parnaiba\/"},"author":{"name":"Blumar Turismo","@id":"https:\/\/www.blumarturismo.com.br\/blog\/#\/schema\/person\/8c5b522f6a79142bafca484c4604fba7"},"headline":"Qual a melhor \u00e9poca para visitar o Delta do Parna\u00edba?","datePublished":"2026-02-11T15:06:27+00:00","dateModified":"2026-02-12T13:27:12+00:00","mainEntityOfPage":{"@id":"https:\/\/www.blumarturismo.com.br\/blog\/qual-a-melhor-epoca-para-visitar-o-delta-do-parnaiba\/"},"wordCount":1733,"publisher":{"@id":"https:\/\/www.blumarturismo.com.br\/blog\/#organization"},"image":{"@id":"https:\/\/www.blumarturismo.com.br\/blog\/qual-a-melhor-epoca-para-visitar-o-delta-do-parnaiba\/#primaryimage"},"thumbnailUrl":"https:\/\/www.blumarturismo.com.br\/blog\/wp-content\/uploads\/2023\/11\/Foto-Marcelo-F-Junior-Shutterstock.com_.jpg","articleSection":["Destinos Nacionais","Dicas de Viagem"],"inLanguage":"pt-BR"},{"@type":"WebPage","@id":"https:\/\/www.blumarturismo.com.br\/blog\/qual-a-melhor-epoca-para-visitar-o-delta-do-parnaiba\/","url":"https:\/\/www.blumarturismo.com.br\/blog\/qual-a-melhor-epoca-para-visitar-o-delta-do-parnaiba\/","name":"Qual a melhor \u00e9poca para visitar o Delta do Parna\u00edba? - Blog Blumar Turismo: O Seu Portal para Viagens Extraordin\u00e1rias","isPartOf":{"@id":"https:\/\/www.blumarturismo.com.br\/blog\/#website"},"primaryImageOfPage":{"@id":"https:\/\/www.blumarturismo.com.br\/blog\/qual-a-melhor-epoca-para-visitar-o-delta-do-parnaiba\/#primaryimage"},"image":{"@id":"https:\/\/www.blumarturismo.com.br\/blog\/qual-a-melhor-epoca-para-visitar-o-delta-do-parnaiba\/#primaryimage"},"thumbnailUrl":"https:\/\/www.blumarturismo.com.br\/blog\/wp-content\/uploads\/2023\/11\/Foto-Marcelo-F-Junior-Shutterstock.com_.jpg","datePublished":"2026-02-11T15:06:27+00:00","dateModified":"2026-02-12T13:27:12+00:00","description":"Quer saber qual a melhor \u00e9poca para visitar o Delta do Parna\u00edba? A Blumar te conta. Venha com a gente conhecer e aproveitar este para\u00edso.","breadcrumb":{"@id":"https:\/\/www.blumarturismo.com.br\/blog\/qual-a-melhor-epoca-para-visitar-o-delta-do-parnaiba\/#breadcrumb"},"inLanguage":"pt-BR","potentialAction":[{"@type":"ReadAction","target":["https:\/\/www.blumarturismo.com.br\/blog\/qual-a-melhor-epoca-para-visitar-o-delta-do-parnaiba\/"]}]},{"@type":"ImageObject","inLanguage":"pt-BR","@id":"https:\/\/www.blumarturismo.com.br\/blog\/qual-a-melhor-epoca-para-visitar-o-delta-do-parnaiba\/#primaryimage","url":"https:\/\/www.blumarturismo.com.br\/blog\/wp-content\/uploads\/2023\/11\/Foto-Marcelo-F-Junior-Shutterstock.com_.jpg","contentUrl":"https:\/\/www.blumarturismo.com.br\/blog\/wp-content\/uploads\/2023\/11\/Foto-Marcelo-F-Junior-Shutterstock.com_.jpg","width":1000,"height":666,"caption":"Foto: Marcelo F Junior \/ Shutterstock.com"},{"@type":"BreadcrumbList","@id":"https:\/\/www.blumarturismo.com.br\/blog\/qual-a-melhor-epoca-para-visitar-o-delta-do-parnaiba\/#breadcrumb","itemListElement":[{"@type":"ListItem","position":1,"name":"In\u00edcio","item":"https:\/\/www.blumarturismo.com.br\/blog\/"},{"@type":"ListItem","position":2,"name":"Qual a melhor \u00e9poca para visitar o Delta do Parna\u00edba?"}]},{"@type":"WebSite","@id":"https:\/\/www.blumarturismo.com.br\/blog\/#website","url":"https:\/\/www.blumarturismo.com.br\/blog\/","name":"Blog Blumar Turismo: O Seu Portal para Viagens Extraordin\u00e1rias","description":"Viajar \u00e9 nossa paix\u00e3o e expertise, e agora compartilhamos isso com voc\u00ea atrav\u00e9s do nosso blog. Com mais de 30 anos de hist\u00f3ria, a Blumar Turismo \u00e9 seu parceiro confi\u00e1vel para aventuras memor\u00e1veis. Explore conosco","publisher":{"@id":"https:\/\/www.blumarturismo.com.br\/blog\/#organization"},"potentialAction":[{"@type":"SearchAction","target":{"@type":"EntryPoint","urlTemplate":"https:\/\/www.blumarturismo.com.br\/blog\/?s={search_term_string}"},"query-input":{"@type":"PropertyValueSpecification","valueRequired":true,"valueName":"search_term_string"}}],"inLanguage":"pt-BR"},{"@type":"Organization","@id":"https:\/\/www.blumarturismo.com.br\/blog\/#organization","name":"Blumar Turismo","url":"https:\/\/www.blumarturismo.com.br\/blog\/","logo":{"@type":"ImageObject","inLanguage":"pt-BR","@id":"https:\/\/www.blumarturismo.com.br\/blog\/#\/schema\/logo\/image\/","url":"https:\/\/www.blumarturismo.com.br\/blog\/wp-content\/uploads\/2020\/11\/cropped-logo_blumar_nacional2-2.jpg","contentUrl":"https:\/\/www.blumarturismo.com.br\/blog\/wp-content\/uploads\/2020\/11\/cropped-logo_blumar_nacional2-2.jpg","width":167,"height":50,"caption":"Blumar Turismo"},"image":{"@id":"https:\/\/www.blumarturismo.com.br\/blog\/#\/schema\/logo\/image\/"},"sameAs":["https:\/\/www.facebook.com\/blumarviagenseturismo","https:\/\/www.instagram.com\/blumarturismo\/"]},{"@type":"Person","@id":"https:\/\/www.blumarturismo.com.br\/blog\/#\/schema\/person\/8c5b522f6a79142bafca484c4604fba7","name":"Blumar Turismo","image":{"@type":"ImageObject","inLanguage":"pt-BR","@id":"https:\/\/www.blumarturismo.com.br\/blog\/#\/schema\/person\/image\/","url":"https:\/\/secure.gravatar.com\/avatar\/18a47e99a2b3ce558e7834aabf1bb475e0ae3a970dea40e74a2d2b71531fbe3b?s=96&d=mm&r=g","contentUrl":"https:\/\/secure.gravatar.com\/avatar\/18a47e99a2b3ce558e7834aabf1bb475e0ae3a970dea40e74a2d2b71531fbe3b?s=96&d=mm&r=g","caption":"Blumar Turismo"},"description":"Com uma trajet\u00f3ria consolidada de mais de 30 anos no setor de turismo, a Blumar Turismo se estabeleceu como l\u00edder gra\u00e7as ao seu compromisso cont\u00ednuo com a qualidade e satisfa\u00e7\u00e3o do cliente. Nossa experi\u00eancia traduz-se em viagens que v\u00e3o al\u00e9m da expectativa. Nosso Legado: 1. Expertise e Excel\u00eancia: Com tr\u00eas d\u00e9cadas de dedica\u00e7\u00e3o, aprofundamos nossa expertise para oferecer servi\u00e7os de viagem personalizados e de alto padr\u00e3o. Cada viagem, seja econ\u00f4mica ou de luxo, \u00e9 meticulosamente projetada para garantir experi\u00eancias not\u00e1veis. 2. Vanguarda em Inova\u00e7\u00e3o e Tecnologia: Nossa miss\u00e3o \u00e9 sempre liderar, incorporando as solu\u00e7\u00f5es mais avan\u00e7adas em produtos e tecnologias. A inova\u00e7\u00e3o \u00e9 intr\u00ednseca \u00e0 Blumar, permitindo-nos aprimorar constantemente a experi\u00eancia de viagem de nossos clientes. 3. Nossa Equipe, Nosso Diferencial: O verdadeiro motor da Blumar Turismo \u00e9 nossa equipe de profissionais. Com paix\u00e3o e dedica\u00e7\u00e3o, eles garantem que cada itiner\u00e1rio se transforme em uma experi\u00eancia \u00fanica e memor\u00e1vel. Seu comprometimento \u00e9 o que nos faz ganhar a confian\u00e7a de nossos clientes repetidamente. Na Blumar, n\u00e3o se trata apenas de vender pacotes de viagem, mas de projetar experi\u00eancias. Nossos roteiros prometem criar mem\u00f3rias duradouras, proporcionando viagens ricas em descobertas e emo\u00e7\u00f5es. Cremos que viajar \u00e9 uma forma de enriquecimento pessoal, explorando novas perspectivas e redefinindo-se a cada novo destino. Explore o mundo com a Blumar Turismo e torne sua jornada verdadeiramente extraordin\u00e1ria.","sameAs":["https:\/\/www.facebook.com\/blumarviagenseturismo","https:\/\/www.instagram.com\/blumarturismo\/","https:\/\/www.linkedin.com\/company\/blumar-turismo\/","https:\/\/www.youtube.com\/@BlumarTurismo"],"award":["2002 | 7th World Petroleum Congress & Rio Oil & Gas Expo","2003 | 27\u00ba International Congress on Occupational Health - ICOH","2004 | IOF World Congress on Osteoporosis 2004","2005 | XXV Brazilian Congress on Rheumatology","2006 | 3rd World Congress on AIDS","2007 | 66th FIP Congress of Pharmacy and Pharmaceutical Sciences","2008 | 62\u00ba Congresso Brasileiro de Cardiologia","2009 | 3rd World Congress of Pediatric Gastroenterology Hepatology and Nutrition","2010 | Pr\u00eamio Caio da D\u00e9cada - Jacar\u00e9 de Diamante - pelo 3rd World Congress on AIDS","2011 | XIV Congresso SOBRICE","2012 | XVIII Congresso da Sociedade Brasileira de Diabetes","2013 | 67\u00ba Congresso da Sociedade Brasileira de Dermatologia","2016 | Congresso Mundial da Propriedade Intelectual da AIPPI"],"knowsAbout":["Turismo de Luxo","Consultoria Personalizada","Opera\u00e7\u00e3o de Programas Tur\u00edsticos Customizados","Tours Variados","Sele\u00e7\u00e3o de Hot\u00e9is e Experi\u00eancias Inesquec\u00edveis"],"knowsLanguage":["Ingles","Portugu\u00eas","Espanhol"],"jobTitle":"Operadora de Turismo e Ag\u00eancia de Viagens","worksFor":"Blumar Turismo","url":"https:\/\/www.blumarturismo.com.br\/blog\/author\/guilherme\/"}]}},"_links":{"self":[{"href":"https:\/\/www.blumarturismo.com.br\/blog\/wp-json\/wp\/v2\/posts\/42867","targetHints":{"allow":["GET"]}}],"collection":[{"href":"https:\/\/www.blumarturismo.com.br\/blog\/wp-json\/wp\/v2\/posts"}],"about":[{"href":"https:\/\/www.blumarturismo.com.br\/blog\/wp-json\/wp\/v2\/types\/post"}],"author":[{"embeddable":true,"href":"https:\/\/www.blumarturismo.com.br\/blog\/wp-json\/wp\/v2\/users\/10"}],"replies":[{"embeddable":true,"href":"https:\/\/www.blumarturismo.com.br\/blog\/wp-json\/wp\/v2\/comments?post=42867"}],"version-history":[{"count":90,"href":"https:\/\/www.blumarturismo.com.br\/blog\/wp-json\/wp\/v2\/posts\/42867\/revisions"}],"predecessor-version":[{"id":74057,"href":"https:\/\/www.blumarturismo.com.br\/blog\/wp-json\/wp\/v2\/posts\/42867\/revisions\/74057"}],"wp:featuredmedia":[{"embeddable":true,"href":"https:\/\/www.blumarturismo.com.br\/blog\/wp-json\/wp\/v2\/media\/66343"}],"wp:attachment":[{"href":"https:\/\/www.blumarturismo.com.br\/blog\/wp-json\/wp\/v2\/media?parent=42867"}],"wp:term":[{"taxonomy":"category","embeddable":true,"href":"https:\/\/www.blumarturismo.com.br\/blog\/wp-json\/wp\/v2\/categories?post=42867"},{"taxonomy":"post_tag","embeddable":true,"href":"https:\/\/www.blumarturismo.com.br\/blog\/wp-json\/wp\/v2\/tags?post=42867"}],"curies":[{"name":"wp","href":"https:\/\/api.w.org\/{rel}","templated":true}]}}