{"id":45187,"date":"2023-12-04T12:19:45","date_gmt":"2023-12-04T15:19:45","guid":{"rendered":"https:\/\/www.blumarturismo.com.br\/blog\/?p=45187"},"modified":"2025-01-13T09:06:24","modified_gmt":"2025-01-13T12:06:24","slug":"hoteis-mais-luxuosos-de-salvador-e-arredores-uma-experiencia-inesquecivel","status":"publish","type":"post","link":"https:\/\/www.blumarturismo.com.br\/blog\/hoteis-mais-luxuosos-de-salvador-e-arredores-uma-experiencia-inesquecivel\/","title":{"rendered":"Hot\u00e9is Mais Luxuosos de Salvador e Arredores: Uma Experi\u00eancia Inesquec\u00edvel"},"content":{"rendered":"\t\t<div data-elementor-type=\"wp-post\" data-elementor-id=\"45187\" class=\"elementor elementor-45187\" data-elementor-post-type=\"post\">\n\t\t\t\t\t\t\t<div class=\"elementor-element elementor-element-00e7519 e-flex e-con-boxed e-con e-parent\" data-id=\"00e7519\" data-element_type=\"container\" data-settings=\"{&quot;content_width&quot;:&quot;boxed&quot;}\" data-core-v316-plus=\"true\">\n\t\t\t\t\t<div class=\"e-con-inner\">\n\t\t\t\t<div class=\"elementor-element elementor-element-c8c9616 elementor-widget elementor-widget-text-editor\" data-id=\"c8c9616\" data-element_type=\"widget\" data-widget_type=\"text-editor.default\">\n\t\t\t\t<div class=\"elementor-widget-container\">\n\t\t\t<style>\/*! elementor - v3.16.0 - 13-09-2023 *\/\n.elementor-widget-text-editor.elementor-drop-cap-view-stacked .elementor-drop-cap{background-color:#69727d;color:#fff}.elementor-widget-text-editor.elementor-drop-cap-view-framed .elementor-drop-cap{color:#69727d;border:3px solid;background-color:transparent}.elementor-widget-text-editor:not(.elementor-drop-cap-view-default) .elementor-drop-cap{margin-top:8px}.elementor-widget-text-editor:not(.elementor-drop-cap-view-default) .elementor-drop-cap-letter{width:1em;height:1em}.elementor-widget-text-editor .elementor-drop-cap{float:left;text-align:center;line-height:1;font-size:50px}.elementor-widget-text-editor .elementor-drop-cap-letter{display:inline-block}<\/style>\t\t\t\t<p data-pm-slice=\"1 1 []\"><a href=\"https:\/\/www.blumarturismo.com.br\/cidade.php?cidade=salvador&amp;id=58\">Salvador<\/a>, uma cidade de encantos hist\u00f3ricos e belezas naturais, \u00e9 um destino que merece ser explorado com estilo e conforto. Para isso, selecionamos os hot\u00e9is mais luxuosos de Salvador e arredores, que prometem uma estadia memor\u00e1vel. Seja para uma viagem de lazer ou neg\u00f3cios, a Blumar Turismo assegura uma experi\u00eancia segura e bem organizada.<\/p>\t\t\t\t\t\t<\/div>\n\t\t\t\t<\/div>\n\t\t\t\t<div class=\"elementor-element elementor-element-bfcd99b elementor-widget elementor-widget-video\" data-id=\"bfcd99b\" data-element_type=\"widget\" data-settings=\"{&quot;youtube_url&quot;:&quot;https:\\\/\\\/www.youtube.com\\\/watch?v=t6x8OzprvVM&quot;,&quot;video_type&quot;:&quot;youtube&quot;,&quot;controls&quot;:&quot;yes&quot;}\" data-widget_type=\"video.default\">\n\t\t\t\t<div class=\"elementor-widget-container\">\n\t\t\t<style>\/*! elementor - v3.16.0 - 13-09-2023 *\/\n.elementor-widget-video .elementor-widget-container{overflow:hidden;transform:translateZ(0)}.elementor-widget-video .elementor-wrapper{aspect-ratio:var(--video-aspect-ratio)}.elementor-widget-video .elementor-wrapper iframe,.elementor-widget-video .elementor-wrapper video{height:100%;width:100%;display:flex;border:none;background-color:#000}@supports not (aspect-ratio:1\/1){.elementor-widget-video .elementor-wrapper{position:relative;overflow:hidden;height:0;padding-bottom:calc(100% \/ var(--video-aspect-ratio))}.elementor-widget-video .elementor-wrapper iframe,.elementor-widget-video .elementor-wrapper video{position:absolute;top:0;right:0;bottom:0;left:0}}.elementor-widget-video .elementor-open-inline .elementor-custom-embed-image-overlay{position:absolute;top:0;right:0;bottom:0;left:0;background-size:cover;background-position:50%}.elementor-widget-video .elementor-custom-embed-image-overlay{cursor:pointer;text-align:center}.elementor-widget-video .elementor-custom-embed-image-overlay:hover .elementor-custom-embed-play i{opacity:1}.elementor-widget-video .elementor-custom-embed-image-overlay img{display:block;width:100%;aspect-ratio:var(--video-aspect-ratio);-o-object-fit:cover;object-fit:cover;-o-object-position:center center;object-position:center center}@supports not (aspect-ratio:1\/1){.elementor-widget-video .elementor-custom-embed-image-overlay{position:relative;overflow:hidden;height:0;padding-bottom:calc(100% \/ var(--video-aspect-ratio))}.elementor-widget-video .elementor-custom-embed-image-overlay img{position:absolute;top:0;right:0;bottom:0;left:0}}.elementor-widget-video .e-hosted-video .elementor-video{-o-object-fit:cover;object-fit:cover}.e-con-inner>.elementor-widget-video,.e-con>.elementor-widget-video{width:var(--container-widget-width);--flex-grow:var(--container-widget-flex-grow)}<\/style>\t\t<div class=\"elementor-wrapper elementor-open-inline\">\n\t\t\t<div class=\"elementor-video\"><\/div>\t\t<\/div>\n\t\t\t\t<\/div>\n\t\t\t\t<\/div>\n\t\t\t\t\t<\/div>\n\t\t\t\t<\/div>\n\t\t<div class=\"elementor-element elementor-element-5efb6b7 e-flex e-con-boxed e-con e-parent\" data-id=\"5efb6b7\" data-element_type=\"container\" data-settings=\"{&quot;content_width&quot;:&quot;boxed&quot;}\" data-core-v316-plus=\"true\">\n\t\t\t\t\t<div class=\"e-con-inner\">\n\t\t\t\t<div class=\"elementor-element elementor-element-683c6ff elementor-widget elementor-widget-heading\" data-id=\"683c6ff\" data-element_type=\"widget\" data-widget_type=\"heading.default\">\n\t\t\t\t<div class=\"elementor-widget-container\">\n\t\t\t<style>\/*! elementor - v3.16.0 - 13-09-2023 *\/\n.elementor-heading-title{padding:0;margin:0;line-height:1}.elementor-widget-heading .elementor-heading-title[class*=elementor-size-]>a{color:inherit;font-size:inherit;line-height:inherit}.elementor-widget-heading .elementor-heading-title.elementor-size-small{font-size:15px}.elementor-widget-heading .elementor-heading-title.elementor-size-medium{font-size:19px}.elementor-widget-heading .elementor-heading-title.elementor-size-large{font-size:29px}.elementor-widget-heading .elementor-heading-title.elementor-size-xl{font-size:39px}.elementor-widget-heading .elementor-heading-title.elementor-size-xxl{font-size:59px}<\/style><h2 class=\"elementor-heading-title elementor-size-large\">Hotel Fasano Salvador\u2b50\u2b50\u2b50\u2b50\u2b50 - Eleg\u00e2ncia em um Edif\u00edcio Hist\u00f3rico<\/h2>\t\t<\/div>\n\t\t\t\t<\/div>\n\t\t\t\t<div class=\"elementor-element elementor-element-4b671e7 elementor-arrows-position-inside elementor-pagination-position-outside elementor-widget elementor-widget-image-carousel\" data-id=\"4b671e7\" data-element_type=\"widget\" data-settings=\"{&quot;slides_to_show&quot;:&quot;2&quot;,&quot;navigation&quot;:&quot;both&quot;,&quot;autoplay&quot;:&quot;yes&quot;,&quot;pause_on_hover&quot;:&quot;yes&quot;,&quot;pause_on_interaction&quot;:&quot;yes&quot;,&quot;autoplay_speed&quot;:5000,&quot;infinite&quot;:&quot;yes&quot;,&quot;speed&quot;:500}\" data-widget_type=\"image-carousel.default\">\n\t\t\t\t<div class=\"elementor-widget-container\">\n\t\t\t<style>\/*! elementor - v3.16.0 - 13-09-2023 *\/\n.elementor-widget-image-carousel .swiper,.elementor-widget-image-carousel .swiper-container{position:static}.elementor-widget-image-carousel .swiper-container .swiper-slide figure,.elementor-widget-image-carousel .swiper .swiper-slide figure{line-height:inherit}.elementor-widget-image-carousel .swiper-slide{text-align:center}.elementor-image-carousel-wrapper:not(.swiper-container-initialized):not(.swiper-initialized) .swiper-slide{max-width:calc(100% \/ var(--e-image-carousel-slides-to-show, 3))}<\/style>\t\t<div class=\"elementor-image-carousel-wrapper swiper-container\" dir=\"ltr\">\n\t\t\t<div class=\"elementor-image-carousel swiper-wrapper\" aria-live=\"off\">\n\t\t\t\t\t\t\t\t<div class=\"swiper-slide\" role=\"group\" aria-roledescription=\"slide\" aria-label=\"1 of 6\"><figure class=\"swiper-slide-inner\"><img decoding=\"async\" class=\"swiper-slide-image\" src=\"https:\/\/www.blumarturismo.com.br\/blog\/wp-content\/uploads\/2023\/12\/fasano_sa_facade_1_grd-1.jpg\" alt=\"Foto: Divulga\u00e7\u00e3o \/ Hotel Fasano Salvador\" \/><figcaption class=\"elementor-image-carousel-caption\">Foto: Divulga\u00e7\u00e3o \/ Hotel Fasano Salvador<\/figcaption><\/figure><\/div><div class=\"swiper-slide\" role=\"group\" aria-roledescription=\"slide\" aria-label=\"2 of 6\"><figure class=\"swiper-slide-inner\"><img decoding=\"async\" class=\"swiper-slide-image\" src=\"https:\/\/www.blumarturismo.com.br\/blog\/wp-content\/uploads\/2023\/12\/fasano_sa_deluxe_ocean_view_room_grd.jpg\" alt=\"Foto: Divulga\u00e7\u00e3o \/ Hotel Fasano Salvador\" \/><figcaption class=\"elementor-image-carousel-caption\">Foto: Divulga\u00e7\u00e3o \/ Hotel Fasano Salvador<\/figcaption><\/figure><\/div><div class=\"swiper-slide\" role=\"group\" aria-roledescription=\"slide\" aria-label=\"3 of 6\"><figure class=\"swiper-slide-inner\"><img decoding=\"async\" class=\"swiper-slide-image\" src=\"https:\/\/www.blumarturismo.com.br\/blog\/wp-content\/uploads\/2023\/12\/fasano_sa_pool_grd.jpg\" alt=\"Foto: Divulga\u00e7\u00e3o \/ Hotel Fasano Salvador\" \/><figcaption class=\"elementor-image-carousel-caption\">Foto: Divulga\u00e7\u00e3o \/ Hotel Fasano Salvador<\/figcaption><\/figure><\/div><div class=\"swiper-slide\" role=\"group\" aria-roledescription=\"slide\" aria-label=\"4 of 6\"><figure class=\"swiper-slide-inner\"><img decoding=\"async\" class=\"swiper-slide-image\" src=\"https:\/\/www.blumarturismo.com.br\/blog\/wp-content\/uploads\/2023\/12\/fasano_sa_restaurant_1_grd.jpg\" alt=\"Foto: Divulga\u00e7\u00e3o \/ Hotel Fasano Salvador\" \/><figcaption class=\"elementor-image-carousel-caption\">Foto: Divulga\u00e7\u00e3o \/ Hotel Fasano Salvador<\/figcaption><\/figure><\/div><div class=\"swiper-slide\" role=\"group\" aria-roledescription=\"slide\" aria-label=\"5 of 6\"><figure class=\"swiper-slide-inner\"><img decoding=\"async\" class=\"swiper-slide-image\" src=\"https:\/\/www.blumarturismo.com.br\/blog\/wp-content\/uploads\/2023\/12\/fasano_sa_rooftop_1_grd.jpg\" alt=\"Foto: Divulga\u00e7\u00e3o \/ Hotel Fasano Salvador\" \/><figcaption class=\"elementor-image-carousel-caption\">Foto: Divulga\u00e7\u00e3o \/ Hotel Fasano Salvador<\/figcaption><\/figure><\/div><div class=\"swiper-slide\" role=\"group\" aria-roledescription=\"slide\" aria-label=\"6 of 6\"><figure class=\"swiper-slide-inner\"><img decoding=\"async\" class=\"swiper-slide-image\" src=\"https:\/\/www.blumarturismo.com.br\/blog\/wp-content\/uploads\/2023\/12\/fasano_sa_suite_deluxe_grd.jpg\" alt=\"Foto: Divulga\u00e7\u00e3o \/ Hotel Fasano Salvador\" \/><figcaption class=\"elementor-image-carousel-caption\">Foto: Divulga\u00e7\u00e3o \/ Hotel Fasano Salvador<\/figcaption><\/figure><\/div>\t\t\t<\/div>\n\t\t\t\t\t\t\t\t\t\t\t\t<div class=\"elementor-swiper-button elementor-swiper-button-prev\" role=\"button\" tabindex=\"0\">\n\t\t\t\t\t\t<svg aria-hidden=\"true\" class=\"e-font-icon-svg e-eicon-chevron-left\" viewBox=\"0 0 1000 1000\" xmlns=\"http:\/\/www.w3.org\/2000\/svg\"><path d=\"M646 125C629 125 613 133 604 142L308 442C296 454 292 471 292 487 292 504 296 521 308 533L604 854C617 867 629 875 646 875 663 875 679 871 692 858 704 846 713 829 713 812 713 796 708 779 692 767L438 487 692 225C700 217 708 204 708 187 708 171 704 154 692 142 675 129 663 125 646 125Z\"><\/path><\/svg>\t\t\t\t\t<\/div>\n\t\t\t\t\t<div class=\"elementor-swiper-button elementor-swiper-button-next\" role=\"button\" tabindex=\"0\">\n\t\t\t\t\t\t<svg aria-hidden=\"true\" class=\"e-font-icon-svg e-eicon-chevron-right\" viewBox=\"0 0 1000 1000\" xmlns=\"http:\/\/www.w3.org\/2000\/svg\"><path d=\"M696 533C708 521 713 504 713 487 713 471 708 454 696 446L400 146C388 133 375 125 354 125 338 125 325 129 313 142 300 154 292 171 292 187 292 204 296 221 308 233L563 492 304 771C292 783 288 800 288 817 288 833 296 850 308 863 321 871 338 875 354 875 371 875 388 867 400 854L696 533Z\"><\/path><\/svg>\t\t\t\t\t<\/div>\n\t\t\t\t\n\t\t\t\t\t\t\t\t\t<div class=\"swiper-pagination\"><\/div>\n\t\t\t\t\t\t\t\t\t<\/div>\n\t\t\t\t<\/div>\n\t\t\t\t<\/div>\n\t\t\t\t<div class=\"elementor-element elementor-element-a5dfae3 elementor-widget elementor-widget-text-editor\" data-id=\"a5dfae3\" data-element_type=\"widget\" data-widget_type=\"text-editor.default\">\n\t\t\t\t<div class=\"elementor-widget-container\">\n\t\t\t\t\t\t\t<p data-pm-slice=\"1 1 []\">Inaugurado em 2018, o Hotel Fasano Salvador ocupa um magn\u00edfico pr\u00e9dio hist\u00f3rico. Com 74 quartos que oferecem vistas deslumbrantes para a Pra\u00e7a Castro Alves e o mar, o hotel combina luxo, hist\u00f3ria e um servi\u00e7o impec\u00e1vel. A atmosfera sofisticada e os detalhes arquitet\u00f4nicos s\u00e3o um convite para vivenciar a ess\u00eancia de Salvador.<\/p>\t\t\t\t\t\t<\/div>\n\t\t\t\t<\/div>\n\t\t\t\t<div class=\"elementor-element elementor-element-8ece2ce elementor-widget-divider--view-line elementor-widget elementor-widget-divider\" data-id=\"8ece2ce\" data-element_type=\"widget\" data-widget_type=\"divider.default\">\n\t\t\t\t<div class=\"elementor-widget-container\">\n\t\t\t<style>\/*! elementor - v3.16.0 - 13-09-2023 *\/\n.elementor-widget-divider{--divider-border-style:none;--divider-border-width:1px;--divider-color:#0c0d0e;--divider-icon-size:20px;--divider-element-spacing:10px;--divider-pattern-height:24px;--divider-pattern-size:20px;--divider-pattern-url:none;--divider-pattern-repeat:repeat-x}.elementor-widget-divider .elementor-divider{display:flex}.elementor-widget-divider .elementor-divider__text{font-size:15px;line-height:1;max-width:95%}.elementor-widget-divider .elementor-divider__element{margin:0 var(--divider-element-spacing);flex-shrink:0}.elementor-widget-divider .elementor-icon{font-size:var(--divider-icon-size)}.elementor-widget-divider .elementor-divider-separator{display:flex;margin:0;direction:ltr}.elementor-widget-divider--view-line_icon .elementor-divider-separator,.elementor-widget-divider--view-line_text .elementor-divider-separator{align-items:center}.elementor-widget-divider--view-line_icon .elementor-divider-separator:after,.elementor-widget-divider--view-line_icon .elementor-divider-separator:before,.elementor-widget-divider--view-line_text .elementor-divider-separator:after,.elementor-widget-divider--view-line_text .elementor-divider-separator:before{display:block;content:\"\";border-bottom:0;flex-grow:1;border-top:var(--divider-border-width) var(--divider-border-style) var(--divider-color)}.elementor-widget-divider--element-align-left .elementor-divider .elementor-divider-separator>.elementor-divider__svg:first-of-type{flex-grow:0;flex-shrink:100}.elementor-widget-divider--element-align-left .elementor-divider-separator:before{content:none}.elementor-widget-divider--element-align-left .elementor-divider__element{margin-left:0}.elementor-widget-divider--element-align-right .elementor-divider .elementor-divider-separator>.elementor-divider__svg:last-of-type{flex-grow:0;flex-shrink:100}.elementor-widget-divider--element-align-right .elementor-divider-separator:after{content:none}.elementor-widget-divider--element-align-right .elementor-divider__element{margin-right:0}.elementor-widget-divider:not(.elementor-widget-divider--view-line_text):not(.elementor-widget-divider--view-line_icon) .elementor-divider-separator{border-top:var(--divider-border-width) var(--divider-border-style) var(--divider-color)}.elementor-widget-divider--separator-type-pattern{--divider-border-style:none}.elementor-widget-divider--separator-type-pattern.elementor-widget-divider--view-line .elementor-divider-separator,.elementor-widget-divider--separator-type-pattern:not(.elementor-widget-divider--view-line) .elementor-divider-separator:after,.elementor-widget-divider--separator-type-pattern:not(.elementor-widget-divider--view-line) .elementor-divider-separator:before,.elementor-widget-divider--separator-type-pattern:not([class*=elementor-widget-divider--view]) .elementor-divider-separator{width:100%;min-height:var(--divider-pattern-height);-webkit-mask-size:var(--divider-pattern-size) 100%;mask-size:var(--divider-pattern-size) 100%;-webkit-mask-repeat:var(--divider-pattern-repeat);mask-repeat:var(--divider-pattern-repeat);background-color:var(--divider-color);-webkit-mask-image:var(--divider-pattern-url);mask-image:var(--divider-pattern-url)}.elementor-widget-divider--no-spacing{--divider-pattern-size:auto}.elementor-widget-divider--bg-round{--divider-pattern-repeat:round}.rtl .elementor-widget-divider .elementor-divider__text{direction:rtl}.e-con-inner>.elementor-widget-divider,.e-con>.elementor-widget-divider{width:var(--container-widget-width,100%);--flex-grow:var(--container-widget-flex-grow)}<\/style>\t\t<div class=\"elementor-divider\">\n\t\t\t<span class=\"elementor-divider-separator\">\n\t\t\t\t\t\t<\/span>\n\t\t<\/div>\n\t\t\t\t<\/div>\n\t\t\t\t<\/div>\n\t\t\t\t\t<\/div>\n\t\t\t\t<\/div>\n\t\t<div class=\"elementor-element elementor-element-8efc4b1 e-flex e-con-boxed e-con e-parent\" data-id=\"8efc4b1\" data-element_type=\"container\" data-settings=\"{&quot;content_width&quot;:&quot;boxed&quot;}\" data-core-v316-plus=\"true\">\n\t\t\t\t\t<div class=\"e-con-inner\">\n\t\t\t\t<div class=\"elementor-element elementor-element-f87168f elementor-widget elementor-widget-heading\" data-id=\"f87168f\" data-element_type=\"widget\" data-widget_type=\"heading.default\">\n\t\t\t\t<div class=\"elementor-widget-container\">\n\t\t\t<h2 class=\"elementor-heading-title elementor-size-large\">Fera Palace Hotel\u2b50\u2b50\u2b50\u2b50\u2b50 - Luxo no Cora\u00e7\u00e3o do Centro Hist\u00f3rico<\/h2>\t\t<\/div>\n\t\t\t\t<\/div>\n\t\t\t\t<div class=\"elementor-element elementor-element-82dfa5e elementor-arrows-position-inside elementor-pagination-position-outside elementor-widget elementor-widget-image-carousel\" data-id=\"82dfa5e\" data-element_type=\"widget\" data-settings=\"{&quot;slides_to_show&quot;:&quot;2&quot;,&quot;navigation&quot;:&quot;both&quot;,&quot;autoplay&quot;:&quot;yes&quot;,&quot;pause_on_hover&quot;:&quot;yes&quot;,&quot;pause_on_interaction&quot;:&quot;yes&quot;,&quot;autoplay_speed&quot;:5000,&quot;infinite&quot;:&quot;yes&quot;,&quot;speed&quot;:500}\" data-widget_type=\"image-carousel.default\">\n\t\t\t\t<div class=\"elementor-widget-container\">\n\t\t\t\t\t<div class=\"elementor-image-carousel-wrapper swiper-container\" dir=\"ltr\">\n\t\t\t<div class=\"elementor-image-carousel swiper-wrapper\" aria-live=\"off\">\n\t\t\t\t\t\t\t\t<div class=\"swiper-slide\" role=\"group\" aria-roledescription=\"slide\" aria-label=\"1 of 6\"><figure class=\"swiper-slide-inner\"><img decoding=\"async\" class=\"swiper-slide-image\" src=\"https:\/\/www.blumarturismo.com.br\/blog\/wp-content\/uploads\/2023\/12\/feralounge1_grd-2.jpg\" alt=\"Foto: Divulga\u00e7\u00e3o \/ Fera Palace Hotel\" \/><figcaption class=\"elementor-image-carousel-caption\">Foto: Divulga\u00e7\u00e3o \/ Fera Palace Hotel<\/figcaption><\/figure><\/div><div class=\"swiper-slide\" role=\"group\" aria-roledescription=\"slide\" aria-label=\"2 of 6\"><figure class=\"swiper-slide-inner\"><img decoding=\"async\" class=\"swiper-slide-image\" src=\"https:\/\/www.blumarturismo.com.br\/blog\/wp-content\/uploads\/2023\/12\/3872_grd.jpg\" alt=\"Foto: Divulga\u00e7\u00e3o \/ Fera Palace Hotel\" \/><figcaption class=\"elementor-image-carousel-caption\">Foto: Divulga\u00e7\u00e3o \/ Fera Palace Hotel<\/figcaption><\/figure><\/div><div class=\"swiper-slide\" role=\"group\" aria-roledescription=\"slide\" aria-label=\"3 of 6\"><figure class=\"swiper-slide-inner\"><img decoding=\"async\" class=\"swiper-slide-image\" src=\"https:\/\/www.blumarturismo.com.br\/blog\/wp-content\/uploads\/2023\/12\/deluxe_grd-5.jpg\" alt=\"Foto: Divulga\u00e7\u00e3o \/ Fera Palace Hotel\" \/><figcaption class=\"elementor-image-carousel-caption\">Foto: Divulga\u00e7\u00e3o \/ Fera Palace Hotel<\/figcaption><\/figure><\/div><div class=\"swiper-slide\" role=\"group\" aria-roledescription=\"slide\" aria-label=\"4 of 6\"><figure class=\"swiper-slide-inner\"><img decoding=\"async\" class=\"swiper-slide-image\" src=\"https:\/\/www.blumarturismo.com.br\/blog\/wp-content\/uploads\/2023\/12\/feralounge2_grd.jpg\" alt=\"Foto: Divulga\u00e7\u00e3o \/ Fera Palace Hotel\" \/><figcaption class=\"elementor-image-carousel-caption\">Foto: Divulga\u00e7\u00e3o \/ Fera Palace Hotel<\/figcaption><\/figure><\/div><div class=\"swiper-slide\" role=\"group\" aria-roledescription=\"slide\" aria-label=\"5 of 6\"><figure class=\"swiper-slide-inner\"><img decoding=\"async\" class=\"swiper-slide-image\" src=\"https:\/\/www.blumarturismo.com.br\/blog\/wp-content\/uploads\/2023\/12\/lobbybar1_grd.jpg\" alt=\"Foto: Divulga\u00e7\u00e3o \/ Fera Palace Hotel\" \/><figcaption class=\"elementor-image-carousel-caption\">Foto: Divulga\u00e7\u00e3o \/ Fera Palace Hotel<\/figcaption><\/figure><\/div><div class=\"swiper-slide\" role=\"group\" aria-roledescription=\"slide\" aria-label=\"6 of 6\"><figure class=\"swiper-slide-inner\"><img decoding=\"async\" class=\"swiper-slide-image\" src=\"https:\/\/www.blumarturismo.com.br\/blog\/wp-content\/uploads\/2023\/12\/suite_jr1_grd.jpg\" alt=\"Foto: Divulga\u00e7\u00e3o \/ Fera Palace Hotel\" \/><figcaption class=\"elementor-image-carousel-caption\">Foto: Divulga\u00e7\u00e3o \/ Fera Palace Hotel<\/figcaption><\/figure><\/div>\t\t\t<\/div>\n\t\t\t\t\t\t\t\t\t\t\t\t<div class=\"elementor-swiper-button elementor-swiper-button-prev\" role=\"button\" tabindex=\"0\">\n\t\t\t\t\t\t<svg aria-hidden=\"true\" class=\"e-font-icon-svg e-eicon-chevron-left\" viewBox=\"0 0 1000 1000\" xmlns=\"http:\/\/www.w3.org\/2000\/svg\"><path d=\"M646 125C629 125 613 133 604 142L308 442C296 454 292 471 292 487 292 504 296 521 308 533L604 854C617 867 629 875 646 875 663 875 679 871 692 858 704 846 713 829 713 812 713 796 708 779 692 767L438 487 692 225C700 217 708 204 708 187 708 171 704 154 692 142 675 129 663 125 646 125Z\"><\/path><\/svg>\t\t\t\t\t<\/div>\n\t\t\t\t\t<div class=\"elementor-swiper-button elementor-swiper-button-next\" role=\"button\" tabindex=\"0\">\n\t\t\t\t\t\t<svg aria-hidden=\"true\" class=\"e-font-icon-svg e-eicon-chevron-right\" viewBox=\"0 0 1000 1000\" xmlns=\"http:\/\/www.w3.org\/2000\/svg\"><path d=\"M696 533C708 521 713 504 713 487 713 471 708 454 696 446L400 146C388 133 375 125 354 125 338 125 325 129 313 142 300 154 292 171 292 187 292 204 296 221 308 233L563 492 304 771C292 783 288 800 288 817 288 833 296 850 308 863 321 871 338 875 354 875 371 875 388 867 400 854L696 533Z\"><\/path><\/svg>\t\t\t\t\t<\/div>\n\t\t\t\t\n\t\t\t\t\t\t\t\t\t<div class=\"swiper-pagination\"><\/div>\n\t\t\t\t\t\t\t\t\t<\/div>\n\t\t\t\t<\/div>\n\t\t\t\t<\/div>\n\t\t\t\t<div class=\"elementor-element elementor-element-b37eaf9 elementor-widget elementor-widget-text-editor\" data-id=\"b37eaf9\" data-element_type=\"widget\" data-widget_type=\"text-editor.default\">\n\t\t\t\t<div class=\"elementor-widget-container\">\n\t\t\t\t\t\t\t<p data-pm-slice=\"1 1 []\">O Fera Palace Hotel, situado no vibrante Centro Hist\u00f3rico de Salvador, \u00e9 a reinterpreta\u00e7\u00e3o moderna do primeiro hotel de luxo da cidade. Com 81 quartos e uma su\u00edte espetacular de 110 metros quadrados, o hotel \u00e9 um ref\u00fagio de sofistica\u00e7\u00e3o e conforto, onde a hist\u00f3ria encontra a modernidade.<\/p>\t\t\t\t\t\t<\/div>\n\t\t\t\t<\/div>\n\t\t\t\t<div class=\"elementor-element elementor-element-b658804 elementor-widget-divider--view-line elementor-widget elementor-widget-divider\" data-id=\"b658804\" data-element_type=\"widget\" data-widget_type=\"divider.default\">\n\t\t\t\t<div class=\"elementor-widget-container\">\n\t\t\t\t\t<div class=\"elementor-divider\">\n\t\t\t<span class=\"elementor-divider-separator\">\n\t\t\t\t\t\t<\/span>\n\t\t<\/div>\n\t\t\t\t<\/div>\n\t\t\t\t<\/div>\n\t\t\t\t\t<\/div>\n\t\t\t\t<\/div>\n\t\t<div class=\"elementor-element elementor-element-d649153 e-flex e-con-boxed e-con e-parent\" data-id=\"d649153\" data-element_type=\"container\" data-settings=\"{&quot;content_width&quot;:&quot;boxed&quot;}\" data-core-v316-plus=\"true\">\n\t\t\t\t\t<div class=\"e-con-inner\">\n\t\t\t\t<div class=\"elementor-element elementor-element-f5f4349 elementor-widget elementor-widget-heading\" data-id=\"f5f4349\" data-element_type=\"widget\" data-widget_type=\"heading.default\">\n\t\t\t\t<div class=\"elementor-widget-container\">\n\t\t\t<h2 class=\"elementor-heading-title elementor-size-large\">Wish Hotel da Bahia\u2b50\u2b50\u2b50\u2b50\u2b50 - Um \u00cdcone Reimaginado<\/h2>\t\t<\/div>\n\t\t\t\t<\/div>\n\t\t\t\t<div class=\"elementor-element elementor-element-3b68223 elementor-arrows-position-inside elementor-pagination-position-outside elementor-widget elementor-widget-image-carousel\" data-id=\"3b68223\" data-element_type=\"widget\" data-settings=\"{&quot;slides_to_show&quot;:&quot;2&quot;,&quot;navigation&quot;:&quot;both&quot;,&quot;autoplay&quot;:&quot;yes&quot;,&quot;pause_on_hover&quot;:&quot;yes&quot;,&quot;pause_on_interaction&quot;:&quot;yes&quot;,&quot;autoplay_speed&quot;:5000,&quot;infinite&quot;:&quot;yes&quot;,&quot;speed&quot;:500}\" data-widget_type=\"image-carousel.default\">\n\t\t\t\t<div class=\"elementor-widget-container\">\n\t\t\t\t\t<div class=\"elementor-image-carousel-wrapper swiper-container\" dir=\"ltr\">\n\t\t\t<div class=\"elementor-image-carousel swiper-wrapper\" aria-live=\"off\">\n\t\t\t\t\t\t\t\t<div class=\"swiper-slide\" role=\"group\" aria-roledescription=\"slide\" aria-label=\"1 of 6\"><figure class=\"swiper-slide-inner\"><img decoding=\"async\" class=\"swiper-slide-image\" src=\"https:\/\/www.blumarturismo.com.br\/blog\/wp-content\/uploads\/2023\/12\/pool_grd-15.jpg\" alt=\"Foto: Divulga\u00e7\u00e3o \/ Wish Hotel da Bahia\" \/><figcaption class=\"elementor-image-carousel-caption\">Foto: Divulga\u00e7\u00e3o \/ Wish Hotel da Bahia<\/figcaption><\/figure><\/div><div class=\"swiper-slide\" role=\"group\" aria-roledescription=\"slide\" aria-label=\"2 of 6\"><figure class=\"swiper-slide-inner\"><img decoding=\"async\" class=\"swiper-slide-image\" src=\"https:\/\/www.blumarturismo.com.br\/blog\/wp-content\/uploads\/2023\/12\/academia_grd-2.jpg\" alt=\"Foto: Divulga\u00e7\u00e3o \/ Wish Hotel da Bahia\" \/><figcaption class=\"elementor-image-carousel-caption\">Foto: Divulga\u00e7\u00e3o \/ Wish Hotel da Bahia<\/figcaption><\/figure><\/div><div class=\"swiper-slide\" role=\"group\" aria-roledescription=\"slide\" aria-label=\"3 of 6\"><figure class=\"swiper-slide-inner\"><img decoding=\"async\" class=\"swiper-slide-image\" src=\"https:\/\/www.blumarturismo.com.br\/blog\/wp-content\/uploads\/2023\/12\/area_externa_grd-5.jpg\" alt=\"Foto: Divulga\u00e7\u00e3o \/ Wish Hotel da Bahia\" \/><figcaption class=\"elementor-image-carousel-caption\">Foto: Divulga\u00e7\u00e3o \/ Wish Hotel da Bahia<\/figcaption><\/figure><\/div><div class=\"swiper-slide\" role=\"group\" aria-roledescription=\"slide\" aria-label=\"4 of 6\"><figure class=\"swiper-slide-inner\"><img decoding=\"async\" class=\"swiper-slide-image\" src=\"https:\/\/www.blumarturismo.com.br\/blog\/wp-content\/uploads\/2023\/12\/fachada_grd-16.jpg\" alt=\"Foto: Divulga\u00e7\u00e3o \/ Wish Hotel da Bahia\" \/><figcaption class=\"elementor-image-carousel-caption\">Foto: Divulga\u00e7\u00e3o \/ Wish Hotel da Bahia<\/figcaption><\/figure><\/div><div class=\"swiper-slide\" role=\"group\" aria-roledescription=\"slide\" aria-label=\"5 of 6\"><figure class=\"swiper-slide-inner\"><img decoding=\"async\" class=\"swiper-slide-image\" src=\"https:\/\/www.blumarturismo.com.br\/blog\/wp-content\/uploads\/2023\/12\/restaurant_grd-8.jpg\" alt=\"Foto: Divulga\u00e7\u00e3o \/ Wish Hotel da Bahia\" \/><figcaption class=\"elementor-image-carousel-caption\">Foto: Divulga\u00e7\u00e3o \/ Wish Hotel da Bahia<\/figcaption><\/figure><\/div><div class=\"swiper-slide\" role=\"group\" aria-roledescription=\"slide\" aria-label=\"6 of 6\"><figure class=\"swiper-slide-inner\"><img decoding=\"async\" class=\"swiper-slide-image\" src=\"https:\/\/www.blumarturismo.com.br\/blog\/wp-content\/uploads\/2023\/12\/room3_grd-1.jpg\" alt=\"Foto: Divulga\u00e7\u00e3o \/ Wish Hotel da Bahia\" \/><figcaption class=\"elementor-image-carousel-caption\">Foto: Divulga\u00e7\u00e3o \/ Wish Hotel da Bahia<\/figcaption><\/figure><\/div>\t\t\t<\/div>\n\t\t\t\t\t\t\t\t\t\t\t\t<div class=\"elementor-swiper-button elementor-swiper-button-prev\" role=\"button\" tabindex=\"0\">\n\t\t\t\t\t\t<svg aria-hidden=\"true\" class=\"e-font-icon-svg e-eicon-chevron-left\" viewBox=\"0 0 1000 1000\" xmlns=\"http:\/\/www.w3.org\/2000\/svg\"><path d=\"M646 125C629 125 613 133 604 142L308 442C296 454 292 471 292 487 292 504 296 521 308 533L604 854C617 867 629 875 646 875 663 875 679 871 692 858 704 846 713 829 713 812 713 796 708 779 692 767L438 487 692 225C700 217 708 204 708 187 708 171 704 154 692 142 675 129 663 125 646 125Z\"><\/path><\/svg>\t\t\t\t\t<\/div>\n\t\t\t\t\t<div class=\"elementor-swiper-button elementor-swiper-button-next\" role=\"button\" tabindex=\"0\">\n\t\t\t\t\t\t<svg aria-hidden=\"true\" class=\"e-font-icon-svg e-eicon-chevron-right\" viewBox=\"0 0 1000 1000\" xmlns=\"http:\/\/www.w3.org\/2000\/svg\"><path d=\"M696 533C708 521 713 504 713 487 713 471 708 454 696 446L400 146C388 133 375 125 354 125 338 125 325 129 313 142 300 154 292 171 292 187 292 204 296 221 308 233L563 492 304 771C292 783 288 800 288 817 288 833 296 850 308 863 321 871 338 875 354 875 371 875 388 867 400 854L696 533Z\"><\/path><\/svg>\t\t\t\t\t<\/div>\n\t\t\t\t\n\t\t\t\t\t\t\t\t\t<div class=\"swiper-pagination\"><\/div>\n\t\t\t\t\t\t\t\t\t<\/div>\n\t\t\t\t<\/div>\n\t\t\t\t<\/div>\n\t\t\t\t<div class=\"elementor-element elementor-element-777d1b7 elementor-widget elementor-widget-text-editor\" data-id=\"777d1b7\" data-element_type=\"widget\" data-widget_type=\"text-editor.default\">\n\t\t\t\t<div class=\"elementor-widget-container\">\n\t\t\t\t\t\t\t<p data-pm-slice=\"1 1 []\">O Wish Hotel da Bahia, reaberto em 2013, possui uma impressionante cole\u00e7\u00e3o de 400 apartamentos, incluindo uma su\u00edte presidencial de 300 metros quadrados. Este hotel n\u00e3o \u00e9 apenas um lugar para dormir, mas um marco hist\u00f3rico que oferece uma experi\u00eancia de hospedagem \u00fanica.<\/p>\t\t\t\t\t\t<\/div>\n\t\t\t\t<\/div>\n\t\t\t\t<div class=\"elementor-element elementor-element-f5674a0 elementor-widget-divider--view-line elementor-widget elementor-widget-divider\" data-id=\"f5674a0\" data-element_type=\"widget\" data-widget_type=\"divider.default\">\n\t\t\t\t<div class=\"elementor-widget-container\">\n\t\t\t\t\t<div class=\"elementor-divider\">\n\t\t\t<span class=\"elementor-divider-separator\">\n\t\t\t\t\t\t<\/span>\n\t\t<\/div>\n\t\t\t\t<\/div>\n\t\t\t\t<\/div>\n\t\t\t\t\t<\/div>\n\t\t\t\t<\/div>\n\t\t<div class=\"elementor-element elementor-element-6decd0e e-flex e-con-boxed e-con e-parent\" data-id=\"6decd0e\" data-element_type=\"container\" data-settings=\"{&quot;content_width&quot;:&quot;boxed&quot;}\" data-core-v316-plus=\"true\">\n\t\t\t\t\t<div class=\"e-con-inner\">\n\t\t\t\t<div class=\"elementor-element elementor-element-4a918e8 elementor-widget elementor-widget-heading\" data-id=\"4a918e8\" data-element_type=\"widget\" data-widget_type=\"heading.default\">\n\t\t\t\t<div class=\"elementor-widget-container\">\n\t\t\t<h2 class=\"elementor-heading-title elementor-size-large\">La Villa Bahia \u2b50 \u2b50 \u2b50 \u2b50  - Cor e Alegria no Pelourinho<\/h2>\t\t<\/div>\n\t\t\t\t<\/div>\n\t\t\t\t<div class=\"elementor-element elementor-element-e6f67b8 elementor-arrows-position-inside elementor-pagination-position-outside elementor-widget elementor-widget-image-carousel\" data-id=\"e6f67b8\" data-element_type=\"widget\" data-settings=\"{&quot;slides_to_show&quot;:&quot;2&quot;,&quot;navigation&quot;:&quot;both&quot;,&quot;autoplay&quot;:&quot;yes&quot;,&quot;pause_on_hover&quot;:&quot;yes&quot;,&quot;pause_on_interaction&quot;:&quot;yes&quot;,&quot;autoplay_speed&quot;:5000,&quot;infinite&quot;:&quot;yes&quot;,&quot;speed&quot;:500}\" data-widget_type=\"image-carousel.default\">\n\t\t\t\t<div class=\"elementor-widget-container\">\n\t\t\t\t\t<div class=\"elementor-image-carousel-wrapper swiper-container\" dir=\"ltr\">\n\t\t\t<div class=\"elementor-image-carousel swiper-wrapper\" aria-live=\"off\">\n\t\t\t\t\t\t\t\t<div class=\"swiper-slide\" role=\"group\" aria-roledescription=\"slide\" aria-label=\"1 of 6\"><figure class=\"swiper-slide-inner\"><img decoding=\"async\" class=\"swiper-slide-image\" src=\"https:\/\/www.blumarturismo.com.br\/blog\/wp-content\/uploads\/2023\/12\/fachadas_grd-1.jpg\" alt=\"Foto: Divulga\u00e7\u00e3o \/ La Villa Bahia\" \/><figcaption class=\"elementor-image-carousel-caption\">Foto: Divulga\u00e7\u00e3o \/ La Villa Bahia<\/figcaption><\/figure><\/div><div class=\"swiper-slide\" role=\"group\" aria-roledescription=\"slide\" aria-label=\"2 of 6\"><figure class=\"swiper-slide-inner\"><img decoding=\"async\" class=\"swiper-slide-image\" src=\"https:\/\/www.blumarturismo.com.br\/blog\/wp-content\/uploads\/2023\/12\/detalhe_quartos3_grd-1.jpg\" alt=\"Foto: Divulga\u00e7\u00e3o \/ La Villa Bahia\" \/><figcaption class=\"elementor-image-carousel-caption\">Foto: Divulga\u00e7\u00e3o \/ La Villa Bahia<\/figcaption><\/figure><\/div><div class=\"swiper-slide\" role=\"group\" aria-roledescription=\"slide\" aria-label=\"3 of 6\"><figure class=\"swiper-slide-inner\"><img decoding=\"async\" class=\"swiper-slide-image\" src=\"https:\/\/www.blumarturismo.com.br\/blog\/wp-content\/uploads\/2023\/12\/detalhes5_grd-1.jpg\" alt=\"Foto: Divulga\u00e7\u00e3o \/ La Villa Bahia\" \/><figcaption class=\"elementor-image-carousel-caption\">Foto: Divulga\u00e7\u00e3o \/ La Villa Bahia<\/figcaption><\/figure><\/div><div class=\"swiper-slide\" role=\"group\" aria-roledescription=\"slide\" aria-label=\"4 of 6\"><figure class=\"swiper-slide-inner\"><img decoding=\"async\" class=\"swiper-slide-image\" src=\"https:\/\/www.blumarturismo.com.br\/blog\/wp-content\/uploads\/2023\/12\/externo_cafe_manha_grd-1.jpg\" alt=\"Foto: Divulga\u00e7\u00e3o \/ La Villa Bahia\" \/><figcaption class=\"elementor-image-carousel-caption\">Foto: Divulga\u00e7\u00e3o \/ La Villa Bahia<\/figcaption><\/figure><\/div><div class=\"swiper-slide\" role=\"group\" aria-roledescription=\"slide\" aria-label=\"5 of 6\"><figure class=\"swiper-slide-inner\"><img decoding=\"async\" class=\"swiper-slide-image\" src=\"https:\/\/www.blumarturismo.com.br\/blog\/wp-content\/uploads\/2023\/12\/quartos3_grd.jpg\" alt=\"Foto: Divulga\u00e7\u00e3o \/ La Villa Bahia\" \/><figcaption class=\"elementor-image-carousel-caption\">Foto: Divulga\u00e7\u00e3o \/ La Villa Bahia<\/figcaption><\/figure><\/div><div class=\"swiper-slide\" role=\"group\" aria-roledescription=\"slide\" aria-label=\"6 of 6\"><figure class=\"swiper-slide-inner\"><img decoding=\"async\" class=\"swiper-slide-image\" src=\"https:\/\/www.blumarturismo.com.br\/blog\/wp-content\/uploads\/2023\/12\/sala_detalhe_grd.jpg\" alt=\"Foto: Divulga\u00e7\u00e3o \/ La Villa Bahia\" \/><figcaption class=\"elementor-image-carousel-caption\">Foto: Divulga\u00e7\u00e3o \/ La Villa Bahia<\/figcaption><\/figure><\/div>\t\t\t<\/div>\n\t\t\t\t\t\t\t\t\t\t\t\t<div class=\"elementor-swiper-button elementor-swiper-button-prev\" role=\"button\" tabindex=\"0\">\n\t\t\t\t\t\t<svg aria-hidden=\"true\" class=\"e-font-icon-svg e-eicon-chevron-left\" viewBox=\"0 0 1000 1000\" xmlns=\"http:\/\/www.w3.org\/2000\/svg\"><path d=\"M646 125C629 125 613 133 604 142L308 442C296 454 292 471 292 487 292 504 296 521 308 533L604 854C617 867 629 875 646 875 663 875 679 871 692 858 704 846 713 829 713 812 713 796 708 779 692 767L438 487 692 225C700 217 708 204 708 187 708 171 704 154 692 142 675 129 663 125 646 125Z\"><\/path><\/svg>\t\t\t\t\t<\/div>\n\t\t\t\t\t<div class=\"elementor-swiper-button elementor-swiper-button-next\" role=\"button\" tabindex=\"0\">\n\t\t\t\t\t\t<svg aria-hidden=\"true\" class=\"e-font-icon-svg e-eicon-chevron-right\" viewBox=\"0 0 1000 1000\" xmlns=\"http:\/\/www.w3.org\/2000\/svg\"><path d=\"M696 533C708 521 713 504 713 487 713 471 708 454 696 446L400 146C388 133 375 125 354 125 338 125 325 129 313 142 300 154 292 171 292 187 292 204 296 221 308 233L563 492 304 771C292 783 288 800 288 817 288 833 296 850 308 863 321 871 338 875 354 875 371 875 388 867 400 854L696 533Z\"><\/path><\/svg>\t\t\t\t\t<\/div>\n\t\t\t\t\n\t\t\t\t\t\t\t\t\t<div class=\"swiper-pagination\"><\/div>\n\t\t\t\t\t\t\t\t\t<\/div>\n\t\t\t\t<\/div>\n\t\t\t\t<\/div>\n\t\t\t\t<div class=\"elementor-element elementor-element-27b4911 elementor-widget elementor-widget-text-editor\" data-id=\"27b4911\" data-element_type=\"widget\" data-widget_type=\"text-editor.default\">\n\t\t\t\t<div class=\"elementor-widget-container\">\n\t\t\t\t\t\t\t<p data-pm-slice=\"1 1 []\">No cora\u00e7\u00e3o do Pelourinho, La Villa Bahia encanta com seus 17 quartos, cada um decorado de forma \u00fanica, vibrante e colorida. Este hotel \u00e9 uma celebra\u00e7\u00e3o da cultura e arte baianas, imerso na hist\u00f3ria e na energia do centro hist\u00f3rico de Salvador.<\/p>\t\t\t\t\t\t<\/div>\n\t\t\t\t<\/div>\n\t\t\t\t<div class=\"elementor-element elementor-element-d987d53 elementor-widget-divider--view-line elementor-widget elementor-widget-divider\" data-id=\"d987d53\" data-element_type=\"widget\" data-widget_type=\"divider.default\">\n\t\t\t\t<div class=\"elementor-widget-container\">\n\t\t\t\t\t<div class=\"elementor-divider\">\n\t\t\t<span class=\"elementor-divider-separator\">\n\t\t\t\t\t\t<\/span>\n\t\t<\/div>\n\t\t\t\t<\/div>\n\t\t\t\t<\/div>\n\t\t\t\t\t<\/div>\n\t\t\t\t<\/div>\n\t\t<div class=\"elementor-element elementor-element-eb46aef e-flex e-con-boxed e-con e-parent\" data-id=\"eb46aef\" data-element_type=\"container\" data-settings=\"{&quot;content_width&quot;:&quot;boxed&quot;}\" data-core-v316-plus=\"true\">\n\t\t\t\t\t<div class=\"e-con-inner\">\n\t\t\t\t<div class=\"elementor-element elementor-element-952227d elementor-widget elementor-widget-heading\" data-id=\"952227d\" data-element_type=\"widget\" data-widget_type=\"heading.default\">\n\t\t\t\t<div class=\"elementor-widget-container\">\n\t\t\t<h2 class=\"elementor-heading-title elementor-size-large\">Tivoli Ecoresort Praia do Forte \u2b50 \u2b50 \u2b50 \u2b50  - Natureza e Luxo Integrados<\/h2>\t\t<\/div>\n\t\t\t\t<\/div>\n\t\t\t\t<div class=\"elementor-element elementor-element-66f7fc3 elementor-arrows-position-inside elementor-pagination-position-outside elementor-widget elementor-widget-image-carousel\" data-id=\"66f7fc3\" data-element_type=\"widget\" data-settings=\"{&quot;slides_to_show&quot;:&quot;2&quot;,&quot;navigation&quot;:&quot;both&quot;,&quot;autoplay&quot;:&quot;yes&quot;,&quot;pause_on_hover&quot;:&quot;yes&quot;,&quot;pause_on_interaction&quot;:&quot;yes&quot;,&quot;autoplay_speed&quot;:5000,&quot;infinite&quot;:&quot;yes&quot;,&quot;speed&quot;:500}\" data-widget_type=\"image-carousel.default\">\n\t\t\t\t<div class=\"elementor-widget-container\">\n\t\t\t\t\t<div class=\"elementor-image-carousel-wrapper swiper-container\" dir=\"ltr\">\n\t\t\t<div class=\"elementor-image-carousel swiper-wrapper\" aria-live=\"off\">\n\t\t\t\t\t\t\t\t<div class=\"swiper-slide\" role=\"group\" aria-roledescription=\"slide\" aria-label=\"1 of 5\"><figure class=\"swiper-slide-inner\"><img decoding=\"async\" class=\"swiper-slide-image\" src=\"https:\/\/www.blumarturismo.com.br\/blog\/wp-content\/uploads\/2023\/12\/188127464.jpg\" alt=\"Foto: Divulga\u00e7\u00e3o \/ Tivoli Ecoresort Praia do Forte\" \/><figcaption class=\"elementor-image-carousel-caption\">Foto: Divulga\u00e7\u00e3o \/ Tivoli Ecoresort Praia do Forte<\/figcaption><\/figure><\/div><div class=\"swiper-slide\" role=\"group\" aria-roledescription=\"slide\" aria-label=\"2 of 5\"><figure class=\"swiper-slide-inner\"><img decoding=\"async\" class=\"swiper-slide-image\" src=\"https:\/\/www.blumarturismo.com.br\/blog\/wp-content\/uploads\/2023\/12\/188127447.jpg\" alt=\"Foto: Divulga\u00e7\u00e3o \/ Tivoli Ecoresort Praia do Forte\" \/><figcaption class=\"elementor-image-carousel-caption\">Foto: Divulga\u00e7\u00e3o \/ Tivoli Ecoresort Praia do Forte<\/figcaption><\/figure><\/div><div class=\"swiper-slide\" role=\"group\" aria-roledescription=\"slide\" aria-label=\"3 of 5\"><figure class=\"swiper-slide-inner\"><img decoding=\"async\" class=\"swiper-slide-image\" src=\"https:\/\/www.blumarturismo.com.br\/blog\/wp-content\/uploads\/2023\/12\/107450597.jpg\" alt=\"Foto: Divulga\u00e7\u00e3o \/ Tivoli Ecoresort Praia do Forte\" \/><figcaption class=\"elementor-image-carousel-caption\">Foto: Divulga\u00e7\u00e3o \/ Tivoli Ecoresort Praia do Forte<\/figcaption><\/figure><\/div><div class=\"swiper-slide\" role=\"group\" aria-roledescription=\"slide\" aria-label=\"4 of 5\"><figure class=\"swiper-slide-inner\"><img decoding=\"async\" class=\"swiper-slide-image\" src=\"https:\/\/www.blumarturismo.com.br\/blog\/wp-content\/uploads\/2023\/12\/120113389.jpg\" alt=\"Foto: Divulga\u00e7\u00e3o \/ Tivoli Ecoresort Praia do Forte\" \/><figcaption class=\"elementor-image-carousel-caption\">Foto: Divulga\u00e7\u00e3o \/ Tivoli Ecoresort Praia do Forte<\/figcaption><\/figure><\/div><div class=\"swiper-slide\" role=\"group\" aria-roledescription=\"slide\" aria-label=\"5 of 5\"><figure class=\"swiper-slide-inner\"><img decoding=\"async\" class=\"swiper-slide-image\" src=\"https:\/\/www.blumarturismo.com.br\/blog\/wp-content\/uploads\/2023\/12\/120113397.jpg\" alt=\"Foto: Divulga\u00e7\u00e3o \/ Tivoli Ecoresort Praia do Forte\" \/><figcaption class=\"elementor-image-carousel-caption\">Foto: Divulga\u00e7\u00e3o \/ Tivoli Ecoresort Praia do Forte<\/figcaption><\/figure><\/div>\t\t\t<\/div>\n\t\t\t\t\t\t\t\t\t\t\t\t<div class=\"elementor-swiper-button elementor-swiper-button-prev\" role=\"button\" tabindex=\"0\">\n\t\t\t\t\t\t<svg aria-hidden=\"true\" class=\"e-font-icon-svg e-eicon-chevron-left\" viewBox=\"0 0 1000 1000\" xmlns=\"http:\/\/www.w3.org\/2000\/svg\"><path d=\"M646 125C629 125 613 133 604 142L308 442C296 454 292 471 292 487 292 504 296 521 308 533L604 854C617 867 629 875 646 875 663 875 679 871 692 858 704 846 713 829 713 812 713 796 708 779 692 767L438 487 692 225C700 217 708 204 708 187 708 171 704 154 692 142 675 129 663 125 646 125Z\"><\/path><\/svg>\t\t\t\t\t<\/div>\n\t\t\t\t\t<div class=\"elementor-swiper-button elementor-swiper-button-next\" role=\"button\" tabindex=\"0\">\n\t\t\t\t\t\t<svg aria-hidden=\"true\" class=\"e-font-icon-svg e-eicon-chevron-right\" viewBox=\"0 0 1000 1000\" xmlns=\"http:\/\/www.w3.org\/2000\/svg\"><path d=\"M696 533C708 521 713 504 713 487 713 471 708 454 696 446L400 146C388 133 375 125 354 125 338 125 325 129 313 142 300 154 292 171 292 187 292 204 296 221 308 233L563 492 304 771C292 783 288 800 288 817 288 833 296 850 308 863 321 871 338 875 354 875 371 875 388 867 400 854L696 533Z\"><\/path><\/svg>\t\t\t\t\t<\/div>\n\t\t\t\t\n\t\t\t\t\t\t\t\t\t<div class=\"swiper-pagination\"><\/div>\n\t\t\t\t\t\t\t\t\t<\/div>\n\t\t\t\t<\/div>\n\t\t\t\t<\/div>\n\t\t\t\t<div class=\"elementor-element elementor-element-7ff5311 elementor-widget elementor-widget-text-editor\" data-id=\"7ff5311\" data-element_type=\"widget\" data-widget_type=\"text-editor.default\">\n\t\t\t\t<div class=\"elementor-widget-container\">\n\t\t\t\t\t\t\t<p data-pm-slice=\"1 1 []\">Situado em Mata de S\u00e3o Jo\u00e3o, o Tivoli Ecoresort Praia do Forte \u00e9 um santu\u00e1rio de luxo e bem-estar. Com 287 quartos, este resort combina a beleza natural da Bahia com instala\u00e7\u00f5es de primeira linha, oferecendo uma experi\u00eancia de hospedagem inesquec\u00edvel.<\/p>\t\t\t\t\t\t<\/div>\n\t\t\t\t<\/div>\n\t\t\t\t<div class=\"elementor-element elementor-element-d664be0 elementor-widget-divider--view-line elementor-widget elementor-widget-divider\" data-id=\"d664be0\" data-element_type=\"widget\" data-widget_type=\"divider.default\">\n\t\t\t\t<div class=\"elementor-widget-container\">\n\t\t\t\t\t<div class=\"elementor-divider\">\n\t\t\t<span class=\"elementor-divider-separator\">\n\t\t\t\t\t\t<\/span>\n\t\t<\/div>\n\t\t\t\t<\/div>\n\t\t\t\t<\/div>\n\t\t\t\t\t<\/div>\n\t\t\t\t<\/div>\n\t\t<div class=\"elementor-element elementor-element-a817369 e-flex e-con-boxed e-con e-parent\" data-id=\"a817369\" data-element_type=\"container\" data-settings=\"{&quot;content_width&quot;:&quot;boxed&quot;}\" data-core-v316-plus=\"true\">\n\t\t\t\t\t<div class=\"e-con-inner\">\n\t\t\t\t<div class=\"elementor-element elementor-element-70210e7 elementor-widget elementor-widget-heading\" data-id=\"70210e7\" data-element_type=\"widget\" data-widget_type=\"heading.default\">\n\t\t\t\t<div class=\"elementor-widget-container\">\n\t\t\t<h2 class=\"elementor-heading-title elementor-size-large\">Pousada Ref\u00fagio da Vila, Praia do Forte \u2b50  \u2b50\u2b50  - Um O\u00e1sis de Tranquilidade<\/h2>\t\t<\/div>\n\t\t\t\t<\/div>\n\t\t\t\t<div class=\"elementor-element elementor-element-66a6fb7 elementor-arrows-position-inside elementor-pagination-position-outside elementor-widget elementor-widget-image-carousel\" data-id=\"66a6fb7\" data-element_type=\"widget\" data-settings=\"{&quot;slides_to_show&quot;:&quot;2&quot;,&quot;navigation&quot;:&quot;both&quot;,&quot;autoplay&quot;:&quot;yes&quot;,&quot;pause_on_hover&quot;:&quot;yes&quot;,&quot;pause_on_interaction&quot;:&quot;yes&quot;,&quot;autoplay_speed&quot;:5000,&quot;infinite&quot;:&quot;yes&quot;,&quot;speed&quot;:500}\" data-widget_type=\"image-carousel.default\">\n\t\t\t\t<div class=\"elementor-widget-container\">\n\t\t\t\t\t<div class=\"elementor-image-carousel-wrapper swiper-container\" dir=\"ltr\">\n\t\t\t<div class=\"elementor-image-carousel swiper-wrapper\" aria-live=\"off\">\n\t\t\t\t\t\t\t\t<div class=\"swiper-slide\" role=\"group\" aria-roledescription=\"slide\" aria-label=\"1 of 7\"><figure class=\"swiper-slide-inner\"><img decoding=\"async\" class=\"swiper-slide-image\" src=\"https:\/\/www.blumarturismo.com.br\/blog\/wp-content\/uploads\/2023\/12\/483344336.jpg\" alt=\"Foto: Divulga\u00e7\u00e3o \/ Pousada Ref\u00fagio da Vila\" \/><figcaption class=\"elementor-image-carousel-caption\">Foto: Divulga\u00e7\u00e3o \/ Pousada Ref\u00fagio da Vila<\/figcaption><\/figure><\/div><div class=\"swiper-slide\" role=\"group\" aria-roledescription=\"slide\" aria-label=\"2 of 7\"><figure class=\"swiper-slide-inner\"><img decoding=\"async\" class=\"swiper-slide-image\" src=\"https:\/\/www.blumarturismo.com.br\/blog\/wp-content\/uploads\/2023\/12\/43099372-1.jpg\" alt=\"Foto: Divulga\u00e7\u00e3o \/ Pousada Ref\u00fagio da Vila\" \/><figcaption class=\"elementor-image-carousel-caption\">Foto: Divulga\u00e7\u00e3o \/ Pousada Ref\u00fagio da Vila<\/figcaption><\/figure><\/div><div class=\"swiper-slide\" role=\"group\" aria-roledescription=\"slide\" aria-label=\"3 of 7\"><figure class=\"swiper-slide-inner\"><img decoding=\"async\" class=\"swiper-slide-image\" src=\"https:\/\/www.blumarturismo.com.br\/blog\/wp-content\/uploads\/2023\/12\/43094306.jpg\" alt=\"Foto: Divulga\u00e7\u00e3o \/ Pousada Ref\u00fagio da Vila\" \/><figcaption class=\"elementor-image-carousel-caption\">Foto: Divulga\u00e7\u00e3o \/ Pousada Ref\u00fagio da Vila<\/figcaption><\/figure><\/div><div class=\"swiper-slide\" role=\"group\" aria-roledescription=\"slide\" aria-label=\"4 of 7\"><figure class=\"swiper-slide-inner\"><img decoding=\"async\" class=\"swiper-slide-image\" src=\"https:\/\/www.blumarturismo.com.br\/blog\/wp-content\/uploads\/2023\/12\/43094750.jpg\" alt=\"Foto: Divulga\u00e7\u00e3o \/ Pousada Ref\u00fagio da Vila\" \/><figcaption class=\"elementor-image-carousel-caption\">Foto: Divulga\u00e7\u00e3o \/ Pousada Ref\u00fagio da Vila<\/figcaption><\/figure><\/div><div class=\"swiper-slide\" role=\"group\" aria-roledescription=\"slide\" aria-label=\"5 of 7\"><figure class=\"swiper-slide-inner\"><img decoding=\"async\" class=\"swiper-slide-image\" src=\"https:\/\/www.blumarturismo.com.br\/blog\/wp-content\/uploads\/2023\/12\/43099372-1-1.jpg\" alt=\"Foto: Divulga\u00e7\u00e3o \/ Pousada Ref\u00fagio da Vila\" \/><figcaption class=\"elementor-image-carousel-caption\">Foto: Divulga\u00e7\u00e3o \/ Pousada Ref\u00fagio da Vila<\/figcaption><\/figure><\/div><div class=\"swiper-slide\" role=\"group\" aria-roledescription=\"slide\" aria-label=\"6 of 7\"><figure class=\"swiper-slide-inner\"><img decoding=\"async\" class=\"swiper-slide-image\" src=\"https:\/\/www.blumarturismo.com.br\/blog\/wp-content\/uploads\/2023\/12\/43099767.jpg\" alt=\"Foto: Divulga\u00e7\u00e3o \/ Pousada Ref\u00fagio da Vila\" \/><figcaption class=\"elementor-image-carousel-caption\">Foto: Divulga\u00e7\u00e3o \/ Pousada Ref\u00fagio da Vila<\/figcaption><\/figure><\/div><div class=\"swiper-slide\" role=\"group\" aria-roledescription=\"slide\" aria-label=\"7 of 7\"><figure class=\"swiper-slide-inner\"><img decoding=\"async\" class=\"swiper-slide-image\" src=\"https:\/\/www.blumarturismo.com.br\/blog\/wp-content\/uploads\/2023\/12\/483344343.jpg\" alt=\"Foto: Divulga\u00e7\u00e3o \/ Pousada Ref\u00fagio da Vila\" \/><figcaption class=\"elementor-image-carousel-caption\">Foto: Divulga\u00e7\u00e3o \/ Pousada Ref\u00fagio da Vila<\/figcaption><\/figure><\/div>\t\t\t<\/div>\n\t\t\t\t\t\t\t\t\t\t\t\t<div class=\"elementor-swiper-button elementor-swiper-button-prev\" role=\"button\" tabindex=\"0\">\n\t\t\t\t\t\t<svg aria-hidden=\"true\" class=\"e-font-icon-svg e-eicon-chevron-left\" viewBox=\"0 0 1000 1000\" xmlns=\"http:\/\/www.w3.org\/2000\/svg\"><path d=\"M646 125C629 125 613 133 604 142L308 442C296 454 292 471 292 487 292 504 296 521 308 533L604 854C617 867 629 875 646 875 663 875 679 871 692 858 704 846 713 829 713 812 713 796 708 779 692 767L438 487 692 225C700 217 708 204 708 187 708 171 704 154 692 142 675 129 663 125 646 125Z\"><\/path><\/svg>\t\t\t\t\t<\/div>\n\t\t\t\t\t<div class=\"elementor-swiper-button elementor-swiper-button-next\" role=\"button\" tabindex=\"0\">\n\t\t\t\t\t\t<svg aria-hidden=\"true\" class=\"e-font-icon-svg e-eicon-chevron-right\" viewBox=\"0 0 1000 1000\" xmlns=\"http:\/\/www.w3.org\/2000\/svg\"><path d=\"M696 533C708 521 713 504 713 487 713 471 708 454 696 446L400 146C388 133 375 125 354 125 338 125 325 129 313 142 300 154 292 171 292 187 292 204 296 221 308 233L563 492 304 771C292 783 288 800 288 817 288 833 296 850 308 863 321 871 338 875 354 875 371 875 388 867 400 854L696 533Z\"><\/path><\/svg>\t\t\t\t\t<\/div>\n\t\t\t\t\n\t\t\t\t\t\t\t\t\t<div class=\"swiper-pagination\"><\/div>\n\t\t\t\t\t\t\t\t\t<\/div>\n\t\t\t\t<\/div>\n\t\t\t\t<\/div>\n\t\t\t\t<div class=\"elementor-element elementor-element-97ca330 elementor-widget elementor-widget-text-editor\" data-id=\"97ca330\" data-element_type=\"widget\" data-widget_type=\"text-editor.default\">\n\t\t\t\t<div class=\"elementor-widget-container\">\n\t\t\t\t\t\t\t<p data-pm-slice=\"1 1 []\">Com suas 30 su\u00edtes, a Pousada Ref\u00fagio da Vila na Praia do Forte \u00e9 um verdadeiro ref\u00fagio de paz e serenidade. Este estabelecimento acolhedor proporciona uma experi\u00eancia \u00edntima e confort\u00e1vel, perfeita para relaxar e se desconectar do mundo exterior.<\/p>\t\t\t\t\t\t<\/div>\n\t\t\t\t<\/div>\n\t\t\t\t<div class=\"elementor-element elementor-element-77cce36 elementor-widget-divider--view-line elementor-widget elementor-widget-divider\" data-id=\"77cce36\" data-element_type=\"widget\" data-widget_type=\"divider.default\">\n\t\t\t\t<div class=\"elementor-widget-container\">\n\t\t\t\t\t<div class=\"elementor-divider\">\n\t\t\t<span class=\"elementor-divider-separator\">\n\t\t\t\t\t\t<\/span>\n\t\t<\/div>\n\t\t\t\t<\/div>\n\t\t\t\t<\/div>\n\t\t\t\t\t<\/div>\n\t\t\t\t<\/div>\n\t\t<div class=\"elementor-element elementor-element-097105a e-flex e-con-boxed e-con e-parent\" data-id=\"097105a\" data-element_type=\"container\" data-settings=\"{&quot;content_width&quot;:&quot;boxed&quot;}\" data-core-v316-plus=\"true\">\n\t\t\t\t\t<div class=\"e-con-inner\">\n\t\t\t\t<div class=\"elementor-element elementor-element-8ac20f4 elementor-widget elementor-widget-heading\" data-id=\"8ac20f4\" data-element_type=\"widget\" data-widget_type=\"heading.default\">\n\t\t\t\t<div class=\"elementor-widget-container\">\n\t\t\t<h2 class=\"elementor-heading-title elementor-size-large\">Hotel Vila dos Orix\u00e1s, Morro de S\u00e3o Paulo \u2b50\u2b50\u2b50\u2b50- Beleza e Privacidade<\/h2>\t\t<\/div>\n\t\t\t\t<\/div>\n\t\t\t\t<div class=\"elementor-element elementor-element-1d92473 elementor-arrows-position-inside elementor-pagination-position-outside elementor-widget elementor-widget-image-carousel\" data-id=\"1d92473\" data-element_type=\"widget\" data-settings=\"{&quot;slides_to_show&quot;:&quot;2&quot;,&quot;navigation&quot;:&quot;both&quot;,&quot;autoplay&quot;:&quot;yes&quot;,&quot;pause_on_hover&quot;:&quot;yes&quot;,&quot;pause_on_interaction&quot;:&quot;yes&quot;,&quot;autoplay_speed&quot;:5000,&quot;infinite&quot;:&quot;yes&quot;,&quot;speed&quot;:500}\" data-widget_type=\"image-carousel.default\">\n\t\t\t\t<div class=\"elementor-widget-container\">\n\t\t\t\t\t<div class=\"elementor-image-carousel-wrapper swiper-container\" dir=\"ltr\">\n\t\t\t<div class=\"elementor-image-carousel swiper-wrapper\" aria-live=\"off\">\n\t\t\t\t\t\t\t\t<div class=\"swiper-slide\" role=\"group\" aria-roledescription=\"slide\" aria-label=\"1 of 6\"><figure class=\"swiper-slide-inner\"><img decoding=\"async\" class=\"swiper-slide-image\" src=\"https:\/\/www.blumarturismo.com.br\/blog\/wp-content\/uploads\/2023\/12\/68308684.jpg\" alt=\"Foto: Divulga\u00e7\u00e3o \/ Hotel Vila dos Orix\u00e1s\" \/><figcaption class=\"elementor-image-carousel-caption\">Foto: Divulga\u00e7\u00e3o \/ Hotel Vila dos Orix\u00e1s<\/figcaption><\/figure><\/div><div class=\"swiper-slide\" role=\"group\" aria-roledescription=\"slide\" aria-label=\"2 of 6\"><figure class=\"swiper-slide-inner\"><img decoding=\"async\" class=\"swiper-slide-image\" src=\"https:\/\/www.blumarturismo.com.br\/blog\/wp-content\/uploads\/2023\/12\/172318385.jpg\" alt=\"Foto: Divulga\u00e7\u00e3o \/ Hotel Vila dos Orix\u00e1s\" \/><figcaption class=\"elementor-image-carousel-caption\">Foto: Divulga\u00e7\u00e3o \/ Hotel Vila dos Orix\u00e1s<\/figcaption><\/figure><\/div><div class=\"swiper-slide\" role=\"group\" aria-roledescription=\"slide\" aria-label=\"3 of 6\"><figure class=\"swiper-slide-inner\"><img decoding=\"async\" class=\"swiper-slide-image\" src=\"https:\/\/www.blumarturismo.com.br\/blog\/wp-content\/uploads\/2023\/12\/172322023.jpg\" alt=\"Foto: Divulga\u00e7\u00e3o \/ Hotel Vila dos Orix\u00e1s\" \/><figcaption class=\"elementor-image-carousel-caption\">Foto: Divulga\u00e7\u00e3o \/ Hotel Vila dos Orix\u00e1s<\/figcaption><\/figure><\/div><div class=\"swiper-slide\" role=\"group\" aria-roledescription=\"slide\" aria-label=\"4 of 6\"><figure class=\"swiper-slide-inner\"><img decoding=\"async\" class=\"swiper-slide-image\" src=\"https:\/\/www.blumarturismo.com.br\/blog\/wp-content\/uploads\/2023\/12\/172324848.jpg\" alt=\"Foto: Divulga\u00e7\u00e3o \/ Hotel Vila dos Orix\u00e1s\" \/><figcaption class=\"elementor-image-carousel-caption\">Foto: Divulga\u00e7\u00e3o \/ Hotel Vila dos Orix\u00e1s<\/figcaption><\/figure><\/div><div class=\"swiper-slide\" role=\"group\" aria-roledescription=\"slide\" aria-label=\"5 of 6\"><figure class=\"swiper-slide-inner\"><img decoding=\"async\" class=\"swiper-slide-image\" src=\"https:\/\/www.blumarturismo.com.br\/blog\/wp-content\/uploads\/2023\/12\/444965913.jpg\" alt=\"Foto: Divulga\u00e7\u00e3o \/ Hotel Vila dos Orix\u00e1s\" \/><figcaption class=\"elementor-image-carousel-caption\">Foto: Divulga\u00e7\u00e3o \/ Hotel Vila dos Orix\u00e1s<\/figcaption><\/figure><\/div><div class=\"swiper-slide\" role=\"group\" aria-roledescription=\"slide\" aria-label=\"6 of 6\"><figure class=\"swiper-slide-inner\"><img decoding=\"async\" class=\"swiper-slide-image\" src=\"https:\/\/www.blumarturismo.com.br\/blog\/wp-content\/uploads\/2023\/12\/444966390.jpg\" alt=\"Foto: Divulga\u00e7\u00e3o \/ Hotel Vila dos Orix\u00e1s\" \/><figcaption class=\"elementor-image-carousel-caption\">Foto: Divulga\u00e7\u00e3o \/ Hotel Vila dos Orix\u00e1s<\/figcaption><\/figure><\/div>\t\t\t<\/div>\n\t\t\t\t\t\t\t\t\t\t\t\t<div class=\"elementor-swiper-button elementor-swiper-button-prev\" role=\"button\" tabindex=\"0\">\n\t\t\t\t\t\t<svg aria-hidden=\"true\" class=\"e-font-icon-svg e-eicon-chevron-left\" viewBox=\"0 0 1000 1000\" xmlns=\"http:\/\/www.w3.org\/2000\/svg\"><path d=\"M646 125C629 125 613 133 604 142L308 442C296 454 292 471 292 487 292 504 296 521 308 533L604 854C617 867 629 875 646 875 663 875 679 871 692 858 704 846 713 829 713 812 713 796 708 779 692 767L438 487 692 225C700 217 708 204 708 187 708 171 704 154 692 142 675 129 663 125 646 125Z\"><\/path><\/svg>\t\t\t\t\t<\/div>\n\t\t\t\t\t<div class=\"elementor-swiper-button elementor-swiper-button-next\" role=\"button\" tabindex=\"0\">\n\t\t\t\t\t\t<svg aria-hidden=\"true\" class=\"e-font-icon-svg e-eicon-chevron-right\" viewBox=\"0 0 1000 1000\" xmlns=\"http:\/\/www.w3.org\/2000\/svg\"><path d=\"M696 533C708 521 713 504 713 487 713 471 708 454 696 446L400 146C388 133 375 125 354 125 338 125 325 129 313 142 300 154 292 171 292 187 292 204 296 221 308 233L563 492 304 771C292 783 288 800 288 817 288 833 296 850 308 863 321 871 338 875 354 875 371 875 388 867 400 854L696 533Z\"><\/path><\/svg>\t\t\t\t\t<\/div>\n\t\t\t\t\n\t\t\t\t\t\t\t\t\t<div class=\"swiper-pagination\"><\/div>\n\t\t\t\t\t\t\t\t\t<\/div>\n\t\t\t\t<\/div>\n\t\t\t\t<\/div>\n\t\t\t\t<div class=\"elementor-element elementor-element-b306a64 elementor-widget elementor-widget-text-editor\" data-id=\"b306a64\" data-element_type=\"widget\" data-widget_type=\"text-editor.default\">\n\t\t\t\t<div class=\"elementor-widget-container\">\n\t\t\t\t\t\t\t<p data-pm-slice=\"1 1 []\">O Hotel Vila dos Orix\u00e1s, localizado na Praia do Encanto em Morro de S\u00e3o Paulo, oferece 15 bangal\u00f4s independentes em um ambiente de pura beleza natural. Este \u00e9 o local ideal para quem busca privacidade, conforto e um contato direto com a natureza.<\/p>\t\t\t\t\t\t<\/div>\n\t\t\t\t<\/div>\n\t\t\t\t<div class=\"elementor-element elementor-element-ec9e721 elementor-widget-divider--view-line elementor-widget elementor-widget-divider\" data-id=\"ec9e721\" data-element_type=\"widget\" data-widget_type=\"divider.default\">\n\t\t\t\t<div class=\"elementor-widget-container\">\n\t\t\t\t\t<div class=\"elementor-divider\">\n\t\t\t<span class=\"elementor-divider-separator\">\n\t\t\t\t\t\t<\/span>\n\t\t<\/div>\n\t\t\t\t<\/div>\n\t\t\t\t<\/div>\n\t\t\t\t\t<\/div>\n\t\t\t\t<\/div>\n\t\t<div class=\"elementor-element elementor-element-b094ca0 e-flex e-con-boxed e-con e-parent\" data-id=\"b094ca0\" data-element_type=\"container\" data-settings=\"{&quot;content_width&quot;:&quot;boxed&quot;}\" data-core-v316-plus=\"true\">\n\t\t\t\t\t<div class=\"e-con-inner\">\n\t\t\t\t<div class=\"elementor-element elementor-element-c998807 elementor-widget elementor-widget-heading\" data-id=\"c998807\" data-element_type=\"widget\" data-widget_type=\"heading.default\">\n\t\t\t\t<div class=\"elementor-widget-container\">\n\t\t\t<h2 class=\"elementor-heading-title elementor-size-large\">Pousada Mangabeiras, Ilha de Boipeba \u2b50\u2b50\u2b50\u2b50\u2b50 - Para\u00edso Ecol\u00f3gico<\/h2>\t\t<\/div>\n\t\t\t\t<\/div>\n\t\t\t\t<div class=\"elementor-element elementor-element-8efb21e elementor-arrows-position-inside elementor-pagination-position-outside elementor-widget elementor-widget-image-carousel\" data-id=\"8efb21e\" data-element_type=\"widget\" data-settings=\"{&quot;slides_to_show&quot;:&quot;2&quot;,&quot;navigation&quot;:&quot;both&quot;,&quot;autoplay&quot;:&quot;yes&quot;,&quot;pause_on_hover&quot;:&quot;yes&quot;,&quot;pause_on_interaction&quot;:&quot;yes&quot;,&quot;autoplay_speed&quot;:5000,&quot;infinite&quot;:&quot;yes&quot;,&quot;speed&quot;:500}\" data-widget_type=\"image-carousel.default\">\n\t\t\t\t<div class=\"elementor-widget-container\">\n\t\t\t\t\t<div class=\"elementor-image-carousel-wrapper swiper-container\" dir=\"ltr\">\n\t\t\t<div class=\"elementor-image-carousel swiper-wrapper\" aria-live=\"off\">\n\t\t\t\t\t\t\t\t<div class=\"swiper-slide\" role=\"group\" aria-roledescription=\"slide\" aria-label=\"1 of 6\"><figure class=\"swiper-slide-inner\"><img decoding=\"async\" class=\"swiper-slide-image\" src=\"https:\/\/www.blumarturismo.com.br\/blog\/wp-content\/uploads\/2023\/12\/restaurant_acess_grd.jpg\" alt=\"Foto: Leandro Couri \/ Pousada Mangabeiras\" \/><figcaption class=\"elementor-image-carousel-caption\">Foto: Leandro Couri \/ Pousada Mangabeiras<\/figcaption><\/figure><\/div><div class=\"swiper-slide\" role=\"group\" aria-roledescription=\"slide\" aria-label=\"2 of 6\"><figure class=\"swiper-slide-inner\"><img decoding=\"async\" class=\"swiper-slide-image\" src=\"https:\/\/www.blumarturismo.com.br\/blog\/wp-content\/uploads\/2023\/12\/breakfast_grd-3.jpg\" alt=\"Foto: Divulga\u00e7\u00e3o \/ Pousada Mangabeiras\" \/><figcaption class=\"elementor-image-carousel-caption\">Foto: Divulga\u00e7\u00e3o \/ Pousada Mangabeiras<\/figcaption><\/figure><\/div><div class=\"swiper-slide\" role=\"group\" aria-roledescription=\"slide\" aria-label=\"3 of 6\"><figure class=\"swiper-slide-inner\"><img decoding=\"async\" class=\"swiper-slide-image\" src=\"https:\/\/www.blumarturismo.com.br\/blog\/wp-content\/uploads\/2023\/12\/hammocks_grd-1.jpg\" alt=\"Foto: Divulga\u00e7\u00e3o \/ Pousada Mangabeiras\" \/><figcaption class=\"elementor-image-carousel-caption\">Foto: Divulga\u00e7\u00e3o \/ Pousada Mangabeiras<\/figcaption><\/figure><\/div><div class=\"swiper-slide\" role=\"group\" aria-roledescription=\"slide\" aria-label=\"4 of 6\"><figure class=\"swiper-slide-inner\"><img decoding=\"async\" class=\"swiper-slide-image\" src=\"https:\/\/www.blumarturismo.com.br\/blog\/wp-content\/uploads\/2023\/12\/master_bungalow_with_jacuzzi1_grd.jpg\" alt=\"Foto: Divulga\u00e7\u00e3o \/ Pousada Mangabeiras\" \/><figcaption class=\"elementor-image-carousel-caption\">Foto: Divulga\u00e7\u00e3o \/ Pousada Mangabeiras<\/figcaption><\/figure><\/div><div class=\"swiper-slide\" role=\"group\" aria-roledescription=\"slide\" aria-label=\"5 of 6\"><figure class=\"swiper-slide-inner\"><img decoding=\"async\" class=\"swiper-slide-image\" src=\"https:\/\/www.blumarturismo.com.br\/blog\/wp-content\/uploads\/2023\/12\/master_bungalow6_grd.jpg\" alt=\"Foto: Divulga\u00e7\u00e3o \/ Pousada Mangabeiras\" \/><figcaption class=\"elementor-image-carousel-caption\">Foto: Divulga\u00e7\u00e3o \/ Pousada Mangabeiras<\/figcaption><\/figure><\/div><div class=\"swiper-slide\" role=\"group\" aria-roledescription=\"slide\" aria-label=\"6 of 6\"><figure class=\"swiper-slide-inner\"><img decoding=\"async\" class=\"swiper-slide-image\" src=\"https:\/\/www.blumarturismo.com.br\/blog\/wp-content\/uploads\/2023\/12\/pool3_grd-1.jpg\" alt=\"Foto: Divulga\u00e7\u00e3o \/ Pousada Mangabeiras\" \/><figcaption class=\"elementor-image-carousel-caption\">Foto: Divulga\u00e7\u00e3o \/ Pousada Mangabeiras<\/figcaption><\/figure><\/div>\t\t\t<\/div>\n\t\t\t\t\t\t\t\t\t\t\t\t<div class=\"elementor-swiper-button elementor-swiper-button-prev\" role=\"button\" tabindex=\"0\">\n\t\t\t\t\t\t<svg aria-hidden=\"true\" class=\"e-font-icon-svg e-eicon-chevron-left\" viewBox=\"0 0 1000 1000\" xmlns=\"http:\/\/www.w3.org\/2000\/svg\"><path d=\"M646 125C629 125 613 133 604 142L308 442C296 454 292 471 292 487 292 504 296 521 308 533L604 854C617 867 629 875 646 875 663 875 679 871 692 858 704 846 713 829 713 812 713 796 708 779 692 767L438 487 692 225C700 217 708 204 708 187 708 171 704 154 692 142 675 129 663 125 646 125Z\"><\/path><\/svg>\t\t\t\t\t<\/div>\n\t\t\t\t\t<div class=\"elementor-swiper-button elementor-swiper-button-next\" role=\"button\" tabindex=\"0\">\n\t\t\t\t\t\t<svg aria-hidden=\"true\" class=\"e-font-icon-svg e-eicon-chevron-right\" viewBox=\"0 0 1000 1000\" xmlns=\"http:\/\/www.w3.org\/2000\/svg\"><path d=\"M696 533C708 521 713 504 713 487 713 471 708 454 696 446L400 146C388 133 375 125 354 125 338 125 325 129 313 142 300 154 292 171 292 187 292 204 296 221 308 233L563 492 304 771C292 783 288 800 288 817 288 833 296 850 308 863 321 871 338 875 354 875 371 875 388 867 400 854L696 533Z\"><\/path><\/svg>\t\t\t\t\t<\/div>\n\t\t\t\t\n\t\t\t\t\t\t\t\t\t<div class=\"swiper-pagination\"><\/div>\n\t\t\t\t\t\t\t\t\t<\/div>\n\t\t\t\t<\/div>\n\t\t\t\t<\/div>\n\t\t\t\t<div class=\"elementor-element elementor-element-d557b52 elementor-widget elementor-widget-text-editor\" data-id=\"d557b52\" data-element_type=\"widget\" data-widget_type=\"text-editor.default\">\n\t\t\t\t<div class=\"elementor-widget-container\">\n\t\t\t\t\t\t\t<p data-pm-slice=\"1 1 []\">A Pousada Mangabeiras, situada na deslumbrante praia Boca da Barra na Ilha de Boipeba, \u00e9 um ref\u00fagio ecol\u00f3gico com 11 bangal\u00f4s cercados por uma natureza exuberante. Aqui, o luxo se une \u00e0 sustentabilidade, criando um ambiente tranquilo e harmonioso, perfeito para uma experi\u00eancia de conex\u00e3o com a natureza.<\/p>\t\t\t\t\t\t<\/div>\n\t\t\t\t<\/div>\n\t\t\t\t<div class=\"elementor-element elementor-element-9052bd2 elementor-widget-divider--view-line elementor-widget elementor-widget-divider\" data-id=\"9052bd2\" data-element_type=\"widget\" data-widget_type=\"divider.default\">\n\t\t\t\t<div class=\"elementor-widget-container\">\n\t\t\t\t\t<div class=\"elementor-divider\">\n\t\t\t<span class=\"elementor-divider-separator\">\n\t\t\t\t\t\t<\/span>\n\t\t<\/div>\n\t\t\t\t<\/div>\n\t\t\t\t<\/div>\n\t\t\t\t<div class=\"elementor-element elementor-element-60eb921 elementor-widget elementor-widget-heading\" data-id=\"60eb921\" data-element_type=\"widget\" data-widget_type=\"heading.default\">\n\t\t\t\t<div class=\"elementor-widget-container\">\n\t\t\t<h3 class=\"elementor-heading-title elementor-size-medium\">Por que Escolher a Blumar Turismo para sua Estadia em Salvador e Arredores?<\/h3>\t\t<\/div>\n\t\t\t\t<\/div>\n\t\t\t\t<div class=\"elementor-element elementor-element-bac8187 elementor-widget elementor-widget-text-editor\" data-id=\"bac8187\" data-element_type=\"widget\" data-widget_type=\"text-editor.default\">\n\t\t\t\t<div class=\"elementor-widget-container\">\n\t\t\t\t\t\t\t<p data-pm-slice=\"1 1 []\">Escolher a <a href=\"https:\/\/www.blumarturismo.com.br\/?utm_source=google&amp;utm_medium=cpc&amp;utm_campaign=Branding&amp;utm_term=Branding&amp;utm_content=Branding&amp;gclid=CjwKCAiAjrarBhAWEiwA2qWdCMZU2rm6Sp2pKgtKowm2aEdXEUoRsmzlTr4gLwqTUkEX9IE3CeJeFRoCQGkQAvD_BwE\">Blumar Turismo<\/a> significa garantir uma experi\u00eancia de viagem sem preocupa\u00e7\u00f5es em <a href=\"https:\/\/www.blumarturismo.com.br\/cidade.php?cidade=salvador&amp;id=58\">Salvador<\/a> e seus arredores. Com profundo conhecimento local e uma abordagem personalizada, a Blumar assegura que sua estadia nos hot\u00e9is mais luxuosos de Salvador seja n\u00e3o apenas confort\u00e1vel, mas tamb\u00e9m enriquecedora. Seja para reservar o hotel ideal, organizar passeios exclusivos ou fornecer assist\u00eancia durante sua viagem, a Blumar est\u00e1 comprometida em oferecer o melhor servi\u00e7o, garantindo que cada momento da sua viagem seja memor\u00e1vel.<\/p>\t\t\t\t\t\t<\/div>\n\t\t\t\t<\/div>\n\t\t\t\t\t<\/div>\n\t\t\t\t<\/div>\n\t\t<div class=\"elementor-element elementor-element-e118ed5 e-flex e-con-boxed e-con e-parent\" data-id=\"e118ed5\" data-element_type=\"container\" data-settings=\"{&quot;content_width&quot;:&quot;boxed&quot;}\" data-core-v316-plus=\"true\">\n\t\t\t\t\t<div class=\"e-con-inner\">\n\t\t\t\t<div class=\"elementor-element elementor-element-5a5b82b elementor-widget elementor-widget-heading\" data-id=\"5a5b82b\" data-element_type=\"widget\" data-widget_type=\"heading.default\">\n\t\t\t\t<div class=\"elementor-widget-container\">\n\t\t\t<h3 class=\"elementor-heading-title elementor-size-medium\">Uma Viagem de Luxo Espera por Voc\u00ea<\/h3>\t\t<\/div>\n\t\t\t\t<\/div>\n\t\t\t\t<div class=\"elementor-element elementor-element-8c0359b elementor-widget elementor-widget-text-editor\" data-id=\"8c0359b\" data-element_type=\"widget\" data-widget_type=\"text-editor.default\">\n\t\t\t\t<div class=\"elementor-widget-container\">\n\t\t\t\t\t\t\t<p data-pm-slice=\"1 1 []\">Os hot\u00e9is mais luxuosos de <a href=\"https:\/\/www.blumarturismo.com.br\/cidade.php?cidade=salvador&amp;id=58\">Salvador<\/a> e arredores oferecem mais do que apenas acomoda\u00e7\u00f5es de alto padr\u00e3o; eles proporcionam uma imers\u00e3o na cultura, hist\u00f3ria e beleza natural da regi\u00e3o. Ao escolher um destes estabelecimentos requintados, voc\u00ea garante uma experi\u00eancia \u00fanica, repleta de conforto, eleg\u00e2ncia e momentos inesquec\u00edveis. Com a Blumar Turismo, sua jornada ser\u00e1 ainda mais especial, com todo o suporte necess\u00e1rio para tornar sua viagem uma lembran\u00e7a eterna. Descubra Salvador e seus arredores com o luxo e o conforto que voc\u00ea merece.<\/p><ol class=\"ak-ol\" data-pm-slice=\"3 3 []\"><li><p><strong>Visitar o Pelourinho:<\/strong> O Pelourinho \u00e9 um dos mais famosos bairros de Salvador, conhecido por suas ruas de paralelep\u00edpedos, casas coloridas e rica hist\u00f3ria. Imperd\u00edvel por ser Patrim\u00f4nio Mundial da UNESCO, o local oferece um mergulho na cultura afro-brasileira, com sua m\u00fasica, arte e gastronomia.<\/p><\/li><li><p><strong>Passear pelo Elevador Lacerda:<\/strong> O Elevador Lacerda \u00e9 um dos cart\u00f5es-postais de Salvador, ligando a Cidade Baixa \u00e0 Cidade Alta. A visita \u00e9 imperd\u00edvel pela vista panor\u00e2mica da Ba\u00eda de Todos os Santos que oferece, proporcionando uma das mais belas vistas urbanas do Brasil.<\/p><\/li><li><p><strong>Explorar o Mercado Modelo:<\/strong> Visitar o Mercado Modelo \u00e9 essencial para quem busca artesanato local e produtos t\u00edpicos da Bahia. Este mercado hist\u00f3rico \u00e9 imperd\u00edvel por sua atmosfera vibrante e pela oportunidade de conhecer mais sobre a cultura baiana.<\/p><\/li><li><p><strong>Assistir a um espet\u00e1culo de Olodum:<\/strong> O Olodum \u00e9 um grupo de percuss\u00e3o mundialmente famoso, s\u00edmbolo da m\u00fasica e da cultura afro-brasileira. Assistir a uma apresenta\u00e7\u00e3o deles \u00e9 imperd\u00edvel por ser uma experi\u00eancia \u00fanica de m\u00fasica e energia.<\/p><\/li><li><p><strong>Curtir as praias do Porto da Barra:<\/strong> A praia do Porto da Barra \u00e9 uma das mais populares de Salvador, conhecida por suas \u00e1guas calmas e vista para o p\u00f4r do sol. \u00c9 imperd\u00edvel pela sua beleza natural e pelo ambiente alegre e acolhedor.<\/p><\/li><li><p><strong>Visitar a Igreja e Convento de S\u00e3o Francisco:<\/strong> Este \u00e9 um dos mais belos exemplos da arte barroca no Brasil. A igreja \u00e9 imperd\u00edvel pela sua opulenta decora\u00e7\u00e3o interna, com entalhes dourados e pain\u00e9is azulejados, que impressionam por sua riqueza de detalhes.<\/p><\/li><li><p><strong>Provar a culin\u00e1ria baiana no Dique do Toror\u00f3:<\/strong> O Dique do Toror\u00f3 oferece n\u00e3o s\u00f3 um belo cen\u00e1rio com seu lago e esculturas dos orix\u00e1s, mas tamb\u00e9m \u00e9 um \u00f3timo lugar para provar pratos t\u00edpicos da culin\u00e1ria baiana. A visita \u00e9 imperd\u00edvel pela experi\u00eancia gastron\u00f4mica aut\u00eantica.<\/p><\/li><li><p><strong>Conhecer o Farol da Barra e o Museu N\u00e1utico:<\/strong> O Farol da Barra \u00e9 um \u00edcone de Salvador, situado no Forte de Santo Ant\u00f4nio da Barra. O local \u00e9 imperd\u00edvel por sua import\u00e2ncia hist\u00f3rica e pelo museu que abriga, oferecendo uma viagem pela hist\u00f3ria mar\u00edtima da regi\u00e3o.<\/p><\/li><li><p><strong>Participar do carnaval de Salvador:<\/strong> O carnaval de Salvador \u00e9 um dos mais famosos do mundo, conhecido por seus trios el\u00e9tricos e a energia contagiante. Participar dessa festa \u00e9 imperd\u00edvel por ser uma experi\u00eancia \u00fanica de alegria e celebra\u00e7\u00e3o.<\/p><\/li><li><p><strong>Explorar o Museu de Arte Moderna da Bahia (MAM):<\/strong> Localizado no Solar do Unh\u00e3o, o MAM \u00e9 um dos mais importantes espa\u00e7os culturais de Salvador. A visita \u00e9 imperd\u00edvel pelo acervo de arte moderna e contempor\u00e2nea e pela vista espetacular da Ba\u00eda de Todos os Santos.<\/p><\/li><\/ol>\t\t\t\t\t\t<\/div>\n\t\t\t\t<\/div>\n\t\t\t\t<div class=\"elementor-element elementor-element-a9779ba elementor-widget elementor-widget-heading\" data-id=\"a9779ba\" data-element_type=\"widget\" data-widget_type=\"heading.default\">\n\t\t\t\t<div class=\"elementor-widget-container\">\n\t\t\t<h2 class=\"elementor-heading-title elementor-size-large\">Depoimentos de Quem Viveu a Experi\u00eancia<\/h2>\t\t<\/div>\n\t\t\t\t<\/div>\n\t\t\t\t<div class=\"elementor-element elementor-element-30e9249 elementor-widget elementor-widget-text-editor\" data-id=\"30e9249\" data-element_type=\"widget\" data-widget_type=\"text-editor.default\">\n\t\t\t\t<div class=\"elementor-widget-container\">\n\t\t\t\t\t\t\t<p style=\"text-align: center;\"><strong><a href=\"https:\/\/blumarturismo.com.br\/index.php\">Blumar Turismo<\/a>: Certificada pelo Reclame Aqui<\/strong><\/p>\t\t\t\t\t\t<\/div>\n\t\t\t\t<\/div>\n\t\t\t\t<div class=\"elementor-element elementor-element-2e0f0dd elementor-widget elementor-widget-html\" data-id=\"2e0f0dd\" data-element_type=\"widget\" data-widget_type=\"html.default\">\n\t\t\t\t<div class=\"elementor-widget-container\">\n\t\t\t<center><div id=\"ra-verified-seal\"><script type=\"text\/javascript\" id=\"ra-embed-verified-seal\" src=\"https:\/\/s3.amazonaws.com\/raichu-beta\/ra-verified\/bundle.js\" data-id=\"MzI4Nzc6Ymx1bWFy\" data-target=\"ra-verified-seal\" data-model=\"2\"><\/script><\/div><\/center>\t\t<\/div>\n\t\t\t\t<\/div>\n\t\t\t\t<div class=\"elementor-element elementor-element-183c957 elementor-widget elementor-widget-text-editor\" data-id=\"183c957\" data-element_type=\"widget\" data-widget_type=\"text-editor.default\">\n\t\t\t\t<div class=\"elementor-widget-container\">\n\t\t\t\t\t\t\t<p><span style=\"color: var( --e-global-color-text ); text-align: var(--text-align);\">Na <a href=\"https:\/\/www.blumarturismo.com.br\/\"><strong>Blumar Turismo<\/strong><\/a>, nos orgulhamos de oferecer um servi\u00e7o de excel\u00eancia. Somos certificados pelo Reclame Aqui e n\u00e3o recebemos nenhuma reclama\u00e7\u00e3o nos \u00faltimos 12 meses.<\/span><\/p><p>Nosso compromisso \u00e9 com a total satisfa\u00e7\u00e3o do cliente. Garantimos experi\u00eancias de viagem \u00fanicas e memor\u00e1veis, cuidando de cada detalhe, desde a escolha dos melhores destinos e hot\u00e9is at\u00e9 a personaliza\u00e7\u00e3o de roteiros. Nossa equipe est\u00e1 dedicada a atender todas as suas necessidades com m\u00e1xima aten\u00e7\u00e3o e profissionalismo.<\/p>\t\t\t\t\t\t<\/div>\n\t\t\t\t<\/div>\n\t\t\t\t<div class=\"elementor-element elementor-element-9355f2f elementor-widget elementor-widget-html\" data-id=\"9355f2f\" data-element_type=\"widget\" data-widget_type=\"html.default\">\n\t\t\t\t<div class=\"elementor-widget-container\">\n\t\t\t<script defer async src='https:\/\/cdn.trustindex.io\/loader.js?dc6229528d81446bbc4644b5063'><\/script>\t\t<\/div>\n\t\t\t\t<\/div>\n\t\t\t\t\t<\/div>\n\t\t\t\t<\/div>\n\t\t<div class=\"elementor-element elementor-element-98382c1 e-flex e-con-boxed e-con e-parent\" data-id=\"98382c1\" data-element_type=\"container\" data-settings=\"{&quot;content_width&quot;:&quot;boxed&quot;}\" data-core-v316-plus=\"true\">\n\t\t\t\t\t<div class=\"e-con-inner\">\n\t\t\t\t<div class=\"elementor-element elementor-element-aa3d845 elementor-widget elementor-widget-heading\" data-id=\"aa3d845\" data-element_type=\"widget\" data-widget_type=\"heading.default\">\n\t\t\t\t<div class=\"elementor-widget-container\">\n\t\t\t<h2 class=\"elementor-heading-title elementor-size-medium\">Posts que voc\u00ea tamb\u00e9m pode se interessar:<\/h2>\t\t<\/div>\n\t\t\t\t<\/div>\n\t\t\t\t<div class=\"elementor-element elementor-element-6040465 elementor-widget elementor-widget-text-editor\" data-id=\"6040465\" data-element_type=\"widget\" data-widget_type=\"text-editor.default\">\n\t\t\t\t<div class=\"elementor-widget-container\">\n\t\t\t\t\t\t\t<ul><li><a href=\"https:\/\/www.blumarturismo.com.br\/blog\/melhores-pousadas-em-salvador-descubra-os-tesouros-hospitaleiros-da-bahia\/\">Melhores Hot\u00e9is e Pousadas em Salvador: Descubra os Tesouros Hospitaleiros da Bahia!<\/a><\/li><li><a href=\"https:\/\/www.blumarturismo.com.br\/blog\/como-ir-de-salvador-ate-a-praia-do-forte\/\">Como ir de Salvador at\u00e9 a Praia do Forte?<\/a><\/li><li><a href=\"https:\/\/www.blumarturismo.com.br\/blog\/qual-e-a-praia-mais-bonita-de-morro-de-sao-paulo\/\">Qual \u00e9 a praia mais bonita de Morro de S\u00e3o Paulo?<\/a><\/li><li><a href=\"https:\/\/www.blumarturismo.com.br\/blog\/descubra-as-melhores-pousadas-em-boipeba-conforto-e-natureza-juntos\/\">Descubra as Melhores Pousadas em Boipeba: Conforto e Natureza Juntos!<\/a><\/li><li><a href=\"https:\/\/www.blumarturismo.com.br\/blog\/nossas-dicas-de-onde-comer-em-salvador\/\">Dicas de onde comer em Salvador<\/a><\/li><\/ul>\t\t\t\t\t\t<\/div>\n\t\t\t\t<\/div>\n\t\t\t\t\t<\/div>\n\t\t\t\t<\/div>\n\t\t<div class=\"elementor-element elementor-element-c9cdb71 e-flex e-con-boxed e-con e-parent\" data-id=\"c9cdb71\" data-element_type=\"container\" data-settings=\"{&quot;content_width&quot;:&quot;boxed&quot;}\" data-core-v316-plus=\"true\">\n\t\t\t\t\t<div class=\"e-con-inner\">\n\t\t\t\t<div class=\"elementor-element elementor-element-a84fec3 elementor-widget elementor-widget-heading\" data-id=\"a84fec3\" data-element_type=\"widget\" data-widget_type=\"heading.default\">\n\t\t\t\t<div class=\"elementor-widget-container\">\n\t\t\t<h2 class=\"elementor-heading-title elementor-size-large\">FAQ: Hot\u00e9is Mais Luxuosos de Salvador e Arredores<\/h2>\t\t<\/div>\n\t\t\t\t<\/div>\n\t\t\t\t<div class=\"elementor-element elementor-element-a4fa427 elementor-widget elementor-widget-image\" data-id=\"a4fa427\" data-element_type=\"widget\" data-widget_type=\"image.default\">\n\t\t\t\t<div class=\"elementor-widget-container\">\n\t\t\t<style>\/*! elementor - v3.16.0 - 13-09-2023 *\/\n.elementor-widget-image{text-align:center}.elementor-widget-image a{display:inline-block}.elementor-widget-image a img[src$=\".svg\"]{width:48px}.elementor-widget-image img{vertical-align:middle;display:inline-block}<\/style>\t\t\t\t\t\t\t\t\t<figure class=\"wp-caption\">\n\t\t\t\t\t\t\t\t\t\t<img loading=\"lazy\" decoding=\"async\" width=\"1024\" height=\"598\" src=\"https:\/\/www.blumarturismo.com.br\/blog\/wp-content\/uploads\/2023\/12\/Foto-Marcio-Filho-MTur-3-1024x598.jpg\" class=\"attachment-large size-large wp-image-45242\" alt=\"Foto: Marcio Filho \/ MTur\" srcset=\"https:\/\/www.blumarturismo.com.br\/blog\/wp-content\/uploads\/2023\/12\/Foto-Marcio-Filho-MTur-3-1024x598.jpg 1024w, https:\/\/www.blumarturismo.com.br\/blog\/wp-content\/uploads\/2023\/12\/Foto-Marcio-Filho-MTur-3-300x175.jpg 300w, https:\/\/www.blumarturismo.com.br\/blog\/wp-content\/uploads\/2023\/12\/Foto-Marcio-Filho-MTur-3-768x449.jpg 768w, https:\/\/www.blumarturismo.com.br\/blog\/wp-content\/uploads\/2023\/12\/Foto-Marcio-Filho-MTur-3-1536x897.jpg 1536w, https:\/\/www.blumarturismo.com.br\/blog\/wp-content\/uploads\/2023\/12\/Foto-Marcio-Filho-MTur-3.jpg 2048w\" sizes=\"auto, (max-width: 1024px) 100vw, 1024px\" \/>\t\t\t\t\t\t\t\t\t\t\t<figcaption class=\"widget-image-caption wp-caption-text\">Foto: Marcio Filho \/ MTur<\/figcaption>\n\t\t\t\t\t\t\t\t\t\t<\/figure>\n\t\t\t\t\t\t\t\t\t<\/div>\n\t\t\t\t<\/div>\n\t\t\t\t<div class=\"elementor-element elementor-element-b83e367 elementor-widget elementor-widget-toggle\" data-id=\"b83e367\" data-element_type=\"widget\" data-widget_type=\"toggle.default\">\n\t\t\t\t<div class=\"elementor-widget-container\">\n\t\t\t<style>\/*! elementor - v3.16.0 - 13-09-2023 *\/\n.elementor-toggle{text-align:left}.elementor-toggle .elementor-tab-title{font-weight:700;line-height:1;margin:0;padding:15px;border-bottom:1px solid #d5d8dc;cursor:pointer;outline:none}.elementor-toggle .elementor-tab-title .elementor-toggle-icon{display:inline-block;width:1em}.elementor-toggle .elementor-tab-title .elementor-toggle-icon svg{margin-inline-start:-5px;width:1em;height:1em}.elementor-toggle .elementor-tab-title .elementor-toggle-icon.elementor-toggle-icon-right{float:right;text-align:right}.elementor-toggle .elementor-tab-title .elementor-toggle-icon.elementor-toggle-icon-left{float:left;text-align:left}.elementor-toggle .elementor-tab-title .elementor-toggle-icon .elementor-toggle-icon-closed{display:block}.elementor-toggle .elementor-tab-title .elementor-toggle-icon .elementor-toggle-icon-opened{display:none}.elementor-toggle .elementor-tab-title.elementor-active{border-bottom:none}.elementor-toggle .elementor-tab-title.elementor-active .elementor-toggle-icon-closed{display:none}.elementor-toggle .elementor-tab-title.elementor-active .elementor-toggle-icon-opened{display:block}.elementor-toggle .elementor-tab-content{padding:15px;border-bottom:1px solid #d5d8dc;display:none}@media (max-width:767px){.elementor-toggle .elementor-tab-title{padding:12px}.elementor-toggle .elementor-tab-content{padding:12px 10px}}.e-con-inner>.elementor-widget-toggle,.e-con>.elementor-widget-toggle{width:var(--container-widget-width);--flex-grow:var(--container-widget-flex-grow)}<\/style>\t\t<div class=\"elementor-toggle\">\n\t\t\t\t\t\t\t<div class=\"elementor-toggle-item\">\n\t\t\t\t\t<div id=\"elementor-tab-title-1931\" class=\"elementor-tab-title\" data-tab=\"1\" role=\"button\" aria-controls=\"elementor-tab-content-1931\" aria-expanded=\"false\">\n\t\t\t\t\t\t\t\t\t\t\t\t<span class=\"elementor-toggle-icon elementor-toggle-icon-left\" aria-hidden=\"true\">\n\t\t\t\t\t\t\t\t\t\t\t\t\t\t\t<span class=\"elementor-toggle-icon-closed\"><svg class=\"e-font-icon-svg e-fas-caret-right\" viewBox=\"0 0 192 512\" xmlns=\"http:\/\/www.w3.org\/2000\/svg\"><path d=\"M0 384.662V127.338c0-17.818 21.543-26.741 34.142-14.142l128.662 128.662c7.81 7.81 7.81 20.474 0 28.284L34.142 398.804C21.543 411.404 0 402.48 0 384.662z\"><\/path><\/svg><\/span>\n\t\t\t\t\t\t\t\t<span class=\"elementor-toggle-icon-opened\"><svg class=\"elementor-toggle-icon-opened e-font-icon-svg e-fas-caret-up\" viewBox=\"0 0 320 512\" xmlns=\"http:\/\/www.w3.org\/2000\/svg\"><path d=\"M288.662 352H31.338c-17.818 0-26.741-21.543-14.142-34.142l128.662-128.662c7.81-7.81 20.474-7.81 28.284 0l128.662 128.662c12.6 12.599 3.676 34.142-14.142 34.142z\"><\/path><\/svg><\/span>\n\t\t\t\t\t\t\t\t\t\t\t\t\t<\/span>\n\t\t\t\t\t\t\t\t\t\t\t\t<a class=\"elementor-toggle-title\" tabindex=\"0\">O que torna o Hotel Fasano Salvador \u00fanico?<\/a>\n\t\t\t\t\t<\/div>\n\n\t\t\t\t\t<div id=\"elementor-tab-content-1931\" class=\"elementor-tab-content elementor-clearfix\" data-tab=\"1\" role=\"region\" aria-labelledby=\"elementor-tab-title-1931\"><p data-pm-slice=\"1 1 [&quot;orderedList&quot;,{&quot;order&quot;:1},&quot;listItem&quot;,null]\">O Hotel Fasano Salvador se destaca pela combina\u00e7\u00e3o de charme hist\u00f3rico e luxo moderno. Situado em um edif\u00edcio hist\u00f3rico, oferece vistas deslumbrantes da Pra\u00e7a Castro Alves e do mar, proporcionando uma experi\u00eancia \u00fanica que mistura a rica hist\u00f3ria de Salvador com confortos contempor\u00e2neos.<\/p><\/div>\n\t\t\t\t<\/div>\n\t\t\t\t\t\t\t<div class=\"elementor-toggle-item\">\n\t\t\t\t\t<div id=\"elementor-tab-title-1932\" class=\"elementor-tab-title\" data-tab=\"2\" role=\"button\" aria-controls=\"elementor-tab-content-1932\" aria-expanded=\"false\">\n\t\t\t\t\t\t\t\t\t\t\t\t<span class=\"elementor-toggle-icon elementor-toggle-icon-left\" aria-hidden=\"true\">\n\t\t\t\t\t\t\t\t\t\t\t\t\t\t\t<span class=\"elementor-toggle-icon-closed\"><svg class=\"e-font-icon-svg e-fas-caret-right\" viewBox=\"0 0 192 512\" xmlns=\"http:\/\/www.w3.org\/2000\/svg\"><path d=\"M0 384.662V127.338c0-17.818 21.543-26.741 34.142-14.142l128.662 128.662c7.81 7.81 7.81 20.474 0 28.284L34.142 398.804C21.543 411.404 0 402.48 0 384.662z\"><\/path><\/svg><\/span>\n\t\t\t\t\t\t\t\t<span class=\"elementor-toggle-icon-opened\"><svg class=\"elementor-toggle-icon-opened e-font-icon-svg e-fas-caret-up\" viewBox=\"0 0 320 512\" xmlns=\"http:\/\/www.w3.org\/2000\/svg\"><path d=\"M288.662 352H31.338c-17.818 0-26.741-21.543-14.142-34.142l128.662-128.662c7.81-7.81 20.474-7.81 28.284 0l128.662 128.662c12.6 12.599 3.676 34.142-14.142 34.142z\"><\/path><\/svg><\/span>\n\t\t\t\t\t\t\t\t\t\t\t\t\t<\/span>\n\t\t\t\t\t\t\t\t\t\t\t\t<a class=\"elementor-toggle-title\" tabindex=\"0\">Pode me contar mais sobre o Fera Palace Hotel?<\/a>\n\t\t\t\t\t<\/div>\n\n\t\t\t\t\t<div id=\"elementor-tab-content-1932\" class=\"elementor-tab-content elementor-clearfix\" data-tab=\"2\" role=\"region\" aria-labelledby=\"elementor-tab-title-1932\"><p data-pm-slice=\"1 1 [&quot;orderedList&quot;,{&quot;order&quot;:1},&quot;listItem&quot;,null]\">O Fera Palace Hotel, localizado no Centro Hist\u00f3rico de Salvador, \u00e9 uma vers\u00e3o moderna do primeiro hotel de luxo da cidade. Com 81 quartos e uma su\u00edte espa\u00e7osa de 110 metros quadrados, oferece uma mistura perfeita de luxo, hist\u00f3ria e comodidades modernas.<\/p><\/div>\n\t\t\t\t<\/div>\n\t\t\t\t\t\t\t<div class=\"elementor-toggle-item\">\n\t\t\t\t\t<div id=\"elementor-tab-title-1933\" class=\"elementor-tab-title\" data-tab=\"3\" role=\"button\" aria-controls=\"elementor-tab-content-1933\" aria-expanded=\"false\">\n\t\t\t\t\t\t\t\t\t\t\t\t<span class=\"elementor-toggle-icon elementor-toggle-icon-left\" aria-hidden=\"true\">\n\t\t\t\t\t\t\t\t\t\t\t\t\t\t\t<span class=\"elementor-toggle-icon-closed\"><svg class=\"e-font-icon-svg e-fas-caret-right\" viewBox=\"0 0 192 512\" xmlns=\"http:\/\/www.w3.org\/2000\/svg\"><path d=\"M0 384.662V127.338c0-17.818 21.543-26.741 34.142-14.142l128.662 128.662c7.81 7.81 7.81 20.474 0 28.284L34.142 398.804C21.543 411.404 0 402.48 0 384.662z\"><\/path><\/svg><\/span>\n\t\t\t\t\t\t\t\t<span class=\"elementor-toggle-icon-opened\"><svg class=\"elementor-toggle-icon-opened e-font-icon-svg e-fas-caret-up\" viewBox=\"0 0 320 512\" xmlns=\"http:\/\/www.w3.org\/2000\/svg\"><path d=\"M288.662 352H31.338c-17.818 0-26.741-21.543-14.142-34.142l128.662-128.662c7.81-7.81 20.474-7.81 28.284 0l128.662 128.662c12.6 12.599 3.676 34.142-14.142 34.142z\"><\/path><\/svg><\/span>\n\t\t\t\t\t\t\t\t\t\t\t\t\t<\/span>\n\t\t\t\t\t\t\t\t\t\t\t\t<a class=\"elementor-toggle-title\" tabindex=\"0\">Quais s\u00e3o as caracter\u00edsticas especiais do Wish Hotel da Bahia?<\/a>\n\t\t\t\t\t<\/div>\n\n\t\t\t\t\t<div id=\"elementor-tab-content-1933\" class=\"elementor-tab-content elementor-clearfix\" data-tab=\"3\" role=\"region\" aria-labelledby=\"elementor-tab-title-1933\"><p data-pm-slice=\"1 1 [&quot;orderedList&quot;,{&quot;order&quot;:1},&quot;listItem&quot;,null]\">Reaberto em 2013, o Wish Hotel da Bahia \u00e9 conhecido por seus 400 quartos, incluindo uma luxuosa su\u00edte presidencial de 300 metros quadrados. N\u00e3o \u00e9 apenas um lugar para ficar, mas uma pe\u00e7a da hist\u00f3ria de Salvador, oferecendo uma experi\u00eancia de hospedagem \u00fanica.<\/p><\/div>\n\t\t\t\t<\/div>\n\t\t\t\t\t\t\t<div class=\"elementor-toggle-item\">\n\t\t\t\t\t<div id=\"elementor-tab-title-1934\" class=\"elementor-tab-title\" data-tab=\"4\" role=\"button\" aria-controls=\"elementor-tab-content-1934\" aria-expanded=\"false\">\n\t\t\t\t\t\t\t\t\t\t\t\t<span class=\"elementor-toggle-icon elementor-toggle-icon-left\" aria-hidden=\"true\">\n\t\t\t\t\t\t\t\t\t\t\t\t\t\t\t<span class=\"elementor-toggle-icon-closed\"><svg class=\"e-font-icon-svg e-fas-caret-right\" viewBox=\"0 0 192 512\" xmlns=\"http:\/\/www.w3.org\/2000\/svg\"><path d=\"M0 384.662V127.338c0-17.818 21.543-26.741 34.142-14.142l128.662 128.662c7.81 7.81 7.81 20.474 0 28.284L34.142 398.804C21.543 411.404 0 402.48 0 384.662z\"><\/path><\/svg><\/span>\n\t\t\t\t\t\t\t\t<span class=\"elementor-toggle-icon-opened\"><svg class=\"elementor-toggle-icon-opened e-font-icon-svg e-fas-caret-up\" viewBox=\"0 0 320 512\" xmlns=\"http:\/\/www.w3.org\/2000\/svg\"><path d=\"M288.662 352H31.338c-17.818 0-26.741-21.543-14.142-34.142l128.662-128.662c7.81-7.81 20.474-7.81 28.284 0l128.662 128.662c12.6 12.599 3.676 34.142-14.142 34.142z\"><\/path><\/svg><\/span>\n\t\t\t\t\t\t\t\t\t\t\t\t\t<\/span>\n\t\t\t\t\t\t\t\t\t\t\t\t<a class=\"elementor-toggle-title\" tabindex=\"0\">O que \u00e9 especial sobre o La Villa Bahia?<\/a>\n\t\t\t\t\t<\/div>\n\n\t\t\t\t\t<div id=\"elementor-tab-content-1934\" class=\"elementor-tab-content elementor-clearfix\" data-tab=\"4\" role=\"region\" aria-labelledby=\"elementor-tab-title-1934\"><p data-pm-slice=\"1 1 [&quot;orderedList&quot;,{&quot;order&quot;:1},&quot;listItem&quot;,null]\">Localizado no cora\u00e7\u00e3o do Pelourinho, o La Villa Bahia \u00e9 conhecido por seus 17 quartos decorados de forma vibrante e \u00fanica. O hotel \u00e9 uma celebra\u00e7\u00e3o da cultura e arte baianas, imerso na hist\u00f3ria e energia do centro hist\u00f3rico de Salvador.<\/p><\/div>\n\t\t\t\t<\/div>\n\t\t\t\t\t\t\t<div class=\"elementor-toggle-item\">\n\t\t\t\t\t<div id=\"elementor-tab-title-1935\" class=\"elementor-tab-title\" data-tab=\"5\" role=\"button\" aria-controls=\"elementor-tab-content-1935\" aria-expanded=\"false\">\n\t\t\t\t\t\t\t\t\t\t\t\t<span class=\"elementor-toggle-icon elementor-toggle-icon-left\" aria-hidden=\"true\">\n\t\t\t\t\t\t\t\t\t\t\t\t\t\t\t<span class=\"elementor-toggle-icon-closed\"><svg class=\"e-font-icon-svg e-fas-caret-right\" viewBox=\"0 0 192 512\" xmlns=\"http:\/\/www.w3.org\/2000\/svg\"><path d=\"M0 384.662V127.338c0-17.818 21.543-26.741 34.142-14.142l128.662 128.662c7.81 7.81 7.81 20.474 0 28.284L34.142 398.804C21.543 411.404 0 402.48 0 384.662z\"><\/path><\/svg><\/span>\n\t\t\t\t\t\t\t\t<span class=\"elementor-toggle-icon-opened\"><svg class=\"elementor-toggle-icon-opened e-font-icon-svg e-fas-caret-up\" viewBox=\"0 0 320 512\" xmlns=\"http:\/\/www.w3.org\/2000\/svg\"><path d=\"M288.662 352H31.338c-17.818 0-26.741-21.543-14.142-34.142l128.662-128.662c7.81-7.81 20.474-7.81 28.284 0l128.662 128.662c12.6 12.599 3.676 34.142-14.142 34.142z\"><\/path><\/svg><\/span>\n\t\t\t\t\t\t\t\t\t\t\t\t\t<\/span>\n\t\t\t\t\t\t\t\t\t\t\t\t<a class=\"elementor-toggle-title\" tabindex=\"0\">O que torna o Tivoli Ecoresort Praia do Forte especial?<\/a>\n\t\t\t\t\t<\/div>\n\n\t\t\t\t\t<div id=\"elementor-tab-content-1935\" class=\"elementor-tab-content elementor-clearfix\" data-tab=\"5\" role=\"region\" aria-labelledby=\"elementor-tab-title-1935\"><p data-pm-slice=\"1 1 [&quot;orderedList&quot;,{&quot;order&quot;:1},&quot;listItem&quot;,null]\">Localizado em Mata de S\u00e3o Jo\u00e3o, o Tivoli Ecoresort Praia do Forte \u00e9 um eco-resort de luxo com 287 quartos. Combina a beleza natural da Bahia com instala\u00e7\u00f5es de primeira linha, proporcionando uma estadia inesquec\u00edvel em harmonia com a natureza.<\/p><\/div>\n\t\t\t\t<\/div>\n\t\t\t\t\t\t\t<div class=\"elementor-toggle-item\">\n\t\t\t\t\t<div id=\"elementor-tab-title-1936\" class=\"elementor-tab-title\" data-tab=\"6\" role=\"button\" aria-controls=\"elementor-tab-content-1936\" aria-expanded=\"false\">\n\t\t\t\t\t\t\t\t\t\t\t\t<span class=\"elementor-toggle-icon elementor-toggle-icon-left\" aria-hidden=\"true\">\n\t\t\t\t\t\t\t\t\t\t\t\t\t\t\t<span class=\"elementor-toggle-icon-closed\"><svg class=\"e-font-icon-svg e-fas-caret-right\" viewBox=\"0 0 192 512\" xmlns=\"http:\/\/www.w3.org\/2000\/svg\"><path d=\"M0 384.662V127.338c0-17.818 21.543-26.741 34.142-14.142l128.662 128.662c7.81 7.81 7.81 20.474 0 28.284L34.142 398.804C21.543 411.404 0 402.48 0 384.662z\"><\/path><\/svg><\/span>\n\t\t\t\t\t\t\t\t<span class=\"elementor-toggle-icon-opened\"><svg class=\"elementor-toggle-icon-opened e-font-icon-svg e-fas-caret-up\" viewBox=\"0 0 320 512\" xmlns=\"http:\/\/www.w3.org\/2000\/svg\"><path d=\"M288.662 352H31.338c-17.818 0-26.741-21.543-14.142-34.142l128.662-128.662c7.81-7.81 20.474-7.81 28.284 0l128.662 128.662c12.6 12.599 3.676 34.142-14.142 34.142z\"><\/path><\/svg><\/span>\n\t\t\t\t\t\t\t\t\t\t\t\t\t<\/span>\n\t\t\t\t\t\t\t\t\t\t\t\t<a class=\"elementor-toggle-title\" tabindex=\"0\">Como \u00e9 a experi\u00eancia na Pousada Ref\u00fagio da Vila, Praia do Forte?<\/a>\n\t\t\t\t\t<\/div>\n\n\t\t\t\t\t<div id=\"elementor-tab-content-1936\" class=\"elementor-tab-content elementor-clearfix\" data-tab=\"6\" role=\"region\" aria-labelledby=\"elementor-tab-title-1936\"><p data-pm-slice=\"1 1 [&quot;orderedList&quot;,{&quot;order&quot;:1},&quot;listItem&quot;,null]\">A Pousada Ref\u00fagio da Vila oferece um ambiente sereno e \u00edntimo com 30 su\u00edtes. \u00c9 conhecida por sua atmosfera aconchegante e calorosa, ideal para quem procura relaxar e se desconectar em um ambiente pac\u00edfico.<\/p><\/div>\n\t\t\t\t<\/div>\n\t\t\t\t\t\t\t<div class=\"elementor-toggle-item\">\n\t\t\t\t\t<div id=\"elementor-tab-title-1937\" class=\"elementor-tab-title\" data-tab=\"7\" role=\"button\" aria-controls=\"elementor-tab-content-1937\" aria-expanded=\"false\">\n\t\t\t\t\t\t\t\t\t\t\t\t<span class=\"elementor-toggle-icon elementor-toggle-icon-left\" aria-hidden=\"true\">\n\t\t\t\t\t\t\t\t\t\t\t\t\t\t\t<span class=\"elementor-toggle-icon-closed\"><svg class=\"e-font-icon-svg e-fas-caret-right\" viewBox=\"0 0 192 512\" xmlns=\"http:\/\/www.w3.org\/2000\/svg\"><path d=\"M0 384.662V127.338c0-17.818 21.543-26.741 34.142-14.142l128.662 128.662c7.81 7.81 7.81 20.474 0 28.284L34.142 398.804C21.543 411.404 0 402.48 0 384.662z\"><\/path><\/svg><\/span>\n\t\t\t\t\t\t\t\t<span class=\"elementor-toggle-icon-opened\"><svg class=\"elementor-toggle-icon-opened e-font-icon-svg e-fas-caret-up\" viewBox=\"0 0 320 512\" xmlns=\"http:\/\/www.w3.org\/2000\/svg\"><path d=\"M288.662 352H31.338c-17.818 0-26.741-21.543-14.142-34.142l128.662-128.662c7.81-7.81 20.474-7.81 28.284 0l128.662 128.662c12.6 12.599 3.676 34.142-14.142 34.142z\"><\/path><\/svg><\/span>\n\t\t\t\t\t\t\t\t\t\t\t\t\t<\/span>\n\t\t\t\t\t\t\t\t\t\t\t\t<a class=\"elementor-toggle-title\" tabindex=\"0\">Me fale sobre o Hotel Vila dos Orix\u00e1s, Morro de S\u00e3o Paulo.<\/a>\n\t\t\t\t\t<\/div>\n\n\t\t\t\t\t<div id=\"elementor-tab-content-1937\" class=\"elementor-tab-content elementor-clearfix\" data-tab=\"7\" role=\"region\" aria-labelledby=\"elementor-tab-title-1937\"><p data-pm-slice=\"1 1 [&quot;orderedList&quot;,{&quot;order&quot;:1},&quot;listItem&quot;,null]\">O Hotel Vila dos Orix\u00e1s, localizado na Praia do Encanto em Morro de S\u00e3o Paulo, disp\u00f5e de 15 bangal\u00f4s independentes em um cen\u00e1rio natural intocado. \u00c9 perfeito para h\u00f3spedes que buscam privacidade, conforto e uma conex\u00e3o direta com a natureza.<\/p><\/div>\n\t\t\t\t<\/div>\n\t\t\t\t\t\t\t<div class=\"elementor-toggle-item\">\n\t\t\t\t\t<div id=\"elementor-tab-title-1938\" class=\"elementor-tab-title\" data-tab=\"8\" role=\"button\" aria-controls=\"elementor-tab-content-1938\" aria-expanded=\"false\">\n\t\t\t\t\t\t\t\t\t\t\t\t<span class=\"elementor-toggle-icon elementor-toggle-icon-left\" aria-hidden=\"true\">\n\t\t\t\t\t\t\t\t\t\t\t\t\t\t\t<span class=\"elementor-toggle-icon-closed\"><svg class=\"e-font-icon-svg e-fas-caret-right\" viewBox=\"0 0 192 512\" xmlns=\"http:\/\/www.w3.org\/2000\/svg\"><path d=\"M0 384.662V127.338c0-17.818 21.543-26.741 34.142-14.142l128.662 128.662c7.81 7.81 7.81 20.474 0 28.284L34.142 398.804C21.543 411.404 0 402.48 0 384.662z\"><\/path><\/svg><\/span>\n\t\t\t\t\t\t\t\t<span class=\"elementor-toggle-icon-opened\"><svg class=\"elementor-toggle-icon-opened e-font-icon-svg e-fas-caret-up\" viewBox=\"0 0 320 512\" xmlns=\"http:\/\/www.w3.org\/2000\/svg\"><path d=\"M288.662 352H31.338c-17.818 0-26.741-21.543-14.142-34.142l128.662-128.662c7.81-7.81 20.474-7.81 28.284 0l128.662 128.662c12.6 12.599 3.676 34.142-14.142 34.142z\"><\/path><\/svg><\/span>\n\t\t\t\t\t\t\t\t\t\t\t\t\t<\/span>\n\t\t\t\t\t\t\t\t\t\t\t\t<a class=\"elementor-toggle-title\" tabindex=\"0\">O que os h\u00f3spedes podem esperar na Pousada Mangabeiras, Ilha de Boipeba?<\/a>\n\t\t\t\t\t<\/div>\n\n\t\t\t\t\t<div id=\"elementor-tab-content-1938\" class=\"elementor-tab-content elementor-clearfix\" data-tab=\"8\" role=\"region\" aria-labelledby=\"elementor-tab-title-1938\"><p data-pm-slice=\"1 1 [&quot;orderedList&quot;,{&quot;order&quot;:1},&quot;listItem&quot;,null]\">A Pousada Mangabeiras \u00e9 um ref\u00fagio ecol\u00f3gico localizado na praia Boca da Barra, Ilha de Boipeba. Oferece 11 bangal\u00f4s rodeados pela natureza exuberante, combinando luxo com sustentabilidade para uma estadia tranquila e harmoniosa.<\/p><\/div>\n\t\t\t\t<\/div>\n\t\t\t\t\t\t\t\t\t\t<script type=\"application\/ld+json\">{\"@context\":\"https:\\\/\\\/schema.org\",\"@type\":\"FAQPage\",\"mainEntity\":[{\"@type\":\"Question\",\"name\":\"O que torna o Hotel Fasano Salvador \\u00fanico?\",\"acceptedAnswer\":{\"@type\":\"Answer\",\"text\":\"<p data-pm-slice=\\\"1 1 [&quot;orderedList&quot;,{&quot;order&quot;:1},&quot;listItem&quot;,null]\\\">O Hotel Fasano Salvador se destaca pela combina\\u00e7\\u00e3o de charme hist\\u00f3rico e luxo moderno. Situado em um edif\\u00edcio hist\\u00f3rico, oferece vistas deslumbrantes da Pra\\u00e7a Castro Alves e do mar, proporcionando uma experi\\u00eancia \\u00fanica que mistura a rica hist\\u00f3ria de Salvador com confortos contempor\\u00e2neos.<\\\/p>\"}},{\"@type\":\"Question\",\"name\":\"Pode me contar mais sobre o Fera Palace Hotel?\",\"acceptedAnswer\":{\"@type\":\"Answer\",\"text\":\"<p data-pm-slice=\\\"1 1 [&quot;orderedList&quot;,{&quot;order&quot;:1},&quot;listItem&quot;,null]\\\">O Fera Palace Hotel, localizado no Centro Hist\\u00f3rico de Salvador, \\u00e9 uma vers\\u00e3o moderna do primeiro hotel de luxo da cidade. Com 81 quartos e uma su\\u00edte espa\\u00e7osa de 110 metros quadrados, oferece uma mistura perfeita de luxo, hist\\u00f3ria e comodidades modernas.<\\\/p>\"}},{\"@type\":\"Question\",\"name\":\"Quais s\\u00e3o as caracter\\u00edsticas especiais do Wish Hotel da Bahia?\",\"acceptedAnswer\":{\"@type\":\"Answer\",\"text\":\"<p data-pm-slice=\\\"1 1 [&quot;orderedList&quot;,{&quot;order&quot;:1},&quot;listItem&quot;,null]\\\">Reaberto em 2013, o Wish Hotel da Bahia \\u00e9 conhecido por seus 400 quartos, incluindo uma luxuosa su\\u00edte presidencial de 300 metros quadrados. N\\u00e3o \\u00e9 apenas um lugar para ficar, mas uma pe\\u00e7a da hist\\u00f3ria de Salvador, oferecendo uma experi\\u00eancia de hospedagem \\u00fanica.<\\\/p>\"}},{\"@type\":\"Question\",\"name\":\"O que \\u00e9 especial sobre o La Villa Bahia?\",\"acceptedAnswer\":{\"@type\":\"Answer\",\"text\":\"<p data-pm-slice=\\\"1 1 [&quot;orderedList&quot;,{&quot;order&quot;:1},&quot;listItem&quot;,null]\\\">Localizado no cora\\u00e7\\u00e3o do Pelourinho, o La Villa Bahia \\u00e9 conhecido por seus 17 quartos decorados de forma vibrante e \\u00fanica. O hotel \\u00e9 uma celebra\\u00e7\\u00e3o da cultura e arte baianas, imerso na hist\\u00f3ria e energia do centro hist\\u00f3rico de Salvador.<\\\/p>\"}},{\"@type\":\"Question\",\"name\":\"O que torna o Tivoli Ecoresort Praia do Forte especial?\",\"acceptedAnswer\":{\"@type\":\"Answer\",\"text\":\"<p data-pm-slice=\\\"1 1 [&quot;orderedList&quot;,{&quot;order&quot;:1},&quot;listItem&quot;,null]\\\">Localizado em Mata de S\\u00e3o Jo\\u00e3o, o Tivoli Ecoresort Praia do Forte \\u00e9 um eco-resort de luxo com 287 quartos. Combina a beleza natural da Bahia com instala\\u00e7\\u00f5es de primeira linha, proporcionando uma estadia inesquec\\u00edvel em harmonia com a natureza.<\\\/p>\"}},{\"@type\":\"Question\",\"name\":\"Como \\u00e9 a experi\\u00eancia na Pousada Ref\\u00fagio da Vila, Praia do Forte?\",\"acceptedAnswer\":{\"@type\":\"Answer\",\"text\":\"<p data-pm-slice=\\\"1 1 [&quot;orderedList&quot;,{&quot;order&quot;:1},&quot;listItem&quot;,null]\\\">A Pousada Ref\\u00fagio da Vila oferece um ambiente sereno e \\u00edntimo com 30 su\\u00edtes. \\u00c9 conhecida por sua atmosfera aconchegante e calorosa, ideal para quem procura relaxar e se desconectar em um ambiente pac\\u00edfico.<\\\/p>\"}},{\"@type\":\"Question\",\"name\":\"Me fale sobre o Hotel Vila dos Orix\\u00e1s, Morro de S\\u00e3o Paulo.\",\"acceptedAnswer\":{\"@type\":\"Answer\",\"text\":\"<p data-pm-slice=\\\"1 1 [&quot;orderedList&quot;,{&quot;order&quot;:1},&quot;listItem&quot;,null]\\\">O Hotel Vila dos Orix\\u00e1s, localizado na Praia do Encanto em Morro de S\\u00e3o Paulo, disp\\u00f5e de 15 bangal\\u00f4s independentes em um cen\\u00e1rio natural intocado. \\u00c9 perfeito para h\\u00f3spedes que buscam privacidade, conforto e uma conex\\u00e3o direta com a natureza.<\\\/p>\"}},{\"@type\":\"Question\",\"name\":\"O que os h\\u00f3spedes podem esperar na Pousada Mangabeiras, Ilha de Boipeba?\",\"acceptedAnswer\":{\"@type\":\"Answer\",\"text\":\"<p data-pm-slice=\\\"1 1 [&quot;orderedList&quot;,{&quot;order&quot;:1},&quot;listItem&quot;,null]\\\">A Pousada Mangabeiras \\u00e9 um ref\\u00fagio ecol\\u00f3gico localizado na praia Boca da Barra, Ilha de Boipeba. Oferece 11 bangal\\u00f4s rodeados pela natureza exuberante, combinando luxo com sustentabilidade para uma estadia tranquila e harmoniosa.<\\\/p>\"}}]}<\/script>\n\t\t\t\t\t<\/div>\n\t\t\t\t<\/div>\n\t\t\t\t<\/div>\n\t\t\t\t<div class=\"elementor-element elementor-element-a2851b9 elementor--h-position-center elementor--v-position-middle elementor-arrows-position-inside elementor-pagination-position-inside elementor-widget elementor-widget-slides\" data-id=\"a2851b9\" data-element_type=\"widget\" data-settings=\"{&quot;navigation&quot;:&quot;both&quot;,&quot;autoplay&quot;:&quot;yes&quot;,&quot;pause_on_hover&quot;:&quot;yes&quot;,&quot;pause_on_interaction&quot;:&quot;yes&quot;,&quot;autoplay_speed&quot;:5000,&quot;infinite&quot;:&quot;yes&quot;,&quot;transition&quot;:&quot;slide&quot;,&quot;transition_speed&quot;:500}\" data-widget_type=\"slides.default\">\n\t\t\t\t<div class=\"elementor-widget-container\">\n\t\t\t<style>\/*! elementor-pro - v3.18.0 - 20-12-2023 *\/\n.elementor-slides .swiper-slide-bg{background-size:cover;background-position:50%;background-repeat:no-repeat;min-width:100%;min-height:100%}.elementor-slides .swiper-slide-inner{background-repeat:no-repeat;background-position:50%;position:absolute;top:0;left:0;bottom:0;right:0;padding:50px;margin:auto}.elementor-slides .swiper-slide-inner,.elementor-slides .swiper-slide-inner:hover{color:#fff;display:flex}.elementor-slides .swiper-slide-inner .elementor-background-overlay{position:absolute;z-index:0;top:0;bottom:0;left:0;right:0}.elementor-slides .swiper-slide-inner .elementor-slide-content{position:relative;z-index:1;width:100%}.elementor-slides .swiper-slide-inner .elementor-slide-heading{font-size:35px;font-weight:700;line-height:1}.elementor-slides .swiper-slide-inner .elementor-slide-description{font-size:17px;line-height:1.4}.elementor-slides .swiper-slide-inner .elementor-slide-description:not(:last-child),.elementor-slides .swiper-slide-inner .elementor-slide-heading:not(:last-child){margin-bottom:30px}.elementor-slides .swiper-slide-inner .elementor-slide-button{border:2px solid #fff;color:#fff;background:transparent;display:inline-block}.elementor-slides .swiper-slide-inner .elementor-slide-button,.elementor-slides .swiper-slide-inner .elementor-slide-button:hover{background:transparent;color:inherit;text-decoration:none}.elementor--v-position-top .swiper-slide-inner{align-items:flex-start}.elementor--v-position-bottom .swiper-slide-inner{align-items:flex-end}.elementor--v-position-middle .swiper-slide-inner{align-items:center}.elementor--h-position-left .swiper-slide-inner{justify-content:flex-start}.elementor--h-position-right .swiper-slide-inner{justify-content:flex-end}.elementor--h-position-center .swiper-slide-inner{justify-content:center}body.rtl .elementor-widget-slides .elementor-swiper-button-next{left:10px;right:auto}body.rtl .elementor-widget-slides .elementor-swiper-button-prev{right:10px;left:auto}.elementor-slides-wrapper div:not(.swiper-slide)>.swiper-slide-inner{display:none}@media (max-width:767px){.elementor-slides .swiper-slide-inner{padding:30px}.elementor-slides .swiper-slide-inner .elementor-slide-heading{font-size:23px;line-height:1;margin-bottom:15px}.elementor-slides .swiper-slide-inner .elementor-slide-description{font-size:13px;line-height:1.4;margin-bottom:15px}}<\/style>\t\t<div class=\"elementor-swiper\">\n\t\t\t<div class=\"elementor-slides-wrapper elementor-main-swiper swiper-container\" dir=\"ltr\" data-animation=\"fadeInUp\">\n\t\t\t\t<div class=\"swiper-wrapper elementor-slides\">\n\t\t\t\t\t\t\t\t\t\t<div class=\"elementor-repeater-item-00271f8 swiper-slide\"><div class=\"swiper-slide-bg\" role=\"img\"><\/div><a class=\"swiper-slide-inner\" href=\"https:\/\/ofertas.blumarturismo.com.br\/resorts\"><div class=\"swiper-slide-contents\"><\/div><\/a><\/div><div class=\"elementor-repeater-item-71b0de2 swiper-slide\"><div class=\"swiper-slide-bg\" role=\"img\"><\/div><a class=\"swiper-slide-inner\" href=\"https:\/\/ofertas.blumarturismo.com.br\/passeio-de-lancha-rio-de-janeiro\"><div class=\"swiper-slide-contents\"><\/div><\/a><\/div><div class=\"elementor-repeater-item-332d8cd swiper-slide\"><div class=\"swiper-slide-bg\" role=\"img\"><\/div><a class=\"swiper-slide-inner\" href=\"https:\/\/ofertas.blumarturismo.com.br\/melhores-hoteis-do-rio-de-janeiro\"><div class=\"swiper-slide-contents\"><\/div><\/a><\/div><div class=\"elementor-repeater-item-46aaeea swiper-slide\"><div class=\"swiper-slide-bg\" role=\"img\"><\/div><a class=\"swiper-slide-inner\" href=\"https:\/\/ofertas.blumarturismo.com.br\/pacote-rota-dos-ventos\"><div class=\"swiper-slide-contents\"><\/div><\/a><\/div><div class=\"elementor-repeater-item-2bdaca9 swiper-slide\"><div class=\"swiper-slide-bg\" role=\"img\"><\/div><a class=\"swiper-slide-inner\" href=\"https:\/\/ofertas.blumarturismo.com.br\/temporada-de-cruzeiros\"><div class=\"swiper-slide-contents\"><\/div><\/a><\/div><div class=\"elementor-repeater-item-f956ea8 swiper-slide\"><div class=\"swiper-slide-bg\" role=\"img\"><\/div><a class=\"swiper-slide-inner\" href=\"https:\/\/ofertas.blumarturismo.com.br\/rota-das-emocoes\"><div class=\"swiper-slide-contents\"><\/div><\/a><\/div><div class=\"elementor-repeater-item-aee1f66 swiper-slide\"><div class=\"swiper-slide-bg\" role=\"img\"><\/div><a class=\"swiper-slide-inner\" href=\"https:\/\/ofertas.blumarturismo.com.br\/gramado\"><div class=\"swiper-slide-contents\"><\/div><\/a><\/div><div class=\"elementor-repeater-item-5e87a03 swiper-slide\"><div class=\"swiper-slide-bg\" role=\"img\"><\/div><a class=\"swiper-slide-inner\" href=\"https:\/\/ofertas.blumarturismo.com.br\/paraty\"><div class=\"swiper-slide-contents\"><\/div><\/a><\/div><div class=\"elementor-repeater-item-1bdad86 swiper-slide\"><div class=\"swiper-slide-bg\" role=\"img\"><\/div><a class=\"swiper-slide-inner\" href=\"https:\/\/ofertas.blumarturismo.com.br\/bonito\"><div class=\"swiper-slide-contents\"><\/div><\/a><\/div><div class=\"elementor-repeater-item-f2b10ae swiper-slide\"><div class=\"swiper-slide-bg\" role=\"img\"><\/div><a class=\"swiper-slide-inner\" href=\"https:\/\/ofertas.blumarturismo.com.br\/fernando-de-noronha\"><div class=\"swiper-slide-contents\"><\/div><\/a><\/div>\t\t\t\t<\/div>\n\t\t\t\t\t\t\t\t\t\t\t\t\t\t\t<div class=\"swiper-pagination\"><\/div>\n\t\t\t\t\t\t\t\t\t\t\t\t\t\t\t\t<div class=\"elementor-swiper-button elementor-swiper-button-prev\" role=\"button\" tabindex=\"0\">\n\t\t\t\t\t\t\t<svg aria-hidden=\"true\" class=\"e-font-icon-svg e-eicon-chevron-left\" viewBox=\"0 0 1000 1000\" xmlns=\"http:\/\/www.w3.org\/2000\/svg\"><path d=\"M646 125C629 125 613 133 604 142L308 442C296 454 292 471 292 487 292 504 296 521 308 533L604 854C617 867 629 875 646 875 663 875 679 871 692 858 704 846 713 829 713 812 713 796 708 779 692 767L438 487 692 225C700 217 708 204 708 187 708 171 704 154 692 142 675 129 663 125 646 125Z\"><\/path><\/svg>\t\t\t\t\t\t\t<span class=\"elementor-screen-only\">Previous slide<\/span>\n\t\t\t\t\t\t<\/div>\n\t\t\t\t\t\t<div class=\"elementor-swiper-button elementor-swiper-button-next\" role=\"button\" tabindex=\"0\">\n\t\t\t\t\t\t\t<svg aria-hidden=\"true\" class=\"e-font-icon-svg e-eicon-chevron-right\" viewBox=\"0 0 1000 1000\" xmlns=\"http:\/\/www.w3.org\/2000\/svg\"><path d=\"M696 533C708 521 713 504 713 487 713 471 708 454 696 446L400 146C388 133 375 125 354 125 338 125 325 129 313 142 300 154 292 171 292 187 292 204 296 221 308 233L563 492 304 771C292 783 288 800 288 817 288 833 296 850 308 863 321 871 338 875 354 875 371 875 388 867 400 854L696 533Z\"><\/path><\/svg>\t\t\t\t\t\t\t<span class=\"elementor-screen-only\">Next slide<\/span>\n\t\t\t\t\t\t<\/div>\n\t\t\t\t\t\t\t\t\t\t\t\t<\/div>\n\t\t<\/div>\n\t\t\t\t<\/div>\n\t\t\t\t<\/div>\n\t\t\t\t\t<\/div>\n\t\t\t\t<\/div>\n\t\t\t\t<section class=\"elementor-section elementor-top-section elementor-element elementor-element-cd4260c elementor-section-boxed elementor-section-height-default elementor-section-height-default\" data-id=\"cd4260c\" data-element_type=\"section\">\n\t\t\t\t\t\t<div class=\"elementor-container elementor-column-gap-default\">\n\t\t\t\t\t<div class=\"elementor-column elementor-col-100 elementor-top-column elementor-element elementor-element-210975d\" data-id=\"210975d\" data-element_type=\"column\" data-settings=\"{&quot;background_background&quot;:&quot;classic&quot;}\">\n\t\t\t<div class=\"elementor-widget-wrap elementor-element-populated\">\n\t\t\t\t\t\t\t\t<div class=\"elementor-element elementor-element-24aaa79 elementor-view-stacked elementor-position-left elementor-vertical-align-middle elementor-shape-circle elementor-mobile-position-top elementor-widget elementor-widget-icon-box\" data-id=\"24aaa79\" data-element_type=\"widget\" data-widget_type=\"icon-box.default\">\n\t\t\t\t<div class=\"elementor-widget-container\">\n\t\t\t<link rel=\"stylesheet\" href=\"https:\/\/www.blumarturismo.com.br\/blog\/wp-content\/plugins\/elementor\/assets\/css\/widget-icon-box.min.css\">\t\t<div class=\"elementor-icon-box-wrapper\">\n\t\t\t\t\t\t<div class=\"elementor-icon-box-icon\">\n\t\t\t\t<a href=\"https:\/\/www.instagram.com\/p\/CUNR9t-sFBc\/\" class=\"elementor-icon elementor-animation-\" tabindex=\"-1\">\n\t\t\t\t<svg aria-hidden=\"true\" class=\"e-font-icon-svg e-fab-instagram\" viewBox=\"0 0 448 512\" xmlns=\"http:\/\/www.w3.org\/2000\/svg\"><path d=\"M224.1 141c-63.6 0-114.9 51.3-114.9 114.9s51.3 114.9 114.9 114.9S339 319.5 339 255.9 287.7 141 224.1 141zm0 189.6c-41.1 0-74.7-33.5-74.7-74.7s33.5-74.7 74.7-74.7 74.7 33.5 74.7 74.7-33.6 74.7-74.7 74.7zm146.4-194.3c0 14.9-12 26.8-26.8 26.8-14.9 0-26.8-12-26.8-26.8s12-26.8 26.8-26.8 26.8 12 26.8 26.8zm76.1 27.2c-1.7-35.9-9.9-67.7-36.2-93.9-26.2-26.2-58-34.4-93.9-36.2-37-2.1-147.9-2.1-184.9 0-35.8 1.7-67.6 9.9-93.9 36.1s-34.4 58-36.2 93.9c-2.1 37-2.1 147.9 0 184.9 1.7 35.9 9.9 67.7 36.2 93.9s58 34.4 93.9 36.2c37 2.1 147.9 2.1 184.9 0 35.9-1.7 67.7-9.9 93.9-36.2 26.2-26.2 34.4-58 36.2-93.9 2.1-37 2.1-147.8 0-184.8zM398.8 388c-7.8 19.6-22.9 34.7-42.6 42.6-29.5 11.7-99.5 9-132.1 9s-102.7 2.6-132.1-9c-19.6-7.8-34.7-22.9-42.6-42.6-11.7-29.5-9-99.5-9-132.1s-2.6-102.7 9-132.1c7.8-19.6 22.9-34.7 42.6-42.6 29.5-11.7 99.5-9 132.1-9s102.7-2.6 132.1 9c19.6 7.8 34.7 22.9 42.6 42.6 11.7 29.5 9 99.5 9 132.1s2.7 102.7-9 132.1z\"><\/path><\/svg>\t\t\t\t<\/a>\n\t\t\t<\/div>\n\t\t\t\t\t\t<div class=\"elementor-icon-box-content\">\n\t\t\t\t<h6 class=\"elementor-icon-box-title\">\n\t\t\t\t\t<a href=\"https:\/\/www.instagram.com\/p\/CUNR9t-sFBc\/\" >\n\t\t\t\t\t\tCUrtiu a dica? \t\t\t\t\t<\/a>\n\t\t\t\t<\/h6>\n\t\t\t\t\t\t\t\t\t<p class=\"elementor-icon-box-description\">\n\t\t\t\t\t\tSiga a Blumar e compartilhe com quem voc\u00ea quer levar para esse para\u00edso!\t\t\t\t\t<\/p>\n\t\t\t\t\t\t\t<\/div>\n\t\t<\/div>\n\t\t\t\t<\/div>\n\t\t\t\t<\/div>\n\t\t\t\t\t<\/div>\n\t\t<\/div>\n\t\t\t\t\t\t\t<\/div>\n\t\t<\/section>\n\t\t\t\t<section class=\"elementor-section elementor-top-section elementor-element elementor-element-77545ed elementor-section-boxed elementor-section-height-default elementor-section-height-default\" data-id=\"77545ed\" data-element_type=\"section\">\n\t\t\t\t\t\t<div class=\"elementor-container elementor-column-gap-default\">\n\t\t\t\t\t<div class=\"elementor-column elementor-col-100 elementor-top-column elementor-element elementor-element-f47b29d\" data-id=\"f47b29d\" data-element_type=\"column\">\n\t\t\t<div class=\"elementor-widget-wrap elementor-element-populated\">\n\t\t\t\t\t\t\t\t<section class=\"elementor-section elementor-inner-section elementor-element elementor-element-ef5c06d elementor-section-boxed elementor-section-height-default elementor-section-height-default\" data-id=\"ef5c06d\" data-element_type=\"section\">\n\t\t\t\t\t\t<div class=\"elementor-container elementor-column-gap-no\">\n\t\t\t\t\t<div class=\"elementor-column elementor-col-100 elementor-inner-column elementor-element elementor-element-98ebcf0\" data-id=\"98ebcf0\" data-element_type=\"column\">\n\t\t\t<div class=\"elementor-widget-wrap elementor-element-populated\">\n\t\t\t\t\t\t\t\t<div class=\"elementor-element elementor-element-294c1eb elementor-widget-divider--view-line elementor-widget elementor-widget-divider\" data-id=\"294c1eb\" data-element_type=\"widget\" data-widget_type=\"divider.default\">\n\t\t\t\t<div class=\"elementor-widget-container\">\n\t\t\t\t\t<div class=\"elementor-divider\">\n\t\t\t<span class=\"elementor-divider-separator\">\n\t\t\t\t\t\t<\/span>\n\t\t<\/div>\n\t\t\t\t<\/div>\n\t\t\t\t<\/div>\n\t\t\t\t<div class=\"elementor-element elementor-element-0a4f937 elementor-widget elementor-widget-text-editor\" data-id=\"0a4f937\" data-element_type=\"widget\" data-widget_type=\"text-editor.default\">\n\t\t\t\t<div class=\"elementor-widget-container\">\n\t\t\t\t\t\t\t<h2 style=\"text-align: center;\"><span style=\"color: #ff9600;\"><strong>Confira nossas Ofertas de 2025<\/strong><\/span><\/h2>\t\t\t\t\t\t<\/div>\n\t\t\t\t<\/div>\n\t\t\t\t<div class=\"elementor-element elementor-element-5a370af elementor-widget elementor-widget-text-editor\" data-id=\"5a370af\" data-element_type=\"widget\" data-widget_type=\"text-editor.default\">\n\t\t\t\t<div class=\"elementor-widget-container\">\n\t\t\t\t\t\t\t<p>Acreditamos que voc\u00ea possa gostar dessas novidades abaixo, por isso r<span style=\"color: var( --e-global-color-text );\">eunimos aqui as melhores promo\u00e7\u00f5es e condi\u00e7\u00f5es para deixar a sua viagem ainda mais interessante.<\/span><\/p>\t\t\t\t\t\t<\/div>\n\t\t\t\t<\/div>\n\t\t\t\t\t<\/div>\n\t\t<\/div>\n\t\t\t\t\t\t\t<\/div>\n\t\t<\/section>\n\t\t\t\t\t<\/div>\n\t\t<\/div>\n\t\t\t\t\t\t\t<\/div>\n\t\t<\/section>\n\t\t<div class=\"elementor-element elementor-element-ff02b6a e-flex e-con-boxed e-con e-parent\" data-id=\"ff02b6a\" data-element_type=\"container\" data-settings=\"{&quot;content_width&quot;:&quot;boxed&quot;}\" data-core-v316-plus=\"true\">\n\t\t\t\t\t<div class=\"e-con-inner\">\n\t\t<div class=\"elementor-element elementor-element-8972732 e-con-full e-flex e-con e-child\" data-id=\"8972732\" data-element_type=\"container\" data-settings=\"{&quot;content_width&quot;:&quot;full&quot;}\">\n\t\t\t\t<div class=\"elementor-element elementor-element-f10deb0 elementor-widget elementor-widget-image\" data-id=\"f10deb0\" data-element_type=\"widget\" data-widget_type=\"image.default\">\n\t\t\t\t<div class=\"elementor-widget-container\">\n\t\t\t\t\t\t\t\t\t\t\t\t\t\t\t\t<a href=\"https:\/\/ofertas.blumarturismo.com.br\/rota-das-emocoes?utm_source=blog&#038;utm_medium=mini_banner_blog&#038;utm_campaign=ofertas_banner\">\n\t\t\t\t\t\t\t<img loading=\"lazy\" decoding=\"async\" width=\"360\" height=\"280\" src=\"https:\/\/www.blumarturismo.com.br\/blog\/wp-content\/uploads\/2023\/05\/lxs3m34jodk.jpg\" class=\"attachment-large size-large wp-image-52454\" alt=\"Rota das Emo\u00e7\u00f5es\" srcset=\"https:\/\/www.blumarturismo.com.br\/blog\/wp-content\/uploads\/2023\/05\/lxs3m34jodk.jpg 360w, https:\/\/www.blumarturismo.com.br\/blog\/wp-content\/uploads\/2023\/05\/lxs3m34jodk-300x233.jpg 300w\" sizes=\"auto, (max-width: 360px) 100vw, 360px\" \/>\t\t\t\t\t\t\t\t<\/a>\n\t\t\t\t\t\t\t\t\t\t\t\t\t\t\t<\/div>\n\t\t\t\t<\/div>\n\t\t\t\t<\/div>\n\t\t<div class=\"elementor-element elementor-element-7e5aaa0 e-con-full e-flex e-con e-child\" data-id=\"7e5aaa0\" data-element_type=\"container\" data-settings=\"{&quot;content_width&quot;:&quot;full&quot;}\">\n\t\t\t\t<div class=\"elementor-element elementor-element-7c33a5e elementor-widget elementor-widget-image\" data-id=\"7c33a5e\" data-element_type=\"widget\" data-widget_type=\"image.default\">\n\t\t\t\t<div class=\"elementor-widget-container\">\n\t\t\t\t\t\t\t\t\t\t\t\t\t\t\t\t<a href=\"https:\/\/ofertas.blumarturismo.com.br\/melhores-hoteis-do-rio-de-janeiro\">\n\t\t\t\t\t\t\t<img loading=\"lazy\" decoding=\"async\" width=\"360\" height=\"280\" src=\"https:\/\/www.blumarturismo.com.br\/blog\/wp-content\/uploads\/2023\/05\/rio-1.jpg\" class=\"attachment-large size-large wp-image-52456\" alt=\"Rio de Janeiro\" srcset=\"https:\/\/www.blumarturismo.com.br\/blog\/wp-content\/uploads\/2023\/05\/rio-1.jpg 360w, https:\/\/www.blumarturismo.com.br\/blog\/wp-content\/uploads\/2023\/05\/rio-1-300x233.jpg 300w\" sizes=\"auto, (max-width: 360px) 100vw, 360px\" \/>\t\t\t\t\t\t\t\t<\/a>\n\t\t\t\t\t\t\t\t\t\t\t\t\t\t\t<\/div>\n\t\t\t\t<\/div>\n\t\t\t\t<\/div>\n\t\t\t\t\t<\/div>\n\t\t\t\t<\/div>\n\t\t<div class=\"elementor-element elementor-element-6044d8d e-flex e-con-boxed e-con e-parent\" data-id=\"6044d8d\" data-element_type=\"container\" data-settings=\"{&quot;content_width&quot;:&quot;boxed&quot;}\" data-core-v316-plus=\"true\">\n\t\t\t\t\t<div class=\"e-con-inner\">\n\t\t<div class=\"elementor-element elementor-element-b9c4757 e-con-full e-flex e-con e-child\" data-id=\"b9c4757\" data-element_type=\"container\" data-settings=\"{&quot;content_width&quot;:&quot;full&quot;}\">\n\t\t\t\t<div class=\"elementor-element elementor-element-68011d6 elementor-widget elementor-widget-image\" data-id=\"68011d6\" data-element_type=\"widget\" data-widget_type=\"image.default\">\n\t\t\t\t<div class=\"elementor-widget-container\">\n\t\t\t\t\t\t\t\t\t\t\t\t\t\t\t\t<a href=\"https:\/\/ofertas.blumarturismo.com.br\/temporada-de-cruzeiros?utm_source=blog&#038;utm_medium=banner&#038;utm_campaign=slider-criativo-cruzeiros&#038;utm_id=Cruzeiros\">\n\t\t\t\t\t\t\t<img loading=\"lazy\" decoding=\"async\" width=\"360\" height=\"280\" src=\"https:\/\/www.blumarturismo.com.br\/blog\/wp-content\/uploads\/2023\/05\/cruzeiro.jpg\" class=\"attachment-large size-large wp-image-52455\" alt=\"Cruzeiros\" srcset=\"https:\/\/www.blumarturismo.com.br\/blog\/wp-content\/uploads\/2023\/05\/cruzeiro.jpg 360w, https:\/\/www.blumarturismo.com.br\/blog\/wp-content\/uploads\/2023\/05\/cruzeiro-300x233.jpg 300w\" sizes=\"auto, (max-width: 360px) 100vw, 360px\" \/>\t\t\t\t\t\t\t\t<\/a>\n\t\t\t\t\t\t\t\t\t\t\t\t\t\t\t<\/div>\n\t\t\t\t<\/div>\n\t\t\t\t<\/div>\n\t\t<div class=\"elementor-element elementor-element-2d5b21f e-con-full e-flex e-con e-child\" data-id=\"2d5b21f\" data-element_type=\"container\" data-settings=\"{&quot;content_width&quot;:&quot;full&quot;}\">\n\t\t\t\t<div class=\"elementor-element elementor-element-577d082 elementor-widget elementor-widget-image\" data-id=\"577d082\" data-element_type=\"widget\" data-widget_type=\"image.default\">\n\t\t\t\t<div class=\"elementor-widget-container\">\n\t\t\t\t\t\t\t\t\t\t\t\t\t\t\t\t<a href=\"https:\/\/ofertas.blumarturismo.com.br\/as-melhores-ofertas-hoteis-do-nordeste?utm_source=blog&#038;utm_medium=mini_banner_blog&#038;utm_campaign=ofertas_banner\">\n\t\t\t\t\t\t\t<img loading=\"lazy\" decoding=\"async\" width=\"360\" height=\"280\" src=\"https:\/\/www.blumarturismo.com.br\/blog\/wp-content\/uploads\/2023\/05\/77g0pxi7l3j.jpg\" class=\"attachment-large size-large wp-image-52453\" alt=\"Nordeste\" srcset=\"https:\/\/www.blumarturismo.com.br\/blog\/wp-content\/uploads\/2023\/05\/77g0pxi7l3j.jpg 360w, https:\/\/www.blumarturismo.com.br\/blog\/wp-content\/uploads\/2023\/05\/77g0pxi7l3j-300x233.jpg 300w\" sizes=\"auto, (max-width: 360px) 100vw, 360px\" \/>\t\t\t\t\t\t\t\t<\/a>\n\t\t\t\t\t\t\t\t\t\t\t\t\t\t\t<\/div>\n\t\t\t\t<\/div>\n\t\t\t\t<\/div>\n\t\t\t\t\t<\/div>\n\t\t\t\t<\/div>\n\t\t<div class=\"elementor-element elementor-element-4b23bae e-flex e-con-boxed e-con e-parent\" data-id=\"4b23bae\" data-element_type=\"container\" data-settings=\"{&quot;content_width&quot;:&quot;boxed&quot;}\" data-core-v316-plus=\"true\">\n\t\t\t\t\t<div class=\"e-con-inner\">\n\t\t<div class=\"elementor-element elementor-element-4177fbc e-con-full e-flex e-con e-child\" data-id=\"4177fbc\" data-element_type=\"container\" data-settings=\"{&quot;content_width&quot;:&quot;full&quot;}\">\n\t\t\t\t<div class=\"elementor-element elementor-element-0bcb3d7 elementor-widget elementor-widget-image\" data-id=\"0bcb3d7\" data-element_type=\"widget\" data-widget_type=\"image.default\">\n\t\t\t\t<div class=\"elementor-widget-container\">\n\t\t\t\t\t\t\t\t\t\t\t\t\t\t\t\t<a href=\"https:\/\/ofertas.blumarturismo.com.br\/passeios-de-barcos-privativos-rio?utm_source=blog&#038;utm_medium=mini_banner_blog&#038;utm_campaign=ofertas_banner\">\n\t\t\t\t\t\t\t<img loading=\"lazy\" decoding=\"async\" width=\"360\" height=\"280\" src=\"https:\/\/www.blumarturismo.com.br\/blog\/wp-content\/uploads\/2023\/05\/6rcausl025o.jpg\" class=\"attachment-large size-large wp-image-52452\" alt=\"Passeio de barco RJ\" srcset=\"https:\/\/www.blumarturismo.com.br\/blog\/wp-content\/uploads\/2023\/05\/6rcausl025o.jpg 360w, https:\/\/www.blumarturismo.com.br\/blog\/wp-content\/uploads\/2023\/05\/6rcausl025o-300x233.jpg 300w\" sizes=\"auto, (max-width: 360px) 100vw, 360px\" \/>\t\t\t\t\t\t\t\t<\/a>\n\t\t\t\t\t\t\t\t\t\t\t\t\t\t\t<\/div>\n\t\t\t\t<\/div>\n\t\t\t\t<\/div>\n\t\t<div class=\"elementor-element elementor-element-e9a9ff4 e-con-full e-flex e-con e-child\" data-id=\"e9a9ff4\" data-element_type=\"container\" data-settings=\"{&quot;content_width&quot;:&quot;full&quot;}\">\n\t\t\t\t<div class=\"elementor-element elementor-element-955556e elementor-widget elementor-widget-image\" data-id=\"955556e\" data-element_type=\"widget\" data-widget_type=\"image.default\">\n\t\t\t\t<div class=\"elementor-widget-container\">\n\t\t\t\t\t\t\t\t\t\t\t\t\t\t\t\t<a href=\"https:\/\/ofertas.blumarturismo.com.br\/resorts\">\n\t\t\t\t\t\t\t<img loading=\"lazy\" decoding=\"async\" width=\"360\" height=\"280\" src=\"https:\/\/www.blumarturismo.com.br\/blog\/wp-content\/uploads\/2023\/05\/banner_landing-1.jpg\" class=\"attachment-large size-large wp-image-52497\" alt=\"Resorts\" srcset=\"https:\/\/www.blumarturismo.com.br\/blog\/wp-content\/uploads\/2023\/05\/banner_landing-1.jpg 360w, https:\/\/www.blumarturismo.com.br\/blog\/wp-content\/uploads\/2023\/05\/banner_landing-1-300x233.jpg 300w\" sizes=\"auto, (max-width: 360px) 100vw, 360px\" \/>\t\t\t\t\t\t\t\t<\/a>\n\t\t\t\t\t\t\t\t\t\t\t\t\t\t\t<\/div>\n\t\t\t\t<\/div>\n\t\t\t\t<\/div>\n\t\t\t\t\t<\/div>\n\t\t\t\t<\/div>\n\t\t\t\t\t\t\t<\/div>\n\t\t","protected":false},"excerpt":{"rendered":"<p>Salvador, uma cidade de encantos hist\u00f3ricos e belezas naturais, \u00e9 um destino que merece ser explorado com estilo e conforto. Para isso, selecionamos os hot\u00e9is mais luxuosos de Salvador e arredores, que prometem uma estadia memor\u00e1vel. Seja para uma viagem de lazer ou neg\u00f3cios, a Blumar Turismo assegura uma experi\u00eancia&#46;&#46;&#46;<\/p>\n","protected":false},"author":10,"featured_media":45189,"comment_status":"closed","ping_status":"closed","sticky":false,"template":"","format":"standard","meta":{"footnotes":""},"categories":[694,691],"tags":[],"class_list":["post-45187","post","type-post","status-publish","format-standard","has-post-thumbnail","hentry","category-dicas-de-viagem","category-hoteis-acomodacoes"],"yoast_head":"<!-- This site is optimized with the Yoast SEO Premium plugin v19.4 (Yoast SEO v24.1) - https:\/\/yoast.com\/wordpress\/plugins\/seo\/ -->\n<title>Hot\u00e9is Mais Luxuosos de Salvador e Arredores: Uma Experi\u00eancia Inesquec\u00edvel - Blog Blumar Turismo: O Seu Portal para Viagens Extraordin\u00e1rias<\/title>\n<meta name=\"description\" content=\"A Blumar Turismo preparou para voc\u00ea uma lista com os hot\u00e9is mais luxuosos de Salvador e arredores. Confira e aproveite !!\" \/>\n<meta name=\"robots\" content=\"index, follow, max-snippet:-1, max-image-preview:large, max-video-preview:-1\" \/>\n<link rel=\"canonical\" href=\"https:\/\/www.blumarturismo.com.br\/blog\/hoteis-mais-luxuosos-de-salvador-e-arredores-uma-experiencia-inesquecivel\/\" \/>\n<meta property=\"og:locale\" content=\"pt_BR\" \/>\n<meta property=\"og:type\" content=\"article\" \/>\n<meta property=\"og:title\" content=\"Hot\u00e9is Mais Luxuosos de Salvador e Arredores: Uma Experi\u00eancia Inesquec\u00edvel\" \/>\n<meta property=\"og:description\" content=\"A Blumar Turismo preparou para voc\u00ea uma lista com os hot\u00e9is mais luxuosos de Salvador e arredores. Confira e aproveite !!\" \/>\n<meta property=\"og:url\" content=\"https:\/\/www.blumarturismo.com.br\/blog\/hoteis-mais-luxuosos-de-salvador-e-arredores-uma-experiencia-inesquecivel\/\" \/>\n<meta property=\"og:site_name\" content=\"Blog Blumar Turismo: O Seu Portal para Viagens Extraordin\u00e1rias\" \/>\n<meta property=\"article:publisher\" content=\"https:\/\/www.facebook.com\/blumarviagenseturismo\" \/>\n<meta property=\"article:author\" content=\"https:\/\/www.facebook.com\/blumarviagenseturismo\" \/>\n<meta property=\"article:published_time\" content=\"2023-12-04T15:19:45+00:00\" \/>\n<meta property=\"article:modified_time\" content=\"2025-01-13T12:06:24+00:00\" \/>\n<meta property=\"og:image\" content=\"https:\/\/www.blumarturismo.com.br\/blog\/wp-content\/uploads\/2023\/12\/Foto-Marcio-Filho-MTur-10-1.jpg\" \/>\n\t<meta property=\"og:image:width\" content=\"2048\" \/>\n\t<meta property=\"og:image:height\" content=\"1285\" \/>\n\t<meta property=\"og:image:type\" content=\"image\/jpeg\" \/>\n<meta name=\"author\" content=\"Blumar Turismo\" \/>\n<meta name=\"twitter:card\" content=\"summary_large_image\" \/>\n<meta name=\"twitter:label1\" content=\"Escrito por\" \/>\n\t<meta name=\"twitter:data1\" content=\"Blumar Turismo\" \/>\n\t<meta name=\"twitter:label2\" content=\"Est. tempo de leitura\" \/>\n\t<meta name=\"twitter:data2\" content=\"30 minutos\" \/>\n<script type=\"application\/ld+json\" class=\"yoast-schema-graph\">{\"@context\":\"https:\/\/schema.org\",\"@graph\":[{\"@type\":\"Article\",\"@id\":\"https:\/\/www.blumarturismo.com.br\/blog\/hoteis-mais-luxuosos-de-salvador-e-arredores-uma-experiencia-inesquecivel\/#article\",\"isPartOf\":{\"@id\":\"https:\/\/www.blumarturismo.com.br\/blog\/hoteis-mais-luxuosos-de-salvador-e-arredores-uma-experiencia-inesquecivel\/\"},\"author\":{\"name\":\"Blumar Turismo\",\"@id\":\"https:\/\/www.blumarturismo.com.br\/blog\/#\/schema\/person\/8c5b522f6a79142bafca484c4604fba7\"},\"headline\":\"Hot\u00e9is Mais Luxuosos de Salvador e Arredores: Uma Experi\u00eancia Inesquec\u00edvel\",\"datePublished\":\"2023-12-04T15:19:45+00:00\",\"dateModified\":\"2025-01-13T12:06:24+00:00\",\"mainEntityOfPage\":{\"@id\":\"https:\/\/www.blumarturismo.com.br\/blog\/hoteis-mais-luxuosos-de-salvador-e-arredores-uma-experiencia-inesquecivel\/\"},\"wordCount\":2176,\"publisher\":{\"@id\":\"https:\/\/www.blumarturismo.com.br\/blog\/#organization\"},\"image\":{\"@id\":\"https:\/\/www.blumarturismo.com.br\/blog\/hoteis-mais-luxuosos-de-salvador-e-arredores-uma-experiencia-inesquecivel\/#primaryimage\"},\"thumbnailUrl\":\"https:\/\/www.blumarturismo.com.br\/blog\/wp-content\/uploads\/2023\/12\/Foto-Marcio-Filho-MTur-10-1.jpg\",\"articleSection\":[\"Dicas de Viagem\",\"Hot\u00e9is &amp; Acomoda\u00e7\u00f5es\"],\"inLanguage\":\"pt-BR\"},{\"@type\":\"WebPage\",\"@id\":\"https:\/\/www.blumarturismo.com.br\/blog\/hoteis-mais-luxuosos-de-salvador-e-arredores-uma-experiencia-inesquecivel\/\",\"url\":\"https:\/\/www.blumarturismo.com.br\/blog\/hoteis-mais-luxuosos-de-salvador-e-arredores-uma-experiencia-inesquecivel\/\",\"name\":\"Hot\u00e9is Mais Luxuosos de Salvador e Arredores: Uma Experi\u00eancia Inesquec\u00edvel - Blog Blumar Turismo: O Seu Portal para Viagens Extraordin\u00e1rias\",\"isPartOf\":{\"@id\":\"https:\/\/www.blumarturismo.com.br\/blog\/#website\"},\"primaryImageOfPage\":{\"@id\":\"https:\/\/www.blumarturismo.com.br\/blog\/hoteis-mais-luxuosos-de-salvador-e-arredores-uma-experiencia-inesquecivel\/#primaryimage\"},\"image\":{\"@id\":\"https:\/\/www.blumarturismo.com.br\/blog\/hoteis-mais-luxuosos-de-salvador-e-arredores-uma-experiencia-inesquecivel\/#primaryimage\"},\"thumbnailUrl\":\"https:\/\/www.blumarturismo.com.br\/blog\/wp-content\/uploads\/2023\/12\/Foto-Marcio-Filho-MTur-10-1.jpg\",\"datePublished\":\"2023-12-04T15:19:45+00:00\",\"dateModified\":\"2025-01-13T12:06:24+00:00\",\"description\":\"A Blumar Turismo preparou para voc\u00ea uma lista com os hot\u00e9is mais luxuosos de Salvador e arredores. Confira e aproveite !!\",\"breadcrumb\":{\"@id\":\"https:\/\/www.blumarturismo.com.br\/blog\/hoteis-mais-luxuosos-de-salvador-e-arredores-uma-experiencia-inesquecivel\/#breadcrumb\"},\"inLanguage\":\"pt-BR\",\"potentialAction\":[{\"@type\":\"ReadAction\",\"target\":[\"https:\/\/www.blumarturismo.com.br\/blog\/hoteis-mais-luxuosos-de-salvador-e-arredores-uma-experiencia-inesquecivel\/\"]}]},{\"@type\":\"ImageObject\",\"inLanguage\":\"pt-BR\",\"@id\":\"https:\/\/www.blumarturismo.com.br\/blog\/hoteis-mais-luxuosos-de-salvador-e-arredores-uma-experiencia-inesquecivel\/#primaryimage\",\"url\":\"https:\/\/www.blumarturismo.com.br\/blog\/wp-content\/uploads\/2023\/12\/Foto-Marcio-Filho-MTur-10-1.jpg\",\"contentUrl\":\"https:\/\/www.blumarturismo.com.br\/blog\/wp-content\/uploads\/2023\/12\/Foto-Marcio-Filho-MTur-10-1.jpg\",\"width\":2048,\"height\":1285,\"caption\":\"Foto: Marcio Filho \/ MTur\"},{\"@type\":\"BreadcrumbList\",\"@id\":\"https:\/\/www.blumarturismo.com.br\/blog\/hoteis-mais-luxuosos-de-salvador-e-arredores-uma-experiencia-inesquecivel\/#breadcrumb\",\"itemListElement\":[{\"@type\":\"ListItem\",\"position\":1,\"name\":\"In\u00edcio\",\"item\":\"https:\/\/www.blumarturismo.com.br\/blog\/\"},{\"@type\":\"ListItem\",\"position\":2,\"name\":\"Hot\u00e9is Mais Luxuosos de Salvador e Arredores: Uma Experi\u00eancia Inesquec\u00edvel\"}]},{\"@type\":\"WebSite\",\"@id\":\"https:\/\/www.blumarturismo.com.br\/blog\/#website\",\"url\":\"https:\/\/www.blumarturismo.com.br\/blog\/\",\"name\":\"Blog Blumar Turismo: O Seu Portal para Viagens Extraordin\u00e1rias\",\"description\":\"Viajar \u00e9 nossa paix\u00e3o e expertise, e agora compartilhamos isso com voc\u00ea atrav\u00e9s do nosso blog. Com mais de 30 anos de hist\u00f3ria, a Blumar Turismo \u00e9 seu parceiro confi\u00e1vel para aventuras memor\u00e1veis. Explore conosco\",\"publisher\":{\"@id\":\"https:\/\/www.blumarturismo.com.br\/blog\/#organization\"},\"potentialAction\":[{\"@type\":\"SearchAction\",\"target\":{\"@type\":\"EntryPoint\",\"urlTemplate\":\"https:\/\/www.blumarturismo.com.br\/blog\/?s={search_term_string}\"},\"query-input\":{\"@type\":\"PropertyValueSpecification\",\"valueRequired\":true,\"valueName\":\"search_term_string\"}}],\"inLanguage\":\"pt-BR\"},{\"@type\":\"Organization\",\"@id\":\"https:\/\/www.blumarturismo.com.br\/blog\/#organization\",\"name\":\"Blumar Turismo\",\"url\":\"https:\/\/www.blumarturismo.com.br\/blog\/\",\"logo\":{\"@type\":\"ImageObject\",\"inLanguage\":\"pt-BR\",\"@id\":\"https:\/\/www.blumarturismo.com.br\/blog\/#\/schema\/logo\/image\/\",\"url\":\"https:\/\/www.blumarturismo.com.br\/blog\/wp-content\/uploads\/2020\/11\/cropped-logo_blumar_nacional2-2.jpg\",\"contentUrl\":\"https:\/\/www.blumarturismo.com.br\/blog\/wp-content\/uploads\/2020\/11\/cropped-logo_blumar_nacional2-2.jpg\",\"width\":167,\"height\":50,\"caption\":\"Blumar Turismo\"},\"image\":{\"@id\":\"https:\/\/www.blumarturismo.com.br\/blog\/#\/schema\/logo\/image\/\"},\"sameAs\":[\"https:\/\/www.facebook.com\/blumarviagenseturismo\",\"https:\/\/www.instagram.com\/blumarturismo\/\"]},{\"@type\":\"Person\",\"@id\":\"https:\/\/www.blumarturismo.com.br\/blog\/#\/schema\/person\/8c5b522f6a79142bafca484c4604fba7\",\"name\":\"Blumar Turismo\",\"image\":{\"@type\":\"ImageObject\",\"inLanguage\":\"pt-BR\",\"@id\":\"https:\/\/www.blumarturismo.com.br\/blog\/#\/schema\/person\/image\/\",\"url\":\"https:\/\/secure.gravatar.com\/avatar\/18a47e99a2b3ce558e7834aabf1bb475e0ae3a970dea40e74a2d2b71531fbe3b?s=96&d=mm&r=g\",\"contentUrl\":\"https:\/\/secure.gravatar.com\/avatar\/18a47e99a2b3ce558e7834aabf1bb475e0ae3a970dea40e74a2d2b71531fbe3b?s=96&d=mm&r=g\",\"caption\":\"Blumar Turismo\"},\"description\":\"Com uma trajet\u00f3ria consolidada de mais de 30 anos no setor de turismo, a Blumar Turismo se estabeleceu como l\u00edder gra\u00e7as ao seu compromisso cont\u00ednuo com a qualidade e satisfa\u00e7\u00e3o do cliente. Nossa experi\u00eancia traduz-se em viagens que v\u00e3o al\u00e9m da expectativa. Nosso Legado: 1. Expertise e Excel\u00eancia: Com tr\u00eas d\u00e9cadas de dedica\u00e7\u00e3o, aprofundamos nossa expertise para oferecer servi\u00e7os de viagem personalizados e de alto padr\u00e3o. Cada viagem, seja econ\u00f4mica ou de luxo, \u00e9 meticulosamente projetada para garantir experi\u00eancias not\u00e1veis. 2. Vanguarda em Inova\u00e7\u00e3o e Tecnologia: Nossa miss\u00e3o \u00e9 sempre liderar, incorporando as solu\u00e7\u00f5es mais avan\u00e7adas em produtos e tecnologias. A inova\u00e7\u00e3o \u00e9 intr\u00ednseca \u00e0 Blumar, permitindo-nos aprimorar constantemente a experi\u00eancia de viagem de nossos clientes. 3. Nossa Equipe, Nosso Diferencial: O verdadeiro motor da Blumar Turismo \u00e9 nossa equipe de profissionais. Com paix\u00e3o e dedica\u00e7\u00e3o, eles garantem que cada itiner\u00e1rio se transforme em uma experi\u00eancia \u00fanica e memor\u00e1vel. Seu comprometimento \u00e9 o que nos faz ganhar a confian\u00e7a de nossos clientes repetidamente. Na Blumar, n\u00e3o se trata apenas de vender pacotes de viagem, mas de projetar experi\u00eancias. Nossos roteiros prometem criar mem\u00f3rias duradouras, proporcionando viagens ricas em descobertas e emo\u00e7\u00f5es. Cremos que viajar \u00e9 uma forma de enriquecimento pessoal, explorando novas perspectivas e redefinindo-se a cada novo destino. Explore o mundo com a Blumar Turismo e torne sua jornada verdadeiramente extraordin\u00e1ria.\",\"sameAs\":[\"https:\/\/www.facebook.com\/blumarviagenseturismo\",\"https:\/\/www.instagram.com\/blumarturismo\/\",\"https:\/\/www.linkedin.com\/company\/blumar-turismo\/\",\"https:\/\/www.youtube.com\/@BlumarTurismo\"],\"award\":[\"2002 | 7th World Petroleum Congress & Rio Oil & Gas Expo\",\"2003 | 27\u00ba International Congress on Occupational Health - ICOH\",\"2004 | IOF World Congress on Osteoporosis 2004\",\"2005 | XXV Brazilian Congress on Rheumatology\",\"2006 | 3rd World Congress on AIDS\",\"2007 | 66th FIP Congress of Pharmacy and Pharmaceutical Sciences\",\"2008 | 62\u00ba Congresso Brasileiro de Cardiologia\",\"2009 | 3rd World Congress of Pediatric Gastroenterology Hepatology and Nutrition\",\"2010 | Pr\u00eamio Caio da D\u00e9cada - Jacar\u00e9 de Diamante - pelo 3rd World Congress on AIDS\",\"2011 | XIV Congresso SOBRICE\",\"2012 | XVIII Congresso da Sociedade Brasileira de Diabetes\",\"2013 | 67\u00ba Congresso da Sociedade Brasileira de Dermatologia\",\"2016 | Congresso Mundial da Propriedade Intelectual da AIPPI\"],\"knowsAbout\":[\"Turismo de Luxo\",\"Consultoria Personalizada\",\"Opera\u00e7\u00e3o de Programas Tur\u00edsticos Customizados\",\"Tours Variados\",\"Sele\u00e7\u00e3o de Hot\u00e9is e Experi\u00eancias Inesquec\u00edveis\"],\"knowsLanguage\":[\"Ingles\",\"Portugu\u00eas\",\"Espanhol\"],\"jobTitle\":\"Operadora de Turismo e Ag\u00eancia de Viagens\",\"worksFor\":\"Blumar Turismo\",\"url\":\"https:\/\/www.blumarturismo.com.br\/blog\/author\/guilherme\/\"}]}<\/script>\n<!-- \/ Yoast SEO Premium plugin. -->","yoast_head_json":{"title":"Hot\u00e9is Mais Luxuosos de Salvador e Arredores: Uma Experi\u00eancia Inesquec\u00edvel - Blog Blumar Turismo: O Seu Portal para Viagens Extraordin\u00e1rias","description":"A Blumar Turismo preparou para voc\u00ea uma lista com os hot\u00e9is mais luxuosos de Salvador e arredores. Confira e aproveite !!","robots":{"index":"index","follow":"follow","max-snippet":"max-snippet:-1","max-image-preview":"max-image-preview:large","max-video-preview":"max-video-preview:-1"},"canonical":"https:\/\/www.blumarturismo.com.br\/blog\/hoteis-mais-luxuosos-de-salvador-e-arredores-uma-experiencia-inesquecivel\/","og_locale":"pt_BR","og_type":"article","og_title":"Hot\u00e9is Mais Luxuosos de Salvador e Arredores: Uma Experi\u00eancia Inesquec\u00edvel","og_description":"A Blumar Turismo preparou para voc\u00ea uma lista com os hot\u00e9is mais luxuosos de Salvador e arredores. Confira e aproveite !!","og_url":"https:\/\/www.blumarturismo.com.br\/blog\/hoteis-mais-luxuosos-de-salvador-e-arredores-uma-experiencia-inesquecivel\/","og_site_name":"Blog Blumar Turismo: O Seu Portal para Viagens Extraordin\u00e1rias","article_publisher":"https:\/\/www.facebook.com\/blumarviagenseturismo","article_author":"https:\/\/www.facebook.com\/blumarviagenseturismo","article_published_time":"2023-12-04T15:19:45+00:00","article_modified_time":"2025-01-13T12:06:24+00:00","og_image":[{"width":2048,"height":1285,"url":"https:\/\/www.blumarturismo.com.br\/blog\/wp-content\/uploads\/2023\/12\/Foto-Marcio-Filho-MTur-10-1.jpg","type":"image\/jpeg"}],"author":"Blumar Turismo","twitter_card":"summary_large_image","twitter_misc":{"Escrito por":"Blumar Turismo","Est. tempo de leitura":"30 minutos"},"schema":{"@context":"https:\/\/schema.org","@graph":[{"@type":"Article","@id":"https:\/\/www.blumarturismo.com.br\/blog\/hoteis-mais-luxuosos-de-salvador-e-arredores-uma-experiencia-inesquecivel\/#article","isPartOf":{"@id":"https:\/\/www.blumarturismo.com.br\/blog\/hoteis-mais-luxuosos-de-salvador-e-arredores-uma-experiencia-inesquecivel\/"},"author":{"name":"Blumar Turismo","@id":"https:\/\/www.blumarturismo.com.br\/blog\/#\/schema\/person\/8c5b522f6a79142bafca484c4604fba7"},"headline":"Hot\u00e9is Mais Luxuosos de Salvador e Arredores: Uma Experi\u00eancia Inesquec\u00edvel","datePublished":"2023-12-04T15:19:45+00:00","dateModified":"2025-01-13T12:06:24+00:00","mainEntityOfPage":{"@id":"https:\/\/www.blumarturismo.com.br\/blog\/hoteis-mais-luxuosos-de-salvador-e-arredores-uma-experiencia-inesquecivel\/"},"wordCount":2176,"publisher":{"@id":"https:\/\/www.blumarturismo.com.br\/blog\/#organization"},"image":{"@id":"https:\/\/www.blumarturismo.com.br\/blog\/hoteis-mais-luxuosos-de-salvador-e-arredores-uma-experiencia-inesquecivel\/#primaryimage"},"thumbnailUrl":"https:\/\/www.blumarturismo.com.br\/blog\/wp-content\/uploads\/2023\/12\/Foto-Marcio-Filho-MTur-10-1.jpg","articleSection":["Dicas de Viagem","Hot\u00e9is &amp; Acomoda\u00e7\u00f5es"],"inLanguage":"pt-BR"},{"@type":"WebPage","@id":"https:\/\/www.blumarturismo.com.br\/blog\/hoteis-mais-luxuosos-de-salvador-e-arredores-uma-experiencia-inesquecivel\/","url":"https:\/\/www.blumarturismo.com.br\/blog\/hoteis-mais-luxuosos-de-salvador-e-arredores-uma-experiencia-inesquecivel\/","name":"Hot\u00e9is Mais Luxuosos de Salvador e Arredores: Uma Experi\u00eancia Inesquec\u00edvel - Blog Blumar Turismo: O Seu Portal para Viagens Extraordin\u00e1rias","isPartOf":{"@id":"https:\/\/www.blumarturismo.com.br\/blog\/#website"},"primaryImageOfPage":{"@id":"https:\/\/www.blumarturismo.com.br\/blog\/hoteis-mais-luxuosos-de-salvador-e-arredores-uma-experiencia-inesquecivel\/#primaryimage"},"image":{"@id":"https:\/\/www.blumarturismo.com.br\/blog\/hoteis-mais-luxuosos-de-salvador-e-arredores-uma-experiencia-inesquecivel\/#primaryimage"},"thumbnailUrl":"https:\/\/www.blumarturismo.com.br\/blog\/wp-content\/uploads\/2023\/12\/Foto-Marcio-Filho-MTur-10-1.jpg","datePublished":"2023-12-04T15:19:45+00:00","dateModified":"2025-01-13T12:06:24+00:00","description":"A Blumar Turismo preparou para voc\u00ea uma lista com os hot\u00e9is mais luxuosos de Salvador e arredores. Confira e aproveite !!","breadcrumb":{"@id":"https:\/\/www.blumarturismo.com.br\/blog\/hoteis-mais-luxuosos-de-salvador-e-arredores-uma-experiencia-inesquecivel\/#breadcrumb"},"inLanguage":"pt-BR","potentialAction":[{"@type":"ReadAction","target":["https:\/\/www.blumarturismo.com.br\/blog\/hoteis-mais-luxuosos-de-salvador-e-arredores-uma-experiencia-inesquecivel\/"]}]},{"@type":"ImageObject","inLanguage":"pt-BR","@id":"https:\/\/www.blumarturismo.com.br\/blog\/hoteis-mais-luxuosos-de-salvador-e-arredores-uma-experiencia-inesquecivel\/#primaryimage","url":"https:\/\/www.blumarturismo.com.br\/blog\/wp-content\/uploads\/2023\/12\/Foto-Marcio-Filho-MTur-10-1.jpg","contentUrl":"https:\/\/www.blumarturismo.com.br\/blog\/wp-content\/uploads\/2023\/12\/Foto-Marcio-Filho-MTur-10-1.jpg","width":2048,"height":1285,"caption":"Foto: Marcio Filho \/ MTur"},{"@type":"BreadcrumbList","@id":"https:\/\/www.blumarturismo.com.br\/blog\/hoteis-mais-luxuosos-de-salvador-e-arredores-uma-experiencia-inesquecivel\/#breadcrumb","itemListElement":[{"@type":"ListItem","position":1,"name":"In\u00edcio","item":"https:\/\/www.blumarturismo.com.br\/blog\/"},{"@type":"ListItem","position":2,"name":"Hot\u00e9is Mais Luxuosos de Salvador e Arredores: Uma Experi\u00eancia Inesquec\u00edvel"}]},{"@type":"WebSite","@id":"https:\/\/www.blumarturismo.com.br\/blog\/#website","url":"https:\/\/www.blumarturismo.com.br\/blog\/","name":"Blog Blumar Turismo: O Seu Portal para Viagens Extraordin\u00e1rias","description":"Viajar \u00e9 nossa paix\u00e3o e expertise, e agora compartilhamos isso com voc\u00ea atrav\u00e9s do nosso blog. Com mais de 30 anos de hist\u00f3ria, a Blumar Turismo \u00e9 seu parceiro confi\u00e1vel para aventuras memor\u00e1veis. Explore conosco","publisher":{"@id":"https:\/\/www.blumarturismo.com.br\/blog\/#organization"},"potentialAction":[{"@type":"SearchAction","target":{"@type":"EntryPoint","urlTemplate":"https:\/\/www.blumarturismo.com.br\/blog\/?s={search_term_string}"},"query-input":{"@type":"PropertyValueSpecification","valueRequired":true,"valueName":"search_term_string"}}],"inLanguage":"pt-BR"},{"@type":"Organization","@id":"https:\/\/www.blumarturismo.com.br\/blog\/#organization","name":"Blumar Turismo","url":"https:\/\/www.blumarturismo.com.br\/blog\/","logo":{"@type":"ImageObject","inLanguage":"pt-BR","@id":"https:\/\/www.blumarturismo.com.br\/blog\/#\/schema\/logo\/image\/","url":"https:\/\/www.blumarturismo.com.br\/blog\/wp-content\/uploads\/2020\/11\/cropped-logo_blumar_nacional2-2.jpg","contentUrl":"https:\/\/www.blumarturismo.com.br\/blog\/wp-content\/uploads\/2020\/11\/cropped-logo_blumar_nacional2-2.jpg","width":167,"height":50,"caption":"Blumar Turismo"},"image":{"@id":"https:\/\/www.blumarturismo.com.br\/blog\/#\/schema\/logo\/image\/"},"sameAs":["https:\/\/www.facebook.com\/blumarviagenseturismo","https:\/\/www.instagram.com\/blumarturismo\/"]},{"@type":"Person","@id":"https:\/\/www.blumarturismo.com.br\/blog\/#\/schema\/person\/8c5b522f6a79142bafca484c4604fba7","name":"Blumar Turismo","image":{"@type":"ImageObject","inLanguage":"pt-BR","@id":"https:\/\/www.blumarturismo.com.br\/blog\/#\/schema\/person\/image\/","url":"https:\/\/secure.gravatar.com\/avatar\/18a47e99a2b3ce558e7834aabf1bb475e0ae3a970dea40e74a2d2b71531fbe3b?s=96&d=mm&r=g","contentUrl":"https:\/\/secure.gravatar.com\/avatar\/18a47e99a2b3ce558e7834aabf1bb475e0ae3a970dea40e74a2d2b71531fbe3b?s=96&d=mm&r=g","caption":"Blumar Turismo"},"description":"Com uma trajet\u00f3ria consolidada de mais de 30 anos no setor de turismo, a Blumar Turismo se estabeleceu como l\u00edder gra\u00e7as ao seu compromisso cont\u00ednuo com a qualidade e satisfa\u00e7\u00e3o do cliente. Nossa experi\u00eancia traduz-se em viagens que v\u00e3o al\u00e9m da expectativa. Nosso Legado: 1. Expertise e Excel\u00eancia: Com tr\u00eas d\u00e9cadas de dedica\u00e7\u00e3o, aprofundamos nossa expertise para oferecer servi\u00e7os de viagem personalizados e de alto padr\u00e3o. Cada viagem, seja econ\u00f4mica ou de luxo, \u00e9 meticulosamente projetada para garantir experi\u00eancias not\u00e1veis. 2. Vanguarda em Inova\u00e7\u00e3o e Tecnologia: Nossa miss\u00e3o \u00e9 sempre liderar, incorporando as solu\u00e7\u00f5es mais avan\u00e7adas em produtos e tecnologias. A inova\u00e7\u00e3o \u00e9 intr\u00ednseca \u00e0 Blumar, permitindo-nos aprimorar constantemente a experi\u00eancia de viagem de nossos clientes. 3. Nossa Equipe, Nosso Diferencial: O verdadeiro motor da Blumar Turismo \u00e9 nossa equipe de profissionais. Com paix\u00e3o e dedica\u00e7\u00e3o, eles garantem que cada itiner\u00e1rio se transforme em uma experi\u00eancia \u00fanica e memor\u00e1vel. Seu comprometimento \u00e9 o que nos faz ganhar a confian\u00e7a de nossos clientes repetidamente. Na Blumar, n\u00e3o se trata apenas de vender pacotes de viagem, mas de projetar experi\u00eancias. Nossos roteiros prometem criar mem\u00f3rias duradouras, proporcionando viagens ricas em descobertas e emo\u00e7\u00f5es. Cremos que viajar \u00e9 uma forma de enriquecimento pessoal, explorando novas perspectivas e redefinindo-se a cada novo destino. Explore o mundo com a Blumar Turismo e torne sua jornada verdadeiramente extraordin\u00e1ria.","sameAs":["https:\/\/www.facebook.com\/blumarviagenseturismo","https:\/\/www.instagram.com\/blumarturismo\/","https:\/\/www.linkedin.com\/company\/blumar-turismo\/","https:\/\/www.youtube.com\/@BlumarTurismo"],"award":["2002 | 7th World Petroleum Congress & Rio Oil & Gas Expo","2003 | 27\u00ba International Congress on Occupational Health - ICOH","2004 | IOF World Congress on Osteoporosis 2004","2005 | XXV Brazilian Congress on Rheumatology","2006 | 3rd World Congress on AIDS","2007 | 66th FIP Congress of Pharmacy and Pharmaceutical Sciences","2008 | 62\u00ba Congresso Brasileiro de Cardiologia","2009 | 3rd World Congress of Pediatric Gastroenterology Hepatology and Nutrition","2010 | Pr\u00eamio Caio da D\u00e9cada - Jacar\u00e9 de Diamante - pelo 3rd World Congress on AIDS","2011 | XIV Congresso SOBRICE","2012 | XVIII Congresso da Sociedade Brasileira de Diabetes","2013 | 67\u00ba Congresso da Sociedade Brasileira de Dermatologia","2016 | Congresso Mundial da Propriedade Intelectual da AIPPI"],"knowsAbout":["Turismo de Luxo","Consultoria Personalizada","Opera\u00e7\u00e3o de Programas Tur\u00edsticos Customizados","Tours Variados","Sele\u00e7\u00e3o de Hot\u00e9is e Experi\u00eancias Inesquec\u00edveis"],"knowsLanguage":["Ingles","Portugu\u00eas","Espanhol"],"jobTitle":"Operadora de Turismo e Ag\u00eancia de Viagens","worksFor":"Blumar Turismo","url":"https:\/\/www.blumarturismo.com.br\/blog\/author\/guilherme\/"}]}},"_links":{"self":[{"href":"https:\/\/www.blumarturismo.com.br\/blog\/wp-json\/wp\/v2\/posts\/45187","targetHints":{"allow":["GET"]}}],"collection":[{"href":"https:\/\/www.blumarturismo.com.br\/blog\/wp-json\/wp\/v2\/posts"}],"about":[{"href":"https:\/\/www.blumarturismo.com.br\/blog\/wp-json\/wp\/v2\/types\/post"}],"author":[{"embeddable":true,"href":"https:\/\/www.blumarturismo.com.br\/blog\/wp-json\/wp\/v2\/users\/10"}],"replies":[{"embeddable":true,"href":"https:\/\/www.blumarturismo.com.br\/blog\/wp-json\/wp\/v2\/comments?post=45187"}],"version-history":[{"count":35,"href":"https:\/\/www.blumarturismo.com.br\/blog\/wp-json\/wp\/v2\/posts\/45187\/revisions"}],"predecessor-version":[{"id":66139,"href":"https:\/\/www.blumarturismo.com.br\/blog\/wp-json\/wp\/v2\/posts\/45187\/revisions\/66139"}],"wp:featuredmedia":[{"embeddable":true,"href":"https:\/\/www.blumarturismo.com.br\/blog\/wp-json\/wp\/v2\/media\/45189"}],"wp:attachment":[{"href":"https:\/\/www.blumarturismo.com.br\/blog\/wp-json\/wp\/v2\/media?parent=45187"}],"wp:term":[{"taxonomy":"category","embeddable":true,"href":"https:\/\/www.blumarturismo.com.br\/blog\/wp-json\/wp\/v2\/categories?post=45187"},{"taxonomy":"post_tag","embeddable":true,"href":"https:\/\/www.blumarturismo.com.br\/blog\/wp-json\/wp\/v2\/tags?post=45187"}],"curies":[{"name":"wp","href":"https:\/\/api.w.org\/{rel}","templated":true}]}}