{"id":53935,"date":"2025-10-08T10:31:31","date_gmt":"2025-10-08T13:31:31","guid":{"rendered":"https:\/\/www.blumarturismo.com.br\/blog\/?p=53935"},"modified":"2025-10-08T16:06:06","modified_gmt":"2025-10-08T19:06:06","slug":"o-que-fazer-em-gramado-com-a-familia-um-guia-completo","status":"publish","type":"post","link":"https:\/\/www.blumarturismo.com.br\/blog\/o-que-fazer-em-gramado-com-a-familia-um-guia-completo\/","title":{"rendered":"O Que Fazer em Gramado com a Fam\u00edlia: Um Guia Completo"},"content":{"rendered":"\t\t<div data-elementor-type=\"wp-post\" data-elementor-id=\"53935\" class=\"elementor elementor-53935\" data-elementor-post-type=\"post\">\n\t\t\t\t\t\t\t<div class=\"elementor-element elementor-element-4ea3eaf e-flex e-con-boxed e-con e-parent\" data-id=\"4ea3eaf\" data-element_type=\"container\" data-settings=\"{&quot;content_width&quot;:&quot;boxed&quot;}\" data-core-v316-plus=\"true\">\n\t\t\t\t\t<div class=\"e-con-inner\">\n\t\t\t\t<div class=\"elementor-element elementor-element-f3b55b4 elementor-widget elementor-widget-text-editor\" data-id=\"f3b55b4\" data-element_type=\"widget\" data-widget_type=\"text-editor.default\">\n\t\t\t\t<div class=\"elementor-widget-container\">\n\t\t\t<style>\/*! elementor - v3.16.0 - 13-09-2023 *\/\n.elementor-widget-text-editor.elementor-drop-cap-view-stacked .elementor-drop-cap{background-color:#69727d;color:#fff}.elementor-widget-text-editor.elementor-drop-cap-view-framed .elementor-drop-cap{color:#69727d;border:3px solid;background-color:transparent}.elementor-widget-text-editor:not(.elementor-drop-cap-view-default) .elementor-drop-cap{margin-top:8px}.elementor-widget-text-editor:not(.elementor-drop-cap-view-default) .elementor-drop-cap-letter{width:1em;height:1em}.elementor-widget-text-editor .elementor-drop-cap{float:left;text-align:center;line-height:1;font-size:50px}.elementor-widget-text-editor .elementor-drop-cap-letter{display:inline-block}<\/style>\t\t\t\t<p data-start=\"64\" data-end=\"495\">Viajar em fam\u00edlia \u00e9 sin\u00f4nimo de criar mem\u00f3rias inesquec\u00edveis \u2014 e poucos destinos no Brasil fazem isso t\u00e3o bem quanto <strong data-start=\"181\" data-end=\"192\">Gramado<\/strong>, na Serra Ga\u00facha. Com seu clima europeu, atra\u00e7\u00f5es encantadoras e gastronomia deliciosa, a cidade oferece op\u00e7\u00f5es para todas as idades. Se voc\u00ea est\u00e1 se perguntando <strong data-start=\"355\" data-end=\"395\">o que fazer em Gramado com a fam\u00edlia<\/strong>, este guia completo vai te ajudar a planejar dias cheios de divers\u00e3o, conforto e momentos \u00fanicos.<\/p>\t\t\t\t\t\t<\/div>\n\t\t\t\t<\/div>\n\t\t\t\t\t<\/div>\n\t\t\t\t<\/div>\n\t\t<div class=\"elementor-element elementor-element-fd60eaa e-flex e-con-boxed e-con e-parent\" data-id=\"fd60eaa\" data-element_type=\"container\" data-settings=\"{&quot;content_width&quot;:&quot;boxed&quot;}\" data-core-v316-plus=\"true\">\n\t\t\t\t\t<div class=\"e-con-inner\">\n\t\t\t\t<div class=\"elementor-element elementor-element-9879867 elementor-widget elementor-widget-heading\" data-id=\"9879867\" data-element_type=\"widget\" data-widget_type=\"heading.default\">\n\t\t\t\t<div class=\"elementor-widget-container\">\n\t\t\t<style>\/*! elementor - v3.16.0 - 13-09-2023 *\/\n.elementor-heading-title{padding:0;margin:0;line-height:1}.elementor-widget-heading .elementor-heading-title[class*=elementor-size-]>a{color:inherit;font-size:inherit;line-height:inherit}.elementor-widget-heading .elementor-heading-title.elementor-size-small{font-size:15px}.elementor-widget-heading .elementor-heading-title.elementor-size-medium{font-size:19px}.elementor-widget-heading .elementor-heading-title.elementor-size-large{font-size:29px}.elementor-widget-heading .elementor-heading-title.elementor-size-xl{font-size:39px}.elementor-widget-heading .elementor-heading-title.elementor-size-xxl{font-size:59px}<\/style><h2 class=\"elementor-heading-title elementor-size-large\">Por que Gramado \u00e9 o destino ideal para fam\u00edlias?<\/h2>\t\t<\/div>\n\t\t\t\t<\/div>\n\t\t\t\t<div class=\"elementor-element elementor-element-eab1fc7 elementor-widget elementor-widget-image\" data-id=\"eab1fc7\" data-element_type=\"widget\" data-widget_type=\"image.default\">\n\t\t\t\t<div class=\"elementor-widget-container\">\n\t\t\t<style>\/*! elementor - v3.16.0 - 13-09-2023 *\/\n.elementor-widget-image{text-align:center}.elementor-widget-image a{display:inline-block}.elementor-widget-image a img[src$=\".svg\"]{width:48px}.elementor-widget-image img{vertical-align:middle;display:inline-block}<\/style>\t\t\t\t\t\t\t\t\t<figure class=\"wp-caption\">\n\t\t\t\t\t\t\t\t\t\t<img loading=\"lazy\" decoding=\"async\" width=\"1000\" height=\"667\" src=\"https:\/\/www.blumarturismo.com.br\/blog\/wp-content\/uploads\/2023\/05\/Diogo-Benetti-Shutterstock.com_.jpg\" class=\"attachment-large size-large wp-image-68466\" alt=\"Foto: Diogo Benetti \/ Shutterstock.com\" srcset=\"https:\/\/www.blumarturismo.com.br\/blog\/wp-content\/uploads\/2023\/05\/Diogo-Benetti-Shutterstock.com_.jpg 1000w, https:\/\/www.blumarturismo.com.br\/blog\/wp-content\/uploads\/2023\/05\/Diogo-Benetti-Shutterstock.com_-300x200.jpg 300w, https:\/\/www.blumarturismo.com.br\/blog\/wp-content\/uploads\/2023\/05\/Diogo-Benetti-Shutterstock.com_-768x512.jpg 768w\" sizes=\"auto, (max-width: 1000px) 100vw, 1000px\" \/>\t\t\t\t\t\t\t\t\t\t\t<figcaption class=\"widget-image-caption wp-caption-text\">Foto: Diogo Benetti \/ Shutterstock.com<\/figcaption>\n\t\t\t\t\t\t\t\t\t\t<\/figure>\n\t\t\t\t\t\t\t\t\t<\/div>\n\t\t\t\t<\/div>\n\t\t\t\t<div class=\"elementor-element elementor-element-acab691 elementor-widget elementor-widget-text-editor\" data-id=\"acab691\" data-element_type=\"widget\" data-widget_type=\"text-editor.default\">\n\t\t\t\t<div class=\"elementor-widget-container\">\n\t\t\t\t\t\t\t<p data-start=\"559\" data-end=\"842\">Gramado encanta logo nos primeiros minutos. Ruas floridas, arquitetura alpina e aquele cheirinho de chocolate no ar criam um cen\u00e1rio m\u00e1gico. Al\u00e9m da beleza, a cidade \u00e9 segura, limpa e tem uma estrutura tur\u00edstica impec\u00e1vel \u2014 pontos essenciais para quem viaja com crian\u00e7as ou idosos.<\/p><p data-start=\"844\" data-end=\"1061\">De acordo com o <strong data-start=\"860\" data-end=\"892\">Minist\u00e9rio do Turismo (2024)<\/strong>, Gramado est\u00e1 entre os destinos mais visitados do Brasil por fam\u00edlias e casais, destacando-se pela hospitalidade e ampla oferta de atividades ao ar livre e culturais.<\/p>\t\t\t\t\t\t<\/div>\n\t\t\t\t<\/div>\n\t\t\t\t\t<\/div>\n\t\t\t\t<\/div>\n\t\t<div class=\"elementor-element elementor-element-997d236 e-flex e-con-boxed e-con e-parent\" data-id=\"997d236\" data-element_type=\"container\" data-settings=\"{&quot;content_width&quot;:&quot;boxed&quot;}\" data-core-v316-plus=\"true\">\n\t\t\t\t\t<div class=\"e-con-inner\">\n\t\t\t\t<div class=\"elementor-element elementor-element-6bd27b9 elementor-widget elementor-widget-heading\" data-id=\"6bd27b9\" data-element_type=\"widget\" data-widget_type=\"heading.default\">\n\t\t\t\t<div class=\"elementor-widget-container\">\n\t\t\t<h2 class=\"elementor-heading-title elementor-size-large\">Principais atra\u00e7\u00f5es para curtir em fam\u00edlia<\/h2>\t\t<\/div>\n\t\t\t\t<\/div>\n\t\t\t\t<div class=\"elementor-element elementor-element-cf073cb elementor-widget elementor-widget-image\" data-id=\"cf073cb\" data-element_type=\"widget\" data-widget_type=\"image.default\">\n\t\t\t\t<div class=\"elementor-widget-container\">\n\t\t\t\t\t\t\t\t\t\t\t\t<figure class=\"wp-caption\">\n\t\t\t\t\t\t\t\t\t\t<img loading=\"lazy\" decoding=\"async\" width=\"1024\" height=\"684\" src=\"https:\/\/www.blumarturismo.com.br\/blog\/wp-content\/uploads\/2024\/04\/Renato-Soares-MTur-15-1024x684.jpg\" class=\"attachment-large size-large wp-image-53951\" alt=\"Foto: Renato Soares \/ MTur\" srcset=\"https:\/\/www.blumarturismo.com.br\/blog\/wp-content\/uploads\/2024\/04\/Renato-Soares-MTur-15-1024x684.jpg 1024w, https:\/\/www.blumarturismo.com.br\/blog\/wp-content\/uploads\/2024\/04\/Renato-Soares-MTur-15-300x200.jpg 300w, https:\/\/www.blumarturismo.com.br\/blog\/wp-content\/uploads\/2024\/04\/Renato-Soares-MTur-15-768x513.jpg 768w, https:\/\/www.blumarturismo.com.br\/blog\/wp-content\/uploads\/2024\/04\/Renato-Soares-MTur-15-1536x1025.jpg 1536w, https:\/\/www.blumarturismo.com.br\/blog\/wp-content\/uploads\/2024\/04\/Renato-Soares-MTur-15.jpg 2048w\" sizes=\"auto, (max-width: 1024px) 100vw, 1024px\" \/>\t\t\t\t\t\t\t\t\t\t\t<figcaption class=\"widget-image-caption wp-caption-text\">Foto: Renato Soares \/ MTur<\/figcaption>\n\t\t\t\t\t\t\t\t\t\t<\/figure>\n\t\t\t\t\t\t\t\t\t<\/div>\n\t\t\t\t<\/div>\n\t\t\t\t\t<\/div>\n\t\t\t\t<\/div>\n\t\t<div class=\"elementor-element elementor-element-9f7029d e-flex e-con-boxed e-con e-parent\" data-id=\"9f7029d\" data-element_type=\"container\" data-settings=\"{&quot;content_width&quot;:&quot;boxed&quot;}\" data-core-v316-plus=\"true\">\n\t\t\t\t\t<div class=\"e-con-inner\">\n\t\t\t\t<div class=\"elementor-element elementor-element-3fbc643 elementor-widget elementor-widget-heading\" data-id=\"3fbc643\" data-element_type=\"widget\" data-widget_type=\"heading.default\">\n\t\t\t\t<div class=\"elementor-widget-container\">\n\t\t\t<h3 class=\"elementor-heading-title elementor-size-medium\">1. Mini Mundo: Um cl\u00e1ssico que encanta todas as idades<\/h3>\t\t<\/div>\n\t\t\t\t<\/div>\n\t\t\t\t<div class=\"elementor-element elementor-element-6fc1439 elementor-widget elementor-widget-image\" data-id=\"6fc1439\" data-element_type=\"widget\" data-widget_type=\"image.default\">\n\t\t\t\t<div class=\"elementor-widget-container\">\n\t\t\t\t\t\t\t\t\t\t\t\t<figure class=\"wp-caption\">\n\t\t\t\t\t\t\t\t\t\t<img loading=\"lazy\" decoding=\"async\" width=\"1024\" height=\"609\" src=\"https:\/\/www.blumarturismo.com.br\/blog\/wp-content\/uploads\/2024\/03\/Renato-Soares-MTur-13-e1711398853567-1024x609.jpg\" class=\"attachment-large size-large wp-image-52744\" alt=\"Foto: Renato Soares \/ MTur\" srcset=\"https:\/\/www.blumarturismo.com.br\/blog\/wp-content\/uploads\/2024\/03\/Renato-Soares-MTur-13-e1711398853567-1024x609.jpg 1024w, https:\/\/www.blumarturismo.com.br\/blog\/wp-content\/uploads\/2024\/03\/Renato-Soares-MTur-13-e1711398853567-300x178.jpg 300w, https:\/\/www.blumarturismo.com.br\/blog\/wp-content\/uploads\/2024\/03\/Renato-Soares-MTur-13-e1711398853567-768x457.jpg 768w, https:\/\/www.blumarturismo.com.br\/blog\/wp-content\/uploads\/2024\/03\/Renato-Soares-MTur-13-e1711398853567-1536x914.jpg 1536w, https:\/\/www.blumarturismo.com.br\/blog\/wp-content\/uploads\/2024\/03\/Renato-Soares-MTur-13-e1711398853567.jpg 2048w\" sizes=\"auto, (max-width: 1024px) 100vw, 1024px\" \/>\t\t\t\t\t\t\t\t\t\t\t<figcaption class=\"widget-image-caption wp-caption-text\">Foto: Renato Soares \/ MTur<\/figcaption>\n\t\t\t\t\t\t\t\t\t\t<\/figure>\n\t\t\t\t\t\t\t\t\t<\/div>\n\t\t\t\t<\/div>\n\t\t\t\t<div class=\"elementor-element elementor-element-5fda761 elementor-widget elementor-widget-text-editor\" data-id=\"5fda761\" data-element_type=\"widget\" data-widget_type=\"text-editor.default\">\n\t\t\t\t<div class=\"elementor-widget-container\">\n\t\t\t\t\t\t\t<p data-start=\"1182\" data-end=\"1415\">Uma das atra\u00e7\u00f5es mais queridas de Gramado, o <strong data-start=\"1227\" data-end=\"1241\">Mini Mundo<\/strong> \u00e9 um parque com r\u00e9plicas em miniatura de constru\u00e7\u00f5es famosas do mundo todo. \u00c9 uma experi\u00eancia l\u00fadica, educativa e visualmente deslumbrante \u2014 ideal para crian\u00e7as e adultos.<\/p><p data-start=\"1417\" data-end=\"1533\"><strong>Dica:<\/strong> V\u00e1 cedo para evitar filas e aproveite as visitas guiadas para entender as curiosidades de cada maquete.<\/p>\t\t\t\t\t\t<\/div>\n\t\t\t\t<\/div>\n\t\t\t\t\t<\/div>\n\t\t\t\t<\/div>\n\t\t<div class=\"elementor-element elementor-element-c7fb7f4 e-flex e-con-boxed e-con e-parent\" data-id=\"c7fb7f4\" data-element_type=\"container\" data-settings=\"{&quot;content_width&quot;:&quot;boxed&quot;}\" data-core-v316-plus=\"true\">\n\t\t\t\t\t<div class=\"e-con-inner\">\n\t\t\t\t<div class=\"elementor-element elementor-element-913624d elementor-widget elementor-widget-heading\" data-id=\"913624d\" data-element_type=\"widget\" data-widget_type=\"heading.default\">\n\t\t\t\t<div class=\"elementor-widget-container\">\n\t\t\t<h3 class=\"elementor-heading-title elementor-size-medium\">2. Snowland: Neve de verdade o ano inteiro<\/h3>\t\t<\/div>\n\t\t\t\t<\/div>\n\t\t\t\t<div class=\"elementor-element elementor-element-e1315d6 elementor-widget elementor-widget-image\" data-id=\"e1315d6\" data-element_type=\"widget\" data-widget_type=\"image.default\">\n\t\t\t\t<div class=\"elementor-widget-container\">\n\t\t\t\t\t\t\t\t\t\t\t\t<figure class=\"wp-caption\">\n\t\t\t\t\t\t\t\t\t\t<img loading=\"lazy\" decoding=\"async\" width=\"1024\" height=\"684\" src=\"https:\/\/www.blumarturismo.com.br\/blog\/wp-content\/uploads\/2024\/04\/Renato-Soares-MTur-14-1024x684.jpg\" class=\"attachment-large size-large wp-image-53949\" alt=\"Foto: Renato Soares \/ MTur\" srcset=\"https:\/\/www.blumarturismo.com.br\/blog\/wp-content\/uploads\/2024\/04\/Renato-Soares-MTur-14-1024x684.jpg 1024w, https:\/\/www.blumarturismo.com.br\/blog\/wp-content\/uploads\/2024\/04\/Renato-Soares-MTur-14-300x200.jpg 300w, https:\/\/www.blumarturismo.com.br\/blog\/wp-content\/uploads\/2024\/04\/Renato-Soares-MTur-14-768x513.jpg 768w, https:\/\/www.blumarturismo.com.br\/blog\/wp-content\/uploads\/2024\/04\/Renato-Soares-MTur-14-1536x1025.jpg 1536w, https:\/\/www.blumarturismo.com.br\/blog\/wp-content\/uploads\/2024\/04\/Renato-Soares-MTur-14.jpg 2048w\" sizes=\"auto, (max-width: 1024px) 100vw, 1024px\" \/>\t\t\t\t\t\t\t\t\t\t\t<figcaption class=\"widget-image-caption wp-caption-text\">Foto: Renato Soares \/ MTur<\/figcaption>\n\t\t\t\t\t\t\t\t\t\t<\/figure>\n\t\t\t\t\t\t\t\t\t<\/div>\n\t\t\t\t<\/div>\n\t\t\t\t<div class=\"elementor-element elementor-element-ab4de3b elementor-widget elementor-widget-text-editor\" data-id=\"ab4de3b\" data-element_type=\"widget\" data-widget_type=\"text-editor.default\">\n\t\t\t\t<div class=\"elementor-widget-container\">\n\t\t\t\t\t\t\t<p data-start=\"1591\" data-end=\"1820\">Se a ideia \u00e9 sentir o clima de inverno europeu, o <strong data-start=\"1641\" data-end=\"1653\">Snowland<\/strong> \u00e9 parada obrigat\u00f3ria. O parque indoor oferece pista de esqui, snowboard, tubing e at\u00e9 \u00e1rea para construir bonecos de neve. Tudo isso com temperatura abaixo de zero!<\/p><p data-start=\"1822\" data-end=\"1911\">Perfeito para fam\u00edlias que querem divers\u00e3o e aventura em um ambiente seguro.<\/p>\t\t\t\t\t\t<\/div>\n\t\t\t\t<\/div>\n\t\t\t\t\t<\/div>\n\t\t\t\t<\/div>\n\t\t<div class=\"elementor-element elementor-element-bc909df e-flex e-con-boxed e-con e-parent\" data-id=\"bc909df\" data-element_type=\"container\" data-settings=\"{&quot;content_width&quot;:&quot;boxed&quot;}\" data-core-v316-plus=\"true\">\n\t\t\t\t\t<div class=\"e-con-inner\">\n\t\t\t\t<div class=\"elementor-element elementor-element-1b561a9 elementor-widget elementor-widget-heading\" data-id=\"1b561a9\" data-element_type=\"widget\" data-widget_type=\"heading.default\">\n\t\t\t\t<div class=\"elementor-widget-container\">\n\t\t\t<h3 class=\"elementor-heading-title elementor-size-medium\">3. Lago Negro: Beleza natural e passeios tranquilos<\/h3>\t\t<\/div>\n\t\t\t\t<\/div>\n\t\t\t\t<div class=\"elementor-element elementor-element-940a046 elementor-widget elementor-widget-image\" data-id=\"940a046\" data-element_type=\"widget\" data-widget_type=\"image.default\">\n\t\t\t\t<div class=\"elementor-widget-container\">\n\t\t\t\t\t\t\t\t\t\t\t\t<figure class=\"wp-caption\">\n\t\t\t\t\t\t\t\t\t\t<img loading=\"lazy\" decoding=\"async\" width=\"1000\" height=\"667\" src=\"https:\/\/www.blumarturismo.com.br\/blog\/wp-content\/uploads\/2021\/03\/Nido-Huebl-Shutterstock.com_.jpg\" class=\"attachment-large size-large wp-image-69892\" alt=\"Foto: Nido Huebl \/ Shutterstock.com\" srcset=\"https:\/\/www.blumarturismo.com.br\/blog\/wp-content\/uploads\/2021\/03\/Nido-Huebl-Shutterstock.com_.jpg 1000w, https:\/\/www.blumarturismo.com.br\/blog\/wp-content\/uploads\/2021\/03\/Nido-Huebl-Shutterstock.com_-300x200.jpg 300w, https:\/\/www.blumarturismo.com.br\/blog\/wp-content\/uploads\/2021\/03\/Nido-Huebl-Shutterstock.com_-768x512.jpg 768w\" sizes=\"auto, (max-width: 1000px) 100vw, 1000px\" \/>\t\t\t\t\t\t\t\t\t\t\t<figcaption class=\"widget-image-caption wp-caption-text\">Foto: Nido Huebl \/ Shutterstock.com<\/figcaption>\n\t\t\t\t\t\t\t\t\t\t<\/figure>\n\t\t\t\t\t\t\t\t\t<\/div>\n\t\t\t\t<\/div>\n\t\t\t\t<div class=\"elementor-element elementor-element-4730a39 elementor-widget elementor-widget-text-editor\" data-id=\"4730a39\" data-element_type=\"widget\" data-widget_type=\"text-editor.default\">\n\t\t\t\t<div class=\"elementor-widget-container\">\n\t\t\t\t\t\t\t<p data-start=\"1978\" data-end=\"2213\">O <strong data-start=\"1980\" data-end=\"1994\">Lago Negro<\/strong> \u00e9 um dos cart\u00f5es-postais de Gramado. Um lugar para caminhar, fazer piqueniques e curtir os pedalinhos em formato de cisne. O entorno \u00e9 cercado por \u00e1rvores importadas da Floresta Negra da Alemanha \u2014 um charme \u00e0 parte.<\/p><p data-start=\"2215\" data-end=\"2305\">Dica de ouro: leve um lanche e aproveite o p\u00f4r do sol refletindo nas \u00e1guas do lago.<\/p>\t\t\t\t\t\t<\/div>\n\t\t\t\t<\/div>\n\t\t\t\t\t<\/div>\n\t\t\t\t<\/div>\n\t\t<div class=\"elementor-element elementor-element-8d5bd01 e-flex e-con-boxed e-con e-parent\" data-id=\"8d5bd01\" data-element_type=\"container\" data-settings=\"{&quot;content_width&quot;:&quot;boxed&quot;}\" data-core-v316-plus=\"true\">\n\t\t\t\t\t<div class=\"e-con-inner\">\n\t\t\t\t<div class=\"elementor-element elementor-element-0bbfe53 elementor-widget elementor-widget-heading\" data-id=\"0bbfe53\" data-element_type=\"widget\" data-widget_type=\"heading.default\">\n\t\t\t\t<div class=\"elementor-widget-container\">\n\t\t\t<h3 class=\"elementor-heading-title elementor-size-medium\">4. Rua Coberta e Centro de Gramado<\/h3>\t\t<\/div>\n\t\t\t\t<\/div>\n\t\t\t\t<div class=\"elementor-element elementor-element-a210244 elementor-widget elementor-widget-image\" data-id=\"a210244\" data-element_type=\"widget\" data-widget_type=\"image.default\">\n\t\t\t\t<div class=\"elementor-widget-container\">\n\t\t\t\t\t\t\t\t\t\t\t\t<figure class=\"wp-caption\">\n\t\t\t\t\t\t\t\t\t\t<img loading=\"lazy\" decoding=\"async\" width=\"1000\" height=\"666\" src=\"https:\/\/www.blumarturismo.com.br\/blog\/wp-content\/uploads\/2025\/04\/Foto-Vinicius-Bacarin-Shutterstock.com_.jpg\" class=\"attachment-large size-large wp-image-69887\" alt=\"Foto: Vinicius Bacarin \/ Shutterstock.com\" srcset=\"https:\/\/www.blumarturismo.com.br\/blog\/wp-content\/uploads\/2025\/04\/Foto-Vinicius-Bacarin-Shutterstock.com_.jpg 1000w, https:\/\/www.blumarturismo.com.br\/blog\/wp-content\/uploads\/2025\/04\/Foto-Vinicius-Bacarin-Shutterstock.com_-300x200.jpg 300w, https:\/\/www.blumarturismo.com.br\/blog\/wp-content\/uploads\/2025\/04\/Foto-Vinicius-Bacarin-Shutterstock.com_-768x511.jpg 768w\" sizes=\"auto, (max-width: 1000px) 100vw, 1000px\" \/>\t\t\t\t\t\t\t\t\t\t\t<figcaption class=\"widget-image-caption wp-caption-text\">Foto: Vinicius Bacarin \/ Shutterstock.com<\/figcaption>\n\t\t\t\t\t\t\t\t\t\t<\/figure>\n\t\t\t\t\t\t\t\t\t<\/div>\n\t\t\t\t<\/div>\n\t\t\t\t<div class=\"elementor-element elementor-element-b22a923 elementor-widget elementor-widget-text-editor\" data-id=\"b22a923\" data-element_type=\"widget\" data-widget_type=\"text-editor.default\">\n\t\t\t\t<div class=\"elementor-widget-container\">\n\t\t\t\t\t\t\t<p data-start=\"2355\" data-end=\"2566\">Para quem quer aproveitar o clima da cidade, a <strong data-start=\"2402\" data-end=\"2417\">Rua Coberta<\/strong> \u00e9 o ponto perfeito. L\u00e1 voc\u00ea encontra caf\u00e9s, lojas e restaurantes com m\u00fasica ao vivo. As crian\u00e7as adoram os artistas de rua e o ambiente acolhedor.<\/p><p data-start=\"2568\" data-end=\"2668\">N\u00e3o deixe de provar o chocolate quente artesanal \u2014 tradi\u00e7\u00e3o local que faz sucesso h\u00e1 d\u00e9cadas.<\/p>\t\t\t\t\t\t<\/div>\n\t\t\t\t<\/div>\n\t\t\t\t\t<\/div>\n\t\t\t\t<\/div>\n\t\t<div class=\"elementor-element elementor-element-f5c42ec e-flex e-con-boxed e-con e-parent\" data-id=\"f5c42ec\" data-element_type=\"container\" data-settings=\"{&quot;content_width&quot;:&quot;boxed&quot;}\" data-core-v316-plus=\"true\">\n\t\t\t\t\t<div class=\"e-con-inner\">\n\t\t\t\t<div class=\"elementor-element elementor-element-3dcacfd elementor-widget elementor-widget-heading\" data-id=\"3dcacfd\" data-element_type=\"widget\" data-widget_type=\"heading.default\">\n\t\t\t\t<div class=\"elementor-widget-container\">\n\t\t\t<h3 class=\"elementor-heading-title elementor-size-medium\">5. Aldeia do Papai Noel: Magia o ano todo<\/h3>\t\t<\/div>\n\t\t\t\t<\/div>\n\t\t\t\t<div class=\"elementor-element elementor-element-51e4273 elementor-widget elementor-widget-image\" data-id=\"51e4273\" data-element_type=\"widget\" data-widget_type=\"image.default\">\n\t\t\t\t<div class=\"elementor-widget-container\">\n\t\t\t\t\t\t\t\t\t\t\t\t<figure class=\"wp-caption\">\n\t\t\t\t\t\t\t\t\t\t<img loading=\"lazy\" decoding=\"async\" width=\"1024\" height=\"682\" src=\"https:\/\/www.blumarturismo.com.br\/blog\/wp-content\/uploads\/2024\/04\/Renato-Soares-MTur-16-1024x682.jpg\" class=\"attachment-large size-large wp-image-72064\" alt=\"Foto: Renato Soares \/ MTur\" srcset=\"https:\/\/www.blumarturismo.com.br\/blog\/wp-content\/uploads\/2024\/04\/Renato-Soares-MTur-16-1024x682.jpg 1024w, https:\/\/www.blumarturismo.com.br\/blog\/wp-content\/uploads\/2024\/04\/Renato-Soares-MTur-16-300x200.jpg 300w, https:\/\/www.blumarturismo.com.br\/blog\/wp-content\/uploads\/2024\/04\/Renato-Soares-MTur-16-768x511.jpg 768w, https:\/\/www.blumarturismo.com.br\/blog\/wp-content\/uploads\/2024\/04\/Renato-Soares-MTur-16-1536x1022.jpg 1536w, https:\/\/www.blumarturismo.com.br\/blog\/wp-content\/uploads\/2024\/04\/Renato-Soares-MTur-16.jpg 2048w\" sizes=\"auto, (max-width: 1024px) 100vw, 1024px\" \/>\t\t\t\t\t\t\t\t\t\t\t<figcaption class=\"widget-image-caption wp-caption-text\">Foto: Renato Soares \/ MTur<\/figcaption>\n\t\t\t\t\t\t\t\t\t\t<\/figure>\n\t\t\t\t\t\t\t\t\t<\/div>\n\t\t\t\t<\/div>\n\t\t\t\t<div class=\"elementor-element elementor-element-b6d821b elementor-widget elementor-widget-text-editor\" data-id=\"b6d821b\" data-element_type=\"widget\" data-widget_type=\"text-editor.default\">\n\t\t\t\t<div class=\"elementor-widget-container\">\n\t\t\t\t\t\t\t<p data-start=\"2725\" data-end=\"2958\">Gramado \u00e9 conhecida como a cidade do Natal, e a <strong data-start=\"2773\" data-end=\"2797\">Aldeia do Papai Noel<\/strong> \u00e9 uma parada obrigat\u00f3ria. O parque tem\u00e1tico mant\u00e9m o esp\u00edrito natalino durante todo o ano, com renas, oficinas de brinquedos e a casa oficial do bom velhinho.<\/p><p data-start=\"2960\" data-end=\"3035\">Ideal para quem quer viver a magia do Natal, mesmo fora de dezembro.<\/p>\t\t\t\t\t\t<\/div>\n\t\t\t\t<\/div>\n\t\t\t\t\t<\/div>\n\t\t\t\t<\/div>\n\t\t<div class=\"elementor-element elementor-element-110c3e3 e-flex e-con-boxed e-con e-parent\" data-id=\"110c3e3\" data-element_type=\"container\" data-settings=\"{&quot;content_width&quot;:&quot;boxed&quot;}\" data-core-v316-plus=\"true\">\n\t\t\t\t\t<div class=\"e-con-inner\">\n\t\t\t\t<div class=\"elementor-element elementor-element-c19178c elementor-widget elementor-widget-heading\" data-id=\"c19178c\" data-element_type=\"widget\" data-widget_type=\"heading.default\">\n\t\t\t\t<div class=\"elementor-widget-container\">\n\t\t\t<h2 class=\"elementor-heading-title elementor-size-large\">Onde se hospedar em Gramado com conforto e praticidade<\/h2>\t\t<\/div>\n\t\t\t\t<\/div>\n\t\t\t\t<div class=\"elementor-element elementor-element-d9c5b40 elementor-widget elementor-widget-text-editor\" data-id=\"d9c5b40\" data-element_type=\"widget\" data-widget_type=\"text-editor.default\">\n\t\t\t\t<div class=\"elementor-widget-container\">\n\t\t\t\t\t\t\t<p data-start=\"3105\" data-end=\"3241\">A cidade tem hospedagens para todos os estilos \u2014 de hot\u00e9is luxuosos a pousadas charmosas. Algumas op\u00e7\u00f5es ideais para fam\u00edlias incluem:<\/p>\t\t\t\t\t\t<\/div>\n\t\t\t\t<\/div>\n\t\t\t\t\t<\/div>\n\t\t\t\t<\/div>\n\t\t<div class=\"elementor-element elementor-element-6e5f597 e-flex e-con-boxed e-con e-parent\" data-id=\"6e5f597\" data-element_type=\"container\" data-settings=\"{&quot;content_width&quot;:&quot;boxed&quot;}\" data-core-v316-plus=\"true\">\n\t\t\t\t\t<div class=\"e-con-inner\">\n\t\t\t\t<div class=\"elementor-element elementor-element-2f33ce9 elementor-widget elementor-widget-heading\" data-id=\"2f33ce9\" data-element_type=\"widget\" data-widget_type=\"heading.default\">\n\t\t\t\t<div class=\"elementor-widget-container\">\n\t\t\t<h3 class=\"elementor-heading-title elementor-size-medium\">Hotel Ritta H\u00f6ppner<\/h3>\t\t<\/div>\n\t\t\t\t<\/div>\n\t\t\t\t<div class=\"elementor-element elementor-element-af507bd elementor-widget elementor-widget-image\" data-id=\"af507bd\" data-element_type=\"widget\" data-widget_type=\"image.default\">\n\t\t\t\t<div class=\"elementor-widget-container\">\n\t\t\t\t\t\t\t\t\t\t\t\t<figure class=\"wp-caption\">\n\t\t\t\t\t\t\t\t\t\t<img loading=\"lazy\" decoding=\"async\" width=\"1024\" height=\"683\" src=\"https:\/\/www.blumarturismo.com.br\/blog\/wp-content\/uploads\/2024\/04\/264535641.jpg\" class=\"attachment-large size-large wp-image-72065\" alt=\"Foto: Divulga\u00e7\u00e3o \/ Hotel Ritta H\u00f6ppner\" srcset=\"https:\/\/www.blumarturismo.com.br\/blog\/wp-content\/uploads\/2024\/04\/264535641.jpg 1024w, https:\/\/www.blumarturismo.com.br\/blog\/wp-content\/uploads\/2024\/04\/264535641-300x200.jpg 300w, https:\/\/www.blumarturismo.com.br\/blog\/wp-content\/uploads\/2024\/04\/264535641-768x512.jpg 768w\" sizes=\"auto, (max-width: 1024px) 100vw, 1024px\" \/>\t\t\t\t\t\t\t\t\t\t\t<figcaption class=\"widget-image-caption wp-caption-text\">Foto: Divulga\u00e7\u00e3o \/ Hotel Ritta H\u00f6ppner<\/figcaption>\n\t\t\t\t\t\t\t\t\t\t<\/figure>\n\t\t\t\t\t\t\t\t\t<\/div>\n\t\t\t\t<\/div>\n\t\t\t\t<div class=\"elementor-element elementor-element-5356aba elementor-widget elementor-widget-text-editor\" data-id=\"5356aba\" data-element_type=\"widget\" data-widget_type=\"text-editor.default\">\n\t\t\t\t<div class=\"elementor-widget-container\">\n\t\t\t\t\t\t\t<p>Conhecido pelo atendimento excepcional e acesso gratuito ao Mini Mundo.<\/p>\t\t\t\t\t\t<\/div>\n\t\t\t\t<\/div>\n\t\t\t\t\t<\/div>\n\t\t\t\t<\/div>\n\t\t<div class=\"elementor-element elementor-element-30ddfe6 e-flex e-con-boxed e-con e-parent\" data-id=\"30ddfe6\" data-element_type=\"container\" data-settings=\"{&quot;content_width&quot;:&quot;boxed&quot;}\" data-core-v316-plus=\"true\">\n\t\t\t\t\t<div class=\"e-con-inner\">\n\t\t\t\t<div class=\"elementor-element elementor-element-93e183d elementor-widget elementor-widget-heading\" data-id=\"93e183d\" data-element_type=\"widget\" data-widget_type=\"heading.default\">\n\t\t\t\t<div class=\"elementor-widget-container\">\n\t\t\t<h3 class=\"elementor-heading-title elementor-size-medium\">Wish Serrano Resort<\/h3>\t\t<\/div>\n\t\t\t\t<\/div>\n\t\t\t\t<div class=\"elementor-element elementor-element-de7552f elementor-widget elementor-widget-image\" data-id=\"de7552f\" data-element_type=\"widget\" data-widget_type=\"image.default\">\n\t\t\t\t<div class=\"elementor-widget-container\">\n\t\t\t\t\t\t\t\t\t\t\t\t<figure class=\"wp-caption\">\n\t\t\t\t\t\t\t\t\t\t<img loading=\"lazy\" decoding=\"async\" width=\"1024\" height=\"683\" src=\"https:\/\/www.blumarturismo.com.br\/blog\/wp-content\/uploads\/2023\/05\/194489882-1024x683.jpg\" class=\"attachment-large size-large wp-image-63592\" alt=\"Foto: Divulga\u00e7\u00e3o \/ Wish Serrano Resort\" srcset=\"https:\/\/www.blumarturismo.com.br\/blog\/wp-content\/uploads\/2023\/05\/194489882-1024x683.jpg 1024w, https:\/\/www.blumarturismo.com.br\/blog\/wp-content\/uploads\/2023\/05\/194489882-300x200.jpg 300w, https:\/\/www.blumarturismo.com.br\/blog\/wp-content\/uploads\/2023\/05\/194489882-768x512.jpg 768w, https:\/\/www.blumarturismo.com.br\/blog\/wp-content\/uploads\/2023\/05\/194489882.jpg 1280w\" sizes=\"auto, (max-width: 1024px) 100vw, 1024px\" \/>\t\t\t\t\t\t\t\t\t\t\t<figcaption class=\"widget-image-caption wp-caption-text\">Foto: Divulga\u00e7\u00e3o \/ Wish Serrano Resort<\/figcaption>\n\t\t\t\t\t\t\t\t\t\t<\/figure>\n\t\t\t\t\t\t\t\t\t<\/div>\n\t\t\t\t<\/div>\n\t\t\t\t<div class=\"elementor-element elementor-element-77416a7 elementor-widget elementor-widget-text-editor\" data-id=\"77416a7\" data-element_type=\"widget\" data-widget_type=\"text-editor.default\">\n\t\t\t\t<div class=\"elementor-widget-container\">\n\t\t\t\t\t\t\t<p>Estrutura completa com recrea\u00e7\u00e3o infantil e piscinas aquecidas.<\/p>\t\t\t\t\t\t<\/div>\n\t\t\t\t<\/div>\n\t\t\t\t\t<\/div>\n\t\t\t\t<\/div>\n\t\t<div class=\"elementor-element elementor-element-4d8e62a e-flex e-con-boxed e-con e-parent\" data-id=\"4d8e62a\" data-element_type=\"container\" data-settings=\"{&quot;content_width&quot;:&quot;boxed&quot;}\" data-core-v316-plus=\"true\">\n\t\t\t\t\t<div class=\"e-con-inner\">\n\t\t\t\t<div class=\"elementor-element elementor-element-fcf9118 elementor-widget elementor-widget-heading\" data-id=\"fcf9118\" data-element_type=\"widget\" data-widget_type=\"heading.default\">\n\t\t\t\t<div class=\"elementor-widget-container\">\n\t\t\t<h3 class=\"elementor-heading-title elementor-size-medium\">Laghetto Stilo Borges<\/h3>\t\t<\/div>\n\t\t\t\t<\/div>\n\t\t\t\t<div class=\"elementor-element elementor-element-eebec4b elementor-widget elementor-widget-image\" data-id=\"eebec4b\" data-element_type=\"widget\" data-widget_type=\"image.default\">\n\t\t\t\t<div class=\"elementor-widget-container\">\n\t\t\t\t\t\t\t\t\t\t\t\t<figure class=\"wp-caption\">\n\t\t\t\t\t\t\t\t\t\t<img loading=\"lazy\" decoding=\"async\" width=\"980\" height=\"450\" src=\"https:\/\/www.blumarturismo.com.br\/blog\/wp-content\/uploads\/2021\/03\/3-16.jpg\" class=\"attachment-large size-large wp-image-5994\" alt=\"Foto: Divulga\u00e7\u00e3o \/ Laghetto Stilo Borges\" srcset=\"https:\/\/www.blumarturismo.com.br\/blog\/wp-content\/uploads\/2021\/03\/3-16.jpg 980w, https:\/\/www.blumarturismo.com.br\/blog\/wp-content\/uploads\/2021\/03\/3-16-300x138.jpg 300w, https:\/\/www.blumarturismo.com.br\/blog\/wp-content\/uploads\/2021\/03\/3-16-768x353.jpg 768w\" sizes=\"auto, (max-width: 980px) 100vw, 980px\" \/>\t\t\t\t\t\t\t\t\t\t\t<figcaption class=\"widget-image-caption wp-caption-text\">Foto: Divulga\u00e7\u00e3o \/ Laghetto Stilo Borges<\/figcaption>\n\t\t\t\t\t\t\t\t\t\t<\/figure>\n\t\t\t\t\t\t\t\t\t<\/div>\n\t\t\t\t<\/div>\n\t\t\t\t<div class=\"elementor-element elementor-element-f59bc1c elementor-widget elementor-widget-text-editor\" data-id=\"f59bc1c\" data-element_type=\"widget\" data-widget_type=\"text-editor.default\">\n\t\t\t\t<div class=\"elementor-widget-container\">\n\t\t\t\t\t\t\t<p>\u00d3tima localiza\u00e7\u00e3o e quartos amplos para grupos maiores.<\/p>\t\t\t\t\t\t<\/div>\n\t\t\t\t<\/div>\n\t\t\t\t\t<\/div>\n\t\t\t\t<\/div>\n\t\t<div class=\"elementor-element elementor-element-499da05 e-flex e-con-boxed e-con e-parent\" data-id=\"499da05\" data-element_type=\"container\" data-settings=\"{&quot;content_width&quot;:&quot;boxed&quot;}\" data-core-v316-plus=\"true\">\n\t\t\t\t\t<div class=\"e-con-inner\">\n\t\t\t\t<div class=\"elementor-element elementor-element-9195363 elementor-widget elementor-widget-heading\" data-id=\"9195363\" data-element_type=\"widget\" data-widget_type=\"heading.default\">\n\t\t\t\t<div class=\"elementor-widget-container\">\n\t\t\t<h2 class=\"elementor-heading-title elementor-size-large\">Dicas extras para aproveitar ao m\u00e1ximo Gramado com a fam\u00edlia<\/h2>\t\t<\/div>\n\t\t\t\t<\/div>\n\t\t\t\t<div class=\"elementor-element elementor-element-df0c440 elementor-widget elementor-widget-text-editor\" data-id=\"df0c440\" data-element_type=\"widget\" data-widget_type=\"text-editor.default\">\n\t\t\t\t<div class=\"elementor-widget-container\">\n\t\t\t\t\t\t\t<ul><li><strong data-start=\"3601\" data-end=\"3630\">Planeje com anteced\u00eancia:<\/strong> durante eventos como o <em data-start=\"3654\" data-end=\"3665\">Natal Luz<\/em>, a cidade fica lotada.<\/li><li><strong data-start=\"3694\" data-end=\"3726\">Compre ingressos antecipados<\/strong> para atra\u00e7\u00f5es como Snowland e Mini Mundo<\/li><li><strong data-start=\"3774\" data-end=\"3808\">Reserve restaurantes populares<\/strong>, como o Bouquet Garni e o Cantina Pastasciutta.<\/li><li><strong data-start=\"3862\" data-end=\"3886\">Experimente o fondue<\/strong> \u2014 uma tradi\u00e7\u00e3o local perfeita para compartilhar em fam\u00edlia.<\/li><\/ul>\t\t\t\t\t\t<\/div>\n\t\t\t\t<\/div>\n\t\t\t\t\t<\/div>\n\t\t\t\t<\/div>\n\t\t<div class=\"elementor-element elementor-element-cdf2d21 e-flex e-con-boxed e-con e-parent\" data-id=\"cdf2d21\" data-element_type=\"container\" data-settings=\"{&quot;content_width&quot;:&quot;boxed&quot;}\" data-core-v316-plus=\"true\">\n\t\t\t\t\t<div class=\"e-con-inner\">\n\t\t\t\t<div class=\"elementor-element elementor-element-3ca08fd elementor-widget elementor-widget-heading\" data-id=\"3ca08fd\" data-element_type=\"widget\" data-widget_type=\"heading.default\">\n\t\t\t\t<div class=\"elementor-widget-container\">\n\t\t\t<h2 class=\"elementor-heading-title elementor-size-large\">Blumar Turismo: Sua parceira para uma viagem perfeita a Gramado<\/h2>\t\t<\/div>\n\t\t\t\t<\/div>\n\t\t\t\t<div class=\"elementor-element elementor-element-db186e5 elementor-widget elementor-widget-text-editor\" data-id=\"db186e5\" data-element_type=\"widget\" data-widget_type=\"text-editor.default\">\n\t\t\t\t<div class=\"elementor-widget-container\">\n\t\t\t\t\t\t\t<p data-start=\"4027\" data-end=\"4210\">Organizar uma viagem em fam\u00edlia exige cuidado e experi\u00eancia \u2014 e \u00e9 a\u00ed que a <strong data-start=\"4102\" data-end=\"4120\">Blumar Turismo<\/strong> faz a diferen\u00e7a. Com d\u00e9cadas de expertise em roteiros personalizados, a <strong><a href=\"https:\/\/www.blumar.com.br\/\">Blumar<\/a> <\/strong>garante:<\/p><ul data-start=\"4212\" data-end=\"4473\"><li data-start=\"4212\" data-end=\"4265\"><p data-start=\"4214\" data-end=\"4265\"><strong data-start=\"4214\" data-end=\"4238\">Seguran\u00e7a e conforto<\/strong> em cada etapa da viagem;<\/p><\/li><li data-start=\"4266\" data-end=\"4328\"><p data-start=\"4268\" data-end=\"4328\"><strong data-start=\"4268\" data-end=\"4325\">Parcerias com hot\u00e9is e fornecedores de alta qualidade<\/strong>;<\/p><\/li><li data-start=\"4329\" data-end=\"4386\"><p data-start=\"4331\" data-end=\"4386\"><strong data-start=\"4331\" data-end=\"4360\">Atendimento especializado<\/strong> para fam\u00edlias e grupos;<\/p><\/li><li data-start=\"4387\" data-end=\"4473\"><p data-start=\"4389\" data-end=\"4473\"><strong data-start=\"4389\" data-end=\"4411\">Pacotes sob medida<\/strong> que incluem transporte, passeios e experi\u00eancias exclusivas.<\/p><\/li><\/ul><p data-start=\"4475\" data-end=\"4592\">Com a Blumar Turismo, voc\u00ea transforma sua viagem em Gramado em uma experi\u00eancia inesquec\u00edvel, sem preocupa\u00e7\u00f5es.<\/p>\t\t\t\t\t\t<\/div>\n\t\t\t\t<\/div>\n\t\t\t\t\t<\/div>\n\t\t\t\t<\/div>\n\t\t<div class=\"elementor-element elementor-element-129a764 e-flex e-con-boxed e-con e-parent\" data-id=\"129a764\" data-element_type=\"container\" data-settings=\"{&quot;content_width&quot;:&quot;boxed&quot;}\" data-core-v316-plus=\"true\">\n\t\t\t\t\t<div class=\"e-con-inner\">\n\t\t\t\t<div class=\"elementor-element elementor-element-e39d143 elementor-widget elementor-widget-heading\" data-id=\"e39d143\" data-element_type=\"widget\" data-widget_type=\"heading.default\">\n\t\t\t\t<div class=\"elementor-widget-container\">\n\t\t\t<h2 class=\"elementor-heading-title elementor-size-large\">Conclus\u00e3o: Viva momentos \u00fanicos em Gramado com quem voc\u00ea ama<\/h2>\t\t<\/div>\n\t\t\t\t<\/div>\n\t\t\t\t<div class=\"elementor-element elementor-element-fe6de59 elementor-widget elementor-widget-image\" data-id=\"fe6de59\" data-element_type=\"widget\" data-widget_type=\"image.default\">\n\t\t\t\t<div class=\"elementor-widget-container\">\n\t\t\t\t\t\t\t\t\t\t\t\t<figure class=\"wp-caption\">\n\t\t\t\t\t\t\t\t\t\t<img loading=\"lazy\" decoding=\"async\" width=\"1024\" height=\"685\" src=\"https:\/\/www.blumarturismo.com.br\/blog\/wp-content\/uploads\/2021\/03\/shutterstock_2076253261-1024x685.jpg\" class=\"attachment-large size-large wp-image-69856\" alt=\"Foto: Diego Grandi \/ Shutterstock\" srcset=\"https:\/\/www.blumarturismo.com.br\/blog\/wp-content\/uploads\/2021\/03\/shutterstock_2076253261-1024x685.jpg 1024w, https:\/\/www.blumarturismo.com.br\/blog\/wp-content\/uploads\/2021\/03\/shutterstock_2076253261-300x201.jpg 300w, https:\/\/www.blumarturismo.com.br\/blog\/wp-content\/uploads\/2021\/03\/shutterstock_2076253261-768x514.jpg 768w, https:\/\/www.blumarturismo.com.br\/blog\/wp-content\/uploads\/2021\/03\/shutterstock_2076253261-1536x1028.jpg 1536w, https:\/\/www.blumarturismo.com.br\/blog\/wp-content\/uploads\/2021\/03\/shutterstock_2076253261-2048x1370.jpg 2048w\" sizes=\"auto, (max-width: 1024px) 100vw, 1024px\" \/>\t\t\t\t\t\t\t\t\t\t\t<figcaption class=\"widget-image-caption wp-caption-text\">Foto: Diego Grandi \/ Shutterstock<\/figcaption>\n\t\t\t\t\t\t\t\t\t\t<\/figure>\n\t\t\t\t\t\t\t\t\t<\/div>\n\t\t\t\t<\/div>\n\t\t\t\t<div class=\"elementor-element elementor-element-d61fd44 elementor-widget elementor-widget-text-editor\" data-id=\"d61fd44\" data-element_type=\"widget\" data-widget_type=\"text-editor.default\">\n\t\t\t\t<div class=\"elementor-widget-container\">\n\t\t\t\t\t\t\t<p data-start=\"4668\" data-end=\"4928\">Agora que voc\u00ea j\u00e1 sabe <strong data-start=\"4691\" data-end=\"4731\">o que fazer em Gramado com a fam\u00edlia<\/strong>, \u00e9 hora de come\u00e7ar a planejar sua viagem. Entre parques de neve, lagos encantadores e o clima europeu das montanhas ga\u00fachas, Gramado \u00e9 o destino ideal para quem busca divers\u00e3o, conforto e magia.<\/p><p data-start=\"4930\" data-end=\"5102\"><strong data-start=\"4932\" data-end=\"4990\">Quer viver tudo isso sem se preocupar com os detalhes?<\/strong><\/p><p data-start=\"4930\" data-end=\"5102\">Entre em contato com a <a href=\"https:\/\/www.blumar.com.br\/\"><strong data-start=\"5016\" data-end=\"5034\">Blumar Turismo<\/strong><\/a> e descubra nossos pacotes exclusivos para Gramado e Serra Ga\u00facha.<\/p>\t\t\t\t\t\t<\/div>\n\t\t\t\t<\/div>\n\t\t\t\t\t<\/div>\n\t\t\t\t<\/div>\n\t\t<div class=\"elementor-element elementor-element-06bc2ff e-flex e-con-boxed e-con e-child\" data-id=\"06bc2ff\" data-element_type=\"container\" data-settings=\"{&quot;content_width&quot;:&quot;boxed&quot;}\">\n\t\t\t\t\t<div class=\"e-con-inner\">\n\t\t\t\t<div class=\"elementor-element elementor-element-6feefd2 elementor-widget elementor-widget-heading\" data-id=\"6feefd2\" data-element_type=\"widget\" data-widget_type=\"heading.default\">\n\t\t\t\t<div class=\"elementor-widget-container\">\n\t\t\t<h2 class=\"elementor-heading-title elementor-size-large\">Depoimentos de Quem Viveu a Experi\u00eancia<\/h2>\t\t<\/div>\n\t\t\t\t<\/div>\n\t\t\t\t<div class=\"elementor-element elementor-element-439f125 elementor-widget elementor-widget-text-editor\" data-id=\"439f125\" data-element_type=\"widget\" data-widget_type=\"text-editor.default\">\n\t\t\t\t<div class=\"elementor-widget-container\">\n\t\t\t\t\t\t\t<p style=\"text-align: center;\"><strong><a href=\"https:\/\/www.blumar.com.br\/\" data-wplink-edit=\"true\">Blumar Turismo<\/a>: Certificada pelo Reclame Aqui<\/strong><\/p>\t\t\t\t\t\t<\/div>\n\t\t\t\t<\/div>\n\t\t\t\t<div class=\"elementor-element elementor-element-dc484fe elementor-widget elementor-widget-html\" data-id=\"dc484fe\" data-element_type=\"widget\" data-widget_type=\"html.default\">\n\t\t\t\t<div class=\"elementor-widget-container\">\n\t\t\t<center><div id=\"ra-verified-seal\"><script type=\"text\/javascript\" id=\"ra-embed-verified-seal\" src=\"https:\/\/s3.amazonaws.com\/raichu-beta\/ra-verified\/bundle.js\" data-id=\"MzI4Nzc6Ymx1bWFy\" data-target=\"ra-verified-seal\" data-model=\"2\"><\/script><\/div><\/center>\t\t<\/div>\n\t\t\t\t<\/div>\n\t\t\t\t<div class=\"elementor-element elementor-element-39d2434 elementor-widget elementor-widget-text-editor\" data-id=\"39d2434\" data-element_type=\"widget\" data-widget_type=\"text-editor.default\">\n\t\t\t\t<div class=\"elementor-widget-container\">\n\t\t\t\t\t\t\t<p><span style=\"color: var( --e-global-color-text ); text-align: var(--text-align);\">Na <a href=\"https:\/\/www.blumar.com.br\/\"><strong>Blumar Turismo<\/strong><\/a>, nos orgulhamos de oferecer um servi\u00e7o de excel\u00eancia. Somos certificados pelo Reclame Aqui e n\u00e3o recebemos nenhuma reclama\u00e7\u00e3o nos \u00faltimos 12 meses.<\/span><\/p><p>Nosso compromisso \u00e9 com a total satisfa\u00e7\u00e3o do cliente. Garantimos experi\u00eancias de viagem \u00fanicas e memor\u00e1veis, cuidando de cada detalhe, desde a escolha dos melhores destinos e hot\u00e9is at\u00e9 a personaliza\u00e7\u00e3o de roteiros. Nossa equipe est\u00e1 dedicada a atender todas as suas necessidades com m\u00e1xima aten\u00e7\u00e3o e profissionalismo.<\/p>\t\t\t\t\t\t<\/div>\n\t\t\t\t<\/div>\n\t\t\t\t<div class=\"elementor-element elementor-element-c8cc4a5 elementor-widget elementor-widget-html\" data-id=\"c8cc4a5\" data-element_type=\"widget\" data-widget_type=\"html.default\">\n\t\t\t\t<div class=\"elementor-widget-container\">\n\t\t\t<script defer async src='https:\/\/cdn.trustindex.io\/loader.js?dc6229528d81446bbc4644b5063'><\/script>\t\t<\/div>\n\t\t\t\t<\/div>\n\t\t\t\t\t<\/div>\n\t\t\t\t<\/div>\n\t\t<div class=\"elementor-element elementor-element-2ef28b3 e-flex e-con-boxed e-con e-parent\" data-id=\"2ef28b3\" data-element_type=\"container\" data-settings=\"{&quot;content_width&quot;:&quot;boxed&quot;}\" data-core-v316-plus=\"true\">\n\t\t\t\t\t<div class=\"e-con-inner\">\n\t\t\t\t<div class=\"elementor-element elementor-element-8727efa elementor-widget elementor-widget-heading\" data-id=\"8727efa\" data-element_type=\"widget\" data-widget_type=\"heading.default\">\n\t\t\t\t<div class=\"elementor-widget-container\">\n\t\t\t<h2 class=\"elementor-heading-title elementor-size-medium\">Posts que voc\u00ea tamb\u00e9m pode se interessar:<\/h2>\t\t<\/div>\n\t\t\t\t<\/div>\n\t\t\t\t<div class=\"elementor-element elementor-element-94228e7 elementor-widget elementor-widget-text-editor\" data-id=\"94228e7\" data-element_type=\"widget\" data-widget_type=\"text-editor.default\">\n\t\t\t\t<div class=\"elementor-widget-container\">\n\t\t\t\t\t\t\t<ul><li><a href=\"https:\/\/www.blumarturismo.com.br\/blog\/o-que-fazer-em-gramado-no-inverno-descubra-as-atracoes-imperdiveis\/\">O que fazer em Gramado no inverno: Descubra as atra\u00e7\u00f5es imperd\u00edveis<\/a><\/li><li><a href=\"https:\/\/www.blumarturismo.com.br\/blog\/as-melhores-atracoes-em-gramado-e-canela\/\">As melhores atra\u00e7\u00f5es em Gramado e Canela<\/a><\/li><li><a href=\"https:\/\/www.blumarturismo.com.br\/blog\/melhores-restaurantes-em-gramado-vale-dos-vinhedos-e-canela\/\">Melhores restaurantes em Gramado, Vale dos Vinhedos e Canela<\/a><\/li><li><a href=\"https:\/\/www.blumarturismo.com.br\/blog\/onde-ficar-em-gramado-um-guia-para-encontrar-o-hotel-perfeito\/\">Onde Ficar em Gramado: Um Guia para Encontrar o Hotel Perfeito<\/a><\/li><li><a href=\"https:\/\/www.blumarturismo.com.br\/blog\/operador-de-turismo-cultural-e-de-luxo-no-brasil-blumar-dmc\/\">Operador de Turismo Cultural e de Luxo no Brasil: Blumar DMC<\/a><\/li><\/ul>\t\t\t\t\t\t<\/div>\n\t\t\t\t<\/div>\n\t\t\t\t\t<\/div>\n\t\t\t\t<\/div>\n\t\t<div class=\"elementor-element elementor-element-17575af e-flex e-con-boxed e-con e-parent\" data-id=\"17575af\" data-element_type=\"container\" data-settings=\"{&quot;content_width&quot;:&quot;boxed&quot;}\" data-core-v316-plus=\"true\">\n\t\t\t\t\t<div class=\"e-con-inner\">\n\t\t\t\t<div class=\"elementor-element elementor-element-9fa4c05 elementor-widget elementor-widget-heading\" data-id=\"9fa4c05\" data-element_type=\"widget\" data-widget_type=\"heading.default\">\n\t\t\t\t<div class=\"elementor-widget-container\">\n\t\t\t<h2 class=\"elementor-heading-title elementor-size-large\">FAQ: O que Fazer em Gramado com a Fam\u00edlia \u2014 Guia Completo de Viagem<\/h2>\t\t<\/div>\n\t\t\t\t<\/div>\n\t\t\t\t<div class=\"elementor-element elementor-element-95f7503 elementor-widget elementor-widget-image\" data-id=\"95f7503\" data-element_type=\"widget\" data-widget_type=\"image.default\">\n\t\t\t\t<div class=\"elementor-widget-container\">\n\t\t\t\t\t\t\t\t\t\t\t\t<figure class=\"wp-caption\">\n\t\t\t\t\t\t\t\t\t\t<img loading=\"lazy\" decoding=\"async\" width=\"1000\" height=\"667\" src=\"https:\/\/www.blumarturismo.com.br\/blog\/wp-content\/uploads\/2021\/03\/Foto-Pedro-Turrini-Neto-Shutterstock.com_.jpg\" class=\"attachment-large size-large wp-image-69815\" alt=\"Foto: Pedro Turrini Neto \/ Shutterstock.com\" srcset=\"https:\/\/www.blumarturismo.com.br\/blog\/wp-content\/uploads\/2021\/03\/Foto-Pedro-Turrini-Neto-Shutterstock.com_.jpg 1000w, https:\/\/www.blumarturismo.com.br\/blog\/wp-content\/uploads\/2021\/03\/Foto-Pedro-Turrini-Neto-Shutterstock.com_-300x200.jpg 300w, https:\/\/www.blumarturismo.com.br\/blog\/wp-content\/uploads\/2021\/03\/Foto-Pedro-Turrini-Neto-Shutterstock.com_-768x512.jpg 768w\" sizes=\"auto, (max-width: 1000px) 100vw, 1000px\" \/>\t\t\t\t\t\t\t\t\t\t\t<figcaption class=\"widget-image-caption wp-caption-text\">Foto: Pedro Turrini Neto \/ Shutterstock.com<\/figcaption>\n\t\t\t\t\t\t\t\t\t\t<\/figure>\n\t\t\t\t\t\t\t\t\t<\/div>\n\t\t\t\t<\/div>\n\t\t\t\t<div class=\"elementor-element elementor-element-41ac6cb elementor-widget elementor-widget-toggle\" data-id=\"41ac6cb\" data-element_type=\"widget\" data-widget_type=\"toggle.default\">\n\t\t\t\t<div class=\"elementor-widget-container\">\n\t\t\t<style>\/*! elementor - v3.16.0 - 13-09-2023 *\/\n.elementor-toggle{text-align:left}.elementor-toggle .elementor-tab-title{font-weight:700;line-height:1;margin:0;padding:15px;border-bottom:1px solid #d5d8dc;cursor:pointer;outline:none}.elementor-toggle .elementor-tab-title .elementor-toggle-icon{display:inline-block;width:1em}.elementor-toggle .elementor-tab-title .elementor-toggle-icon svg{margin-inline-start:-5px;width:1em;height:1em}.elementor-toggle .elementor-tab-title .elementor-toggle-icon.elementor-toggle-icon-right{float:right;text-align:right}.elementor-toggle .elementor-tab-title .elementor-toggle-icon.elementor-toggle-icon-left{float:left;text-align:left}.elementor-toggle .elementor-tab-title .elementor-toggle-icon .elementor-toggle-icon-closed{display:block}.elementor-toggle .elementor-tab-title .elementor-toggle-icon .elementor-toggle-icon-opened{display:none}.elementor-toggle .elementor-tab-title.elementor-active{border-bottom:none}.elementor-toggle .elementor-tab-title.elementor-active .elementor-toggle-icon-closed{display:none}.elementor-toggle .elementor-tab-title.elementor-active .elementor-toggle-icon-opened{display:block}.elementor-toggle .elementor-tab-content{padding:15px;border-bottom:1px solid #d5d8dc;display:none}@media (max-width:767px){.elementor-toggle .elementor-tab-title{padding:12px}.elementor-toggle .elementor-tab-content{padding:12px 10px}}.e-con-inner>.elementor-widget-toggle,.e-con>.elementor-widget-toggle{width:var(--container-widget-width);--flex-grow:var(--container-widget-flex-grow)}<\/style>\t\t<div class=\"elementor-toggle\">\n\t\t\t\t\t\t\t<div class=\"elementor-toggle-item\">\n\t\t\t\t\t<div id=\"elementor-tab-title-6881\" class=\"elementor-tab-title\" data-tab=\"1\" role=\"button\" aria-controls=\"elementor-tab-content-6881\" aria-expanded=\"false\">\n\t\t\t\t\t\t\t\t\t\t\t\t<span class=\"elementor-toggle-icon elementor-toggle-icon-left\" aria-hidden=\"true\">\n\t\t\t\t\t\t\t\t\t\t\t\t\t\t\t<span class=\"elementor-toggle-icon-closed\"><svg class=\"e-font-icon-svg e-fas-caret-right\" viewBox=\"0 0 192 512\" xmlns=\"http:\/\/www.w3.org\/2000\/svg\"><path d=\"M0 384.662V127.338c0-17.818 21.543-26.741 34.142-14.142l128.662 128.662c7.81 7.81 7.81 20.474 0 28.284L34.142 398.804C21.543 411.404 0 402.48 0 384.662z\"><\/path><\/svg><\/span>\n\t\t\t\t\t\t\t\t<span class=\"elementor-toggle-icon-opened\"><svg class=\"elementor-toggle-icon-opened e-font-icon-svg e-fas-caret-up\" viewBox=\"0 0 320 512\" xmlns=\"http:\/\/www.w3.org\/2000\/svg\"><path d=\"M288.662 352H31.338c-17.818 0-26.741-21.543-14.142-34.142l128.662-128.662c7.81-7.81 20.474-7.81 28.284 0l128.662 128.662c12.6 12.599 3.676 34.142-14.142 34.142z\"><\/path><\/svg><\/span>\n\t\t\t\t\t\t\t\t\t\t\t\t\t<\/span>\n\t\t\t\t\t\t\t\t\t\t\t\t<a class=\"elementor-toggle-title\" tabindex=\"0\">O que torna Gramado um destino ideal para fam\u00edlias?<\/a>\n\t\t\t\t\t<\/div>\n\n\t\t\t\t\t<div id=\"elementor-tab-content-6881\" class=\"elementor-tab-content elementor-clearfix\" data-tab=\"1\" role=\"region\" aria-labelledby=\"elementor-tab-title-6881\"><p data-start=\"520\" data-end=\"821\">Gramado combina seguran\u00e7a, charme europeu e excelente infraestrutura tur\u00edstica. A cidade oferece atra\u00e7\u00f5es para todas as idades, ruas floridas, clima ameno e uma atmosfera acolhedora \u2014 perfeita para criar mem\u00f3rias inesquec\u00edveis em fam\u00edlia.<\/p><\/div>\n\t\t\t\t<\/div>\n\t\t\t\t\t\t\t<div class=\"elementor-toggle-item\">\n\t\t\t\t\t<div id=\"elementor-tab-title-6882\" class=\"elementor-tab-title\" data-tab=\"2\" role=\"button\" aria-controls=\"elementor-tab-content-6882\" aria-expanded=\"false\">\n\t\t\t\t\t\t\t\t\t\t\t\t<span class=\"elementor-toggle-icon elementor-toggle-icon-left\" aria-hidden=\"true\">\n\t\t\t\t\t\t\t\t\t\t\t\t\t\t\t<span class=\"elementor-toggle-icon-closed\"><svg class=\"e-font-icon-svg e-fas-caret-right\" viewBox=\"0 0 192 512\" xmlns=\"http:\/\/www.w3.org\/2000\/svg\"><path d=\"M0 384.662V127.338c0-17.818 21.543-26.741 34.142-14.142l128.662 128.662c7.81 7.81 7.81 20.474 0 28.284L34.142 398.804C21.543 411.404 0 402.48 0 384.662z\"><\/path><\/svg><\/span>\n\t\t\t\t\t\t\t\t<span class=\"elementor-toggle-icon-opened\"><svg class=\"elementor-toggle-icon-opened e-font-icon-svg e-fas-caret-up\" viewBox=\"0 0 320 512\" xmlns=\"http:\/\/www.w3.org\/2000\/svg\"><path d=\"M288.662 352H31.338c-17.818 0-26.741-21.543-14.142-34.142l128.662-128.662c7.81-7.81 20.474-7.81 28.284 0l128.662 128.662c12.6 12.599 3.676 34.142-14.142 34.142z\"><\/path><\/svg><\/span>\n\t\t\t\t\t\t\t\t\t\t\t\t\t<\/span>\n\t\t\t\t\t\t\t\t\t\t\t\t<a class=\"elementor-toggle-title\" tabindex=\"0\">\u00c9 seguro viajar para Gramado com crian\u00e7as?<\/a>\n\t\t\t\t\t<\/div>\n\n\t\t\t\t\t<div id=\"elementor-tab-content-6882\" class=\"elementor-tab-content elementor-clearfix\" data-tab=\"2\" role=\"region\" aria-labelledby=\"elementor-tab-title-6882\"><p data-start=\"823\" data-end=\"1068\">Sim! Gramado \u00e9 considerada uma das cidades mais seguras do Brasil, com ruas bem cuidadas e policiamento constante, o que garante tranquilidade para passeios em grupo ou com crian\u00e7as pequenas.<\/p><\/div>\n\t\t\t\t<\/div>\n\t\t\t\t\t\t\t<div class=\"elementor-toggle-item\">\n\t\t\t\t\t<div id=\"elementor-tab-title-6883\" class=\"elementor-tab-title\" data-tab=\"3\" role=\"button\" aria-controls=\"elementor-tab-content-6883\" aria-expanded=\"false\">\n\t\t\t\t\t\t\t\t\t\t\t\t<span class=\"elementor-toggle-icon elementor-toggle-icon-left\" aria-hidden=\"true\">\n\t\t\t\t\t\t\t\t\t\t\t\t\t\t\t<span class=\"elementor-toggle-icon-closed\"><svg class=\"e-font-icon-svg e-fas-caret-right\" viewBox=\"0 0 192 512\" xmlns=\"http:\/\/www.w3.org\/2000\/svg\"><path d=\"M0 384.662V127.338c0-17.818 21.543-26.741 34.142-14.142l128.662 128.662c7.81 7.81 7.81 20.474 0 28.284L34.142 398.804C21.543 411.404 0 402.48 0 384.662z\"><\/path><\/svg><\/span>\n\t\t\t\t\t\t\t\t<span class=\"elementor-toggle-icon-opened\"><svg class=\"elementor-toggle-icon-opened e-font-icon-svg e-fas-caret-up\" viewBox=\"0 0 320 512\" xmlns=\"http:\/\/www.w3.org\/2000\/svg\"><path d=\"M288.662 352H31.338c-17.818 0-26.741-21.543-14.142-34.142l128.662-128.662c7.81-7.81 20.474-7.81 28.284 0l128.662 128.662c12.6 12.599 3.676 34.142-14.142 34.142z\"><\/path><\/svg><\/span>\n\t\t\t\t\t\t\t\t\t\t\t\t\t<\/span>\n\t\t\t\t\t\t\t\t\t\t\t\t<a class=\"elementor-toggle-title\" tabindex=\"0\">O que \u00e9 o Mini Mundo e por que ele \u00e9 t\u00e3o famoso?<\/a>\n\t\t\t\t\t<\/div>\n\n\t\t\t\t\t<div id=\"elementor-tab-content-6883\" class=\"elementor-tab-content elementor-clearfix\" data-tab=\"3\" role=\"region\" aria-labelledby=\"elementor-tab-title-6883\"><p>O <strong data-start=\"1190\" data-end=\"1204\">Mini Mundo<\/strong> \u00e9 um parque com r\u00e9plicas em miniatura de constru\u00e7\u00f5es ic\u00f4nicas do mundo todo. \u00c9 uma experi\u00eancia educativa e encantadora, ideal para despertar a curiosidade das crian\u00e7as e o fasc\u00ednio dos adultos.<\/p><\/div>\n\t\t\t\t<\/div>\n\t\t\t\t\t\t\t<div class=\"elementor-toggle-item\">\n\t\t\t\t\t<div id=\"elementor-tab-title-6884\" class=\"elementor-tab-title\" data-tab=\"4\" role=\"button\" aria-controls=\"elementor-tab-content-6884\" aria-expanded=\"false\">\n\t\t\t\t\t\t\t\t\t\t\t\t<span class=\"elementor-toggle-icon elementor-toggle-icon-left\" aria-hidden=\"true\">\n\t\t\t\t\t\t\t\t\t\t\t\t\t\t\t<span class=\"elementor-toggle-icon-closed\"><svg class=\"e-font-icon-svg e-fas-caret-right\" viewBox=\"0 0 192 512\" xmlns=\"http:\/\/www.w3.org\/2000\/svg\"><path d=\"M0 384.662V127.338c0-17.818 21.543-26.741 34.142-14.142l128.662 128.662c7.81 7.81 7.81 20.474 0 28.284L34.142 398.804C21.543 411.404 0 402.48 0 384.662z\"><\/path><\/svg><\/span>\n\t\t\t\t\t\t\t\t<span class=\"elementor-toggle-icon-opened\"><svg class=\"elementor-toggle-icon-opened e-font-icon-svg e-fas-caret-up\" viewBox=\"0 0 320 512\" xmlns=\"http:\/\/www.w3.org\/2000\/svg\"><path d=\"M288.662 352H31.338c-17.818 0-26.741-21.543-14.142-34.142l128.662-128.662c7.81-7.81 20.474-7.81 28.284 0l128.662 128.662c12.6 12.599 3.676 34.142-14.142 34.142z\"><\/path><\/svg><\/span>\n\t\t\t\t\t\t\t\t\t\t\t\t\t<\/span>\n\t\t\t\t\t\t\t\t\t\t\t\t<a class=\"elementor-toggle-title\" tabindex=\"0\">Onde posso ver neve de verdade em Gramado?<\/a>\n\t\t\t\t\t<\/div>\n\n\t\t\t\t\t<div id=\"elementor-tab-content-6884\" class=\"elementor-tab-content elementor-clearfix\" data-tab=\"4\" role=\"region\" aria-labelledby=\"elementor-tab-title-6884\"><p data-start=\"1476\" data-end=\"1732\">No <strong data-start=\"1533\" data-end=\"1545\">Snowland<\/strong>, o primeiro parque de neve indoor das Am\u00e9ricas! L\u00e1, voc\u00ea pode esquiar, praticar snowboard e at\u00e9 montar bonecos de neve \u2014 divers\u00e3o garantida para toda a fam\u00edlia, em qualquer \u00e9poca do ano.<\/p><\/div>\n\t\t\t\t<\/div>\n\t\t\t\t\t\t\t<div class=\"elementor-toggle-item\">\n\t\t\t\t\t<div id=\"elementor-tab-title-6885\" class=\"elementor-tab-title\" data-tab=\"5\" role=\"button\" aria-controls=\"elementor-tab-content-6885\" aria-expanded=\"false\">\n\t\t\t\t\t\t\t\t\t\t\t\t<span class=\"elementor-toggle-icon elementor-toggle-icon-left\" aria-hidden=\"true\">\n\t\t\t\t\t\t\t\t\t\t\t\t\t\t\t<span class=\"elementor-toggle-icon-closed\"><svg class=\"e-font-icon-svg e-fas-caret-right\" viewBox=\"0 0 192 512\" xmlns=\"http:\/\/www.w3.org\/2000\/svg\"><path d=\"M0 384.662V127.338c0-17.818 21.543-26.741 34.142-14.142l128.662 128.662c7.81 7.81 7.81 20.474 0 28.284L34.142 398.804C21.543 411.404 0 402.48 0 384.662z\"><\/path><\/svg><\/span>\n\t\t\t\t\t\t\t\t<span class=\"elementor-toggle-icon-opened\"><svg class=\"elementor-toggle-icon-opened e-font-icon-svg e-fas-caret-up\" viewBox=\"0 0 320 512\" xmlns=\"http:\/\/www.w3.org\/2000\/svg\"><path d=\"M288.662 352H31.338c-17.818 0-26.741-21.543-14.142-34.142l128.662-128.662c7.81-7.81 20.474-7.81 28.284 0l128.662 128.662c12.6 12.599 3.676 34.142-14.142 34.142z\"><\/path><\/svg><\/span>\n\t\t\t\t\t\t\t\t\t\t\t\t\t<\/span>\n\t\t\t\t\t\t\t\t\t\t\t\t<a class=\"elementor-toggle-title\" tabindex=\"0\">O que fazer no Lago Negro com crian\u00e7as?<\/a>\n\t\t\t\t\t<\/div>\n\n\t\t\t\t\t<div id=\"elementor-tab-content-6885\" class=\"elementor-tab-content elementor-clearfix\" data-tab=\"5\" role=\"region\" aria-labelledby=\"elementor-tab-title-6885\"><p data-start=\"1734\" data-end=\"1990\">O <strong data-start=\"1787\" data-end=\"1801\">Lago Negro<\/strong> \u00e9 perfeito para piqueniques, caminhadas leves e passeios de pedalinho em formato de cisne. O cen\u00e1rio, cercado por \u00e1rvores vindas da Floresta Negra da Alemanha, \u00e9 um convite ao relaxamento.<\/p><\/div>\n\t\t\t\t<\/div>\n\t\t\t\t\t\t\t<div class=\"elementor-toggle-item\">\n\t\t\t\t\t<div id=\"elementor-tab-title-6886\" class=\"elementor-tab-title\" data-tab=\"6\" role=\"button\" aria-controls=\"elementor-tab-content-6886\" aria-expanded=\"false\">\n\t\t\t\t\t\t\t\t\t\t\t\t<span class=\"elementor-toggle-icon elementor-toggle-icon-left\" aria-hidden=\"true\">\n\t\t\t\t\t\t\t\t\t\t\t\t\t\t\t<span class=\"elementor-toggle-icon-closed\"><svg class=\"e-font-icon-svg e-fas-caret-right\" viewBox=\"0 0 192 512\" xmlns=\"http:\/\/www.w3.org\/2000\/svg\"><path d=\"M0 384.662V127.338c0-17.818 21.543-26.741 34.142-14.142l128.662 128.662c7.81 7.81 7.81 20.474 0 28.284L34.142 398.804C21.543 411.404 0 402.48 0 384.662z\"><\/path><\/svg><\/span>\n\t\t\t\t\t\t\t\t<span class=\"elementor-toggle-icon-opened\"><svg class=\"elementor-toggle-icon-opened e-font-icon-svg e-fas-caret-up\" viewBox=\"0 0 320 512\" xmlns=\"http:\/\/www.w3.org\/2000\/svg\"><path d=\"M288.662 352H31.338c-17.818 0-26.741-21.543-14.142-34.142l128.662-128.662c7.81-7.81 20.474-7.81 28.284 0l128.662 128.662c12.6 12.599 3.676 34.142-14.142 34.142z\"><\/path><\/svg><\/span>\n\t\t\t\t\t\t\t\t\t\t\t\t\t<\/span>\n\t\t\t\t\t\t\t\t\t\t\t\t<a class=\"elementor-toggle-title\" tabindex=\"0\">A Rua Coberta \u00e9 indicada para fam\u00edlias?<\/a>\n\t\t\t\t\t<\/div>\n\n\t\t\t\t\t<div id=\"elementor-tab-content-6886\" class=\"elementor-tab-content elementor-clearfix\" data-tab=\"6\" role=\"region\" aria-labelledby=\"elementor-tab-title-6886\"><p data-start=\"1992\" data-end=\"2225\">Sim! A <strong data-start=\"2050\" data-end=\"2065\">Rua Coberta<\/strong> oferece restaurantes, caf\u00e9s e apresenta\u00e7\u00f5es ao vivo em um ambiente protegido da chuva. \u00c9 o ponto ideal para passeios noturnos, com m\u00fasica e gastronomia t\u00edpica.<\/p><\/div>\n\t\t\t\t<\/div>\n\t\t\t\t\t\t\t<div class=\"elementor-toggle-item\">\n\t\t\t\t\t<div id=\"elementor-tab-title-6887\" class=\"elementor-tab-title\" data-tab=\"7\" role=\"button\" aria-controls=\"elementor-tab-content-6887\" aria-expanded=\"false\">\n\t\t\t\t\t\t\t\t\t\t\t\t<span class=\"elementor-toggle-icon elementor-toggle-icon-left\" aria-hidden=\"true\">\n\t\t\t\t\t\t\t\t\t\t\t\t\t\t\t<span class=\"elementor-toggle-icon-closed\"><svg class=\"e-font-icon-svg e-fas-caret-right\" viewBox=\"0 0 192 512\" xmlns=\"http:\/\/www.w3.org\/2000\/svg\"><path d=\"M0 384.662V127.338c0-17.818 21.543-26.741 34.142-14.142l128.662 128.662c7.81 7.81 7.81 20.474 0 28.284L34.142 398.804C21.543 411.404 0 402.48 0 384.662z\"><\/path><\/svg><\/span>\n\t\t\t\t\t\t\t\t<span class=\"elementor-toggle-icon-opened\"><svg class=\"elementor-toggle-icon-opened e-font-icon-svg e-fas-caret-up\" viewBox=\"0 0 320 512\" xmlns=\"http:\/\/www.w3.org\/2000\/svg\"><path d=\"M288.662 352H31.338c-17.818 0-26.741-21.543-14.142-34.142l128.662-128.662c7.81-7.81 20.474-7.81 28.284 0l128.662 128.662c12.6 12.599 3.676 34.142-14.142 34.142z\"><\/path><\/svg><\/span>\n\t\t\t\t\t\t\t\t\t\t\t\t\t<\/span>\n\t\t\t\t\t\t\t\t\t\t\t\t<a class=\"elementor-toggle-title\" tabindex=\"0\">A Aldeia do Papai Noel funciona o ano inteiro?<\/a>\n\t\t\t\t\t<\/div>\n\n\t\t\t\t\t<div id=\"elementor-tab-content-6887\" class=\"elementor-tab-content elementor-clearfix\" data-tab=\"7\" role=\"region\" aria-labelledby=\"elementor-tab-title-6887\"><p data-start=\"2227\" data-end=\"2486\">Funciona sim! O parque tem\u00e1tico mant\u00e9m viva a magia natalina todos os meses, com renas, oficinas de brinquedos e a casa oficial do bom velhinho. Um dos lugares mais m\u00e1gicos de Gramado para os pequenos.<\/p><\/div>\n\t\t\t\t<\/div>\n\t\t\t\t\t\t\t<div class=\"elementor-toggle-item\">\n\t\t\t\t\t<div id=\"elementor-tab-title-6888\" class=\"elementor-tab-title\" data-tab=\"8\" role=\"button\" aria-controls=\"elementor-tab-content-6888\" aria-expanded=\"false\">\n\t\t\t\t\t\t\t\t\t\t\t\t<span class=\"elementor-toggle-icon elementor-toggle-icon-left\" aria-hidden=\"true\">\n\t\t\t\t\t\t\t\t\t\t\t\t\t\t\t<span class=\"elementor-toggle-icon-closed\"><svg class=\"e-font-icon-svg e-fas-caret-right\" viewBox=\"0 0 192 512\" xmlns=\"http:\/\/www.w3.org\/2000\/svg\"><path d=\"M0 384.662V127.338c0-17.818 21.543-26.741 34.142-14.142l128.662 128.662c7.81 7.81 7.81 20.474 0 28.284L34.142 398.804C21.543 411.404 0 402.48 0 384.662z\"><\/path><\/svg><\/span>\n\t\t\t\t\t\t\t\t<span class=\"elementor-toggle-icon-opened\"><svg class=\"elementor-toggle-icon-opened e-font-icon-svg e-fas-caret-up\" viewBox=\"0 0 320 512\" xmlns=\"http:\/\/www.w3.org\/2000\/svg\"><path d=\"M288.662 352H31.338c-17.818 0-26.741-21.543-14.142-34.142l128.662-128.662c7.81-7.81 20.474-7.81 28.284 0l128.662 128.662c12.6 12.599 3.676 34.142-14.142 34.142z\"><\/path><\/svg><\/span>\n\t\t\t\t\t\t\t\t\t\t\t\t\t<\/span>\n\t\t\t\t\t\t\t\t\t\t\t\t<a class=\"elementor-toggle-title\" tabindex=\"0\">Quais s\u00e3o os melhores hot\u00e9is familiares em Gramado?<\/a>\n\t\t\t\t\t<\/div>\n\n\t\t\t\t\t<div id=\"elementor-tab-content-6888\" class=\"elementor-tab-content elementor-clearfix\" data-tab=\"8\" role=\"region\" aria-labelledby=\"elementor-tab-title-6888\"><p data-start=\"2545\" data-end=\"2642\">Algumas das melhores op\u00e7\u00f5es s\u00e3o:<\/p><ul data-start=\"2643\" data-end=\"2882\"><li data-start=\"2643\" data-end=\"2723\"><p data-start=\"2645\" data-end=\"2723\"><strong data-start=\"2645\" data-end=\"2668\">Hotel Ritta H\u00f6ppner<\/strong> \u2013 acesso gratuito ao Mini Mundo e servi\u00e7o impec\u00e1vel.<\/p><\/li><li data-start=\"2724\" data-end=\"2814\"><p data-start=\"2726\" data-end=\"2814\"><strong data-start=\"2726\" data-end=\"2749\">Wish Serrano Resort<\/strong> \u2013 resort completo com recrea\u00e7\u00e3o infantil e piscinas aquecidas.<\/p><\/li><li data-start=\"2815\" data-end=\"2882\"><p data-start=\"2817\" data-end=\"2882\"><strong data-start=\"2817\" data-end=\"2842\">Laghetto Stilo Borges<\/strong> \u2013 \u00f3tima localiza\u00e7\u00e3o e quartos amplos.<\/p><\/li><\/ul><\/div>\n\t\t\t\t<\/div>\n\t\t\t\t\t\t\t<div class=\"elementor-toggle-item\">\n\t\t\t\t\t<div id=\"elementor-tab-title-6889\" class=\"elementor-tab-title\" data-tab=\"9\" role=\"button\" aria-controls=\"elementor-tab-content-6889\" aria-expanded=\"false\">\n\t\t\t\t\t\t\t\t\t\t\t\t<span class=\"elementor-toggle-icon elementor-toggle-icon-left\" aria-hidden=\"true\">\n\t\t\t\t\t\t\t\t\t\t\t\t\t\t\t<span class=\"elementor-toggle-icon-closed\"><svg class=\"e-font-icon-svg e-fas-caret-right\" viewBox=\"0 0 192 512\" xmlns=\"http:\/\/www.w3.org\/2000\/svg\"><path d=\"M0 384.662V127.338c0-17.818 21.543-26.741 34.142-14.142l128.662 128.662c7.81 7.81 7.81 20.474 0 28.284L34.142 398.804C21.543 411.404 0 402.48 0 384.662z\"><\/path><\/svg><\/span>\n\t\t\t\t\t\t\t\t<span class=\"elementor-toggle-icon-opened\"><svg class=\"elementor-toggle-icon-opened e-font-icon-svg e-fas-caret-up\" viewBox=\"0 0 320 512\" xmlns=\"http:\/\/www.w3.org\/2000\/svg\"><path d=\"M288.662 352H31.338c-17.818 0-26.741-21.543-14.142-34.142l128.662-128.662c7.81-7.81 20.474-7.81 28.284 0l128.662 128.662c12.6 12.599 3.676 34.142-14.142 34.142z\"><\/path><\/svg><\/span>\n\t\t\t\t\t\t\t\t\t\t\t\t\t<\/span>\n\t\t\t\t\t\t\t\t\t\t\t\t<a class=\"elementor-toggle-title\" tabindex=\"0\">As hospedagens em Gramado s\u00e3o adequadas para beb\u00eas e idosos?<\/a>\n\t\t\t\t\t<\/div>\n\n\t\t\t\t\t<div id=\"elementor-tab-content-6889\" class=\"elementor-tab-content elementor-clearfix\" data-tab=\"9\" role=\"region\" aria-labelledby=\"elementor-tab-title-6889\"><p data-start=\"2884\" data-end=\"3083\">Sim. Muitos hot\u00e9is oferecem ber\u00e7os, cadeiras de alimenta\u00e7\u00e3o, rampas e elevadores, al\u00e9m de ambientes silenciosos e confort\u00e1veis.<\/p><\/div>\n\t\t\t\t<\/div>\n\t\t\t\t\t\t\t<div class=\"elementor-toggle-item\">\n\t\t\t\t\t<div id=\"elementor-tab-title-68810\" class=\"elementor-tab-title\" data-tab=\"10\" role=\"button\" aria-controls=\"elementor-tab-content-68810\" aria-expanded=\"false\">\n\t\t\t\t\t\t\t\t\t\t\t\t<span class=\"elementor-toggle-icon elementor-toggle-icon-left\" aria-hidden=\"true\">\n\t\t\t\t\t\t\t\t\t\t\t\t\t\t\t<span class=\"elementor-toggle-icon-closed\"><svg class=\"e-font-icon-svg e-fas-caret-right\" viewBox=\"0 0 192 512\" xmlns=\"http:\/\/www.w3.org\/2000\/svg\"><path d=\"M0 384.662V127.338c0-17.818 21.543-26.741 34.142-14.142l128.662 128.662c7.81 7.81 7.81 20.474 0 28.284L34.142 398.804C21.543 411.404 0 402.48 0 384.662z\"><\/path><\/svg><\/span>\n\t\t\t\t\t\t\t\t<span class=\"elementor-toggle-icon-opened\"><svg class=\"elementor-toggle-icon-opened e-font-icon-svg e-fas-caret-up\" viewBox=\"0 0 320 512\" xmlns=\"http:\/\/www.w3.org\/2000\/svg\"><path d=\"M288.662 352H31.338c-17.818 0-26.741-21.543-14.142-34.142l128.662-128.662c7.81-7.81 20.474-7.81 28.284 0l128.662 128.662c12.6 12.599 3.676 34.142-14.142 34.142z\"><\/path><\/svg><\/span>\n\t\t\t\t\t\t\t\t\t\t\t\t\t<\/span>\n\t\t\t\t\t\t\t\t\t\t\t\t<a class=\"elementor-toggle-title\" tabindex=\"0\">O que comer em Gramado com crian\u00e7as?<\/a>\n\t\t\t\t\t<\/div>\n\n\t\t\t\t\t<div id=\"elementor-tab-content-68810\" class=\"elementor-tab-content elementor-clearfix\" data-tab=\"10\" role=\"region\" aria-labelledby=\"elementor-tab-title-68810\"><p data-start=\"3139\" data-end=\"3355\">Os pequenos adoram os caf\u00e9s coloniais, fondues e, claro, o famoso <strong data-start=\"3253\" data-end=\"3276\">chocolate artesanal<\/strong>. N\u00e3o deixe de provar o chocolate quente da Rua Coberta \u2014 uma tradi\u00e7\u00e3o local.<\/p><\/div>\n\t\t\t\t<\/div>\n\t\t\t\t\t\t\t<div class=\"elementor-toggle-item\">\n\t\t\t\t\t<div id=\"elementor-tab-title-68811\" class=\"elementor-tab-title\" data-tab=\"11\" role=\"button\" aria-controls=\"elementor-tab-content-68811\" aria-expanded=\"false\">\n\t\t\t\t\t\t\t\t\t\t\t\t<span class=\"elementor-toggle-icon elementor-toggle-icon-left\" aria-hidden=\"true\">\n\t\t\t\t\t\t\t\t\t\t\t\t\t\t\t<span class=\"elementor-toggle-icon-closed\"><svg class=\"e-font-icon-svg e-fas-caret-right\" viewBox=\"0 0 192 512\" xmlns=\"http:\/\/www.w3.org\/2000\/svg\"><path d=\"M0 384.662V127.338c0-17.818 21.543-26.741 34.142-14.142l128.662 128.662c7.81 7.81 7.81 20.474 0 28.284L34.142 398.804C21.543 411.404 0 402.48 0 384.662z\"><\/path><\/svg><\/span>\n\t\t\t\t\t\t\t\t<span class=\"elementor-toggle-icon-opened\"><svg class=\"elementor-toggle-icon-opened e-font-icon-svg e-fas-caret-up\" viewBox=\"0 0 320 512\" xmlns=\"http:\/\/www.w3.org\/2000\/svg\"><path d=\"M288.662 352H31.338c-17.818 0-26.741-21.543-14.142-34.142l128.662-128.662c7.81-7.81 20.474-7.81 28.284 0l128.662 128.662c12.6 12.599 3.676 34.142-14.142 34.142z\"><\/path><\/svg><\/span>\n\t\t\t\t\t\t\t\t\t\t\t\t\t<\/span>\n\t\t\t\t\t\t\t\t\t\t\t\t<a class=\"elementor-toggle-title\" tabindex=\"0\">Quais restaurantes s\u00e3o recomendados para fam\u00edlias?<\/a>\n\t\t\t\t\t<\/div>\n\n\t\t\t\t\t<div id=\"elementor-tab-content-68811\" class=\"elementor-tab-content elementor-clearfix\" data-tab=\"11\" role=\"region\" aria-labelledby=\"elementor-tab-title-68811\"><p data-start=\"3357\" data-end=\"3595\">O <strong data-start=\"3421\" data-end=\"3438\">Bouquet Garni<\/strong> (culin\u00e1ria contempor\u00e2nea) e o <strong data-start=\"3469\" data-end=\"3493\">Cantina Pastasciutta<\/strong> (massas artesanais) s\u00e3o excelentes op\u00e7\u00f5es, com menus adaptados para crian\u00e7as e ambiente aconchegante.<\/p><\/div>\n\t\t\t\t<\/div>\n\t\t\t\t\t\t\t<div class=\"elementor-toggle-item\">\n\t\t\t\t\t<div id=\"elementor-tab-title-68812\" class=\"elementor-tab-title\" data-tab=\"12\" role=\"button\" aria-controls=\"elementor-tab-content-68812\" aria-expanded=\"false\">\n\t\t\t\t\t\t\t\t\t\t\t\t<span class=\"elementor-toggle-icon elementor-toggle-icon-left\" aria-hidden=\"true\">\n\t\t\t\t\t\t\t\t\t\t\t\t\t\t\t<span class=\"elementor-toggle-icon-closed\"><svg class=\"e-font-icon-svg e-fas-caret-right\" viewBox=\"0 0 192 512\" xmlns=\"http:\/\/www.w3.org\/2000\/svg\"><path d=\"M0 384.662V127.338c0-17.818 21.543-26.741 34.142-14.142l128.662 128.662c7.81 7.81 7.81 20.474 0 28.284L34.142 398.804C21.543 411.404 0 402.48 0 384.662z\"><\/path><\/svg><\/span>\n\t\t\t\t\t\t\t\t<span class=\"elementor-toggle-icon-opened\"><svg class=\"elementor-toggle-icon-opened e-font-icon-svg e-fas-caret-up\" viewBox=\"0 0 320 512\" xmlns=\"http:\/\/www.w3.org\/2000\/svg\"><path d=\"M288.662 352H31.338c-17.818 0-26.741-21.543-14.142-34.142l128.662-128.662c7.81-7.81 20.474-7.81 28.284 0l128.662 128.662c12.6 12.599 3.676 34.142-14.142 34.142z\"><\/path><\/svg><\/span>\n\t\t\t\t\t\t\t\t\t\t\t\t\t<\/span>\n\t\t\t\t\t\t\t\t\t\t\t\t<a class=\"elementor-toggle-title\" tabindex=\"0\">Qual \u00e9 a melhor \u00e9poca para visitar Gramado com a fam\u00edlia?<\/a>\n\t\t\t\t\t<\/div>\n\n\t\t\t\t\t<div id=\"elementor-tab-content-68812\" class=\"elementor-tab-content elementor-clearfix\" data-tab=\"12\" role=\"region\" aria-labelledby=\"elementor-tab-title-68812\"><p data-start=\"3654\" data-end=\"3795\">Gramado \u00e9 encantadora o ano todo, mas os per\u00edodos mais procurados s\u00e3o:<\/p><ul data-start=\"3796\" data-end=\"3943\"><li data-start=\"3796\" data-end=\"3862\"><p data-start=\"3798\" data-end=\"3862\"><strong data-start=\"3798\" data-end=\"3832\">Natal Luz (novembro a janeiro)<\/strong>: atmosfera natalina m\u00e1gica.<\/p><\/li><li data-start=\"3863\" data-end=\"3943\"><p data-start=\"3865\" data-end=\"3943\"><strong data-start=\"3865\" data-end=\"3893\">Inverno (junho a agosto)<\/strong>: clima europeu e festivais de chocolate quente.<\/p><\/li><\/ul><\/div>\n\t\t\t\t<\/div>\n\t\t\t\t\t\t\t<div class=\"elementor-toggle-item\">\n\t\t\t\t\t<div id=\"elementor-tab-title-68813\" class=\"elementor-tab-title\" data-tab=\"13\" role=\"button\" aria-controls=\"elementor-tab-content-68813\" aria-expanded=\"false\">\n\t\t\t\t\t\t\t\t\t\t\t\t<span class=\"elementor-toggle-icon elementor-toggle-icon-left\" aria-hidden=\"true\">\n\t\t\t\t\t\t\t\t\t\t\t\t\t\t\t<span class=\"elementor-toggle-icon-closed\"><svg class=\"e-font-icon-svg e-fas-caret-right\" viewBox=\"0 0 192 512\" xmlns=\"http:\/\/www.w3.org\/2000\/svg\"><path d=\"M0 384.662V127.338c0-17.818 21.543-26.741 34.142-14.142l128.662 128.662c7.81 7.81 7.81 20.474 0 28.284L34.142 398.804C21.543 411.404 0 402.48 0 384.662z\"><\/path><\/svg><\/span>\n\t\t\t\t\t\t\t\t<span class=\"elementor-toggle-icon-opened\"><svg class=\"elementor-toggle-icon-opened e-font-icon-svg e-fas-caret-up\" viewBox=\"0 0 320 512\" xmlns=\"http:\/\/www.w3.org\/2000\/svg\"><path d=\"M288.662 352H31.338c-17.818 0-26.741-21.543-14.142-34.142l128.662-128.662c7.81-7.81 20.474-7.81 28.284 0l128.662 128.662c12.6 12.599 3.676 34.142-14.142 34.142z\"><\/path><\/svg><\/span>\n\t\t\t\t\t\t\t\t\t\t\t\t\t<\/span>\n\t\t\t\t\t\t\t\t\t\t\t\t<a class=\"elementor-toggle-title\" tabindex=\"0\">\u00c9 preciso comprar ingressos antecipados para as atra\u00e7\u00f5es?<\/a>\n\t\t\t\t\t<\/div>\n\n\t\t\t\t\t<div id=\"elementor-tab-content-68813\" class=\"elementor-tab-content elementor-clearfix\" data-tab=\"13\" role=\"region\" aria-labelledby=\"elementor-tab-title-68813\"><p data-start=\"3945\" data-end=\"4148\">Sim, principalmente para <strong data-start=\"4039\" data-end=\"4051\">Snowland<\/strong> e <strong data-start=\"4054\" data-end=\"4068\">Mini Mundo<\/strong>, que costumam ter grande procura, especialmente em feriados e f\u00e9rias escolares.<\/p><\/div>\n\t\t\t\t<\/div>\n\t\t\t\t\t\t\t<div class=\"elementor-toggle-item\">\n\t\t\t\t\t<div id=\"elementor-tab-title-68814\" class=\"elementor-tab-title\" data-tab=\"14\" role=\"button\" aria-controls=\"elementor-tab-content-68814\" aria-expanded=\"false\">\n\t\t\t\t\t\t\t\t\t\t\t\t<span class=\"elementor-toggle-icon elementor-toggle-icon-left\" aria-hidden=\"true\">\n\t\t\t\t\t\t\t\t\t\t\t\t\t\t\t<span class=\"elementor-toggle-icon-closed\"><svg class=\"e-font-icon-svg e-fas-caret-right\" viewBox=\"0 0 192 512\" xmlns=\"http:\/\/www.w3.org\/2000\/svg\"><path d=\"M0 384.662V127.338c0-17.818 21.543-26.741 34.142-14.142l128.662 128.662c7.81 7.81 7.81 20.474 0 28.284L34.142 398.804C21.543 411.404 0 402.48 0 384.662z\"><\/path><\/svg><\/span>\n\t\t\t\t\t\t\t\t<span class=\"elementor-toggle-icon-opened\"><svg class=\"elementor-toggle-icon-opened e-font-icon-svg e-fas-caret-up\" viewBox=\"0 0 320 512\" xmlns=\"http:\/\/www.w3.org\/2000\/svg\"><path d=\"M288.662 352H31.338c-17.818 0-26.741-21.543-14.142-34.142l128.662-128.662c7.81-7.81 20.474-7.81 28.284 0l128.662 128.662c12.6 12.599 3.676 34.142-14.142 34.142z\"><\/path><\/svg><\/span>\n\t\t\t\t\t\t\t\t\t\t\t\t\t<\/span>\n\t\t\t\t\t\t\t\t\t\t\t\t<a class=\"elementor-toggle-title\" tabindex=\"0\">Como evitar filas e aproveitar melhor os passeios?<\/a>\n\t\t\t\t\t<\/div>\n\n\t\t\t\t\t<div id=\"elementor-tab-content-68814\" class=\"elementor-tab-content elementor-clearfix\" data-tab=\"14\" role=\"region\" aria-labelledby=\"elementor-tab-title-68814\"><p data-start=\"4150\" data-end=\"4367\">Planeje seu roteiro com anteced\u00eancia, priorizando as atra\u00e7\u00f5es mais populares pela manh\u00e3. Considere contratar uma ag\u00eancia especializada para organizar tudo.<\/p><\/div>\n\t\t\t\t<\/div>\n\t\t\t\t\t\t\t<div class=\"elementor-toggle-item\">\n\t\t\t\t\t<div id=\"elementor-tab-title-68815\" class=\"elementor-tab-title\" data-tab=\"15\" role=\"button\" aria-controls=\"elementor-tab-content-68815\" aria-expanded=\"false\">\n\t\t\t\t\t\t\t\t\t\t\t\t<span class=\"elementor-toggle-icon elementor-toggle-icon-left\" aria-hidden=\"true\">\n\t\t\t\t\t\t\t\t\t\t\t\t\t\t\t<span class=\"elementor-toggle-icon-closed\"><svg class=\"e-font-icon-svg e-fas-caret-right\" viewBox=\"0 0 192 512\" xmlns=\"http:\/\/www.w3.org\/2000\/svg\"><path d=\"M0 384.662V127.338c0-17.818 21.543-26.741 34.142-14.142l128.662 128.662c7.81 7.81 7.81 20.474 0 28.284L34.142 398.804C21.543 411.404 0 402.48 0 384.662z\"><\/path><\/svg><\/span>\n\t\t\t\t\t\t\t\t<span class=\"elementor-toggle-icon-opened\"><svg class=\"elementor-toggle-icon-opened e-font-icon-svg e-fas-caret-up\" viewBox=\"0 0 320 512\" xmlns=\"http:\/\/www.w3.org\/2000\/svg\"><path d=\"M288.662 352H31.338c-17.818 0-26.741-21.543-14.142-34.142l128.662-128.662c7.81-7.81 20.474-7.81 28.284 0l128.662 128.662c12.6 12.599 3.676 34.142-14.142 34.142z\"><\/path><\/svg><\/span>\n\t\t\t\t\t\t\t\t\t\t\t\t\t<\/span>\n\t\t\t\t\t\t\t\t\t\t\t\t<a class=\"elementor-toggle-title\" tabindex=\"0\">Por que escolher a Blumar Turismo para planejar sua viagem a Gramado?<\/a>\n\t\t\t\t\t<\/div>\n\n\t\t\t\t\t<div id=\"elementor-tab-content-68815\" class=\"elementor-tab-content elementor-clearfix\" data-tab=\"15\" role=\"region\" aria-labelledby=\"elementor-tab-title-68815\"><p data-start=\"4438\" data-end=\"4675\">Com mais de 40 anos de experi\u00eancia, a <strong data-start=\"4557\" data-end=\"4575\">Blumar Turismo<\/strong> oferece pacotes personalizados, suporte local e parcerias com os melhores hot\u00e9is da Serra Ga\u00facha.<\/p><\/div>\n\t\t\t\t<\/div>\n\t\t\t\t\t\t\t<div class=\"elementor-toggle-item\">\n\t\t\t\t\t<div id=\"elementor-tab-title-68816\" class=\"elementor-tab-title\" data-tab=\"16\" role=\"button\" aria-controls=\"elementor-tab-content-68816\" aria-expanded=\"false\">\n\t\t\t\t\t\t\t\t\t\t\t\t<span class=\"elementor-toggle-icon elementor-toggle-icon-left\" aria-hidden=\"true\">\n\t\t\t\t\t\t\t\t\t\t\t\t\t\t\t<span class=\"elementor-toggle-icon-closed\"><svg class=\"e-font-icon-svg e-fas-caret-right\" viewBox=\"0 0 192 512\" xmlns=\"http:\/\/www.w3.org\/2000\/svg\"><path d=\"M0 384.662V127.338c0-17.818 21.543-26.741 34.142-14.142l128.662 128.662c7.81 7.81 7.81 20.474 0 28.284L34.142 398.804C21.543 411.404 0 402.48 0 384.662z\"><\/path><\/svg><\/span>\n\t\t\t\t\t\t\t\t<span class=\"elementor-toggle-icon-opened\"><svg class=\"elementor-toggle-icon-opened e-font-icon-svg e-fas-caret-up\" viewBox=\"0 0 320 512\" xmlns=\"http:\/\/www.w3.org\/2000\/svg\"><path d=\"M288.662 352H31.338c-17.818 0-26.741-21.543-14.142-34.142l128.662-128.662c7.81-7.81 20.474-7.81 28.284 0l128.662 128.662c12.6 12.599 3.676 34.142-14.142 34.142z\"><\/path><\/svg><\/span>\n\t\t\t\t\t\t\t\t\t\t\t\t\t<\/span>\n\t\t\t\t\t\t\t\t\t\t\t\t<a class=\"elementor-toggle-title\" tabindex=\"0\">Quais s\u00e3o os diferenciais da Blumar Turismo?<\/a>\n\t\t\t\t\t<\/div>\n\n\t\t\t\t\t<div id=\"elementor-tab-content-68816\" class=\"elementor-tab-content elementor-clearfix\" data-tab=\"16\" role=\"region\" aria-labelledby=\"elementor-tab-title-68816\"><ul><li data-start=\"4733\" data-end=\"4786\"><p data-start=\"4735\" data-end=\"4786\">Atendimento personalizado para fam\u00edlias e grupos.<\/p><\/li><li data-start=\"4787\" data-end=\"4838\"><p data-start=\"4789\" data-end=\"4838\">Transporte e passeios com conforto e seguran\u00e7a.<\/p><\/li><li data-start=\"4839\" data-end=\"4912\"><p data-start=\"4841\" data-end=\"4912\">Roteiros sob medida, com experi\u00eancias exclusivas em Gramado e Canela.<\/p><\/li><\/ul><\/div>\n\t\t\t\t<\/div>\n\t\t\t\t\t\t\t<div class=\"elementor-toggle-item\">\n\t\t\t\t\t<div id=\"elementor-tab-title-68817\" class=\"elementor-tab-title\" data-tab=\"17\" role=\"button\" aria-controls=\"elementor-tab-content-68817\" aria-expanded=\"false\">\n\t\t\t\t\t\t\t\t\t\t\t\t<span class=\"elementor-toggle-icon elementor-toggle-icon-left\" aria-hidden=\"true\">\n\t\t\t\t\t\t\t\t\t\t\t\t\t\t\t<span class=\"elementor-toggle-icon-closed\"><svg class=\"e-font-icon-svg e-fas-caret-right\" viewBox=\"0 0 192 512\" xmlns=\"http:\/\/www.w3.org\/2000\/svg\"><path d=\"M0 384.662V127.338c0-17.818 21.543-26.741 34.142-14.142l128.662 128.662c7.81 7.81 7.81 20.474 0 28.284L34.142 398.804C21.543 411.404 0 402.48 0 384.662z\"><\/path><\/svg><\/span>\n\t\t\t\t\t\t\t\t<span class=\"elementor-toggle-icon-opened\"><svg class=\"elementor-toggle-icon-opened e-font-icon-svg e-fas-caret-up\" viewBox=\"0 0 320 512\" xmlns=\"http:\/\/www.w3.org\/2000\/svg\"><path d=\"M288.662 352H31.338c-17.818 0-26.741-21.543-14.142-34.142l128.662-128.662c7.81-7.81 20.474-7.81 28.284 0l128.662 128.662c12.6 12.599 3.676 34.142-14.142 34.142z\"><\/path><\/svg><\/span>\n\t\t\t\t\t\t\t\t\t\t\t\t\t<\/span>\n\t\t\t\t\t\t\t\t\t\t\t\t<a class=\"elementor-toggle-title\" tabindex=\"0\">Como contratar um pacote para Gramado com a Blumar Turismo?<\/a>\n\t\t\t\t\t<\/div>\n\n\t\t\t\t\t<div id=\"elementor-tab-content-68817\" class=\"elementor-tab-content elementor-clearfix\" data-tab=\"17\" role=\"region\" aria-labelledby=\"elementor-tab-title-68817\"><p data-start=\"4914\" data-end=\"5132\">Entre em contato diretamente com a equipe Blumar para montar seu roteiro personalizado. Assim, voc\u00ea aproveita o melhor de Gramado sem preocupa\u00e7\u00f5es.<\/p><\/div>\n\t\t\t\t<\/div>\n\t\t\t\t\t\t\t\t\t\t<script type=\"application\/ld+json\">{\"@context\":\"https:\\\/\\\/schema.org\",\"@type\":\"FAQPage\",\"mainEntity\":[{\"@type\":\"Question\",\"name\":\"O que torna Gramado um destino ideal para fam\\u00edlias?\",\"acceptedAnswer\":{\"@type\":\"Answer\",\"text\":\"<p data-start=\\\"520\\\" data-end=\\\"821\\\">Gramado combina seguran\\u00e7a, charme europeu e excelente infraestrutura tur\\u00edstica. A cidade oferece atra\\u00e7\\u00f5es para todas as idades, ruas floridas, clima ameno e uma atmosfera acolhedora \\u2014 perfeita para criar mem\\u00f3rias inesquec\\u00edveis em fam\\u00edlia.<\\\/p>\"}},{\"@type\":\"Question\",\"name\":\"\\u00c9 seguro viajar para Gramado com crian\\u00e7as?\",\"acceptedAnswer\":{\"@type\":\"Answer\",\"text\":\"<p data-start=\\\"823\\\" data-end=\\\"1068\\\">Sim! Gramado \\u00e9 considerada uma das cidades mais seguras do Brasil, com ruas bem cuidadas e policiamento constante, o que garante tranquilidade para passeios em grupo ou com crian\\u00e7as pequenas.<\\\/p>\"}},{\"@type\":\"Question\",\"name\":\"O que \\u00e9 o Mini Mundo e por que ele \\u00e9 t\\u00e3o famoso?\",\"acceptedAnswer\":{\"@type\":\"Answer\",\"text\":\"<p>O <strong data-start=\\\"1190\\\" data-end=\\\"1204\\\">Mini Mundo<\\\/strong> \\u00e9 um parque com r\\u00e9plicas em miniatura de constru\\u00e7\\u00f5es ic\\u00f4nicas do mundo todo. \\u00c9 uma experi\\u00eancia educativa e encantadora, ideal para despertar a curiosidade das crian\\u00e7as e o fasc\\u00ednio dos adultos.<\\\/p>\"}},{\"@type\":\"Question\",\"name\":\"Onde posso ver neve de verdade em Gramado?\",\"acceptedAnswer\":{\"@type\":\"Answer\",\"text\":\"<p data-start=\\\"1476\\\" data-end=\\\"1732\\\">No <strong data-start=\\\"1533\\\" data-end=\\\"1545\\\">Snowland<\\\/strong>, o primeiro parque de neve indoor das Am\\u00e9ricas! L\\u00e1, voc\\u00ea pode esquiar, praticar snowboard e at\\u00e9 montar bonecos de neve \\u2014 divers\\u00e3o garantida para toda a fam\\u00edlia, em qualquer \\u00e9poca do ano.<\\\/p>\"}},{\"@type\":\"Question\",\"name\":\"O que fazer no Lago Negro com crian\\u00e7as?\",\"acceptedAnswer\":{\"@type\":\"Answer\",\"text\":\"<p data-start=\\\"1734\\\" data-end=\\\"1990\\\">O <strong data-start=\\\"1787\\\" data-end=\\\"1801\\\">Lago Negro<\\\/strong> \\u00e9 perfeito para piqueniques, caminhadas leves e passeios de pedalinho em formato de cisne. O cen\\u00e1rio, cercado por \\u00e1rvores vindas da Floresta Negra da Alemanha, \\u00e9 um convite ao relaxamento.<\\\/p>\"}},{\"@type\":\"Question\",\"name\":\"A Rua Coberta \\u00e9 indicada para fam\\u00edlias?\",\"acceptedAnswer\":{\"@type\":\"Answer\",\"text\":\"<p data-start=\\\"1992\\\" data-end=\\\"2225\\\">Sim! A <strong data-start=\\\"2050\\\" data-end=\\\"2065\\\">Rua Coberta<\\\/strong> oferece restaurantes, caf\\u00e9s e apresenta\\u00e7\\u00f5es ao vivo em um ambiente protegido da chuva. \\u00c9 o ponto ideal para passeios noturnos, com m\\u00fasica e gastronomia t\\u00edpica.<\\\/p>\"}},{\"@type\":\"Question\",\"name\":\"A Aldeia do Papai Noel funciona o ano inteiro?\",\"acceptedAnswer\":{\"@type\":\"Answer\",\"text\":\"<p data-start=\\\"2227\\\" data-end=\\\"2486\\\">Funciona sim! O parque tem\\u00e1tico mant\\u00e9m viva a magia natalina todos os meses, com renas, oficinas de brinquedos e a casa oficial do bom velhinho. Um dos lugares mais m\\u00e1gicos de Gramado para os pequenos.<\\\/p>\"}},{\"@type\":\"Question\",\"name\":\"Quais s\\u00e3o os melhores hot\\u00e9is familiares em Gramado?\",\"acceptedAnswer\":{\"@type\":\"Answer\",\"text\":\"<p data-start=\\\"2545\\\" data-end=\\\"2642\\\">Algumas das melhores op\\u00e7\\u00f5es s\\u00e3o:<\\\/p><ul data-start=\\\"2643\\\" data-end=\\\"2882\\\"><li data-start=\\\"2643\\\" data-end=\\\"2723\\\"><p data-start=\\\"2645\\\" data-end=\\\"2723\\\"><strong data-start=\\\"2645\\\" data-end=\\\"2668\\\">Hotel Ritta H\\u00f6ppner<\\\/strong> \\u2013 acesso gratuito ao Mini Mundo e servi\\u00e7o impec\\u00e1vel.<\\\/p><\\\/li><li data-start=\\\"2724\\\" data-end=\\\"2814\\\"><p data-start=\\\"2726\\\" data-end=\\\"2814\\\"><strong data-start=\\\"2726\\\" data-end=\\\"2749\\\">Wish Serrano Resort<\\\/strong> \\u2013 resort completo com recrea\\u00e7\\u00e3o infantil e piscinas aquecidas.<\\\/p><\\\/li><li data-start=\\\"2815\\\" data-end=\\\"2882\\\"><p data-start=\\\"2817\\\" data-end=\\\"2882\\\"><strong data-start=\\\"2817\\\" data-end=\\\"2842\\\">Laghetto Stilo Borges<\\\/strong> \\u2013 \\u00f3tima localiza\\u00e7\\u00e3o e quartos amplos.<\\\/p><\\\/li><\\\/ul>\"}},{\"@type\":\"Question\",\"name\":\"As hospedagens em Gramado s\\u00e3o adequadas para beb\\u00eas e idosos?\",\"acceptedAnswer\":{\"@type\":\"Answer\",\"text\":\"<p data-start=\\\"2884\\\" data-end=\\\"3083\\\">Sim. Muitos hot\\u00e9is oferecem ber\\u00e7os, cadeiras de alimenta\\u00e7\\u00e3o, rampas e elevadores, al\\u00e9m de ambientes silenciosos e confort\\u00e1veis.<\\\/p>\"}},{\"@type\":\"Question\",\"name\":\"O que comer em Gramado com crian\\u00e7as?\",\"acceptedAnswer\":{\"@type\":\"Answer\",\"text\":\"<p data-start=\\\"3139\\\" data-end=\\\"3355\\\">Os pequenos adoram os caf\\u00e9s coloniais, fondues e, claro, o famoso <strong data-start=\\\"3253\\\" data-end=\\\"3276\\\">chocolate artesanal<\\\/strong>. N\\u00e3o deixe de provar o chocolate quente da Rua Coberta \\u2014 uma tradi\\u00e7\\u00e3o local.<\\\/p>\"}},{\"@type\":\"Question\",\"name\":\"Quais restaurantes s\\u00e3o recomendados para fam\\u00edlias?\",\"acceptedAnswer\":{\"@type\":\"Answer\",\"text\":\"<p data-start=\\\"3357\\\" data-end=\\\"3595\\\">O <strong data-start=\\\"3421\\\" data-end=\\\"3438\\\">Bouquet Garni<\\\/strong> (culin\\u00e1ria contempor\\u00e2nea) e o <strong data-start=\\\"3469\\\" data-end=\\\"3493\\\">Cantina Pastasciutta<\\\/strong> (massas artesanais) s\\u00e3o excelentes op\\u00e7\\u00f5es, com menus adaptados para crian\\u00e7as e ambiente aconchegante.<\\\/p>\"}},{\"@type\":\"Question\",\"name\":\"Qual \\u00e9 a melhor \\u00e9poca para visitar Gramado com a fam\\u00edlia?\",\"acceptedAnswer\":{\"@type\":\"Answer\",\"text\":\"<p data-start=\\\"3654\\\" data-end=\\\"3795\\\">Gramado \\u00e9 encantadora o ano todo, mas os per\\u00edodos mais procurados s\\u00e3o:<\\\/p><ul data-start=\\\"3796\\\" data-end=\\\"3943\\\"><li data-start=\\\"3796\\\" data-end=\\\"3862\\\"><p data-start=\\\"3798\\\" data-end=\\\"3862\\\"><strong data-start=\\\"3798\\\" data-end=\\\"3832\\\">Natal Luz (novembro a janeiro)<\\\/strong>: atmosfera natalina m\\u00e1gica.<\\\/p><\\\/li><li data-start=\\\"3863\\\" data-end=\\\"3943\\\"><p data-start=\\\"3865\\\" data-end=\\\"3943\\\"><strong data-start=\\\"3865\\\" data-end=\\\"3893\\\">Inverno (junho a agosto)<\\\/strong>: clima europeu e festivais de chocolate quente.<\\\/p><\\\/li><\\\/ul>\"}},{\"@type\":\"Question\",\"name\":\"\\u00c9 preciso comprar ingressos antecipados para as atra\\u00e7\\u00f5es?\",\"acceptedAnswer\":{\"@type\":\"Answer\",\"text\":\"<p data-start=\\\"3945\\\" data-end=\\\"4148\\\">Sim, principalmente para <strong data-start=\\\"4039\\\" data-end=\\\"4051\\\">Snowland<\\\/strong> e <strong data-start=\\\"4054\\\" data-end=\\\"4068\\\">Mini Mundo<\\\/strong>, que costumam ter grande procura, especialmente em feriados e f\\u00e9rias escolares.<\\\/p>\"}},{\"@type\":\"Question\",\"name\":\"Como evitar filas e aproveitar melhor os passeios?\",\"acceptedAnswer\":{\"@type\":\"Answer\",\"text\":\"<p data-start=\\\"4150\\\" data-end=\\\"4367\\\">Planeje seu roteiro com anteced\\u00eancia, priorizando as atra\\u00e7\\u00f5es mais populares pela manh\\u00e3. Considere contratar uma ag\\u00eancia especializada para organizar tudo.<\\\/p>\"}},{\"@type\":\"Question\",\"name\":\"Por que escolher a Blumar Turismo para planejar sua viagem a Gramado?\",\"acceptedAnswer\":{\"@type\":\"Answer\",\"text\":\"<p data-start=\\\"4438\\\" data-end=\\\"4675\\\">Com mais de 40 anos de experi\\u00eancia, a <strong data-start=\\\"4557\\\" data-end=\\\"4575\\\">Blumar Turismo<\\\/strong> oferece pacotes personalizados, suporte local e parcerias com os melhores hot\\u00e9is da Serra Ga\\u00facha.<\\\/p>\"}},{\"@type\":\"Question\",\"name\":\"Quais s\\u00e3o os diferenciais da Blumar Turismo?\",\"acceptedAnswer\":{\"@type\":\"Answer\",\"text\":\"<ul><li data-start=\\\"4733\\\" data-end=\\\"4786\\\"><p data-start=\\\"4735\\\" data-end=\\\"4786\\\">Atendimento personalizado para fam\\u00edlias e grupos.<\\\/p><\\\/li><li data-start=\\\"4787\\\" data-end=\\\"4838\\\"><p data-start=\\\"4789\\\" data-end=\\\"4838\\\">Transporte e passeios com conforto e seguran\\u00e7a.<\\\/p><\\\/li><li data-start=\\\"4839\\\" data-end=\\\"4912\\\"><p data-start=\\\"4841\\\" data-end=\\\"4912\\\">Roteiros sob medida, com experi\\u00eancias exclusivas em Gramado e Canela.<\\\/p><\\\/li><\\\/ul>\"}},{\"@type\":\"Question\",\"name\":\"Como contratar um pacote para Gramado com a Blumar Turismo?\",\"acceptedAnswer\":{\"@type\":\"Answer\",\"text\":\"<p data-start=\\\"4914\\\" data-end=\\\"5132\\\">Entre em contato diretamente com a equipe Blumar para montar seu roteiro personalizado. Assim, voc\\u00ea aproveita o melhor de Gramado sem preocupa\\u00e7\\u00f5es.<\\\/p>\"}}]}<\/script>\n\t\t\t\t\t<\/div>\n\t\t\t\t<\/div>\n\t\t\t\t<\/div>\n\t\t\t\t\t<\/div>\n\t\t\t\t<\/div>\n\t\t\t\t\t\t\t<\/div>\n\t\t","protected":false},"excerpt":{"rendered":"<p>Viajar em fam\u00edlia \u00e9 sin\u00f4nimo de criar mem\u00f3rias inesquec\u00edveis \u2014 e poucos destinos no Brasil fazem isso t\u00e3o bem quanto Gramado, na Serra Ga\u00facha. Com seu clima europeu, atra\u00e7\u00f5es encantadoras e gastronomia deliciosa, a cidade oferece op\u00e7\u00f5es para todas as idades. Se voc\u00ea est\u00e1 se perguntando o que fazer em&#46;&#46;&#46;<\/p>\n","protected":false},"author":8,"featured_media":53938,"comment_status":"open","ping_status":"closed","sticky":false,"template":"","format":"standard","meta":{"footnotes":""},"categories":[690,694],"tags":[],"class_list":["post-53935","post","type-post","status-publish","format-standard","has-post-thumbnail","hentry","category-destinos-nacionais","category-dicas-de-viagem"],"yoast_head":"<!-- This site is optimized with the Yoast SEO Premium plugin v19.4 (Yoast SEO v24.1) - https:\/\/yoast.com\/wordpress\/plugins\/seo\/ -->\n<title>O Que Fazer em Gramado com a Fam\u00edlia: Um Guia Completo - Blog Blumar Turismo: O Seu Portal para Viagens Extraordin\u00e1rias<\/title>\n<meta name=\"description\" content=\"A Blumar Turismo preparou para voc\u00ea um guia completo para saber o que fazer em Gramado com a fam\u00edlia. Venha conferir e aproveitar!\" \/>\n<meta name=\"robots\" content=\"index, follow, max-snippet:-1, max-image-preview:large, max-video-preview:-1\" \/>\n<link rel=\"canonical\" href=\"https:\/\/www.blumarturismo.com.br\/blog\/o-que-fazer-em-gramado-com-a-familia-um-guia-completo\/\" \/>\n<meta property=\"og:locale\" content=\"pt_BR\" \/>\n<meta property=\"og:type\" content=\"article\" \/>\n<meta property=\"og:title\" content=\"O Que Fazer em Gramado com a Fam\u00edlia: Um Guia Completo\" \/>\n<meta property=\"og:description\" content=\"A Blumar Turismo preparou para voc\u00ea um guia completo para saber o que fazer em Gramado com a fam\u00edlia. Venha conferir e aproveitar!\" \/>\n<meta property=\"og:url\" content=\"https:\/\/www.blumarturismo.com.br\/blog\/o-que-fazer-em-gramado-com-a-familia-um-guia-completo\/\" \/>\n<meta property=\"og:site_name\" content=\"Blog Blumar Turismo: O Seu Portal para Viagens Extraordin\u00e1rias\" \/>\n<meta property=\"article:publisher\" content=\"https:\/\/www.facebook.com\/blumarviagenseturismo\" \/>\n<meta property=\"article:published_time\" content=\"2025-10-08T13:31:31+00:00\" \/>\n<meta property=\"article:modified_time\" content=\"2025-10-08T19:06:06+00:00\" \/>\n<meta property=\"og:image\" content=\"https:\/\/www.blumarturismo.com.br\/blog\/wp-content\/uploads\/2024\/04\/Renato-Soares-MTur-12.jpg\" \/>\n\t<meta property=\"og:image:width\" content=\"2048\" \/>\n\t<meta property=\"og:image:height\" content=\"1367\" \/>\n\t<meta property=\"og:image:type\" content=\"image\/jpeg\" \/>\n<meta name=\"author\" content=\"Blumar Turismo\" \/>\n<meta name=\"twitter:card\" content=\"summary_large_image\" \/>\n<meta name=\"twitter:label1\" content=\"Escrito por\" \/>\n\t<meta name=\"twitter:data1\" content=\"Blumar Turismo\" \/>\n\t<meta name=\"twitter:label2\" content=\"Est. tempo de leitura\" \/>\n\t<meta name=\"twitter:data2\" content=\"12 minutos\" \/>\n<script type=\"application\/ld+json\" class=\"yoast-schema-graph\">{\"@context\":\"https:\/\/schema.org\",\"@graph\":[{\"@type\":\"Article\",\"@id\":\"https:\/\/www.blumarturismo.com.br\/blog\/o-que-fazer-em-gramado-com-a-familia-um-guia-completo\/#article\",\"isPartOf\":{\"@id\":\"https:\/\/www.blumarturismo.com.br\/blog\/o-que-fazer-em-gramado-com-a-familia-um-guia-completo\/\"},\"author\":{\"name\":\"Blumar Turismo\",\"@id\":\"https:\/\/www.blumarturismo.com.br\/blog\/#\/schema\/person\/cf2437470674cddd2ef894f79ca01e78\"},\"headline\":\"O Que Fazer em Gramado com a Fam\u00edlia: Um Guia Completo\",\"datePublished\":\"2025-10-08T13:31:31+00:00\",\"dateModified\":\"2025-10-08T19:06:06+00:00\",\"mainEntityOfPage\":{\"@id\":\"https:\/\/www.blumarturismo.com.br\/blog\/o-que-fazer-em-gramado-com-a-familia-um-guia-completo\/\"},\"wordCount\":1722,\"commentCount\":0,\"publisher\":{\"@id\":\"https:\/\/www.blumarturismo.com.br\/blog\/#organization\"},\"image\":{\"@id\":\"https:\/\/www.blumarturismo.com.br\/blog\/o-que-fazer-em-gramado-com-a-familia-um-guia-completo\/#primaryimage\"},\"thumbnailUrl\":\"https:\/\/www.blumarturismo.com.br\/blog\/wp-content\/uploads\/2024\/04\/Renato-Soares-MTur-12.jpg\",\"articleSection\":[\"Destinos Nacionais\",\"Dicas de Viagem\"],\"inLanguage\":\"pt-BR\",\"potentialAction\":[{\"@type\":\"CommentAction\",\"name\":\"Comment\",\"target\":[\"https:\/\/www.blumarturismo.com.br\/blog\/o-que-fazer-em-gramado-com-a-familia-um-guia-completo\/#respond\"]}]},{\"@type\":\"WebPage\",\"@id\":\"https:\/\/www.blumarturismo.com.br\/blog\/o-que-fazer-em-gramado-com-a-familia-um-guia-completo\/\",\"url\":\"https:\/\/www.blumarturismo.com.br\/blog\/o-que-fazer-em-gramado-com-a-familia-um-guia-completo\/\",\"name\":\"O Que Fazer em Gramado com a Fam\u00edlia: Um Guia Completo - Blog Blumar Turismo: O Seu Portal para Viagens Extraordin\u00e1rias\",\"isPartOf\":{\"@id\":\"https:\/\/www.blumarturismo.com.br\/blog\/#website\"},\"primaryImageOfPage\":{\"@id\":\"https:\/\/www.blumarturismo.com.br\/blog\/o-que-fazer-em-gramado-com-a-familia-um-guia-completo\/#primaryimage\"},\"image\":{\"@id\":\"https:\/\/www.blumarturismo.com.br\/blog\/o-que-fazer-em-gramado-com-a-familia-um-guia-completo\/#primaryimage\"},\"thumbnailUrl\":\"https:\/\/www.blumarturismo.com.br\/blog\/wp-content\/uploads\/2024\/04\/Renato-Soares-MTur-12.jpg\",\"datePublished\":\"2025-10-08T13:31:31+00:00\",\"dateModified\":\"2025-10-08T19:06:06+00:00\",\"description\":\"A Blumar Turismo preparou para voc\u00ea um guia completo para saber o que fazer em Gramado com a fam\u00edlia. Venha conferir e aproveitar!\",\"breadcrumb\":{\"@id\":\"https:\/\/www.blumarturismo.com.br\/blog\/o-que-fazer-em-gramado-com-a-familia-um-guia-completo\/#breadcrumb\"},\"inLanguage\":\"pt-BR\",\"potentialAction\":[{\"@type\":\"ReadAction\",\"target\":[\"https:\/\/www.blumarturismo.com.br\/blog\/o-que-fazer-em-gramado-com-a-familia-um-guia-completo\/\"]}]},{\"@type\":\"ImageObject\",\"inLanguage\":\"pt-BR\",\"@id\":\"https:\/\/www.blumarturismo.com.br\/blog\/o-que-fazer-em-gramado-com-a-familia-um-guia-completo\/#primaryimage\",\"url\":\"https:\/\/www.blumarturismo.com.br\/blog\/wp-content\/uploads\/2024\/04\/Renato-Soares-MTur-12.jpg\",\"contentUrl\":\"https:\/\/www.blumarturismo.com.br\/blog\/wp-content\/uploads\/2024\/04\/Renato-Soares-MTur-12.jpg\",\"width\":2048,\"height\":1367,\"caption\":\"Foto: Renato Soares \/ MTur\"},{\"@type\":\"BreadcrumbList\",\"@id\":\"https:\/\/www.blumarturismo.com.br\/blog\/o-que-fazer-em-gramado-com-a-familia-um-guia-completo\/#breadcrumb\",\"itemListElement\":[{\"@type\":\"ListItem\",\"position\":1,\"name\":\"In\u00edcio\",\"item\":\"https:\/\/www.blumarturismo.com.br\/blog\/\"},{\"@type\":\"ListItem\",\"position\":2,\"name\":\"O Que Fazer em Gramado com a Fam\u00edlia: Um Guia Completo\"}]},{\"@type\":\"WebSite\",\"@id\":\"https:\/\/www.blumarturismo.com.br\/blog\/#website\",\"url\":\"https:\/\/www.blumarturismo.com.br\/blog\/\",\"name\":\"Blog Blumar Turismo: O Seu Portal para Viagens Extraordin\u00e1rias\",\"description\":\"Viajar \u00e9 nossa paix\u00e3o e expertise, e agora compartilhamos isso com voc\u00ea atrav\u00e9s do nosso blog. Com mais de 30 anos de hist\u00f3ria, a Blumar Turismo \u00e9 seu parceiro confi\u00e1vel para aventuras memor\u00e1veis. Explore conosco\",\"publisher\":{\"@id\":\"https:\/\/www.blumarturismo.com.br\/blog\/#organization\"},\"potentialAction\":[{\"@type\":\"SearchAction\",\"target\":{\"@type\":\"EntryPoint\",\"urlTemplate\":\"https:\/\/www.blumarturismo.com.br\/blog\/?s={search_term_string}\"},\"query-input\":{\"@type\":\"PropertyValueSpecification\",\"valueRequired\":true,\"valueName\":\"search_term_string\"}}],\"inLanguage\":\"pt-BR\"},{\"@type\":\"Organization\",\"@id\":\"https:\/\/www.blumarturismo.com.br\/blog\/#organization\",\"name\":\"Blumar Turismo\",\"url\":\"https:\/\/www.blumarturismo.com.br\/blog\/\",\"logo\":{\"@type\":\"ImageObject\",\"inLanguage\":\"pt-BR\",\"@id\":\"https:\/\/www.blumarturismo.com.br\/blog\/#\/schema\/logo\/image\/\",\"url\":\"https:\/\/www.blumarturismo.com.br\/blog\/wp-content\/uploads\/2020\/11\/cropped-logo_blumar_nacional2-2.jpg\",\"contentUrl\":\"https:\/\/www.blumarturismo.com.br\/blog\/wp-content\/uploads\/2020\/11\/cropped-logo_blumar_nacional2-2.jpg\",\"width\":167,\"height\":50,\"caption\":\"Blumar Turismo\"},\"image\":{\"@id\":\"https:\/\/www.blumarturismo.com.br\/blog\/#\/schema\/logo\/image\/\"},\"sameAs\":[\"https:\/\/www.facebook.com\/blumarviagenseturismo\",\"https:\/\/www.instagram.com\/blumarturismo\/\"]},{\"@type\":\"Person\",\"@id\":\"https:\/\/www.blumarturismo.com.br\/blog\/#\/schema\/person\/cf2437470674cddd2ef894f79ca01e78\",\"name\":\"Blumar Turismo\",\"image\":{\"@type\":\"ImageObject\",\"inLanguage\":\"pt-BR\",\"@id\":\"https:\/\/www.blumarturismo.com.br\/blog\/#\/schema\/person\/image\/\",\"url\":\"https:\/\/secure.gravatar.com\/avatar\/41c8eab7d3f3e20ba29644b4af9fe19a7b11da8ff835e34cff1fb1ed59022750?s=96&d=mm&r=g\",\"contentUrl\":\"https:\/\/secure.gravatar.com\/avatar\/41c8eab7d3f3e20ba29644b4af9fe19a7b11da8ff835e34cff1fb1ed59022750?s=96&d=mm&r=g\",\"caption\":\"Blumar Turismo\"},\"url\":\"https:\/\/www.blumarturismo.com.br\/blog\/author\/irlenmenezes\/\"}]}<\/script>\n<!-- \/ Yoast SEO Premium plugin. -->","yoast_head_json":{"title":"O Que Fazer em Gramado com a Fam\u00edlia: Um Guia Completo - Blog Blumar Turismo: O Seu Portal para Viagens Extraordin\u00e1rias","description":"A Blumar Turismo preparou para voc\u00ea um guia completo para saber o que fazer em Gramado com a fam\u00edlia. Venha conferir e aproveitar!","robots":{"index":"index","follow":"follow","max-snippet":"max-snippet:-1","max-image-preview":"max-image-preview:large","max-video-preview":"max-video-preview:-1"},"canonical":"https:\/\/www.blumarturismo.com.br\/blog\/o-que-fazer-em-gramado-com-a-familia-um-guia-completo\/","og_locale":"pt_BR","og_type":"article","og_title":"O Que Fazer em Gramado com a Fam\u00edlia: Um Guia Completo","og_description":"A Blumar Turismo preparou para voc\u00ea um guia completo para saber o que fazer em Gramado com a fam\u00edlia. Venha conferir e aproveitar!","og_url":"https:\/\/www.blumarturismo.com.br\/blog\/o-que-fazer-em-gramado-com-a-familia-um-guia-completo\/","og_site_name":"Blog Blumar Turismo: O Seu Portal para Viagens Extraordin\u00e1rias","article_publisher":"https:\/\/www.facebook.com\/blumarviagenseturismo","article_published_time":"2025-10-08T13:31:31+00:00","article_modified_time":"2025-10-08T19:06:06+00:00","og_image":[{"width":2048,"height":1367,"url":"https:\/\/www.blumarturismo.com.br\/blog\/wp-content\/uploads\/2024\/04\/Renato-Soares-MTur-12.jpg","type":"image\/jpeg"}],"author":"Blumar Turismo","twitter_card":"summary_large_image","twitter_misc":{"Escrito por":"Blumar Turismo","Est. tempo de leitura":"12 minutos"},"schema":{"@context":"https:\/\/schema.org","@graph":[{"@type":"Article","@id":"https:\/\/www.blumarturismo.com.br\/blog\/o-que-fazer-em-gramado-com-a-familia-um-guia-completo\/#article","isPartOf":{"@id":"https:\/\/www.blumarturismo.com.br\/blog\/o-que-fazer-em-gramado-com-a-familia-um-guia-completo\/"},"author":{"name":"Blumar Turismo","@id":"https:\/\/www.blumarturismo.com.br\/blog\/#\/schema\/person\/cf2437470674cddd2ef894f79ca01e78"},"headline":"O Que Fazer em Gramado com a Fam\u00edlia: Um Guia Completo","datePublished":"2025-10-08T13:31:31+00:00","dateModified":"2025-10-08T19:06:06+00:00","mainEntityOfPage":{"@id":"https:\/\/www.blumarturismo.com.br\/blog\/o-que-fazer-em-gramado-com-a-familia-um-guia-completo\/"},"wordCount":1722,"commentCount":0,"publisher":{"@id":"https:\/\/www.blumarturismo.com.br\/blog\/#organization"},"image":{"@id":"https:\/\/www.blumarturismo.com.br\/blog\/o-que-fazer-em-gramado-com-a-familia-um-guia-completo\/#primaryimage"},"thumbnailUrl":"https:\/\/www.blumarturismo.com.br\/blog\/wp-content\/uploads\/2024\/04\/Renato-Soares-MTur-12.jpg","articleSection":["Destinos Nacionais","Dicas de Viagem"],"inLanguage":"pt-BR","potentialAction":[{"@type":"CommentAction","name":"Comment","target":["https:\/\/www.blumarturismo.com.br\/blog\/o-que-fazer-em-gramado-com-a-familia-um-guia-completo\/#respond"]}]},{"@type":"WebPage","@id":"https:\/\/www.blumarturismo.com.br\/blog\/o-que-fazer-em-gramado-com-a-familia-um-guia-completo\/","url":"https:\/\/www.blumarturismo.com.br\/blog\/o-que-fazer-em-gramado-com-a-familia-um-guia-completo\/","name":"O Que Fazer em Gramado com a Fam\u00edlia: Um Guia Completo - Blog Blumar Turismo: O Seu Portal para Viagens Extraordin\u00e1rias","isPartOf":{"@id":"https:\/\/www.blumarturismo.com.br\/blog\/#website"},"primaryImageOfPage":{"@id":"https:\/\/www.blumarturismo.com.br\/blog\/o-que-fazer-em-gramado-com-a-familia-um-guia-completo\/#primaryimage"},"image":{"@id":"https:\/\/www.blumarturismo.com.br\/blog\/o-que-fazer-em-gramado-com-a-familia-um-guia-completo\/#primaryimage"},"thumbnailUrl":"https:\/\/www.blumarturismo.com.br\/blog\/wp-content\/uploads\/2024\/04\/Renato-Soares-MTur-12.jpg","datePublished":"2025-10-08T13:31:31+00:00","dateModified":"2025-10-08T19:06:06+00:00","description":"A Blumar Turismo preparou para voc\u00ea um guia completo para saber o que fazer em Gramado com a fam\u00edlia. Venha conferir e aproveitar!","breadcrumb":{"@id":"https:\/\/www.blumarturismo.com.br\/blog\/o-que-fazer-em-gramado-com-a-familia-um-guia-completo\/#breadcrumb"},"inLanguage":"pt-BR","potentialAction":[{"@type":"ReadAction","target":["https:\/\/www.blumarturismo.com.br\/blog\/o-que-fazer-em-gramado-com-a-familia-um-guia-completo\/"]}]},{"@type":"ImageObject","inLanguage":"pt-BR","@id":"https:\/\/www.blumarturismo.com.br\/blog\/o-que-fazer-em-gramado-com-a-familia-um-guia-completo\/#primaryimage","url":"https:\/\/www.blumarturismo.com.br\/blog\/wp-content\/uploads\/2024\/04\/Renato-Soares-MTur-12.jpg","contentUrl":"https:\/\/www.blumarturismo.com.br\/blog\/wp-content\/uploads\/2024\/04\/Renato-Soares-MTur-12.jpg","width":2048,"height":1367,"caption":"Foto: Renato Soares \/ MTur"},{"@type":"BreadcrumbList","@id":"https:\/\/www.blumarturismo.com.br\/blog\/o-que-fazer-em-gramado-com-a-familia-um-guia-completo\/#breadcrumb","itemListElement":[{"@type":"ListItem","position":1,"name":"In\u00edcio","item":"https:\/\/www.blumarturismo.com.br\/blog\/"},{"@type":"ListItem","position":2,"name":"O Que Fazer em Gramado com a Fam\u00edlia: Um Guia Completo"}]},{"@type":"WebSite","@id":"https:\/\/www.blumarturismo.com.br\/blog\/#website","url":"https:\/\/www.blumarturismo.com.br\/blog\/","name":"Blog Blumar Turismo: O Seu Portal para Viagens Extraordin\u00e1rias","description":"Viajar \u00e9 nossa paix\u00e3o e expertise, e agora compartilhamos isso com voc\u00ea atrav\u00e9s do nosso blog. Com mais de 30 anos de hist\u00f3ria, a Blumar Turismo \u00e9 seu parceiro confi\u00e1vel para aventuras memor\u00e1veis. Explore conosco","publisher":{"@id":"https:\/\/www.blumarturismo.com.br\/blog\/#organization"},"potentialAction":[{"@type":"SearchAction","target":{"@type":"EntryPoint","urlTemplate":"https:\/\/www.blumarturismo.com.br\/blog\/?s={search_term_string}"},"query-input":{"@type":"PropertyValueSpecification","valueRequired":true,"valueName":"search_term_string"}}],"inLanguage":"pt-BR"},{"@type":"Organization","@id":"https:\/\/www.blumarturismo.com.br\/blog\/#organization","name":"Blumar Turismo","url":"https:\/\/www.blumarturismo.com.br\/blog\/","logo":{"@type":"ImageObject","inLanguage":"pt-BR","@id":"https:\/\/www.blumarturismo.com.br\/blog\/#\/schema\/logo\/image\/","url":"https:\/\/www.blumarturismo.com.br\/blog\/wp-content\/uploads\/2020\/11\/cropped-logo_blumar_nacional2-2.jpg","contentUrl":"https:\/\/www.blumarturismo.com.br\/blog\/wp-content\/uploads\/2020\/11\/cropped-logo_blumar_nacional2-2.jpg","width":167,"height":50,"caption":"Blumar Turismo"},"image":{"@id":"https:\/\/www.blumarturismo.com.br\/blog\/#\/schema\/logo\/image\/"},"sameAs":["https:\/\/www.facebook.com\/blumarviagenseturismo","https:\/\/www.instagram.com\/blumarturismo\/"]},{"@type":"Person","@id":"https:\/\/www.blumarturismo.com.br\/blog\/#\/schema\/person\/cf2437470674cddd2ef894f79ca01e78","name":"Blumar Turismo","image":{"@type":"ImageObject","inLanguage":"pt-BR","@id":"https:\/\/www.blumarturismo.com.br\/blog\/#\/schema\/person\/image\/","url":"https:\/\/secure.gravatar.com\/avatar\/41c8eab7d3f3e20ba29644b4af9fe19a7b11da8ff835e34cff1fb1ed59022750?s=96&d=mm&r=g","contentUrl":"https:\/\/secure.gravatar.com\/avatar\/41c8eab7d3f3e20ba29644b4af9fe19a7b11da8ff835e34cff1fb1ed59022750?s=96&d=mm&r=g","caption":"Blumar Turismo"},"url":"https:\/\/www.blumarturismo.com.br\/blog\/author\/irlenmenezes\/"}]}},"_links":{"self":[{"href":"https:\/\/www.blumarturismo.com.br\/blog\/wp-json\/wp\/v2\/posts\/53935","targetHints":{"allow":["GET"]}}],"collection":[{"href":"https:\/\/www.blumarturismo.com.br\/blog\/wp-json\/wp\/v2\/posts"}],"about":[{"href":"https:\/\/www.blumarturismo.com.br\/blog\/wp-json\/wp\/v2\/types\/post"}],"author":[{"embeddable":true,"href":"https:\/\/www.blumarturismo.com.br\/blog\/wp-json\/wp\/v2\/users\/8"}],"replies":[{"embeddable":true,"href":"https:\/\/www.blumarturismo.com.br\/blog\/wp-json\/wp\/v2\/comments?post=53935"}],"version-history":[{"count":62,"href":"https:\/\/www.blumarturismo.com.br\/blog\/wp-json\/wp\/v2\/posts\/53935\/revisions"}],"predecessor-version":[{"id":72075,"href":"https:\/\/www.blumarturismo.com.br\/blog\/wp-json\/wp\/v2\/posts\/53935\/revisions\/72075"}],"wp:featuredmedia":[{"embeddable":true,"href":"https:\/\/www.blumarturismo.com.br\/blog\/wp-json\/wp\/v2\/media\/53938"}],"wp:attachment":[{"href":"https:\/\/www.blumarturismo.com.br\/blog\/wp-json\/wp\/v2\/media?parent=53935"}],"wp:term":[{"taxonomy":"category","embeddable":true,"href":"https:\/\/www.blumarturismo.com.br\/blog\/wp-json\/wp\/v2\/categories?post=53935"},{"taxonomy":"post_tag","embeddable":true,"href":"https:\/\/www.blumarturismo.com.br\/blog\/wp-json\/wp\/v2\/tags?post=53935"}],"curies":[{"name":"wp","href":"https:\/\/api.w.org\/{rel}","templated":true}]}}