{"id":54011,"date":"2025-10-02T12:36:16","date_gmt":"2025-10-02T15:36:16","guid":{"rendered":"https:\/\/www.blumarturismo.com.br\/blog\/?p=54011"},"modified":"2025-10-02T12:36:19","modified_gmt":"2025-10-02T15:36:19","slug":"descubra-qual-e-o-tempo-ideal-para-ficar-em-bonito","status":"publish","type":"post","link":"https:\/\/www.blumarturismo.com.br\/blog\/descubra-qual-e-o-tempo-ideal-para-ficar-em-bonito\/","title":{"rendered":"Descubra qual \u00e9 o tempo ideal para ficar em Bonito"},"content":{"rendered":"\t\t<div data-elementor-type=\"wp-post\" data-elementor-id=\"54011\" class=\"elementor elementor-54011\" data-elementor-post-type=\"post\">\n\t\t\t\t\t\t\t<div class=\"elementor-element elementor-element-d1122b7 e-flex e-con-boxed e-con e-parent\" data-id=\"d1122b7\" data-element_type=\"container\" data-settings=\"{&quot;content_width&quot;:&quot;boxed&quot;}\" data-core-v316-plus=\"true\">\n\t\t\t\t\t<div class=\"e-con-inner\">\n\t\t\t\t<div class=\"elementor-element elementor-element-532e018 elementor-widget elementor-widget-text-editor\" data-id=\"532e018\" data-element_type=\"widget\" data-widget_type=\"text-editor.default\">\n\t\t\t\t<div class=\"elementor-widget-container\">\n\t\t\t<style>\/*! elementor - v3.16.0 - 13-09-2023 *\/\n.elementor-widget-text-editor.elementor-drop-cap-view-stacked .elementor-drop-cap{background-color:#69727d;color:#fff}.elementor-widget-text-editor.elementor-drop-cap-view-framed .elementor-drop-cap{color:#69727d;border:3px solid;background-color:transparent}.elementor-widget-text-editor:not(.elementor-drop-cap-view-default) .elementor-drop-cap{margin-top:8px}.elementor-widget-text-editor:not(.elementor-drop-cap-view-default) .elementor-drop-cap-letter{width:1em;height:1em}.elementor-widget-text-editor .elementor-drop-cap{float:left;text-align:center;line-height:1;font-size:50px}.elementor-widget-text-editor .elementor-drop-cap-letter{display:inline-block}<\/style>\t\t\t\t<p data-start=\"57\" data-end=\"406\">Viajar para Bonito, no Mato Grosso do Sul, \u00e9 como entrar em um verdadeiro santu\u00e1rio natural. Famoso por rios de \u00e1guas cristalinas, cavernas misteriosas, cachoeiras e trilhas cercadas de biodiversidade, esse destino encanta todos os visitantes. Mas uma pergunta sempre surge no planejamento da viagem: <strong data-start=\"358\" data-end=\"404\">qual \u00e9 o tempo ideal para ficar em Bonito?<\/strong><\/p><p data-start=\"408\" data-end=\"524\">A resposta depende do seu estilo de viagem, do clima e, claro, das experi\u00eancias que voc\u00ea n\u00e3o quer deixar de viver.<\/p>\t\t\t\t\t\t<\/div>\n\t\t\t\t<\/div>\n\t\t\t\t<div class=\"elementor-element elementor-element-2e9b8a2 elementor-widget elementor-widget-video\" data-id=\"2e9b8a2\" data-element_type=\"widget\" data-settings=\"{&quot;youtube_url&quot;:&quot;https:\\\/\\\/www.youtube.com\\\/watch?v=LQaefnsdQFo&quot;,&quot;video_type&quot;:&quot;youtube&quot;,&quot;controls&quot;:&quot;yes&quot;}\" data-widget_type=\"video.default\">\n\t\t\t\t<div class=\"elementor-widget-container\">\n\t\t\t<style>\/*! elementor - v3.16.0 - 13-09-2023 *\/\n.elementor-widget-video .elementor-widget-container{overflow:hidden;transform:translateZ(0)}.elementor-widget-video .elementor-wrapper{aspect-ratio:var(--video-aspect-ratio)}.elementor-widget-video .elementor-wrapper iframe,.elementor-widget-video .elementor-wrapper video{height:100%;width:100%;display:flex;border:none;background-color:#000}@supports not (aspect-ratio:1\/1){.elementor-widget-video .elementor-wrapper{position:relative;overflow:hidden;height:0;padding-bottom:calc(100% \/ var(--video-aspect-ratio))}.elementor-widget-video .elementor-wrapper iframe,.elementor-widget-video .elementor-wrapper video{position:absolute;top:0;right:0;bottom:0;left:0}}.elementor-widget-video .elementor-open-inline .elementor-custom-embed-image-overlay{position:absolute;top:0;right:0;bottom:0;left:0;background-size:cover;background-position:50%}.elementor-widget-video .elementor-custom-embed-image-overlay{cursor:pointer;text-align:center}.elementor-widget-video .elementor-custom-embed-image-overlay:hover .elementor-custom-embed-play i{opacity:1}.elementor-widget-video .elementor-custom-embed-image-overlay img{display:block;width:100%;aspect-ratio:var(--video-aspect-ratio);-o-object-fit:cover;object-fit:cover;-o-object-position:center center;object-position:center center}@supports not (aspect-ratio:1\/1){.elementor-widget-video .elementor-custom-embed-image-overlay{position:relative;overflow:hidden;height:0;padding-bottom:calc(100% \/ var(--video-aspect-ratio))}.elementor-widget-video .elementor-custom-embed-image-overlay img{position:absolute;top:0;right:0;bottom:0;left:0}}.elementor-widget-video .e-hosted-video .elementor-video{-o-object-fit:cover;object-fit:cover}.e-con-inner>.elementor-widget-video,.e-con>.elementor-widget-video{width:var(--container-widget-width);--flex-grow:var(--container-widget-flex-grow)}<\/style>\t\t<div class=\"elementor-wrapper elementor-open-inline\">\n\t\t\t<div class=\"elementor-video\"><\/div>\t\t<\/div>\n\t\t\t\t<\/div>\n\t\t\t\t<\/div>\n\t\t\t\t\t<\/div>\n\t\t\t\t<\/div>\n\t\t<div class=\"elementor-element elementor-element-512c328 e-flex e-con-boxed e-con e-parent\" data-id=\"512c328\" data-element_type=\"container\" data-settings=\"{&quot;content_width&quot;:&quot;boxed&quot;}\" data-core-v316-plus=\"true\">\n\t\t\t\t\t<div class=\"e-con-inner\">\n\t\t\t\t<div class=\"elementor-element elementor-element-257d238 elementor-widget elementor-widget-heading\" data-id=\"257d238\" data-element_type=\"widget\" data-widget_type=\"heading.default\">\n\t\t\t\t<div class=\"elementor-widget-container\">\n\t\t\t<style>\/*! elementor - v3.16.0 - 13-09-2023 *\/\n.elementor-heading-title{padding:0;margin:0;line-height:1}.elementor-widget-heading .elementor-heading-title[class*=elementor-size-]>a{color:inherit;font-size:inherit;line-height:inherit}.elementor-widget-heading .elementor-heading-title.elementor-size-small{font-size:15px}.elementor-widget-heading .elementor-heading-title.elementor-size-medium{font-size:19px}.elementor-widget-heading .elementor-heading-title.elementor-size-large{font-size:29px}.elementor-widget-heading .elementor-heading-title.elementor-size-xl{font-size:39px}.elementor-widget-heading .elementor-heading-title.elementor-size-xxl{font-size:59px}<\/style><h2 class=\"elementor-heading-title elementor-size-large\">Quanto tempo ficar em Bonito?<\/h2>\t\t<\/div>\n\t\t\t\t<\/div>\n\t\t\t\t<div class=\"elementor-element elementor-element-ed42953 elementor-widget elementor-widget-image\" data-id=\"ed42953\" data-element_type=\"widget\" data-widget_type=\"image.default\">\n\t\t\t\t<div class=\"elementor-widget-container\">\n\t\t\t<style>\/*! elementor - v3.16.0 - 13-09-2023 *\/\n.elementor-widget-image{text-align:center}.elementor-widget-image a{display:inline-block}.elementor-widget-image a img[src$=\".svg\"]{width:48px}.elementor-widget-image img{vertical-align:middle;display:inline-block}<\/style>\t\t\t\t\t\t\t\t\t<figure class=\"wp-caption\">\n\t\t\t\t\t\t\t\t\t\t<img loading=\"lazy\" decoding=\"async\" width=\"1000\" height=\"662\" src=\"https:\/\/www.blumarturismo.com.br\/blog\/wp-content\/uploads\/2024\/11\/Foto-Thiago-Santos-Shutterstock.jpg\" class=\"attachment-large size-large wp-image-64172\" alt=\"Foto: Thiago Santos \/ Shutterstock.com\" srcset=\"https:\/\/www.blumarturismo.com.br\/blog\/wp-content\/uploads\/2024\/11\/Foto-Thiago-Santos-Shutterstock.jpg 1000w, https:\/\/www.blumarturismo.com.br\/blog\/wp-content\/uploads\/2024\/11\/Foto-Thiago-Santos-Shutterstock-300x199.jpg 300w, https:\/\/www.blumarturismo.com.br\/blog\/wp-content\/uploads\/2024\/11\/Foto-Thiago-Santos-Shutterstock-768x508.jpg 768w\" sizes=\"auto, (max-width: 1000px) 100vw, 1000px\" \/>\t\t\t\t\t\t\t\t\t\t\t<figcaption class=\"widget-image-caption wp-caption-text\">Foto: Thiago Santos \/ Shutterstock.com<\/figcaption>\n\t\t\t\t\t\t\t\t\t\t<\/figure>\n\t\t\t\t\t\t\t\t\t<\/div>\n\t\t\t\t<\/div>\n\t\t\t\t<div class=\"elementor-element elementor-element-9e00a79 elementor-widget elementor-widget-text-editor\" data-id=\"9e00a79\" data-element_type=\"widget\" data-widget_type=\"text-editor.default\">\n\t\t\t\t<div class=\"elementor-widget-container\">\n\t\t\t\t\t\t\t<p data-start=\"567\" data-end=\"780\">De forma geral, o <strong data-start=\"585\" data-end=\"621\">tempo ideal para ficar em Bonito<\/strong> \u00e9 de <strong data-start=\"627\" data-end=\"641\">5 a 7 dias<\/strong>. Esse per\u00edodo permite conhecer os principais atrativos sem correria e ainda ter momentos de descanso para aproveitar a cidade com calma.<\/p>\t\t\t\t\t\t<\/div>\n\t\t\t\t<\/div>\n\t\t\t\t\t<\/div>\n\t\t\t\t<\/div>\n\t\t<div class=\"elementor-element elementor-element-58c6506 e-flex e-con-boxed e-con e-parent\" data-id=\"58c6506\" data-element_type=\"container\" data-settings=\"{&quot;content_width&quot;:&quot;boxed&quot;}\" data-core-v316-plus=\"true\">\n\t\t\t\t\t<div class=\"e-con-inner\">\n\t\t\t\t<div class=\"elementor-element elementor-element-b1271b7 elementor-widget elementor-widget-heading\" data-id=\"b1271b7\" data-element_type=\"widget\" data-widget_type=\"heading.default\">\n\t\t\t\t<div class=\"elementor-widget-container\">\n\t\t\t<h3 class=\"elementor-heading-title elementor-size-medium\">Por que 5 a 7 dias \u00e9 o ideal?<\/h3>\t\t<\/div>\n\t\t\t\t<\/div>\n\t\t\t\t<div class=\"elementor-element elementor-element-3c6ae3a elementor-widget elementor-widget-text-editor\" data-id=\"3c6ae3a\" data-element_type=\"widget\" data-widget_type=\"text-editor.default\">\n\t\t\t\t<div class=\"elementor-widget-container\">\n\t\t\t\t\t\t\t<ul><li data-start=\"818\" data-end=\"960\"><p data-start=\"820\" data-end=\"960\"><strong data-start=\"820\" data-end=\"845\">Passeios de flutua\u00e7\u00e3o<\/strong>: como no Rio da Prata ou na Nascente Azul, experi\u00eancias imperd\u00edveis que pedem tempo para serem bem aproveitadas.<\/p><\/li><li data-start=\"961\" data-end=\"1087\"><p data-start=\"963\" data-end=\"1087\"><strong data-start=\"963\" data-end=\"987\">Explora\u00e7\u00e3o de grutas<\/strong>: como a Gruta do Lago Azul e a Gruta de S\u00e3o Mateus, que exigem hor\u00e1rios espec\u00edficos de visita\u00e7\u00e3o.<\/p><\/li><li data-start=\"1088\" data-end=\"1206\"><p data-start=\"1090\" data-end=\"1206\"><strong data-start=\"1090\" data-end=\"1114\">Trilhas e cachoeiras<\/strong>: circuitos como o Parque das Cachoeiras e a Boca da On\u00e7a, que podem tomar um dia inteiro.<\/p><\/li><li data-start=\"1207\" data-end=\"1311\"><p data-start=\"1209\" data-end=\"1311\"><strong data-start=\"1209\" data-end=\"1233\">Esportes de aventura<\/strong>: rapel, mergulho, boia-cross e cavalgadas que pedem energia e planejamento.<\/p><\/li><\/ul>\t\t\t\t\t\t<\/div>\n\t\t\t\t<\/div>\n\t\t\t\t\t<\/div>\n\t\t\t\t<\/div>\n\t\t<div class=\"elementor-element elementor-element-c57eb70 e-flex e-con-boxed e-con e-parent\" data-id=\"c57eb70\" data-element_type=\"container\" data-settings=\"{&quot;content_width&quot;:&quot;boxed&quot;}\" data-core-v316-plus=\"true\">\n\t\t\t\t\t<div class=\"e-con-inner\">\n\t\t\t\t<div class=\"elementor-element elementor-element-61926fb elementor-widget elementor-widget-heading\" data-id=\"61926fb\" data-element_type=\"widget\" data-widget_type=\"heading.default\">\n\t\t\t\t<div class=\"elementor-widget-container\">\n\t\t\t<h2 class=\"elementor-heading-title elementor-size-large\">Clima: Quando ir para Bonito?<\/h2>\t\t<\/div>\n\t\t\t\t<\/div>\n\t\t\t\t<div class=\"elementor-element elementor-element-b36c1ee elementor-widget elementor-widget-image\" data-id=\"b36c1ee\" data-element_type=\"widget\" data-widget_type=\"image.default\">\n\t\t\t\t<div class=\"elementor-widget-container\">\n\t\t\t\t\t\t\t\t\t\t\t\t<figure class=\"wp-caption\">\n\t\t\t\t\t\t\t\t\t\t<img loading=\"lazy\" decoding=\"async\" width=\"840\" height=\"560\" src=\"https:\/\/www.blumarturismo.com.br\/blog\/wp-content\/uploads\/2024\/05\/foto-Daniel-Granville-3.jpg\" class=\"attachment-large size-large wp-image-57490\" alt=\"Foto: Daniel Granville\" srcset=\"https:\/\/www.blumarturismo.com.br\/blog\/wp-content\/uploads\/2024\/05\/foto-Daniel-Granville-3.jpg 840w, https:\/\/www.blumarturismo.com.br\/blog\/wp-content\/uploads\/2024\/05\/foto-Daniel-Granville-3-300x200.jpg 300w, https:\/\/www.blumarturismo.com.br\/blog\/wp-content\/uploads\/2024\/05\/foto-Daniel-Granville-3-768x512.jpg 768w\" sizes=\"auto, (max-width: 840px) 100vw, 840px\" \/>\t\t\t\t\t\t\t\t\t\t\t<figcaption class=\"widget-image-caption wp-caption-text\">Foto: Daniel Granville<\/figcaption>\n\t\t\t\t\t\t\t\t\t\t<\/figure>\n\t\t\t\t\t\t\t\t\t<\/div>\n\t\t\t\t<\/div>\n\t\t\t\t<div class=\"elementor-element elementor-element-23e5135 elementor-widget elementor-widget-text-editor\" data-id=\"23e5135\" data-element_type=\"widget\" data-widget_type=\"text-editor.default\">\n\t\t\t\t<div class=\"elementor-widget-container\">\n\t\t\t\t\t\t\t<p data-start=\"1354\" data-end=\"1444\">Al\u00e9m de definir o <strong data-start=\"1372\" data-end=\"1408\">tempo ideal para ficar em Bonito<\/strong>, vale pensar na <strong data-start=\"1425\" data-end=\"1441\">\u00e9poca do ano<\/strong>:<\/p><ul data-start=\"1446\" data-end=\"1694\"><li data-start=\"1446\" data-end=\"1582\"><p data-start=\"1448\" data-end=\"1582\"><strong data-start=\"1448\" data-end=\"1471\">De dezembro a mar\u00e7o<\/strong> (per\u00edodo de chuvas): os rios ficam mais cheios, as cachoeiras ganham volume e a vegeta\u00e7\u00e3o \u00e9 mais exuberante.<\/p><\/li><li data-start=\"1583\" data-end=\"1694\"><p data-start=\"1585\" data-end=\"1694\"><strong data-start=\"1585\" data-end=\"1607\">De maio a setembro<\/strong> (esta\u00e7\u00e3o seca): \u00e1guas ainda mais cristalinas, perfeitas para flutua\u00e7\u00f5es e mergulhos.<\/p><\/li><\/ul><blockquote data-start=\"1696\" data-end=\"1809\"><p data-start=\"1698\" data-end=\"1809\">Dica: evite planejar muitos passeios no mesmo dia, pois os deslocamentos entre os atrativos podem ser longos.<\/p><\/blockquote>\t\t\t\t\t\t<\/div>\n\t\t\t\t<\/div>\n\t\t\t\t\t<\/div>\n\t\t\t\t<\/div>\n\t\t<div class=\"elementor-element elementor-element-0e5a03e e-flex e-con-boxed e-con e-parent\" data-id=\"0e5a03e\" data-element_type=\"container\" data-settings=\"{&quot;content_width&quot;:&quot;boxed&quot;}\" data-core-v316-plus=\"true\">\n\t\t\t\t\t<div class=\"e-con-inner\">\n\t\t\t\t<div class=\"elementor-element elementor-element-264a4de elementor-widget elementor-widget-heading\" data-id=\"264a4de\" data-element_type=\"widget\" data-widget_type=\"heading.default\">\n\t\t\t\t<div class=\"elementor-widget-container\">\n\t\t\t<h2 class=\"elementor-heading-title elementor-size-large\">Roteiro sugerido para Bonito (7 dias)<\/h2>\t\t<\/div>\n\t\t\t\t<\/div>\n\t\t\t\t<div class=\"elementor-element elementor-element-86f5195 elementor-widget elementor-widget-image\" data-id=\"86f5195\" data-element_type=\"widget\" data-widget_type=\"image.default\">\n\t\t\t\t<div class=\"elementor-widget-container\">\n\t\t\t\t\t\t\t\t\t\t\t\t<figure class=\"wp-caption\">\n\t\t\t\t\t\t\t\t\t\t<img loading=\"lazy\" decoding=\"async\" width=\"1024\" height=\"575\" src=\"https:\/\/www.blumarturismo.com.br\/blog\/wp-content\/uploads\/2024\/04\/Foto-Flavio-Andre-MTur-4-1024x575.jpg\" class=\"attachment-large size-large wp-image-55753\" alt=\"Foto: Fl\u00e1vio Andr\u00e9 \/ MTur\" srcset=\"https:\/\/www.blumarturismo.com.br\/blog\/wp-content\/uploads\/2024\/04\/Foto-Flavio-Andre-MTur-4-1024x575.jpg 1024w, https:\/\/www.blumarturismo.com.br\/blog\/wp-content\/uploads\/2024\/04\/Foto-Flavio-Andre-MTur-4-300x169.jpg 300w, https:\/\/www.blumarturismo.com.br\/blog\/wp-content\/uploads\/2024\/04\/Foto-Flavio-Andre-MTur-4-768x431.jpg 768w, https:\/\/www.blumarturismo.com.br\/blog\/wp-content\/uploads\/2024\/04\/Foto-Flavio-Andre-MTur-4-1536x863.jpg 1536w, https:\/\/www.blumarturismo.com.br\/blog\/wp-content\/uploads\/2024\/04\/Foto-Flavio-Andre-MTur-4.jpg 2047w\" sizes=\"auto, (max-width: 1024px) 100vw, 1024px\" \/>\t\t\t\t\t\t\t\t\t\t\t<figcaption class=\"widget-image-caption wp-caption-text\">Foto: Fl\u00e1vio Andr\u00e9 \/ MTur<\/figcaption>\n\t\t\t\t\t\t\t\t\t\t<\/figure>\n\t\t\t\t\t\t\t\t\t<\/div>\n\t\t\t\t<\/div>\n\t\t\t\t<div class=\"elementor-element elementor-element-1a3f237 elementor-widget elementor-widget-text-editor\" data-id=\"1a3f237\" data-element_type=\"widget\" data-widget_type=\"text-editor.default\">\n\t\t\t\t<div class=\"elementor-widget-container\">\n\t\t\t\t\t\t\t<ul><li data-start=\"1860\" data-end=\"1920\"><p data-start=\"1862\" data-end=\"1920\"><strong data-start=\"1862\" data-end=\"1871\">Dia 1<\/strong>: Chegada e passeio leve na Pra\u00e7a da Liberdade.<\/p><\/li><li data-start=\"1921\" data-end=\"1982\"><p data-start=\"1923\" data-end=\"1982\"><strong data-start=\"1923\" data-end=\"1932\">Dia 2<\/strong>: Flutua\u00e7\u00e3o no Rio da Prata + Buraco das Araras.<\/p><\/li><li data-start=\"1983\" data-end=\"2042\"><p data-start=\"1985\" data-end=\"2042\"><strong data-start=\"1985\" data-end=\"1994\">Dia 3<\/strong>: Visita \u00e0 Gruta do Lago Azul e Nascente Azul.<\/p><\/li><li data-start=\"2043\" data-end=\"2095\"><p data-start=\"2045\" data-end=\"2095\"><strong data-start=\"2045\" data-end=\"2054\">Dia 4<\/strong>: Dia inteiro no Parque das Cachoeiras.<\/p><\/li><li data-start=\"2096\" data-end=\"2140\"><p data-start=\"2098\" data-end=\"2140\"><strong data-start=\"2098\" data-end=\"2107\">Dia 5<\/strong>: Mergulho na Lagoa Misteriosa.<\/p><\/li><li data-start=\"2141\" data-end=\"2191\"><p data-start=\"2143\" data-end=\"2191\"><strong data-start=\"2143\" data-end=\"2152\">Dia 6<\/strong>: Aventura com rapel na Boca da On\u00e7a.<\/p><\/li><li data-start=\"2192\" data-end=\"2245\"><p data-start=\"2194\" data-end=\"2245\"><strong data-start=\"2194\" data-end=\"2203\">Dia 7<\/strong>: Compras de artesanato local e retorno.<\/p><\/li><\/ul>\t\t\t\t\t\t<\/div>\n\t\t\t\t<\/div>\n\t\t\t\t\t<\/div>\n\t\t\t\t<\/div>\n\t\t<div class=\"elementor-element elementor-element-037e842 e-flex e-con-boxed e-con e-parent\" data-id=\"037e842\" data-element_type=\"container\" data-settings=\"{&quot;content_width&quot;:&quot;boxed&quot;}\" data-core-v316-plus=\"true\">\n\t\t\t\t\t<div class=\"e-con-inner\">\n\t\t\t\t<div class=\"elementor-element elementor-element-8680ab3 elementor-widget elementor-widget-heading\" data-id=\"8680ab3\" data-element_type=\"widget\" data-widget_type=\"heading.default\">\n\t\t\t\t<div class=\"elementor-widget-container\">\n\t\t\t<h2 class=\"elementor-heading-title elementor-size-large\">Blumar Turismo: sua parceira para explorar Bonito<\/h2>\t\t<\/div>\n\t\t\t\t<\/div>\n\t\t\t\t<div class=\"elementor-element elementor-element-9f24dc3 elementor-widget elementor-widget-text-editor\" data-id=\"9f24dc3\" data-element_type=\"widget\" data-widget_type=\"text-editor.default\">\n\t\t\t\t<div class=\"elementor-widget-container\">\n\t\t\t\t\t\t\t<p data-start=\"2308\" data-end=\"2520\">Organizar uma viagem para Bonito exige aten\u00e7\u00e3o a detalhes como agendamento antecipado de passeios, transporte e hospedagem. \u00c9 a\u00ed que entra a <strong data-start=\"2449\" data-end=\"2467\">Blumar Turismo<\/strong>, refer\u00eancia em viagens personalizadas pelo Brasil.<\/p><ul data-start=\"2522\" data-end=\"2770\"><li data-start=\"2522\" data-end=\"2593\"><p data-start=\"2524\" data-end=\"2593\"><strong data-start=\"2524\" data-end=\"2537\">Expertise<\/strong>: mais de 30 anos de experi\u00eancia em turismo receptivo.<\/p><\/li><li data-start=\"2594\" data-end=\"2681\"><p data-start=\"2596\" data-end=\"2681\"><strong data-start=\"2596\" data-end=\"2628\">Rede de parceiros confi\u00e1veis<\/strong>: garantindo seguran\u00e7a e qualidade em cada passeio.<\/p><\/li><li data-start=\"2682\" data-end=\"2770\"><p data-start=\"2684\" data-end=\"2770\"><strong data-start=\"2684\" data-end=\"2707\">Roteiros sob medida<\/strong>: cada viagem \u00e9 planejada de acordo com o perfil do viajante.<\/p><\/li><\/ul><p data-start=\"2772\" data-end=\"2876\">Com a Blumar, voc\u00ea viaja tranquilo e aproveita ao m\u00e1ximo o <strong data-start=\"2831\" data-end=\"2856\">tempo ideal em Bonito<\/strong> sem preocupa\u00e7\u00f5es.<\/p>\t\t\t\t\t\t<\/div>\n\t\t\t\t<\/div>\n\t\t\t\t\t<\/div>\n\t\t\t\t<\/div>\n\t\t<div class=\"elementor-element elementor-element-fcb66e0 e-flex e-con-boxed e-con e-parent\" data-id=\"fcb66e0\" data-element_type=\"container\" data-settings=\"{&quot;content_width&quot;:&quot;boxed&quot;}\" data-core-v316-plus=\"true\">\n\t\t\t\t\t<div class=\"e-con-inner\">\n\t\t\t\t<div class=\"elementor-element elementor-element-83cf623 elementor-widget elementor-widget-heading\" data-id=\"83cf623\" data-element_type=\"widget\" data-widget_type=\"heading.default\">\n\t\t\t\t<div class=\"elementor-widget-container\">\n\t\t\t<h2 class=\"elementor-heading-title elementor-size-large\">Conclus\u00e3o<\/h2>\t\t<\/div>\n\t\t\t\t<\/div>\n\t\t\t\t<div class=\"elementor-element elementor-element-cc66796 elementor-widget elementor-widget-image\" data-id=\"cc66796\" data-element_type=\"widget\" data-widget_type=\"image.default\">\n\t\t\t\t<div class=\"elementor-widget-container\">\n\t\t\t\t\t\t\t\t\t\t\t\t<figure class=\"wp-caption\">\n\t\t\t\t\t\t\t\t\t\t<img loading=\"lazy\" decoding=\"async\" width=\"1024\" height=\"683\" src=\"https:\/\/www.blumarturismo.com.br\/blog\/wp-content\/uploads\/2024\/04\/Foto-Flavio-Andre-MTur-1-1-1024x683.jpg\" class=\"attachment-large size-large wp-image-54534\" alt=\"Foto: Fl\u00e1vio Andre \/ MTur\" srcset=\"https:\/\/www.blumarturismo.com.br\/blog\/wp-content\/uploads\/2024\/04\/Foto-Flavio-Andre-MTur-1-1-1024x683.jpg 1024w, https:\/\/www.blumarturismo.com.br\/blog\/wp-content\/uploads\/2024\/04\/Foto-Flavio-Andre-MTur-1-1-300x200.jpg 300w, https:\/\/www.blumarturismo.com.br\/blog\/wp-content\/uploads\/2024\/04\/Foto-Flavio-Andre-MTur-1-1-768x512.jpg 768w, https:\/\/www.blumarturismo.com.br\/blog\/wp-content\/uploads\/2024\/04\/Foto-Flavio-Andre-MTur-1-1-1536x1025.jpg 1536w, https:\/\/www.blumarturismo.com.br\/blog\/wp-content\/uploads\/2024\/04\/Foto-Flavio-Andre-MTur-1-1.jpg 2048w\" sizes=\"auto, (max-width: 1024px) 100vw, 1024px\" \/>\t\t\t\t\t\t\t\t\t\t\t<figcaption class=\"widget-image-caption wp-caption-text\">Foto: Fl\u00e1vio Andre \/ MTur<\/figcaption>\n\t\t\t\t\t\t\t\t\t\t<\/figure>\n\t\t\t\t\t\t\t\t\t<\/div>\n\t\t\t\t<\/div>\n\t\t\t\t<div class=\"elementor-element elementor-element-59852a2 elementor-widget elementor-widget-text-editor\" data-id=\"59852a2\" data-element_type=\"widget\" data-widget_type=\"text-editor.default\">\n\t\t\t\t<div class=\"elementor-widget-container\">\n\t\t\t\t\t\t\t<p data-start=\"2899\" data-end=\"3145\">O <strong data-start=\"2901\" data-end=\"2937\">tempo ideal para ficar em Bonito<\/strong> \u00e9 entre <strong data-start=\"2946\" data-end=\"2960\">5 e 7 dias<\/strong>, equilibrando experi\u00eancias, lazer e descanso. Seja na \u00e9poca das chuvas, quando a natureza est\u00e1 mais vibrante, ou na seca, com rios ainda mais cristalinos, a viagem ser\u00e1 inesquec\u00edvel.<\/p>\t\t\t\t\t\t<\/div>\n\t\t\t\t<\/div>\n\t\t\t\t\t<\/div>\n\t\t\t\t<\/div>\n\t\t<div class=\"elementor-element elementor-element-4f45c18 e-flex e-con-boxed e-con e-child\" data-id=\"4f45c18\" data-element_type=\"container\" data-settings=\"{&quot;content_width&quot;:&quot;boxed&quot;}\">\n\t\t\t\t\t<div class=\"e-con-inner\">\n\t\t\t\t<div class=\"elementor-element elementor-element-5329d72 elementor-widget elementor-widget-heading\" data-id=\"5329d72\" data-element_type=\"widget\" data-widget_type=\"heading.default\">\n\t\t\t\t<div class=\"elementor-widget-container\">\n\t\t\t<h2 class=\"elementor-heading-title elementor-size-large\">Depoimentos de Quem Viveu a Experi\u00eancia<\/h2>\t\t<\/div>\n\t\t\t\t<\/div>\n\t\t\t\t<div class=\"elementor-element elementor-element-09f2902 elementor-widget elementor-widget-text-editor\" data-id=\"09f2902\" data-element_type=\"widget\" data-widget_type=\"text-editor.default\">\n\t\t\t\t<div class=\"elementor-widget-container\">\n\t\t\t\t\t\t\t<p style=\"text-align: center;\"><strong>Blumar Turismo: Certificada pelo Reclame Aqui<\/strong><\/p>\t\t\t\t\t\t<\/div>\n\t\t\t\t<\/div>\n\t\t\t\t<div class=\"elementor-element elementor-element-64adde7 elementor-widget elementor-widget-html\" data-id=\"64adde7\" data-element_type=\"widget\" data-widget_type=\"html.default\">\n\t\t\t\t<div class=\"elementor-widget-container\">\n\t\t\t<center><div id=\"ra-verified-seal\"><script type=\"text\/javascript\" id=\"ra-embed-verified-seal\" src=\"https:\/\/s3.amazonaws.com\/raichu-beta\/ra-verified\/bundle.js\" data-id=\"MzI4Nzc6Ymx1bWFy\" data-target=\"ra-verified-seal\" data-model=\"2\"><\/script><\/div><\/center>\t\t<\/div>\n\t\t\t\t<\/div>\n\t\t\t\t<div class=\"elementor-element elementor-element-8ed6c7c elementor-widget elementor-widget-text-editor\" data-id=\"8ed6c7c\" data-element_type=\"widget\" data-widget_type=\"text-editor.default\">\n\t\t\t\t<div class=\"elementor-widget-container\">\n\t\t\t\t\t\t\t<p><span style=\"color: var( --e-global-color-text ); text-align: var(--text-align);\">Na <strong><a href=\"https:\/\/ofertas.blumarturismo.com.br\/melhores-hoteis-do-rio-de-janeiro\">Blumar Turismo<\/a><\/strong>, nos orgulhamos de oferecer um servi\u00e7o de excel\u00eancia. Somos certificados pelo Reclame Aqui e n\u00e3o recebemos nenhuma reclama\u00e7\u00e3o nos \u00faltimos 12 meses.<\/span><\/p><p>Nosso compromisso \u00e9 com a total satisfa\u00e7\u00e3o do cliente. Garantimos experi\u00eancias de viagem \u00fanicas e memor\u00e1veis, cuidando de cada detalhe, desde a escolha dos melhores destinos e hot\u00e9is at\u00e9 a personaliza\u00e7\u00e3o de roteiros. Nossa equipe est\u00e1 dedicada a atender todas as suas necessidades com m\u00e1xima aten\u00e7\u00e3o e profissionalismo.<\/p>\t\t\t\t\t\t<\/div>\n\t\t\t\t<\/div>\n\t\t\t\t<div class=\"elementor-element elementor-element-e50d161 elementor-widget elementor-widget-html\" data-id=\"e50d161\" data-element_type=\"widget\" data-widget_type=\"html.default\">\n\t\t\t\t<div class=\"elementor-widget-container\">\n\t\t\t<script defer async src='https:\/\/cdn.trustindex.io\/loader.js?dc6229528d81446bbc4644b5063'><\/script>\t\t<\/div>\n\t\t\t\t<\/div>\n\t\t\t\t\t<\/div>\n\t\t\t\t<\/div>\n\t\t<div class=\"elementor-element elementor-element-6be9c00 e-flex e-con-boxed e-con e-parent\" data-id=\"6be9c00\" data-element_type=\"container\" data-settings=\"{&quot;content_width&quot;:&quot;boxed&quot;}\" data-core-v316-plus=\"true\">\n\t\t\t\t\t<div class=\"e-con-inner\">\n\t\t\t\t<div class=\"elementor-element elementor-element-983598b elementor-widget elementor-widget-heading\" data-id=\"983598b\" data-element_type=\"widget\" data-widget_type=\"heading.default\">\n\t\t\t\t<div class=\"elementor-widget-container\">\n\t\t\t<h2 class=\"elementor-heading-title elementor-size-medium\">Posts que voc\u00ea tamb\u00e9m pode se interessar:<\/h2>\t\t<\/div>\n\t\t\t\t<\/div>\n\t\t\t\t<div class=\"elementor-element elementor-element-ceacb5f elementor-widget elementor-widget-text-editor\" data-id=\"ceacb5f\" data-element_type=\"widget\" data-widget_type=\"text-editor.default\">\n\t\t\t\t<div class=\"elementor-widget-container\">\n\t\t\t\t\t\t\t<ul><li><a href=\"https:\/\/www.blumarturismo.com.br\/blog\/o-que-visitar-em-bonito-ms-a-joia-do-ecoturismo-no-mato-grosso-do-sul\/\">O que visitar em Bonito MS, a J\u00f3ia do Ecoturismo no Mato Grosso do Sul<\/a><\/li><li><a href=\"https:\/\/www.blumarturismo.com.br\/blog\/conheca-os-10-destinos-turisticos-inteligentes-no-brasil\/\">Conhe\u00e7a os 10 Destinos Tur\u00edsticos Inteligentes no Brasil<\/a><\/li><li><a href=\"https:\/\/www.blumarturismo.com.br\/blog\/10-destinos-diferentes-no-brasil-para-voce-conhecer\/\">10 Destinos Diferentes no Brasil\u00a0para voc\u00ea conhecer<\/a><\/li><li><a href=\"https:\/\/www.blumarturismo.com.br\/blog\/operador-de-turismo-cultural-e-de-luxo-no-brasil-blumar-dmc\/\">Operador de Turismo Cultural e de Luxo no Brasil: Blumar DMC<\/a><\/li><li><a href=\"https:\/\/www.blumarturismo.com.br\/blog\/melhor-operador-receptivo-do-brasil-para-viagens-de-incentivo-conheca-a-blumar-dmc\/\">Melhor Operador Receptivo do Brasil para Viagens de Incentivo: Conhe\u00e7a a Blumar DMC<\/a><\/li><\/ul>\t\t\t\t\t\t<\/div>\n\t\t\t\t<\/div>\n\t\t\t\t\t<\/div>\n\t\t\t\t<\/div>\n\t\t<div class=\"elementor-element elementor-element-4a5c5f8 e-flex e-con-boxed e-con e-parent\" data-id=\"4a5c5f8\" data-element_type=\"container\" data-settings=\"{&quot;content_width&quot;:&quot;boxed&quot;}\" data-core-v316-plus=\"true\">\n\t\t\t\t\t<div class=\"e-con-inner\">\n\t\t\t\t<div class=\"elementor-element elementor-element-4e815a5 elementor-widget elementor-widget-heading\" data-id=\"4e815a5\" data-element_type=\"widget\" data-widget_type=\"heading.default\">\n\t\t\t\t<div class=\"elementor-widget-container\">\n\t\t\t<h2 class=\"elementor-heading-title elementor-size-large\">FAQ \u2013 Tempo Ideal para Ficar em Bonito (MS)<\/h2>\t\t<\/div>\n\t\t\t\t<\/div>\n\t\t\t\t<div class=\"elementor-element elementor-element-32a8766 elementor-widget elementor-widget-image\" data-id=\"32a8766\" data-element_type=\"widget\" data-widget_type=\"image.default\">\n\t\t\t\t<div class=\"elementor-widget-container\">\n\t\t\t\t\t\t\t\t\t\t\t\t<figure class=\"wp-caption\">\n\t\t\t\t\t\t\t\t\t\t<img loading=\"lazy\" decoding=\"async\" width=\"840\" height=\"560\" src=\"https:\/\/www.blumarturismo.com.br\/blog\/wp-content\/uploads\/2024\/04\/Foto-Flavio-Andre-MTur.jpg\" class=\"attachment-large size-large wp-image-54020\" alt=\"Foto: Fl\u00e1vio Andr\u00e9 \/ MTur\" srcset=\"https:\/\/www.blumarturismo.com.br\/blog\/wp-content\/uploads\/2024\/04\/Foto-Flavio-Andre-MTur.jpg 840w, https:\/\/www.blumarturismo.com.br\/blog\/wp-content\/uploads\/2024\/04\/Foto-Flavio-Andre-MTur-300x200.jpg 300w, https:\/\/www.blumarturismo.com.br\/blog\/wp-content\/uploads\/2024\/04\/Foto-Flavio-Andre-MTur-768x512.jpg 768w\" sizes=\"auto, (max-width: 840px) 100vw, 840px\" \/>\t\t\t\t\t\t\t\t\t\t\t<figcaption class=\"widget-image-caption wp-caption-text\">Foto: Fl\u00e1vio Andr\u00e9 \/ MTur<\/figcaption>\n\t\t\t\t\t\t\t\t\t\t<\/figure>\n\t\t\t\t\t\t\t\t\t<\/div>\n\t\t\t\t<\/div>\n\t\t\t\t<div class=\"elementor-element elementor-element-fded2d0 elementor-widget elementor-widget-toggle\" data-id=\"fded2d0\" data-element_type=\"widget\" data-widget_type=\"toggle.default\">\n\t\t\t\t<div class=\"elementor-widget-container\">\n\t\t\t<style>\/*! elementor - v3.16.0 - 13-09-2023 *\/\n.elementor-toggle{text-align:left}.elementor-toggle .elementor-tab-title{font-weight:700;line-height:1;margin:0;padding:15px;border-bottom:1px solid #d5d8dc;cursor:pointer;outline:none}.elementor-toggle .elementor-tab-title .elementor-toggle-icon{display:inline-block;width:1em}.elementor-toggle .elementor-tab-title .elementor-toggle-icon svg{margin-inline-start:-5px;width:1em;height:1em}.elementor-toggle .elementor-tab-title .elementor-toggle-icon.elementor-toggle-icon-right{float:right;text-align:right}.elementor-toggle .elementor-tab-title .elementor-toggle-icon.elementor-toggle-icon-left{float:left;text-align:left}.elementor-toggle .elementor-tab-title .elementor-toggle-icon .elementor-toggle-icon-closed{display:block}.elementor-toggle .elementor-tab-title .elementor-toggle-icon .elementor-toggle-icon-opened{display:none}.elementor-toggle .elementor-tab-title.elementor-active{border-bottom:none}.elementor-toggle .elementor-tab-title.elementor-active .elementor-toggle-icon-closed{display:none}.elementor-toggle .elementor-tab-title.elementor-active .elementor-toggle-icon-opened{display:block}.elementor-toggle .elementor-tab-content{padding:15px;border-bottom:1px solid #d5d8dc;display:none}@media (max-width:767px){.elementor-toggle .elementor-tab-title{padding:12px}.elementor-toggle .elementor-tab-content{padding:12px 10px}}.e-con-inner>.elementor-widget-toggle,.e-con>.elementor-widget-toggle{width:var(--container-widget-width);--flex-grow:var(--container-widget-flex-grow)}<\/style>\t\t<div class=\"elementor-toggle\">\n\t\t\t\t\t\t\t<div class=\"elementor-toggle-item\">\n\t\t\t\t\t<div id=\"elementor-tab-title-2661\" class=\"elementor-tab-title\" data-tab=\"1\" role=\"button\" aria-controls=\"elementor-tab-content-2661\" aria-expanded=\"false\">\n\t\t\t\t\t\t\t\t\t\t\t\t<span class=\"elementor-toggle-icon elementor-toggle-icon-left\" aria-hidden=\"true\">\n\t\t\t\t\t\t\t\t\t\t\t\t\t\t\t<span class=\"elementor-toggle-icon-closed\"><svg class=\"e-font-icon-svg e-fas-caret-right\" viewBox=\"0 0 192 512\" xmlns=\"http:\/\/www.w3.org\/2000\/svg\"><path d=\"M0 384.662V127.338c0-17.818 21.543-26.741 34.142-14.142l128.662 128.662c7.81 7.81 7.81 20.474 0 28.284L34.142 398.804C21.543 411.404 0 402.48 0 384.662z\"><\/path><\/svg><\/span>\n\t\t\t\t\t\t\t\t<span class=\"elementor-toggle-icon-opened\"><svg class=\"elementor-toggle-icon-opened e-font-icon-svg e-fas-caret-up\" viewBox=\"0 0 320 512\" xmlns=\"http:\/\/www.w3.org\/2000\/svg\"><path d=\"M288.662 352H31.338c-17.818 0-26.741-21.543-14.142-34.142l128.662-128.662c7.81-7.81 20.474-7.81 28.284 0l128.662 128.662c12.6 12.599 3.676 34.142-14.142 34.142z\"><\/path><\/svg><\/span>\n\t\t\t\t\t\t\t\t\t\t\t\t\t<\/span>\n\t\t\t\t\t\t\t\t\t\t\t\t<a class=\"elementor-toggle-title\" tabindex=\"0\">Qual \u00e9 o tempo ideal para ficar em Bonito?<\/a>\n\t\t\t\t\t<\/div>\n\n\t\t\t\t\t<div id=\"elementor-tab-content-2661\" class=\"elementor-tab-content elementor-clearfix\" data-tab=\"1\" role=\"region\" aria-labelledby=\"elementor-tab-title-2661\"><p data-start=\"226\" data-end=\"426\">O per\u00edodo recomendado \u00e9 de <strong data-start=\"253\" data-end=\"267\">5 a 7 dias<\/strong>. Assim, voc\u00ea consegue aproveitar os principais atrativos, como flutua\u00e7\u00f5es, grutas, cachoeiras e atividades de aventura, sem correria e com tempo para relaxar.<\/p><\/div>\n\t\t\t\t<\/div>\n\t\t\t\t\t\t\t<div class=\"elementor-toggle-item\">\n\t\t\t\t\t<div id=\"elementor-tab-title-2662\" class=\"elementor-tab-title\" data-tab=\"2\" role=\"button\" aria-controls=\"elementor-tab-content-2662\" aria-expanded=\"false\">\n\t\t\t\t\t\t\t\t\t\t\t\t<span class=\"elementor-toggle-icon elementor-toggle-icon-left\" aria-hidden=\"true\">\n\t\t\t\t\t\t\t\t\t\t\t\t\t\t\t<span class=\"elementor-toggle-icon-closed\"><svg class=\"e-font-icon-svg e-fas-caret-right\" viewBox=\"0 0 192 512\" xmlns=\"http:\/\/www.w3.org\/2000\/svg\"><path d=\"M0 384.662V127.338c0-17.818 21.543-26.741 34.142-14.142l128.662 128.662c7.81 7.81 7.81 20.474 0 28.284L34.142 398.804C21.543 411.404 0 402.48 0 384.662z\"><\/path><\/svg><\/span>\n\t\t\t\t\t\t\t\t<span class=\"elementor-toggle-icon-opened\"><svg class=\"elementor-toggle-icon-opened e-font-icon-svg e-fas-caret-up\" viewBox=\"0 0 320 512\" xmlns=\"http:\/\/www.w3.org\/2000\/svg\"><path d=\"M288.662 352H31.338c-17.818 0-26.741-21.543-14.142-34.142l128.662-128.662c7.81-7.81 20.474-7.81 28.284 0l128.662 128.662c12.6 12.599 3.676 34.142-14.142 34.142z\"><\/path><\/svg><\/span>\n\t\t\t\t\t\t\t\t\t\t\t\t\t<\/span>\n\t\t\t\t\t\t\t\t\t\t\t\t<a class=\"elementor-toggle-title\" tabindex=\"0\">O que d\u00e1 para fazer em 5 dias em Bonito?<\/a>\n\t\t\t\t\t<\/div>\n\n\t\t\t\t\t<div id=\"elementor-tab-content-2662\" class=\"elementor-tab-content elementor-clearfix\" data-tab=\"2\" role=\"region\" aria-labelledby=\"elementor-tab-title-2662\"><p data-start=\"482\" data-end=\"553\">Com 5 dias voc\u00ea j\u00e1 consegue conhecer os principais pontos tur\u00edsticos:<\/p><ul data-start=\"554\" data-end=\"757\"><li data-start=\"554\" data-end=\"604\"><p data-start=\"556\" data-end=\"604\"><strong data-start=\"556\" data-end=\"602\">Flutua\u00e7\u00e3o no Rio da Prata ou Nascente Azul<\/strong><\/p><\/li><li data-start=\"605\" data-end=\"631\"><p data-start=\"607\" data-end=\"631\"><strong data-start=\"607\" data-end=\"629\">Gruta do Lago Azul<\/strong><\/p><\/li><li data-start=\"632\" data-end=\"657\"><p data-start=\"634\" data-end=\"657\"><strong data-start=\"634\" data-end=\"655\">Buraco das Araras<\/strong><\/p><\/li><li data-start=\"658\" data-end=\"701\"><p data-start=\"660\" data-end=\"701\"><strong data-start=\"660\" data-end=\"699\">Cachoeiras do Parque das Cachoeiras<\/strong><\/p><\/li><li data-start=\"702\" data-end=\"757\"><p data-start=\"704\" data-end=\"757\">Um dia extra para mergulho ou rapel na Boca da On\u00e7a<\/p><\/li><\/ul><\/div>\n\t\t\t\t<\/div>\n\t\t\t\t\t\t\t<div class=\"elementor-toggle-item\">\n\t\t\t\t\t<div id=\"elementor-tab-title-2663\" class=\"elementor-tab-title\" data-tab=\"3\" role=\"button\" aria-controls=\"elementor-tab-content-2663\" aria-expanded=\"false\">\n\t\t\t\t\t\t\t\t\t\t\t\t<span class=\"elementor-toggle-icon elementor-toggle-icon-left\" aria-hidden=\"true\">\n\t\t\t\t\t\t\t\t\t\t\t\t\t\t\t<span class=\"elementor-toggle-icon-closed\"><svg class=\"e-font-icon-svg e-fas-caret-right\" viewBox=\"0 0 192 512\" xmlns=\"http:\/\/www.w3.org\/2000\/svg\"><path d=\"M0 384.662V127.338c0-17.818 21.543-26.741 34.142-14.142l128.662 128.662c7.81 7.81 7.81 20.474 0 28.284L34.142 398.804C21.543 411.404 0 402.48 0 384.662z\"><\/path><\/svg><\/span>\n\t\t\t\t\t\t\t\t<span class=\"elementor-toggle-icon-opened\"><svg class=\"elementor-toggle-icon-opened e-font-icon-svg e-fas-caret-up\" viewBox=\"0 0 320 512\" xmlns=\"http:\/\/www.w3.org\/2000\/svg\"><path d=\"M288.662 352H31.338c-17.818 0-26.741-21.543-14.142-34.142l128.662-128.662c7.81-7.81 20.474-7.81 28.284 0l128.662 128.662c12.6 12.599 3.676 34.142-14.142 34.142z\"><\/path><\/svg><\/span>\n\t\t\t\t\t\t\t\t\t\t\t\t\t<\/span>\n\t\t\t\t\t\t\t\t\t\t\t\t<a class=\"elementor-toggle-title\" tabindex=\"0\">Vale a pena ficar 7 dias em Bonito?<\/a>\n\t\t\t\t\t<\/div>\n\n\t\t\t\t\t<div id=\"elementor-tab-content-2663\" class=\"elementor-tab-content elementor-clearfix\" data-tab=\"3\" role=\"region\" aria-labelledby=\"elementor-tab-title-2663\"><p data-start=\"808\" data-end=\"901\">Sim! Com 7 dias, al\u00e9m dos cl\u00e1ssicos, voc\u00ea ter\u00e1 tempo para incluir experi\u00eancias extras como:<\/p><ul data-start=\"902\" data-end=\"1035\"><li data-start=\"902\" data-end=\"938\"><p data-start=\"904\" data-end=\"938\"><strong data-start=\"904\" data-end=\"936\">Mergulho na Lagoa Misteriosa<\/strong><\/p><\/li><li data-start=\"939\" data-end=\"978\"><p data-start=\"941\" data-end=\"978\">Passeios de boia-cross ou cavalgada<\/p><\/li><li data-start=\"979\" data-end=\"1035\"><p data-start=\"981\" data-end=\"1035\">Mais tempo para curtir a cidade e o artesanato local<\/p><\/li><\/ul><\/div>\n\t\t\t\t<\/div>\n\t\t\t\t\t\t\t<div class=\"elementor-toggle-item\">\n\t\t\t\t\t<div id=\"elementor-tab-title-2664\" class=\"elementor-tab-title\" data-tab=\"4\" role=\"button\" aria-controls=\"elementor-tab-content-2664\" aria-expanded=\"false\">\n\t\t\t\t\t\t\t\t\t\t\t\t<span class=\"elementor-toggle-icon elementor-toggle-icon-left\" aria-hidden=\"true\">\n\t\t\t\t\t\t\t\t\t\t\t\t\t\t\t<span class=\"elementor-toggle-icon-closed\"><svg class=\"e-font-icon-svg e-fas-caret-right\" viewBox=\"0 0 192 512\" xmlns=\"http:\/\/www.w3.org\/2000\/svg\"><path d=\"M0 384.662V127.338c0-17.818 21.543-26.741 34.142-14.142l128.662 128.662c7.81 7.81 7.81 20.474 0 28.284L34.142 398.804C21.543 411.404 0 402.48 0 384.662z\"><\/path><\/svg><\/span>\n\t\t\t\t\t\t\t\t<span class=\"elementor-toggle-icon-opened\"><svg class=\"elementor-toggle-icon-opened e-font-icon-svg e-fas-caret-up\" viewBox=\"0 0 320 512\" xmlns=\"http:\/\/www.w3.org\/2000\/svg\"><path d=\"M288.662 352H31.338c-17.818 0-26.741-21.543-14.142-34.142l128.662-128.662c7.81-7.81 20.474-7.81 28.284 0l128.662 128.662c12.6 12.599 3.676 34.142-14.142 34.142z\"><\/path><\/svg><\/span>\n\t\t\t\t\t\t\t\t\t\t\t\t\t<\/span>\n\t\t\t\t\t\t\t\t\t\t\t\t<a class=\"elementor-toggle-title\" tabindex=\"0\">Qual \u00e9 a melhor \u00e9poca para viajar a Bonito?<\/a>\n\t\t\t\t\t<\/div>\n\n\t\t\t\t\t<div id=\"elementor-tab-content-2664\" class=\"elementor-tab-content elementor-clearfix\" data-tab=\"4\" role=\"region\" aria-labelledby=\"elementor-tab-title-2664\"><ul><li data-start=\"1094\" data-end=\"1194\"><p data-start=\"1096\" data-end=\"1194\"><strong data-start=\"1096\" data-end=\"1129\">De dezembro a mar\u00e7o (chuvas):<\/strong> rios mais cheios, cachoeiras volumosas e vegeta\u00e7\u00e3o exuberante.<\/p><\/li><li data-start=\"1195\" data-end=\"1295\"><p data-start=\"1197\" data-end=\"1295\"><strong data-start=\"1197\" data-end=\"1227\">De maio a setembro (seca):<\/strong> \u00e1guas ainda mais cristalinas, ideais para flutua\u00e7\u00f5es e mergulhos.<\/p><\/li><\/ul><\/div>\n\t\t\t\t<\/div>\n\t\t\t\t\t\t\t<div class=\"elementor-toggle-item\">\n\t\t\t\t\t<div id=\"elementor-tab-title-2665\" class=\"elementor-tab-title\" data-tab=\"5\" role=\"button\" aria-controls=\"elementor-tab-content-2665\" aria-expanded=\"false\">\n\t\t\t\t\t\t\t\t\t\t\t\t<span class=\"elementor-toggle-icon elementor-toggle-icon-left\" aria-hidden=\"true\">\n\t\t\t\t\t\t\t\t\t\t\t\t\t\t\t<span class=\"elementor-toggle-icon-closed\"><svg class=\"e-font-icon-svg e-fas-caret-right\" viewBox=\"0 0 192 512\" xmlns=\"http:\/\/www.w3.org\/2000\/svg\"><path d=\"M0 384.662V127.338c0-17.818 21.543-26.741 34.142-14.142l128.662 128.662c7.81 7.81 7.81 20.474 0 28.284L34.142 398.804C21.543 411.404 0 402.48 0 384.662z\"><\/path><\/svg><\/span>\n\t\t\t\t\t\t\t\t<span class=\"elementor-toggle-icon-opened\"><svg class=\"elementor-toggle-icon-opened e-font-icon-svg e-fas-caret-up\" viewBox=\"0 0 320 512\" xmlns=\"http:\/\/www.w3.org\/2000\/svg\"><path d=\"M288.662 352H31.338c-17.818 0-26.741-21.543-14.142-34.142l128.662-128.662c7.81-7.81 20.474-7.81 28.284 0l128.662 128.662c12.6 12.599 3.676 34.142-14.142 34.142z\"><\/path><\/svg><\/span>\n\t\t\t\t\t\t\t\t\t\t\t\t\t<\/span>\n\t\t\t\t\t\t\t\t\t\t\t\t<a class=\"elementor-toggle-title\" tabindex=\"0\">Como organizar os passeios em Bonito?<\/a>\n\t\t\t\t\t<\/div>\n\n\t\t\t\t\t<div id=\"elementor-tab-content-2665\" class=\"elementor-tab-content elementor-clearfix\" data-tab=\"5\" role=\"region\" aria-labelledby=\"elementor-tab-title-2665\"><p data-start=\"1462\" data-end=\"1644\">Os atrativos t\u00eam <strong data-start=\"1479\" data-end=\"1510\">limite di\u00e1rio de visitantes<\/strong> e precisam ser agendados com anteced\u00eancia. \u00c9 recomend\u00e1vel contar com uma ag\u00eancia receptiva, como a <strong data-start=\"1610\" data-end=\"1628\">Blumar Turismo<\/strong>, que oferece:<\/p><ul data-start=\"1645\" data-end=\"1737\"><li data-start=\"1645\" data-end=\"1672\"><p data-start=\"1647\" data-end=\"1672\">Roteiros personalizados<\/p><\/li><li data-start=\"1673\" data-end=\"1706\"><p data-start=\"1675\" data-end=\"1706\">Parceiros locais de confian\u00e7a<\/p><\/li><li data-start=\"1707\" data-end=\"1737\"><p data-start=\"1709\" data-end=\"1737\">Suporte log\u00edstico completo<\/p><\/li><\/ul><\/div>\n\t\t\t\t<\/div>\n\t\t\t\t\t\t\t<div class=\"elementor-toggle-item\">\n\t\t\t\t\t<div id=\"elementor-tab-title-2666\" class=\"elementor-tab-title\" data-tab=\"6\" role=\"button\" aria-controls=\"elementor-tab-content-2666\" aria-expanded=\"false\">\n\t\t\t\t\t\t\t\t\t\t\t\t<span class=\"elementor-toggle-icon elementor-toggle-icon-left\" aria-hidden=\"true\">\n\t\t\t\t\t\t\t\t\t\t\t\t\t\t\t<span class=\"elementor-toggle-icon-closed\"><svg class=\"e-font-icon-svg e-fas-caret-right\" viewBox=\"0 0 192 512\" xmlns=\"http:\/\/www.w3.org\/2000\/svg\"><path d=\"M0 384.662V127.338c0-17.818 21.543-26.741 34.142-14.142l128.662 128.662c7.81 7.81 7.81 20.474 0 28.284L34.142 398.804C21.543 411.404 0 402.48 0 384.662z\"><\/path><\/svg><\/span>\n\t\t\t\t\t\t\t\t<span class=\"elementor-toggle-icon-opened\"><svg class=\"elementor-toggle-icon-opened e-font-icon-svg e-fas-caret-up\" viewBox=\"0 0 320 512\" xmlns=\"http:\/\/www.w3.org\/2000\/svg\"><path d=\"M288.662 352H31.338c-17.818 0-26.741-21.543-14.142-34.142l128.662-128.662c7.81-7.81 20.474-7.81 28.284 0l128.662 128.662c12.6 12.599 3.676 34.142-14.142 34.142z\"><\/path><\/svg><\/span>\n\t\t\t\t\t\t\t\t\t\t\t\t\t<\/span>\n\t\t\t\t\t\t\t\t\t\t\t\t<a class=\"elementor-toggle-title\" tabindex=\"0\">Exemplo de roteiro de 7 dias em Bonito<\/a>\n\t\t\t\t\t<\/div>\n\n\t\t\t\t\t<div id=\"elementor-tab-content-2666\" class=\"elementor-tab-content elementor-clearfix\" data-tab=\"6\" role=\"region\" aria-labelledby=\"elementor-tab-title-2666\"><ul data-start=\"1791\" data-end=\"2123\"><li data-start=\"1791\" data-end=\"1852\"><p data-start=\"1793\" data-end=\"1852\"><strong data-start=\"1793\" data-end=\"1803\">Dia 1:<\/strong> chegada e passeio leve pela Pra\u00e7a da Liberdade<\/p><\/li><li data-start=\"1853\" data-end=\"1913\"><p data-start=\"1855\" data-end=\"1913\"><strong data-start=\"1855\" data-end=\"1865\">Dia 2:<\/strong> flutua\u00e7\u00e3o no Rio da Prata + Buraco das Araras<\/p><\/li><li data-start=\"1914\" data-end=\"1963\"><p data-start=\"1916\" data-end=\"1963\"><strong data-start=\"1916\" data-end=\"1926\">Dia 3:<\/strong> Gruta do Lago Azul + Nascente Azul<\/p><\/li><li data-start=\"1964\" data-end=\"2000\"><p data-start=\"1966\" data-end=\"2000\"><strong data-start=\"1966\" data-end=\"1976\">Dia 4:<\/strong> Parque das Cachoeiras<\/p><\/li><li data-start=\"2001\" data-end=\"2044\"><p data-start=\"2003\" data-end=\"2044\"><strong data-start=\"2003\" data-end=\"2013\">Dia 5:<\/strong> Mergulho na Lagoa Misteriosa<\/p><\/li><li data-start=\"2045\" data-end=\"2090\"><p data-start=\"2047\" data-end=\"2090\"><strong data-start=\"2047\" data-end=\"2057\">Dia 6:<\/strong> Rapel e trilha na Boca da On\u00e7a<\/p><\/li><li data-start=\"2091\" data-end=\"2123\"><p data-start=\"2093\" data-end=\"2123\"><strong data-start=\"2093\" data-end=\"2103\">Dia 7:<\/strong> compras e retorno<\/p><\/li><\/ul><\/div>\n\t\t\t\t<\/div>\n\t\t\t\t\t\t\t<div class=\"elementor-toggle-item\">\n\t\t\t\t\t<div id=\"elementor-tab-title-2667\" class=\"elementor-tab-title\" data-tab=\"7\" role=\"button\" aria-controls=\"elementor-tab-content-2667\" aria-expanded=\"false\">\n\t\t\t\t\t\t\t\t\t\t\t\t<span class=\"elementor-toggle-icon elementor-toggle-icon-left\" aria-hidden=\"true\">\n\t\t\t\t\t\t\t\t\t\t\t\t\t\t\t<span class=\"elementor-toggle-icon-closed\"><svg class=\"e-font-icon-svg e-fas-caret-right\" viewBox=\"0 0 192 512\" xmlns=\"http:\/\/www.w3.org\/2000\/svg\"><path d=\"M0 384.662V127.338c0-17.818 21.543-26.741 34.142-14.142l128.662 128.662c7.81 7.81 7.81 20.474 0 28.284L34.142 398.804C21.543 411.404 0 402.48 0 384.662z\"><\/path><\/svg><\/span>\n\t\t\t\t\t\t\t\t<span class=\"elementor-toggle-icon-opened\"><svg class=\"elementor-toggle-icon-opened e-font-icon-svg e-fas-caret-up\" viewBox=\"0 0 320 512\" xmlns=\"http:\/\/www.w3.org\/2000\/svg\"><path d=\"M288.662 352H31.338c-17.818 0-26.741-21.543-14.142-34.142l128.662-128.662c7.81-7.81 20.474-7.81 28.284 0l128.662 128.662c12.6 12.599 3.676 34.142-14.142 34.142z\"><\/path><\/svg><\/span>\n\t\t\t\t\t\t\t\t\t\t\t\t\t<\/span>\n\t\t\t\t\t\t\t\t\t\t\t\t<a class=\"elementor-toggle-title\" tabindex=\"0\">Bonito \u00e9 indicado para todos os perfis de viajantes?<\/a>\n\t\t\t\t\t<\/div>\n\n\t\t\t\t\t<div id=\"elementor-tab-content-2667\" class=\"elementor-tab-content elementor-clearfix\" data-tab=\"7\" role=\"region\" aria-labelledby=\"elementor-tab-title-2667\"><p data-start=\"2191\" data-end=\"2228\">Sim! O destino oferece op\u00e7\u00f5es para:<\/p><ul data-start=\"2229\" data-end=\"2396\"><li data-start=\"2229\" data-end=\"2275\"><p data-start=\"2231\" data-end=\"2275\"><strong data-start=\"2231\" data-end=\"2244\">Fam\u00edlias:<\/strong> passeios leves e educativos.<\/p><\/li><li data-start=\"2276\" data-end=\"2337\"><p data-start=\"2278\" data-end=\"2337\"><strong data-start=\"2278\" data-end=\"2289\">Casais:<\/strong> cen\u00e1rios rom\u00e2nticos e contato com a natureza.<\/p><\/li><li data-start=\"2338\" data-end=\"2396\"><p data-start=\"2340\" data-end=\"2396\"><strong data-start=\"2340\" data-end=\"2357\">Aventureiros:<\/strong> mergulho, rapel e esportes radicais.<\/p><\/li><\/ul><\/div>\n\t\t\t\t<\/div>\n\t\t\t\t\t\t\t\t\t\t<script type=\"application\/ld+json\">{\"@context\":\"https:\\\/\\\/schema.org\",\"@type\":\"FAQPage\",\"mainEntity\":[{\"@type\":\"Question\",\"name\":\"Qual \\u00e9 o tempo ideal para ficar em Bonito?\",\"acceptedAnswer\":{\"@type\":\"Answer\",\"text\":\"<p data-start=\\\"226\\\" data-end=\\\"426\\\">O per\\u00edodo recomendado \\u00e9 de <strong data-start=\\\"253\\\" data-end=\\\"267\\\">5 a 7 dias<\\\/strong>. Assim, voc\\u00ea consegue aproveitar os principais atrativos, como flutua\\u00e7\\u00f5es, grutas, cachoeiras e atividades de aventura, sem correria e com tempo para relaxar.<\\\/p>\"}},{\"@type\":\"Question\",\"name\":\"O que d\\u00e1 para fazer em 5 dias em Bonito?\",\"acceptedAnswer\":{\"@type\":\"Answer\",\"text\":\"<p data-start=\\\"482\\\" data-end=\\\"553\\\">Com 5 dias voc\\u00ea j\\u00e1 consegue conhecer os principais pontos tur\\u00edsticos:<\\\/p><ul data-start=\\\"554\\\" data-end=\\\"757\\\"><li data-start=\\\"554\\\" data-end=\\\"604\\\"><p data-start=\\\"556\\\" data-end=\\\"604\\\"><strong data-start=\\\"556\\\" data-end=\\\"602\\\">Flutua\\u00e7\\u00e3o no Rio da Prata ou Nascente Azul<\\\/strong><\\\/p><\\\/li><li data-start=\\\"605\\\" data-end=\\\"631\\\"><p data-start=\\\"607\\\" data-end=\\\"631\\\"><strong data-start=\\\"607\\\" data-end=\\\"629\\\">Gruta do Lago Azul<\\\/strong><\\\/p><\\\/li><li data-start=\\\"632\\\" data-end=\\\"657\\\"><p data-start=\\\"634\\\" data-end=\\\"657\\\"><strong data-start=\\\"634\\\" data-end=\\\"655\\\">Buraco das Araras<\\\/strong><\\\/p><\\\/li><li data-start=\\\"658\\\" data-end=\\\"701\\\"><p data-start=\\\"660\\\" data-end=\\\"701\\\"><strong data-start=\\\"660\\\" data-end=\\\"699\\\">Cachoeiras do Parque das Cachoeiras<\\\/strong><\\\/p><\\\/li><li data-start=\\\"702\\\" data-end=\\\"757\\\"><p data-start=\\\"704\\\" data-end=\\\"757\\\">Um dia extra para mergulho ou rapel na Boca da On\\u00e7a<\\\/p><\\\/li><\\\/ul>\"}},{\"@type\":\"Question\",\"name\":\"Vale a pena ficar 7 dias em Bonito?\",\"acceptedAnswer\":{\"@type\":\"Answer\",\"text\":\"<p data-start=\\\"808\\\" data-end=\\\"901\\\">Sim! Com 7 dias, al\\u00e9m dos cl\\u00e1ssicos, voc\\u00ea ter\\u00e1 tempo para incluir experi\\u00eancias extras como:<\\\/p><ul data-start=\\\"902\\\" data-end=\\\"1035\\\"><li data-start=\\\"902\\\" data-end=\\\"938\\\"><p data-start=\\\"904\\\" data-end=\\\"938\\\"><strong data-start=\\\"904\\\" data-end=\\\"936\\\">Mergulho na Lagoa Misteriosa<\\\/strong><\\\/p><\\\/li><li data-start=\\\"939\\\" data-end=\\\"978\\\"><p data-start=\\\"941\\\" data-end=\\\"978\\\">Passeios de boia-cross ou cavalgada<\\\/p><\\\/li><li data-start=\\\"979\\\" data-end=\\\"1035\\\"><p data-start=\\\"981\\\" data-end=\\\"1035\\\">Mais tempo para curtir a cidade e o artesanato local<\\\/p><\\\/li><\\\/ul>\"}},{\"@type\":\"Question\",\"name\":\"Qual \\u00e9 a melhor \\u00e9poca para viajar a Bonito?\",\"acceptedAnswer\":{\"@type\":\"Answer\",\"text\":\"<ul><li data-start=\\\"1094\\\" data-end=\\\"1194\\\"><p data-start=\\\"1096\\\" data-end=\\\"1194\\\"><strong data-start=\\\"1096\\\" data-end=\\\"1129\\\">De dezembro a mar\\u00e7o (chuvas):<\\\/strong> rios mais cheios, cachoeiras volumosas e vegeta\\u00e7\\u00e3o exuberante.<\\\/p><\\\/li><li data-start=\\\"1195\\\" data-end=\\\"1295\\\"><p data-start=\\\"1197\\\" data-end=\\\"1295\\\"><strong data-start=\\\"1197\\\" data-end=\\\"1227\\\">De maio a setembro (seca):<\\\/strong> \\u00e1guas ainda mais cristalinas, ideais para flutua\\u00e7\\u00f5es e mergulhos.<\\\/p><\\\/li><\\\/ul>\"}},{\"@type\":\"Question\",\"name\":\"Como organizar os passeios em Bonito?\",\"acceptedAnswer\":{\"@type\":\"Answer\",\"text\":\"<p data-start=\\\"1462\\\" data-end=\\\"1644\\\">Os atrativos t\\u00eam <strong data-start=\\\"1479\\\" data-end=\\\"1510\\\">limite di\\u00e1rio de visitantes<\\\/strong> e precisam ser agendados com anteced\\u00eancia. \\u00c9 recomend\\u00e1vel contar com uma ag\\u00eancia receptiva, como a <strong data-start=\\\"1610\\\" data-end=\\\"1628\\\">Blumar Turismo<\\\/strong>, que oferece:<\\\/p><ul data-start=\\\"1645\\\" data-end=\\\"1737\\\"><li data-start=\\\"1645\\\" data-end=\\\"1672\\\"><p data-start=\\\"1647\\\" data-end=\\\"1672\\\">Roteiros personalizados<\\\/p><\\\/li><li data-start=\\\"1673\\\" data-end=\\\"1706\\\"><p data-start=\\\"1675\\\" data-end=\\\"1706\\\">Parceiros locais de confian\\u00e7a<\\\/p><\\\/li><li data-start=\\\"1707\\\" data-end=\\\"1737\\\"><p data-start=\\\"1709\\\" data-end=\\\"1737\\\">Suporte log\\u00edstico completo<\\\/p><\\\/li><\\\/ul>\"}},{\"@type\":\"Question\",\"name\":\"Exemplo de roteiro de 7 dias em Bonito\",\"acceptedAnswer\":{\"@type\":\"Answer\",\"text\":\"<ul data-start=\\\"1791\\\" data-end=\\\"2123\\\"><li data-start=\\\"1791\\\" data-end=\\\"1852\\\"><p data-start=\\\"1793\\\" data-end=\\\"1852\\\"><strong data-start=\\\"1793\\\" data-end=\\\"1803\\\">Dia 1:<\\\/strong> chegada e passeio leve pela Pra\\u00e7a da Liberdade<\\\/p><\\\/li><li data-start=\\\"1853\\\" data-end=\\\"1913\\\"><p data-start=\\\"1855\\\" data-end=\\\"1913\\\"><strong data-start=\\\"1855\\\" data-end=\\\"1865\\\">Dia 2:<\\\/strong> flutua\\u00e7\\u00e3o no Rio da Prata + Buraco das Araras<\\\/p><\\\/li><li data-start=\\\"1914\\\" data-end=\\\"1963\\\"><p data-start=\\\"1916\\\" data-end=\\\"1963\\\"><strong data-start=\\\"1916\\\" data-end=\\\"1926\\\">Dia 3:<\\\/strong> Gruta do Lago Azul + Nascente Azul<\\\/p><\\\/li><li data-start=\\\"1964\\\" data-end=\\\"2000\\\"><p data-start=\\\"1966\\\" data-end=\\\"2000\\\"><strong data-start=\\\"1966\\\" data-end=\\\"1976\\\">Dia 4:<\\\/strong> Parque das Cachoeiras<\\\/p><\\\/li><li data-start=\\\"2001\\\" data-end=\\\"2044\\\"><p data-start=\\\"2003\\\" data-end=\\\"2044\\\"><strong data-start=\\\"2003\\\" data-end=\\\"2013\\\">Dia 5:<\\\/strong> Mergulho na Lagoa Misteriosa<\\\/p><\\\/li><li data-start=\\\"2045\\\" data-end=\\\"2090\\\"><p data-start=\\\"2047\\\" data-end=\\\"2090\\\"><strong data-start=\\\"2047\\\" data-end=\\\"2057\\\">Dia 6:<\\\/strong> Rapel e trilha na Boca da On\\u00e7a<\\\/p><\\\/li><li data-start=\\\"2091\\\" data-end=\\\"2123\\\"><p data-start=\\\"2093\\\" data-end=\\\"2123\\\"><strong data-start=\\\"2093\\\" data-end=\\\"2103\\\">Dia 7:<\\\/strong> compras e retorno<\\\/p><\\\/li><\\\/ul>\"}},{\"@type\":\"Question\",\"name\":\"Bonito \\u00e9 indicado para todos os perfis de viajantes?\",\"acceptedAnswer\":{\"@type\":\"Answer\",\"text\":\"<p data-start=\\\"2191\\\" data-end=\\\"2228\\\">Sim! O destino oferece op\\u00e7\\u00f5es para:<\\\/p><ul data-start=\\\"2229\\\" data-end=\\\"2396\\\"><li data-start=\\\"2229\\\" data-end=\\\"2275\\\"><p data-start=\\\"2231\\\" data-end=\\\"2275\\\"><strong data-start=\\\"2231\\\" data-end=\\\"2244\\\">Fam\\u00edlias:<\\\/strong> passeios leves e educativos.<\\\/p><\\\/li><li data-start=\\\"2276\\\" data-end=\\\"2337\\\"><p data-start=\\\"2278\\\" data-end=\\\"2337\\\"><strong data-start=\\\"2278\\\" data-end=\\\"2289\\\">Casais:<\\\/strong> cen\\u00e1rios rom\\u00e2nticos e contato com a natureza.<\\\/p><\\\/li><li data-start=\\\"2338\\\" data-end=\\\"2396\\\"><p data-start=\\\"2340\\\" data-end=\\\"2396\\\"><strong data-start=\\\"2340\\\" data-end=\\\"2357\\\">Aventureiros:<\\\/strong> mergulho, rapel e esportes radicais.<\\\/p><\\\/li><\\\/ul>\"}}]}<\/script>\n\t\t\t\t\t<\/div>\n\t\t\t\t<\/div>\n\t\t\t\t<\/div>\n\t\t\t\t\t<\/div>\n\t\t\t\t<\/div>\n\t\t\t\t\t\t\t<\/div>\n\t\t","protected":false},"excerpt":{"rendered":"<p>Viajar para Bonito, no Mato Grosso do Sul, \u00e9 como entrar em um verdadeiro santu\u00e1rio natural. Famoso por rios de \u00e1guas cristalinas, cavernas misteriosas, cachoeiras e trilhas cercadas de biodiversidade, esse destino encanta todos os visitantes. Mas uma pergunta sempre surge no planejamento da viagem: qual \u00e9 o tempo ideal&#46;&#46;&#46;<\/p>\n","protected":false},"author":8,"featured_media":71973,"comment_status":"open","ping_status":"closed","sticky":false,"template":"","format":"standard","meta":{"footnotes":""},"categories":[690,694],"tags":[],"class_list":["post-54011","post","type-post","status-publish","format-standard","has-post-thumbnail","hentry","category-destinos-nacionais","category-dicas-de-viagem"],"yoast_head":"<!-- This site is optimized with the Yoast SEO Premium plugin v19.4 (Yoast SEO v24.1) - https:\/\/yoast.com\/wordpress\/plugins\/seo\/ -->\n<title>Descubra qual \u00e9 o tempo ideal para ficar em Bonito - Blog Blumar Turismo: O Seu Portal para Viagens Extraordin\u00e1rias<\/title>\n<meta name=\"description\" content=\"Venha com a Blumar Turismo descobrir tempo ideal para ficar em Bonito e explore essa regi\u00e3o \u00fanica no Centro Oeste brasileiro.\" \/>\n<meta name=\"robots\" content=\"index, follow, max-snippet:-1, max-image-preview:large, max-video-preview:-1\" \/>\n<link rel=\"canonical\" href=\"https:\/\/www.blumarturismo.com.br\/blog\/descubra-qual-e-o-tempo-ideal-para-ficar-em-bonito\/\" \/>\n<meta property=\"og:locale\" content=\"pt_BR\" \/>\n<meta property=\"og:type\" content=\"article\" \/>\n<meta property=\"og:title\" content=\"Descubra qual \u00e9 o tempo ideal para ficar em Bonito\" \/>\n<meta property=\"og:description\" content=\"Venha com a Blumar Turismo descobrir tempo ideal para ficar em Bonito e explore essa regi\u00e3o \u00fanica no Centro Oeste brasileiro.\" \/>\n<meta property=\"og:url\" content=\"https:\/\/www.blumarturismo.com.br\/blog\/descubra-qual-e-o-tempo-ideal-para-ficar-em-bonito\/\" \/>\n<meta property=\"og:site_name\" content=\"Blog Blumar Turismo: O Seu Portal para Viagens Extraordin\u00e1rias\" \/>\n<meta property=\"article:publisher\" content=\"https:\/\/www.facebook.com\/blumarviagenseturismo\" \/>\n<meta property=\"article:published_time\" content=\"2025-10-02T15:36:16+00:00\" \/>\n<meta property=\"article:modified_time\" content=\"2025-10-02T15:36:19+00:00\" \/>\n<meta property=\"og:image\" content=\"https:\/\/www.blumarturismo.com.br\/blog\/wp-content\/uploads\/2024\/04\/Paulo-Henrique-Pigozzi-Shut.jpg\" \/>\n\t<meta property=\"og:image:width\" content=\"1000\" \/>\n\t<meta property=\"og:image:height\" content=\"563\" \/>\n\t<meta property=\"og:image:type\" content=\"image\/jpeg\" \/>\n<meta name=\"author\" content=\"Blumar Turismo\" \/>\n<meta name=\"twitter:card\" content=\"summary_large_image\" \/>\n<meta name=\"twitter:label1\" content=\"Escrito por\" \/>\n\t<meta name=\"twitter:data1\" content=\"Blumar Turismo\" \/>\n\t<meta name=\"twitter:label2\" content=\"Est. tempo de leitura\" \/>\n\t<meta name=\"twitter:data2\" content=\"7 minutos\" \/>\n<script type=\"application\/ld+json\" class=\"yoast-schema-graph\">{\"@context\":\"https:\/\/schema.org\",\"@graph\":[{\"@type\":\"Article\",\"@id\":\"https:\/\/www.blumarturismo.com.br\/blog\/descubra-qual-e-o-tempo-ideal-para-ficar-em-bonito\/#article\",\"isPartOf\":{\"@id\":\"https:\/\/www.blumarturismo.com.br\/blog\/descubra-qual-e-o-tempo-ideal-para-ficar-em-bonito\/\"},\"author\":{\"name\":\"Blumar Turismo\",\"@id\":\"https:\/\/www.blumarturismo.com.br\/blog\/#\/schema\/person\/cf2437470674cddd2ef894f79ca01e78\"},\"headline\":\"Descubra qual \u00e9 o tempo ideal para ficar em Bonito\",\"datePublished\":\"2025-10-02T15:36:16+00:00\",\"dateModified\":\"2025-10-02T15:36:19+00:00\",\"mainEntityOfPage\":{\"@id\":\"https:\/\/www.blumarturismo.com.br\/blog\/descubra-qual-e-o-tempo-ideal-para-ficar-em-bonito\/\"},\"wordCount\":1002,\"commentCount\":0,\"publisher\":{\"@id\":\"https:\/\/www.blumarturismo.com.br\/blog\/#organization\"},\"image\":{\"@id\":\"https:\/\/www.blumarturismo.com.br\/blog\/descubra-qual-e-o-tempo-ideal-para-ficar-em-bonito\/#primaryimage\"},\"thumbnailUrl\":\"https:\/\/www.blumarturismo.com.br\/blog\/wp-content\/uploads\/2024\/04\/Paulo-Henrique-Pigozzi-Shut.jpg\",\"articleSection\":[\"Destinos Nacionais\",\"Dicas de Viagem\"],\"inLanguage\":\"pt-BR\",\"potentialAction\":[{\"@type\":\"CommentAction\",\"name\":\"Comment\",\"target\":[\"https:\/\/www.blumarturismo.com.br\/blog\/descubra-qual-e-o-tempo-ideal-para-ficar-em-bonito\/#respond\"]}]},{\"@type\":\"WebPage\",\"@id\":\"https:\/\/www.blumarturismo.com.br\/blog\/descubra-qual-e-o-tempo-ideal-para-ficar-em-bonito\/\",\"url\":\"https:\/\/www.blumarturismo.com.br\/blog\/descubra-qual-e-o-tempo-ideal-para-ficar-em-bonito\/\",\"name\":\"Descubra qual \u00e9 o tempo ideal para ficar em Bonito - Blog Blumar Turismo: O Seu Portal para Viagens Extraordin\u00e1rias\",\"isPartOf\":{\"@id\":\"https:\/\/www.blumarturismo.com.br\/blog\/#website\"},\"primaryImageOfPage\":{\"@id\":\"https:\/\/www.blumarturismo.com.br\/blog\/descubra-qual-e-o-tempo-ideal-para-ficar-em-bonito\/#primaryimage\"},\"image\":{\"@id\":\"https:\/\/www.blumarturismo.com.br\/blog\/descubra-qual-e-o-tempo-ideal-para-ficar-em-bonito\/#primaryimage\"},\"thumbnailUrl\":\"https:\/\/www.blumarturismo.com.br\/blog\/wp-content\/uploads\/2024\/04\/Paulo-Henrique-Pigozzi-Shut.jpg\",\"datePublished\":\"2025-10-02T15:36:16+00:00\",\"dateModified\":\"2025-10-02T15:36:19+00:00\",\"description\":\"Venha com a Blumar Turismo descobrir tempo ideal para ficar em Bonito e explore essa regi\u00e3o \u00fanica no Centro Oeste brasileiro.\",\"breadcrumb\":{\"@id\":\"https:\/\/www.blumarturismo.com.br\/blog\/descubra-qual-e-o-tempo-ideal-para-ficar-em-bonito\/#breadcrumb\"},\"inLanguage\":\"pt-BR\",\"potentialAction\":[{\"@type\":\"ReadAction\",\"target\":[\"https:\/\/www.blumarturismo.com.br\/blog\/descubra-qual-e-o-tempo-ideal-para-ficar-em-bonito\/\"]}]},{\"@type\":\"ImageObject\",\"inLanguage\":\"pt-BR\",\"@id\":\"https:\/\/www.blumarturismo.com.br\/blog\/descubra-qual-e-o-tempo-ideal-para-ficar-em-bonito\/#primaryimage\",\"url\":\"https:\/\/www.blumarturismo.com.br\/blog\/wp-content\/uploads\/2024\/04\/Paulo-Henrique-Pigozzi-Shut.jpg\",\"contentUrl\":\"https:\/\/www.blumarturismo.com.br\/blog\/wp-content\/uploads\/2024\/04\/Paulo-Henrique-Pigozzi-Shut.jpg\",\"width\":1000,\"height\":563,\"caption\":\"Foto: Paulo Henrique Pigozzi \/ Shutterstock.com\"},{\"@type\":\"BreadcrumbList\",\"@id\":\"https:\/\/www.blumarturismo.com.br\/blog\/descubra-qual-e-o-tempo-ideal-para-ficar-em-bonito\/#breadcrumb\",\"itemListElement\":[{\"@type\":\"ListItem\",\"position\":1,\"name\":\"In\u00edcio\",\"item\":\"https:\/\/www.blumarturismo.com.br\/blog\/\"},{\"@type\":\"ListItem\",\"position\":2,\"name\":\"Descubra qual \u00e9 o tempo ideal para ficar em Bonito\"}]},{\"@type\":\"WebSite\",\"@id\":\"https:\/\/www.blumarturismo.com.br\/blog\/#website\",\"url\":\"https:\/\/www.blumarturismo.com.br\/blog\/\",\"name\":\"Blog Blumar Turismo: O Seu Portal para Viagens Extraordin\u00e1rias\",\"description\":\"Viajar \u00e9 nossa paix\u00e3o e expertise, e agora compartilhamos isso com voc\u00ea atrav\u00e9s do nosso blog. Com mais de 30 anos de hist\u00f3ria, a Blumar Turismo \u00e9 seu parceiro confi\u00e1vel para aventuras memor\u00e1veis. Explore conosco\",\"publisher\":{\"@id\":\"https:\/\/www.blumarturismo.com.br\/blog\/#organization\"},\"potentialAction\":[{\"@type\":\"SearchAction\",\"target\":{\"@type\":\"EntryPoint\",\"urlTemplate\":\"https:\/\/www.blumarturismo.com.br\/blog\/?s={search_term_string}\"},\"query-input\":{\"@type\":\"PropertyValueSpecification\",\"valueRequired\":true,\"valueName\":\"search_term_string\"}}],\"inLanguage\":\"pt-BR\"},{\"@type\":\"Organization\",\"@id\":\"https:\/\/www.blumarturismo.com.br\/blog\/#organization\",\"name\":\"Blumar Turismo\",\"url\":\"https:\/\/www.blumarturismo.com.br\/blog\/\",\"logo\":{\"@type\":\"ImageObject\",\"inLanguage\":\"pt-BR\",\"@id\":\"https:\/\/www.blumarturismo.com.br\/blog\/#\/schema\/logo\/image\/\",\"url\":\"https:\/\/www.blumarturismo.com.br\/blog\/wp-content\/uploads\/2020\/11\/cropped-logo_blumar_nacional2-2.jpg\",\"contentUrl\":\"https:\/\/www.blumarturismo.com.br\/blog\/wp-content\/uploads\/2020\/11\/cropped-logo_blumar_nacional2-2.jpg\",\"width\":167,\"height\":50,\"caption\":\"Blumar Turismo\"},\"image\":{\"@id\":\"https:\/\/www.blumarturismo.com.br\/blog\/#\/schema\/logo\/image\/\"},\"sameAs\":[\"https:\/\/www.facebook.com\/blumarviagenseturismo\",\"https:\/\/www.instagram.com\/blumarturismo\/\"]},{\"@type\":\"Person\",\"@id\":\"https:\/\/www.blumarturismo.com.br\/blog\/#\/schema\/person\/cf2437470674cddd2ef894f79ca01e78\",\"name\":\"Blumar Turismo\",\"image\":{\"@type\":\"ImageObject\",\"inLanguage\":\"pt-BR\",\"@id\":\"https:\/\/www.blumarturismo.com.br\/blog\/#\/schema\/person\/image\/\",\"url\":\"https:\/\/secure.gravatar.com\/avatar\/41c8eab7d3f3e20ba29644b4af9fe19a7b11da8ff835e34cff1fb1ed59022750?s=96&d=mm&r=g\",\"contentUrl\":\"https:\/\/secure.gravatar.com\/avatar\/41c8eab7d3f3e20ba29644b4af9fe19a7b11da8ff835e34cff1fb1ed59022750?s=96&d=mm&r=g\",\"caption\":\"Blumar Turismo\"},\"url\":\"https:\/\/www.blumarturismo.com.br\/blog\/author\/irlenmenezes\/\"}]}<\/script>\n<!-- \/ Yoast SEO Premium plugin. -->","yoast_head_json":{"title":"Descubra qual \u00e9 o tempo ideal para ficar em Bonito - Blog Blumar Turismo: O Seu Portal para Viagens Extraordin\u00e1rias","description":"Venha com a Blumar Turismo descobrir tempo ideal para ficar em Bonito e explore essa regi\u00e3o \u00fanica no Centro Oeste brasileiro.","robots":{"index":"index","follow":"follow","max-snippet":"max-snippet:-1","max-image-preview":"max-image-preview:large","max-video-preview":"max-video-preview:-1"},"canonical":"https:\/\/www.blumarturismo.com.br\/blog\/descubra-qual-e-o-tempo-ideal-para-ficar-em-bonito\/","og_locale":"pt_BR","og_type":"article","og_title":"Descubra qual \u00e9 o tempo ideal para ficar em Bonito","og_description":"Venha com a Blumar Turismo descobrir tempo ideal para ficar em Bonito e explore essa regi\u00e3o \u00fanica no Centro Oeste brasileiro.","og_url":"https:\/\/www.blumarturismo.com.br\/blog\/descubra-qual-e-o-tempo-ideal-para-ficar-em-bonito\/","og_site_name":"Blog Blumar Turismo: O Seu Portal para Viagens Extraordin\u00e1rias","article_publisher":"https:\/\/www.facebook.com\/blumarviagenseturismo","article_published_time":"2025-10-02T15:36:16+00:00","article_modified_time":"2025-10-02T15:36:19+00:00","og_image":[{"width":1000,"height":563,"url":"https:\/\/www.blumarturismo.com.br\/blog\/wp-content\/uploads\/2024\/04\/Paulo-Henrique-Pigozzi-Shut.jpg","type":"image\/jpeg"}],"author":"Blumar Turismo","twitter_card":"summary_large_image","twitter_misc":{"Escrito por":"Blumar Turismo","Est. tempo de leitura":"7 minutos"},"schema":{"@context":"https:\/\/schema.org","@graph":[{"@type":"Article","@id":"https:\/\/www.blumarturismo.com.br\/blog\/descubra-qual-e-o-tempo-ideal-para-ficar-em-bonito\/#article","isPartOf":{"@id":"https:\/\/www.blumarturismo.com.br\/blog\/descubra-qual-e-o-tempo-ideal-para-ficar-em-bonito\/"},"author":{"name":"Blumar Turismo","@id":"https:\/\/www.blumarturismo.com.br\/blog\/#\/schema\/person\/cf2437470674cddd2ef894f79ca01e78"},"headline":"Descubra qual \u00e9 o tempo ideal para ficar em Bonito","datePublished":"2025-10-02T15:36:16+00:00","dateModified":"2025-10-02T15:36:19+00:00","mainEntityOfPage":{"@id":"https:\/\/www.blumarturismo.com.br\/blog\/descubra-qual-e-o-tempo-ideal-para-ficar-em-bonito\/"},"wordCount":1002,"commentCount":0,"publisher":{"@id":"https:\/\/www.blumarturismo.com.br\/blog\/#organization"},"image":{"@id":"https:\/\/www.blumarturismo.com.br\/blog\/descubra-qual-e-o-tempo-ideal-para-ficar-em-bonito\/#primaryimage"},"thumbnailUrl":"https:\/\/www.blumarturismo.com.br\/blog\/wp-content\/uploads\/2024\/04\/Paulo-Henrique-Pigozzi-Shut.jpg","articleSection":["Destinos Nacionais","Dicas de Viagem"],"inLanguage":"pt-BR","potentialAction":[{"@type":"CommentAction","name":"Comment","target":["https:\/\/www.blumarturismo.com.br\/blog\/descubra-qual-e-o-tempo-ideal-para-ficar-em-bonito\/#respond"]}]},{"@type":"WebPage","@id":"https:\/\/www.blumarturismo.com.br\/blog\/descubra-qual-e-o-tempo-ideal-para-ficar-em-bonito\/","url":"https:\/\/www.blumarturismo.com.br\/blog\/descubra-qual-e-o-tempo-ideal-para-ficar-em-bonito\/","name":"Descubra qual \u00e9 o tempo ideal para ficar em Bonito - Blog Blumar Turismo: O Seu Portal para Viagens Extraordin\u00e1rias","isPartOf":{"@id":"https:\/\/www.blumarturismo.com.br\/blog\/#website"},"primaryImageOfPage":{"@id":"https:\/\/www.blumarturismo.com.br\/blog\/descubra-qual-e-o-tempo-ideal-para-ficar-em-bonito\/#primaryimage"},"image":{"@id":"https:\/\/www.blumarturismo.com.br\/blog\/descubra-qual-e-o-tempo-ideal-para-ficar-em-bonito\/#primaryimage"},"thumbnailUrl":"https:\/\/www.blumarturismo.com.br\/blog\/wp-content\/uploads\/2024\/04\/Paulo-Henrique-Pigozzi-Shut.jpg","datePublished":"2025-10-02T15:36:16+00:00","dateModified":"2025-10-02T15:36:19+00:00","description":"Venha com a Blumar Turismo descobrir tempo ideal para ficar em Bonito e explore essa regi\u00e3o \u00fanica no Centro Oeste brasileiro.","breadcrumb":{"@id":"https:\/\/www.blumarturismo.com.br\/blog\/descubra-qual-e-o-tempo-ideal-para-ficar-em-bonito\/#breadcrumb"},"inLanguage":"pt-BR","potentialAction":[{"@type":"ReadAction","target":["https:\/\/www.blumarturismo.com.br\/blog\/descubra-qual-e-o-tempo-ideal-para-ficar-em-bonito\/"]}]},{"@type":"ImageObject","inLanguage":"pt-BR","@id":"https:\/\/www.blumarturismo.com.br\/blog\/descubra-qual-e-o-tempo-ideal-para-ficar-em-bonito\/#primaryimage","url":"https:\/\/www.blumarturismo.com.br\/blog\/wp-content\/uploads\/2024\/04\/Paulo-Henrique-Pigozzi-Shut.jpg","contentUrl":"https:\/\/www.blumarturismo.com.br\/blog\/wp-content\/uploads\/2024\/04\/Paulo-Henrique-Pigozzi-Shut.jpg","width":1000,"height":563,"caption":"Foto: Paulo Henrique Pigozzi \/ Shutterstock.com"},{"@type":"BreadcrumbList","@id":"https:\/\/www.blumarturismo.com.br\/blog\/descubra-qual-e-o-tempo-ideal-para-ficar-em-bonito\/#breadcrumb","itemListElement":[{"@type":"ListItem","position":1,"name":"In\u00edcio","item":"https:\/\/www.blumarturismo.com.br\/blog\/"},{"@type":"ListItem","position":2,"name":"Descubra qual \u00e9 o tempo ideal para ficar em Bonito"}]},{"@type":"WebSite","@id":"https:\/\/www.blumarturismo.com.br\/blog\/#website","url":"https:\/\/www.blumarturismo.com.br\/blog\/","name":"Blog Blumar Turismo: O Seu Portal para Viagens Extraordin\u00e1rias","description":"Viajar \u00e9 nossa paix\u00e3o e expertise, e agora compartilhamos isso com voc\u00ea atrav\u00e9s do nosso blog. Com mais de 30 anos de hist\u00f3ria, a Blumar Turismo \u00e9 seu parceiro confi\u00e1vel para aventuras memor\u00e1veis. Explore conosco","publisher":{"@id":"https:\/\/www.blumarturismo.com.br\/blog\/#organization"},"potentialAction":[{"@type":"SearchAction","target":{"@type":"EntryPoint","urlTemplate":"https:\/\/www.blumarturismo.com.br\/blog\/?s={search_term_string}"},"query-input":{"@type":"PropertyValueSpecification","valueRequired":true,"valueName":"search_term_string"}}],"inLanguage":"pt-BR"},{"@type":"Organization","@id":"https:\/\/www.blumarturismo.com.br\/blog\/#organization","name":"Blumar Turismo","url":"https:\/\/www.blumarturismo.com.br\/blog\/","logo":{"@type":"ImageObject","inLanguage":"pt-BR","@id":"https:\/\/www.blumarturismo.com.br\/blog\/#\/schema\/logo\/image\/","url":"https:\/\/www.blumarturismo.com.br\/blog\/wp-content\/uploads\/2020\/11\/cropped-logo_blumar_nacional2-2.jpg","contentUrl":"https:\/\/www.blumarturismo.com.br\/blog\/wp-content\/uploads\/2020\/11\/cropped-logo_blumar_nacional2-2.jpg","width":167,"height":50,"caption":"Blumar Turismo"},"image":{"@id":"https:\/\/www.blumarturismo.com.br\/blog\/#\/schema\/logo\/image\/"},"sameAs":["https:\/\/www.facebook.com\/blumarviagenseturismo","https:\/\/www.instagram.com\/blumarturismo\/"]},{"@type":"Person","@id":"https:\/\/www.blumarturismo.com.br\/blog\/#\/schema\/person\/cf2437470674cddd2ef894f79ca01e78","name":"Blumar Turismo","image":{"@type":"ImageObject","inLanguage":"pt-BR","@id":"https:\/\/www.blumarturismo.com.br\/blog\/#\/schema\/person\/image\/","url":"https:\/\/secure.gravatar.com\/avatar\/41c8eab7d3f3e20ba29644b4af9fe19a7b11da8ff835e34cff1fb1ed59022750?s=96&d=mm&r=g","contentUrl":"https:\/\/secure.gravatar.com\/avatar\/41c8eab7d3f3e20ba29644b4af9fe19a7b11da8ff835e34cff1fb1ed59022750?s=96&d=mm&r=g","caption":"Blumar Turismo"},"url":"https:\/\/www.blumarturismo.com.br\/blog\/author\/irlenmenezes\/"}]}},"_links":{"self":[{"href":"https:\/\/www.blumarturismo.com.br\/blog\/wp-json\/wp\/v2\/posts\/54011","targetHints":{"allow":["GET"]}}],"collection":[{"href":"https:\/\/www.blumarturismo.com.br\/blog\/wp-json\/wp\/v2\/posts"}],"about":[{"href":"https:\/\/www.blumarturismo.com.br\/blog\/wp-json\/wp\/v2\/types\/post"}],"author":[{"embeddable":true,"href":"https:\/\/www.blumarturismo.com.br\/blog\/wp-json\/wp\/v2\/users\/8"}],"replies":[{"embeddable":true,"href":"https:\/\/www.blumarturismo.com.br\/blog\/wp-json\/wp\/v2\/comments?post=54011"}],"version-history":[{"count":42,"href":"https:\/\/www.blumarturismo.com.br\/blog\/wp-json\/wp\/v2\/posts\/54011\/revisions"}],"predecessor-version":[{"id":71992,"href":"https:\/\/www.blumarturismo.com.br\/blog\/wp-json\/wp\/v2\/posts\/54011\/revisions\/71992"}],"wp:featuredmedia":[{"embeddable":true,"href":"https:\/\/www.blumarturismo.com.br\/blog\/wp-json\/wp\/v2\/media\/71973"}],"wp:attachment":[{"href":"https:\/\/www.blumarturismo.com.br\/blog\/wp-json\/wp\/v2\/media?parent=54011"}],"wp:term":[{"taxonomy":"category","embeddable":true,"href":"https:\/\/www.blumarturismo.com.br\/blog\/wp-json\/wp\/v2\/categories?post=54011"},{"taxonomy":"post_tag","embeddable":true,"href":"https:\/\/www.blumarturismo.com.br\/blog\/wp-json\/wp\/v2\/tags?post=54011"}],"curies":[{"name":"wp","href":"https:\/\/api.w.org\/{rel}","templated":true}]}}