{"id":62230,"date":"2025-12-18T10:55:59","date_gmt":"2025-12-18T13:55:59","guid":{"rendered":"https:\/\/www.blumarturismo.com.br\/blog\/?p=62230"},"modified":"2026-01-05T18:06:28","modified_gmt":"2026-01-05T21:06:28","slug":"a-melhor-epoca-para-visitar-as-cataratas-do-iguacu-um-guia-completo","status":"publish","type":"post","link":"https:\/\/www.blumarturismo.com.br\/blog\/a-melhor-epoca-para-visitar-as-cataratas-do-iguacu-um-guia-completo\/","title":{"rendered":"A Melhor \u00c9poca para Visitar as Cataratas do Igua\u00e7u: Um Guia Completo"},"content":{"rendered":"\t\t<div data-elementor-type=\"wp-post\" data-elementor-id=\"62230\" class=\"elementor elementor-62230\" data-elementor-post-type=\"post\">\n\t\t\t\t\t\t\t<div class=\"elementor-element elementor-element-31a8e40 e-flex e-con-boxed e-con e-parent\" data-id=\"31a8e40\" data-element_type=\"container\" data-settings=\"{&quot;content_width&quot;:&quot;boxed&quot;}\" data-core-v316-plus=\"true\">\n\t\t\t\t\t<div class=\"e-con-inner\">\n\t\t\t\t<div class=\"elementor-element elementor-element-db5b5b6 elementor-widget elementor-widget-text-editor\" data-id=\"db5b5b6\" data-element_type=\"widget\" data-widget_type=\"text-editor.default\">\n\t\t\t\t<div class=\"elementor-widget-container\">\n\t\t\t<style>\/*! elementor - v3.16.0 - 13-09-2023 *\/\n.elementor-widget-text-editor.elementor-drop-cap-view-stacked .elementor-drop-cap{background-color:#69727d;color:#fff}.elementor-widget-text-editor.elementor-drop-cap-view-framed .elementor-drop-cap{color:#69727d;border:3px solid;background-color:transparent}.elementor-widget-text-editor:not(.elementor-drop-cap-view-default) .elementor-drop-cap{margin-top:8px}.elementor-widget-text-editor:not(.elementor-drop-cap-view-default) .elementor-drop-cap-letter{width:1em;height:1em}.elementor-widget-text-editor .elementor-drop-cap{float:left;text-align:center;line-height:1;font-size:50px}.elementor-widget-text-editor .elementor-drop-cap-letter{display:inline-block}<\/style>\t\t\t\t<p data-start=\"76\" data-end=\"366\">Visitar um dos maiores espet\u00e1culos naturais do planeta \u00e9 um sonho para muitos viajantes. As Cataratas do Igua\u00e7u impressionam em qualquer \u00e9poca do ano, mas escolher a melhor \u00e9poca para visitar as <strong><a href=\"https:\/\/www.blumarturismo.com.br\/blog\/10-passeios-imperdiveis-em-foz-do-iguacu-descubra-as-maravilhas-alem-das-cataratas\/\">Cataratas do Igua\u00e7u<\/a><\/strong> pode transformar sua viagem em uma experi\u00eancia ainda mais inesquec\u00edvel.<\/p><p data-start=\"368\" data-end=\"597\">Neste guia completo, voc\u00ea vai descobrir quando ir, o que esperar em cada esta\u00e7\u00e3o, dicas pr\u00e1ticas de planejamento e por que contar com a <a href=\"https:\/\/www.blumar.com.br\/\"><strong data-start=\"504\" data-end=\"522\">Blumar Turismo<\/strong><\/a> faz toda a diferen\u00e7a para uma viagem segura, confort\u00e1vel e bem organizada.<\/p><p data-start=\"599\" data-end=\"692\">Prepare-se para planejar sua viagem com informa\u00e7\u00e3o de qualidade e tomar a melhor decis\u00e3o.<\/p>\t\t\t\t\t\t<\/div>\n\t\t\t\t<\/div>\n\t\t\t\t\t<\/div>\n\t\t\t\t<\/div>\n\t\t<div class=\"elementor-element elementor-element-8dd84e0 e-flex e-con-boxed e-con e-parent\" data-id=\"8dd84e0\" data-element_type=\"container\" data-settings=\"{&quot;content_width&quot;:&quot;boxed&quot;}\" data-core-v316-plus=\"true\">\n\t\t\t\t\t<div class=\"e-con-inner\">\n\t\t\t\t<div class=\"elementor-element elementor-element-4cc39bf elementor-widget elementor-widget-heading\" data-id=\"4cc39bf\" data-element_type=\"widget\" data-widget_type=\"heading.default\">\n\t\t\t\t<div class=\"elementor-widget-container\">\n\t\t\t<style>\/*! elementor - v3.16.0 - 13-09-2023 *\/\n.elementor-heading-title{padding:0;margin:0;line-height:1}.elementor-widget-heading .elementor-heading-title[class*=elementor-size-]>a{color:inherit;font-size:inherit;line-height:inherit}.elementor-widget-heading .elementor-heading-title.elementor-size-small{font-size:15px}.elementor-widget-heading .elementor-heading-title.elementor-size-medium{font-size:19px}.elementor-widget-heading .elementor-heading-title.elementor-size-large{font-size:29px}.elementor-widget-heading .elementor-heading-title.elementor-size-xl{font-size:39px}.elementor-widget-heading .elementor-heading-title.elementor-size-xxl{font-size:59px}<\/style><h2 class=\"elementor-heading-title elementor-size-large\">Por que escolher bem a melhor \u00e9poca para visitar as Cataratas do Igua\u00e7u?<\/h2>\t\t<\/div>\n\t\t\t\t<\/div>\n\t\t\t\t<div class=\"elementor-element elementor-element-e725449 elementor-widget elementor-widget-image\" data-id=\"e725449\" data-element_type=\"widget\" data-widget_type=\"image.default\">\n\t\t\t\t<div class=\"elementor-widget-container\">\n\t\t\t<style>\/*! elementor - v3.16.0 - 13-09-2023 *\/\n.elementor-widget-image{text-align:center}.elementor-widget-image a{display:inline-block}.elementor-widget-image a img[src$=\".svg\"]{width:48px}.elementor-widget-image img{vertical-align:middle;display:inline-block}<\/style>\t\t\t\t\t\t\t\t\t<figure class=\"wp-caption\">\n\t\t\t\t\t\t\t\t\t\t<img loading=\"lazy\" decoding=\"async\" width=\"1000\" height=\"667\" src=\"https:\/\/www.blumarturismo.com.br\/blog\/wp-content\/uploads\/2023\/11\/Foto-Paulo-Nabas-Shutterstock.jpg\" class=\"attachment-large size-large wp-image-60290\" alt=\"Foto: Paulo Nabas \/ Shutterstock.com\" srcset=\"https:\/\/www.blumarturismo.com.br\/blog\/wp-content\/uploads\/2023\/11\/Foto-Paulo-Nabas-Shutterstock.jpg 1000w, https:\/\/www.blumarturismo.com.br\/blog\/wp-content\/uploads\/2023\/11\/Foto-Paulo-Nabas-Shutterstock-300x200.jpg 300w, https:\/\/www.blumarturismo.com.br\/blog\/wp-content\/uploads\/2023\/11\/Foto-Paulo-Nabas-Shutterstock-768x512.jpg 768w\" sizes=\"auto, (max-width: 1000px) 100vw, 1000px\" \/>\t\t\t\t\t\t\t\t\t\t\t<figcaption class=\"widget-image-caption wp-caption-text\">Foto: Paulo Nabas \/ Shutterstock.com<\/figcaption>\n\t\t\t\t\t\t\t\t\t\t<\/figure>\n\t\t\t\t\t\t\t\t\t<\/div>\n\t\t\t\t<\/div>\n\t\t\t\t<div class=\"elementor-element elementor-element-04ba276 elementor-widget elementor-widget-text-editor\" data-id=\"04ba276\" data-element_type=\"widget\" data-widget_type=\"text-editor.default\">\n\t\t\t\t<div class=\"elementor-widget-container\">\n\t\t\t\t\t\t\t<p data-start=\"780\" data-end=\"1068\">As Cataratas do Igua\u00e7u est\u00e3o localizadas na fronteira entre Brasil e Argentina, dentro de um parque nacional reconhecido como Patrim\u00f4nio Natural da Humanidade pela UNESCO. O volume de \u00e1gua, o clima, o fluxo de turistas e at\u00e9 a experi\u00eancia nos passeios variam bastante ao longo do ano.<\/p><p data-start=\"1070\" data-end=\"1144\">Escolher a melhor \u00e9poca para visitar as Cataratas do Igua\u00e7u significa:<\/p><ul data-start=\"1146\" data-end=\"1295\"><li data-start=\"1146\" data-end=\"1181\"><p data-start=\"1148\" data-end=\"1181\">Aproveitar o visual no seu auge<\/p><\/li><li data-start=\"1182\" data-end=\"1213\"><p data-start=\"1184\" data-end=\"1213\">Evitar multid\u00f5es excessivas<\/p><\/li><li data-start=\"1214\" data-end=\"1253\"><p data-start=\"1216\" data-end=\"1253\">Planejar melhor custos e hospedagem<\/p><\/li><li data-start=\"1254\" data-end=\"1295\"><p data-start=\"1256\" data-end=\"1295\">Ter mais conforto durante os passeios<\/p><\/li><\/ul><p data-start=\"1297\" data-end=\"1512\">Segundo dados do Instituto Chico Mendes de Conserva\u00e7\u00e3o da Biodiversidade (ICMBio), o Parque Nacional do Igua\u00e7u recebe mais de 1,5 milh\u00e3o de visitantes por ano, com picos concentrados em per\u00edodos espec\u00edficos.<\/p>\t\t\t\t\t\t<\/div>\n\t\t\t\t<\/div>\n\t\t\t\t\t<\/div>\n\t\t\t\t<\/div>\n\t\t<div class=\"elementor-element elementor-element-4667b46 e-flex e-con-boxed e-con e-parent\" data-id=\"4667b46\" data-element_type=\"container\" data-settings=\"{&quot;content_width&quot;:&quot;boxed&quot;}\" data-core-v316-plus=\"true\">\n\t\t\t\t\t<div class=\"e-con-inner\">\n\t\t\t\t<div class=\"elementor-element elementor-element-0d75ea8 elementor-widget elementor-widget-heading\" data-id=\"0d75ea8\" data-element_type=\"widget\" data-widget_type=\"heading.default\">\n\t\t\t\t<div class=\"elementor-widget-container\">\n\t\t\t<h2 class=\"elementor-heading-title elementor-size-large\">A Melhor \u00c9poca para Visitar as Cataratas do Igua\u00e7u ao longo do ano<\/h2>\t\t<\/div>\n\t\t\t\t<\/div>\n\t\t\t\t<div class=\"elementor-element elementor-element-0700045 elementor-widget elementor-widget-image\" data-id=\"0700045\" data-element_type=\"widget\" data-widget_type=\"image.default\">\n\t\t\t\t<div class=\"elementor-widget-container\">\n\t\t\t\t\t\t\t\t\t\t\t\t<figure class=\"wp-caption\">\n\t\t\t\t\t\t\t\t\t\t<img loading=\"lazy\" decoding=\"async\" width=\"1024\" height=\"680\" src=\"https:\/\/www.blumarturismo.com.br\/blog\/wp-content\/uploads\/2024\/09\/Zig-Koch-MTur-5-min-1024x680.jpg\" class=\"attachment-large size-large wp-image-73198\" alt=\"Foto: Zig Koch \/ MTur\" srcset=\"https:\/\/www.blumarturismo.com.br\/blog\/wp-content\/uploads\/2024\/09\/Zig-Koch-MTur-5-min-1024x680.jpg 1024w, https:\/\/www.blumarturismo.com.br\/blog\/wp-content\/uploads\/2024\/09\/Zig-Koch-MTur-5-min-300x199.jpg 300w, https:\/\/www.blumarturismo.com.br\/blog\/wp-content\/uploads\/2024\/09\/Zig-Koch-MTur-5-min-768x510.jpg 768w, https:\/\/www.blumarturismo.com.br\/blog\/wp-content\/uploads\/2024\/09\/Zig-Koch-MTur-5-min-1536x1020.jpg 1536w, https:\/\/www.blumarturismo.com.br\/blog\/wp-content\/uploads\/2024\/09\/Zig-Koch-MTur-5-min.jpg 2047w\" sizes=\"auto, (max-width: 1024px) 100vw, 1024px\" \/>\t\t\t\t\t\t\t\t\t\t\t<figcaption class=\"widget-image-caption wp-caption-text\">Foto: Zig Koch \/ MTur<\/figcaption>\n\t\t\t\t\t\t\t\t\t\t<\/figure>\n\t\t\t\t\t\t\t\t\t<\/div>\n\t\t\t\t<\/div>\n\t\t\t\t\t<\/div>\n\t\t\t\t<\/div>\n\t\t<div class=\"elementor-element elementor-element-eea2619 e-flex e-con-boxed e-con e-parent\" data-id=\"eea2619\" data-element_type=\"container\" data-settings=\"{&quot;content_width&quot;:&quot;boxed&quot;}\" data-core-v316-plus=\"true\">\n\t\t\t\t\t<div class=\"e-con-inner\">\n\t\t\t\t<div class=\"elementor-element elementor-element-66c520b elementor-widget elementor-widget-heading\" data-id=\"66c520b\" data-element_type=\"widget\" data-widget_type=\"heading.default\">\n\t\t\t\t<div class=\"elementor-widget-container\">\n\t\t\t<h3 class=\"elementor-heading-title elementor-size-medium\">Ver\u00e3o (dezembro a mar\u00e7o): Volume m\u00e1ximo de \u00e1gua<\/h3>\t\t<\/div>\n\t\t\t\t<\/div>\n\t\t\t\t<div class=\"elementor-element elementor-element-6a7177c elementor-widget elementor-widget-text-editor\" data-id=\"6a7177c\" data-element_type=\"widget\" data-widget_type=\"text-editor.default\">\n\t\t\t\t<div class=\"elementor-widget-container\">\n\t\t\t\t\t\t\t<p data-start=\"1655\" data-end=\"1754\">Se voc\u00ea busca impacto visual, essa pode ser a melhor \u00e9poca para visitar as Cataratas do Igua\u00e7u.<\/p><p data-start=\"1655\" data-end=\"1754\"><strong>Vantagens:<\/strong><\/p><ul><li data-start=\"1771\" data-end=\"1804\"><p data-start=\"1773\" data-end=\"1804\">Volume de \u00e1gua impressionante<\/p><\/li><li data-start=\"1805\" data-end=\"1841\"><p data-start=\"1807\" data-end=\"1841\">Cataratas mais largas e intensas<\/p><\/li><li data-start=\"1842\" data-end=\"1873\"><p data-start=\"1844\" data-end=\"1873\">Experi\u00eancia visual poderosa<\/p><\/li><\/ul><p><strong>Aten\u00e7\u00e3o:<\/strong><\/p><ul><li data-start=\"1888\" data-end=\"1922\"><p data-start=\"1890\" data-end=\"1922\">Calor intenso (acima de 35 \u00b0C)<\/p><\/li><li data-start=\"1923\" data-end=\"1944\"><p data-start=\"1925\" data-end=\"1944\">Chuvas frequentes<\/p><\/li><li data-start=\"1945\" data-end=\"1994\"><p data-start=\"1947\" data-end=\"1994\">Maior movimento de turistas (f\u00e9rias e feriados)<\/p><\/li><\/ul>\t\t\t\t\t\t<\/div>\n\t\t\t\t<\/div>\n\t\t\t\t\t<\/div>\n\t\t\t\t<\/div>\n\t\t<div class=\"elementor-element elementor-element-ebf365f e-flex e-con-boxed e-con e-parent\" data-id=\"ebf365f\" data-element_type=\"container\" data-settings=\"{&quot;content_width&quot;:&quot;boxed&quot;}\" data-core-v316-plus=\"true\">\n\t\t\t\t\t<div class=\"e-con-inner\">\n\t\t\t\t<div class=\"elementor-element elementor-element-e86491f elementor-widget elementor-widget-heading\" data-id=\"e86491f\" data-element_type=\"widget\" data-widget_type=\"heading.default\">\n\t\t\t\t<div class=\"elementor-widget-container\">\n\t\t\t<h3 class=\"elementor-heading-title elementor-size-medium\">Outono (abril a junho): Equil\u00edbrio perfeito<\/h3>\t\t<\/div>\n\t\t\t\t<\/div>\n\t\t\t\t<div class=\"elementor-element elementor-element-d0206fa elementor-widget elementor-widget-text-editor\" data-id=\"d0206fa\" data-element_type=\"widget\" data-widget_type=\"text-editor.default\">\n\t\t\t\t<div class=\"elementor-widget-container\">\n\t\t\t\t\t\t\t<p data-start=\"2121\" data-end=\"2234\">Para muitos viajantes experientes, o outono \u00e9 considerado a melhor \u00e9poca para visitar as Cataratas do Igua\u00e7u.<\/p><p data-start=\"2236\" data-end=\"2250\"><strong data-start=\"2236\" data-end=\"2250\">Vantagens:<\/strong><\/p><ul data-start=\"2251\" data-end=\"2354\"><li data-start=\"2251\" data-end=\"2271\"><p data-start=\"2253\" data-end=\"2271\">Clima mais ameno<\/p><\/li><li data-start=\"2272\" data-end=\"2293\"><p data-start=\"2274\" data-end=\"2293\">Boa vaz\u00e3o de \u00e1gua<\/p><\/li><li data-start=\"2294\" data-end=\"2312\"><p data-start=\"2296\" data-end=\"2312\">Menos turistas<\/p><\/li><li data-start=\"2313\" data-end=\"2354\"><p data-start=\"2315\" data-end=\"2354\">Melhores pre\u00e7os de hot\u00e9is e passagens<\/p><\/li><\/ul><p data-start=\"2356\" data-end=\"2442\"><strong data-start=\"2356\" data-end=\"2372\">Experi\u00eancia:<\/strong> Caminhadas mais confort\u00e1veis e fotos incr\u00edveis sem tanta aglomera\u00e7\u00e3o.<\/p>\t\t\t\t\t\t<\/div>\n\t\t\t\t<\/div>\n\t\t\t\t\t<\/div>\n\t\t\t\t<\/div>\n\t\t<div class=\"elementor-element elementor-element-8ea3909 e-flex e-con-boxed e-con e-parent\" data-id=\"8ea3909\" data-element_type=\"container\" data-settings=\"{&quot;content_width&quot;:&quot;boxed&quot;}\" data-core-v316-plus=\"true\">\n\t\t\t\t\t<div class=\"e-con-inner\">\n\t\t\t\t<div class=\"elementor-element elementor-element-e5e6cef elementor-widget elementor-widget-heading\" data-id=\"e5e6cef\" data-element_type=\"widget\" data-widget_type=\"heading.default\">\n\t\t\t\t<div class=\"elementor-widget-container\">\n\t\t\t<h3 class=\"elementor-heading-title elementor-size-medium\">Inverno (julho a setembro): Clima agrad\u00e1vel e menos chuva<\/h3>\t\t<\/div>\n\t\t\t\t<\/div>\n\t\t\t\t<div class=\"elementor-element elementor-element-6b6b000 elementor-widget elementor-widget-text-editor\" data-id=\"6b6b000\" data-element_type=\"widget\" data-widget_type=\"text-editor.default\">\n\t\t\t\t<div class=\"elementor-widget-container\">\n\t\t\t\t\t\t\t<p data-start=\"2519\" data-end=\"2650\">O inverno tamb\u00e9m entra na lista de melhor \u00e9poca para visitar as Cataratas do Igua\u00e7u, especialmente para quem prioriza conforto.<\/p><p data-start=\"2652\" data-end=\"2666\"><strong data-start=\"2652\" data-end=\"2666\">Vantagens:<\/strong><\/p><ul data-start=\"2667\" data-end=\"2767\"><li data-start=\"2667\" data-end=\"2703\"><p data-start=\"2669\" data-end=\"2703\">Temperaturas entre 10 \u00b0C e 25 \u00b0C<\/p><\/li><li data-start=\"2704\" data-end=\"2734\"><p data-start=\"2706\" data-end=\"2734\">Menor incid\u00eancia de chuvas<\/p><\/li><li data-start=\"2735\" data-end=\"2767\"><p data-start=\"2737\" data-end=\"2767\">Trilhas mais secas e seguras<\/p><\/li><\/ul><p data-start=\"2769\" data-end=\"2843\"><strong data-start=\"2769\" data-end=\"2784\">Observa\u00e7\u00e3o:<\/strong> o volume de \u00e1gua pode ser menor, mas ainda impressionante.<\/p>\t\t\t\t\t\t<\/div>\n\t\t\t\t<\/div>\n\t\t\t\t\t<\/div>\n\t\t\t\t<\/div>\n\t\t<div class=\"elementor-element elementor-element-65ef80a e-flex e-con-boxed e-con e-parent\" data-id=\"65ef80a\" data-element_type=\"container\" data-settings=\"{&quot;content_width&quot;:&quot;boxed&quot;}\" data-core-v316-plus=\"true\">\n\t\t\t\t\t<div class=\"e-con-inner\">\n\t\t\t\t<div class=\"elementor-element elementor-element-bbae150 elementor-widget elementor-widget-heading\" data-id=\"bbae150\" data-element_type=\"widget\" data-widget_type=\"heading.default\">\n\t\t\t\t<div class=\"elementor-widget-container\">\n\t\t\t<h3 class=\"elementor-heading-title elementor-size-medium\">Primavera (outubro e novembro): Natureza vibrante<\/h3>\t\t<\/div>\n\t\t\t\t<\/div>\n\t\t\t\t<div class=\"elementor-element elementor-element-0c7501a elementor-widget elementor-widget-text-editor\" data-id=\"0c7501a\" data-element_type=\"widget\" data-widget_type=\"text-editor.default\">\n\t\t\t\t<div class=\"elementor-widget-container\">\n\t\t\t\t\t\t\t<p data-start=\"2912\" data-end=\"2981\">A primavera combina boas condi\u00e7\u00f5es clim\u00e1ticas com paisagens floridas.<\/p><p data-start=\"2983\" data-end=\"2997\"><strong data-start=\"2983\" data-end=\"2997\">Vantagens:<\/strong><\/p><ul data-start=\"2998\" data-end=\"3078\"><li data-start=\"2998\" data-end=\"3019\"><p data-start=\"3000\" data-end=\"3019\">Clima equilibrado<\/p><\/li><li data-start=\"3020\" data-end=\"3050\"><p data-start=\"3022\" data-end=\"3050\">Retorno gradual das chuvas<\/p><\/li><li data-start=\"3051\" data-end=\"3078\"><p data-start=\"3053\" data-end=\"3078\">Boa vaz\u00e3o das cataratas<\/p><\/li><\/ul><p data-start=\"3080\" data-end=\"3202\">Uma excelente alternativa para quem busca a melhor \u00e9poca para visitar as Cataratas do Igua\u00e7u sem os extremos do ver\u00e3o.<\/p>\t\t\t\t\t\t<\/div>\n\t\t\t\t<\/div>\n\t\t\t\t\t<\/div>\n\t\t\t\t<\/div>\n\t\t<div class=\"elementor-element elementor-element-cc3258e e-flex e-con-boxed e-con e-parent\" data-id=\"cc3258e\" data-element_type=\"container\" data-settings=\"{&quot;content_width&quot;:&quot;boxed&quot;}\" data-core-v316-plus=\"true\">\n\t\t\t\t\t<div class=\"e-con-inner\">\n\t\t\t\t<div class=\"elementor-element elementor-element-e16d222 elementor-widget elementor-widget-heading\" data-id=\"e16d222\" data-element_type=\"widget\" data-widget_type=\"heading.default\">\n\t\t\t\t<div class=\"elementor-widget-container\">\n\t\t\t<h2 class=\"elementor-heading-title elementor-size-large\">Qual \u00e9, afinal, a melhor \u00e9poca para visitar as Cataratas do Igua\u00e7u?<\/h2>\t\t<\/div>\n\t\t\t\t<\/div>\n\t\t\t\t<div class=\"elementor-element elementor-element-ce4fb1c elementor-widget elementor-widget-image\" data-id=\"ce4fb1c\" data-element_type=\"widget\" data-widget_type=\"image.default\">\n\t\t\t\t<div class=\"elementor-widget-container\">\n\t\t\t\t\t\t\t\t\t\t\t\t<figure class=\"wp-caption\">\n\t\t\t\t\t\t\t\t\t\t<img loading=\"lazy\" decoding=\"async\" width=\"1000\" height=\"563\" src=\"https:\/\/www.blumarturismo.com.br\/blog\/wp-content\/uploads\/2021\/10\/Foto-Brastock-Shutterstock.com_.jpg\" class=\"attachment-large size-large wp-image-65073\" alt=\"Foto: Brastock \/ Shutterstock.com\" srcset=\"https:\/\/www.blumarturismo.com.br\/blog\/wp-content\/uploads\/2021\/10\/Foto-Brastock-Shutterstock.com_.jpg 1000w, https:\/\/www.blumarturismo.com.br\/blog\/wp-content\/uploads\/2021\/10\/Foto-Brastock-Shutterstock.com_-300x169.jpg 300w, https:\/\/www.blumarturismo.com.br\/blog\/wp-content\/uploads\/2021\/10\/Foto-Brastock-Shutterstock.com_-768x432.jpg 768w\" sizes=\"auto, (max-width: 1000px) 100vw, 1000px\" \/>\t\t\t\t\t\t\t\t\t\t\t<figcaption class=\"widget-image-caption wp-caption-text\">Foto: Brastock \/ Shutterstock.com<\/figcaption>\n\t\t\t\t\t\t\t\t\t\t<\/figure>\n\t\t\t\t\t\t\t\t\t<\/div>\n\t\t\t\t<\/div>\n\t\t\t\t<div class=\"elementor-element elementor-element-6bc6b9f elementor-widget elementor-widget-text-editor\" data-id=\"6bc6b9f\" data-element_type=\"widget\" data-widget_type=\"text-editor.default\">\n\t\t\t\t<div class=\"elementor-widget-container\">\n\t\t\t\t\t\t\t<ul data-start=\"3342\" data-end=\"3574\"><li data-start=\"3342\" data-end=\"3395\"><p data-start=\"3344\" data-end=\"3395\">Quer ver as cataratas no auge da for\u00e7a? Ver\u00e3o<\/p><\/li><li data-start=\"3396\" data-end=\"3457\"><p data-start=\"3398\" data-end=\"3457\">Busca equil\u00edbrio entre clima e volume de \u00e1gua? Outono<\/p><\/li><li data-start=\"3458\" data-end=\"3508\"><p data-start=\"3460\" data-end=\"3508\">Prefere conforto e menos turistas? Inverno<\/p><\/li><li data-start=\"3509\" data-end=\"3574\"><p data-start=\"3511\" data-end=\"3574\">Gosta de paisagens vibrantes e clima agrad\u00e1vel? Primavera<\/p><\/li><\/ul><p data-start=\"3576\" data-end=\"3761\">Segundo o Visit Iguassu Convention &amp; Visitors Bureau, os meses de abril, maio, agosto e setembro est\u00e3o entre os mais bem avaliados pelos turistas em termos de experi\u00eancia geral.<\/p>\t\t\t\t\t\t<\/div>\n\t\t\t\t<\/div>\n\t\t\t\t\t<\/div>\n\t\t\t\t<\/div>\n\t\t<div class=\"elementor-element elementor-element-53eb333 e-flex e-con-boxed e-con e-parent\" data-id=\"53eb333\" data-element_type=\"container\" data-settings=\"{&quot;content_width&quot;:&quot;boxed&quot;}\" data-core-v316-plus=\"true\">\n\t\t\t\t\t<div class=\"e-con-inner\">\n\t\t\t\t<div class=\"elementor-element elementor-element-ffb313d elementor-widget elementor-widget-heading\" data-id=\"ffb313d\" data-element_type=\"widget\" data-widget_type=\"heading.default\">\n\t\t\t\t<div class=\"elementor-widget-container\">\n\t\t\t<h2 class=\"elementor-heading-title elementor-size-large\">Blumar Turismo: a escolha ideal para visitar as Cataratas do Igua\u00e7u<\/h2>\t\t<\/div>\n\t\t\t\t<\/div>\n\t\t\t\t<div class=\"elementor-element elementor-element-0ed6194 elementor-widget elementor-widget-image\" data-id=\"0ed6194\" data-element_type=\"widget\" data-widget_type=\"image.default\">\n\t\t\t\t<div class=\"elementor-widget-container\">\n\t\t\t\t\t\t\t\t\t\t\t\t<figure class=\"wp-caption\">\n\t\t\t\t\t\t\t\t\t\t<img loading=\"lazy\" decoding=\"async\" width=\"1000\" height=\"667\" src=\"https:\/\/www.blumarturismo.com.br\/blog\/wp-content\/uploads\/2024\/09\/Foto-Daboost-Shutterstock.com-min.jpg\" class=\"attachment-large size-large wp-image-73206\" alt=\"Foto: Daboost \/ Shutterstock.com\" srcset=\"https:\/\/www.blumarturismo.com.br\/blog\/wp-content\/uploads\/2024\/09\/Foto-Daboost-Shutterstock.com-min.jpg 1000w, https:\/\/www.blumarturismo.com.br\/blog\/wp-content\/uploads\/2024\/09\/Foto-Daboost-Shutterstock.com-min-300x200.jpg 300w, https:\/\/www.blumarturismo.com.br\/blog\/wp-content\/uploads\/2024\/09\/Foto-Daboost-Shutterstock.com-min-768x512.jpg 768w\" sizes=\"auto, (max-width: 1000px) 100vw, 1000px\" \/>\t\t\t\t\t\t\t\t\t\t\t<figcaption class=\"widget-image-caption wp-caption-text\">Foto: Daboost \/ Shutterstock.com<\/figcaption>\n\t\t\t\t\t\t\t\t\t\t<\/figure>\n\t\t\t\t\t\t\t\t\t<\/div>\n\t\t\t\t<\/div>\n\t\t\t\t<div class=\"elementor-element elementor-element-f5d8460 elementor-widget elementor-widget-text-editor\" data-id=\"f5d8460\" data-element_type=\"widget\" data-widget_type=\"text-editor.default\">\n\t\t\t\t<div class=\"elementor-widget-container\">\n\t\t\t\t\t\t\t<p>Planejar a viagem no per\u00edodo certo \u00e9 importante, mas contar com uma ag\u00eancia especializada faz toda a diferen\u00e7a. A <strong data-start=\"3958\" data-end=\"3976\">Blumar Turismo<\/strong> \u00e9 refer\u00eancia em turismo nacional e internacional, oferecendo seguran\u00e7a, expertise e atendimento personalizado.<\/p>\t\t\t\t\t\t<\/div>\n\t\t\t\t<\/div>\n\t\t\t\t\t<\/div>\n\t\t\t\t<\/div>\n\t\t<div class=\"elementor-element elementor-element-258c9c2 e-flex e-con-boxed e-con e-parent\" data-id=\"258c9c2\" data-element_type=\"container\" data-settings=\"{&quot;content_width&quot;:&quot;boxed&quot;}\" data-core-v316-plus=\"true\">\n\t\t\t\t\t<div class=\"e-con-inner\">\n\t\t\t\t<div class=\"elementor-element elementor-element-324cf59 elementor-widget elementor-widget-heading\" data-id=\"324cf59\" data-element_type=\"widget\" data-widget_type=\"heading.default\">\n\t\t\t\t<div class=\"elementor-widget-container\">\n\t\t\t<h3 class=\"elementor-heading-title elementor-size-medium\">Por que escolher a Blumar Turismo?<\/h3>\t\t<\/div>\n\t\t\t\t<\/div>\n\t\t\t\t<div class=\"elementor-element elementor-element-c22075a elementor-widget elementor-widget-text-editor\" data-id=\"c22075a\" data-element_type=\"widget\" data-widget_type=\"text-editor.default\">\n\t\t\t\t<div class=\"elementor-widget-container\">\n\t\t\t\t\t\t\t<ul><li data-start=\"4133\" data-end=\"4180\"><p data-start=\"4135\" data-end=\"4180\">Mais de 40 anos de experi\u00eancia no mercado<\/p><\/li><li data-start=\"4181\" data-end=\"4239\"><p data-start=\"4183\" data-end=\"4239\">Roteiros personalizados para cada perfil de viajante<\/p><\/li><li data-start=\"4240\" data-end=\"4297\"><p data-start=\"4242\" data-end=\"4297\">Parcerias com hot\u00e9is e operadores de alta qualidade<\/p><\/li><li data-start=\"4298\" data-end=\"4351\"><p data-start=\"4300\" data-end=\"4351\">Suporte completo antes, durante e ap\u00f3s a viagem<\/p><\/li><\/ul><p data-start=\"4505\" data-end=\"4649\">Com a Blumar, voc\u00ea n\u00e3o apenas escolhe a melhor \u00e9poca para visitar as Cataratas do Igua\u00e7u, mas vive a experi\u00eancia completa, sem preocupa\u00e7\u00f5es.<\/p>\t\t\t\t\t\t<\/div>\n\t\t\t\t<\/div>\n\t\t\t\t\t<\/div>\n\t\t\t\t<\/div>\n\t\t<div class=\"elementor-element elementor-element-05cc394 e-flex e-con-boxed e-con e-parent\" data-id=\"05cc394\" data-element_type=\"container\" data-settings=\"{&quot;content_width&quot;:&quot;boxed&quot;}\" data-core-v316-plus=\"true\">\n\t\t\t\t\t<div class=\"e-con-inner\">\n\t\t\t\t<div class=\"elementor-element elementor-element-ef5d2d1 elementor-widget elementor-widget-heading\" data-id=\"ef5d2d1\" data-element_type=\"widget\" data-widget_type=\"heading.default\">\n\t\t\t\t<div class=\"elementor-widget-container\">\n\t\t\t<h2 class=\"elementor-heading-title elementor-size-large\">Conclus\u00e3o: Planeje sua viagem no momento certo<\/h2>\t\t<\/div>\n\t\t\t\t<\/div>\n\t\t\t\t<div class=\"elementor-element elementor-element-372035b elementor-widget elementor-widget-text-editor\" data-id=\"372035b\" data-element_type=\"widget\" data-widget_type=\"text-editor.default\">\n\t\t\t\t<div class=\"elementor-widget-container\">\n\t\t\t\t\t\t\t<p data-start=\"4711\" data-end=\"4935\">As Cataratas do Igua\u00e7u s\u00e3o um destino extraordin\u00e1rio em qualquer \u00e9poca do ano. No entanto, entender a melhor \u00e9poca para visitar as Cataratas do Igua\u00e7u permite aproveitar cada detalhe com mais conforto, economia e emo\u00e7\u00e3o.<\/p><p data-start=\"4937\" data-end=\"5036\">Avalie seu estilo de viagem, escolha o per\u00edodo ideal e conte com quem realmente entende do assunto.<\/p>\t\t\t\t\t\t<\/div>\n\t\t\t\t<\/div>\n\t\t<div class=\"elementor-element elementor-element-58ce4e5 e-flex e-con-boxed e-con e-child\" data-id=\"58ce4e5\" data-element_type=\"container\" data-settings=\"{&quot;content_width&quot;:&quot;boxed&quot;}\">\n\t\t\t\t\t<div class=\"e-con-inner\">\n\t\t\t\t<div class=\"elementor-element elementor-element-a713365 elementor-widget elementor-widget-heading\" data-id=\"a713365\" data-element_type=\"widget\" data-widget_type=\"heading.default\">\n\t\t\t\t<div class=\"elementor-widget-container\">\n\t\t\t<h2 class=\"elementor-heading-title elementor-size-large\">Depoimentos de Quem Viveu a Experi\u00eancia<\/h2>\t\t<\/div>\n\t\t\t\t<\/div>\n\t\t\t\t<div class=\"elementor-element elementor-element-025683f elementor-widget elementor-widget-text-editor\" data-id=\"025683f\" data-element_type=\"widget\" data-widget_type=\"text-editor.default\">\n\t\t\t\t<div class=\"elementor-widget-container\">\n\t\t\t\t\t\t\t<p style=\"text-align: center;\"><strong><a href=\"https:\/\/www.blumar.com.br\/index.php\">Blumar Turismo<\/a>: Certificada pelo Reclame Aqui<\/strong><\/p>\t\t\t\t\t\t<\/div>\n\t\t\t\t<\/div>\n\t\t\t\t<div class=\"elementor-element elementor-element-f440f6a elementor-widget elementor-widget-html\" data-id=\"f440f6a\" data-element_type=\"widget\" data-widget_type=\"html.default\">\n\t\t\t\t<div class=\"elementor-widget-container\">\n\t\t\t<center><div id=\"ra-verified-seal\"><script type=\"text\/javascript\" id=\"ra-embed-verified-seal\" src=\"https:\/\/s3.amazonaws.com\/raichu-beta\/ra-verified\/bundle.js\" data-id=\"MzI4Nzc6Ymx1bWFy\" data-target=\"ra-verified-seal\" data-model=\"2\"><\/script><\/div><\/center>\t\t<\/div>\n\t\t\t\t<\/div>\n\t\t\t\t<div class=\"elementor-element elementor-element-805e5ee elementor-widget elementor-widget-text-editor\" data-id=\"805e5ee\" data-element_type=\"widget\" data-widget_type=\"text-editor.default\">\n\t\t\t\t<div class=\"elementor-widget-container\">\n\t\t\t\t\t\t\t<p><span style=\"color: var( --e-global-color-text ); text-align: var(--text-align);\">Na <a href=\"https:\/\/www.blumar.com.br\/index.php\"><strong>Blumar Turismo<\/strong><\/a>, nos orgulhamos de oferecer um servi\u00e7o de excel\u00eancia. Somos certificados pelo Reclame Aqui e n\u00e3o recebemos nenhuma reclama\u00e7\u00e3o nos \u00faltimos 12 meses.<\/span><\/p><p>Nosso compromisso \u00e9 com a total satisfa\u00e7\u00e3o do cliente. Garantimos experi\u00eancias de viagem \u00fanicas e memor\u00e1veis, cuidando de cada detalhe, desde a escolha dos melhores destinos e hot\u00e9is at\u00e9 a personaliza\u00e7\u00e3o de roteiros. Nossa equipe est\u00e1 dedicada a atender todas as suas necessidades com m\u00e1xima aten\u00e7\u00e3o e profissionalismo.<\/p>\t\t\t\t\t\t<\/div>\n\t\t\t\t<\/div>\n\t\t\t\t<div class=\"elementor-element elementor-element-025200e elementor-widget elementor-widget-html\" data-id=\"025200e\" data-element_type=\"widget\" data-widget_type=\"html.default\">\n\t\t\t\t<div class=\"elementor-widget-container\">\n\t\t\t<script defer async src='https:\/\/cdn.trustindex.io\/loader.js?dc6229528d81446bbc4644b5063'><\/script>\t\t<\/div>\n\t\t\t\t<\/div>\n\t\t\t\t\t<\/div>\n\t\t\t\t<\/div>\n\t\t\t\t\t<\/div>\n\t\t\t\t<\/div>\n\t\t<div class=\"elementor-element elementor-element-3956f05 e-flex e-con-boxed e-con e-parent\" data-id=\"3956f05\" data-element_type=\"container\" data-settings=\"{&quot;content_width&quot;:&quot;boxed&quot;}\" data-core-v316-plus=\"true\">\n\t\t\t\t\t<div class=\"e-con-inner\">\n\t\t\t\t<div class=\"elementor-element elementor-element-b3efdb8 elementor-widget elementor-widget-heading\" data-id=\"b3efdb8\" data-element_type=\"widget\" data-widget_type=\"heading.default\">\n\t\t\t\t<div class=\"elementor-widget-container\">\n\t\t\t<h2 class=\"elementor-heading-title elementor-size-medium\">Posts que voc\u00ea pode se interessar:<\/h2>\t\t<\/div>\n\t\t\t\t<\/div>\n\t\t\t\t<div class=\"elementor-element elementor-element-8a731e0 elementor-widget elementor-widget-text-editor\" data-id=\"8a731e0\" data-element_type=\"widget\" data-widget_type=\"text-editor.default\">\n\t\t\t\t<div class=\"elementor-widget-container\">\n\t\t\t\t\t\t\t<ul><li><a href=\"https:\/\/www.blumarturismo.com.br\/blog\/lencois-maranhenses-patrimonio-mundial-da-unesco\/\">Len\u00e7\u00f3is Maranhenses Patrim\u00f4nio Mundial da UNESCO<\/a><\/li><li><a href=\"https:\/\/www.blumarturismo.com.br\/blog\/qual-e-a-melhor-epoca-para-ir-para-bonito-ms\/\">Qual \u00e9 a melhor \u00e9poca para ir para Bonito MS?<\/a><\/li><li><a href=\"https:\/\/www.blumarturismo.com.br\/blog\/o-que-fazer-em-gramado-de-graca-um-guia-completo\/\">O que fazer em Gramado de gra\u00e7a: Um guia completo<\/a><\/li><li><a href=\"https:\/\/www.blumarturismo.com.br\/blog\/praias-em-fernando-de-noronha-um-guia-completo-para-sua-aventura-paradisiaca\/\">Praias em Fernando de Noronha: Um Guia Completo para Sua Aventura Paradis\u00edaca<\/a><\/li><li><a href=\"https:\/\/www.blumarturismo.com.br\/blog\/descubra-os-melhores-destinos-de-ecoturismo-no-brasil-com-a-blumar-turismo\/\">Descubra os Melhores Destinos de Ecoturismo no Brasil com a Blumar Turismo<\/a><\/li><\/ul>\t\t\t\t\t\t<\/div>\n\t\t\t\t<\/div>\n\t\t\t\t\t<\/div>\n\t\t\t\t<\/div>\n\t\t<div class=\"elementor-element elementor-element-1d4bedf e-flex e-con-boxed e-con e-parent\" data-id=\"1d4bedf\" data-element_type=\"container\" data-settings=\"{&quot;content_width&quot;:&quot;boxed&quot;}\" data-core-v316-plus=\"true\">\n\t\t\t\t\t<div class=\"e-con-inner\">\n\t\t\t\t<div class=\"elementor-element elementor-element-5700f14 elementor-widget elementor-widget-heading\" data-id=\"5700f14\" data-element_type=\"widget\" data-widget_type=\"heading.default\">\n\t\t\t\t<div class=\"elementor-widget-container\">\n\t\t\t<h2 class=\"elementor-heading-title elementor-size-large\">FAQ \u2013 A Melhor \u00c9poca para Visitar as Cataratas do Igua\u00e7u<\/h2>\t\t<\/div>\n\t\t\t\t<\/div>\n\t\t\t\t<div class=\"elementor-element elementor-element-a433f27 elementor-widget elementor-widget-image\" data-id=\"a433f27\" data-element_type=\"widget\" data-widget_type=\"image.default\">\n\t\t\t\t<div class=\"elementor-widget-container\">\n\t\t\t\t\t\t\t\t\t\t\t\t<figure class=\"wp-caption\">\n\t\t\t\t\t\t\t\t\t\t<img loading=\"lazy\" decoding=\"async\" width=\"1024\" height=\"684\" src=\"https:\/\/www.blumarturismo.com.br\/blog\/wp-content\/uploads\/2024\/05\/Zig-Koch-MTur-6-2-1024x684.jpg\" class=\"attachment-large size-large wp-image-58064\" alt=\"Foto: Zig Koch \/ MTur\" srcset=\"https:\/\/www.blumarturismo.com.br\/blog\/wp-content\/uploads\/2024\/05\/Zig-Koch-MTur-6-2-1024x684.jpg 1024w, https:\/\/www.blumarturismo.com.br\/blog\/wp-content\/uploads\/2024\/05\/Zig-Koch-MTur-6-2-300x200.jpg 300w, https:\/\/www.blumarturismo.com.br\/blog\/wp-content\/uploads\/2024\/05\/Zig-Koch-MTur-6-2-768x513.jpg 768w, https:\/\/www.blumarturismo.com.br\/blog\/wp-content\/uploads\/2024\/05\/Zig-Koch-MTur-6-2-1536x1025.jpg 1536w, https:\/\/www.blumarturismo.com.br\/blog\/wp-content\/uploads\/2024\/05\/Zig-Koch-MTur-6-2.jpg 2048w\" sizes=\"auto, (max-width: 1024px) 100vw, 1024px\" \/>\t\t\t\t\t\t\t\t\t\t\t<figcaption class=\"widget-image-caption wp-caption-text\">Foto: Zig Koch \/ MTur<\/figcaption>\n\t\t\t\t\t\t\t\t\t\t<\/figure>\n\t\t\t\t\t\t\t\t\t<\/div>\n\t\t\t\t<\/div>\n\t\t\t\t<div class=\"elementor-element elementor-element-dadb463 elementor-widget elementor-widget-toggle\" data-id=\"dadb463\" data-element_type=\"widget\" data-widget_type=\"toggle.default\">\n\t\t\t\t<div class=\"elementor-widget-container\">\n\t\t\t<style>\/*! elementor - v3.16.0 - 13-09-2023 *\/\n.elementor-toggle{text-align:left}.elementor-toggle .elementor-tab-title{font-weight:700;line-height:1;margin:0;padding:15px;border-bottom:1px solid #d5d8dc;cursor:pointer;outline:none}.elementor-toggle .elementor-tab-title .elementor-toggle-icon{display:inline-block;width:1em}.elementor-toggle .elementor-tab-title .elementor-toggle-icon svg{margin-inline-start:-5px;width:1em;height:1em}.elementor-toggle .elementor-tab-title .elementor-toggle-icon.elementor-toggle-icon-right{float:right;text-align:right}.elementor-toggle .elementor-tab-title .elementor-toggle-icon.elementor-toggle-icon-left{float:left;text-align:left}.elementor-toggle .elementor-tab-title .elementor-toggle-icon .elementor-toggle-icon-closed{display:block}.elementor-toggle .elementor-tab-title .elementor-toggle-icon .elementor-toggle-icon-opened{display:none}.elementor-toggle .elementor-tab-title.elementor-active{border-bottom:none}.elementor-toggle .elementor-tab-title.elementor-active .elementor-toggle-icon-closed{display:none}.elementor-toggle .elementor-tab-title.elementor-active .elementor-toggle-icon-opened{display:block}.elementor-toggle .elementor-tab-content{padding:15px;border-bottom:1px solid #d5d8dc;display:none}@media (max-width:767px){.elementor-toggle .elementor-tab-title{padding:12px}.elementor-toggle .elementor-tab-content{padding:12px 10px}}.e-con-inner>.elementor-widget-toggle,.e-con>.elementor-widget-toggle{width:var(--container-widget-width);--flex-grow:var(--container-widget-flex-grow)}<\/style>\t\t<div class=\"elementor-toggle\">\n\t\t\t\t\t\t\t<div class=\"elementor-toggle-item\">\n\t\t\t\t\t<div id=\"elementor-tab-title-2291\" class=\"elementor-tab-title\" data-tab=\"1\" role=\"button\" aria-controls=\"elementor-tab-content-2291\" aria-expanded=\"false\">\n\t\t\t\t\t\t\t\t\t\t\t\t<span class=\"elementor-toggle-icon elementor-toggle-icon-left\" aria-hidden=\"true\">\n\t\t\t\t\t\t\t\t\t\t\t\t\t\t\t<span class=\"elementor-toggle-icon-closed\"><svg class=\"e-font-icon-svg e-fas-caret-right\" viewBox=\"0 0 192 512\" xmlns=\"http:\/\/www.w3.org\/2000\/svg\"><path d=\"M0 384.662V127.338c0-17.818 21.543-26.741 34.142-14.142l128.662 128.662c7.81 7.81 7.81 20.474 0 28.284L34.142 398.804C21.543 411.404 0 402.48 0 384.662z\"><\/path><\/svg><\/span>\n\t\t\t\t\t\t\t\t<span class=\"elementor-toggle-icon-opened\"><svg class=\"elementor-toggle-icon-opened e-font-icon-svg e-fas-caret-up\" viewBox=\"0 0 320 512\" xmlns=\"http:\/\/www.w3.org\/2000\/svg\"><path d=\"M288.662 352H31.338c-17.818 0-26.741-21.543-14.142-34.142l128.662-128.662c7.81-7.81 20.474-7.81 28.284 0l128.662 128.662c12.6 12.599 3.676 34.142-14.142 34.142z\"><\/path><\/svg><\/span>\n\t\t\t\t\t\t\t\t\t\t\t\t\t<\/span>\n\t\t\t\t\t\t\t\t\t\t\t\t<a class=\"elementor-toggle-title\" tabindex=\"0\">Qual \u00e9 a melhor \u00e9poca para visitar as Cataratas do Igua\u00e7u?<\/a>\n\t\t\t\t\t<\/div>\n\n\t\t\t\t\t<div id=\"elementor-tab-content-2291\" class=\"elementor-tab-content elementor-clearfix\" data-tab=\"1\" role=\"region\" aria-labelledby=\"elementor-tab-title-2291\"><p data-start=\"325\" data-end=\"687\">A melhor \u00e9poca para visitar as Cataratas do Igua\u00e7u depende do seu perfil de viagem. De forma geral, <strong data-start=\"425\" data-end=\"451\">outono (abril a junho)<\/strong> e <strong data-start=\"454\" data-end=\"484\">inverno (julho a setembro)<\/strong> s\u00e3o os per\u00edodos mais equilibrados, combinando clima agrad\u00e1vel, boa vaz\u00e3o de \u00e1gua e menor fluxo de turistas. J\u00e1 o ver\u00e3o oferece o maior volume de \u00e1gua, enquanto a primavera traz paisagens mais vibrantes.<\/p><\/div>\n\t\t\t\t<\/div>\n\t\t\t\t\t\t\t<div class=\"elementor-toggle-item\">\n\t\t\t\t\t<div id=\"elementor-tab-title-2292\" class=\"elementor-tab-title\" data-tab=\"2\" role=\"button\" aria-controls=\"elementor-tab-content-2292\" aria-expanded=\"false\">\n\t\t\t\t\t\t\t\t\t\t\t\t<span class=\"elementor-toggle-icon elementor-toggle-icon-left\" aria-hidden=\"true\">\n\t\t\t\t\t\t\t\t\t\t\t\t\t\t\t<span class=\"elementor-toggle-icon-closed\"><svg class=\"e-font-icon-svg e-fas-caret-right\" viewBox=\"0 0 192 512\" xmlns=\"http:\/\/www.w3.org\/2000\/svg\"><path d=\"M0 384.662V127.338c0-17.818 21.543-26.741 34.142-14.142l128.662 128.662c7.81 7.81 7.81 20.474 0 28.284L34.142 398.804C21.543 411.404 0 402.48 0 384.662z\"><\/path><\/svg><\/span>\n\t\t\t\t\t\t\t\t<span class=\"elementor-toggle-icon-opened\"><svg class=\"elementor-toggle-icon-opened e-font-icon-svg e-fas-caret-up\" viewBox=\"0 0 320 512\" xmlns=\"http:\/\/www.w3.org\/2000\/svg\"><path d=\"M288.662 352H31.338c-17.818 0-26.741-21.543-14.142-34.142l128.662-128.662c7.81-7.81 20.474-7.81 28.284 0l128.662 128.662c12.6 12.599 3.676 34.142-14.142 34.142z\"><\/path><\/svg><\/span>\n\t\t\t\t\t\t\t\t\t\t\t\t\t<\/span>\n\t\t\t\t\t\t\t\t\t\t\t\t<a class=\"elementor-toggle-title\" tabindex=\"0\">As Cataratas do Igua\u00e7u podem ser visitadas o ano todo?<\/a>\n\t\t\t\t\t<\/div>\n\n\t\t\t\t\t<div id=\"elementor-tab-content-2292\" class=\"elementor-tab-content elementor-clearfix\" data-tab=\"2\" role=\"region\" aria-labelledby=\"elementor-tab-title-2292\"><p data-start=\"756\" data-end=\"987\">Sim. As Cataratas do Igua\u00e7u s\u00e3o um destino que pode ser visitado durante todo o ano. Cada esta\u00e7\u00e3o oferece uma experi\u00eancia diferente, variando principalmente em <strong data-start=\"916\" data-end=\"986\">volume de \u00e1gua, clima, n\u00famero de visitantes e pre\u00e7os de hospedagem<\/strong>.<\/p><\/div>\n\t\t\t\t<\/div>\n\t\t\t\t\t\t\t<div class=\"elementor-toggle-item\">\n\t\t\t\t\t<div id=\"elementor-tab-title-2293\" class=\"elementor-tab-title\" data-tab=\"3\" role=\"button\" aria-controls=\"elementor-tab-content-2293\" aria-expanded=\"false\">\n\t\t\t\t\t\t\t\t\t\t\t\t<span class=\"elementor-toggle-icon elementor-toggle-icon-left\" aria-hidden=\"true\">\n\t\t\t\t\t\t\t\t\t\t\t\t\t\t\t<span class=\"elementor-toggle-icon-closed\"><svg class=\"e-font-icon-svg e-fas-caret-right\" viewBox=\"0 0 192 512\" xmlns=\"http:\/\/www.w3.org\/2000\/svg\"><path d=\"M0 384.662V127.338c0-17.818 21.543-26.741 34.142-14.142l128.662 128.662c7.81 7.81 7.81 20.474 0 28.284L34.142 398.804C21.543 411.404 0 402.48 0 384.662z\"><\/path><\/svg><\/span>\n\t\t\t\t\t\t\t\t<span class=\"elementor-toggle-icon-opened\"><svg class=\"elementor-toggle-icon-opened e-font-icon-svg e-fas-caret-up\" viewBox=\"0 0 320 512\" xmlns=\"http:\/\/www.w3.org\/2000\/svg\"><path d=\"M288.662 352H31.338c-17.818 0-26.741-21.543-14.142-34.142l128.662-128.662c7.81-7.81 20.474-7.81 28.284 0l128.662 128.662c12.6 12.599 3.676 34.142-14.142 34.142z\"><\/path><\/svg><\/span>\n\t\t\t\t\t\t\t\t\t\t\t\t\t<\/span>\n\t\t\t\t\t\t\t\t\t\t\t\t<a class=\"elementor-toggle-title\" tabindex=\"0\">Como \u00e9 visitar as Cataratas do Igua\u00e7u no ver\u00e3o?<\/a>\n\t\t\t\t\t<\/div>\n\n\t\t\t\t\t<div id=\"elementor-tab-content-2293\" class=\"elementor-tab-content elementor-clearfix\" data-tab=\"3\" role=\"region\" aria-labelledby=\"elementor-tab-title-2293\"><p data-start=\"1049\" data-end=\"1147\">O ver\u00e3o, entre dezembro e mar\u00e7o, \u00e9 ideal para quem busca impacto visual m\u00e1ximo.<br data-start=\"1128\" data-end=\"1131\" \/><strong data-start=\"1131\" data-end=\"1145\">Vantagens:<\/strong><\/p><ul data-start=\"1148\" data-end=\"1228\"><li data-start=\"1148\" data-end=\"1191\"><p data-start=\"1150\" data-end=\"1191\">Volume de \u00e1gua intenso e impressionante<\/p><\/li><li data-start=\"1192\" data-end=\"1228\"><p data-start=\"1194\" data-end=\"1228\">Cataratas mais largas e potentes<\/p><\/li><\/ul><p data-start=\"1230\" data-end=\"1254\"><strong data-start=\"1230\" data-end=\"1252\">Pontos de aten\u00e7\u00e3o:<\/strong><\/p><ul data-start=\"1255\" data-end=\"1386\"><li data-start=\"1255\" data-end=\"1305\"><p data-start=\"1257\" data-end=\"1305\">Calor intenso, com temperaturas acima de 35 \u00b0C<\/p><\/li><li data-start=\"1306\" data-end=\"1327\"><p data-start=\"1308\" data-end=\"1327\">Chuvas frequentes<\/p><\/li><li data-start=\"1328\" data-end=\"1386\"><p data-start=\"1330\" data-end=\"1386\">Maior movimento de turistas devido \u00e0s f\u00e9rias escolares<\/p><\/li><\/ul><p data-start=\"1388\" data-end=\"1486\">\u00c9 um \u00f3timo per\u00edodo para quem n\u00e3o se importa com calor e quer ver as cataratas em sua for\u00e7a m\u00e1xima.<\/p><\/div>\n\t\t\t\t<\/div>\n\t\t\t\t\t\t\t<div class=\"elementor-toggle-item\">\n\t\t\t\t\t<div id=\"elementor-tab-title-2294\" class=\"elementor-tab-title\" data-tab=\"4\" role=\"button\" aria-controls=\"elementor-tab-content-2294\" aria-expanded=\"false\">\n\t\t\t\t\t\t\t\t\t\t\t\t<span class=\"elementor-toggle-icon elementor-toggle-icon-left\" aria-hidden=\"true\">\n\t\t\t\t\t\t\t\t\t\t\t\t\t\t\t<span class=\"elementor-toggle-icon-closed\"><svg class=\"e-font-icon-svg e-fas-caret-right\" viewBox=\"0 0 192 512\" xmlns=\"http:\/\/www.w3.org\/2000\/svg\"><path d=\"M0 384.662V127.338c0-17.818 21.543-26.741 34.142-14.142l128.662 128.662c7.81 7.81 7.81 20.474 0 28.284L34.142 398.804C21.543 411.404 0 402.48 0 384.662z\"><\/path><\/svg><\/span>\n\t\t\t\t\t\t\t\t<span class=\"elementor-toggle-icon-opened\"><svg class=\"elementor-toggle-icon-opened e-font-icon-svg e-fas-caret-up\" viewBox=\"0 0 320 512\" xmlns=\"http:\/\/www.w3.org\/2000\/svg\"><path d=\"M288.662 352H31.338c-17.818 0-26.741-21.543-14.142-34.142l128.662-128.662c7.81-7.81 20.474-7.81 28.284 0l128.662 128.662c12.6 12.599 3.676 34.142-14.142 34.142z\"><\/path><\/svg><\/span>\n\t\t\t\t\t\t\t\t\t\t\t\t\t<\/span>\n\t\t\t\t\t\t\t\t\t\t\t\t<a class=\"elementor-toggle-title\" tabindex=\"0\">Por que o outono \u00e9 considerado a melhor \u00e9poca para visitar as Cataratas do Igua\u00e7u?<\/a>\n\t\t\t\t\t<\/div>\n\n\t\t\t\t\t<div id=\"elementor-tab-content-2294\" class=\"elementor-tab-content elementor-clearfix\" data-tab=\"4\" role=\"region\" aria-labelledby=\"elementor-tab-title-2294\"><p data-start=\"1583\" data-end=\"1793\">O outono (abril a junho) \u00e9 frequentemente apontado como a melhor \u00e9poca para visitar as Cataratas do Igua\u00e7u porque oferece um equil\u00edbrio ideal entre clima, volume de \u00e1gua e tranquilidade.<\/p><p data-start=\"1583\" data-end=\"1793\"><strong data-start=\"1776\" data-end=\"1791\">Benef\u00edcios:<\/strong><\/p><ul data-start=\"1794\" data-end=\"1911\"><li data-start=\"1794\" data-end=\"1822\"><p data-start=\"1796\" data-end=\"1822\">Temperaturas mais amenas<\/p><\/li><li data-start=\"1823\" data-end=\"1850\"><p data-start=\"1825\" data-end=\"1850\">Boa vaz\u00e3o das cataratas<\/p><\/li><li data-start=\"1851\" data-end=\"1869\"><p data-start=\"1853\" data-end=\"1869\">Menos turistas<\/p><\/li><li data-start=\"1870\" data-end=\"1911\"><p data-start=\"1872\" data-end=\"1911\">Melhores pre\u00e7os de hot\u00e9is e passagens<\/p><\/li><\/ul><p data-start=\"1913\" data-end=\"1996\">Esse per\u00edodo \u00e9 ideal para caminhadas confort\u00e1veis e fotos sem grandes aglomera\u00e7\u00f5es.<\/p><\/div>\n\t\t\t\t<\/div>\n\t\t\t\t\t\t\t<div class=\"elementor-toggle-item\">\n\t\t\t\t\t<div id=\"elementor-tab-title-2295\" class=\"elementor-tab-title\" data-tab=\"5\" role=\"button\" aria-controls=\"elementor-tab-content-2295\" aria-expanded=\"false\">\n\t\t\t\t\t\t\t\t\t\t\t\t<span class=\"elementor-toggle-icon elementor-toggle-icon-left\" aria-hidden=\"true\">\n\t\t\t\t\t\t\t\t\t\t\t\t\t\t\t<span class=\"elementor-toggle-icon-closed\"><svg class=\"e-font-icon-svg e-fas-caret-right\" viewBox=\"0 0 192 512\" xmlns=\"http:\/\/www.w3.org\/2000\/svg\"><path d=\"M0 384.662V127.338c0-17.818 21.543-26.741 34.142-14.142l128.662 128.662c7.81 7.81 7.81 20.474 0 28.284L34.142 398.804C21.543 411.404 0 402.48 0 384.662z\"><\/path><\/svg><\/span>\n\t\t\t\t\t\t\t\t<span class=\"elementor-toggle-icon-opened\"><svg class=\"elementor-toggle-icon-opened e-font-icon-svg e-fas-caret-up\" viewBox=\"0 0 320 512\" xmlns=\"http:\/\/www.w3.org\/2000\/svg\"><path d=\"M288.662 352H31.338c-17.818 0-26.741-21.543-14.142-34.142l128.662-128.662c7.81-7.81 20.474-7.81 28.284 0l128.662 128.662c12.6 12.599 3.676 34.142-14.142 34.142z\"><\/path><\/svg><\/span>\n\t\t\t\t\t\t\t\t\t\t\t\t\t<\/span>\n\t\t\t\t\t\t\t\t\t\t\t\t<a class=\"elementor-toggle-title\" tabindex=\"0\">Vale a pena visitar as Cataratas do Igua\u00e7u no inverno?<\/a>\n\t\t\t\t\t<\/div>\n\n\t\t\t\t\t<div id=\"elementor-tab-content-2295\" class=\"elementor-tab-content elementor-clearfix\" data-tab=\"5\" role=\"region\" aria-labelledby=\"elementor-tab-title-2295\"><p data-start=\"2065\" data-end=\"2176\">Sim, especialmente para quem prioriza conforto e menos chuvas.<br data-start=\"2127\" data-end=\"2130\" \/><strong data-start=\"2130\" data-end=\"2174\">Vantagens do inverno (julho a setembro):<\/strong><\/p><ul data-start=\"2177\" data-end=\"2281\"><li data-start=\"2177\" data-end=\"2217\"><p data-start=\"2179\" data-end=\"2217\">Clima agrad\u00e1vel, entre 10 \u00b0C e 25 \u00b0C<\/p><\/li><li data-start=\"2218\" data-end=\"2250\"><p data-start=\"2220\" data-end=\"2250\">Trilhas mais secas e seguras<\/p><\/li><li data-start=\"2251\" data-end=\"2281\"><p data-start=\"2253\" data-end=\"2281\">Menor incid\u00eancia de chuvas<\/p><\/li><\/ul><p data-start=\"2283\" data-end=\"2389\">O volume de \u00e1gua pode ser um pouco menor, mas continua impressionante e garante uma experi\u00eancia memor\u00e1vel.<\/p><\/div>\n\t\t\t\t<\/div>\n\t\t\t\t\t\t\t<div class=\"elementor-toggle-item\">\n\t\t\t\t\t<div id=\"elementor-tab-title-2296\" class=\"elementor-tab-title\" data-tab=\"6\" role=\"button\" aria-controls=\"elementor-tab-content-2296\" aria-expanded=\"false\">\n\t\t\t\t\t\t\t\t\t\t\t\t<span class=\"elementor-toggle-icon elementor-toggle-icon-left\" aria-hidden=\"true\">\n\t\t\t\t\t\t\t\t\t\t\t\t\t\t\t<span class=\"elementor-toggle-icon-closed\"><svg class=\"e-font-icon-svg e-fas-caret-right\" viewBox=\"0 0 192 512\" xmlns=\"http:\/\/www.w3.org\/2000\/svg\"><path d=\"M0 384.662V127.338c0-17.818 21.543-26.741 34.142-14.142l128.662 128.662c7.81 7.81 7.81 20.474 0 28.284L34.142 398.804C21.543 411.404 0 402.48 0 384.662z\"><\/path><\/svg><\/span>\n\t\t\t\t\t\t\t\t<span class=\"elementor-toggle-icon-opened\"><svg class=\"elementor-toggle-icon-opened e-font-icon-svg e-fas-caret-up\" viewBox=\"0 0 320 512\" xmlns=\"http:\/\/www.w3.org\/2000\/svg\"><path d=\"M288.662 352H31.338c-17.818 0-26.741-21.543-14.142-34.142l128.662-128.662c7.81-7.81 20.474-7.81 28.284 0l128.662 128.662c12.6 12.599 3.676 34.142-14.142 34.142z\"><\/path><\/svg><\/span>\n\t\t\t\t\t\t\t\t\t\t\t\t\t<\/span>\n\t\t\t\t\t\t\t\t\t\t\t\t<a class=\"elementor-toggle-title\" tabindex=\"0\">Como \u00e9 a experi\u00eancia nas Cataratas do Igua\u00e7u durante a primavera?<\/a>\n\t\t\t\t\t<\/div>\n\n\t\t\t\t\t<div id=\"elementor-tab-content-2296\" class=\"elementor-tab-content elementor-clearfix\" data-tab=\"6\" role=\"region\" aria-labelledby=\"elementor-tab-title-2296\"><p data-start=\"2469\" data-end=\"2568\">A primavera (outubro e novembro) \u00e9 marcada por paisagens mais verdes e floridas.<\/p><p data-start=\"2469\" data-end=\"2568\"><strong data-start=\"2552\" data-end=\"2566\">Destaques:<\/strong><\/p><ul data-start=\"2569\" data-end=\"2643\"><li data-start=\"2569\" data-end=\"2590\"><p data-start=\"2571\" data-end=\"2590\">Clima equilibrado<\/p><\/li><li data-start=\"2591\" data-end=\"2621\"><p data-start=\"2593\" data-end=\"2621\">Retorno gradual das chuvas<\/p><\/li><li data-start=\"2622\" data-end=\"2643\"><p data-start=\"2624\" data-end=\"2643\">Boa vaz\u00e3o de \u00e1gua<\/p><\/li><\/ul><p data-start=\"2645\" data-end=\"2779\">\u00c9 uma excelente alternativa para quem busca a melhor \u00e9poca para visitar as Cataratas do Igua\u00e7u sem os extremos do ver\u00e3o ou do inverno.<\/p><\/div>\n\t\t\t\t<\/div>\n\t\t\t\t\t\t\t<div class=\"elementor-toggle-item\">\n\t\t\t\t\t<div id=\"elementor-tab-title-2297\" class=\"elementor-tab-title\" data-tab=\"7\" role=\"button\" aria-controls=\"elementor-tab-content-2297\" aria-expanded=\"false\">\n\t\t\t\t\t\t\t\t\t\t\t\t<span class=\"elementor-toggle-icon elementor-toggle-icon-left\" aria-hidden=\"true\">\n\t\t\t\t\t\t\t\t\t\t\t\t\t\t\t<span class=\"elementor-toggle-icon-closed\"><svg class=\"e-font-icon-svg e-fas-caret-right\" viewBox=\"0 0 192 512\" xmlns=\"http:\/\/www.w3.org\/2000\/svg\"><path d=\"M0 384.662V127.338c0-17.818 21.543-26.741 34.142-14.142l128.662 128.662c7.81 7.81 7.81 20.474 0 28.284L34.142 398.804C21.543 411.404 0 402.48 0 384.662z\"><\/path><\/svg><\/span>\n\t\t\t\t\t\t\t\t<span class=\"elementor-toggle-icon-opened\"><svg class=\"elementor-toggle-icon-opened e-font-icon-svg e-fas-caret-up\" viewBox=\"0 0 320 512\" xmlns=\"http:\/\/www.w3.org\/2000\/svg\"><path d=\"M288.662 352H31.338c-17.818 0-26.741-21.543-14.142-34.142l128.662-128.662c7.81-7.81 20.474-7.81 28.284 0l128.662 128.662c12.6 12.599 3.676 34.142-14.142 34.142z\"><\/path><\/svg><\/span>\n\t\t\t\t\t\t\t\t\t\t\t\t\t<\/span>\n\t\t\t\t\t\t\t\t\t\t\t\t<a class=\"elementor-toggle-title\" tabindex=\"0\">Quais meses s\u00e3o mais recomendados para evitar multid\u00f5es?<\/a>\n\t\t\t\t\t<\/div>\n\n\t\t\t\t\t<div id=\"elementor-tab-content-2297\" class=\"elementor-tab-content elementor-clearfix\" data-tab=\"7\" role=\"region\" aria-labelledby=\"elementor-tab-title-2297\"><p data-start=\"2850\" data-end=\"3091\">Os meses de <strong data-start=\"2862\" data-end=\"2896\">abril, maio, agosto e setembro<\/strong> s\u00e3o considerados os melhores para evitar grandes multid\u00f5es, segundo avalia\u00e7\u00f5es do Visit Iguassu Convention &amp; Visitors Bureau. Esses per\u00edodos oferecem uma experi\u00eancia mais tranquila e organizada.<\/p><\/div>\n\t\t\t\t<\/div>\n\t\t\t\t\t\t\t<div class=\"elementor-toggle-item\">\n\t\t\t\t\t<div id=\"elementor-tab-title-2298\" class=\"elementor-tab-title\" data-tab=\"8\" role=\"button\" aria-controls=\"elementor-tab-content-2298\" aria-expanded=\"false\">\n\t\t\t\t\t\t\t\t\t\t\t\t<span class=\"elementor-toggle-icon elementor-toggle-icon-left\" aria-hidden=\"true\">\n\t\t\t\t\t\t\t\t\t\t\t\t\t\t\t<span class=\"elementor-toggle-icon-closed\"><svg class=\"e-font-icon-svg e-fas-caret-right\" viewBox=\"0 0 192 512\" xmlns=\"http:\/\/www.w3.org\/2000\/svg\"><path d=\"M0 384.662V127.338c0-17.818 21.543-26.741 34.142-14.142l128.662 128.662c7.81 7.81 7.81 20.474 0 28.284L34.142 398.804C21.543 411.404 0 402.48 0 384.662z\"><\/path><\/svg><\/span>\n\t\t\t\t\t\t\t\t<span class=\"elementor-toggle-icon-opened\"><svg class=\"elementor-toggle-icon-opened e-font-icon-svg e-fas-caret-up\" viewBox=\"0 0 320 512\" xmlns=\"http:\/\/www.w3.org\/2000\/svg\"><path d=\"M288.662 352H31.338c-17.818 0-26.741-21.543-14.142-34.142l128.662-128.662c7.81-7.81 20.474-7.81 28.284 0l128.662 128.662c12.6 12.599 3.676 34.142-14.142 34.142z\"><\/path><\/svg><\/span>\n\t\t\t\t\t\t\t\t\t\t\t\t\t<\/span>\n\t\t\t\t\t\t\t\t\t\t\t\t<a class=\"elementor-toggle-title\" tabindex=\"0\">O volume de \u00e1gua das Cataratas varia muito ao longo do ano?<\/a>\n\t\t\t\t\t<\/div>\n\n\t\t\t\t\t<div id=\"elementor-tab-content-2298\" class=\"elementor-tab-content elementor-clearfix\" data-tab=\"8\" role=\"region\" aria-labelledby=\"elementor-tab-title-2298\"><p data-start=\"3165\" data-end=\"3386\">Sim. O volume de \u00e1gua \u00e9 maior no ver\u00e3o, devido \u00e0s chuvas intensas, e tende a diminuir no inverno. No entanto, mesmo nos per\u00edodos de menor vaz\u00e3o, as Cataratas do Igua\u00e7u continuam sendo um espet\u00e1culo natural impressionante.<\/p><\/div>\n\t\t\t\t<\/div>\n\t\t\t\t\t\t\t<div class=\"elementor-toggle-item\">\n\t\t\t\t\t<div id=\"elementor-tab-title-2299\" class=\"elementor-tab-title\" data-tab=\"9\" role=\"button\" aria-controls=\"elementor-tab-content-2299\" aria-expanded=\"false\">\n\t\t\t\t\t\t\t\t\t\t\t\t<span class=\"elementor-toggle-icon elementor-toggle-icon-left\" aria-hidden=\"true\">\n\t\t\t\t\t\t\t\t\t\t\t\t\t\t\t<span class=\"elementor-toggle-icon-closed\"><svg class=\"e-font-icon-svg e-fas-caret-right\" viewBox=\"0 0 192 512\" xmlns=\"http:\/\/www.w3.org\/2000\/svg\"><path d=\"M0 384.662V127.338c0-17.818 21.543-26.741 34.142-14.142l128.662 128.662c7.81 7.81 7.81 20.474 0 28.284L34.142 398.804C21.543 411.404 0 402.48 0 384.662z\"><\/path><\/svg><\/span>\n\t\t\t\t\t\t\t\t<span class=\"elementor-toggle-icon-opened\"><svg class=\"elementor-toggle-icon-opened e-font-icon-svg e-fas-caret-up\" viewBox=\"0 0 320 512\" xmlns=\"http:\/\/www.w3.org\/2000\/svg\"><path d=\"M288.662 352H31.338c-17.818 0-26.741-21.543-14.142-34.142l128.662-128.662c7.81-7.81 20.474-7.81 28.284 0l128.662 128.662c12.6 12.599 3.676 34.142-14.142 34.142z\"><\/path><\/svg><\/span>\n\t\t\t\t\t\t\t\t\t\t\t\t\t<\/span>\n\t\t\t\t\t\t\t\t\t\t\t\t<a class=\"elementor-toggle-title\" tabindex=\"0\">Como escolher a melhor \u00e9poca para visitar as Cataratas do Igua\u00e7u de acordo com meu perfil?<\/a>\n\t\t\t\t\t<\/div>\n\n\t\t\t\t\t<div id=\"elementor-tab-content-2299\" class=\"elementor-tab-content elementor-clearfix\" data-tab=\"9\" role=\"region\" aria-labelledby=\"elementor-tab-title-2299\"><ul data-start=\"3491\" data-end=\"3723\"><li data-start=\"3491\" data-end=\"3544\"><p data-start=\"3493\" data-end=\"3544\">Quer ver as cataratas no auge da for\u00e7a? Ver\u00e3o<\/p><\/li><li data-start=\"3545\" data-end=\"3606\"><p data-start=\"3547\" data-end=\"3606\">Busca equil\u00edbrio entre clima e volume de \u00e1gua? Outono<\/p><\/li><li data-start=\"3607\" data-end=\"3657\"><p data-start=\"3609\" data-end=\"3657\">Prefere conforto e menos turistas? Inverno<\/p><\/li><li data-start=\"3658\" data-end=\"3723\"><p data-start=\"3660\" data-end=\"3723\">Gosta de paisagens vibrantes e clima agrad\u00e1vel? Primavera<\/p><\/li><\/ul><p data-start=\"3725\" data-end=\"3794\">Avaliar seu estilo de viagem \u00e9 essencial para fazer a melhor escolha.<\/p><\/div>\n\t\t\t\t<\/div>\n\t\t\t\t\t\t\t<div class=\"elementor-toggle-item\">\n\t\t\t\t\t<div id=\"elementor-tab-title-22910\" class=\"elementor-tab-title\" data-tab=\"10\" role=\"button\" aria-controls=\"elementor-tab-content-22910\" aria-expanded=\"false\">\n\t\t\t\t\t\t\t\t\t\t\t\t<span class=\"elementor-toggle-icon elementor-toggle-icon-left\" aria-hidden=\"true\">\n\t\t\t\t\t\t\t\t\t\t\t\t\t\t\t<span class=\"elementor-toggle-icon-closed\"><svg class=\"e-font-icon-svg e-fas-caret-right\" viewBox=\"0 0 192 512\" xmlns=\"http:\/\/www.w3.org\/2000\/svg\"><path d=\"M0 384.662V127.338c0-17.818 21.543-26.741 34.142-14.142l128.662 128.662c7.81 7.81 7.81 20.474 0 28.284L34.142 398.804C21.543 411.404 0 402.48 0 384.662z\"><\/path><\/svg><\/span>\n\t\t\t\t\t\t\t\t<span class=\"elementor-toggle-icon-opened\"><svg class=\"elementor-toggle-icon-opened e-font-icon-svg e-fas-caret-up\" viewBox=\"0 0 320 512\" xmlns=\"http:\/\/www.w3.org\/2000\/svg\"><path d=\"M288.662 352H31.338c-17.818 0-26.741-21.543-14.142-34.142l128.662-128.662c7.81-7.81 20.474-7.81 28.284 0l128.662 128.662c12.6 12.599 3.676 34.142-14.142 34.142z\"><\/path><\/svg><\/span>\n\t\t\t\t\t\t\t\t\t\t\t\t\t<\/span>\n\t\t\t\t\t\t\t\t\t\t\t\t<a class=\"elementor-toggle-title\" tabindex=\"0\">Por que planejar a viagem com a Blumar Turismo?<\/a>\n\t\t\t\t\t<\/div>\n\n\t\t\t\t\t<div id=\"elementor-tab-content-22910\" class=\"elementor-tab-content elementor-clearfix\" data-tab=\"10\" role=\"region\" aria-labelledby=\"elementor-tab-title-22910\"><p data-start=\"3857\" data-end=\"4018\">A Blumar Turismo oferece mais de 40 anos de experi\u00eancia, roteiros personalizados e suporte completo antes, durante e ap\u00f3s a viagem.<\/p><p data-start=\"3857\" data-end=\"4018\"><strong data-start=\"3991\" data-end=\"4016\">Principais vantagens:<\/strong><\/p><ul data-start=\"4019\" data-end=\"4155\"><li data-start=\"4019\" data-end=\"4065\"><p data-start=\"4021\" data-end=\"4065\">Planejamento estrat\u00e9gico do melhor per\u00edodo<\/p><\/li><li data-start=\"4066\" data-end=\"4116\"><p data-start=\"4068\" data-end=\"4116\">Parcerias com hot\u00e9is e operadores de qualidade<\/p><\/li><li data-start=\"4117\" data-end=\"4155\"><p data-start=\"4119\" data-end=\"4155\">Atendimento personalizado e seguro<\/p><\/li><\/ul><p data-start=\"4157\" data-end=\"4295\">Com a Blumar, voc\u00ea garante n\u00e3o apenas a melhor \u00e9poca para visitar as Cataratas do Igua\u00e7u, mas uma experi\u00eancia completa e sem preocupa\u00e7\u00f5es.<\/p><\/div>\n\t\t\t\t<\/div>\n\t\t\t\t\t\t\t<div class=\"elementor-toggle-item\">\n\t\t\t\t\t<div id=\"elementor-tab-title-22911\" class=\"elementor-tab-title\" data-tab=\"11\" role=\"button\" aria-controls=\"elementor-tab-content-22911\" aria-expanded=\"false\">\n\t\t\t\t\t\t\t\t\t\t\t\t<span class=\"elementor-toggle-icon elementor-toggle-icon-left\" aria-hidden=\"true\">\n\t\t\t\t\t\t\t\t\t\t\t\t\t\t\t<span class=\"elementor-toggle-icon-closed\"><svg class=\"e-font-icon-svg e-fas-caret-right\" viewBox=\"0 0 192 512\" xmlns=\"http:\/\/www.w3.org\/2000\/svg\"><path d=\"M0 384.662V127.338c0-17.818 21.543-26.741 34.142-14.142l128.662 128.662c7.81 7.81 7.81 20.474 0 28.284L34.142 398.804C21.543 411.404 0 402.48 0 384.662z\"><\/path><\/svg><\/span>\n\t\t\t\t\t\t\t\t<span class=\"elementor-toggle-icon-opened\"><svg class=\"elementor-toggle-icon-opened e-font-icon-svg e-fas-caret-up\" viewBox=\"0 0 320 512\" xmlns=\"http:\/\/www.w3.org\/2000\/svg\"><path d=\"M288.662 352H31.338c-17.818 0-26.741-21.543-14.142-34.142l128.662-128.662c7.81-7.81 20.474-7.81 28.284 0l128.662 128.662c12.6 12.599 3.676 34.142-14.142 34.142z\"><\/path><\/svg><\/span>\n\t\t\t\t\t\t\t\t\t\t\t\t\t<\/span>\n\t\t\t\t\t\t\t\t\t\t\t\t<a class=\"elementor-toggle-title\" tabindex=\"0\">Vale a pena planejar com anteced\u00eancia a visita \u00e0s Cataratas do Igua\u00e7u?<\/a>\n\t\t\t\t\t<\/div>\n\n\t\t\t\t\t<div id=\"elementor-tab-content-22911\" class=\"elementor-tab-content elementor-clearfix\" data-tab=\"11\" role=\"region\" aria-labelledby=\"elementor-tab-title-22911\"><p data-start=\"4381\" data-end=\"4595\">Sim. Planejar com anteced\u00eancia permite escolher o melhor per\u00edodo, garantir melhores tarifas de hospedagem e evitar per\u00edodos de alta demanda. Isso resulta em mais conforto, economia e tranquilidade durante a viagem.<\/p><\/div>\n\t\t\t\t<\/div>\n\t\t\t\t\t\t\t<div class=\"elementor-toggle-item\">\n\t\t\t\t\t<div id=\"elementor-tab-title-22912\" class=\"elementor-tab-title\" data-tab=\"12\" role=\"button\" aria-controls=\"elementor-tab-content-22912\" aria-expanded=\"false\">\n\t\t\t\t\t\t\t\t\t\t\t\t<span class=\"elementor-toggle-icon elementor-toggle-icon-left\" aria-hidden=\"true\">\n\t\t\t\t\t\t\t\t\t\t\t\t\t\t\t<span class=\"elementor-toggle-icon-closed\"><svg class=\"e-font-icon-svg e-fas-caret-right\" viewBox=\"0 0 192 512\" xmlns=\"http:\/\/www.w3.org\/2000\/svg\"><path d=\"M0 384.662V127.338c0-17.818 21.543-26.741 34.142-14.142l128.662 128.662c7.81 7.81 7.81 20.474 0 28.284L34.142 398.804C21.543 411.404 0 402.48 0 384.662z\"><\/path><\/svg><\/span>\n\t\t\t\t\t\t\t\t<span class=\"elementor-toggle-icon-opened\"><svg class=\"elementor-toggle-icon-opened e-font-icon-svg e-fas-caret-up\" viewBox=\"0 0 320 512\" xmlns=\"http:\/\/www.w3.org\/2000\/svg\"><path d=\"M288.662 352H31.338c-17.818 0-26.741-21.543-14.142-34.142l128.662-128.662c7.81-7.81 20.474-7.81 28.284 0l128.662 128.662c12.6 12.599 3.676 34.142-14.142 34.142z\"><\/path><\/svg><\/span>\n\t\t\t\t\t\t\t\t\t\t\t\t\t<\/span>\n\t\t\t\t\t\t\t\t\t\t\t\t<a class=\"elementor-toggle-title\" tabindex=\"0\">As Cataratas do Igua\u00e7u s\u00e3o indicadas para todos os perfis de viajantes?<\/a>\n\t\t\t\t\t<\/div>\n\n\t\t\t\t\t<div id=\"elementor-tab-content-22912\" class=\"elementor-tab-content elementor-clearfix\" data-tab=\"12\" role=\"region\" aria-labelledby=\"elementor-tab-title-22912\"><p data-start=\"4682\" data-end=\"4858\">Sim. O destino \u00e9 ideal para casais, fam\u00edlias, aventureiros, viajantes solo e amantes da natureza, oferecendo trilhas, mirantes, passeios de barco e infraestrutura completa.<\/p><\/div>\n\t\t\t\t<\/div>\n\t\t\t\t\t\t\t\t\t\t<script type=\"application\/ld+json\">{\"@context\":\"https:\\\/\\\/schema.org\",\"@type\":\"FAQPage\",\"mainEntity\":[{\"@type\":\"Question\",\"name\":\"Qual \\u00e9 a melhor \\u00e9poca para visitar as Cataratas do Igua\\u00e7u?\",\"acceptedAnswer\":{\"@type\":\"Answer\",\"text\":\"<p data-start=\\\"325\\\" data-end=\\\"687\\\">A melhor \\u00e9poca para visitar as Cataratas do Igua\\u00e7u depende do seu perfil de viagem. De forma geral, <strong data-start=\\\"425\\\" data-end=\\\"451\\\">outono (abril a junho)<\\\/strong> e <strong data-start=\\\"454\\\" data-end=\\\"484\\\">inverno (julho a setembro)<\\\/strong> s\\u00e3o os per\\u00edodos mais equilibrados, combinando clima agrad\\u00e1vel, boa vaz\\u00e3o de \\u00e1gua e menor fluxo de turistas. J\\u00e1 o ver\\u00e3o oferece o maior volume de \\u00e1gua, enquanto a primavera traz paisagens mais vibrantes.<\\\/p>\"}},{\"@type\":\"Question\",\"name\":\"As Cataratas do Igua\\u00e7u podem ser visitadas o ano todo?\",\"acceptedAnswer\":{\"@type\":\"Answer\",\"text\":\"<p data-start=\\\"756\\\" data-end=\\\"987\\\">Sim. As Cataratas do Igua\\u00e7u s\\u00e3o um destino que pode ser visitado durante todo o ano. Cada esta\\u00e7\\u00e3o oferece uma experi\\u00eancia diferente, variando principalmente em <strong data-start=\\\"916\\\" data-end=\\\"986\\\">volume de \\u00e1gua, clima, n\\u00famero de visitantes e pre\\u00e7os de hospedagem<\\\/strong>.<\\\/p>\"}},{\"@type\":\"Question\",\"name\":\"Como \\u00e9 visitar as Cataratas do Igua\\u00e7u no ver\\u00e3o?\",\"acceptedAnswer\":{\"@type\":\"Answer\",\"text\":\"<p data-start=\\\"1049\\\" data-end=\\\"1147\\\">O ver\\u00e3o, entre dezembro e mar\\u00e7o, \\u00e9 ideal para quem busca impacto visual m\\u00e1ximo.<br data-start=\\\"1128\\\" data-end=\\\"1131\\\" \\\/><strong data-start=\\\"1131\\\" data-end=\\\"1145\\\">Vantagens:<\\\/strong><\\\/p><ul data-start=\\\"1148\\\" data-end=\\\"1228\\\"><li data-start=\\\"1148\\\" data-end=\\\"1191\\\"><p data-start=\\\"1150\\\" data-end=\\\"1191\\\">Volume de \\u00e1gua intenso e impressionante<\\\/p><\\\/li><li data-start=\\\"1192\\\" data-end=\\\"1228\\\"><p data-start=\\\"1194\\\" data-end=\\\"1228\\\">Cataratas mais largas e potentes<\\\/p><\\\/li><\\\/ul><p data-start=\\\"1230\\\" data-end=\\\"1254\\\"><strong data-start=\\\"1230\\\" data-end=\\\"1252\\\">Pontos de aten\\u00e7\\u00e3o:<\\\/strong><\\\/p><ul data-start=\\\"1255\\\" data-end=\\\"1386\\\"><li data-start=\\\"1255\\\" data-end=\\\"1305\\\"><p data-start=\\\"1257\\\" data-end=\\\"1305\\\">Calor intenso, com temperaturas acima de 35 \\u00b0C<\\\/p><\\\/li><li data-start=\\\"1306\\\" data-end=\\\"1327\\\"><p data-start=\\\"1308\\\" data-end=\\\"1327\\\">Chuvas frequentes<\\\/p><\\\/li><li data-start=\\\"1328\\\" data-end=\\\"1386\\\"><p data-start=\\\"1330\\\" data-end=\\\"1386\\\">Maior movimento de turistas devido \\u00e0s f\\u00e9rias escolares<\\\/p><\\\/li><\\\/ul><p data-start=\\\"1388\\\" data-end=\\\"1486\\\">\\u00c9 um \\u00f3timo per\\u00edodo para quem n\\u00e3o se importa com calor e quer ver as cataratas em sua for\\u00e7a m\\u00e1xima.<\\\/p>\"}},{\"@type\":\"Question\",\"name\":\"Por que o outono \\u00e9 considerado a melhor \\u00e9poca para visitar as Cataratas do Igua\\u00e7u?\",\"acceptedAnswer\":{\"@type\":\"Answer\",\"text\":\"<p data-start=\\\"1583\\\" data-end=\\\"1793\\\">O outono (abril a junho) \\u00e9 frequentemente apontado como a melhor \\u00e9poca para visitar as Cataratas do Igua\\u00e7u porque oferece um equil\\u00edbrio ideal entre clima, volume de \\u00e1gua e tranquilidade.<\\\/p><p data-start=\\\"1583\\\" data-end=\\\"1793\\\"><strong data-start=\\\"1776\\\" data-end=\\\"1791\\\">Benef\\u00edcios:<\\\/strong><\\\/p><ul data-start=\\\"1794\\\" data-end=\\\"1911\\\"><li data-start=\\\"1794\\\" data-end=\\\"1822\\\"><p data-start=\\\"1796\\\" data-end=\\\"1822\\\">Temperaturas mais amenas<\\\/p><\\\/li><li data-start=\\\"1823\\\" data-end=\\\"1850\\\"><p data-start=\\\"1825\\\" data-end=\\\"1850\\\">Boa vaz\\u00e3o das cataratas<\\\/p><\\\/li><li data-start=\\\"1851\\\" data-end=\\\"1869\\\"><p data-start=\\\"1853\\\" data-end=\\\"1869\\\">Menos turistas<\\\/p><\\\/li><li data-start=\\\"1870\\\" data-end=\\\"1911\\\"><p data-start=\\\"1872\\\" data-end=\\\"1911\\\">Melhores pre\\u00e7os de hot\\u00e9is e passagens<\\\/p><\\\/li><\\\/ul><p data-start=\\\"1913\\\" data-end=\\\"1996\\\">Esse per\\u00edodo \\u00e9 ideal para caminhadas confort\\u00e1veis e fotos sem grandes aglomera\\u00e7\\u00f5es.<\\\/p>\"}},{\"@type\":\"Question\",\"name\":\"Vale a pena visitar as Cataratas do Igua\\u00e7u no inverno?\",\"acceptedAnswer\":{\"@type\":\"Answer\",\"text\":\"<p data-start=\\\"2065\\\" data-end=\\\"2176\\\">Sim, especialmente para quem prioriza conforto e menos chuvas.<br data-start=\\\"2127\\\" data-end=\\\"2130\\\" \\\/><strong data-start=\\\"2130\\\" data-end=\\\"2174\\\">Vantagens do inverno (julho a setembro):<\\\/strong><\\\/p><ul data-start=\\\"2177\\\" data-end=\\\"2281\\\"><li data-start=\\\"2177\\\" data-end=\\\"2217\\\"><p data-start=\\\"2179\\\" data-end=\\\"2217\\\">Clima agrad\\u00e1vel, entre 10 \\u00b0C e 25 \\u00b0C<\\\/p><\\\/li><li data-start=\\\"2218\\\" data-end=\\\"2250\\\"><p data-start=\\\"2220\\\" data-end=\\\"2250\\\">Trilhas mais secas e seguras<\\\/p><\\\/li><li data-start=\\\"2251\\\" data-end=\\\"2281\\\"><p data-start=\\\"2253\\\" data-end=\\\"2281\\\">Menor incid\\u00eancia de chuvas<\\\/p><\\\/li><\\\/ul><p data-start=\\\"2283\\\" data-end=\\\"2389\\\">O volume de \\u00e1gua pode ser um pouco menor, mas continua impressionante e garante uma experi\\u00eancia memor\\u00e1vel.<\\\/p>\"}},{\"@type\":\"Question\",\"name\":\"Como \\u00e9 a experi\\u00eancia nas Cataratas do Igua\\u00e7u durante a primavera?\",\"acceptedAnswer\":{\"@type\":\"Answer\",\"text\":\"<p data-start=\\\"2469\\\" data-end=\\\"2568\\\">A primavera (outubro e novembro) \\u00e9 marcada por paisagens mais verdes e floridas.<\\\/p><p data-start=\\\"2469\\\" data-end=\\\"2568\\\"><strong data-start=\\\"2552\\\" data-end=\\\"2566\\\">Destaques:<\\\/strong><\\\/p><ul data-start=\\\"2569\\\" data-end=\\\"2643\\\"><li data-start=\\\"2569\\\" data-end=\\\"2590\\\"><p data-start=\\\"2571\\\" data-end=\\\"2590\\\">Clima equilibrado<\\\/p><\\\/li><li data-start=\\\"2591\\\" data-end=\\\"2621\\\"><p data-start=\\\"2593\\\" data-end=\\\"2621\\\">Retorno gradual das chuvas<\\\/p><\\\/li><li data-start=\\\"2622\\\" data-end=\\\"2643\\\"><p data-start=\\\"2624\\\" data-end=\\\"2643\\\">Boa vaz\\u00e3o de \\u00e1gua<\\\/p><\\\/li><\\\/ul><p data-start=\\\"2645\\\" data-end=\\\"2779\\\">\\u00c9 uma excelente alternativa para quem busca a melhor \\u00e9poca para visitar as Cataratas do Igua\\u00e7u sem os extremos do ver\\u00e3o ou do inverno.<\\\/p>\"}},{\"@type\":\"Question\",\"name\":\"Quais meses s\\u00e3o mais recomendados para evitar multid\\u00f5es?\",\"acceptedAnswer\":{\"@type\":\"Answer\",\"text\":\"<p data-start=\\\"2850\\\" data-end=\\\"3091\\\">Os meses de <strong data-start=\\\"2862\\\" data-end=\\\"2896\\\">abril, maio, agosto e setembro<\\\/strong> s\\u00e3o considerados os melhores para evitar grandes multid\\u00f5es, segundo avalia\\u00e7\\u00f5es do Visit Iguassu Convention &amp; Visitors Bureau. Esses per\\u00edodos oferecem uma experi\\u00eancia mais tranquila e organizada.<\\\/p>\"}},{\"@type\":\"Question\",\"name\":\"O volume de \\u00e1gua das Cataratas varia muito ao longo do ano?\",\"acceptedAnswer\":{\"@type\":\"Answer\",\"text\":\"<p data-start=\\\"3165\\\" data-end=\\\"3386\\\">Sim. O volume de \\u00e1gua \\u00e9 maior no ver\\u00e3o, devido \\u00e0s chuvas intensas, e tende a diminuir no inverno. No entanto, mesmo nos per\\u00edodos de menor vaz\\u00e3o, as Cataratas do Igua\\u00e7u continuam sendo um espet\\u00e1culo natural impressionante.<\\\/p>\"}},{\"@type\":\"Question\",\"name\":\"Como escolher a melhor \\u00e9poca para visitar as Cataratas do Igua\\u00e7u de acordo com meu perfil?\",\"acceptedAnswer\":{\"@type\":\"Answer\",\"text\":\"<ul data-start=\\\"3491\\\" data-end=\\\"3723\\\"><li data-start=\\\"3491\\\" data-end=\\\"3544\\\"><p data-start=\\\"3493\\\" data-end=\\\"3544\\\">Quer ver as cataratas no auge da for\\u00e7a? Ver\\u00e3o<\\\/p><\\\/li><li data-start=\\\"3545\\\" data-end=\\\"3606\\\"><p data-start=\\\"3547\\\" data-end=\\\"3606\\\">Busca equil\\u00edbrio entre clima e volume de \\u00e1gua? Outono<\\\/p><\\\/li><li data-start=\\\"3607\\\" data-end=\\\"3657\\\"><p data-start=\\\"3609\\\" data-end=\\\"3657\\\">Prefere conforto e menos turistas? Inverno<\\\/p><\\\/li><li data-start=\\\"3658\\\" data-end=\\\"3723\\\"><p data-start=\\\"3660\\\" data-end=\\\"3723\\\">Gosta de paisagens vibrantes e clima agrad\\u00e1vel? Primavera<\\\/p><\\\/li><\\\/ul><p data-start=\\\"3725\\\" data-end=\\\"3794\\\">Avaliar seu estilo de viagem \\u00e9 essencial para fazer a melhor escolha.<\\\/p>\"}},{\"@type\":\"Question\",\"name\":\"Por que planejar a viagem com a Blumar Turismo?\",\"acceptedAnswer\":{\"@type\":\"Answer\",\"text\":\"<p data-start=\\\"3857\\\" data-end=\\\"4018\\\">A Blumar Turismo oferece mais de 40 anos de experi\\u00eancia, roteiros personalizados e suporte completo antes, durante e ap\\u00f3s a viagem.<\\\/p><p data-start=\\\"3857\\\" data-end=\\\"4018\\\"><strong data-start=\\\"3991\\\" data-end=\\\"4016\\\">Principais vantagens:<\\\/strong><\\\/p><ul data-start=\\\"4019\\\" data-end=\\\"4155\\\"><li data-start=\\\"4019\\\" data-end=\\\"4065\\\"><p data-start=\\\"4021\\\" data-end=\\\"4065\\\">Planejamento estrat\\u00e9gico do melhor per\\u00edodo<\\\/p><\\\/li><li data-start=\\\"4066\\\" data-end=\\\"4116\\\"><p data-start=\\\"4068\\\" data-end=\\\"4116\\\">Parcerias com hot\\u00e9is e operadores de qualidade<\\\/p><\\\/li><li data-start=\\\"4117\\\" data-end=\\\"4155\\\"><p data-start=\\\"4119\\\" data-end=\\\"4155\\\">Atendimento personalizado e seguro<\\\/p><\\\/li><\\\/ul><p data-start=\\\"4157\\\" data-end=\\\"4295\\\">Com a Blumar, voc\\u00ea garante n\\u00e3o apenas a melhor \\u00e9poca para visitar as Cataratas do Igua\\u00e7u, mas uma experi\\u00eancia completa e sem preocupa\\u00e7\\u00f5es.<\\\/p>\"}},{\"@type\":\"Question\",\"name\":\"Vale a pena planejar com anteced\\u00eancia a visita \\u00e0s Cataratas do Igua\\u00e7u?\",\"acceptedAnswer\":{\"@type\":\"Answer\",\"text\":\"<p data-start=\\\"4381\\\" data-end=\\\"4595\\\">Sim. Planejar com anteced\\u00eancia permite escolher o melhor per\\u00edodo, garantir melhores tarifas de hospedagem e evitar per\\u00edodos de alta demanda. Isso resulta em mais conforto, economia e tranquilidade durante a viagem.<\\\/p>\"}},{\"@type\":\"Question\",\"name\":\"As Cataratas do Igua\\u00e7u s\\u00e3o indicadas para todos os perfis de viajantes?\",\"acceptedAnswer\":{\"@type\":\"Answer\",\"text\":\"<p data-start=\\\"4682\\\" data-end=\\\"4858\\\">Sim. O destino \\u00e9 ideal para casais, fam\\u00edlias, aventureiros, viajantes solo e amantes da natureza, oferecendo trilhas, mirantes, passeios de barco e infraestrutura completa.<\\\/p>\"}}]}<\/script>\n\t\t\t\t\t<\/div>\n\t\t\t\t<\/div>\n\t\t\t\t<\/div>\n\t\t\t\t\t<\/div>\n\t\t\t\t<\/div>\n\t\t\t\t\t\t\t<\/div>\n\t\t","protected":false},"excerpt":{"rendered":"<p>Visitar um dos maiores espet\u00e1culos naturais do planeta \u00e9 um sonho para muitos viajantes. As Cataratas do Igua\u00e7u impressionam em qualquer \u00e9poca do ano, mas escolher a melhor \u00e9poca para visitar as Cataratas do Igua\u00e7u pode transformar sua viagem em uma experi\u00eancia ainda mais inesquec\u00edvel. Neste guia completo, voc\u00ea vai&#46;&#46;&#46;<\/p>\n","protected":false},"author":10,"featured_media":73191,"comment_status":"open","ping_status":"closed","sticky":false,"template":"","format":"standard","meta":{"footnotes":""},"categories":[690,694],"tags":[],"class_list":["post-62230","post","type-post","status-publish","format-standard","has-post-thumbnail","hentry","category-destinos-nacionais","category-dicas-de-viagem"],"yoast_head":"<!-- This site is optimized with the Yoast SEO Premium plugin v19.4 (Yoast SEO v24.1) - https:\/\/yoast.com\/wordpress\/plugins\/seo\/ -->\n<title>A Melhor \u00c9poca para Visitar as Cataratas do Igua\u00e7u: Um Guia Completo - Blog Blumar Turismo: O Seu Portal para Viagens Extraordin\u00e1rias<\/title>\n<meta name=\"description\" content=\"Venha com a Blumar Turismo saber qual a melhor \u00e9poca para visitar as Cataratas do Igua\u00e7u. Preparamos um guia completo para voc\u00ea. Aproveite!\" \/>\n<meta name=\"robots\" content=\"index, follow, max-snippet:-1, max-image-preview:large, max-video-preview:-1\" \/>\n<link rel=\"canonical\" href=\"https:\/\/www.blumarturismo.com.br\/blog\/a-melhor-epoca-para-visitar-as-cataratas-do-iguacu-um-guia-completo\/\" \/>\n<meta property=\"og:locale\" content=\"pt_BR\" \/>\n<meta property=\"og:type\" content=\"article\" \/>\n<meta property=\"og:title\" content=\"A Melhor \u00c9poca para Visitar as Cataratas do Igua\u00e7u: Um Guia Completo\" \/>\n<meta property=\"og:description\" content=\"Venha com a Blumar Turismo saber qual a melhor \u00e9poca para visitar as Cataratas do Igua\u00e7u. Preparamos um guia completo para voc\u00ea. Aproveite!\" \/>\n<meta property=\"og:url\" content=\"https:\/\/www.blumarturismo.com.br\/blog\/a-melhor-epoca-para-visitar-as-cataratas-do-iguacu-um-guia-completo\/\" \/>\n<meta property=\"og:site_name\" content=\"Blog Blumar Turismo: O Seu Portal para Viagens Extraordin\u00e1rias\" \/>\n<meta property=\"article:publisher\" content=\"https:\/\/www.facebook.com\/blumarviagenseturismo\" \/>\n<meta property=\"article:author\" content=\"https:\/\/www.facebook.com\/blumarviagenseturismo\" \/>\n<meta property=\"article:published_time\" content=\"2025-12-18T13:55:59+00:00\" \/>\n<meta property=\"article:modified_time\" content=\"2026-01-05T21:06:28+00:00\" \/>\n<meta property=\"og:image\" content=\"https:\/\/www.blumarturismo.com.br\/blog\/wp-content\/uploads\/2024\/09\/shutterstock_2704110059-min.jpg\" \/>\n\t<meta property=\"og:image:width\" content=\"1000\" \/>\n\t<meta property=\"og:image:height\" content=\"666\" \/>\n\t<meta property=\"og:image:type\" content=\"image\/jpeg\" \/>\n<meta name=\"author\" content=\"Blumar Turismo\" \/>\n<meta name=\"twitter:card\" content=\"summary_large_image\" \/>\n<meta name=\"twitter:label1\" content=\"Escrito por\" \/>\n\t<meta name=\"twitter:data1\" content=\"Blumar Turismo\" \/>\n\t<meta name=\"twitter:label2\" content=\"Est. tempo de leitura\" \/>\n\t<meta name=\"twitter:data2\" content=\"72 minutos\" \/>\n<script type=\"application\/ld+json\" class=\"yoast-schema-graph\">{\"@context\":\"https:\/\/schema.org\",\"@graph\":[{\"@type\":\"Article\",\"@id\":\"https:\/\/www.blumarturismo.com.br\/blog\/a-melhor-epoca-para-visitar-as-cataratas-do-iguacu-um-guia-completo\/#article\",\"isPartOf\":{\"@id\":\"https:\/\/www.blumarturismo.com.br\/blog\/a-melhor-epoca-para-visitar-as-cataratas-do-iguacu-um-guia-completo\/\"},\"author\":{\"name\":\"Blumar Turismo\",\"@id\":\"https:\/\/www.blumarturismo.com.br\/blog\/#\/schema\/person\/8c5b522f6a79142bafca484c4604fba7\"},\"headline\":\"A Melhor \u00c9poca para Visitar as Cataratas do Igua\u00e7u: Um Guia Completo\",\"datePublished\":\"2025-12-18T13:55:59+00:00\",\"dateModified\":\"2026-01-05T21:06:28+00:00\",\"mainEntityOfPage\":{\"@id\":\"https:\/\/www.blumarturismo.com.br\/blog\/a-melhor-epoca-para-visitar-as-cataratas-do-iguacu-um-guia-completo\/\"},\"wordCount\":1688,\"commentCount\":0,\"publisher\":{\"@id\":\"https:\/\/www.blumarturismo.com.br\/blog\/#organization\"},\"image\":{\"@id\":\"https:\/\/www.blumarturismo.com.br\/blog\/a-melhor-epoca-para-visitar-as-cataratas-do-iguacu-um-guia-completo\/#primaryimage\"},\"thumbnailUrl\":\"https:\/\/www.blumarturismo.com.br\/blog\/wp-content\/uploads\/2024\/09\/shutterstock_2704110059-min.jpg\",\"articleSection\":[\"Destinos Nacionais\",\"Dicas de Viagem\"],\"inLanguage\":\"pt-BR\",\"potentialAction\":[{\"@type\":\"CommentAction\",\"name\":\"Comment\",\"target\":[\"https:\/\/www.blumarturismo.com.br\/blog\/a-melhor-epoca-para-visitar-as-cataratas-do-iguacu-um-guia-completo\/#respond\"]}]},{\"@type\":\"WebPage\",\"@id\":\"https:\/\/www.blumarturismo.com.br\/blog\/a-melhor-epoca-para-visitar-as-cataratas-do-iguacu-um-guia-completo\/\",\"url\":\"https:\/\/www.blumarturismo.com.br\/blog\/a-melhor-epoca-para-visitar-as-cataratas-do-iguacu-um-guia-completo\/\",\"name\":\"A Melhor \u00c9poca para Visitar as Cataratas do Igua\u00e7u: Um Guia Completo - Blog Blumar Turismo: O Seu Portal para Viagens Extraordin\u00e1rias\",\"isPartOf\":{\"@id\":\"https:\/\/www.blumarturismo.com.br\/blog\/#website\"},\"primaryImageOfPage\":{\"@id\":\"https:\/\/www.blumarturismo.com.br\/blog\/a-melhor-epoca-para-visitar-as-cataratas-do-iguacu-um-guia-completo\/#primaryimage\"},\"image\":{\"@id\":\"https:\/\/www.blumarturismo.com.br\/blog\/a-melhor-epoca-para-visitar-as-cataratas-do-iguacu-um-guia-completo\/#primaryimage\"},\"thumbnailUrl\":\"https:\/\/www.blumarturismo.com.br\/blog\/wp-content\/uploads\/2024\/09\/shutterstock_2704110059-min.jpg\",\"datePublished\":\"2025-12-18T13:55:59+00:00\",\"dateModified\":\"2026-01-05T21:06:28+00:00\",\"description\":\"Venha com a Blumar Turismo saber qual a melhor \u00e9poca para visitar as Cataratas do Igua\u00e7u. Preparamos um guia completo para voc\u00ea. Aproveite!\",\"breadcrumb\":{\"@id\":\"https:\/\/www.blumarturismo.com.br\/blog\/a-melhor-epoca-para-visitar-as-cataratas-do-iguacu-um-guia-completo\/#breadcrumb\"},\"inLanguage\":\"pt-BR\",\"potentialAction\":[{\"@type\":\"ReadAction\",\"target\":[\"https:\/\/www.blumarturismo.com.br\/blog\/a-melhor-epoca-para-visitar-as-cataratas-do-iguacu-um-guia-completo\/\"]}]},{\"@type\":\"ImageObject\",\"inLanguage\":\"pt-BR\",\"@id\":\"https:\/\/www.blumarturismo.com.br\/blog\/a-melhor-epoca-para-visitar-as-cataratas-do-iguacu-um-guia-completo\/#primaryimage\",\"url\":\"https:\/\/www.blumarturismo.com.br\/blog\/wp-content\/uploads\/2024\/09\/shutterstock_2704110059-min.jpg\",\"contentUrl\":\"https:\/\/www.blumarturismo.com.br\/blog\/wp-content\/uploads\/2024\/09\/shutterstock_2704110059-min.jpg\",\"width\":1000,\"height\":666,\"caption\":\"Foto: Cavan-Images \/ Shutterstock.com\"},{\"@type\":\"BreadcrumbList\",\"@id\":\"https:\/\/www.blumarturismo.com.br\/blog\/a-melhor-epoca-para-visitar-as-cataratas-do-iguacu-um-guia-completo\/#breadcrumb\",\"itemListElement\":[{\"@type\":\"ListItem\",\"position\":1,\"name\":\"In\u00edcio\",\"item\":\"https:\/\/www.blumarturismo.com.br\/blog\/\"},{\"@type\":\"ListItem\",\"position\":2,\"name\":\"A Melhor \u00c9poca para Visitar as Cataratas do Igua\u00e7u: Um Guia Completo\"}]},{\"@type\":\"WebSite\",\"@id\":\"https:\/\/www.blumarturismo.com.br\/blog\/#website\",\"url\":\"https:\/\/www.blumarturismo.com.br\/blog\/\",\"name\":\"Blog Blumar Turismo: O Seu Portal para Viagens Extraordin\u00e1rias\",\"description\":\"Viajar \u00e9 nossa paix\u00e3o e expertise, e agora compartilhamos isso com voc\u00ea atrav\u00e9s do nosso blog. Com mais de 30 anos de hist\u00f3ria, a Blumar Turismo \u00e9 seu parceiro confi\u00e1vel para aventuras memor\u00e1veis. Explore conosco\",\"publisher\":{\"@id\":\"https:\/\/www.blumarturismo.com.br\/blog\/#organization\"},\"potentialAction\":[{\"@type\":\"SearchAction\",\"target\":{\"@type\":\"EntryPoint\",\"urlTemplate\":\"https:\/\/www.blumarturismo.com.br\/blog\/?s={search_term_string}\"},\"query-input\":{\"@type\":\"PropertyValueSpecification\",\"valueRequired\":true,\"valueName\":\"search_term_string\"}}],\"inLanguage\":\"pt-BR\"},{\"@type\":\"Organization\",\"@id\":\"https:\/\/www.blumarturismo.com.br\/blog\/#organization\",\"name\":\"Blumar Turismo\",\"url\":\"https:\/\/www.blumarturismo.com.br\/blog\/\",\"logo\":{\"@type\":\"ImageObject\",\"inLanguage\":\"pt-BR\",\"@id\":\"https:\/\/www.blumarturismo.com.br\/blog\/#\/schema\/logo\/image\/\",\"url\":\"https:\/\/www.blumarturismo.com.br\/blog\/wp-content\/uploads\/2020\/11\/cropped-logo_blumar_nacional2-2.jpg\",\"contentUrl\":\"https:\/\/www.blumarturismo.com.br\/blog\/wp-content\/uploads\/2020\/11\/cropped-logo_blumar_nacional2-2.jpg\",\"width\":167,\"height\":50,\"caption\":\"Blumar Turismo\"},\"image\":{\"@id\":\"https:\/\/www.blumarturismo.com.br\/blog\/#\/schema\/logo\/image\/\"},\"sameAs\":[\"https:\/\/www.facebook.com\/blumarviagenseturismo\",\"https:\/\/www.instagram.com\/blumarturismo\/\"]},{\"@type\":\"Person\",\"@id\":\"https:\/\/www.blumarturismo.com.br\/blog\/#\/schema\/person\/8c5b522f6a79142bafca484c4604fba7\",\"name\":\"Blumar Turismo\",\"image\":{\"@type\":\"ImageObject\",\"inLanguage\":\"pt-BR\",\"@id\":\"https:\/\/www.blumarturismo.com.br\/blog\/#\/schema\/person\/image\/\",\"url\":\"https:\/\/secure.gravatar.com\/avatar\/18a47e99a2b3ce558e7834aabf1bb475e0ae3a970dea40e74a2d2b71531fbe3b?s=96&d=mm&r=g\",\"contentUrl\":\"https:\/\/secure.gravatar.com\/avatar\/18a47e99a2b3ce558e7834aabf1bb475e0ae3a970dea40e74a2d2b71531fbe3b?s=96&d=mm&r=g\",\"caption\":\"Blumar Turismo\"},\"description\":\"Com uma trajet\u00f3ria consolidada de mais de 30 anos no setor de turismo, a Blumar Turismo se estabeleceu como l\u00edder gra\u00e7as ao seu compromisso cont\u00ednuo com a qualidade e satisfa\u00e7\u00e3o do cliente. Nossa experi\u00eancia traduz-se em viagens que v\u00e3o al\u00e9m da expectativa. Nosso Legado: 1. Expertise e Excel\u00eancia: Com tr\u00eas d\u00e9cadas de dedica\u00e7\u00e3o, aprofundamos nossa expertise para oferecer servi\u00e7os de viagem personalizados e de alto padr\u00e3o. Cada viagem, seja econ\u00f4mica ou de luxo, \u00e9 meticulosamente projetada para garantir experi\u00eancias not\u00e1veis. 2. Vanguarda em Inova\u00e7\u00e3o e Tecnologia: Nossa miss\u00e3o \u00e9 sempre liderar, incorporando as solu\u00e7\u00f5es mais avan\u00e7adas em produtos e tecnologias. A inova\u00e7\u00e3o \u00e9 intr\u00ednseca \u00e0 Blumar, permitindo-nos aprimorar constantemente a experi\u00eancia de viagem de nossos clientes. 3. Nossa Equipe, Nosso Diferencial: O verdadeiro motor da Blumar Turismo \u00e9 nossa equipe de profissionais. Com paix\u00e3o e dedica\u00e7\u00e3o, eles garantem que cada itiner\u00e1rio se transforme em uma experi\u00eancia \u00fanica e memor\u00e1vel. Seu comprometimento \u00e9 o que nos faz ganhar a confian\u00e7a de nossos clientes repetidamente. Na Blumar, n\u00e3o se trata apenas de vender pacotes de viagem, mas de projetar experi\u00eancias. Nossos roteiros prometem criar mem\u00f3rias duradouras, proporcionando viagens ricas em descobertas e emo\u00e7\u00f5es. Cremos que viajar \u00e9 uma forma de enriquecimento pessoal, explorando novas perspectivas e redefinindo-se a cada novo destino. Explore o mundo com a Blumar Turismo e torne sua jornada verdadeiramente extraordin\u00e1ria.\",\"sameAs\":[\"https:\/\/www.facebook.com\/blumarviagenseturismo\",\"https:\/\/www.instagram.com\/blumarturismo\/\",\"https:\/\/www.linkedin.com\/company\/blumar-turismo\/\",\"https:\/\/www.youtube.com\/@BlumarTurismo\"],\"award\":[\"2002 | 7th World Petroleum Congress & Rio Oil & Gas Expo\",\"2003 | 27\u00ba International Congress on Occupational Health - ICOH\",\"2004 | IOF World Congress on Osteoporosis 2004\",\"2005 | XXV Brazilian Congress on Rheumatology\",\"2006 | 3rd World Congress on AIDS\",\"2007 | 66th FIP Congress of Pharmacy and Pharmaceutical Sciences\",\"2008 | 62\u00ba Congresso Brasileiro de Cardiologia\",\"2009 | 3rd World Congress of Pediatric Gastroenterology Hepatology and Nutrition\",\"2010 | Pr\u00eamio Caio da D\u00e9cada - Jacar\u00e9 de Diamante - pelo 3rd World Congress on AIDS\",\"2011 | XIV Congresso SOBRICE\",\"2012 | XVIII Congresso da Sociedade Brasileira de Diabetes\",\"2013 | 67\u00ba Congresso da Sociedade Brasileira de Dermatologia\",\"2016 | Congresso Mundial da Propriedade Intelectual da AIPPI\"],\"knowsAbout\":[\"Turismo de Luxo\",\"Consultoria Personalizada\",\"Opera\u00e7\u00e3o de Programas Tur\u00edsticos Customizados\",\"Tours Variados\",\"Sele\u00e7\u00e3o de Hot\u00e9is e Experi\u00eancias Inesquec\u00edveis\"],\"knowsLanguage\":[\"Ingles\",\"Portugu\u00eas\",\"Espanhol\"],\"jobTitle\":\"Operadora de Turismo e Ag\u00eancia de Viagens\",\"worksFor\":\"Blumar Turismo\",\"url\":\"https:\/\/www.blumarturismo.com.br\/blog\/author\/guilherme\/\"}]}<\/script>\n<!-- \/ Yoast SEO Premium plugin. -->","yoast_head_json":{"title":"A Melhor \u00c9poca para Visitar as Cataratas do Igua\u00e7u: Um Guia Completo - Blog Blumar Turismo: O Seu Portal para Viagens Extraordin\u00e1rias","description":"Venha com a Blumar Turismo saber qual a melhor \u00e9poca para visitar as Cataratas do Igua\u00e7u. Preparamos um guia completo para voc\u00ea. Aproveite!","robots":{"index":"index","follow":"follow","max-snippet":"max-snippet:-1","max-image-preview":"max-image-preview:large","max-video-preview":"max-video-preview:-1"},"canonical":"https:\/\/www.blumarturismo.com.br\/blog\/a-melhor-epoca-para-visitar-as-cataratas-do-iguacu-um-guia-completo\/","og_locale":"pt_BR","og_type":"article","og_title":"A Melhor \u00c9poca para Visitar as Cataratas do Igua\u00e7u: Um Guia Completo","og_description":"Venha com a Blumar Turismo saber qual a melhor \u00e9poca para visitar as Cataratas do Igua\u00e7u. Preparamos um guia completo para voc\u00ea. Aproveite!","og_url":"https:\/\/www.blumarturismo.com.br\/blog\/a-melhor-epoca-para-visitar-as-cataratas-do-iguacu-um-guia-completo\/","og_site_name":"Blog Blumar Turismo: O Seu Portal para Viagens Extraordin\u00e1rias","article_publisher":"https:\/\/www.facebook.com\/blumarviagenseturismo","article_author":"https:\/\/www.facebook.com\/blumarviagenseturismo","article_published_time":"2025-12-18T13:55:59+00:00","article_modified_time":"2026-01-05T21:06:28+00:00","og_image":[{"width":1000,"height":666,"url":"https:\/\/www.blumarturismo.com.br\/blog\/wp-content\/uploads\/2024\/09\/shutterstock_2704110059-min.jpg","type":"image\/jpeg"}],"author":"Blumar Turismo","twitter_card":"summary_large_image","twitter_misc":{"Escrito por":"Blumar Turismo","Est. tempo de leitura":"72 minutos"},"schema":{"@context":"https:\/\/schema.org","@graph":[{"@type":"Article","@id":"https:\/\/www.blumarturismo.com.br\/blog\/a-melhor-epoca-para-visitar-as-cataratas-do-iguacu-um-guia-completo\/#article","isPartOf":{"@id":"https:\/\/www.blumarturismo.com.br\/blog\/a-melhor-epoca-para-visitar-as-cataratas-do-iguacu-um-guia-completo\/"},"author":{"name":"Blumar Turismo","@id":"https:\/\/www.blumarturismo.com.br\/blog\/#\/schema\/person\/8c5b522f6a79142bafca484c4604fba7"},"headline":"A Melhor \u00c9poca para Visitar as Cataratas do Igua\u00e7u: Um Guia Completo","datePublished":"2025-12-18T13:55:59+00:00","dateModified":"2026-01-05T21:06:28+00:00","mainEntityOfPage":{"@id":"https:\/\/www.blumarturismo.com.br\/blog\/a-melhor-epoca-para-visitar-as-cataratas-do-iguacu-um-guia-completo\/"},"wordCount":1688,"commentCount":0,"publisher":{"@id":"https:\/\/www.blumarturismo.com.br\/blog\/#organization"},"image":{"@id":"https:\/\/www.blumarturismo.com.br\/blog\/a-melhor-epoca-para-visitar-as-cataratas-do-iguacu-um-guia-completo\/#primaryimage"},"thumbnailUrl":"https:\/\/www.blumarturismo.com.br\/blog\/wp-content\/uploads\/2024\/09\/shutterstock_2704110059-min.jpg","articleSection":["Destinos Nacionais","Dicas de Viagem"],"inLanguage":"pt-BR","potentialAction":[{"@type":"CommentAction","name":"Comment","target":["https:\/\/www.blumarturismo.com.br\/blog\/a-melhor-epoca-para-visitar-as-cataratas-do-iguacu-um-guia-completo\/#respond"]}]},{"@type":"WebPage","@id":"https:\/\/www.blumarturismo.com.br\/blog\/a-melhor-epoca-para-visitar-as-cataratas-do-iguacu-um-guia-completo\/","url":"https:\/\/www.blumarturismo.com.br\/blog\/a-melhor-epoca-para-visitar-as-cataratas-do-iguacu-um-guia-completo\/","name":"A Melhor \u00c9poca para Visitar as Cataratas do Igua\u00e7u: Um Guia Completo - Blog Blumar Turismo: O Seu Portal para Viagens Extraordin\u00e1rias","isPartOf":{"@id":"https:\/\/www.blumarturismo.com.br\/blog\/#website"},"primaryImageOfPage":{"@id":"https:\/\/www.blumarturismo.com.br\/blog\/a-melhor-epoca-para-visitar-as-cataratas-do-iguacu-um-guia-completo\/#primaryimage"},"image":{"@id":"https:\/\/www.blumarturismo.com.br\/blog\/a-melhor-epoca-para-visitar-as-cataratas-do-iguacu-um-guia-completo\/#primaryimage"},"thumbnailUrl":"https:\/\/www.blumarturismo.com.br\/blog\/wp-content\/uploads\/2024\/09\/shutterstock_2704110059-min.jpg","datePublished":"2025-12-18T13:55:59+00:00","dateModified":"2026-01-05T21:06:28+00:00","description":"Venha com a Blumar Turismo saber qual a melhor \u00e9poca para visitar as Cataratas do Igua\u00e7u. Preparamos um guia completo para voc\u00ea. Aproveite!","breadcrumb":{"@id":"https:\/\/www.blumarturismo.com.br\/blog\/a-melhor-epoca-para-visitar-as-cataratas-do-iguacu-um-guia-completo\/#breadcrumb"},"inLanguage":"pt-BR","potentialAction":[{"@type":"ReadAction","target":["https:\/\/www.blumarturismo.com.br\/blog\/a-melhor-epoca-para-visitar-as-cataratas-do-iguacu-um-guia-completo\/"]}]},{"@type":"ImageObject","inLanguage":"pt-BR","@id":"https:\/\/www.blumarturismo.com.br\/blog\/a-melhor-epoca-para-visitar-as-cataratas-do-iguacu-um-guia-completo\/#primaryimage","url":"https:\/\/www.blumarturismo.com.br\/blog\/wp-content\/uploads\/2024\/09\/shutterstock_2704110059-min.jpg","contentUrl":"https:\/\/www.blumarturismo.com.br\/blog\/wp-content\/uploads\/2024\/09\/shutterstock_2704110059-min.jpg","width":1000,"height":666,"caption":"Foto: Cavan-Images \/ Shutterstock.com"},{"@type":"BreadcrumbList","@id":"https:\/\/www.blumarturismo.com.br\/blog\/a-melhor-epoca-para-visitar-as-cataratas-do-iguacu-um-guia-completo\/#breadcrumb","itemListElement":[{"@type":"ListItem","position":1,"name":"In\u00edcio","item":"https:\/\/www.blumarturismo.com.br\/blog\/"},{"@type":"ListItem","position":2,"name":"A Melhor \u00c9poca para Visitar as Cataratas do Igua\u00e7u: Um Guia Completo"}]},{"@type":"WebSite","@id":"https:\/\/www.blumarturismo.com.br\/blog\/#website","url":"https:\/\/www.blumarturismo.com.br\/blog\/","name":"Blog Blumar Turismo: O Seu Portal para Viagens Extraordin\u00e1rias","description":"Viajar \u00e9 nossa paix\u00e3o e expertise, e agora compartilhamos isso com voc\u00ea atrav\u00e9s do nosso blog. Com mais de 30 anos de hist\u00f3ria, a Blumar Turismo \u00e9 seu parceiro confi\u00e1vel para aventuras memor\u00e1veis. Explore conosco","publisher":{"@id":"https:\/\/www.blumarturismo.com.br\/blog\/#organization"},"potentialAction":[{"@type":"SearchAction","target":{"@type":"EntryPoint","urlTemplate":"https:\/\/www.blumarturismo.com.br\/blog\/?s={search_term_string}"},"query-input":{"@type":"PropertyValueSpecification","valueRequired":true,"valueName":"search_term_string"}}],"inLanguage":"pt-BR"},{"@type":"Organization","@id":"https:\/\/www.blumarturismo.com.br\/blog\/#organization","name":"Blumar Turismo","url":"https:\/\/www.blumarturismo.com.br\/blog\/","logo":{"@type":"ImageObject","inLanguage":"pt-BR","@id":"https:\/\/www.blumarturismo.com.br\/blog\/#\/schema\/logo\/image\/","url":"https:\/\/www.blumarturismo.com.br\/blog\/wp-content\/uploads\/2020\/11\/cropped-logo_blumar_nacional2-2.jpg","contentUrl":"https:\/\/www.blumarturismo.com.br\/blog\/wp-content\/uploads\/2020\/11\/cropped-logo_blumar_nacional2-2.jpg","width":167,"height":50,"caption":"Blumar Turismo"},"image":{"@id":"https:\/\/www.blumarturismo.com.br\/blog\/#\/schema\/logo\/image\/"},"sameAs":["https:\/\/www.facebook.com\/blumarviagenseturismo","https:\/\/www.instagram.com\/blumarturismo\/"]},{"@type":"Person","@id":"https:\/\/www.blumarturismo.com.br\/blog\/#\/schema\/person\/8c5b522f6a79142bafca484c4604fba7","name":"Blumar Turismo","image":{"@type":"ImageObject","inLanguage":"pt-BR","@id":"https:\/\/www.blumarturismo.com.br\/blog\/#\/schema\/person\/image\/","url":"https:\/\/secure.gravatar.com\/avatar\/18a47e99a2b3ce558e7834aabf1bb475e0ae3a970dea40e74a2d2b71531fbe3b?s=96&d=mm&r=g","contentUrl":"https:\/\/secure.gravatar.com\/avatar\/18a47e99a2b3ce558e7834aabf1bb475e0ae3a970dea40e74a2d2b71531fbe3b?s=96&d=mm&r=g","caption":"Blumar Turismo"},"description":"Com uma trajet\u00f3ria consolidada de mais de 30 anos no setor de turismo, a Blumar Turismo se estabeleceu como l\u00edder gra\u00e7as ao seu compromisso cont\u00ednuo com a qualidade e satisfa\u00e7\u00e3o do cliente. Nossa experi\u00eancia traduz-se em viagens que v\u00e3o al\u00e9m da expectativa. Nosso Legado: 1. Expertise e Excel\u00eancia: Com tr\u00eas d\u00e9cadas de dedica\u00e7\u00e3o, aprofundamos nossa expertise para oferecer servi\u00e7os de viagem personalizados e de alto padr\u00e3o. Cada viagem, seja econ\u00f4mica ou de luxo, \u00e9 meticulosamente projetada para garantir experi\u00eancias not\u00e1veis. 2. Vanguarda em Inova\u00e7\u00e3o e Tecnologia: Nossa miss\u00e3o \u00e9 sempre liderar, incorporando as solu\u00e7\u00f5es mais avan\u00e7adas em produtos e tecnologias. A inova\u00e7\u00e3o \u00e9 intr\u00ednseca \u00e0 Blumar, permitindo-nos aprimorar constantemente a experi\u00eancia de viagem de nossos clientes. 3. Nossa Equipe, Nosso Diferencial: O verdadeiro motor da Blumar Turismo \u00e9 nossa equipe de profissionais. Com paix\u00e3o e dedica\u00e7\u00e3o, eles garantem que cada itiner\u00e1rio se transforme em uma experi\u00eancia \u00fanica e memor\u00e1vel. Seu comprometimento \u00e9 o que nos faz ganhar a confian\u00e7a de nossos clientes repetidamente. Na Blumar, n\u00e3o se trata apenas de vender pacotes de viagem, mas de projetar experi\u00eancias. Nossos roteiros prometem criar mem\u00f3rias duradouras, proporcionando viagens ricas em descobertas e emo\u00e7\u00f5es. Cremos que viajar \u00e9 uma forma de enriquecimento pessoal, explorando novas perspectivas e redefinindo-se a cada novo destino. Explore o mundo com a Blumar Turismo e torne sua jornada verdadeiramente extraordin\u00e1ria.","sameAs":["https:\/\/www.facebook.com\/blumarviagenseturismo","https:\/\/www.instagram.com\/blumarturismo\/","https:\/\/www.linkedin.com\/company\/blumar-turismo\/","https:\/\/www.youtube.com\/@BlumarTurismo"],"award":["2002 | 7th World Petroleum Congress & Rio Oil & Gas Expo","2003 | 27\u00ba International Congress on Occupational Health - ICOH","2004 | IOF World Congress on Osteoporosis 2004","2005 | XXV Brazilian Congress on Rheumatology","2006 | 3rd World Congress on AIDS","2007 | 66th FIP Congress of Pharmacy and Pharmaceutical Sciences","2008 | 62\u00ba Congresso Brasileiro de Cardiologia","2009 | 3rd World Congress of Pediatric Gastroenterology Hepatology and Nutrition","2010 | Pr\u00eamio Caio da D\u00e9cada - Jacar\u00e9 de Diamante - pelo 3rd World Congress on AIDS","2011 | XIV Congresso SOBRICE","2012 | XVIII Congresso da Sociedade Brasileira de Diabetes","2013 | 67\u00ba Congresso da Sociedade Brasileira de Dermatologia","2016 | Congresso Mundial da Propriedade Intelectual da AIPPI"],"knowsAbout":["Turismo de Luxo","Consultoria Personalizada","Opera\u00e7\u00e3o de Programas Tur\u00edsticos Customizados","Tours Variados","Sele\u00e7\u00e3o de Hot\u00e9is e Experi\u00eancias Inesquec\u00edveis"],"knowsLanguage":["Ingles","Portugu\u00eas","Espanhol"],"jobTitle":"Operadora de Turismo e Ag\u00eancia de Viagens","worksFor":"Blumar Turismo","url":"https:\/\/www.blumarturismo.com.br\/blog\/author\/guilherme\/"}]}},"_links":{"self":[{"href":"https:\/\/www.blumarturismo.com.br\/blog\/wp-json\/wp\/v2\/posts\/62230","targetHints":{"allow":["GET"]}}],"collection":[{"href":"https:\/\/www.blumarturismo.com.br\/blog\/wp-json\/wp\/v2\/posts"}],"about":[{"href":"https:\/\/www.blumarturismo.com.br\/blog\/wp-json\/wp\/v2\/types\/post"}],"author":[{"embeddable":true,"href":"https:\/\/www.blumarturismo.com.br\/blog\/wp-json\/wp\/v2\/users\/10"}],"replies":[{"embeddable":true,"href":"https:\/\/www.blumarturismo.com.br\/blog\/wp-json\/wp\/v2\/comments?post=62230"}],"version-history":[{"count":64,"href":"https:\/\/www.blumarturismo.com.br\/blog\/wp-json\/wp\/v2\/posts\/62230\/revisions"}],"predecessor-version":[{"id":73269,"href":"https:\/\/www.blumarturismo.com.br\/blog\/wp-json\/wp\/v2\/posts\/62230\/revisions\/73269"}],"wp:featuredmedia":[{"embeddable":true,"href":"https:\/\/www.blumarturismo.com.br\/blog\/wp-json\/wp\/v2\/media\/73191"}],"wp:attachment":[{"href":"https:\/\/www.blumarturismo.com.br\/blog\/wp-json\/wp\/v2\/media?parent=62230"}],"wp:term":[{"taxonomy":"category","embeddable":true,"href":"https:\/\/www.blumarturismo.com.br\/blog\/wp-json\/wp\/v2\/categories?post=62230"},{"taxonomy":"post_tag","embeddable":true,"href":"https:\/\/www.blumarturismo.com.br\/blog\/wp-json\/wp\/v2\/tags?post=62230"}],"curies":[{"name":"wp","href":"https:\/\/api.w.org\/{rel}","templated":true}]}}