{"id":63607,"date":"2024-10-21T13:58:41","date_gmt":"2024-10-21T16:58:41","guid":{"rendered":"https:\/\/www.blumarturismo.com.br\/blog\/?p=63607"},"modified":"2025-03-21T11:45:31","modified_gmt":"2025-03-21T14:45:31","slug":"agencias-de-viagem-que-oferecem-a-rota-das-emocoes-2025","status":"publish","type":"post","link":"https:\/\/www.blumarturismo.com.br\/blog\/agencias-de-viagem-que-oferecem-a-rota-das-emocoes-2025\/","title":{"rendered":"Ag\u00eancias de viagem que oferecem a Rota das Emo\u00e7\u00f5es 2025"},"content":{"rendered":"\t\t<div data-elementor-type=\"wp-post\" data-elementor-id=\"63607\" class=\"elementor elementor-63607\" data-elementor-post-type=\"post\">\n\t\t\t\t\t\t\t<div class=\"elementor-element elementor-element-0447972 e-flex e-con-boxed e-con e-parent\" data-id=\"0447972\" data-element_type=\"container\" data-settings=\"{&quot;content_width&quot;:&quot;boxed&quot;}\" data-core-v316-plus=\"true\">\n\t\t\t\t\t<div class=\"e-con-inner\">\n\t\t\t\t<div class=\"elementor-element elementor-element-bb1fd18 elementor-widget elementor-widget-text-editor\" data-id=\"bb1fd18\" data-element_type=\"widget\" data-widget_type=\"text-editor.default\">\n\t\t\t\t<div class=\"elementor-widget-container\">\n\t\t\t<style>\/*! elementor - v3.16.0 - 13-09-2023 *\/\n.elementor-widget-text-editor.elementor-drop-cap-view-stacked .elementor-drop-cap{background-color:#69727d;color:#fff}.elementor-widget-text-editor.elementor-drop-cap-view-framed .elementor-drop-cap{color:#69727d;border:3px solid;background-color:transparent}.elementor-widget-text-editor:not(.elementor-drop-cap-view-default) .elementor-drop-cap{margin-top:8px}.elementor-widget-text-editor:not(.elementor-drop-cap-view-default) .elementor-drop-cap-letter{width:1em;height:1em}.elementor-widget-text-editor .elementor-drop-cap{float:left;text-align:center;line-height:1;font-size:50px}.elementor-widget-text-editor .elementor-drop-cap-letter{display:inline-block}<\/style>\t\t\t\t<p data-pm-slice=\"1 1 []\">Viajar pela <strong><a href=\"https:\/\/ofertas.blumarturismo.com.br\/rota-das-emocoes\">Rota das Emo\u00e7\u00f5es<\/a><\/strong> \u00e9 uma experi\u00eancia \u00fanica, repleta de paisagens deslumbrantes e imers\u00e3o cultural. Se voc\u00ea est\u00e1 planejando essa jornada inesquec\u00edvel para 2025, escolher a ag\u00eancia de viagem certa \u00e9 essencial para garantir uma viagem segura, organizada e com o m\u00e1ximo de aproveitamento. Diversas ag\u00eancias oferecem pacotes para a Rota das Emo\u00e7\u00f5es, mas hoje vamos destacar a Blumar Turismo, especialista nesse destino t\u00e3o especial, que se diferencia pela excel\u00eancia no atendimento e personaliza\u00e7\u00e3o de roteiros.<\/p>\t\t\t\t\t\t<\/div>\n\t\t\t\t<\/div>\n\t\t\t\t<div class=\"elementor-element elementor-element-73519ba elementor-widget elementor-widget-video\" data-id=\"73519ba\" data-element_type=\"widget\" data-settings=\"{&quot;youtube_url&quot;:&quot;https:\\\/\\\/www.youtube.com\\\/watch?v=RmfzIngq8k8&quot;,&quot;video_type&quot;:&quot;youtube&quot;,&quot;controls&quot;:&quot;yes&quot;}\" data-widget_type=\"video.default\">\n\t\t\t\t<div class=\"elementor-widget-container\">\n\t\t\t<style>\/*! elementor - v3.16.0 - 13-09-2023 *\/\n.elementor-widget-video .elementor-widget-container{overflow:hidden;transform:translateZ(0)}.elementor-widget-video .elementor-wrapper{aspect-ratio:var(--video-aspect-ratio)}.elementor-widget-video .elementor-wrapper iframe,.elementor-widget-video .elementor-wrapper video{height:100%;width:100%;display:flex;border:none;background-color:#000}@supports not (aspect-ratio:1\/1){.elementor-widget-video .elementor-wrapper{position:relative;overflow:hidden;height:0;padding-bottom:calc(100% \/ var(--video-aspect-ratio))}.elementor-widget-video .elementor-wrapper iframe,.elementor-widget-video .elementor-wrapper video{position:absolute;top:0;right:0;bottom:0;left:0}}.elementor-widget-video .elementor-open-inline .elementor-custom-embed-image-overlay{position:absolute;top:0;right:0;bottom:0;left:0;background-size:cover;background-position:50%}.elementor-widget-video .elementor-custom-embed-image-overlay{cursor:pointer;text-align:center}.elementor-widget-video .elementor-custom-embed-image-overlay:hover .elementor-custom-embed-play i{opacity:1}.elementor-widget-video .elementor-custom-embed-image-overlay img{display:block;width:100%;aspect-ratio:var(--video-aspect-ratio);-o-object-fit:cover;object-fit:cover;-o-object-position:center center;object-position:center center}@supports not (aspect-ratio:1\/1){.elementor-widget-video .elementor-custom-embed-image-overlay{position:relative;overflow:hidden;height:0;padding-bottom:calc(100% \/ var(--video-aspect-ratio))}.elementor-widget-video .elementor-custom-embed-image-overlay img{position:absolute;top:0;right:0;bottom:0;left:0}}.elementor-widget-video .e-hosted-video .elementor-video{-o-object-fit:cover;object-fit:cover}.e-con-inner>.elementor-widget-video,.e-con>.elementor-widget-video{width:var(--container-widget-width);--flex-grow:var(--container-widget-flex-grow)}<\/style>\t\t<div class=\"elementor-wrapper elementor-open-inline\">\n\t\t\t<div class=\"elementor-video\"><\/div>\t\t<\/div>\n\t\t\t\t<\/div>\n\t\t\t\t<\/div>\n\t\t\t\t\t<\/div>\n\t\t\t\t<\/div>\n\t\t<div class=\"elementor-element elementor-element-f9ee5f5 e-flex e-con-boxed e-con e-parent\" data-id=\"f9ee5f5\" data-element_type=\"container\" data-settings=\"{&quot;content_width&quot;:&quot;boxed&quot;}\" data-core-v316-plus=\"true\">\n\t\t\t\t\t<div class=\"e-con-inner\">\n\t\t\t\t<div class=\"elementor-element elementor-element-d569241 elementor-widget elementor-widget-heading\" data-id=\"d569241\" data-element_type=\"widget\" data-widget_type=\"heading.default\">\n\t\t\t\t<div class=\"elementor-widget-container\">\n\t\t\t<style>\/*! elementor - v3.16.0 - 13-09-2023 *\/\n.elementor-heading-title{padding:0;margin:0;line-height:1}.elementor-widget-heading .elementor-heading-title[class*=elementor-size-]>a{color:inherit;font-size:inherit;line-height:inherit}.elementor-widget-heading .elementor-heading-title.elementor-size-small{font-size:15px}.elementor-widget-heading .elementor-heading-title.elementor-size-medium{font-size:19px}.elementor-widget-heading .elementor-heading-title.elementor-size-large{font-size:29px}.elementor-widget-heading .elementor-heading-title.elementor-size-xl{font-size:39px}.elementor-widget-heading .elementor-heading-title.elementor-size-xxl{font-size:59px}<\/style><h2 class=\"elementor-heading-title elementor-size-large\">O que \u00e9 a Rota das Emo\u00e7\u00f5es?<\/h2>\t\t<\/div>\n\t\t\t\t<\/div>\n\t\t\t\t<div class=\"elementor-element elementor-element-ca41bdc elementor-widget elementor-widget-text-editor\" data-id=\"ca41bdc\" data-element_type=\"widget\" data-widget_type=\"text-editor.default\">\n\t\t\t\t<div class=\"elementor-widget-container\">\n\t\t\t\t\t\t\t<p data-pm-slice=\"1 1 []\">A <strong><a href=\"https:\/\/ofertas.blumarturismo.com.br\/rota-das-emocoes\">Rota das Emo\u00e7\u00f5es<\/a><\/strong> \u00e9 um dos roteiros tur\u00edsticos mais fascinantes do Brasil, ligando tr\u00eas estados: Maranh\u00e3o, Piau\u00ed e Cear\u00e1. Ao longo dessa rota, os viajantes t\u00eam a chance de conhecer paisagens paradis\u00edacas como os Len\u00e7\u00f3is Maranhenses, o Delta do Parna\u00edba e Jericoacoara. A cada parada, a natureza se revela em forma de dunas, lagoas cristalinas e praias desertas, proporcionando momentos de pura contempla\u00e7\u00e3o e aventura.<\/p>\t\t\t\t\t\t<\/div>\n\t\t\t\t<\/div>\n\t\t\t\t\t<\/div>\n\t\t\t\t<\/div>\n\t\t<div class=\"elementor-element elementor-element-a36b214 e-flex e-con-boxed e-con e-parent\" data-id=\"a36b214\" data-element_type=\"container\" data-settings=\"{&quot;content_width&quot;:&quot;boxed&quot;}\" data-core-v316-plus=\"true\">\n\t\t\t\t\t<div class=\"e-con-inner\">\n\t\t\t\t<div class=\"elementor-element elementor-element-a7477f9 elementor-widget elementor-widget-heading\" data-id=\"a7477f9\" data-element_type=\"widget\" data-widget_type=\"heading.default\">\n\t\t\t\t<div class=\"elementor-widget-container\">\n\t\t\t<h2 class=\"elementor-heading-title elementor-size-large\">Por que escolher uma ag\u00eancia de viagem especializada?<\/h2>\t\t<\/div>\n\t\t\t\t<\/div>\n\t\t\t\t<div class=\"elementor-element elementor-element-59eefcb elementor-widget elementor-widget-text-editor\" data-id=\"59eefcb\" data-element_type=\"widget\" data-widget_type=\"text-editor.default\">\n\t\t\t\t<div class=\"elementor-widget-container\">\n\t\t\t\t\t\t\t<p data-pm-slice=\"1 1 []\">Com um roteiro t\u00e3o complexo e repleto de detalhes, escolher uma ag\u00eancia de viagem que realmente conhe\u00e7a a <strong><a href=\"https:\/\/ofertas.blumarturismo.com.br\/rota-das-emocoes\">Rota das Emo\u00e7\u00f5es<\/a><\/strong> faz toda a diferen\u00e7a. Ag\u00eancias especializadas, como a <strong><a href=\"https:\/\/ofertas.blumarturismo.com.br\/rota-das-emocoes\">Blumar Turismo<\/a><\/strong>, t\u00eam a experi\u00eancia necess\u00e1ria para oferecer um planejamento que vai al\u00e9m do comum, integrando as melhores op\u00e7\u00f5es de hospedagem, transporte e atividades, tudo de acordo com o perfil do viajante.<\/p>\t\t\t\t\t\t<\/div>\n\t\t\t\t<\/div>\n\t\t\t\t\t<\/div>\n\t\t\t\t<\/div>\n\t\t<div class=\"elementor-element elementor-element-8a5bf54 e-flex e-con-boxed e-con e-parent\" data-id=\"8a5bf54\" data-element_type=\"container\" data-settings=\"{&quot;content_width&quot;:&quot;boxed&quot;}\" data-core-v316-plus=\"true\">\n\t\t\t\t\t<div class=\"e-con-inner\">\n\t\t\t\t<div class=\"elementor-element elementor-element-2e58f1a elementor-widget elementor-widget-heading\" data-id=\"2e58f1a\" data-element_type=\"widget\" data-widget_type=\"heading.default\">\n\t\t\t\t<div class=\"elementor-widget-container\">\n\t\t\t<h2 class=\"elementor-heading-title elementor-size-large\">Blumar Turismo: a escolha ideal para a Rota das Emo\u00e7\u00f5es 2025<\/h2>\t\t<\/div>\n\t\t\t\t<\/div>\n\t\t\t\t<div class=\"elementor-element elementor-element-fbce4c4 elementor-widget elementor-widget-image\" data-id=\"fbce4c4\" data-element_type=\"widget\" data-widget_type=\"image.default\">\n\t\t\t\t<div class=\"elementor-widget-container\">\n\t\t\t<style>\/*! elementor - v3.16.0 - 13-09-2023 *\/\n.elementor-widget-image{text-align:center}.elementor-widget-image a{display:inline-block}.elementor-widget-image a img[src$=\".svg\"]{width:48px}.elementor-widget-image img{vertical-align:middle;display:inline-block}<\/style>\t\t\t\t\t\t\t\t\t<figure class=\"wp-caption\">\n\t\t\t\t\t\t\t\t\t\t<img loading=\"lazy\" decoding=\"async\" width=\"1000\" height=\"563\" src=\"https:\/\/www.blumarturismo.com.br\/blog\/wp-content\/uploads\/2024\/09\/Foto-Wilson-Santos-Marques-Shutterstock.jpg\" class=\"attachment-large size-large wp-image-62112\" alt=\"Foto: Wilson Santos Marques \/ Shutterstock.com\" srcset=\"https:\/\/www.blumarturismo.com.br\/blog\/wp-content\/uploads\/2024\/09\/Foto-Wilson-Santos-Marques-Shutterstock.jpg 1000w, https:\/\/www.blumarturismo.com.br\/blog\/wp-content\/uploads\/2024\/09\/Foto-Wilson-Santos-Marques-Shutterstock-300x169.jpg 300w, https:\/\/www.blumarturismo.com.br\/blog\/wp-content\/uploads\/2024\/09\/Foto-Wilson-Santos-Marques-Shutterstock-768x432.jpg 768w\" sizes=\"auto, (max-width: 1000px) 100vw, 1000px\" \/>\t\t\t\t\t\t\t\t\t\t\t<figcaption class=\"widget-image-caption wp-caption-text\">Foto: Wilson Santos Marques \/ Shutterstock.com<\/figcaption>\n\t\t\t\t\t\t\t\t\t\t<\/figure>\n\t\t\t\t\t\t\t\t\t<\/div>\n\t\t\t\t<\/div>\n\t\t\t\t<div class=\"elementor-element elementor-element-18ca157 elementor-widget elementor-widget-text-editor\" data-id=\"18ca157\" data-element_type=\"widget\" data-widget_type=\"text-editor.default\">\n\t\t\t\t<div class=\"elementor-widget-container\">\n\t\t\t\t\t\t\t<p data-pm-slice=\"1 1 []\">A <a href=\"https:\/\/ofertas.blumarturismo.com.br\/rota-das-emocoes\"><strong>Blumar Turismo<\/strong><\/a> \u00e9 uma das ag\u00eancias mais renomadas quando o assunto \u00e9 a <a href=\"https:\/\/ofertas.blumarturismo.com.br\/rota-das-emocoes\"><strong>Rota das Emo\u00e7\u00f5es<\/strong><\/a>. Com anos de experi\u00eancia no mercado de turismo, a Blumar \u00e9 refer\u00eancia em viagens personalizadas e com foco na excel\u00eancia de atendimento. Mas por que escolher a Blumar para sua viagem em 2025?<\/p>\t\t\t\t\t\t<\/div>\n\t\t\t\t<\/div>\n\t\t\t\t\t<\/div>\n\t\t\t\t<\/div>\n\t\t<div class=\"elementor-element elementor-element-fb9aa18 e-flex e-con-boxed e-con e-parent\" data-id=\"fb9aa18\" data-element_type=\"container\" data-settings=\"{&quot;content_width&quot;:&quot;boxed&quot;}\" data-core-v316-plus=\"true\">\n\t\t\t\t\t<div class=\"e-con-inner\">\n\t\t\t\t<div class=\"elementor-element elementor-element-8002848 elementor-widget elementor-widget-heading\" data-id=\"8002848\" data-element_type=\"widget\" data-widget_type=\"heading.default\">\n\t\t\t\t<div class=\"elementor-widget-container\">\n\t\t\t<h3 class=\"elementor-heading-title elementor-size-medium\">1. Expertise e conhecimento local<\/h3>\t\t<\/div>\n\t\t\t\t<\/div>\n\t\t\t\t<div class=\"elementor-element elementor-element-96dc69d elementor-widget elementor-widget-text-editor\" data-id=\"96dc69d\" data-element_type=\"widget\" data-widget_type=\"text-editor.default\">\n\t\t\t\t<div class=\"elementor-widget-container\">\n\t\t\t\t\t\t\t<p data-pm-slice=\"1 1 []\">A Blumar Turismo se destaca pelo profundo conhecimento da Rota das Emo\u00e7\u00f5es. Seus consultores t\u00eam anos de experi\u00eancia criando roteiros personalizados para essa regi\u00e3o, garantindo que cada detalhe da viagem seja pensado para proporcionar o m\u00e1ximo de conforto e aventura. Al\u00e9m disso, a Blumar possui uma rede de fornecedores locais de alta qualidade, o que assegura as melhores experi\u00eancias em termos de hospedagem e passeios.<\/p>\t\t\t\t\t\t<\/div>\n\t\t\t\t<\/div>\n\t\t\t\t\t<\/div>\n\t\t\t\t<\/div>\n\t\t<div class=\"elementor-element elementor-element-739efd9 e-flex e-con-boxed e-con e-parent\" data-id=\"739efd9\" data-element_type=\"container\" data-settings=\"{&quot;content_width&quot;:&quot;boxed&quot;}\" data-core-v316-plus=\"true\">\n\t\t\t\t\t<div class=\"e-con-inner\">\n\t\t\t\t<div class=\"elementor-element elementor-element-b72faed elementor-widget elementor-widget-heading\" data-id=\"b72faed\" data-element_type=\"widget\" data-widget_type=\"heading.default\">\n\t\t\t\t<div class=\"elementor-widget-container\">\n\t\t\t<h3 class=\"elementor-heading-title elementor-size-medium\">2. Roteiros personalizados<\/h3>\t\t<\/div>\n\t\t\t\t<\/div>\n\t\t\t\t<div class=\"elementor-element elementor-element-77d5256 elementor-widget elementor-widget-text-editor\" data-id=\"77d5256\" data-element_type=\"widget\" data-widget_type=\"text-editor.default\">\n\t\t\t\t<div class=\"elementor-widget-container\">\n\t\t\t\t\t\t\t<p data-pm-slice=\"1 1 []\">Cada viajante \u00e9 \u00fanico, e a Blumar Turismo entende isso. Por isso, oferece roteiros que s\u00e3o totalmente adaptados \u00e0s suas prefer\u00eancias, seja voc\u00ea um amante da natureza, um entusiasta de esportes aqu\u00e1ticos ou algu\u00e9m que deseja apenas relaxar e apreciar a beleza local. Com a Blumar, voc\u00ea pode ter certeza de que sua viagem ser\u00e1 feita sob medida, com todo o cuidado necess\u00e1rio para transformar sua experi\u00eancia em algo inesquec\u00edvel.<\/p>\t\t\t\t\t\t<\/div>\n\t\t\t\t<\/div>\n\t\t\t\t\t<\/div>\n\t\t\t\t<\/div>\n\t\t<div class=\"elementor-element elementor-element-a71a6a9 e-flex e-con-boxed e-con e-parent\" data-id=\"a71a6a9\" data-element_type=\"container\" data-settings=\"{&quot;content_width&quot;:&quot;boxed&quot;}\" data-core-v316-plus=\"true\">\n\t\t\t\t\t<div class=\"e-con-inner\">\n\t\t\t\t<div class=\"elementor-element elementor-element-98d5128 elementor-widget elementor-widget-heading\" data-id=\"98d5128\" data-element_type=\"widget\" data-widget_type=\"heading.default\">\n\t\t\t\t<div class=\"elementor-widget-container\">\n\t\t\t<h3 class=\"elementor-heading-title elementor-size-medium\">3. Atendimento de qualidade e suporte completo<\/h3>\t\t<\/div>\n\t\t\t\t<\/div>\n\t\t\t\t<div class=\"elementor-element elementor-element-1665306 elementor-widget elementor-widget-text-editor\" data-id=\"1665306\" data-element_type=\"widget\" data-widget_type=\"text-editor.default\">\n\t\t\t\t<div class=\"elementor-widget-container\">\n\t\t\t\t\t\t\t<p data-pm-slice=\"1 1 []\">Viajar por um roteiro extenso como a <strong><a href=\"https:\/\/ofertas.blumarturismo.com.br\/rota-das-emocoes\">Rota das Emo\u00e7\u00f5es<\/a><\/strong> pode exigir suporte constante, e a <strong><a href=\"https:\/\/ofertas.blumarturismo.com.br\/rota-das-emocoes\">Blumar Turismo<\/a><\/strong> oferece atendimento de qualidade antes, durante e depois da sua viagem. Com uma equipe preparada para solucionar d\u00favidas e imprevistos, voc\u00ea ter\u00e1 a tranquilidade de estar sempre amparado em qualquer situa\u00e7\u00e3o.<\/p>\t\t\t\t\t\t<\/div>\n\t\t\t\t<\/div>\n\t\t\t\t\t<\/div>\n\t\t\t\t<\/div>\n\t\t<div class=\"elementor-element elementor-element-46216ef e-flex e-con-boxed e-con e-parent\" data-id=\"46216ef\" data-element_type=\"container\" data-settings=\"{&quot;content_width&quot;:&quot;boxed&quot;}\" data-core-v316-plus=\"true\">\n\t\t\t\t\t<div class=\"e-con-inner\">\n\t\t\t\t<div class=\"elementor-element elementor-element-d05b6db elementor-widget elementor-widget-heading\" data-id=\"d05b6db\" data-element_type=\"widget\" data-widget_type=\"heading.default\">\n\t\t\t\t<div class=\"elementor-widget-container\">\n\t\t\t<h3 class=\"elementor-heading-title elementor-size-medium\">4. Depoimentos de clientes satisfeitos<\/h3>\t\t<\/div>\n\t\t\t\t<\/div>\n\t\t\t\t<div class=\"elementor-element elementor-element-bf38245 elementor-widget elementor-widget-text-editor\" data-id=\"bf38245\" data-element_type=\"widget\" data-widget_type=\"text-editor.default\">\n\t\t\t\t<div class=\"elementor-widget-container\">\n\t\t\t\t\t\t\t<p data-pm-slice=\"1 1 []\">Clientes que viajaram com a <strong><a href=\"https:\/\/ofertas.blumarturismo.com.br\/rota-das-emocoes\">Blumar Turismo<\/a><\/strong> para a <a href=\"https:\/\/ofertas.blumarturismo.com.br\/rota-das-emocoes\"><strong>Rota das Emo\u00e7\u00f5es<\/strong><\/a> t\u00eam depoimentos positivos a compartilhar. Segundo Ana Clara, uma viajante que conheceu os Len\u00e7\u00f3is Maranhenses em 2024 com a ag\u00eancia: <em>\u201cMinha viagem foi perfeita! Desde o planejamento at\u00e9 a execu\u00e7\u00e3o, tudo correu como esperado, e os lugares que visitamos eram de tirar o f\u00f4lego. Com certeza, farei novas viagens com a Blumar!\u201d<\/em> Essas avalia\u00e7\u00f5es s\u00f3 refor\u00e7am a confian\u00e7a na ag\u00eancia.<\/p>\t\t\t\t\t\t<\/div>\n\t\t\t\t<\/div>\n\t\t\t\t\t<\/div>\n\t\t\t\t<\/div>\n\t\t<div class=\"elementor-element elementor-element-c54a4ce e-flex e-con-boxed e-con e-parent\" data-id=\"c54a4ce\" data-element_type=\"container\" data-settings=\"{&quot;content_width&quot;:&quot;boxed&quot;}\" data-core-v316-plus=\"true\">\n\t\t\t\t\t<div class=\"e-con-inner\">\n\t\t\t\t<div class=\"elementor-element elementor-element-22fe6bf elementor-widget elementor-widget-heading\" data-id=\"22fe6bf\" data-element_type=\"widget\" data-widget_type=\"heading.default\">\n\t\t\t\t<div class=\"elementor-widget-container\">\n\t\t\t<h2 class=\"elementor-heading-title elementor-size-large\">Depoimentos de Quem Viveu a Experi\u00eancia<\/h2>\t\t<\/div>\n\t\t\t\t<\/div>\n\t\t\t\t<div class=\"elementor-element elementor-element-f3e2b62 elementor-widget elementor-widget-text-editor\" data-id=\"f3e2b62\" data-element_type=\"widget\" data-widget_type=\"text-editor.default\">\n\t\t\t\t<div class=\"elementor-widget-container\">\n\t\t\t\t\t\t\t<p style=\"text-align: center;\"><strong><a href=\"https:\/\/www.blumarturismo.com.br\/\">Blumar Turismo<\/a>: Certificada pelo Reclame Aqui<\/strong><\/p>\t\t\t\t\t\t<\/div>\n\t\t\t\t<\/div>\n\t\t\t\t<div class=\"elementor-element elementor-element-d84dce1 elementor-widget elementor-widget-html\" data-id=\"d84dce1\" data-element_type=\"widget\" data-widget_type=\"html.default\">\n\t\t\t\t<div class=\"elementor-widget-container\">\n\t\t\t<center><div id=\"ra-verified-seal\"><script type=\"text\/javascript\" id=\"ra-embed-verified-seal\" src=\"https:\/\/s3.amazonaws.com\/raichu-beta\/ra-verified\/bundle.js\" data-id=\"MzI4Nzc6Ymx1bWFy\" data-target=\"ra-verified-seal\" data-model=\"2\"><\/script><\/div><\/center>\t\t<\/div>\n\t\t\t\t<\/div>\n\t\t\t\t<div class=\"elementor-element elementor-element-9e813b6 elementor-widget elementor-widget-text-editor\" data-id=\"9e813b6\" data-element_type=\"widget\" data-widget_type=\"text-editor.default\">\n\t\t\t\t<div class=\"elementor-widget-container\">\n\t\t\t\t\t\t\t<p><span style=\"color: var( --e-global-color-text ); text-align: var(--text-align);\">Na <a href=\"https:\/\/www.blumarturismo.com.br\/\"><strong>Blumar Turismo<\/strong><\/a>, nos orgulhamos de oferecer um servi\u00e7o de excel\u00eancia. Somos certificados pelo Reclame Aqui e n\u00e3o recebemos nenhuma reclama\u00e7\u00e3o nos \u00faltimos 12 meses.<\/span><\/p><p>Nosso compromisso \u00e9 com a total satisfa\u00e7\u00e3o do cliente. Garantimos experi\u00eancias de viagem \u00fanicas e memor\u00e1veis, cuidando de cada detalhe, desde a escolha dos melhores destinos e hot\u00e9is at\u00e9 a personaliza\u00e7\u00e3o de roteiros. Nossa equipe est\u00e1 dedicada a atender todas as suas necessidades com m\u00e1xima aten\u00e7\u00e3o e profissionalismo.<\/p>\t\t\t\t\t\t<\/div>\n\t\t\t\t<\/div>\n\t\t\t\t<div class=\"elementor-element elementor-element-2ae552d elementor-widget elementor-widget-html\" data-id=\"2ae552d\" data-element_type=\"widget\" data-widget_type=\"html.default\">\n\t\t\t\t<div class=\"elementor-widget-container\">\n\t\t\t<script defer async src='https:\/\/cdn.trustindex.io\/loader.js?ce71034281b144908086b16f08f'><\/script>\t\t<\/div>\n\t\t\t\t<\/div>\n\t\t\t\t\t<\/div>\n\t\t\t\t<\/div>\n\t\t<div class=\"elementor-element elementor-element-31a5e47 e-flex e-con-boxed e-con e-parent\" data-id=\"31a5e47\" data-element_type=\"container\" data-settings=\"{&quot;content_width&quot;:&quot;boxed&quot;}\" data-core-v316-plus=\"true\">\n\t\t\t\t\t<div class=\"e-con-inner\">\n\t\t\t\t<div class=\"elementor-element elementor-element-21927a6 elementor-widget elementor-widget-heading\" data-id=\"21927a6\" data-element_type=\"widget\" data-widget_type=\"heading.default\">\n\t\t\t\t<div class=\"elementor-widget-container\">\n\t\t\t<h2 class=\"elementor-heading-title elementor-size-large\">Viaje com a Blumar para a Rota das Emo\u00e7\u00f5es<\/h2>\t\t<\/div>\n\t\t\t\t<\/div>\n\t\t\t\t<div class=\"elementor-element elementor-element-93b73d0 elementor-widget elementor-widget-text-editor\" data-id=\"93b73d0\" data-element_type=\"widget\" data-widget_type=\"text-editor.default\">\n\t\t\t\t<div class=\"elementor-widget-container\">\n\t\t\t\t\t\t\t<p data-pm-slice=\"1 1 []\">Planejar uma viagem pela <a href=\"https:\/\/ofertas.blumarturismo.com.br\/rota-das-emocoes\"><strong>Rota das Emo\u00e7\u00f5es 2025<\/strong><\/a> \u00e9 uma experi\u00eancia que merece toda a aten\u00e7\u00e3o e cuidado. Escolher uma ag\u00eancia de viagem que realmente conhe\u00e7a o destino faz toda a diferen\u00e7a, e a <a href=\"https:\/\/ofertas.blumarturismo.com.br\/rota-das-emocoes\"><strong>Blumar Turismo<\/strong><\/a> \u00e9 a parceira ideal para transformar seu roteiro em algo inesquec\u00edvel, oferecendo suporte especializado, roteiros personalizados e uma rede de fornecedores que garante a melhor experi\u00eancia poss\u00edvel.<\/p>\t\t\t\t\t\t<\/div>\n\t\t\t\t<\/div>\n\t\t\t\t\t<\/div>\n\t\t\t\t<\/div>\n\t\t<div class=\"elementor-element elementor-element-d5aaeeb e-flex e-con-boxed e-con e-parent\" data-id=\"d5aaeeb\" data-element_type=\"container\" data-settings=\"{&quot;content_width&quot;:&quot;boxed&quot;}\" data-core-v316-plus=\"true\">\n\t\t\t\t\t<div class=\"e-con-inner\">\n\t\t\t\t<div class=\"elementor-element elementor-element-70efe17 elementor-widget elementor-widget-heading\" data-id=\"70efe17\" data-element_type=\"widget\" data-widget_type=\"heading.default\">\n\t\t\t\t<div class=\"elementor-widget-container\">\n\t\t\t<h2 class=\"elementor-heading-title elementor-size-large\">Quer saber mais?<\/h2>\t\t<\/div>\n\t\t\t\t<\/div>\n\t\t\t\t<div class=\"elementor-element elementor-element-a858401 elementor-widget elementor-widget-text-editor\" data-id=\"a858401\" data-element_type=\"widget\" data-widget_type=\"text-editor.default\">\n\t\t\t\t<div class=\"elementor-widget-container\">\n\t\t\t\t\t\t\t<p data-pm-slice=\"1 1 []\">Se voc\u00ea est\u00e1 interessado em planejar sua pr\u00f3xima aventura pela <strong><a href=\"https:\/\/ofertas.blumarturismo.com.br\/rota-das-emocoes\">Rota das Emo\u00e7\u00f5es<\/a><\/strong>, entre em contato com a <a href=\"https:\/\/ofertas.blumarturismo.com.br\/rota-das-emocoes\"><strong>Blumar Turismo<\/strong><\/a>. Visite nosso site e descubra os pacotes exclusivos que preparamos para 2025, ou fale com nossos consultores para criar um roteiro totalmente personalizado, feito para voc\u00ea.<\/p>\t\t\t\t\t\t<\/div>\n\t\t\t\t<\/div>\n\t\t\t\t\t<\/div>\n\t\t\t\t<\/div>\n\t\t<div class=\"elementor-element elementor-element-f1dfcc5 e-flex e-con-boxed e-con e-parent\" data-id=\"f1dfcc5\" data-element_type=\"container\" data-settings=\"{&quot;content_width&quot;:&quot;boxed&quot;}\" data-core-v316-plus=\"true\">\n\t\t\t\t\t<div class=\"e-con-inner\">\n\t\t\t\t<div class=\"elementor-element elementor-element-919eb8b elementor-widget elementor-widget-heading\" data-id=\"919eb8b\" data-element_type=\"widget\" data-widget_type=\"heading.default\">\n\t\t\t\t<div class=\"elementor-widget-container\">\n\t\t\t<h2 class=\"elementor-heading-title elementor-size-medium\">Posts que voc\u00ea tamb\u00e9m pode se interessar:<\/h2>\t\t<\/div>\n\t\t\t\t<\/div>\n\t\t\t\t<div class=\"elementor-element elementor-element-758f8db elementor-widget elementor-widget-text-editor\" data-id=\"758f8db\" data-element_type=\"widget\" data-widget_type=\"text-editor.default\">\n\t\t\t\t<div class=\"elementor-widget-container\">\n\t\t\t\t\t\t\t<ul><li><a href=\"https:\/\/www.blumarturismo.com.br\/blog\/a-rota-das-emocoes-e-adequada-para-criancas\/\">A Rota das Emo\u00e7\u00f5es \u00e9 adequada para crian\u00e7as?<\/a><\/li><li><a href=\"https:\/\/www.blumarturismo.com.br\/blog\/quanto-tempo-dura-a-rota-das-emocoes\/\">Quanto tempo dura a Rota das Emo\u00e7\u00f5es?<\/a><\/li><li><a href=\"https:\/\/www.blumarturismo.com.br\/blog\/como-fazer-a-rota-das-emocoes-gastando-pouco-um-guia-completo\/\">Como Fazer a Rota das Emo\u00e7\u00f5es Gastando Pouco: Um Guia Completo<\/a><\/li><li><a href=\"https:\/\/www.blumarturismo.com.br\/blog\/melhor-agencia-rota-das-emocoes-descubra-por-que-a-blumar-turismo-e-a-escolha-ideal\/\">Melhor ag\u00eancia Rota das Emo\u00e7\u00f5es: Descubra por que a Blumar Turismo \u00e9 a escolha ideal<\/a><\/li><li><a href=\"https:\/\/www.blumarturismo.com.br\/blog\/qual-a-melhor-base-dos-lencois-maranhenses-a-resposta-vai-te-surpreender\/\">Qual a melhor base dos Len\u00e7\u00f3is Maranhenses? A resposta vai te surpreender!<\/a><\/li><\/ul>\t\t\t\t\t\t<\/div>\n\t\t\t\t<\/div>\n\t\t\t\t\t<\/div>\n\t\t\t\t<\/div>\n\t\t<div class=\"elementor-element elementor-element-7472a7a e-flex e-con-boxed e-con e-parent\" data-id=\"7472a7a\" data-element_type=\"container\" data-settings=\"{&quot;content_width&quot;:&quot;boxed&quot;}\" data-core-v316-plus=\"true\">\n\t\t\t\t\t<div class=\"e-con-inner\">\n\t\t\t\t<div class=\"elementor-element elementor-element-7d80e4e elementor-widget elementor-widget-heading\" data-id=\"7d80e4e\" data-element_type=\"widget\" data-widget_type=\"heading.default\">\n\t\t\t\t<div class=\"elementor-widget-container\">\n\t\t\t<h2 class=\"elementor-heading-title elementor-size-large\">FAQ: Tudo Sobre a Rota das Emo\u00e7\u00f5es 2025<\/h2>\t\t<\/div>\n\t\t\t\t<\/div>\n\t\t\t\t<div class=\"elementor-element elementor-element-57c7475 elementor-widget elementor-widget-image\" data-id=\"57c7475\" data-element_type=\"widget\" data-widget_type=\"image.default\">\n\t\t\t\t<div class=\"elementor-widget-container\">\n\t\t\t\t\t\t\t\t\t\t\t\t<figure class=\"wp-caption\">\n\t\t\t\t\t\t\t\t\t\t<img loading=\"lazy\" decoding=\"async\" width=\"1000\" height=\"669\" src=\"https:\/\/www.blumarturismo.com.br\/blog\/wp-content\/uploads\/2024\/07\/Foto-Marcos-Velloso-Shutterstock.jpg\" class=\"attachment-large size-large wp-image-59943\" alt=\"Foto: Marcos Velloso \/ Shutterstock.com\" srcset=\"https:\/\/www.blumarturismo.com.br\/blog\/wp-content\/uploads\/2024\/07\/Foto-Marcos-Velloso-Shutterstock.jpg 1000w, https:\/\/www.blumarturismo.com.br\/blog\/wp-content\/uploads\/2024\/07\/Foto-Marcos-Velloso-Shutterstock-300x201.jpg 300w, https:\/\/www.blumarturismo.com.br\/blog\/wp-content\/uploads\/2024\/07\/Foto-Marcos-Velloso-Shutterstock-768x514.jpg 768w\" sizes=\"auto, (max-width: 1000px) 100vw, 1000px\" \/>\t\t\t\t\t\t\t\t\t\t\t<figcaption class=\"widget-image-caption wp-caption-text\">Foto: Marcos Velloso \/ Shutterstock.com<\/figcaption>\n\t\t\t\t\t\t\t\t\t\t<\/figure>\n\t\t\t\t\t\t\t\t\t<\/div>\n\t\t\t\t<\/div>\n\t\t\t\t<div class=\"elementor-element elementor-element-2cc62b7 elementor-widget elementor-widget-toggle\" data-id=\"2cc62b7\" data-element_type=\"widget\" data-widget_type=\"toggle.default\">\n\t\t\t\t<div class=\"elementor-widget-container\">\n\t\t\t<style>\/*! elementor - v3.16.0 - 13-09-2023 *\/\n.elementor-toggle{text-align:left}.elementor-toggle .elementor-tab-title{font-weight:700;line-height:1;margin:0;padding:15px;border-bottom:1px solid #d5d8dc;cursor:pointer;outline:none}.elementor-toggle .elementor-tab-title .elementor-toggle-icon{display:inline-block;width:1em}.elementor-toggle .elementor-tab-title .elementor-toggle-icon svg{margin-inline-start:-5px;width:1em;height:1em}.elementor-toggle .elementor-tab-title .elementor-toggle-icon.elementor-toggle-icon-right{float:right;text-align:right}.elementor-toggle .elementor-tab-title .elementor-toggle-icon.elementor-toggle-icon-left{float:left;text-align:left}.elementor-toggle .elementor-tab-title .elementor-toggle-icon .elementor-toggle-icon-closed{display:block}.elementor-toggle .elementor-tab-title .elementor-toggle-icon .elementor-toggle-icon-opened{display:none}.elementor-toggle .elementor-tab-title.elementor-active{border-bottom:none}.elementor-toggle .elementor-tab-title.elementor-active .elementor-toggle-icon-closed{display:none}.elementor-toggle .elementor-tab-title.elementor-active .elementor-toggle-icon-opened{display:block}.elementor-toggle .elementor-tab-content{padding:15px;border-bottom:1px solid #d5d8dc;display:none}@media (max-width:767px){.elementor-toggle .elementor-tab-title{padding:12px}.elementor-toggle .elementor-tab-content{padding:12px 10px}}.e-con-inner>.elementor-widget-toggle,.e-con>.elementor-widget-toggle{width:var(--container-widget-width);--flex-grow:var(--container-widget-flex-grow)}<\/style>\t\t<div class=\"elementor-toggle\">\n\t\t\t\t\t\t\t<div class=\"elementor-toggle-item\">\n\t\t\t\t\t<div id=\"elementor-tab-title-4691\" class=\"elementor-tab-title\" data-tab=\"1\" role=\"button\" aria-controls=\"elementor-tab-content-4691\" aria-expanded=\"false\">\n\t\t\t\t\t\t\t\t\t\t\t\t<span class=\"elementor-toggle-icon elementor-toggle-icon-left\" aria-hidden=\"true\">\n\t\t\t\t\t\t\t\t\t\t\t\t\t\t\t<span class=\"elementor-toggle-icon-closed\"><svg class=\"e-font-icon-svg e-fas-caret-right\" viewBox=\"0 0 192 512\" xmlns=\"http:\/\/www.w3.org\/2000\/svg\"><path d=\"M0 384.662V127.338c0-17.818 21.543-26.741 34.142-14.142l128.662 128.662c7.81 7.81 7.81 20.474 0 28.284L34.142 398.804C21.543 411.404 0 402.48 0 384.662z\"><\/path><\/svg><\/span>\n\t\t\t\t\t\t\t\t<span class=\"elementor-toggle-icon-opened\"><svg class=\"elementor-toggle-icon-opened e-font-icon-svg e-fas-caret-up\" viewBox=\"0 0 320 512\" xmlns=\"http:\/\/www.w3.org\/2000\/svg\"><path d=\"M288.662 352H31.338c-17.818 0-26.741-21.543-14.142-34.142l128.662-128.662c7.81-7.81 20.474-7.81 28.284 0l128.662 128.662c12.6 12.599 3.676 34.142-14.142 34.142z\"><\/path><\/svg><\/span>\n\t\t\t\t\t\t\t\t\t\t\t\t\t<\/span>\n\t\t\t\t\t\t\t\t\t\t\t\t<a class=\"elementor-toggle-title\" tabindex=\"0\">1. O que \u00e9 a Rota das Emo\u00e7\u00f5es?<\/a>\n\t\t\t\t\t<\/div>\n\n\t\t\t\t\t<div id=\"elementor-tab-content-4691\" class=\"elementor-tab-content elementor-clearfix\" data-tab=\"1\" role=\"region\" aria-labelledby=\"elementor-tab-title-4691\"><p>A Rota das Emo\u00e7\u00f5es \u00e9 um roteiro tur\u00edstico que conecta tr\u00eas estados do nordeste brasileiro:<\/p><ul><li>Maranh\u00e3o (Len\u00e7\u00f3is Maranhenses)<\/li><li>Piau\u00ed (Delta do Parna\u00edba)<\/li><li>Cear\u00e1 (Jericoacoara)<\/li><\/ul><p>Oferece paisagens deslumbrantes, incluindo dunas, lagoas cristalinas e praias paradis\u00edacas.<\/p><\/div>\n\t\t\t\t<\/div>\n\t\t\t\t\t\t\t<div class=\"elementor-toggle-item\">\n\t\t\t\t\t<div id=\"elementor-tab-title-4692\" class=\"elementor-tab-title\" data-tab=\"2\" role=\"button\" aria-controls=\"elementor-tab-content-4692\" aria-expanded=\"false\">\n\t\t\t\t\t\t\t\t\t\t\t\t<span class=\"elementor-toggle-icon elementor-toggle-icon-left\" aria-hidden=\"true\">\n\t\t\t\t\t\t\t\t\t\t\t\t\t\t\t<span class=\"elementor-toggle-icon-closed\"><svg class=\"e-font-icon-svg e-fas-caret-right\" viewBox=\"0 0 192 512\" xmlns=\"http:\/\/www.w3.org\/2000\/svg\"><path d=\"M0 384.662V127.338c0-17.818 21.543-26.741 34.142-14.142l128.662 128.662c7.81 7.81 7.81 20.474 0 28.284L34.142 398.804C21.543 411.404 0 402.48 0 384.662z\"><\/path><\/svg><\/span>\n\t\t\t\t\t\t\t\t<span class=\"elementor-toggle-icon-opened\"><svg class=\"elementor-toggle-icon-opened e-font-icon-svg e-fas-caret-up\" viewBox=\"0 0 320 512\" xmlns=\"http:\/\/www.w3.org\/2000\/svg\"><path d=\"M288.662 352H31.338c-17.818 0-26.741-21.543-14.142-34.142l128.662-128.662c7.81-7.81 20.474-7.81 28.284 0l128.662 128.662c12.6 12.599 3.676 34.142-14.142 34.142z\"><\/path><\/svg><\/span>\n\t\t\t\t\t\t\t\t\t\t\t\t\t<\/span>\n\t\t\t\t\t\t\t\t\t\t\t\t<a class=\"elementor-toggle-title\" tabindex=\"0\">2. Qual a melhor \u00e9poca para fazer a Rota das Emo\u00e7\u00f5es?<\/a>\n\t\t\t\t\t<\/div>\n\n\t\t\t\t\t<div id=\"elementor-tab-content-4692\" class=\"elementor-tab-content elementor-clearfix\" data-tab=\"2\" role=\"region\" aria-labelledby=\"elementor-tab-title-4692\"><p>A melhor \u00e9poca depende do que voc\u00ea busca:<\/p><ul><li><strong>Julho a setembro<\/strong>: Ideal para ver as lagoas dos Len\u00e7\u00f3is Maranhenses cheias<\/li><li><strong>Outubro a dezembro<\/strong>: \u00d3timo para praticar esportes aqu\u00e1ticos em Jericoacoara<\/li><li><strong>Janeiro a junho<\/strong>: Menos turistas e pre\u00e7os mais baixos<\/li><\/ul><\/div>\n\t\t\t\t<\/div>\n\t\t\t\t\t\t\t<div class=\"elementor-toggle-item\">\n\t\t\t\t\t<div id=\"elementor-tab-title-4693\" class=\"elementor-tab-title\" data-tab=\"3\" role=\"button\" aria-controls=\"elementor-tab-content-4693\" aria-expanded=\"false\">\n\t\t\t\t\t\t\t\t\t\t\t\t<span class=\"elementor-toggle-icon elementor-toggle-icon-left\" aria-hidden=\"true\">\n\t\t\t\t\t\t\t\t\t\t\t\t\t\t\t<span class=\"elementor-toggle-icon-closed\"><svg class=\"e-font-icon-svg e-fas-caret-right\" viewBox=\"0 0 192 512\" xmlns=\"http:\/\/www.w3.org\/2000\/svg\"><path d=\"M0 384.662V127.338c0-17.818 21.543-26.741 34.142-14.142l128.662 128.662c7.81 7.81 7.81 20.474 0 28.284L34.142 398.804C21.543 411.404 0 402.48 0 384.662z\"><\/path><\/svg><\/span>\n\t\t\t\t\t\t\t\t<span class=\"elementor-toggle-icon-opened\"><svg class=\"elementor-toggle-icon-opened e-font-icon-svg e-fas-caret-up\" viewBox=\"0 0 320 512\" xmlns=\"http:\/\/www.w3.org\/2000\/svg\"><path d=\"M288.662 352H31.338c-17.818 0-26.741-21.543-14.142-34.142l128.662-128.662c7.81-7.81 20.474-7.81 28.284 0l128.662 128.662c12.6 12.599 3.676 34.142-14.142 34.142z\"><\/path><\/svg><\/span>\n\t\t\t\t\t\t\t\t\t\t\t\t\t<\/span>\n\t\t\t\t\t\t\t\t\t\t\t\t<a class=\"elementor-toggle-title\" tabindex=\"0\">3. Quanto tempo \u00e9 necess\u00e1rio para fazer a Rota das Emo\u00e7\u00f5es?<\/a>\n\t\t\t\t\t<\/div>\n\n\t\t\t\t\t<div id=\"elementor-tab-content-4693\" class=\"elementor-tab-content elementor-clearfix\" data-tab=\"3\" role=\"region\" aria-labelledby=\"elementor-tab-title-4693\"><p>O tempo ideal varia:<\/p><ul><li><strong>M\u00ednimo recomendado<\/strong>: 7 dias<\/li><li><strong>Tempo ideal<\/strong>: 10 a 14 dias<\/li><li><strong>Para explorar com calma<\/strong>: 15 dias ou mais<\/li><\/ul><\/div>\n\t\t\t\t<\/div>\n\t\t\t\t\t\t\t<div class=\"elementor-toggle-item\">\n\t\t\t\t\t<div id=\"elementor-tab-title-4694\" class=\"elementor-tab-title\" data-tab=\"4\" role=\"button\" aria-controls=\"elementor-tab-content-4694\" aria-expanded=\"false\">\n\t\t\t\t\t\t\t\t\t\t\t\t<span class=\"elementor-toggle-icon elementor-toggle-icon-left\" aria-hidden=\"true\">\n\t\t\t\t\t\t\t\t\t\t\t\t\t\t\t<span class=\"elementor-toggle-icon-closed\"><svg class=\"e-font-icon-svg e-fas-caret-right\" viewBox=\"0 0 192 512\" xmlns=\"http:\/\/www.w3.org\/2000\/svg\"><path d=\"M0 384.662V127.338c0-17.818 21.543-26.741 34.142-14.142l128.662 128.662c7.81 7.81 7.81 20.474 0 28.284L34.142 398.804C21.543 411.404 0 402.48 0 384.662z\"><\/path><\/svg><\/span>\n\t\t\t\t\t\t\t\t<span class=\"elementor-toggle-icon-opened\"><svg class=\"elementor-toggle-icon-opened e-font-icon-svg e-fas-caret-up\" viewBox=\"0 0 320 512\" xmlns=\"http:\/\/www.w3.org\/2000\/svg\"><path d=\"M288.662 352H31.338c-17.818 0-26.741-21.543-14.142-34.142l128.662-128.662c7.81-7.81 20.474-7.81 28.284 0l128.662 128.662c12.6 12.599 3.676 34.142-14.142 34.142z\"><\/path><\/svg><\/span>\n\t\t\t\t\t\t\t\t\t\t\t\t\t<\/span>\n\t\t\t\t\t\t\t\t\t\t\t\t<a class=\"elementor-toggle-title\" tabindex=\"0\">4. A Rota das Emo\u00e7\u00f5es \u00e9 adequada para crian\u00e7as?<\/a>\n\t\t\t\t\t<\/div>\n\n\t\t\t\t\t<div id=\"elementor-tab-content-4694\" class=\"elementor-tab-content elementor-clearfix\" data-tab=\"4\" role=\"region\" aria-labelledby=\"elementor-tab-title-4694\"><p>Sim, mas com algumas considera\u00e7\u00f5es:<\/p><ul><li>Algumas atividades podem ser cansativas para crian\u00e7as muito pequenas<\/li><li>H\u00e1 op\u00e7\u00f5es de passeios adaptados para fam\u00edlias<\/li><li>Recomendado para crian\u00e7as a partir de 6 anos<\/li><\/ul><\/div>\n\t\t\t\t<\/div>\n\t\t\t\t\t\t\t<div class=\"elementor-toggle-item\">\n\t\t\t\t\t<div id=\"elementor-tab-title-4695\" class=\"elementor-tab-title\" data-tab=\"5\" role=\"button\" aria-controls=\"elementor-tab-content-4695\" aria-expanded=\"false\">\n\t\t\t\t\t\t\t\t\t\t\t\t<span class=\"elementor-toggle-icon elementor-toggle-icon-left\" aria-hidden=\"true\">\n\t\t\t\t\t\t\t\t\t\t\t\t\t\t\t<span class=\"elementor-toggle-icon-closed\"><svg class=\"e-font-icon-svg e-fas-caret-right\" viewBox=\"0 0 192 512\" xmlns=\"http:\/\/www.w3.org\/2000\/svg\"><path d=\"M0 384.662V127.338c0-17.818 21.543-26.741 34.142-14.142l128.662 128.662c7.81 7.81 7.81 20.474 0 28.284L34.142 398.804C21.543 411.404 0 402.48 0 384.662z\"><\/path><\/svg><\/span>\n\t\t\t\t\t\t\t\t<span class=\"elementor-toggle-icon-opened\"><svg class=\"elementor-toggle-icon-opened e-font-icon-svg e-fas-caret-up\" viewBox=\"0 0 320 512\" xmlns=\"http:\/\/www.w3.org\/2000\/svg\"><path d=\"M288.662 352H31.338c-17.818 0-26.741-21.543-14.142-34.142l128.662-128.662c7.81-7.81 20.474-7.81 28.284 0l128.662 128.662c12.6 12.599 3.676 34.142-14.142 34.142z\"><\/path><\/svg><\/span>\n\t\t\t\t\t\t\t\t\t\t\t\t\t<\/span>\n\t\t\t\t\t\t\t\t\t\t\t\t<a class=\"elementor-toggle-title\" tabindex=\"0\">5. Quais s\u00e3o os principais pontos tur\u00edsticos da Rota das Emo\u00e7\u00f5es?<\/a>\n\t\t\t\t\t<\/div>\n\n\t\t\t\t\t<div id=\"elementor-tab-content-4695\" class=\"elementor-tab-content elementor-clearfix\" data-tab=\"5\" role=\"region\" aria-labelledby=\"elementor-tab-title-4695\"><p>Destacam-se:<\/p><ul><li>Parque Nacional dos Len\u00e7\u00f3is Maranhenses<\/li><li>Delta do Parna\u00edba<\/li><li>Praia de Jericoacoara<\/li><li>Lagoa do Para\u00edso<\/li><li>Pedra Furada<\/li><\/ul><\/div>\n\t\t\t\t<\/div>\n\t\t\t\t\t\t\t<div class=\"elementor-toggle-item\">\n\t\t\t\t\t<div id=\"elementor-tab-title-4696\" class=\"elementor-tab-title\" data-tab=\"6\" role=\"button\" aria-controls=\"elementor-tab-content-4696\" aria-expanded=\"false\">\n\t\t\t\t\t\t\t\t\t\t\t\t<span class=\"elementor-toggle-icon elementor-toggle-icon-left\" aria-hidden=\"true\">\n\t\t\t\t\t\t\t\t\t\t\t\t\t\t\t<span class=\"elementor-toggle-icon-closed\"><svg class=\"e-font-icon-svg e-fas-caret-right\" viewBox=\"0 0 192 512\" xmlns=\"http:\/\/www.w3.org\/2000\/svg\"><path d=\"M0 384.662V127.338c0-17.818 21.543-26.741 34.142-14.142l128.662 128.662c7.81 7.81 7.81 20.474 0 28.284L34.142 398.804C21.543 411.404 0 402.48 0 384.662z\"><\/path><\/svg><\/span>\n\t\t\t\t\t\t\t\t<span class=\"elementor-toggle-icon-opened\"><svg class=\"elementor-toggle-icon-opened e-font-icon-svg e-fas-caret-up\" viewBox=\"0 0 320 512\" xmlns=\"http:\/\/www.w3.org\/2000\/svg\"><path d=\"M288.662 352H31.338c-17.818 0-26.741-21.543-14.142-34.142l128.662-128.662c7.81-7.81 20.474-7.81 28.284 0l128.662 128.662c12.6 12.599 3.676 34.142-14.142 34.142z\"><\/path><\/svg><\/span>\n\t\t\t\t\t\t\t\t\t\t\t\t\t<\/span>\n\t\t\t\t\t\t\t\t\t\t\t\t<a class=\"elementor-toggle-title\" tabindex=\"0\">6. Como chegar ao ponto de partida da Rota das Emo\u00e7\u00f5es?<\/a>\n\t\t\t\t\t<\/div>\n\n\t\t\t\t\t<div id=\"elementor-tab-content-4696\" class=\"elementor-tab-content elementor-clearfix\" data-tab=\"6\" role=\"region\" aria-labelledby=\"elementor-tab-title-4696\"><p>Geralmente, inicia-se em S\u00e3o Lu\u00eds (MA) ou Fortaleza (CE):<\/p><ul><li>Voos diretos para ambas as cidades a partir de v\u00e1rias capitais brasileiras<\/li><li>Transfers ou voos regionais para as cidades da rota<\/li><\/ul><\/div>\n\t\t\t\t<\/div>\n\t\t\t\t\t\t\t<div class=\"elementor-toggle-item\">\n\t\t\t\t\t<div id=\"elementor-tab-title-4697\" class=\"elementor-tab-title\" data-tab=\"7\" role=\"button\" aria-controls=\"elementor-tab-content-4697\" aria-expanded=\"false\">\n\t\t\t\t\t\t\t\t\t\t\t\t<span class=\"elementor-toggle-icon elementor-toggle-icon-left\" aria-hidden=\"true\">\n\t\t\t\t\t\t\t\t\t\t\t\t\t\t\t<span class=\"elementor-toggle-icon-closed\"><svg class=\"e-font-icon-svg e-fas-caret-right\" viewBox=\"0 0 192 512\" xmlns=\"http:\/\/www.w3.org\/2000\/svg\"><path d=\"M0 384.662V127.338c0-17.818 21.543-26.741 34.142-14.142l128.662 128.662c7.81 7.81 7.81 20.474 0 28.284L34.142 398.804C21.543 411.404 0 402.48 0 384.662z\"><\/path><\/svg><\/span>\n\t\t\t\t\t\t\t\t<span class=\"elementor-toggle-icon-opened\"><svg class=\"elementor-toggle-icon-opened e-font-icon-svg e-fas-caret-up\" viewBox=\"0 0 320 512\" xmlns=\"http:\/\/www.w3.org\/2000\/svg\"><path d=\"M288.662 352H31.338c-17.818 0-26.741-21.543-14.142-34.142l128.662-128.662c7.81-7.81 20.474-7.81 28.284 0l128.662 128.662c12.6 12.599 3.676 34.142-14.142 34.142z\"><\/path><\/svg><\/span>\n\t\t\t\t\t\t\t\t\t\t\t\t\t<\/span>\n\t\t\t\t\t\t\t\t\t\t\t\t<a class=\"elementor-toggle-title\" tabindex=\"0\">7. Qual o melhor meio de transporte para fazer a Rota das Emo\u00e7\u00f5es?<\/a>\n\t\t\t\t\t<\/div>\n\n\t\t\t\t\t<div id=\"elementor-tab-content-4697\" class=\"elementor-tab-content elementor-clearfix\" data-tab=\"7\" role=\"region\" aria-labelledby=\"elementor-tab-title-4697\"><p>Recomenda-se:<\/p><ul><li>Transfer 4&#215;4 entre as principais cidades<\/li><li>Passeios locais em ve\u00edculos adaptados (jardineiras, lanchas)<\/li><li>Pacotes tur\u00edsticos que incluem todos os transportes<\/li><\/ul><\/div>\n\t\t\t\t<\/div>\n\t\t\t\t\t\t\t<div class=\"elementor-toggle-item\">\n\t\t\t\t\t<div id=\"elementor-tab-title-4698\" class=\"elementor-tab-title\" data-tab=\"8\" role=\"button\" aria-controls=\"elementor-tab-content-4698\" aria-expanded=\"false\">\n\t\t\t\t\t\t\t\t\t\t\t\t<span class=\"elementor-toggle-icon elementor-toggle-icon-left\" aria-hidden=\"true\">\n\t\t\t\t\t\t\t\t\t\t\t\t\t\t\t<span class=\"elementor-toggle-icon-closed\"><svg class=\"e-font-icon-svg e-fas-caret-right\" viewBox=\"0 0 192 512\" xmlns=\"http:\/\/www.w3.org\/2000\/svg\"><path d=\"M0 384.662V127.338c0-17.818 21.543-26.741 34.142-14.142l128.662 128.662c7.81 7.81 7.81 20.474 0 28.284L34.142 398.804C21.543 411.404 0 402.48 0 384.662z\"><\/path><\/svg><\/span>\n\t\t\t\t\t\t\t\t<span class=\"elementor-toggle-icon-opened\"><svg class=\"elementor-toggle-icon-opened e-font-icon-svg e-fas-caret-up\" viewBox=\"0 0 320 512\" xmlns=\"http:\/\/www.w3.org\/2000\/svg\"><path d=\"M288.662 352H31.338c-17.818 0-26.741-21.543-14.142-34.142l128.662-128.662c7.81-7.81 20.474-7.81 28.284 0l128.662 128.662c12.6 12.599 3.676 34.142-14.142 34.142z\"><\/path><\/svg><\/span>\n\t\t\t\t\t\t\t\t\t\t\t\t\t<\/span>\n\t\t\t\t\t\t\t\t\t\t\t\t<a class=\"elementor-toggle-title\" tabindex=\"0\">8. Quais s\u00e3o as op\u00e7\u00f5es de hospedagem na Rota das Emo\u00e7\u00f5es?<\/a>\n\t\t\t\t\t<\/div>\n\n\t\t\t\t\t<div id=\"elementor-tab-content-4698\" class=\"elementor-tab-content elementor-clearfix\" data-tab=\"8\" role=\"region\" aria-labelledby=\"elementor-tab-title-4698\"><p>Variam de acordo com a regi\u00e3o:<\/p><ul><li>Pousadas charmosas<\/li><li>Resorts all-inclusive<\/li><li>Hot\u00e9is boutique<\/li><li>Op\u00e7\u00f5es de glamping em algumas \u00e1reas<\/li><\/ul><\/div>\n\t\t\t\t<\/div>\n\t\t\t\t\t\t\t<div class=\"elementor-toggle-item\">\n\t\t\t\t\t<div id=\"elementor-tab-title-4699\" class=\"elementor-tab-title\" data-tab=\"9\" role=\"button\" aria-controls=\"elementor-tab-content-4699\" aria-expanded=\"false\">\n\t\t\t\t\t\t\t\t\t\t\t\t<span class=\"elementor-toggle-icon elementor-toggle-icon-left\" aria-hidden=\"true\">\n\t\t\t\t\t\t\t\t\t\t\t\t\t\t\t<span class=\"elementor-toggle-icon-closed\"><svg class=\"e-font-icon-svg e-fas-caret-right\" viewBox=\"0 0 192 512\" xmlns=\"http:\/\/www.w3.org\/2000\/svg\"><path d=\"M0 384.662V127.338c0-17.818 21.543-26.741 34.142-14.142l128.662 128.662c7.81 7.81 7.81 20.474 0 28.284L34.142 398.804C21.543 411.404 0 402.48 0 384.662z\"><\/path><\/svg><\/span>\n\t\t\t\t\t\t\t\t<span class=\"elementor-toggle-icon-opened\"><svg class=\"elementor-toggle-icon-opened e-font-icon-svg e-fas-caret-up\" viewBox=\"0 0 320 512\" xmlns=\"http:\/\/www.w3.org\/2000\/svg\"><path d=\"M288.662 352H31.338c-17.818 0-26.741-21.543-14.142-34.142l128.662-128.662c7.81-7.81 20.474-7.81 28.284 0l128.662 128.662c12.6 12.599 3.676 34.142-14.142 34.142z\"><\/path><\/svg><\/span>\n\t\t\t\t\t\t\t\t\t\t\t\t\t<\/span>\n\t\t\t\t\t\t\t\t\t\t\t\t<a class=\"elementor-toggle-title\" tabindex=\"0\">9. Quanto custa, em m\u00e9dia, fazer a Rota das Emo\u00e7\u00f5es?<\/a>\n\t\t\t\t\t<\/div>\n\n\t\t\t\t\t<div id=\"elementor-tab-content-4699\" class=\"elementor-tab-content elementor-clearfix\" data-tab=\"9\" role=\"region\" aria-labelledby=\"elementor-tab-title-4699\"><p>Os custos variam conforme a dura\u00e7\u00e3o e o tipo de viagem:<\/p><ul><li><strong>Econ\u00f4mico<\/strong>: A partir de R$ 3.000 por pessoa (7 dias)<\/li><li><strong>Confort\u00e1vel<\/strong>: Entre R$ 5.000 e R$ 8.000 por pessoa (10 dias)<\/li><li><strong>Luxo<\/strong>: Acima de R$ 10.000 por pessoa<\/li><\/ul><\/div>\n\t\t\t\t<\/div>\n\t\t\t\t\t\t\t<div class=\"elementor-toggle-item\">\n\t\t\t\t\t<div id=\"elementor-tab-title-46910\" class=\"elementor-tab-title\" data-tab=\"10\" role=\"button\" aria-controls=\"elementor-tab-content-46910\" aria-expanded=\"false\">\n\t\t\t\t\t\t\t\t\t\t\t\t<span class=\"elementor-toggle-icon elementor-toggle-icon-left\" aria-hidden=\"true\">\n\t\t\t\t\t\t\t\t\t\t\t\t\t\t\t<span class=\"elementor-toggle-icon-closed\"><svg class=\"e-font-icon-svg e-fas-caret-right\" viewBox=\"0 0 192 512\" xmlns=\"http:\/\/www.w3.org\/2000\/svg\"><path d=\"M0 384.662V127.338c0-17.818 21.543-26.741 34.142-14.142l128.662 128.662c7.81 7.81 7.81 20.474 0 28.284L34.142 398.804C21.543 411.404 0 402.48 0 384.662z\"><\/path><\/svg><\/span>\n\t\t\t\t\t\t\t\t<span class=\"elementor-toggle-icon-opened\"><svg class=\"elementor-toggle-icon-opened e-font-icon-svg e-fas-caret-up\" viewBox=\"0 0 320 512\" xmlns=\"http:\/\/www.w3.org\/2000\/svg\"><path d=\"M288.662 352H31.338c-17.818 0-26.741-21.543-14.142-34.142l128.662-128.662c7.81-7.81 20.474-7.81 28.284 0l128.662 128.662c12.6 12.599 3.676 34.142-14.142 34.142z\"><\/path><\/svg><\/span>\n\t\t\t\t\t\t\t\t\t\t\t\t\t<\/span>\n\t\t\t\t\t\t\t\t\t\t\t\t<a class=\"elementor-toggle-title\" tabindex=\"0\">10. \u00c9 poss\u00edvel fazer a Rota das Emo\u00e7\u00f5es de forma independente?<\/a>\n\t\t\t\t\t<\/div>\n\n\t\t\t\t\t<div id=\"elementor-tab-content-46910\" class=\"elementor-tab-content elementor-clearfix\" data-tab=\"10\" role=\"region\" aria-labelledby=\"elementor-tab-title-46910\"><p>Sim, mas requer planejamento cuidadoso:<\/p><ul><li>Aluguel de carro 4&#215;4 \u00e9 recomendado<\/li><li>Reservas antecipadas de hospedagem s\u00e3o essenciais<\/li><li>Conhecimento das condi\u00e7\u00f5es das estradas e mar\u00e9s \u00e9 crucial<\/li><\/ul><\/div>\n\t\t\t\t<\/div>\n\t\t\t\t\t\t\t<div class=\"elementor-toggle-item\">\n\t\t\t\t\t<div id=\"elementor-tab-title-46911\" class=\"elementor-tab-title\" data-tab=\"11\" role=\"button\" aria-controls=\"elementor-tab-content-46911\" aria-expanded=\"false\">\n\t\t\t\t\t\t\t\t\t\t\t\t<span class=\"elementor-toggle-icon elementor-toggle-icon-left\" aria-hidden=\"true\">\n\t\t\t\t\t\t\t\t\t\t\t\t\t\t\t<span class=\"elementor-toggle-icon-closed\"><svg class=\"e-font-icon-svg e-fas-caret-right\" viewBox=\"0 0 192 512\" xmlns=\"http:\/\/www.w3.org\/2000\/svg\"><path d=\"M0 384.662V127.338c0-17.818 21.543-26.741 34.142-14.142l128.662 128.662c7.81 7.81 7.81 20.474 0 28.284L34.142 398.804C21.543 411.404 0 402.48 0 384.662z\"><\/path><\/svg><\/span>\n\t\t\t\t\t\t\t\t<span class=\"elementor-toggle-icon-opened\"><svg class=\"elementor-toggle-icon-opened e-font-icon-svg e-fas-caret-up\" viewBox=\"0 0 320 512\" xmlns=\"http:\/\/www.w3.org\/2000\/svg\"><path d=\"M288.662 352H31.338c-17.818 0-26.741-21.543-14.142-34.142l128.662-128.662c7.81-7.81 20.474-7.81 28.284 0l128.662 128.662c12.6 12.599 3.676 34.142-14.142 34.142z\"><\/path><\/svg><\/span>\n\t\t\t\t\t\t\t\t\t\t\t\t\t<\/span>\n\t\t\t\t\t\t\t\t\t\t\t\t<a class=\"elementor-toggle-title\" tabindex=\"0\">11. Quais atividades imperd\u00edveis na Rota das Emo\u00e7\u00f5es?<\/a>\n\t\t\t\t\t<\/div>\n\n\t\t\t\t\t<div id=\"elementor-tab-content-46911\" class=\"elementor-tab-content elementor-clearfix\" data-tab=\"11\" role=\"region\" aria-labelledby=\"elementor-tab-title-46911\"><p>Algumas experi\u00eancias \u00fanicas incluem:<\/p><ul><li>Banho nas lagoas dos Len\u00e7\u00f3is Maranhenses<\/li><li>Passeio de barco no Delta do Parna\u00edba<\/li><li>Kitesurf em Jericoacoara<\/li><li>P\u00f4r do sol na Duna do P\u00f4r do Sol<\/li><li>Visita a comunidades tradicionais<\/li><\/ul><\/div>\n\t\t\t\t<\/div>\n\t\t\t\t\t\t\t<div class=\"elementor-toggle-item\">\n\t\t\t\t\t<div id=\"elementor-tab-title-46912\" class=\"elementor-tab-title\" data-tab=\"12\" role=\"button\" aria-controls=\"elementor-tab-content-46912\" aria-expanded=\"false\">\n\t\t\t\t\t\t\t\t\t\t\t\t<span class=\"elementor-toggle-icon elementor-toggle-icon-left\" aria-hidden=\"true\">\n\t\t\t\t\t\t\t\t\t\t\t\t\t\t\t<span class=\"elementor-toggle-icon-closed\"><svg class=\"e-font-icon-svg e-fas-caret-right\" viewBox=\"0 0 192 512\" xmlns=\"http:\/\/www.w3.org\/2000\/svg\"><path d=\"M0 384.662V127.338c0-17.818 21.543-26.741 34.142-14.142l128.662 128.662c7.81 7.81 7.81 20.474 0 28.284L34.142 398.804C21.543 411.404 0 402.48 0 384.662z\"><\/path><\/svg><\/span>\n\t\t\t\t\t\t\t\t<span class=\"elementor-toggle-icon-opened\"><svg class=\"elementor-toggle-icon-opened e-font-icon-svg e-fas-caret-up\" viewBox=\"0 0 320 512\" xmlns=\"http:\/\/www.w3.org\/2000\/svg\"><path d=\"M288.662 352H31.338c-17.818 0-26.741-21.543-14.142-34.142l128.662-128.662c7.81-7.81 20.474-7.81 28.284 0l128.662 128.662c12.6 12.599 3.676 34.142-14.142 34.142z\"><\/path><\/svg><\/span>\n\t\t\t\t\t\t\t\t\t\t\t\t\t<\/span>\n\t\t\t\t\t\t\t\t\t\t\t\t<a class=\"elementor-toggle-title\" tabindex=\"0\">12. Que tipo de roupas devo levar para a Rota das Emo\u00e7\u00f5es?<\/a>\n\t\t\t\t\t<\/div>\n\n\t\t\t\t\t<div id=\"elementor-tab-content-46912\" class=\"elementor-tab-content elementor-clearfix\" data-tab=\"12\" role=\"region\" aria-labelledby=\"elementor-tab-title-46912\"><p>Recomenda-se:<\/p><ul><li>Roupas leves e de secagem r\u00e1pida<\/li><li>Prote\u00e7\u00e3o solar (chap\u00e9u, \u00f3culos de sol)<\/li><li>Cal\u00e7ados confort\u00e1veis para caminhadas<\/li><li>Roupa de banho<\/li><li>Casaco leve para noites mais frescas<\/li><\/ul><\/div>\n\t\t\t\t<\/div>\n\t\t\t\t\t\t\t<div class=\"elementor-toggle-item\">\n\t\t\t\t\t<div id=\"elementor-tab-title-46913\" class=\"elementor-tab-title\" data-tab=\"13\" role=\"button\" aria-controls=\"elementor-tab-content-46913\" aria-expanded=\"false\">\n\t\t\t\t\t\t\t\t\t\t\t\t<span class=\"elementor-toggle-icon elementor-toggle-icon-left\" aria-hidden=\"true\">\n\t\t\t\t\t\t\t\t\t\t\t\t\t\t\t<span class=\"elementor-toggle-icon-closed\"><svg class=\"e-font-icon-svg e-fas-caret-right\" viewBox=\"0 0 192 512\" xmlns=\"http:\/\/www.w3.org\/2000\/svg\"><path d=\"M0 384.662V127.338c0-17.818 21.543-26.741 34.142-14.142l128.662 128.662c7.81 7.81 7.81 20.474 0 28.284L34.142 398.804C21.543 411.404 0 402.48 0 384.662z\"><\/path><\/svg><\/span>\n\t\t\t\t\t\t\t\t<span class=\"elementor-toggle-icon-opened\"><svg class=\"elementor-toggle-icon-opened e-font-icon-svg e-fas-caret-up\" viewBox=\"0 0 320 512\" xmlns=\"http:\/\/www.w3.org\/2000\/svg\"><path d=\"M288.662 352H31.338c-17.818 0-26.741-21.543-14.142-34.142l128.662-128.662c7.81-7.81 20.474-7.81 28.284 0l128.662 128.662c12.6 12.599 3.676 34.142-14.142 34.142z\"><\/path><\/svg><\/span>\n\t\t\t\t\t\t\t\t\t\t\t\t\t<\/span>\n\t\t\t\t\t\t\t\t\t\t\t\t<a class=\"elementor-toggle-title\" tabindex=\"0\">13. \u00c9 seguro viajar pela Rota das Emo\u00e7\u00f5es?<\/a>\n\t\t\t\t\t<\/div>\n\n\t\t\t\t\t<div id=\"elementor-tab-content-46913\" class=\"elementor-tab-content elementor-clearfix\" data-tab=\"13\" role=\"region\" aria-labelledby=\"elementor-tab-title-46913\"><p>Sim, mas tome precau\u00e7\u00f5es b\u00e1sicas:<\/p><ul><li>Contrate guias locais para passeios<\/li><li>Mantenha seus pertences sempre por perto<\/li><li>Siga as orienta\u00e7\u00f5es de seguran\u00e7a em atividades aqu\u00e1ticas<\/li><\/ul><\/div>\n\t\t\t\t<\/div>\n\t\t\t\t\t\t\t<div class=\"elementor-toggle-item\">\n\t\t\t\t\t<div id=\"elementor-tab-title-46914\" class=\"elementor-tab-title\" data-tab=\"14\" role=\"button\" aria-controls=\"elementor-tab-content-46914\" aria-expanded=\"false\">\n\t\t\t\t\t\t\t\t\t\t\t\t<span class=\"elementor-toggle-icon elementor-toggle-icon-left\" aria-hidden=\"true\">\n\t\t\t\t\t\t\t\t\t\t\t\t\t\t\t<span class=\"elementor-toggle-icon-closed\"><svg class=\"e-font-icon-svg e-fas-caret-right\" viewBox=\"0 0 192 512\" xmlns=\"http:\/\/www.w3.org\/2000\/svg\"><path d=\"M0 384.662V127.338c0-17.818 21.543-26.741 34.142-14.142l128.662 128.662c7.81 7.81 7.81 20.474 0 28.284L34.142 398.804C21.543 411.404 0 402.48 0 384.662z\"><\/path><\/svg><\/span>\n\t\t\t\t\t\t\t\t<span class=\"elementor-toggle-icon-opened\"><svg class=\"elementor-toggle-icon-opened e-font-icon-svg e-fas-caret-up\" viewBox=\"0 0 320 512\" xmlns=\"http:\/\/www.w3.org\/2000\/svg\"><path d=\"M288.662 352H31.338c-17.818 0-26.741-21.543-14.142-34.142l128.662-128.662c7.81-7.81 20.474-7.81 28.284 0l128.662 128.662c12.6 12.599 3.676 34.142-14.142 34.142z\"><\/path><\/svg><\/span>\n\t\t\t\t\t\t\t\t\t\t\t\t\t<\/span>\n\t\t\t\t\t\t\t\t\t\t\t\t<a class=\"elementor-toggle-title\" tabindex=\"0\">14. Quais s\u00e3o os pratos t\u00edpicos da regi\u00e3o da Rota das Emo\u00e7\u00f5es?<\/a>\n\t\t\t\t\t<\/div>\n\n\t\t\t\t\t<div id=\"elementor-tab-content-46914\" class=\"elementor-tab-content elementor-clearfix\" data-tab=\"14\" role=\"region\" aria-labelledby=\"elementor-tab-title-46914\"><p>Alguns destaques gastron\u00f4micos:<\/p><ul><li>Arroz de cux\u00e1 (Maranh\u00e3o)<\/li><li>Caranguejada (Piau\u00ed)<\/li><li>Peixe com molho de camar\u00e3o (Cear\u00e1)<\/li><li>Tapioca recheada (comum em toda a rota)<\/li><\/ul><\/div>\n\t\t\t\t<\/div>\n\t\t\t\t\t\t\t<div class=\"elementor-toggle-item\">\n\t\t\t\t\t<div id=\"elementor-tab-title-46915\" class=\"elementor-tab-title\" data-tab=\"15\" role=\"button\" aria-controls=\"elementor-tab-content-46915\" aria-expanded=\"false\">\n\t\t\t\t\t\t\t\t\t\t\t\t<span class=\"elementor-toggle-icon elementor-toggle-icon-left\" aria-hidden=\"true\">\n\t\t\t\t\t\t\t\t\t\t\t\t\t\t\t<span class=\"elementor-toggle-icon-closed\"><svg class=\"e-font-icon-svg e-fas-caret-right\" viewBox=\"0 0 192 512\" xmlns=\"http:\/\/www.w3.org\/2000\/svg\"><path d=\"M0 384.662V127.338c0-17.818 21.543-26.741 34.142-14.142l128.662 128.662c7.81 7.81 7.81 20.474 0 28.284L34.142 398.804C21.543 411.404 0 402.48 0 384.662z\"><\/path><\/svg><\/span>\n\t\t\t\t\t\t\t\t<span class=\"elementor-toggle-icon-opened\"><svg class=\"elementor-toggle-icon-opened e-font-icon-svg e-fas-caret-up\" viewBox=\"0 0 320 512\" xmlns=\"http:\/\/www.w3.org\/2000\/svg\"><path d=\"M288.662 352H31.338c-17.818 0-26.741-21.543-14.142-34.142l128.662-128.662c7.81-7.81 20.474-7.81 28.284 0l128.662 128.662c12.6 12.599 3.676 34.142-14.142 34.142z\"><\/path><\/svg><\/span>\n\t\t\t\t\t\t\t\t\t\t\t\t\t<\/span>\n\t\t\t\t\t\t\t\t\t\t\t\t<a class=\"elementor-toggle-title\" tabindex=\"0\">15. Por que escolher uma ag\u00eancia especializada como a Blumar Turismo?<\/a>\n\t\t\t\t\t<\/div>\n\n\t\t\t\t\t<div id=\"elementor-tab-content-46915\" class=\"elementor-tab-content elementor-clearfix\" data-tab=\"15\" role=\"region\" aria-labelledby=\"elementor-tab-title-46915\"><p>Ag\u00eancias especializadas oferecem:<\/p><ul><li>Conhecimento profundo da regi\u00e3o<\/li><li>Roteiros personalizados<\/li><li>Suporte durante toda a viagem<\/li><li>Acesso a experi\u00eancias exclusivas<\/li><li>Resolu\u00e7\u00e3o r\u00e1pida de imprevistos<\/li><\/ul><\/div>\n\t\t\t\t<\/div>\n\t\t\t\t\t\t\t\t\t\t<script type=\"application\/ld+json\">{\"@context\":\"https:\\\/\\\/schema.org\",\"@type\":\"FAQPage\",\"mainEntity\":[{\"@type\":\"Question\",\"name\":\"1. O que \\u00e9 a Rota das Emo\\u00e7\\u00f5es?\",\"acceptedAnswer\":{\"@type\":\"Answer\",\"text\":\"<p>A Rota das Emo\\u00e7\\u00f5es \\u00e9 um roteiro tur\\u00edstico que conecta tr\\u00eas estados do nordeste brasileiro:<\\\/p><ul><li>Maranh\\u00e3o (Len\\u00e7\\u00f3is Maranhenses)<\\\/li><li>Piau\\u00ed (Delta do Parna\\u00edba)<\\\/li><li>Cear\\u00e1 (Jericoacoara)<\\\/li><\\\/ul><p>Oferece paisagens deslumbrantes, incluindo dunas, lagoas cristalinas e praias paradis\\u00edacas.<\\\/p>\"}},{\"@type\":\"Question\",\"name\":\"2. Qual a melhor \\u00e9poca para fazer a Rota das Emo\\u00e7\\u00f5es?\",\"acceptedAnswer\":{\"@type\":\"Answer\",\"text\":\"<p>A melhor \\u00e9poca depende do que voc\\u00ea busca:<\\\/p><ul><li><strong>Julho a setembro<\\\/strong>: Ideal para ver as lagoas dos Len\\u00e7\\u00f3is Maranhenses cheias<\\\/li><li><strong>Outubro a dezembro<\\\/strong>: \\u00d3timo para praticar esportes aqu\\u00e1ticos em Jericoacoara<\\\/li><li><strong>Janeiro a junho<\\\/strong>: Menos turistas e pre\\u00e7os mais baixos<\\\/li><\\\/ul>\"}},{\"@type\":\"Question\",\"name\":\"3. Quanto tempo \\u00e9 necess\\u00e1rio para fazer a Rota das Emo\\u00e7\\u00f5es?\",\"acceptedAnswer\":{\"@type\":\"Answer\",\"text\":\"<p>O tempo ideal varia:<\\\/p><ul><li><strong>M\\u00ednimo recomendado<\\\/strong>: 7 dias<\\\/li><li><strong>Tempo ideal<\\\/strong>: 10 a 14 dias<\\\/li><li><strong>Para explorar com calma<\\\/strong>: 15 dias ou mais<\\\/li><\\\/ul>\"}},{\"@type\":\"Question\",\"name\":\"4. A Rota das Emo\\u00e7\\u00f5es \\u00e9 adequada para crian\\u00e7as?\",\"acceptedAnswer\":{\"@type\":\"Answer\",\"text\":\"<p>Sim, mas com algumas considera\\u00e7\\u00f5es:<\\\/p><ul><li>Algumas atividades podem ser cansativas para crian\\u00e7as muito pequenas<\\\/li><li>H\\u00e1 op\\u00e7\\u00f5es de passeios adaptados para fam\\u00edlias<\\\/li><li>Recomendado para crian\\u00e7as a partir de 6 anos<\\\/li><\\\/ul>\"}},{\"@type\":\"Question\",\"name\":\"5. Quais s\\u00e3o os principais pontos tur\\u00edsticos da Rota das Emo\\u00e7\\u00f5es?\",\"acceptedAnswer\":{\"@type\":\"Answer\",\"text\":\"<p>Destacam-se:<\\\/p><ul><li>Parque Nacional dos Len\\u00e7\\u00f3is Maranhenses<\\\/li><li>Delta do Parna\\u00edba<\\\/li><li>Praia de Jericoacoara<\\\/li><li>Lagoa do Para\\u00edso<\\\/li><li>Pedra Furada<\\\/li><\\\/ul>\"}},{\"@type\":\"Question\",\"name\":\"6. Como chegar ao ponto de partida da Rota das Emo\\u00e7\\u00f5es?\",\"acceptedAnswer\":{\"@type\":\"Answer\",\"text\":\"<p>Geralmente, inicia-se em S\\u00e3o Lu\\u00eds (MA) ou Fortaleza (CE):<\\\/p><ul><li>Voos diretos para ambas as cidades a partir de v\\u00e1rias capitais brasileiras<\\\/li><li>Transfers ou voos regionais para as cidades da rota<\\\/li><\\\/ul>\"}},{\"@type\":\"Question\",\"name\":\"7. Qual o melhor meio de transporte para fazer a Rota das Emo\\u00e7\\u00f5es?\",\"acceptedAnswer\":{\"@type\":\"Answer\",\"text\":\"<p>Recomenda-se:<\\\/p><ul><li>Transfer 4&#215;4 entre as principais cidades<\\\/li><li>Passeios locais em ve\\u00edculos adaptados (jardineiras, lanchas)<\\\/li><li>Pacotes tur\\u00edsticos que incluem todos os transportes<\\\/li><\\\/ul>\"}},{\"@type\":\"Question\",\"name\":\"8. Quais s\\u00e3o as op\\u00e7\\u00f5es de hospedagem na Rota das Emo\\u00e7\\u00f5es?\",\"acceptedAnswer\":{\"@type\":\"Answer\",\"text\":\"<p>Variam de acordo com a regi\\u00e3o:<\\\/p><ul><li>Pousadas charmosas<\\\/li><li>Resorts all-inclusive<\\\/li><li>Hot\\u00e9is boutique<\\\/li><li>Op\\u00e7\\u00f5es de glamping em algumas \\u00e1reas<\\\/li><\\\/ul>\"}},{\"@type\":\"Question\",\"name\":\"9. Quanto custa, em m\\u00e9dia, fazer a Rota das Emo\\u00e7\\u00f5es?\",\"acceptedAnswer\":{\"@type\":\"Answer\",\"text\":\"<p>Os custos variam conforme a dura\\u00e7\\u00e3o e o tipo de viagem:<\\\/p><ul><li><strong>Econ\\u00f4mico<\\\/strong>: A partir de R$ 3.000 por pessoa (7 dias)<\\\/li><li><strong>Confort\\u00e1vel<\\\/strong>: Entre R$ 5.000 e R$ 8.000 por pessoa (10 dias)<\\\/li><li><strong>Luxo<\\\/strong>: Acima de R$ 10.000 por pessoa<\\\/li><\\\/ul>\"}},{\"@type\":\"Question\",\"name\":\"10. \\u00c9 poss\\u00edvel fazer a Rota das Emo\\u00e7\\u00f5es de forma independente?\",\"acceptedAnswer\":{\"@type\":\"Answer\",\"text\":\"<p>Sim, mas requer planejamento cuidadoso:<\\\/p><ul><li>Aluguel de carro 4&#215;4 \\u00e9 recomendado<\\\/li><li>Reservas antecipadas de hospedagem s\\u00e3o essenciais<\\\/li><li>Conhecimento das condi\\u00e7\\u00f5es das estradas e mar\\u00e9s \\u00e9 crucial<\\\/li><\\\/ul>\"}},{\"@type\":\"Question\",\"name\":\"11. Quais atividades imperd\\u00edveis na Rota das Emo\\u00e7\\u00f5es?\",\"acceptedAnswer\":{\"@type\":\"Answer\",\"text\":\"<p>Algumas experi\\u00eancias \\u00fanicas incluem:<\\\/p><ul><li>Banho nas lagoas dos Len\\u00e7\\u00f3is Maranhenses<\\\/li><li>Passeio de barco no Delta do Parna\\u00edba<\\\/li><li>Kitesurf em Jericoacoara<\\\/li><li>P\\u00f4r do sol na Duna do P\\u00f4r do Sol<\\\/li><li>Visita a comunidades tradicionais<\\\/li><\\\/ul>\"}},{\"@type\":\"Question\",\"name\":\"12. Que tipo de roupas devo levar para a Rota das Emo\\u00e7\\u00f5es?\",\"acceptedAnswer\":{\"@type\":\"Answer\",\"text\":\"<p>Recomenda-se:<\\\/p><ul><li>Roupas leves e de secagem r\\u00e1pida<\\\/li><li>Prote\\u00e7\\u00e3o solar (chap\\u00e9u, \\u00f3culos de sol)<\\\/li><li>Cal\\u00e7ados confort\\u00e1veis para caminhadas<\\\/li><li>Roupa de banho<\\\/li><li>Casaco leve para noites mais frescas<\\\/li><\\\/ul>\"}},{\"@type\":\"Question\",\"name\":\"13. \\u00c9 seguro viajar pela Rota das Emo\\u00e7\\u00f5es?\",\"acceptedAnswer\":{\"@type\":\"Answer\",\"text\":\"<p>Sim, mas tome precau\\u00e7\\u00f5es b\\u00e1sicas:<\\\/p><ul><li>Contrate guias locais para passeios<\\\/li><li>Mantenha seus pertences sempre por perto<\\\/li><li>Siga as orienta\\u00e7\\u00f5es de seguran\\u00e7a em atividades aqu\\u00e1ticas<\\\/li><\\\/ul>\"}},{\"@type\":\"Question\",\"name\":\"14. Quais s\\u00e3o os pratos t\\u00edpicos da regi\\u00e3o da Rota das Emo\\u00e7\\u00f5es?\",\"acceptedAnswer\":{\"@type\":\"Answer\",\"text\":\"<p>Alguns destaques gastron\\u00f4micos:<\\\/p><ul><li>Arroz de cux\\u00e1 (Maranh\\u00e3o)<\\\/li><li>Caranguejada (Piau\\u00ed)<\\\/li><li>Peixe com molho de camar\\u00e3o (Cear\\u00e1)<\\\/li><li>Tapioca recheada (comum em toda a rota)<\\\/li><\\\/ul>\"}},{\"@type\":\"Question\",\"name\":\"15. Por que escolher uma ag\\u00eancia especializada como a Blumar Turismo?\",\"acceptedAnswer\":{\"@type\":\"Answer\",\"text\":\"<p>Ag\\u00eancias especializadas oferecem:<\\\/p><ul><li>Conhecimento profundo da regi\\u00e3o<\\\/li><li>Roteiros personalizados<\\\/li><li>Suporte durante toda a viagem<\\\/li><li>Acesso a experi\\u00eancias exclusivas<\\\/li><li>Resolu\\u00e7\\u00e3o r\\u00e1pida de imprevistos<\\\/li><\\\/ul>\"}}]}<\/script>\n\t\t\t\t\t<\/div>\n\t\t\t\t<\/div>\n\t\t\t\t<\/div>\n\t\t\t\t\t<\/div>\n\t\t\t\t<\/div>\n\t\t\t\t\t\t\t<\/div>\n\t\t","protected":false},"excerpt":{"rendered":"<p>Viajar pela Rota das Emo\u00e7\u00f5es \u00e9 uma experi\u00eancia \u00fanica, repleta de paisagens deslumbrantes e imers\u00e3o cultural. Se voc\u00ea est\u00e1 planejando essa jornada inesquec\u00edvel para 2025, escolher a ag\u00eancia de viagem certa \u00e9 essencial para garantir uma viagem segura, organizada e com o m\u00e1ximo de aproveitamento. Diversas ag\u00eancias oferecem pacotes para&#46;&#46;&#46;<\/p>\n","protected":false},"author":10,"featured_media":62677,"comment_status":"open","ping_status":"closed","sticky":false,"template":"","format":"standard","meta":{"footnotes":""},"categories":[690,694],"tags":[],"class_list":["post-63607","post","type-post","status-publish","format-standard","has-post-thumbnail","hentry","category-destinos-nacionais","category-dicas-de-viagem"],"yoast_head":"<!-- This site is optimized with the Yoast SEO Premium plugin v19.4 (Yoast SEO v24.1) - https:\/\/yoast.com\/wordpress\/plugins\/seo\/ -->\n<title>Ag\u00eancias de viagem que oferecem a Rota das Emo\u00e7\u00f5es 2025 - Blog Blumar Turismo: O Seu Portal para Viagens Extraordin\u00e1rias<\/title>\n<meta name=\"description\" content=\"A BlumarTurismo apresenta para voc\u00ea ag\u00eancias de viagem que oferecem a Rota das Emo\u00e7\u00f5es 2025. Confira e aproveite este para\u00edso!\" \/>\n<meta name=\"robots\" content=\"index, follow, max-snippet:-1, max-image-preview:large, max-video-preview:-1\" \/>\n<link rel=\"canonical\" href=\"https:\/\/www.blumarturismo.com.br\/blog\/agencias-de-viagem-que-oferecem-a-rota-das-emocoes-2025\/\" \/>\n<meta property=\"og:locale\" content=\"pt_BR\" \/>\n<meta property=\"og:type\" content=\"article\" \/>\n<meta property=\"og:title\" content=\"Ag\u00eancias de viagem que oferecem a Rota das Emo\u00e7\u00f5es 2025\" \/>\n<meta property=\"og:description\" content=\"A BlumarTurismo apresenta para voc\u00ea ag\u00eancias de viagem que oferecem a Rota das Emo\u00e7\u00f5es 2025. Confira e aproveite este para\u00edso!\" \/>\n<meta property=\"og:url\" content=\"https:\/\/www.blumarturismo.com.br\/blog\/agencias-de-viagem-que-oferecem-a-rota-das-emocoes-2025\/\" \/>\n<meta property=\"og:site_name\" content=\"Blog Blumar Turismo: O Seu Portal para Viagens Extraordin\u00e1rias\" \/>\n<meta property=\"article:publisher\" content=\"https:\/\/www.facebook.com\/blumarviagenseturismo\" \/>\n<meta property=\"article:author\" content=\"https:\/\/www.facebook.com\/blumarviagenseturismo\" \/>\n<meta property=\"article:published_time\" content=\"2024-10-21T16:58:41+00:00\" \/>\n<meta property=\"article:modified_time\" content=\"2025-03-21T14:45:31+00:00\" \/>\n<meta property=\"og:image\" content=\"https:\/\/www.blumarturismo.com.br\/blog\/wp-content\/uploads\/2024\/10\/Foto-Wilson-Santos-Marques-Shutterstock.com_.jpg\" \/>\n\t<meta property=\"og:image:width\" content=\"1000\" \/>\n\t<meta property=\"og:image:height\" content=\"563\" \/>\n\t<meta property=\"og:image:type\" content=\"image\/jpeg\" \/>\n<meta name=\"author\" content=\"Blumar Turismo\" \/>\n<meta name=\"twitter:card\" content=\"summary_large_image\" \/>\n<meta name=\"twitter:label1\" content=\"Escrito por\" \/>\n\t<meta name=\"twitter:data1\" content=\"Blumar Turismo\" \/>\n\t<meta name=\"twitter:label2\" content=\"Est. tempo de leitura\" \/>\n\t<meta name=\"twitter:data2\" content=\"19 minutos\" \/>\n<script type=\"application\/ld+json\" class=\"yoast-schema-graph\">{\"@context\":\"https:\/\/schema.org\",\"@graph\":[{\"@type\":\"Article\",\"@id\":\"https:\/\/www.blumarturismo.com.br\/blog\/agencias-de-viagem-que-oferecem-a-rota-das-emocoes-2025\/#article\",\"isPartOf\":{\"@id\":\"https:\/\/www.blumarturismo.com.br\/blog\/agencias-de-viagem-que-oferecem-a-rota-das-emocoes-2025\/\"},\"author\":{\"name\":\"Blumar Turismo\",\"@id\":\"https:\/\/www.blumarturismo.com.br\/blog\/#\/schema\/person\/8c5b522f6a79142bafca484c4604fba7\"},\"headline\":\"Ag\u00eancias de viagem que oferecem a Rota das Emo\u00e7\u00f5es 2025\",\"datePublished\":\"2024-10-21T16:58:41+00:00\",\"dateModified\":\"2025-03-21T14:45:31+00:00\",\"mainEntityOfPage\":{\"@id\":\"https:\/\/www.blumarturismo.com.br\/blog\/agencias-de-viagem-que-oferecem-a-rota-das-emocoes-2025\/\"},\"wordCount\":1540,\"commentCount\":0,\"publisher\":{\"@id\":\"https:\/\/www.blumarturismo.com.br\/blog\/#organization\"},\"image\":{\"@id\":\"https:\/\/www.blumarturismo.com.br\/blog\/agencias-de-viagem-que-oferecem-a-rota-das-emocoes-2025\/#primaryimage\"},\"thumbnailUrl\":\"https:\/\/www.blumarturismo.com.br\/blog\/wp-content\/uploads\/2024\/10\/Foto-Wilson-Santos-Marques-Shutterstock.com_.jpg\",\"articleSection\":[\"Destinos Nacionais\",\"Dicas de Viagem\"],\"inLanguage\":\"pt-BR\",\"potentialAction\":[{\"@type\":\"CommentAction\",\"name\":\"Comment\",\"target\":[\"https:\/\/www.blumarturismo.com.br\/blog\/agencias-de-viagem-que-oferecem-a-rota-das-emocoes-2025\/#respond\"]}]},{\"@type\":\"WebPage\",\"@id\":\"https:\/\/www.blumarturismo.com.br\/blog\/agencias-de-viagem-que-oferecem-a-rota-das-emocoes-2025\/\",\"url\":\"https:\/\/www.blumarturismo.com.br\/blog\/agencias-de-viagem-que-oferecem-a-rota-das-emocoes-2025\/\",\"name\":\"Ag\u00eancias de viagem que oferecem a Rota das Emo\u00e7\u00f5es 2025 - Blog Blumar Turismo: O Seu Portal para Viagens Extraordin\u00e1rias\",\"isPartOf\":{\"@id\":\"https:\/\/www.blumarturismo.com.br\/blog\/#website\"},\"primaryImageOfPage\":{\"@id\":\"https:\/\/www.blumarturismo.com.br\/blog\/agencias-de-viagem-que-oferecem-a-rota-das-emocoes-2025\/#primaryimage\"},\"image\":{\"@id\":\"https:\/\/www.blumarturismo.com.br\/blog\/agencias-de-viagem-que-oferecem-a-rota-das-emocoes-2025\/#primaryimage\"},\"thumbnailUrl\":\"https:\/\/www.blumarturismo.com.br\/blog\/wp-content\/uploads\/2024\/10\/Foto-Wilson-Santos-Marques-Shutterstock.com_.jpg\",\"datePublished\":\"2024-10-21T16:58:41+00:00\",\"dateModified\":\"2025-03-21T14:45:31+00:00\",\"description\":\"A BlumarTurismo apresenta para voc\u00ea ag\u00eancias de viagem que oferecem a Rota das Emo\u00e7\u00f5es 2025. Confira e aproveite este para\u00edso!\",\"breadcrumb\":{\"@id\":\"https:\/\/www.blumarturismo.com.br\/blog\/agencias-de-viagem-que-oferecem-a-rota-das-emocoes-2025\/#breadcrumb\"},\"inLanguage\":\"pt-BR\",\"potentialAction\":[{\"@type\":\"ReadAction\",\"target\":[\"https:\/\/www.blumarturismo.com.br\/blog\/agencias-de-viagem-que-oferecem-a-rota-das-emocoes-2025\/\"]}]},{\"@type\":\"ImageObject\",\"inLanguage\":\"pt-BR\",\"@id\":\"https:\/\/www.blumarturismo.com.br\/blog\/agencias-de-viagem-que-oferecem-a-rota-das-emocoes-2025\/#primaryimage\",\"url\":\"https:\/\/www.blumarturismo.com.br\/blog\/wp-content\/uploads\/2024\/10\/Foto-Wilson-Santos-Marques-Shutterstock.com_.jpg\",\"contentUrl\":\"https:\/\/www.blumarturismo.com.br\/blog\/wp-content\/uploads\/2024\/10\/Foto-Wilson-Santos-Marques-Shutterstock.com_.jpg\",\"width\":1000,\"height\":563,\"caption\":\"Foto: Wilson Santos Marques \/ Shutterstock.com\"},{\"@type\":\"BreadcrumbList\",\"@id\":\"https:\/\/www.blumarturismo.com.br\/blog\/agencias-de-viagem-que-oferecem-a-rota-das-emocoes-2025\/#breadcrumb\",\"itemListElement\":[{\"@type\":\"ListItem\",\"position\":1,\"name\":\"In\u00edcio\",\"item\":\"https:\/\/www.blumarturismo.com.br\/blog\/\"},{\"@type\":\"ListItem\",\"position\":2,\"name\":\"Ag\u00eancias de viagem que oferecem a Rota das Emo\u00e7\u00f5es 2025\"}]},{\"@type\":\"WebSite\",\"@id\":\"https:\/\/www.blumarturismo.com.br\/blog\/#website\",\"url\":\"https:\/\/www.blumarturismo.com.br\/blog\/\",\"name\":\"Blog Blumar Turismo: O Seu Portal para Viagens Extraordin\u00e1rias\",\"description\":\"Viajar \u00e9 nossa paix\u00e3o e expertise, e agora compartilhamos isso com voc\u00ea atrav\u00e9s do nosso blog. Com mais de 30 anos de hist\u00f3ria, a Blumar Turismo \u00e9 seu parceiro confi\u00e1vel para aventuras memor\u00e1veis. Explore conosco\",\"publisher\":{\"@id\":\"https:\/\/www.blumarturismo.com.br\/blog\/#organization\"},\"potentialAction\":[{\"@type\":\"SearchAction\",\"target\":{\"@type\":\"EntryPoint\",\"urlTemplate\":\"https:\/\/www.blumarturismo.com.br\/blog\/?s={search_term_string}\"},\"query-input\":{\"@type\":\"PropertyValueSpecification\",\"valueRequired\":true,\"valueName\":\"search_term_string\"}}],\"inLanguage\":\"pt-BR\"},{\"@type\":\"Organization\",\"@id\":\"https:\/\/www.blumarturismo.com.br\/blog\/#organization\",\"name\":\"Blumar Turismo\",\"url\":\"https:\/\/www.blumarturismo.com.br\/blog\/\",\"logo\":{\"@type\":\"ImageObject\",\"inLanguage\":\"pt-BR\",\"@id\":\"https:\/\/www.blumarturismo.com.br\/blog\/#\/schema\/logo\/image\/\",\"url\":\"https:\/\/www.blumarturismo.com.br\/blog\/wp-content\/uploads\/2020\/11\/cropped-logo_blumar_nacional2-2.jpg\",\"contentUrl\":\"https:\/\/www.blumarturismo.com.br\/blog\/wp-content\/uploads\/2020\/11\/cropped-logo_blumar_nacional2-2.jpg\",\"width\":167,\"height\":50,\"caption\":\"Blumar Turismo\"},\"image\":{\"@id\":\"https:\/\/www.blumarturismo.com.br\/blog\/#\/schema\/logo\/image\/\"},\"sameAs\":[\"https:\/\/www.facebook.com\/blumarviagenseturismo\",\"https:\/\/www.instagram.com\/blumarturismo\/\"]},{\"@type\":\"Person\",\"@id\":\"https:\/\/www.blumarturismo.com.br\/blog\/#\/schema\/person\/8c5b522f6a79142bafca484c4604fba7\",\"name\":\"Blumar Turismo\",\"image\":{\"@type\":\"ImageObject\",\"inLanguage\":\"pt-BR\",\"@id\":\"https:\/\/www.blumarturismo.com.br\/blog\/#\/schema\/person\/image\/\",\"url\":\"https:\/\/secure.gravatar.com\/avatar\/18a47e99a2b3ce558e7834aabf1bb475e0ae3a970dea40e74a2d2b71531fbe3b?s=96&d=mm&r=g\",\"contentUrl\":\"https:\/\/secure.gravatar.com\/avatar\/18a47e99a2b3ce558e7834aabf1bb475e0ae3a970dea40e74a2d2b71531fbe3b?s=96&d=mm&r=g\",\"caption\":\"Blumar Turismo\"},\"description\":\"Com uma trajet\u00f3ria consolidada de mais de 30 anos no setor de turismo, a Blumar Turismo se estabeleceu como l\u00edder gra\u00e7as ao seu compromisso cont\u00ednuo com a qualidade e satisfa\u00e7\u00e3o do cliente. Nossa experi\u00eancia traduz-se em viagens que v\u00e3o al\u00e9m da expectativa. Nosso Legado: 1. Expertise e Excel\u00eancia: Com tr\u00eas d\u00e9cadas de dedica\u00e7\u00e3o, aprofundamos nossa expertise para oferecer servi\u00e7os de viagem personalizados e de alto padr\u00e3o. Cada viagem, seja econ\u00f4mica ou de luxo, \u00e9 meticulosamente projetada para garantir experi\u00eancias not\u00e1veis. 2. Vanguarda em Inova\u00e7\u00e3o e Tecnologia: Nossa miss\u00e3o \u00e9 sempre liderar, incorporando as solu\u00e7\u00f5es mais avan\u00e7adas em produtos e tecnologias. A inova\u00e7\u00e3o \u00e9 intr\u00ednseca \u00e0 Blumar, permitindo-nos aprimorar constantemente a experi\u00eancia de viagem de nossos clientes. 3. Nossa Equipe, Nosso Diferencial: O verdadeiro motor da Blumar Turismo \u00e9 nossa equipe de profissionais. Com paix\u00e3o e dedica\u00e7\u00e3o, eles garantem que cada itiner\u00e1rio se transforme em uma experi\u00eancia \u00fanica e memor\u00e1vel. Seu comprometimento \u00e9 o que nos faz ganhar a confian\u00e7a de nossos clientes repetidamente. Na Blumar, n\u00e3o se trata apenas de vender pacotes de viagem, mas de projetar experi\u00eancias. Nossos roteiros prometem criar mem\u00f3rias duradouras, proporcionando viagens ricas em descobertas e emo\u00e7\u00f5es. Cremos que viajar \u00e9 uma forma de enriquecimento pessoal, explorando novas perspectivas e redefinindo-se a cada novo destino. Explore o mundo com a Blumar Turismo e torne sua jornada verdadeiramente extraordin\u00e1ria.\",\"sameAs\":[\"https:\/\/www.facebook.com\/blumarviagenseturismo\",\"https:\/\/www.instagram.com\/blumarturismo\/\",\"https:\/\/www.linkedin.com\/company\/blumar-turismo\/\",\"https:\/\/www.youtube.com\/@BlumarTurismo\"],\"award\":[\"2002 | 7th World Petroleum Congress & Rio Oil & Gas Expo\",\"2003 | 27\u00ba International Congress on Occupational Health - ICOH\",\"2004 | IOF World Congress on Osteoporosis 2004\",\"2005 | XXV Brazilian Congress on Rheumatology\",\"2006 | 3rd World Congress on AIDS\",\"2007 | 66th FIP Congress of Pharmacy and Pharmaceutical Sciences\",\"2008 | 62\u00ba Congresso Brasileiro de Cardiologia\",\"2009 | 3rd World Congress of Pediatric Gastroenterology Hepatology and Nutrition\",\"2010 | Pr\u00eamio Caio da D\u00e9cada - Jacar\u00e9 de Diamante - pelo 3rd World Congress on AIDS\",\"2011 | XIV Congresso SOBRICE\",\"2012 | XVIII Congresso da Sociedade Brasileira de Diabetes\",\"2013 | 67\u00ba Congresso da Sociedade Brasileira de Dermatologia\",\"2016 | Congresso Mundial da Propriedade Intelectual da AIPPI\"],\"knowsAbout\":[\"Turismo de Luxo\",\"Consultoria Personalizada\",\"Opera\u00e7\u00e3o de Programas Tur\u00edsticos Customizados\",\"Tours Variados\",\"Sele\u00e7\u00e3o de Hot\u00e9is e Experi\u00eancias Inesquec\u00edveis\"],\"knowsLanguage\":[\"Ingles\",\"Portugu\u00eas\",\"Espanhol\"],\"jobTitle\":\"Operadora de Turismo e Ag\u00eancia de Viagens\",\"worksFor\":\"Blumar Turismo\",\"url\":\"https:\/\/www.blumarturismo.com.br\/blog\/author\/guilherme\/\"}]}<\/script>\n<!-- \/ Yoast SEO Premium plugin. -->","yoast_head_json":{"title":"Ag\u00eancias de viagem que oferecem a Rota das Emo\u00e7\u00f5es 2025 - Blog Blumar Turismo: O Seu Portal para Viagens Extraordin\u00e1rias","description":"A BlumarTurismo apresenta para voc\u00ea ag\u00eancias de viagem que oferecem a Rota das Emo\u00e7\u00f5es 2025. Confira e aproveite este para\u00edso!","robots":{"index":"index","follow":"follow","max-snippet":"max-snippet:-1","max-image-preview":"max-image-preview:large","max-video-preview":"max-video-preview:-1"},"canonical":"https:\/\/www.blumarturismo.com.br\/blog\/agencias-de-viagem-que-oferecem-a-rota-das-emocoes-2025\/","og_locale":"pt_BR","og_type":"article","og_title":"Ag\u00eancias de viagem que oferecem a Rota das Emo\u00e7\u00f5es 2025","og_description":"A BlumarTurismo apresenta para voc\u00ea ag\u00eancias de viagem que oferecem a Rota das Emo\u00e7\u00f5es 2025. Confira e aproveite este para\u00edso!","og_url":"https:\/\/www.blumarturismo.com.br\/blog\/agencias-de-viagem-que-oferecem-a-rota-das-emocoes-2025\/","og_site_name":"Blog Blumar Turismo: O Seu Portal para Viagens Extraordin\u00e1rias","article_publisher":"https:\/\/www.facebook.com\/blumarviagenseturismo","article_author":"https:\/\/www.facebook.com\/blumarviagenseturismo","article_published_time":"2024-10-21T16:58:41+00:00","article_modified_time":"2025-03-21T14:45:31+00:00","og_image":[{"width":1000,"height":563,"url":"https:\/\/www.blumarturismo.com.br\/blog\/wp-content\/uploads\/2024\/10\/Foto-Wilson-Santos-Marques-Shutterstock.com_.jpg","type":"image\/jpeg"}],"author":"Blumar Turismo","twitter_card":"summary_large_image","twitter_misc":{"Escrito por":"Blumar Turismo","Est. tempo de leitura":"19 minutos"},"schema":{"@context":"https:\/\/schema.org","@graph":[{"@type":"Article","@id":"https:\/\/www.blumarturismo.com.br\/blog\/agencias-de-viagem-que-oferecem-a-rota-das-emocoes-2025\/#article","isPartOf":{"@id":"https:\/\/www.blumarturismo.com.br\/blog\/agencias-de-viagem-que-oferecem-a-rota-das-emocoes-2025\/"},"author":{"name":"Blumar Turismo","@id":"https:\/\/www.blumarturismo.com.br\/blog\/#\/schema\/person\/8c5b522f6a79142bafca484c4604fba7"},"headline":"Ag\u00eancias de viagem que oferecem a Rota das Emo\u00e7\u00f5es 2025","datePublished":"2024-10-21T16:58:41+00:00","dateModified":"2025-03-21T14:45:31+00:00","mainEntityOfPage":{"@id":"https:\/\/www.blumarturismo.com.br\/blog\/agencias-de-viagem-que-oferecem-a-rota-das-emocoes-2025\/"},"wordCount":1540,"commentCount":0,"publisher":{"@id":"https:\/\/www.blumarturismo.com.br\/blog\/#organization"},"image":{"@id":"https:\/\/www.blumarturismo.com.br\/blog\/agencias-de-viagem-que-oferecem-a-rota-das-emocoes-2025\/#primaryimage"},"thumbnailUrl":"https:\/\/www.blumarturismo.com.br\/blog\/wp-content\/uploads\/2024\/10\/Foto-Wilson-Santos-Marques-Shutterstock.com_.jpg","articleSection":["Destinos Nacionais","Dicas de Viagem"],"inLanguage":"pt-BR","potentialAction":[{"@type":"CommentAction","name":"Comment","target":["https:\/\/www.blumarturismo.com.br\/blog\/agencias-de-viagem-que-oferecem-a-rota-das-emocoes-2025\/#respond"]}]},{"@type":"WebPage","@id":"https:\/\/www.blumarturismo.com.br\/blog\/agencias-de-viagem-que-oferecem-a-rota-das-emocoes-2025\/","url":"https:\/\/www.blumarturismo.com.br\/blog\/agencias-de-viagem-que-oferecem-a-rota-das-emocoes-2025\/","name":"Ag\u00eancias de viagem que oferecem a Rota das Emo\u00e7\u00f5es 2025 - Blog Blumar Turismo: O Seu Portal para Viagens Extraordin\u00e1rias","isPartOf":{"@id":"https:\/\/www.blumarturismo.com.br\/blog\/#website"},"primaryImageOfPage":{"@id":"https:\/\/www.blumarturismo.com.br\/blog\/agencias-de-viagem-que-oferecem-a-rota-das-emocoes-2025\/#primaryimage"},"image":{"@id":"https:\/\/www.blumarturismo.com.br\/blog\/agencias-de-viagem-que-oferecem-a-rota-das-emocoes-2025\/#primaryimage"},"thumbnailUrl":"https:\/\/www.blumarturismo.com.br\/blog\/wp-content\/uploads\/2024\/10\/Foto-Wilson-Santos-Marques-Shutterstock.com_.jpg","datePublished":"2024-10-21T16:58:41+00:00","dateModified":"2025-03-21T14:45:31+00:00","description":"A BlumarTurismo apresenta para voc\u00ea ag\u00eancias de viagem que oferecem a Rota das Emo\u00e7\u00f5es 2025. Confira e aproveite este para\u00edso!","breadcrumb":{"@id":"https:\/\/www.blumarturismo.com.br\/blog\/agencias-de-viagem-que-oferecem-a-rota-das-emocoes-2025\/#breadcrumb"},"inLanguage":"pt-BR","potentialAction":[{"@type":"ReadAction","target":["https:\/\/www.blumarturismo.com.br\/blog\/agencias-de-viagem-que-oferecem-a-rota-das-emocoes-2025\/"]}]},{"@type":"ImageObject","inLanguage":"pt-BR","@id":"https:\/\/www.blumarturismo.com.br\/blog\/agencias-de-viagem-que-oferecem-a-rota-das-emocoes-2025\/#primaryimage","url":"https:\/\/www.blumarturismo.com.br\/blog\/wp-content\/uploads\/2024\/10\/Foto-Wilson-Santos-Marques-Shutterstock.com_.jpg","contentUrl":"https:\/\/www.blumarturismo.com.br\/blog\/wp-content\/uploads\/2024\/10\/Foto-Wilson-Santos-Marques-Shutterstock.com_.jpg","width":1000,"height":563,"caption":"Foto: Wilson Santos Marques \/ Shutterstock.com"},{"@type":"BreadcrumbList","@id":"https:\/\/www.blumarturismo.com.br\/blog\/agencias-de-viagem-que-oferecem-a-rota-das-emocoes-2025\/#breadcrumb","itemListElement":[{"@type":"ListItem","position":1,"name":"In\u00edcio","item":"https:\/\/www.blumarturismo.com.br\/blog\/"},{"@type":"ListItem","position":2,"name":"Ag\u00eancias de viagem que oferecem a Rota das Emo\u00e7\u00f5es 2025"}]},{"@type":"WebSite","@id":"https:\/\/www.blumarturismo.com.br\/blog\/#website","url":"https:\/\/www.blumarturismo.com.br\/blog\/","name":"Blog Blumar Turismo: O Seu Portal para Viagens Extraordin\u00e1rias","description":"Viajar \u00e9 nossa paix\u00e3o e expertise, e agora compartilhamos isso com voc\u00ea atrav\u00e9s do nosso blog. Com mais de 30 anos de hist\u00f3ria, a Blumar Turismo \u00e9 seu parceiro confi\u00e1vel para aventuras memor\u00e1veis. Explore conosco","publisher":{"@id":"https:\/\/www.blumarturismo.com.br\/blog\/#organization"},"potentialAction":[{"@type":"SearchAction","target":{"@type":"EntryPoint","urlTemplate":"https:\/\/www.blumarturismo.com.br\/blog\/?s={search_term_string}"},"query-input":{"@type":"PropertyValueSpecification","valueRequired":true,"valueName":"search_term_string"}}],"inLanguage":"pt-BR"},{"@type":"Organization","@id":"https:\/\/www.blumarturismo.com.br\/blog\/#organization","name":"Blumar Turismo","url":"https:\/\/www.blumarturismo.com.br\/blog\/","logo":{"@type":"ImageObject","inLanguage":"pt-BR","@id":"https:\/\/www.blumarturismo.com.br\/blog\/#\/schema\/logo\/image\/","url":"https:\/\/www.blumarturismo.com.br\/blog\/wp-content\/uploads\/2020\/11\/cropped-logo_blumar_nacional2-2.jpg","contentUrl":"https:\/\/www.blumarturismo.com.br\/blog\/wp-content\/uploads\/2020\/11\/cropped-logo_blumar_nacional2-2.jpg","width":167,"height":50,"caption":"Blumar Turismo"},"image":{"@id":"https:\/\/www.blumarturismo.com.br\/blog\/#\/schema\/logo\/image\/"},"sameAs":["https:\/\/www.facebook.com\/blumarviagenseturismo","https:\/\/www.instagram.com\/blumarturismo\/"]},{"@type":"Person","@id":"https:\/\/www.blumarturismo.com.br\/blog\/#\/schema\/person\/8c5b522f6a79142bafca484c4604fba7","name":"Blumar Turismo","image":{"@type":"ImageObject","inLanguage":"pt-BR","@id":"https:\/\/www.blumarturismo.com.br\/blog\/#\/schema\/person\/image\/","url":"https:\/\/secure.gravatar.com\/avatar\/18a47e99a2b3ce558e7834aabf1bb475e0ae3a970dea40e74a2d2b71531fbe3b?s=96&d=mm&r=g","contentUrl":"https:\/\/secure.gravatar.com\/avatar\/18a47e99a2b3ce558e7834aabf1bb475e0ae3a970dea40e74a2d2b71531fbe3b?s=96&d=mm&r=g","caption":"Blumar Turismo"},"description":"Com uma trajet\u00f3ria consolidada de mais de 30 anos no setor de turismo, a Blumar Turismo se estabeleceu como l\u00edder gra\u00e7as ao seu compromisso cont\u00ednuo com a qualidade e satisfa\u00e7\u00e3o do cliente. Nossa experi\u00eancia traduz-se em viagens que v\u00e3o al\u00e9m da expectativa. Nosso Legado: 1. Expertise e Excel\u00eancia: Com tr\u00eas d\u00e9cadas de dedica\u00e7\u00e3o, aprofundamos nossa expertise para oferecer servi\u00e7os de viagem personalizados e de alto padr\u00e3o. Cada viagem, seja econ\u00f4mica ou de luxo, \u00e9 meticulosamente projetada para garantir experi\u00eancias not\u00e1veis. 2. Vanguarda em Inova\u00e7\u00e3o e Tecnologia: Nossa miss\u00e3o \u00e9 sempre liderar, incorporando as solu\u00e7\u00f5es mais avan\u00e7adas em produtos e tecnologias. A inova\u00e7\u00e3o \u00e9 intr\u00ednseca \u00e0 Blumar, permitindo-nos aprimorar constantemente a experi\u00eancia de viagem de nossos clientes. 3. Nossa Equipe, Nosso Diferencial: O verdadeiro motor da Blumar Turismo \u00e9 nossa equipe de profissionais. Com paix\u00e3o e dedica\u00e7\u00e3o, eles garantem que cada itiner\u00e1rio se transforme em uma experi\u00eancia \u00fanica e memor\u00e1vel. Seu comprometimento \u00e9 o que nos faz ganhar a confian\u00e7a de nossos clientes repetidamente. Na Blumar, n\u00e3o se trata apenas de vender pacotes de viagem, mas de projetar experi\u00eancias. Nossos roteiros prometem criar mem\u00f3rias duradouras, proporcionando viagens ricas em descobertas e emo\u00e7\u00f5es. Cremos que viajar \u00e9 uma forma de enriquecimento pessoal, explorando novas perspectivas e redefinindo-se a cada novo destino. Explore o mundo com a Blumar Turismo e torne sua jornada verdadeiramente extraordin\u00e1ria.","sameAs":["https:\/\/www.facebook.com\/blumarviagenseturismo","https:\/\/www.instagram.com\/blumarturismo\/","https:\/\/www.linkedin.com\/company\/blumar-turismo\/","https:\/\/www.youtube.com\/@BlumarTurismo"],"award":["2002 | 7th World Petroleum Congress & Rio Oil & Gas Expo","2003 | 27\u00ba International Congress on Occupational Health - ICOH","2004 | IOF World Congress on Osteoporosis 2004","2005 | XXV Brazilian Congress on Rheumatology","2006 | 3rd World Congress on AIDS","2007 | 66th FIP Congress of Pharmacy and Pharmaceutical Sciences","2008 | 62\u00ba Congresso Brasileiro de Cardiologia","2009 | 3rd World Congress of Pediatric Gastroenterology Hepatology and Nutrition","2010 | Pr\u00eamio Caio da D\u00e9cada - Jacar\u00e9 de Diamante - pelo 3rd World Congress on AIDS","2011 | XIV Congresso SOBRICE","2012 | XVIII Congresso da Sociedade Brasileira de Diabetes","2013 | 67\u00ba Congresso da Sociedade Brasileira de Dermatologia","2016 | Congresso Mundial da Propriedade Intelectual da AIPPI"],"knowsAbout":["Turismo de Luxo","Consultoria Personalizada","Opera\u00e7\u00e3o de Programas Tur\u00edsticos Customizados","Tours Variados","Sele\u00e7\u00e3o de Hot\u00e9is e Experi\u00eancias Inesquec\u00edveis"],"knowsLanguage":["Ingles","Portugu\u00eas","Espanhol"],"jobTitle":"Operadora de Turismo e Ag\u00eancia de Viagens","worksFor":"Blumar Turismo","url":"https:\/\/www.blumarturismo.com.br\/blog\/author\/guilherme\/"}]}},"_links":{"self":[{"href":"https:\/\/www.blumarturismo.com.br\/blog\/wp-json\/wp\/v2\/posts\/63607","targetHints":{"allow":["GET"]}}],"collection":[{"href":"https:\/\/www.blumarturismo.com.br\/blog\/wp-json\/wp\/v2\/posts"}],"about":[{"href":"https:\/\/www.blumarturismo.com.br\/blog\/wp-json\/wp\/v2\/types\/post"}],"author":[{"embeddable":true,"href":"https:\/\/www.blumarturismo.com.br\/blog\/wp-json\/wp\/v2\/users\/10"}],"replies":[{"embeddable":true,"href":"https:\/\/www.blumarturismo.com.br\/blog\/wp-json\/wp\/v2\/comments?post=63607"}],"version-history":[{"count":25,"href":"https:\/\/www.blumarturismo.com.br\/blog\/wp-json\/wp\/v2\/posts\/63607\/revisions"}],"predecessor-version":[{"id":68689,"href":"https:\/\/www.blumarturismo.com.br\/blog\/wp-json\/wp\/v2\/posts\/63607\/revisions\/68689"}],"wp:featuredmedia":[{"embeddable":true,"href":"https:\/\/www.blumarturismo.com.br\/blog\/wp-json\/wp\/v2\/media\/62677"}],"wp:attachment":[{"href":"https:\/\/www.blumarturismo.com.br\/blog\/wp-json\/wp\/v2\/media?parent=63607"}],"wp:term":[{"taxonomy":"category","embeddable":true,"href":"https:\/\/www.blumarturismo.com.br\/blog\/wp-json\/wp\/v2\/categories?post=63607"},{"taxonomy":"post_tag","embeddable":true,"href":"https:\/\/www.blumarturismo.com.br\/blog\/wp-json\/wp\/v2\/tags?post=63607"}],"curies":[{"name":"wp","href":"https:\/\/api.w.org\/{rel}","templated":true}]}}