{"id":68961,"date":"2025-03-26T11:39:19","date_gmt":"2025-03-26T14:39:19","guid":{"rendered":"https:\/\/www.blumarturismo.com.br\/blog\/?p=68961"},"modified":"2025-03-26T12:25:05","modified_gmt":"2025-03-26T15:25:05","slug":"orla-bardot-e-rua-das-pedras-em-buzios-charme-historia-e-vida-noturna-a-beira-mar","status":"publish","type":"post","link":"https:\/\/www.blumarturismo.com.br\/blog\/orla-bardot-e-rua-das-pedras-em-buzios-charme-historia-e-vida-noturna-a-beira-mar\/","title":{"rendered":"Orla Bardot e Rua das Pedras em B\u00fazios: charme, hist\u00f3ria e vida noturna \u00e0 beira-mar"},"content":{"rendered":"\t\t<div data-elementor-type=\"wp-post\" data-elementor-id=\"68961\" class=\"elementor elementor-68961\" data-elementor-post-type=\"post\">\n\t\t\t\t\t\t\t<div class=\"elementor-element elementor-element-e5d6447 e-flex e-con-boxed e-con e-parent\" data-id=\"e5d6447\" data-element_type=\"container\" data-settings=\"{&quot;content_width&quot;:&quot;boxed&quot;}\" data-core-v316-plus=\"true\">\n\t\t\t\t\t<div class=\"e-con-inner\">\n\t\t\t\t<div class=\"elementor-element elementor-element-1a3a419 elementor-widget elementor-widget-text-editor\" data-id=\"1a3a419\" data-element_type=\"widget\" data-widget_type=\"text-editor.default\">\n\t\t\t\t<div class=\"elementor-widget-container\">\n\t\t\t<style>\/*! elementor - v3.16.0 - 13-09-2023 *\/\n.elementor-widget-text-editor.elementor-drop-cap-view-stacked .elementor-drop-cap{background-color:#69727d;color:#fff}.elementor-widget-text-editor.elementor-drop-cap-view-framed .elementor-drop-cap{color:#69727d;border:3px solid;background-color:transparent}.elementor-widget-text-editor:not(.elementor-drop-cap-view-default) .elementor-drop-cap{margin-top:8px}.elementor-widget-text-editor:not(.elementor-drop-cap-view-default) .elementor-drop-cap-letter{width:1em;height:1em}.elementor-widget-text-editor .elementor-drop-cap{float:left;text-align:center;line-height:1;font-size:50px}.elementor-widget-text-editor .elementor-drop-cap-letter{display:inline-block}<\/style>\t\t\t\t<p data-prosemirror-content-type=\"node\" data-prosemirror-node-name=\"paragraph\" data-prosemirror-node-block=\"true\" data-pm-slice=\"1 1 []\">Poucos lugares no Brasil conseguem reunir, em poucos metros, tanta beleza, hist\u00f3ria, gastronomia, arte, cultura e glamour quanto a combina\u00e7\u00e3o da <strong data-prosemirror-content-type=\"mark\" data-prosemirror-mark-name=\"strong\">Rua das Pedras<\/strong> e da <strong data-prosemirror-content-type=\"mark\" data-prosemirror-mark-name=\"strong\">Orla Bardot<\/strong>, em <strong><a href=\"https:\/\/www.blumarturismo.com.br\/blog\/5-motivos-para-escolher-buzios-como-proximo-destino-para-suas-ferias\/\">B\u00fazios<\/a> <\/strong>(RJ). Juntas, elas formam o verdadeiro cora\u00e7\u00e3o tur\u00edstico da cidade, sendo parada obrigat\u00f3ria para quem quer sentir a ess\u00eancia da charmosa pen\u00ednsula fluminense.<\/p>\t\t\t\t\t\t<\/div>\n\t\t\t\t<\/div>\n\t\t\t\t\t<\/div>\n\t\t\t\t<\/div>\n\t\t<div class=\"elementor-element elementor-element-8bf27d8 e-flex e-con-boxed e-con e-parent\" data-id=\"8bf27d8\" data-element_type=\"container\" data-settings=\"{&quot;content_width&quot;:&quot;boxed&quot;}\" data-core-v316-plus=\"true\">\n\t\t\t\t\t<div class=\"e-con-inner\">\n\t\t\t\t<div class=\"elementor-element elementor-element-2ddfd00 elementor-widget elementor-widget-video\" data-id=\"2ddfd00\" data-element_type=\"widget\" data-settings=\"{&quot;youtube_url&quot;:&quot;https:\\\/\\\/www.youtube.com\\\/watch?v=o3Qzowzi-r8&quot;,&quot;video_type&quot;:&quot;youtube&quot;,&quot;controls&quot;:&quot;yes&quot;}\" data-widget_type=\"video.default\">\n\t\t\t\t<div class=\"elementor-widget-container\">\n\t\t\t<style>\/*! elementor - v3.16.0 - 13-09-2023 *\/\n.elementor-widget-video .elementor-widget-container{overflow:hidden;transform:translateZ(0)}.elementor-widget-video .elementor-wrapper{aspect-ratio:var(--video-aspect-ratio)}.elementor-widget-video .elementor-wrapper iframe,.elementor-widget-video .elementor-wrapper video{height:100%;width:100%;display:flex;border:none;background-color:#000}@supports not (aspect-ratio:1\/1){.elementor-widget-video .elementor-wrapper{position:relative;overflow:hidden;height:0;padding-bottom:calc(100% \/ var(--video-aspect-ratio))}.elementor-widget-video .elementor-wrapper iframe,.elementor-widget-video .elementor-wrapper video{position:absolute;top:0;right:0;bottom:0;left:0}}.elementor-widget-video .elementor-open-inline .elementor-custom-embed-image-overlay{position:absolute;top:0;right:0;bottom:0;left:0;background-size:cover;background-position:50%}.elementor-widget-video .elementor-custom-embed-image-overlay{cursor:pointer;text-align:center}.elementor-widget-video .elementor-custom-embed-image-overlay:hover .elementor-custom-embed-play i{opacity:1}.elementor-widget-video .elementor-custom-embed-image-overlay img{display:block;width:100%;aspect-ratio:var(--video-aspect-ratio);-o-object-fit:cover;object-fit:cover;-o-object-position:center center;object-position:center center}@supports not (aspect-ratio:1\/1){.elementor-widget-video .elementor-custom-embed-image-overlay{position:relative;overflow:hidden;height:0;padding-bottom:calc(100% \/ var(--video-aspect-ratio))}.elementor-widget-video .elementor-custom-embed-image-overlay img{position:absolute;top:0;right:0;bottom:0;left:0}}.elementor-widget-video .e-hosted-video .elementor-video{-o-object-fit:cover;object-fit:cover}.e-con-inner>.elementor-widget-video,.e-con>.elementor-widget-video{width:var(--container-widget-width);--flex-grow:var(--container-widget-flex-grow)}<\/style>\t\t<div class=\"elementor-wrapper elementor-open-inline\">\n\t\t\t<div class=\"elementor-video\"><\/div>\t\t<\/div>\n\t\t\t\t<\/div>\n\t\t\t\t<\/div>\n\t\t\t\t\t<\/div>\n\t\t\t\t<\/div>\n\t\t<div class=\"elementor-element elementor-element-27f9e51 e-flex e-con-boxed e-con e-parent\" data-id=\"27f9e51\" data-element_type=\"container\" data-settings=\"{&quot;content_width&quot;:&quot;boxed&quot;}\" data-core-v316-plus=\"true\">\n\t\t\t\t\t<div class=\"e-con-inner\">\n\t\t\t\t<div class=\"elementor-element elementor-element-5c884bf elementor-widget elementor-widget-heading\" data-id=\"5c884bf\" data-element_type=\"widget\" data-widget_type=\"heading.default\">\n\t\t\t\t<div class=\"elementor-widget-container\">\n\t\t\t<style>\/*! elementor - v3.16.0 - 13-09-2023 *\/\n.elementor-heading-title{padding:0;margin:0;line-height:1}.elementor-widget-heading .elementor-heading-title[class*=elementor-size-]>a{color:inherit;font-size:inherit;line-height:inherit}.elementor-widget-heading .elementor-heading-title.elementor-size-small{font-size:15px}.elementor-widget-heading .elementor-heading-title.elementor-size-medium{font-size:19px}.elementor-widget-heading .elementor-heading-title.elementor-size-large{font-size:29px}.elementor-widget-heading .elementor-heading-title.elementor-size-xl{font-size:39px}.elementor-widget-heading .elementor-heading-title.elementor-size-xxl{font-size:59px}<\/style><h2 class=\"elementor-heading-title elementor-size-large\">Rua das Pedras: O charme da sofistica\u00e7\u00e3o \u00e0 beira-mar<\/h2>\t\t<\/div>\n\t\t\t\t<\/div>\n\t\t\t\t<div class=\"elementor-element elementor-element-4e50937 elementor-widget elementor-widget-image\" data-id=\"4e50937\" data-element_type=\"widget\" data-widget_type=\"image.default\">\n\t\t\t\t<div class=\"elementor-widget-container\">\n\t\t\t<style>\/*! elementor - v3.16.0 - 13-09-2023 *\/\n.elementor-widget-image{text-align:center}.elementor-widget-image a{display:inline-block}.elementor-widget-image a img[src$=\".svg\"]{width:48px}.elementor-widget-image img{vertical-align:middle;display:inline-block}<\/style>\t\t\t\t\t\t\t\t\t<figure class=\"wp-caption\">\n\t\t\t\t\t\t\t\t\t\t<img loading=\"lazy\" decoding=\"async\" width=\"1024\" height=\"683\" src=\"https:\/\/www.blumarturismo.com.br\/blog\/wp-content\/uploads\/2025\/03\/IMG_3048-1024x683.jpg\" class=\"attachment-large size-large wp-image-68909\" alt=\"Foto: Guilherme Ferreira \/ Blumar Turismo\" srcset=\"https:\/\/www.blumarturismo.com.br\/blog\/wp-content\/uploads\/2025\/03\/IMG_3048-1024x683.jpg 1024w, https:\/\/www.blumarturismo.com.br\/blog\/wp-content\/uploads\/2025\/03\/IMG_3048-300x200.jpg 300w, https:\/\/www.blumarturismo.com.br\/blog\/wp-content\/uploads\/2025\/03\/IMG_3048-768x512.jpg 768w, https:\/\/www.blumarturismo.com.br\/blog\/wp-content\/uploads\/2025\/03\/IMG_3048-1536x1024.jpg 1536w, https:\/\/www.blumarturismo.com.br\/blog\/wp-content\/uploads\/2025\/03\/IMG_3048-2048x1365.jpg 2048w\" sizes=\"auto, (max-width: 1024px) 100vw, 1024px\" \/>\t\t\t\t\t\t\t\t\t\t\t<figcaption class=\"widget-image-caption wp-caption-text\">Foto: Guilherme Ferreira \/ Blumar Turismo<\/figcaption>\n\t\t\t\t\t\t\t\t\t\t<\/figure>\n\t\t\t\t\t\t\t\t\t<\/div>\n\t\t\t\t<\/div>\n\t\t\t\t<div class=\"elementor-element elementor-element-f7e6658 elementor-widget elementor-widget-text-editor\" data-id=\"f7e6658\" data-element_type=\"widget\" data-widget_type=\"text-editor.default\">\n\t\t\t\t<div class=\"elementor-widget-container\">\n\t\t\t\t\t\t\t<p data-prosemirror-content-type=\"node\" data-prosemirror-node-name=\"paragraph\" data-prosemirror-node-block=\"true\" data-pm-slice=\"1 2 []\">A <strong data-prosemirror-content-type=\"mark\" data-prosemirror-mark-name=\"strong\">Rua das Pedras<\/strong> \u00e9 o ponto de encontro mais famoso de <strong><a href=\"https:\/\/www.blumarturismo.com.br\/blog\/qual-a-melhor-epoca-para-ir-a-buzios-2\/\">B\u00fazios<\/a><\/strong>. Com pouco mais de <strong data-prosemirror-content-type=\"mark\" data-prosemirror-mark-name=\"strong\">600 metros de extens\u00e3o<\/strong>, essa ruazinha de paralelep\u00edpedos \u00e0 beira-mar concentra alguns dos <strong data-prosemirror-content-type=\"mark\" data-prosemirror-mark-name=\"strong\">melhores restaurantes, bares, lojas, galerias e pousadas<\/strong> da cidade. Tudo isso com uma atmosfera que mistura o r\u00fastico com o sofisticado.<\/p><p data-prosemirror-content-type=\"node\" data-prosemirror-node-name=\"paragraph\" data-prosemirror-node-block=\"true\">\ud83d\udecd\ufe0f <strong data-prosemirror-content-type=\"mark\" data-prosemirror-mark-name=\"strong\">Compras:<\/strong> Boutiques exclusivas, galerias de arte, artesanato local e marcas famosas.<br data-prosemirror-content-type=\"node\" data-prosemirror-node-name=\"hardBreak\" data-prosemirror-node-inline=\"true\" \/>\ud83c\udf78 <strong data-prosemirror-content-type=\"mark\" data-prosemirror-mark-name=\"strong\">Vida noturna:<\/strong> Bares badalados, coquet\u00e9is autorais, m\u00fasica ao vivo e gente bonita.<br data-prosemirror-content-type=\"node\" data-prosemirror-node-name=\"hardBreak\" data-prosemirror-node-inline=\"true\" \/>\ud83c\udf7d\ufe0f <strong data-prosemirror-content-type=\"mark\" data-prosemirror-mark-name=\"strong\">Gastronomia:<\/strong> Restaurantes com cozinhas internacionais, frutos do mar frescos e vista para o mar.<\/p><blockquote data-prosemirror-content-type=\"node\" data-prosemirror-node-name=\"blockquote\" data-prosemirror-node-block=\"true\"><p data-prosemirror-content-type=\"node\" data-prosemirror-node-name=\"paragraph\" data-prosemirror-node-block=\"true\">\ud83d\udcf8 Dica: visite durante o p\u00f4r do sol. A luz dourada refletida nas pedras e no mar transforma tudo em pura poesia.<\/p><\/blockquote>\t\t\t\t\t\t<\/div>\n\t\t\t\t<\/div>\n\t\t\t\t\t<\/div>\n\t\t\t\t<\/div>\n\t\t<div class=\"elementor-element elementor-element-9420c1f e-flex e-con-boxed e-con e-parent\" data-id=\"9420c1f\" data-element_type=\"container\" data-settings=\"{&quot;content_width&quot;:&quot;boxed&quot;}\" data-core-v316-plus=\"true\">\n\t\t\t\t\t<div class=\"e-con-inner\">\n\t\t\t\t<div class=\"elementor-element elementor-element-fd7bd1e elementor-widget elementor-widget-heading\" data-id=\"fd7bd1e\" data-element_type=\"widget\" data-widget_type=\"heading.default\">\n\t\t\t\t<div class=\"elementor-widget-container\">\n\t\t\t<h2 class=\"elementor-heading-title elementor-size-large\">Orla Bardot: Arte, paisagem e hist\u00f3ria<\/h2>\t\t<\/div>\n\t\t\t\t<\/div>\n\t\t\t\t<div class=\"elementor-element elementor-element-0c3c3ac elementor-widget elementor-widget-image\" data-id=\"0c3c3ac\" data-element_type=\"widget\" data-widget_type=\"image.default\">\n\t\t\t\t<div class=\"elementor-widget-container\">\n\t\t\t\t\t\t\t\t\t\t\t\t<figure class=\"wp-caption\">\n\t\t\t\t\t\t\t\t\t\t<img loading=\"lazy\" decoding=\"async\" width=\"1024\" height=\"683\" src=\"https:\/\/www.blumarturismo.com.br\/blog\/wp-content\/uploads\/2025\/03\/IMG_2988-1024x683.jpg\" class=\"attachment-large size-large wp-image-68964\" alt=\"Foto: Guilherme Ferreira \/ Blumar Turismo\" srcset=\"https:\/\/www.blumarturismo.com.br\/blog\/wp-content\/uploads\/2025\/03\/IMG_2988-1024x683.jpg 1024w, https:\/\/www.blumarturismo.com.br\/blog\/wp-content\/uploads\/2025\/03\/IMG_2988-300x200.jpg 300w, https:\/\/www.blumarturismo.com.br\/blog\/wp-content\/uploads\/2025\/03\/IMG_2988-768x512.jpg 768w, https:\/\/www.blumarturismo.com.br\/blog\/wp-content\/uploads\/2025\/03\/IMG_2988-1536x1024.jpg 1536w, https:\/\/www.blumarturismo.com.br\/blog\/wp-content\/uploads\/2025\/03\/IMG_2988.jpg 2048w\" sizes=\"auto, (max-width: 1024px) 100vw, 1024px\" \/>\t\t\t\t\t\t\t\t\t\t\t<figcaption class=\"widget-image-caption wp-caption-text\">Foto: Guilherme Ferreira \/ Blumar Turismo<\/figcaption>\n\t\t\t\t\t\t\t\t\t\t<\/figure>\n\t\t\t\t\t\t\t\t\t<\/div>\n\t\t\t\t<\/div>\n\t\t\t\t<div class=\"elementor-element elementor-element-e2adbe2 elementor-widget elementor-widget-text-editor\" data-id=\"e2adbe2\" data-element_type=\"widget\" data-widget_type=\"text-editor.default\">\n\t\t\t\t<div class=\"elementor-widget-container\">\n\t\t\t\t\t\t\t<p data-prosemirror-content-type=\"node\" data-prosemirror-node-name=\"paragraph\" data-prosemirror-node-block=\"true\" data-pm-slice=\"1 1 []\">Ligando o final da Rua das Pedras \u00e0 Praia da Arma\u00e7\u00e3o, est\u00e1 a <strong data-prosemirror-content-type=\"mark\" data-prosemirror-mark-name=\"strong\">Orla Bardot<\/strong>, um cal\u00e7ad\u00e3o \u00e0 beira-mar <strong data-prosemirror-content-type=\"mark\" data-prosemirror-mark-name=\"strong\">batizado em homenagem \u00e0 atriz francesa Brigitte Bardot<\/strong>, que colocou <strong><a href=\"https:\/\/www.blumarturismo.com.br\/blog\/buzios-o-refugio-perfeito-para-casais\/\">B\u00fazios<\/a> <\/strong>no mapa internacional ap\u00f3s visitar a vila de pescadores nos anos 1960.<\/p><p data-prosemirror-content-type=\"node\" data-prosemirror-node-name=\"paragraph\" data-prosemirror-node-block=\"true\">\ud83d\udeb6\u200d\u2640\ufe0f Caminhar pela Orla \u00e9 um convite \u00e0 contempla\u00e7\u00e3o. O cal\u00e7ad\u00e3o \u00e9 arborizado, com bancos, decks de madeira e esculturas emblem\u00e1ticas.<br data-prosemirror-content-type=\"node\" data-prosemirror-node-name=\"hardBreak\" data-prosemirror-node-inline=\"true\" \/>\ud83d\udccd A mais famosa \u00e9 a <strong data-prosemirror-content-type=\"mark\" data-prosemirror-mark-name=\"strong\">escultura de Brigitte Bardot<\/strong>, sentada em um banco com o mar ao fundo \u2014 um dos pontos mais fotografados da cidade.<\/p><p data-prosemirror-content-type=\"node\" data-prosemirror-node-name=\"paragraph\" data-prosemirror-node-block=\"true\">Outras esculturas na orla incluem os <strong data-prosemirror-content-type=\"mark\" data-prosemirror-mark-name=\"strong\">tr\u00eas pescadores<\/strong>, representando a tradi\u00e7\u00e3o da vila, e o ex-presidente Juscelino Kubitschek.<\/p>\t\t\t\t\t\t<\/div>\n\t\t\t\t<\/div>\n\t\t\t\t\t<\/div>\n\t\t\t\t<\/div>\n\t\t<div class=\"elementor-element elementor-element-6d6587c e-flex e-con-boxed e-con e-parent\" data-id=\"6d6587c\" data-element_type=\"container\" data-settings=\"{&quot;content_width&quot;:&quot;boxed&quot;}\" data-core-v316-plus=\"true\">\n\t\t\t\t\t<div class=\"e-con-inner\">\n\t\t\t\t<div class=\"elementor-element elementor-element-3736ca4 elementor-widget elementor-widget-heading\" data-id=\"3736ca4\" data-element_type=\"widget\" data-widget_type=\"heading.default\">\n\t\t\t\t<div class=\"elementor-widget-container\">\n\t\t\t<h2 class=\"elementor-heading-title elementor-size-large\">O que fazer na Rua das Pedras e na Orla Bardot?<\/h2>\t\t<\/div>\n\t\t\t\t<\/div>\n\t\t\t\t\t<\/div>\n\t\t\t\t<\/div>\n\t\t<div class=\"elementor-element elementor-element-9b0a1ca e-flex e-con-boxed e-con e-parent\" data-id=\"9b0a1ca\" data-element_type=\"container\" data-settings=\"{&quot;content_width&quot;:&quot;boxed&quot;}\" data-core-v316-plus=\"true\">\n\t\t\t\t\t<div class=\"e-con-inner\">\n\t\t\t\t<div class=\"elementor-element elementor-element-487b185 elementor-widget elementor-widget-text-editor\" data-id=\"487b185\" data-element_type=\"widget\" data-widget_type=\"text-editor.default\">\n\t\t\t\t<div class=\"elementor-widget-container\">\n\t\t\t\t\t\t\t<p data-prosemirror-content-type=\"node\" data-prosemirror-node-name=\"heading\" data-prosemirror-node-block=\"true\" data-pm-slice=\"1 1 []\"><strong>\ud83c\udf06 Curtir o fim de tarde e o in\u00edcio da noite<\/strong><\/p><p data-prosemirror-content-type=\"node\" data-prosemirror-node-name=\"paragraph\" data-prosemirror-node-block=\"true\">O melhor hor\u00e1rio para visitar a Rua das Pedras e a Orla Bardot \u00e9 no fim do dia. O p\u00f4r do sol visto do deck da Orla \u00e9 m\u00e1gico, e \u00e0 noite a rua se enche de vida com turistas de todas as partes do mundo.<\/p><p data-prosemirror-content-type=\"node\" data-prosemirror-node-name=\"heading\" data-prosemirror-node-block=\"true\"><strong>\ud83c\udf7d\ufe0f Jantar em grande estilo<\/strong><\/p><p data-prosemirror-content-type=\"node\" data-prosemirror-node-name=\"paragraph\" data-prosemirror-node-block=\"true\">Desde bistr\u00f4s intimistas at\u00e9 restaurantes premiados com vista para o mar \u2014 esse \u00e9 o momento de viver a alta gastronomia de B\u00fazios.<\/p><p data-prosemirror-content-type=\"node\" data-prosemirror-node-name=\"heading\" data-prosemirror-node-block=\"true\"><strong>\ud83d\uddbc\ufe0f Visitar galerias e lojinhas<\/strong><\/p><p data-prosemirror-content-type=\"node\" data-prosemirror-node-name=\"paragraph\" data-prosemirror-node-block=\"true\">Arte local, moda praia, souvenirs e decora\u00e7\u00e3o. Um \u00f3timo lugar para comprar lembran\u00e7as aut\u00eanticas da cidade.<\/p><p data-prosemirror-content-type=\"node\" data-prosemirror-node-name=\"heading\" data-prosemirror-node-block=\"true\"><strong>\ud83c\udf79 Aproveitar a noite<\/strong><\/p><p data-prosemirror-content-type=\"node\" data-prosemirror-node-name=\"paragraph\" data-prosemirror-node-block=\"true\">Alguns dos bares mais famosos da cidade est\u00e3o aqui. Ideal para um drink ao som de jazz, m\u00fasica brasileira ou DJs internacionais.<\/p>\t\t\t\t\t\t<\/div>\n\t\t\t\t<\/div>\n\t\t\t\t\t<\/div>\n\t\t\t\t<\/div>\n\t\t<div class=\"elementor-element elementor-element-bb9681a e-flex e-con-boxed e-con e-parent\" data-id=\"bb9681a\" data-element_type=\"container\" data-settings=\"{&quot;content_width&quot;:&quot;boxed&quot;}\" data-core-v316-plus=\"true\">\n\t\t\t\t\t<div class=\"e-con-inner\">\n\t\t\t\t<div class=\"elementor-element elementor-element-75b277c elementor-widget elementor-widget-heading\" data-id=\"75b277c\" data-element_type=\"widget\" data-widget_type=\"heading.default\">\n\t\t\t\t<div class=\"elementor-widget-container\">\n\t\t\t<h2 class=\"elementor-heading-title elementor-size-large\">Como chegar \u00e0 Rua das Pedras e \u00e0 Orla Bardot?<\/h2>\t\t<\/div>\n\t\t\t\t<\/div>\n\t\t\t\t<div class=\"elementor-element elementor-element-bfb5742 elementor-widget elementor-widget-text-editor\" data-id=\"bfb5742\" data-element_type=\"widget\" data-widget_type=\"text-editor.default\">\n\t\t\t\t<div class=\"elementor-widget-container\">\n\t\t\t\t\t\t\t<p data-prosemirror-content-type=\"node\" data-prosemirror-node-name=\"paragraph\" data-prosemirror-node-block=\"true\" data-pm-slice=\"1 2 []\">Ambas ficam no <strong data-prosemirror-content-type=\"mark\" data-prosemirror-mark-name=\"strong\">Centro de B\u00fazios<\/strong>, acess\u00edveis a p\u00e9 para quem est\u00e1 hospedado na regi\u00e3o. Para quem vem de carro, h\u00e1 estacionamentos pagos pr\u00f3ximos, mas a dica \u00e9 ir cedo para garantir vaga.<\/p><p data-prosemirror-content-type=\"node\" data-prosemirror-node-name=\"paragraph\" data-prosemirror-node-block=\"true\">\ud83d\udccd Localiza\u00e7\u00e3o: Centro \u2013 Arma\u00e7\u00e3o dos B\u00fazios, RJ<br data-prosemirror-content-type=\"node\" data-prosemirror-node-name=\"hardBreak\" data-prosemirror-node-inline=\"true\" \/>\ud83d\udd52 Melhor hor\u00e1rio: do fim da tarde at\u00e9 a noite<br data-prosemirror-content-type=\"node\" data-prosemirror-node-name=\"hardBreak\" data-prosemirror-node-inline=\"true\" \/>\ud83d\udc63 Acesso: f\u00e1cil, a p\u00e9, e ideal para passeios rom\u00e2nticos ou em fam\u00edlia<\/p><hr data-prosemirror-content-type=\"node\" data-prosemirror-node-name=\"rule\" data-prosemirror-node-block=\"true\" \/><p data-prosemirror-content-type=\"node\" data-prosemirror-node-name=\"paragraph\" data-prosemirror-node-block=\"true\">A <strong data-prosemirror-content-type=\"mark\" data-prosemirror-mark-name=\"strong\">Rua das Pedras<\/strong> e a <strong data-prosemirror-content-type=\"mark\" data-prosemirror-mark-name=\"strong\">Orla Bardot<\/strong> n\u00e3o s\u00e3o apenas cart\u00f5es-postais de B\u00fazios \u2014 s\u00e3o experi\u00eancias sensoriais. \u00c9 onde a hist\u00f3ria da cidade se mistura com sua veia art\u00edstica, onde a tradi\u00e7\u00e3o encontra o cosmopolita. Um lugar para ver, viver e sentir.<\/p><blockquote data-prosemirror-content-type=\"node\" data-prosemirror-node-name=\"blockquote\" data-prosemirror-node-block=\"true\"><p data-prosemirror-content-type=\"node\" data-prosemirror-node-name=\"paragraph\" data-prosemirror-node-block=\"true\">\u2728 Se voc\u00ea vai a B\u00fazios e n\u00e3o passa por aqui, voc\u00ea <em data-prosemirror-content-type=\"mark\" data-prosemirror-mark-name=\"em\">n\u00e3o foi a B\u00fazios<\/em>.<\/p><\/blockquote>\t\t\t\t\t\t<\/div>\n\t\t\t\t<\/div>\n\t\t\t\t\t<\/div>\n\t\t\t\t<\/div>\n\t\t<div class=\"elementor-element elementor-element-bf0db26 e-flex e-con-boxed e-con e-child\" data-id=\"bf0db26\" data-element_type=\"container\" data-settings=\"{&quot;content_width&quot;:&quot;boxed&quot;}\">\n\t\t\t\t\t<div class=\"e-con-inner\">\n\t\t\t\t<div class=\"elementor-element elementor-element-74557c4 elementor-widget elementor-widget-heading\" data-id=\"74557c4\" data-element_type=\"widget\" data-widget_type=\"heading.default\">\n\t\t\t\t<div class=\"elementor-widget-container\">\n\t\t\t<h2 class=\"elementor-heading-title elementor-size-large\">Depoimentos de Quem Viveu a Experi\u00eancia<\/h2>\t\t<\/div>\n\t\t\t\t<\/div>\n\t\t\t\t<div class=\"elementor-element elementor-element-acc410c elementor-widget elementor-widget-text-editor\" data-id=\"acc410c\" data-element_type=\"widget\" data-widget_type=\"text-editor.default\">\n\t\t\t\t<div class=\"elementor-widget-container\">\n\t\t\t\t\t\t\t<p style=\"text-align: center;\"><strong>Blumar Turismo: Certificada pelo Reclame Aqui<\/strong><\/p>\t\t\t\t\t\t<\/div>\n\t\t\t\t<\/div>\n\t\t\t\t<div class=\"elementor-element elementor-element-61211b7 elementor-widget elementor-widget-html\" data-id=\"61211b7\" data-element_type=\"widget\" data-widget_type=\"html.default\">\n\t\t\t\t<div class=\"elementor-widget-container\">\n\t\t\t<center><div id=\"ra-verified-seal\"><script type=\"text\/javascript\" id=\"ra-embed-verified-seal\" src=\"https:\/\/s3.amazonaws.com\/raichu-beta\/ra-verified\/bundle.js\" data-id=\"MzI4Nzc6Ymx1bWFy\" data-target=\"ra-verified-seal\" data-model=\"2\"><\/script><\/div><\/center>\t\t<\/div>\n\t\t\t\t<\/div>\n\t\t\t\t<div class=\"elementor-element elementor-element-6142fb5 elementor-widget elementor-widget-text-editor\" data-id=\"6142fb5\" data-element_type=\"widget\" data-widget_type=\"text-editor.default\">\n\t\t\t\t<div class=\"elementor-widget-container\">\n\t\t\t\t\t\t\t<p><span style=\"color: var( --e-global-color-text ); text-align: var(--text-align);\">Na <strong>Blumar Turismo<\/strong>, nos orgulhamos de oferecer um servi\u00e7o de excel\u00eancia. Somos certificados pelo Reclame Aqui e n\u00e3o recebemos nenhuma reclama\u00e7\u00e3o nos \u00faltimos 12 meses.<\/span><\/p><p>Nosso compromisso \u00e9 com a total satisfa\u00e7\u00e3o do cliente. Garantimos experi\u00eancias de viagem \u00fanicas e memor\u00e1veis, cuidando de cada detalhe, desde a escolha dos melhores destinos e hot\u00e9is at\u00e9 a personaliza\u00e7\u00e3o de roteiros. Nossa equipe est\u00e1 dedicada a atender todas as suas necessidades com m\u00e1xima aten\u00e7\u00e3o e profissionalismo.<\/p>\t\t\t\t\t\t<\/div>\n\t\t\t\t<\/div>\n\t\t\t\t<div class=\"elementor-element elementor-element-0860721 elementor-widget elementor-widget-html\" data-id=\"0860721\" data-element_type=\"widget\" data-widget_type=\"html.default\">\n\t\t\t\t<div class=\"elementor-widget-container\">\n\t\t\t<script defer async src='https:\/\/cdn.trustindex.io\/loader.js?dc6229528d81446bbc4644b5063'><\/script>\t\t<\/div>\n\t\t\t\t<\/div>\n\t\t\t\t\t<\/div>\n\t\t\t\t<\/div>\n\t\t<div class=\"elementor-element elementor-element-eaca810 e-flex e-con-boxed e-con e-parent\" data-id=\"eaca810\" data-element_type=\"container\" data-settings=\"{&quot;content_width&quot;:&quot;boxed&quot;}\" data-core-v316-plus=\"true\">\n\t\t\t\t\t<div class=\"e-con-inner\">\n\t\t\t\t<div class=\"elementor-element elementor-element-e74adb4 elementor-widget elementor-widget-heading\" data-id=\"e74adb4\" data-element_type=\"widget\" data-widget_type=\"heading.default\">\n\t\t\t\t<div class=\"elementor-widget-container\">\n\t\t\t<h2 class=\"elementor-heading-title elementor-size-medium\">Posts que voc\u00ea tamb\u00e9m pode se interessar:<\/h2>\t\t<\/div>\n\t\t\t\t<\/div>\n\t\t\t\t<div class=\"elementor-element elementor-element-5673c23 elementor-widget elementor-widget-text-editor\" data-id=\"5673c23\" data-element_type=\"widget\" data-widget_type=\"text-editor.default\">\n\t\t\t\t<div class=\"elementor-widget-container\">\n\t\t\t\t\t\t\t<ul><li><a href=\"https:\/\/www.blumarturismo.com.br\/blog\/serra-das-emerencias-buzios-a-trilha-com-a-vista-mais-incrivel-da-regiao-dos-lagos\/\">Serra das Emer\u00eancias, B\u00fazios: A Trilha com a Vista Mais Incr\u00edvel da Regi\u00e3o dos Lagos<\/a><\/li><li><a href=\"https:\/\/www.blumarturismo.com.br\/blog\/5-motivos-para-escolher-buzios-como-proximo-destino-para-suas-ferias\/\">5 Motivos para Escolher B\u00fazios como Pr\u00f3ximo Destino para suas F\u00e9rias<\/a><\/li><li><a href=\"https:\/\/www.blumarturismo.com.br\/blog\/qual-a-melhor-epoca-para-ir-a-buzios-2\/\">Qual a melhor \u00e9poca para ir a B\u00fazios?<\/a><\/li><li><a href=\"https:\/\/www.blumarturismo.com.br\/blog\/buzios-o-refugio-perfeito-para-casais\/\">B\u00fazios: O Ref\u00fagio Perfeito para Casais<\/a><\/li><li><a href=\"https:\/\/www.blumarturismo.com.br\/blog\/descubra-o-melhor-receptivo-no-rio-de-janeiro-com-a-blumar-turismo\/\">Descubra o Melhor Receptivo no Rio de Janeiro com a Blumar Turismo<\/a><\/li><\/ul>\t\t\t\t\t\t<\/div>\n\t\t\t\t<\/div>\n\t\t\t\t\t<\/div>\n\t\t\t\t<\/div>\n\t\t<div class=\"elementor-element elementor-element-c9ad1de e-flex e-con-boxed e-con e-parent\" data-id=\"c9ad1de\" data-element_type=\"container\" data-settings=\"{&quot;content_width&quot;:&quot;boxed&quot;}\" data-core-v316-plus=\"true\">\n\t\t\t\t\t<div class=\"e-con-inner\">\n\t\t\t\t<div class=\"elementor-element elementor-element-bcdbecd elementor-widget elementor-widget-heading\" data-id=\"bcdbecd\" data-element_type=\"widget\" data-widget_type=\"heading.default\">\n\t\t\t\t<div class=\"elementor-widget-container\">\n\t\t\t<h2 class=\"elementor-heading-title elementor-size-large\">FAQ: Orla Bardot e Rua das Pedras em B\u00fazios - O Cora\u00e7\u00e3o da Cidade\n<\/h2>\t\t<\/div>\n\t\t\t\t<\/div>\n\t\t\t\t<div class=\"elementor-element elementor-element-e5b9af2 elementor-widget elementor-widget-image\" data-id=\"e5b9af2\" data-element_type=\"widget\" data-widget_type=\"image.default\">\n\t\t\t\t<div class=\"elementor-widget-container\">\n\t\t\t\t\t\t\t\t\t\t\t\t<figure class=\"wp-caption\">\n\t\t\t\t\t\t\t\t\t\t<img loading=\"lazy\" decoding=\"async\" width=\"1024\" height=\"759\" src=\"https:\/\/www.blumarturismo.com.br\/blog\/wp-content\/uploads\/2025\/03\/IMG_3012-1024x759.jpg\" class=\"attachment-large size-large wp-image-68968\" alt=\"Foto: Guilherme Ferreira \/ Blumar Turismo\" srcset=\"https:\/\/www.blumarturismo.com.br\/blog\/wp-content\/uploads\/2025\/03\/IMG_3012-1024x759.jpg 1024w, https:\/\/www.blumarturismo.com.br\/blog\/wp-content\/uploads\/2025\/03\/IMG_3012-300x222.jpg 300w, https:\/\/www.blumarturismo.com.br\/blog\/wp-content\/uploads\/2025\/03\/IMG_3012-768x569.jpg 768w, https:\/\/www.blumarturismo.com.br\/blog\/wp-content\/uploads\/2025\/03\/IMG_3012.jpg 1080w\" sizes=\"auto, (max-width: 1024px) 100vw, 1024px\" \/>\t\t\t\t\t\t\t\t\t\t\t<figcaption class=\"widget-image-caption wp-caption-text\">Foto: Guilherme Ferreira \/ Blumar Turismo<\/figcaption>\n\t\t\t\t\t\t\t\t\t\t<\/figure>\n\t\t\t\t\t\t\t\t\t<\/div>\n\t\t\t\t<\/div>\n\t\t\t\t<div class=\"elementor-element elementor-element-cc0fda3 elementor-widget elementor-widget-toggle\" data-id=\"cc0fda3\" data-element_type=\"widget\" data-widget_type=\"toggle.default\">\n\t\t\t\t<div class=\"elementor-widget-container\">\n\t\t\t<style>\/*! elementor - v3.16.0 - 13-09-2023 *\/\n.elementor-toggle{text-align:left}.elementor-toggle .elementor-tab-title{font-weight:700;line-height:1;margin:0;padding:15px;border-bottom:1px solid #d5d8dc;cursor:pointer;outline:none}.elementor-toggle .elementor-tab-title .elementor-toggle-icon{display:inline-block;width:1em}.elementor-toggle .elementor-tab-title .elementor-toggle-icon svg{margin-inline-start:-5px;width:1em;height:1em}.elementor-toggle .elementor-tab-title .elementor-toggle-icon.elementor-toggle-icon-right{float:right;text-align:right}.elementor-toggle .elementor-tab-title .elementor-toggle-icon.elementor-toggle-icon-left{float:left;text-align:left}.elementor-toggle .elementor-tab-title .elementor-toggle-icon .elementor-toggle-icon-closed{display:block}.elementor-toggle .elementor-tab-title .elementor-toggle-icon .elementor-toggle-icon-opened{display:none}.elementor-toggle .elementor-tab-title.elementor-active{border-bottom:none}.elementor-toggle .elementor-tab-title.elementor-active .elementor-toggle-icon-closed{display:none}.elementor-toggle .elementor-tab-title.elementor-active .elementor-toggle-icon-opened{display:block}.elementor-toggle .elementor-tab-content{padding:15px;border-bottom:1px solid #d5d8dc;display:none}@media (max-width:767px){.elementor-toggle .elementor-tab-title{padding:12px}.elementor-toggle .elementor-tab-content{padding:12px 10px}}.e-con-inner>.elementor-widget-toggle,.e-con>.elementor-widget-toggle{width:var(--container-widget-width);--flex-grow:var(--container-widget-flex-grow)}<\/style>\t\t<div class=\"elementor-toggle\">\n\t\t\t\t\t\t\t<div class=\"elementor-toggle-item\">\n\t\t\t\t\t<div id=\"elementor-tab-title-2131\" class=\"elementor-tab-title\" data-tab=\"1\" role=\"button\" aria-controls=\"elementor-tab-content-2131\" aria-expanded=\"false\">\n\t\t\t\t\t\t\t\t\t\t\t\t<span class=\"elementor-toggle-icon elementor-toggle-icon-left\" aria-hidden=\"true\">\n\t\t\t\t\t\t\t\t\t\t\t\t\t\t\t<span class=\"elementor-toggle-icon-closed\"><svg class=\"e-font-icon-svg e-fas-caret-right\" viewBox=\"0 0 192 512\" xmlns=\"http:\/\/www.w3.org\/2000\/svg\"><path d=\"M0 384.662V127.338c0-17.818 21.543-26.741 34.142-14.142l128.662 128.662c7.81 7.81 7.81 20.474 0 28.284L34.142 398.804C21.543 411.404 0 402.48 0 384.662z\"><\/path><\/svg><\/span>\n\t\t\t\t\t\t\t\t<span class=\"elementor-toggle-icon-opened\"><svg class=\"elementor-toggle-icon-opened e-font-icon-svg e-fas-caret-up\" viewBox=\"0 0 320 512\" xmlns=\"http:\/\/www.w3.org\/2000\/svg\"><path d=\"M288.662 352H31.338c-17.818 0-26.741-21.543-14.142-34.142l128.662-128.662c7.81-7.81 20.474-7.81 28.284 0l128.662 128.662c12.6 12.599 3.676 34.142-14.142 34.142z\"><\/path><\/svg><\/span>\n\t\t\t\t\t\t\t\t\t\t\t\t\t<\/span>\n\t\t\t\t\t\t\t\t\t\t\t\t<a class=\"elementor-toggle-title\" tabindex=\"0\">O que s\u00e3o a Orla Bardot e a Rua das Pedras em B\u00fazios?<\/a>\n\t\t\t\t\t<\/div>\n\n\t\t\t\t\t<div id=\"elementor-tab-content-2131\" class=\"elementor-tab-content elementor-clearfix\" data-tab=\"1\" role=\"region\" aria-labelledby=\"elementor-tab-title-2131\"><p>A Orla Bardot e a Rua das Pedras s\u00e3o os principais pontos tur\u00edsticos de B\u00fazios, formando o cora\u00e7\u00e3o da cidade. Elas oferecem uma combina\u00e7\u00e3o \u00fanica de beleza natural, hist\u00f3ria, gastronomia, arte e vida noturna.<\/p><ul><li>Rua das Pedras: Uma rua de paralelep\u00edpedos \u00e0 beira-mar com cerca de 600 metros de extens\u00e3o, famosa por seus restaurantes, bares, lojas e galerias.<\/li><li>Orla Bardot: Um cal\u00e7ad\u00e3o que liga o final da Rua das Pedras \u00e0 Praia da Arma\u00e7\u00e3o, nomeado em homenagem \u00e0 atriz francesa Brigitte Bardot.<\/li><\/ul><\/div>\n\t\t\t\t<\/div>\n\t\t\t\t\t\t\t<div class=\"elementor-toggle-item\">\n\t\t\t\t\t<div id=\"elementor-tab-title-2132\" class=\"elementor-tab-title\" data-tab=\"2\" role=\"button\" aria-controls=\"elementor-tab-content-2132\" aria-expanded=\"false\">\n\t\t\t\t\t\t\t\t\t\t\t\t<span class=\"elementor-toggle-icon elementor-toggle-icon-left\" aria-hidden=\"true\">\n\t\t\t\t\t\t\t\t\t\t\t\t\t\t\t<span class=\"elementor-toggle-icon-closed\"><svg class=\"e-font-icon-svg e-fas-caret-right\" viewBox=\"0 0 192 512\" xmlns=\"http:\/\/www.w3.org\/2000\/svg\"><path d=\"M0 384.662V127.338c0-17.818 21.543-26.741 34.142-14.142l128.662 128.662c7.81 7.81 7.81 20.474 0 28.284L34.142 398.804C21.543 411.404 0 402.48 0 384.662z\"><\/path><\/svg><\/span>\n\t\t\t\t\t\t\t\t<span class=\"elementor-toggle-icon-opened\"><svg class=\"elementor-toggle-icon-opened e-font-icon-svg e-fas-caret-up\" viewBox=\"0 0 320 512\" xmlns=\"http:\/\/www.w3.org\/2000\/svg\"><path d=\"M288.662 352H31.338c-17.818 0-26.741-21.543-14.142-34.142l128.662-128.662c7.81-7.81 20.474-7.81 28.284 0l128.662 128.662c12.6 12.599 3.676 34.142-14.142 34.142z\"><\/path><\/svg><\/span>\n\t\t\t\t\t\t\t\t\t\t\t\t\t<\/span>\n\t\t\t\t\t\t\t\t\t\t\t\t<a class=\"elementor-toggle-title\" tabindex=\"0\">Qual \u00e9 a hist\u00f3ria por tr\u00e1s do nome \"Orla Bardot\"?<\/a>\n\t\t\t\t\t<\/div>\n\n\t\t\t\t\t<div id=\"elementor-tab-content-2132\" class=\"elementor-tab-content elementor-clearfix\" data-tab=\"2\" role=\"region\" aria-labelledby=\"elementor-tab-title-2132\"><p>A Orla Bardot recebeu este nome em homenagem \u00e0 atriz francesa Brigitte Bardot, que visitou B\u00fazios nos anos 1960. Sua visita colocou a ent\u00e3o pequena vila de pescadores no mapa internacional do turismo, transformando-a no destino de luxo que \u00e9 hoje.<\/p><\/div>\n\t\t\t\t<\/div>\n\t\t\t\t\t\t\t<div class=\"elementor-toggle-item\">\n\t\t\t\t\t<div id=\"elementor-tab-title-2133\" class=\"elementor-tab-title\" data-tab=\"3\" role=\"button\" aria-controls=\"elementor-tab-content-2133\" aria-expanded=\"false\">\n\t\t\t\t\t\t\t\t\t\t\t\t<span class=\"elementor-toggle-icon elementor-toggle-icon-left\" aria-hidden=\"true\">\n\t\t\t\t\t\t\t\t\t\t\t\t\t\t\t<span class=\"elementor-toggle-icon-closed\"><svg class=\"e-font-icon-svg e-fas-caret-right\" viewBox=\"0 0 192 512\" xmlns=\"http:\/\/www.w3.org\/2000\/svg\"><path d=\"M0 384.662V127.338c0-17.818 21.543-26.741 34.142-14.142l128.662 128.662c7.81 7.81 7.81 20.474 0 28.284L34.142 398.804C21.543 411.404 0 402.48 0 384.662z\"><\/path><\/svg><\/span>\n\t\t\t\t\t\t\t\t<span class=\"elementor-toggle-icon-opened\"><svg class=\"elementor-toggle-icon-opened e-font-icon-svg e-fas-caret-up\" viewBox=\"0 0 320 512\" xmlns=\"http:\/\/www.w3.org\/2000\/svg\"><path d=\"M288.662 352H31.338c-17.818 0-26.741-21.543-14.142-34.142l128.662-128.662c7.81-7.81 20.474-7.81 28.284 0l128.662 128.662c12.6 12.599 3.676 34.142-14.142 34.142z\"><\/path><\/svg><\/span>\n\t\t\t\t\t\t\t\t\t\t\t\t\t<\/span>\n\t\t\t\t\t\t\t\t\t\t\t\t<a class=\"elementor-toggle-title\" tabindex=\"0\">Quais s\u00e3o as principais atra\u00e7\u00f5es da Rua das Pedras?<\/a>\n\t\t\t\t\t<\/div>\n\n\t\t\t\t\t<div id=\"elementor-tab-content-2133\" class=\"elementor-tab-content elementor-clearfix\" data-tab=\"3\" role=\"region\" aria-labelledby=\"elementor-tab-title-2133\"><p>A Rua das Pedras \u00e9 conhecida por suas diversas atra\u00e7\u00f5es:<\/p><ul><li>Boutiques exclusivas e lojas de marcas famosas<\/li><li>Galerias de arte<\/li><li>Restaurantes gourmet e internacionais<\/li><li>Bares badalados com m\u00fasica ao vivo<\/li><li>Pousadas charmosas<\/li><\/ul><\/div>\n\t\t\t\t<\/div>\n\t\t\t\t\t\t\t<div class=\"elementor-toggle-item\">\n\t\t\t\t\t<div id=\"elementor-tab-title-2134\" class=\"elementor-tab-title\" data-tab=\"4\" role=\"button\" aria-controls=\"elementor-tab-content-2134\" aria-expanded=\"false\">\n\t\t\t\t\t\t\t\t\t\t\t\t<span class=\"elementor-toggle-icon elementor-toggle-icon-left\" aria-hidden=\"true\">\n\t\t\t\t\t\t\t\t\t\t\t\t\t\t\t<span class=\"elementor-toggle-icon-closed\"><svg class=\"e-font-icon-svg e-fas-caret-right\" viewBox=\"0 0 192 512\" xmlns=\"http:\/\/www.w3.org\/2000\/svg\"><path d=\"M0 384.662V127.338c0-17.818 21.543-26.741 34.142-14.142l128.662 128.662c7.81 7.81 7.81 20.474 0 28.284L34.142 398.804C21.543 411.404 0 402.48 0 384.662z\"><\/path><\/svg><\/span>\n\t\t\t\t\t\t\t\t<span class=\"elementor-toggle-icon-opened\"><svg class=\"elementor-toggle-icon-opened e-font-icon-svg e-fas-caret-up\" viewBox=\"0 0 320 512\" xmlns=\"http:\/\/www.w3.org\/2000\/svg\"><path d=\"M288.662 352H31.338c-17.818 0-26.741-21.543-14.142-34.142l128.662-128.662c7.81-7.81 20.474-7.81 28.284 0l128.662 128.662c12.6 12.599 3.676 34.142-14.142 34.142z\"><\/path><\/svg><\/span>\n\t\t\t\t\t\t\t\t\t\t\t\t\t<\/span>\n\t\t\t\t\t\t\t\t\t\t\t\t<a class=\"elementor-toggle-title\" tabindex=\"0\">O que posso encontrar na Orla Bardot?<\/a>\n\t\t\t\t\t<\/div>\n\n\t\t\t\t\t<div id=\"elementor-tab-content-2134\" class=\"elementor-tab-content elementor-clearfix\" data-tab=\"4\" role=\"region\" aria-labelledby=\"elementor-tab-title-2134\"><p>Na Orla Bardot, voc\u00ea encontrar\u00e1:<\/p><ul><li>Cal\u00e7ad\u00e3o arborizado com vista para o mar<\/li><li>Esculturas ic\u00f4nicas, incluindo a est\u00e1tua de Brigitte Bardot<\/li><li>Bancos e decks de madeira para contempla\u00e7\u00e3o<\/li><li>Esculturas dos tr\u00eas pescadores e do ex-presidente Juscelino Kubitschek<\/li><\/ul><\/div>\n\t\t\t\t<\/div>\n\t\t\t\t\t\t\t<div class=\"elementor-toggle-item\">\n\t\t\t\t\t<div id=\"elementor-tab-title-2135\" class=\"elementor-tab-title\" data-tab=\"5\" role=\"button\" aria-controls=\"elementor-tab-content-2135\" aria-expanded=\"false\">\n\t\t\t\t\t\t\t\t\t\t\t\t<span class=\"elementor-toggle-icon elementor-toggle-icon-left\" aria-hidden=\"true\">\n\t\t\t\t\t\t\t\t\t\t\t\t\t\t\t<span class=\"elementor-toggle-icon-closed\"><svg class=\"e-font-icon-svg e-fas-caret-right\" viewBox=\"0 0 192 512\" xmlns=\"http:\/\/www.w3.org\/2000\/svg\"><path d=\"M0 384.662V127.338c0-17.818 21.543-26.741 34.142-14.142l128.662 128.662c7.81 7.81 7.81 20.474 0 28.284L34.142 398.804C21.543 411.404 0 402.48 0 384.662z\"><\/path><\/svg><\/span>\n\t\t\t\t\t\t\t\t<span class=\"elementor-toggle-icon-opened\"><svg class=\"elementor-toggle-icon-opened e-font-icon-svg e-fas-caret-up\" viewBox=\"0 0 320 512\" xmlns=\"http:\/\/www.w3.org\/2000\/svg\"><path d=\"M288.662 352H31.338c-17.818 0-26.741-21.543-14.142-34.142l128.662-128.662c7.81-7.81 20.474-7.81 28.284 0l128.662 128.662c12.6 12.599 3.676 34.142-14.142 34.142z\"><\/path><\/svg><\/span>\n\t\t\t\t\t\t\t\t\t\t\t\t\t<\/span>\n\t\t\t\t\t\t\t\t\t\t\t\t<a class=\"elementor-toggle-title\" tabindex=\"0\">Qual o melhor hor\u00e1rio para visitar a Rua das Pedras e a Orla Bardot?<\/a>\n\t\t\t\t\t<\/div>\n\n\t\t\t\t\t<div id=\"elementor-tab-content-2135\" class=\"elementor-tab-content elementor-clearfix\" data-tab=\"5\" role=\"region\" aria-labelledby=\"elementor-tab-title-2135\"><p>O melhor hor\u00e1rio \u00e9 no fim da tarde e in\u00edcio da noite. Voc\u00ea pode aproveitar para:<\/p><ul><li>Assistir ao p\u00f4r do sol na Orla Bardot<\/li><li>Passear pelas lojas e galerias<\/li><li>Jantar em um dos restaurantes \u00e0 beira-mar<\/li><li>Curtir a vida noturna nos bares e casas noturnas<\/li><\/ul><\/div>\n\t\t\t\t<\/div>\n\t\t\t\t\t\t\t<div class=\"elementor-toggle-item\">\n\t\t\t\t\t<div id=\"elementor-tab-title-2136\" class=\"elementor-tab-title\" data-tab=\"6\" role=\"button\" aria-controls=\"elementor-tab-content-2136\" aria-expanded=\"false\">\n\t\t\t\t\t\t\t\t\t\t\t\t<span class=\"elementor-toggle-icon elementor-toggle-icon-left\" aria-hidden=\"true\">\n\t\t\t\t\t\t\t\t\t\t\t\t\t\t\t<span class=\"elementor-toggle-icon-closed\"><svg class=\"e-font-icon-svg e-fas-caret-right\" viewBox=\"0 0 192 512\" xmlns=\"http:\/\/www.w3.org\/2000\/svg\"><path d=\"M0 384.662V127.338c0-17.818 21.543-26.741 34.142-14.142l128.662 128.662c7.81 7.81 7.81 20.474 0 28.284L34.142 398.804C21.543 411.404 0 402.48 0 384.662z\"><\/path><\/svg><\/span>\n\t\t\t\t\t\t\t\t<span class=\"elementor-toggle-icon-opened\"><svg class=\"elementor-toggle-icon-opened e-font-icon-svg e-fas-caret-up\" viewBox=\"0 0 320 512\" xmlns=\"http:\/\/www.w3.org\/2000\/svg\"><path d=\"M288.662 352H31.338c-17.818 0-26.741-21.543-14.142-34.142l128.662-128.662c7.81-7.81 20.474-7.81 28.284 0l128.662 128.662c12.6 12.599 3.676 34.142-14.142 34.142z\"><\/path><\/svg><\/span>\n\t\t\t\t\t\t\t\t\t\t\t\t\t<\/span>\n\t\t\t\t\t\t\t\t\t\t\t\t<a class=\"elementor-toggle-title\" tabindex=\"0\">Quais s\u00e3o as op\u00e7\u00f5es gastron\u00f4micas na regi\u00e3o?<\/a>\n\t\t\t\t\t<\/div>\n\n\t\t\t\t\t<div id=\"elementor-tab-content-2136\" class=\"elementor-tab-content elementor-clearfix\" data-tab=\"6\" role=\"region\" aria-labelledby=\"elementor-tab-title-2136\"><p>A \u00e1rea oferece uma variedade de op\u00e7\u00f5es gastron\u00f4micas:<\/p><ul><li>Restaurantes de frutos do mar frescos<\/li><li>Cozinhas internacionais (italiana, francesa, japonesa, etc.)<\/li><li>Bistr\u00f4s intimistas<\/li><li>Restaurantes premiados com vista para o mar<\/li><\/ul><\/div>\n\t\t\t\t<\/div>\n\t\t\t\t\t\t\t<div class=\"elementor-toggle-item\">\n\t\t\t\t\t<div id=\"elementor-tab-title-2137\" class=\"elementor-tab-title\" data-tab=\"7\" role=\"button\" aria-controls=\"elementor-tab-content-2137\" aria-expanded=\"false\">\n\t\t\t\t\t\t\t\t\t\t\t\t<span class=\"elementor-toggle-icon elementor-toggle-icon-left\" aria-hidden=\"true\">\n\t\t\t\t\t\t\t\t\t\t\t\t\t\t\t<span class=\"elementor-toggle-icon-closed\"><svg class=\"e-font-icon-svg e-fas-caret-right\" viewBox=\"0 0 192 512\" xmlns=\"http:\/\/www.w3.org\/2000\/svg\"><path d=\"M0 384.662V127.338c0-17.818 21.543-26.741 34.142-14.142l128.662 128.662c7.81 7.81 7.81 20.474 0 28.284L34.142 398.804C21.543 411.404 0 402.48 0 384.662z\"><\/path><\/svg><\/span>\n\t\t\t\t\t\t\t\t<span class=\"elementor-toggle-icon-opened\"><svg class=\"elementor-toggle-icon-opened e-font-icon-svg e-fas-caret-up\" viewBox=\"0 0 320 512\" xmlns=\"http:\/\/www.w3.org\/2000\/svg\"><path d=\"M288.662 352H31.338c-17.818 0-26.741-21.543-14.142-34.142l128.662-128.662c7.81-7.81 20.474-7.81 28.284 0l128.662 128.662c12.6 12.599 3.676 34.142-14.142 34.142z\"><\/path><\/svg><\/span>\n\t\t\t\t\t\t\t\t\t\t\t\t\t<\/span>\n\t\t\t\t\t\t\t\t\t\t\t\t<a class=\"elementor-toggle-title\" tabindex=\"0\">Como \u00e9 a vida noturna na Rua das Pedras?<\/a>\n\t\t\t\t\t<\/div>\n\n\t\t\t\t\t<div id=\"elementor-tab-content-2137\" class=\"elementor-tab-content elementor-clearfix\" data-tab=\"7\" role=\"region\" aria-labelledby=\"elementor-tab-title-2137\"><p>A vida noturna na Rua das Pedras \u00e9 vibrante e diversificada:<\/p><ul><li>Bares com coquet\u00e9is autorais<\/li><li>Casas noturnas com DJs internacionais<\/li><li>Locais com m\u00fasica ao vivo (jazz, MPB, rock)<\/li><li>Ambiente cosmopolita com turistas de todo o mundo<\/li><\/ul><\/div>\n\t\t\t\t<\/div>\n\t\t\t\t\t\t\t<div class=\"elementor-toggle-item\">\n\t\t\t\t\t<div id=\"elementor-tab-title-2138\" class=\"elementor-tab-title\" data-tab=\"8\" role=\"button\" aria-controls=\"elementor-tab-content-2138\" aria-expanded=\"false\">\n\t\t\t\t\t\t\t\t\t\t\t\t<span class=\"elementor-toggle-icon elementor-toggle-icon-left\" aria-hidden=\"true\">\n\t\t\t\t\t\t\t\t\t\t\t\t\t\t\t<span class=\"elementor-toggle-icon-closed\"><svg class=\"e-font-icon-svg e-fas-caret-right\" viewBox=\"0 0 192 512\" xmlns=\"http:\/\/www.w3.org\/2000\/svg\"><path d=\"M0 384.662V127.338c0-17.818 21.543-26.741 34.142-14.142l128.662 128.662c7.81 7.81 7.81 20.474 0 28.284L34.142 398.804C21.543 411.404 0 402.48 0 384.662z\"><\/path><\/svg><\/span>\n\t\t\t\t\t\t\t\t<span class=\"elementor-toggle-icon-opened\"><svg class=\"elementor-toggle-icon-opened e-font-icon-svg e-fas-caret-up\" viewBox=\"0 0 320 512\" xmlns=\"http:\/\/www.w3.org\/2000\/svg\"><path d=\"M288.662 352H31.338c-17.818 0-26.741-21.543-14.142-34.142l128.662-128.662c7.81-7.81 20.474-7.81 28.284 0l128.662 128.662c12.6 12.599 3.676 34.142-14.142 34.142z\"><\/path><\/svg><\/span>\n\t\t\t\t\t\t\t\t\t\t\t\t\t<\/span>\n\t\t\t\t\t\t\t\t\t\t\t\t<a class=\"elementor-toggle-title\" tabindex=\"0\">Que tipos de compras posso fazer na Rua das Pedras?<\/a>\n\t\t\t\t\t<\/div>\n\n\t\t\t\t\t<div id=\"elementor-tab-content-2138\" class=\"elementor-tab-content elementor-clearfix\" data-tab=\"8\" role=\"region\" aria-labelledby=\"elementor-tab-title-2138\"><p>A Rua das Pedras \u00e9 um para\u00edso para os amantes de compras:<\/p><ul><li>Moda praia<\/li><li>Artesanato local<\/li><li>Galerias de arte<\/li><li>Souvenirs<\/li><li>Itens de decora\u00e7\u00e3o<\/li><li>Marcas de luxo nacionais e internacionais<\/li><\/ul><\/div>\n\t\t\t\t<\/div>\n\t\t\t\t\t\t\t<div class=\"elementor-toggle-item\">\n\t\t\t\t\t<div id=\"elementor-tab-title-2139\" class=\"elementor-tab-title\" data-tab=\"9\" role=\"button\" aria-controls=\"elementor-tab-content-2139\" aria-expanded=\"false\">\n\t\t\t\t\t\t\t\t\t\t\t\t<span class=\"elementor-toggle-icon elementor-toggle-icon-left\" aria-hidden=\"true\">\n\t\t\t\t\t\t\t\t\t\t\t\t\t\t\t<span class=\"elementor-toggle-icon-closed\"><svg class=\"e-font-icon-svg e-fas-caret-right\" viewBox=\"0 0 192 512\" xmlns=\"http:\/\/www.w3.org\/2000\/svg\"><path d=\"M0 384.662V127.338c0-17.818 21.543-26.741 34.142-14.142l128.662 128.662c7.81 7.81 7.81 20.474 0 28.284L34.142 398.804C21.543 411.404 0 402.48 0 384.662z\"><\/path><\/svg><\/span>\n\t\t\t\t\t\t\t\t<span class=\"elementor-toggle-icon-opened\"><svg class=\"elementor-toggle-icon-opened e-font-icon-svg e-fas-caret-up\" viewBox=\"0 0 320 512\" xmlns=\"http:\/\/www.w3.org\/2000\/svg\"><path d=\"M288.662 352H31.338c-17.818 0-26.741-21.543-14.142-34.142l128.662-128.662c7.81-7.81 20.474-7.81 28.284 0l128.662 128.662c12.6 12.599 3.676 34.142-14.142 34.142z\"><\/path><\/svg><\/span>\n\t\t\t\t\t\t\t\t\t\t\t\t\t<\/span>\n\t\t\t\t\t\t\t\t\t\t\t\t<a class=\"elementor-toggle-title\" tabindex=\"0\">A Orla Bardot e a Rua das Pedras s\u00e3o acess\u00edveis?<\/a>\n\t\t\t\t\t<\/div>\n\n\t\t\t\t\t<div id=\"elementor-tab-content-2139\" class=\"elementor-tab-content elementor-clearfix\" data-tab=\"9\" role=\"region\" aria-labelledby=\"elementor-tab-title-2139\"><p>Sim, ambas s\u00e3o facilmente acess\u00edveis:<\/p><ul><li>Localizadas no Centro de B\u00fazios<\/li><li>Ideais para passeios a p\u00e9<\/li><li>Estacionamentos pagos nas proximidades (recomenda-se chegar cedo)<\/li><\/ul><\/div>\n\t\t\t\t<\/div>\n\t\t\t\t\t\t\t<div class=\"elementor-toggle-item\">\n\t\t\t\t\t<div id=\"elementor-tab-title-21310\" class=\"elementor-tab-title\" data-tab=\"10\" role=\"button\" aria-controls=\"elementor-tab-content-21310\" aria-expanded=\"false\">\n\t\t\t\t\t\t\t\t\t\t\t\t<span class=\"elementor-toggle-icon elementor-toggle-icon-left\" aria-hidden=\"true\">\n\t\t\t\t\t\t\t\t\t\t\t\t\t\t\t<span class=\"elementor-toggle-icon-closed\"><svg class=\"e-font-icon-svg e-fas-caret-right\" viewBox=\"0 0 192 512\" xmlns=\"http:\/\/www.w3.org\/2000\/svg\"><path d=\"M0 384.662V127.338c0-17.818 21.543-26.741 34.142-14.142l128.662 128.662c7.81 7.81 7.81 20.474 0 28.284L34.142 398.804C21.543 411.404 0 402.48 0 384.662z\"><\/path><\/svg><\/span>\n\t\t\t\t\t\t\t\t<span class=\"elementor-toggle-icon-opened\"><svg class=\"elementor-toggle-icon-opened e-font-icon-svg e-fas-caret-up\" viewBox=\"0 0 320 512\" xmlns=\"http:\/\/www.w3.org\/2000\/svg\"><path d=\"M288.662 352H31.338c-17.818 0-26.741-21.543-14.142-34.142l128.662-128.662c7.81-7.81 20.474-7.81 28.284 0l128.662 128.662c12.6 12.599 3.676 34.142-14.142 34.142z\"><\/path><\/svg><\/span>\n\t\t\t\t\t\t\t\t\t\t\t\t\t<\/span>\n\t\t\t\t\t\t\t\t\t\t\t\t<a class=\"elementor-toggle-title\" tabindex=\"0\">Quais s\u00e3o as melhores dicas para aproveitar a visita?<\/a>\n\t\t\t\t\t<\/div>\n\n\t\t\t\t\t<div id=\"elementor-tab-content-21310\" class=\"elementor-tab-content elementor-clearfix\" data-tab=\"10\" role=\"region\" aria-labelledby=\"elementor-tab-title-21310\"><p>Para aproveitar ao m\u00e1ximo sua visita:<\/p><ul><li>Chegue no fim da tarde para ver o p\u00f4r do sol<\/li><li>Reserve um tempo para passear e fazer compras<\/li><li>Fa\u00e7a uma pausa para fotos na escultura de Brigitte Bardot<\/li><li>Escolha um restaurante com vista para o mar para jantar<\/li><li>Termine a noite em um dos bares ou casas noturnas<\/li><\/ul><\/div>\n\t\t\t\t<\/div>\n\t\t\t\t\t\t\t<div class=\"elementor-toggle-item\">\n\t\t\t\t\t<div id=\"elementor-tab-title-21311\" class=\"elementor-tab-title\" data-tab=\"11\" role=\"button\" aria-controls=\"elementor-tab-content-21311\" aria-expanded=\"false\">\n\t\t\t\t\t\t\t\t\t\t\t\t<span class=\"elementor-toggle-icon elementor-toggle-icon-left\" aria-hidden=\"true\">\n\t\t\t\t\t\t\t\t\t\t\t\t\t\t\t<span class=\"elementor-toggle-icon-closed\"><svg class=\"e-font-icon-svg e-fas-caret-right\" viewBox=\"0 0 192 512\" xmlns=\"http:\/\/www.w3.org\/2000\/svg\"><path d=\"M0 384.662V127.338c0-17.818 21.543-26.741 34.142-14.142l128.662 128.662c7.81 7.81 7.81 20.474 0 28.284L34.142 398.804C21.543 411.404 0 402.48 0 384.662z\"><\/path><\/svg><\/span>\n\t\t\t\t\t\t\t\t<span class=\"elementor-toggle-icon-opened\"><svg class=\"elementor-toggle-icon-opened e-font-icon-svg e-fas-caret-up\" viewBox=\"0 0 320 512\" xmlns=\"http:\/\/www.w3.org\/2000\/svg\"><path d=\"M288.662 352H31.338c-17.818 0-26.741-21.543-14.142-34.142l128.662-128.662c7.81-7.81 20.474-7.81 28.284 0l128.662 128.662c12.6 12.599 3.676 34.142-14.142 34.142z\"><\/path><\/svg><\/span>\n\t\t\t\t\t\t\t\t\t\t\t\t\t<\/span>\n\t\t\t\t\t\t\t\t\t\t\t\t<a class=\"elementor-toggle-title\" tabindex=\"0\">\u00c9 poss\u00edvel fazer passeios guiados na regi\u00e3o?<\/a>\n\t\t\t\t\t<\/div>\n\n\t\t\t\t\t<div id=\"elementor-tab-content-21311\" class=\"elementor-tab-content elementor-clearfix\" data-tab=\"11\" role=\"region\" aria-labelledby=\"elementor-tab-title-21311\"><p>Sim, existem v\u00e1rias op\u00e7\u00f5es de passeios guiados que incluem a Rua das Pedras e a Orla Bardot. Estes geralmente fazem parte de tours mais amplos pela cidade de B\u00fazios, oferecendo informa\u00e7\u00f5es hist\u00f3ricas e culturais detalhadas.<\/p><\/div>\n\t\t\t\t<\/div>\n\t\t\t\t\t\t\t<div class=\"elementor-toggle-item\">\n\t\t\t\t\t<div id=\"elementor-tab-title-21312\" class=\"elementor-tab-title\" data-tab=\"12\" role=\"button\" aria-controls=\"elementor-tab-content-21312\" aria-expanded=\"false\">\n\t\t\t\t\t\t\t\t\t\t\t\t<span class=\"elementor-toggle-icon elementor-toggle-icon-left\" aria-hidden=\"true\">\n\t\t\t\t\t\t\t\t\t\t\t\t\t\t\t<span class=\"elementor-toggle-icon-closed\"><svg class=\"e-font-icon-svg e-fas-caret-right\" viewBox=\"0 0 192 512\" xmlns=\"http:\/\/www.w3.org\/2000\/svg\"><path d=\"M0 384.662V127.338c0-17.818 21.543-26.741 34.142-14.142l128.662 128.662c7.81 7.81 7.81 20.474 0 28.284L34.142 398.804C21.543 411.404 0 402.48 0 384.662z\"><\/path><\/svg><\/span>\n\t\t\t\t\t\t\t\t<span class=\"elementor-toggle-icon-opened\"><svg class=\"elementor-toggle-icon-opened e-font-icon-svg e-fas-caret-up\" viewBox=\"0 0 320 512\" xmlns=\"http:\/\/www.w3.org\/2000\/svg\"><path d=\"M288.662 352H31.338c-17.818 0-26.741-21.543-14.142-34.142l128.662-128.662c7.81-7.81 20.474-7.81 28.284 0l128.662 128.662c12.6 12.599 3.676 34.142-14.142 34.142z\"><\/path><\/svg><\/span>\n\t\t\t\t\t\t\t\t\t\t\t\t\t<\/span>\n\t\t\t\t\t\t\t\t\t\t\t\t<a class=\"elementor-toggle-title\" tabindex=\"0\">A regi\u00e3o \u00e9 segura para turistas?<\/a>\n\t\t\t\t\t<\/div>\n\n\t\t\t\t\t<div id=\"elementor-tab-content-21312\" class=\"elementor-tab-content elementor-clearfix\" data-tab=\"12\" role=\"region\" aria-labelledby=\"elementor-tab-title-21312\"><p>A Rua das Pedras e a Orla Bardot s\u00e3o consideradas \u00e1reas seguras e bem movimentadas, especialmente \u00e0 noite. No entanto, como em qualquer destino tur\u00edstico, \u00e9 sempre recomend\u00e1vel tomar precau\u00e7\u00f5es b\u00e1sicas e estar atento aos seus pertences.<\/p><\/div>\n\t\t\t\t<\/div>\n\t\t\t\t\t\t\t<div class=\"elementor-toggle-item\">\n\t\t\t\t\t<div id=\"elementor-tab-title-21313\" class=\"elementor-tab-title\" data-tab=\"13\" role=\"button\" aria-controls=\"elementor-tab-content-21313\" aria-expanded=\"false\">\n\t\t\t\t\t\t\t\t\t\t\t\t<span class=\"elementor-toggle-icon elementor-toggle-icon-left\" aria-hidden=\"true\">\n\t\t\t\t\t\t\t\t\t\t\t\t\t\t\t<span class=\"elementor-toggle-icon-closed\"><svg class=\"e-font-icon-svg e-fas-caret-right\" viewBox=\"0 0 192 512\" xmlns=\"http:\/\/www.w3.org\/2000\/svg\"><path d=\"M0 384.662V127.338c0-17.818 21.543-26.741 34.142-14.142l128.662 128.662c7.81 7.81 7.81 20.474 0 28.284L34.142 398.804C21.543 411.404 0 402.48 0 384.662z\"><\/path><\/svg><\/span>\n\t\t\t\t\t\t\t\t<span class=\"elementor-toggle-icon-opened\"><svg class=\"elementor-toggle-icon-opened e-font-icon-svg e-fas-caret-up\" viewBox=\"0 0 320 512\" xmlns=\"http:\/\/www.w3.org\/2000\/svg\"><path d=\"M288.662 352H31.338c-17.818 0-26.741-21.543-14.142-34.142l128.662-128.662c7.81-7.81 20.474-7.81 28.284 0l128.662 128.662c12.6 12.599 3.676 34.142-14.142 34.142z\"><\/path><\/svg><\/span>\n\t\t\t\t\t\t\t\t\t\t\t\t\t<\/span>\n\t\t\t\t\t\t\t\t\t\t\t\t<a class=\"elementor-toggle-title\" tabindex=\"0\">Existem eventos especiais que acontecem na regi\u00e3o?<\/a>\n\t\t\t\t\t<\/div>\n\n\t\t\t\t\t<div id=\"elementor-tab-content-21313\" class=\"elementor-tab-content elementor-clearfix\" data-tab=\"13\" role=\"region\" aria-labelledby=\"elementor-tab-title-21313\"><p>Sim, a \u00e1rea frequentemente sedia eventos como:<\/p><ul><li>Festivais gastron\u00f4micos<\/li><li>Exposi\u00e7\u00f5es de arte<\/li><li>Apresenta\u00e7\u00f5es musicais ao ar livre<\/li><li>Celebra\u00e7\u00f5es de Ano Novo e Carnaval<\/li><\/ul><\/div>\n\t\t\t\t<\/div>\n\t\t\t\t\t\t\t<div class=\"elementor-toggle-item\">\n\t\t\t\t\t<div id=\"elementor-tab-title-21314\" class=\"elementor-tab-title\" data-tab=\"14\" role=\"button\" aria-controls=\"elementor-tab-content-21314\" aria-expanded=\"false\">\n\t\t\t\t\t\t\t\t\t\t\t\t<span class=\"elementor-toggle-icon elementor-toggle-icon-left\" aria-hidden=\"true\">\n\t\t\t\t\t\t\t\t\t\t\t\t\t\t\t<span class=\"elementor-toggle-icon-closed\"><svg class=\"e-font-icon-svg e-fas-caret-right\" viewBox=\"0 0 192 512\" xmlns=\"http:\/\/www.w3.org\/2000\/svg\"><path d=\"M0 384.662V127.338c0-17.818 21.543-26.741 34.142-14.142l128.662 128.662c7.81 7.81 7.81 20.474 0 28.284L34.142 398.804C21.543 411.404 0 402.48 0 384.662z\"><\/path><\/svg><\/span>\n\t\t\t\t\t\t\t\t<span class=\"elementor-toggle-icon-opened\"><svg class=\"elementor-toggle-icon-opened e-font-icon-svg e-fas-caret-up\" viewBox=\"0 0 320 512\" xmlns=\"http:\/\/www.w3.org\/2000\/svg\"><path d=\"M288.662 352H31.338c-17.818 0-26.741-21.543-14.142-34.142l128.662-128.662c7.81-7.81 20.474-7.81 28.284 0l128.662 128.662c12.6 12.599 3.676 34.142-14.142 34.142z\"><\/path><\/svg><\/span>\n\t\t\t\t\t\t\t\t\t\t\t\t\t<\/span>\n\t\t\t\t\t\t\t\t\t\t\t\t<a class=\"elementor-toggle-title\" tabindex=\"0\">Como a Rua das Pedras e a Orla Bardot se integram \u00e0 cultura local de B\u00fazios?<\/a>\n\t\t\t\t\t<\/div>\n\n\t\t\t\t\t<div id=\"elementor-tab-content-21314\" class=\"elementor-tab-content elementor-clearfix\" data-tab=\"14\" role=\"region\" aria-labelledby=\"elementor-tab-title-21314\"><p>Estas \u00e1reas representam o cora\u00e7\u00e3o cultural e tur\u00edstico de B\u00fazios, onde:<\/p><ul><li>A hist\u00f3ria da vila de pescadores se mescla com o glamour internacional<\/li><li>Artistas locais exp\u00f5em suas obras<\/li><li>A culin\u00e1ria tradicional encontra influ\u00eancias internacionais<\/li><li>O charme r\u00fastico convive com a sofistica\u00e7\u00e3o moderna<\/li><\/ul><\/div>\n\t\t\t\t<\/div>\n\t\t\t\t\t\t\t<div class=\"elementor-toggle-item\">\n\t\t\t\t\t<div id=\"elementor-tab-title-21315\" class=\"elementor-tab-title\" data-tab=\"15\" role=\"button\" aria-controls=\"elementor-tab-content-21315\" aria-expanded=\"false\">\n\t\t\t\t\t\t\t\t\t\t\t\t<span class=\"elementor-toggle-icon elementor-toggle-icon-left\" aria-hidden=\"true\">\n\t\t\t\t\t\t\t\t\t\t\t\t\t\t\t<span class=\"elementor-toggle-icon-closed\"><svg class=\"e-font-icon-svg e-fas-caret-right\" viewBox=\"0 0 192 512\" xmlns=\"http:\/\/www.w3.org\/2000\/svg\"><path d=\"M0 384.662V127.338c0-17.818 21.543-26.741 34.142-14.142l128.662 128.662c7.81 7.81 7.81 20.474 0 28.284L34.142 398.804C21.543 411.404 0 402.48 0 384.662z\"><\/path><\/svg><\/span>\n\t\t\t\t\t\t\t\t<span class=\"elementor-toggle-icon-opened\"><svg class=\"elementor-toggle-icon-opened e-font-icon-svg e-fas-caret-up\" viewBox=\"0 0 320 512\" xmlns=\"http:\/\/www.w3.org\/2000\/svg\"><path d=\"M288.662 352H31.338c-17.818 0-26.741-21.543-14.142-34.142l128.662-128.662c7.81-7.81 20.474-7.81 28.284 0l128.662 128.662c12.6 12.599 3.676 34.142-14.142 34.142z\"><\/path><\/svg><\/span>\n\t\t\t\t\t\t\t\t\t\t\t\t\t<\/span>\n\t\t\t\t\t\t\t\t\t\t\t\t<a class=\"elementor-toggle-title\" tabindex=\"0\">Quais s\u00e3o as praias mais pr\u00f3ximas da Rua das Pedras e da Orla Bardot?<\/a>\n\t\t\t\t\t<\/div>\n\n\t\t\t\t\t<div id=\"elementor-tab-content-21315\" class=\"elementor-tab-content elementor-clearfix\" data-tab=\"15\" role=\"region\" aria-labelledby=\"elementor-tab-title-21315\"><p>As praias mais pr\u00f3ximas incluem:<\/p><ul><li>Praia da Arma\u00e7\u00e3o (diretamente acess\u00edvel pela Orla Bardot)<\/li><li>Praia do Canto<\/li><li>Praia da Azeda e Azedinha (um pouco mais distantes, mas acess\u00edveis a p\u00e9)<\/li><\/ul><\/div>\n\t\t\t\t<\/div>\n\t\t\t\t\t\t\t\t\t\t<script type=\"application\/ld+json\">{\"@context\":\"https:\\\/\\\/schema.org\",\"@type\":\"FAQPage\",\"mainEntity\":[{\"@type\":\"Question\",\"name\":\"O que s\\u00e3o a Orla Bardot e a Rua das Pedras em B\\u00fazios?\",\"acceptedAnswer\":{\"@type\":\"Answer\",\"text\":\"<p>A Orla Bardot e a Rua das Pedras s\\u00e3o os principais pontos tur\\u00edsticos de B\\u00fazios, formando o cora\\u00e7\\u00e3o da cidade. Elas oferecem uma combina\\u00e7\\u00e3o \\u00fanica de beleza natural, hist\\u00f3ria, gastronomia, arte e vida noturna.<\\\/p><ul><li>Rua das Pedras: Uma rua de paralelep\\u00edpedos \\u00e0 beira-mar com cerca de 600 metros de extens\\u00e3o, famosa por seus restaurantes, bares, lojas e galerias.<\\\/li><li>Orla Bardot: Um cal\\u00e7ad\\u00e3o que liga o final da Rua das Pedras \\u00e0 Praia da Arma\\u00e7\\u00e3o, nomeado em homenagem \\u00e0 atriz francesa Brigitte Bardot.<\\\/li><\\\/ul>\"}},{\"@type\":\"Question\",\"name\":\"Qual \\u00e9 a hist\\u00f3ria por tr\\u00e1s do nome \\\"Orla Bardot\\\"?\",\"acceptedAnswer\":{\"@type\":\"Answer\",\"text\":\"<p>A Orla Bardot recebeu este nome em homenagem \\u00e0 atriz francesa Brigitte Bardot, que visitou B\\u00fazios nos anos 1960. Sua visita colocou a ent\\u00e3o pequena vila de pescadores no mapa internacional do turismo, transformando-a no destino de luxo que \\u00e9 hoje.<\\\/p>\"}},{\"@type\":\"Question\",\"name\":\"Quais s\\u00e3o as principais atra\\u00e7\\u00f5es da Rua das Pedras?\",\"acceptedAnswer\":{\"@type\":\"Answer\",\"text\":\"<p>A Rua das Pedras \\u00e9 conhecida por suas diversas atra\\u00e7\\u00f5es:<\\\/p><ul><li>Boutiques exclusivas e lojas de marcas famosas<\\\/li><li>Galerias de arte<\\\/li><li>Restaurantes gourmet e internacionais<\\\/li><li>Bares badalados com m\\u00fasica ao vivo<\\\/li><li>Pousadas charmosas<\\\/li><\\\/ul>\"}},{\"@type\":\"Question\",\"name\":\"O que posso encontrar na Orla Bardot?\",\"acceptedAnswer\":{\"@type\":\"Answer\",\"text\":\"<p>Na Orla Bardot, voc\\u00ea encontrar\\u00e1:<\\\/p><ul><li>Cal\\u00e7ad\\u00e3o arborizado com vista para o mar<\\\/li><li>Esculturas ic\\u00f4nicas, incluindo a est\\u00e1tua de Brigitte Bardot<\\\/li><li>Bancos e decks de madeira para contempla\\u00e7\\u00e3o<\\\/li><li>Esculturas dos tr\\u00eas pescadores e do ex-presidente Juscelino Kubitschek<\\\/li><\\\/ul>\"}},{\"@type\":\"Question\",\"name\":\"Qual o melhor hor\\u00e1rio para visitar a Rua das Pedras e a Orla Bardot?\",\"acceptedAnswer\":{\"@type\":\"Answer\",\"text\":\"<p>O melhor hor\\u00e1rio \\u00e9 no fim da tarde e in\\u00edcio da noite. Voc\\u00ea pode aproveitar para:<\\\/p><ul><li>Assistir ao p\\u00f4r do sol na Orla Bardot<\\\/li><li>Passear pelas lojas e galerias<\\\/li><li>Jantar em um dos restaurantes \\u00e0 beira-mar<\\\/li><li>Curtir a vida noturna nos bares e casas noturnas<\\\/li><\\\/ul>\"}},{\"@type\":\"Question\",\"name\":\"Quais s\\u00e3o as op\\u00e7\\u00f5es gastron\\u00f4micas na regi\\u00e3o?\",\"acceptedAnswer\":{\"@type\":\"Answer\",\"text\":\"<p>A \\u00e1rea oferece uma variedade de op\\u00e7\\u00f5es gastron\\u00f4micas:<\\\/p><ul><li>Restaurantes de frutos do mar frescos<\\\/li><li>Cozinhas internacionais (italiana, francesa, japonesa, etc.)<\\\/li><li>Bistr\\u00f4s intimistas<\\\/li><li>Restaurantes premiados com vista para o mar<\\\/li><\\\/ul>\"}},{\"@type\":\"Question\",\"name\":\"Como \\u00e9 a vida noturna na Rua das Pedras?\",\"acceptedAnswer\":{\"@type\":\"Answer\",\"text\":\"<p>A vida noturna na Rua das Pedras \\u00e9 vibrante e diversificada:<\\\/p><ul><li>Bares com coquet\\u00e9is autorais<\\\/li><li>Casas noturnas com DJs internacionais<\\\/li><li>Locais com m\\u00fasica ao vivo (jazz, MPB, rock)<\\\/li><li>Ambiente cosmopolita com turistas de todo o mundo<\\\/li><\\\/ul>\"}},{\"@type\":\"Question\",\"name\":\"Que tipos de compras posso fazer na Rua das Pedras?\",\"acceptedAnswer\":{\"@type\":\"Answer\",\"text\":\"<p>A Rua das Pedras \\u00e9 um para\\u00edso para os amantes de compras:<\\\/p><ul><li>Moda praia<\\\/li><li>Artesanato local<\\\/li><li>Galerias de arte<\\\/li><li>Souvenirs<\\\/li><li>Itens de decora\\u00e7\\u00e3o<\\\/li><li>Marcas de luxo nacionais e internacionais<\\\/li><\\\/ul>\"}},{\"@type\":\"Question\",\"name\":\"A Orla Bardot e a Rua das Pedras s\\u00e3o acess\\u00edveis?\",\"acceptedAnswer\":{\"@type\":\"Answer\",\"text\":\"<p>Sim, ambas s\\u00e3o facilmente acess\\u00edveis:<\\\/p><ul><li>Localizadas no Centro de B\\u00fazios<\\\/li><li>Ideais para passeios a p\\u00e9<\\\/li><li>Estacionamentos pagos nas proximidades (recomenda-se chegar cedo)<\\\/li><\\\/ul>\"}},{\"@type\":\"Question\",\"name\":\"Quais s\\u00e3o as melhores dicas para aproveitar a visita?\",\"acceptedAnswer\":{\"@type\":\"Answer\",\"text\":\"<p>Para aproveitar ao m\\u00e1ximo sua visita:<\\\/p><ul><li>Chegue no fim da tarde para ver o p\\u00f4r do sol<\\\/li><li>Reserve um tempo para passear e fazer compras<\\\/li><li>Fa\\u00e7a uma pausa para fotos na escultura de Brigitte Bardot<\\\/li><li>Escolha um restaurante com vista para o mar para jantar<\\\/li><li>Termine a noite em um dos bares ou casas noturnas<\\\/li><\\\/ul>\"}},{\"@type\":\"Question\",\"name\":\"\\u00c9 poss\\u00edvel fazer passeios guiados na regi\\u00e3o?\",\"acceptedAnswer\":{\"@type\":\"Answer\",\"text\":\"<p>Sim, existem v\\u00e1rias op\\u00e7\\u00f5es de passeios guiados que incluem a Rua das Pedras e a Orla Bardot. Estes geralmente fazem parte de tours mais amplos pela cidade de B\\u00fazios, oferecendo informa\\u00e7\\u00f5es hist\\u00f3ricas e culturais detalhadas.<\\\/p>\"}},{\"@type\":\"Question\",\"name\":\"A regi\\u00e3o \\u00e9 segura para turistas?\",\"acceptedAnswer\":{\"@type\":\"Answer\",\"text\":\"<p>A Rua das Pedras e a Orla Bardot s\\u00e3o consideradas \\u00e1reas seguras e bem movimentadas, especialmente \\u00e0 noite. No entanto, como em qualquer destino tur\\u00edstico, \\u00e9 sempre recomend\\u00e1vel tomar precau\\u00e7\\u00f5es b\\u00e1sicas e estar atento aos seus pertences.<\\\/p>\"}},{\"@type\":\"Question\",\"name\":\"Existem eventos especiais que acontecem na regi\\u00e3o?\",\"acceptedAnswer\":{\"@type\":\"Answer\",\"text\":\"<p>Sim, a \\u00e1rea frequentemente sedia eventos como:<\\\/p><ul><li>Festivais gastron\\u00f4micos<\\\/li><li>Exposi\\u00e7\\u00f5es de arte<\\\/li><li>Apresenta\\u00e7\\u00f5es musicais ao ar livre<\\\/li><li>Celebra\\u00e7\\u00f5es de Ano Novo e Carnaval<\\\/li><\\\/ul>\"}},{\"@type\":\"Question\",\"name\":\"Como a Rua das Pedras e a Orla Bardot se integram \\u00e0 cultura local de B\\u00fazios?\",\"acceptedAnswer\":{\"@type\":\"Answer\",\"text\":\"<p>Estas \\u00e1reas representam o cora\\u00e7\\u00e3o cultural e tur\\u00edstico de B\\u00fazios, onde:<\\\/p><ul><li>A hist\\u00f3ria da vila de pescadores se mescla com o glamour internacional<\\\/li><li>Artistas locais exp\\u00f5em suas obras<\\\/li><li>A culin\\u00e1ria tradicional encontra influ\\u00eancias internacionais<\\\/li><li>O charme r\\u00fastico convive com a sofistica\\u00e7\\u00e3o moderna<\\\/li><\\\/ul>\"}},{\"@type\":\"Question\",\"name\":\"Quais s\\u00e3o as praias mais pr\\u00f3ximas da Rua das Pedras e da Orla Bardot?\",\"acceptedAnswer\":{\"@type\":\"Answer\",\"text\":\"<p>As praias mais pr\\u00f3ximas incluem:<\\\/p><ul><li>Praia da Arma\\u00e7\\u00e3o (diretamente acess\\u00edvel pela Orla Bardot)<\\\/li><li>Praia do Canto<\\\/li><li>Praia da Azeda e Azedinha (um pouco mais distantes, mas acess\\u00edveis a p\\u00e9)<\\\/li><\\\/ul>\"}}]}<\/script>\n\t\t\t\t\t<\/div>\n\t\t\t\t<\/div>\n\t\t\t\t<\/div>\n\t\t\t\t\t<\/div>\n\t\t\t\t<\/div>\n\t\t\t\t\t\t\t<\/div>\n\t\t","protected":false},"excerpt":{"rendered":"<p>Poucos lugares no Brasil conseguem reunir, em poucos metros, tanta beleza, hist\u00f3ria, gastronomia, arte, cultura e glamour quanto a combina\u00e7\u00e3o da Rua das Pedras e da Orla Bardot, em B\u00fazios (RJ). Juntas, elas formam o verdadeiro cora\u00e7\u00e3o tur\u00edstico da cidade, sendo parada obrigat\u00f3ria para quem quer sentir a ess\u00eancia da&#46;&#46;&#46;<\/p>\n","protected":false},"author":10,"featured_media":68962,"comment_status":"open","ping_status":"closed","sticky":false,"template":"","format":"standard","meta":{"footnotes":""},"categories":[690,694],"tags":[],"class_list":["post-68961","post","type-post","status-publish","format-standard","has-post-thumbnail","hentry","category-destinos-nacionais","category-dicas-de-viagem"],"yoast_head":"<!-- This site is optimized with the Yoast SEO Premium plugin v19.4 (Yoast SEO v24.1) - https:\/\/yoast.com\/wordpress\/plugins\/seo\/ -->\n<title>Orla Bardot e Rua das Pedras em B\u00fazios: charme, hist\u00f3ria e vida noturna \u00e0 beira-mar - Blog Blumar Turismo: O Seu Portal para Viagens Extraordin\u00e1rias<\/title>\n<meta name=\"description\" content=\"Venha com a Blumar Turismo conhecer a Orla Bardot e Rua das Pedras em B\u00fazios. N\u00e3o perca esta oportunidade de aproveitar esta cidade linda!\" \/>\n<meta name=\"robots\" content=\"index, follow, max-snippet:-1, max-image-preview:large, max-video-preview:-1\" \/>\n<link rel=\"canonical\" href=\"https:\/\/www.blumarturismo.com.br\/blog\/orla-bardot-e-rua-das-pedras-em-buzios-charme-historia-e-vida-noturna-a-beira-mar\/\" \/>\n<meta property=\"og:locale\" content=\"pt_BR\" \/>\n<meta property=\"og:type\" content=\"article\" \/>\n<meta property=\"og:title\" content=\"Orla Bardot e Rua das Pedras em B\u00fazios: charme, hist\u00f3ria e vida noturna \u00e0 beira-mar\" \/>\n<meta property=\"og:description\" content=\"Venha com a Blumar Turismo conhecer a Orla Bardot e Rua das Pedras em B\u00fazios. N\u00e3o perca esta oportunidade de aproveitar esta cidade linda!\" \/>\n<meta property=\"og:url\" content=\"https:\/\/www.blumarturismo.com.br\/blog\/orla-bardot-e-rua-das-pedras-em-buzios-charme-historia-e-vida-noturna-a-beira-mar\/\" \/>\n<meta property=\"og:site_name\" content=\"Blog Blumar Turismo: O Seu Portal para Viagens Extraordin\u00e1rias\" \/>\n<meta property=\"article:publisher\" content=\"https:\/\/www.facebook.com\/blumarviagenseturismo\" \/>\n<meta property=\"article:author\" content=\"https:\/\/www.facebook.com\/blumarviagenseturismo\" \/>\n<meta property=\"article:published_time\" content=\"2025-03-26T14:39:19+00:00\" \/>\n<meta property=\"article:modified_time\" content=\"2025-03-26T15:25:05+00:00\" \/>\n<meta property=\"og:image\" content=\"https:\/\/www.blumarturismo.com.br\/blog\/wp-content\/uploads\/2025\/03\/Tero-Hakala-Shutterstock.com_.jpg\" \/>\n\t<meta property=\"og:image:width\" content=\"1000\" \/>\n\t<meta property=\"og:image:height\" content=\"667\" \/>\n\t<meta property=\"og:image:type\" content=\"image\/jpeg\" \/>\n<meta name=\"author\" content=\"Blumar Turismo\" \/>\n<meta name=\"twitter:card\" content=\"summary_large_image\" \/>\n<meta name=\"twitter:label1\" content=\"Escrito por\" \/>\n\t<meta name=\"twitter:data1\" content=\"Blumar Turismo\" \/>\n\t<meta name=\"twitter:label2\" content=\"Est. tempo de leitura\" \/>\n\t<meta name=\"twitter:data2\" content=\"9 minutos\" \/>\n<script type=\"application\/ld+json\" class=\"yoast-schema-graph\">{\"@context\":\"https:\/\/schema.org\",\"@graph\":[{\"@type\":\"Article\",\"@id\":\"https:\/\/www.blumarturismo.com.br\/blog\/orla-bardot-e-rua-das-pedras-em-buzios-charme-historia-e-vida-noturna-a-beira-mar\/#article\",\"isPartOf\":{\"@id\":\"https:\/\/www.blumarturismo.com.br\/blog\/orla-bardot-e-rua-das-pedras-em-buzios-charme-historia-e-vida-noturna-a-beira-mar\/\"},\"author\":{\"name\":\"Blumar Turismo\",\"@id\":\"https:\/\/www.blumarturismo.com.br\/blog\/#\/schema\/person\/8c5b522f6a79142bafca484c4604fba7\"},\"headline\":\"Orla Bardot e Rua das Pedras em B\u00fazios: charme, hist\u00f3ria e vida noturna \u00e0 beira-mar\",\"datePublished\":\"2025-03-26T14:39:19+00:00\",\"dateModified\":\"2025-03-26T15:25:05+00:00\",\"mainEntityOfPage\":{\"@id\":\"https:\/\/www.blumarturismo.com.br\/blog\/orla-bardot-e-rua-das-pedras-em-buzios-charme-historia-e-vida-noturna-a-beira-mar\/\"},\"wordCount\":1596,\"commentCount\":0,\"publisher\":{\"@id\":\"https:\/\/www.blumarturismo.com.br\/blog\/#organization\"},\"image\":{\"@id\":\"https:\/\/www.blumarturismo.com.br\/blog\/orla-bardot-e-rua-das-pedras-em-buzios-charme-historia-e-vida-noturna-a-beira-mar\/#primaryimage\"},\"thumbnailUrl\":\"https:\/\/www.blumarturismo.com.br\/blog\/wp-content\/uploads\/2025\/03\/Tero-Hakala-Shutterstock.com_.jpg\",\"articleSection\":[\"Destinos Nacionais\",\"Dicas de Viagem\"],\"inLanguage\":\"pt-BR\",\"potentialAction\":[{\"@type\":\"CommentAction\",\"name\":\"Comment\",\"target\":[\"https:\/\/www.blumarturismo.com.br\/blog\/orla-bardot-e-rua-das-pedras-em-buzios-charme-historia-e-vida-noturna-a-beira-mar\/#respond\"]}]},{\"@type\":\"WebPage\",\"@id\":\"https:\/\/www.blumarturismo.com.br\/blog\/orla-bardot-e-rua-das-pedras-em-buzios-charme-historia-e-vida-noturna-a-beira-mar\/\",\"url\":\"https:\/\/www.blumarturismo.com.br\/blog\/orla-bardot-e-rua-das-pedras-em-buzios-charme-historia-e-vida-noturna-a-beira-mar\/\",\"name\":\"Orla Bardot e Rua das Pedras em B\u00fazios: charme, hist\u00f3ria e vida noturna \u00e0 beira-mar - Blog Blumar Turismo: O Seu Portal para Viagens Extraordin\u00e1rias\",\"isPartOf\":{\"@id\":\"https:\/\/www.blumarturismo.com.br\/blog\/#website\"},\"primaryImageOfPage\":{\"@id\":\"https:\/\/www.blumarturismo.com.br\/blog\/orla-bardot-e-rua-das-pedras-em-buzios-charme-historia-e-vida-noturna-a-beira-mar\/#primaryimage\"},\"image\":{\"@id\":\"https:\/\/www.blumarturismo.com.br\/blog\/orla-bardot-e-rua-das-pedras-em-buzios-charme-historia-e-vida-noturna-a-beira-mar\/#primaryimage\"},\"thumbnailUrl\":\"https:\/\/www.blumarturismo.com.br\/blog\/wp-content\/uploads\/2025\/03\/Tero-Hakala-Shutterstock.com_.jpg\",\"datePublished\":\"2025-03-26T14:39:19+00:00\",\"dateModified\":\"2025-03-26T15:25:05+00:00\",\"description\":\"Venha com a Blumar Turismo conhecer a Orla Bardot e Rua das Pedras em B\u00fazios. N\u00e3o perca esta oportunidade de aproveitar esta cidade linda!\",\"breadcrumb\":{\"@id\":\"https:\/\/www.blumarturismo.com.br\/blog\/orla-bardot-e-rua-das-pedras-em-buzios-charme-historia-e-vida-noturna-a-beira-mar\/#breadcrumb\"},\"inLanguage\":\"pt-BR\",\"potentialAction\":[{\"@type\":\"ReadAction\",\"target\":[\"https:\/\/www.blumarturismo.com.br\/blog\/orla-bardot-e-rua-das-pedras-em-buzios-charme-historia-e-vida-noturna-a-beira-mar\/\"]}]},{\"@type\":\"ImageObject\",\"inLanguage\":\"pt-BR\",\"@id\":\"https:\/\/www.blumarturismo.com.br\/blog\/orla-bardot-e-rua-das-pedras-em-buzios-charme-historia-e-vida-noturna-a-beira-mar\/#primaryimage\",\"url\":\"https:\/\/www.blumarturismo.com.br\/blog\/wp-content\/uploads\/2025\/03\/Tero-Hakala-Shutterstock.com_.jpg\",\"contentUrl\":\"https:\/\/www.blumarturismo.com.br\/blog\/wp-content\/uploads\/2025\/03\/Tero-Hakala-Shutterstock.com_.jpg\",\"width\":1000,\"height\":667,\"caption\":\"Foto: Tero Hakala \/ Shutterstock.com\"},{\"@type\":\"BreadcrumbList\",\"@id\":\"https:\/\/www.blumarturismo.com.br\/blog\/orla-bardot-e-rua-das-pedras-em-buzios-charme-historia-e-vida-noturna-a-beira-mar\/#breadcrumb\",\"itemListElement\":[{\"@type\":\"ListItem\",\"position\":1,\"name\":\"In\u00edcio\",\"item\":\"https:\/\/www.blumarturismo.com.br\/blog\/\"},{\"@type\":\"ListItem\",\"position\":2,\"name\":\"Orla Bardot e Rua das Pedras em B\u00fazios: charme, hist\u00f3ria e vida noturna \u00e0 beira-mar\"}]},{\"@type\":\"WebSite\",\"@id\":\"https:\/\/www.blumarturismo.com.br\/blog\/#website\",\"url\":\"https:\/\/www.blumarturismo.com.br\/blog\/\",\"name\":\"Blog Blumar Turismo: O Seu Portal para Viagens Extraordin\u00e1rias\",\"description\":\"Viajar \u00e9 nossa paix\u00e3o e expertise, e agora compartilhamos isso com voc\u00ea atrav\u00e9s do nosso blog. Com mais de 30 anos de hist\u00f3ria, a Blumar Turismo \u00e9 seu parceiro confi\u00e1vel para aventuras memor\u00e1veis. Explore conosco\",\"publisher\":{\"@id\":\"https:\/\/www.blumarturismo.com.br\/blog\/#organization\"},\"potentialAction\":[{\"@type\":\"SearchAction\",\"target\":{\"@type\":\"EntryPoint\",\"urlTemplate\":\"https:\/\/www.blumarturismo.com.br\/blog\/?s={search_term_string}\"},\"query-input\":{\"@type\":\"PropertyValueSpecification\",\"valueRequired\":true,\"valueName\":\"search_term_string\"}}],\"inLanguage\":\"pt-BR\"},{\"@type\":\"Organization\",\"@id\":\"https:\/\/www.blumarturismo.com.br\/blog\/#organization\",\"name\":\"Blumar Turismo\",\"url\":\"https:\/\/www.blumarturismo.com.br\/blog\/\",\"logo\":{\"@type\":\"ImageObject\",\"inLanguage\":\"pt-BR\",\"@id\":\"https:\/\/www.blumarturismo.com.br\/blog\/#\/schema\/logo\/image\/\",\"url\":\"https:\/\/www.blumarturismo.com.br\/blog\/wp-content\/uploads\/2020\/11\/cropped-logo_blumar_nacional2-2.jpg\",\"contentUrl\":\"https:\/\/www.blumarturismo.com.br\/blog\/wp-content\/uploads\/2020\/11\/cropped-logo_blumar_nacional2-2.jpg\",\"width\":167,\"height\":50,\"caption\":\"Blumar Turismo\"},\"image\":{\"@id\":\"https:\/\/www.blumarturismo.com.br\/blog\/#\/schema\/logo\/image\/\"},\"sameAs\":[\"https:\/\/www.facebook.com\/blumarviagenseturismo\",\"https:\/\/www.instagram.com\/blumarturismo\/\"]},{\"@type\":\"Person\",\"@id\":\"https:\/\/www.blumarturismo.com.br\/blog\/#\/schema\/person\/8c5b522f6a79142bafca484c4604fba7\",\"name\":\"Blumar Turismo\",\"image\":{\"@type\":\"ImageObject\",\"inLanguage\":\"pt-BR\",\"@id\":\"https:\/\/www.blumarturismo.com.br\/blog\/#\/schema\/person\/image\/\",\"url\":\"https:\/\/secure.gravatar.com\/avatar\/18a47e99a2b3ce558e7834aabf1bb475e0ae3a970dea40e74a2d2b71531fbe3b?s=96&d=mm&r=g\",\"contentUrl\":\"https:\/\/secure.gravatar.com\/avatar\/18a47e99a2b3ce558e7834aabf1bb475e0ae3a970dea40e74a2d2b71531fbe3b?s=96&d=mm&r=g\",\"caption\":\"Blumar Turismo\"},\"description\":\"Com uma trajet\u00f3ria consolidada de mais de 30 anos no setor de turismo, a Blumar Turismo se estabeleceu como l\u00edder gra\u00e7as ao seu compromisso cont\u00ednuo com a qualidade e satisfa\u00e7\u00e3o do cliente. Nossa experi\u00eancia traduz-se em viagens que v\u00e3o al\u00e9m da expectativa. Nosso Legado: 1. Expertise e Excel\u00eancia: Com tr\u00eas d\u00e9cadas de dedica\u00e7\u00e3o, aprofundamos nossa expertise para oferecer servi\u00e7os de viagem personalizados e de alto padr\u00e3o. Cada viagem, seja econ\u00f4mica ou de luxo, \u00e9 meticulosamente projetada para garantir experi\u00eancias not\u00e1veis. 2. Vanguarda em Inova\u00e7\u00e3o e Tecnologia: Nossa miss\u00e3o \u00e9 sempre liderar, incorporando as solu\u00e7\u00f5es mais avan\u00e7adas em produtos e tecnologias. A inova\u00e7\u00e3o \u00e9 intr\u00ednseca \u00e0 Blumar, permitindo-nos aprimorar constantemente a experi\u00eancia de viagem de nossos clientes. 3. Nossa Equipe, Nosso Diferencial: O verdadeiro motor da Blumar Turismo \u00e9 nossa equipe de profissionais. Com paix\u00e3o e dedica\u00e7\u00e3o, eles garantem que cada itiner\u00e1rio se transforme em uma experi\u00eancia \u00fanica e memor\u00e1vel. Seu comprometimento \u00e9 o que nos faz ganhar a confian\u00e7a de nossos clientes repetidamente. Na Blumar, n\u00e3o se trata apenas de vender pacotes de viagem, mas de projetar experi\u00eancias. Nossos roteiros prometem criar mem\u00f3rias duradouras, proporcionando viagens ricas em descobertas e emo\u00e7\u00f5es. Cremos que viajar \u00e9 uma forma de enriquecimento pessoal, explorando novas perspectivas e redefinindo-se a cada novo destino. Explore o mundo com a Blumar Turismo e torne sua jornada verdadeiramente extraordin\u00e1ria.\",\"sameAs\":[\"https:\/\/www.facebook.com\/blumarviagenseturismo\",\"https:\/\/www.instagram.com\/blumarturismo\/\",\"https:\/\/www.linkedin.com\/company\/blumar-turismo\/\",\"https:\/\/www.youtube.com\/@BlumarTurismo\"],\"award\":[\"2002 | 7th World Petroleum Congress & Rio Oil & Gas Expo\",\"2003 | 27\u00ba International Congress on Occupational Health - ICOH\",\"2004 | IOF World Congress on Osteoporosis 2004\",\"2005 | XXV Brazilian Congress on Rheumatology\",\"2006 | 3rd World Congress on AIDS\",\"2007 | 66th FIP Congress of Pharmacy and Pharmaceutical Sciences\",\"2008 | 62\u00ba Congresso Brasileiro de Cardiologia\",\"2009 | 3rd World Congress of Pediatric Gastroenterology Hepatology and Nutrition\",\"2010 | Pr\u00eamio Caio da D\u00e9cada - Jacar\u00e9 de Diamante - pelo 3rd World Congress on AIDS\",\"2011 | XIV Congresso SOBRICE\",\"2012 | XVIII Congresso da Sociedade Brasileira de Diabetes\",\"2013 | 67\u00ba Congresso da Sociedade Brasileira de Dermatologia\",\"2016 | Congresso Mundial da Propriedade Intelectual da AIPPI\"],\"knowsAbout\":[\"Turismo de Luxo\",\"Consultoria Personalizada\",\"Opera\u00e7\u00e3o de Programas Tur\u00edsticos Customizados\",\"Tours Variados\",\"Sele\u00e7\u00e3o de Hot\u00e9is e Experi\u00eancias Inesquec\u00edveis\"],\"knowsLanguage\":[\"Ingles\",\"Portugu\u00eas\",\"Espanhol\"],\"jobTitle\":\"Operadora de Turismo e Ag\u00eancia de Viagens\",\"worksFor\":\"Blumar Turismo\",\"url\":\"https:\/\/www.blumarturismo.com.br\/blog\/author\/guilherme\/\"}]}<\/script>\n<!-- \/ Yoast SEO Premium plugin. -->","yoast_head_json":{"title":"Orla Bardot e Rua das Pedras em B\u00fazios: charme, hist\u00f3ria e vida noturna \u00e0 beira-mar - Blog Blumar Turismo: O Seu Portal para Viagens Extraordin\u00e1rias","description":"Venha com a Blumar Turismo conhecer a Orla Bardot e Rua das Pedras em B\u00fazios. N\u00e3o perca esta oportunidade de aproveitar esta cidade linda!","robots":{"index":"index","follow":"follow","max-snippet":"max-snippet:-1","max-image-preview":"max-image-preview:large","max-video-preview":"max-video-preview:-1"},"canonical":"https:\/\/www.blumarturismo.com.br\/blog\/orla-bardot-e-rua-das-pedras-em-buzios-charme-historia-e-vida-noturna-a-beira-mar\/","og_locale":"pt_BR","og_type":"article","og_title":"Orla Bardot e Rua das Pedras em B\u00fazios: charme, hist\u00f3ria e vida noturna \u00e0 beira-mar","og_description":"Venha com a Blumar Turismo conhecer a Orla Bardot e Rua das Pedras em B\u00fazios. N\u00e3o perca esta oportunidade de aproveitar esta cidade linda!","og_url":"https:\/\/www.blumarturismo.com.br\/blog\/orla-bardot-e-rua-das-pedras-em-buzios-charme-historia-e-vida-noturna-a-beira-mar\/","og_site_name":"Blog Blumar Turismo: O Seu Portal para Viagens Extraordin\u00e1rias","article_publisher":"https:\/\/www.facebook.com\/blumarviagenseturismo","article_author":"https:\/\/www.facebook.com\/blumarviagenseturismo","article_published_time":"2025-03-26T14:39:19+00:00","article_modified_time":"2025-03-26T15:25:05+00:00","og_image":[{"width":1000,"height":667,"url":"https:\/\/www.blumarturismo.com.br\/blog\/wp-content\/uploads\/2025\/03\/Tero-Hakala-Shutterstock.com_.jpg","type":"image\/jpeg"}],"author":"Blumar Turismo","twitter_card":"summary_large_image","twitter_misc":{"Escrito por":"Blumar Turismo","Est. tempo de leitura":"9 minutos"},"schema":{"@context":"https:\/\/schema.org","@graph":[{"@type":"Article","@id":"https:\/\/www.blumarturismo.com.br\/blog\/orla-bardot-e-rua-das-pedras-em-buzios-charme-historia-e-vida-noturna-a-beira-mar\/#article","isPartOf":{"@id":"https:\/\/www.blumarturismo.com.br\/blog\/orla-bardot-e-rua-das-pedras-em-buzios-charme-historia-e-vida-noturna-a-beira-mar\/"},"author":{"name":"Blumar Turismo","@id":"https:\/\/www.blumarturismo.com.br\/blog\/#\/schema\/person\/8c5b522f6a79142bafca484c4604fba7"},"headline":"Orla Bardot e Rua das Pedras em B\u00fazios: charme, hist\u00f3ria e vida noturna \u00e0 beira-mar","datePublished":"2025-03-26T14:39:19+00:00","dateModified":"2025-03-26T15:25:05+00:00","mainEntityOfPage":{"@id":"https:\/\/www.blumarturismo.com.br\/blog\/orla-bardot-e-rua-das-pedras-em-buzios-charme-historia-e-vida-noturna-a-beira-mar\/"},"wordCount":1596,"commentCount":0,"publisher":{"@id":"https:\/\/www.blumarturismo.com.br\/blog\/#organization"},"image":{"@id":"https:\/\/www.blumarturismo.com.br\/blog\/orla-bardot-e-rua-das-pedras-em-buzios-charme-historia-e-vida-noturna-a-beira-mar\/#primaryimage"},"thumbnailUrl":"https:\/\/www.blumarturismo.com.br\/blog\/wp-content\/uploads\/2025\/03\/Tero-Hakala-Shutterstock.com_.jpg","articleSection":["Destinos Nacionais","Dicas de Viagem"],"inLanguage":"pt-BR","potentialAction":[{"@type":"CommentAction","name":"Comment","target":["https:\/\/www.blumarturismo.com.br\/blog\/orla-bardot-e-rua-das-pedras-em-buzios-charme-historia-e-vida-noturna-a-beira-mar\/#respond"]}]},{"@type":"WebPage","@id":"https:\/\/www.blumarturismo.com.br\/blog\/orla-bardot-e-rua-das-pedras-em-buzios-charme-historia-e-vida-noturna-a-beira-mar\/","url":"https:\/\/www.blumarturismo.com.br\/blog\/orla-bardot-e-rua-das-pedras-em-buzios-charme-historia-e-vida-noturna-a-beira-mar\/","name":"Orla Bardot e Rua das Pedras em B\u00fazios: charme, hist\u00f3ria e vida noturna \u00e0 beira-mar - Blog Blumar Turismo: O Seu Portal para Viagens Extraordin\u00e1rias","isPartOf":{"@id":"https:\/\/www.blumarturismo.com.br\/blog\/#website"},"primaryImageOfPage":{"@id":"https:\/\/www.blumarturismo.com.br\/blog\/orla-bardot-e-rua-das-pedras-em-buzios-charme-historia-e-vida-noturna-a-beira-mar\/#primaryimage"},"image":{"@id":"https:\/\/www.blumarturismo.com.br\/blog\/orla-bardot-e-rua-das-pedras-em-buzios-charme-historia-e-vida-noturna-a-beira-mar\/#primaryimage"},"thumbnailUrl":"https:\/\/www.blumarturismo.com.br\/blog\/wp-content\/uploads\/2025\/03\/Tero-Hakala-Shutterstock.com_.jpg","datePublished":"2025-03-26T14:39:19+00:00","dateModified":"2025-03-26T15:25:05+00:00","description":"Venha com a Blumar Turismo conhecer a Orla Bardot e Rua das Pedras em B\u00fazios. N\u00e3o perca esta oportunidade de aproveitar esta cidade linda!","breadcrumb":{"@id":"https:\/\/www.blumarturismo.com.br\/blog\/orla-bardot-e-rua-das-pedras-em-buzios-charme-historia-e-vida-noturna-a-beira-mar\/#breadcrumb"},"inLanguage":"pt-BR","potentialAction":[{"@type":"ReadAction","target":["https:\/\/www.blumarturismo.com.br\/blog\/orla-bardot-e-rua-das-pedras-em-buzios-charme-historia-e-vida-noturna-a-beira-mar\/"]}]},{"@type":"ImageObject","inLanguage":"pt-BR","@id":"https:\/\/www.blumarturismo.com.br\/blog\/orla-bardot-e-rua-das-pedras-em-buzios-charme-historia-e-vida-noturna-a-beira-mar\/#primaryimage","url":"https:\/\/www.blumarturismo.com.br\/blog\/wp-content\/uploads\/2025\/03\/Tero-Hakala-Shutterstock.com_.jpg","contentUrl":"https:\/\/www.blumarturismo.com.br\/blog\/wp-content\/uploads\/2025\/03\/Tero-Hakala-Shutterstock.com_.jpg","width":1000,"height":667,"caption":"Foto: Tero Hakala \/ Shutterstock.com"},{"@type":"BreadcrumbList","@id":"https:\/\/www.blumarturismo.com.br\/blog\/orla-bardot-e-rua-das-pedras-em-buzios-charme-historia-e-vida-noturna-a-beira-mar\/#breadcrumb","itemListElement":[{"@type":"ListItem","position":1,"name":"In\u00edcio","item":"https:\/\/www.blumarturismo.com.br\/blog\/"},{"@type":"ListItem","position":2,"name":"Orla Bardot e Rua das Pedras em B\u00fazios: charme, hist\u00f3ria e vida noturna \u00e0 beira-mar"}]},{"@type":"WebSite","@id":"https:\/\/www.blumarturismo.com.br\/blog\/#website","url":"https:\/\/www.blumarturismo.com.br\/blog\/","name":"Blog Blumar Turismo: O Seu Portal para Viagens Extraordin\u00e1rias","description":"Viajar \u00e9 nossa paix\u00e3o e expertise, e agora compartilhamos isso com voc\u00ea atrav\u00e9s do nosso blog. Com mais de 30 anos de hist\u00f3ria, a Blumar Turismo \u00e9 seu parceiro confi\u00e1vel para aventuras memor\u00e1veis. Explore conosco","publisher":{"@id":"https:\/\/www.blumarturismo.com.br\/blog\/#organization"},"potentialAction":[{"@type":"SearchAction","target":{"@type":"EntryPoint","urlTemplate":"https:\/\/www.blumarturismo.com.br\/blog\/?s={search_term_string}"},"query-input":{"@type":"PropertyValueSpecification","valueRequired":true,"valueName":"search_term_string"}}],"inLanguage":"pt-BR"},{"@type":"Organization","@id":"https:\/\/www.blumarturismo.com.br\/blog\/#organization","name":"Blumar Turismo","url":"https:\/\/www.blumarturismo.com.br\/blog\/","logo":{"@type":"ImageObject","inLanguage":"pt-BR","@id":"https:\/\/www.blumarturismo.com.br\/blog\/#\/schema\/logo\/image\/","url":"https:\/\/www.blumarturismo.com.br\/blog\/wp-content\/uploads\/2020\/11\/cropped-logo_blumar_nacional2-2.jpg","contentUrl":"https:\/\/www.blumarturismo.com.br\/blog\/wp-content\/uploads\/2020\/11\/cropped-logo_blumar_nacional2-2.jpg","width":167,"height":50,"caption":"Blumar Turismo"},"image":{"@id":"https:\/\/www.blumarturismo.com.br\/blog\/#\/schema\/logo\/image\/"},"sameAs":["https:\/\/www.facebook.com\/blumarviagenseturismo","https:\/\/www.instagram.com\/blumarturismo\/"]},{"@type":"Person","@id":"https:\/\/www.blumarturismo.com.br\/blog\/#\/schema\/person\/8c5b522f6a79142bafca484c4604fba7","name":"Blumar Turismo","image":{"@type":"ImageObject","inLanguage":"pt-BR","@id":"https:\/\/www.blumarturismo.com.br\/blog\/#\/schema\/person\/image\/","url":"https:\/\/secure.gravatar.com\/avatar\/18a47e99a2b3ce558e7834aabf1bb475e0ae3a970dea40e74a2d2b71531fbe3b?s=96&d=mm&r=g","contentUrl":"https:\/\/secure.gravatar.com\/avatar\/18a47e99a2b3ce558e7834aabf1bb475e0ae3a970dea40e74a2d2b71531fbe3b?s=96&d=mm&r=g","caption":"Blumar Turismo"},"description":"Com uma trajet\u00f3ria consolidada de mais de 30 anos no setor de turismo, a Blumar Turismo se estabeleceu como l\u00edder gra\u00e7as ao seu compromisso cont\u00ednuo com a qualidade e satisfa\u00e7\u00e3o do cliente. Nossa experi\u00eancia traduz-se em viagens que v\u00e3o al\u00e9m da expectativa. Nosso Legado: 1. Expertise e Excel\u00eancia: Com tr\u00eas d\u00e9cadas de dedica\u00e7\u00e3o, aprofundamos nossa expertise para oferecer servi\u00e7os de viagem personalizados e de alto padr\u00e3o. Cada viagem, seja econ\u00f4mica ou de luxo, \u00e9 meticulosamente projetada para garantir experi\u00eancias not\u00e1veis. 2. Vanguarda em Inova\u00e7\u00e3o e Tecnologia: Nossa miss\u00e3o \u00e9 sempre liderar, incorporando as solu\u00e7\u00f5es mais avan\u00e7adas em produtos e tecnologias. A inova\u00e7\u00e3o \u00e9 intr\u00ednseca \u00e0 Blumar, permitindo-nos aprimorar constantemente a experi\u00eancia de viagem de nossos clientes. 3. Nossa Equipe, Nosso Diferencial: O verdadeiro motor da Blumar Turismo \u00e9 nossa equipe de profissionais. Com paix\u00e3o e dedica\u00e7\u00e3o, eles garantem que cada itiner\u00e1rio se transforme em uma experi\u00eancia \u00fanica e memor\u00e1vel. Seu comprometimento \u00e9 o que nos faz ganhar a confian\u00e7a de nossos clientes repetidamente. Na Blumar, n\u00e3o se trata apenas de vender pacotes de viagem, mas de projetar experi\u00eancias. Nossos roteiros prometem criar mem\u00f3rias duradouras, proporcionando viagens ricas em descobertas e emo\u00e7\u00f5es. Cremos que viajar \u00e9 uma forma de enriquecimento pessoal, explorando novas perspectivas e redefinindo-se a cada novo destino. Explore o mundo com a Blumar Turismo e torne sua jornada verdadeiramente extraordin\u00e1ria.","sameAs":["https:\/\/www.facebook.com\/blumarviagenseturismo","https:\/\/www.instagram.com\/blumarturismo\/","https:\/\/www.linkedin.com\/company\/blumar-turismo\/","https:\/\/www.youtube.com\/@BlumarTurismo"],"award":["2002 | 7th World Petroleum Congress & Rio Oil & Gas Expo","2003 | 27\u00ba International Congress on Occupational Health - ICOH","2004 | IOF World Congress on Osteoporosis 2004","2005 | XXV Brazilian Congress on Rheumatology","2006 | 3rd World Congress on AIDS","2007 | 66th FIP Congress of Pharmacy and Pharmaceutical Sciences","2008 | 62\u00ba Congresso Brasileiro de Cardiologia","2009 | 3rd World Congress of Pediatric Gastroenterology Hepatology and Nutrition","2010 | Pr\u00eamio Caio da D\u00e9cada - Jacar\u00e9 de Diamante - pelo 3rd World Congress on AIDS","2011 | XIV Congresso SOBRICE","2012 | XVIII Congresso da Sociedade Brasileira de Diabetes","2013 | 67\u00ba Congresso da Sociedade Brasileira de Dermatologia","2016 | Congresso Mundial da Propriedade Intelectual da AIPPI"],"knowsAbout":["Turismo de Luxo","Consultoria Personalizada","Opera\u00e7\u00e3o de Programas Tur\u00edsticos Customizados","Tours Variados","Sele\u00e7\u00e3o de Hot\u00e9is e Experi\u00eancias Inesquec\u00edveis"],"knowsLanguage":["Ingles","Portugu\u00eas","Espanhol"],"jobTitle":"Operadora de Turismo e Ag\u00eancia de Viagens","worksFor":"Blumar Turismo","url":"https:\/\/www.blumarturismo.com.br\/blog\/author\/guilherme\/"}]}},"_links":{"self":[{"href":"https:\/\/www.blumarturismo.com.br\/blog\/wp-json\/wp\/v2\/posts\/68961","targetHints":{"allow":["GET"]}}],"collection":[{"href":"https:\/\/www.blumarturismo.com.br\/blog\/wp-json\/wp\/v2\/posts"}],"about":[{"href":"https:\/\/www.blumarturismo.com.br\/blog\/wp-json\/wp\/v2\/types\/post"}],"author":[{"embeddable":true,"href":"https:\/\/www.blumarturismo.com.br\/blog\/wp-json\/wp\/v2\/users\/10"}],"replies":[{"embeddable":true,"href":"https:\/\/www.blumarturismo.com.br\/blog\/wp-json\/wp\/v2\/comments?post=68961"}],"version-history":[{"count":7,"href":"https:\/\/www.blumarturismo.com.br\/blog\/wp-json\/wp\/v2\/posts\/68961\/revisions"}],"predecessor-version":[{"id":68971,"href":"https:\/\/www.blumarturismo.com.br\/blog\/wp-json\/wp\/v2\/posts\/68961\/revisions\/68971"}],"wp:featuredmedia":[{"embeddable":true,"href":"https:\/\/www.blumarturismo.com.br\/blog\/wp-json\/wp\/v2\/media\/68962"}],"wp:attachment":[{"href":"https:\/\/www.blumarturismo.com.br\/blog\/wp-json\/wp\/v2\/media?parent=68961"}],"wp:term":[{"taxonomy":"category","embeddable":true,"href":"https:\/\/www.blumarturismo.com.br\/blog\/wp-json\/wp\/v2\/categories?post=68961"},{"taxonomy":"post_tag","embeddable":true,"href":"https:\/\/www.blumarturismo.com.br\/blog\/wp-json\/wp\/v2\/tags?post=68961"}],"curies":[{"name":"wp","href":"https:\/\/api.w.org\/{rel}","templated":true}]}}