{"id":68972,"date":"2025-03-26T15:18:54","date_gmt":"2025-03-26T18:18:54","guid":{"rendered":"https:\/\/www.blumarturismo.com.br\/blog\/?p=68972"},"modified":"2025-03-27T09:21:25","modified_gmt":"2025-03-27T12:21:25","slug":"mirantes-de-buzios-os-melhores-pontos-para-ver-o-por-do-sol-e-se-encantar-com-as-paisagens","status":"publish","type":"post","link":"https:\/\/www.blumarturismo.com.br\/blog\/mirantes-de-buzios-os-melhores-pontos-para-ver-o-por-do-sol-e-se-encantar-com-as-paisagens\/","title":{"rendered":"Mirantes de B\u00fazios: Os Melhores Pontos para Ver o P\u00f4r do Sol e se Encantar com as Paisagens"},"content":{"rendered":"\t\t<div data-elementor-type=\"wp-post\" data-elementor-id=\"68972\" class=\"elementor elementor-68972\" data-elementor-post-type=\"post\">\n\t\t\t\t\t\t\t<div class=\"elementor-element elementor-element-3342ca3 e-flex e-con-boxed e-con e-parent\" data-id=\"3342ca3\" data-element_type=\"container\" data-settings=\"{&quot;content_width&quot;:&quot;boxed&quot;}\" data-core-v316-plus=\"true\">\n\t\t\t\t\t<div class=\"e-con-inner\">\n\t\t\t\t<div class=\"elementor-element elementor-element-9d55c83 elementor-widget elementor-widget-text-editor\" data-id=\"9d55c83\" data-element_type=\"widget\" data-widget_type=\"text-editor.default\">\n\t\t\t\t<div class=\"elementor-widget-container\">\n\t\t\t<style>\/*! elementor - v3.16.0 - 13-09-2023 *\/\n.elementor-widget-text-editor.elementor-drop-cap-view-stacked .elementor-drop-cap{background-color:#69727d;color:#fff}.elementor-widget-text-editor.elementor-drop-cap-view-framed .elementor-drop-cap{color:#69727d;border:3px solid;background-color:transparent}.elementor-widget-text-editor:not(.elementor-drop-cap-view-default) .elementor-drop-cap{margin-top:8px}.elementor-widget-text-editor:not(.elementor-drop-cap-view-default) .elementor-drop-cap-letter{width:1em;height:1em}.elementor-widget-text-editor .elementor-drop-cap{float:left;text-align:center;line-height:1;font-size:50px}.elementor-widget-text-editor .elementor-drop-cap-letter{display:inline-block}<\/style>\t\t\t\t<p data-prosemirror-content-type=\"node\" data-prosemirror-node-name=\"paragraph\" data-prosemirror-node-block=\"true\" data-pm-slice=\"1 2 []\">Imagine contemplar o mar azul-turquesa de <strong><a href=\"https:\/\/www.blumarturismo.com.br\/blog\/orla-bardot-e-rua-das-pedras-em-buzios-charme-historia-e-vida-noturna-a-beira-mar\/\">B\u00fazios<\/a><\/strong> l\u00e1 do alto, sentindo a brisa leve tocar o rosto enquanto o sol se despede no horizonte. \ud83c\udf05<\/p><p data-prosemirror-content-type=\"node\" data-prosemirror-node-name=\"paragraph\" data-prosemirror-node-block=\"true\">Se voc\u00ea ama registrar paisagens de tirar o f\u00f4lego, vive em busca de experi\u00eancias aut\u00eanticas na natureza ou simplesmente quer <em data-prosemirror-content-type=\"mark\" data-prosemirror-mark-name=\"em\">aquele momento de paz com uma vista inesquec\u00edvel<\/em>, voc\u00ea est\u00e1 no lugar certo.<\/p><p data-prosemirror-content-type=\"node\" data-prosemirror-node-name=\"paragraph\" data-prosemirror-node-block=\"true\">Neste post, voc\u00ea vai conhecer os <strong data-prosemirror-content-type=\"mark\" data-prosemirror-mark-name=\"strong\">melhores mirantes de <a href=\"https:\/\/www.blumarturismo.com.br\/blog\/5-motivos-para-escolher-buzios-como-proximo-destino-para-suas-ferias\/\">B\u00fazios<\/a><\/strong>, com dicas pr\u00e1ticas, acesso, experi\u00eancias sensoriais e curiosidades culturais que fazem cada ponto ter um charme \u00fanico. Um guia completo e confi\u00e1vel, escrito por especialistas em turismo com mais de 40 anos de viv\u00eancia real nesse para\u00edso fluminense. \ud83e\udded<\/p><blockquote data-prosemirror-content-type=\"node\" data-prosemirror-node-name=\"blockquote\" data-prosemirror-node-block=\"true\"><p data-prosemirror-content-type=\"node\" data-prosemirror-node-name=\"paragraph\" data-prosemirror-node-block=\"true\">\u2728 Prepare-se para enxergar B\u00fazios de um jeito novo \u2014 mais alto, mais profundo e muito mais especial.<\/p><\/blockquote>\t\t\t\t\t\t<\/div>\n\t\t\t\t<\/div>\n\t\t\t\t\t<\/div>\n\t\t\t\t<\/div>\n\t\t<div class=\"elementor-element elementor-element-b99f09e e-flex e-con-boxed e-con e-parent\" data-id=\"b99f09e\" data-element_type=\"container\" data-settings=\"{&quot;content_width&quot;:&quot;boxed&quot;}\" data-core-v316-plus=\"true\">\n\t\t\t\t\t<div class=\"e-con-inner\">\n\t\t\t\t<div class=\"elementor-element elementor-element-b5b16eb elementor-widget elementor-widget-html\" data-id=\"b5b16eb\" data-element_type=\"widget\" data-widget_type=\"html.default\">\n\t\t\t\t<div class=\"elementor-widget-container\">\n\t\t\t<iframe loading=\"lazy\" src=\"https:\/\/www.google.com\/maps\/d\/u\/0\/embed?mid=1DYNEboor7tGtGrGzci2wnLB7ZThQrVI&ehbc=2E312F\" width=\"640\" height=\"480\"><\/iframe>\t\t<\/div>\n\t\t\t\t<\/div>\n\t\t\t\t\t<\/div>\n\t\t\t\t<\/div>\n\t\t<div class=\"elementor-element elementor-element-9b90274 e-flex e-con-boxed e-con e-parent\" data-id=\"9b90274\" data-element_type=\"container\" data-settings=\"{&quot;content_width&quot;:&quot;boxed&quot;}\" data-core-v316-plus=\"true\">\n\t\t\t\t\t<div class=\"e-con-inner\">\n\t\t\t\t<div class=\"elementor-element elementor-element-74e3a6f elementor-widget elementor-widget-text-editor\" data-id=\"74e3a6f\" data-element_type=\"widget\" data-widget_type=\"text-editor.default\">\n\t\t\t\t<div class=\"elementor-widget-container\">\n\t\t\t\t\t\t\t<p data-prosemirror-content-type=\"node\" data-prosemirror-node-name=\"paragraph\" data-prosemirror-node-block=\"true\" data-pm-slice=\"1 1 []\">Continue lendo e descubra quais mirantes voc\u00ea <strong data-prosemirror-content-type=\"mark\" data-prosemirror-mark-name=\"strong\">n\u00e3o pode deixar de visitar<\/strong> em sua pr\u00f3xima viagem para esse destino que une sofistica\u00e7\u00e3o, natureza e magia em cada detalhe.<\/p>\t\t\t\t\t\t<\/div>\n\t\t\t\t<\/div>\n\t\t\t\t\t<\/div>\n\t\t\t\t<\/div>\n\t\t<div class=\"elementor-element elementor-element-5d94190 e-flex e-con-boxed e-con e-parent\" data-id=\"5d94190\" data-element_type=\"container\" data-settings=\"{&quot;content_width&quot;:&quot;boxed&quot;}\" data-core-v316-plus=\"true\">\n\t\t\t\t\t<div class=\"e-con-inner\">\n\t\t\t\t<div class=\"elementor-element elementor-element-0fc8e7f elementor-widget elementor-widget-heading\" data-id=\"0fc8e7f\" data-element_type=\"widget\" data-widget_type=\"heading.default\">\n\t\t\t\t<div class=\"elementor-widget-container\">\n\t\t\t<style>\/*! elementor - v3.16.0 - 13-09-2023 *\/\n.elementor-heading-title{padding:0;margin:0;line-height:1}.elementor-widget-heading .elementor-heading-title[class*=elementor-size-]>a{color:inherit;font-size:inherit;line-height:inherit}.elementor-widget-heading .elementor-heading-title.elementor-size-small{font-size:15px}.elementor-widget-heading .elementor-heading-title.elementor-size-medium{font-size:19px}.elementor-widget-heading .elementor-heading-title.elementor-size-large{font-size:29px}.elementor-widget-heading .elementor-heading-title.elementor-size-xl{font-size:39px}.elementor-widget-heading .elementor-heading-title.elementor-size-xxl{font-size:59px}<\/style><h2 class=\"elementor-heading-title elementor-size-large\">1. Mirante da Azeda<\/h2>\t\t<\/div>\n\t\t\t\t<\/div>\n\t\t\t\t<div class=\"elementor-element elementor-element-739d9ee elementor-widget elementor-widget-image\" data-id=\"739d9ee\" data-element_type=\"widget\" data-widget_type=\"image.default\">\n\t\t\t\t<div class=\"elementor-widget-container\">\n\t\t\t<style>\/*! elementor - v3.16.0 - 13-09-2023 *\/\n.elementor-widget-image{text-align:center}.elementor-widget-image a{display:inline-block}.elementor-widget-image a img[src$=\".svg\"]{width:48px}.elementor-widget-image img{vertical-align:middle;display:inline-block}<\/style>\t\t\t\t\t\t\t\t\t<figure class=\"wp-caption\">\n\t\t\t\t\t\t\t\t\t\t<img loading=\"lazy\" decoding=\"async\" width=\"1000\" height=\"668\" src=\"https:\/\/www.blumarturismo.com.br\/blog\/wp-content\/uploads\/2025\/03\/Foto-Catarina-Belova-Shutterstock.com-3.jpg\" class=\"attachment-large size-large wp-image-68975\" alt=\"Foto: Catarina Belova \/ Shutterstock.com\" srcset=\"https:\/\/www.blumarturismo.com.br\/blog\/wp-content\/uploads\/2025\/03\/Foto-Catarina-Belova-Shutterstock.com-3.jpg 1000w, https:\/\/www.blumarturismo.com.br\/blog\/wp-content\/uploads\/2025\/03\/Foto-Catarina-Belova-Shutterstock.com-3-300x200.jpg 300w, https:\/\/www.blumarturismo.com.br\/blog\/wp-content\/uploads\/2025\/03\/Foto-Catarina-Belova-Shutterstock.com-3-768x513.jpg 768w\" sizes=\"auto, (max-width: 1000px) 100vw, 1000px\" \/>\t\t\t\t\t\t\t\t\t\t\t<figcaption class=\"widget-image-caption wp-caption-text\">Foto: Catarina Belova \/ Shutterstock.com<\/figcaption>\n\t\t\t\t\t\t\t\t\t\t<\/figure>\n\t\t\t\t\t\t\t\t\t<\/div>\n\t\t\t\t<\/div>\n\t\t\t\t<div class=\"elementor-element elementor-element-45a6a25 elementor-widget elementor-widget-text-editor\" data-id=\"45a6a25\" data-element_type=\"widget\" data-widget_type=\"text-editor.default\">\n\t\t\t\t<div class=\"elementor-widget-container\">\n\t\t\t\t\t\t\t<p data-prosemirror-content-type=\"node\" data-prosemirror-node-name=\"paragraph\" data-prosemirror-node-block=\"true\" data-pm-slice=\"1 1 []\">\ud83d\udccd <strong>Localiza\u00e7\u00e3o<\/strong><em data-prosemirror-content-type=\"mark\" data-prosemirror-mark-name=\"em\">:<\/em> Entre a Praia dos Ossos e a Praia da Azeda<br data-prosemirror-content-type=\"node\" data-prosemirror-node-name=\"hardBreak\" data-prosemirror-node-inline=\"true\" \/>\ud83c\udf05 <strong>Vibe<\/strong><em data-prosemirror-content-type=\"mark\" data-prosemirror-mark-name=\"em\">:<\/em> Charmoso, cl\u00e1ssico e com f\u00e1cil acesso<\/p><p data-prosemirror-content-type=\"node\" data-prosemirror-node-name=\"paragraph\" data-prosemirror-node-block=\"true\">Um dos mirantes mais ic\u00f4nicos de B\u00fazios, com uma vista espetacular para a Praia da Azeda e Azedinha. O caminho at\u00e9 l\u00e1 j\u00e1 \u00e9 um charme: uma pequena trilha de madeira leva at\u00e9 o ponto perfeito para fotos e contempla\u00e7\u00e3o.<\/p>\t\t\t\t\t\t<\/div>\n\t\t\t\t<\/div>\n\t\t\t\t\t<\/div>\n\t\t\t\t<\/div>\n\t\t<div class=\"elementor-element elementor-element-a9794a4 e-flex e-con-boxed e-con e-parent\" data-id=\"a9794a4\" data-element_type=\"container\" data-settings=\"{&quot;content_width&quot;:&quot;boxed&quot;}\" data-core-v316-plus=\"true\">\n\t\t\t\t\t<div class=\"e-con-inner\">\n\t\t\t\t<div class=\"elementor-element elementor-element-5eae0e7 elementor-widget elementor-widget-heading\" data-id=\"5eae0e7\" data-element_type=\"widget\" data-widget_type=\"heading.default\">\n\t\t\t\t<div class=\"elementor-widget-container\">\n\t\t\t<h2 class=\"elementor-heading-title elementor-size-large\">2. Mirante Deck de Jo\u00e3o Fernandes<\/h2>\t\t<\/div>\n\t\t\t\t<\/div>\n\t\t\t\t<div class=\"elementor-element elementor-element-9a4a96d elementor-widget elementor-widget-image\" data-id=\"9a4a96d\" data-element_type=\"widget\" data-widget_type=\"image.default\">\n\t\t\t\t<div class=\"elementor-widget-container\">\n\t\t\t\t\t\t\t\t\t\t\t\t<figure class=\"wp-caption\">\n\t\t\t\t\t\t\t\t\t\t<img loading=\"lazy\" decoding=\"async\" width=\"1024\" height=\"683\" src=\"https:\/\/www.blumarturismo.com.br\/blog\/wp-content\/uploads\/2025\/03\/IMG_2121-1024x683.jpg\" class=\"attachment-large size-large wp-image-68976\" alt=\"Foto: Guilherme Ferreira \/ Blumar Turismo\" srcset=\"https:\/\/www.blumarturismo.com.br\/blog\/wp-content\/uploads\/2025\/03\/IMG_2121-1024x683.jpg 1024w, https:\/\/www.blumarturismo.com.br\/blog\/wp-content\/uploads\/2025\/03\/IMG_2121-300x200.jpg 300w, https:\/\/www.blumarturismo.com.br\/blog\/wp-content\/uploads\/2025\/03\/IMG_2121-768x512.jpg 768w, https:\/\/www.blumarturismo.com.br\/blog\/wp-content\/uploads\/2025\/03\/IMG_2121-1536x1024.jpg 1536w, https:\/\/www.blumarturismo.com.br\/blog\/wp-content\/uploads\/2025\/03\/IMG_2121-2048x1365.jpg 2048w\" sizes=\"auto, (max-width: 1024px) 100vw, 1024px\" \/>\t\t\t\t\t\t\t\t\t\t\t<figcaption class=\"widget-image-caption wp-caption-text\">Foto: Guilherme Ferreira \/ Blumar Turismo<\/figcaption>\n\t\t\t\t\t\t\t\t\t\t<\/figure>\n\t\t\t\t\t\t\t\t\t<\/div>\n\t\t\t\t<\/div>\n\t\t\t\t<div class=\"elementor-element elementor-element-2bc40fd elementor-widget elementor-widget-text-editor\" data-id=\"2bc40fd\" data-element_type=\"widget\" data-widget_type=\"text-editor.default\">\n\t\t\t\t<div class=\"elementor-widget-container\">\n\t\t\t\t\t\t\t<p data-prosemirror-content-type=\"node\" data-prosemirror-node-name=\"paragraph\" data-prosemirror-node-block=\"true\" data-pm-slice=\"1 1 []\">\ud83d\udccd <strong>Localiza\u00e7\u00e3o<\/strong><em data-prosemirror-content-type=\"mark\" data-prosemirror-mark-name=\"em\">:<\/em> Praia Jo\u00e3o Fernandes<br data-prosemirror-content-type=\"node\" data-prosemirror-node-name=\"hardBreak\" data-prosemirror-node-inline=\"true\" \/>\ud83c\udf0a <strong>Vibe<\/strong><em data-prosemirror-content-type=\"mark\" data-prosemirror-mark-name=\"em\">:<\/em> Rom\u00e2ntico e panor\u00e2mico<\/p><p data-prosemirror-content-type=\"node\" data-prosemirror-node-name=\"paragraph\" data-prosemirror-node-block=\"true\">Um deck com vista aberta para a Praia de Jo\u00e3o Fernandes e Jo\u00e3o Fernandinho, com \u00e1guas azuis e vegeta\u00e7\u00e3o costeira ao redor. Excelente ponto para assistir ao p\u00f4r do sol e registrar fotos cinematogr\u00e1ficas.<\/p>\t\t\t\t\t\t<\/div>\n\t\t\t\t<\/div>\n\t\t\t\t\t<\/div>\n\t\t\t\t<\/div>\n\t\t<div class=\"elementor-element elementor-element-609d2bb e-flex e-con-boxed e-con e-parent\" data-id=\"609d2bb\" data-element_type=\"container\" data-settings=\"{&quot;content_width&quot;:&quot;boxed&quot;}\" data-core-v316-plus=\"true\">\n\t\t\t\t\t<div class=\"e-con-inner\">\n\t\t\t\t<div class=\"elementor-element elementor-element-5e89db9 elementor-widget elementor-widget-heading\" data-id=\"5e89db9\" data-element_type=\"widget\" data-widget_type=\"heading.default\">\n\t\t\t\t<div class=\"elementor-widget-container\">\n\t\t\t<h2 class=\"elementor-heading-title elementor-size-large\">3. Mirante das Ilhas<\/h2>\t\t<\/div>\n\t\t\t\t<\/div>\n\t\t\t\t<div class=\"elementor-element elementor-element-10a9445 elementor-widget elementor-widget-image\" data-id=\"10a9445\" data-element_type=\"widget\" data-widget_type=\"image.default\">\n\t\t\t\t<div class=\"elementor-widget-container\">\n\t\t\t\t\t\t\t\t\t\t\t\t<figure class=\"wp-caption\">\n\t\t\t\t\t\t\t\t\t\t<img loading=\"lazy\" decoding=\"async\" width=\"1024\" height=\"683\" src=\"https:\/\/www.blumarturismo.com.br\/blog\/wp-content\/uploads\/2025\/03\/IMG_2162-1024x683.jpg\" class=\"attachment-large size-large wp-image-68977\" alt=\"Foto: Guilherme Ferreira \/ Blumar Turismo\" srcset=\"https:\/\/www.blumarturismo.com.br\/blog\/wp-content\/uploads\/2025\/03\/IMG_2162-1024x683.jpg 1024w, https:\/\/www.blumarturismo.com.br\/blog\/wp-content\/uploads\/2025\/03\/IMG_2162-300x200.jpg 300w, https:\/\/www.blumarturismo.com.br\/blog\/wp-content\/uploads\/2025\/03\/IMG_2162-768x512.jpg 768w, https:\/\/www.blumarturismo.com.br\/blog\/wp-content\/uploads\/2025\/03\/IMG_2162-1536x1024.jpg 1536w, https:\/\/www.blumarturismo.com.br\/blog\/wp-content\/uploads\/2025\/03\/IMG_2162-2048x1365.jpg 2048w\" sizes=\"auto, (max-width: 1024px) 100vw, 1024px\" \/>\t\t\t\t\t\t\t\t\t\t\t<figcaption class=\"widget-image-caption wp-caption-text\">Foto: Guilherme Ferreira \/ Blumar Turismo<\/figcaption>\n\t\t\t\t\t\t\t\t\t\t<\/figure>\n\t\t\t\t\t\t\t\t\t<\/div>\n\t\t\t\t<\/div>\n\t\t\t\t<div class=\"elementor-element elementor-element-f9442f6 elementor-widget elementor-widget-text-editor\" data-id=\"f9442f6\" data-element_type=\"widget\" data-widget_type=\"text-editor.default\">\n\t\t\t\t<div class=\"elementor-widget-container\">\n\t\t\t\t\t\t\t<p data-prosemirror-content-type=\"node\" data-prosemirror-node-name=\"paragraph\" data-prosemirror-node-block=\"true\" data-pm-slice=\"1 1 []\">\ud83d\udccd <strong>Localiza\u00e7\u00e3o<\/strong><em data-prosemirror-content-type=\"mark\" data-prosemirror-mark-name=\"em\">:<\/em> Regi\u00e3o da Praia da Gorda\/Praia Rasa<br data-prosemirror-content-type=\"node\" data-prosemirror-node-name=\"hardBreak\" data-prosemirror-node-inline=\"true\" \/>\ud83c\udf34 <strong>Vibe<\/strong><em data-prosemirror-content-type=\"mark\" data-prosemirror-mark-name=\"em\">:<\/em> Selvagem e pouco explorado<\/p><p data-prosemirror-content-type=\"node\" data-prosemirror-node-name=\"paragraph\" data-prosemirror-node-block=\"true\">Local ideal para quem quer um visual das ilhas ao redor de B\u00fazios, especialmente ao amanhecer. Pouco conhecido pelos turistas, oferece uma vista privilegiada e tranquila do arquip\u00e9lago da regi\u00e3o.<\/p>\t\t\t\t\t\t<\/div>\n\t\t\t\t<\/div>\n\t\t\t\t\t<\/div>\n\t\t\t\t<\/div>\n\t\t<div class=\"elementor-element elementor-element-90ef1fd e-flex e-con-boxed e-con e-parent\" data-id=\"90ef1fd\" data-element_type=\"container\" data-settings=\"{&quot;content_width&quot;:&quot;boxed&quot;}\" data-core-v316-plus=\"true\">\n\t\t\t\t\t<div class=\"e-con-inner\">\n\t\t\t\t<div class=\"elementor-element elementor-element-479910f elementor-widget elementor-widget-heading\" data-id=\"479910f\" data-element_type=\"widget\" data-widget_type=\"heading.default\">\n\t\t\t\t<div class=\"elementor-widget-container\">\n\t\t\t<h2 class=\"elementor-heading-title elementor-size-large\">4. Mirante do Forno<\/h2>\t\t<\/div>\n\t\t\t\t<\/div>\n\t\t\t\t<div class=\"elementor-element elementor-element-f989665 elementor-widget elementor-widget-image\" data-id=\"f989665\" data-element_type=\"widget\" data-widget_type=\"image.default\">\n\t\t\t\t<div class=\"elementor-widget-container\">\n\t\t\t\t\t\t\t\t\t\t\t\t<figure class=\"wp-caption\">\n\t\t\t\t\t\t\t\t\t\t<img loading=\"lazy\" decoding=\"async\" width=\"1024\" height=\"683\" src=\"https:\/\/www.blumarturismo.com.br\/blog\/wp-content\/uploads\/2025\/03\/IMG_2242-1024x683.jpg\" class=\"attachment-large size-large wp-image-68978\" alt=\"Foto: Guilherme Ferreira \/ Blumar Turismo\" srcset=\"https:\/\/www.blumarturismo.com.br\/blog\/wp-content\/uploads\/2025\/03\/IMG_2242-1024x683.jpg 1024w, https:\/\/www.blumarturismo.com.br\/blog\/wp-content\/uploads\/2025\/03\/IMG_2242-300x200.jpg 300w, https:\/\/www.blumarturismo.com.br\/blog\/wp-content\/uploads\/2025\/03\/IMG_2242-768x512.jpg 768w, https:\/\/www.blumarturismo.com.br\/blog\/wp-content\/uploads\/2025\/03\/IMG_2242-1536x1024.jpg 1536w, https:\/\/www.blumarturismo.com.br\/blog\/wp-content\/uploads\/2025\/03\/IMG_2242-2048x1365.jpg 2048w\" sizes=\"auto, (max-width: 1024px) 100vw, 1024px\" \/>\t\t\t\t\t\t\t\t\t\t\t<figcaption class=\"widget-image-caption wp-caption-text\">Foto: Guilherme Ferreira \/ Blumar Turismo<\/figcaption>\n\t\t\t\t\t\t\t\t\t\t<\/figure>\n\t\t\t\t\t\t\t\t\t<\/div>\n\t\t\t\t<\/div>\n\t\t\t\t<div class=\"elementor-element elementor-element-af90b62 elementor-widget elementor-widget-text-editor\" data-id=\"af90b62\" data-element_type=\"widget\" data-widget_type=\"text-editor.default\">\n\t\t\t\t<div class=\"elementor-widget-container\">\n\t\t\t\t\t\t\t<p data-prosemirror-content-type=\"node\" data-prosemirror-node-name=\"paragraph\" data-prosemirror-node-block=\"true\" data-pm-slice=\"1 1 []\">\ud83d\udccd <strong>Localiza\u00e7\u00e3o<\/strong><em data-prosemirror-content-type=\"mark\" data-prosemirror-mark-name=\"em\">:<\/em> Praia do Forno<br data-prosemirror-content-type=\"node\" data-prosemirror-node-name=\"hardBreak\" data-prosemirror-node-inline=\"true\" \/>\ud83c\udf04 <strong>Vibe<\/strong><em data-prosemirror-content-type=\"mark\" data-prosemirror-mark-name=\"em\">:<\/em> Introspectivo e r\u00fastico<\/p><p data-prosemirror-content-type=\"node\" data-prosemirror-node-name=\"paragraph\" data-prosemirror-node-block=\"true\">Com vista para uma das praias mais diferentes da pen\u00ednsula, com areia rosada e mar cristalino. O mirante oferece um cen\u00e1rio natural de pura contempla\u00e7\u00e3o e sil\u00eancio.<\/p>\t\t\t\t\t\t<\/div>\n\t\t\t\t<\/div>\n\t\t\t\t\t<\/div>\n\t\t\t\t<\/div>\n\t\t<div class=\"elementor-element elementor-element-6ea06f4 e-flex e-con-boxed e-con e-parent\" data-id=\"6ea06f4\" data-element_type=\"container\" data-settings=\"{&quot;content_width&quot;:&quot;boxed&quot;}\" data-core-v316-plus=\"true\">\n\t\t\t\t\t<div class=\"e-con-inner\">\n\t\t\t\t<div class=\"elementor-element elementor-element-e36423e elementor-widget elementor-widget-heading\" data-id=\"e36423e\" data-element_type=\"widget\" data-widget_type=\"heading.default\">\n\t\t\t\t<div class=\"elementor-widget-container\">\n\t\t\t<h2 class=\"elementor-heading-title elementor-size-large\">5. Ponta da Lagoinha<\/h2>\t\t<\/div>\n\t\t\t\t<\/div>\n\t\t\t\t<div class=\"elementor-element elementor-element-beaa466 elementor-widget elementor-widget-image\" data-id=\"beaa466\" data-element_type=\"widget\" data-widget_type=\"image.default\">\n\t\t\t\t<div class=\"elementor-widget-container\">\n\t\t\t\t\t\t\t\t\t\t\t\t<figure class=\"wp-caption\">\n\t\t\t\t\t\t\t\t\t\t<img loading=\"lazy\" decoding=\"async\" width=\"1024\" height=\"683\" src=\"https:\/\/www.blumarturismo.com.br\/blog\/wp-content\/uploads\/2025\/03\/IMG_2285-1024x683.jpg\" class=\"attachment-large size-large wp-image-68979\" alt=\"Foto: Guilherme Ferreira \/ Blumar Turismo\" srcset=\"https:\/\/www.blumarturismo.com.br\/blog\/wp-content\/uploads\/2025\/03\/IMG_2285-1024x683.jpg 1024w, https:\/\/www.blumarturismo.com.br\/blog\/wp-content\/uploads\/2025\/03\/IMG_2285-300x200.jpg 300w, https:\/\/www.blumarturismo.com.br\/blog\/wp-content\/uploads\/2025\/03\/IMG_2285-768x512.jpg 768w, https:\/\/www.blumarturismo.com.br\/blog\/wp-content\/uploads\/2025\/03\/IMG_2285-1536x1024.jpg 1536w, https:\/\/www.blumarturismo.com.br\/blog\/wp-content\/uploads\/2025\/03\/IMG_2285-2048x1365.jpg 2048w\" sizes=\"auto, (max-width: 1024px) 100vw, 1024px\" \/>\t\t\t\t\t\t\t\t\t\t\t<figcaption class=\"widget-image-caption wp-caption-text\">Foto: Guilherme Ferreira \/ Blumar Turismo<\/figcaption>\n\t\t\t\t\t\t\t\t\t\t<\/figure>\n\t\t\t\t\t\t\t\t\t<\/div>\n\t\t\t\t<\/div>\n\t\t\t\t<div class=\"elementor-element elementor-element-6c93c86 elementor-widget elementor-widget-text-editor\" data-id=\"6c93c86\" data-element_type=\"widget\" data-widget_type=\"text-editor.default\">\n\t\t\t\t<div class=\"elementor-widget-container\">\n\t\t\t\t\t\t\t<p data-prosemirror-content-type=\"node\" data-prosemirror-node-name=\"paragraph\" data-prosemirror-node-block=\"true\" data-pm-slice=\"1 1 []\">\ud83d\udccd <strong>Localiza\u00e7\u00e3o<\/strong><em data-prosemirror-content-type=\"mark\" data-prosemirror-mark-name=\"em\">:<\/em> Entre a Praia da Ferradura e a Praia da Foca<br data-prosemirror-content-type=\"node\" data-prosemirror-node-name=\"hardBreak\" data-prosemirror-node-inline=\"true\" \/>\ud83c\udf0a <strong>Vibe<\/strong><em data-prosemirror-content-type=\"mark\" data-prosemirror-mark-name=\"em\">:<\/em> M\u00edstico, rochoso e impressionante<\/p><p data-prosemirror-content-type=\"node\" data-prosemirror-node-name=\"paragraph\" data-prosemirror-node-block=\"true\">Um dos lugares mais \u00fanicos de B\u00fazios, com forma\u00e7\u00f5es rochosas que criam verdadeiras piscinas naturais. A vista do alto proporciona contato direto com a for\u00e7a da natureza.<\/p>\t\t\t\t\t\t<\/div>\n\t\t\t\t<\/div>\n\t\t\t\t\t<\/div>\n\t\t\t\t<\/div>\n\t\t<div class=\"elementor-element elementor-element-7f8c830 e-flex e-con-boxed e-con e-parent\" data-id=\"7f8c830\" data-element_type=\"container\" data-settings=\"{&quot;content_width&quot;:&quot;boxed&quot;}\" data-core-v316-plus=\"true\">\n\t\t\t\t\t<div class=\"e-con-inner\">\n\t\t\t\t<div class=\"elementor-element elementor-element-db6b1de elementor-widget elementor-widget-heading\" data-id=\"db6b1de\" data-element_type=\"widget\" data-widget_type=\"heading.default\">\n\t\t\t\t<div class=\"elementor-widget-container\">\n\t\t\t<h2 class=\"elementor-heading-title elementor-size-large\">6. Mirante da Praia da Ferradura<\/h2>\t\t<\/div>\n\t\t\t\t<\/div>\n\t\t\t\t<div class=\"elementor-element elementor-element-8309004 elementor-widget elementor-widget-image\" data-id=\"8309004\" data-element_type=\"widget\" data-widget_type=\"image.default\">\n\t\t\t\t<div class=\"elementor-widget-container\">\n\t\t\t\t\t\t\t\t\t\t\t\t<figure class=\"wp-caption\">\n\t\t\t\t\t\t\t\t\t\t<img loading=\"lazy\" decoding=\"async\" width=\"1024\" height=\"683\" src=\"https:\/\/www.blumarturismo.com.br\/blog\/wp-content\/uploads\/2025\/03\/IMG_3242-1024x683.jpg\" class=\"attachment-large size-large wp-image-68980\" alt=\"Foto: Guilherme Ferreira \/ Blumar Turismo\" srcset=\"https:\/\/www.blumarturismo.com.br\/blog\/wp-content\/uploads\/2025\/03\/IMG_3242-1024x683.jpg 1024w, https:\/\/www.blumarturismo.com.br\/blog\/wp-content\/uploads\/2025\/03\/IMG_3242-300x200.jpg 300w, https:\/\/www.blumarturismo.com.br\/blog\/wp-content\/uploads\/2025\/03\/IMG_3242-768x512.jpg 768w, https:\/\/www.blumarturismo.com.br\/blog\/wp-content\/uploads\/2025\/03\/IMG_3242-1536x1024.jpg 1536w, https:\/\/www.blumarturismo.com.br\/blog\/wp-content\/uploads\/2025\/03\/IMG_3242-2048x1365.jpg 2048w\" sizes=\"auto, (max-width: 1024px) 100vw, 1024px\" \/>\t\t\t\t\t\t\t\t\t\t\t<figcaption class=\"widget-image-caption wp-caption-text\">Foto: Guilherme Ferreira \/ Blumar Turismo<\/figcaption>\n\t\t\t\t\t\t\t\t\t\t<\/figure>\n\t\t\t\t\t\t\t\t\t<\/div>\n\t\t\t\t<\/div>\n\t\t\t\t<div class=\"elementor-element elementor-element-a44ed2f elementor-widget elementor-widget-text-editor\" data-id=\"a44ed2f\" data-element_type=\"widget\" data-widget_type=\"text-editor.default\">\n\t\t\t\t<div class=\"elementor-widget-container\">\n\t\t\t\t\t\t\t<p data-prosemirror-content-type=\"node\" data-prosemirror-node-name=\"paragraph\" data-prosemirror-node-block=\"true\" data-pm-slice=\"1 1 []\">\ud83d\udccd <strong>Localiza\u00e7\u00e3o<\/strong><em data-prosemirror-content-type=\"mark\" data-prosemirror-mark-name=\"em\">:<\/em> Praia da Ferradura<br data-prosemirror-content-type=\"node\" data-prosemirror-node-name=\"hardBreak\" data-prosemirror-node-inline=\"true\" \/>\ud83c\udf05 <strong>Vibe<\/strong><em data-prosemirror-content-type=\"mark\" data-prosemirror-mark-name=\"em\">:<\/em> Familiar e relaxante<\/p><p data-prosemirror-content-type=\"node\" data-prosemirror-node-name=\"paragraph\" data-prosemirror-node-block=\"true\">Um mirante que revela a curva perfeita da enseada de \u00e1guas calmas e protegidas. \u00d3timo para fotos panor\u00e2micas e para quem quer tranquilidade com vista privilegiada.<\/p>\t\t\t\t\t\t<\/div>\n\t\t\t\t<\/div>\n\t\t\t\t\t<\/div>\n\t\t\t\t<\/div>\n\t\t<div class=\"elementor-element elementor-element-f4380f4 e-flex e-con-boxed e-con e-parent\" data-id=\"f4380f4\" data-element_type=\"container\" data-settings=\"{&quot;content_width&quot;:&quot;boxed&quot;}\" data-core-v316-plus=\"true\">\n\t\t\t\t\t<div class=\"e-con-inner\">\n\t\t\t\t<div class=\"elementor-element elementor-element-914be4b elementor-widget elementor-widget-heading\" data-id=\"914be4b\" data-element_type=\"widget\" data-widget_type=\"heading.default\">\n\t\t\t\t<div class=\"elementor-widget-container\">\n\t\t\t<h2 class=\"elementor-heading-title elementor-size-large\">7. Mirante do Pai Vit\u00f3rio (B\u00fazios)<\/h2>\t\t<\/div>\n\t\t\t\t<\/div>\n\t\t\t\t<div class=\"elementor-element elementor-element-a864079 elementor-widget elementor-widget-image\" data-id=\"a864079\" data-element_type=\"widget\" data-widget_type=\"image.default\">\n\t\t\t\t<div class=\"elementor-widget-container\">\n\t\t\t\t\t\t\t\t\t\t\t\t<figure class=\"wp-caption\">\n\t\t\t\t\t\t\t\t\t\t<img loading=\"lazy\" decoding=\"async\" width=\"1024\" height=\"683\" src=\"https:\/\/www.blumarturismo.com.br\/blog\/wp-content\/uploads\/2025\/03\/IMG_2622-1024x683.jpg\" class=\"attachment-large size-large wp-image-68981\" alt=\"Foto: Guilherme Ferreira \/ Blumar Turismo\" srcset=\"https:\/\/www.blumarturismo.com.br\/blog\/wp-content\/uploads\/2025\/03\/IMG_2622-1024x683.jpg 1024w, https:\/\/www.blumarturismo.com.br\/blog\/wp-content\/uploads\/2025\/03\/IMG_2622-300x200.jpg 300w, https:\/\/www.blumarturismo.com.br\/blog\/wp-content\/uploads\/2025\/03\/IMG_2622-768x512.jpg 768w, https:\/\/www.blumarturismo.com.br\/blog\/wp-content\/uploads\/2025\/03\/IMG_2622-1536x1024.jpg 1536w, https:\/\/www.blumarturismo.com.br\/blog\/wp-content\/uploads\/2025\/03\/IMG_2622-2048x1365.jpg 2048w\" sizes=\"auto, (max-width: 1024px) 100vw, 1024px\" \/>\t\t\t\t\t\t\t\t\t\t\t<figcaption class=\"widget-image-caption wp-caption-text\">Foto: Guilherme Ferreira \/ Blumar Turismo<\/figcaption>\n\t\t\t\t\t\t\t\t\t\t<\/figure>\n\t\t\t\t\t\t\t\t\t<\/div>\n\t\t\t\t<\/div>\n\t\t\t\t<div class=\"elementor-element elementor-element-d80273c elementor-widget elementor-widget-text-editor\" data-id=\"d80273c\" data-element_type=\"widget\" data-widget_type=\"text-editor.default\">\n\t\t\t\t<div class=\"elementor-widget-container\">\n\t\t\t\t\t\t\t<p data-prosemirror-content-type=\"node\" data-prosemirror-node-name=\"paragraph\" data-prosemirror-node-block=\"true\" data-pm-slice=\"1 1 []\">\ud83d\udccd <strong>Localiza\u00e7\u00e3o<\/strong><em data-prosemirror-content-type=\"mark\" data-prosemirror-mark-name=\"em\">:<\/em> Praia Rasa<br data-prosemirror-content-type=\"node\" data-prosemirror-node-name=\"hardBreak\" data-prosemirror-node-inline=\"true\" \/>\ud83c\udfde\ufe0f <strong>Vibe<\/strong><em data-prosemirror-content-type=\"mark\" data-prosemirror-mark-name=\"em\">:<\/em> Hist\u00f3rico, selvagem e espiritual<\/p><p data-prosemirror-content-type=\"node\" data-prosemirror-node-name=\"paragraph\" data-prosemirror-node-block=\"true\">Acesso por trilha leve, com paisagens incr\u00edveis do alto da fal\u00e9sia. Do mirante \u00e9 poss\u00edvel avistar a costa de B\u00fazios, parte de Cabo Frio e a Lagoa de Araruama. Carrega o nome de um antigo l\u00edder quilombola local e \u00e9 envolto por uma atmosfera de ancestralidade e contempla\u00e7\u00e3o.<\/p>\t\t\t\t\t\t<\/div>\n\t\t\t\t<\/div>\n\t\t\t\t\t<\/div>\n\t\t\t\t<\/div>\n\t\t<div class=\"elementor-element elementor-element-9a40b1d e-flex e-con-boxed e-con e-parent\" data-id=\"9a40b1d\" data-element_type=\"container\" data-settings=\"{&quot;content_width&quot;:&quot;boxed&quot;}\" data-core-v316-plus=\"true\">\n\t\t\t\t\t<div class=\"e-con-inner\">\n\t\t\t\t<div class=\"elementor-element elementor-element-af17c50 elementor-widget elementor-widget-heading\" data-id=\"af17c50\" data-element_type=\"widget\" data-widget_type=\"heading.default\">\n\t\t\t\t<div class=\"elementor-widget-container\">\n\t\t\t<h2 class=\"elementor-heading-title elementor-size-large\">8. Mirante do Pontal do Atalaia (em Arraial do Cabo \u2013 bate-volta popular)<\/h2>\t\t<\/div>\n\t\t\t\t<\/div>\n\t\t\t\t<div class=\"elementor-element elementor-element-6512c8a elementor-widget elementor-widget-image\" data-id=\"6512c8a\" data-element_type=\"widget\" data-widget_type=\"image.default\">\n\t\t\t\t<div class=\"elementor-widget-container\">\n\t\t\t\t\t\t\t\t\t\t\t\t<figure class=\"wp-caption\">\n\t\t\t\t\t\t\t\t\t\t<img loading=\"lazy\" decoding=\"async\" width=\"1000\" height=\"668\" src=\"https:\/\/www.blumarturismo.com.br\/blog\/wp-content\/uploads\/2025\/03\/Scarlette-Rojas-Shuttersotck.jpg\" class=\"attachment-large size-large wp-image-68982\" alt=\"Foto: Scarlette Rojas \/ Shutterstock.com\" srcset=\"https:\/\/www.blumarturismo.com.br\/blog\/wp-content\/uploads\/2025\/03\/Scarlette-Rojas-Shuttersotck.jpg 1000w, https:\/\/www.blumarturismo.com.br\/blog\/wp-content\/uploads\/2025\/03\/Scarlette-Rojas-Shuttersotck-300x200.jpg 300w, https:\/\/www.blumarturismo.com.br\/blog\/wp-content\/uploads\/2025\/03\/Scarlette-Rojas-Shuttersotck-768x513.jpg 768w\" sizes=\"auto, (max-width: 1000px) 100vw, 1000px\" \/>\t\t\t\t\t\t\t\t\t\t\t<figcaption class=\"widget-image-caption wp-caption-text\">Foto: Scarlette Rojas \/ Shutterstock.com<\/figcaption>\n\t\t\t\t\t\t\t\t\t\t<\/figure>\n\t\t\t\t\t\t\t\t\t<\/div>\n\t\t\t\t<\/div>\n\t\t\t\t<div class=\"elementor-element elementor-element-e1eb345 elementor-widget elementor-widget-text-editor\" data-id=\"e1eb345\" data-element_type=\"widget\" data-widget_type=\"text-editor.default\">\n\t\t\t\t<div class=\"elementor-widget-container\">\n\t\t\t\t\t\t\t<p data-prosemirror-content-type=\"node\" data-prosemirror-node-name=\"paragraph\" data-prosemirror-node-block=\"true\" data-pm-slice=\"1 1 []\">\ud83d\udccd <strong>Localiza\u00e7\u00e3o<\/strong><em data-prosemirror-content-type=\"mark\" data-prosemirror-mark-name=\"em\">:<\/em> Arraial do Cabo<br data-prosemirror-content-type=\"node\" data-prosemirror-node-name=\"hardBreak\" data-prosemirror-node-inline=\"true\" \/>\ud83c\udf05 <strong>Vibe<\/strong><em data-prosemirror-content-type=\"mark\" data-prosemirror-mark-name=\"em\">:<\/em> Cart\u00e3o-postal e impactante<\/p><p data-prosemirror-content-type=\"node\" data-prosemirror-node-name=\"paragraph\" data-prosemirror-node-block=\"true\">Famoso pelas escadarias que levam \u00e0 Praia do Farol, esse mirante \u00e9 um espet\u00e1culo \u00e0 parte. Em dias claros, o contraste entre o azul do mar e o branco da areia cria uma das paisagens mais lindas do Brasil.<\/p>\t\t\t\t\t\t<\/div>\n\t\t\t\t<\/div>\n\t\t\t\t\t<\/div>\n\t\t\t\t<\/div>\n\t\t<div class=\"elementor-element elementor-element-2ccad52 e-flex e-con-boxed e-con e-parent\" data-id=\"2ccad52\" data-element_type=\"container\" data-settings=\"{&quot;content_width&quot;:&quot;boxed&quot;}\" data-core-v316-plus=\"true\">\n\t\t\t\t\t<div class=\"e-con-inner\">\n\t\t\t\t<div class=\"elementor-element elementor-element-25fad79 elementor-widget elementor-widget-text-editor\" data-id=\"25fad79\" data-element_type=\"widget\" data-widget_type=\"text-editor.default\">\n\t\t\t\t<div class=\"elementor-widget-container\">\n\t\t\t\t\t\t\t<p data-prosemirror-content-type=\"node\" data-prosemirror-node-name=\"paragraph\" data-prosemirror-node-block=\"true\" data-pm-slice=\"1 1 []\">Com tantos <strong data-prosemirror-content-type=\"mark\" data-prosemirror-mark-name=\"strong\">mirantes incr\u00edveis em B\u00fazios<\/strong>, seu roteiro pode ir al\u00e9m das praias e mergulhos. S\u00e3o cen\u00e1rios perfeitos para fotos, contempla\u00e7\u00e3o, conex\u00e3o com a natureza e at\u00e9 experi\u00eancias espirituais. O <strong data-prosemirror-content-type=\"mark\" data-prosemirror-mark-name=\"strong\">Mirante do Pai Vit\u00f3rio<\/strong>, em especial, une paisagem, hist\u00f3ria e alma \u2014 e merece um espa\u00e7o especial no seu roteiro.<\/p>\t\t\t\t\t\t<\/div>\n\t\t\t\t<\/div>\n\t\t\t\t\t<\/div>\n\t\t\t\t<\/div>\n\t\t<div class=\"elementor-element elementor-element-f24236c e-flex e-con-boxed e-con e-parent\" data-id=\"f24236c\" data-element_type=\"container\" data-settings=\"{&quot;content_width&quot;:&quot;boxed&quot;}\" data-core-v316-plus=\"true\">\n\t\t\t\t\t<div class=\"e-con-inner\">\n\t\t\t\t<div class=\"elementor-element elementor-element-0323fc0 elementor-widget elementor-widget-heading\" data-id=\"0323fc0\" data-element_type=\"widget\" data-widget_type=\"heading.default\">\n\t\t\t\t<div class=\"elementor-widget-container\">\n\t\t\t<h2 class=\"elementor-heading-title elementor-size-large\">3 Motivos para Fazer o Passeio dos Mirantes em B\u00fazios \ud83c\udf05\u2728<\/h2>\t\t<\/div>\n\t\t\t\t<\/div>\n\t\t\t\t<div class=\"elementor-element elementor-element-9b57ae0 elementor-widget elementor-widget-image\" data-id=\"9b57ae0\" data-element_type=\"widget\" data-widget_type=\"image.default\">\n\t\t\t\t<div class=\"elementor-widget-container\">\n\t\t\t\t\t\t\t\t\t\t\t\t<figure class=\"wp-caption\">\n\t\t\t\t\t\t\t\t\t\t<img loading=\"lazy\" decoding=\"async\" width=\"1024\" height=\"683\" src=\"https:\/\/www.blumarturismo.com.br\/blog\/wp-content\/uploads\/2025\/03\/IMG_2260-1024x683.jpg\" class=\"attachment-large size-large wp-image-68983\" alt=\"Foto: Guilherme Ferreira \/ Blumar Turismo\" srcset=\"https:\/\/www.blumarturismo.com.br\/blog\/wp-content\/uploads\/2025\/03\/IMG_2260-1024x683.jpg 1024w, https:\/\/www.blumarturismo.com.br\/blog\/wp-content\/uploads\/2025\/03\/IMG_2260-300x200.jpg 300w, https:\/\/www.blumarturismo.com.br\/blog\/wp-content\/uploads\/2025\/03\/IMG_2260-768x512.jpg 768w, https:\/\/www.blumarturismo.com.br\/blog\/wp-content\/uploads\/2025\/03\/IMG_2260-1536x1024.jpg 1536w, https:\/\/www.blumarturismo.com.br\/blog\/wp-content\/uploads\/2025\/03\/IMG_2260-2048x1365.jpg 2048w\" sizes=\"auto, (max-width: 1024px) 100vw, 1024px\" \/>\t\t\t\t\t\t\t\t\t\t\t<figcaption class=\"widget-image-caption wp-caption-text\">Foto: Guilherme Ferreira \/ Blumar Turismo<\/figcaption>\n\t\t\t\t\t\t\t\t\t\t<\/figure>\n\t\t\t\t\t\t\t\t\t<\/div>\n\t\t\t\t<\/div>\n\t\t\t\t\t<\/div>\n\t\t\t\t<\/div>\n\t\t<div class=\"elementor-element elementor-element-c5f25bd e-flex e-con-boxed e-con e-parent\" data-id=\"c5f25bd\" data-element_type=\"container\" data-settings=\"{&quot;content_width&quot;:&quot;boxed&quot;}\" data-core-v316-plus=\"true\">\n\t\t\t\t\t<div class=\"e-con-inner\">\n\t\t\t\t<div class=\"elementor-element elementor-element-a0a0d19 elementor-widget elementor-widget-heading\" data-id=\"a0a0d19\" data-element_type=\"widget\" data-widget_type=\"heading.default\">\n\t\t\t\t<div class=\"elementor-widget-container\">\n\t\t\t<h3 class=\"elementor-heading-title elementor-size-medium\">1. As Melhores Vistas da Cidade Est\u00e3o no Alto<\/h3>\t\t<\/div>\n\t\t\t\t<\/div>\n\t\t\t\t<div class=\"elementor-element elementor-element-45ad704 elementor-widget elementor-widget-text-editor\" data-id=\"45ad704\" data-element_type=\"widget\" data-widget_type=\"text-editor.default\">\n\t\t\t\t<div class=\"elementor-widget-container\">\n\t\t\t\t\t\t\t<p data-prosemirror-content-type=\"node\" data-prosemirror-node-name=\"paragraph\" data-prosemirror-node-block=\"true\" data-pm-slice=\"1 2 []\">Nada como ver B\u00fazios de cima! Os mirantes revelam uma perspectiva \u00fanica da pen\u00ednsula, com \u00e2ngulos perfeitos para fotos incr\u00edveis e momentos de contempla\u00e7\u00e3o.<br data-prosemirror-content-type=\"node\" data-prosemirror-node-name=\"hardBreak\" data-prosemirror-node-inline=\"true\" \/>De l\u00e1 do alto, voc\u00ea enxerga as curvas das praias, as ilhas ao fundo e o mar em tons de azul que mudam com a luz do dia.<\/p><blockquote data-prosemirror-content-type=\"node\" data-prosemirror-node-name=\"blockquote\" data-prosemirror-node-block=\"true\"><p data-prosemirror-content-type=\"node\" data-prosemirror-node-name=\"paragraph\" data-prosemirror-node-block=\"true\"><strong data-prosemirror-content-type=\"mark\" data-prosemirror-mark-name=\"strong\">Spoiler:<\/strong> Assistir ao p\u00f4r do sol no Mirante da Azeda ou no Deck de Jo\u00e3o Fernandes vai te deixar sem palavras!<\/p><\/blockquote>\t\t\t\t\t\t<\/div>\n\t\t\t\t<\/div>\n\t\t\t\t\t<\/div>\n\t\t\t\t<\/div>\n\t\t<div class=\"elementor-element elementor-element-32f7b6b e-flex e-con-boxed e-con e-parent\" data-id=\"32f7b6b\" data-element_type=\"container\" data-settings=\"{&quot;content_width&quot;:&quot;boxed&quot;}\" data-core-v316-plus=\"true\">\n\t\t\t\t\t<div class=\"e-con-inner\">\n\t\t\t\t<div class=\"elementor-element elementor-element-ebc68e5 elementor-widget elementor-widget-heading\" data-id=\"ebc68e5\" data-element_type=\"widget\" data-widget_type=\"heading.default\">\n\t\t\t\t<div class=\"elementor-widget-container\">\n\t\t\t<h3 class=\"elementor-heading-title elementor-size-medium\">2. Conex\u00e3o com a Natureza e Momentos de Paz<\/h3>\t\t<\/div>\n\t\t\t\t<\/div>\n\t\t\t\t<div class=\"elementor-element elementor-element-b7069cd elementor-widget elementor-widget-text-editor\" data-id=\"b7069cd\" data-element_type=\"widget\" data-widget_type=\"text-editor.default\">\n\t\t\t\t<div class=\"elementor-widget-container\">\n\t\t\t\t\t\t\t<p data-prosemirror-content-type=\"node\" data-prosemirror-node-name=\"paragraph\" data-prosemirror-node-block=\"true\" data-pm-slice=\"1 2 []\">Em meio ao agito das praias e da Rua das Pedras, os mirantes oferecem uma pausa \u2014 aquele respiro profundo que recarrega corpo e mente.<br data-prosemirror-content-type=\"node\" data-prosemirror-node-name=\"hardBreak\" data-prosemirror-node-inline=\"true\" \/>\u00c9 o momento perfeito para contemplar, refletir, agradecer ou apenas ficar em sil\u00eancio com uma vista de tirar o f\u00f4lego.<\/p><blockquote data-prosemirror-content-type=\"node\" data-prosemirror-node-name=\"blockquote\" data-prosemirror-node-block=\"true\"><p data-prosemirror-content-type=\"node\" data-prosemirror-node-name=\"paragraph\" data-prosemirror-node-block=\"true\">Mirantes como o <strong data-prosemirror-content-type=\"mark\" data-prosemirror-mark-name=\"strong\">Pai Vit\u00f3rio<\/strong> e a <strong data-prosemirror-content-type=\"mark\" data-prosemirror-mark-name=\"strong\">Ponta da Lagoinha<\/strong> s\u00e3o verdadeiros templos naturais, com energia \u00fanica.<\/p><\/blockquote>\t\t\t\t\t\t<\/div>\n\t\t\t\t<\/div>\n\t\t\t\t\t<\/div>\n\t\t\t\t<\/div>\n\t\t<div class=\"elementor-element elementor-element-08ee707 e-flex e-con-boxed e-con e-parent\" data-id=\"08ee707\" data-element_type=\"container\" data-settings=\"{&quot;content_width&quot;:&quot;boxed&quot;}\" data-core-v316-plus=\"true\">\n\t\t\t\t\t<div class=\"e-con-inner\">\n\t\t\t\t<div class=\"elementor-element elementor-element-0c3e4ee elementor-widget elementor-widget-heading\" data-id=\"0c3e4ee\" data-element_type=\"widget\" data-widget_type=\"heading.default\">\n\t\t\t\t<div class=\"elementor-widget-container\">\n\t\t\t<h3 class=\"elementor-heading-title elementor-size-medium\">3. Experi\u00eancia Aut\u00eantica e Fora do \u00d3bvio<\/h3>\t\t<\/div>\n\t\t\t\t<\/div>\n\t\t\t\t<div class=\"elementor-element elementor-element-9aa9133 elementor-widget elementor-widget-text-editor\" data-id=\"9aa9133\" data-element_type=\"widget\" data-widget_type=\"text-editor.default\">\n\t\t\t\t<div class=\"elementor-widget-container\">\n\t\t\t\t\t\t\t<p data-prosemirror-content-type=\"node\" data-prosemirror-node-name=\"paragraph\" data-prosemirror-node-block=\"true\" data-pm-slice=\"1 2 []\">Muitos visitantes ficam s\u00f3 nas praias mais famosas, mas quem explora os mirantes vive um lado mais <strong data-prosemirror-content-type=\"mark\" data-prosemirror-mark-name=\"strong\">exclusivo e surpreendente de B\u00fazios<\/strong>.<br data-prosemirror-content-type=\"node\" data-prosemirror-node-name=\"hardBreak\" data-prosemirror-node-inline=\"true\" \/>\u00c9 uma experi\u00eancia que mistura paisagens, hist\u00f3ria, cultura local e aquela sensa\u00e7\u00e3o de &#8220;descobri um lugar s\u00f3 meu&#8221;.<\/p><blockquote data-prosemirror-content-type=\"node\" data-prosemirror-node-name=\"blockquote\" data-prosemirror-node-block=\"true\"><p data-prosemirror-content-type=\"node\" data-prosemirror-node-name=\"paragraph\" data-prosemirror-node-block=\"true\">Com um bom guia ou roteiro, \u00e9 poss\u00edvel visitar v\u00e1rios mirantes em um \u00fanico dia e transformar sua viagem em algo realmente memor\u00e1vel.<\/p><\/blockquote>\t\t\t\t\t\t<\/div>\n\t\t\t\t<\/div>\n\t\t\t\t\t<\/div>\n\t\t\t\t<\/div>\n\t\t<div class=\"elementor-element elementor-element-35a637d e-flex e-con-boxed e-con e-parent\" data-id=\"35a637d\" data-element_type=\"container\" data-settings=\"{&quot;content_width&quot;:&quot;boxed&quot;}\" data-core-v316-plus=\"true\">\n\t\t\t\t\t<div class=\"e-con-inner\">\n\t\t\t\t<div class=\"elementor-element elementor-element-bb24e7c elementor-widget elementor-widget-heading\" data-id=\"bb24e7c\" data-element_type=\"widget\" data-widget_type=\"heading.default\">\n\t\t\t\t<div class=\"elementor-widget-container\">\n\t\t\t<h3 class=\"elementor-heading-title elementor-size-medium\">B\u00f4nus:<\/h3>\t\t<\/div>\n\t\t\t\t<\/div>\n\t\t\t\t<div class=\"elementor-element elementor-element-9ac16c2 elementor-widget elementor-widget-text-editor\" data-id=\"9ac16c2\" data-element_type=\"widget\" data-widget_type=\"text-editor.default\">\n\t\t\t\t<div class=\"elementor-widget-container\">\n\t\t\t\t\t\t\t<p data-prosemirror-content-type=\"node\" data-prosemirror-node-name=\"paragraph\" data-prosemirror-node-block=\"true\" data-pm-slice=\"1 1 []\">\ud83d\udcf8 \u00c9 o para\u00edso dos criadores de conte\u00fado! Se voc\u00ea ama tirar fotos, fazer v\u00eddeos, reels ou apenas registrar sua viagem com estilo, o passeio pelos mirantes vai te render as <strong data-prosemirror-content-type=\"mark\" data-prosemirror-mark-name=\"strong\">imagens mais lindas da viagem<\/strong>.<\/p>\t\t\t\t\t\t<\/div>\n\t\t\t\t<\/div>\n\t\t\t\t\t<\/div>\n\t\t\t\t<\/div>\n\t\t<div class=\"elementor-element elementor-element-dcd46df e-flex e-con-boxed e-con e-child\" data-id=\"dcd46df\" data-element_type=\"container\" data-settings=\"{&quot;content_width&quot;:&quot;boxed&quot;}\">\n\t\t\t\t\t<div class=\"e-con-inner\">\n\t\t\t\t<div class=\"elementor-element elementor-element-cb00cb5 elementor-widget elementor-widget-heading\" data-id=\"cb00cb5\" data-element_type=\"widget\" data-widget_type=\"heading.default\">\n\t\t\t\t<div class=\"elementor-widget-container\">\n\t\t\t<h2 class=\"elementor-heading-title elementor-size-large\">Depoimentos de Quem Viveu a Experi\u00eancia<\/h2>\t\t<\/div>\n\t\t\t\t<\/div>\n\t\t\t\t<div class=\"elementor-element elementor-element-4b4a6eb elementor-widget elementor-widget-text-editor\" data-id=\"4b4a6eb\" data-element_type=\"widget\" data-widget_type=\"text-editor.default\">\n\t\t\t\t<div class=\"elementor-widget-container\">\n\t\t\t\t\t\t\t<p style=\"text-align: center;\"><strong>Blumar Turismo: Certificada pelo Reclame Aqui<\/strong><\/p>\t\t\t\t\t\t<\/div>\n\t\t\t\t<\/div>\n\t\t\t\t<div class=\"elementor-element elementor-element-a2653e4 elementor-widget elementor-widget-html\" data-id=\"a2653e4\" data-element_type=\"widget\" data-widget_type=\"html.default\">\n\t\t\t\t<div class=\"elementor-widget-container\">\n\t\t\t<center><div id=\"ra-verified-seal\"><script type=\"text\/javascript\" id=\"ra-embed-verified-seal\" src=\"https:\/\/s3.amazonaws.com\/raichu-beta\/ra-verified\/bundle.js\" data-id=\"MzI4Nzc6Ymx1bWFy\" data-target=\"ra-verified-seal\" data-model=\"2\"><\/script><\/div><\/center>\t\t<\/div>\n\t\t\t\t<\/div>\n\t\t\t\t<div class=\"elementor-element elementor-element-57036fa elementor-widget elementor-widget-text-editor\" data-id=\"57036fa\" data-element_type=\"widget\" data-widget_type=\"text-editor.default\">\n\t\t\t\t<div class=\"elementor-widget-container\">\n\t\t\t\t\t\t\t<p><span style=\"color: var( --e-global-color-text ); text-align: var(--text-align);\">Na <strong>Blumar Turismo<\/strong>, nos orgulhamos de oferecer um servi\u00e7o de excel\u00eancia. Somos certificados pelo Reclame Aqui e n\u00e3o recebemos nenhuma reclama\u00e7\u00e3o nos \u00faltimos 12 meses.<\/span><\/p><p>Nosso compromisso \u00e9 com a total satisfa\u00e7\u00e3o do cliente. Garantimos experi\u00eancias de viagem \u00fanicas e memor\u00e1veis, cuidando de cada detalhe, desde a escolha dos melhores destinos e hot\u00e9is at\u00e9 a personaliza\u00e7\u00e3o de roteiros. Nossa equipe est\u00e1 dedicada a atender todas as suas necessidades com m\u00e1xima aten\u00e7\u00e3o e profissionalismo.<\/p>\t\t\t\t\t\t<\/div>\n\t\t\t\t<\/div>\n\t\t\t\t<div class=\"elementor-element elementor-element-8882495 elementor-widget elementor-widget-html\" data-id=\"8882495\" data-element_type=\"widget\" data-widget_type=\"html.default\">\n\t\t\t\t<div class=\"elementor-widget-container\">\n\t\t\t<script defer async src='https:\/\/cdn.trustindex.io\/loader.js?dc6229528d81446bbc4644b5063'><\/script>\t\t<\/div>\n\t\t\t\t<\/div>\n\t\t\t\t\t<\/div>\n\t\t\t\t<\/div>\n\t\t<div class=\"elementor-element elementor-element-f856599 e-flex e-con-boxed e-con e-parent\" data-id=\"f856599\" data-element_type=\"container\" data-settings=\"{&quot;content_width&quot;:&quot;boxed&quot;}\" data-core-v316-plus=\"true\">\n\t\t\t\t\t<div class=\"e-con-inner\">\n\t\t\t\t<div class=\"elementor-element elementor-element-7e5425e elementor-widget elementor-widget-heading\" data-id=\"7e5425e\" data-element_type=\"widget\" data-widget_type=\"heading.default\">\n\t\t\t\t<div class=\"elementor-widget-container\">\n\t\t\t<h2 class=\"elementor-heading-title elementor-size-medium\">Posts que voc\u00ea tamb\u00e9m pode se interessar:<\/h2>\t\t<\/div>\n\t\t\t\t<\/div>\n\t\t\t\t<div class=\"elementor-element elementor-element-edb383c elementor-widget elementor-widget-text-editor\" data-id=\"edb383c\" data-element_type=\"widget\" data-widget_type=\"text-editor.default\">\n\t\t\t\t<div class=\"elementor-widget-container\">\n\t\t\t\t\t\t\t<ul><li><a href=\"https:\/\/www.blumarturismo.com.br\/blog\/orla-bardot-e-rua-das-pedras-em-buzios-charme-historia-e-vida-noturna-a-beira-mar\/\">Orla Bardot e Rua das Pedras em B\u00fazios: charme, hist\u00f3ria e vida noturna \u00e0 beira-mar<\/a><\/li><li><a href=\"https:\/\/www.blumarturismo.com.br\/blog\/serra-das-emerencias-buzios-a-trilha-com-a-vista-mais-incrivel-da-regiao-dos-lagos\/\">Serra das Emer\u00eancias, B\u00fazios: A Trilha com a Vista Mais Incr\u00edvel da Regi\u00e3o dos Lagos<\/a><\/li><li><a href=\"https:\/\/www.blumarturismo.com.br\/blog\/5-motivos-para-escolher-buzios-como-proximo-destino-para-suas-ferias\/\">5 Motivos para Escolher B\u00fazios como Pr\u00f3ximo Destino para suas F\u00e9rias<\/a><\/li><li><a href=\"https:\/\/www.blumarturismo.com.br\/blog\/qual-a-melhor-epoca-para-ir-a-buzios-2\/\">Qual a melhor \u00e9poca para ir a B\u00fazios?<\/a><\/li><li><a href=\"https:\/\/www.blumarturismo.com.br\/blog\/descubra-o-melhor-receptivo-no-rio-de-janeiro-com-a-blumar-turismo\/\">Descubra o Melhor Receptivo no Rio de Janeiro com a Blumar Turismo<\/a><\/li><\/ul>\t\t\t\t\t\t<\/div>\n\t\t\t\t<\/div>\n\t\t\t\t\t<\/div>\n\t\t\t\t<\/div>\n\t\t<div class=\"elementor-element elementor-element-ce82344 e-flex e-con-boxed e-con e-parent\" data-id=\"ce82344\" data-element_type=\"container\" data-settings=\"{&quot;content_width&quot;:&quot;boxed&quot;}\" data-core-v316-plus=\"true\">\n\t\t\t\t\t<div class=\"e-con-inner\">\n\t\t\t\t<div class=\"elementor-element elementor-element-ca937ad elementor-widget elementor-widget-heading\" data-id=\"ca937ad\" data-element_type=\"widget\" data-widget_type=\"heading.default\">\n\t\t\t\t<div class=\"elementor-widget-container\">\n\t\t\t<h2 class=\"elementor-heading-title elementor-size-large\">FAQ: Mirantes de B\u00fazios - Guia Completo para Vistas Deslumbrantes\n<\/h2>\t\t<\/div>\n\t\t\t\t<\/div>\n\t\t\t\t<div class=\"elementor-element elementor-element-5e4da4b elementor-widget elementor-widget-image\" data-id=\"5e4da4b\" data-element_type=\"widget\" data-widget_type=\"image.default\">\n\t\t\t\t<div class=\"elementor-widget-container\">\n\t\t\t\t\t\t\t\t\t\t\t\t<figure class=\"wp-caption\">\n\t\t\t\t\t\t\t\t\t\t<img loading=\"lazy\" decoding=\"async\" width=\"1024\" height=\"683\" src=\"https:\/\/www.blumarturismo.com.br\/blog\/wp-content\/uploads\/2025\/03\/IMG_2125-1024x683.jpg\" class=\"attachment-large size-large wp-image-68984\" alt=\"Foto: Guilherme Ferreira \/ Blumar Turismo\" srcset=\"https:\/\/www.blumarturismo.com.br\/blog\/wp-content\/uploads\/2025\/03\/IMG_2125-1024x683.jpg 1024w, https:\/\/www.blumarturismo.com.br\/blog\/wp-content\/uploads\/2025\/03\/IMG_2125-300x200.jpg 300w, https:\/\/www.blumarturismo.com.br\/blog\/wp-content\/uploads\/2025\/03\/IMG_2125-768x512.jpg 768w, https:\/\/www.blumarturismo.com.br\/blog\/wp-content\/uploads\/2025\/03\/IMG_2125-1536x1024.jpg 1536w, https:\/\/www.blumarturismo.com.br\/blog\/wp-content\/uploads\/2025\/03\/IMG_2125-2048x1365.jpg 2048w\" sizes=\"auto, (max-width: 1024px) 100vw, 1024px\" \/>\t\t\t\t\t\t\t\t\t\t\t<figcaption class=\"widget-image-caption wp-caption-text\">Foto: Guilherme Ferreira \/ Blumar Turismo<\/figcaption>\n\t\t\t\t\t\t\t\t\t\t<\/figure>\n\t\t\t\t\t\t\t\t\t<\/div>\n\t\t\t\t<\/div>\n\t\t\t\t<div class=\"elementor-element elementor-element-d18a037 elementor-widget elementor-widget-toggle\" data-id=\"d18a037\" data-element_type=\"widget\" data-widget_type=\"toggle.default\">\n\t\t\t\t<div class=\"elementor-widget-container\">\n\t\t\t<style>\/*! elementor - v3.16.0 - 13-09-2023 *\/\n.elementor-toggle{text-align:left}.elementor-toggle .elementor-tab-title{font-weight:700;line-height:1;margin:0;padding:15px;border-bottom:1px solid #d5d8dc;cursor:pointer;outline:none}.elementor-toggle .elementor-tab-title .elementor-toggle-icon{display:inline-block;width:1em}.elementor-toggle .elementor-tab-title .elementor-toggle-icon svg{margin-inline-start:-5px;width:1em;height:1em}.elementor-toggle .elementor-tab-title .elementor-toggle-icon.elementor-toggle-icon-right{float:right;text-align:right}.elementor-toggle .elementor-tab-title .elementor-toggle-icon.elementor-toggle-icon-left{float:left;text-align:left}.elementor-toggle .elementor-tab-title .elementor-toggle-icon .elementor-toggle-icon-closed{display:block}.elementor-toggle .elementor-tab-title .elementor-toggle-icon .elementor-toggle-icon-opened{display:none}.elementor-toggle .elementor-tab-title.elementor-active{border-bottom:none}.elementor-toggle .elementor-tab-title.elementor-active .elementor-toggle-icon-closed{display:none}.elementor-toggle .elementor-tab-title.elementor-active .elementor-toggle-icon-opened{display:block}.elementor-toggle .elementor-tab-content{padding:15px;border-bottom:1px solid #d5d8dc;display:none}@media (max-width:767px){.elementor-toggle .elementor-tab-title{padding:12px}.elementor-toggle .elementor-tab-content{padding:12px 10px}}.e-con-inner>.elementor-widget-toggle,.e-con>.elementor-widget-toggle{width:var(--container-widget-width);--flex-grow:var(--container-widget-flex-grow)}<\/style>\t\t<div class=\"elementor-toggle\">\n\t\t\t\t\t\t\t<div class=\"elementor-toggle-item\">\n\t\t\t\t\t<div id=\"elementor-tab-title-2191\" class=\"elementor-tab-title\" data-tab=\"1\" role=\"button\" aria-controls=\"elementor-tab-content-2191\" aria-expanded=\"false\">\n\t\t\t\t\t\t\t\t\t\t\t\t<span class=\"elementor-toggle-icon elementor-toggle-icon-left\" aria-hidden=\"true\">\n\t\t\t\t\t\t\t\t\t\t\t\t\t\t\t<span class=\"elementor-toggle-icon-closed\"><svg class=\"e-font-icon-svg e-fas-caret-right\" viewBox=\"0 0 192 512\" xmlns=\"http:\/\/www.w3.org\/2000\/svg\"><path d=\"M0 384.662V127.338c0-17.818 21.543-26.741 34.142-14.142l128.662 128.662c7.81 7.81 7.81 20.474 0 28.284L34.142 398.804C21.543 411.404 0 402.48 0 384.662z\"><\/path><\/svg><\/span>\n\t\t\t\t\t\t\t\t<span class=\"elementor-toggle-icon-opened\"><svg class=\"elementor-toggle-icon-opened e-font-icon-svg e-fas-caret-up\" viewBox=\"0 0 320 512\" xmlns=\"http:\/\/www.w3.org\/2000\/svg\"><path d=\"M288.662 352H31.338c-17.818 0-26.741-21.543-14.142-34.142l128.662-128.662c7.81-7.81 20.474-7.81 28.284 0l128.662 128.662c12.6 12.599 3.676 34.142-14.142 34.142z\"><\/path><\/svg><\/span>\n\t\t\t\t\t\t\t\t\t\t\t\t\t<\/span>\n\t\t\t\t\t\t\t\t\t\t\t\t<a class=\"elementor-toggle-title\" tabindex=\"0\">Quais s\u00e3o os melhores mirantes de B\u00fazios?<\/a>\n\t\t\t\t\t<\/div>\n\n\t\t\t\t\t<div id=\"elementor-tab-content-2191\" class=\"elementor-tab-content elementor-clearfix\" data-tab=\"1\" role=\"region\" aria-labelledby=\"elementor-tab-title-2191\"><p>Os melhores mirantes de B\u00fazios incluem:<\/p><ul><li>Mirante da Azeda<\/li><li>Mirante Deck de Jo\u00e3o Fernandes<\/li><li>Mirante das Ilhas<\/li><li>Mirante do Forno<\/li><li>Ponta da Lagoinha<\/li><li>Mirante da Praia da Ferradura<\/li><li>Mirante do Pai Vit\u00f3rio<\/li><li>Mirante do Pontal do Atalaia (em Arraial do Cabo)<\/li><\/ul><p>Cada um desses mirantes oferece uma experi\u00eancia \u00fanica e vistas espetaculares da regi\u00e3o.<\/p><\/div>\n\t\t\t\t<\/div>\n\t\t\t\t\t\t\t<div class=\"elementor-toggle-item\">\n\t\t\t\t\t<div id=\"elementor-tab-title-2192\" class=\"elementor-tab-title\" data-tab=\"2\" role=\"button\" aria-controls=\"elementor-tab-content-2192\" aria-expanded=\"false\">\n\t\t\t\t\t\t\t\t\t\t\t\t<span class=\"elementor-toggle-icon elementor-toggle-icon-left\" aria-hidden=\"true\">\n\t\t\t\t\t\t\t\t\t\t\t\t\t\t\t<span class=\"elementor-toggle-icon-closed\"><svg class=\"e-font-icon-svg e-fas-caret-right\" viewBox=\"0 0 192 512\" xmlns=\"http:\/\/www.w3.org\/2000\/svg\"><path d=\"M0 384.662V127.338c0-17.818 21.543-26.741 34.142-14.142l128.662 128.662c7.81 7.81 7.81 20.474 0 28.284L34.142 398.804C21.543 411.404 0 402.48 0 384.662z\"><\/path><\/svg><\/span>\n\t\t\t\t\t\t\t\t<span class=\"elementor-toggle-icon-opened\"><svg class=\"elementor-toggle-icon-opened e-font-icon-svg e-fas-caret-up\" viewBox=\"0 0 320 512\" xmlns=\"http:\/\/www.w3.org\/2000\/svg\"><path d=\"M288.662 352H31.338c-17.818 0-26.741-21.543-14.142-34.142l128.662-128.662c7.81-7.81 20.474-7.81 28.284 0l128.662 128.662c12.6 12.599 3.676 34.142-14.142 34.142z\"><\/path><\/svg><\/span>\n\t\t\t\t\t\t\t\t\t\t\t\t\t<\/span>\n\t\t\t\t\t\t\t\t\t\t\t\t<a class=\"elementor-toggle-title\" tabindex=\"0\">Qual \u00e9 o mirante mais famoso de B\u00fazios?<\/a>\n\t\t\t\t\t<\/div>\n\n\t\t\t\t\t<div id=\"elementor-tab-content-2192\" class=\"elementor-tab-content elementor-clearfix\" data-tab=\"2\" role=\"region\" aria-labelledby=\"elementor-tab-title-2192\"><p>O Mirante da Azeda \u00e9 considerado um dos mais ic\u00f4nicos de B\u00fazios. Localizado entre a Praia dos Ossos e a Praia da Azeda, oferece uma vista espetacular para a Praia da Azeda e Azedinha. \u00c9 muito popular entre turistas e fot\u00f3grafos.<\/p><\/div>\n\t\t\t\t<\/div>\n\t\t\t\t\t\t\t<div class=\"elementor-toggle-item\">\n\t\t\t\t\t<div id=\"elementor-tab-title-2193\" class=\"elementor-tab-title\" data-tab=\"3\" role=\"button\" aria-controls=\"elementor-tab-content-2193\" aria-expanded=\"false\">\n\t\t\t\t\t\t\t\t\t\t\t\t<span class=\"elementor-toggle-icon elementor-toggle-icon-left\" aria-hidden=\"true\">\n\t\t\t\t\t\t\t\t\t\t\t\t\t\t\t<span class=\"elementor-toggle-icon-closed\"><svg class=\"e-font-icon-svg e-fas-caret-right\" viewBox=\"0 0 192 512\" xmlns=\"http:\/\/www.w3.org\/2000\/svg\"><path d=\"M0 384.662V127.338c0-17.818 21.543-26.741 34.142-14.142l128.662 128.662c7.81 7.81 7.81 20.474 0 28.284L34.142 398.804C21.543 411.404 0 402.48 0 384.662z\"><\/path><\/svg><\/span>\n\t\t\t\t\t\t\t\t<span class=\"elementor-toggle-icon-opened\"><svg class=\"elementor-toggle-icon-opened e-font-icon-svg e-fas-caret-up\" viewBox=\"0 0 320 512\" xmlns=\"http:\/\/www.w3.org\/2000\/svg\"><path d=\"M288.662 352H31.338c-17.818 0-26.741-21.543-14.142-34.142l128.662-128.662c7.81-7.81 20.474-7.81 28.284 0l128.662 128.662c12.6 12.599 3.676 34.142-14.142 34.142z\"><\/path><\/svg><\/span>\n\t\t\t\t\t\t\t\t\t\t\t\t\t<\/span>\n\t\t\t\t\t\t\t\t\t\t\t\t<a class=\"elementor-toggle-title\" tabindex=\"0\">Como chegar ao Mirante da Azeda?<\/a>\n\t\t\t\t\t<\/div>\n\n\t\t\t\t\t<div id=\"elementor-tab-content-2193\" class=\"elementor-tab-content elementor-clearfix\" data-tab=\"3\" role=\"region\" aria-labelledby=\"elementor-tab-title-2193\"><p>Para chegar ao Mirante da Azeda:<\/p><ul><li>Dirija-se \u00e0 \u00e1rea entre a Praia dos Ossos e a Praia da Azeda<\/li><li>Procure por uma pequena trilha de madeira<\/li><li>Siga a trilha at\u00e9 o ponto de observa\u00e7\u00e3o<\/li><li>O acesso \u00e9 relativamente f\u00e1cil e adequado para a maioria dos visitantes.<\/li><\/ul><\/div>\n\t\t\t\t<\/div>\n\t\t\t\t\t\t\t<div class=\"elementor-toggle-item\">\n\t\t\t\t\t<div id=\"elementor-tab-title-2194\" class=\"elementor-tab-title\" data-tab=\"4\" role=\"button\" aria-controls=\"elementor-tab-content-2194\" aria-expanded=\"false\">\n\t\t\t\t\t\t\t\t\t\t\t\t<span class=\"elementor-toggle-icon elementor-toggle-icon-left\" aria-hidden=\"true\">\n\t\t\t\t\t\t\t\t\t\t\t\t\t\t\t<span class=\"elementor-toggle-icon-closed\"><svg class=\"e-font-icon-svg e-fas-caret-right\" viewBox=\"0 0 192 512\" xmlns=\"http:\/\/www.w3.org\/2000\/svg\"><path d=\"M0 384.662V127.338c0-17.818 21.543-26.741 34.142-14.142l128.662 128.662c7.81 7.81 7.81 20.474 0 28.284L34.142 398.804C21.543 411.404 0 402.48 0 384.662z\"><\/path><\/svg><\/span>\n\t\t\t\t\t\t\t\t<span class=\"elementor-toggle-icon-opened\"><svg class=\"elementor-toggle-icon-opened e-font-icon-svg e-fas-caret-up\" viewBox=\"0 0 320 512\" xmlns=\"http:\/\/www.w3.org\/2000\/svg\"><path d=\"M288.662 352H31.338c-17.818 0-26.741-21.543-14.142-34.142l128.662-128.662c7.81-7.81 20.474-7.81 28.284 0l128.662 128.662c12.6 12.599 3.676 34.142-14.142 34.142z\"><\/path><\/svg><\/span>\n\t\t\t\t\t\t\t\t\t\t\t\t\t<\/span>\n\t\t\t\t\t\t\t\t\t\t\t\t<a class=\"elementor-toggle-title\" tabindex=\"0\">Qual mirante oferece a melhor vista do p\u00f4r do sol em B\u00fazios?<\/a>\n\t\t\t\t\t<\/div>\n\n\t\t\t\t\t<div id=\"elementor-tab-content-2194\" class=\"elementor-tab-content elementor-clearfix\" data-tab=\"4\" role=\"region\" aria-labelledby=\"elementor-tab-title-2194\"><p>O Mirante Deck de Jo\u00e3o Fernandes \u00e9 um excelente local para assistir ao p\u00f4r do sol. Oferece uma vista panor\u00e2mica da Praia de Jo\u00e3o Fernandes e Jo\u00e3o Fernandinho, criando um cen\u00e1rio perfeito para fotos cinematogr\u00e1ficas ao entardecer.<\/p><\/div>\n\t\t\t\t<\/div>\n\t\t\t\t\t\t\t<div class=\"elementor-toggle-item\">\n\t\t\t\t\t<div id=\"elementor-tab-title-2195\" class=\"elementor-tab-title\" data-tab=\"5\" role=\"button\" aria-controls=\"elementor-tab-content-2195\" aria-expanded=\"false\">\n\t\t\t\t\t\t\t\t\t\t\t\t<span class=\"elementor-toggle-icon elementor-toggle-icon-left\" aria-hidden=\"true\">\n\t\t\t\t\t\t\t\t\t\t\t\t\t\t\t<span class=\"elementor-toggle-icon-closed\"><svg class=\"e-font-icon-svg e-fas-caret-right\" viewBox=\"0 0 192 512\" xmlns=\"http:\/\/www.w3.org\/2000\/svg\"><path d=\"M0 384.662V127.338c0-17.818 21.543-26.741 34.142-14.142l128.662 128.662c7.81 7.81 7.81 20.474 0 28.284L34.142 398.804C21.543 411.404 0 402.48 0 384.662z\"><\/path><\/svg><\/span>\n\t\t\t\t\t\t\t\t<span class=\"elementor-toggle-icon-opened\"><svg class=\"elementor-toggle-icon-opened e-font-icon-svg e-fas-caret-up\" viewBox=\"0 0 320 512\" xmlns=\"http:\/\/www.w3.org\/2000\/svg\"><path d=\"M288.662 352H31.338c-17.818 0-26.741-21.543-14.142-34.142l128.662-128.662c7.81-7.81 20.474-7.81 28.284 0l128.662 128.662c12.6 12.599 3.676 34.142-14.142 34.142z\"><\/path><\/svg><\/span>\n\t\t\t\t\t\t\t\t\t\t\t\t\t<\/span>\n\t\t\t\t\t\t\t\t\t\t\t\t<a class=\"elementor-toggle-title\" tabindex=\"0\">Existe algum mirante em B\u00fazios com import\u00e2ncia hist\u00f3rica?<\/a>\n\t\t\t\t\t<\/div>\n\n\t\t\t\t\t<div id=\"elementor-tab-content-2195\" class=\"elementor-tab-content elementor-clearfix\" data-tab=\"5\" role=\"region\" aria-labelledby=\"elementor-tab-title-2195\"><p>Sim, o Mirante do Pai Vit\u00f3rio, localizado na Praia Rasa, tem significado hist\u00f3rico e cultural. Ele leva o nome de um antigo l\u00edder quilombola local e est\u00e1 envolto em uma atmosfera de ancestralidade. Al\u00e9m da vista deslumbrante, oferece uma conex\u00e3o com a hist\u00f3ria da regi\u00e3o.<\/p><\/div>\n\t\t\t\t<\/div>\n\t\t\t\t\t\t\t<div class=\"elementor-toggle-item\">\n\t\t\t\t\t<div id=\"elementor-tab-title-2196\" class=\"elementor-tab-title\" data-tab=\"6\" role=\"button\" aria-controls=\"elementor-tab-content-2196\" aria-expanded=\"false\">\n\t\t\t\t\t\t\t\t\t\t\t\t<span class=\"elementor-toggle-icon elementor-toggle-icon-left\" aria-hidden=\"true\">\n\t\t\t\t\t\t\t\t\t\t\t\t\t\t\t<span class=\"elementor-toggle-icon-closed\"><svg class=\"e-font-icon-svg e-fas-caret-right\" viewBox=\"0 0 192 512\" xmlns=\"http:\/\/www.w3.org\/2000\/svg\"><path d=\"M0 384.662V127.338c0-17.818 21.543-26.741 34.142-14.142l128.662 128.662c7.81 7.81 7.81 20.474 0 28.284L34.142 398.804C21.543 411.404 0 402.48 0 384.662z\"><\/path><\/svg><\/span>\n\t\t\t\t\t\t\t\t<span class=\"elementor-toggle-icon-opened\"><svg class=\"elementor-toggle-icon-opened e-font-icon-svg e-fas-caret-up\" viewBox=\"0 0 320 512\" xmlns=\"http:\/\/www.w3.org\/2000\/svg\"><path d=\"M288.662 352H31.338c-17.818 0-26.741-21.543-14.142-34.142l128.662-128.662c7.81-7.81 20.474-7.81 28.284 0l128.662 128.662c12.6 12.599 3.676 34.142-14.142 34.142z\"><\/path><\/svg><\/span>\n\t\t\t\t\t\t\t\t\t\t\t\t\t<\/span>\n\t\t\t\t\t\t\t\t\t\t\t\t<a class=\"elementor-toggle-title\" tabindex=\"0\">Qual mirante \u00e9 menos conhecido e oferece uma experi\u00eancia mais exclusiva?<\/a>\n\t\t\t\t\t<\/div>\n\n\t\t\t\t\t<div id=\"elementor-tab-content-2196\" class=\"elementor-tab-content elementor-clearfix\" data-tab=\"6\" role=\"region\" aria-labelledby=\"elementor-tab-title-2196\"><p>O Mirante das Ilhas, localizado na regi\u00e3o da Praia da Gorda\/Praia Rasa, \u00e9 menos explorado pelos turistas. Oferece uma vista privilegiada do arquip\u00e9lago da regi\u00e3o, especialmente ao amanhecer, sendo ideal para quem busca tranquilidade e exclusividade.<\/p><\/div>\n\t\t\t\t<\/div>\n\t\t\t\t\t\t\t<div class=\"elementor-toggle-item\">\n\t\t\t\t\t<div id=\"elementor-tab-title-2197\" class=\"elementor-tab-title\" data-tab=\"7\" role=\"button\" aria-controls=\"elementor-tab-content-2197\" aria-expanded=\"false\">\n\t\t\t\t\t\t\t\t\t\t\t\t<span class=\"elementor-toggle-icon elementor-toggle-icon-left\" aria-hidden=\"true\">\n\t\t\t\t\t\t\t\t\t\t\t\t\t\t\t<span class=\"elementor-toggle-icon-closed\"><svg class=\"e-font-icon-svg e-fas-caret-right\" viewBox=\"0 0 192 512\" xmlns=\"http:\/\/www.w3.org\/2000\/svg\"><path d=\"M0 384.662V127.338c0-17.818 21.543-26.741 34.142-14.142l128.662 128.662c7.81 7.81 7.81 20.474 0 28.284L34.142 398.804C21.543 411.404 0 402.48 0 384.662z\"><\/path><\/svg><\/span>\n\t\t\t\t\t\t\t\t<span class=\"elementor-toggle-icon-opened\"><svg class=\"elementor-toggle-icon-opened e-font-icon-svg e-fas-caret-up\" viewBox=\"0 0 320 512\" xmlns=\"http:\/\/www.w3.org\/2000\/svg\"><path d=\"M288.662 352H31.338c-17.818 0-26.741-21.543-14.142-34.142l128.662-128.662c7.81-7.81 20.474-7.81 28.284 0l128.662 128.662c12.6 12.599 3.676 34.142-14.142 34.142z\"><\/path><\/svg><\/span>\n\t\t\t\t\t\t\t\t\t\t\t\t\t<\/span>\n\t\t\t\t\t\t\t\t\t\t\t\t<a class=\"elementor-toggle-title\" tabindex=\"0\">\u00c9 poss\u00edvel visitar v\u00e1rios mirantes em um \u00fanico dia?<\/a>\n\t\t\t\t\t<\/div>\n\n\t\t\t\t\t<div id=\"elementor-tab-content-2197\" class=\"elementor-tab-content elementor-clearfix\" data-tab=\"7\" role=\"region\" aria-labelledby=\"elementor-tab-title-2197\"><p>Sim, \u00e9 poss\u00edvel visitar m\u00faltiplos mirantes em um dia. Com um bom planejamento ou um guia experiente, voc\u00ea pode criar um roteiro que inclua v\u00e1rios pontos de observa\u00e7\u00e3o, maximizando sua experi\u00eancia visual de B\u00fazios.<\/p><\/div>\n\t\t\t\t<\/div>\n\t\t\t\t\t\t\t<div class=\"elementor-toggle-item\">\n\t\t\t\t\t<div id=\"elementor-tab-title-2198\" class=\"elementor-tab-title\" data-tab=\"8\" role=\"button\" aria-controls=\"elementor-tab-content-2198\" aria-expanded=\"false\">\n\t\t\t\t\t\t\t\t\t\t\t\t<span class=\"elementor-toggle-icon elementor-toggle-icon-left\" aria-hidden=\"true\">\n\t\t\t\t\t\t\t\t\t\t\t\t\t\t\t<span class=\"elementor-toggle-icon-closed\"><svg class=\"e-font-icon-svg e-fas-caret-right\" viewBox=\"0 0 192 512\" xmlns=\"http:\/\/www.w3.org\/2000\/svg\"><path d=\"M0 384.662V127.338c0-17.818 21.543-26.741 34.142-14.142l128.662 128.662c7.81 7.81 7.81 20.474 0 28.284L34.142 398.804C21.543 411.404 0 402.48 0 384.662z\"><\/path><\/svg><\/span>\n\t\t\t\t\t\t\t\t<span class=\"elementor-toggle-icon-opened\"><svg class=\"elementor-toggle-icon-opened e-font-icon-svg e-fas-caret-up\" viewBox=\"0 0 320 512\" xmlns=\"http:\/\/www.w3.org\/2000\/svg\"><path d=\"M288.662 352H31.338c-17.818 0-26.741-21.543-14.142-34.142l128.662-128.662c7.81-7.81 20.474-7.81 28.284 0l128.662 128.662c12.6 12.599 3.676 34.142-14.142 34.142z\"><\/path><\/svg><\/span>\n\t\t\t\t\t\t\t\t\t\t\t\t\t<\/span>\n\t\t\t\t\t\t\t\t\t\t\t\t<a class=\"elementor-toggle-title\" tabindex=\"0\">Quais s\u00e3o os melhores hor\u00e1rios para visitar os mirantes?<\/a>\n\t\t\t\t\t<\/div>\n\n\t\t\t\t\t<div id=\"elementor-tab-content-2198\" class=\"elementor-tab-content elementor-clearfix\" data-tab=\"8\" role=\"region\" aria-labelledby=\"elementor-tab-title-2198\"><p>Os melhores hor\u00e1rios dependem do mirante e do que voc\u00ea deseja ver:<\/p><ul><li>Amanhecer: Mirante das Ilhas<\/li><li>P\u00f4r do sol: Mirante Deck de Jo\u00e3o Fernandes, Mirante da Azeda<\/li><li>Meio do dia: Mirante do Forno, Ponta da Lagoinha (para ver as cores vibrantes do mar)<\/li><\/ul><p>Em geral, o in\u00edcio da manh\u00e3 e o final da tarde oferecem luz mais suave para fotos e temperaturas mais amenas.<\/p><\/div>\n\t\t\t\t<\/div>\n\t\t\t\t\t\t\t<div class=\"elementor-toggle-item\">\n\t\t\t\t\t<div id=\"elementor-tab-title-2199\" class=\"elementor-tab-title\" data-tab=\"9\" role=\"button\" aria-controls=\"elementor-tab-content-2199\" aria-expanded=\"false\">\n\t\t\t\t\t\t\t\t\t\t\t\t<span class=\"elementor-toggle-icon elementor-toggle-icon-left\" aria-hidden=\"true\">\n\t\t\t\t\t\t\t\t\t\t\t\t\t\t\t<span class=\"elementor-toggle-icon-closed\"><svg class=\"e-font-icon-svg e-fas-caret-right\" viewBox=\"0 0 192 512\" xmlns=\"http:\/\/www.w3.org\/2000\/svg\"><path d=\"M0 384.662V127.338c0-17.818 21.543-26.741 34.142-14.142l128.662 128.662c7.81 7.81 7.81 20.474 0 28.284L34.142 398.804C21.543 411.404 0 402.48 0 384.662z\"><\/path><\/svg><\/span>\n\t\t\t\t\t\t\t\t<span class=\"elementor-toggle-icon-opened\"><svg class=\"elementor-toggle-icon-opened e-font-icon-svg e-fas-caret-up\" viewBox=\"0 0 320 512\" xmlns=\"http:\/\/www.w3.org\/2000\/svg\"><path d=\"M288.662 352H31.338c-17.818 0-26.741-21.543-14.142-34.142l128.662-128.662c7.81-7.81 20.474-7.81 28.284 0l128.662 128.662c12.6 12.599 3.676 34.142-14.142 34.142z\"><\/path><\/svg><\/span>\n\t\t\t\t\t\t\t\t\t\t\t\t\t<\/span>\n\t\t\t\t\t\t\t\t\t\t\t\t<a class=\"elementor-toggle-title\" tabindex=\"0\">Os mirantes de B\u00fazios s\u00e3o acess\u00edveis para todos?<\/a>\n\t\t\t\t\t<\/div>\n\n\t\t\t\t\t<div id=\"elementor-tab-content-2199\" class=\"elementor-tab-content elementor-clearfix\" data-tab=\"9\" role=\"region\" aria-labelledby=\"elementor-tab-title-2199\"><p>A acessibilidade varia de acordo com o mirante:<\/p><ul><li>Mirantes como o Deck de Jo\u00e3o Fernandes e o da Praia da Ferradura s\u00e3o geralmente mais acess\u00edveis<\/li><li>Outros, como o Mirante do Pai Vit\u00f3rio, exigem uma caminhada leve por trilha<\/li><li>Sempre verifique as condi\u00e7\u00f5es de acesso antes de visitar, especialmente se tiver necessidades especiais de mobilidade<\/li><\/ul><\/div>\n\t\t\t\t<\/div>\n\t\t\t\t\t\t\t<div class=\"elementor-toggle-item\">\n\t\t\t\t\t<div id=\"elementor-tab-title-21910\" class=\"elementor-tab-title\" data-tab=\"10\" role=\"button\" aria-controls=\"elementor-tab-content-21910\" aria-expanded=\"false\">\n\t\t\t\t\t\t\t\t\t\t\t\t<span class=\"elementor-toggle-icon elementor-toggle-icon-left\" aria-hidden=\"true\">\n\t\t\t\t\t\t\t\t\t\t\t\t\t\t\t<span class=\"elementor-toggle-icon-closed\"><svg class=\"e-font-icon-svg e-fas-caret-right\" viewBox=\"0 0 192 512\" xmlns=\"http:\/\/www.w3.org\/2000\/svg\"><path d=\"M0 384.662V127.338c0-17.818 21.543-26.741 34.142-14.142l128.662 128.662c7.81 7.81 7.81 20.474 0 28.284L34.142 398.804C21.543 411.404 0 402.48 0 384.662z\"><\/path><\/svg><\/span>\n\t\t\t\t\t\t\t\t<span class=\"elementor-toggle-icon-opened\"><svg class=\"elementor-toggle-icon-opened e-font-icon-svg e-fas-caret-up\" viewBox=\"0 0 320 512\" xmlns=\"http:\/\/www.w3.org\/2000\/svg\"><path d=\"M288.662 352H31.338c-17.818 0-26.741-21.543-14.142-34.142l128.662-128.662c7.81-7.81 20.474-7.81 28.284 0l128.662 128.662c12.6 12.599 3.676 34.142-14.142 34.142z\"><\/path><\/svg><\/span>\n\t\t\t\t\t\t\t\t\t\t\t\t\t<\/span>\n\t\t\t\t\t\t\t\t\t\t\t\t<a class=\"elementor-toggle-title\" tabindex=\"0\">Que equipamentos s\u00e3o recomendados para levar aos mirantes?<\/a>\n\t\t\t\t\t<\/div>\n\n\t\t\t\t\t<div id=\"elementor-tab-content-21910\" class=\"elementor-tab-content elementor-clearfix\" data-tab=\"10\" role=\"region\" aria-labelledby=\"elementor-tab-title-21910\"><p>Recomenda-se levar:<\/p><ul><li>C\u00e2mera ou smartphone para fotos<\/li><li>Protetor solar e chap\u00e9u<\/li><li>\u00c1gua<\/li><li>Cal\u00e7ados confort\u00e1veis para caminhada<\/li><li>Bin\u00f3culos (opcional, para observa\u00e7\u00e3o de detalhes distantes)<\/li><li>Roupa leve e confort\u00e1vel<\/li><\/ul><\/div>\n\t\t\t\t<\/div>\n\t\t\t\t\t\t\t<div class=\"elementor-toggle-item\">\n\t\t\t\t\t<div id=\"elementor-tab-title-21911\" class=\"elementor-tab-title\" data-tab=\"11\" role=\"button\" aria-controls=\"elementor-tab-content-21911\" aria-expanded=\"false\">\n\t\t\t\t\t\t\t\t\t\t\t\t<span class=\"elementor-toggle-icon elementor-toggle-icon-left\" aria-hidden=\"true\">\n\t\t\t\t\t\t\t\t\t\t\t\t\t\t\t<span class=\"elementor-toggle-icon-closed\"><svg class=\"e-font-icon-svg e-fas-caret-right\" viewBox=\"0 0 192 512\" xmlns=\"http:\/\/www.w3.org\/2000\/svg\"><path d=\"M0 384.662V127.338c0-17.818 21.543-26.741 34.142-14.142l128.662 128.662c7.81 7.81 7.81 20.474 0 28.284L34.142 398.804C21.543 411.404 0 402.48 0 384.662z\"><\/path><\/svg><\/span>\n\t\t\t\t\t\t\t\t<span class=\"elementor-toggle-icon-opened\"><svg class=\"elementor-toggle-icon-opened e-font-icon-svg e-fas-caret-up\" viewBox=\"0 0 320 512\" xmlns=\"http:\/\/www.w3.org\/2000\/svg\"><path d=\"M288.662 352H31.338c-17.818 0-26.741-21.543-14.142-34.142l128.662-128.662c7.81-7.81 20.474-7.81 28.284 0l128.662 128.662c12.6 12.599 3.676 34.142-14.142 34.142z\"><\/path><\/svg><\/span>\n\t\t\t\t\t\t\t\t\t\t\t\t\t<\/span>\n\t\t\t\t\t\t\t\t\t\t\t\t<a class=\"elementor-toggle-title\" tabindex=\"0\">Existe algum custo para visitar os mirantes de B\u00fazios?<\/a>\n\t\t\t\t\t<\/div>\n\n\t\t\t\t\t<div id=\"elementor-tab-content-21911\" class=\"elementor-tab-content elementor-clearfix\" data-tab=\"11\" role=\"region\" aria-labelledby=\"elementor-tab-title-21911\"><p>A maioria dos mirantes em B\u00fazios \u00e9 de acesso gratuito. No entanto, alguns podem estar localizados em \u00e1reas privadas ou exigir o pagamento de uma pequena taxa de manuten\u00e7\u00e3o. \u00c9 sempre bom verificar antecipadamente ou perguntar a um guia local.<\/p><\/div>\n\t\t\t\t<\/div>\n\t\t\t\t\t\t\t<div class=\"elementor-toggle-item\">\n\t\t\t\t\t<div id=\"elementor-tab-title-21912\" class=\"elementor-tab-title\" data-tab=\"12\" role=\"button\" aria-controls=\"elementor-tab-content-21912\" aria-expanded=\"false\">\n\t\t\t\t\t\t\t\t\t\t\t\t<span class=\"elementor-toggle-icon elementor-toggle-icon-left\" aria-hidden=\"true\">\n\t\t\t\t\t\t\t\t\t\t\t\t\t\t\t<span class=\"elementor-toggle-icon-closed\"><svg class=\"e-font-icon-svg e-fas-caret-right\" viewBox=\"0 0 192 512\" xmlns=\"http:\/\/www.w3.org\/2000\/svg\"><path d=\"M0 384.662V127.338c0-17.818 21.543-26.741 34.142-14.142l128.662 128.662c7.81 7.81 7.81 20.474 0 28.284L34.142 398.804C21.543 411.404 0 402.48 0 384.662z\"><\/path><\/svg><\/span>\n\t\t\t\t\t\t\t\t<span class=\"elementor-toggle-icon-opened\"><svg class=\"elementor-toggle-icon-opened e-font-icon-svg e-fas-caret-up\" viewBox=\"0 0 320 512\" xmlns=\"http:\/\/www.w3.org\/2000\/svg\"><path d=\"M288.662 352H31.338c-17.818 0-26.741-21.543-14.142-34.142l128.662-128.662c7.81-7.81 20.474-7.81 28.284 0l128.662 128.662c12.6 12.599 3.676 34.142-14.142 34.142z\"><\/path><\/svg><\/span>\n\t\t\t\t\t\t\t\t\t\t\t\t\t<\/span>\n\t\t\t\t\t\t\t\t\t\t\t\t<a class=\"elementor-toggle-title\" tabindex=\"0\">Qual a melhor \u00e9poca do ano para visitar os mirantes de B\u00fazios?<\/a>\n\t\t\t\t\t<\/div>\n\n\t\t\t\t\t<div id=\"elementor-tab-content-21912\" class=\"elementor-tab-content elementor-clearfix\" data-tab=\"12\" role=\"region\" aria-labelledby=\"elementor-tab-title-21912\"><p>B\u00fazios tem um clima agrad\u00e1vel durante todo o ano, mas para aproveitar ao m\u00e1ximo os mirantes:<\/p><ul><li>Primavera (setembro a novembro) e outono (mar\u00e7o a maio): clima ameno e c\u00e9u geralmente limpo<\/li><li>Ver\u00e3o (dezembro a fevereiro): dias mais longos, \u00f3timo para p\u00f4r do sol, mas tamb\u00e9m \u00e9 a alta temporada<\/li><li>Inverno (junho a agosto): menos chuva, \u00f3timo para vistas claras, mas dias mais curtos<\/li><\/ul><\/div>\n\t\t\t\t<\/div>\n\t\t\t\t\t\t\t<div class=\"elementor-toggle-item\">\n\t\t\t\t\t<div id=\"elementor-tab-title-21913\" class=\"elementor-tab-title\" data-tab=\"13\" role=\"button\" aria-controls=\"elementor-tab-content-21913\" aria-expanded=\"false\">\n\t\t\t\t\t\t\t\t\t\t\t\t<span class=\"elementor-toggle-icon elementor-toggle-icon-left\" aria-hidden=\"true\">\n\t\t\t\t\t\t\t\t\t\t\t\t\t\t\t<span class=\"elementor-toggle-icon-closed\"><svg class=\"e-font-icon-svg e-fas-caret-right\" viewBox=\"0 0 192 512\" xmlns=\"http:\/\/www.w3.org\/2000\/svg\"><path d=\"M0 384.662V127.338c0-17.818 21.543-26.741 34.142-14.142l128.662 128.662c7.81 7.81 7.81 20.474 0 28.284L34.142 398.804C21.543 411.404 0 402.48 0 384.662z\"><\/path><\/svg><\/span>\n\t\t\t\t\t\t\t\t<span class=\"elementor-toggle-icon-opened\"><svg class=\"elementor-toggle-icon-opened e-font-icon-svg e-fas-caret-up\" viewBox=\"0 0 320 512\" xmlns=\"http:\/\/www.w3.org\/2000\/svg\"><path d=\"M288.662 352H31.338c-17.818 0-26.741-21.543-14.142-34.142l128.662-128.662c7.81-7.81 20.474-7.81 28.284 0l128.662 128.662c12.6 12.599 3.676 34.142-14.142 34.142z\"><\/path><\/svg><\/span>\n\t\t\t\t\t\t\t\t\t\t\t\t\t<\/span>\n\t\t\t\t\t\t\t\t\t\t\t\t<a class=\"elementor-toggle-title\" tabindex=\"0\">\u00c9 seguro visitar os mirantes de B\u00fazios?<\/a>\n\t\t\t\t\t<\/div>\n\n\t\t\t\t\t<div id=\"elementor-tab-content-21913\" class=\"elementor-tab-content elementor-clearfix\" data-tab=\"13\" role=\"region\" aria-labelledby=\"elementor-tab-title-21913\"><p>No geral, os mirantes de B\u00fazios s\u00e3o seguros para visitantes. No entanto, como em qualquer destino tur\u00edstico, \u00e9 importante tomar precau\u00e7\u00f5es b\u00e1sicas:<\/p><ul><li>Mantenha seus pertences pr\u00f3ximos<\/li><li>Evite \u00e1reas isoladas ap\u00f3s o anoitecer<\/li><li>Siga sempre as orienta\u00e7\u00f5es de seguran\u00e7a locais<\/li><li>Se poss\u00edvel, visite em grupo ou com um guia local<\/li><\/ul><\/div>\n\t\t\t\t<\/div>\n\t\t\t\t\t\t\t<div class=\"elementor-toggle-item\">\n\t\t\t\t\t<div id=\"elementor-tab-title-21914\" class=\"elementor-tab-title\" data-tab=\"14\" role=\"button\" aria-controls=\"elementor-tab-content-21914\" aria-expanded=\"false\">\n\t\t\t\t\t\t\t\t\t\t\t\t<span class=\"elementor-toggle-icon elementor-toggle-icon-left\" aria-hidden=\"true\">\n\t\t\t\t\t\t\t\t\t\t\t\t\t\t\t<span class=\"elementor-toggle-icon-closed\"><svg class=\"e-font-icon-svg e-fas-caret-right\" viewBox=\"0 0 192 512\" xmlns=\"http:\/\/www.w3.org\/2000\/svg\"><path d=\"M0 384.662V127.338c0-17.818 21.543-26.741 34.142-14.142l128.662 128.662c7.81 7.81 7.81 20.474 0 28.284L34.142 398.804C21.543 411.404 0 402.48 0 384.662z\"><\/path><\/svg><\/span>\n\t\t\t\t\t\t\t\t<span class=\"elementor-toggle-icon-opened\"><svg class=\"elementor-toggle-icon-opened e-font-icon-svg e-fas-caret-up\" viewBox=\"0 0 320 512\" xmlns=\"http:\/\/www.w3.org\/2000\/svg\"><path d=\"M288.662 352H31.338c-17.818 0-26.741-21.543-14.142-34.142l128.662-128.662c7.81-7.81 20.474-7.81 28.284 0l128.662 128.662c12.6 12.599 3.676 34.142-14.142 34.142z\"><\/path><\/svg><\/span>\n\t\t\t\t\t\t\t\t\t\t\t\t\t<\/span>\n\t\t\t\t\t\t\t\t\t\t\t\t<a class=\"elementor-toggle-title\" tabindex=\"0\">Posso fazer um tour guiado pelos mirantes de B\u00fazios?<\/a>\n\t\t\t\t\t<\/div>\n\n\t\t\t\t\t<div id=\"elementor-tab-content-21914\" class=\"elementor-tab-content elementor-clearfix\" data-tab=\"14\" role=\"region\" aria-labelledby=\"elementor-tab-title-21914\"><p>Sim, existem v\u00e1rias op\u00e7\u00f5es de tours guiados em B\u00fazios que incluem visitas aos principais mirantes. Empresas como a Blumar Turismo oferecem passeios personalizados que podem incluir:<\/p><ul><li>Transporte entre os mirantes<\/li><li>Informa\u00e7\u00f5es hist\u00f3ricas e culturais sobre cada local<\/li><li>Dicas para as melhores fotos<\/li><li>Hor\u00e1rios otimizados para aproveitar a melhor luz em cada mirante<\/li><\/ul><\/div>\n\t\t\t\t<\/div>\n\t\t\t\t\t\t\t<div class=\"elementor-toggle-item\">\n\t\t\t\t\t<div id=\"elementor-tab-title-21915\" class=\"elementor-tab-title\" data-tab=\"15\" role=\"button\" aria-controls=\"elementor-tab-content-21915\" aria-expanded=\"false\">\n\t\t\t\t\t\t\t\t\t\t\t\t<span class=\"elementor-toggle-icon elementor-toggle-icon-left\" aria-hidden=\"true\">\n\t\t\t\t\t\t\t\t\t\t\t\t\t\t\t<span class=\"elementor-toggle-icon-closed\"><svg class=\"e-font-icon-svg e-fas-caret-right\" viewBox=\"0 0 192 512\" xmlns=\"http:\/\/www.w3.org\/2000\/svg\"><path d=\"M0 384.662V127.338c0-17.818 21.543-26.741 34.142-14.142l128.662 128.662c7.81 7.81 7.81 20.474 0 28.284L34.142 398.804C21.543 411.404 0 402.48 0 384.662z\"><\/path><\/svg><\/span>\n\t\t\t\t\t\t\t\t<span class=\"elementor-toggle-icon-opened\"><svg class=\"elementor-toggle-icon-opened e-font-icon-svg e-fas-caret-up\" viewBox=\"0 0 320 512\" xmlns=\"http:\/\/www.w3.org\/2000\/svg\"><path d=\"M288.662 352H31.338c-17.818 0-26.741-21.543-14.142-34.142l128.662-128.662c7.81-7.81 20.474-7.81 28.284 0l128.662 128.662c12.6 12.599 3.676 34.142-14.142 34.142z\"><\/path><\/svg><\/span>\n\t\t\t\t\t\t\t\t\t\t\t\t\t<\/span>\n\t\t\t\t\t\t\t\t\t\t\t\t<a class=\"elementor-toggle-title\" tabindex=\"0\">Quais s\u00e3o as melhores atividades para combinar com a visita aos mirantes?<\/a>\n\t\t\t\t\t<\/div>\n\n\t\t\t\t\t<div id=\"elementor-tab-content-21915\" class=\"elementor-tab-content elementor-clearfix\" data-tab=\"15\" role=\"region\" aria-labelledby=\"elementor-tab-title-21915\"><p>Al\u00e9m de visitar os mirantes, voc\u00ea pode:<\/p><ul><li>Fazer um passeio de barco para ver B\u00fazios do mar<\/li><li>Explorar as praias pr\u00f3ximas a cada mirante<\/li><li>Visitar a famosa Rua das Pedras e a Orla Bardot<\/li><li>Fazer trilhas, como a Serra das Emer\u00eancias<\/li><li>Desfrutar da gastronomia local em restaurantes com vista para o mar<\/li><\/ul><\/div>\n\t\t\t\t<\/div>\n\t\t\t\t\t\t\t\t\t\t<script type=\"application\/ld+json\">{\"@context\":\"https:\\\/\\\/schema.org\",\"@type\":\"FAQPage\",\"mainEntity\":[{\"@type\":\"Question\",\"name\":\"Quais s\\u00e3o os melhores mirantes de B\\u00fazios?\",\"acceptedAnswer\":{\"@type\":\"Answer\",\"text\":\"<p>Os melhores mirantes de B\\u00fazios incluem:<\\\/p><ul><li>Mirante da Azeda<\\\/li><li>Mirante Deck de Jo\\u00e3o Fernandes<\\\/li><li>Mirante das Ilhas<\\\/li><li>Mirante do Forno<\\\/li><li>Ponta da Lagoinha<\\\/li><li>Mirante da Praia da Ferradura<\\\/li><li>Mirante do Pai Vit\\u00f3rio<\\\/li><li>Mirante do Pontal do Atalaia (em Arraial do Cabo)<\\\/li><\\\/ul><p>Cada um desses mirantes oferece uma experi\\u00eancia \\u00fanica e vistas espetaculares da regi\\u00e3o.<\\\/p>\"}},{\"@type\":\"Question\",\"name\":\"Qual \\u00e9 o mirante mais famoso de B\\u00fazios?\",\"acceptedAnswer\":{\"@type\":\"Answer\",\"text\":\"<p>O Mirante da Azeda \\u00e9 considerado um dos mais ic\\u00f4nicos de B\\u00fazios. Localizado entre a Praia dos Ossos e a Praia da Azeda, oferece uma vista espetacular para a Praia da Azeda e Azedinha. \\u00c9 muito popular entre turistas e fot\\u00f3grafos.<\\\/p>\"}},{\"@type\":\"Question\",\"name\":\"Como chegar ao Mirante da Azeda?\",\"acceptedAnswer\":{\"@type\":\"Answer\",\"text\":\"<p>Para chegar ao Mirante da Azeda:<\\\/p><ul><li>Dirija-se \\u00e0 \\u00e1rea entre a Praia dos Ossos e a Praia da Azeda<\\\/li><li>Procure por uma pequena trilha de madeira<\\\/li><li>Siga a trilha at\\u00e9 o ponto de observa\\u00e7\\u00e3o<\\\/li><li>O acesso \\u00e9 relativamente f\\u00e1cil e adequado para a maioria dos visitantes.<\\\/li><\\\/ul>\"}},{\"@type\":\"Question\",\"name\":\"Qual mirante oferece a melhor vista do p\\u00f4r do sol em B\\u00fazios?\",\"acceptedAnswer\":{\"@type\":\"Answer\",\"text\":\"<p>O Mirante Deck de Jo\\u00e3o Fernandes \\u00e9 um excelente local para assistir ao p\\u00f4r do sol. Oferece uma vista panor\\u00e2mica da Praia de Jo\\u00e3o Fernandes e Jo\\u00e3o Fernandinho, criando um cen\\u00e1rio perfeito para fotos cinematogr\\u00e1ficas ao entardecer.<\\\/p>\"}},{\"@type\":\"Question\",\"name\":\"Existe algum mirante em B\\u00fazios com import\\u00e2ncia hist\\u00f3rica?\",\"acceptedAnswer\":{\"@type\":\"Answer\",\"text\":\"<p>Sim, o Mirante do Pai Vit\\u00f3rio, localizado na Praia Rasa, tem significado hist\\u00f3rico e cultural. Ele leva o nome de um antigo l\\u00edder quilombola local e est\\u00e1 envolto em uma atmosfera de ancestralidade. Al\\u00e9m da vista deslumbrante, oferece uma conex\\u00e3o com a hist\\u00f3ria da regi\\u00e3o.<\\\/p>\"}},{\"@type\":\"Question\",\"name\":\"Qual mirante \\u00e9 menos conhecido e oferece uma experi\\u00eancia mais exclusiva?\",\"acceptedAnswer\":{\"@type\":\"Answer\",\"text\":\"<p>O Mirante das Ilhas, localizado na regi\\u00e3o da Praia da Gorda\\\/Praia Rasa, \\u00e9 menos explorado pelos turistas. Oferece uma vista privilegiada do arquip\\u00e9lago da regi\\u00e3o, especialmente ao amanhecer, sendo ideal para quem busca tranquilidade e exclusividade.<\\\/p>\"}},{\"@type\":\"Question\",\"name\":\"\\u00c9 poss\\u00edvel visitar v\\u00e1rios mirantes em um \\u00fanico dia?\",\"acceptedAnswer\":{\"@type\":\"Answer\",\"text\":\"<p>Sim, \\u00e9 poss\\u00edvel visitar m\\u00faltiplos mirantes em um dia. Com um bom planejamento ou um guia experiente, voc\\u00ea pode criar um roteiro que inclua v\\u00e1rios pontos de observa\\u00e7\\u00e3o, maximizando sua experi\\u00eancia visual de B\\u00fazios.<\\\/p>\"}},{\"@type\":\"Question\",\"name\":\"Quais s\\u00e3o os melhores hor\\u00e1rios para visitar os mirantes?\",\"acceptedAnswer\":{\"@type\":\"Answer\",\"text\":\"<p>Os melhores hor\\u00e1rios dependem do mirante e do que voc\\u00ea deseja ver:<\\\/p><ul><li>Amanhecer: Mirante das Ilhas<\\\/li><li>P\\u00f4r do sol: Mirante Deck de Jo\\u00e3o Fernandes, Mirante da Azeda<\\\/li><li>Meio do dia: Mirante do Forno, Ponta da Lagoinha (para ver as cores vibrantes do mar)<\\\/li><\\\/ul><p>Em geral, o in\\u00edcio da manh\\u00e3 e o final da tarde oferecem luz mais suave para fotos e temperaturas mais amenas.<\\\/p>\"}},{\"@type\":\"Question\",\"name\":\"Os mirantes de B\\u00fazios s\\u00e3o acess\\u00edveis para todos?\",\"acceptedAnswer\":{\"@type\":\"Answer\",\"text\":\"<p>A acessibilidade varia de acordo com o mirante:<\\\/p><ul><li>Mirantes como o Deck de Jo\\u00e3o Fernandes e o da Praia da Ferradura s\\u00e3o geralmente mais acess\\u00edveis<\\\/li><li>Outros, como o Mirante do Pai Vit\\u00f3rio, exigem uma caminhada leve por trilha<\\\/li><li>Sempre verifique as condi\\u00e7\\u00f5es de acesso antes de visitar, especialmente se tiver necessidades especiais de mobilidade<\\\/li><\\\/ul>\"}},{\"@type\":\"Question\",\"name\":\"Que equipamentos s\\u00e3o recomendados para levar aos mirantes?\",\"acceptedAnswer\":{\"@type\":\"Answer\",\"text\":\"<p>Recomenda-se levar:<\\\/p><ul><li>C\\u00e2mera ou smartphone para fotos<\\\/li><li>Protetor solar e chap\\u00e9u<\\\/li><li>\\u00c1gua<\\\/li><li>Cal\\u00e7ados confort\\u00e1veis para caminhada<\\\/li><li>Bin\\u00f3culos (opcional, para observa\\u00e7\\u00e3o de detalhes distantes)<\\\/li><li>Roupa leve e confort\\u00e1vel<\\\/li><\\\/ul>\"}},{\"@type\":\"Question\",\"name\":\"Existe algum custo para visitar os mirantes de B\\u00fazios?\",\"acceptedAnswer\":{\"@type\":\"Answer\",\"text\":\"<p>A maioria dos mirantes em B\\u00fazios \\u00e9 de acesso gratuito. No entanto, alguns podem estar localizados em \\u00e1reas privadas ou exigir o pagamento de uma pequena taxa de manuten\\u00e7\\u00e3o. \\u00c9 sempre bom verificar antecipadamente ou perguntar a um guia local.<\\\/p>\"}},{\"@type\":\"Question\",\"name\":\"Qual a melhor \\u00e9poca do ano para visitar os mirantes de B\\u00fazios?\",\"acceptedAnswer\":{\"@type\":\"Answer\",\"text\":\"<p>B\\u00fazios tem um clima agrad\\u00e1vel durante todo o ano, mas para aproveitar ao m\\u00e1ximo os mirantes:<\\\/p><ul><li>Primavera (setembro a novembro) e outono (mar\\u00e7o a maio): clima ameno e c\\u00e9u geralmente limpo<\\\/li><li>Ver\\u00e3o (dezembro a fevereiro): dias mais longos, \\u00f3timo para p\\u00f4r do sol, mas tamb\\u00e9m \\u00e9 a alta temporada<\\\/li><li>Inverno (junho a agosto): menos chuva, \\u00f3timo para vistas claras, mas dias mais curtos<\\\/li><\\\/ul>\"}},{\"@type\":\"Question\",\"name\":\"\\u00c9 seguro visitar os mirantes de B\\u00fazios?\",\"acceptedAnswer\":{\"@type\":\"Answer\",\"text\":\"<p>No geral, os mirantes de B\\u00fazios s\\u00e3o seguros para visitantes. No entanto, como em qualquer destino tur\\u00edstico, \\u00e9 importante tomar precau\\u00e7\\u00f5es b\\u00e1sicas:<\\\/p><ul><li>Mantenha seus pertences pr\\u00f3ximos<\\\/li><li>Evite \\u00e1reas isoladas ap\\u00f3s o anoitecer<\\\/li><li>Siga sempre as orienta\\u00e7\\u00f5es de seguran\\u00e7a locais<\\\/li><li>Se poss\\u00edvel, visite em grupo ou com um guia local<\\\/li><\\\/ul>\"}},{\"@type\":\"Question\",\"name\":\"Posso fazer um tour guiado pelos mirantes de B\\u00fazios?\",\"acceptedAnswer\":{\"@type\":\"Answer\",\"text\":\"<p>Sim, existem v\\u00e1rias op\\u00e7\\u00f5es de tours guiados em B\\u00fazios que incluem visitas aos principais mirantes. Empresas como a Blumar Turismo oferecem passeios personalizados que podem incluir:<\\\/p><ul><li>Transporte entre os mirantes<\\\/li><li>Informa\\u00e7\\u00f5es hist\\u00f3ricas e culturais sobre cada local<\\\/li><li>Dicas para as melhores fotos<\\\/li><li>Hor\\u00e1rios otimizados para aproveitar a melhor luz em cada mirante<\\\/li><\\\/ul>\"}},{\"@type\":\"Question\",\"name\":\"Quais s\\u00e3o as melhores atividades para combinar com a visita aos mirantes?\",\"acceptedAnswer\":{\"@type\":\"Answer\",\"text\":\"<p>Al\\u00e9m de visitar os mirantes, voc\\u00ea pode:<\\\/p><ul><li>Fazer um passeio de barco para ver B\\u00fazios do mar<\\\/li><li>Explorar as praias pr\\u00f3ximas a cada mirante<\\\/li><li>Visitar a famosa Rua das Pedras e a Orla Bardot<\\\/li><li>Fazer trilhas, como a Serra das Emer\\u00eancias<\\\/li><li>Desfrutar da gastronomia local em restaurantes com vista para o mar<\\\/li><\\\/ul>\"}}]}<\/script>\n\t\t\t\t\t<\/div>\n\t\t\t\t<\/div>\n\t\t\t\t<\/div>\n\t\t\t\t\t<\/div>\n\t\t\t\t<\/div>\n\t\t\t\t\t\t\t<\/div>\n\t\t","protected":false},"excerpt":{"rendered":"<p>Imagine contemplar o mar azul-turquesa de B\u00fazios l\u00e1 do alto, sentindo a brisa leve tocar o rosto enquanto o sol se despede no horizonte. \ud83c\udf05 Se voc\u00ea ama registrar paisagens de tirar o f\u00f4lego, vive em busca de experi\u00eancias aut\u00eanticas na natureza ou simplesmente quer aquele momento de paz com&#46;&#46;&#46;<\/p>\n","protected":false},"author":10,"featured_media":69099,"comment_status":"open","ping_status":"closed","sticky":false,"template":"","format":"standard","meta":{"footnotes":""},"categories":[690,694],"tags":[],"class_list":["post-68972","post","type-post","status-publish","format-standard","has-post-thumbnail","hentry","category-destinos-nacionais","category-dicas-de-viagem"],"yoast_head":"<!-- This site is optimized with the Yoast SEO Premium plugin v19.4 (Yoast SEO v24.1) - https:\/\/yoast.com\/wordpress\/plugins\/seo\/ -->\n<title>Mirantes de B\u00fazios: Os Melhores Pontos para Ver o P\u00f4r do Sol e se Encantar com as Paisagens - Blog Blumar Turismo: O Seu Portal para Viagens Extraordin\u00e1rias<\/title>\n<meta name=\"description\" content=\"Venha com a Blumar Turismo conhecer os mirantes de B\u00fazios e se encante com os melhores pontos para ver o p\u00f4r do sol ! Aproveite !\" \/>\n<meta name=\"robots\" content=\"index, follow, max-snippet:-1, max-image-preview:large, max-video-preview:-1\" \/>\n<link rel=\"canonical\" href=\"https:\/\/www.blumarturismo.com.br\/blog\/mirantes-de-buzios-os-melhores-pontos-para-ver-o-por-do-sol-e-se-encantar-com-as-paisagens\/\" \/>\n<meta property=\"og:locale\" content=\"pt_BR\" \/>\n<meta property=\"og:type\" content=\"article\" \/>\n<meta property=\"og:title\" content=\"Mirantes de B\u00fazios: Os Melhores Pontos para Ver o P\u00f4r do Sol e se Encantar com as Paisagens\" \/>\n<meta property=\"og:description\" content=\"Venha com a Blumar Turismo conhecer os mirantes de B\u00fazios e se encante com os melhores pontos para ver o p\u00f4r do sol ! Aproveite !\" \/>\n<meta property=\"og:url\" content=\"https:\/\/www.blumarturismo.com.br\/blog\/mirantes-de-buzios-os-melhores-pontos-para-ver-o-por-do-sol-e-se-encantar-com-as-paisagens\/\" \/>\n<meta property=\"og:site_name\" content=\"Blog Blumar Turismo: O Seu Portal para Viagens Extraordin\u00e1rias\" \/>\n<meta property=\"article:publisher\" content=\"https:\/\/www.facebook.com\/blumarviagenseturismo\" \/>\n<meta property=\"article:author\" content=\"https:\/\/www.facebook.com\/blumarviagenseturismo\" \/>\n<meta property=\"article:published_time\" content=\"2025-03-26T18:18:54+00:00\" \/>\n<meta property=\"article:modified_time\" content=\"2025-03-27T12:21:25+00:00\" \/>\n<meta property=\"og:image\" content=\"https:\/\/www.blumarturismo.com.br\/blog\/wp-content\/uploads\/2025\/03\/IMG_2290-scaled.jpg\" \/>\n\t<meta property=\"og:image:width\" content=\"2560\" \/>\n\t<meta property=\"og:image:height\" content=\"1707\" \/>\n\t<meta property=\"og:image:type\" content=\"image\/jpeg\" \/>\n<meta name=\"author\" content=\"Blumar Turismo\" \/>\n<meta name=\"twitter:card\" content=\"summary_large_image\" \/>\n<meta name=\"twitter:label1\" content=\"Escrito por\" \/>\n\t<meta name=\"twitter:data1\" content=\"Blumar Turismo\" \/>\n\t<meta name=\"twitter:label2\" content=\"Est. tempo de leitura\" \/>\n\t<meta name=\"twitter:data2\" content=\"13 minutos\" \/>\n<script type=\"application\/ld+json\" class=\"yoast-schema-graph\">{\"@context\":\"https:\/\/schema.org\",\"@graph\":[{\"@type\":\"Article\",\"@id\":\"https:\/\/www.blumarturismo.com.br\/blog\/mirantes-de-buzios-os-melhores-pontos-para-ver-o-por-do-sol-e-se-encantar-com-as-paisagens\/#article\",\"isPartOf\":{\"@id\":\"https:\/\/www.blumarturismo.com.br\/blog\/mirantes-de-buzios-os-melhores-pontos-para-ver-o-por-do-sol-e-se-encantar-com-as-paisagens\/\"},\"author\":{\"name\":\"Blumar Turismo\",\"@id\":\"https:\/\/www.blumarturismo.com.br\/blog\/#\/schema\/person\/8c5b522f6a79142bafca484c4604fba7\"},\"headline\":\"Mirantes de B\u00fazios: Os Melhores Pontos para Ver o P\u00f4r do Sol e se Encantar com as Paisagens\",\"datePublished\":\"2025-03-26T18:18:54+00:00\",\"dateModified\":\"2025-03-27T12:21:25+00:00\",\"mainEntityOfPage\":{\"@id\":\"https:\/\/www.blumarturismo.com.br\/blog\/mirantes-de-buzios-os-melhores-pontos-para-ver-o-por-do-sol-e-se-encantar-com-as-paisagens\/\"},\"wordCount\":2115,\"commentCount\":0,\"publisher\":{\"@id\":\"https:\/\/www.blumarturismo.com.br\/blog\/#organization\"},\"image\":{\"@id\":\"https:\/\/www.blumarturismo.com.br\/blog\/mirantes-de-buzios-os-melhores-pontos-para-ver-o-por-do-sol-e-se-encantar-com-as-paisagens\/#primaryimage\"},\"thumbnailUrl\":\"https:\/\/www.blumarturismo.com.br\/blog\/wp-content\/uploads\/2025\/03\/IMG_2290-scaled.jpg\",\"articleSection\":[\"Destinos Nacionais\",\"Dicas de Viagem\"],\"inLanguage\":\"pt-BR\",\"potentialAction\":[{\"@type\":\"CommentAction\",\"name\":\"Comment\",\"target\":[\"https:\/\/www.blumarturismo.com.br\/blog\/mirantes-de-buzios-os-melhores-pontos-para-ver-o-por-do-sol-e-se-encantar-com-as-paisagens\/#respond\"]}]},{\"@type\":\"WebPage\",\"@id\":\"https:\/\/www.blumarturismo.com.br\/blog\/mirantes-de-buzios-os-melhores-pontos-para-ver-o-por-do-sol-e-se-encantar-com-as-paisagens\/\",\"url\":\"https:\/\/www.blumarturismo.com.br\/blog\/mirantes-de-buzios-os-melhores-pontos-para-ver-o-por-do-sol-e-se-encantar-com-as-paisagens\/\",\"name\":\"Mirantes de B\u00fazios: Os Melhores Pontos para Ver o P\u00f4r do Sol e se Encantar com as Paisagens - Blog Blumar Turismo: O Seu Portal para Viagens Extraordin\u00e1rias\",\"isPartOf\":{\"@id\":\"https:\/\/www.blumarturismo.com.br\/blog\/#website\"},\"primaryImageOfPage\":{\"@id\":\"https:\/\/www.blumarturismo.com.br\/blog\/mirantes-de-buzios-os-melhores-pontos-para-ver-o-por-do-sol-e-se-encantar-com-as-paisagens\/#primaryimage\"},\"image\":{\"@id\":\"https:\/\/www.blumarturismo.com.br\/blog\/mirantes-de-buzios-os-melhores-pontos-para-ver-o-por-do-sol-e-se-encantar-com-as-paisagens\/#primaryimage\"},\"thumbnailUrl\":\"https:\/\/www.blumarturismo.com.br\/blog\/wp-content\/uploads\/2025\/03\/IMG_2290-scaled.jpg\",\"datePublished\":\"2025-03-26T18:18:54+00:00\",\"dateModified\":\"2025-03-27T12:21:25+00:00\",\"description\":\"Venha com a Blumar Turismo conhecer os mirantes de B\u00fazios e se encante com os melhores pontos para ver o p\u00f4r do sol ! Aproveite !\",\"breadcrumb\":{\"@id\":\"https:\/\/www.blumarturismo.com.br\/blog\/mirantes-de-buzios-os-melhores-pontos-para-ver-o-por-do-sol-e-se-encantar-com-as-paisagens\/#breadcrumb\"},\"inLanguage\":\"pt-BR\",\"potentialAction\":[{\"@type\":\"ReadAction\",\"target\":[\"https:\/\/www.blumarturismo.com.br\/blog\/mirantes-de-buzios-os-melhores-pontos-para-ver-o-por-do-sol-e-se-encantar-com-as-paisagens\/\"]}]},{\"@type\":\"ImageObject\",\"inLanguage\":\"pt-BR\",\"@id\":\"https:\/\/www.blumarturismo.com.br\/blog\/mirantes-de-buzios-os-melhores-pontos-para-ver-o-por-do-sol-e-se-encantar-com-as-paisagens\/#primaryimage\",\"url\":\"https:\/\/www.blumarturismo.com.br\/blog\/wp-content\/uploads\/2025\/03\/IMG_2290-scaled.jpg\",\"contentUrl\":\"https:\/\/www.blumarturismo.com.br\/blog\/wp-content\/uploads\/2025\/03\/IMG_2290-scaled.jpg\",\"width\":2560,\"height\":1707,\"caption\":\"Foto: Guilherme Ferreira \/ Blumar Turismo\"},{\"@type\":\"BreadcrumbList\",\"@id\":\"https:\/\/www.blumarturismo.com.br\/blog\/mirantes-de-buzios-os-melhores-pontos-para-ver-o-por-do-sol-e-se-encantar-com-as-paisagens\/#breadcrumb\",\"itemListElement\":[{\"@type\":\"ListItem\",\"position\":1,\"name\":\"In\u00edcio\",\"item\":\"https:\/\/www.blumarturismo.com.br\/blog\/\"},{\"@type\":\"ListItem\",\"position\":2,\"name\":\"Mirantes de B\u00fazios: Os Melhores Pontos para Ver o P\u00f4r do Sol e se Encantar com as Paisagens\"}]},{\"@type\":\"WebSite\",\"@id\":\"https:\/\/www.blumarturismo.com.br\/blog\/#website\",\"url\":\"https:\/\/www.blumarturismo.com.br\/blog\/\",\"name\":\"Blog Blumar Turismo: O Seu Portal para Viagens Extraordin\u00e1rias\",\"description\":\"Viajar \u00e9 nossa paix\u00e3o e expertise, e agora compartilhamos isso com voc\u00ea atrav\u00e9s do nosso blog. Com mais de 30 anos de hist\u00f3ria, a Blumar Turismo \u00e9 seu parceiro confi\u00e1vel para aventuras memor\u00e1veis. Explore conosco\",\"publisher\":{\"@id\":\"https:\/\/www.blumarturismo.com.br\/blog\/#organization\"},\"potentialAction\":[{\"@type\":\"SearchAction\",\"target\":{\"@type\":\"EntryPoint\",\"urlTemplate\":\"https:\/\/www.blumarturismo.com.br\/blog\/?s={search_term_string}\"},\"query-input\":{\"@type\":\"PropertyValueSpecification\",\"valueRequired\":true,\"valueName\":\"search_term_string\"}}],\"inLanguage\":\"pt-BR\"},{\"@type\":\"Organization\",\"@id\":\"https:\/\/www.blumarturismo.com.br\/blog\/#organization\",\"name\":\"Blumar Turismo\",\"url\":\"https:\/\/www.blumarturismo.com.br\/blog\/\",\"logo\":{\"@type\":\"ImageObject\",\"inLanguage\":\"pt-BR\",\"@id\":\"https:\/\/www.blumarturismo.com.br\/blog\/#\/schema\/logo\/image\/\",\"url\":\"https:\/\/www.blumarturismo.com.br\/blog\/wp-content\/uploads\/2020\/11\/cropped-logo_blumar_nacional2-2.jpg\",\"contentUrl\":\"https:\/\/www.blumarturismo.com.br\/blog\/wp-content\/uploads\/2020\/11\/cropped-logo_blumar_nacional2-2.jpg\",\"width\":167,\"height\":50,\"caption\":\"Blumar Turismo\"},\"image\":{\"@id\":\"https:\/\/www.blumarturismo.com.br\/blog\/#\/schema\/logo\/image\/\"},\"sameAs\":[\"https:\/\/www.facebook.com\/blumarviagenseturismo\",\"https:\/\/www.instagram.com\/blumarturismo\/\"]},{\"@type\":\"Person\",\"@id\":\"https:\/\/www.blumarturismo.com.br\/blog\/#\/schema\/person\/8c5b522f6a79142bafca484c4604fba7\",\"name\":\"Blumar Turismo\",\"image\":{\"@type\":\"ImageObject\",\"inLanguage\":\"pt-BR\",\"@id\":\"https:\/\/www.blumarturismo.com.br\/blog\/#\/schema\/person\/image\/\",\"url\":\"https:\/\/secure.gravatar.com\/avatar\/18a47e99a2b3ce558e7834aabf1bb475e0ae3a970dea40e74a2d2b71531fbe3b?s=96&d=mm&r=g\",\"contentUrl\":\"https:\/\/secure.gravatar.com\/avatar\/18a47e99a2b3ce558e7834aabf1bb475e0ae3a970dea40e74a2d2b71531fbe3b?s=96&d=mm&r=g\",\"caption\":\"Blumar Turismo\"},\"description\":\"Com uma trajet\u00f3ria consolidada de mais de 30 anos no setor de turismo, a Blumar Turismo se estabeleceu como l\u00edder gra\u00e7as ao seu compromisso cont\u00ednuo com a qualidade e satisfa\u00e7\u00e3o do cliente. Nossa experi\u00eancia traduz-se em viagens que v\u00e3o al\u00e9m da expectativa. Nosso Legado: 1. Expertise e Excel\u00eancia: Com tr\u00eas d\u00e9cadas de dedica\u00e7\u00e3o, aprofundamos nossa expertise para oferecer servi\u00e7os de viagem personalizados e de alto padr\u00e3o. Cada viagem, seja econ\u00f4mica ou de luxo, \u00e9 meticulosamente projetada para garantir experi\u00eancias not\u00e1veis. 2. Vanguarda em Inova\u00e7\u00e3o e Tecnologia: Nossa miss\u00e3o \u00e9 sempre liderar, incorporando as solu\u00e7\u00f5es mais avan\u00e7adas em produtos e tecnologias. A inova\u00e7\u00e3o \u00e9 intr\u00ednseca \u00e0 Blumar, permitindo-nos aprimorar constantemente a experi\u00eancia de viagem de nossos clientes. 3. Nossa Equipe, Nosso Diferencial: O verdadeiro motor da Blumar Turismo \u00e9 nossa equipe de profissionais. Com paix\u00e3o e dedica\u00e7\u00e3o, eles garantem que cada itiner\u00e1rio se transforme em uma experi\u00eancia \u00fanica e memor\u00e1vel. Seu comprometimento \u00e9 o que nos faz ganhar a confian\u00e7a de nossos clientes repetidamente. Na Blumar, n\u00e3o se trata apenas de vender pacotes de viagem, mas de projetar experi\u00eancias. Nossos roteiros prometem criar mem\u00f3rias duradouras, proporcionando viagens ricas em descobertas e emo\u00e7\u00f5es. Cremos que viajar \u00e9 uma forma de enriquecimento pessoal, explorando novas perspectivas e redefinindo-se a cada novo destino. Explore o mundo com a Blumar Turismo e torne sua jornada verdadeiramente extraordin\u00e1ria.\",\"sameAs\":[\"https:\/\/www.facebook.com\/blumarviagenseturismo\",\"https:\/\/www.instagram.com\/blumarturismo\/\",\"https:\/\/www.linkedin.com\/company\/blumar-turismo\/\",\"https:\/\/www.youtube.com\/@BlumarTurismo\"],\"award\":[\"2002 | 7th World Petroleum Congress & Rio Oil & Gas Expo\",\"2003 | 27\u00ba International Congress on Occupational Health - ICOH\",\"2004 | IOF World Congress on Osteoporosis 2004\",\"2005 | XXV Brazilian Congress on Rheumatology\",\"2006 | 3rd World Congress on AIDS\",\"2007 | 66th FIP Congress of Pharmacy and Pharmaceutical Sciences\",\"2008 | 62\u00ba Congresso Brasileiro de Cardiologia\",\"2009 | 3rd World Congress of Pediatric Gastroenterology Hepatology and Nutrition\",\"2010 | Pr\u00eamio Caio da D\u00e9cada - Jacar\u00e9 de Diamante - pelo 3rd World Congress on AIDS\",\"2011 | XIV Congresso SOBRICE\",\"2012 | XVIII Congresso da Sociedade Brasileira de Diabetes\",\"2013 | 67\u00ba Congresso da Sociedade Brasileira de Dermatologia\",\"2016 | Congresso Mundial da Propriedade Intelectual da AIPPI\"],\"knowsAbout\":[\"Turismo de Luxo\",\"Consultoria Personalizada\",\"Opera\u00e7\u00e3o de Programas Tur\u00edsticos Customizados\",\"Tours Variados\",\"Sele\u00e7\u00e3o de Hot\u00e9is e Experi\u00eancias Inesquec\u00edveis\"],\"knowsLanguage\":[\"Ingles\",\"Portugu\u00eas\",\"Espanhol\"],\"jobTitle\":\"Operadora de Turismo e Ag\u00eancia de Viagens\",\"worksFor\":\"Blumar Turismo\",\"url\":\"https:\/\/www.blumarturismo.com.br\/blog\/author\/guilherme\/\"}]}<\/script>\n<!-- \/ Yoast SEO Premium plugin. -->","yoast_head_json":{"title":"Mirantes de B\u00fazios: Os Melhores Pontos para Ver o P\u00f4r do Sol e se Encantar com as Paisagens - Blog Blumar Turismo: O Seu Portal para Viagens Extraordin\u00e1rias","description":"Venha com a Blumar Turismo conhecer os mirantes de B\u00fazios e se encante com os melhores pontos para ver o p\u00f4r do sol ! Aproveite !","robots":{"index":"index","follow":"follow","max-snippet":"max-snippet:-1","max-image-preview":"max-image-preview:large","max-video-preview":"max-video-preview:-1"},"canonical":"https:\/\/www.blumarturismo.com.br\/blog\/mirantes-de-buzios-os-melhores-pontos-para-ver-o-por-do-sol-e-se-encantar-com-as-paisagens\/","og_locale":"pt_BR","og_type":"article","og_title":"Mirantes de B\u00fazios: Os Melhores Pontos para Ver o P\u00f4r do Sol e se Encantar com as Paisagens","og_description":"Venha com a Blumar Turismo conhecer os mirantes de B\u00fazios e se encante com os melhores pontos para ver o p\u00f4r do sol ! Aproveite !","og_url":"https:\/\/www.blumarturismo.com.br\/blog\/mirantes-de-buzios-os-melhores-pontos-para-ver-o-por-do-sol-e-se-encantar-com-as-paisagens\/","og_site_name":"Blog Blumar Turismo: O Seu Portal para Viagens Extraordin\u00e1rias","article_publisher":"https:\/\/www.facebook.com\/blumarviagenseturismo","article_author":"https:\/\/www.facebook.com\/blumarviagenseturismo","article_published_time":"2025-03-26T18:18:54+00:00","article_modified_time":"2025-03-27T12:21:25+00:00","og_image":[{"width":2560,"height":1707,"url":"https:\/\/www.blumarturismo.com.br\/blog\/wp-content\/uploads\/2025\/03\/IMG_2290-scaled.jpg","type":"image\/jpeg"}],"author":"Blumar Turismo","twitter_card":"summary_large_image","twitter_misc":{"Escrito por":"Blumar Turismo","Est. tempo de leitura":"13 minutos"},"schema":{"@context":"https:\/\/schema.org","@graph":[{"@type":"Article","@id":"https:\/\/www.blumarturismo.com.br\/blog\/mirantes-de-buzios-os-melhores-pontos-para-ver-o-por-do-sol-e-se-encantar-com-as-paisagens\/#article","isPartOf":{"@id":"https:\/\/www.blumarturismo.com.br\/blog\/mirantes-de-buzios-os-melhores-pontos-para-ver-o-por-do-sol-e-se-encantar-com-as-paisagens\/"},"author":{"name":"Blumar Turismo","@id":"https:\/\/www.blumarturismo.com.br\/blog\/#\/schema\/person\/8c5b522f6a79142bafca484c4604fba7"},"headline":"Mirantes de B\u00fazios: Os Melhores Pontos para Ver o P\u00f4r do Sol e se Encantar com as Paisagens","datePublished":"2025-03-26T18:18:54+00:00","dateModified":"2025-03-27T12:21:25+00:00","mainEntityOfPage":{"@id":"https:\/\/www.blumarturismo.com.br\/blog\/mirantes-de-buzios-os-melhores-pontos-para-ver-o-por-do-sol-e-se-encantar-com-as-paisagens\/"},"wordCount":2115,"commentCount":0,"publisher":{"@id":"https:\/\/www.blumarturismo.com.br\/blog\/#organization"},"image":{"@id":"https:\/\/www.blumarturismo.com.br\/blog\/mirantes-de-buzios-os-melhores-pontos-para-ver-o-por-do-sol-e-se-encantar-com-as-paisagens\/#primaryimage"},"thumbnailUrl":"https:\/\/www.blumarturismo.com.br\/blog\/wp-content\/uploads\/2025\/03\/IMG_2290-scaled.jpg","articleSection":["Destinos Nacionais","Dicas de Viagem"],"inLanguage":"pt-BR","potentialAction":[{"@type":"CommentAction","name":"Comment","target":["https:\/\/www.blumarturismo.com.br\/blog\/mirantes-de-buzios-os-melhores-pontos-para-ver-o-por-do-sol-e-se-encantar-com-as-paisagens\/#respond"]}]},{"@type":"WebPage","@id":"https:\/\/www.blumarturismo.com.br\/blog\/mirantes-de-buzios-os-melhores-pontos-para-ver-o-por-do-sol-e-se-encantar-com-as-paisagens\/","url":"https:\/\/www.blumarturismo.com.br\/blog\/mirantes-de-buzios-os-melhores-pontos-para-ver-o-por-do-sol-e-se-encantar-com-as-paisagens\/","name":"Mirantes de B\u00fazios: Os Melhores Pontos para Ver o P\u00f4r do Sol e se Encantar com as Paisagens - Blog Blumar Turismo: O Seu Portal para Viagens Extraordin\u00e1rias","isPartOf":{"@id":"https:\/\/www.blumarturismo.com.br\/blog\/#website"},"primaryImageOfPage":{"@id":"https:\/\/www.blumarturismo.com.br\/blog\/mirantes-de-buzios-os-melhores-pontos-para-ver-o-por-do-sol-e-se-encantar-com-as-paisagens\/#primaryimage"},"image":{"@id":"https:\/\/www.blumarturismo.com.br\/blog\/mirantes-de-buzios-os-melhores-pontos-para-ver-o-por-do-sol-e-se-encantar-com-as-paisagens\/#primaryimage"},"thumbnailUrl":"https:\/\/www.blumarturismo.com.br\/blog\/wp-content\/uploads\/2025\/03\/IMG_2290-scaled.jpg","datePublished":"2025-03-26T18:18:54+00:00","dateModified":"2025-03-27T12:21:25+00:00","description":"Venha com a Blumar Turismo conhecer os mirantes de B\u00fazios e se encante com os melhores pontos para ver o p\u00f4r do sol ! Aproveite !","breadcrumb":{"@id":"https:\/\/www.blumarturismo.com.br\/blog\/mirantes-de-buzios-os-melhores-pontos-para-ver-o-por-do-sol-e-se-encantar-com-as-paisagens\/#breadcrumb"},"inLanguage":"pt-BR","potentialAction":[{"@type":"ReadAction","target":["https:\/\/www.blumarturismo.com.br\/blog\/mirantes-de-buzios-os-melhores-pontos-para-ver-o-por-do-sol-e-se-encantar-com-as-paisagens\/"]}]},{"@type":"ImageObject","inLanguage":"pt-BR","@id":"https:\/\/www.blumarturismo.com.br\/blog\/mirantes-de-buzios-os-melhores-pontos-para-ver-o-por-do-sol-e-se-encantar-com-as-paisagens\/#primaryimage","url":"https:\/\/www.blumarturismo.com.br\/blog\/wp-content\/uploads\/2025\/03\/IMG_2290-scaled.jpg","contentUrl":"https:\/\/www.blumarturismo.com.br\/blog\/wp-content\/uploads\/2025\/03\/IMG_2290-scaled.jpg","width":2560,"height":1707,"caption":"Foto: Guilherme Ferreira \/ Blumar Turismo"},{"@type":"BreadcrumbList","@id":"https:\/\/www.blumarturismo.com.br\/blog\/mirantes-de-buzios-os-melhores-pontos-para-ver-o-por-do-sol-e-se-encantar-com-as-paisagens\/#breadcrumb","itemListElement":[{"@type":"ListItem","position":1,"name":"In\u00edcio","item":"https:\/\/www.blumarturismo.com.br\/blog\/"},{"@type":"ListItem","position":2,"name":"Mirantes de B\u00fazios: Os Melhores Pontos para Ver o P\u00f4r do Sol e se Encantar com as Paisagens"}]},{"@type":"WebSite","@id":"https:\/\/www.blumarturismo.com.br\/blog\/#website","url":"https:\/\/www.blumarturismo.com.br\/blog\/","name":"Blog Blumar Turismo: O Seu Portal para Viagens Extraordin\u00e1rias","description":"Viajar \u00e9 nossa paix\u00e3o e expertise, e agora compartilhamos isso com voc\u00ea atrav\u00e9s do nosso blog. Com mais de 30 anos de hist\u00f3ria, a Blumar Turismo \u00e9 seu parceiro confi\u00e1vel para aventuras memor\u00e1veis. Explore conosco","publisher":{"@id":"https:\/\/www.blumarturismo.com.br\/blog\/#organization"},"potentialAction":[{"@type":"SearchAction","target":{"@type":"EntryPoint","urlTemplate":"https:\/\/www.blumarturismo.com.br\/blog\/?s={search_term_string}"},"query-input":{"@type":"PropertyValueSpecification","valueRequired":true,"valueName":"search_term_string"}}],"inLanguage":"pt-BR"},{"@type":"Organization","@id":"https:\/\/www.blumarturismo.com.br\/blog\/#organization","name":"Blumar Turismo","url":"https:\/\/www.blumarturismo.com.br\/blog\/","logo":{"@type":"ImageObject","inLanguage":"pt-BR","@id":"https:\/\/www.blumarturismo.com.br\/blog\/#\/schema\/logo\/image\/","url":"https:\/\/www.blumarturismo.com.br\/blog\/wp-content\/uploads\/2020\/11\/cropped-logo_blumar_nacional2-2.jpg","contentUrl":"https:\/\/www.blumarturismo.com.br\/blog\/wp-content\/uploads\/2020\/11\/cropped-logo_blumar_nacional2-2.jpg","width":167,"height":50,"caption":"Blumar Turismo"},"image":{"@id":"https:\/\/www.blumarturismo.com.br\/blog\/#\/schema\/logo\/image\/"},"sameAs":["https:\/\/www.facebook.com\/blumarviagenseturismo","https:\/\/www.instagram.com\/blumarturismo\/"]},{"@type":"Person","@id":"https:\/\/www.blumarturismo.com.br\/blog\/#\/schema\/person\/8c5b522f6a79142bafca484c4604fba7","name":"Blumar Turismo","image":{"@type":"ImageObject","inLanguage":"pt-BR","@id":"https:\/\/www.blumarturismo.com.br\/blog\/#\/schema\/person\/image\/","url":"https:\/\/secure.gravatar.com\/avatar\/18a47e99a2b3ce558e7834aabf1bb475e0ae3a970dea40e74a2d2b71531fbe3b?s=96&d=mm&r=g","contentUrl":"https:\/\/secure.gravatar.com\/avatar\/18a47e99a2b3ce558e7834aabf1bb475e0ae3a970dea40e74a2d2b71531fbe3b?s=96&d=mm&r=g","caption":"Blumar Turismo"},"description":"Com uma trajet\u00f3ria consolidada de mais de 30 anos no setor de turismo, a Blumar Turismo se estabeleceu como l\u00edder gra\u00e7as ao seu compromisso cont\u00ednuo com a qualidade e satisfa\u00e7\u00e3o do cliente. Nossa experi\u00eancia traduz-se em viagens que v\u00e3o al\u00e9m da expectativa. Nosso Legado: 1. Expertise e Excel\u00eancia: Com tr\u00eas d\u00e9cadas de dedica\u00e7\u00e3o, aprofundamos nossa expertise para oferecer servi\u00e7os de viagem personalizados e de alto padr\u00e3o. Cada viagem, seja econ\u00f4mica ou de luxo, \u00e9 meticulosamente projetada para garantir experi\u00eancias not\u00e1veis. 2. Vanguarda em Inova\u00e7\u00e3o e Tecnologia: Nossa miss\u00e3o \u00e9 sempre liderar, incorporando as solu\u00e7\u00f5es mais avan\u00e7adas em produtos e tecnologias. A inova\u00e7\u00e3o \u00e9 intr\u00ednseca \u00e0 Blumar, permitindo-nos aprimorar constantemente a experi\u00eancia de viagem de nossos clientes. 3. Nossa Equipe, Nosso Diferencial: O verdadeiro motor da Blumar Turismo \u00e9 nossa equipe de profissionais. Com paix\u00e3o e dedica\u00e7\u00e3o, eles garantem que cada itiner\u00e1rio se transforme em uma experi\u00eancia \u00fanica e memor\u00e1vel. Seu comprometimento \u00e9 o que nos faz ganhar a confian\u00e7a de nossos clientes repetidamente. Na Blumar, n\u00e3o se trata apenas de vender pacotes de viagem, mas de projetar experi\u00eancias. Nossos roteiros prometem criar mem\u00f3rias duradouras, proporcionando viagens ricas em descobertas e emo\u00e7\u00f5es. Cremos que viajar \u00e9 uma forma de enriquecimento pessoal, explorando novas perspectivas e redefinindo-se a cada novo destino. Explore o mundo com a Blumar Turismo e torne sua jornada verdadeiramente extraordin\u00e1ria.","sameAs":["https:\/\/www.facebook.com\/blumarviagenseturismo","https:\/\/www.instagram.com\/blumarturismo\/","https:\/\/www.linkedin.com\/company\/blumar-turismo\/","https:\/\/www.youtube.com\/@BlumarTurismo"],"award":["2002 | 7th World Petroleum Congress & Rio Oil & Gas Expo","2003 | 27\u00ba International Congress on Occupational Health - ICOH","2004 | IOF World Congress on Osteoporosis 2004","2005 | XXV Brazilian Congress on Rheumatology","2006 | 3rd World Congress on AIDS","2007 | 66th FIP Congress of Pharmacy and Pharmaceutical Sciences","2008 | 62\u00ba Congresso Brasileiro de Cardiologia","2009 | 3rd World Congress of Pediatric Gastroenterology Hepatology and Nutrition","2010 | Pr\u00eamio Caio da D\u00e9cada - Jacar\u00e9 de Diamante - pelo 3rd World Congress on AIDS","2011 | XIV Congresso SOBRICE","2012 | XVIII Congresso da Sociedade Brasileira de Diabetes","2013 | 67\u00ba Congresso da Sociedade Brasileira de Dermatologia","2016 | Congresso Mundial da Propriedade Intelectual da AIPPI"],"knowsAbout":["Turismo de Luxo","Consultoria Personalizada","Opera\u00e7\u00e3o de Programas Tur\u00edsticos Customizados","Tours Variados","Sele\u00e7\u00e3o de Hot\u00e9is e Experi\u00eancias Inesquec\u00edveis"],"knowsLanguage":["Ingles","Portugu\u00eas","Espanhol"],"jobTitle":"Operadora de Turismo e Ag\u00eancia de Viagens","worksFor":"Blumar Turismo","url":"https:\/\/www.blumarturismo.com.br\/blog\/author\/guilherme\/"}]}},"_links":{"self":[{"href":"https:\/\/www.blumarturismo.com.br\/blog\/wp-json\/wp\/v2\/posts\/68972","targetHints":{"allow":["GET"]}}],"collection":[{"href":"https:\/\/www.blumarturismo.com.br\/blog\/wp-json\/wp\/v2\/posts"}],"about":[{"href":"https:\/\/www.blumarturismo.com.br\/blog\/wp-json\/wp\/v2\/types\/post"}],"author":[{"embeddable":true,"href":"https:\/\/www.blumarturismo.com.br\/blog\/wp-json\/wp\/v2\/users\/10"}],"replies":[{"embeddable":true,"href":"https:\/\/www.blumarturismo.com.br\/blog\/wp-json\/wp\/v2\/comments?post=68972"}],"version-history":[{"count":19,"href":"https:\/\/www.blumarturismo.com.br\/blog\/wp-json\/wp\/v2\/posts\/68972\/revisions"}],"predecessor-version":[{"id":69015,"href":"https:\/\/www.blumarturismo.com.br\/blog\/wp-json\/wp\/v2\/posts\/68972\/revisions\/69015"}],"wp:featuredmedia":[{"embeddable":true,"href":"https:\/\/www.blumarturismo.com.br\/blog\/wp-json\/wp\/v2\/media\/69099"}],"wp:attachment":[{"href":"https:\/\/www.blumarturismo.com.br\/blog\/wp-json\/wp\/v2\/media?parent=68972"}],"wp:term":[{"taxonomy":"category","embeddable":true,"href":"https:\/\/www.blumarturismo.com.br\/blog\/wp-json\/wp\/v2\/categories?post=68972"},{"taxonomy":"post_tag","embeddable":true,"href":"https:\/\/www.blumarturismo.com.br\/blog\/wp-json\/wp\/v2\/tags?post=68972"}],"curies":[{"name":"wp","href":"https:\/\/api.w.org\/{rel}","templated":true}]}}