{"id":69113,"date":"2025-03-27T11:47:49","date_gmt":"2025-03-27T14:47:49","guid":{"rendered":"https:\/\/www.blumarturismo.com.br\/blog\/?p=69113"},"modified":"2025-03-27T11:47:52","modified_gmt":"2025-03-27T14:47:52","slug":"pedra-do-guardiao-em-buzios-um-segredo-mistico-entre-a-ferradura-e-a-ferradurinha","status":"publish","type":"post","link":"https:\/\/www.blumarturismo.com.br\/blog\/pedra-do-guardiao-em-buzios-um-segredo-mistico-entre-a-ferradura-e-a-ferradurinha\/","title":{"rendered":"Pedra do Guardi\u00e3o em B\u00fazios: Um segredo m\u00edstico entre a Ferradura e a Ferradurinha"},"content":{"rendered":"\t\t<div data-elementor-type=\"wp-post\" data-elementor-id=\"69113\" class=\"elementor elementor-69113\" data-elementor-post-type=\"post\">\n\t\t\t\t\t\t\t<div class=\"elementor-element elementor-element-e49adc8 e-flex e-con-boxed e-con e-parent\" data-id=\"e49adc8\" data-element_type=\"container\" data-settings=\"{&quot;content_width&quot;:&quot;boxed&quot;}\" data-core-v316-plus=\"true\">\n\t\t\t\t\t<div class=\"e-con-inner\">\n\t\t\t\t<div class=\"elementor-element elementor-element-046c3d1 elementor-widget elementor-widget-text-editor\" data-id=\"046c3d1\" data-element_type=\"widget\" data-widget_type=\"text-editor.default\">\n\t\t\t\t<div class=\"elementor-widget-container\">\n\t\t\t<style>\/*! elementor - v3.16.0 - 13-09-2023 *\/\n.elementor-widget-text-editor.elementor-drop-cap-view-stacked .elementor-drop-cap{background-color:#69727d;color:#fff}.elementor-widget-text-editor.elementor-drop-cap-view-framed .elementor-drop-cap{color:#69727d;border:3px solid;background-color:transparent}.elementor-widget-text-editor:not(.elementor-drop-cap-view-default) .elementor-drop-cap{margin-top:8px}.elementor-widget-text-editor:not(.elementor-drop-cap-view-default) .elementor-drop-cap-letter{width:1em;height:1em}.elementor-widget-text-editor .elementor-drop-cap{float:left;text-align:center;line-height:1;font-size:50px}.elementor-widget-text-editor .elementor-drop-cap-letter{display:inline-block}<\/style>\t\t\t\t<p data-renderer-start-pos=\"209\">Em uma trilha pouco explorada entre duas das praias mais lindas de <strong><a href=\"https:\/\/www.blumarturismo.com.br\/blog\/mirantes-de-buzios-os-melhores-pontos-para-ver-o-por-do-sol-e-se-encantar-com-as-paisagens\/\">B\u00fazios<\/a> <\/strong>\u2013 <strong data-renderer-mark=\"true\">Ferradura e Ferradurinha<\/strong>, est\u00e1 escondida uma das joias mais m\u00edsticas da Regi\u00e3o dos Lagos: a <strong data-renderer-mark=\"true\">Pedra do Guardi\u00e3o<\/strong>.<\/p><p data-renderer-start-pos=\"448\">Essa forma\u00e7\u00e3o rochosa curiosa, que parece ter sido esculpida por m\u00e3os humanas em formato de um rosto gigante olhando para o horizonte, impressiona por sua beleza, energia e localiza\u00e7\u00e3o estrat\u00e9gica com uma vista privilegiada do mar aberto.<\/p>\t\t\t\t\t\t<\/div>\n\t\t\t\t<\/div>\n\t\t\t\t\t<\/div>\n\t\t\t\t<\/div>\n\t\t<div class=\"elementor-element elementor-element-29c795f e-flex e-con-boxed e-con e-parent\" data-id=\"29c795f\" data-element_type=\"container\" data-settings=\"{&quot;content_width&quot;:&quot;boxed&quot;}\" data-core-v316-plus=\"true\">\n\t\t\t\t\t<div class=\"e-con-inner\">\n\t\t\t\t<div class=\"elementor-element elementor-element-519d674 elementor-widget elementor-widget-video\" data-id=\"519d674\" data-element_type=\"widget\" data-settings=\"{&quot;youtube_url&quot;:&quot;https:\\\/\\\/www.youtube.com\\\/watch?v=o3Qzowzi-r8&quot;,&quot;video_type&quot;:&quot;youtube&quot;,&quot;controls&quot;:&quot;yes&quot;}\" data-widget_type=\"video.default\">\n\t\t\t\t<div class=\"elementor-widget-container\">\n\t\t\t<style>\/*! elementor - v3.16.0 - 13-09-2023 *\/\n.elementor-widget-video .elementor-widget-container{overflow:hidden;transform:translateZ(0)}.elementor-widget-video .elementor-wrapper{aspect-ratio:var(--video-aspect-ratio)}.elementor-widget-video .elementor-wrapper iframe,.elementor-widget-video .elementor-wrapper video{height:100%;width:100%;display:flex;border:none;background-color:#000}@supports not (aspect-ratio:1\/1){.elementor-widget-video .elementor-wrapper{position:relative;overflow:hidden;height:0;padding-bottom:calc(100% \/ var(--video-aspect-ratio))}.elementor-widget-video .elementor-wrapper iframe,.elementor-widget-video .elementor-wrapper video{position:absolute;top:0;right:0;bottom:0;left:0}}.elementor-widget-video .elementor-open-inline .elementor-custom-embed-image-overlay{position:absolute;top:0;right:0;bottom:0;left:0;background-size:cover;background-position:50%}.elementor-widget-video .elementor-custom-embed-image-overlay{cursor:pointer;text-align:center}.elementor-widget-video .elementor-custom-embed-image-overlay:hover .elementor-custom-embed-play i{opacity:1}.elementor-widget-video .elementor-custom-embed-image-overlay img{display:block;width:100%;aspect-ratio:var(--video-aspect-ratio);-o-object-fit:cover;object-fit:cover;-o-object-position:center center;object-position:center center}@supports not (aspect-ratio:1\/1){.elementor-widget-video .elementor-custom-embed-image-overlay{position:relative;overflow:hidden;height:0;padding-bottom:calc(100% \/ var(--video-aspect-ratio))}.elementor-widget-video .elementor-custom-embed-image-overlay img{position:absolute;top:0;right:0;bottom:0;left:0}}.elementor-widget-video .e-hosted-video .elementor-video{-o-object-fit:cover;object-fit:cover}.e-con-inner>.elementor-widget-video,.e-con>.elementor-widget-video{width:var(--container-widget-width);--flex-grow:var(--container-widget-flex-grow)}<\/style>\t\t<div class=\"elementor-wrapper elementor-open-inline\">\n\t\t\t<div class=\"elementor-video\"><\/div>\t\t<\/div>\n\t\t\t\t<\/div>\n\t\t\t\t<\/div>\n\t\t\t\t\t<\/div>\n\t\t\t\t<\/div>\n\t\t<div class=\"elementor-element elementor-element-e8c62b2 e-flex e-con-boxed e-con e-parent\" data-id=\"e8c62b2\" data-element_type=\"container\" data-settings=\"{&quot;content_width&quot;:&quot;boxed&quot;}\" data-core-v316-plus=\"true\">\n\t\t\t\t\t<div class=\"e-con-inner\">\n\t\t\t\t<div class=\"elementor-element elementor-element-170fd55 elementor-widget elementor-widget-heading\" data-id=\"170fd55\" data-element_type=\"widget\" data-widget_type=\"heading.default\">\n\t\t\t\t<div class=\"elementor-widget-container\">\n\t\t\t<style>\/*! elementor - v3.16.0 - 13-09-2023 *\/\n.elementor-heading-title{padding:0;margin:0;line-height:1}.elementor-widget-heading .elementor-heading-title[class*=elementor-size-]>a{color:inherit;font-size:inherit;line-height:inherit}.elementor-widget-heading .elementor-heading-title.elementor-size-small{font-size:15px}.elementor-widget-heading .elementor-heading-title.elementor-size-medium{font-size:19px}.elementor-widget-heading .elementor-heading-title.elementor-size-large{font-size:29px}.elementor-widget-heading .elementor-heading-title.elementor-size-xl{font-size:39px}.elementor-widget-heading .elementor-heading-title.elementor-size-xxl{font-size:59px}<\/style><h2 class=\"elementor-heading-title elementor-size-large\">Onde fica a Pedra do Guardi\u00e3o?\n<\/h2>\t\t<\/div>\n\t\t\t\t<\/div>\n\t\t\t\t<div class=\"elementor-element elementor-element-f44e7c1 elementor-widget elementor-widget-text-editor\" data-id=\"f44e7c1\" data-element_type=\"widget\" data-widget_type=\"text-editor.default\">\n\t\t\t\t<div class=\"elementor-widget-container\">\n\t\t\t\t\t\t\t<p data-renderer-start-pos=\"726\">A <strong data-renderer-mark=\"true\">Pedra do Guardi\u00e3o<\/strong> est\u00e1 localizada em uma \u00e1rea de preserva\u00e7\u00e3o ambiental dentro do <strong data-renderer-mark=\"true\">Parque Estadual da Costa do Sol<\/strong>, em <strong><a href=\"https:\/\/www.blumarturismo.com.br\/blog\/lugares-imperdiveis-em-buzios-roteiro-essencial-para-viver-o-melhor-da-peninsula-mais-charmosa-do-brasil\/\">B\u00fazios<\/a><\/strong>, no trecho de trilha entre a <strong data-renderer-mark=\"true\">Praia da Ferradura<\/strong> e a <strong data-renderer-mark=\"true\">Praia da Ferradurinha<\/strong>.<\/p><p data-renderer-start-pos=\"928\">\ud83d\udccd <strong data-renderer-mark=\"true\">Ponto de partida da trilha:<\/strong> Canto direito da Praia da Ferradura, pr\u00f3ximo \u00e0 Pousada Unic\u00f3rnio.<\/p><p data-renderer-start-pos=\"1026\">\ud83d\uddfa\ufe0f <strong data-renderer-mark=\"true\">Dist\u00e2ncia da trilha:<\/strong> Aproximadamente 850 metros<br \/>\ud83d\udeb6\u200d\u2640\ufe0f <strong data-renderer-mark=\"true\">Tempo de caminhada:<\/strong> De 20 a 30 minutos (n\u00edvel f\u00e1cil\/moderado)<\/p>\t\t\t\t\t\t<\/div>\n\t\t\t\t<\/div>\n\t\t\t\t\t<\/div>\n\t\t\t\t<\/div>\n\t\t<div class=\"elementor-element elementor-element-6ea2d81 e-flex e-con-boxed e-con e-parent\" data-id=\"6ea2d81\" data-element_type=\"container\" data-settings=\"{&quot;content_width&quot;:&quot;boxed&quot;}\" data-core-v316-plus=\"true\">\n\t\t\t\t\t<div class=\"e-con-inner\">\n\t\t\t\t<div class=\"elementor-element elementor-element-8148b2f elementor-widget elementor-widget-heading\" data-id=\"8148b2f\" data-element_type=\"widget\" data-widget_type=\"heading.default\">\n\t\t\t\t<div class=\"elementor-widget-container\">\n\t\t\t<h2 class=\"elementor-heading-title elementor-size-large\">O que \u00e9 a Pedra do Guardi\u00e3o?\n<\/h2>\t\t<\/div>\n\t\t\t\t<\/div>\n\t\t\t\t<div class=\"elementor-element elementor-element-60ad071 elementor-widget elementor-widget-text-editor\" data-id=\"60ad071\" data-element_type=\"widget\" data-widget_type=\"text-editor.default\">\n\t\t\t\t<div class=\"elementor-widget-container\">\n\t\t\t\t\t\t\t<p data-renderer-start-pos=\"1178\">Trata-se de uma <strong data-renderer-mark=\"true\">forma\u00e7\u00e3o rochosa natural<\/strong> que lembra um rosto humano esculpido na pedra \u2014 da\u00ed vem o nome <strong data-renderer-mark=\"true\">&#8220;Guardi\u00e3o&#8221;<\/strong>. A imagem parece estar em posi\u00e7\u00e3o de vig\u00edlia, observando o mar e protegendo a pen\u00ednsula, o que contribui para a atmosfera m\u00edstica do lugar.<\/p><p data-renderer-start-pos=\"1434\">Algumas pessoas afirmam sentir uma energia diferente ali, tornando o local popular entre quem busca medita\u00e7\u00e3o, contempla\u00e7\u00e3o ou simplesmente uma conex\u00e3o mais profunda com a natureza.<\/p>\t\t\t\t\t\t<\/div>\n\t\t\t\t<\/div>\n\t\t\t\t\t<\/div>\n\t\t\t\t<\/div>\n\t\t<div class=\"elementor-element elementor-element-d46a326 e-flex e-con-boxed e-con e-parent\" data-id=\"d46a326\" data-element_type=\"container\" data-settings=\"{&quot;content_width&quot;:&quot;boxed&quot;}\" data-core-v316-plus=\"true\">\n\t\t\t\t\t<div class=\"e-con-inner\">\n\t\t\t\t<div class=\"elementor-element elementor-element-c17e0ce elementor-widget elementor-widget-heading\" data-id=\"c17e0ce\" data-element_type=\"widget\" data-widget_type=\"heading.default\">\n\t\t\t\t<div class=\"elementor-widget-container\">\n\t\t\t<h2 class=\"elementor-heading-title elementor-size-large\">Por que visitar a Pedra do Guardi\u00e3o?<\/h2>\t\t<\/div>\n\t\t\t\t<\/div>\n\t\t\t\t<div class=\"elementor-element elementor-element-cd8992c elementor-widget elementor-widget-image\" data-id=\"cd8992c\" data-element_type=\"widget\" data-widget_type=\"image.default\">\n\t\t\t\t<div class=\"elementor-widget-container\">\n\t\t\t<style>\/*! elementor - v3.16.0 - 13-09-2023 *\/\n.elementor-widget-image{text-align:center}.elementor-widget-image a{display:inline-block}.elementor-widget-image a img[src$=\".svg\"]{width:48px}.elementor-widget-image img{vertical-align:middle;display:inline-block}<\/style>\t\t\t\t\t\t\t\t\t<figure class=\"wp-caption\">\n\t\t\t\t\t\t\t\t\t\t<img loading=\"lazy\" decoding=\"async\" width=\"1024\" height=\"683\" src=\"https:\/\/www.blumarturismo.com.br\/blog\/wp-content\/uploads\/2025\/03\/IMG_2312-1024x683.jpg\" class=\"attachment-large size-large wp-image-69129\" alt=\"Foto: Guilherme Ferreira \/ Blumar Turismo\" srcset=\"https:\/\/www.blumarturismo.com.br\/blog\/wp-content\/uploads\/2025\/03\/IMG_2312-1024x683.jpg 1024w, https:\/\/www.blumarturismo.com.br\/blog\/wp-content\/uploads\/2025\/03\/IMG_2312-300x200.jpg 300w, https:\/\/www.blumarturismo.com.br\/blog\/wp-content\/uploads\/2025\/03\/IMG_2312-768x512.jpg 768w, https:\/\/www.blumarturismo.com.br\/blog\/wp-content\/uploads\/2025\/03\/IMG_2312-1536x1024.jpg 1536w, https:\/\/www.blumarturismo.com.br\/blog\/wp-content\/uploads\/2025\/03\/IMG_2312-2048x1365.jpg 2048w\" sizes=\"auto, (max-width: 1024px) 100vw, 1024px\" \/>\t\t\t\t\t\t\t\t\t\t\t<figcaption class=\"widget-image-caption wp-caption-text\">Foto: Guilherme Ferreira \/ Blumar Turismo<\/figcaption>\n\t\t\t\t\t\t\t\t\t\t<\/figure>\n\t\t\t\t\t\t\t\t\t<\/div>\n\t\t\t\t<\/div>\n\t\t\t\t<div class=\"elementor-element elementor-element-d2676f8 elementor-widget elementor-widget-heading\" data-id=\"d2676f8\" data-element_type=\"widget\" data-widget_type=\"heading.default\">\n\t\t\t\t<div class=\"elementor-widget-container\">\n\t\t\t<h2 class=\"elementor-heading-title elementor-size-medium\">\ud83c\udf05 Vista cinematogr\u00e1fica\n<\/h2>\t\t<\/div>\n\t\t\t\t<\/div>\n\t\t\t\t<div class=\"elementor-element elementor-element-0c73c83 elementor-widget elementor-widget-text-editor\" data-id=\"0c73c83\" data-element_type=\"widget\" data-widget_type=\"text-editor.default\">\n\t\t\t\t<div class=\"elementor-widget-container\">\n\t\t\t\t\t\t\t<p>Do topo das pedras, \u00e9 poss\u00edvel ver as \u00e1guas cristalinas que contornam B\u00fazios, o cost\u00e3o rochoso e trechos intocados da vegeta\u00e7\u00e3o do parque. Um cen\u00e1rio <strong data-renderer-mark=\"true\">perfeito para fotos, v\u00eddeos com drone ou apenas para contemplar.<\/strong><\/p>\t\t\t\t\t\t<\/div>\n\t\t\t\t<\/div>\n\t\t\t\t<div class=\"elementor-element elementor-element-c4f2329 elementor-widget elementor-widget-heading\" data-id=\"c4f2329\" data-element_type=\"widget\" data-widget_type=\"heading.default\">\n\t\t\t\t<div class=\"elementor-widget-container\">\n\t\t\t<h2 class=\"elementor-heading-title elementor-size-medium\">\ud83e\uddd8 Energia m\u00edstica<\/h2>\t\t<\/div>\n\t\t\t\t<\/div>\n\t\t\t\t<div class=\"elementor-element elementor-element-9d75a1b elementor-widget elementor-widget-text-editor\" data-id=\"9d75a1b\" data-element_type=\"widget\" data-widget_type=\"text-editor.default\">\n\t\t\t\t<div class=\"elementor-widget-container\">\n\t\t\t\t\t\t\t<p data-prosemirror-content-type=\"node\" data-prosemirror-node-name=\"paragraph\" data-prosemirror-node-block=\"true\" data-pm-slice=\"1 1 []\">H\u00e1 quem diga que o local possui uma <strong data-prosemirror-content-type=\"mark\" data-prosemirror-mark-name=\"strong\">frequ\u00eancia energ\u00e9tica elevada<\/strong>, ideal para pr\u00e1ticas como medita\u00e7\u00e3o, y\u00f4ga e rituais de conex\u00e3o com a natureza.<\/p>\t\t\t\t\t\t<\/div>\n\t\t\t\t<\/div>\n\t\t\t\t\t<\/div>\n\t\t\t\t<\/div>\n\t\t<div class=\"elementor-element elementor-element-350f49e e-flex e-con-boxed e-con e-parent\" data-id=\"350f49e\" data-element_type=\"container\" data-settings=\"{&quot;content_width&quot;:&quot;boxed&quot;}\" data-core-v316-plus=\"true\">\n\t\t\t\t\t<div class=\"e-con-inner\">\n\t\t\t\t<div class=\"elementor-element elementor-element-44877c5 elementor-widget elementor-widget-heading\" data-id=\"44877c5\" data-element_type=\"widget\" data-widget_type=\"heading.default\">\n\t\t\t\t<div class=\"elementor-widget-container\">\n\t\t\t<h2 class=\"elementor-heading-title elementor-size-medium\">\ud83d\udcf8 Instagram\u00e1vel ao extremo<\/h2>\t\t<\/div>\n\t\t\t\t<\/div>\n\t\t\t\t<div class=\"elementor-element elementor-element-213464a elementor-widget elementor-widget-text-editor\" data-id=\"213464a\" data-element_type=\"widget\" data-widget_type=\"text-editor.default\">\n\t\t\t\t<div class=\"elementor-widget-container\">\n\t\t\t\t\t\t\t<p data-prosemirror-content-type=\"node\" data-prosemirror-node-name=\"paragraph\" data-prosemirror-node-block=\"true\" data-pm-slice=\"1 1 []\">Al\u00e9m da pedra com formato \u00fanico, o caminho da trilha oferece \u00e2ngulos incr\u00edveis entre pedras, mar e vegeta\u00e7\u00e3o. Um verdadeiro para\u00edso para fot\u00f3grafos e criadores de conte\u00fado.<\/p>\t\t\t\t\t\t<\/div>\n\t\t\t\t<\/div>\n\t\t\t\t\t<\/div>\n\t\t\t\t<\/div>\n\t\t<div class=\"elementor-element elementor-element-6f93881 e-flex e-con-boxed e-con e-parent\" data-id=\"6f93881\" data-element_type=\"container\" data-settings=\"{&quot;content_width&quot;:&quot;boxed&quot;}\" data-core-v316-plus=\"true\">\n\t\t\t\t\t<div class=\"e-con-inner\">\n\t\t\t\t<div class=\"elementor-element elementor-element-6e390e4 elementor-widget elementor-widget-heading\" data-id=\"6e390e4\" data-element_type=\"widget\" data-widget_type=\"heading.default\">\n\t\t\t\t<div class=\"elementor-widget-container\">\n\t\t\t<h2 class=\"elementor-heading-title elementor-size-large\">Dicas para a trilha<\/h2>\t\t<\/div>\n\t\t\t\t<\/div>\n\t\t\t\t<div class=\"elementor-element elementor-element-1b74a63 elementor-widget elementor-widget-text-editor\" data-id=\"1b74a63\" data-element_type=\"widget\" data-widget_type=\"text-editor.default\">\n\t\t\t\t<div class=\"elementor-widget-container\">\n\t\t\t\t\t\t\t<ul class=\"ak-ul\" data-prosemirror-content-type=\"node\" data-prosemirror-node-name=\"bulletList\" data-prosemirror-node-block=\"true\" data-pm-slice=\"3 3 []\"><li data-prosemirror-content-type=\"node\" data-prosemirror-node-name=\"listItem\" data-prosemirror-node-block=\"true\"><p data-prosemirror-content-type=\"node\" data-prosemirror-node-name=\"paragraph\" data-prosemirror-node-block=\"true\">\u2705 <strong data-prosemirror-content-type=\"mark\" data-prosemirror-mark-name=\"strong\">Use t\u00eanis ou cal\u00e7ado firme:<\/strong> o caminho tem pedras e trechos com mato.<\/p><\/li><li data-prosemirror-content-type=\"node\" data-prosemirror-node-name=\"listItem\" data-prosemirror-node-block=\"true\"><p data-prosemirror-content-type=\"node\" data-prosemirror-node-name=\"paragraph\" data-prosemirror-node-block=\"true\">\ud83c\udf1e <strong data-prosemirror-content-type=\"mark\" data-prosemirror-mark-name=\"strong\">Leve \u00e1gua, chap\u00e9u e protetor solar:<\/strong> n\u00e3o h\u00e1 infraestrutura na trilha.<\/p><\/li><li data-prosemirror-content-type=\"node\" data-prosemirror-node-name=\"listItem\" data-prosemirror-node-block=\"true\"><p data-prosemirror-content-type=\"node\" data-prosemirror-node-name=\"paragraph\" data-prosemirror-node-block=\"true\">\ud83e\udded <strong data-prosemirror-content-type=\"mark\" data-prosemirror-mark-name=\"strong\">Evite ir sozinho:<\/strong> v\u00e1 em grupo ou com guia local.<\/p><\/li><li data-prosemirror-content-type=\"node\" data-prosemirror-node-name=\"listItem\" data-prosemirror-node-block=\"true\"><p data-prosemirror-content-type=\"node\" data-prosemirror-node-name=\"paragraph\" data-prosemirror-node-block=\"true\">\ud83d\udcf7 <strong data-prosemirror-content-type=\"mark\" data-prosemirror-mark-name=\"strong\">Leve c\u00e2mera ou drone:<\/strong> o visual rende registros \u00e9picos.<\/p><\/li><li data-prosemirror-content-type=\"node\" data-prosemirror-node-name=\"listItem\" data-prosemirror-node-block=\"true\"><p data-prosemirror-content-type=\"node\" data-prosemirror-node-name=\"paragraph\" data-prosemirror-node-block=\"true\">\ud83c\udf05 <strong data-prosemirror-content-type=\"mark\" data-prosemirror-mark-name=\"strong\">Melhor hor\u00e1rio:<\/strong> final da tarde para pegar o p\u00f4r do sol.<\/p><\/li><\/ul>\t\t\t\t\t\t<\/div>\n\t\t\t\t<\/div>\n\t\t\t\t\t<\/div>\n\t\t\t\t<\/div>\n\t\t<div class=\"elementor-element elementor-element-f43f2c2 e-flex e-con-boxed e-con e-parent\" data-id=\"f43f2c2\" data-element_type=\"container\" data-settings=\"{&quot;content_width&quot;:&quot;boxed&quot;}\" data-core-v316-plus=\"true\">\n\t\t\t\t\t<div class=\"e-con-inner\">\n\t\t\t\t<div class=\"elementor-element elementor-element-f63b2b3 elementor-widget elementor-widget-heading\" data-id=\"f63b2b3\" data-element_type=\"widget\" data-widget_type=\"heading.default\">\n\t\t\t\t<div class=\"elementor-widget-container\">\n\t\t\t<h2 class=\"elementor-heading-title elementor-size-large\">Como chegar?\n\n<\/h2>\t\t<\/div>\n\t\t\t\t<\/div>\n\t\t\t\t<div class=\"elementor-element elementor-element-be56c57 elementor-widget elementor-widget-text-editor\" data-id=\"be56c57\" data-element_type=\"widget\" data-widget_type=\"text-editor.default\">\n\t\t\t\t<div class=\"elementor-widget-container\">\n\t\t\t\t\t\t\t<ul class=\"ak-ul\" data-prosemirror-content-type=\"node\" data-prosemirror-node-name=\"bulletList\" data-prosemirror-node-block=\"true\" data-pm-slice=\"3 1 []\"><li data-prosemirror-content-type=\"node\" data-prosemirror-node-name=\"listItem\" data-prosemirror-node-block=\"true\"><p data-prosemirror-content-type=\"node\" data-prosemirror-node-name=\"paragraph\" data-prosemirror-node-block=\"true\">Se estiver de carro, coloque no GPS: <strong data-prosemirror-content-type=\"mark\" data-prosemirror-mark-name=\"strong\">Pousada Unic\u00f3rnio \u2013 Praia da Ferradura<\/strong>.<\/p><\/li><li data-prosemirror-content-type=\"node\" data-prosemirror-node-name=\"listItem\" data-prosemirror-node-block=\"true\"><p data-prosemirror-content-type=\"node\" data-prosemirror-node-name=\"paragraph\" data-prosemirror-node-block=\"true\">Estacione nas imedia\u00e7\u00f5es e siga a p\u00e9 em dire\u00e7\u00e3o ao canto direito da praia, onde come\u00e7a a trilha.<\/p><\/li><\/ul><p data-prosemirror-content-type=\"node\" data-prosemirror-node-name=\"paragraph\" data-prosemirror-node-block=\"true\">\ud83d\ude90 Para quem n\u00e3o estiver de carro, t\u00e1xis e aplicativos de mobilidade funcionam bem at\u00e9 a Praia da Ferradura.<\/p>\t\t\t\t\t\t<\/div>\n\t\t\t\t<\/div>\n\t\t\t\t\t<\/div>\n\t\t\t\t<\/div>\n\t\t<div class=\"elementor-element elementor-element-bef70de e-flex e-con-boxed e-con e-parent\" data-id=\"bef70de\" data-element_type=\"container\" data-settings=\"{&quot;content_width&quot;:&quot;boxed&quot;}\" data-core-v316-plus=\"true\">\n\t\t\t\t\t<div class=\"e-con-inner\">\n\t\t\t\t<div class=\"elementor-element elementor-element-8741d70 elementor-widget elementor-widget-heading\" data-id=\"8741d70\" data-element_type=\"widget\" data-widget_type=\"heading.default\">\n\t\t\t\t<div class=\"elementor-widget-container\">\n\t\t\t<h2 class=\"elementor-heading-title elementor-size-large\">Curiosidades sobre a Pedra do Guardi\u00e3o<\/h2>\t\t<\/div>\n\t\t\t\t<\/div>\n\t\t\t\t<div class=\"elementor-element elementor-element-99f9380 elementor-widget elementor-widget-image\" data-id=\"99f9380\" data-element_type=\"widget\" data-widget_type=\"image.default\">\n\t\t\t\t<div class=\"elementor-widget-container\">\n\t\t\t\t\t\t\t\t\t\t\t\t<figure class=\"wp-caption\">\n\t\t\t\t\t\t\t\t\t\t<img loading=\"lazy\" decoding=\"async\" width=\"1000\" height=\"750\" src=\"https:\/\/www.blumarturismo.com.br\/blog\/wp-content\/uploads\/2025\/03\/Gilmar-Paolilo-Shutterstock.com_.jpg\" class=\"attachment-large size-large wp-image-69147\" alt=\"Foto: Gilmar Paolilo \/ Shutterstock.com\" srcset=\"https:\/\/www.blumarturismo.com.br\/blog\/wp-content\/uploads\/2025\/03\/Gilmar-Paolilo-Shutterstock.com_.jpg 1000w, https:\/\/www.blumarturismo.com.br\/blog\/wp-content\/uploads\/2025\/03\/Gilmar-Paolilo-Shutterstock.com_-300x225.jpg 300w, https:\/\/www.blumarturismo.com.br\/blog\/wp-content\/uploads\/2025\/03\/Gilmar-Paolilo-Shutterstock.com_-768x576.jpg 768w\" sizes=\"auto, (max-width: 1000px) 100vw, 1000px\" \/>\t\t\t\t\t\t\t\t\t\t\t<figcaption class=\"widget-image-caption wp-caption-text\">Foto: Gilmar Paolilo \/ Shutterstock.com<\/figcaption>\n\t\t\t\t\t\t\t\t\t\t<\/figure>\n\t\t\t\t\t\t\t\t\t<\/div>\n\t\t\t\t<\/div>\n\t\t\t\t<div class=\"elementor-element elementor-element-62b922b elementor-widget elementor-widget-text-editor\" data-id=\"62b922b\" data-element_type=\"widget\" data-widget_type=\"text-editor.default\">\n\t\t\t\t<div class=\"elementor-widget-container\">\n\t\t\t\t\t\t\t<ul class=\"ak-ul\" data-prosemirror-content-type=\"node\" data-prosemirror-node-name=\"bulletList\" data-prosemirror-node-block=\"true\" data-pm-slice=\"3 3 []\"><li data-prosemirror-content-type=\"node\" data-prosemirror-node-name=\"listItem\" data-prosemirror-node-block=\"true\"><p data-prosemirror-content-type=\"node\" data-prosemirror-node-name=\"paragraph\" data-prosemirror-node-block=\"true\">A rocha <strong data-prosemirror-content-type=\"mark\" data-prosemirror-mark-name=\"strong\">parece um rosto humano gigante<\/strong>, esculpido como um \u201cguardi\u00e3o ancestral\u201d olhando para o oceano.<\/p><\/li><li data-prosemirror-content-type=\"node\" data-prosemirror-node-name=\"listItem\" data-prosemirror-node-block=\"true\"><p data-prosemirror-content-type=\"node\" data-prosemirror-node-name=\"paragraph\" data-prosemirror-node-block=\"true\">O local integra uma \u00e1rea do <strong data-prosemirror-content-type=\"mark\" data-prosemirror-mark-name=\"strong\">Parque Estadual da Costa do Sol<\/strong>, e por isso a trilha est\u00e1 relativamente preservada.<\/p><\/li><li data-prosemirror-content-type=\"node\" data-prosemirror-node-name=\"listItem\" data-prosemirror-node-block=\"true\"><p data-prosemirror-content-type=\"node\" data-prosemirror-node-name=\"paragraph\" data-prosemirror-node-block=\"true\">Alguns moradores e espiritualistas acreditam que o local emana energia tel\u00farica \u2014 um \u201cponto de for\u00e7a\u201d.<\/p><\/li><\/ul>\t\t\t\t\t\t<\/div>\n\t\t\t\t<\/div>\n\t\t\t\t<div class=\"elementor-element elementor-element-e5a013c elementor-widget elementor-widget-heading\" data-id=\"e5a013c\" data-element_type=\"widget\" data-widget_type=\"heading.default\">\n\t\t\t\t<div class=\"elementor-widget-container\">\n\t\t\t<h2 class=\"elementor-heading-title elementor-size-large\">Dica especial: Fa\u00e7a o circuito completo<\/h2>\t\t<\/div>\n\t\t\t\t<\/div>\n\t\t\t\t<div class=\"elementor-element elementor-element-dbd8f0b elementor-widget elementor-widget-text-editor\" data-id=\"dbd8f0b\" data-element_type=\"widget\" data-widget_type=\"text-editor.default\">\n\t\t\t\t<div class=\"elementor-widget-container\">\n\t\t\t\t\t\t\t<p data-prosemirror-content-type=\"node\" data-prosemirror-node-name=\"paragraph\" data-prosemirror-node-block=\"true\" data-pm-slice=\"1 1 []\">Se voc\u00ea curte trilhas com vista para o mar, pode seguir da Pedra do Guardi\u00e3o at\u00e9 a <strong data-prosemirror-content-type=\"mark\" data-prosemirror-mark-name=\"strong\">Praia da Ferradurinha<\/strong> e terminar o passeio com um banho em suas \u00e1guas tranquilas. Um roteiro leve, bonito e completo para uma manh\u00e3 ou tarde de aventura leve.<\/p>\t\t\t\t\t\t<\/div>\n\t\t\t\t<\/div>\n\t\t\t\t<div class=\"elementor-element elementor-element-0e61406 elementor-widget elementor-widget-text-editor\" data-id=\"0e61406\" data-element_type=\"widget\" data-widget_type=\"text-editor.default\">\n\t\t\t\t<div class=\"elementor-widget-container\">\n\t\t\t\t\t\t\t<p data-prosemirror-content-type=\"node\" data-prosemirror-node-name=\"paragraph\" data-prosemirror-node-block=\"true\" data-pm-slice=\"1 1 []\">A <strong data-prosemirror-content-type=\"mark\" data-prosemirror-mark-name=\"strong\">Pedra do Guardi\u00e3o<\/strong>, em B\u00fazios, \u00e9 o tipo de lugar que toca n\u00e3o apenas os olhos, mas tamb\u00e9m a alma. Em meio \u00e0 natureza bruta e ao sil\u00eancio do mar, esse mirante escondido \u00e9 ideal para quem quer fugir do comum e viver uma experi\u00eancia \u00fanica, cheia de energia e beleza.<\/p><p data-prosemirror-content-type=\"node\" data-prosemirror-node-name=\"paragraph\" data-prosemirror-node-block=\"true\">Seja para meditar, contemplar ou apenas admirar o p\u00f4r do sol em paz, este \u00e9 o tipo de passeio que transforma a viagem.<\/p>\t\t\t\t\t\t<\/div>\n\t\t\t\t<\/div>\n\t\t\t\t\t<\/div>\n\t\t\t\t<\/div>\n\t\t<div class=\"elementor-element elementor-element-3000e0a e-flex e-con-boxed e-con e-child\" data-id=\"3000e0a\" data-element_type=\"container\" data-settings=\"{&quot;content_width&quot;:&quot;boxed&quot;}\">\n\t\t\t\t\t<div class=\"e-con-inner\">\n\t\t\t\t<div class=\"elementor-element elementor-element-db8c849 elementor-widget elementor-widget-heading\" data-id=\"db8c849\" data-element_type=\"widget\" data-widget_type=\"heading.default\">\n\t\t\t\t<div class=\"elementor-widget-container\">\n\t\t\t<h2 class=\"elementor-heading-title elementor-size-large\">Depoimentos de Quem Viveu a Experi\u00eancia<\/h2>\t\t<\/div>\n\t\t\t\t<\/div>\n\t\t\t\t<div class=\"elementor-element elementor-element-e4f2d81 elementor-widget elementor-widget-text-editor\" data-id=\"e4f2d81\" data-element_type=\"widget\" data-widget_type=\"text-editor.default\">\n\t\t\t\t<div class=\"elementor-widget-container\">\n\t\t\t\t\t\t\t<p style=\"text-align: center;\"><strong>Blumar Turismo: Certificada pelo Reclame Aqui<\/strong><\/p>\t\t\t\t\t\t<\/div>\n\t\t\t\t<\/div>\n\t\t\t\t<div class=\"elementor-element elementor-element-0ae8746 elementor-widget elementor-widget-html\" data-id=\"0ae8746\" data-element_type=\"widget\" data-widget_type=\"html.default\">\n\t\t\t\t<div class=\"elementor-widget-container\">\n\t\t\t<center><div id=\"ra-verified-seal\"><script type=\"text\/javascript\" id=\"ra-embed-verified-seal\" src=\"https:\/\/s3.amazonaws.com\/raichu-beta\/ra-verified\/bundle.js\" data-id=\"MzI4Nzc6Ymx1bWFy\" data-target=\"ra-verified-seal\" data-model=\"2\"><\/script><\/div><\/center>\t\t<\/div>\n\t\t\t\t<\/div>\n\t\t\t\t<div class=\"elementor-element elementor-element-0c5bf5c elementor-widget elementor-widget-text-editor\" data-id=\"0c5bf5c\" data-element_type=\"widget\" data-widget_type=\"text-editor.default\">\n\t\t\t\t<div class=\"elementor-widget-container\">\n\t\t\t\t\t\t\t<p><span style=\"color: var( --e-global-color-text ); text-align: var(--text-align);\">Na <strong>Blumar Turismo<\/strong>, nos orgulhamos de oferecer um servi\u00e7o de excel\u00eancia. Somos certificados pelo Reclame Aqui e n\u00e3o recebemos nenhuma reclama\u00e7\u00e3o nos \u00faltimos 12 meses.<\/span><\/p><p>Nosso compromisso \u00e9 com a total satisfa\u00e7\u00e3o do cliente. Garantimos experi\u00eancias de viagem \u00fanicas e memor\u00e1veis, cuidando de cada detalhe, desde a escolha dos melhores destinos e hot\u00e9is at\u00e9 a personaliza\u00e7\u00e3o de roteiros. Nossa equipe est\u00e1 dedicada a atender todas as suas necessidades com m\u00e1xima aten\u00e7\u00e3o e profissionalismo.<\/p>\t\t\t\t\t\t<\/div>\n\t\t\t\t<\/div>\n\t\t\t\t<div class=\"elementor-element elementor-element-66ead8c elementor-widget elementor-widget-html\" data-id=\"66ead8c\" data-element_type=\"widget\" data-widget_type=\"html.default\">\n\t\t\t\t<div class=\"elementor-widget-container\">\n\t\t\t<script defer async src='https:\/\/cdn.trustindex.io\/loader.js?dc6229528d81446bbc4644b5063'><\/script>\t\t<\/div>\n\t\t\t\t<\/div>\n\t\t\t\t\t<\/div>\n\t\t\t\t<\/div>\n\t\t<div class=\"elementor-element elementor-element-2151269 e-flex e-con-boxed e-con e-parent\" data-id=\"2151269\" data-element_type=\"container\" data-settings=\"{&quot;content_width&quot;:&quot;boxed&quot;}\" data-core-v316-plus=\"true\">\n\t\t\t\t\t<div class=\"e-con-inner\">\n\t\t\t\t<div class=\"elementor-element elementor-element-6633bf0 elementor-widget elementor-widget-heading\" data-id=\"6633bf0\" data-element_type=\"widget\" data-widget_type=\"heading.default\">\n\t\t\t\t<div class=\"elementor-widget-container\">\n\t\t\t<h2 class=\"elementor-heading-title elementor-size-medium\">Posts que voc\u00ea tamb\u00e9m pode se interessar:<\/h2>\t\t<\/div>\n\t\t\t\t<\/div>\n\t\t\t\t<div class=\"elementor-element elementor-element-7961b7b elementor-widget elementor-widget-text-editor\" data-id=\"7961b7b\" data-element_type=\"widget\" data-widget_type=\"text-editor.default\">\n\t\t\t\t<div class=\"elementor-widget-container\">\n\t\t\t\t\t\t\t<ul><li><a href=\"https:\/\/www.blumarturismo.com.br\/blog\/ponta-da-lagoinha-em-buzios-o-lugar-mistico-selvagem-e-milenar-que-poucos-conhecem\/\">Ponta da Lagoinha em B\u00fazios: O lugar m\u00edstico, selvagem e milenar que poucos conhecem<\/a><\/li><li><a href=\"https:\/\/www.blumarturismo.com.br\/blog\/buzios-arraial-do-cabo-ou-angra-dos-reis\/\">Qual destino escolher: B\u00fazios, Arraial do Cabo ou Angra dos Reis?<\/a><\/li><li><a href=\"https:\/\/www.blumarturismo.com.br\/blog\/mirante-do-pai-vitorio-em-buzios-natureza-selvagem-e-vista-incrivel-do-alto\/\">Mirante do Pai Vit\u00f3rio em B\u00fazios: Natureza Selvagem e Vista Incr\u00edvel do Alto<\/a><\/li><li><a href=\"https:\/\/www.blumarturismo.com.br\/blog\/passeio-de-lancha-em-buzios-o-litoral-fluminense-como-voce-nunca-viu\/\">Passeio de Lancha em B\u00fazios ; O Litoral Fluminense como Voc\u00ea Nunca Viu<\/a><\/li><li><a href=\"https:\/\/www.blumarturismo.com.br\/blog\/mirantes-de-buzios-os-melhores-pontos-para-ver-o-por-do-sol-e-se-encantar-com-as-paisagens\/\">Mirantes de B\u00fazios: Os Melhores Pontos para Ver o P\u00f4r do Sol e se Encantar com as Paisagens<\/a><\/li><\/ul>\t\t\t\t\t\t<\/div>\n\t\t\t\t<\/div>\n\t\t\t\t\t<\/div>\n\t\t\t\t<\/div>\n\t\t<div class=\"elementor-element elementor-element-9d59350 e-flex e-con-boxed e-con e-parent\" data-id=\"9d59350\" data-element_type=\"container\" data-settings=\"{&quot;content_width&quot;:&quot;boxed&quot;}\" data-core-v316-plus=\"true\">\n\t\t\t\t\t<div class=\"e-con-inner\">\n\t\t\t\t<div class=\"elementor-element elementor-element-b88d968 elementor-widget elementor-widget-heading\" data-id=\"b88d968\" data-element_type=\"widget\" data-widget_type=\"heading.default\">\n\t\t\t\t<div class=\"elementor-widget-container\">\n\t\t\t<h2 class=\"elementor-heading-title elementor-size-large\">FAQ: Pedra do Guardi\u00e3o em B\u00fazios - Um Tesouro M\u00edstico Entre Praias Paradis\u00edacas\n<\/h2>\t\t<\/div>\n\t\t\t\t<\/div>\n\t\t\t\t<div class=\"elementor-element elementor-element-a36c330 elementor-widget elementor-widget-image\" data-id=\"a36c330\" data-element_type=\"widget\" data-widget_type=\"image.default\">\n\t\t\t\t<div class=\"elementor-widget-container\">\n\t\t\t\t\t\t\t\t\t\t\t\t<figure class=\"wp-caption\">\n\t\t\t\t\t\t\t\t\t\t<img loading=\"lazy\" decoding=\"async\" width=\"1024\" height=\"683\" src=\"https:\/\/www.blumarturismo.com.br\/blog\/wp-content\/uploads\/2025\/03\/IMG_2317-1024x683.jpg\" class=\"attachment-large size-large wp-image-69127\" alt=\"Foto: Guilherme Ferreira \/ Blumar Turismo\" srcset=\"https:\/\/www.blumarturismo.com.br\/blog\/wp-content\/uploads\/2025\/03\/IMG_2317-1024x683.jpg 1024w, https:\/\/www.blumarturismo.com.br\/blog\/wp-content\/uploads\/2025\/03\/IMG_2317-300x200.jpg 300w, https:\/\/www.blumarturismo.com.br\/blog\/wp-content\/uploads\/2025\/03\/IMG_2317-768x512.jpg 768w, https:\/\/www.blumarturismo.com.br\/blog\/wp-content\/uploads\/2025\/03\/IMG_2317-1536x1024.jpg 1536w, https:\/\/www.blumarturismo.com.br\/blog\/wp-content\/uploads\/2025\/03\/IMG_2317-2048x1365.jpg 2048w\" sizes=\"auto, (max-width: 1024px) 100vw, 1024px\" \/>\t\t\t\t\t\t\t\t\t\t\t<figcaption class=\"widget-image-caption wp-caption-text\">Foto: Guilherme Ferreira \/ Blumar Turismo<\/figcaption>\n\t\t\t\t\t\t\t\t\t\t<\/figure>\n\t\t\t\t\t\t\t\t\t<\/div>\n\t\t\t\t<\/div>\n\t\t\t\t<div class=\"elementor-element elementor-element-a9a9225 elementor-widget elementor-widget-toggle\" data-id=\"a9a9225\" data-element_type=\"widget\" data-widget_type=\"toggle.default\">\n\t\t\t\t<div class=\"elementor-widget-container\">\n\t\t\t<style>\/*! elementor - v3.16.0 - 13-09-2023 *\/\n.elementor-toggle{text-align:left}.elementor-toggle .elementor-tab-title{font-weight:700;line-height:1;margin:0;padding:15px;border-bottom:1px solid #d5d8dc;cursor:pointer;outline:none}.elementor-toggle .elementor-tab-title .elementor-toggle-icon{display:inline-block;width:1em}.elementor-toggle .elementor-tab-title .elementor-toggle-icon svg{margin-inline-start:-5px;width:1em;height:1em}.elementor-toggle .elementor-tab-title .elementor-toggle-icon.elementor-toggle-icon-right{float:right;text-align:right}.elementor-toggle .elementor-tab-title .elementor-toggle-icon.elementor-toggle-icon-left{float:left;text-align:left}.elementor-toggle .elementor-tab-title .elementor-toggle-icon .elementor-toggle-icon-closed{display:block}.elementor-toggle .elementor-tab-title .elementor-toggle-icon .elementor-toggle-icon-opened{display:none}.elementor-toggle .elementor-tab-title.elementor-active{border-bottom:none}.elementor-toggle .elementor-tab-title.elementor-active .elementor-toggle-icon-closed{display:none}.elementor-toggle .elementor-tab-title.elementor-active .elementor-toggle-icon-opened{display:block}.elementor-toggle .elementor-tab-content{padding:15px;border-bottom:1px solid #d5d8dc;display:none}@media (max-width:767px){.elementor-toggle .elementor-tab-title{padding:12px}.elementor-toggle .elementor-tab-content{padding:12px 10px}}.e-con-inner>.elementor-widget-toggle,.e-con>.elementor-widget-toggle{width:var(--container-widget-width);--flex-grow:var(--container-widget-flex-grow)}<\/style>\t\t<div class=\"elementor-toggle\">\n\t\t\t\t\t\t\t<div class=\"elementor-toggle-item\">\n\t\t\t\t\t<div id=\"elementor-tab-title-1771\" class=\"elementor-tab-title\" data-tab=\"1\" role=\"button\" aria-controls=\"elementor-tab-content-1771\" aria-expanded=\"false\">\n\t\t\t\t\t\t\t\t\t\t\t\t<span class=\"elementor-toggle-icon elementor-toggle-icon-left\" aria-hidden=\"true\">\n\t\t\t\t\t\t\t\t\t\t\t\t\t\t\t<span class=\"elementor-toggle-icon-closed\"><svg class=\"e-font-icon-svg e-fas-caret-right\" viewBox=\"0 0 192 512\" xmlns=\"http:\/\/www.w3.org\/2000\/svg\"><path d=\"M0 384.662V127.338c0-17.818 21.543-26.741 34.142-14.142l128.662 128.662c7.81 7.81 7.81 20.474 0 28.284L34.142 398.804C21.543 411.404 0 402.48 0 384.662z\"><\/path><\/svg><\/span>\n\t\t\t\t\t\t\t\t<span class=\"elementor-toggle-icon-opened\"><svg class=\"elementor-toggle-icon-opened e-font-icon-svg e-fas-caret-up\" viewBox=\"0 0 320 512\" xmlns=\"http:\/\/www.w3.org\/2000\/svg\"><path d=\"M288.662 352H31.338c-17.818 0-26.741-21.543-14.142-34.142l128.662-128.662c7.81-7.81 20.474-7.81 28.284 0l128.662 128.662c12.6 12.599 3.676 34.142-14.142 34.142z\"><\/path><\/svg><\/span>\n\t\t\t\t\t\t\t\t\t\t\t\t\t<\/span>\n\t\t\t\t\t\t\t\t\t\t\t\t<a class=\"elementor-toggle-title\" tabindex=\"0\">O que \u00e9 a Pedra do Guardi\u00e3o?<\/a>\n\t\t\t\t\t<\/div>\n\n\t\t\t\t\t<div id=\"elementor-tab-content-1771\" class=\"elementor-tab-content elementor-clearfix\" data-tab=\"1\" role=\"region\" aria-labelledby=\"elementor-tab-title-1771\"><p>A Pedra do Guardi\u00e3o \u00e9 uma forma\u00e7\u00e3o rochosa natural localizada em B\u00fazios, na Regi\u00e3o dos Lagos do Rio de Janeiro. Sua caracter\u00edstica mais marcante \u00e9 o formato que lembra um rosto humano esculpido na pedra, voltado para o mar, como se estivesse em posi\u00e7\u00e3o de vig\u00edlia, protegendo a pen\u00ednsula.<\/p><\/div>\n\t\t\t\t<\/div>\n\t\t\t\t\t\t\t<div class=\"elementor-toggle-item\">\n\t\t\t\t\t<div id=\"elementor-tab-title-1772\" class=\"elementor-tab-title\" data-tab=\"2\" role=\"button\" aria-controls=\"elementor-tab-content-1772\" aria-expanded=\"false\">\n\t\t\t\t\t\t\t\t\t\t\t\t<span class=\"elementor-toggle-icon elementor-toggle-icon-left\" aria-hidden=\"true\">\n\t\t\t\t\t\t\t\t\t\t\t\t\t\t\t<span class=\"elementor-toggle-icon-closed\"><svg class=\"e-font-icon-svg e-fas-caret-right\" viewBox=\"0 0 192 512\" xmlns=\"http:\/\/www.w3.org\/2000\/svg\"><path d=\"M0 384.662V127.338c0-17.818 21.543-26.741 34.142-14.142l128.662 128.662c7.81 7.81 7.81 20.474 0 28.284L34.142 398.804C21.543 411.404 0 402.48 0 384.662z\"><\/path><\/svg><\/span>\n\t\t\t\t\t\t\t\t<span class=\"elementor-toggle-icon-opened\"><svg class=\"elementor-toggle-icon-opened e-font-icon-svg e-fas-caret-up\" viewBox=\"0 0 320 512\" xmlns=\"http:\/\/www.w3.org\/2000\/svg\"><path d=\"M288.662 352H31.338c-17.818 0-26.741-21.543-14.142-34.142l128.662-128.662c7.81-7.81 20.474-7.81 28.284 0l128.662 128.662c12.6 12.599 3.676 34.142-14.142 34.142z\"><\/path><\/svg><\/span>\n\t\t\t\t\t\t\t\t\t\t\t\t\t<\/span>\n\t\t\t\t\t\t\t\t\t\t\t\t<a class=\"elementor-toggle-title\" tabindex=\"0\">Onde exatamente fica a Pedra do Guardi\u00e3o?<\/a>\n\t\t\t\t\t<\/div>\n\n\t\t\t\t\t<div id=\"elementor-tab-content-1772\" class=\"elementor-tab-content elementor-clearfix\" data-tab=\"2\" role=\"region\" aria-labelledby=\"elementor-tab-title-1772\"><p>A Pedra do Guardi\u00e3o est\u00e1 situada em uma \u00e1rea de preserva\u00e7\u00e3o ambiental dentro do Parque Estadual da Costa do Sol, em B\u00fazios. Especificamente, ela se encontra no trecho de trilha entre a Praia da Ferradura e a Praia da Ferradurinha.<\/p><\/div>\n\t\t\t\t<\/div>\n\t\t\t\t\t\t\t<div class=\"elementor-toggle-item\">\n\t\t\t\t\t<div id=\"elementor-tab-title-1773\" class=\"elementor-tab-title\" data-tab=\"3\" role=\"button\" aria-controls=\"elementor-tab-content-1773\" aria-expanded=\"false\">\n\t\t\t\t\t\t\t\t\t\t\t\t<span class=\"elementor-toggle-icon elementor-toggle-icon-left\" aria-hidden=\"true\">\n\t\t\t\t\t\t\t\t\t\t\t\t\t\t\t<span class=\"elementor-toggle-icon-closed\"><svg class=\"e-font-icon-svg e-fas-caret-right\" viewBox=\"0 0 192 512\" xmlns=\"http:\/\/www.w3.org\/2000\/svg\"><path d=\"M0 384.662V127.338c0-17.818 21.543-26.741 34.142-14.142l128.662 128.662c7.81 7.81 7.81 20.474 0 28.284L34.142 398.804C21.543 411.404 0 402.48 0 384.662z\"><\/path><\/svg><\/span>\n\t\t\t\t\t\t\t\t<span class=\"elementor-toggle-icon-opened\"><svg class=\"elementor-toggle-icon-opened e-font-icon-svg e-fas-caret-up\" viewBox=\"0 0 320 512\" xmlns=\"http:\/\/www.w3.org\/2000\/svg\"><path d=\"M288.662 352H31.338c-17.818 0-26.741-21.543-14.142-34.142l128.662-128.662c7.81-7.81 20.474-7.81 28.284 0l128.662 128.662c12.6 12.599 3.676 34.142-14.142 34.142z\"><\/path><\/svg><\/span>\n\t\t\t\t\t\t\t\t\t\t\t\t\t<\/span>\n\t\t\t\t\t\t\t\t\t\t\t\t<a class=\"elementor-toggle-title\" tabindex=\"0\">Como chegar \u00e0 Pedra do Guardi\u00e3o?<\/a>\n\t\t\t\t\t<\/div>\n\n\t\t\t\t\t<div id=\"elementor-tab-content-1773\" class=\"elementor-tab-content elementor-clearfix\" data-tab=\"3\" role=\"region\" aria-labelledby=\"elementor-tab-title-1773\"><p>Para chegar \u00e0 Pedra do Guardi\u00e3o, siga estas instru\u00e7\u00f5es:<\/p><ul><li>Dirija-se \u00e0 Praia da Ferradura em B\u00fazios.<\/li><li>Localize a Pousada Unic\u00f3rnio no canto direito da praia.<\/li><li>A partir deste ponto, inicie a trilha que leva \u00e0 Pedra do Guardi\u00e3o.<\/li><li>Se estiver de carro, voc\u00ea pode usar o GPS para encontrar a Pousada Unic\u00f3rnio.<\/li><li>Caso n\u00e3o tenha transporte pr\u00f3prio, t\u00e1xis e aplicativos de mobilidade s\u00e3o op\u00e7\u00f5es vi\u00e1veis at\u00e9 a Praia da Ferradura.<\/li><\/ul><\/div>\n\t\t\t\t<\/div>\n\t\t\t\t\t\t\t<div class=\"elementor-toggle-item\">\n\t\t\t\t\t<div id=\"elementor-tab-title-1774\" class=\"elementor-tab-title\" data-tab=\"4\" role=\"button\" aria-controls=\"elementor-tab-content-1774\" aria-expanded=\"false\">\n\t\t\t\t\t\t\t\t\t\t\t\t<span class=\"elementor-toggle-icon elementor-toggle-icon-left\" aria-hidden=\"true\">\n\t\t\t\t\t\t\t\t\t\t\t\t\t\t\t<span class=\"elementor-toggle-icon-closed\"><svg class=\"e-font-icon-svg e-fas-caret-right\" viewBox=\"0 0 192 512\" xmlns=\"http:\/\/www.w3.org\/2000\/svg\"><path d=\"M0 384.662V127.338c0-17.818 21.543-26.741 34.142-14.142l128.662 128.662c7.81 7.81 7.81 20.474 0 28.284L34.142 398.804C21.543 411.404 0 402.48 0 384.662z\"><\/path><\/svg><\/span>\n\t\t\t\t\t\t\t\t<span class=\"elementor-toggle-icon-opened\"><svg class=\"elementor-toggle-icon-opened e-font-icon-svg e-fas-caret-up\" viewBox=\"0 0 320 512\" xmlns=\"http:\/\/www.w3.org\/2000\/svg\"><path d=\"M288.662 352H31.338c-17.818 0-26.741-21.543-14.142-34.142l128.662-128.662c7.81-7.81 20.474-7.81 28.284 0l128.662 128.662c12.6 12.599 3.676 34.142-14.142 34.142z\"><\/path><\/svg><\/span>\n\t\t\t\t\t\t\t\t\t\t\t\t\t<\/span>\n\t\t\t\t\t\t\t\t\t\t\t\t<a class=\"elementor-toggle-title\" tabindex=\"0\">Qual a dist\u00e2ncia e dura\u00e7\u00e3o da trilha at\u00e9 a Pedra do Guardi\u00e3o?<\/a>\n\t\t\t\t\t<\/div>\n\n\t\t\t\t\t<div id=\"elementor-tab-content-1774\" class=\"elementor-tab-content elementor-clearfix\" data-tab=\"4\" role=\"region\" aria-labelledby=\"elementor-tab-title-1774\"><p>A trilha tem aproximadamente 850 metros de extens\u00e3o. O tempo de caminhada varia entre 20 a 30 minutos, sendo considerada de n\u00edvel f\u00e1cil a moderado.<\/p><\/div>\n\t\t\t\t<\/div>\n\t\t\t\t\t\t\t<div class=\"elementor-toggle-item\">\n\t\t\t\t\t<div id=\"elementor-tab-title-1775\" class=\"elementor-tab-title\" data-tab=\"5\" role=\"button\" aria-controls=\"elementor-tab-content-1775\" aria-expanded=\"false\">\n\t\t\t\t\t\t\t\t\t\t\t\t<span class=\"elementor-toggle-icon elementor-toggle-icon-left\" aria-hidden=\"true\">\n\t\t\t\t\t\t\t\t\t\t\t\t\t\t\t<span class=\"elementor-toggle-icon-closed\"><svg class=\"e-font-icon-svg e-fas-caret-right\" viewBox=\"0 0 192 512\" xmlns=\"http:\/\/www.w3.org\/2000\/svg\"><path d=\"M0 384.662V127.338c0-17.818 21.543-26.741 34.142-14.142l128.662 128.662c7.81 7.81 7.81 20.474 0 28.284L34.142 398.804C21.543 411.404 0 402.48 0 384.662z\"><\/path><\/svg><\/span>\n\t\t\t\t\t\t\t\t<span class=\"elementor-toggle-icon-opened\"><svg class=\"elementor-toggle-icon-opened e-font-icon-svg e-fas-caret-up\" viewBox=\"0 0 320 512\" xmlns=\"http:\/\/www.w3.org\/2000\/svg\"><path d=\"M288.662 352H31.338c-17.818 0-26.741-21.543-14.142-34.142l128.662-128.662c7.81-7.81 20.474-7.81 28.284 0l128.662 128.662c12.6 12.599 3.676 34.142-14.142 34.142z\"><\/path><\/svg><\/span>\n\t\t\t\t\t\t\t\t\t\t\t\t\t<\/span>\n\t\t\t\t\t\t\t\t\t\t\t\t<a class=\"elementor-toggle-title\" tabindex=\"0\">Por que a Pedra do Guardi\u00e3o \u00e9 considerada m\u00edstica?<\/a>\n\t\t\t\t\t<\/div>\n\n\t\t\t\t\t<div id=\"elementor-tab-content-1775\" class=\"elementor-tab-content elementor-clearfix\" data-tab=\"5\" role=\"region\" aria-labelledby=\"elementor-tab-title-1775\"><p>A Pedra do Guardi\u00e3o \u00e9 considerada m\u00edstica por v\u00e1rias raz\u00f5es:<\/p><ul><li>Seu formato \u00fanico que lembra um rosto humano.<\/li><li>A posi\u00e7\u00e3o estrat\u00e9gica, como se estivesse observando e protegendo a pen\u00ednsula.<\/li><li>Muitos visitantes relatam sentir uma energia diferente no local.<\/li><li>\u00c9 um ponto popular para pr\u00e1ticas como medita\u00e7\u00e3o e yoga.<\/li><li>Alguns acreditam que o local possui uma frequ\u00eancia energ\u00e9tica elevada.<\/li><\/ul><\/div>\n\t\t\t\t<\/div>\n\t\t\t\t\t\t\t<div class=\"elementor-toggle-item\">\n\t\t\t\t\t<div id=\"elementor-tab-title-1776\" class=\"elementor-tab-title\" data-tab=\"6\" role=\"button\" aria-controls=\"elementor-tab-content-1776\" aria-expanded=\"false\">\n\t\t\t\t\t\t\t\t\t\t\t\t<span class=\"elementor-toggle-icon elementor-toggle-icon-left\" aria-hidden=\"true\">\n\t\t\t\t\t\t\t\t\t\t\t\t\t\t\t<span class=\"elementor-toggle-icon-closed\"><svg class=\"e-font-icon-svg e-fas-caret-right\" viewBox=\"0 0 192 512\" xmlns=\"http:\/\/www.w3.org\/2000\/svg\"><path d=\"M0 384.662V127.338c0-17.818 21.543-26.741 34.142-14.142l128.662 128.662c7.81 7.81 7.81 20.474 0 28.284L34.142 398.804C21.543 411.404 0 402.48 0 384.662z\"><\/path><\/svg><\/span>\n\t\t\t\t\t\t\t\t<span class=\"elementor-toggle-icon-opened\"><svg class=\"elementor-toggle-icon-opened e-font-icon-svg e-fas-caret-up\" viewBox=\"0 0 320 512\" xmlns=\"http:\/\/www.w3.org\/2000\/svg\"><path d=\"M288.662 352H31.338c-17.818 0-26.741-21.543-14.142-34.142l128.662-128.662c7.81-7.81 20.474-7.81 28.284 0l128.662 128.662c12.6 12.599 3.676 34.142-14.142 34.142z\"><\/path><\/svg><\/span>\n\t\t\t\t\t\t\t\t\t\t\t\t\t<\/span>\n\t\t\t\t\t\t\t\t\t\t\t\t<a class=\"elementor-toggle-title\" tabindex=\"0\">Quais s\u00e3o as principais atra\u00e7\u00f5es da Pedra do Guardi\u00e3o?<\/a>\n\t\t\t\t\t<\/div>\n\n\t\t\t\t\t<div id=\"elementor-tab-content-1776\" class=\"elementor-tab-content elementor-clearfix\" data-tab=\"6\" role=\"region\" aria-labelledby=\"elementor-tab-title-1776\"><p>As principais atra\u00e7\u00f5es da Pedra do Guardi\u00e3o incluem:<\/p><ul><li>Vista panor\u00e2mica espetacular do mar e da costa de B\u00fazios.<\/li><li>Forma\u00e7\u00e3o rochosa \u00fanica com formato de rosto humano.<\/li><li>Ambiente prop\u00edcio para medita\u00e7\u00e3o e conex\u00e3o com a natureza.<\/li><li>Cen\u00e1rio perfeito para fotografia e videografia, incluindo capturas com drone.<\/li><li>P\u00f4r do sol deslumbrante visto do topo das pedras.<\/li><\/ul><\/div>\n\t\t\t\t<\/div>\n\t\t\t\t\t\t\t<div class=\"elementor-toggle-item\">\n\t\t\t\t\t<div id=\"elementor-tab-title-1777\" class=\"elementor-tab-title\" data-tab=\"7\" role=\"button\" aria-controls=\"elementor-tab-content-1777\" aria-expanded=\"false\">\n\t\t\t\t\t\t\t\t\t\t\t\t<span class=\"elementor-toggle-icon elementor-toggle-icon-left\" aria-hidden=\"true\">\n\t\t\t\t\t\t\t\t\t\t\t\t\t\t\t<span class=\"elementor-toggle-icon-closed\"><svg class=\"e-font-icon-svg e-fas-caret-right\" viewBox=\"0 0 192 512\" xmlns=\"http:\/\/www.w3.org\/2000\/svg\"><path d=\"M0 384.662V127.338c0-17.818 21.543-26.741 34.142-14.142l128.662 128.662c7.81 7.81 7.81 20.474 0 28.284L34.142 398.804C21.543 411.404 0 402.48 0 384.662z\"><\/path><\/svg><\/span>\n\t\t\t\t\t\t\t\t<span class=\"elementor-toggle-icon-opened\"><svg class=\"elementor-toggle-icon-opened e-font-icon-svg e-fas-caret-up\" viewBox=\"0 0 320 512\" xmlns=\"http:\/\/www.w3.org\/2000\/svg\"><path d=\"M288.662 352H31.338c-17.818 0-26.741-21.543-14.142-34.142l128.662-128.662c7.81-7.81 20.474-7.81 28.284 0l128.662 128.662c12.6 12.599 3.676 34.142-14.142 34.142z\"><\/path><\/svg><\/span>\n\t\t\t\t\t\t\t\t\t\t\t\t\t<\/span>\n\t\t\t\t\t\t\t\t\t\t\t\t<a class=\"elementor-toggle-title\" tabindex=\"0\">Quais cuidados devo tomar ao visitar a Pedra do Guardi\u00e3o?<\/a>\n\t\t\t\t\t<\/div>\n\n\t\t\t\t\t<div id=\"elementor-tab-content-1777\" class=\"elementor-tab-content elementor-clearfix\" data-tab=\"7\" role=\"region\" aria-labelledby=\"elementor-tab-title-1777\"><p>Ao visitar a Pedra do Guardi\u00e3o, siga estas dicas importantes:<\/p><ul><li>Use cal\u00e7ado adequado para trilhas (t\u00eanis ou sapato firme).<\/li><li>Leve \u00e1gua, chap\u00e9u e protetor solar, pois n\u00e3o h\u00e1 infraestrutura na trilha.<\/li><li>Evite ir sozinho; prefira ir em grupo ou com um guia local.<\/li><li>Respeite o ambiente natural e n\u00e3o deixe lixo no local.<\/li><li>Tenha cuidado ao caminhar sobre as pedras, especialmente se estiverem \u00famidas.<\/li><\/ul><\/div>\n\t\t\t\t<\/div>\n\t\t\t\t\t\t\t<div class=\"elementor-toggle-item\">\n\t\t\t\t\t<div id=\"elementor-tab-title-1778\" class=\"elementor-tab-title\" data-tab=\"8\" role=\"button\" aria-controls=\"elementor-tab-content-1778\" aria-expanded=\"false\">\n\t\t\t\t\t\t\t\t\t\t\t\t<span class=\"elementor-toggle-icon elementor-toggle-icon-left\" aria-hidden=\"true\">\n\t\t\t\t\t\t\t\t\t\t\t\t\t\t\t<span class=\"elementor-toggle-icon-closed\"><svg class=\"e-font-icon-svg e-fas-caret-right\" viewBox=\"0 0 192 512\" xmlns=\"http:\/\/www.w3.org\/2000\/svg\"><path d=\"M0 384.662V127.338c0-17.818 21.543-26.741 34.142-14.142l128.662 128.662c7.81 7.81 7.81 20.474 0 28.284L34.142 398.804C21.543 411.404 0 402.48 0 384.662z\"><\/path><\/svg><\/span>\n\t\t\t\t\t\t\t\t<span class=\"elementor-toggle-icon-opened\"><svg class=\"elementor-toggle-icon-opened e-font-icon-svg e-fas-caret-up\" viewBox=\"0 0 320 512\" xmlns=\"http:\/\/www.w3.org\/2000\/svg\"><path d=\"M288.662 352H31.338c-17.818 0-26.741-21.543-14.142-34.142l128.662-128.662c7.81-7.81 20.474-7.81 28.284 0l128.662 128.662c12.6 12.599 3.676 34.142-14.142 34.142z\"><\/path><\/svg><\/span>\n\t\t\t\t\t\t\t\t\t\t\t\t\t<\/span>\n\t\t\t\t\t\t\t\t\t\t\t\t<a class=\"elementor-toggle-title\" tabindex=\"0\">Qual o melhor hor\u00e1rio para visitar a Pedra do Guardi\u00e3o?<\/a>\n\t\t\t\t\t<\/div>\n\n\t\t\t\t\t<div id=\"elementor-tab-content-1778\" class=\"elementor-tab-content elementor-clearfix\" data-tab=\"8\" role=\"region\" aria-labelledby=\"elementor-tab-title-1778\"><p>O final da tarde \u00e9 considerado o melhor hor\u00e1rio para visitar a Pedra do Guardi\u00e3o, pois permite apreciar o p\u00f4r do sol deslumbrante. No entanto, certifique-se de iniciar a trilha com tempo suficiente para retornar antes do anoitecer.<\/p><\/div>\n\t\t\t\t<\/div>\n\t\t\t\t\t\t\t<div class=\"elementor-toggle-item\">\n\t\t\t\t\t<div id=\"elementor-tab-title-1779\" class=\"elementor-tab-title\" data-tab=\"9\" role=\"button\" aria-controls=\"elementor-tab-content-1779\" aria-expanded=\"false\">\n\t\t\t\t\t\t\t\t\t\t\t\t<span class=\"elementor-toggle-icon elementor-toggle-icon-left\" aria-hidden=\"true\">\n\t\t\t\t\t\t\t\t\t\t\t\t\t\t\t<span class=\"elementor-toggle-icon-closed\"><svg class=\"e-font-icon-svg e-fas-caret-right\" viewBox=\"0 0 192 512\" xmlns=\"http:\/\/www.w3.org\/2000\/svg\"><path d=\"M0 384.662V127.338c0-17.818 21.543-26.741 34.142-14.142l128.662 128.662c7.81 7.81 7.81 20.474 0 28.284L34.142 398.804C21.543 411.404 0 402.48 0 384.662z\"><\/path><\/svg><\/span>\n\t\t\t\t\t\t\t\t<span class=\"elementor-toggle-icon-opened\"><svg class=\"elementor-toggle-icon-opened e-font-icon-svg e-fas-caret-up\" viewBox=\"0 0 320 512\" xmlns=\"http:\/\/www.w3.org\/2000\/svg\"><path d=\"M288.662 352H31.338c-17.818 0-26.741-21.543-14.142-34.142l128.662-128.662c7.81-7.81 20.474-7.81 28.284 0l128.662 128.662c12.6 12.599 3.676 34.142-14.142 34.142z\"><\/path><\/svg><\/span>\n\t\t\t\t\t\t\t\t\t\t\t\t\t<\/span>\n\t\t\t\t\t\t\t\t\t\t\t\t<a class=\"elementor-toggle-title\" tabindex=\"0\">\u00c9 poss\u00edvel combinar a visita \u00e0 Pedra do Guardi\u00e3o com outras atividades?<\/a>\n\t\t\t\t\t<\/div>\n\n\t\t\t\t\t<div id=\"elementor-tab-content-1779\" class=\"elementor-tab-content elementor-clearfix\" data-tab=\"9\" role=\"region\" aria-labelledby=\"elementor-tab-title-1779\"><p>Sim, \u00e9 poss\u00edvel combinar a visita com outras atividades. Uma op\u00e7\u00e3o popular \u00e9 fazer o circuito completo:<\/p><ul><li>Iniciar na Praia da Ferradura.<\/li><li>Seguir a trilha at\u00e9 a Pedra do Guardi\u00e3o.<\/li><li>Continuar at\u00e9 a Praia da Ferradurinha.<\/li><li>Terminar o passeio com um banho relaxante nas \u00e1guas tranquilas da Ferradurinha.<\/li><\/ul><\/div>\n\t\t\t\t<\/div>\n\t\t\t\t\t\t\t<div class=\"elementor-toggle-item\">\n\t\t\t\t\t<div id=\"elementor-tab-title-17710\" class=\"elementor-tab-title\" data-tab=\"10\" role=\"button\" aria-controls=\"elementor-tab-content-17710\" aria-expanded=\"false\">\n\t\t\t\t\t\t\t\t\t\t\t\t<span class=\"elementor-toggle-icon elementor-toggle-icon-left\" aria-hidden=\"true\">\n\t\t\t\t\t\t\t\t\t\t\t\t\t\t\t<span class=\"elementor-toggle-icon-closed\"><svg class=\"e-font-icon-svg e-fas-caret-right\" viewBox=\"0 0 192 512\" xmlns=\"http:\/\/www.w3.org\/2000\/svg\"><path d=\"M0 384.662V127.338c0-17.818 21.543-26.741 34.142-14.142l128.662 128.662c7.81 7.81 7.81 20.474 0 28.284L34.142 398.804C21.543 411.404 0 402.48 0 384.662z\"><\/path><\/svg><\/span>\n\t\t\t\t\t\t\t\t<span class=\"elementor-toggle-icon-opened\"><svg class=\"elementor-toggle-icon-opened e-font-icon-svg e-fas-caret-up\" viewBox=\"0 0 320 512\" xmlns=\"http:\/\/www.w3.org\/2000\/svg\"><path d=\"M288.662 352H31.338c-17.818 0-26.741-21.543-14.142-34.142l128.662-128.662c7.81-7.81 20.474-7.81 28.284 0l128.662 128.662c12.6 12.599 3.676 34.142-14.142 34.142z\"><\/path><\/svg><\/span>\n\t\t\t\t\t\t\t\t\t\t\t\t\t<\/span>\n\t\t\t\t\t\t\t\t\t\t\t\t<a class=\"elementor-toggle-title\" tabindex=\"0\">A Pedra do Guardi\u00e3o \u00e9 adequada para todos os tipos de visitantes?<\/a>\n\t\t\t\t\t<\/div>\n\n\t\t\t\t\t<div id=\"elementor-tab-content-17710\" class=\"elementor-tab-content elementor-clearfix\" data-tab=\"10\" role=\"region\" aria-labelledby=\"elementor-tab-title-17710\"><p>Embora a trilha seja considerada de n\u00edvel f\u00e1cil a moderado, pode n\u00e3o ser adequada para todos. Pessoas com mobilidade reduzida, problemas de sa\u00fade ou falta de condicionamento f\u00edsico podem encontrar dificuldades. \u00c9 sempre recomend\u00e1vel avaliar suas condi\u00e7\u00f5es f\u00edsicas antes de iniciar a trilha.<\/p><\/div>\n\t\t\t\t<\/div>\n\t\t\t\t\t\t\t<div class=\"elementor-toggle-item\">\n\t\t\t\t\t<div id=\"elementor-tab-title-17711\" class=\"elementor-tab-title\" data-tab=\"11\" role=\"button\" aria-controls=\"elementor-tab-content-17711\" aria-expanded=\"false\">\n\t\t\t\t\t\t\t\t\t\t\t\t<span class=\"elementor-toggle-icon elementor-toggle-icon-left\" aria-hidden=\"true\">\n\t\t\t\t\t\t\t\t\t\t\t\t\t\t\t<span class=\"elementor-toggle-icon-closed\"><svg class=\"e-font-icon-svg e-fas-caret-right\" viewBox=\"0 0 192 512\" xmlns=\"http:\/\/www.w3.org\/2000\/svg\"><path d=\"M0 384.662V127.338c0-17.818 21.543-26.741 34.142-14.142l128.662 128.662c7.81 7.81 7.81 20.474 0 28.284L34.142 398.804C21.543 411.404 0 402.48 0 384.662z\"><\/path><\/svg><\/span>\n\t\t\t\t\t\t\t\t<span class=\"elementor-toggle-icon-opened\"><svg class=\"elementor-toggle-icon-opened e-font-icon-svg e-fas-caret-up\" viewBox=\"0 0 320 512\" xmlns=\"http:\/\/www.w3.org\/2000\/svg\"><path d=\"M288.662 352H31.338c-17.818 0-26.741-21.543-14.142-34.142l128.662-128.662c7.81-7.81 20.474-7.81 28.284 0l128.662 128.662c12.6 12.599 3.676 34.142-14.142 34.142z\"><\/path><\/svg><\/span>\n\t\t\t\t\t\t\t\t\t\t\t\t\t<\/span>\n\t\t\t\t\t\t\t\t\t\t\t\t<a class=\"elementor-toggle-title\" tabindex=\"0\">Existem guias locais dispon\u00edveis para a trilha da Pedra do Guardi\u00e3o?<\/a>\n\t\t\t\t\t<\/div>\n\n\t\t\t\t\t<div id=\"elementor-tab-content-17711\" class=\"elementor-tab-content elementor-clearfix\" data-tab=\"11\" role=\"region\" aria-labelledby=\"elementor-tab-title-17711\"><p>Sim, existem guias locais dispon\u00edveis em B\u00fazios que podem acompanhar voc\u00ea na trilha at\u00e9 a Pedra do Guardi\u00e3o. Contratar um guia pode enriquecer a experi\u00eancia com informa\u00e7\u00f5es sobre a hist\u00f3ria, geologia e curiosidades do local.<\/p><\/div>\n\t\t\t\t<\/div>\n\t\t\t\t\t\t\t<div class=\"elementor-toggle-item\">\n\t\t\t\t\t<div id=\"elementor-tab-title-17712\" class=\"elementor-tab-title\" data-tab=\"12\" role=\"button\" aria-controls=\"elementor-tab-content-17712\" aria-expanded=\"false\">\n\t\t\t\t\t\t\t\t\t\t\t\t<span class=\"elementor-toggle-icon elementor-toggle-icon-left\" aria-hidden=\"true\">\n\t\t\t\t\t\t\t\t\t\t\t\t\t\t\t<span class=\"elementor-toggle-icon-closed\"><svg class=\"e-font-icon-svg e-fas-caret-right\" viewBox=\"0 0 192 512\" xmlns=\"http:\/\/www.w3.org\/2000\/svg\"><path d=\"M0 384.662V127.338c0-17.818 21.543-26.741 34.142-14.142l128.662 128.662c7.81 7.81 7.81 20.474 0 28.284L34.142 398.804C21.543 411.404 0 402.48 0 384.662z\"><\/path><\/svg><\/span>\n\t\t\t\t\t\t\t\t<span class=\"elementor-toggle-icon-opened\"><svg class=\"elementor-toggle-icon-opened e-font-icon-svg e-fas-caret-up\" viewBox=\"0 0 320 512\" xmlns=\"http:\/\/www.w3.org\/2000\/svg\"><path d=\"M288.662 352H31.338c-17.818 0-26.741-21.543-14.142-34.142l128.662-128.662c7.81-7.81 20.474-7.81 28.284 0l128.662 128.662c12.6 12.599 3.676 34.142-14.142 34.142z\"><\/path><\/svg><\/span>\n\t\t\t\t\t\t\t\t\t\t\t\t\t<\/span>\n\t\t\t\t\t\t\t\t\t\t\t\t<a class=\"elementor-toggle-title\" tabindex=\"0\">Quais equipamentos s\u00e3o recomendados para fotografar a Pedra do Guardi\u00e3o?<\/a>\n\t\t\t\t\t<\/div>\n\n\t\t\t\t\t<div id=\"elementor-tab-content-17712\" class=\"elementor-tab-content elementor-clearfix\" data-tab=\"12\" role=\"region\" aria-labelledby=\"elementor-tab-title-17712\"><p>Para capturar as melhores imagens da Pedra do Guardi\u00e3o, considere levar:<\/p><ul><li>C\u00e2mera com lente grande angular para capturar a paisagem ampla.<\/li><li>Drone para obter perspectivas a\u00e9reas \u00fanicas (respeitando as regulamenta\u00e7\u00f5es locais).<\/li><li>Trip\u00e9 para fotos est\u00e1veis, especialmente durante o p\u00f4r do sol.<\/li><li>Filtros de lente para melhorar as cores do c\u00e9u e do mar.<\/li><\/ul><\/div>\n\t\t\t\t<\/div>\n\t\t\t\t\t\t\t<div class=\"elementor-toggle-item\">\n\t\t\t\t\t<div id=\"elementor-tab-title-17713\" class=\"elementor-tab-title\" data-tab=\"13\" role=\"button\" aria-controls=\"elementor-tab-content-17713\" aria-expanded=\"false\">\n\t\t\t\t\t\t\t\t\t\t\t\t<span class=\"elementor-toggle-icon elementor-toggle-icon-left\" aria-hidden=\"true\">\n\t\t\t\t\t\t\t\t\t\t\t\t\t\t\t<span class=\"elementor-toggle-icon-closed\"><svg class=\"e-font-icon-svg e-fas-caret-right\" viewBox=\"0 0 192 512\" xmlns=\"http:\/\/www.w3.org\/2000\/svg\"><path d=\"M0 384.662V127.338c0-17.818 21.543-26.741 34.142-14.142l128.662 128.662c7.81 7.81 7.81 20.474 0 28.284L34.142 398.804C21.543 411.404 0 402.48 0 384.662z\"><\/path><\/svg><\/span>\n\t\t\t\t\t\t\t\t<span class=\"elementor-toggle-icon-opened\"><svg class=\"elementor-toggle-icon-opened e-font-icon-svg e-fas-caret-up\" viewBox=\"0 0 320 512\" xmlns=\"http:\/\/www.w3.org\/2000\/svg\"><path d=\"M288.662 352H31.338c-17.818 0-26.741-21.543-14.142-34.142l128.662-128.662c7.81-7.81 20.474-7.81 28.284 0l128.662 128.662c12.6 12.599 3.676 34.142-14.142 34.142z\"><\/path><\/svg><\/span>\n\t\t\t\t\t\t\t\t\t\t\t\t\t<\/span>\n\t\t\t\t\t\t\t\t\t\t\t\t<a class=\"elementor-toggle-title\" tabindex=\"0\">A Pedra do Guardi\u00e3o faz parte de algum roteiro tur\u00edstico oficial de B\u00fazios?<\/a>\n\t\t\t\t\t<\/div>\n\n\t\t\t\t\t<div id=\"elementor-tab-content-17713\" class=\"elementor-tab-content elementor-clearfix\" data-tab=\"13\" role=\"region\" aria-labelledby=\"elementor-tab-title-17713\"><p>Embora a Pedra do Guardi\u00e3o n\u00e3o fa\u00e7a parte dos roteiros tur\u00edsticos mais tradicionais de B\u00fazios, ela vem ganhando popularidade entre os visitantes que buscam experi\u00eancias mais aut\u00eanticas e contato com a natureza. Algumas ag\u00eancias locais come\u00e7aram a inclu\u00ed-la em roteiros de ecoturismo e trilhas.<\/p><\/div>\n\t\t\t\t<\/div>\n\t\t\t\t\t\t\t<div class=\"elementor-toggle-item\">\n\t\t\t\t\t<div id=\"elementor-tab-title-17714\" class=\"elementor-tab-title\" data-tab=\"14\" role=\"button\" aria-controls=\"elementor-tab-content-17714\" aria-expanded=\"false\">\n\t\t\t\t\t\t\t\t\t\t\t\t<span class=\"elementor-toggle-icon elementor-toggle-icon-left\" aria-hidden=\"true\">\n\t\t\t\t\t\t\t\t\t\t\t\t\t\t\t<span class=\"elementor-toggle-icon-closed\"><svg class=\"e-font-icon-svg e-fas-caret-right\" viewBox=\"0 0 192 512\" xmlns=\"http:\/\/www.w3.org\/2000\/svg\"><path d=\"M0 384.662V127.338c0-17.818 21.543-26.741 34.142-14.142l128.662 128.662c7.81 7.81 7.81 20.474 0 28.284L34.142 398.804C21.543 411.404 0 402.48 0 384.662z\"><\/path><\/svg><\/span>\n\t\t\t\t\t\t\t\t<span class=\"elementor-toggle-icon-opened\"><svg class=\"elementor-toggle-icon-opened e-font-icon-svg e-fas-caret-up\" viewBox=\"0 0 320 512\" xmlns=\"http:\/\/www.w3.org\/2000\/svg\"><path d=\"M288.662 352H31.338c-17.818 0-26.741-21.543-14.142-34.142l128.662-128.662c7.81-7.81 20.474-7.81 28.284 0l128.662 128.662c12.6 12.599 3.676 34.142-14.142 34.142z\"><\/path><\/svg><\/span>\n\t\t\t\t\t\t\t\t\t\t\t\t\t<\/span>\n\t\t\t\t\t\t\t\t\t\t\t\t<a class=\"elementor-toggle-title\" tabindex=\"0\">Existem lendas ou hist\u00f3rias associadas \u00e0 Pedra do Guardi\u00e3o?<\/a>\n\t\t\t\t\t<\/div>\n\n\t\t\t\t\t<div id=\"elementor-tab-content-17714\" class=\"elementor-tab-content elementor-clearfix\" data-tab=\"14\" role=\"region\" aria-labelledby=\"elementor-tab-title-17714\"><p>N\u00e3o h\u00e1 lendas oficiais documentadas sobre a Pedra do Guardi\u00e3o, mas os moradores locais e guias muitas vezes compartilham hist\u00f3rias sobre a energia do local e sua suposta capacidade de proporcionar experi\u00eancias m\u00edsticas ou de cura espiritual. Essas narrativas contribuem para o fasc\u00ednio e o mist\u00e9rio que envolvem o local.<\/p><\/div>\n\t\t\t\t<\/div>\n\t\t\t\t\t\t\t<div class=\"elementor-toggle-item\">\n\t\t\t\t\t<div id=\"elementor-tab-title-17715\" class=\"elementor-tab-title\" data-tab=\"15\" role=\"button\" aria-controls=\"elementor-tab-content-17715\" aria-expanded=\"false\">\n\t\t\t\t\t\t\t\t\t\t\t\t<span class=\"elementor-toggle-icon elementor-toggle-icon-left\" aria-hidden=\"true\">\n\t\t\t\t\t\t\t\t\t\t\t\t\t\t\t<span class=\"elementor-toggle-icon-closed\"><svg class=\"e-font-icon-svg e-fas-caret-right\" viewBox=\"0 0 192 512\" xmlns=\"http:\/\/www.w3.org\/2000\/svg\"><path d=\"M0 384.662V127.338c0-17.818 21.543-26.741 34.142-14.142l128.662 128.662c7.81 7.81 7.81 20.474 0 28.284L34.142 398.804C21.543 411.404 0 402.48 0 384.662z\"><\/path><\/svg><\/span>\n\t\t\t\t\t\t\t\t<span class=\"elementor-toggle-icon-opened\"><svg class=\"elementor-toggle-icon-opened e-font-icon-svg e-fas-caret-up\" viewBox=\"0 0 320 512\" xmlns=\"http:\/\/www.w3.org\/2000\/svg\"><path d=\"M288.662 352H31.338c-17.818 0-26.741-21.543-14.142-34.142l128.662-128.662c7.81-7.81 20.474-7.81 28.284 0l128.662 128.662c12.6 12.599 3.676 34.142-14.142 34.142z\"><\/path><\/svg><\/span>\n\t\t\t\t\t\t\t\t\t\t\t\t\t<\/span>\n\t\t\t\t\t\t\t\t\t\t\t\t<a class=\"elementor-toggle-title\" tabindex=\"0\">Como a Pedra do Guardi\u00e3o se compara a outros pontos tur\u00edsticos de B\u00fazios?<\/a>\n\t\t\t\t\t<\/div>\n\n\t\t\t\t\t<div id=\"elementor-tab-content-17715\" class=\"elementor-tab-content elementor-clearfix\" data-tab=\"15\" role=\"region\" aria-labelledby=\"elementor-tab-title-17715\"><p>A Pedra do Guardi\u00e3o se diferencia de outros pontos tur\u00edsticos de B\u00fazios por oferecer:<\/p><ul><li>Uma experi\u00eancia mais intimista e conectada com a natureza.<\/li><li>Um cen\u00e1rio \u00fanico e menos explorado turisticamente.<\/li><li>A oportunidade de praticar atividades como medita\u00e7\u00e3o e yoga em um ambiente natural excepcional.<\/li><li>Vistas panor\u00e2micas incompar\u00e1veis da costa de B\u00fazios.<\/li><li>Uma alternativa \u00e0s praias lotadas, ideal para quem busca tranquilidade.<\/li><\/ul><\/div>\n\t\t\t\t<\/div>\n\t\t\t\t\t\t\t\t\t\t<script type=\"application\/ld+json\">{\"@context\":\"https:\\\/\\\/schema.org\",\"@type\":\"FAQPage\",\"mainEntity\":[{\"@type\":\"Question\",\"name\":\"O que \\u00e9 a Pedra do Guardi\\u00e3o?\",\"acceptedAnswer\":{\"@type\":\"Answer\",\"text\":\"<p>A Pedra do Guardi\\u00e3o \\u00e9 uma forma\\u00e7\\u00e3o rochosa natural localizada em B\\u00fazios, na Regi\\u00e3o dos Lagos do Rio de Janeiro. Sua caracter\\u00edstica mais marcante \\u00e9 o formato que lembra um rosto humano esculpido na pedra, voltado para o mar, como se estivesse em posi\\u00e7\\u00e3o de vig\\u00edlia, protegendo a pen\\u00ednsula.<\\\/p>\"}},{\"@type\":\"Question\",\"name\":\"Onde exatamente fica a Pedra do Guardi\\u00e3o?\",\"acceptedAnswer\":{\"@type\":\"Answer\",\"text\":\"<p>A Pedra do Guardi\\u00e3o est\\u00e1 situada em uma \\u00e1rea de preserva\\u00e7\\u00e3o ambiental dentro do Parque Estadual da Costa do Sol, em B\\u00fazios. Especificamente, ela se encontra no trecho de trilha entre a Praia da Ferradura e a Praia da Ferradurinha.<\\\/p>\"}},{\"@type\":\"Question\",\"name\":\"Como chegar \\u00e0 Pedra do Guardi\\u00e3o?\",\"acceptedAnswer\":{\"@type\":\"Answer\",\"text\":\"<p>Para chegar \\u00e0 Pedra do Guardi\\u00e3o, siga estas instru\\u00e7\\u00f5es:<\\\/p><ul><li>Dirija-se \\u00e0 Praia da Ferradura em B\\u00fazios.<\\\/li><li>Localize a Pousada Unic\\u00f3rnio no canto direito da praia.<\\\/li><li>A partir deste ponto, inicie a trilha que leva \\u00e0 Pedra do Guardi\\u00e3o.<\\\/li><li>Se estiver de carro, voc\\u00ea pode usar o GPS para encontrar a Pousada Unic\\u00f3rnio.<\\\/li><li>Caso n\\u00e3o tenha transporte pr\\u00f3prio, t\\u00e1xis e aplicativos de mobilidade s\\u00e3o op\\u00e7\\u00f5es vi\\u00e1veis at\\u00e9 a Praia da Ferradura.<\\\/li><\\\/ul>\"}},{\"@type\":\"Question\",\"name\":\"Qual a dist\\u00e2ncia e dura\\u00e7\\u00e3o da trilha at\\u00e9 a Pedra do Guardi\\u00e3o?\",\"acceptedAnswer\":{\"@type\":\"Answer\",\"text\":\"<p>A trilha tem aproximadamente 850 metros de extens\\u00e3o. O tempo de caminhada varia entre 20 a 30 minutos, sendo considerada de n\\u00edvel f\\u00e1cil a moderado.<\\\/p>\"}},{\"@type\":\"Question\",\"name\":\"Por que a Pedra do Guardi\\u00e3o \\u00e9 considerada m\\u00edstica?\",\"acceptedAnswer\":{\"@type\":\"Answer\",\"text\":\"<p>A Pedra do Guardi\\u00e3o \\u00e9 considerada m\\u00edstica por v\\u00e1rias raz\\u00f5es:<\\\/p><ul><li>Seu formato \\u00fanico que lembra um rosto humano.<\\\/li><li>A posi\\u00e7\\u00e3o estrat\\u00e9gica, como se estivesse observando e protegendo a pen\\u00ednsula.<\\\/li><li>Muitos visitantes relatam sentir uma energia diferente no local.<\\\/li><li>\\u00c9 um ponto popular para pr\\u00e1ticas como medita\\u00e7\\u00e3o e yoga.<\\\/li><li>Alguns acreditam que o local possui uma frequ\\u00eancia energ\\u00e9tica elevada.<\\\/li><\\\/ul>\"}},{\"@type\":\"Question\",\"name\":\"Quais s\\u00e3o as principais atra\\u00e7\\u00f5es da Pedra do Guardi\\u00e3o?\",\"acceptedAnswer\":{\"@type\":\"Answer\",\"text\":\"<p>As principais atra\\u00e7\\u00f5es da Pedra do Guardi\\u00e3o incluem:<\\\/p><ul><li>Vista panor\\u00e2mica espetacular do mar e da costa de B\\u00fazios.<\\\/li><li>Forma\\u00e7\\u00e3o rochosa \\u00fanica com formato de rosto humano.<\\\/li><li>Ambiente prop\\u00edcio para medita\\u00e7\\u00e3o e conex\\u00e3o com a natureza.<\\\/li><li>Cen\\u00e1rio perfeito para fotografia e videografia, incluindo capturas com drone.<\\\/li><li>P\\u00f4r do sol deslumbrante visto do topo das pedras.<\\\/li><\\\/ul>\"}},{\"@type\":\"Question\",\"name\":\"Quais cuidados devo tomar ao visitar a Pedra do Guardi\\u00e3o?\",\"acceptedAnswer\":{\"@type\":\"Answer\",\"text\":\"<p>Ao visitar a Pedra do Guardi\\u00e3o, siga estas dicas importantes:<\\\/p><ul><li>Use cal\\u00e7ado adequado para trilhas (t\\u00eanis ou sapato firme).<\\\/li><li>Leve \\u00e1gua, chap\\u00e9u e protetor solar, pois n\\u00e3o h\\u00e1 infraestrutura na trilha.<\\\/li><li>Evite ir sozinho; prefira ir em grupo ou com um guia local.<\\\/li><li>Respeite o ambiente natural e n\\u00e3o deixe lixo no local.<\\\/li><li>Tenha cuidado ao caminhar sobre as pedras, especialmente se estiverem \\u00famidas.<\\\/li><\\\/ul>\"}},{\"@type\":\"Question\",\"name\":\"Qual o melhor hor\\u00e1rio para visitar a Pedra do Guardi\\u00e3o?\",\"acceptedAnswer\":{\"@type\":\"Answer\",\"text\":\"<p>O final da tarde \\u00e9 considerado o melhor hor\\u00e1rio para visitar a Pedra do Guardi\\u00e3o, pois permite apreciar o p\\u00f4r do sol deslumbrante. No entanto, certifique-se de iniciar a trilha com tempo suficiente para retornar antes do anoitecer.<\\\/p>\"}},{\"@type\":\"Question\",\"name\":\"\\u00c9 poss\\u00edvel combinar a visita \\u00e0 Pedra do Guardi\\u00e3o com outras atividades?\",\"acceptedAnswer\":{\"@type\":\"Answer\",\"text\":\"<p>Sim, \\u00e9 poss\\u00edvel combinar a visita com outras atividades. Uma op\\u00e7\\u00e3o popular \\u00e9 fazer o circuito completo:<\\\/p><ul><li>Iniciar na Praia da Ferradura.<\\\/li><li>Seguir a trilha at\\u00e9 a Pedra do Guardi\\u00e3o.<\\\/li><li>Continuar at\\u00e9 a Praia da Ferradurinha.<\\\/li><li>Terminar o passeio com um banho relaxante nas \\u00e1guas tranquilas da Ferradurinha.<\\\/li><\\\/ul>\"}},{\"@type\":\"Question\",\"name\":\"A Pedra do Guardi\\u00e3o \\u00e9 adequada para todos os tipos de visitantes?\",\"acceptedAnswer\":{\"@type\":\"Answer\",\"text\":\"<p>Embora a trilha seja considerada de n\\u00edvel f\\u00e1cil a moderado, pode n\\u00e3o ser adequada para todos. Pessoas com mobilidade reduzida, problemas de sa\\u00fade ou falta de condicionamento f\\u00edsico podem encontrar dificuldades. \\u00c9 sempre recomend\\u00e1vel avaliar suas condi\\u00e7\\u00f5es f\\u00edsicas antes de iniciar a trilha.<\\\/p>\"}},{\"@type\":\"Question\",\"name\":\"Existem guias locais dispon\\u00edveis para a trilha da Pedra do Guardi\\u00e3o?\",\"acceptedAnswer\":{\"@type\":\"Answer\",\"text\":\"<p>Sim, existem guias locais dispon\\u00edveis em B\\u00fazios que podem acompanhar voc\\u00ea na trilha at\\u00e9 a Pedra do Guardi\\u00e3o. Contratar um guia pode enriquecer a experi\\u00eancia com informa\\u00e7\\u00f5es sobre a hist\\u00f3ria, geologia e curiosidades do local.<\\\/p>\"}},{\"@type\":\"Question\",\"name\":\"Quais equipamentos s\\u00e3o recomendados para fotografar a Pedra do Guardi\\u00e3o?\",\"acceptedAnswer\":{\"@type\":\"Answer\",\"text\":\"<p>Para capturar as melhores imagens da Pedra do Guardi\\u00e3o, considere levar:<\\\/p><ul><li>C\\u00e2mera com lente grande angular para capturar a paisagem ampla.<\\\/li><li>Drone para obter perspectivas a\\u00e9reas \\u00fanicas (respeitando as regulamenta\\u00e7\\u00f5es locais).<\\\/li><li>Trip\\u00e9 para fotos est\\u00e1veis, especialmente durante o p\\u00f4r do sol.<\\\/li><li>Filtros de lente para melhorar as cores do c\\u00e9u e do mar.<\\\/li><\\\/ul>\"}},{\"@type\":\"Question\",\"name\":\"A Pedra do Guardi\\u00e3o faz parte de algum roteiro tur\\u00edstico oficial de B\\u00fazios?\",\"acceptedAnswer\":{\"@type\":\"Answer\",\"text\":\"<p>Embora a Pedra do Guardi\\u00e3o n\\u00e3o fa\\u00e7a parte dos roteiros tur\\u00edsticos mais tradicionais de B\\u00fazios, ela vem ganhando popularidade entre os visitantes que buscam experi\\u00eancias mais aut\\u00eanticas e contato com a natureza. Algumas ag\\u00eancias locais come\\u00e7aram a inclu\\u00ed-la em roteiros de ecoturismo e trilhas.<\\\/p>\"}},{\"@type\":\"Question\",\"name\":\"Existem lendas ou hist\\u00f3rias associadas \\u00e0 Pedra do Guardi\\u00e3o?\",\"acceptedAnswer\":{\"@type\":\"Answer\",\"text\":\"<p>N\\u00e3o h\\u00e1 lendas oficiais documentadas sobre a Pedra do Guardi\\u00e3o, mas os moradores locais e guias muitas vezes compartilham hist\\u00f3rias sobre a energia do local e sua suposta capacidade de proporcionar experi\\u00eancias m\\u00edsticas ou de cura espiritual. Essas narrativas contribuem para o fasc\\u00ednio e o mist\\u00e9rio que envolvem o local.<\\\/p>\"}},{\"@type\":\"Question\",\"name\":\"Como a Pedra do Guardi\\u00e3o se compara a outros pontos tur\\u00edsticos de B\\u00fazios?\",\"acceptedAnswer\":{\"@type\":\"Answer\",\"text\":\"<p>A Pedra do Guardi\\u00e3o se diferencia de outros pontos tur\\u00edsticos de B\\u00fazios por oferecer:<\\\/p><ul><li>Uma experi\\u00eancia mais intimista e conectada com a natureza.<\\\/li><li>Um cen\\u00e1rio \\u00fanico e menos explorado turisticamente.<\\\/li><li>A oportunidade de praticar atividades como medita\\u00e7\\u00e3o e yoga em um ambiente natural excepcional.<\\\/li><li>Vistas panor\\u00e2micas incompar\\u00e1veis da costa de B\\u00fazios.<\\\/li><li>Uma alternativa \\u00e0s praias lotadas, ideal para quem busca tranquilidade.<\\\/li><\\\/ul>\"}}]}<\/script>\n\t\t\t\t\t<\/div>\n\t\t\t\t<\/div>\n\t\t\t\t<\/div>\n\t\t\t\t\t<\/div>\n\t\t\t\t<\/div>\n\t\t\t\t\t\t\t<\/div>\n\t\t","protected":false},"excerpt":{"rendered":"<p>Em uma trilha pouco explorada entre duas das praias mais lindas de B\u00fazios \u2013 Ferradura e Ferradurinha, est\u00e1 escondida uma das joias mais m\u00edsticas da Regi\u00e3o dos Lagos: a Pedra do Guardi\u00e3o. Essa forma\u00e7\u00e3o rochosa curiosa, que parece ter sido esculpida por m\u00e3os humanas em formato de um rosto gigante&#46;&#46;&#46;<\/p>\n","protected":false},"author":14,"featured_media":69114,"comment_status":"open","ping_status":"closed","sticky":false,"template":"","format":"standard","meta":{"footnotes":""},"categories":[690,694],"tags":[],"class_list":["post-69113","post","type-post","status-publish","format-standard","has-post-thumbnail","hentry","category-destinos-nacionais","category-dicas-de-viagem"],"yoast_head":"<!-- This site is optimized with the Yoast SEO Premium plugin v19.4 (Yoast SEO v24.1) - https:\/\/yoast.com\/wordpress\/plugins\/seo\/ -->\n<title>Pedra do Guardi\u00e3o em B\u00fazios: Um segredo m\u00edstico entre a Ferradura e a Ferradurinha - Blog Blumar Turismo: O Seu Portal para Viagens Extraordin\u00e1rias<\/title>\n<meta name=\"description\" content=\"A Pedra do Guardi\u00e3o em B\u00fazios \u00e9 um segredo m\u00edstico que fica entre as praias da Ferradura e Ferradurinha, oferecendo uma vista deslumbrante.\" \/>\n<meta name=\"robots\" content=\"index, follow, max-snippet:-1, max-image-preview:large, max-video-preview:-1\" \/>\n<link rel=\"canonical\" href=\"https:\/\/www.blumarturismo.com.br\/blog\/pedra-do-guardiao-em-buzios-um-segredo-mistico-entre-a-ferradura-e-a-ferradurinha\/\" \/>\n<meta property=\"og:locale\" content=\"pt_BR\" \/>\n<meta property=\"og:type\" content=\"article\" \/>\n<meta property=\"og:title\" content=\"Pedra do Guardi\u00e3o em B\u00fazios: Um segredo m\u00edstico entre a Ferradura e a Ferradurinha\" \/>\n<meta property=\"og:description\" content=\"A Pedra do Guardi\u00e3o em B\u00fazios \u00e9 um segredo m\u00edstico que fica entre as praias da Ferradura e Ferradurinha, oferecendo uma vista deslumbrante.\" \/>\n<meta property=\"og:url\" content=\"https:\/\/www.blumarturismo.com.br\/blog\/pedra-do-guardiao-em-buzios-um-segredo-mistico-entre-a-ferradura-e-a-ferradurinha\/\" \/>\n<meta property=\"og:site_name\" content=\"Blog Blumar Turismo: O Seu Portal para Viagens Extraordin\u00e1rias\" \/>\n<meta property=\"article:publisher\" content=\"https:\/\/www.facebook.com\/blumarviagenseturismo\" \/>\n<meta property=\"article:published_time\" content=\"2025-03-27T14:47:49+00:00\" \/>\n<meta property=\"article:modified_time\" content=\"2025-03-27T14:47:52+00:00\" \/>\n<meta property=\"og:image\" content=\"https:\/\/www.blumarturismo.com.br\/blog\/wp-content\/uploads\/2025\/03\/IMG_2311-scaled.jpg\" \/>\n\t<meta property=\"og:image:width\" content=\"2560\" \/>\n\t<meta property=\"og:image:height\" content=\"1707\" \/>\n\t<meta property=\"og:image:type\" content=\"image\/jpeg\" \/>\n<meta name=\"author\" content=\"Blumar\" \/>\n<meta name=\"twitter:card\" content=\"summary_large_image\" \/>\n<meta name=\"twitter:label1\" content=\"Escrito por\" \/>\n\t<meta name=\"twitter:data1\" content=\"Blumar\" \/>\n\t<meta name=\"twitter:label2\" content=\"Est. tempo de leitura\" \/>\n\t<meta name=\"twitter:data2\" content=\"11 minutos\" \/>\n<script type=\"application\/ld+json\" class=\"yoast-schema-graph\">{\"@context\":\"https:\/\/schema.org\",\"@graph\":[{\"@type\":\"Article\",\"@id\":\"https:\/\/www.blumarturismo.com.br\/blog\/pedra-do-guardiao-em-buzios-um-segredo-mistico-entre-a-ferradura-e-a-ferradurinha\/#article\",\"isPartOf\":{\"@id\":\"https:\/\/www.blumarturismo.com.br\/blog\/pedra-do-guardiao-em-buzios-um-segredo-mistico-entre-a-ferradura-e-a-ferradurinha\/\"},\"author\":{\"name\":\"Blumar\",\"@id\":\"https:\/\/www.blumarturismo.com.br\/blog\/#\/schema\/person\/059d7f9e0ef32894cdf7112a228b1c20\"},\"headline\":\"Pedra do Guardi\u00e3o em B\u00fazios: Um segredo m\u00edstico entre a Ferradura e a Ferradurinha\",\"datePublished\":\"2025-03-27T14:47:49+00:00\",\"dateModified\":\"2025-03-27T14:47:52+00:00\",\"mainEntityOfPage\":{\"@id\":\"https:\/\/www.blumarturismo.com.br\/blog\/pedra-do-guardiao-em-buzios-um-segredo-mistico-entre-a-ferradura-e-a-ferradurinha\/\"},\"wordCount\":1907,\"commentCount\":0,\"publisher\":{\"@id\":\"https:\/\/www.blumarturismo.com.br\/blog\/#organization\"},\"image\":{\"@id\":\"https:\/\/www.blumarturismo.com.br\/blog\/pedra-do-guardiao-em-buzios-um-segredo-mistico-entre-a-ferradura-e-a-ferradurinha\/#primaryimage\"},\"thumbnailUrl\":\"https:\/\/www.blumarturismo.com.br\/blog\/wp-content\/uploads\/2025\/03\/IMG_2311-scaled.jpg\",\"articleSection\":[\"Destinos Nacionais\",\"Dicas de Viagem\"],\"inLanguage\":\"pt-BR\",\"potentialAction\":[{\"@type\":\"CommentAction\",\"name\":\"Comment\",\"target\":[\"https:\/\/www.blumarturismo.com.br\/blog\/pedra-do-guardiao-em-buzios-um-segredo-mistico-entre-a-ferradura-e-a-ferradurinha\/#respond\"]}]},{\"@type\":\"WebPage\",\"@id\":\"https:\/\/www.blumarturismo.com.br\/blog\/pedra-do-guardiao-em-buzios-um-segredo-mistico-entre-a-ferradura-e-a-ferradurinha\/\",\"url\":\"https:\/\/www.blumarturismo.com.br\/blog\/pedra-do-guardiao-em-buzios-um-segredo-mistico-entre-a-ferradura-e-a-ferradurinha\/\",\"name\":\"Pedra do Guardi\u00e3o em B\u00fazios: Um segredo m\u00edstico entre a Ferradura e a Ferradurinha - Blog Blumar Turismo: O Seu Portal para Viagens Extraordin\u00e1rias\",\"isPartOf\":{\"@id\":\"https:\/\/www.blumarturismo.com.br\/blog\/#website\"},\"primaryImageOfPage\":{\"@id\":\"https:\/\/www.blumarturismo.com.br\/blog\/pedra-do-guardiao-em-buzios-um-segredo-mistico-entre-a-ferradura-e-a-ferradurinha\/#primaryimage\"},\"image\":{\"@id\":\"https:\/\/www.blumarturismo.com.br\/blog\/pedra-do-guardiao-em-buzios-um-segredo-mistico-entre-a-ferradura-e-a-ferradurinha\/#primaryimage\"},\"thumbnailUrl\":\"https:\/\/www.blumarturismo.com.br\/blog\/wp-content\/uploads\/2025\/03\/IMG_2311-scaled.jpg\",\"datePublished\":\"2025-03-27T14:47:49+00:00\",\"dateModified\":\"2025-03-27T14:47:52+00:00\",\"description\":\"A Pedra do Guardi\u00e3o em B\u00fazios \u00e9 um segredo m\u00edstico que fica entre as praias da Ferradura e Ferradurinha, oferecendo uma vista deslumbrante.\",\"breadcrumb\":{\"@id\":\"https:\/\/www.blumarturismo.com.br\/blog\/pedra-do-guardiao-em-buzios-um-segredo-mistico-entre-a-ferradura-e-a-ferradurinha\/#breadcrumb\"},\"inLanguage\":\"pt-BR\",\"potentialAction\":[{\"@type\":\"ReadAction\",\"target\":[\"https:\/\/www.blumarturismo.com.br\/blog\/pedra-do-guardiao-em-buzios-um-segredo-mistico-entre-a-ferradura-e-a-ferradurinha\/\"]}]},{\"@type\":\"ImageObject\",\"inLanguage\":\"pt-BR\",\"@id\":\"https:\/\/www.blumarturismo.com.br\/blog\/pedra-do-guardiao-em-buzios-um-segredo-mistico-entre-a-ferradura-e-a-ferradurinha\/#primaryimage\",\"url\":\"https:\/\/www.blumarturismo.com.br\/blog\/wp-content\/uploads\/2025\/03\/IMG_2311-scaled.jpg\",\"contentUrl\":\"https:\/\/www.blumarturismo.com.br\/blog\/wp-content\/uploads\/2025\/03\/IMG_2311-scaled.jpg\",\"width\":2560,\"height\":1707,\"caption\":\"Foto: Guilherme Ferreira \/ Blumar Turismo\"},{\"@type\":\"BreadcrumbList\",\"@id\":\"https:\/\/www.blumarturismo.com.br\/blog\/pedra-do-guardiao-em-buzios-um-segredo-mistico-entre-a-ferradura-e-a-ferradurinha\/#breadcrumb\",\"itemListElement\":[{\"@type\":\"ListItem\",\"position\":1,\"name\":\"In\u00edcio\",\"item\":\"https:\/\/www.blumarturismo.com.br\/blog\/\"},{\"@type\":\"ListItem\",\"position\":2,\"name\":\"Pedra do Guardi\u00e3o em B\u00fazios: Um segredo m\u00edstico entre a Ferradura e a Ferradurinha\"}]},{\"@type\":\"WebSite\",\"@id\":\"https:\/\/www.blumarturismo.com.br\/blog\/#website\",\"url\":\"https:\/\/www.blumarturismo.com.br\/blog\/\",\"name\":\"Blog Blumar Turismo: O Seu Portal para Viagens Extraordin\u00e1rias\",\"description\":\"Viajar \u00e9 nossa paix\u00e3o e expertise, e agora compartilhamos isso com voc\u00ea atrav\u00e9s do nosso blog. Com mais de 30 anos de hist\u00f3ria, a Blumar Turismo \u00e9 seu parceiro confi\u00e1vel para aventuras memor\u00e1veis. Explore conosco\",\"publisher\":{\"@id\":\"https:\/\/www.blumarturismo.com.br\/blog\/#organization\"},\"potentialAction\":[{\"@type\":\"SearchAction\",\"target\":{\"@type\":\"EntryPoint\",\"urlTemplate\":\"https:\/\/www.blumarturismo.com.br\/blog\/?s={search_term_string}\"},\"query-input\":{\"@type\":\"PropertyValueSpecification\",\"valueRequired\":true,\"valueName\":\"search_term_string\"}}],\"inLanguage\":\"pt-BR\"},{\"@type\":\"Organization\",\"@id\":\"https:\/\/www.blumarturismo.com.br\/blog\/#organization\",\"name\":\"Blumar Turismo\",\"url\":\"https:\/\/www.blumarturismo.com.br\/blog\/\",\"logo\":{\"@type\":\"ImageObject\",\"inLanguage\":\"pt-BR\",\"@id\":\"https:\/\/www.blumarturismo.com.br\/blog\/#\/schema\/logo\/image\/\",\"url\":\"https:\/\/www.blumarturismo.com.br\/blog\/wp-content\/uploads\/2020\/11\/cropped-logo_blumar_nacional2-2.jpg\",\"contentUrl\":\"https:\/\/www.blumarturismo.com.br\/blog\/wp-content\/uploads\/2020\/11\/cropped-logo_blumar_nacional2-2.jpg\",\"width\":167,\"height\":50,\"caption\":\"Blumar Turismo\"},\"image\":{\"@id\":\"https:\/\/www.blumarturismo.com.br\/blog\/#\/schema\/logo\/image\/\"},\"sameAs\":[\"https:\/\/www.facebook.com\/blumarviagenseturismo\",\"https:\/\/www.instagram.com\/blumarturismo\/\"]},{\"@type\":\"Person\",\"@id\":\"https:\/\/www.blumarturismo.com.br\/blog\/#\/schema\/person\/059d7f9e0ef32894cdf7112a228b1c20\",\"name\":\"Blumar\",\"image\":{\"@type\":\"ImageObject\",\"inLanguage\":\"pt-BR\",\"@id\":\"https:\/\/www.blumarturismo.com.br\/blog\/#\/schema\/person\/image\/\",\"url\":\"https:\/\/secure.gravatar.com\/avatar\/7706f1a9a0f7302d9c18b053c6804a722b10095c5f36a918d786a1e9c07e7507?s=96&d=mm&r=g\",\"contentUrl\":\"https:\/\/secure.gravatar.com\/avatar\/7706f1a9a0f7302d9c18b053c6804a722b10095c5f36a918d786a1e9c07e7507?s=96&d=mm&r=g\",\"caption\":\"Blumar\"},\"url\":\"https:\/\/www.blumarturismo.com.br\/blog\/author\/cristinaalvesblumar-com-br\/\"}]}<\/script>\n<!-- \/ Yoast SEO Premium plugin. -->","yoast_head_json":{"title":"Pedra do Guardi\u00e3o em B\u00fazios: Um segredo m\u00edstico entre a Ferradura e a Ferradurinha - Blog Blumar Turismo: O Seu Portal para Viagens Extraordin\u00e1rias","description":"A Pedra do Guardi\u00e3o em B\u00fazios \u00e9 um segredo m\u00edstico que fica entre as praias da Ferradura e Ferradurinha, oferecendo uma vista deslumbrante.","robots":{"index":"index","follow":"follow","max-snippet":"max-snippet:-1","max-image-preview":"max-image-preview:large","max-video-preview":"max-video-preview:-1"},"canonical":"https:\/\/www.blumarturismo.com.br\/blog\/pedra-do-guardiao-em-buzios-um-segredo-mistico-entre-a-ferradura-e-a-ferradurinha\/","og_locale":"pt_BR","og_type":"article","og_title":"Pedra do Guardi\u00e3o em B\u00fazios: Um segredo m\u00edstico entre a Ferradura e a Ferradurinha","og_description":"A Pedra do Guardi\u00e3o em B\u00fazios \u00e9 um segredo m\u00edstico que fica entre as praias da Ferradura e Ferradurinha, oferecendo uma vista deslumbrante.","og_url":"https:\/\/www.blumarturismo.com.br\/blog\/pedra-do-guardiao-em-buzios-um-segredo-mistico-entre-a-ferradura-e-a-ferradurinha\/","og_site_name":"Blog Blumar Turismo: O Seu Portal para Viagens Extraordin\u00e1rias","article_publisher":"https:\/\/www.facebook.com\/blumarviagenseturismo","article_published_time":"2025-03-27T14:47:49+00:00","article_modified_time":"2025-03-27T14:47:52+00:00","og_image":[{"width":2560,"height":1707,"url":"https:\/\/www.blumarturismo.com.br\/blog\/wp-content\/uploads\/2025\/03\/IMG_2311-scaled.jpg","type":"image\/jpeg"}],"author":"Blumar","twitter_card":"summary_large_image","twitter_misc":{"Escrito por":"Blumar","Est. tempo de leitura":"11 minutos"},"schema":{"@context":"https:\/\/schema.org","@graph":[{"@type":"Article","@id":"https:\/\/www.blumarturismo.com.br\/blog\/pedra-do-guardiao-em-buzios-um-segredo-mistico-entre-a-ferradura-e-a-ferradurinha\/#article","isPartOf":{"@id":"https:\/\/www.blumarturismo.com.br\/blog\/pedra-do-guardiao-em-buzios-um-segredo-mistico-entre-a-ferradura-e-a-ferradurinha\/"},"author":{"name":"Blumar","@id":"https:\/\/www.blumarturismo.com.br\/blog\/#\/schema\/person\/059d7f9e0ef32894cdf7112a228b1c20"},"headline":"Pedra do Guardi\u00e3o em B\u00fazios: Um segredo m\u00edstico entre a Ferradura e a Ferradurinha","datePublished":"2025-03-27T14:47:49+00:00","dateModified":"2025-03-27T14:47:52+00:00","mainEntityOfPage":{"@id":"https:\/\/www.blumarturismo.com.br\/blog\/pedra-do-guardiao-em-buzios-um-segredo-mistico-entre-a-ferradura-e-a-ferradurinha\/"},"wordCount":1907,"commentCount":0,"publisher":{"@id":"https:\/\/www.blumarturismo.com.br\/blog\/#organization"},"image":{"@id":"https:\/\/www.blumarturismo.com.br\/blog\/pedra-do-guardiao-em-buzios-um-segredo-mistico-entre-a-ferradura-e-a-ferradurinha\/#primaryimage"},"thumbnailUrl":"https:\/\/www.blumarturismo.com.br\/blog\/wp-content\/uploads\/2025\/03\/IMG_2311-scaled.jpg","articleSection":["Destinos Nacionais","Dicas de Viagem"],"inLanguage":"pt-BR","potentialAction":[{"@type":"CommentAction","name":"Comment","target":["https:\/\/www.blumarturismo.com.br\/blog\/pedra-do-guardiao-em-buzios-um-segredo-mistico-entre-a-ferradura-e-a-ferradurinha\/#respond"]}]},{"@type":"WebPage","@id":"https:\/\/www.blumarturismo.com.br\/blog\/pedra-do-guardiao-em-buzios-um-segredo-mistico-entre-a-ferradura-e-a-ferradurinha\/","url":"https:\/\/www.blumarturismo.com.br\/blog\/pedra-do-guardiao-em-buzios-um-segredo-mistico-entre-a-ferradura-e-a-ferradurinha\/","name":"Pedra do Guardi\u00e3o em B\u00fazios: Um segredo m\u00edstico entre a Ferradura e a Ferradurinha - Blog Blumar Turismo: O Seu Portal para Viagens Extraordin\u00e1rias","isPartOf":{"@id":"https:\/\/www.blumarturismo.com.br\/blog\/#website"},"primaryImageOfPage":{"@id":"https:\/\/www.blumarturismo.com.br\/blog\/pedra-do-guardiao-em-buzios-um-segredo-mistico-entre-a-ferradura-e-a-ferradurinha\/#primaryimage"},"image":{"@id":"https:\/\/www.blumarturismo.com.br\/blog\/pedra-do-guardiao-em-buzios-um-segredo-mistico-entre-a-ferradura-e-a-ferradurinha\/#primaryimage"},"thumbnailUrl":"https:\/\/www.blumarturismo.com.br\/blog\/wp-content\/uploads\/2025\/03\/IMG_2311-scaled.jpg","datePublished":"2025-03-27T14:47:49+00:00","dateModified":"2025-03-27T14:47:52+00:00","description":"A Pedra do Guardi\u00e3o em B\u00fazios \u00e9 um segredo m\u00edstico que fica entre as praias da Ferradura e Ferradurinha, oferecendo uma vista deslumbrante.","breadcrumb":{"@id":"https:\/\/www.blumarturismo.com.br\/blog\/pedra-do-guardiao-em-buzios-um-segredo-mistico-entre-a-ferradura-e-a-ferradurinha\/#breadcrumb"},"inLanguage":"pt-BR","potentialAction":[{"@type":"ReadAction","target":["https:\/\/www.blumarturismo.com.br\/blog\/pedra-do-guardiao-em-buzios-um-segredo-mistico-entre-a-ferradura-e-a-ferradurinha\/"]}]},{"@type":"ImageObject","inLanguage":"pt-BR","@id":"https:\/\/www.blumarturismo.com.br\/blog\/pedra-do-guardiao-em-buzios-um-segredo-mistico-entre-a-ferradura-e-a-ferradurinha\/#primaryimage","url":"https:\/\/www.blumarturismo.com.br\/blog\/wp-content\/uploads\/2025\/03\/IMG_2311-scaled.jpg","contentUrl":"https:\/\/www.blumarturismo.com.br\/blog\/wp-content\/uploads\/2025\/03\/IMG_2311-scaled.jpg","width":2560,"height":1707,"caption":"Foto: Guilherme Ferreira \/ Blumar Turismo"},{"@type":"BreadcrumbList","@id":"https:\/\/www.blumarturismo.com.br\/blog\/pedra-do-guardiao-em-buzios-um-segredo-mistico-entre-a-ferradura-e-a-ferradurinha\/#breadcrumb","itemListElement":[{"@type":"ListItem","position":1,"name":"In\u00edcio","item":"https:\/\/www.blumarturismo.com.br\/blog\/"},{"@type":"ListItem","position":2,"name":"Pedra do Guardi\u00e3o em B\u00fazios: Um segredo m\u00edstico entre a Ferradura e a Ferradurinha"}]},{"@type":"WebSite","@id":"https:\/\/www.blumarturismo.com.br\/blog\/#website","url":"https:\/\/www.blumarturismo.com.br\/blog\/","name":"Blog Blumar Turismo: O Seu Portal para Viagens Extraordin\u00e1rias","description":"Viajar \u00e9 nossa paix\u00e3o e expertise, e agora compartilhamos isso com voc\u00ea atrav\u00e9s do nosso blog. Com mais de 30 anos de hist\u00f3ria, a Blumar Turismo \u00e9 seu parceiro confi\u00e1vel para aventuras memor\u00e1veis. Explore conosco","publisher":{"@id":"https:\/\/www.blumarturismo.com.br\/blog\/#organization"},"potentialAction":[{"@type":"SearchAction","target":{"@type":"EntryPoint","urlTemplate":"https:\/\/www.blumarturismo.com.br\/blog\/?s={search_term_string}"},"query-input":{"@type":"PropertyValueSpecification","valueRequired":true,"valueName":"search_term_string"}}],"inLanguage":"pt-BR"},{"@type":"Organization","@id":"https:\/\/www.blumarturismo.com.br\/blog\/#organization","name":"Blumar Turismo","url":"https:\/\/www.blumarturismo.com.br\/blog\/","logo":{"@type":"ImageObject","inLanguage":"pt-BR","@id":"https:\/\/www.blumarturismo.com.br\/blog\/#\/schema\/logo\/image\/","url":"https:\/\/www.blumarturismo.com.br\/blog\/wp-content\/uploads\/2020\/11\/cropped-logo_blumar_nacional2-2.jpg","contentUrl":"https:\/\/www.blumarturismo.com.br\/blog\/wp-content\/uploads\/2020\/11\/cropped-logo_blumar_nacional2-2.jpg","width":167,"height":50,"caption":"Blumar Turismo"},"image":{"@id":"https:\/\/www.blumarturismo.com.br\/blog\/#\/schema\/logo\/image\/"},"sameAs":["https:\/\/www.facebook.com\/blumarviagenseturismo","https:\/\/www.instagram.com\/blumarturismo\/"]},{"@type":"Person","@id":"https:\/\/www.blumarturismo.com.br\/blog\/#\/schema\/person\/059d7f9e0ef32894cdf7112a228b1c20","name":"Blumar","image":{"@type":"ImageObject","inLanguage":"pt-BR","@id":"https:\/\/www.blumarturismo.com.br\/blog\/#\/schema\/person\/image\/","url":"https:\/\/secure.gravatar.com\/avatar\/7706f1a9a0f7302d9c18b053c6804a722b10095c5f36a918d786a1e9c07e7507?s=96&d=mm&r=g","contentUrl":"https:\/\/secure.gravatar.com\/avatar\/7706f1a9a0f7302d9c18b053c6804a722b10095c5f36a918d786a1e9c07e7507?s=96&d=mm&r=g","caption":"Blumar"},"url":"https:\/\/www.blumarturismo.com.br\/blog\/author\/cristinaalvesblumar-com-br\/"}]}},"_links":{"self":[{"href":"https:\/\/www.blumarturismo.com.br\/blog\/wp-json\/wp\/v2\/posts\/69113","targetHints":{"allow":["GET"]}}],"collection":[{"href":"https:\/\/www.blumarturismo.com.br\/blog\/wp-json\/wp\/v2\/posts"}],"about":[{"href":"https:\/\/www.blumarturismo.com.br\/blog\/wp-json\/wp\/v2\/types\/post"}],"author":[{"embeddable":true,"href":"https:\/\/www.blumarturismo.com.br\/blog\/wp-json\/wp\/v2\/users\/14"}],"replies":[{"embeddable":true,"href":"https:\/\/www.blumarturismo.com.br\/blog\/wp-json\/wp\/v2\/comments?post=69113"}],"version-history":[{"count":17,"href":"https:\/\/www.blumarturismo.com.br\/blog\/wp-json\/wp\/v2\/posts\/69113\/revisions"}],"predecessor-version":[{"id":69159,"href":"https:\/\/www.blumarturismo.com.br\/blog\/wp-json\/wp\/v2\/posts\/69113\/revisions\/69159"}],"wp:featuredmedia":[{"embeddable":true,"href":"https:\/\/www.blumarturismo.com.br\/blog\/wp-json\/wp\/v2\/media\/69114"}],"wp:attachment":[{"href":"https:\/\/www.blumarturismo.com.br\/blog\/wp-json\/wp\/v2\/media?parent=69113"}],"wp:term":[{"taxonomy":"category","embeddable":true,"href":"https:\/\/www.blumarturismo.com.br\/blog\/wp-json\/wp\/v2\/categories?post=69113"},{"taxonomy":"post_tag","embeddable":true,"href":"https:\/\/www.blumarturismo.com.br\/blog\/wp-json\/wp\/v2\/tags?post=69113"}],"curies":[{"name":"wp","href":"https:\/\/api.w.org\/{rel}","templated":true}]}}