{"id":71016,"date":"2025-07-11T12:41:01","date_gmt":"2025-07-11T15:41:01","guid":{"rendered":"https:\/\/www.blumarturismo.com.br\/blog\/?p=71016"},"modified":"2025-07-11T12:48:58","modified_gmt":"2025-07-11T15:48:58","slug":"cachoeira-do-tabuleiro-em-minas-gerais-um-tesouro-natural-que-voce-precisa-conhecer","status":"publish","type":"post","link":"https:\/\/www.blumarturismo.com.br\/blog\/cachoeira-do-tabuleiro-em-minas-gerais-um-tesouro-natural-que-voce-precisa-conhecer\/","title":{"rendered":"Cachoeira do Tabuleiro em Minas Gerais: Um Tesouro Natural que Voc\u00ea Precisa Conhecer"},"content":{"rendered":"\t\t<div data-elementor-type=\"wp-post\" data-elementor-id=\"71016\" class=\"elementor elementor-71016\" data-elementor-post-type=\"post\">\n\t\t\t\t\t\t\t<div class=\"elementor-element elementor-element-9408512 e-flex e-con-boxed e-con e-parent\" data-id=\"9408512\" data-element_type=\"container\" data-settings=\"{&quot;content_width&quot;:&quot;boxed&quot;}\" data-core-v316-plus=\"true\">\n\t\t\t\t\t<div class=\"e-con-inner\">\n\t\t\t\t<div class=\"elementor-element elementor-element-8e9cae1 elementor-widget elementor-widget-text-editor\" data-id=\"8e9cae1\" data-element_type=\"widget\" data-widget_type=\"text-editor.default\">\n\t\t\t\t<div class=\"elementor-widget-container\">\n\t\t\t<style>\/*! elementor - v3.16.0 - 13-09-2023 *\/\n.elementor-widget-text-editor.elementor-drop-cap-view-stacked .elementor-drop-cap{background-color:#69727d;color:#fff}.elementor-widget-text-editor.elementor-drop-cap-view-framed .elementor-drop-cap{color:#69727d;border:3px solid;background-color:transparent}.elementor-widget-text-editor:not(.elementor-drop-cap-view-default) .elementor-drop-cap{margin-top:8px}.elementor-widget-text-editor:not(.elementor-drop-cap-view-default) .elementor-drop-cap-letter{width:1em;height:1em}.elementor-widget-text-editor .elementor-drop-cap{float:left;text-align:center;line-height:1;font-size:50px}.elementor-widget-text-editor .elementor-drop-cap-letter{display:inline-block}<\/style>\t\t\t\t<div class=\"hide-scrollbar markdown prose relative w-full max-w-none overflow-x-scroll break-words text-base leading-7 first:mt-0 prose-headings:first:mt-0 prose-strong:font-bold prose-thead:font-bold light:text-[#3E4247] dark:text-[#EBEBEB] prose-headings:light:text-[#3E4247]\"><div><div><p class=\"mb-3 mt-0\" data-copy-text=\"true\">Viajar \u00e9 mais do que conhecer novos lugares \u2013 \u00e9 vivenciar experi\u00eancias \u00fanicas que transformam nossas vidas. Minas Gerais, com suas riquezas naturais e culturais, guarda um verdadeiro para\u00edso: <strong>a Cachoeira do Tabuleiro<\/strong>. Neste post, vamos explorar tudo o que faz dela um dos destinos mais ic\u00f4nicos do Brasil e por que voc\u00ea deve adicion\u00e1-la \u00e0 sua lista de desejos. Preparado para se encantar? Continue lendo e descubra!<\/p><\/div><\/div><\/div>\t\t\t\t\t\t<\/div>\n\t\t\t\t<\/div>\n\t\t\t\t\t<\/div>\n\t\t\t\t<\/div>\n\t\t<div class=\"elementor-element elementor-element-6bc2e0a e-flex e-con-boxed e-con e-parent\" data-id=\"6bc2e0a\" data-element_type=\"container\" data-settings=\"{&quot;content_width&quot;:&quot;boxed&quot;}\" data-core-v316-plus=\"true\">\n\t\t\t\t\t<div class=\"e-con-inner\">\n\t\t\t\t<div class=\"elementor-element elementor-element-9610d4a elementor-widget elementor-widget-heading\" data-id=\"9610d4a\" data-element_type=\"widget\" data-widget_type=\"heading.default\">\n\t\t\t\t<div class=\"elementor-widget-container\">\n\t\t\t<style>\/*! elementor - v3.16.0 - 13-09-2023 *\/\n.elementor-heading-title{padding:0;margin:0;line-height:1}.elementor-widget-heading .elementor-heading-title[class*=elementor-size-]>a{color:inherit;font-size:inherit;line-height:inherit}.elementor-widget-heading .elementor-heading-title.elementor-size-small{font-size:15px}.elementor-widget-heading .elementor-heading-title.elementor-size-medium{font-size:19px}.elementor-widget-heading .elementor-heading-title.elementor-size-large{font-size:29px}.elementor-widget-heading .elementor-heading-title.elementor-size-xl{font-size:39px}.elementor-widget-heading .elementor-heading-title.elementor-size-xxl{font-size:59px}<\/style><h2 class=\"elementor-heading-title elementor-size-large\">O Fasc\u00ednio da Cachoeira do Tabuleiro\n<\/h2>\t\t<\/div>\n\t\t\t\t<\/div>\n\t\t\t\t<div class=\"elementor-element elementor-element-f6e8f01 elementor-widget elementor-widget-text-editor\" data-id=\"f6e8f01\" data-element_type=\"widget\" data-widget_type=\"text-editor.default\">\n\t\t\t\t<div class=\"elementor-widget-container\">\n\t\t\t\t\t\t\t<div class=\"hide-scrollbar markdown prose relative w-full max-w-none overflow-x-scroll break-words text-base leading-7 first:mt-0 prose-headings:first:mt-0 prose-strong:font-bold prose-thead:font-bold light:text-[#3E4247] dark:text-[#EBEBEB] prose-headings:light:text-[#3E4247]\"><div><div><p class=\"mb-3 mt-0\" data-copy-text=\"true\">A <strong>Cachoeira do Tabuleiro<\/strong>, situada no cora\u00e7\u00e3o do Parque Estadual da Serra do Intendente, em Concei\u00e7\u00e3o do Mato Dentro, \u00e9 a cachoeira mais alta de Minas Gerais e a terceira do Brasil, com impressionantes <strong>273 metros de queda d\u2019\u00e1gua<\/strong>. Apenas se aproximar desse gigante natural j\u00e1 \u00e9 uma experi\u00eancia incr\u00edvel. Com sua magn\u00edfica queda emoldurada por pared\u00f5es rochosos e vegeta\u00e7\u00e3o exuberante, o local \u00e9 perfeito para quem busca um ref\u00fagio na natureza e momentos de contempla\u00e7\u00e3o.<\/p><\/div><\/div><\/div><div class=\"hide-scrollbar markdown prose relative w-full max-w-none overflow-x-scroll break-words text-base leading-7 first:mt-0 prose-headings:first:mt-0 prose-strong:font-bold prose-thead:font-bold light:text-[#3E4247] dark:text-[#EBEBEB] prose-headings:light:text-[#3E4247] animate-typing\"><div>Mas o que faz a Cachoeira do Tabuleiro ser t\u00e3o especial? N\u00e3o \u00e9 apenas sua altura monumental \u2013 \u00e9 a energia que ela emana, um convite \u00e0 desconex\u00e3o da correria do dia a dia e \u00e0 conex\u00e3o com voc\u00ea mesmo.<\/div><\/div>\t\t\t\t\t\t<\/div>\n\t\t\t\t<\/div>\n\t\t\t\t\t<\/div>\n\t\t\t\t<\/div>\n\t\t<div class=\"elementor-element elementor-element-172c42a e-flex e-con-boxed e-con e-parent\" data-id=\"172c42a\" data-element_type=\"container\" data-settings=\"{&quot;content_width&quot;:&quot;boxed&quot;}\" data-core-v316-plus=\"true\">\n\t\t\t\t\t<div class=\"e-con-inner\">\n\t\t\t\t<div class=\"elementor-element elementor-element-d883fcf elementor-widget elementor-widget-heading\" data-id=\"d883fcf\" data-element_type=\"widget\" data-widget_type=\"heading.default\">\n\t\t\t\t<div class=\"elementor-widget-container\">\n\t\t\t<h2 class=\"elementor-heading-title elementor-size-large\">Como Chegar \u00e0 Cachoeira do Tabuleiro\n<\/h2>\t\t<\/div>\n\t\t\t\t<\/div>\n\t\t\t\t<div class=\"elementor-element elementor-element-68a6754 elementor-widget elementor-widget-text-editor\" data-id=\"68a6754\" data-element_type=\"widget\" data-widget_type=\"text-editor.default\">\n\t\t\t\t<div class=\"elementor-widget-container\">\n\t\t\t\t\t\t\t<div class=\"hide-scrollbar markdown prose relative w-full max-w-none overflow-x-scroll break-words text-base leading-7 first:mt-0 prose-headings:first:mt-0 prose-strong:font-bold prose-thead:font-bold light:text-[#3E4247] dark:text-[#EBEBEB] prose-headings:light:text-[#3E4247]\"><div><div><p class=\"mb-3 mt-0\" data-copy-text=\"true\">Chegar \u00e0 <strong>Cachoeira do Tabuleiro<\/strong> \u00e9, por si s\u00f3, uma aventura encantadora. O parque est\u00e1 localizado a cerca de <strong>170 km de Belo Horizonte<\/strong>, facilitando o acesso tanto para quem busca uma escapada de final de semana quanto para aqueles que desejam explorar a rota completa da Estrada Real.<\/p><\/div><\/div><\/div><div class=\"hide-scrollbar markdown prose relative w-full max-w-none overflow-x-scroll break-words text-base leading-7 first:mt-0 prose-headings:first:mt-0 prose-strong:font-bold prose-thead:font-bold light:text-[#3E4247] dark:text-[#EBEBEB] prose-headings:light:text-[#3E4247] animate-typing\"><div>O percurso at\u00e9 a base da cachoeira \u00e9 desafiador, com uma trilha de aproximadamente <strong>2,5 km<\/strong>, que combina subidas, descidas e travessias de rio. Apesar do n\u00edvel intermedi\u00e1rio de dificuldade, a vista que se revela ao final faz qualquer esfor\u00e7o valer a pena. Vale lembrar que \u00e9 recomend\u00e1vel estar acompanhado por guias especializados ou ag\u00eancias de turismo como a <strong>Blumar Turismo<\/strong>, que garantem uma experi\u00eancia segura e organizada.<\/div><\/div>\t\t\t\t\t\t<\/div>\n\t\t\t\t<\/div>\n\t\t\t\t\t<\/div>\n\t\t\t\t<\/div>\n\t\t<div class=\"elementor-element elementor-element-ba1ca7e e-flex e-con-boxed e-con e-parent\" data-id=\"ba1ca7e\" data-element_type=\"container\" data-settings=\"{&quot;content_width&quot;:&quot;boxed&quot;}\" data-core-v316-plus=\"true\">\n\t\t\t\t\t<div class=\"e-con-inner\">\n\t\t\t\t<div class=\"elementor-element elementor-element-2f51942 elementor-widget elementor-widget-heading\" data-id=\"2f51942\" data-element_type=\"widget\" data-widget_type=\"heading.default\">\n\t\t\t\t<div class=\"elementor-widget-container\">\n\t\t\t<h2 class=\"elementor-heading-title elementor-size-large\">Por que Visitar? As Atividades Imperd\u00edveis\n<\/h2>\t\t<\/div>\n\t\t\t\t<\/div>\n\t\t\t\t<div class=\"elementor-element elementor-element-17c478c elementor-widget elementor-widget-image\" data-id=\"17c478c\" data-element_type=\"widget\" data-widget_type=\"image.default\">\n\t\t\t\t<div class=\"elementor-widget-container\">\n\t\t\t<style>\/*! elementor - v3.16.0 - 13-09-2023 *\/\n.elementor-widget-image{text-align:center}.elementor-widget-image a{display:inline-block}.elementor-widget-image a img[src$=\".svg\"]{width:48px}.elementor-widget-image img{vertical-align:middle;display:inline-block}<\/style>\t\t\t\t\t\t\t\t\t<figure class=\"wp-caption\">\n\t\t\t\t\t\t\t\t\t\t<img loading=\"lazy\" decoding=\"async\" width=\"1000\" height=\"667\" src=\"https:\/\/www.blumarturismo.com.br\/blog\/wp-content\/uploads\/2025\/07\/Bruno-Martins-Imagens-Shutter.jpg\" class=\"attachment-large size-large wp-image-71022\" alt=\"Foto: Bruno Martins Imagens \/ Shutterstock.com\" srcset=\"https:\/\/www.blumarturismo.com.br\/blog\/wp-content\/uploads\/2025\/07\/Bruno-Martins-Imagens-Shutter.jpg 1000w, https:\/\/www.blumarturismo.com.br\/blog\/wp-content\/uploads\/2025\/07\/Bruno-Martins-Imagens-Shutter-300x200.jpg 300w, https:\/\/www.blumarturismo.com.br\/blog\/wp-content\/uploads\/2025\/07\/Bruno-Martins-Imagens-Shutter-768x512.jpg 768w\" sizes=\"auto, (max-width: 1000px) 100vw, 1000px\" \/>\t\t\t\t\t\t\t\t\t\t\t<figcaption class=\"widget-image-caption wp-caption-text\">Foto: Bruno Martins Imagens \/ Shutterstock.com<\/figcaption>\n\t\t\t\t\t\t\t\t\t\t<\/figure>\n\t\t\t\t\t\t\t\t\t<\/div>\n\t\t\t\t<\/div>\n\t\t\t\t<div class=\"elementor-element elementor-element-6a7a27f elementor-widget elementor-widget-text-editor\" data-id=\"6a7a27f\" data-element_type=\"widget\" data-widget_type=\"text-editor.default\">\n\t\t\t\t<div class=\"elementor-widget-container\">\n\t\t\t\t\t\t\t<div class=\"hide-scrollbar markdown prose relative w-full max-w-none overflow-x-scroll break-words text-base leading-7 first:mt-0 prose-headings:first:mt-0 prose-strong:font-bold prose-thead:font-bold light:text-[#3E4247] dark:text-[#EBEBEB] prose-headings:light:text-[#3E4247]\"><div><div><p class=\"mb-3 mt-0\" data-copy-text=\"true\">Se voc\u00ea \u00e9 amante de aventuras ou apenas deseja reconnectar com a natureza, a <strong>Cachoeira do Tabuleiro<\/strong> oferece atividades que agradam a todos os tipos de viajantes:<\/p><\/div><\/div><\/div><div class=\"hide-scrollbar markdown prose relative w-full max-w-none overflow-x-scroll break-words text-base leading-7 first:mt-0 prose-headings:first:mt-0 prose-strong:font-bold prose-thead:font-bold light:text-[#3E4247] dark:text-[#EBEBEB] prose-headings:light:text-[#3E4247] animate-typing\"><div><div><ul class=\"mb-2 mt-0\"><li class=\"my-[5px] first:mt-0 last:mb-0\" data-copy-text=\"true\"><strong>Contempla\u00e7\u00e3o e Fotografia:<\/strong> A paisagem \u00e9 de tirar o f\u00f4lego! Do mirante ou da base, cada \u00e2ngulo proporciona cliques inesquec\u00edveis.<\/li><li class=\"my-[5px] first:mt-0 last:mb-0\" data-copy-text=\"true\"><strong>Banho de Cachoeira:<\/strong> Refresque-se nas \u00e1guas cristalinas da piscina natural aos p\u00e9s da queda. Uma sensa\u00e7\u00e3o revigorante!<\/li><li class=\"my-[5px] first:mt-0 last:mb-0\" data-copy-text=\"true\"><strong>Trilhas:<\/strong> Al\u00e9m da trilha principal, \u00e9 poss\u00edvel explorar caminhos complementares no Parque Estadual da Serra do Intendente.<\/li><li class=\"my-[5px] first:mt-0 last:mb-0\" data-copy-text=\"true\"><strong>Contato com a Natureza Local:<\/strong> Encontre esp\u00e9cies raras de fauna e flora e aproveite para aprender mais sobre o bioma t\u00edpico da regi\u00e3o.<\/li><\/ul><\/div><\/div><\/div><div class=\"hide-scrollbar markdown prose relative w-full max-w-none overflow-x-scroll break-words text-base leading-7 first:mt-0 prose-headings:first:mt-0 prose-strong:font-bold prose-thead:font-bold light:text-[#3E4247] dark:text-[#EBEBEB] prose-headings:light:text-[#3E4247] animate-typing\"><div>Segundo relatos de visitantes e listagens da imprensa especializada, como a <strong>Viagem e Turismo<\/strong>, a <strong>Cachoeira do Tabuleiro<\/strong> frequentemente figura entre os destinos naturais mais belos do Brasil.<\/div><\/div>\t\t\t\t\t\t<\/div>\n\t\t\t\t<\/div>\n\t\t\t\t\t<\/div>\n\t\t\t\t<\/div>\n\t\t<div class=\"elementor-element elementor-element-feb4c28 e-flex e-con-boxed e-con e-parent\" data-id=\"feb4c28\" data-element_type=\"container\" data-settings=\"{&quot;content_width&quot;:&quot;boxed&quot;}\" data-core-v316-plus=\"true\">\n\t\t\t\t\t<div class=\"e-con-inner\">\n\t\t\t\t<div class=\"elementor-element elementor-element-c66f81d elementor-widget elementor-widget-heading\" data-id=\"c66f81d\" data-element_type=\"widget\" data-widget_type=\"heading.default\">\n\t\t\t\t<div class=\"elementor-widget-container\">\n\t\t\t<h2 class=\"elementor-heading-title elementor-size-large\">Blumar Turismo: A Melhor Escolha para Explorar a Cachoeira do Tabuleiro\n<\/h2>\t\t<\/div>\n\t\t\t\t<\/div>\n\t\t\t\t<div class=\"elementor-element elementor-element-02d6827 elementor-widget elementor-widget-text-editor\" data-id=\"02d6827\" data-element_type=\"widget\" data-widget_type=\"text-editor.default\">\n\t\t\t\t<div class=\"elementor-widget-container\">\n\t\t\t\t\t\t\t<div class=\"hide-scrollbar markdown prose relative w-full max-w-none overflow-x-scroll break-words text-base leading-7 first:mt-0 prose-headings:first:mt-0 prose-strong:font-bold prose-thead:font-bold light:text-[#3E4247] dark:text-[#EBEBEB] prose-headings:light:text-[#3E4247]\"><div><div><p class=\"mb-3 mt-0\" data-copy-text=\"true\">Turistar \u00e9 bom. Turistar com seguran\u00e7a e tranquilidade \u00e9 ainda melhor! \u00c9 exatamente isso que a <strong>Blumar Turismo<\/strong> oferece aos seus clientes. Como uma das principais ag\u00eancias de turismo receptivo no Brasil, ela \u00e9 reconhecida por sua expertise em criar <strong>roteiros personalizados<\/strong>, garantindo que cada detalhe da sua experi\u00eancia seja cuidadosamente planejado.<\/p><\/div><\/div><\/div>\t\t\t\t\t\t<\/div>\n\t\t\t\t<\/div>\n\t\t\t\t\t<\/div>\n\t\t\t\t<\/div>\n\t\t<div class=\"elementor-element elementor-element-a265ab7 e-flex e-con-boxed e-con e-parent\" data-id=\"a265ab7\" data-element_type=\"container\" data-settings=\"{&quot;content_width&quot;:&quot;boxed&quot;}\" data-core-v316-plus=\"true\">\n\t\t\t\t\t<div class=\"e-con-inner\">\n\t\t\t\t<div class=\"elementor-element elementor-element-c2f070f elementor-widget elementor-widget-heading\" data-id=\"c2f070f\" data-element_type=\"widget\" data-widget_type=\"heading.default\">\n\t\t\t\t<div class=\"elementor-widget-container\">\n\t\t\t<h3 class=\"elementor-heading-title elementor-size-medium\">Por que escolher a Blumar Turismo?\n\n<\/h3>\t\t<\/div>\n\t\t\t\t<\/div>\n\t\t\t\t<div class=\"elementor-element elementor-element-aae1799 elementor-widget elementor-widget-text-editor\" data-id=\"aae1799\" data-element_type=\"widget\" data-widget_type=\"text-editor.default\">\n\t\t\t\t<div class=\"elementor-widget-container\">\n\t\t\t\t\t\t\t<div class=\"hide-scrollbar markdown prose relative w-full max-w-none overflow-x-scroll break-words text-base leading-7 first:mt-0 prose-headings:first:mt-0 prose-strong:font-bold prose-thead:font-bold light:text-[#3E4247] dark:text-[#EBEBEB] prose-headings:light:text-[#3E4247] animate-typing\"><div><div><ul class=\"mb-2 mt-0\"><li class=\"my-[5px] first:mt-0 last:mb-0\" data-copy-text=\"true\"><strong>Rede de Fornecedores Premium:<\/strong> Colabora\u00e7\u00e3o com os melhores guias e hot\u00e9is da regi\u00e3o.<\/li><li class=\"my-[5px] first:mt-0 last:mb-0\" data-copy-text=\"true\"><strong>Conhecimento Local:<\/strong> Parceria com os melhores especialistas em trilhas e parques naturais, garantindo seguran\u00e7a total no trajeto.<\/li><li class=\"my-[5px] first:mt-0 last:mb-0\" data-copy-text=\"true\"><strong>Roteiros Sob Medida:<\/strong> Quer combinar a visita \u00e0 Cachoeira do Tabuleiro com outras atra\u00e7\u00f5es de Minas Gerais? Blumar faz acontecer!<\/li><li class=\"my-[5px] first:mt-0 last:mb-0\" data-copy-text=\"true\"><strong>Satisfa\u00e7\u00e3o Garantida:<\/strong> Centenas de clientes j\u00e1 relataram experi\u00eancias incr\u00edveis.<\/li><\/ul><\/div><\/div><\/div><div class=\"hide-scrollbar markdown prose relative w-full max-w-none overflow-x-scroll break-words text-base leading-7 first:mt-0 prose-headings:first:mt-0 prose-strong:font-bold prose-thead:font-bold light:text-[#3E4247] dark:text-[#EBEBEB] prose-headings:light:text-[#3E4247] animate-typing\"><div>Se voc\u00ea deseja que sua visita \u00e0 <strong>Cachoeira do Tabuleiro<\/strong> seja memor\u00e1vel, a Blumar \u00e9, sem d\u00favidas, a sua melhor op\u00e7\u00e3o.<\/div><\/div>\t\t\t\t\t\t<\/div>\n\t\t\t\t<\/div>\n\t\t\t\t\t<\/div>\n\t\t\t\t<\/div>\n\t\t<div class=\"elementor-element elementor-element-9598a33 e-flex e-con-boxed e-con e-child\" data-id=\"9598a33\" data-element_type=\"container\" data-settings=\"{&quot;content_width&quot;:&quot;boxed&quot;}\">\n\t\t\t\t\t<div class=\"e-con-inner\">\n\t\t\t\t<div class=\"elementor-element elementor-element-6c5b9e4 elementor-widget elementor-widget-heading\" data-id=\"6c5b9e4\" data-element_type=\"widget\" data-widget_type=\"heading.default\">\n\t\t\t\t<div class=\"elementor-widget-container\">\n\t\t\t<h2 class=\"elementor-heading-title elementor-size-large\">Depoimentos de Quem Viveu a Experi\u00eancia<\/h2>\t\t<\/div>\n\t\t\t\t<\/div>\n\t\t\t\t<div class=\"elementor-element elementor-element-a3ca50b elementor-widget elementor-widget-text-editor\" data-id=\"a3ca50b\" data-element_type=\"widget\" data-widget_type=\"text-editor.default\">\n\t\t\t\t<div class=\"elementor-widget-container\">\n\t\t\t\t\t\t\t<p style=\"text-align: center;\"><strong>Blumar Turismo: Certificada pelo Reclame Aqui<\/strong><\/p>\t\t\t\t\t\t<\/div>\n\t\t\t\t<\/div>\n\t\t\t\t<div class=\"elementor-element elementor-element-e81e5e4 elementor-widget elementor-widget-html\" data-id=\"e81e5e4\" data-element_type=\"widget\" data-widget_type=\"html.default\">\n\t\t\t\t<div class=\"elementor-widget-container\">\n\t\t\t<center><div id=\"ra-verified-seal\"><script type=\"text\/javascript\" id=\"ra-embed-verified-seal\" src=\"https:\/\/s3.amazonaws.com\/raichu-beta\/ra-verified\/bundle.js\" data-id=\"MzI4Nzc6Ymx1bWFy\" data-target=\"ra-verified-seal\" data-model=\"2\"><\/script><\/div><\/center>\t\t<\/div>\n\t\t\t\t<\/div>\n\t\t\t\t<div class=\"elementor-element elementor-element-6f314c4 elementor-widget elementor-widget-text-editor\" data-id=\"6f314c4\" data-element_type=\"widget\" data-widget_type=\"text-editor.default\">\n\t\t\t\t<div class=\"elementor-widget-container\">\n\t\t\t\t\t\t\t<p><span style=\"color: var( --e-global-color-text ); text-align: var(--text-align);\">Na <strong><a href=\"https:\/\/ofertas.blumarturismo.com.br\/melhores-hoteis-do-rio-de-janeiro\">Blumar Turismo<\/a><\/strong>, nos orgulhamos de oferecer um servi\u00e7o de excel\u00eancia. Somos certificados pelo Reclame Aqui e n\u00e3o recebemos nenhuma reclama\u00e7\u00e3o nos \u00faltimos 12 meses.<\/span><\/p><p>Nosso compromisso \u00e9 com a total satisfa\u00e7\u00e3o do cliente. Garantimos experi\u00eancias de viagem \u00fanicas e memor\u00e1veis, cuidando de cada detalhe, desde a escolha dos melhores destinos e hot\u00e9is at\u00e9 a personaliza\u00e7\u00e3o de roteiros. Nossa equipe est\u00e1 dedicada a atender todas as suas necessidades com m\u00e1xima aten\u00e7\u00e3o e profissionalismo.<\/p>\t\t\t\t\t\t<\/div>\n\t\t\t\t<\/div>\n\t\t\t\t<div class=\"elementor-element elementor-element-cea5ca9 elementor-widget elementor-widget-html\" data-id=\"cea5ca9\" data-element_type=\"widget\" data-widget_type=\"html.default\">\n\t\t\t\t<div class=\"elementor-widget-container\">\n\t\t\t<script defer async src='https:\/\/cdn.trustindex.io\/loader.js?dc6229528d81446bbc4644b5063'><\/script>\t\t<\/div>\n\t\t\t\t<\/div>\n\t\t\t\t\t<\/div>\n\t\t\t\t<\/div>\n\t\t<div class=\"elementor-element elementor-element-2bcf3b4 e-flex e-con-boxed e-con e-parent\" data-id=\"2bcf3b4\" data-element_type=\"container\" data-settings=\"{&quot;content_width&quot;:&quot;boxed&quot;}\" data-core-v316-plus=\"true\">\n\t\t\t\t\t<div class=\"e-con-inner\">\n\t\t\t\t<div class=\"elementor-element elementor-element-ada5af8 elementor-widget elementor-widget-heading\" data-id=\"ada5af8\" data-element_type=\"widget\" data-widget_type=\"heading.default\">\n\t\t\t\t<div class=\"elementor-widget-container\">\n\t\t\t<h2 class=\"elementor-heading-title elementor-size-medium\">Posts que voc\u00ea tamb\u00e9m pode se interessar:<\/h2>\t\t<\/div>\n\t\t\t\t<\/div>\n\t\t\t\t<div class=\"elementor-element elementor-element-4dea039 elementor-widget elementor-widget-text-editor\" data-id=\"4dea039\" data-element_type=\"widget\" data-widget_type=\"text-editor.default\">\n\t\t\t\t<div class=\"elementor-widget-container\">\n\t\t\t\t\t\t\t<ul><li><a href=\"https:\/\/www.blumarturismo.com.br\/blog\/blumar-a-maior-referencia-em-mice-no-brasil-para-eventos-internacionais-inesqueciveis\/\">Blumar: A Maior Refer\u00eancia em MICE no Brasil para Eventos Internacionais Inesquec\u00edveis<\/a><\/li><li><a href=\"https:\/\/www.blumarturismo.com.br\/blog\/viagens-de-luxo-no-brasil-descubra-a-essencia-com-a-blumar-dmc\/\">Viagens de Luxo no Brasil: Descubra a Ess\u00eancia com a Blumar DMC<\/a><\/li><li><a href=\"https:\/\/www.blumarturismo.com.br\/blog\/cidades-historicas-do-brasil-para-viajar-nas-proximas-ferias\/\">Cidades Hist\u00f3ricas do Brasil para Viajar nas Pr\u00f3ximas F\u00e9rias<\/a><\/li><li><a href=\"https:\/\/www.blumarturismo.com.br\/blog\/destination-management-company-brazil-descubra-a-excelencia-da-blumar\/\">Destination Management Company Brazil: Descubra a Excel\u00eancia da Blumar<\/a><\/li><li><a href=\"https:\/\/www.blumarturismo.com.br\/blog\/os-8-melhores-destinos-no-nordeste-para-conhecer-em-2025\/\">Os 8 Melhores Destinos no Nordeste para Conhecer em 2025<\/a><\/li><\/ul>\t\t\t\t\t\t<\/div>\n\t\t\t\t<\/div>\n\t\t\t\t\t<\/div>\n\t\t\t\t<\/div>\n\t\t<div class=\"elementor-element elementor-element-4455811 e-flex e-con-boxed e-con e-parent\" data-id=\"4455811\" data-element_type=\"container\" data-settings=\"{&quot;content_width&quot;:&quot;boxed&quot;}\" data-core-v316-plus=\"true\">\n\t\t\t\t\t<div class=\"e-con-inner\">\n\t\t\t\t<div class=\"elementor-element elementor-element-bfbc431 elementor-widget elementor-widget-heading\" data-id=\"bfbc431\" data-element_type=\"widget\" data-widget_type=\"heading.default\">\n\t\t\t\t<div class=\"elementor-widget-container\">\n\t\t\t<h2 class=\"elementor-heading-title elementor-size-large\">FAQ - Cachoeira do Tabuleiro em Minas Gerais<\/h2>\t\t<\/div>\n\t\t\t\t<\/div>\n\t\t\t\t<div class=\"elementor-element elementor-element-8f99124 elementor-widget elementor-widget-image\" data-id=\"8f99124\" data-element_type=\"widget\" data-widget_type=\"image.default\">\n\t\t\t\t<div class=\"elementor-widget-container\">\n\t\t\t\t\t\t\t\t\t\t\t\t<figure class=\"wp-caption\">\n\t\t\t\t\t\t\t\t\t\t<img loading=\"lazy\" decoding=\"async\" width=\"1000\" height=\"662\" src=\"https:\/\/www.blumarturismo.com.br\/blog\/wp-content\/uploads\/2025\/07\/juniornmf-shutter.jpg\" class=\"attachment-large size-large wp-image-71023\" alt=\"Foto: juniornmf \/ Shutterstock.com\" srcset=\"https:\/\/www.blumarturismo.com.br\/blog\/wp-content\/uploads\/2025\/07\/juniornmf-shutter.jpg 1000w, https:\/\/www.blumarturismo.com.br\/blog\/wp-content\/uploads\/2025\/07\/juniornmf-shutter-300x199.jpg 300w, https:\/\/www.blumarturismo.com.br\/blog\/wp-content\/uploads\/2025\/07\/juniornmf-shutter-768x508.jpg 768w\" sizes=\"auto, (max-width: 1000px) 100vw, 1000px\" \/>\t\t\t\t\t\t\t\t\t\t\t<figcaption class=\"widget-image-caption wp-caption-text\">Foto: juniornmf \/ Shutterstock.com<\/figcaption>\n\t\t\t\t\t\t\t\t\t\t<\/figure>\n\t\t\t\t\t\t\t\t\t<\/div>\n\t\t\t\t<\/div>\n\t\t\t\t<div class=\"elementor-element elementor-element-25cc6f0 elementor-widget elementor-widget-toggle\" data-id=\"25cc6f0\" data-element_type=\"widget\" data-widget_type=\"toggle.default\">\n\t\t\t\t<div class=\"elementor-widget-container\">\n\t\t\t<style>\/*! elementor - v3.16.0 - 13-09-2023 *\/\n.elementor-toggle{text-align:left}.elementor-toggle .elementor-tab-title{font-weight:700;line-height:1;margin:0;padding:15px;border-bottom:1px solid #d5d8dc;cursor:pointer;outline:none}.elementor-toggle .elementor-tab-title .elementor-toggle-icon{display:inline-block;width:1em}.elementor-toggle .elementor-tab-title .elementor-toggle-icon svg{margin-inline-start:-5px;width:1em;height:1em}.elementor-toggle .elementor-tab-title .elementor-toggle-icon.elementor-toggle-icon-right{float:right;text-align:right}.elementor-toggle .elementor-tab-title .elementor-toggle-icon.elementor-toggle-icon-left{float:left;text-align:left}.elementor-toggle .elementor-tab-title .elementor-toggle-icon .elementor-toggle-icon-closed{display:block}.elementor-toggle .elementor-tab-title .elementor-toggle-icon .elementor-toggle-icon-opened{display:none}.elementor-toggle .elementor-tab-title.elementor-active{border-bottom:none}.elementor-toggle .elementor-tab-title.elementor-active .elementor-toggle-icon-closed{display:none}.elementor-toggle .elementor-tab-title.elementor-active .elementor-toggle-icon-opened{display:block}.elementor-toggle .elementor-tab-content{padding:15px;border-bottom:1px solid #d5d8dc;display:none}@media (max-width:767px){.elementor-toggle .elementor-tab-title{padding:12px}.elementor-toggle .elementor-tab-content{padding:12px 10px}}.e-con-inner>.elementor-widget-toggle,.e-con>.elementor-widget-toggle{width:var(--container-widget-width);--flex-grow:var(--container-widget-flex-grow)}<\/style>\t\t<div class=\"elementor-toggle\">\n\t\t\t\t\t\t\t<div class=\"elementor-toggle-item\">\n\t\t\t\t\t<div id=\"elementor-tab-title-3961\" class=\"elementor-tab-title\" data-tab=\"1\" role=\"button\" aria-controls=\"elementor-tab-content-3961\" aria-expanded=\"false\">\n\t\t\t\t\t\t\t\t\t\t\t\t<span class=\"elementor-toggle-icon elementor-toggle-icon-left\" aria-hidden=\"true\">\n\t\t\t\t\t\t\t\t\t\t\t\t\t\t\t<span class=\"elementor-toggle-icon-closed\"><svg class=\"e-font-icon-svg e-fas-caret-right\" viewBox=\"0 0 192 512\" xmlns=\"http:\/\/www.w3.org\/2000\/svg\"><path d=\"M0 384.662V127.338c0-17.818 21.543-26.741 34.142-14.142l128.662 128.662c7.81 7.81 7.81 20.474 0 28.284L34.142 398.804C21.543 411.404 0 402.48 0 384.662z\"><\/path><\/svg><\/span>\n\t\t\t\t\t\t\t\t<span class=\"elementor-toggle-icon-opened\"><svg class=\"elementor-toggle-icon-opened e-font-icon-svg e-fas-caret-up\" viewBox=\"0 0 320 512\" xmlns=\"http:\/\/www.w3.org\/2000\/svg\"><path d=\"M288.662 352H31.338c-17.818 0-26.741-21.543-14.142-34.142l128.662-128.662c7.81-7.81 20.474-7.81 28.284 0l128.662 128.662c12.6 12.599 3.676 34.142-14.142 34.142z\"><\/path><\/svg><\/span>\n\t\t\t\t\t\t\t\t\t\t\t\t\t<\/span>\n\t\t\t\t\t\t\t\t\t\t\t\t<a class=\"elementor-toggle-title\" tabindex=\"0\">Onde fica a Cachoeira do Tabuleiro?<\/a>\n\t\t\t\t\t<\/div>\n\n\t\t\t\t\t<div id=\"elementor-tab-content-3961\" class=\"elementor-tab-content elementor-clearfix\" data-tab=\"1\" role=\"region\" aria-labelledby=\"elementor-tab-title-3961\"><div class=\"hide-scrollbar markdown prose relative w-full max-w-none overflow-x-scroll break-words text-base leading-7 first:mt-0 prose-headings:first:mt-0 prose-strong:font-bold prose-thead:font-bold light:text-[#3E4247] dark:text-[#EBEBEB] prose-headings:light:text-[#3E4247] animate-typing\"><div><div><p class=\"mb-3 mt-0\" data-copy-text=\"true\">A Cachoeira do Tabuleiro est\u00e1 localizada no <strong>Parque Estadual da Serra do Intendente<\/strong>, em Concei\u00e7\u00e3o do Mato Dentro, Minas Gerais. \u00c9 considerada a cachoeira mais alta de MG e a terceira maior do Brasil, com impressionantes <strong>273 metros de queda d&#8217;\u00e1gua<\/strong>.<\/p><\/div><\/div><\/div><\/div>\n\t\t\t\t<\/div>\n\t\t\t\t\t\t\t<div class=\"elementor-toggle-item\">\n\t\t\t\t\t<div id=\"elementor-tab-title-3962\" class=\"elementor-tab-title\" data-tab=\"2\" role=\"button\" aria-controls=\"elementor-tab-content-3962\" aria-expanded=\"false\">\n\t\t\t\t\t\t\t\t\t\t\t\t<span class=\"elementor-toggle-icon elementor-toggle-icon-left\" aria-hidden=\"true\">\n\t\t\t\t\t\t\t\t\t\t\t\t\t\t\t<span class=\"elementor-toggle-icon-closed\"><svg class=\"e-font-icon-svg e-fas-caret-right\" viewBox=\"0 0 192 512\" xmlns=\"http:\/\/www.w3.org\/2000\/svg\"><path d=\"M0 384.662V127.338c0-17.818 21.543-26.741 34.142-14.142l128.662 128.662c7.81 7.81 7.81 20.474 0 28.284L34.142 398.804C21.543 411.404 0 402.48 0 384.662z\"><\/path><\/svg><\/span>\n\t\t\t\t\t\t\t\t<span class=\"elementor-toggle-icon-opened\"><svg class=\"elementor-toggle-icon-opened e-font-icon-svg e-fas-caret-up\" viewBox=\"0 0 320 512\" xmlns=\"http:\/\/www.w3.org\/2000\/svg\"><path d=\"M288.662 352H31.338c-17.818 0-26.741-21.543-14.142-34.142l128.662-128.662c7.81-7.81 20.474-7.81 28.284 0l128.662 128.662c12.6 12.599 3.676 34.142-14.142 34.142z\"><\/path><\/svg><\/span>\n\t\t\t\t\t\t\t\t\t\t\t\t\t<\/span>\n\t\t\t\t\t\t\t\t\t\t\t\t<a class=\"elementor-toggle-title\" tabindex=\"0\">Por que a Cachoeira do Tabuleiro \u00e9 considerada especial?<\/a>\n\t\t\t\t\t<\/div>\n\n\t\t\t\t\t<div id=\"elementor-tab-content-3962\" class=\"elementor-tab-content elementor-clearfix\" data-tab=\"2\" role=\"region\" aria-labelledby=\"elementor-tab-title-3962\"><div class=\"hide-scrollbar markdown prose relative w-full max-w-none overflow-x-scroll break-words text-base leading-7 first:mt-0 prose-headings:first:mt-0 prose-strong:font-bold prose-thead:font-bold light:text-[#3E4247] dark:text-[#EBEBEB] prose-headings:light:text-[#3E4247]\"><div><div><p class=\"mb-3 mt-0\" data-copy-text=\"true\">Al\u00e9m de sua altura monumental, a cachoeira se destaca pela energia \u00fanica que emana, proporcionando um verdadeiro ref\u00fagio na natureza. Suas \u00e1guas cristalinas emolduradas por pared\u00f5es rochosos e vegeta\u00e7\u00e3o exuberante criam um cen\u00e1rio perfeito para contempla\u00e7\u00e3o e desconex\u00e3o da rotina urbana.<\/p><\/div><\/div><\/div><\/div>\n\t\t\t\t<\/div>\n\t\t\t\t\t\t\t<div class=\"elementor-toggle-item\">\n\t\t\t\t\t<div id=\"elementor-tab-title-3963\" class=\"elementor-tab-title\" data-tab=\"3\" role=\"button\" aria-controls=\"elementor-tab-content-3963\" aria-expanded=\"false\">\n\t\t\t\t\t\t\t\t\t\t\t\t<span class=\"elementor-toggle-icon elementor-toggle-icon-left\" aria-hidden=\"true\">\n\t\t\t\t\t\t\t\t\t\t\t\t\t\t\t<span class=\"elementor-toggle-icon-closed\"><svg class=\"e-font-icon-svg e-fas-caret-right\" viewBox=\"0 0 192 512\" xmlns=\"http:\/\/www.w3.org\/2000\/svg\"><path d=\"M0 384.662V127.338c0-17.818 21.543-26.741 34.142-14.142l128.662 128.662c7.81 7.81 7.81 20.474 0 28.284L34.142 398.804C21.543 411.404 0 402.48 0 384.662z\"><\/path><\/svg><\/span>\n\t\t\t\t\t\t\t\t<span class=\"elementor-toggle-icon-opened\"><svg class=\"elementor-toggle-icon-opened e-font-icon-svg e-fas-caret-up\" viewBox=\"0 0 320 512\" xmlns=\"http:\/\/www.w3.org\/2000\/svg\"><path d=\"M288.662 352H31.338c-17.818 0-26.741-21.543-14.142-34.142l128.662-128.662c7.81-7.81 20.474-7.81 28.284 0l128.662 128.662c12.6 12.599 3.676 34.142-14.142 34.142z\"><\/path><\/svg><\/span>\n\t\t\t\t\t\t\t\t\t\t\t\t\t<\/span>\n\t\t\t\t\t\t\t\t\t\t\t\t<a class=\"elementor-toggle-title\" tabindex=\"0\">Qual \u00e9 o ranking da Cachoeira do Tabuleiro no Brasil?<\/a>\n\t\t\t\t\t<\/div>\n\n\t\t\t\t\t<div id=\"elementor-tab-content-3963\" class=\"elementor-tab-content elementor-clearfix\" data-tab=\"3\" role=\"region\" aria-labelledby=\"elementor-tab-title-3963\"><div class=\"hide-scrollbar markdown prose relative w-full max-w-none overflow-x-scroll break-words text-base leading-7 first:mt-0 prose-headings:first:mt-0 prose-strong:font-bold prose-thead:font-bold light:text-[#3E4247] dark:text-[#EBEBEB] prose-headings:light:text-[#3E4247]\"><div><div><p class=\"mb-3 mt-0\" data-copy-text=\"true\">A Cachoeira do Tabuleiro ocupa a posi\u00e7\u00e3o de <strong>terceira cachoeira mais alta do Brasil<\/strong> e \u00e9 frequentemente listada entre os destinos naturais mais belos do pa\u00eds por publica\u00e7\u00f5es especializadas como a revista Viagem e Turismo.<\/p><\/div><\/div><\/div><\/div>\n\t\t\t\t<\/div>\n\t\t\t\t\t\t\t<div class=\"elementor-toggle-item\">\n\t\t\t\t\t<div id=\"elementor-tab-title-3964\" class=\"elementor-tab-title\" data-tab=\"4\" role=\"button\" aria-controls=\"elementor-tab-content-3964\" aria-expanded=\"false\">\n\t\t\t\t\t\t\t\t\t\t\t\t<span class=\"elementor-toggle-icon elementor-toggle-icon-left\" aria-hidden=\"true\">\n\t\t\t\t\t\t\t\t\t\t\t\t\t\t\t<span class=\"elementor-toggle-icon-closed\"><svg class=\"e-font-icon-svg e-fas-caret-right\" viewBox=\"0 0 192 512\" xmlns=\"http:\/\/www.w3.org\/2000\/svg\"><path d=\"M0 384.662V127.338c0-17.818 21.543-26.741 34.142-14.142l128.662 128.662c7.81 7.81 7.81 20.474 0 28.284L34.142 398.804C21.543 411.404 0 402.48 0 384.662z\"><\/path><\/svg><\/span>\n\t\t\t\t\t\t\t\t<span class=\"elementor-toggle-icon-opened\"><svg class=\"elementor-toggle-icon-opened e-font-icon-svg e-fas-caret-up\" viewBox=\"0 0 320 512\" xmlns=\"http:\/\/www.w3.org\/2000\/svg\"><path d=\"M288.662 352H31.338c-17.818 0-26.741-21.543-14.142-34.142l128.662-128.662c7.81-7.81 20.474-7.81 28.284 0l128.662 128.662c12.6 12.599 3.676 34.142-14.142 34.142z\"><\/path><\/svg><\/span>\n\t\t\t\t\t\t\t\t\t\t\t\t\t<\/span>\n\t\t\t\t\t\t\t\t\t\t\t\t<a class=\"elementor-toggle-title\" tabindex=\"0\">Qual a dist\u00e2ncia da Cachoeira do Tabuleiro at\u00e9 Belo Horizonte?<\/a>\n\t\t\t\t\t<\/div>\n\n\t\t\t\t\t<div id=\"elementor-tab-content-3964\" class=\"elementor-tab-content elementor-clearfix\" data-tab=\"4\" role=\"region\" aria-labelledby=\"elementor-tab-title-3964\"><div class=\"hide-scrollbar markdown prose relative w-full max-w-none overflow-x-scroll break-words text-base leading-7 first:mt-0 prose-headings:first:mt-0 prose-strong:font-bold prose-thead:font-bold light:text-[#3E4247] dark:text-[#EBEBEB] prose-headings:light:text-[#3E4247] animate-typing\"><div><div><p class=\"mb-3 mt-0\" data-copy-text=\"true\">A cachoeira est\u00e1 localizada a aproximadamente <strong>170 km de Belo Horizonte<\/strong>, tornando-se uma op\u00e7\u00e3o perfeita para escapadas de final de semana ou como parte do roteiro da Estrada Real.<\/p><\/div><\/div><\/div><\/div>\n\t\t\t\t<\/div>\n\t\t\t\t\t\t\t<div class=\"elementor-toggle-item\">\n\t\t\t\t\t<div id=\"elementor-tab-title-3965\" class=\"elementor-tab-title\" data-tab=\"5\" role=\"button\" aria-controls=\"elementor-tab-content-3965\" aria-expanded=\"false\">\n\t\t\t\t\t\t\t\t\t\t\t\t<span class=\"elementor-toggle-icon elementor-toggle-icon-left\" aria-hidden=\"true\">\n\t\t\t\t\t\t\t\t\t\t\t\t\t\t\t<span class=\"elementor-toggle-icon-closed\"><svg class=\"e-font-icon-svg e-fas-caret-right\" viewBox=\"0 0 192 512\" xmlns=\"http:\/\/www.w3.org\/2000\/svg\"><path d=\"M0 384.662V127.338c0-17.818 21.543-26.741 34.142-14.142l128.662 128.662c7.81 7.81 7.81 20.474 0 28.284L34.142 398.804C21.543 411.404 0 402.48 0 384.662z\"><\/path><\/svg><\/span>\n\t\t\t\t\t\t\t\t<span class=\"elementor-toggle-icon-opened\"><svg class=\"elementor-toggle-icon-opened e-font-icon-svg e-fas-caret-up\" viewBox=\"0 0 320 512\" xmlns=\"http:\/\/www.w3.org\/2000\/svg\"><path d=\"M288.662 352H31.338c-17.818 0-26.741-21.543-14.142-34.142l128.662-128.662c7.81-7.81 20.474-7.81 28.284 0l128.662 128.662c12.6 12.599 3.676 34.142-14.142 34.142z\"><\/path><\/svg><\/span>\n\t\t\t\t\t\t\t\t\t\t\t\t\t<\/span>\n\t\t\t\t\t\t\t\t\t\t\t\t<a class=\"elementor-toggle-title\" tabindex=\"0\">Como \u00e9 a trilha para chegar \u00e0 cachoeira?<\/a>\n\t\t\t\t\t<\/div>\n\n\t\t\t\t\t<div id=\"elementor-tab-content-3965\" class=\"elementor-tab-content elementor-clearfix\" data-tab=\"5\" role=\"region\" aria-labelledby=\"elementor-tab-title-3965\"><div class=\"hide-scrollbar markdown prose relative w-full max-w-none overflow-x-scroll break-words text-base leading-7 first:mt-0 prose-headings:first:mt-0 prose-strong:font-bold prose-thead:font-bold light:text-[#3E4247] dark:text-[#EBEBEB] prose-headings:light:text-[#3E4247]\"><div><div><p class=\"mb-3 mt-0\" data-copy-text=\"true\">A trilha at\u00e9 a base da cachoeira tem aproximadamente <strong>2,5 km<\/strong> e apresenta <strong>n\u00edvel intermedi\u00e1rio de dificuldade<\/strong>. O percurso inclui subidas, descidas e travessias de rio, proporcionando uma aventura completa antes do encontro com a majestosa queda d&#8217;\u00e1gua.<\/p><\/div><\/div><\/div><\/div>\n\t\t\t\t<\/div>\n\t\t\t\t\t\t\t<div class=\"elementor-toggle-item\">\n\t\t\t\t\t<div id=\"elementor-tab-title-3966\" class=\"elementor-tab-title\" data-tab=\"6\" role=\"button\" aria-controls=\"elementor-tab-content-3966\" aria-expanded=\"false\">\n\t\t\t\t\t\t\t\t\t\t\t\t<span class=\"elementor-toggle-icon elementor-toggle-icon-left\" aria-hidden=\"true\">\n\t\t\t\t\t\t\t\t\t\t\t\t\t\t\t<span class=\"elementor-toggle-icon-closed\"><svg class=\"e-font-icon-svg e-fas-caret-right\" viewBox=\"0 0 192 512\" xmlns=\"http:\/\/www.w3.org\/2000\/svg\"><path d=\"M0 384.662V127.338c0-17.818 21.543-26.741 34.142-14.142l128.662 128.662c7.81 7.81 7.81 20.474 0 28.284L34.142 398.804C21.543 411.404 0 402.48 0 384.662z\"><\/path><\/svg><\/span>\n\t\t\t\t\t\t\t\t<span class=\"elementor-toggle-icon-opened\"><svg class=\"elementor-toggle-icon-opened e-font-icon-svg e-fas-caret-up\" viewBox=\"0 0 320 512\" xmlns=\"http:\/\/www.w3.org\/2000\/svg\"><path d=\"M288.662 352H31.338c-17.818 0-26.741-21.543-14.142-34.142l128.662-128.662c7.81-7.81 20.474-7.81 28.284 0l128.662 128.662c12.6 12.599 3.676 34.142-14.142 34.142z\"><\/path><\/svg><\/span>\n\t\t\t\t\t\t\t\t\t\t\t\t\t<\/span>\n\t\t\t\t\t\t\t\t\t\t\t\t<a class=\"elementor-toggle-title\" tabindex=\"0\">\u00c9 necess\u00e1rio contratar guia para visitar a Cachoeira do Tabuleiro?<\/a>\n\t\t\t\t\t<\/div>\n\n\t\t\t\t\t<div id=\"elementor-tab-content-3966\" class=\"elementor-tab-content elementor-clearfix\" data-tab=\"6\" role=\"region\" aria-labelledby=\"elementor-tab-title-3966\"><div class=\"hide-scrollbar markdown prose relative w-full max-w-none overflow-x-scroll break-words text-base leading-7 first:mt-0 prose-headings:first:mt-0 prose-strong:font-bold prose-thead:font-bold light:text-[#3E4247] dark:text-[#EBEBEB] prose-headings:light:text-[#3E4247]\"><div><div><p class=\"mb-3 mt-0\" data-copy-text=\"true\">Embora n\u00e3o seja obrigat\u00f3rio, \u00e9 <strong>altamente recomend\u00e1vel<\/strong> estar acompanhado por guias especializados ou ag\u00eancias de turismo experientes. Isso garante maior seguran\u00e7a, conhecimento sobre a regi\u00e3o e uma experi\u00eancia mais organizada e proveitosa.<\/p><\/div><\/div><\/div><\/div>\n\t\t\t\t<\/div>\n\t\t\t\t\t\t\t<div class=\"elementor-toggle-item\">\n\t\t\t\t\t<div id=\"elementor-tab-title-3967\" class=\"elementor-tab-title\" data-tab=\"7\" role=\"button\" aria-controls=\"elementor-tab-content-3967\" aria-expanded=\"false\">\n\t\t\t\t\t\t\t\t\t\t\t\t<span class=\"elementor-toggle-icon elementor-toggle-icon-left\" aria-hidden=\"true\">\n\t\t\t\t\t\t\t\t\t\t\t\t\t\t\t<span class=\"elementor-toggle-icon-closed\"><svg class=\"e-font-icon-svg e-fas-caret-right\" viewBox=\"0 0 192 512\" xmlns=\"http:\/\/www.w3.org\/2000\/svg\"><path d=\"M0 384.662V127.338c0-17.818 21.543-26.741 34.142-14.142l128.662 128.662c7.81 7.81 7.81 20.474 0 28.284L34.142 398.804C21.543 411.404 0 402.48 0 384.662z\"><\/path><\/svg><\/span>\n\t\t\t\t\t\t\t\t<span class=\"elementor-toggle-icon-opened\"><svg class=\"elementor-toggle-icon-opened e-font-icon-svg e-fas-caret-up\" viewBox=\"0 0 320 512\" xmlns=\"http:\/\/www.w3.org\/2000\/svg\"><path d=\"M288.662 352H31.338c-17.818 0-26.741-21.543-14.142-34.142l128.662-128.662c7.81-7.81 20.474-7.81 28.284 0l128.662 128.662c12.6 12.599 3.676 34.142-14.142 34.142z\"><\/path><\/svg><\/span>\n\t\t\t\t\t\t\t\t\t\t\t\t\t<\/span>\n\t\t\t\t\t\t\t\t\t\t\t\t<a class=\"elementor-toggle-title\" tabindex=\"0\">Quais atividades posso fazer na Cachoeira do Tabuleiro?<\/a>\n\t\t\t\t\t<\/div>\n\n\t\t\t\t\t<div id=\"elementor-tab-content-3967\" class=\"elementor-tab-content elementor-clearfix\" data-tab=\"7\" role=\"region\" aria-labelledby=\"elementor-tab-title-3967\"><div class=\"hide-scrollbar markdown prose relative w-full max-w-none overflow-x-scroll break-words text-base leading-7 first:mt-0 prose-headings:first:mt-0 prose-strong:font-bold prose-thead:font-bold light:text-[#3E4247] dark:text-[#EBEBEB] prose-headings:light:text-[#3E4247]\"><div><div><p class=\"mb-3 mt-0\" data-copy-text=\"true\">As principais atividades incluem:<\/p><\/div><\/div><\/div><div class=\"hide-scrollbar markdown prose relative w-full max-w-none overflow-x-scroll break-words text-base leading-7 first:mt-0 prose-headings:first:mt-0 prose-strong:font-bold prose-thead:font-bold light:text-[#3E4247] dark:text-[#EBEBEB] prose-headings:light:text-[#3E4247] animate-typing\"><div><div><ul class=\"mb-2 mt-0\"><li class=\"my-[5px] first:mt-0 last:mb-0\" data-copy-text=\"true\"><strong>Contempla\u00e7\u00e3o e fotografia<\/strong> dos mirantes e base da cachoeira<\/li><li class=\"my-[5px] first:mt-0 last:mb-0\" data-copy-text=\"true\"><strong>Banho nas piscinas naturais<\/strong> de \u00e1guas cristalinas<\/li><li class=\"my-[5px] first:mt-0 last:mb-0\" data-copy-text=\"true\"><strong>Trilhas complementares<\/strong> no Parque Estadual da Serra do Intendente<\/li><li class=\"my-[5px] first:mt-0 last:mb-0\" data-copy-text=\"true\"><strong>Observa\u00e7\u00e3o da fauna e flora<\/strong> local com esp\u00e9cies raras do bioma regional<\/li><\/ul><\/div><\/div><\/div><\/div>\n\t\t\t\t<\/div>\n\t\t\t\t\t\t\t<div class=\"elementor-toggle-item\">\n\t\t\t\t\t<div id=\"elementor-tab-title-3968\" class=\"elementor-tab-title\" data-tab=\"8\" role=\"button\" aria-controls=\"elementor-tab-content-3968\" aria-expanded=\"false\">\n\t\t\t\t\t\t\t\t\t\t\t\t<span class=\"elementor-toggle-icon elementor-toggle-icon-left\" aria-hidden=\"true\">\n\t\t\t\t\t\t\t\t\t\t\t\t\t\t\t<span class=\"elementor-toggle-icon-closed\"><svg class=\"e-font-icon-svg e-fas-caret-right\" viewBox=\"0 0 192 512\" xmlns=\"http:\/\/www.w3.org\/2000\/svg\"><path d=\"M0 384.662V127.338c0-17.818 21.543-26.741 34.142-14.142l128.662 128.662c7.81 7.81 7.81 20.474 0 28.284L34.142 398.804C21.543 411.404 0 402.48 0 384.662z\"><\/path><\/svg><\/span>\n\t\t\t\t\t\t\t\t<span class=\"elementor-toggle-icon-opened\"><svg class=\"elementor-toggle-icon-opened e-font-icon-svg e-fas-caret-up\" viewBox=\"0 0 320 512\" xmlns=\"http:\/\/www.w3.org\/2000\/svg\"><path d=\"M288.662 352H31.338c-17.818 0-26.741-21.543-14.142-34.142l128.662-128.662c7.81-7.81 20.474-7.81 28.284 0l128.662 128.662c12.6 12.599 3.676 34.142-14.142 34.142z\"><\/path><\/svg><\/span>\n\t\t\t\t\t\t\t\t\t\t\t\t\t<\/span>\n\t\t\t\t\t\t\t\t\t\t\t\t<a class=\"elementor-toggle-title\" tabindex=\"0\">\u00c9 poss\u00edvel tomar banho na Cachoeira do Tabuleiro?<\/a>\n\t\t\t\t\t<\/div>\n\n\t\t\t\t\t<div id=\"elementor-tab-content-3968\" class=\"elementor-tab-content elementor-clearfix\" data-tab=\"8\" role=\"region\" aria-labelledby=\"elementor-tab-title-3968\"><div class=\"hide-scrollbar markdown prose relative w-full max-w-none overflow-x-scroll break-words text-base leading-7 first:mt-0 prose-headings:first:mt-0 prose-strong:font-bold prose-thead:font-bold light:text-[#3E4247] dark:text-[#EBEBEB] prose-headings:light:text-[#3E4247]\"><div><div><p class=\"mb-3 mt-0\" data-copy-text=\"true\">Sim! Existe uma <strong>piscina natural aos p\u00e9s da queda<\/strong> onde os visitantes podem se refrescar nas \u00e1guas cristalinas. A experi\u00eancia \u00e9 descrita como revigorante e inesquec\u00edvel pelos turistas.<\/p><\/div><\/div><\/div><\/div>\n\t\t\t\t<\/div>\n\t\t\t\t\t\t\t<div class=\"elementor-toggle-item\">\n\t\t\t\t\t<div id=\"elementor-tab-title-3969\" class=\"elementor-tab-title\" data-tab=\"9\" role=\"button\" aria-controls=\"elementor-tab-content-3969\" aria-expanded=\"false\">\n\t\t\t\t\t\t\t\t\t\t\t\t<span class=\"elementor-toggle-icon elementor-toggle-icon-left\" aria-hidden=\"true\">\n\t\t\t\t\t\t\t\t\t\t\t\t\t\t\t<span class=\"elementor-toggle-icon-closed\"><svg class=\"e-font-icon-svg e-fas-caret-right\" viewBox=\"0 0 192 512\" xmlns=\"http:\/\/www.w3.org\/2000\/svg\"><path d=\"M0 384.662V127.338c0-17.818 21.543-26.741 34.142-14.142l128.662 128.662c7.81 7.81 7.81 20.474 0 28.284L34.142 398.804C21.543 411.404 0 402.48 0 384.662z\"><\/path><\/svg><\/span>\n\t\t\t\t\t\t\t\t<span class=\"elementor-toggle-icon-opened\"><svg class=\"elementor-toggle-icon-opened e-font-icon-svg e-fas-caret-up\" viewBox=\"0 0 320 512\" xmlns=\"http:\/\/www.w3.org\/2000\/svg\"><path d=\"M288.662 352H31.338c-17.818 0-26.741-21.543-14.142-34.142l128.662-128.662c7.81-7.81 20.474-7.81 28.284 0l128.662 128.662c12.6 12.599 3.676 34.142-14.142 34.142z\"><\/path><\/svg><\/span>\n\t\t\t\t\t\t\t\t\t\t\t\t\t<\/span>\n\t\t\t\t\t\t\t\t\t\t\t\t<a class=\"elementor-toggle-title\" tabindex=\"0\">Qual a melhor \u00e9poca para visitar a cachoeira?<\/a>\n\t\t\t\t\t<\/div>\n\n\t\t\t\t\t<div id=\"elementor-tab-content-3969\" class=\"elementor-tab-content elementor-clearfix\" data-tab=\"9\" role=\"region\" aria-labelledby=\"elementor-tab-title-3969\"><div class=\"hide-scrollbar markdown prose relative w-full max-w-none overflow-x-scroll break-words text-base leading-7 first:mt-0 prose-headings:first:mt-0 prose-strong:font-bold prose-thead:font-bold light:text-[#3E4247] dark:text-[#EBEBEB] prose-headings:light:text-[#3E4247] animate-typing\"><div><div><p class=\"mb-3 mt-0\" data-copy-text=\"true\">A cachoeira pode ser visitada durante todo o ano, mas a <strong>esta\u00e7\u00e3o seca (maio a setembro)<\/strong> oferece melhores condi\u00e7\u00f5es para trilhas e maior volume de \u00e1gua. A esta\u00e7\u00e3o chuvosa proporciona maior volume d&#8217;\u00e1gua, mas pode tornar as trilhas mais desafiadoras.<\/p><\/div><\/div><\/div><\/div>\n\t\t\t\t<\/div>\n\t\t\t\t\t\t\t<div class=\"elementor-toggle-item\">\n\t\t\t\t\t<div id=\"elementor-tab-title-39610\" class=\"elementor-tab-title\" data-tab=\"10\" role=\"button\" aria-controls=\"elementor-tab-content-39610\" aria-expanded=\"false\">\n\t\t\t\t\t\t\t\t\t\t\t\t<span class=\"elementor-toggle-icon elementor-toggle-icon-left\" aria-hidden=\"true\">\n\t\t\t\t\t\t\t\t\t\t\t\t\t\t\t<span class=\"elementor-toggle-icon-closed\"><svg class=\"e-font-icon-svg e-fas-caret-right\" viewBox=\"0 0 192 512\" xmlns=\"http:\/\/www.w3.org\/2000\/svg\"><path d=\"M0 384.662V127.338c0-17.818 21.543-26.741 34.142-14.142l128.662 128.662c7.81 7.81 7.81 20.474 0 28.284L34.142 398.804C21.543 411.404 0 402.48 0 384.662z\"><\/path><\/svg><\/span>\n\t\t\t\t\t\t\t\t<span class=\"elementor-toggle-icon-opened\"><svg class=\"elementor-toggle-icon-opened e-font-icon-svg e-fas-caret-up\" viewBox=\"0 0 320 512\" xmlns=\"http:\/\/www.w3.org\/2000\/svg\"><path d=\"M288.662 352H31.338c-17.818 0-26.741-21.543-14.142-34.142l128.662-128.662c7.81-7.81 20.474-7.81 28.284 0l128.662 128.662c12.6 12.599 3.676 34.142-14.142 34.142z\"><\/path><\/svg><\/span>\n\t\t\t\t\t\t\t\t\t\t\t\t\t<\/span>\n\t\t\t\t\t\t\t\t\t\t\t\t<a class=\"elementor-toggle-title\" tabindex=\"0\">Por que escolher a Blumar Turismo para visitar a Cachoeira do Tabuleiro?<\/a>\n\t\t\t\t\t<\/div>\n\n\t\t\t\t\t<div id=\"elementor-tab-content-39610\" class=\"elementor-tab-content elementor-clearfix\" data-tab=\"10\" role=\"region\" aria-labelledby=\"elementor-tab-title-39610\"><div class=\"hide-scrollbar markdown prose relative w-full max-w-none overflow-x-scroll break-words text-base leading-7 first:mt-0 prose-headings:first:mt-0 prose-strong:font-bold prose-thead:font-bold light:text-[#3E4247] dark:text-[#EBEBEB] prose-headings:light:text-[#3E4247]\"><div><div><p class=\"mb-3 mt-0\" data-copy-text=\"true\">A Blumar Turismo se destaca por oferecer:<\/p><\/div><\/div><\/div><div class=\"hide-scrollbar markdown prose relative w-full max-w-none overflow-x-scroll break-words text-base leading-7 first:mt-0 prose-headings:first:mt-0 prose-strong:font-bold prose-thead:font-bold light:text-[#3E4247] dark:text-[#EBEBEB] prose-headings:light:text-[#3E4247] animate-typing\"><div><div><ul class=\"mb-2 mt-0\"><li class=\"my-[5px] first:mt-0 last:mb-0\" data-copy-text=\"true\"><strong>Rede de fornecedores premium<\/strong> com os melhores guias e hot\u00e9is da regi\u00e3o<\/li><li class=\"my-[5px] first:mt-0 last:mb-0\" data-copy-text=\"true\"><strong>Conhecimento local especializado<\/strong> em trilhas e parques naturais<\/li><li class=\"my-[5px] first:mt-0 last:mb-0\" data-copy-text=\"true\"><strong>Roteiros personalizados<\/strong> que podem combinar m\u00faltiplas atra\u00e7\u00f5es de MG<\/li><li class=\"my-[5px] first:mt-0 last:mb-0\" data-copy-text=\"true\"><strong>Experi\u00eancia comprovada<\/strong> com centenas de clientes satisfeitos<\/li><\/ul><\/div><\/div><\/div><\/div>\n\t\t\t\t<\/div>\n\t\t\t\t\t\t\t<div class=\"elementor-toggle-item\">\n\t\t\t\t\t<div id=\"elementor-tab-title-39611\" class=\"elementor-tab-title\" data-tab=\"11\" role=\"button\" aria-controls=\"elementor-tab-content-39611\" aria-expanded=\"false\">\n\t\t\t\t\t\t\t\t\t\t\t\t<span class=\"elementor-toggle-icon elementor-toggle-icon-left\" aria-hidden=\"true\">\n\t\t\t\t\t\t\t\t\t\t\t\t\t\t\t<span class=\"elementor-toggle-icon-closed\"><svg class=\"e-font-icon-svg e-fas-caret-right\" viewBox=\"0 0 192 512\" xmlns=\"http:\/\/www.w3.org\/2000\/svg\"><path d=\"M0 384.662V127.338c0-17.818 21.543-26.741 34.142-14.142l128.662 128.662c7.81 7.81 7.81 20.474 0 28.284L34.142 398.804C21.543 411.404 0 402.48 0 384.662z\"><\/path><\/svg><\/span>\n\t\t\t\t\t\t\t\t<span class=\"elementor-toggle-icon-opened\"><svg class=\"elementor-toggle-icon-opened e-font-icon-svg e-fas-caret-up\" viewBox=\"0 0 320 512\" xmlns=\"http:\/\/www.w3.org\/2000\/svg\"><path d=\"M288.662 352H31.338c-17.818 0-26.741-21.543-14.142-34.142l128.662-128.662c7.81-7.81 20.474-7.81 28.284 0l128.662 128.662c12.6 12.599 3.676 34.142-14.142 34.142z\"><\/path><\/svg><\/span>\n\t\t\t\t\t\t\t\t\t\t\t\t\t<\/span>\n\t\t\t\t\t\t\t\t\t\t\t\t<a class=\"elementor-toggle-title\" tabindex=\"0\">\u00c9 poss\u00edvel combinar a visita com outras atra\u00e7\u00f5es de Minas Gerais?<\/a>\n\t\t\t\t\t<\/div>\n\n\t\t\t\t\t<div id=\"elementor-tab-content-39611\" class=\"elementor-tab-content elementor-clearfix\" data-tab=\"11\" role=\"region\" aria-labelledby=\"elementor-tab-title-39611\"><div class=\"hide-scrollbar markdown prose relative w-full max-w-none overflow-x-scroll break-words text-base leading-7 first:mt-0 prose-headings:first:mt-0 prose-strong:font-bold prose-thead:font-bold light:text-[#3E4247] dark:text-[#EBEBEB] prose-headings:light:text-[#3E4247] animate-typing\"><div><div><p class=\"mb-3 mt-0\" data-copy-text=\"true\">Absolutamente! Ag\u00eancias especializadas como a Blumar Turismo criam <strong>roteiros sob medida<\/strong> que podem incluir outras atra\u00e7\u00f5es da regi\u00e3o, aproveitando a localiza\u00e7\u00e3o estrat\u00e9gica na rota da Estrada Real.<\/p><\/div><\/div><\/div><\/div>\n\t\t\t\t<\/div>\n\t\t\t\t\t\t\t<div class=\"elementor-toggle-item\">\n\t\t\t\t\t<div id=\"elementor-tab-title-39612\" class=\"elementor-tab-title\" data-tab=\"12\" role=\"button\" aria-controls=\"elementor-tab-content-39612\" aria-expanded=\"false\">\n\t\t\t\t\t\t\t\t\t\t\t\t<span class=\"elementor-toggle-icon elementor-toggle-icon-left\" aria-hidden=\"true\">\n\t\t\t\t\t\t\t\t\t\t\t\t\t\t\t<span class=\"elementor-toggle-icon-closed\"><svg class=\"e-font-icon-svg e-fas-caret-right\" viewBox=\"0 0 192 512\" xmlns=\"http:\/\/www.w3.org\/2000\/svg\"><path d=\"M0 384.662V127.338c0-17.818 21.543-26.741 34.142-14.142l128.662 128.662c7.81 7.81 7.81 20.474 0 28.284L34.142 398.804C21.543 411.404 0 402.48 0 384.662z\"><\/path><\/svg><\/span>\n\t\t\t\t\t\t\t\t<span class=\"elementor-toggle-icon-opened\"><svg class=\"elementor-toggle-icon-opened e-font-icon-svg e-fas-caret-up\" viewBox=\"0 0 320 512\" xmlns=\"http:\/\/www.w3.org\/2000\/svg\"><path d=\"M288.662 352H31.338c-17.818 0-26.741-21.543-14.142-34.142l128.662-128.662c7.81-7.81 20.474-7.81 28.284 0l128.662 128.662c12.6 12.599 3.676 34.142-14.142 34.142z\"><\/path><\/svg><\/span>\n\t\t\t\t\t\t\t\t\t\t\t\t\t<\/span>\n\t\t\t\t\t\t\t\t\t\t\t\t<a class=\"elementor-toggle-title\" tabindex=\"0\">Qual o diferencial de contratar uma ag\u00eancia especializada?<\/a>\n\t\t\t\t\t<\/div>\n\n\t\t\t\t\t<div id=\"elementor-tab-content-39612\" class=\"elementor-tab-content elementor-clearfix\" data-tab=\"12\" role=\"region\" aria-labelledby=\"elementor-tab-title-39612\"><div class=\"hide-scrollbar markdown prose relative w-full max-w-none overflow-x-scroll break-words text-base leading-7 first:mt-0 prose-headings:first:mt-0 prose-strong:font-bold prose-thead:font-bold light:text-[#3E4247] dark:text-[#EBEBEB] prose-headings:light:text-[#3E4247]\"><div><div><p class=\"mb-3 mt-0\" data-copy-text=\"true\">Contratar uma ag\u00eancia especializada garante:<\/p><\/div><\/div><\/div><div class=\"hide-scrollbar markdown prose relative w-full max-w-none overflow-x-scroll break-words text-base leading-7 first:mt-0 prose-headings:first:mt-0 prose-strong:font-bold prose-thead:font-bold light:text-[#3E4247] dark:text-[#EBEBEB] prose-headings:light:text-[#3E4247] animate-typing\"><div><div><ul class=\"mb-2 mt-0\"><li class=\"my-[5px] first:mt-0 last:mb-0\" data-copy-text=\"true\"><strong>Seguran\u00e7a total<\/strong> no trajeto com guias experientes<\/li><li class=\"my-[5px] first:mt-0 last:mb-0\" data-copy-text=\"true\"><strong>Planejamento detalhado<\/strong> de cada aspecto da viagem<\/li><li class=\"my-[5px] first:mt-0 last:mb-0\" data-copy-text=\"true\"><strong>Acesso a fornecedores premium<\/strong> da regi\u00e3o<\/li><li class=\"my-[5px] first:mt-0 last:mb-0\" data-copy-text=\"true\"><strong>Suporte completo<\/strong> durante toda a experi\u00eancia<\/li><\/ul><\/div><\/div><\/div><\/div>\n\t\t\t\t<\/div>\n\t\t\t\t\t\t\t<div class=\"elementor-toggle-item\">\n\t\t\t\t\t<div id=\"elementor-tab-title-39613\" class=\"elementor-tab-title\" data-tab=\"13\" role=\"button\" aria-controls=\"elementor-tab-content-39613\" aria-expanded=\"false\">\n\t\t\t\t\t\t\t\t\t\t\t\t<span class=\"elementor-toggle-icon elementor-toggle-icon-left\" aria-hidden=\"true\">\n\t\t\t\t\t\t\t\t\t\t\t\t\t\t\t<span class=\"elementor-toggle-icon-closed\"><svg class=\"e-font-icon-svg e-fas-caret-right\" viewBox=\"0 0 192 512\" xmlns=\"http:\/\/www.w3.org\/2000\/svg\"><path d=\"M0 384.662V127.338c0-17.818 21.543-26.741 34.142-14.142l128.662 128.662c7.81 7.81 7.81 20.474 0 28.284L34.142 398.804C21.543 411.404 0 402.48 0 384.662z\"><\/path><\/svg><\/span>\n\t\t\t\t\t\t\t\t<span class=\"elementor-toggle-icon-opened\"><svg class=\"elementor-toggle-icon-opened e-font-icon-svg e-fas-caret-up\" viewBox=\"0 0 320 512\" xmlns=\"http:\/\/www.w3.org\/2000\/svg\"><path d=\"M288.662 352H31.338c-17.818 0-26.741-21.543-14.142-34.142l128.662-128.662c7.81-7.81 20.474-7.81 28.284 0l128.662 128.662c12.6 12.599 3.676 34.142-14.142 34.142z\"><\/path><\/svg><\/span>\n\t\t\t\t\t\t\t\t\t\t\t\t\t<\/span>\n\t\t\t\t\t\t\t\t\t\t\t\t<a class=\"elementor-toggle-title\" tabindex=\"0\">O que levar para a trilha da Cachoeira do Tabuleiro?<\/a>\n\t\t\t\t\t<\/div>\n\n\t\t\t\t\t<div id=\"elementor-tab-content-39613\" class=\"elementor-tab-content elementor-clearfix\" data-tab=\"13\" role=\"region\" aria-labelledby=\"elementor-tab-title-39613\"><div class=\"hide-scrollbar markdown prose relative w-full max-w-none overflow-x-scroll break-words text-base leading-7 first:mt-0 prose-headings:first:mt-0 prose-strong:font-bold prose-thead:font-bold light:text-[#3E4247] dark:text-[#EBEBEB] prose-headings:light:text-[#3E4247]\"><div><div><p class=\"mb-3 mt-0\" data-copy-text=\"true\">Recomenda-se levar:<\/p><\/div><\/div><\/div><div class=\"hide-scrollbar markdown prose relative w-full max-w-none overflow-x-scroll break-words text-base leading-7 first:mt-0 prose-headings:first:mt-0 prose-strong:font-bold prose-thead:font-bold light:text-[#3E4247] dark:text-[#EBEBEB] prose-headings:light:text-[#3E4247] animate-typing\"><div><div><ul class=\"mb-2 mt-0\"><li class=\"my-[5px] first:mt-0 last:mb-0\" data-copy-text=\"true\">Cal\u00e7ados adequados para trilha<\/li><li class=\"my-[5px] first:mt-0 last:mb-0\" data-copy-text=\"true\">Roupas confort\u00e1veis e de secagem r\u00e1pida<\/li><li class=\"my-[5px] first:mt-0 last:mb-0\" data-copy-text=\"true\">Protetor solar e repelente<\/li><li class=\"my-[5px] first:mt-0 last:mb-0\" data-copy-text=\"true\">\u00c1gua e lanches energ\u00e9ticos<\/li><li class=\"my-[5px] first:mt-0 last:mb-0\" data-copy-text=\"true\">C\u00e2mera fotogr\u00e1fica (\u00e0 prova d&#8217;\u00e1gua)<\/li><li class=\"my-[5px] first:mt-0 last:mb-0\" data-copy-text=\"true\">Roupa de banho<\/li><\/ul><\/div><\/div><\/div><\/div>\n\t\t\t\t<\/div>\n\t\t\t\t\t\t\t<div class=\"elementor-toggle-item\">\n\t\t\t\t\t<div id=\"elementor-tab-title-39614\" class=\"elementor-tab-title\" data-tab=\"14\" role=\"button\" aria-controls=\"elementor-tab-content-39614\" aria-expanded=\"false\">\n\t\t\t\t\t\t\t\t\t\t\t\t<span class=\"elementor-toggle-icon elementor-toggle-icon-left\" aria-hidden=\"true\">\n\t\t\t\t\t\t\t\t\t\t\t\t\t\t\t<span class=\"elementor-toggle-icon-closed\"><svg class=\"e-font-icon-svg e-fas-caret-right\" viewBox=\"0 0 192 512\" xmlns=\"http:\/\/www.w3.org\/2000\/svg\"><path d=\"M0 384.662V127.338c0-17.818 21.543-26.741 34.142-14.142l128.662 128.662c7.81 7.81 7.81 20.474 0 28.284L34.142 398.804C21.543 411.404 0 402.48 0 384.662z\"><\/path><\/svg><\/span>\n\t\t\t\t\t\t\t\t<span class=\"elementor-toggle-icon-opened\"><svg class=\"elementor-toggle-icon-opened e-font-icon-svg e-fas-caret-up\" viewBox=\"0 0 320 512\" xmlns=\"http:\/\/www.w3.org\/2000\/svg\"><path d=\"M288.662 352H31.338c-17.818 0-26.741-21.543-14.142-34.142l128.662-128.662c7.81-7.81 20.474-7.81 28.284 0l128.662 128.662c12.6 12.599 3.676 34.142-14.142 34.142z\"><\/path><\/svg><\/span>\n\t\t\t\t\t\t\t\t\t\t\t\t\t<\/span>\n\t\t\t\t\t\t\t\t\t\t\t\t<a class=\"elementor-toggle-title\" tabindex=\"0\">Qual o perfil f\u00edsico necess\u00e1rio para fazer a trilha?<\/a>\n\t\t\t\t\t<\/div>\n\n\t\t\t\t\t<div id=\"elementor-tab-content-39614\" class=\"elementor-tab-content elementor-clearfix\" data-tab=\"14\" role=\"region\" aria-labelledby=\"elementor-tab-title-39614\"><div class=\"hide-scrollbar markdown prose relative w-full max-w-none overflow-x-scroll break-words text-base leading-7 first:mt-0 prose-headings:first:mt-0 prose-strong:font-bold prose-thead:font-bold light:text-[#3E4247] dark:text-[#EBEBEB] prose-headings:light:text-[#3E4247]\"><div><div><p class=\"mb-3 mt-0\" data-copy-text=\"true\">A trilha tem <strong>n\u00edvel intermedi\u00e1rio de dificuldade<\/strong>, sendo adequada para pessoas com condicionamento f\u00edsico regular. \u00c9 importante estar preparado para caminhadas de aproximadamente 5 km (ida e volta) com terrenos variados.<\/p><\/div><\/div><\/div><\/div>\n\t\t\t\t<\/div>\n\t\t\t\t\t\t\t<div class=\"elementor-toggle-item\">\n\t\t\t\t\t<div id=\"elementor-tab-title-39615\" class=\"elementor-tab-title\" data-tab=\"15\" role=\"button\" aria-controls=\"elementor-tab-content-39615\" aria-expanded=\"false\">\n\t\t\t\t\t\t\t\t\t\t\t\t<span class=\"elementor-toggle-icon elementor-toggle-icon-left\" aria-hidden=\"true\">\n\t\t\t\t\t\t\t\t\t\t\t\t\t\t\t<span class=\"elementor-toggle-icon-closed\"><svg class=\"e-font-icon-svg e-fas-caret-right\" viewBox=\"0 0 192 512\" xmlns=\"http:\/\/www.w3.org\/2000\/svg\"><path d=\"M0 384.662V127.338c0-17.818 21.543-26.741 34.142-14.142l128.662 128.662c7.81 7.81 7.81 20.474 0 28.284L34.142 398.804C21.543 411.404 0 402.48 0 384.662z\"><\/path><\/svg><\/span>\n\t\t\t\t\t\t\t\t<span class=\"elementor-toggle-icon-opened\"><svg class=\"elementor-toggle-icon-opened e-font-icon-svg e-fas-caret-up\" viewBox=\"0 0 320 512\" xmlns=\"http:\/\/www.w3.org\/2000\/svg\"><path d=\"M288.662 352H31.338c-17.818 0-26.741-21.543-14.142-34.142l128.662-128.662c7.81-7.81 20.474-7.81 28.284 0l128.662 128.662c12.6 12.599 3.676 34.142-14.142 34.142z\"><\/path><\/svg><\/span>\n\t\t\t\t\t\t\t\t\t\t\t\t\t<\/span>\n\t\t\t\t\t\t\t\t\t\t\t\t<a class=\"elementor-toggle-title\" tabindex=\"0\">Existem op\u00e7\u00f5es de hospedagem na regi\u00e3o?<\/a>\n\t\t\t\t\t<\/div>\n\n\t\t\t\t\t<div id=\"elementor-tab-content-39615\" class=\"elementor-tab-content elementor-clearfix\" data-tab=\"15\" role=\"region\" aria-labelledby=\"elementor-tab-title-39615\"><div class=\"hide-scrollbar markdown prose relative w-full max-w-none overflow-x-scroll break-words text-base leading-7 first:mt-0 prose-headings:first:mt-0 prose-strong:font-bold prose-thead:font-bold light:text-[#3E4247] dark:text-[#EBEBEB] prose-headings:light:text-[#3E4247]\"><div><div><p class=\"mb-3 mt-0\" data-copy-text=\"true\">Sim, a regi\u00e3o de Concei\u00e7\u00e3o do Mato Dentro oferece diversas op\u00e7\u00f5es de hospedagem, desde pousadas r\u00fasticas at\u00e9 hot\u00e9is mais estruturados. Ag\u00eancias especializadas podem recomendar as melhores op\u00e7\u00f5es conforme seu perfil e or\u00e7amento.<\/p><\/div><\/div><\/div><\/div>\n\t\t\t\t<\/div>\n\t\t\t\t\t\t\t<div class=\"elementor-toggle-item\">\n\t\t\t\t\t<div id=\"elementor-tab-title-39616\" class=\"elementor-tab-title\" data-tab=\"16\" role=\"button\" aria-controls=\"elementor-tab-content-39616\" aria-expanded=\"false\">\n\t\t\t\t\t\t\t\t\t\t\t\t<span class=\"elementor-toggle-icon elementor-toggle-icon-left\" aria-hidden=\"true\">\n\t\t\t\t\t\t\t\t\t\t\t\t\t\t\t<span class=\"elementor-toggle-icon-closed\"><svg class=\"e-font-icon-svg e-fas-caret-right\" viewBox=\"0 0 192 512\" xmlns=\"http:\/\/www.w3.org\/2000\/svg\"><path d=\"M0 384.662V127.338c0-17.818 21.543-26.741 34.142-14.142l128.662 128.662c7.81 7.81 7.81 20.474 0 28.284L34.142 398.804C21.543 411.404 0 402.48 0 384.662z\"><\/path><\/svg><\/span>\n\t\t\t\t\t\t\t\t<span class=\"elementor-toggle-icon-opened\"><svg class=\"elementor-toggle-icon-opened e-font-icon-svg e-fas-caret-up\" viewBox=\"0 0 320 512\" xmlns=\"http:\/\/www.w3.org\/2000\/svg\"><path d=\"M288.662 352H31.338c-17.818 0-26.741-21.543-14.142-34.142l128.662-128.662c7.81-7.81 20.474-7.81 28.284 0l128.662 128.662c12.6 12.599 3.676 34.142-14.142 34.142z\"><\/path><\/svg><\/span>\n\t\t\t\t\t\t\t\t\t\t\t\t\t<\/span>\n\t\t\t\t\t\t\t\t\t\t\t\t<a class=\"elementor-toggle-title\" tabindex=\"0\">Como posso contribuir para a preserva\u00e7\u00e3o da Cachoeira do Tabuleiro?<\/a>\n\t\t\t\t\t<\/div>\n\n\t\t\t\t\t<div id=\"elementor-tab-content-39616\" class=\"elementor-tab-content elementor-clearfix\" data-tab=\"16\" role=\"region\" aria-labelledby=\"elementor-tab-title-39616\"><div class=\"hide-scrollbar markdown prose relative w-full max-w-none overflow-x-scroll break-words text-base leading-7 first:mt-0 prose-headings:first:mt-0 prose-strong:font-bold prose-thead:font-bold light:text-[#3E4247] dark:text-[#EBEBEB] prose-headings:light:text-[#3E4247]\"><div><div><p class=\"mb-3 mt-0\" data-copy-text=\"true\">Voc\u00ea pode contribuir:<\/p><\/div><\/div><\/div><div class=\"hide-scrollbar markdown prose relative w-full max-w-none overflow-x-scroll break-words text-base leading-7 first:mt-0 prose-headings:first:mt-0 prose-strong:font-bold prose-thead:font-bold light:text-[#3E4247] dark:text-[#EBEBEB] prose-headings:light:text-[#3E4247] animate-typing\"><div><div><ul class=\"mb-2 mt-0\"><li class=\"my-[5px] first:mt-0 last:mb-0\" data-copy-text=\"true\">N\u00e3o deixando lixo na trilha ou nas proximidades da cachoeira<\/li><li class=\"my-[5px] first:mt-0 last:mb-0\" data-copy-text=\"true\">Respeitando a fauna e flora local<\/li><li class=\"my-[5px] first:mt-0 last:mb-0\" data-copy-text=\"true\">Seguindo as orienta\u00e7\u00f5es dos guias e do parque<\/li><li class=\"my-[5px] first:mt-0 last:mb-0\" data-copy-text=\"true\">Escolhendo ag\u00eancias comprometidas com o turismo sustent\u00e1vel<\/li><\/ul><\/div><\/div><\/div><\/div>\n\t\t\t\t<\/div>\n\t\t\t\t\t\t\t<div class=\"elementor-toggle-item\">\n\t\t\t\t\t<div id=\"elementor-tab-title-39617\" class=\"elementor-tab-title\" data-tab=\"17\" role=\"button\" aria-controls=\"elementor-tab-content-39617\" aria-expanded=\"false\">\n\t\t\t\t\t\t\t\t\t\t\t\t<span class=\"elementor-toggle-icon elementor-toggle-icon-left\" aria-hidden=\"true\">\n\t\t\t\t\t\t\t\t\t\t\t\t\t\t\t<span class=\"elementor-toggle-icon-closed\"><svg class=\"e-font-icon-svg e-fas-caret-right\" viewBox=\"0 0 192 512\" xmlns=\"http:\/\/www.w3.org\/2000\/svg\"><path d=\"M0 384.662V127.338c0-17.818 21.543-26.741 34.142-14.142l128.662 128.662c7.81 7.81 7.81 20.474 0 28.284L34.142 398.804C21.543 411.404 0 402.48 0 384.662z\"><\/path><\/svg><\/span>\n\t\t\t\t\t\t\t\t<span class=\"elementor-toggle-icon-opened\"><svg class=\"elementor-toggle-icon-opened e-font-icon-svg e-fas-caret-up\" viewBox=\"0 0 320 512\" xmlns=\"http:\/\/www.w3.org\/2000\/svg\"><path d=\"M288.662 352H31.338c-17.818 0-26.741-21.543-14.142-34.142l128.662-128.662c7.81-7.81 20.474-7.81 28.284 0l128.662 128.662c12.6 12.599 3.676 34.142-14.142 34.142z\"><\/path><\/svg><\/span>\n\t\t\t\t\t\t\t\t\t\t\t\t\t<\/span>\n\t\t\t\t\t\t\t\t\t\t\t\t<a class=\"elementor-toggle-title\" tabindex=\"0\">Existem regras espec\u00edficas para visita\u00e7\u00e3o?<\/a>\n\t\t\t\t\t<\/div>\n\n\t\t\t\t\t<div id=\"elementor-tab-content-39617\" class=\"elementor-tab-content elementor-clearfix\" data-tab=\"17\" role=\"region\" aria-labelledby=\"elementor-tab-title-39617\"><div class=\"hide-scrollbar markdown prose relative w-full max-w-none overflow-x-scroll break-words text-base leading-7 first:mt-0 prose-headings:first:mt-0 prose-strong:font-bold prose-thead:font-bold light:text-[#3E4247] dark:text-[#EBEBEB] prose-headings:light:text-[#3E4247]\"><div><div><p class=\"mb-3 mt-0\" data-copy-text=\"true\">Sim, como \u00e1rea de preserva\u00e7\u00e3o, existem regras que incluem:<\/p><\/div><\/div><\/div><div class=\"hide-scrollbar markdown prose relative w-full max-w-none overflow-x-scroll break-words text-base leading-7 first:mt-0 prose-headings:first:mt-0 prose-strong:font-bold prose-thead:font-bold light:text-[#3E4247] dark:text-[#EBEBEB] prose-headings:light:text-[#3E4247]\"><div><div><ul class=\"mb-2 mt-0\"><li class=\"my-[5px] first:mt-0 last:mb-0\" data-copy-text=\"true\">Respeitar os hor\u00e1rios de funcionamento do parque<\/li><li class=\"my-[5px] first:mt-0 last:mb-0\" data-copy-text=\"true\">N\u00e3o alimentar animais silvestres<\/li><li class=\"my-[5px] first:mt-0 last:mb-0\" data-copy-text=\"true\">N\u00e3o retirar plantas ou pedras do local<\/li><li class=\"my-[5px] first:mt-0 last:mb-0\" data-copy-text=\"true\">Manter-se nas trilhas demarcadas<\/li><\/ul><\/div><\/div><\/div><\/div>\n\t\t\t\t<\/div>\n\t\t\t\t\t\t\t\t\t\t<script type=\"application\/ld+json\">{\"@context\":\"https:\\\/\\\/schema.org\",\"@type\":\"FAQPage\",\"mainEntity\":[{\"@type\":\"Question\",\"name\":\"Onde fica a Cachoeira do Tabuleiro?\",\"acceptedAnswer\":{\"@type\":\"Answer\",\"text\":\"<div class=\\\"hide-scrollbar markdown prose relative w-full max-w-none overflow-x-scroll break-words text-base leading-7 first:mt-0 prose-headings:first:mt-0 prose-strong:font-bold prose-thead:font-bold light:text-[#3E4247] dark:text-[#EBEBEB] prose-headings:light:text-[#3E4247] animate-typing\\\"><div><div><p class=\\\"mb-3 mt-0\\\" data-copy-text=\\\"true\\\">A Cachoeira do Tabuleiro est\\u00e1 localizada no <strong>Parque Estadual da Serra do Intendente<\\\/strong>, em Concei\\u00e7\\u00e3o do Mato Dentro, Minas Gerais. \\u00c9 considerada a cachoeira mais alta de MG e a terceira maior do Brasil, com impressionantes <strong>273 metros de queda d&#8217;\\u00e1gua<\\\/strong>.<\\\/p><\\\/div><\\\/div><\\\/div>\"}},{\"@type\":\"Question\",\"name\":\"Por que a Cachoeira do Tabuleiro \\u00e9 considerada especial?\",\"acceptedAnswer\":{\"@type\":\"Answer\",\"text\":\"<div class=\\\"hide-scrollbar markdown prose relative w-full max-w-none overflow-x-scroll break-words text-base leading-7 first:mt-0 prose-headings:first:mt-0 prose-strong:font-bold prose-thead:font-bold light:text-[#3E4247] dark:text-[#EBEBEB] prose-headings:light:text-[#3E4247]\\\"><div><div><p class=\\\"mb-3 mt-0\\\" data-copy-text=\\\"true\\\">Al\\u00e9m de sua altura monumental, a cachoeira se destaca pela energia \\u00fanica que emana, proporcionando um verdadeiro ref\\u00fagio na natureza. Suas \\u00e1guas cristalinas emolduradas por pared\\u00f5es rochosos e vegeta\\u00e7\\u00e3o exuberante criam um cen\\u00e1rio perfeito para contempla\\u00e7\\u00e3o e desconex\\u00e3o da rotina urbana.<\\\/p><\\\/div><\\\/div><\\\/div>\"}},{\"@type\":\"Question\",\"name\":\"Qual \\u00e9 o ranking da Cachoeira do Tabuleiro no Brasil?\",\"acceptedAnswer\":{\"@type\":\"Answer\",\"text\":\"<div class=\\\"hide-scrollbar markdown prose relative w-full max-w-none overflow-x-scroll break-words text-base leading-7 first:mt-0 prose-headings:first:mt-0 prose-strong:font-bold prose-thead:font-bold light:text-[#3E4247] dark:text-[#EBEBEB] prose-headings:light:text-[#3E4247]\\\"><div><div><p class=\\\"mb-3 mt-0\\\" data-copy-text=\\\"true\\\">A Cachoeira do Tabuleiro ocupa a posi\\u00e7\\u00e3o de <strong>terceira cachoeira mais alta do Brasil<\\\/strong> e \\u00e9 frequentemente listada entre os destinos naturais mais belos do pa\\u00eds por publica\\u00e7\\u00f5es especializadas como a revista Viagem e Turismo.<\\\/p><\\\/div><\\\/div><\\\/div>\"}},{\"@type\":\"Question\",\"name\":\"Qual a dist\\u00e2ncia da Cachoeira do Tabuleiro at\\u00e9 Belo Horizonte?\",\"acceptedAnswer\":{\"@type\":\"Answer\",\"text\":\"<div class=\\\"hide-scrollbar markdown prose relative w-full max-w-none overflow-x-scroll break-words text-base leading-7 first:mt-0 prose-headings:first:mt-0 prose-strong:font-bold prose-thead:font-bold light:text-[#3E4247] dark:text-[#EBEBEB] prose-headings:light:text-[#3E4247] animate-typing\\\"><div><div><p class=\\\"mb-3 mt-0\\\" data-copy-text=\\\"true\\\">A cachoeira est\\u00e1 localizada a aproximadamente <strong>170 km de Belo Horizonte<\\\/strong>, tornando-se uma op\\u00e7\\u00e3o perfeita para escapadas de final de semana ou como parte do roteiro da Estrada Real.<\\\/p><\\\/div><\\\/div><\\\/div>\"}},{\"@type\":\"Question\",\"name\":\"Como \\u00e9 a trilha para chegar \\u00e0 cachoeira?\",\"acceptedAnswer\":{\"@type\":\"Answer\",\"text\":\"<div class=\\\"hide-scrollbar markdown prose relative w-full max-w-none overflow-x-scroll break-words text-base leading-7 first:mt-0 prose-headings:first:mt-0 prose-strong:font-bold prose-thead:font-bold light:text-[#3E4247] dark:text-[#EBEBEB] prose-headings:light:text-[#3E4247]\\\"><div><div><p class=\\\"mb-3 mt-0\\\" data-copy-text=\\\"true\\\">A trilha at\\u00e9 a base da cachoeira tem aproximadamente <strong>2,5 km<\\\/strong> e apresenta <strong>n\\u00edvel intermedi\\u00e1rio de dificuldade<\\\/strong>. O percurso inclui subidas, descidas e travessias de rio, proporcionando uma aventura completa antes do encontro com a majestosa queda d&#8217;\\u00e1gua.<\\\/p><\\\/div><\\\/div><\\\/div>\"}},{\"@type\":\"Question\",\"name\":\"\\u00c9 necess\\u00e1rio contratar guia para visitar a Cachoeira do Tabuleiro?\",\"acceptedAnswer\":{\"@type\":\"Answer\",\"text\":\"<div class=\\\"hide-scrollbar markdown prose relative w-full max-w-none overflow-x-scroll break-words text-base leading-7 first:mt-0 prose-headings:first:mt-0 prose-strong:font-bold prose-thead:font-bold light:text-[#3E4247] dark:text-[#EBEBEB] prose-headings:light:text-[#3E4247]\\\"><div><div><p class=\\\"mb-3 mt-0\\\" data-copy-text=\\\"true\\\">Embora n\\u00e3o seja obrigat\\u00f3rio, \\u00e9 <strong>altamente recomend\\u00e1vel<\\\/strong> estar acompanhado por guias especializados ou ag\\u00eancias de turismo experientes. Isso garante maior seguran\\u00e7a, conhecimento sobre a regi\\u00e3o e uma experi\\u00eancia mais organizada e proveitosa.<\\\/p><\\\/div><\\\/div><\\\/div>\"}},{\"@type\":\"Question\",\"name\":\"Quais atividades posso fazer na Cachoeira do Tabuleiro?\",\"acceptedAnswer\":{\"@type\":\"Answer\",\"text\":\"<div class=\\\"hide-scrollbar markdown prose relative w-full max-w-none overflow-x-scroll break-words text-base leading-7 first:mt-0 prose-headings:first:mt-0 prose-strong:font-bold prose-thead:font-bold light:text-[#3E4247] dark:text-[#EBEBEB] prose-headings:light:text-[#3E4247]\\\"><div><div><p class=\\\"mb-3 mt-0\\\" data-copy-text=\\\"true\\\">As principais atividades incluem:<\\\/p><\\\/div><\\\/div><\\\/div><div class=\\\"hide-scrollbar markdown prose relative w-full max-w-none overflow-x-scroll break-words text-base leading-7 first:mt-0 prose-headings:first:mt-0 prose-strong:font-bold prose-thead:font-bold light:text-[#3E4247] dark:text-[#EBEBEB] prose-headings:light:text-[#3E4247] animate-typing\\\"><div><div><ul class=\\\"mb-2 mt-0\\\"><li class=\\\"my-[5px] first:mt-0 last:mb-0\\\" data-copy-text=\\\"true\\\"><strong>Contempla\\u00e7\\u00e3o e fotografia<\\\/strong> dos mirantes e base da cachoeira<\\\/li><li class=\\\"my-[5px] first:mt-0 last:mb-0\\\" data-copy-text=\\\"true\\\"><strong>Banho nas piscinas naturais<\\\/strong> de \\u00e1guas cristalinas<\\\/li><li class=\\\"my-[5px] first:mt-0 last:mb-0\\\" data-copy-text=\\\"true\\\"><strong>Trilhas complementares<\\\/strong> no Parque Estadual da Serra do Intendente<\\\/li><li class=\\\"my-[5px] first:mt-0 last:mb-0\\\" data-copy-text=\\\"true\\\"><strong>Observa\\u00e7\\u00e3o da fauna e flora<\\\/strong> local com esp\\u00e9cies raras do bioma regional<\\\/li><\\\/ul><\\\/div><\\\/div><\\\/div>\"}},{\"@type\":\"Question\",\"name\":\"\\u00c9 poss\\u00edvel tomar banho na Cachoeira do Tabuleiro?\",\"acceptedAnswer\":{\"@type\":\"Answer\",\"text\":\"<div class=\\\"hide-scrollbar markdown prose relative w-full max-w-none overflow-x-scroll break-words text-base leading-7 first:mt-0 prose-headings:first:mt-0 prose-strong:font-bold prose-thead:font-bold light:text-[#3E4247] dark:text-[#EBEBEB] prose-headings:light:text-[#3E4247]\\\"><div><div><p class=\\\"mb-3 mt-0\\\" data-copy-text=\\\"true\\\">Sim! Existe uma <strong>piscina natural aos p\\u00e9s da queda<\\\/strong> onde os visitantes podem se refrescar nas \\u00e1guas cristalinas. A experi\\u00eancia \\u00e9 descrita como revigorante e inesquec\\u00edvel pelos turistas.<\\\/p><\\\/div><\\\/div><\\\/div>\"}},{\"@type\":\"Question\",\"name\":\"Qual a melhor \\u00e9poca para visitar a cachoeira?\",\"acceptedAnswer\":{\"@type\":\"Answer\",\"text\":\"<div class=\\\"hide-scrollbar markdown prose relative w-full max-w-none overflow-x-scroll break-words text-base leading-7 first:mt-0 prose-headings:first:mt-0 prose-strong:font-bold prose-thead:font-bold light:text-[#3E4247] dark:text-[#EBEBEB] prose-headings:light:text-[#3E4247] animate-typing\\\"><div><div><p class=\\\"mb-3 mt-0\\\" data-copy-text=\\\"true\\\">A cachoeira pode ser visitada durante todo o ano, mas a <strong>esta\\u00e7\\u00e3o seca (maio a setembro)<\\\/strong> oferece melhores condi\\u00e7\\u00f5es para trilhas e maior volume de \\u00e1gua. A esta\\u00e7\\u00e3o chuvosa proporciona maior volume d&#8217;\\u00e1gua, mas pode tornar as trilhas mais desafiadoras.<\\\/p><\\\/div><\\\/div><\\\/div>\"}},{\"@type\":\"Question\",\"name\":\"Por que escolher a Blumar Turismo para visitar a Cachoeira do Tabuleiro?\",\"acceptedAnswer\":{\"@type\":\"Answer\",\"text\":\"<div class=\\\"hide-scrollbar markdown prose relative w-full max-w-none overflow-x-scroll break-words text-base leading-7 first:mt-0 prose-headings:first:mt-0 prose-strong:font-bold prose-thead:font-bold light:text-[#3E4247] dark:text-[#EBEBEB] prose-headings:light:text-[#3E4247]\\\"><div><div><p class=\\\"mb-3 mt-0\\\" data-copy-text=\\\"true\\\">A Blumar Turismo se destaca por oferecer:<\\\/p><\\\/div><\\\/div><\\\/div><div class=\\\"hide-scrollbar markdown prose relative w-full max-w-none overflow-x-scroll break-words text-base leading-7 first:mt-0 prose-headings:first:mt-0 prose-strong:font-bold prose-thead:font-bold light:text-[#3E4247] dark:text-[#EBEBEB] prose-headings:light:text-[#3E4247] animate-typing\\\"><div><div><ul class=\\\"mb-2 mt-0\\\"><li class=\\\"my-[5px] first:mt-0 last:mb-0\\\" data-copy-text=\\\"true\\\"><strong>Rede de fornecedores premium<\\\/strong> com os melhores guias e hot\\u00e9is da regi\\u00e3o<\\\/li><li class=\\\"my-[5px] first:mt-0 last:mb-0\\\" data-copy-text=\\\"true\\\"><strong>Conhecimento local especializado<\\\/strong> em trilhas e parques naturais<\\\/li><li class=\\\"my-[5px] first:mt-0 last:mb-0\\\" data-copy-text=\\\"true\\\"><strong>Roteiros personalizados<\\\/strong> que podem combinar m\\u00faltiplas atra\\u00e7\\u00f5es de MG<\\\/li><li class=\\\"my-[5px] first:mt-0 last:mb-0\\\" data-copy-text=\\\"true\\\"><strong>Experi\\u00eancia comprovada<\\\/strong> com centenas de clientes satisfeitos<\\\/li><\\\/ul><\\\/div><\\\/div><\\\/div>\"}},{\"@type\":\"Question\",\"name\":\"\\u00c9 poss\\u00edvel combinar a visita com outras atra\\u00e7\\u00f5es de Minas Gerais?\",\"acceptedAnswer\":{\"@type\":\"Answer\",\"text\":\"<div class=\\\"hide-scrollbar markdown prose relative w-full max-w-none overflow-x-scroll break-words text-base leading-7 first:mt-0 prose-headings:first:mt-0 prose-strong:font-bold prose-thead:font-bold light:text-[#3E4247] dark:text-[#EBEBEB] prose-headings:light:text-[#3E4247] animate-typing\\\"><div><div><p class=\\\"mb-3 mt-0\\\" data-copy-text=\\\"true\\\">Absolutamente! Ag\\u00eancias especializadas como a Blumar Turismo criam <strong>roteiros sob medida<\\\/strong> que podem incluir outras atra\\u00e7\\u00f5es da regi\\u00e3o, aproveitando a localiza\\u00e7\\u00e3o estrat\\u00e9gica na rota da Estrada Real.<\\\/p><\\\/div><\\\/div><\\\/div>\"}},{\"@type\":\"Question\",\"name\":\"Qual o diferencial de contratar uma ag\\u00eancia especializada?\",\"acceptedAnswer\":{\"@type\":\"Answer\",\"text\":\"<div class=\\\"hide-scrollbar markdown prose relative w-full max-w-none overflow-x-scroll break-words text-base leading-7 first:mt-0 prose-headings:first:mt-0 prose-strong:font-bold prose-thead:font-bold light:text-[#3E4247] dark:text-[#EBEBEB] prose-headings:light:text-[#3E4247]\\\"><div><div><p class=\\\"mb-3 mt-0\\\" data-copy-text=\\\"true\\\">Contratar uma ag\\u00eancia especializada garante:<\\\/p><\\\/div><\\\/div><\\\/div><div class=\\\"hide-scrollbar markdown prose relative w-full max-w-none overflow-x-scroll break-words text-base leading-7 first:mt-0 prose-headings:first:mt-0 prose-strong:font-bold prose-thead:font-bold light:text-[#3E4247] dark:text-[#EBEBEB] prose-headings:light:text-[#3E4247] animate-typing\\\"><div><div><ul class=\\\"mb-2 mt-0\\\"><li class=\\\"my-[5px] first:mt-0 last:mb-0\\\" data-copy-text=\\\"true\\\"><strong>Seguran\\u00e7a total<\\\/strong> no trajeto com guias experientes<\\\/li><li class=\\\"my-[5px] first:mt-0 last:mb-0\\\" data-copy-text=\\\"true\\\"><strong>Planejamento detalhado<\\\/strong> de cada aspecto da viagem<\\\/li><li class=\\\"my-[5px] first:mt-0 last:mb-0\\\" data-copy-text=\\\"true\\\"><strong>Acesso a fornecedores premium<\\\/strong> da regi\\u00e3o<\\\/li><li class=\\\"my-[5px] first:mt-0 last:mb-0\\\" data-copy-text=\\\"true\\\"><strong>Suporte completo<\\\/strong> durante toda a experi\\u00eancia<\\\/li><\\\/ul><\\\/div><\\\/div><\\\/div>\"}},{\"@type\":\"Question\",\"name\":\"O que levar para a trilha da Cachoeira do Tabuleiro?\",\"acceptedAnswer\":{\"@type\":\"Answer\",\"text\":\"<div class=\\\"hide-scrollbar markdown prose relative w-full max-w-none overflow-x-scroll break-words text-base leading-7 first:mt-0 prose-headings:first:mt-0 prose-strong:font-bold prose-thead:font-bold light:text-[#3E4247] dark:text-[#EBEBEB] prose-headings:light:text-[#3E4247]\\\"><div><div><p class=\\\"mb-3 mt-0\\\" data-copy-text=\\\"true\\\">Recomenda-se levar:<\\\/p><\\\/div><\\\/div><\\\/div><div class=\\\"hide-scrollbar markdown prose relative w-full max-w-none overflow-x-scroll break-words text-base leading-7 first:mt-0 prose-headings:first:mt-0 prose-strong:font-bold prose-thead:font-bold light:text-[#3E4247] dark:text-[#EBEBEB] prose-headings:light:text-[#3E4247] animate-typing\\\"><div><div><ul class=\\\"mb-2 mt-0\\\"><li class=\\\"my-[5px] first:mt-0 last:mb-0\\\" data-copy-text=\\\"true\\\">Cal\\u00e7ados adequados para trilha<\\\/li><li class=\\\"my-[5px] first:mt-0 last:mb-0\\\" data-copy-text=\\\"true\\\">Roupas confort\\u00e1veis e de secagem r\\u00e1pida<\\\/li><li class=\\\"my-[5px] first:mt-0 last:mb-0\\\" data-copy-text=\\\"true\\\">Protetor solar e repelente<\\\/li><li class=\\\"my-[5px] first:mt-0 last:mb-0\\\" data-copy-text=\\\"true\\\">\\u00c1gua e lanches energ\\u00e9ticos<\\\/li><li class=\\\"my-[5px] first:mt-0 last:mb-0\\\" data-copy-text=\\\"true\\\">C\\u00e2mera fotogr\\u00e1fica (\\u00e0 prova d&#8217;\\u00e1gua)<\\\/li><li class=\\\"my-[5px] first:mt-0 last:mb-0\\\" data-copy-text=\\\"true\\\">Roupa de banho<\\\/li><\\\/ul><\\\/div><\\\/div><\\\/div>\"}},{\"@type\":\"Question\",\"name\":\"Qual o perfil f\\u00edsico necess\\u00e1rio para fazer a trilha?\",\"acceptedAnswer\":{\"@type\":\"Answer\",\"text\":\"<div class=\\\"hide-scrollbar markdown prose relative w-full max-w-none overflow-x-scroll break-words text-base leading-7 first:mt-0 prose-headings:first:mt-0 prose-strong:font-bold prose-thead:font-bold light:text-[#3E4247] dark:text-[#EBEBEB] prose-headings:light:text-[#3E4247]\\\"><div><div><p class=\\\"mb-3 mt-0\\\" data-copy-text=\\\"true\\\">A trilha tem <strong>n\\u00edvel intermedi\\u00e1rio de dificuldade<\\\/strong>, sendo adequada para pessoas com condicionamento f\\u00edsico regular. \\u00c9 importante estar preparado para caminhadas de aproximadamente 5 km (ida e volta) com terrenos variados.<\\\/p><\\\/div><\\\/div><\\\/div>\"}},{\"@type\":\"Question\",\"name\":\"Existem op\\u00e7\\u00f5es de hospedagem na regi\\u00e3o?\",\"acceptedAnswer\":{\"@type\":\"Answer\",\"text\":\"<div class=\\\"hide-scrollbar markdown prose relative w-full max-w-none overflow-x-scroll break-words text-base leading-7 first:mt-0 prose-headings:first:mt-0 prose-strong:font-bold prose-thead:font-bold light:text-[#3E4247] dark:text-[#EBEBEB] prose-headings:light:text-[#3E4247]\\\"><div><div><p class=\\\"mb-3 mt-0\\\" data-copy-text=\\\"true\\\">Sim, a regi\\u00e3o de Concei\\u00e7\\u00e3o do Mato Dentro oferece diversas op\\u00e7\\u00f5es de hospedagem, desde pousadas r\\u00fasticas at\\u00e9 hot\\u00e9is mais estruturados. Ag\\u00eancias especializadas podem recomendar as melhores op\\u00e7\\u00f5es conforme seu perfil e or\\u00e7amento.<\\\/p><\\\/div><\\\/div><\\\/div>\"}},{\"@type\":\"Question\",\"name\":\"Como posso contribuir para a preserva\\u00e7\\u00e3o da Cachoeira do Tabuleiro?\",\"acceptedAnswer\":{\"@type\":\"Answer\",\"text\":\"<div class=\\\"hide-scrollbar markdown prose relative w-full max-w-none overflow-x-scroll break-words text-base leading-7 first:mt-0 prose-headings:first:mt-0 prose-strong:font-bold prose-thead:font-bold light:text-[#3E4247] dark:text-[#EBEBEB] prose-headings:light:text-[#3E4247]\\\"><div><div><p class=\\\"mb-3 mt-0\\\" data-copy-text=\\\"true\\\">Voc\\u00ea pode contribuir:<\\\/p><\\\/div><\\\/div><\\\/div><div class=\\\"hide-scrollbar markdown prose relative w-full max-w-none overflow-x-scroll break-words text-base leading-7 first:mt-0 prose-headings:first:mt-0 prose-strong:font-bold prose-thead:font-bold light:text-[#3E4247] dark:text-[#EBEBEB] prose-headings:light:text-[#3E4247] animate-typing\\\"><div><div><ul class=\\\"mb-2 mt-0\\\"><li class=\\\"my-[5px] first:mt-0 last:mb-0\\\" data-copy-text=\\\"true\\\">N\\u00e3o deixando lixo na trilha ou nas proximidades da cachoeira<\\\/li><li class=\\\"my-[5px] first:mt-0 last:mb-0\\\" data-copy-text=\\\"true\\\">Respeitando a fauna e flora local<\\\/li><li class=\\\"my-[5px] first:mt-0 last:mb-0\\\" data-copy-text=\\\"true\\\">Seguindo as orienta\\u00e7\\u00f5es dos guias e do parque<\\\/li><li class=\\\"my-[5px] first:mt-0 last:mb-0\\\" data-copy-text=\\\"true\\\">Escolhendo ag\\u00eancias comprometidas com o turismo sustent\\u00e1vel<\\\/li><\\\/ul><\\\/div><\\\/div><\\\/div>\"}},{\"@type\":\"Question\",\"name\":\"Existem regras espec\\u00edficas para visita\\u00e7\\u00e3o?\",\"acceptedAnswer\":{\"@type\":\"Answer\",\"text\":\"<div class=\\\"hide-scrollbar markdown prose relative w-full max-w-none overflow-x-scroll break-words text-base leading-7 first:mt-0 prose-headings:first:mt-0 prose-strong:font-bold prose-thead:font-bold light:text-[#3E4247] dark:text-[#EBEBEB] prose-headings:light:text-[#3E4247]\\\"><div><div><p class=\\\"mb-3 mt-0\\\" data-copy-text=\\\"true\\\">Sim, como \\u00e1rea de preserva\\u00e7\\u00e3o, existem regras que incluem:<\\\/p><\\\/div><\\\/div><\\\/div><div class=\\\"hide-scrollbar markdown prose relative w-full max-w-none overflow-x-scroll break-words text-base leading-7 first:mt-0 prose-headings:first:mt-0 prose-strong:font-bold prose-thead:font-bold light:text-[#3E4247] dark:text-[#EBEBEB] prose-headings:light:text-[#3E4247]\\\"><div><div><ul class=\\\"mb-2 mt-0\\\"><li class=\\\"my-[5px] first:mt-0 last:mb-0\\\" data-copy-text=\\\"true\\\">Respeitar os hor\\u00e1rios de funcionamento do parque<\\\/li><li class=\\\"my-[5px] first:mt-0 last:mb-0\\\" data-copy-text=\\\"true\\\">N\\u00e3o alimentar animais silvestres<\\\/li><li class=\\\"my-[5px] first:mt-0 last:mb-0\\\" data-copy-text=\\\"true\\\">N\\u00e3o retirar plantas ou pedras do local<\\\/li><li class=\\\"my-[5px] first:mt-0 last:mb-0\\\" data-copy-text=\\\"true\\\">Manter-se nas trilhas demarcadas<\\\/li><\\\/ul><\\\/div><\\\/div><\\\/div>\"}}]}<\/script>\n\t\t\t\t\t<\/div>\n\t\t\t\t<\/div>\n\t\t\t\t<\/div>\n\t\t\t\t\t<\/div>\n\t\t\t\t<\/div>\n\t\t\t\t\t\t\t<\/div>\n\t\t","protected":false},"excerpt":{"rendered":"<p>Viajar \u00e9 mais do que conhecer novos lugares \u2013 \u00e9 vivenciar experi\u00eancias \u00fanicas que transformam nossas vidas. Minas Gerais, com suas riquezas naturais e culturais, guarda um verdadeiro para\u00edso: a Cachoeira do Tabuleiro. Neste post, vamos explorar tudo o que faz dela um dos destinos mais ic\u00f4nicos do Brasil e&#46;&#46;&#46;<\/p>\n","protected":false},"author":10,"featured_media":71017,"comment_status":"open","ping_status":"closed","sticky":false,"template":"","format":"standard","meta":{"footnotes":""},"categories":[690,694],"tags":[],"class_list":["post-71016","post","type-post","status-publish","format-standard","has-post-thumbnail","hentry","category-destinos-nacionais","category-dicas-de-viagem"],"yoast_head":"<!-- This site is optimized with the Yoast SEO Premium plugin v19.4 (Yoast SEO v24.1) - https:\/\/yoast.com\/wordpress\/plugins\/seo\/ -->\n<title>Cachoeira do Tabuleiro em Minas Gerais: Um Tesouro Natural que Voc\u00ea Precisa Conhecer - Blog Blumar Turismo: O Seu Portal para Viagens Extraordin\u00e1rias<\/title>\n<meta name=\"description\" content=\"Venha saber mais sobre a Cachoeira do Tabuleiro em Minas Gerais, um tesouro natural que voc\u00ea precisa conhecer. Confira e aproveite!\" \/>\n<meta name=\"robots\" content=\"index, follow, max-snippet:-1, max-image-preview:large, max-video-preview:-1\" \/>\n<link rel=\"canonical\" href=\"https:\/\/www.blumarturismo.com.br\/blog\/cachoeira-do-tabuleiro-em-minas-gerais-um-tesouro-natural-que-voce-precisa-conhecer\/\" \/>\n<meta property=\"og:locale\" content=\"pt_BR\" \/>\n<meta property=\"og:type\" content=\"article\" \/>\n<meta property=\"og:title\" content=\"Cachoeira do Tabuleiro em Minas Gerais: Um Tesouro Natural que Voc\u00ea Precisa Conhecer\" \/>\n<meta property=\"og:description\" content=\"Venha saber mais sobre a Cachoeira do Tabuleiro em Minas Gerais, um tesouro natural que voc\u00ea precisa conhecer. Confira e aproveite!\" \/>\n<meta property=\"og:url\" content=\"https:\/\/www.blumarturismo.com.br\/blog\/cachoeira-do-tabuleiro-em-minas-gerais-um-tesouro-natural-que-voce-precisa-conhecer\/\" \/>\n<meta property=\"og:site_name\" content=\"Blog Blumar Turismo: O Seu Portal para Viagens Extraordin\u00e1rias\" \/>\n<meta property=\"article:publisher\" content=\"https:\/\/www.facebook.com\/blumarviagenseturismo\" \/>\n<meta property=\"article:author\" content=\"https:\/\/www.facebook.com\/blumarviagenseturismo\" \/>\n<meta property=\"article:published_time\" content=\"2025-07-11T15:41:01+00:00\" \/>\n<meta property=\"article:modified_time\" content=\"2025-07-11T15:48:58+00:00\" \/>\n<meta property=\"og:image\" content=\"https:\/\/www.blumarturismo.com.br\/blog\/wp-content\/uploads\/2025\/07\/rocharibeiro-shutter.jpg\" \/>\n\t<meta property=\"og:image:width\" content=\"1000\" \/>\n\t<meta property=\"og:image:height\" content=\"567\" \/>\n\t<meta property=\"og:image:type\" content=\"image\/jpeg\" \/>\n<meta name=\"author\" content=\"Blumar Turismo\" \/>\n<meta name=\"twitter:card\" content=\"summary_large_image\" \/>\n<meta name=\"twitter:label1\" content=\"Escrito por\" \/>\n\t<meta name=\"twitter:data1\" content=\"Blumar Turismo\" \/>\n\t<meta name=\"twitter:label2\" content=\"Est. tempo de leitura\" \/>\n\t<meta name=\"twitter:data2\" content=\"9 minutos\" \/>\n<script type=\"application\/ld+json\" class=\"yoast-schema-graph\">{\"@context\":\"https:\/\/schema.org\",\"@graph\":[{\"@type\":\"Article\",\"@id\":\"https:\/\/www.blumarturismo.com.br\/blog\/cachoeira-do-tabuleiro-em-minas-gerais-um-tesouro-natural-que-voce-precisa-conhecer\/#article\",\"isPartOf\":{\"@id\":\"https:\/\/www.blumarturismo.com.br\/blog\/cachoeira-do-tabuleiro-em-minas-gerais-um-tesouro-natural-que-voce-precisa-conhecer\/\"},\"author\":{\"name\":\"Blumar Turismo\",\"@id\":\"https:\/\/www.blumarturismo.com.br\/blog\/#\/schema\/person\/8c5b522f6a79142bafca484c4604fba7\"},\"headline\":\"Cachoeira do Tabuleiro em Minas Gerais: Um Tesouro Natural que Voc\u00ea Precisa Conhecer\",\"datePublished\":\"2025-07-11T15:41:01+00:00\",\"dateModified\":\"2025-07-11T15:48:58+00:00\",\"mainEntityOfPage\":{\"@id\":\"https:\/\/www.blumarturismo.com.br\/blog\/cachoeira-do-tabuleiro-em-minas-gerais-um-tesouro-natural-que-voce-precisa-conhecer\/\"},\"wordCount\":1610,\"commentCount\":0,\"publisher\":{\"@id\":\"https:\/\/www.blumarturismo.com.br\/blog\/#organization\"},\"image\":{\"@id\":\"https:\/\/www.blumarturismo.com.br\/blog\/cachoeira-do-tabuleiro-em-minas-gerais-um-tesouro-natural-que-voce-precisa-conhecer\/#primaryimage\"},\"thumbnailUrl\":\"https:\/\/www.blumarturismo.com.br\/blog\/wp-content\/uploads\/2025\/07\/rocharibeiro-shutter.jpg\",\"articleSection\":[\"Destinos Nacionais\",\"Dicas de Viagem\"],\"inLanguage\":\"pt-BR\",\"potentialAction\":[{\"@type\":\"CommentAction\",\"name\":\"Comment\",\"target\":[\"https:\/\/www.blumarturismo.com.br\/blog\/cachoeira-do-tabuleiro-em-minas-gerais-um-tesouro-natural-que-voce-precisa-conhecer\/#respond\"]}]},{\"@type\":\"WebPage\",\"@id\":\"https:\/\/www.blumarturismo.com.br\/blog\/cachoeira-do-tabuleiro-em-minas-gerais-um-tesouro-natural-que-voce-precisa-conhecer\/\",\"url\":\"https:\/\/www.blumarturismo.com.br\/blog\/cachoeira-do-tabuleiro-em-minas-gerais-um-tesouro-natural-que-voce-precisa-conhecer\/\",\"name\":\"Cachoeira do Tabuleiro em Minas Gerais: Um Tesouro Natural que Voc\u00ea Precisa Conhecer - Blog Blumar Turismo: O Seu Portal para Viagens Extraordin\u00e1rias\",\"isPartOf\":{\"@id\":\"https:\/\/www.blumarturismo.com.br\/blog\/#website\"},\"primaryImageOfPage\":{\"@id\":\"https:\/\/www.blumarturismo.com.br\/blog\/cachoeira-do-tabuleiro-em-minas-gerais-um-tesouro-natural-que-voce-precisa-conhecer\/#primaryimage\"},\"image\":{\"@id\":\"https:\/\/www.blumarturismo.com.br\/blog\/cachoeira-do-tabuleiro-em-minas-gerais-um-tesouro-natural-que-voce-precisa-conhecer\/#primaryimage\"},\"thumbnailUrl\":\"https:\/\/www.blumarturismo.com.br\/blog\/wp-content\/uploads\/2025\/07\/rocharibeiro-shutter.jpg\",\"datePublished\":\"2025-07-11T15:41:01+00:00\",\"dateModified\":\"2025-07-11T15:48:58+00:00\",\"description\":\"Venha saber mais sobre a Cachoeira do Tabuleiro em Minas Gerais, um tesouro natural que voc\u00ea precisa conhecer. Confira e aproveite!\",\"breadcrumb\":{\"@id\":\"https:\/\/www.blumarturismo.com.br\/blog\/cachoeira-do-tabuleiro-em-minas-gerais-um-tesouro-natural-que-voce-precisa-conhecer\/#breadcrumb\"},\"inLanguage\":\"pt-BR\",\"potentialAction\":[{\"@type\":\"ReadAction\",\"target\":[\"https:\/\/www.blumarturismo.com.br\/blog\/cachoeira-do-tabuleiro-em-minas-gerais-um-tesouro-natural-que-voce-precisa-conhecer\/\"]}]},{\"@type\":\"ImageObject\",\"inLanguage\":\"pt-BR\",\"@id\":\"https:\/\/www.blumarturismo.com.br\/blog\/cachoeira-do-tabuleiro-em-minas-gerais-um-tesouro-natural-que-voce-precisa-conhecer\/#primaryimage\",\"url\":\"https:\/\/www.blumarturismo.com.br\/blog\/wp-content\/uploads\/2025\/07\/rocharibeiro-shutter.jpg\",\"contentUrl\":\"https:\/\/www.blumarturismo.com.br\/blog\/wp-content\/uploads\/2025\/07\/rocharibeiro-shutter.jpg\",\"width\":1000,\"height\":567,\"caption\":\"Foto: Rocha Ribeiro \/ Shutterstock.com\"},{\"@type\":\"BreadcrumbList\",\"@id\":\"https:\/\/www.blumarturismo.com.br\/blog\/cachoeira-do-tabuleiro-em-minas-gerais-um-tesouro-natural-que-voce-precisa-conhecer\/#breadcrumb\",\"itemListElement\":[{\"@type\":\"ListItem\",\"position\":1,\"name\":\"In\u00edcio\",\"item\":\"https:\/\/www.blumarturismo.com.br\/blog\/\"},{\"@type\":\"ListItem\",\"position\":2,\"name\":\"Cachoeira do Tabuleiro em Minas Gerais: Um Tesouro Natural que Voc\u00ea Precisa Conhecer\"}]},{\"@type\":\"WebSite\",\"@id\":\"https:\/\/www.blumarturismo.com.br\/blog\/#website\",\"url\":\"https:\/\/www.blumarturismo.com.br\/blog\/\",\"name\":\"Blog Blumar Turismo: O Seu Portal para Viagens Extraordin\u00e1rias\",\"description\":\"Viajar \u00e9 nossa paix\u00e3o e expertise, e agora compartilhamos isso com voc\u00ea atrav\u00e9s do nosso blog. Com mais de 30 anos de hist\u00f3ria, a Blumar Turismo \u00e9 seu parceiro confi\u00e1vel para aventuras memor\u00e1veis. Explore conosco\",\"publisher\":{\"@id\":\"https:\/\/www.blumarturismo.com.br\/blog\/#organization\"},\"potentialAction\":[{\"@type\":\"SearchAction\",\"target\":{\"@type\":\"EntryPoint\",\"urlTemplate\":\"https:\/\/www.blumarturismo.com.br\/blog\/?s={search_term_string}\"},\"query-input\":{\"@type\":\"PropertyValueSpecification\",\"valueRequired\":true,\"valueName\":\"search_term_string\"}}],\"inLanguage\":\"pt-BR\"},{\"@type\":\"Organization\",\"@id\":\"https:\/\/www.blumarturismo.com.br\/blog\/#organization\",\"name\":\"Blumar Turismo\",\"url\":\"https:\/\/www.blumarturismo.com.br\/blog\/\",\"logo\":{\"@type\":\"ImageObject\",\"inLanguage\":\"pt-BR\",\"@id\":\"https:\/\/www.blumarturismo.com.br\/blog\/#\/schema\/logo\/image\/\",\"url\":\"https:\/\/www.blumarturismo.com.br\/blog\/wp-content\/uploads\/2020\/11\/cropped-logo_blumar_nacional2-2.jpg\",\"contentUrl\":\"https:\/\/www.blumarturismo.com.br\/blog\/wp-content\/uploads\/2020\/11\/cropped-logo_blumar_nacional2-2.jpg\",\"width\":167,\"height\":50,\"caption\":\"Blumar Turismo\"},\"image\":{\"@id\":\"https:\/\/www.blumarturismo.com.br\/blog\/#\/schema\/logo\/image\/\"},\"sameAs\":[\"https:\/\/www.facebook.com\/blumarviagenseturismo\",\"https:\/\/www.instagram.com\/blumarturismo\/\"]},{\"@type\":\"Person\",\"@id\":\"https:\/\/www.blumarturismo.com.br\/blog\/#\/schema\/person\/8c5b522f6a79142bafca484c4604fba7\",\"name\":\"Blumar Turismo\",\"image\":{\"@type\":\"ImageObject\",\"inLanguage\":\"pt-BR\",\"@id\":\"https:\/\/www.blumarturismo.com.br\/blog\/#\/schema\/person\/image\/\",\"url\":\"https:\/\/secure.gravatar.com\/avatar\/18a47e99a2b3ce558e7834aabf1bb475e0ae3a970dea40e74a2d2b71531fbe3b?s=96&d=mm&r=g\",\"contentUrl\":\"https:\/\/secure.gravatar.com\/avatar\/18a47e99a2b3ce558e7834aabf1bb475e0ae3a970dea40e74a2d2b71531fbe3b?s=96&d=mm&r=g\",\"caption\":\"Blumar Turismo\"},\"description\":\"Com uma trajet\u00f3ria consolidada de mais de 30 anos no setor de turismo, a Blumar Turismo se estabeleceu como l\u00edder gra\u00e7as ao seu compromisso cont\u00ednuo com a qualidade e satisfa\u00e7\u00e3o do cliente. Nossa experi\u00eancia traduz-se em viagens que v\u00e3o al\u00e9m da expectativa. Nosso Legado: 1. Expertise e Excel\u00eancia: Com tr\u00eas d\u00e9cadas de dedica\u00e7\u00e3o, aprofundamos nossa expertise para oferecer servi\u00e7os de viagem personalizados e de alto padr\u00e3o. Cada viagem, seja econ\u00f4mica ou de luxo, \u00e9 meticulosamente projetada para garantir experi\u00eancias not\u00e1veis. 2. Vanguarda em Inova\u00e7\u00e3o e Tecnologia: Nossa miss\u00e3o \u00e9 sempre liderar, incorporando as solu\u00e7\u00f5es mais avan\u00e7adas em produtos e tecnologias. A inova\u00e7\u00e3o \u00e9 intr\u00ednseca \u00e0 Blumar, permitindo-nos aprimorar constantemente a experi\u00eancia de viagem de nossos clientes. 3. Nossa Equipe, Nosso Diferencial: O verdadeiro motor da Blumar Turismo \u00e9 nossa equipe de profissionais. Com paix\u00e3o e dedica\u00e7\u00e3o, eles garantem que cada itiner\u00e1rio se transforme em uma experi\u00eancia \u00fanica e memor\u00e1vel. Seu comprometimento \u00e9 o que nos faz ganhar a confian\u00e7a de nossos clientes repetidamente. Na Blumar, n\u00e3o se trata apenas de vender pacotes de viagem, mas de projetar experi\u00eancias. Nossos roteiros prometem criar mem\u00f3rias duradouras, proporcionando viagens ricas em descobertas e emo\u00e7\u00f5es. Cremos que viajar \u00e9 uma forma de enriquecimento pessoal, explorando novas perspectivas e redefinindo-se a cada novo destino. Explore o mundo com a Blumar Turismo e torne sua jornada verdadeiramente extraordin\u00e1ria.\",\"sameAs\":[\"https:\/\/www.facebook.com\/blumarviagenseturismo\",\"https:\/\/www.instagram.com\/blumarturismo\/\",\"https:\/\/www.linkedin.com\/company\/blumar-turismo\/\",\"https:\/\/www.youtube.com\/@BlumarTurismo\"],\"award\":[\"2002 | 7th World Petroleum Congress & Rio Oil & Gas Expo\",\"2003 | 27\u00ba International Congress on Occupational Health - ICOH\",\"2004 | IOF World Congress on Osteoporosis 2004\",\"2005 | XXV Brazilian Congress on Rheumatology\",\"2006 | 3rd World Congress on AIDS\",\"2007 | 66th FIP Congress of Pharmacy and Pharmaceutical Sciences\",\"2008 | 62\u00ba Congresso Brasileiro de Cardiologia\",\"2009 | 3rd World Congress of Pediatric Gastroenterology Hepatology and Nutrition\",\"2010 | Pr\u00eamio Caio da D\u00e9cada - Jacar\u00e9 de Diamante - pelo 3rd World Congress on AIDS\",\"2011 | XIV Congresso SOBRICE\",\"2012 | XVIII Congresso da Sociedade Brasileira de Diabetes\",\"2013 | 67\u00ba Congresso da Sociedade Brasileira de Dermatologia\",\"2016 | Congresso Mundial da Propriedade Intelectual da AIPPI\"],\"knowsAbout\":[\"Turismo de Luxo\",\"Consultoria Personalizada\",\"Opera\u00e7\u00e3o de Programas Tur\u00edsticos Customizados\",\"Tours Variados\",\"Sele\u00e7\u00e3o de Hot\u00e9is e Experi\u00eancias Inesquec\u00edveis\"],\"knowsLanguage\":[\"Ingles\",\"Portugu\u00eas\",\"Espanhol\"],\"jobTitle\":\"Operadora de Turismo e Ag\u00eancia de Viagens\",\"worksFor\":\"Blumar Turismo\",\"url\":\"https:\/\/www.blumarturismo.com.br\/blog\/author\/guilherme\/\"}]}<\/script>\n<!-- \/ Yoast SEO Premium plugin. -->","yoast_head_json":{"title":"Cachoeira do Tabuleiro em Minas Gerais: Um Tesouro Natural que Voc\u00ea Precisa Conhecer - Blog Blumar Turismo: O Seu Portal para Viagens Extraordin\u00e1rias","description":"Venha saber mais sobre a Cachoeira do Tabuleiro em Minas Gerais, um tesouro natural que voc\u00ea precisa conhecer. Confira e aproveite!","robots":{"index":"index","follow":"follow","max-snippet":"max-snippet:-1","max-image-preview":"max-image-preview:large","max-video-preview":"max-video-preview:-1"},"canonical":"https:\/\/www.blumarturismo.com.br\/blog\/cachoeira-do-tabuleiro-em-minas-gerais-um-tesouro-natural-que-voce-precisa-conhecer\/","og_locale":"pt_BR","og_type":"article","og_title":"Cachoeira do Tabuleiro em Minas Gerais: Um Tesouro Natural que Voc\u00ea Precisa Conhecer","og_description":"Venha saber mais sobre a Cachoeira do Tabuleiro em Minas Gerais, um tesouro natural que voc\u00ea precisa conhecer. Confira e aproveite!","og_url":"https:\/\/www.blumarturismo.com.br\/blog\/cachoeira-do-tabuleiro-em-minas-gerais-um-tesouro-natural-que-voce-precisa-conhecer\/","og_site_name":"Blog Blumar Turismo: O Seu Portal para Viagens Extraordin\u00e1rias","article_publisher":"https:\/\/www.facebook.com\/blumarviagenseturismo","article_author":"https:\/\/www.facebook.com\/blumarviagenseturismo","article_published_time":"2025-07-11T15:41:01+00:00","article_modified_time":"2025-07-11T15:48:58+00:00","og_image":[{"width":1000,"height":567,"url":"https:\/\/www.blumarturismo.com.br\/blog\/wp-content\/uploads\/2025\/07\/rocharibeiro-shutter.jpg","type":"image\/jpeg"}],"author":"Blumar Turismo","twitter_card":"summary_large_image","twitter_misc":{"Escrito por":"Blumar Turismo","Est. tempo de leitura":"9 minutos"},"schema":{"@context":"https:\/\/schema.org","@graph":[{"@type":"Article","@id":"https:\/\/www.blumarturismo.com.br\/blog\/cachoeira-do-tabuleiro-em-minas-gerais-um-tesouro-natural-que-voce-precisa-conhecer\/#article","isPartOf":{"@id":"https:\/\/www.blumarturismo.com.br\/blog\/cachoeira-do-tabuleiro-em-minas-gerais-um-tesouro-natural-que-voce-precisa-conhecer\/"},"author":{"name":"Blumar Turismo","@id":"https:\/\/www.blumarturismo.com.br\/blog\/#\/schema\/person\/8c5b522f6a79142bafca484c4604fba7"},"headline":"Cachoeira do Tabuleiro em Minas Gerais: Um Tesouro Natural que Voc\u00ea Precisa Conhecer","datePublished":"2025-07-11T15:41:01+00:00","dateModified":"2025-07-11T15:48:58+00:00","mainEntityOfPage":{"@id":"https:\/\/www.blumarturismo.com.br\/blog\/cachoeira-do-tabuleiro-em-minas-gerais-um-tesouro-natural-que-voce-precisa-conhecer\/"},"wordCount":1610,"commentCount":0,"publisher":{"@id":"https:\/\/www.blumarturismo.com.br\/blog\/#organization"},"image":{"@id":"https:\/\/www.blumarturismo.com.br\/blog\/cachoeira-do-tabuleiro-em-minas-gerais-um-tesouro-natural-que-voce-precisa-conhecer\/#primaryimage"},"thumbnailUrl":"https:\/\/www.blumarturismo.com.br\/blog\/wp-content\/uploads\/2025\/07\/rocharibeiro-shutter.jpg","articleSection":["Destinos Nacionais","Dicas de Viagem"],"inLanguage":"pt-BR","potentialAction":[{"@type":"CommentAction","name":"Comment","target":["https:\/\/www.blumarturismo.com.br\/blog\/cachoeira-do-tabuleiro-em-minas-gerais-um-tesouro-natural-que-voce-precisa-conhecer\/#respond"]}]},{"@type":"WebPage","@id":"https:\/\/www.blumarturismo.com.br\/blog\/cachoeira-do-tabuleiro-em-minas-gerais-um-tesouro-natural-que-voce-precisa-conhecer\/","url":"https:\/\/www.blumarturismo.com.br\/blog\/cachoeira-do-tabuleiro-em-minas-gerais-um-tesouro-natural-que-voce-precisa-conhecer\/","name":"Cachoeira do Tabuleiro em Minas Gerais: Um Tesouro Natural que Voc\u00ea Precisa Conhecer - Blog Blumar Turismo: O Seu Portal para Viagens Extraordin\u00e1rias","isPartOf":{"@id":"https:\/\/www.blumarturismo.com.br\/blog\/#website"},"primaryImageOfPage":{"@id":"https:\/\/www.blumarturismo.com.br\/blog\/cachoeira-do-tabuleiro-em-minas-gerais-um-tesouro-natural-que-voce-precisa-conhecer\/#primaryimage"},"image":{"@id":"https:\/\/www.blumarturismo.com.br\/blog\/cachoeira-do-tabuleiro-em-minas-gerais-um-tesouro-natural-que-voce-precisa-conhecer\/#primaryimage"},"thumbnailUrl":"https:\/\/www.blumarturismo.com.br\/blog\/wp-content\/uploads\/2025\/07\/rocharibeiro-shutter.jpg","datePublished":"2025-07-11T15:41:01+00:00","dateModified":"2025-07-11T15:48:58+00:00","description":"Venha saber mais sobre a Cachoeira do Tabuleiro em Minas Gerais, um tesouro natural que voc\u00ea precisa conhecer. Confira e aproveite!","breadcrumb":{"@id":"https:\/\/www.blumarturismo.com.br\/blog\/cachoeira-do-tabuleiro-em-minas-gerais-um-tesouro-natural-que-voce-precisa-conhecer\/#breadcrumb"},"inLanguage":"pt-BR","potentialAction":[{"@type":"ReadAction","target":["https:\/\/www.blumarturismo.com.br\/blog\/cachoeira-do-tabuleiro-em-minas-gerais-um-tesouro-natural-que-voce-precisa-conhecer\/"]}]},{"@type":"ImageObject","inLanguage":"pt-BR","@id":"https:\/\/www.blumarturismo.com.br\/blog\/cachoeira-do-tabuleiro-em-minas-gerais-um-tesouro-natural-que-voce-precisa-conhecer\/#primaryimage","url":"https:\/\/www.blumarturismo.com.br\/blog\/wp-content\/uploads\/2025\/07\/rocharibeiro-shutter.jpg","contentUrl":"https:\/\/www.blumarturismo.com.br\/blog\/wp-content\/uploads\/2025\/07\/rocharibeiro-shutter.jpg","width":1000,"height":567,"caption":"Foto: Rocha Ribeiro \/ Shutterstock.com"},{"@type":"BreadcrumbList","@id":"https:\/\/www.blumarturismo.com.br\/blog\/cachoeira-do-tabuleiro-em-minas-gerais-um-tesouro-natural-que-voce-precisa-conhecer\/#breadcrumb","itemListElement":[{"@type":"ListItem","position":1,"name":"In\u00edcio","item":"https:\/\/www.blumarturismo.com.br\/blog\/"},{"@type":"ListItem","position":2,"name":"Cachoeira do Tabuleiro em Minas Gerais: Um Tesouro Natural que Voc\u00ea Precisa Conhecer"}]},{"@type":"WebSite","@id":"https:\/\/www.blumarturismo.com.br\/blog\/#website","url":"https:\/\/www.blumarturismo.com.br\/blog\/","name":"Blog Blumar Turismo: O Seu Portal para Viagens Extraordin\u00e1rias","description":"Viajar \u00e9 nossa paix\u00e3o e expertise, e agora compartilhamos isso com voc\u00ea atrav\u00e9s do nosso blog. Com mais de 30 anos de hist\u00f3ria, a Blumar Turismo \u00e9 seu parceiro confi\u00e1vel para aventuras memor\u00e1veis. Explore conosco","publisher":{"@id":"https:\/\/www.blumarturismo.com.br\/blog\/#organization"},"potentialAction":[{"@type":"SearchAction","target":{"@type":"EntryPoint","urlTemplate":"https:\/\/www.blumarturismo.com.br\/blog\/?s={search_term_string}"},"query-input":{"@type":"PropertyValueSpecification","valueRequired":true,"valueName":"search_term_string"}}],"inLanguage":"pt-BR"},{"@type":"Organization","@id":"https:\/\/www.blumarturismo.com.br\/blog\/#organization","name":"Blumar Turismo","url":"https:\/\/www.blumarturismo.com.br\/blog\/","logo":{"@type":"ImageObject","inLanguage":"pt-BR","@id":"https:\/\/www.blumarturismo.com.br\/blog\/#\/schema\/logo\/image\/","url":"https:\/\/www.blumarturismo.com.br\/blog\/wp-content\/uploads\/2020\/11\/cropped-logo_blumar_nacional2-2.jpg","contentUrl":"https:\/\/www.blumarturismo.com.br\/blog\/wp-content\/uploads\/2020\/11\/cropped-logo_blumar_nacional2-2.jpg","width":167,"height":50,"caption":"Blumar Turismo"},"image":{"@id":"https:\/\/www.blumarturismo.com.br\/blog\/#\/schema\/logo\/image\/"},"sameAs":["https:\/\/www.facebook.com\/blumarviagenseturismo","https:\/\/www.instagram.com\/blumarturismo\/"]},{"@type":"Person","@id":"https:\/\/www.blumarturismo.com.br\/blog\/#\/schema\/person\/8c5b522f6a79142bafca484c4604fba7","name":"Blumar Turismo","image":{"@type":"ImageObject","inLanguage":"pt-BR","@id":"https:\/\/www.blumarturismo.com.br\/blog\/#\/schema\/person\/image\/","url":"https:\/\/secure.gravatar.com\/avatar\/18a47e99a2b3ce558e7834aabf1bb475e0ae3a970dea40e74a2d2b71531fbe3b?s=96&d=mm&r=g","contentUrl":"https:\/\/secure.gravatar.com\/avatar\/18a47e99a2b3ce558e7834aabf1bb475e0ae3a970dea40e74a2d2b71531fbe3b?s=96&d=mm&r=g","caption":"Blumar Turismo"},"description":"Com uma trajet\u00f3ria consolidada de mais de 30 anos no setor de turismo, a Blumar Turismo se estabeleceu como l\u00edder gra\u00e7as ao seu compromisso cont\u00ednuo com a qualidade e satisfa\u00e7\u00e3o do cliente. Nossa experi\u00eancia traduz-se em viagens que v\u00e3o al\u00e9m da expectativa. Nosso Legado: 1. Expertise e Excel\u00eancia: Com tr\u00eas d\u00e9cadas de dedica\u00e7\u00e3o, aprofundamos nossa expertise para oferecer servi\u00e7os de viagem personalizados e de alto padr\u00e3o. Cada viagem, seja econ\u00f4mica ou de luxo, \u00e9 meticulosamente projetada para garantir experi\u00eancias not\u00e1veis. 2. Vanguarda em Inova\u00e7\u00e3o e Tecnologia: Nossa miss\u00e3o \u00e9 sempre liderar, incorporando as solu\u00e7\u00f5es mais avan\u00e7adas em produtos e tecnologias. A inova\u00e7\u00e3o \u00e9 intr\u00ednseca \u00e0 Blumar, permitindo-nos aprimorar constantemente a experi\u00eancia de viagem de nossos clientes. 3. Nossa Equipe, Nosso Diferencial: O verdadeiro motor da Blumar Turismo \u00e9 nossa equipe de profissionais. Com paix\u00e3o e dedica\u00e7\u00e3o, eles garantem que cada itiner\u00e1rio se transforme em uma experi\u00eancia \u00fanica e memor\u00e1vel. Seu comprometimento \u00e9 o que nos faz ganhar a confian\u00e7a de nossos clientes repetidamente. Na Blumar, n\u00e3o se trata apenas de vender pacotes de viagem, mas de projetar experi\u00eancias. Nossos roteiros prometem criar mem\u00f3rias duradouras, proporcionando viagens ricas em descobertas e emo\u00e7\u00f5es. Cremos que viajar \u00e9 uma forma de enriquecimento pessoal, explorando novas perspectivas e redefinindo-se a cada novo destino. Explore o mundo com a Blumar Turismo e torne sua jornada verdadeiramente extraordin\u00e1ria.","sameAs":["https:\/\/www.facebook.com\/blumarviagenseturismo","https:\/\/www.instagram.com\/blumarturismo\/","https:\/\/www.linkedin.com\/company\/blumar-turismo\/","https:\/\/www.youtube.com\/@BlumarTurismo"],"award":["2002 | 7th World Petroleum Congress & Rio Oil & Gas Expo","2003 | 27\u00ba International Congress on Occupational Health - ICOH","2004 | IOF World Congress on Osteoporosis 2004","2005 | XXV Brazilian Congress on Rheumatology","2006 | 3rd World Congress on AIDS","2007 | 66th FIP Congress of Pharmacy and Pharmaceutical Sciences","2008 | 62\u00ba Congresso Brasileiro de Cardiologia","2009 | 3rd World Congress of Pediatric Gastroenterology Hepatology and Nutrition","2010 | Pr\u00eamio Caio da D\u00e9cada - Jacar\u00e9 de Diamante - pelo 3rd World Congress on AIDS","2011 | XIV Congresso SOBRICE","2012 | XVIII Congresso da Sociedade Brasileira de Diabetes","2013 | 67\u00ba Congresso da Sociedade Brasileira de Dermatologia","2016 | Congresso Mundial da Propriedade Intelectual da AIPPI"],"knowsAbout":["Turismo de Luxo","Consultoria Personalizada","Opera\u00e7\u00e3o de Programas Tur\u00edsticos Customizados","Tours Variados","Sele\u00e7\u00e3o de Hot\u00e9is e Experi\u00eancias Inesquec\u00edveis"],"knowsLanguage":["Ingles","Portugu\u00eas","Espanhol"],"jobTitle":"Operadora de Turismo e Ag\u00eancia de Viagens","worksFor":"Blumar Turismo","url":"https:\/\/www.blumarturismo.com.br\/blog\/author\/guilherme\/"}]}},"_links":{"self":[{"href":"https:\/\/www.blumarturismo.com.br\/blog\/wp-json\/wp\/v2\/posts\/71016","targetHints":{"allow":["GET"]}}],"collection":[{"href":"https:\/\/www.blumarturismo.com.br\/blog\/wp-json\/wp\/v2\/posts"}],"about":[{"href":"https:\/\/www.blumarturismo.com.br\/blog\/wp-json\/wp\/v2\/types\/post"}],"author":[{"embeddable":true,"href":"https:\/\/www.blumarturismo.com.br\/blog\/wp-json\/wp\/v2\/users\/10"}],"replies":[{"embeddable":true,"href":"https:\/\/www.blumarturismo.com.br\/blog\/wp-json\/wp\/v2\/comments?post=71016"}],"version-history":[{"count":13,"href":"https:\/\/www.blumarturismo.com.br\/blog\/wp-json\/wp\/v2\/posts\/71016\/revisions"}],"predecessor-version":[{"id":71032,"href":"https:\/\/www.blumarturismo.com.br\/blog\/wp-json\/wp\/v2\/posts\/71016\/revisions\/71032"}],"wp:featuredmedia":[{"embeddable":true,"href":"https:\/\/www.blumarturismo.com.br\/blog\/wp-json\/wp\/v2\/media\/71017"}],"wp:attachment":[{"href":"https:\/\/www.blumarturismo.com.br\/blog\/wp-json\/wp\/v2\/media?parent=71016"}],"wp:term":[{"taxonomy":"category","embeddable":true,"href":"https:\/\/www.blumarturismo.com.br\/blog\/wp-json\/wp\/v2\/categories?post=71016"},{"taxonomy":"post_tag","embeddable":true,"href":"https:\/\/www.blumarturismo.com.br\/blog\/wp-json\/wp\/v2\/tags?post=71016"}],"curies":[{"name":"wp","href":"https:\/\/api.w.org\/{rel}","templated":true}]}}