{"id":72818,"date":"2025-12-02T11:34:35","date_gmt":"2025-12-02T14:34:35","guid":{"rendered":"https:\/\/www.blumarturismo.com.br\/blog\/?p=72818"},"modified":"2025-12-02T13:07:06","modified_gmt":"2025-12-02T16:07:06","slug":"dezembro-laranja-2025-blumar-turismo-reforca-seu-compromisso-com-a-prevencao-ao-cancer-de-pele","status":"publish","type":"post","link":"https:\/\/www.blumarturismo.com.br\/blog\/dezembro-laranja-2025-blumar-turismo-reforca-seu-compromisso-com-a-prevencao-ao-cancer-de-pele\/","title":{"rendered":"Dezembro Laranja 2025 &#8211; Blumar Turismo refor\u00e7a seu compromisso com a preven\u00e7\u00e3o ao c\u00e2ncer de pele"},"content":{"rendered":"\t\t<div data-elementor-type=\"wp-post\" data-elementor-id=\"72818\" class=\"elementor elementor-72818\" data-elementor-post-type=\"post\">\n\t\t\t\t\t\t\t<div class=\"elementor-element elementor-element-130877d e-flex e-con-boxed e-con e-parent\" data-id=\"130877d\" data-element_type=\"container\" data-settings=\"{&quot;content_width&quot;:&quot;boxed&quot;}\" data-core-v316-plus=\"true\">\n\t\t\t\t\t<div class=\"e-con-inner\">\n\t\t\t\t<div class=\"elementor-element elementor-element-48db990 elementor-widget elementor-widget-text-editor\" data-id=\"48db990\" data-element_type=\"widget\" data-widget_type=\"text-editor.default\">\n\t\t\t\t<div class=\"elementor-widget-container\">\n\t\t\t<style>\/*! elementor - v3.16.0 - 13-09-2023 *\/\n.elementor-widget-text-editor.elementor-drop-cap-view-stacked .elementor-drop-cap{background-color:#69727d;color:#fff}.elementor-widget-text-editor.elementor-drop-cap-view-framed .elementor-drop-cap{color:#69727d;border:3px solid;background-color:transparent}.elementor-widget-text-editor:not(.elementor-drop-cap-view-default) .elementor-drop-cap{margin-top:8px}.elementor-widget-text-editor:not(.elementor-drop-cap-view-default) .elementor-drop-cap-letter{width:1em;height:1em}.elementor-widget-text-editor .elementor-drop-cap{float:left;text-align:center;line-height:1;font-size:50px}.elementor-widget-text-editor .elementor-drop-cap-letter{display:inline-block}<\/style>\t\t\t\t<p data-prosemirror-content-type=\"node\" data-prosemirror-node-name=\"paragraph\" data-prosemirror-node-block=\"true\" data-pm-slice=\"1 1 []\">O Dezembro Laranja 2025 chega com uma mensagem clara. cuidar da pele \u00e9 cuidar da vida. A <strong><a href=\"https:\/\/www.blumar.com.br\/\">Blumar Turismo<\/a><\/strong> tem orgulho de apoiar mais uma edi\u00e7\u00e3o da campanha promovida pela Sociedade Brasileira de Dermatologia (SBD). Ao longo de todo este m\u00eas, convidamos nossos colaboradores, parceiros e viajantes a refor\u00e7ar a preven\u00e7\u00e3o, ampliar a consci\u00eancia e adotar h\u00e1bitos que protegem a sa\u00fade da pele.<\/p><p data-prosemirror-content-type=\"node\" data-prosemirror-node-name=\"paragraph\" data-prosemirror-node-block=\"true\" data-pm-slice=\"1 1 []\">Afinal, vivemos em um pa\u00eds de clima predominantemente quente e ensolarado. Isso significa que a aten\u00e7\u00e3o \u00e0 radia\u00e7\u00e3o ultravioleta deve ser constante, tanto no dia a dia quanto em viagens e experi\u00eancias ao ar livre. Informar, prevenir e apoiar s\u00e3o a\u00e7\u00f5es essenciais para reduzir o n\u00famero de casos de c\u00e2ncer de pele no Brasil.<\/p>\t\t\t\t\t\t<\/div>\n\t\t\t\t<\/div>\n\t\t\t\t\t<\/div>\n\t\t\t\t<\/div>\n\t\t<div class=\"elementor-element elementor-element-f8ffd93 e-flex e-con-boxed e-con e-parent\" data-id=\"f8ffd93\" data-element_type=\"container\" data-settings=\"{&quot;content_width&quot;:&quot;boxed&quot;}\" data-core-v316-plus=\"true\">\n\t\t\t\t\t<div class=\"e-con-inner\">\n\t\t\t\t<div class=\"elementor-element elementor-element-08f4fc2 elementor-widget elementor-widget-heading\" data-id=\"08f4fc2\" data-element_type=\"widget\" data-widget_type=\"heading.default\">\n\t\t\t\t<div class=\"elementor-widget-container\">\n\t\t\t<style>\/*! elementor - v3.16.0 - 13-09-2023 *\/\n.elementor-heading-title{padding:0;margin:0;line-height:1}.elementor-widget-heading .elementor-heading-title[class*=elementor-size-]>a{color:inherit;font-size:inherit;line-height:inherit}.elementor-widget-heading .elementor-heading-title.elementor-size-small{font-size:15px}.elementor-widget-heading .elementor-heading-title.elementor-size-medium{font-size:19px}.elementor-widget-heading .elementor-heading-title.elementor-size-large{font-size:29px}.elementor-widget-heading .elementor-heading-title.elementor-size-xl{font-size:39px}.elementor-widget-heading .elementor-heading-title.elementor-size-xxl{font-size:59px}<\/style><h2 class=\"elementor-heading-title elementor-size-large\">Confira como foi a campanha Dezembro Laranja 2025 na Blumar Turismo.<\/h2>\t\t<\/div>\n\t\t\t\t<\/div>\n\t\t\t\t<div class=\"elementor-element elementor-element-324fb58 elementor-widget elementor-widget-image\" data-id=\"324fb58\" data-element_type=\"widget\" data-widget_type=\"image.default\">\n\t\t\t\t<div class=\"elementor-widget-container\">\n\t\t\t<style>\/*! elementor - v3.16.0 - 13-09-2023 *\/\n.elementor-widget-image{text-align:center}.elementor-widget-image a{display:inline-block}.elementor-widget-image a img[src$=\".svg\"]{width:48px}.elementor-widget-image img{vertical-align:middle;display:inline-block}<\/style>\t\t\t\t\t\t\t\t\t<figure class=\"wp-caption\">\n\t\t\t\t\t\t\t\t\t\t<img loading=\"lazy\" decoding=\"async\" width=\"1024\" height=\"566\" src=\"https:\/\/www.blumarturismo.com.br\/blog\/wp-content\/uploads\/2025\/12\/Captura-de-tela-2025-12-02-092238-1024x566.png\" class=\"attachment-large size-large wp-image-72823\" alt=\"Foto: Divulga\u00e7\u00e3o \/ Blumar Turismo\" srcset=\"https:\/\/www.blumarturismo.com.br\/blog\/wp-content\/uploads\/2025\/12\/Captura-de-tela-2025-12-02-092238-1024x566.png 1024w, https:\/\/www.blumarturismo.com.br\/blog\/wp-content\/uploads\/2025\/12\/Captura-de-tela-2025-12-02-092238-300x166.png 300w, https:\/\/www.blumarturismo.com.br\/blog\/wp-content\/uploads\/2025\/12\/Captura-de-tela-2025-12-02-092238-768x424.png 768w, https:\/\/www.blumarturismo.com.br\/blog\/wp-content\/uploads\/2025\/12\/Captura-de-tela-2025-12-02-092238.png 1247w\" sizes=\"auto, (max-width: 1024px) 100vw, 1024px\" \/>\t\t\t\t\t\t\t\t\t\t\t<figcaption class=\"widget-image-caption wp-caption-text\">Foto: Divulga\u00e7\u00e3o \/ Blumar Turismo<\/figcaption>\n\t\t\t\t\t\t\t\t\t\t<\/figure>\n\t\t\t\t\t\t\t\t\t<\/div>\n\t\t\t\t<\/div>\n\t\t\t\t<div class=\"elementor-element elementor-element-fe2ca8b elementor-widget elementor-widget-image\" data-id=\"fe2ca8b\" data-element_type=\"widget\" data-widget_type=\"image.default\">\n\t\t\t\t<div class=\"elementor-widget-container\">\n\t\t\t\t\t\t\t\t\t\t\t\t<figure class=\"wp-caption\">\n\t\t\t\t\t\t\t\t\t\t<img loading=\"lazy\" decoding=\"async\" width=\"672\" height=\"708\" src=\"https:\/\/www.blumarturismo.com.br\/blog\/wp-content\/uploads\/2025\/12\/Captura-de-tela-2025-12-02-093022.png\" class=\"attachment-large size-large wp-image-72824\" alt=\"Foto: Divulga\u00e7\u00e3o \/ Blumar Turismo\" srcset=\"https:\/\/www.blumarturismo.com.br\/blog\/wp-content\/uploads\/2025\/12\/Captura-de-tela-2025-12-02-093022.png 672w, https:\/\/www.blumarturismo.com.br\/blog\/wp-content\/uploads\/2025\/12\/Captura-de-tela-2025-12-02-093022-285x300.png 285w\" sizes=\"auto, (max-width: 672px) 100vw, 672px\" \/>\t\t\t\t\t\t\t\t\t\t\t<figcaption class=\"widget-image-caption wp-caption-text\">Foto: Divulga\u00e7\u00e3o \/ Blumar Turismo<\/figcaption>\n\t\t\t\t\t\t\t\t\t\t<\/figure>\n\t\t\t\t\t\t\t\t\t<\/div>\n\t\t\t\t<\/div>\n\t\t\t\t\t<\/div>\n\t\t\t\t<\/div>\n\t\t<div class=\"elementor-element elementor-element-a261d51 e-flex e-con-boxed e-con e-parent\" data-id=\"a261d51\" data-element_type=\"container\" data-settings=\"{&quot;content_width&quot;:&quot;boxed&quot;}\" data-core-v316-plus=\"true\">\n\t\t\t\t\t<div class=\"e-con-inner\">\n\t\t\t\t<div class=\"elementor-element elementor-element-ca990a8 elementor-widget elementor-widget-heading\" data-id=\"ca990a8\" data-element_type=\"widget\" data-widget_type=\"heading.default\">\n\t\t\t\t<div class=\"elementor-widget-container\">\n\t\t\t<h2 class=\"elementor-heading-title elementor-size-large\">Por que o Dezembro Laranja \u00e9 t\u00e3o importante?<\/h2>\t\t<\/div>\n\t\t\t\t<\/div>\n\t\t\t\t<div class=\"elementor-element elementor-element-8ccc85c elementor-widget elementor-widget-text-editor\" data-id=\"8ccc85c\" data-element_type=\"widget\" data-widget_type=\"text-editor.default\">\n\t\t\t\t<div class=\"elementor-widget-container\">\n\t\t\t\t\t\t\t<p data-prosemirror-content-type=\"node\" data-prosemirror-node-name=\"paragraph\" data-prosemirror-node-block=\"true\" data-pm-slice=\"1 1 []\">O c\u00e2ncer de pele \u00e9 o tipo mais frequente no pa\u00eds. Dados da Sociedade Brasileira de Dermatologia indicam que a exposi\u00e7\u00e3o solar sem prote\u00e7\u00e3o continua sendo o principal fator de risco. A boa not\u00edcia \u00e9 que <strong data-prosemirror-content-type=\"mark\" data-prosemirror-mark-name=\"strong\">mais de 90% dos casos podem ser evitados<\/strong> com atitudes simples.<\/p><p data-prosemirror-content-type=\"node\" data-prosemirror-node-name=\"paragraph\" data-prosemirror-node-block=\"true\">Durante o Dezembro Laranja, a SBD intensifica a\u00e7\u00f5es de preven\u00e7\u00e3o e oferece atendimento gratuito em diversos pontos do Brasil. Para saber mais sobre os locais de atendimento e atualiza\u00e7\u00f5es da campanha, acesse: <span class=\"inlineCardView-content-wrap inlineNodeView\" data-prosemirror-content-type=\"node\" data-prosemirror-node-name=\"inlineCard\" data-prosemirror-node-inline=\"true\"><span class=\"card\" aria-busy=\"true\"><a href=\"https:\/\/www.sbd.org.br\/dezembrolaranja\" data-inline-card=\"\" data-card-data=\"\">https:\/\/www.sbd.org.br\/dezembrolaranja<\/a><\/span><\/span> . Fonte. Sociedade Brasileira de Dermatologia<\/p>\t\t\t\t\t\t<\/div>\n\t\t\t\t<\/div>\n\t\t\t\t<div class=\"elementor-element elementor-element-9a9333b elementor-widget elementor-widget-video\" data-id=\"9a9333b\" data-element_type=\"widget\" data-settings=\"{&quot;youtube_url&quot;:&quot;https:\\\/\\\/www.youtube.com\\\/watch?v=GWUXsfvx6Bo&quot;,&quot;video_type&quot;:&quot;youtube&quot;,&quot;controls&quot;:&quot;yes&quot;}\" data-widget_type=\"video.default\">\n\t\t\t\t<div class=\"elementor-widget-container\">\n\t\t\t<style>\/*! elementor - v3.16.0 - 13-09-2023 *\/\n.elementor-widget-video .elementor-widget-container{overflow:hidden;transform:translateZ(0)}.elementor-widget-video .elementor-wrapper{aspect-ratio:var(--video-aspect-ratio)}.elementor-widget-video .elementor-wrapper iframe,.elementor-widget-video .elementor-wrapper video{height:100%;width:100%;display:flex;border:none;background-color:#000}@supports not (aspect-ratio:1\/1){.elementor-widget-video .elementor-wrapper{position:relative;overflow:hidden;height:0;padding-bottom:calc(100% \/ var(--video-aspect-ratio))}.elementor-widget-video .elementor-wrapper iframe,.elementor-widget-video .elementor-wrapper video{position:absolute;top:0;right:0;bottom:0;left:0}}.elementor-widget-video .elementor-open-inline .elementor-custom-embed-image-overlay{position:absolute;top:0;right:0;bottom:0;left:0;background-size:cover;background-position:50%}.elementor-widget-video .elementor-custom-embed-image-overlay{cursor:pointer;text-align:center}.elementor-widget-video .elementor-custom-embed-image-overlay:hover .elementor-custom-embed-play i{opacity:1}.elementor-widget-video .elementor-custom-embed-image-overlay img{display:block;width:100%;aspect-ratio:var(--video-aspect-ratio);-o-object-fit:cover;object-fit:cover;-o-object-position:center center;object-position:center center}@supports not (aspect-ratio:1\/1){.elementor-widget-video .elementor-custom-embed-image-overlay{position:relative;overflow:hidden;height:0;padding-bottom:calc(100% \/ var(--video-aspect-ratio))}.elementor-widget-video .elementor-custom-embed-image-overlay img{position:absolute;top:0;right:0;bottom:0;left:0}}.elementor-widget-video .e-hosted-video .elementor-video{-o-object-fit:cover;object-fit:cover}.e-con-inner>.elementor-widget-video,.e-con>.elementor-widget-video{width:var(--container-widget-width);--flex-grow:var(--container-widget-flex-grow)}<\/style>\t\t<div class=\"elementor-wrapper elementor-open-inline\">\n\t\t\t<div class=\"elementor-video\"><\/div>\t\t<\/div>\n\t\t\t\t<\/div>\n\t\t\t\t<\/div>\n\t\t\t\t\t<\/div>\n\t\t\t\t<\/div>\n\t\t<div class=\"elementor-element elementor-element-2e01c38 e-flex e-con-boxed e-con e-parent\" data-id=\"2e01c38\" data-element_type=\"container\" data-settings=\"{&quot;content_width&quot;:&quot;boxed&quot;}\" data-core-v316-plus=\"true\">\n\t\t\t\t\t<div class=\"e-con-inner\">\n\t\t\t\t<div class=\"elementor-element elementor-element-3d0ebe2 elementor-widget elementor-widget-heading\" data-id=\"3d0ebe2\" data-element_type=\"widget\" data-widget_type=\"heading.default\">\n\t\t\t\t<div class=\"elementor-widget-container\">\n\t\t\t<h2 class=\"elementor-heading-title elementor-size-large\">Equipe de Congressos e Eventos da Blumar<\/h2>\t\t<\/div>\n\t\t\t\t<\/div>\n\t\t\t\t<div class=\"elementor-element elementor-element-323da22 elementor-widget elementor-widget-image\" data-id=\"323da22\" data-element_type=\"widget\" data-widget_type=\"image.default\">\n\t\t\t\t<div class=\"elementor-widget-container\">\n\t\t\t\t\t\t\t\t\t\t\t\t<figure class=\"wp-caption\">\n\t\t\t\t\t\t\t\t\t\t<img loading=\"lazy\" decoding=\"async\" width=\"1024\" height=\"628\" src=\"https:\/\/www.blumarturismo.com.br\/blog\/wp-content\/uploads\/2025\/12\/1000227218-1024x628.jpeg\" class=\"attachment-large size-large wp-image-72831\" alt=\"Foto: Divulga\u00e7\u00e3o \/ Blumar Turismo\" srcset=\"https:\/\/www.blumarturismo.com.br\/blog\/wp-content\/uploads\/2025\/12\/1000227218-1024x628.jpeg 1024w, https:\/\/www.blumarturismo.com.br\/blog\/wp-content\/uploads\/2025\/12\/1000227218-300x184.jpeg 300w, https:\/\/www.blumarturismo.com.br\/blog\/wp-content\/uploads\/2025\/12\/1000227218-768x471.jpeg 768w, https:\/\/www.blumarturismo.com.br\/blog\/wp-content\/uploads\/2025\/12\/1000227218.jpeg 1421w\" sizes=\"auto, (max-width: 1024px) 100vw, 1024px\" \/>\t\t\t\t\t\t\t\t\t\t\t<figcaption class=\"widget-image-caption wp-caption-text\">Foto: Divulga\u00e7\u00e3o \/ Blumar Turismo<\/figcaption>\n\t\t\t\t\t\t\t\t\t\t<\/figure>\n\t\t\t\t\t\t\t\t\t<\/div>\n\t\t\t\t<\/div>\n\t\t\t\t<div class=\"elementor-element elementor-element-78ea079 elementor-widget elementor-widget-text-editor\" data-id=\"78ea079\" data-element_type=\"widget\" data-widget_type=\"text-editor.default\">\n\t\t\t\t<div class=\"elementor-widget-container\">\n\t\t\t\t\t\t\t<div>A for\u00e7a da Blumar em congressos e eventos nasce da dedica\u00e7\u00e3o de uma equipe especializada, apaixonada por transformar cada projeto em uma experi\u00eancia impec\u00e1vel. Cada profissional contribui com expertise, precis\u00e3o e criatividade, garantindo organiza\u00e7\u00e3o eficiente, atendimento humanizado e resultados que superam expectativas. Juntos, eles elevam o padr\u00e3o de qualidade da Blumar e refor\u00e7am nosso compromisso em entregar eventos memor\u00e1veis para clientes do Brasil e do mundo.<\/div>\t\t\t\t\t\t<\/div>\n\t\t\t\t<\/div>\n\t\t\t\t<div class=\"elementor-element elementor-element-11c1e29 elementor-widget elementor-widget-heading\" data-id=\"11c1e29\" data-element_type=\"widget\" data-widget_type=\"heading.default\">\n\t\t\t\t<div class=\"elementor-widget-container\">\n\t\t\t<h2 class=\"elementor-heading-title elementor-size-large\">Como se prevenir - Dicas essenciais para cuidar da sua pele<\/h2>\t\t<\/div>\n\t\t\t\t<\/div>\n\t\t\t\t<div class=\"elementor-element elementor-element-8f3bf56 elementor-widget elementor-widget-text-editor\" data-id=\"8f3bf56\" data-element_type=\"widget\" data-widget_type=\"text-editor.default\">\n\t\t\t\t<div class=\"elementor-widget-container\">\n\t\t\t\t\t\t\t<p data-prosemirror-content-type=\"node\" data-prosemirror-node-name=\"paragraph\" data-prosemirror-node-block=\"true\" data-pm-slice=\"1 1 []\">A preven\u00e7\u00e3o \u00e9 o caminho mais seguro para evitar o desenvolvimento de les\u00f5es e assegurar uma pele saud\u00e1vel ao longo da vida. Aqui est\u00e3o medidas simples e altamente eficazes.<\/p>\t\t\t\t\t\t<\/div>\n\t\t\t\t<\/div>\n\t\t\t\t\t<\/div>\n\t\t\t\t<\/div>\n\t\t<div class=\"elementor-element elementor-element-e5b4508 e-flex e-con-boxed e-con e-parent\" data-id=\"e5b4508\" data-element_type=\"container\" data-settings=\"{&quot;content_width&quot;:&quot;boxed&quot;}\" data-core-v316-plus=\"true\">\n\t\t\t\t\t<div class=\"e-con-inner\">\n\t\t\t\t<div class=\"elementor-element elementor-element-6cf48b4 elementor-widget elementor-widget-heading\" data-id=\"6cf48b4\" data-element_type=\"widget\" data-widget_type=\"heading.default\">\n\t\t\t\t<div class=\"elementor-widget-container\">\n\t\t\t<h3 class=\"elementor-heading-title elementor-size-medium\">Use protetor solar diariamente<\/h3>\t\t<\/div>\n\t\t\t\t<\/div>\n\t\t\t\t<div class=\"elementor-element elementor-element-b6551a7 elementor-widget elementor-widget-text-editor\" data-id=\"b6551a7\" data-element_type=\"widget\" data-widget_type=\"text-editor.default\">\n\t\t\t\t<div class=\"elementor-widget-container\">\n\t\t\t\t\t\t\t<p data-prosemirror-content-type=\"node\" data-prosemirror-node-name=\"paragraph\" data-prosemirror-node-block=\"true\" data-pm-slice=\"1 1 []\">O protetor solar deve se tornar parte da sua rotina. Aplique FPS 30 ou superior todos os dias, mesmo quando o c\u00e9u estiver nublado. Reaplique a cada duas horas durante a exposi\u00e7\u00e3o solar.<\/p>\t\t\t\t\t\t<\/div>\n\t\t\t\t<\/div>\n\t\t\t\t\t<\/div>\n\t\t\t\t<\/div>\n\t\t<div class=\"elementor-element elementor-element-157e58c e-flex e-con-boxed e-con e-parent\" data-id=\"157e58c\" data-element_type=\"container\" data-settings=\"{&quot;content_width&quot;:&quot;boxed&quot;}\" data-core-v316-plus=\"true\">\n\t\t\t\t\t<div class=\"e-con-inner\">\n\t\t\t\t<div class=\"elementor-element elementor-element-69f3eb7 elementor-widget elementor-widget-heading\" data-id=\"69f3eb7\" data-element_type=\"widget\" data-widget_type=\"heading.default\">\n\t\t\t\t<div class=\"elementor-widget-container\">\n\t\t\t<h3 class=\"elementor-heading-title elementor-size-medium\">Proteja-se com roupas adequadas<\/h3>\t\t<\/div>\n\t\t\t\t<\/div>\n\t\t\t\t<div class=\"elementor-element elementor-element-179168d elementor-widget elementor-widget-text-editor\" data-id=\"179168d\" data-element_type=\"widget\" data-widget_type=\"text-editor.default\">\n\t\t\t\t<div class=\"elementor-widget-container\">\n\t\t\t\t\t\t\t<p data-prosemirror-content-type=\"node\" data-prosemirror-node-name=\"paragraph\" data-prosemirror-node-block=\"true\" data-pm-slice=\"1 1 []\">Roupas de mangas compridas, chap\u00e9us de aba larga e pe\u00e7as com prote\u00e7\u00e3o UV s\u00e3o excelentes aliados para bloquear a radia\u00e7\u00e3o solar.<\/p>\t\t\t\t\t\t<\/div>\n\t\t\t\t<\/div>\n\t\t\t\t\t<\/div>\n\t\t\t\t<\/div>\n\t\t<div class=\"elementor-element elementor-element-a0b21ef e-flex e-con-boxed e-con e-parent\" data-id=\"a0b21ef\" data-element_type=\"container\" data-settings=\"{&quot;content_width&quot;:&quot;boxed&quot;}\" data-core-v316-plus=\"true\">\n\t\t\t\t\t<div class=\"e-con-inner\">\n\t\t\t\t<div class=\"elementor-element elementor-element-9d0a97e elementor-widget elementor-widget-heading\" data-id=\"9d0a97e\" data-element_type=\"widget\" data-widget_type=\"heading.default\">\n\t\t\t\t<div class=\"elementor-widget-container\">\n\t\t\t<h3 class=\"elementor-heading-title elementor-size-medium\">\u00d3culos de sol s\u00e3o indispens\u00e1veis<\/h3>\t\t<\/div>\n\t\t\t\t<\/div>\n\t\t\t\t<div class=\"elementor-element elementor-element-2fa91a2 elementor-widget elementor-widget-text-editor\" data-id=\"2fa91a2\" data-element_type=\"widget\" data-widget_type=\"text-editor.default\">\n\t\t\t\t<div class=\"elementor-widget-container\">\n\t\t\t\t\t\t\t<p data-prosemirror-content-type=\"node\" data-prosemirror-node-name=\"paragraph\" data-prosemirror-node-block=\"true\" data-pm-slice=\"1 1 []\">Modelos com lentes que filtram UV protegem os olhos e a pele ao redor. Esse \u00e9 um cuidado que muita gente esquece.<\/p>\t\t\t\t\t\t<\/div>\n\t\t\t\t<\/div>\n\t\t\t\t\t<\/div>\n\t\t\t\t<\/div>\n\t\t<div class=\"elementor-element elementor-element-a1c6413 e-flex e-con-boxed e-con e-parent\" data-id=\"a1c6413\" data-element_type=\"container\" data-settings=\"{&quot;content_width&quot;:&quot;boxed&quot;}\" data-core-v316-plus=\"true\">\n\t\t\t\t\t<div class=\"e-con-inner\">\n\t\t\t\t<div class=\"elementor-element elementor-element-607aa1a elementor-widget elementor-widget-heading\" data-id=\"607aa1a\" data-element_type=\"widget\" data-widget_type=\"heading.default\">\n\t\t\t\t<div class=\"elementor-widget-container\">\n\t\t\t<h3 class=\"elementor-heading-title elementor-size-medium\">Evite o sol intenso<\/h3>\t\t<\/div>\n\t\t\t\t<\/div>\n\t\t\t\t<div class=\"elementor-element elementor-element-547a145 elementor-widget elementor-widget-text-editor\" data-id=\"547a145\" data-element_type=\"widget\" data-widget_type=\"text-editor.default\">\n\t\t\t\t<div class=\"elementor-widget-container\">\n\t\t\t\t\t\t\t<p data-prosemirror-content-type=\"node\" data-prosemirror-node-name=\"paragraph\" data-prosemirror-node-block=\"true\" data-pm-slice=\"1 1 []\">A avalia\u00e7\u00e3o profissional \u00e9 fundamental para identificar sinais suspeitos, acompanhar pintas e orientar tratamentos. A lista de dermatologistas associados \u00e0 SBD est\u00e1 dispon\u00edvel em: <span class=\"inlineCardView-content-wrap inlineNodeView\" data-prosemirror-content-type=\"node\" data-prosemirror-node-name=\"inlineCard\" data-prosemirror-node-inline=\"true\"><span class=\"card\" aria-busy=\"true\"><a href=\"http:\/\/www.sbd.org.br\" data-inline-card=\"\" data-card-data=\"\">http:\/\/www.sbd.org.br<\/a><\/span><\/span> .<\/p>\t\t\t\t\t\t<\/div>\n\t\t\t\t<\/div>\n\t\t\t\t<div class=\"elementor-element elementor-element-87643e8 elementor-widget elementor-widget-text-editor\" data-id=\"87643e8\" data-element_type=\"widget\" data-widget_type=\"text-editor.default\">\n\t\t\t\t<div class=\"elementor-widget-container\">\n\t\t\t\t\t\t\t<p data-prosemirror-content-type=\"node\" data-prosemirror-node-name=\"paragraph\" data-prosemirror-node-block=\"true\" data-pm-slice=\"1 1 []\">Entre 9h e 15h, os \u00edndices UV atingem os n\u00edveis mais altos. Prefira sombra, mantenha-se hidratado e intensifique a prote\u00e7\u00e3o.<\/p>\t\t\t\t\t\t<\/div>\n\t\t\t\t<\/div>\n\t\t\t\t\t<\/div>\n\t\t\t\t<\/div>\n\t\t<div class=\"elementor-element elementor-element-38fe323 e-flex e-con-boxed e-con e-parent\" data-id=\"38fe323\" data-element_type=\"container\" data-settings=\"{&quot;content_width&quot;:&quot;boxed&quot;}\" data-core-v316-plus=\"true\">\n\t\t\t\t\t<div class=\"e-con-inner\">\n\t\t\t\t<div class=\"elementor-element elementor-element-45f3e9b elementor-widget elementor-widget-heading\" data-id=\"45f3e9b\" data-element_type=\"widget\" data-widget_type=\"heading.default\">\n\t\t\t\t<div class=\"elementor-widget-container\">\n\t\t\t<h3 class=\"elementor-heading-title elementor-size-medium\">Consulte um dermatologista<\/h3>\t\t<\/div>\n\t\t\t\t<\/div>\n\t\t\t\t\t<\/div>\n\t\t\t\t<\/div>\n\t\t<div class=\"elementor-element elementor-element-13d0736 e-flex e-con-boxed e-con e-parent\" data-id=\"13d0736\" data-element_type=\"container\" data-settings=\"{&quot;content_width&quot;:&quot;boxed&quot;}\" data-core-v316-plus=\"true\">\n\t\t\t\t\t<div class=\"e-con-inner\">\n\t\t\t\t\t<\/div>\n\t\t\t\t<\/div>\n\t\t<div class=\"elementor-element elementor-element-2c8926c e-flex e-con-boxed e-con e-parent\" data-id=\"2c8926c\" data-element_type=\"container\" data-settings=\"{&quot;content_width&quot;:&quot;boxed&quot;}\" data-core-v316-plus=\"true\">\n\t\t\t\t\t<div class=\"e-con-inner\">\n\t\t\t\t<div class=\"elementor-element elementor-element-3e3deca elementor-widget elementor-widget-heading\" data-id=\"3e3deca\" data-element_type=\"widget\" data-widget_type=\"heading.default\">\n\t\t\t\t<div class=\"elementor-widget-container\">\n\t\t\t<h2 class=\"elementor-heading-title elementor-size-large\">Sinais de alerta - Quando sua pele pede aten\u00e7\u00e3o<\/h2>\t\t<\/div>\n\t\t\t\t<\/div>\n\t\t\t\t<div class=\"elementor-element elementor-element-635148e elementor-widget elementor-widget-video\" data-id=\"635148e\" data-element_type=\"widget\" data-settings=\"{&quot;youtube_url&quot;:&quot;https:\\\/\\\/www.youtube.com\\\/watch?v=AdaLHq-ZOB0&quot;,&quot;video_type&quot;:&quot;youtube&quot;,&quot;controls&quot;:&quot;yes&quot;}\" data-widget_type=\"video.default\">\n\t\t\t\t<div class=\"elementor-widget-container\">\n\t\t\t\t\t<div class=\"elementor-wrapper elementor-open-inline\">\n\t\t\t<div class=\"elementor-video\"><\/div>\t\t<\/div>\n\t\t\t\t<\/div>\n\t\t\t\t<\/div>\n\t\t\t\t<div class=\"elementor-element elementor-element-eeb9d16 elementor-widget elementor-widget-text-editor\" data-id=\"eeb9d16\" data-element_type=\"widget\" data-widget_type=\"text-editor.default\">\n\t\t\t\t<div class=\"elementor-widget-container\">\n\t\t\t\t\t\t\t<p data-prosemirror-content-type=\"node\" data-prosemirror-node-name=\"paragraph\" data-prosemirror-node-block=\"true\" data-pm-slice=\"1 1 []\">Reconhecer os primeiros sintomas pode salvar vidas. Ao observar qualquer altera\u00e7\u00e3o suspeita, procure um dermatologista.<\/p>\t\t\t\t\t\t<\/div>\n\t\t\t\t<\/div>\n\t\t\t\t\t<\/div>\n\t\t\t\t<\/div>\n\t\t<div class=\"elementor-element elementor-element-a4d3945 e-flex e-con-boxed e-con e-parent\" data-id=\"a4d3945\" data-element_type=\"container\" data-settings=\"{&quot;content_width&quot;:&quot;boxed&quot;}\" data-core-v316-plus=\"true\">\n\t\t\t\t\t<div class=\"e-con-inner\">\n\t\t\t\t<div class=\"elementor-element elementor-element-2003af4 elementor-widget elementor-widget-heading\" data-id=\"2003af4\" data-element_type=\"widget\" data-widget_type=\"heading.default\">\n\t\t\t\t<div class=\"elementor-widget-container\">\n\t\t\t<h3 class=\"elementor-heading-title elementor-size-medium\">Les\u00e3o elevada e brilhante<\/h3>\t\t<\/div>\n\t\t\t\t<\/div>\n\t\t\t\t<div class=\"elementor-element elementor-element-dce7448 elementor-widget elementor-widget-text-editor\" data-id=\"dce7448\" data-element_type=\"widget\" data-widget_type=\"text-editor.default\">\n\t\t\t\t<div class=\"elementor-widget-container\">\n\t\t\t\t\t\t\t<p data-prosemirror-content-type=\"node\" data-prosemirror-node-name=\"paragraph\" data-prosemirror-node-block=\"true\" data-pm-slice=\"1 1 []\">Les\u00f5es avermelhadas, acastanhadas, r\u00f3seas ou multicoloridas que sangram com facilidade merecem aten\u00e7\u00e3o imediata.<\/p>\t\t\t\t\t\t<\/div>\n\t\t\t\t<\/div>\n\t\t\t\t\t<\/div>\n\t\t\t\t<\/div>\n\t\t<div class=\"elementor-element elementor-element-f2001ae e-flex e-con-boxed e-con e-parent\" data-id=\"f2001ae\" data-element_type=\"container\" data-settings=\"{&quot;content_width&quot;:&quot;boxed&quot;}\" data-core-v316-plus=\"true\">\n\t\t\t\t\t<div class=\"e-con-inner\">\n\t\t\t\t<div class=\"elementor-element elementor-element-6774b59 elementor-widget elementor-widget-heading\" data-id=\"6774b59\" data-element_type=\"widget\" data-widget_type=\"heading.default\">\n\t\t\t\t<div class=\"elementor-widget-container\">\n\t\t\t<h3 class=\"elementor-heading-title elementor-size-medium\">Pinta que muda de cor ou formato<\/h3>\t\t<\/div>\n\t\t\t\t<\/div>\n\t\t\t\t<div class=\"elementor-element elementor-element-9558200 elementor-widget elementor-widget-text-editor\" data-id=\"9558200\" data-element_type=\"widget\" data-widget_type=\"text-editor.default\">\n\t\t\t\t<div class=\"elementor-widget-container\">\n\t\t\t\t\t\t\t<p data-prosemirror-content-type=\"node\" data-prosemirror-node-name=\"paragraph\" data-prosemirror-node-block=\"true\" data-pm-slice=\"1 1 []\">Altera\u00e7\u00f5es de tonalidade, crescimento e bordas irregulares s\u00e3o sinais que n\u00e3o devem ser ignorados.<\/p>\t\t\t\t\t\t<\/div>\n\t\t\t\t<\/div>\n\t\t\t\t\t<\/div>\n\t\t\t\t<\/div>\n\t\t<div class=\"elementor-element elementor-element-e0cf52b e-flex e-con-boxed e-con e-parent\" data-id=\"e0cf52b\" data-element_type=\"container\" data-settings=\"{&quot;content_width&quot;:&quot;boxed&quot;}\" data-core-v316-plus=\"true\">\n\t\t\t\t\t<div class=\"e-con-inner\">\n\t\t\t\t<div class=\"elementor-element elementor-element-62d8164 elementor-widget elementor-widget-heading\" data-id=\"62d8164\" data-element_type=\"widget\" data-widget_type=\"heading.default\">\n\t\t\t\t<div class=\"elementor-widget-container\">\n\t\t\t<h3 class=\"elementor-heading-title elementor-size-medium\">Ferida que n\u00e3o cicatriza<\/h3>\t\t<\/div>\n\t\t\t\t<\/div>\n\t\t\t\t<div class=\"elementor-element elementor-element-7d182df elementor-widget elementor-widget-text-editor\" data-id=\"7d182df\" data-element_type=\"widget\" data-widget_type=\"text-editor.default\">\n\t\t\t\t<div class=\"elementor-widget-container\">\n\t\t\t\t\t\t\t<p data-prosemirror-content-type=\"node\" data-prosemirror-node-name=\"paragraph\" data-prosemirror-node-block=\"true\" data-pm-slice=\"1 1 []\">Manchas ou feridas que persistem por semanas, com ou sem coceira ou sangramento, precisam ser avaliadas por um especialista.<\/p><p data-prosemirror-content-type=\"node\" data-prosemirror-node-name=\"paragraph\" data-prosemirror-node-block=\"true\">A detec\u00e7\u00e3o precoce aumenta consideravelmente a efic\u00e1cia do tratamento. Fique atento e busque ajuda assim que notar mudan\u00e7as na pele.<\/p>\t\t\t\t\t\t<\/div>\n\t\t\t\t<\/div>\n\t\t\t\t\t<\/div>\n\t\t\t\t<\/div>\n\t\t<div class=\"elementor-element elementor-element-f9ca421 e-flex e-con-boxed e-con e-parent\" data-id=\"f9ca421\" data-element_type=\"container\" data-settings=\"{&quot;content_width&quot;:&quot;boxed&quot;}\" data-core-v316-plus=\"true\">\n\t\t\t\t\t<div class=\"e-con-inner\">\n\t\t\t\t<div class=\"elementor-element elementor-element-ac64ba4 elementor-widget elementor-widget-heading\" data-id=\"ac64ba4\" data-element_type=\"widget\" data-widget_type=\"heading.default\">\n\t\t\t\t<div class=\"elementor-widget-container\">\n\t\t\t<h2 class=\"elementor-heading-title elementor-size-large\">Fatores de risco para o c\u00e2ncer de pele<\/h2>\t\t<\/div>\n\t\t\t\t<\/div>\n\t\t\t\t<div class=\"elementor-element elementor-element-776b864 elementor-widget elementor-widget-text-editor\" data-id=\"776b864\" data-element_type=\"widget\" data-widget_type=\"text-editor.default\">\n\t\t\t\t<div class=\"elementor-widget-container\">\n\t\t\t\t\t\t\t<p data-prosemirror-content-type=\"node\" data-prosemirror-node-name=\"paragraph\" data-prosemirror-node-block=\"true\" data-pm-slice=\"1 1 []\">Alguns fatores elevam a probabilidade de desenvolver a doen\u00e7a.<\/p>\t\t\t\t\t\t<\/div>\n\t\t\t\t<\/div>\n\t\t\t\t\t<\/div>\n\t\t\t\t<\/div>\n\t\t<div class=\"elementor-element elementor-element-a3f1601 e-flex e-con-boxed e-con e-parent\" data-id=\"a3f1601\" data-element_type=\"container\" data-settings=\"{&quot;content_width&quot;:&quot;boxed&quot;}\" data-core-v316-plus=\"true\">\n\t\t\t\t\t<div class=\"e-con-inner\">\n\t\t\t\t<div class=\"elementor-element elementor-element-9ba727c elementor-widget elementor-widget-heading\" data-id=\"9ba727c\" data-element_type=\"widget\" data-widget_type=\"heading.default\">\n\t\t\t\t<div class=\"elementor-widget-container\">\n\t\t\t<h3 class=\"elementor-heading-title elementor-size-medium\">Hist\u00f3rico familiar<\/h3>\t\t<\/div>\n\t\t\t\t<\/div>\n\t\t\t\t<div class=\"elementor-element elementor-element-c87601e elementor-widget elementor-widget-text-editor\" data-id=\"c87601e\" data-element_type=\"widget\" data-widget_type=\"text-editor.default\">\n\t\t\t\t<div class=\"elementor-widget-container\">\n\t\t\t\t\t\t\t<p data-prosemirror-content-type=\"node\" data-prosemirror-node-name=\"paragraph\" data-prosemirror-node-block=\"true\" data-pm-slice=\"1 1 []\">A predisposi\u00e7\u00e3o gen\u00e9tica pode aumentar o risco.<\/p>\t\t\t\t\t\t<\/div>\n\t\t\t\t<\/div>\n\t\t\t\t\t<\/div>\n\t\t\t\t<\/div>\n\t\t<div class=\"elementor-element elementor-element-de6679e e-flex e-con-boxed e-con e-parent\" data-id=\"de6679e\" data-element_type=\"container\" data-settings=\"{&quot;content_width&quot;:&quot;boxed&quot;}\" data-core-v316-plus=\"true\">\n\t\t\t\t\t<div class=\"e-con-inner\">\n\t\t\t\t<div class=\"elementor-element elementor-element-aeef1b2 elementor-widget elementor-widget-heading\" data-id=\"aeef1b2\" data-element_type=\"widget\" data-widget_type=\"heading.default\">\n\t\t\t\t<div class=\"elementor-widget-container\">\n\t\t\t<h3 class=\"elementor-heading-title elementor-size-medium\">Exposi\u00e7\u00e3o solar intensa<\/h3>\t\t<\/div>\n\t\t\t\t<\/div>\n\t\t\t\t<div class=\"elementor-element elementor-element-37a8808 elementor-widget elementor-widget-text-editor\" data-id=\"37a8808\" data-element_type=\"widget\" data-widget_type=\"text-editor.default\">\n\t\t\t\t<div class=\"elementor-widget-container\">\n\t\t\t\t\t\t\t<p data-prosemirror-content-type=\"node\" data-prosemirror-node-name=\"paragraph\" data-prosemirror-node-block=\"true\" data-pm-slice=\"1 1 []\">Queimaduras ao longo da vida s\u00e3o um dos principais indicadores.<\/p>\t\t\t\t\t\t<\/div>\n\t\t\t\t<\/div>\n\t\t\t\t\t<\/div>\n\t\t\t\t<\/div>\n\t\t<div class=\"elementor-element elementor-element-8a7bd18 e-flex e-con-boxed e-con e-parent\" data-id=\"8a7bd18\" data-element_type=\"container\" data-settings=\"{&quot;content_width&quot;:&quot;boxed&quot;}\" data-core-v316-plus=\"true\">\n\t\t\t\t\t<div class=\"e-con-inner\">\n\t\t\t\t<div class=\"elementor-element elementor-element-e79c0a2 elementor-widget elementor-widget-heading\" data-id=\"e79c0a2\" data-element_type=\"widget\" data-widget_type=\"heading.default\">\n\t\t\t\t<div class=\"elementor-widget-container\">\n\t\t\t<h3 class=\"elementor-heading-title elementor-size-medium\">M\u00faltiplas pintas ou sardas<\/h3>\t\t<\/div>\n\t\t\t\t<\/div>\n\t\t\t\t<div class=\"elementor-element elementor-element-0f16e2c elementor-widget elementor-widget-text-editor\" data-id=\"0f16e2c\" data-element_type=\"widget\" data-widget_type=\"text-editor.default\">\n\t\t\t\t<div class=\"elementor-widget-container\">\n\t\t\t\t\t\t\t<p data-prosemirror-content-type=\"node\" data-prosemirror-node-name=\"paragraph\" data-prosemirror-node-block=\"true\" data-pm-slice=\"1 1 []\">Algumas podem sofrer altera\u00e7\u00f5es com o tempo.<\/p>\t\t\t\t\t\t<\/div>\n\t\t\t\t<\/div>\n\t\t\t\t\t<\/div>\n\t\t\t\t<\/div>\n\t\t<div class=\"elementor-element elementor-element-26f6b38 e-flex e-con-boxed e-con e-parent\" data-id=\"26f6b38\" data-element_type=\"container\" data-settings=\"{&quot;content_width&quot;:&quot;boxed&quot;}\" data-core-v316-plus=\"true\">\n\t\t\t\t\t<div class=\"e-con-inner\">\n\t\t\t\t<div class=\"elementor-element elementor-element-01aa859 elementor-widget elementor-widget-heading\" data-id=\"01aa859\" data-element_type=\"widget\" data-widget_type=\"heading.default\">\n\t\t\t\t<div class=\"elementor-widget-container\">\n\t\t\t<h3 class=\"elementor-heading-title elementor-size-medium\">Pele clara<\/h3>\t\t<\/div>\n\t\t\t\t<\/div>\n\t\t\t\t<div class=\"elementor-element elementor-element-0e0cea5 elementor-widget elementor-widget-text-editor\" data-id=\"0e0cea5\" data-element_type=\"widget\" data-widget_type=\"text-editor.default\">\n\t\t\t\t<div class=\"elementor-widget-container\">\n\t\t\t\t\t\t\t<p data-prosemirror-content-type=\"node\" data-prosemirror-node-name=\"paragraph\" data-prosemirror-node-block=\"true\" data-pm-slice=\"1 1 []\">Pessoas que se queimam facilmente t\u00eam maior sensibilidade aos raios UV.<\/p>\t\t\t\t\t\t<\/div>\n\t\t\t\t<\/div>\n\t\t\t\t\t<\/div>\n\t\t\t\t<\/div>\n\t\t<div class=\"elementor-element elementor-element-8f71d81 e-flex e-con-boxed e-con e-parent\" data-id=\"8f71d81\" data-element_type=\"container\" data-settings=\"{&quot;content_width&quot;:&quot;boxed&quot;}\" data-core-v316-plus=\"true\">\n\t\t\t\t\t<div class=\"e-con-inner\">\n\t\t\t\t<div class=\"elementor-element elementor-element-24b9856 elementor-widget elementor-widget-heading\" data-id=\"24b9856\" data-element_type=\"widget\" data-widget_type=\"heading.default\">\n\t\t\t\t<div class=\"elementor-widget-container\">\n\t\t\t<h3 class=\"elementor-heading-title elementor-size-medium\">Idade avan\u00e7ada<\/h3>\t\t<\/div>\n\t\t\t\t<\/div>\n\t\t\t\t<div class=\"elementor-element elementor-element-a49ff61 elementor-widget elementor-widget-text-editor\" data-id=\"a49ff61\" data-element_type=\"widget\" data-widget_type=\"text-editor.default\">\n\t\t\t\t<div class=\"elementor-widget-container\">\n\t\t\t\t\t\t\t<p data-prosemirror-content-type=\"node\" data-prosemirror-node-name=\"paragraph\" data-prosemirror-node-block=\"true\" data-pm-slice=\"1 1 []\">A exposi\u00e7\u00e3o acumulada intensifica o risco ap\u00f3s os 60 anos.<\/p>\t\t\t\t\t\t<\/div>\n\t\t\t\t<\/div>\n\t\t\t\t\t<\/div>\n\t\t\t\t<\/div>\n\t\t<div class=\"elementor-element elementor-element-3b6e1af e-flex e-con-boxed e-con e-parent\" data-id=\"3b6e1af\" data-element_type=\"container\" data-settings=\"{&quot;content_width&quot;:&quot;boxed&quot;}\" data-core-v316-plus=\"true\">\n\t\t\t\t\t<div class=\"e-con-inner\">\n\t\t\t\t<div class=\"elementor-element elementor-element-046efbb elementor-widget elementor-widget-heading\" data-id=\"046efbb\" data-element_type=\"widget\" data-widget_type=\"heading.default\">\n\t\t\t\t<div class=\"elementor-widget-container\">\n\t\t\t<h3 class=\"elementor-heading-title elementor-size-medium\">Hist\u00f3rico de c\u00e2ncer de pele<\/h3>\t\t<\/div>\n\t\t\t\t<\/div>\n\t\t\t\t<div class=\"elementor-element elementor-element-c12393f elementor-widget elementor-widget-text-editor\" data-id=\"c12393f\" data-element_type=\"widget\" data-widget_type=\"text-editor.default\">\n\t\t\t\t<div class=\"elementor-widget-container\">\n\t\t\t\t\t\t\t<p data-prosemirror-content-type=\"node\" data-prosemirror-node-name=\"paragraph\" data-prosemirror-node-block=\"true\" data-pm-slice=\"1 1 []\">Quem j\u00e1 enfrentou a doen\u00e7a deve manter vigil\u00e2ncia constante.<\/p><p data-prosemirror-content-type=\"node\" data-prosemirror-node-name=\"paragraph\" data-prosemirror-node-block=\"true\">A preven\u00e7\u00e3o e os exames regulares s\u00e3o o melhor caminho para manter a pele saud\u00e1vel.<\/p>\t\t\t\t\t\t<\/div>\n\t\t\t\t<\/div>\n\t\t\t\t\t<\/div>\n\t\t\t\t<\/div>\n\t\t<div class=\"elementor-element elementor-element-3921998 e-flex e-con-boxed e-con e-parent\" data-id=\"3921998\" data-element_type=\"container\" data-settings=\"{&quot;content_width&quot;:&quot;boxed&quot;}\" data-core-v316-plus=\"true\">\n\t\t\t\t\t<div class=\"e-con-inner\">\n\t\t\t\t<div class=\"elementor-element elementor-element-9bbc61d elementor-widget elementor-widget-heading\" data-id=\"9bbc61d\" data-element_type=\"widget\" data-widget_type=\"heading.default\">\n\t\t\t\t<div class=\"elementor-widget-container\">\n\t\t\t<h2 class=\"elementor-heading-title elementor-size-large\">Cada pessoa \u00e9 \u00fanica - Por isso a preven\u00e7\u00e3o tamb\u00e9m deve ser<\/h2>\t\t<\/div>\n\t\t\t\t<\/div>\n\t\t\t\t<div class=\"elementor-element elementor-element-0c0e79e elementor-widget elementor-widget-text-editor\" data-id=\"0c0e79e\" data-element_type=\"widget\" data-widget_type=\"text-editor.default\">\n\t\t\t\t<div class=\"elementor-widget-container\">\n\t\t\t\t\t\t\t<p data-prosemirror-content-type=\"node\" data-prosemirror-node-name=\"paragraph\" data-prosemirror-node-block=\"true\" data-pm-slice=\"1 1 []\">O Brasil \u00e9 diverso. Cores de pele diferentes, rotinas variadas, profiss\u00f5es distintas e diferentes graus de exposi\u00e7\u00e3o ao sol exigem cuidados personalizados. O Dezembro Laranja refor\u00e7a que <strong data-prosemirror-content-type=\"mark\" data-prosemirror-mark-name=\"strong\">n\u00e3o existe preven\u00e7\u00e3o igual para todos<\/strong>, mas existe uma atitude que funciona para cada um. cuidar diariamente da pr\u00f3pria pele.<\/p><p data-prosemirror-content-type=\"node\" data-prosemirror-node-name=\"paragraph\" data-prosemirror-node-block=\"true\">Consultar um especialista, criar uma rotina de prote\u00e7\u00e3o e conhecer seu pr\u00f3prio corpo s\u00e3o passos fundamentais rumo \u00e0 sa\u00fade dermatol\u00f3gica.<\/p>\t\t\t\t\t\t<\/div>\n\t\t\t\t<\/div>\n\t\t\t\t\t<\/div>\n\t\t\t\t<\/div>\n\t\t<div class=\"elementor-element elementor-element-8583256 e-flex e-con-boxed e-con e-parent\" data-id=\"8583256\" data-element_type=\"container\" data-settings=\"{&quot;content_width&quot;:&quot;boxed&quot;}\" data-core-v316-plus=\"true\">\n\t\t\t\t\t<div class=\"e-con-inner\">\n\t\t\t\t<div class=\"elementor-element elementor-element-666de6e elementor-widget elementor-widget-heading\" data-id=\"666de6e\" data-element_type=\"widget\" data-widget_type=\"heading.default\">\n\t\t\t\t<div class=\"elementor-widget-container\">\n\t\t\t<h2 class=\"elementor-heading-title elementor-size-large\">Fa\u00e7a parte dessa causa - A Blumar apoia e incentiva voc\u00ea a cuidar da sua pele\n\n<\/h2>\t\t<\/div>\n\t\t\t\t<\/div>\n\t\t\t\t<div class=\"elementor-element elementor-element-4bed615 elementor-widget elementor-widget-image\" data-id=\"4bed615\" data-element_type=\"widget\" data-widget_type=\"image.default\">\n\t\t\t\t<div class=\"elementor-widget-container\">\n\t\t\t\t\t\t\t\t\t\t\t\t\t\t\t<img loading=\"lazy\" decoding=\"async\" width=\"870\" height=\"250\" src=\"https:\/\/www.blumarturismo.com.br\/blog\/wp-content\/uploads\/2025\/12\/banner_web_dez_lar-01_final-01.jpg\" class=\"attachment-large size-large wp-image-72821\" alt=\"Foto: Divulga\u00e7\u00e3o \/ Blumar Turismo\" srcset=\"https:\/\/www.blumarturismo.com.br\/blog\/wp-content\/uploads\/2025\/12\/banner_web_dez_lar-01_final-01.jpg 870w, https:\/\/www.blumarturismo.com.br\/blog\/wp-content\/uploads\/2025\/12\/banner_web_dez_lar-01_final-01-300x86.jpg 300w, https:\/\/www.blumarturismo.com.br\/blog\/wp-content\/uploads\/2025\/12\/banner_web_dez_lar-01_final-01-768x221.jpg 768w\" sizes=\"auto, (max-width: 870px) 100vw, 870px\" \/>\t\t\t\t\t\t\t\t\t\t\t\t\t\t\t<\/div>\n\t\t\t\t<\/div>\n\t\t\t\t<div class=\"elementor-element elementor-element-ee7f8b9 elementor-widget elementor-widget-text-editor\" data-id=\"ee7f8b9\" data-element_type=\"widget\" data-widget_type=\"text-editor.default\">\n\t\t\t\t<div class=\"elementor-widget-container\">\n\t\t\t\t\t\t\t<p data-prosemirror-content-type=\"node\" data-prosemirror-node-name=\"paragraph\" data-prosemirror-node-block=\"true\" data-pm-slice=\"1 1 []\">Viajar, explorar novos destinos e viver experi\u00eancias inesquec\u00edveis s\u00e3o oportunidades incr\u00edveis, por\u00e9m exigem aten\u00e7\u00e3o redobrada com a exposi\u00e7\u00e3o solar. A Blumar Turismo acredita que turismo respons\u00e1vel tamb\u00e9m envolve <strong data-prosemirror-content-type=\"mark\" data-prosemirror-mark-name=\"strong\">cuidar da sa\u00fade<\/strong>, e isso come\u00e7a pela prote\u00e7\u00e3o da pele.<\/p><p data-prosemirror-content-type=\"node\" data-prosemirror-node-name=\"paragraph\" data-prosemirror-node-block=\"true\">Convidamos voc\u00ea a participar da campanha Dezembro Laranja 2025. Compartilhe informa\u00e7\u00f5es, incentive quem voc\u00ea ama e adote h\u00e1bitos que fazem a diferen\u00e7a.<\/p><p data-prosemirror-content-type=\"node\" data-prosemirror-node-name=\"paragraph\" data-prosemirror-node-block=\"true\">Cuidar da pele \u00e9 um gesto simples. proteger a vida.<\/p>\t\t\t\t\t\t<\/div>\n\t\t\t\t<\/div>\n\t\t\t\t\t<\/div>\n\t\t\t\t<\/div>\n\t\t<div class=\"elementor-element elementor-element-57c2067 e-flex e-con-boxed e-con e-child\" data-id=\"57c2067\" data-element_type=\"container\" data-settings=\"{&quot;content_width&quot;:&quot;boxed&quot;}\">\n\t\t\t\t\t<div class=\"e-con-inner\">\n\t\t\t\t<div class=\"elementor-element elementor-element-5cd0060 elementor-widget elementor-widget-heading\" data-id=\"5cd0060\" data-element_type=\"widget\" data-widget_type=\"heading.default\">\n\t\t\t\t<div class=\"elementor-widget-container\">\n\t\t\t<h2 class=\"elementor-heading-title elementor-size-large\">Depoimentos de Quem Viveu a Experi\u00eancia<\/h2>\t\t<\/div>\n\t\t\t\t<\/div>\n\t\t\t\t<div class=\"elementor-element elementor-element-5fa4b4a elementor-widget elementor-widget-text-editor\" data-id=\"5fa4b4a\" data-element_type=\"widget\" data-widget_type=\"text-editor.default\">\n\t\t\t\t<div class=\"elementor-widget-container\">\n\t\t\t\t\t\t\t<p style=\"text-align: center;\"><strong><a href=\"https:\/\/www.blumar.com.br\/index.php\">Blumar Turismo<\/a>: Certificada pelo Reclame Aqui<\/strong><\/p>\t\t\t\t\t\t<\/div>\n\t\t\t\t<\/div>\n\t\t\t\t<div class=\"elementor-element elementor-element-dc3a61b elementor-widget elementor-widget-html\" data-id=\"dc3a61b\" data-element_type=\"widget\" data-widget_type=\"html.default\">\n\t\t\t\t<div class=\"elementor-widget-container\">\n\t\t\t<center><div id=\"ra-verified-seal\"><script type=\"text\/javascript\" id=\"ra-embed-verified-seal\" src=\"https:\/\/s3.amazonaws.com\/raichu-beta\/ra-verified\/bundle.js\" data-id=\"MzI4Nzc6Ymx1bWFy\" data-target=\"ra-verified-seal\" data-model=\"2\"><\/script><\/div><\/center>\t\t<\/div>\n\t\t\t\t<\/div>\n\t\t\t\t<div class=\"elementor-element elementor-element-e1fac0c elementor-widget elementor-widget-text-editor\" data-id=\"e1fac0c\" data-element_type=\"widget\" data-widget_type=\"text-editor.default\">\n\t\t\t\t<div class=\"elementor-widget-container\">\n\t\t\t\t\t\t\t<p><span style=\"color: var( --e-global-color-text ); text-align: var(--text-align);\">Na <a href=\"https:\/\/www.blumar.com.br\/index.php\"><strong>Blumar Turismo<\/strong><\/a>, nos orgulhamos de oferecer um servi\u00e7o de excel\u00eancia. Somos certificados pelo Reclame Aqui e n\u00e3o recebemos nenhuma reclama\u00e7\u00e3o nos \u00faltimos 12 meses.<\/span><\/p><p>Nosso compromisso \u00e9 com a total satisfa\u00e7\u00e3o do cliente. Garantimos experi\u00eancias de viagem \u00fanicas e memor\u00e1veis, cuidando de cada detalhe, desde a escolha dos melhores destinos e hot\u00e9is at\u00e9 a personaliza\u00e7\u00e3o de roteiros. Nossa equipe est\u00e1 dedicada a atender todas as suas necessidades com m\u00e1xima aten\u00e7\u00e3o e profissionalismo.<\/p>\t\t\t\t\t\t<\/div>\n\t\t\t\t<\/div>\n\t\t\t\t<div class=\"elementor-element elementor-element-e44689b elementor-widget elementor-widget-html\" data-id=\"e44689b\" data-element_type=\"widget\" data-widget_type=\"html.default\">\n\t\t\t\t<div class=\"elementor-widget-container\">\n\t\t\t<script defer async src='https:\/\/cdn.trustindex.io\/loader.js?dc6229528d81446bbc4644b5063'><\/script>\t\t<\/div>\n\t\t\t\t<\/div>\n\t\t\t\t\t<\/div>\n\t\t\t\t<\/div>\n\t\t<div class=\"elementor-element elementor-element-55e35ca e-flex e-con-boxed e-con e-parent\" data-id=\"55e35ca\" data-element_type=\"container\" data-settings=\"{&quot;content_width&quot;:&quot;boxed&quot;}\" data-core-v316-plus=\"true\">\n\t\t\t\t\t<div class=\"e-con-inner\">\n\t\t\t\t<div class=\"elementor-element elementor-element-3edd61d elementor-widget elementor-widget-heading\" data-id=\"3edd61d\" data-element_type=\"widget\" data-widget_type=\"heading.default\">\n\t\t\t\t<div class=\"elementor-widget-container\">\n\t\t\t<h2 class=\"elementor-heading-title elementor-size-medium\">Posts que voc\u00ea pode se interessar:<\/h2>\t\t<\/div>\n\t\t\t\t<\/div>\n\t\t\t\t<div class=\"elementor-element elementor-element-bccad80 elementor-widget elementor-widget-text-editor\" data-id=\"bccad80\" data-element_type=\"widget\" data-widget_type=\"text-editor.default\">\n\t\t\t\t<div class=\"elementor-widget-container\">\n\t\t\t\t\t\t\t<ul><li><a href=\"https:\/\/www.blumarturismo.com.br\/blog\/descubra-os-melhores-destinos-de-ecoturismo-no-brasil-com-a-blumar-turismo\/\">Descubra os Melhores Destinos de Ecoturismo no Brasil com a Blumar Turismo<\/a><\/li><li><a href=\"https:\/\/www.blumarturismo.com.br\/blog\/blumar-marca-presenca-no-brasil-dna-roadshow-2025\/\">Blumar marca presen\u00e7a no Brasil DNA Roadshow 2025<\/a><\/li><li><a href=\"https:\/\/www.blumarturismo.com.br\/blog\/blumar-dmc-na-ibtm-world-2025-por-que-a-presenca-brasileira-no-maior-evento-mice-do-mundo-importa\/\">Blumar DMC na IBTM World 2025. Por que a presen\u00e7a brasileira no maior evento MICE do mundo importa<\/a><\/li><li><a href=\"https:\/\/www.blumarturismo.com.br\/blog\/blumar-na-wtm-london-2025-brasil-em-destaque-no-principal-evento-de-turismo-do-mundo\/\">Blumar na WTM London 2025: Brasil em destaque no principal evento de turismo do mundo<\/a><\/li><li><a href=\"https:\/\/www.blumarturismo.com.br\/blog\/destination-management-company-no-brasil-por-que-a-blumar-dmc-e-a-escolha-de-referencia\/\">Destination Management Company no Brasil: Por que a Blumar DMC \u00e9 a Escolha de Refer\u00eancia<\/a><\/li><\/ul>\t\t\t\t\t\t<\/div>\n\t\t\t\t<\/div>\n\t\t\t\t\t<\/div>\n\t\t\t\t<\/div>\n\t\t<div class=\"elementor-element elementor-element-91c185c e-flex e-con-boxed e-con e-parent\" data-id=\"91c185c\" data-element_type=\"container\" data-settings=\"{&quot;content_width&quot;:&quot;boxed&quot;}\" data-core-v316-plus=\"true\">\n\t\t\t\t\t<div class=\"e-con-inner\">\n\t\t\t\t<div class=\"elementor-element elementor-element-a9ed56c elementor-widget elementor-widget-heading\" data-id=\"a9ed56c\" data-element_type=\"widget\" data-widget_type=\"heading.default\">\n\t\t\t\t<div class=\"elementor-widget-container\">\n\t\t\t<h2 class=\"elementor-heading-title elementor-size-large\">FAQ \u2013 Dezembro Laranja 2025: Preven\u00e7\u00e3o ao C\u00e2ncer de Pele com a Blumar Turismo<\/h2>\t\t<\/div>\n\t\t\t\t<\/div>\n\t\t\t\t<div class=\"elementor-element elementor-element-c9c4abe elementor-widget elementor-widget-image\" data-id=\"c9c4abe\" data-element_type=\"widget\" data-widget_type=\"image.default\">\n\t\t\t\t<div class=\"elementor-widget-container\">\n\t\t\t\t\t\t\t\t\t\t\t\t<figure class=\"wp-caption\">\n\t\t\t\t\t\t\t\t\t\t<img loading=\"lazy\" decoding=\"async\" width=\"768\" height=\"1365\" src=\"https:\/\/www.blumarturismo.com.br\/blog\/wp-content\/uploads\/2025\/12\/stories-768x1365.jpg\" class=\"attachment-medium_large size-medium_large wp-image-72817\" alt=\"Foto: Ground Picture \/ Shutterstock.com\" srcset=\"https:\/\/www.blumarturismo.com.br\/blog\/wp-content\/uploads\/2025\/12\/stories-768x1365.jpg 768w, https:\/\/www.blumarturismo.com.br\/blog\/wp-content\/uploads\/2025\/12\/stories-169x300.jpg 169w, https:\/\/www.blumarturismo.com.br\/blog\/wp-content\/uploads\/2025\/12\/stories-576x1024.jpg 576w, https:\/\/www.blumarturismo.com.br\/blog\/wp-content\/uploads\/2025\/12\/stories-864x1536.jpg 864w, https:\/\/www.blumarturismo.com.br\/blog\/wp-content\/uploads\/2025\/12\/stories.jpg 1080w\" sizes=\"auto, (max-width: 768px) 100vw, 768px\" \/>\t\t\t\t\t\t\t\t\t\t\t<figcaption class=\"widget-image-caption wp-caption-text\">Foto: Ground Picture \/ Shutterstock.com<\/figcaption>\n\t\t\t\t\t\t\t\t\t\t<\/figure>\n\t\t\t\t\t\t\t\t\t<\/div>\n\t\t\t\t<\/div>\n\t\t\t\t<div class=\"elementor-element elementor-element-d3c07bd elementor-widget elementor-widget-toggle\" data-id=\"d3c07bd\" data-element_type=\"widget\" data-widget_type=\"toggle.default\">\n\t\t\t\t<div class=\"elementor-widget-container\">\n\t\t\t<style>\/*! elementor - v3.16.0 - 13-09-2023 *\/\n.elementor-toggle{text-align:left}.elementor-toggle .elementor-tab-title{font-weight:700;line-height:1;margin:0;padding:15px;border-bottom:1px solid #d5d8dc;cursor:pointer;outline:none}.elementor-toggle .elementor-tab-title .elementor-toggle-icon{display:inline-block;width:1em}.elementor-toggle .elementor-tab-title .elementor-toggle-icon svg{margin-inline-start:-5px;width:1em;height:1em}.elementor-toggle .elementor-tab-title .elementor-toggle-icon.elementor-toggle-icon-right{float:right;text-align:right}.elementor-toggle .elementor-tab-title .elementor-toggle-icon.elementor-toggle-icon-left{float:left;text-align:left}.elementor-toggle .elementor-tab-title .elementor-toggle-icon .elementor-toggle-icon-closed{display:block}.elementor-toggle .elementor-tab-title .elementor-toggle-icon .elementor-toggle-icon-opened{display:none}.elementor-toggle .elementor-tab-title.elementor-active{border-bottom:none}.elementor-toggle .elementor-tab-title.elementor-active .elementor-toggle-icon-closed{display:none}.elementor-toggle .elementor-tab-title.elementor-active .elementor-toggle-icon-opened{display:block}.elementor-toggle .elementor-tab-content{padding:15px;border-bottom:1px solid #d5d8dc;display:none}@media (max-width:767px){.elementor-toggle .elementor-tab-title{padding:12px}.elementor-toggle .elementor-tab-content{padding:12px 10px}}.e-con-inner>.elementor-widget-toggle,.e-con>.elementor-widget-toggle{width:var(--container-widget-width);--flex-grow:var(--container-widget-flex-grow)}<\/style>\t\t<div class=\"elementor-toggle\">\n\t\t\t\t\t\t\t<div class=\"elementor-toggle-item\">\n\t\t\t\t\t<div id=\"elementor-tab-title-2221\" class=\"elementor-tab-title\" data-tab=\"1\" role=\"button\" aria-controls=\"elementor-tab-content-2221\" aria-expanded=\"false\">\n\t\t\t\t\t\t\t\t\t\t\t\t<span class=\"elementor-toggle-icon elementor-toggle-icon-left\" aria-hidden=\"true\">\n\t\t\t\t\t\t\t\t\t\t\t\t\t\t\t<span class=\"elementor-toggle-icon-closed\"><svg class=\"e-font-icon-svg e-fas-caret-right\" viewBox=\"0 0 192 512\" xmlns=\"http:\/\/www.w3.org\/2000\/svg\"><path d=\"M0 384.662V127.338c0-17.818 21.543-26.741 34.142-14.142l128.662 128.662c7.81 7.81 7.81 20.474 0 28.284L34.142 398.804C21.543 411.404 0 402.48 0 384.662z\"><\/path><\/svg><\/span>\n\t\t\t\t\t\t\t\t<span class=\"elementor-toggle-icon-opened\"><svg class=\"elementor-toggle-icon-opened e-font-icon-svg e-fas-caret-up\" viewBox=\"0 0 320 512\" xmlns=\"http:\/\/www.w3.org\/2000\/svg\"><path d=\"M288.662 352H31.338c-17.818 0-26.741-21.543-14.142-34.142l128.662-128.662c7.81-7.81 20.474-7.81 28.284 0l128.662 128.662c12.6 12.599 3.676 34.142-14.142 34.142z\"><\/path><\/svg><\/span>\n\t\t\t\t\t\t\t\t\t\t\t\t\t<\/span>\n\t\t\t\t\t\t\t\t\t\t\t\t<a class=\"elementor-toggle-title\" tabindex=\"0\">O que \u00e9 o Dezembro Laranja?<\/a>\n\t\t\t\t\t<\/div>\n\n\t\t\t\t\t<div id=\"elementor-tab-content-2221\" class=\"elementor-tab-content elementor-clearfix\" data-tab=\"1\" role=\"region\" aria-labelledby=\"elementor-tab-title-2221\"><p data-start=\"376\" data-end=\"684\">O Dezembro Laranja \u00e9 a campanha nacional de conscientiza\u00e7\u00e3o sobre preven\u00e7\u00e3o ao c\u00e2ncer de pele, promovida pela Sociedade Brasileira de Dermatologia (SBD). Durante todo o m\u00eas, a\u00e7\u00f5es educativas refor\u00e7am a import\u00e2ncia de proteger a pele contra a radia\u00e7\u00e3o ultravioleta e identificar sinais suspeitos precocemente.<\/p><\/div>\n\t\t\t\t<\/div>\n\t\t\t\t\t\t\t<div class=\"elementor-toggle-item\">\n\t\t\t\t\t<div id=\"elementor-tab-title-2222\" class=\"elementor-tab-title\" data-tab=\"2\" role=\"button\" aria-controls=\"elementor-tab-content-2222\" aria-expanded=\"false\">\n\t\t\t\t\t\t\t\t\t\t\t\t<span class=\"elementor-toggle-icon elementor-toggle-icon-left\" aria-hidden=\"true\">\n\t\t\t\t\t\t\t\t\t\t\t\t\t\t\t<span class=\"elementor-toggle-icon-closed\"><svg class=\"e-font-icon-svg e-fas-caret-right\" viewBox=\"0 0 192 512\" xmlns=\"http:\/\/www.w3.org\/2000\/svg\"><path d=\"M0 384.662V127.338c0-17.818 21.543-26.741 34.142-14.142l128.662 128.662c7.81 7.81 7.81 20.474 0 28.284L34.142 398.804C21.543 411.404 0 402.48 0 384.662z\"><\/path><\/svg><\/span>\n\t\t\t\t\t\t\t\t<span class=\"elementor-toggle-icon-opened\"><svg class=\"elementor-toggle-icon-opened e-font-icon-svg e-fas-caret-up\" viewBox=\"0 0 320 512\" xmlns=\"http:\/\/www.w3.org\/2000\/svg\"><path d=\"M288.662 352H31.338c-17.818 0-26.741-21.543-14.142-34.142l128.662-128.662c7.81-7.81 20.474-7.81 28.284 0l128.662 128.662c12.6 12.599 3.676 34.142-14.142 34.142z\"><\/path><\/svg><\/span>\n\t\t\t\t\t\t\t\t\t\t\t\t\t<\/span>\n\t\t\t\t\t\t\t\t\t\t\t\t<a class=\"elementor-toggle-title\" tabindex=\"0\">Por que o Dezembro Laranja 2025 \u00e9 importante?<\/a>\n\t\t\t\t\t<\/div>\n\n\t\t\t\t\t<div id=\"elementor-tab-content-2222\" class=\"elementor-tab-content elementor-clearfix\" data-tab=\"2\" role=\"region\" aria-labelledby=\"elementor-tab-title-2222\"><p data-start=\"747\" data-end=\"1058\">Porque o c\u00e2ncer de pele \u00e9 o tipo mais frequente no Brasil. A SBD aponta que a <strong data-start=\"825\" data-end=\"857\">exposi\u00e7\u00e3o solar sem prote\u00e7\u00e3o<\/strong> continua sendo o principal fator de risco. A maioria dos casos \u2014 mais de 90% \u2014 pode ser evitada com cuidados di\u00e1rios simples, como usar protetor solar e evitar o sol nos hor\u00e1rios de maior intensidade.<\/p><\/div>\n\t\t\t\t<\/div>\n\t\t\t\t\t\t\t<div class=\"elementor-toggle-item\">\n\t\t\t\t\t<div id=\"elementor-tab-title-2223\" class=\"elementor-tab-title\" data-tab=\"3\" role=\"button\" aria-controls=\"elementor-tab-content-2223\" aria-expanded=\"false\">\n\t\t\t\t\t\t\t\t\t\t\t\t<span class=\"elementor-toggle-icon elementor-toggle-icon-left\" aria-hidden=\"true\">\n\t\t\t\t\t\t\t\t\t\t\t\t\t\t\t<span class=\"elementor-toggle-icon-closed\"><svg class=\"e-font-icon-svg e-fas-caret-right\" viewBox=\"0 0 192 512\" xmlns=\"http:\/\/www.w3.org\/2000\/svg\"><path d=\"M0 384.662V127.338c0-17.818 21.543-26.741 34.142-14.142l128.662 128.662c7.81 7.81 7.81 20.474 0 28.284L34.142 398.804C21.543 411.404 0 402.48 0 384.662z\"><\/path><\/svg><\/span>\n\t\t\t\t\t\t\t\t<span class=\"elementor-toggle-icon-opened\"><svg class=\"elementor-toggle-icon-opened e-font-icon-svg e-fas-caret-up\" viewBox=\"0 0 320 512\" xmlns=\"http:\/\/www.w3.org\/2000\/svg\"><path d=\"M288.662 352H31.338c-17.818 0-26.741-21.543-14.142-34.142l128.662-128.662c7.81-7.81 20.474-7.81 28.284 0l128.662 128.662c12.6 12.599 3.676 34.142-14.142 34.142z\"><\/path><\/svg><\/span>\n\t\t\t\t\t\t\t\t\t\t\t\t\t<\/span>\n\t\t\t\t\t\t\t\t\t\t\t\t<a class=\"elementor-toggle-title\" tabindex=\"0\">Qual \u00e9 o papel da Blumar Turismo no Dezembro Laranja 2025?<\/a>\n\t\t\t\t\t<\/div>\n\n\t\t\t\t\t<div id=\"elementor-tab-content-2223\" class=\"elementor-tab-content elementor-clearfix\" data-tab=\"3\" role=\"region\" aria-labelledby=\"elementor-tab-title-2223\"><p data-start=\"1134\" data-end=\"1426\">A Blumar Turismo refor\u00e7a seu compromisso com a sa\u00fade e bem-estar, apoiando a campanha da SBD e promovendo a\u00e7\u00f5es internas e externas de conscientiza\u00e7\u00e3o. A empresa incentiva colaboradores, parceiros e viajantes a adotarem h\u00e1bitos seguros durante viagens, passeios ao ar livre e rotinas di\u00e1rias.<\/p><\/div>\n\t\t\t\t<\/div>\n\t\t\t\t\t\t\t<div class=\"elementor-toggle-item\">\n\t\t\t\t\t<div id=\"elementor-tab-title-2224\" class=\"elementor-tab-title\" data-tab=\"4\" role=\"button\" aria-controls=\"elementor-tab-content-2224\" aria-expanded=\"false\">\n\t\t\t\t\t\t\t\t\t\t\t\t<span class=\"elementor-toggle-icon elementor-toggle-icon-left\" aria-hidden=\"true\">\n\t\t\t\t\t\t\t\t\t\t\t\t\t\t\t<span class=\"elementor-toggle-icon-closed\"><svg class=\"e-font-icon-svg e-fas-caret-right\" viewBox=\"0 0 192 512\" xmlns=\"http:\/\/www.w3.org\/2000\/svg\"><path d=\"M0 384.662V127.338c0-17.818 21.543-26.741 34.142-14.142l128.662 128.662c7.81 7.81 7.81 20.474 0 28.284L34.142 398.804C21.543 411.404 0 402.48 0 384.662z\"><\/path><\/svg><\/span>\n\t\t\t\t\t\t\t\t<span class=\"elementor-toggle-icon-opened\"><svg class=\"elementor-toggle-icon-opened e-font-icon-svg e-fas-caret-up\" viewBox=\"0 0 320 512\" xmlns=\"http:\/\/www.w3.org\/2000\/svg\"><path d=\"M288.662 352H31.338c-17.818 0-26.741-21.543-14.142-34.142l128.662-128.662c7.81-7.81 20.474-7.81 28.284 0l128.662 128.662c12.6 12.599 3.676 34.142-14.142 34.142z\"><\/path><\/svg><\/span>\n\t\t\t\t\t\t\t\t\t\t\t\t\t<\/span>\n\t\t\t\t\t\t\t\t\t\t\t\t<a class=\"elementor-toggle-title\" tabindex=\"0\">Quais s\u00e3o os principais fatores de risco para o c\u00e2ncer de pele?<\/a>\n\t\t\t\t\t<\/div>\n\n\t\t\t\t\t<div id=\"elementor-tab-content-2224\" class=\"elementor-tab-content elementor-clearfix\" data-tab=\"4\" role=\"region\" aria-labelledby=\"elementor-tab-title-2224\"><p data-start=\"1507\" data-end=\"1585\">Entre os fatores que aumentam a probabilidade de desenvolver a doen\u00e7a est\u00e3o:<\/p><ul data-start=\"1586\" data-end=\"1823\"><li data-start=\"1586\" data-end=\"1626\"><p data-start=\"1588\" data-end=\"1626\">Hist\u00f3rico familiar de c\u00e2ncer de pele<\/p><\/li><li data-start=\"1627\" data-end=\"1686\"><p data-start=\"1629\" data-end=\"1686\">Exposi\u00e7\u00e3o solar intensa ou queimaduras ao longo da vida<\/p><\/li><li data-start=\"1687\" data-end=\"1728\"><p data-start=\"1689\" data-end=\"1728\">Grande quantidade de pintas ou sardas<\/p><\/li><li data-start=\"1729\" data-end=\"1773\"><p data-start=\"1731\" data-end=\"1773\">Pele clara, que se queima com facilidade<\/p><\/li><li data-start=\"1774\" data-end=\"1792\"><p data-start=\"1776\" data-end=\"1792\">Idade avan\u00e7ada<\/p><\/li><li data-start=\"1793\" data-end=\"1823\"><p data-start=\"1795\" data-end=\"1823\">Hist\u00f3rico pr\u00e9vio da doen\u00e7a<\/p><\/li><\/ul><\/div>\n\t\t\t\t<\/div>\n\t\t\t\t\t\t\t<div class=\"elementor-toggle-item\">\n\t\t\t\t\t<div id=\"elementor-tab-title-2225\" class=\"elementor-tab-title\" data-tab=\"5\" role=\"button\" aria-controls=\"elementor-tab-content-2225\" aria-expanded=\"false\">\n\t\t\t\t\t\t\t\t\t\t\t\t<span class=\"elementor-toggle-icon elementor-toggle-icon-left\" aria-hidden=\"true\">\n\t\t\t\t\t\t\t\t\t\t\t\t\t\t\t<span class=\"elementor-toggle-icon-closed\"><svg class=\"e-font-icon-svg e-fas-caret-right\" viewBox=\"0 0 192 512\" xmlns=\"http:\/\/www.w3.org\/2000\/svg\"><path d=\"M0 384.662V127.338c0-17.818 21.543-26.741 34.142-14.142l128.662 128.662c7.81 7.81 7.81 20.474 0 28.284L34.142 398.804C21.543 411.404 0 402.48 0 384.662z\"><\/path><\/svg><\/span>\n\t\t\t\t\t\t\t\t<span class=\"elementor-toggle-icon-opened\"><svg class=\"elementor-toggle-icon-opened e-font-icon-svg e-fas-caret-up\" viewBox=\"0 0 320 512\" xmlns=\"http:\/\/www.w3.org\/2000\/svg\"><path d=\"M288.662 352H31.338c-17.818 0-26.741-21.543-14.142-34.142l128.662-128.662c7.81-7.81 20.474-7.81 28.284 0l128.662 128.662c12.6 12.599 3.676 34.142-14.142 34.142z\"><\/path><\/svg><\/span>\n\t\t\t\t\t\t\t\t\t\t\t\t\t<\/span>\n\t\t\t\t\t\t\t\t\t\t\t\t<a class=\"elementor-toggle-title\" tabindex=\"0\">Como posso prevenir o c\u00e2ncer de pele no dia a dia?<\/a>\n\t\t\t\t\t<\/div>\n\n\t\t\t\t\t<div id=\"elementor-tab-content-2225\" class=\"elementor-tab-content elementor-clearfix\" data-tab=\"5\" role=\"region\" aria-labelledby=\"elementor-tab-title-2225\"><p data-start=\"1891\" data-end=\"1960\">A preven\u00e7\u00e3o \u00e9 simples e altamente eficaz. As recomenda\u00e7\u00f5es incluem:<\/p><ul data-start=\"1961\" data-end=\"2320\"><li data-start=\"1961\" data-end=\"2019\"><p data-start=\"1963\" data-end=\"2019\"><strong data-start=\"1963\" data-end=\"2017\">Usar protetor solar FPS 30 ou superior diariamente<\/strong><\/p><\/li><li data-start=\"2020\" data-end=\"2081\"><p data-start=\"2022\" data-end=\"2081\">Reaplicar o produto a cada duas horas sob exposi\u00e7\u00e3o solar<\/p><\/li><li data-start=\"2082\" data-end=\"2145\"><p data-start=\"2084\" data-end=\"2145\">Utilizar roupas com prote\u00e7\u00e3o UV, chap\u00e9us e mangas compridas<\/p><\/li><li data-start=\"2146\" data-end=\"2184\"><p data-start=\"2148\" data-end=\"2184\">Usar \u00f3culos de sol com prote\u00e7\u00e3o UV<\/p><\/li><li data-start=\"2185\" data-end=\"2220\"><p data-start=\"2187\" data-end=\"2220\">Evitar exposi\u00e7\u00e3o entre 9h e 15h<\/p><\/li><li data-start=\"2221\" data-end=\"2268\"><p data-start=\"2223\" data-end=\"2268\">Buscar sombra e manter hidrata\u00e7\u00e3o constante<\/p><\/li><li data-start=\"2269\" data-end=\"2320\"><p data-start=\"2271\" data-end=\"2320\">Fazer acompanhamento regular com dermatologista<\/p><\/li><\/ul><\/div>\n\t\t\t\t<\/div>\n\t\t\t\t\t\t\t<div class=\"elementor-toggle-item\">\n\t\t\t\t\t<div id=\"elementor-tab-title-2226\" class=\"elementor-tab-title\" data-tab=\"6\" role=\"button\" aria-controls=\"elementor-tab-content-2226\" aria-expanded=\"false\">\n\t\t\t\t\t\t\t\t\t\t\t\t<span class=\"elementor-toggle-icon elementor-toggle-icon-left\" aria-hidden=\"true\">\n\t\t\t\t\t\t\t\t\t\t\t\t\t\t\t<span class=\"elementor-toggle-icon-closed\"><svg class=\"e-font-icon-svg e-fas-caret-right\" viewBox=\"0 0 192 512\" xmlns=\"http:\/\/www.w3.org\/2000\/svg\"><path d=\"M0 384.662V127.338c0-17.818 21.543-26.741 34.142-14.142l128.662 128.662c7.81 7.81 7.81 20.474 0 28.284L34.142 398.804C21.543 411.404 0 402.48 0 384.662z\"><\/path><\/svg><\/span>\n\t\t\t\t\t\t\t\t<span class=\"elementor-toggle-icon-opened\"><svg class=\"elementor-toggle-icon-opened e-font-icon-svg e-fas-caret-up\" viewBox=\"0 0 320 512\" xmlns=\"http:\/\/www.w3.org\/2000\/svg\"><path d=\"M288.662 352H31.338c-17.818 0-26.741-21.543-14.142-34.142l128.662-128.662c7.81-7.81 20.474-7.81 28.284 0l128.662 128.662c12.6 12.599 3.676 34.142-14.142 34.142z\"><\/path><\/svg><\/span>\n\t\t\t\t\t\t\t\t\t\t\t\t\t<\/span>\n\t\t\t\t\t\t\t\t\t\t\t\t<a class=\"elementor-toggle-title\" tabindex=\"0\">Quais sinais de alerta devo observar na pele?<\/a>\n\t\t\t\t\t<\/div>\n\n\t\t\t\t\t<div id=\"elementor-tab-content-2226\" class=\"elementor-tab-content elementor-clearfix\" data-tab=\"6\" role=\"region\" aria-labelledby=\"elementor-tab-title-2226\"><p data-start=\"2383\" data-end=\"2420\">Procure um dermatologista se notar:<\/p><ul data-start=\"2421\" data-end=\"2644\"><li data-start=\"2421\" data-end=\"2476\"><p data-start=\"2423\" data-end=\"2476\">Les\u00f5es elevadas e brilhantes que sangram facilmente<\/p><\/li><li data-start=\"2477\" data-end=\"2524\"><p data-start=\"2479\" data-end=\"2524\">Pintas que mudam de cor, tamanho ou formato<\/p><\/li><li data-start=\"2525\" data-end=\"2579\"><p data-start=\"2527\" data-end=\"2579\">Manchas ou feridas que n\u00e3o cicatrizam ap\u00f3s semanas<\/p><\/li><li data-start=\"2580\" data-end=\"2644\"><p data-start=\"2582\" data-end=\"2644\">Les\u00f5es avermelhadas, acastanhadas, rosadas ou multicoloridas<\/p><\/li><\/ul><p data-start=\"2646\" data-end=\"2723\">A detec\u00e7\u00e3o precoce aumenta consideravelmente as chances de tratamento eficaz.<\/p><\/div>\n\t\t\t\t<\/div>\n\t\t\t\t\t\t\t<div class=\"elementor-toggle-item\">\n\t\t\t\t\t<div id=\"elementor-tab-title-2227\" class=\"elementor-tab-title\" data-tab=\"7\" role=\"button\" aria-controls=\"elementor-tab-content-2227\" aria-expanded=\"false\">\n\t\t\t\t\t\t\t\t\t\t\t\t<span class=\"elementor-toggle-icon elementor-toggle-icon-left\" aria-hidden=\"true\">\n\t\t\t\t\t\t\t\t\t\t\t\t\t\t\t<span class=\"elementor-toggle-icon-closed\"><svg class=\"e-font-icon-svg e-fas-caret-right\" viewBox=\"0 0 192 512\" xmlns=\"http:\/\/www.w3.org\/2000\/svg\"><path d=\"M0 384.662V127.338c0-17.818 21.543-26.741 34.142-14.142l128.662 128.662c7.81 7.81 7.81 20.474 0 28.284L34.142 398.804C21.543 411.404 0 402.48 0 384.662z\"><\/path><\/svg><\/span>\n\t\t\t\t\t\t\t\t<span class=\"elementor-toggle-icon-opened\"><svg class=\"elementor-toggle-icon-opened e-font-icon-svg e-fas-caret-up\" viewBox=\"0 0 320 512\" xmlns=\"http:\/\/www.w3.org\/2000\/svg\"><path d=\"M288.662 352H31.338c-17.818 0-26.741-21.543-14.142-34.142l128.662-128.662c7.81-7.81 20.474-7.81 28.284 0l128.662 128.662c12.6 12.599 3.676 34.142-14.142 34.142z\"><\/path><\/svg><\/span>\n\t\t\t\t\t\t\t\t\t\t\t\t\t<\/span>\n\t\t\t\t\t\t\t\t\t\t\t\t<a class=\"elementor-toggle-title\" tabindex=\"0\">Onde posso encontrar atendimento gratuito durante o Dezembro Laranja 2025?<\/a>\n\t\t\t\t\t<\/div>\n\n\t\t\t\t\t<div id=\"elementor-tab-content-2227\" class=\"elementor-tab-content elementor-clearfix\" data-tab=\"7\" role=\"region\" aria-labelledby=\"elementor-tab-title-2227\"><p>A SBD realiza atendimentos gratuitos em diversas cidades do pa\u00eds. Voc\u00ea pode consultar os locais oficiais no site da campanha:<br data-start=\"2940\" data-end=\"2943\" \/>\ud83d\udc49 <strong data-start=\"2946\" data-end=\"2988\"><a class=\"decorated-link\" href=\"https:\/\/www.sbd.org.br\/dezembrolaranja\" target=\"_new\" rel=\"noopener\" data-start=\"2948\" data-end=\"2986\">https:\/\/www.sbd.org.br\/dezembrolaranja<\/a><\/strong><br data-start=\"2988\" data-end=\"2991\" \/>A lista de dermatologistas associados tamb\u00e9m est\u00e1 dispon\u00edvel em <strong data-start=\"3055\" data-end=\"3080\"><a class=\"decorated-link\" href=\"http:\/\/www.sbd.org.br\" target=\"_new\" rel=\"noopener\" data-start=\"3057\" data-end=\"3078\">http:\/\/www.sbd.org.br<\/a><\/strong>.<\/p><\/div>\n\t\t\t\t<\/div>\n\t\t\t\t\t\t\t<div class=\"elementor-toggle-item\">\n\t\t\t\t\t<div id=\"elementor-tab-title-2228\" class=\"elementor-tab-title\" data-tab=\"8\" role=\"button\" aria-controls=\"elementor-tab-content-2228\" aria-expanded=\"false\">\n\t\t\t\t\t\t\t\t\t\t\t\t<span class=\"elementor-toggle-icon elementor-toggle-icon-left\" aria-hidden=\"true\">\n\t\t\t\t\t\t\t\t\t\t\t\t\t\t\t<span class=\"elementor-toggle-icon-closed\"><svg class=\"e-font-icon-svg e-fas-caret-right\" viewBox=\"0 0 192 512\" xmlns=\"http:\/\/www.w3.org\/2000\/svg\"><path d=\"M0 384.662V127.338c0-17.818 21.543-26.741 34.142-14.142l128.662 128.662c7.81 7.81 7.81 20.474 0 28.284L34.142 398.804C21.543 411.404 0 402.48 0 384.662z\"><\/path><\/svg><\/span>\n\t\t\t\t\t\t\t\t<span class=\"elementor-toggle-icon-opened\"><svg class=\"elementor-toggle-icon-opened e-font-icon-svg e-fas-caret-up\" viewBox=\"0 0 320 512\" xmlns=\"http:\/\/www.w3.org\/2000\/svg\"><path d=\"M288.662 352H31.338c-17.818 0-26.741-21.543-14.142-34.142l128.662-128.662c7.81-7.81 20.474-7.81 28.284 0l128.662 128.662c12.6 12.599 3.676 34.142-14.142 34.142z\"><\/path><\/svg><\/span>\n\t\t\t\t\t\t\t\t\t\t\t\t\t<\/span>\n\t\t\t\t\t\t\t\t\t\t\t\t<a class=\"elementor-toggle-title\" tabindex=\"0\">Os cuidados com a pele s\u00e3o iguais para todas as pessoas?<\/a>\n\t\t\t\t\t<\/div>\n\n\t\t\t\t\t<div id=\"elementor-tab-content-2228\" class=\"elementor-tab-content elementor-clearfix\" data-tab=\"8\" role=\"region\" aria-labelledby=\"elementor-tab-title-2228\"><p data-start=\"3155\" data-end=\"3463\">N\u00e3o. O Brasil \u00e9 um pa\u00eds diverso e cada pessoa possui necessidades espec\u00edficas. Tons de pele, rotinas, profiss\u00f5es, atividades ao ar livre e hist\u00f3rico familiar influenciam o n\u00edvel de risco. A preven\u00e7\u00e3o deve ser personalizada \u2014 e isso inclui consultar um dermatologista para orienta\u00e7\u00f5es adequadas ao seu perfil.<\/p><\/div>\n\t\t\t\t<\/div>\n\t\t\t\t\t\t\t<div class=\"elementor-toggle-item\">\n\t\t\t\t\t<div id=\"elementor-tab-title-2229\" class=\"elementor-tab-title\" data-tab=\"9\" role=\"button\" aria-controls=\"elementor-tab-content-2229\" aria-expanded=\"false\">\n\t\t\t\t\t\t\t\t\t\t\t\t<span class=\"elementor-toggle-icon elementor-toggle-icon-left\" aria-hidden=\"true\">\n\t\t\t\t\t\t\t\t\t\t\t\t\t\t\t<span class=\"elementor-toggle-icon-closed\"><svg class=\"e-font-icon-svg e-fas-caret-right\" viewBox=\"0 0 192 512\" xmlns=\"http:\/\/www.w3.org\/2000\/svg\"><path d=\"M0 384.662V127.338c0-17.818 21.543-26.741 34.142-14.142l128.662 128.662c7.81 7.81 7.81 20.474 0 28.284L34.142 398.804C21.543 411.404 0 402.48 0 384.662z\"><\/path><\/svg><\/span>\n\t\t\t\t\t\t\t\t<span class=\"elementor-toggle-icon-opened\"><svg class=\"elementor-toggle-icon-opened e-font-icon-svg e-fas-caret-up\" viewBox=\"0 0 320 512\" xmlns=\"http:\/\/www.w3.org\/2000\/svg\"><path d=\"M288.662 352H31.338c-17.818 0-26.741-21.543-14.142-34.142l128.662-128.662c7.81-7.81 20.474-7.81 28.284 0l128.662 128.662c12.6 12.599 3.676 34.142-14.142 34.142z\"><\/path><\/svg><\/span>\n\t\t\t\t\t\t\t\t\t\t\t\t\t<\/span>\n\t\t\t\t\t\t\t\t\t\t\t\t<a class=\"elementor-toggle-title\" tabindex=\"0\">Por que a preven\u00e7\u00e3o do c\u00e2ncer de pele \u00e9 t\u00e3o importante em viagens?<\/a>\n\t\t\t\t\t<\/div>\n\n\t\t\t\t\t<div id=\"elementor-tab-content-2229\" class=\"elementor-tab-content elementor-clearfix\" data-tab=\"9\" role=\"region\" aria-labelledby=\"elementor-tab-title-2229\"><p data-start=\"3547\" data-end=\"3835\">Viagens muitas vezes envolvem praias, trilhas, passeios de barco ou longas caminhadas sob o sol. A exposi\u00e7\u00e3o prolongada aumenta o risco de queimaduras e danos acumulados. A Blumar Turismo refor\u00e7a que turismo respons\u00e1vel inclui <strong data-start=\"3774\" data-end=\"3801\">cuidar da pr\u00f3pria sa\u00fade<\/strong>, come\u00e7ando pela prote\u00e7\u00e3o da pele.<\/p><\/div>\n\t\t\t\t<\/div>\n\t\t\t\t\t\t\t<div class=\"elementor-toggle-item\">\n\t\t\t\t\t<div id=\"elementor-tab-title-22210\" class=\"elementor-tab-title\" data-tab=\"10\" role=\"button\" aria-controls=\"elementor-tab-content-22210\" aria-expanded=\"false\">\n\t\t\t\t\t\t\t\t\t\t\t\t<span class=\"elementor-toggle-icon elementor-toggle-icon-left\" aria-hidden=\"true\">\n\t\t\t\t\t\t\t\t\t\t\t\t\t\t\t<span class=\"elementor-toggle-icon-closed\"><svg class=\"e-font-icon-svg e-fas-caret-right\" viewBox=\"0 0 192 512\" xmlns=\"http:\/\/www.w3.org\/2000\/svg\"><path d=\"M0 384.662V127.338c0-17.818 21.543-26.741 34.142-14.142l128.662 128.662c7.81 7.81 7.81 20.474 0 28.284L34.142 398.804C21.543 411.404 0 402.48 0 384.662z\"><\/path><\/svg><\/span>\n\t\t\t\t\t\t\t\t<span class=\"elementor-toggle-icon-opened\"><svg class=\"elementor-toggle-icon-opened e-font-icon-svg e-fas-caret-up\" viewBox=\"0 0 320 512\" xmlns=\"http:\/\/www.w3.org\/2000\/svg\"><path d=\"M288.662 352H31.338c-17.818 0-26.741-21.543-14.142-34.142l128.662-128.662c7.81-7.81 20.474-7.81 28.284 0l128.662 128.662c12.6 12.599 3.676 34.142-14.142 34.142z\"><\/path><\/svg><\/span>\n\t\t\t\t\t\t\t\t\t\t\t\t\t<\/span>\n\t\t\t\t\t\t\t\t\t\t\t\t<a class=\"elementor-toggle-title\" tabindex=\"0\">Como a Blumar Turismo incentiva a conscientiza\u00e7\u00e3o entre viajantes?<\/a>\n\t\t\t\t\t<\/div>\n\n\t\t\t\t\t<div id=\"elementor-tab-content-22210\" class=\"elementor-tab-content elementor-clearfix\" data-tab=\"10\" role=\"region\" aria-labelledby=\"elementor-tab-title-22210\"><p data-start=\"3920\" data-end=\"4175\">A Blumar promove a\u00e7\u00f5es educativas, compartilha informa\u00e7\u00f5es verificadas da SBD e refor\u00e7a orienta\u00e7\u00f5es de prote\u00e7\u00e3o em seus conte\u00fados e campanhas. A mensagem central \u00e9 clara: <strong data-start=\"4091\" data-end=\"4126\">cuidar da pele \u00e9 cuidar da vida<\/strong>, seja no cotidiano ou explorando novos destinos.<\/p><\/div>\n\t\t\t\t<\/div>\n\t\t\t\t\t\t\t<div class=\"elementor-toggle-item\">\n\t\t\t\t\t<div id=\"elementor-tab-title-22211\" class=\"elementor-tab-title\" data-tab=\"11\" role=\"button\" aria-controls=\"elementor-tab-content-22211\" aria-expanded=\"false\">\n\t\t\t\t\t\t\t\t\t\t\t\t<span class=\"elementor-toggle-icon elementor-toggle-icon-left\" aria-hidden=\"true\">\n\t\t\t\t\t\t\t\t\t\t\t\t\t\t\t<span class=\"elementor-toggle-icon-closed\"><svg class=\"e-font-icon-svg e-fas-caret-right\" viewBox=\"0 0 192 512\" xmlns=\"http:\/\/www.w3.org\/2000\/svg\"><path d=\"M0 384.662V127.338c0-17.818 21.543-26.741 34.142-14.142l128.662 128.662c7.81 7.81 7.81 20.474 0 28.284L34.142 398.804C21.543 411.404 0 402.48 0 384.662z\"><\/path><\/svg><\/span>\n\t\t\t\t\t\t\t\t<span class=\"elementor-toggle-icon-opened\"><svg class=\"elementor-toggle-icon-opened e-font-icon-svg e-fas-caret-up\" viewBox=\"0 0 320 512\" xmlns=\"http:\/\/www.w3.org\/2000\/svg\"><path d=\"M288.662 352H31.338c-17.818 0-26.741-21.543-14.142-34.142l128.662-128.662c7.81-7.81 20.474-7.81 28.284 0l128.662 128.662c12.6 12.599 3.676 34.142-14.142 34.142z\"><\/path><\/svg><\/span>\n\t\t\t\t\t\t\t\t\t\t\t\t\t<\/span>\n\t\t\t\t\t\t\t\t\t\t\t\t<a class=\"elementor-toggle-title\" tabindex=\"0\">O que posso fazer para apoiar o Dezembro Laranja 2025?<\/a>\n\t\t\t\t\t<\/div>\n\n\t\t\t\t\t<div id=\"elementor-tab-content-22211\" class=\"elementor-tab-content elementor-clearfix\" data-tab=\"11\" role=\"region\" aria-labelledby=\"elementor-tab-title-22211\"><p data-start=\"4248\" data-end=\"4260\">Voc\u00ea pode:<\/p><ul data-start=\"4261\" data-end=\"4546\"><li data-start=\"4261\" data-end=\"4316\"><p data-start=\"4263\" data-end=\"4316\">Compartilhar informa\u00e7\u00f5es confi\u00e1veis sobre preven\u00e7\u00e3o<\/p><\/li><li data-start=\"4317\" data-end=\"4373\"><p data-start=\"4319\" data-end=\"4373\">Incentivar amigos e familiares a usar protetor solar<\/p><\/li><li data-start=\"4374\" data-end=\"4428\"><p data-start=\"4376\" data-end=\"4428\">Promover h\u00e1bitos saud\u00e1veis no ambiente de trabalho<\/p><\/li><li data-start=\"4429\" data-end=\"4492\"><p data-start=\"4431\" data-end=\"4492\">Ficar atento a mudan\u00e7as na pele e procurar avalia\u00e7\u00e3o m\u00e9dica<\/p><\/li><li data-start=\"4493\" data-end=\"4546\"><p data-start=\"4495\" data-end=\"4546\">Participar de a\u00e7\u00f5es da SBD e campanhas educativas<\/p><\/li><\/ul><\/div>\n\t\t\t\t<\/div>\n\t\t\t\t\t\t\t\t\t\t<script type=\"application\/ld+json\">{\"@context\":\"https:\\\/\\\/schema.org\",\"@type\":\"FAQPage\",\"mainEntity\":[{\"@type\":\"Question\",\"name\":\"O que \\u00e9 o Dezembro Laranja?\",\"acceptedAnswer\":{\"@type\":\"Answer\",\"text\":\"<p data-start=\\\"376\\\" data-end=\\\"684\\\">O Dezembro Laranja \\u00e9 a campanha nacional de conscientiza\\u00e7\\u00e3o sobre preven\\u00e7\\u00e3o ao c\\u00e2ncer de pele, promovida pela Sociedade Brasileira de Dermatologia (SBD). Durante todo o m\\u00eas, a\\u00e7\\u00f5es educativas refor\\u00e7am a import\\u00e2ncia de proteger a pele contra a radia\\u00e7\\u00e3o ultravioleta e identificar sinais suspeitos precocemente.<\\\/p>\"}},{\"@type\":\"Question\",\"name\":\"Por que o Dezembro Laranja 2025 \\u00e9 importante?\",\"acceptedAnswer\":{\"@type\":\"Answer\",\"text\":\"<p data-start=\\\"747\\\" data-end=\\\"1058\\\">Porque o c\\u00e2ncer de pele \\u00e9 o tipo mais frequente no Brasil. A SBD aponta que a <strong data-start=\\\"825\\\" data-end=\\\"857\\\">exposi\\u00e7\\u00e3o solar sem prote\\u00e7\\u00e3o<\\\/strong> continua sendo o principal fator de risco. A maioria dos casos \\u2014 mais de 90% \\u2014 pode ser evitada com cuidados di\\u00e1rios simples, como usar protetor solar e evitar o sol nos hor\\u00e1rios de maior intensidade.<\\\/p>\"}},{\"@type\":\"Question\",\"name\":\"Qual \\u00e9 o papel da Blumar Turismo no Dezembro Laranja 2025?\",\"acceptedAnswer\":{\"@type\":\"Answer\",\"text\":\"<p data-start=\\\"1134\\\" data-end=\\\"1426\\\">A Blumar Turismo refor\\u00e7a seu compromisso com a sa\\u00fade e bem-estar, apoiando a campanha da SBD e promovendo a\\u00e7\\u00f5es internas e externas de conscientiza\\u00e7\\u00e3o. A empresa incentiva colaboradores, parceiros e viajantes a adotarem h\\u00e1bitos seguros durante viagens, passeios ao ar livre e rotinas di\\u00e1rias.<\\\/p>\"}},{\"@type\":\"Question\",\"name\":\"Quais s\\u00e3o os principais fatores de risco para o c\\u00e2ncer de pele?\",\"acceptedAnswer\":{\"@type\":\"Answer\",\"text\":\"<p data-start=\\\"1507\\\" data-end=\\\"1585\\\">Entre os fatores que aumentam a probabilidade de desenvolver a doen\\u00e7a est\\u00e3o:<\\\/p><ul data-start=\\\"1586\\\" data-end=\\\"1823\\\"><li data-start=\\\"1586\\\" data-end=\\\"1626\\\"><p data-start=\\\"1588\\\" data-end=\\\"1626\\\">Hist\\u00f3rico familiar de c\\u00e2ncer de pele<\\\/p><\\\/li><li data-start=\\\"1627\\\" data-end=\\\"1686\\\"><p data-start=\\\"1629\\\" data-end=\\\"1686\\\">Exposi\\u00e7\\u00e3o solar intensa ou queimaduras ao longo da vida<\\\/p><\\\/li><li data-start=\\\"1687\\\" data-end=\\\"1728\\\"><p data-start=\\\"1689\\\" data-end=\\\"1728\\\">Grande quantidade de pintas ou sardas<\\\/p><\\\/li><li data-start=\\\"1729\\\" data-end=\\\"1773\\\"><p data-start=\\\"1731\\\" data-end=\\\"1773\\\">Pele clara, que se queima com facilidade<\\\/p><\\\/li><li data-start=\\\"1774\\\" data-end=\\\"1792\\\"><p data-start=\\\"1776\\\" data-end=\\\"1792\\\">Idade avan\\u00e7ada<\\\/p><\\\/li><li data-start=\\\"1793\\\" data-end=\\\"1823\\\"><p data-start=\\\"1795\\\" data-end=\\\"1823\\\">Hist\\u00f3rico pr\\u00e9vio da doen\\u00e7a<\\\/p><\\\/li><\\\/ul>\"}},{\"@type\":\"Question\",\"name\":\"Como posso prevenir o c\\u00e2ncer de pele no dia a dia?\",\"acceptedAnswer\":{\"@type\":\"Answer\",\"text\":\"<p data-start=\\\"1891\\\" data-end=\\\"1960\\\">A preven\\u00e7\\u00e3o \\u00e9 simples e altamente eficaz. As recomenda\\u00e7\\u00f5es incluem:<\\\/p><ul data-start=\\\"1961\\\" data-end=\\\"2320\\\"><li data-start=\\\"1961\\\" data-end=\\\"2019\\\"><p data-start=\\\"1963\\\" data-end=\\\"2019\\\"><strong data-start=\\\"1963\\\" data-end=\\\"2017\\\">Usar protetor solar FPS 30 ou superior diariamente<\\\/strong><\\\/p><\\\/li><li data-start=\\\"2020\\\" data-end=\\\"2081\\\"><p data-start=\\\"2022\\\" data-end=\\\"2081\\\">Reaplicar o produto a cada duas horas sob exposi\\u00e7\\u00e3o solar<\\\/p><\\\/li><li data-start=\\\"2082\\\" data-end=\\\"2145\\\"><p data-start=\\\"2084\\\" data-end=\\\"2145\\\">Utilizar roupas com prote\\u00e7\\u00e3o UV, chap\\u00e9us e mangas compridas<\\\/p><\\\/li><li data-start=\\\"2146\\\" data-end=\\\"2184\\\"><p data-start=\\\"2148\\\" data-end=\\\"2184\\\">Usar \\u00f3culos de sol com prote\\u00e7\\u00e3o UV<\\\/p><\\\/li><li data-start=\\\"2185\\\" data-end=\\\"2220\\\"><p data-start=\\\"2187\\\" data-end=\\\"2220\\\">Evitar exposi\\u00e7\\u00e3o entre 9h e 15h<\\\/p><\\\/li><li data-start=\\\"2221\\\" data-end=\\\"2268\\\"><p data-start=\\\"2223\\\" data-end=\\\"2268\\\">Buscar sombra e manter hidrata\\u00e7\\u00e3o constante<\\\/p><\\\/li><li data-start=\\\"2269\\\" data-end=\\\"2320\\\"><p data-start=\\\"2271\\\" data-end=\\\"2320\\\">Fazer acompanhamento regular com dermatologista<\\\/p><\\\/li><\\\/ul>\"}},{\"@type\":\"Question\",\"name\":\"Quais sinais de alerta devo observar na pele?\",\"acceptedAnswer\":{\"@type\":\"Answer\",\"text\":\"<p data-start=\\\"2383\\\" data-end=\\\"2420\\\">Procure um dermatologista se notar:<\\\/p><ul data-start=\\\"2421\\\" data-end=\\\"2644\\\"><li data-start=\\\"2421\\\" data-end=\\\"2476\\\"><p data-start=\\\"2423\\\" data-end=\\\"2476\\\">Les\\u00f5es elevadas e brilhantes que sangram facilmente<\\\/p><\\\/li><li data-start=\\\"2477\\\" data-end=\\\"2524\\\"><p data-start=\\\"2479\\\" data-end=\\\"2524\\\">Pintas que mudam de cor, tamanho ou formato<\\\/p><\\\/li><li data-start=\\\"2525\\\" data-end=\\\"2579\\\"><p data-start=\\\"2527\\\" data-end=\\\"2579\\\">Manchas ou feridas que n\\u00e3o cicatrizam ap\\u00f3s semanas<\\\/p><\\\/li><li data-start=\\\"2580\\\" data-end=\\\"2644\\\"><p data-start=\\\"2582\\\" data-end=\\\"2644\\\">Les\\u00f5es avermelhadas, acastanhadas, rosadas ou multicoloridas<\\\/p><\\\/li><\\\/ul><p data-start=\\\"2646\\\" data-end=\\\"2723\\\">A detec\\u00e7\\u00e3o precoce aumenta consideravelmente as chances de tratamento eficaz.<\\\/p>\"}},{\"@type\":\"Question\",\"name\":\"Onde posso encontrar atendimento gratuito durante o Dezembro Laranja 2025?\",\"acceptedAnswer\":{\"@type\":\"Answer\",\"text\":\"<p>A SBD realiza atendimentos gratuitos em diversas cidades do pa\\u00eds. Voc\\u00ea pode consultar os locais oficiais no site da campanha:<br data-start=\\\"2940\\\" data-end=\\\"2943\\\" \\\/>\\ud83d\\udc49 <strong data-start=\\\"2946\\\" data-end=\\\"2988\\\"><a class=\\\"decorated-link\\\" href=\\\"https:\\\/\\\/www.sbd.org.br\\\/dezembrolaranja\\\" target=\\\"_new\\\" rel=\\\"noopener\\\" data-start=\\\"2948\\\" data-end=\\\"2986\\\">https:\\\/\\\/www.sbd.org.br\\\/dezembrolaranja<\\\/a><\\\/strong><br data-start=\\\"2988\\\" data-end=\\\"2991\\\" \\\/>A lista de dermatologistas associados tamb\\u00e9m est\\u00e1 dispon\\u00edvel em <strong data-start=\\\"3055\\\" data-end=\\\"3080\\\"><a class=\\\"decorated-link\\\" href=\\\"http:\\\/\\\/www.sbd.org.br\\\" target=\\\"_new\\\" rel=\\\"noopener\\\" data-start=\\\"3057\\\" data-end=\\\"3078\\\">http:\\\/\\\/www.sbd.org.br<\\\/a><\\\/strong>.<\\\/p>\"}},{\"@type\":\"Question\",\"name\":\"Os cuidados com a pele s\\u00e3o iguais para todas as pessoas?\",\"acceptedAnswer\":{\"@type\":\"Answer\",\"text\":\"<p data-start=\\\"3155\\\" data-end=\\\"3463\\\">N\\u00e3o. O Brasil \\u00e9 um pa\\u00eds diverso e cada pessoa possui necessidades espec\\u00edficas. Tons de pele, rotinas, profiss\\u00f5es, atividades ao ar livre e hist\\u00f3rico familiar influenciam o n\\u00edvel de risco. A preven\\u00e7\\u00e3o deve ser personalizada \\u2014 e isso inclui consultar um dermatologista para orienta\\u00e7\\u00f5es adequadas ao seu perfil.<\\\/p>\"}},{\"@type\":\"Question\",\"name\":\"Por que a preven\\u00e7\\u00e3o do c\\u00e2ncer de pele \\u00e9 t\\u00e3o importante em viagens?\",\"acceptedAnswer\":{\"@type\":\"Answer\",\"text\":\"<p data-start=\\\"3547\\\" data-end=\\\"3835\\\">Viagens muitas vezes envolvem praias, trilhas, passeios de barco ou longas caminhadas sob o sol. A exposi\\u00e7\\u00e3o prolongada aumenta o risco de queimaduras e danos acumulados. A Blumar Turismo refor\\u00e7a que turismo respons\\u00e1vel inclui <strong data-start=\\\"3774\\\" data-end=\\\"3801\\\">cuidar da pr\\u00f3pria sa\\u00fade<\\\/strong>, come\\u00e7ando pela prote\\u00e7\\u00e3o da pele.<\\\/p>\"}},{\"@type\":\"Question\",\"name\":\"Como a Blumar Turismo incentiva a conscientiza\\u00e7\\u00e3o entre viajantes?\",\"acceptedAnswer\":{\"@type\":\"Answer\",\"text\":\"<p data-start=\\\"3920\\\" data-end=\\\"4175\\\">A Blumar promove a\\u00e7\\u00f5es educativas, compartilha informa\\u00e7\\u00f5es verificadas da SBD e refor\\u00e7a orienta\\u00e7\\u00f5es de prote\\u00e7\\u00e3o em seus conte\\u00fados e campanhas. A mensagem central \\u00e9 clara: <strong data-start=\\\"4091\\\" data-end=\\\"4126\\\">cuidar da pele \\u00e9 cuidar da vida<\\\/strong>, seja no cotidiano ou explorando novos destinos.<\\\/p>\"}},{\"@type\":\"Question\",\"name\":\"O que posso fazer para apoiar o Dezembro Laranja 2025?\",\"acceptedAnswer\":{\"@type\":\"Answer\",\"text\":\"<p data-start=\\\"4248\\\" data-end=\\\"4260\\\">Voc\\u00ea pode:<\\\/p><ul data-start=\\\"4261\\\" data-end=\\\"4546\\\"><li data-start=\\\"4261\\\" data-end=\\\"4316\\\"><p data-start=\\\"4263\\\" data-end=\\\"4316\\\">Compartilhar informa\\u00e7\\u00f5es confi\\u00e1veis sobre preven\\u00e7\\u00e3o<\\\/p><\\\/li><li data-start=\\\"4317\\\" data-end=\\\"4373\\\"><p data-start=\\\"4319\\\" data-end=\\\"4373\\\">Incentivar amigos e familiares a usar protetor solar<\\\/p><\\\/li><li data-start=\\\"4374\\\" data-end=\\\"4428\\\"><p data-start=\\\"4376\\\" data-end=\\\"4428\\\">Promover h\\u00e1bitos saud\\u00e1veis no ambiente de trabalho<\\\/p><\\\/li><li data-start=\\\"4429\\\" data-end=\\\"4492\\\"><p data-start=\\\"4431\\\" data-end=\\\"4492\\\">Ficar atento a mudan\\u00e7as na pele e procurar avalia\\u00e7\\u00e3o m\\u00e9dica<\\\/p><\\\/li><li data-start=\\\"4493\\\" data-end=\\\"4546\\\"><p data-start=\\\"4495\\\" data-end=\\\"4546\\\">Participar de a\\u00e7\\u00f5es da SBD e campanhas educativas<\\\/p><\\\/li><\\\/ul>\"}}]}<\/script>\n\t\t\t\t\t<\/div>\n\t\t\t\t<\/div>\n\t\t\t\t<\/div>\n\t\t\t\t\t<\/div>\n\t\t\t\t<\/div>\n\t\t\t\t\t\t\t<\/div>\n\t\t","protected":false},"excerpt":{"rendered":"<p>O Dezembro Laranja 2025 chega com uma mensagem clara. cuidar da pele \u00e9 cuidar da vida. A Blumar Turismo tem orgulho de apoiar mais uma edi\u00e7\u00e3o da campanha promovida pela Sociedade Brasileira de Dermatologia (SBD). Ao longo de todo este m\u00eas, convidamos nossos colaboradores, parceiros e viajantes a refor\u00e7ar a&#46;&#46;&#46;<\/p>\n","protected":false},"author":10,"featured_media":72819,"comment_status":"open","ping_status":"closed","sticky":false,"template":"","format":"standard","meta":{"footnotes":""},"categories":[693],"tags":[],"class_list":["post-72818","post","type-post","status-publish","format-standard","has-post-thumbnail","hentry","category-eventos-festivais"],"yoast_head":"<!-- This site is optimized with the Yoast SEO Premium plugin v19.4 (Yoast SEO v24.1) - https:\/\/yoast.com\/wordpress\/plugins\/seo\/ -->\n<title>Dezembro Laranja 2025 - Blumar Turismo refor\u00e7a seu compromisso com a preven\u00e7\u00e3o ao c\u00e2ncer de pele - Blog Blumar Turismo: O Seu Portal para Viagens Extraordin\u00e1rias<\/title>\n<meta name=\"description\" content=\"Dezembro Laranja 2025 Blumar Turismo - Refor\u00e7amos nosso compromisso com a preven\u00e7\u00e3o ao c\u00e2ncer de pele e temos orgulho de apoiar mais uma edi\u00e7\u00e3o da campanha promovida pela Sociedade Brasileira de Dermatologia (SBD).\" \/>\n<meta name=\"robots\" content=\"index, follow, max-snippet:-1, max-image-preview:large, max-video-preview:-1\" \/>\n<link rel=\"canonical\" href=\"https:\/\/www.blumarturismo.com.br\/blog\/dezembro-laranja-2025-blumar-turismo-reforca-seu-compromisso-com-a-prevencao-ao-cancer-de-pele\/\" \/>\n<meta property=\"og:locale\" content=\"pt_BR\" \/>\n<meta property=\"og:type\" content=\"article\" \/>\n<meta property=\"og:title\" content=\"Dezembro Laranja 2025 - Blumar Turismo refor\u00e7a seu compromisso com a preven\u00e7\u00e3o ao c\u00e2ncer de pele\" \/>\n<meta property=\"og:description\" content=\"Dezembro Laranja 2025 Blumar Turismo - Refor\u00e7amos nosso compromisso com a preven\u00e7\u00e3o ao c\u00e2ncer de pele e temos orgulho de apoiar mais uma edi\u00e7\u00e3o da campanha promovida pela Sociedade Brasileira de Dermatologia (SBD).\" \/>\n<meta property=\"og:url\" content=\"https:\/\/www.blumarturismo.com.br\/blog\/dezembro-laranja-2025-blumar-turismo-reforca-seu-compromisso-com-a-prevencao-ao-cancer-de-pele\/\" \/>\n<meta property=\"og:site_name\" content=\"Blog Blumar Turismo: O Seu Portal para Viagens Extraordin\u00e1rias\" \/>\n<meta property=\"article:publisher\" content=\"https:\/\/www.facebook.com\/blumarviagenseturismo\" \/>\n<meta property=\"article:author\" content=\"https:\/\/www.facebook.com\/blumarviagenseturismo\" \/>\n<meta property=\"article:published_time\" content=\"2025-12-02T14:34:35+00:00\" \/>\n<meta property=\"article:modified_time\" content=\"2025-12-02T16:07:06+00:00\" \/>\n<meta property=\"og:image\" content=\"https:\/\/www.blumarturismo.com.br\/blog\/wp-content\/uploads\/2025\/12\/01_Foto_equipe_completa-scaled.jpg\" \/>\n\t<meta property=\"og:image:width\" content=\"2560\" \/>\n\t<meta property=\"og:image:height\" content=\"1441\" \/>\n\t<meta property=\"og:image:type\" content=\"image\/jpeg\" \/>\n<meta name=\"author\" content=\"Blumar Turismo\" \/>\n<meta name=\"twitter:card\" content=\"summary_large_image\" \/>\n<meta name=\"twitter:label1\" content=\"Escrito por\" \/>\n\t<meta name=\"twitter:data1\" content=\"Blumar Turismo\" \/>\n\t<meta name=\"twitter:label2\" content=\"Est. tempo de leitura\" \/>\n\t<meta name=\"twitter:data2\" content=\"73 minutos\" \/>\n<script type=\"application\/ld+json\" class=\"yoast-schema-graph\">{\"@context\":\"https:\/\/schema.org\",\"@graph\":[{\"@type\":\"Article\",\"@id\":\"https:\/\/www.blumarturismo.com.br\/blog\/dezembro-laranja-2025-blumar-turismo-reforca-seu-compromisso-com-a-prevencao-ao-cancer-de-pele\/#article\",\"isPartOf\":{\"@id\":\"https:\/\/www.blumarturismo.com.br\/blog\/dezembro-laranja-2025-blumar-turismo-reforca-seu-compromisso-com-a-prevencao-ao-cancer-de-pele\/\"},\"author\":{\"name\":\"Blumar Turismo\",\"@id\":\"https:\/\/www.blumarturismo.com.br\/blog\/#\/schema\/person\/8c5b522f6a79142bafca484c4604fba7\"},\"headline\":\"Dezembro Laranja 2025 &#8211; Blumar Turismo refor\u00e7a seu compromisso com a preven\u00e7\u00e3o ao c\u00e2ncer de pele\",\"datePublished\":\"2025-12-02T14:34:35+00:00\",\"dateModified\":\"2025-12-02T16:07:06+00:00\",\"mainEntityOfPage\":{\"@id\":\"https:\/\/www.blumarturismo.com.br\/blog\/dezembro-laranja-2025-blumar-turismo-reforca-seu-compromisso-com-a-prevencao-ao-cancer-de-pele\/\"},\"wordCount\":1863,\"commentCount\":0,\"publisher\":{\"@id\":\"https:\/\/www.blumarturismo.com.br\/blog\/#organization\"},\"image\":{\"@id\":\"https:\/\/www.blumarturismo.com.br\/blog\/dezembro-laranja-2025-blumar-turismo-reforca-seu-compromisso-com-a-prevencao-ao-cancer-de-pele\/#primaryimage\"},\"thumbnailUrl\":\"https:\/\/www.blumarturismo.com.br\/blog\/wp-content\/uploads\/2025\/12\/01_Foto_equipe_completa-scaled.jpg\",\"articleSection\":[\"Eventos &amp; Festivais\"],\"inLanguage\":\"pt-BR\",\"potentialAction\":[{\"@type\":\"CommentAction\",\"name\":\"Comment\",\"target\":[\"https:\/\/www.blumarturismo.com.br\/blog\/dezembro-laranja-2025-blumar-turismo-reforca-seu-compromisso-com-a-prevencao-ao-cancer-de-pele\/#respond\"]}]},{\"@type\":\"WebPage\",\"@id\":\"https:\/\/www.blumarturismo.com.br\/blog\/dezembro-laranja-2025-blumar-turismo-reforca-seu-compromisso-com-a-prevencao-ao-cancer-de-pele\/\",\"url\":\"https:\/\/www.blumarturismo.com.br\/blog\/dezembro-laranja-2025-blumar-turismo-reforca-seu-compromisso-com-a-prevencao-ao-cancer-de-pele\/\",\"name\":\"Dezembro Laranja 2025 - Blumar Turismo refor\u00e7a seu compromisso com a preven\u00e7\u00e3o ao c\u00e2ncer de pele - Blog Blumar Turismo: O Seu Portal para Viagens Extraordin\u00e1rias\",\"isPartOf\":{\"@id\":\"https:\/\/www.blumarturismo.com.br\/blog\/#website\"},\"primaryImageOfPage\":{\"@id\":\"https:\/\/www.blumarturismo.com.br\/blog\/dezembro-laranja-2025-blumar-turismo-reforca-seu-compromisso-com-a-prevencao-ao-cancer-de-pele\/#primaryimage\"},\"image\":{\"@id\":\"https:\/\/www.blumarturismo.com.br\/blog\/dezembro-laranja-2025-blumar-turismo-reforca-seu-compromisso-com-a-prevencao-ao-cancer-de-pele\/#primaryimage\"},\"thumbnailUrl\":\"https:\/\/www.blumarturismo.com.br\/blog\/wp-content\/uploads\/2025\/12\/01_Foto_equipe_completa-scaled.jpg\",\"datePublished\":\"2025-12-02T14:34:35+00:00\",\"dateModified\":\"2025-12-02T16:07:06+00:00\",\"description\":\"Dezembro Laranja 2025 Blumar Turismo - Refor\u00e7amos nosso compromisso com a preven\u00e7\u00e3o ao c\u00e2ncer de pele e temos orgulho de apoiar mais uma edi\u00e7\u00e3o da campanha promovida pela Sociedade Brasileira de Dermatologia (SBD).\",\"breadcrumb\":{\"@id\":\"https:\/\/www.blumarturismo.com.br\/blog\/dezembro-laranja-2025-blumar-turismo-reforca-seu-compromisso-com-a-prevencao-ao-cancer-de-pele\/#breadcrumb\"},\"inLanguage\":\"pt-BR\",\"potentialAction\":[{\"@type\":\"ReadAction\",\"target\":[\"https:\/\/www.blumarturismo.com.br\/blog\/dezembro-laranja-2025-blumar-turismo-reforca-seu-compromisso-com-a-prevencao-ao-cancer-de-pele\/\"]}]},{\"@type\":\"ImageObject\",\"inLanguage\":\"pt-BR\",\"@id\":\"https:\/\/www.blumarturismo.com.br\/blog\/dezembro-laranja-2025-blumar-turismo-reforca-seu-compromisso-com-a-prevencao-ao-cancer-de-pele\/#primaryimage\",\"url\":\"https:\/\/www.blumarturismo.com.br\/blog\/wp-content\/uploads\/2025\/12\/01_Foto_equipe_completa-scaled.jpg\",\"contentUrl\":\"https:\/\/www.blumarturismo.com.br\/blog\/wp-content\/uploads\/2025\/12\/01_Foto_equipe_completa-scaled.jpg\",\"width\":2560,\"height\":1441,\"caption\":\"Foto: Divulga\u00e7\u00e3o \/ Blumar Turismo\"},{\"@type\":\"BreadcrumbList\",\"@id\":\"https:\/\/www.blumarturismo.com.br\/blog\/dezembro-laranja-2025-blumar-turismo-reforca-seu-compromisso-com-a-prevencao-ao-cancer-de-pele\/#breadcrumb\",\"itemListElement\":[{\"@type\":\"ListItem\",\"position\":1,\"name\":\"In\u00edcio\",\"item\":\"https:\/\/www.blumarturismo.com.br\/blog\/\"},{\"@type\":\"ListItem\",\"position\":2,\"name\":\"Dezembro Laranja 2025 &#8211; Blumar Turismo refor\u00e7a seu compromisso com a preven\u00e7\u00e3o ao c\u00e2ncer de pele\"}]},{\"@type\":\"WebSite\",\"@id\":\"https:\/\/www.blumarturismo.com.br\/blog\/#website\",\"url\":\"https:\/\/www.blumarturismo.com.br\/blog\/\",\"name\":\"Blog Blumar Turismo: O Seu Portal para Viagens Extraordin\u00e1rias\",\"description\":\"Viajar \u00e9 nossa paix\u00e3o e expertise, e agora compartilhamos isso com voc\u00ea atrav\u00e9s do nosso blog. Com mais de 30 anos de hist\u00f3ria, a Blumar Turismo \u00e9 seu parceiro confi\u00e1vel para aventuras memor\u00e1veis. Explore conosco\",\"publisher\":{\"@id\":\"https:\/\/www.blumarturismo.com.br\/blog\/#organization\"},\"potentialAction\":[{\"@type\":\"SearchAction\",\"target\":{\"@type\":\"EntryPoint\",\"urlTemplate\":\"https:\/\/www.blumarturismo.com.br\/blog\/?s={search_term_string}\"},\"query-input\":{\"@type\":\"PropertyValueSpecification\",\"valueRequired\":true,\"valueName\":\"search_term_string\"}}],\"inLanguage\":\"pt-BR\"},{\"@type\":\"Organization\",\"@id\":\"https:\/\/www.blumarturismo.com.br\/blog\/#organization\",\"name\":\"Blumar Turismo\",\"url\":\"https:\/\/www.blumarturismo.com.br\/blog\/\",\"logo\":{\"@type\":\"ImageObject\",\"inLanguage\":\"pt-BR\",\"@id\":\"https:\/\/www.blumarturismo.com.br\/blog\/#\/schema\/logo\/image\/\",\"url\":\"https:\/\/www.blumarturismo.com.br\/blog\/wp-content\/uploads\/2020\/11\/cropped-logo_blumar_nacional2-2.jpg\",\"contentUrl\":\"https:\/\/www.blumarturismo.com.br\/blog\/wp-content\/uploads\/2020\/11\/cropped-logo_blumar_nacional2-2.jpg\",\"width\":167,\"height\":50,\"caption\":\"Blumar Turismo\"},\"image\":{\"@id\":\"https:\/\/www.blumarturismo.com.br\/blog\/#\/schema\/logo\/image\/\"},\"sameAs\":[\"https:\/\/www.facebook.com\/blumarviagenseturismo\",\"https:\/\/www.instagram.com\/blumarturismo\/\"]},{\"@type\":\"Person\",\"@id\":\"https:\/\/www.blumarturismo.com.br\/blog\/#\/schema\/person\/8c5b522f6a79142bafca484c4604fba7\",\"name\":\"Blumar Turismo\",\"image\":{\"@type\":\"ImageObject\",\"inLanguage\":\"pt-BR\",\"@id\":\"https:\/\/www.blumarturismo.com.br\/blog\/#\/schema\/person\/image\/\",\"url\":\"https:\/\/secure.gravatar.com\/avatar\/18a47e99a2b3ce558e7834aabf1bb475e0ae3a970dea40e74a2d2b71531fbe3b?s=96&d=mm&r=g\",\"contentUrl\":\"https:\/\/secure.gravatar.com\/avatar\/18a47e99a2b3ce558e7834aabf1bb475e0ae3a970dea40e74a2d2b71531fbe3b?s=96&d=mm&r=g\",\"caption\":\"Blumar Turismo\"},\"description\":\"Com uma trajet\u00f3ria consolidada de mais de 30 anos no setor de turismo, a Blumar Turismo se estabeleceu como l\u00edder gra\u00e7as ao seu compromisso cont\u00ednuo com a qualidade e satisfa\u00e7\u00e3o do cliente. Nossa experi\u00eancia traduz-se em viagens que v\u00e3o al\u00e9m da expectativa. Nosso Legado: 1. Expertise e Excel\u00eancia: Com tr\u00eas d\u00e9cadas de dedica\u00e7\u00e3o, aprofundamos nossa expertise para oferecer servi\u00e7os de viagem personalizados e de alto padr\u00e3o. Cada viagem, seja econ\u00f4mica ou de luxo, \u00e9 meticulosamente projetada para garantir experi\u00eancias not\u00e1veis. 2. Vanguarda em Inova\u00e7\u00e3o e Tecnologia: Nossa miss\u00e3o \u00e9 sempre liderar, incorporando as solu\u00e7\u00f5es mais avan\u00e7adas em produtos e tecnologias. A inova\u00e7\u00e3o \u00e9 intr\u00ednseca \u00e0 Blumar, permitindo-nos aprimorar constantemente a experi\u00eancia de viagem de nossos clientes. 3. Nossa Equipe, Nosso Diferencial: O verdadeiro motor da Blumar Turismo \u00e9 nossa equipe de profissionais. Com paix\u00e3o e dedica\u00e7\u00e3o, eles garantem que cada itiner\u00e1rio se transforme em uma experi\u00eancia \u00fanica e memor\u00e1vel. Seu comprometimento \u00e9 o que nos faz ganhar a confian\u00e7a de nossos clientes repetidamente. Na Blumar, n\u00e3o se trata apenas de vender pacotes de viagem, mas de projetar experi\u00eancias. Nossos roteiros prometem criar mem\u00f3rias duradouras, proporcionando viagens ricas em descobertas e emo\u00e7\u00f5es. Cremos que viajar \u00e9 uma forma de enriquecimento pessoal, explorando novas perspectivas e redefinindo-se a cada novo destino. Explore o mundo com a Blumar Turismo e torne sua jornada verdadeiramente extraordin\u00e1ria.\",\"sameAs\":[\"https:\/\/www.facebook.com\/blumarviagenseturismo\",\"https:\/\/www.instagram.com\/blumarturismo\/\",\"https:\/\/www.linkedin.com\/company\/blumar-turismo\/\",\"https:\/\/www.youtube.com\/@BlumarTurismo\"],\"award\":[\"2002 | 7th World Petroleum Congress & Rio Oil & Gas Expo\",\"2003 | 27\u00ba International Congress on Occupational Health - ICOH\",\"2004 | IOF World Congress on Osteoporosis 2004\",\"2005 | XXV Brazilian Congress on Rheumatology\",\"2006 | 3rd World Congress on AIDS\",\"2007 | 66th FIP Congress of Pharmacy and Pharmaceutical Sciences\",\"2008 | 62\u00ba Congresso Brasileiro de Cardiologia\",\"2009 | 3rd World Congress of Pediatric Gastroenterology Hepatology and Nutrition\",\"2010 | Pr\u00eamio Caio da D\u00e9cada - Jacar\u00e9 de Diamante - pelo 3rd World Congress on AIDS\",\"2011 | XIV Congresso SOBRICE\",\"2012 | XVIII Congresso da Sociedade Brasileira de Diabetes\",\"2013 | 67\u00ba Congresso da Sociedade Brasileira de Dermatologia\",\"2016 | Congresso Mundial da Propriedade Intelectual da AIPPI\"],\"knowsAbout\":[\"Turismo de Luxo\",\"Consultoria Personalizada\",\"Opera\u00e7\u00e3o de Programas Tur\u00edsticos Customizados\",\"Tours Variados\",\"Sele\u00e7\u00e3o de Hot\u00e9is e Experi\u00eancias Inesquec\u00edveis\"],\"knowsLanguage\":[\"Ingles\",\"Portugu\u00eas\",\"Espanhol\"],\"jobTitle\":\"Operadora de Turismo e Ag\u00eancia de Viagens\",\"worksFor\":\"Blumar Turismo\",\"url\":\"https:\/\/www.blumarturismo.com.br\/blog\/author\/guilherme\/\"}]}<\/script>\n<!-- \/ Yoast SEO Premium plugin. -->","yoast_head_json":{"title":"Dezembro Laranja 2025 - Blumar Turismo refor\u00e7a seu compromisso com a preven\u00e7\u00e3o ao c\u00e2ncer de pele - Blog Blumar Turismo: O Seu Portal para Viagens Extraordin\u00e1rias","description":"Dezembro Laranja 2025 Blumar Turismo - Refor\u00e7amos nosso compromisso com a preven\u00e7\u00e3o ao c\u00e2ncer de pele e temos orgulho de apoiar mais uma edi\u00e7\u00e3o da campanha promovida pela Sociedade Brasileira de Dermatologia (SBD).","robots":{"index":"index","follow":"follow","max-snippet":"max-snippet:-1","max-image-preview":"max-image-preview:large","max-video-preview":"max-video-preview:-1"},"canonical":"https:\/\/www.blumarturismo.com.br\/blog\/dezembro-laranja-2025-blumar-turismo-reforca-seu-compromisso-com-a-prevencao-ao-cancer-de-pele\/","og_locale":"pt_BR","og_type":"article","og_title":"Dezembro Laranja 2025 - Blumar Turismo refor\u00e7a seu compromisso com a preven\u00e7\u00e3o ao c\u00e2ncer de pele","og_description":"Dezembro Laranja 2025 Blumar Turismo - Refor\u00e7amos nosso compromisso com a preven\u00e7\u00e3o ao c\u00e2ncer de pele e temos orgulho de apoiar mais uma edi\u00e7\u00e3o da campanha promovida pela Sociedade Brasileira de Dermatologia (SBD).","og_url":"https:\/\/www.blumarturismo.com.br\/blog\/dezembro-laranja-2025-blumar-turismo-reforca-seu-compromisso-com-a-prevencao-ao-cancer-de-pele\/","og_site_name":"Blog Blumar Turismo: O Seu Portal para Viagens Extraordin\u00e1rias","article_publisher":"https:\/\/www.facebook.com\/blumarviagenseturismo","article_author":"https:\/\/www.facebook.com\/blumarviagenseturismo","article_published_time":"2025-12-02T14:34:35+00:00","article_modified_time":"2025-12-02T16:07:06+00:00","og_image":[{"width":2560,"height":1441,"url":"https:\/\/www.blumarturismo.com.br\/blog\/wp-content\/uploads\/2025\/12\/01_Foto_equipe_completa-scaled.jpg","type":"image\/jpeg"}],"author":"Blumar Turismo","twitter_card":"summary_large_image","twitter_misc":{"Escrito por":"Blumar Turismo","Est. tempo de leitura":"73 minutos"},"schema":{"@context":"https:\/\/schema.org","@graph":[{"@type":"Article","@id":"https:\/\/www.blumarturismo.com.br\/blog\/dezembro-laranja-2025-blumar-turismo-reforca-seu-compromisso-com-a-prevencao-ao-cancer-de-pele\/#article","isPartOf":{"@id":"https:\/\/www.blumarturismo.com.br\/blog\/dezembro-laranja-2025-blumar-turismo-reforca-seu-compromisso-com-a-prevencao-ao-cancer-de-pele\/"},"author":{"name":"Blumar Turismo","@id":"https:\/\/www.blumarturismo.com.br\/blog\/#\/schema\/person\/8c5b522f6a79142bafca484c4604fba7"},"headline":"Dezembro Laranja 2025 &#8211; Blumar Turismo refor\u00e7a seu compromisso com a preven\u00e7\u00e3o ao c\u00e2ncer de pele","datePublished":"2025-12-02T14:34:35+00:00","dateModified":"2025-12-02T16:07:06+00:00","mainEntityOfPage":{"@id":"https:\/\/www.blumarturismo.com.br\/blog\/dezembro-laranja-2025-blumar-turismo-reforca-seu-compromisso-com-a-prevencao-ao-cancer-de-pele\/"},"wordCount":1863,"commentCount":0,"publisher":{"@id":"https:\/\/www.blumarturismo.com.br\/blog\/#organization"},"image":{"@id":"https:\/\/www.blumarturismo.com.br\/blog\/dezembro-laranja-2025-blumar-turismo-reforca-seu-compromisso-com-a-prevencao-ao-cancer-de-pele\/#primaryimage"},"thumbnailUrl":"https:\/\/www.blumarturismo.com.br\/blog\/wp-content\/uploads\/2025\/12\/01_Foto_equipe_completa-scaled.jpg","articleSection":["Eventos &amp; Festivais"],"inLanguage":"pt-BR","potentialAction":[{"@type":"CommentAction","name":"Comment","target":["https:\/\/www.blumarturismo.com.br\/blog\/dezembro-laranja-2025-blumar-turismo-reforca-seu-compromisso-com-a-prevencao-ao-cancer-de-pele\/#respond"]}]},{"@type":"WebPage","@id":"https:\/\/www.blumarturismo.com.br\/blog\/dezembro-laranja-2025-blumar-turismo-reforca-seu-compromisso-com-a-prevencao-ao-cancer-de-pele\/","url":"https:\/\/www.blumarturismo.com.br\/blog\/dezembro-laranja-2025-blumar-turismo-reforca-seu-compromisso-com-a-prevencao-ao-cancer-de-pele\/","name":"Dezembro Laranja 2025 - Blumar Turismo refor\u00e7a seu compromisso com a preven\u00e7\u00e3o ao c\u00e2ncer de pele - Blog Blumar Turismo: O Seu Portal para Viagens Extraordin\u00e1rias","isPartOf":{"@id":"https:\/\/www.blumarturismo.com.br\/blog\/#website"},"primaryImageOfPage":{"@id":"https:\/\/www.blumarturismo.com.br\/blog\/dezembro-laranja-2025-blumar-turismo-reforca-seu-compromisso-com-a-prevencao-ao-cancer-de-pele\/#primaryimage"},"image":{"@id":"https:\/\/www.blumarturismo.com.br\/blog\/dezembro-laranja-2025-blumar-turismo-reforca-seu-compromisso-com-a-prevencao-ao-cancer-de-pele\/#primaryimage"},"thumbnailUrl":"https:\/\/www.blumarturismo.com.br\/blog\/wp-content\/uploads\/2025\/12\/01_Foto_equipe_completa-scaled.jpg","datePublished":"2025-12-02T14:34:35+00:00","dateModified":"2025-12-02T16:07:06+00:00","description":"Dezembro Laranja 2025 Blumar Turismo - Refor\u00e7amos nosso compromisso com a preven\u00e7\u00e3o ao c\u00e2ncer de pele e temos orgulho de apoiar mais uma edi\u00e7\u00e3o da campanha promovida pela Sociedade Brasileira de Dermatologia (SBD).","breadcrumb":{"@id":"https:\/\/www.blumarturismo.com.br\/blog\/dezembro-laranja-2025-blumar-turismo-reforca-seu-compromisso-com-a-prevencao-ao-cancer-de-pele\/#breadcrumb"},"inLanguage":"pt-BR","potentialAction":[{"@type":"ReadAction","target":["https:\/\/www.blumarturismo.com.br\/blog\/dezembro-laranja-2025-blumar-turismo-reforca-seu-compromisso-com-a-prevencao-ao-cancer-de-pele\/"]}]},{"@type":"ImageObject","inLanguage":"pt-BR","@id":"https:\/\/www.blumarturismo.com.br\/blog\/dezembro-laranja-2025-blumar-turismo-reforca-seu-compromisso-com-a-prevencao-ao-cancer-de-pele\/#primaryimage","url":"https:\/\/www.blumarturismo.com.br\/blog\/wp-content\/uploads\/2025\/12\/01_Foto_equipe_completa-scaled.jpg","contentUrl":"https:\/\/www.blumarturismo.com.br\/blog\/wp-content\/uploads\/2025\/12\/01_Foto_equipe_completa-scaled.jpg","width":2560,"height":1441,"caption":"Foto: Divulga\u00e7\u00e3o \/ Blumar Turismo"},{"@type":"BreadcrumbList","@id":"https:\/\/www.blumarturismo.com.br\/blog\/dezembro-laranja-2025-blumar-turismo-reforca-seu-compromisso-com-a-prevencao-ao-cancer-de-pele\/#breadcrumb","itemListElement":[{"@type":"ListItem","position":1,"name":"In\u00edcio","item":"https:\/\/www.blumarturismo.com.br\/blog\/"},{"@type":"ListItem","position":2,"name":"Dezembro Laranja 2025 &#8211; Blumar Turismo refor\u00e7a seu compromisso com a preven\u00e7\u00e3o ao c\u00e2ncer de pele"}]},{"@type":"WebSite","@id":"https:\/\/www.blumarturismo.com.br\/blog\/#website","url":"https:\/\/www.blumarturismo.com.br\/blog\/","name":"Blog Blumar Turismo: O Seu Portal para Viagens Extraordin\u00e1rias","description":"Viajar \u00e9 nossa paix\u00e3o e expertise, e agora compartilhamos isso com voc\u00ea atrav\u00e9s do nosso blog. Com mais de 30 anos de hist\u00f3ria, a Blumar Turismo \u00e9 seu parceiro confi\u00e1vel para aventuras memor\u00e1veis. Explore conosco","publisher":{"@id":"https:\/\/www.blumarturismo.com.br\/blog\/#organization"},"potentialAction":[{"@type":"SearchAction","target":{"@type":"EntryPoint","urlTemplate":"https:\/\/www.blumarturismo.com.br\/blog\/?s={search_term_string}"},"query-input":{"@type":"PropertyValueSpecification","valueRequired":true,"valueName":"search_term_string"}}],"inLanguage":"pt-BR"},{"@type":"Organization","@id":"https:\/\/www.blumarturismo.com.br\/blog\/#organization","name":"Blumar Turismo","url":"https:\/\/www.blumarturismo.com.br\/blog\/","logo":{"@type":"ImageObject","inLanguage":"pt-BR","@id":"https:\/\/www.blumarturismo.com.br\/blog\/#\/schema\/logo\/image\/","url":"https:\/\/www.blumarturismo.com.br\/blog\/wp-content\/uploads\/2020\/11\/cropped-logo_blumar_nacional2-2.jpg","contentUrl":"https:\/\/www.blumarturismo.com.br\/blog\/wp-content\/uploads\/2020\/11\/cropped-logo_blumar_nacional2-2.jpg","width":167,"height":50,"caption":"Blumar Turismo"},"image":{"@id":"https:\/\/www.blumarturismo.com.br\/blog\/#\/schema\/logo\/image\/"},"sameAs":["https:\/\/www.facebook.com\/blumarviagenseturismo","https:\/\/www.instagram.com\/blumarturismo\/"]},{"@type":"Person","@id":"https:\/\/www.blumarturismo.com.br\/blog\/#\/schema\/person\/8c5b522f6a79142bafca484c4604fba7","name":"Blumar Turismo","image":{"@type":"ImageObject","inLanguage":"pt-BR","@id":"https:\/\/www.blumarturismo.com.br\/blog\/#\/schema\/person\/image\/","url":"https:\/\/secure.gravatar.com\/avatar\/18a47e99a2b3ce558e7834aabf1bb475e0ae3a970dea40e74a2d2b71531fbe3b?s=96&d=mm&r=g","contentUrl":"https:\/\/secure.gravatar.com\/avatar\/18a47e99a2b3ce558e7834aabf1bb475e0ae3a970dea40e74a2d2b71531fbe3b?s=96&d=mm&r=g","caption":"Blumar Turismo"},"description":"Com uma trajet\u00f3ria consolidada de mais de 30 anos no setor de turismo, a Blumar Turismo se estabeleceu como l\u00edder gra\u00e7as ao seu compromisso cont\u00ednuo com a qualidade e satisfa\u00e7\u00e3o do cliente. Nossa experi\u00eancia traduz-se em viagens que v\u00e3o al\u00e9m da expectativa. Nosso Legado: 1. Expertise e Excel\u00eancia: Com tr\u00eas d\u00e9cadas de dedica\u00e7\u00e3o, aprofundamos nossa expertise para oferecer servi\u00e7os de viagem personalizados e de alto padr\u00e3o. Cada viagem, seja econ\u00f4mica ou de luxo, \u00e9 meticulosamente projetada para garantir experi\u00eancias not\u00e1veis. 2. Vanguarda em Inova\u00e7\u00e3o e Tecnologia: Nossa miss\u00e3o \u00e9 sempre liderar, incorporando as solu\u00e7\u00f5es mais avan\u00e7adas em produtos e tecnologias. A inova\u00e7\u00e3o \u00e9 intr\u00ednseca \u00e0 Blumar, permitindo-nos aprimorar constantemente a experi\u00eancia de viagem de nossos clientes. 3. Nossa Equipe, Nosso Diferencial: O verdadeiro motor da Blumar Turismo \u00e9 nossa equipe de profissionais. Com paix\u00e3o e dedica\u00e7\u00e3o, eles garantem que cada itiner\u00e1rio se transforme em uma experi\u00eancia \u00fanica e memor\u00e1vel. Seu comprometimento \u00e9 o que nos faz ganhar a confian\u00e7a de nossos clientes repetidamente. Na Blumar, n\u00e3o se trata apenas de vender pacotes de viagem, mas de projetar experi\u00eancias. Nossos roteiros prometem criar mem\u00f3rias duradouras, proporcionando viagens ricas em descobertas e emo\u00e7\u00f5es. Cremos que viajar \u00e9 uma forma de enriquecimento pessoal, explorando novas perspectivas e redefinindo-se a cada novo destino. Explore o mundo com a Blumar Turismo e torne sua jornada verdadeiramente extraordin\u00e1ria.","sameAs":["https:\/\/www.facebook.com\/blumarviagenseturismo","https:\/\/www.instagram.com\/blumarturismo\/","https:\/\/www.linkedin.com\/company\/blumar-turismo\/","https:\/\/www.youtube.com\/@BlumarTurismo"],"award":["2002 | 7th World Petroleum Congress & Rio Oil & Gas Expo","2003 | 27\u00ba International Congress on Occupational Health - ICOH","2004 | IOF World Congress on Osteoporosis 2004","2005 | XXV Brazilian Congress on Rheumatology","2006 | 3rd World Congress on AIDS","2007 | 66th FIP Congress of Pharmacy and Pharmaceutical Sciences","2008 | 62\u00ba Congresso Brasileiro de Cardiologia","2009 | 3rd World Congress of Pediatric Gastroenterology Hepatology and Nutrition","2010 | Pr\u00eamio Caio da D\u00e9cada - Jacar\u00e9 de Diamante - pelo 3rd World Congress on AIDS","2011 | XIV Congresso SOBRICE","2012 | XVIII Congresso da Sociedade Brasileira de Diabetes","2013 | 67\u00ba Congresso da Sociedade Brasileira de Dermatologia","2016 | Congresso Mundial da Propriedade Intelectual da AIPPI"],"knowsAbout":["Turismo de Luxo","Consultoria Personalizada","Opera\u00e7\u00e3o de Programas Tur\u00edsticos Customizados","Tours Variados","Sele\u00e7\u00e3o de Hot\u00e9is e Experi\u00eancias Inesquec\u00edveis"],"knowsLanguage":["Ingles","Portugu\u00eas","Espanhol"],"jobTitle":"Operadora de Turismo e Ag\u00eancia de Viagens","worksFor":"Blumar Turismo","url":"https:\/\/www.blumarturismo.com.br\/blog\/author\/guilherme\/"}]}},"_links":{"self":[{"href":"https:\/\/www.blumarturismo.com.br\/blog\/wp-json\/wp\/v2\/posts\/72818","targetHints":{"allow":["GET"]}}],"collection":[{"href":"https:\/\/www.blumarturismo.com.br\/blog\/wp-json\/wp\/v2\/posts"}],"about":[{"href":"https:\/\/www.blumarturismo.com.br\/blog\/wp-json\/wp\/v2\/types\/post"}],"author":[{"embeddable":true,"href":"https:\/\/www.blumarturismo.com.br\/blog\/wp-json\/wp\/v2\/users\/10"}],"replies":[{"embeddable":true,"href":"https:\/\/www.blumarturismo.com.br\/blog\/wp-json\/wp\/v2\/comments?post=72818"}],"version-history":[{"count":35,"href":"https:\/\/www.blumarturismo.com.br\/blog\/wp-json\/wp\/v2\/posts\/72818\/revisions"}],"predecessor-version":[{"id":72860,"href":"https:\/\/www.blumarturismo.com.br\/blog\/wp-json\/wp\/v2\/posts\/72818\/revisions\/72860"}],"wp:featuredmedia":[{"embeddable":true,"href":"https:\/\/www.blumarturismo.com.br\/blog\/wp-json\/wp\/v2\/media\/72819"}],"wp:attachment":[{"href":"https:\/\/www.blumarturismo.com.br\/blog\/wp-json\/wp\/v2\/media?parent=72818"}],"wp:term":[{"taxonomy":"category","embeddable":true,"href":"https:\/\/www.blumarturismo.com.br\/blog\/wp-json\/wp\/v2\/categories?post=72818"},{"taxonomy":"post_tag","embeddable":true,"href":"https:\/\/www.blumarturismo.com.br\/blog\/wp-json\/wp\/v2\/tags?post=72818"}],"curies":[{"name":"wp","href":"https:\/\/api.w.org\/{rel}","templated":true}]}}