{"id":9194,"date":"2021-07-06T12:14:03","date_gmt":"2021-07-06T15:14:03","guid":{"rendered":"https:\/\/www.blumarturismo.com.br\/blog\/?p=9194"},"modified":"2025-03-24T09:52:00","modified_gmt":"2025-03-24T12:52:00","slug":"melhor-epoca-para-ir-a-praia-no-sudeste","status":"publish","type":"post","link":"https:\/\/www.blumarturismo.com.br\/blog\/melhor-epoca-para-ir-a-praia-no-sudeste\/","title":{"rendered":"Melhor \u00e9poca para ir a praia no Sudeste"},"content":{"rendered":"\t\t<div data-elementor-type=\"wp-post\" data-elementor-id=\"9194\" class=\"elementor elementor-9194\" data-elementor-post-type=\"post\">\n\t\t\t\t\t\t\t<div class=\"elementor-element elementor-element-46a4225 e-flex e-con-boxed e-con e-parent\" data-id=\"46a4225\" data-element_type=\"container\" data-settings=\"{&quot;content_width&quot;:&quot;boxed&quot;}\" data-core-v316-plus=\"true\">\n\t\t\t\t\t<div class=\"e-con-inner\">\n\t\t\t\t<div class=\"elementor-element elementor-element-849afb6 elementor-widget elementor-widget-text-editor\" data-id=\"849afb6\" data-element_type=\"widget\" data-widget_type=\"text-editor.default\">\n\t\t\t\t<div class=\"elementor-widget-container\">\n\t\t\t<style>\/*! elementor - v3.16.0 - 13-09-2023 *\/\n.elementor-widget-text-editor.elementor-drop-cap-view-stacked .elementor-drop-cap{background-color:#69727d;color:#fff}.elementor-widget-text-editor.elementor-drop-cap-view-framed .elementor-drop-cap{color:#69727d;border:3px solid;background-color:transparent}.elementor-widget-text-editor:not(.elementor-drop-cap-view-default) .elementor-drop-cap{margin-top:8px}.elementor-widget-text-editor:not(.elementor-drop-cap-view-default) .elementor-drop-cap-letter{width:1em;height:1em}.elementor-widget-text-editor .elementor-drop-cap{float:left;text-align:center;line-height:1;font-size:50px}.elementor-widget-text-editor .elementor-drop-cap-letter{display:inline-block}<\/style>\t\t\t\t<p>Descobrir a melhor \u00e9poca para ir \u00e0 praia no <strong><a href=\"https:\/\/www.blumarturismo.com.br\/blog\/descubra-as-principais-cidades-historicas-da-regiao-sudeste\/\">Sudeste do Brasil<\/a><\/strong> pode garantir que voc\u00ea aproveite ao m\u00e1ximo sua viagem. Com um clima diversificado e praias deslumbrantes, a regi\u00e3o oferece op\u00e7\u00f5es para todos os gostos. Vamos explorar as melhores \u00e9pocas para desfrutar do litoral sudestino.<\/p>\t\t\t\t\t\t<\/div>\n\t\t\t\t<\/div>\n\t\t\t\t<div class=\"elementor-element elementor-element-0d140f9 elementor-widget elementor-widget-heading\" data-id=\"0d140f9\" data-element_type=\"widget\" data-widget_type=\"heading.default\">\n\t\t\t\t<div class=\"elementor-widget-container\">\n\t\t\t<style>\/*! elementor - v3.16.0 - 13-09-2023 *\/\n.elementor-heading-title{padding:0;margin:0;line-height:1}.elementor-widget-heading .elementor-heading-title[class*=elementor-size-]>a{color:inherit;font-size:inherit;line-height:inherit}.elementor-widget-heading .elementor-heading-title.elementor-size-small{font-size:15px}.elementor-widget-heading .elementor-heading-title.elementor-size-medium{font-size:19px}.elementor-widget-heading .elementor-heading-title.elementor-size-large{font-size:29px}.elementor-widget-heading .elementor-heading-title.elementor-size-xl{font-size:39px}.elementor-widget-heading .elementor-heading-title.elementor-size-xxl{font-size:59px}<\/style><h2 class=\"elementor-heading-title elementor-size-large\">Vis\u00e3o Geral do Clima no Sudeste\n<\/h2>\t\t<\/div>\n\t\t\t\t<\/div>\n\t\t\t\t<div class=\"elementor-element elementor-element-3f35825 elementor-widget elementor-widget-text-editor\" data-id=\"3f35825\" data-element_type=\"widget\" data-widget_type=\"text-editor.default\">\n\t\t\t\t<div class=\"elementor-widget-container\">\n\t\t\t\t\t\t\t<p>O Sudeste brasileiro compreende os estados de <a href=\"https:\/\/www.blumarturismo.com.br\/blog\/hoteis-em-sao-paulo-4-estrelas-sua-porta-de-entrada-para-uma-experiencia-inesquecivel\/\">S\u00e3o Paulo<\/a>, <strong><a href=\"https:\/\/ofertas.blumarturismo.com.br\/melhores-hoteis-do-rio-de-janeiro\">Rio de Janeiro<\/a><\/strong>, Minas Gerais e Esp\u00edrito Santo. O clima da regi\u00e3o \u00e9 predominantemente tropical, com algumas varia\u00e7\u00f5es:<\/p><ul><li>Ver\u00e3o: Quente e \u00famido (dezembro a mar\u00e7o)<\/li><li>Inverno: Ameno e mais seco (junho a setembro)<\/li><li>Primavera e Outono: Temperaturas moderadas (abril-maio e outubro-novembro)<\/li><\/ul>\t\t\t\t\t\t<\/div>\n\t\t\t\t<\/div>\n\t\t\t\t\t<\/div>\n\t\t\t\t<\/div>\n\t\t<div class=\"elementor-element elementor-element-de5c4f2 e-flex e-con-boxed e-con e-parent\" data-id=\"de5c4f2\" data-element_type=\"container\" data-settings=\"{&quot;content_width&quot;:&quot;boxed&quot;}\" data-core-v316-plus=\"true\">\n\t\t\t\t\t<div class=\"e-con-inner\">\n\t\t\t\t<div class=\"elementor-element elementor-element-ecb0ca8 elementor-widget elementor-widget-heading\" data-id=\"ecb0ca8\" data-element_type=\"widget\" data-widget_type=\"heading.default\">\n\t\t\t\t<div class=\"elementor-widget-container\">\n\t\t\t<h2 class=\"elementor-heading-title elementor-size-large\">Melhor \u00c9poca por Estado\n<\/h2>\t\t<\/div>\n\t\t\t\t<\/div>\n\t\t\t\t<div class=\"elementor-element elementor-element-8387c76 elementor-widget elementor-widget-image\" data-id=\"8387c76\" data-element_type=\"widget\" data-widget_type=\"image.default\">\n\t\t\t\t<div class=\"elementor-widget-container\">\n\t\t\t<style>\/*! elementor - v3.16.0 - 13-09-2023 *\/\n.elementor-widget-image{text-align:center}.elementor-widget-image a{display:inline-block}.elementor-widget-image a img[src$=\".svg\"]{width:48px}.elementor-widget-image img{vertical-align:middle;display:inline-block}<\/style>\t\t\t\t\t\t\t\t\t<figure class=\"wp-caption\">\n\t\t\t\t\t\t\t\t\t\t<img loading=\"lazy\" decoding=\"async\" width=\"1000\" height=\"667\" src=\"https:\/\/www.blumarturismo.com.br\/blog\/wp-content\/uploads\/2023\/09\/Foto-Marcio-Pascale-Shutterstock.com_.jpg\" class=\"attachment-large size-large wp-image-60682\" alt=\"Foto: Marcio Pascale \/ Shutterstock.com\" srcset=\"https:\/\/www.blumarturismo.com.br\/blog\/wp-content\/uploads\/2023\/09\/Foto-Marcio-Pascale-Shutterstock.com_.jpg 1000w, https:\/\/www.blumarturismo.com.br\/blog\/wp-content\/uploads\/2023\/09\/Foto-Marcio-Pascale-Shutterstock.com_-300x200.jpg 300w, https:\/\/www.blumarturismo.com.br\/blog\/wp-content\/uploads\/2023\/09\/Foto-Marcio-Pascale-Shutterstock.com_-768x512.jpg 768w\" sizes=\"auto, (max-width: 1000px) 100vw, 1000px\" \/>\t\t\t\t\t\t\t\t\t\t\t<figcaption class=\"widget-image-caption wp-caption-text\">Foto: Marcio Pascale \/ Shutterstock.com<\/figcaption>\n\t\t\t\t\t\t\t\t\t\t<\/figure>\n\t\t\t\t\t\t\t\t\t<\/div>\n\t\t\t\t<\/div>\n\t\t\t\t\t<\/div>\n\t\t\t\t<\/div>\n\t\t<div class=\"elementor-element elementor-element-b911b3f e-flex e-con-boxed e-con e-parent\" data-id=\"b911b3f\" data-element_type=\"container\" data-settings=\"{&quot;content_width&quot;:&quot;boxed&quot;}\" data-core-v316-plus=\"true\">\n\t\t\t\t\t<div class=\"e-con-inner\">\n\t\t<div class=\"elementor-element elementor-element-a2b8815 e-con-full e-flex e-con e-child\" data-id=\"a2b8815\" data-element_type=\"container\" data-settings=\"{&quot;content_width&quot;:&quot;full&quot;}\">\n\t\t\t\t<div class=\"elementor-element elementor-element-b5193fd elementor-widget elementor-widget-heading\" data-id=\"b5193fd\" data-element_type=\"widget\" data-widget_type=\"heading.default\">\n\t\t\t\t<div class=\"elementor-widget-container\">\n\t\t\t<h3 class=\"elementor-heading-title elementor-size-medium\">S\u00e3o Paulo\n<\/h3>\t\t<\/div>\n\t\t\t\t<\/div>\n\t\t\t\t<div class=\"elementor-element elementor-element-aced829 elementor-widget elementor-widget-text-editor\" data-id=\"aced829\" data-element_type=\"widget\" data-widget_type=\"text-editor.default\">\n\t\t\t\t<div class=\"elementor-widget-container\">\n\t\t\t\t\t\t\t<ul><li>Per\u00edodo Ideal: Dezembro a mar\u00e7o<\/li><li>Temperatura M\u00e9dia: 25\u00b0C a 30\u00b0C<\/li><li>Praias Populares: Ubatuba, Ilhabela, Guaruj\u00e1<\/li><\/ul>\t\t\t\t\t\t<\/div>\n\t\t\t\t<\/div>\n\t\t\t\t<\/div>\n\t\t<div class=\"elementor-element elementor-element-6286269 e-con-full e-flex e-con e-child\" data-id=\"6286269\" data-element_type=\"container\" data-settings=\"{&quot;content_width&quot;:&quot;full&quot;}\">\n\t\t\t\t<div class=\"elementor-element elementor-element-e967b2c elementor-widget elementor-widget-heading\" data-id=\"e967b2c\" data-element_type=\"widget\" data-widget_type=\"heading.default\">\n\t\t\t\t<div class=\"elementor-widget-container\">\n\t\t\t<h3 class=\"elementor-heading-title elementor-size-medium\">Rio de Janeiro\n<\/h3>\t\t<\/div>\n\t\t\t\t<\/div>\n\t\t\t\t<div class=\"elementor-element elementor-element-c5c0289 elementor-widget elementor-widget-text-editor\" data-id=\"c5c0289\" data-element_type=\"widget\" data-widget_type=\"text-editor.default\">\n\t\t\t\t<div class=\"elementor-widget-container\">\n\t\t\t\t\t\t\t<ul><li>Per\u00edodo Ideal: Novembro a abril<\/li><li>Temperatura M\u00e9dia: 26\u00b0C a 32\u00b0C<\/li><li>Praias Populares: Copacabana, Ipanema, B\u00fazios<\/li><\/ul>\t\t\t\t\t\t<\/div>\n\t\t\t\t<\/div>\n\t\t\t\t<\/div>\n\t\t<div class=\"elementor-element elementor-element-596af79 e-con-full e-flex e-con e-child\" data-id=\"596af79\" data-element_type=\"container\" data-settings=\"{&quot;content_width&quot;:&quot;full&quot;}\">\n\t\t\t\t<div class=\"elementor-element elementor-element-eed598d elementor-widget elementor-widget-heading\" data-id=\"eed598d\" data-element_type=\"widget\" data-widget_type=\"heading.default\">\n\t\t\t\t<div class=\"elementor-widget-container\">\n\t\t\t<h3 class=\"elementor-heading-title elementor-size-medium\">Esp\u00edrito Santo\n<\/h3>\t\t<\/div>\n\t\t\t\t<\/div>\n\t\t\t\t<div class=\"elementor-element elementor-element-c0184ae elementor-widget elementor-widget-text-editor\" data-id=\"c0184ae\" data-element_type=\"widget\" data-widget_type=\"text-editor.default\">\n\t\t\t\t<div class=\"elementor-widget-container\">\n\t\t\t\t\t\t\t<ul><li>Per\u00edodo Ideal: Dezembro a mar\u00e7o<\/li><li>Temperatura M\u00e9dia: 24\u00b0C a 30\u00b0C<\/li><li>Praias Populares: Guarapari, Vila Velha, Vit\u00f3ria<\/li><\/ul>\t\t\t\t\t\t<\/div>\n\t\t\t\t<\/div>\n\t\t\t\t<\/div>\n\t\t<div class=\"elementor-element elementor-element-ce55ec4 e-con-full e-flex e-con e-child\" data-id=\"ce55ec4\" data-element_type=\"container\" data-settings=\"{&quot;content_width&quot;:&quot;full&quot;}\">\n\t\t\t\t<div class=\"elementor-element elementor-element-248f655 elementor-widget elementor-widget-heading\" data-id=\"248f655\" data-element_type=\"widget\" data-widget_type=\"heading.default\">\n\t\t\t\t<div class=\"elementor-widget-container\">\n\t\t\t<h3 class=\"elementor-heading-title elementor-size-medium\">Minas Gerais (Praias de \u00c1gua Doce)\n<\/h3>\t\t<\/div>\n\t\t\t\t<\/div>\n\t\t\t\t<div class=\"elementor-element elementor-element-4c639b4 elementor-widget elementor-widget-text-editor\" data-id=\"4c639b4\" data-element_type=\"widget\" data-widget_type=\"text-editor.default\">\n\t\t\t\t<div class=\"elementor-widget-container\">\n\t\t\t\t\t\t\t<ul><li>Per\u00edodo Ideal: Setembro a mar\u00e7o<\/li><li>Temperatura M\u00e9dia: 22\u00b0C a 28\u00b0C<\/li><li>Destinos Populares: Capit\u00f3lio, Escarpas do Lago<\/li><\/ul>\t\t\t\t\t\t<\/div>\n\t\t\t\t<\/div>\n\t\t\t\t<\/div>\n\t\t\t\t\t<\/div>\n\t\t\t\t<\/div>\n\t\t<div class=\"elementor-element elementor-element-ddd511a e-flex e-con-boxed e-con e-parent\" data-id=\"ddd511a\" data-element_type=\"container\" data-settings=\"{&quot;content_width&quot;:&quot;boxed&quot;}\" data-core-v316-plus=\"true\">\n\t\t\t\t\t<div class=\"e-con-inner\">\n\t\t\t\t<div class=\"elementor-element elementor-element-7ec10c5 elementor-widget elementor-widget-heading\" data-id=\"7ec10c5\" data-element_type=\"widget\" data-widget_type=\"heading.default\">\n\t\t\t\t<div class=\"elementor-widget-container\">\n\t\t\t<h2 class=\"elementor-heading-title elementor-size-large\">Fatores a Considerar\n<\/h2>\t\t<\/div>\n\t\t\t\t<\/div>\n\t\t\t\t\t<\/div>\n\t\t\t\t<\/div>\n\t\t<div class=\"elementor-element elementor-element-188cc17 e-flex e-con-boxed e-con e-parent\" data-id=\"188cc17\" data-element_type=\"container\" data-settings=\"{&quot;content_width&quot;:&quot;boxed&quot;}\" data-core-v316-plus=\"true\">\n\t\t\t\t\t<div class=\"e-con-inner\">\n\t\t<div class=\"elementor-element elementor-element-0183b4c e-con-full e-flex e-con e-child\" data-id=\"0183b4c\" data-element_type=\"container\" data-settings=\"{&quot;content_width&quot;:&quot;full&quot;}\">\n\t\t\t\t<div class=\"elementor-element elementor-element-1fa556c elementor-widget elementor-widget-text-editor\" data-id=\"1fa556c\" data-element_type=\"widget\" data-widget_type=\"text-editor.default\">\n\t\t\t\t<div class=\"elementor-widget-container\">\n\t\t\t\t\t\t\t<p><strong>1- Temperatura da \u00c1gua<\/strong><\/p><ul><li>Mais quente: Janeiro a mar\u00e7o<\/li><li>Mais fria: Julho a setembro<\/li><\/ul><p><strong>2- Chuvas<\/strong><\/p><ul><li>Esta\u00e7\u00e3o chuvosa: Dezembro a mar\u00e7o<\/li><li>Esta\u00e7\u00e3o seca: Junho a agosto<\/li><\/ul>\t\t\t\t\t\t<\/div>\n\t\t\t\t<\/div>\n\t\t\t\t<\/div>\n\t\t<div class=\"elementor-element elementor-element-cac8c7a e-con-full e-flex e-con e-child\" data-id=\"cac8c7a\" data-element_type=\"container\" data-settings=\"{&quot;content_width&quot;:&quot;full&quot;}\">\n\t\t\t\t<div class=\"elementor-element elementor-element-8f2c7d3 elementor-widget elementor-widget-text-editor\" data-id=\"8f2c7d3\" data-element_type=\"widget\" data-widget_type=\"text-editor.default\">\n\t\t\t\t<div class=\"elementor-widget-container\">\n\t\t\t\t\t\t\t<p><strong>3- Movimento Tur\u00edstico<\/strong><\/p><ul><li>Alta temporada: Dezembro a fevereiro<\/li><li>Baixa temporada: Maio a setembro<\/li><\/ul><p><strong>4- Eventos e Feriados<\/strong><\/p><ul><li>Carnaval: Fevereiro\/Mar\u00e7o (datas vari\u00e1veis)<\/li><li>R\u00e9veillon: 31 de dezembro<\/li><\/ul>\t\t\t\t\t\t<\/div>\n\t\t\t\t<\/div>\n\t\t\t\t<\/div>\n\t\t\t\t\t<\/div>\n\t\t\t\t<\/div>\n\t\t<div class=\"elementor-element elementor-element-6eaaef9 e-flex e-con-boxed e-con e-parent\" data-id=\"6eaaef9\" data-element_type=\"container\" data-settings=\"{&quot;content_width&quot;:&quot;boxed&quot;}\" data-core-v316-plus=\"true\">\n\t\t\t\t\t<div class=\"e-con-inner\">\n\t\t\t\t<div class=\"elementor-element elementor-element-47c2eee elementor-widget elementor-widget-heading\" data-id=\"47c2eee\" data-element_type=\"widget\" data-widget_type=\"heading.default\">\n\t\t\t\t<div class=\"elementor-widget-container\">\n\t\t\t<h2 class=\"elementor-heading-title elementor-size-large\">Dicas para Cada Esta\u00e7\u00e3o\n<\/h2>\t\t<\/div>\n\t\t\t\t<\/div>\n\t\t\t\t<div class=\"elementor-element elementor-element-425d32d elementor-widget elementor-widget-image\" data-id=\"425d32d\" data-element_type=\"widget\" data-widget_type=\"image.default\">\n\t\t\t\t<div class=\"elementor-widget-container\">\n\t\t\t\t\t\t\t\t\t\t\t\t<figure class=\"wp-caption\">\n\t\t\t\t\t\t\t\t\t\t<img loading=\"lazy\" decoding=\"async\" width=\"1024\" height=\"683\" src=\"https:\/\/www.blumarturismo.com.br\/blog\/wp-content\/uploads\/2024\/06\/Thiago-Freitas-MTUR-2-1024x683.jpg\" class=\"attachment-large size-large wp-image-58136\" alt=\"Foto: Thiago Freitas \/ MTur\" srcset=\"https:\/\/www.blumarturismo.com.br\/blog\/wp-content\/uploads\/2024\/06\/Thiago-Freitas-MTUR-2-1024x683.jpg 1024w, https:\/\/www.blumarturismo.com.br\/blog\/wp-content\/uploads\/2024\/06\/Thiago-Freitas-MTUR-2-300x200.jpg 300w, https:\/\/www.blumarturismo.com.br\/blog\/wp-content\/uploads\/2024\/06\/Thiago-Freitas-MTUR-2-768x512.jpg 768w, https:\/\/www.blumarturismo.com.br\/blog\/wp-content\/uploads\/2024\/06\/Thiago-Freitas-MTUR-2-1536x1024.jpg 1536w, https:\/\/www.blumarturismo.com.br\/blog\/wp-content\/uploads\/2024\/06\/Thiago-Freitas-MTUR-2.jpg 2048w\" sizes=\"auto, (max-width: 1024px) 100vw, 1024px\" \/>\t\t\t\t\t\t\t\t\t\t\t<figcaption class=\"widget-image-caption wp-caption-text\">Foto: Thiago Freitas \/ MTur<\/figcaption>\n\t\t\t\t\t\t\t\t\t\t<\/figure>\n\t\t\t\t\t\t\t\t\t<\/div>\n\t\t\t\t<\/div>\n\t\t\t\t\t<\/div>\n\t\t\t\t<\/div>\n\t\t<div class=\"elementor-element elementor-element-78a8b75 e-flex e-con-boxed e-con e-parent\" data-id=\"78a8b75\" data-element_type=\"container\" data-settings=\"{&quot;content_width&quot;:&quot;boxed&quot;}\" data-core-v316-plus=\"true\">\n\t\t\t\t\t<div class=\"e-con-inner\">\n\t\t<div class=\"elementor-element elementor-element-dee8e75 e-con-full e-flex e-con e-child\" data-id=\"dee8e75\" data-element_type=\"container\" data-settings=\"{&quot;content_width&quot;:&quot;full&quot;}\">\n\t\t\t\t<div class=\"elementor-element elementor-element-6015d97 elementor-widget elementor-widget-heading\" data-id=\"6015d97\" data-element_type=\"widget\" data-widget_type=\"heading.default\">\n\t\t\t\t<div class=\"elementor-widget-container\">\n\t\t\t<h3 class=\"elementor-heading-title elementor-size-medium\">Ver\u00e3o (Dezembro a Mar\u00e7o)\n<\/h3>\t\t<\/div>\n\t\t\t\t<\/div>\n\t\t\t\t<div class=\"elementor-element elementor-element-bcd9807 elementor-widget elementor-widget-text-editor\" data-id=\"bcd9807\" data-element_type=\"widget\" data-widget_type=\"text-editor.default\">\n\t\t\t\t<div class=\"elementor-widget-container\">\n\t\t\t\t\t\t\t<p><strong>Pr\u00f3s:<\/strong><\/p><ul><li>\u00c1guas mais quentes<\/li><li>Clima ideal para praia<\/li><\/ul><p><strong>Contras:<\/strong><\/p><ul><li>Praias lotadas<\/li><li>Pre\u00e7os mais altos<\/li><\/ul><p><strong>Dica:<\/strong> Reserve com anteced\u00eancia<\/p>\t\t\t\t\t\t<\/div>\n\t\t\t\t<\/div>\n\t\t\t\t<\/div>\n\t\t<div class=\"elementor-element elementor-element-437c0fc e-con-full e-flex e-con e-child\" data-id=\"437c0fc\" data-element_type=\"container\" data-settings=\"{&quot;content_width&quot;:&quot;full&quot;}\">\n\t\t\t\t<div class=\"elementor-element elementor-element-6efe1ff elementor-widget elementor-widget-heading\" data-id=\"6efe1ff\" data-element_type=\"widget\" data-widget_type=\"heading.default\">\n\t\t\t\t<div class=\"elementor-widget-container\">\n\t\t\t<h3 class=\"elementor-heading-title elementor-size-medium\">Outono (Mar\u00e7o a Junho)\n<\/h3>\t\t<\/div>\n\t\t\t\t<\/div>\n\t\t\t\t<div class=\"elementor-element elementor-element-e63ac95 elementor-widget elementor-widget-text-editor\" data-id=\"e63ac95\" data-element_type=\"widget\" data-widget_type=\"text-editor.default\">\n\t\t\t\t<div class=\"elementor-widget-container\">\n\t\t\t\t\t\t\t<p><strong>Pr\u00f3s:<\/strong><\/p><ul><li>Menos turistas<\/li><li>Pre\u00e7os mais acess\u00edveis<\/li><\/ul><p><strong>Contras:<\/strong><\/p><ul><li>Possibilidade de chuvas<\/li><li>\u00c1guas mais frias<\/li><\/ul><p><strong>Dica:<\/strong> \u00d3timo para surfistas<\/p>\t\t\t\t\t\t<\/div>\n\t\t\t\t<\/div>\n\t\t\t\t<\/div>\n\t\t<div class=\"elementor-element elementor-element-1793f71 e-con-full e-flex e-con e-child\" data-id=\"1793f71\" data-element_type=\"container\" data-settings=\"{&quot;content_width&quot;:&quot;full&quot;}\">\n\t\t\t\t<div class=\"elementor-element elementor-element-b06bd88 elementor-widget elementor-widget-heading\" data-id=\"b06bd88\" data-element_type=\"widget\" data-widget_type=\"heading.default\">\n\t\t\t\t<div class=\"elementor-widget-container\">\n\t\t\t<h3 class=\"elementor-heading-title elementor-size-medium\">Inverno (Junho a Setembro)\n<\/h3>\t\t<\/div>\n\t\t\t\t<\/div>\n\t\t\t\t<div class=\"elementor-element elementor-element-8a2d6fe elementor-widget elementor-widget-text-editor\" data-id=\"8a2d6fe\" data-element_type=\"widget\" data-widget_type=\"text-editor.default\">\n\t\t\t\t<div class=\"elementor-widget-container\">\n\t\t\t\t\t\t\t<p><strong>Pr\u00f3s:<\/strong><\/p><ul><li>Praias mais tranquilas<\/li><li>\u00d3timo para observa\u00e7\u00e3o de baleias<\/li><\/ul><p><strong>Contras:<\/strong><\/p><ul><li>\u00c1guas mais frias<\/li><li>Alguns servi\u00e7os podem estar fechados<\/li><\/ul><p><strong>Dica:<\/strong> Ideal para caminhadas na praia<\/p>\t\t\t\t\t\t<\/div>\n\t\t\t\t<\/div>\n\t\t\t\t<\/div>\n\t\t<div class=\"elementor-element elementor-element-384b5ad e-con-full e-flex e-con e-child\" data-id=\"384b5ad\" data-element_type=\"container\" data-settings=\"{&quot;content_width&quot;:&quot;full&quot;}\">\n\t\t\t\t<div class=\"elementor-element elementor-element-bb8f423 elementor-widget elementor-widget-heading\" data-id=\"bb8f423\" data-element_type=\"widget\" data-widget_type=\"heading.default\">\n\t\t\t\t<div class=\"elementor-widget-container\">\n\t\t\t<h3 class=\"elementor-heading-title elementor-size-medium\">Primavera (Setembro a Dezembro)\n<\/h3>\t\t<\/div>\n\t\t\t\t<\/div>\n\t\t\t\t<div class=\"elementor-element elementor-element-f6cd8c6 elementor-widget elementor-widget-text-editor\" data-id=\"f6cd8c6\" data-element_type=\"widget\" data-widget_type=\"text-editor.default\">\n\t\t\t\t<div class=\"elementor-widget-container\">\n\t\t\t\t\t\t\t<p><strong>Pr\u00f3s:<\/strong><\/p><ul><li>Clima agrad\u00e1vel<\/li><li>Menos chuvas<\/li><\/ul><p><strong>Contras:<\/strong><\/p><ul><li>Aumento gradual dos pre\u00e7os<\/li><\/ul><p><strong>Dica:<\/strong> Perfeito para atividades ao ar livre<\/p>\t\t\t\t\t\t<\/div>\n\t\t\t\t<\/div>\n\t\t\t\t<\/div>\n\t\t\t\t\t<\/div>\n\t\t\t\t<\/div>\n\t\t<div class=\"elementor-element elementor-element-94d267d e-flex e-con-boxed e-con e-parent\" data-id=\"94d267d\" data-element_type=\"container\" data-settings=\"{&quot;content_width&quot;:&quot;boxed&quot;}\" data-core-v316-plus=\"true\">\n\t\t\t\t\t<div class=\"e-con-inner\">\n\t\t\t\t<div class=\"elementor-element elementor-element-50f4293 elementor-widget elementor-widget-heading\" data-id=\"50f4293\" data-element_type=\"widget\" data-widget_type=\"heading.default\">\n\t\t\t\t<div class=\"elementor-widget-container\">\n\t\t\t<h2 class=\"elementor-heading-title elementor-size-large\">Considera\u00e7\u00f5es Finais\n<\/h2>\t\t<\/div>\n\t\t\t\t<\/div>\n\t\t\t\t<div class=\"elementor-element elementor-element-dd7faa3 elementor-widget elementor-widget-text-editor\" data-id=\"dd7faa3\" data-element_type=\"widget\" data-widget_type=\"text-editor.default\">\n\t\t\t\t<div class=\"elementor-widget-container\">\n\t\t\t\t\t\t\t<p>A melhor \u00e9poca para ir \u00e0 praia no Sudeste depende muito do que voc\u00ea procura em sua viagem. Se preferir calor intenso e n\u00e3o se importar com multid\u00f5es, o ver\u00e3o \u00e9 ideal. Para quem busca tranquilidade e pre\u00e7os mais baixos, as esta\u00e7\u00f5es intermedi\u00e1rias podem ser a melhor escolha.<\/p><p>Lembre-se sempre de verificar a previs\u00e3o do tempo antes de viajar e estar preparado para mudan\u00e7as clim\u00e1ticas, especialmente nas esta\u00e7\u00f5es de transi\u00e7\u00e3o.<\/p>\t\t\t\t\t\t<\/div>\n\t\t\t\t<\/div>\n\t\t\t\t\t<\/div>\n\t\t\t\t<\/div>\n\t\t<div class=\"elementor-element elementor-element-dc3842d e-flex e-con-boxed e-con e-child\" data-id=\"dc3842d\" data-element_type=\"container\" data-settings=\"{&quot;content_width&quot;:&quot;boxed&quot;}\">\n\t\t\t\t\t<div class=\"e-con-inner\">\n\t\t\t\t<div class=\"elementor-element elementor-element-cbc1c3b elementor-widget elementor-widget-heading\" data-id=\"cbc1c3b\" data-element_type=\"widget\" data-widget_type=\"heading.default\">\n\t\t\t\t<div class=\"elementor-widget-container\">\n\t\t\t<h2 class=\"elementor-heading-title elementor-size-large\">Depoimentos de Quem Viveu a Experi\u00eancia<\/h2>\t\t<\/div>\n\t\t\t\t<\/div>\n\t\t\t\t<div class=\"elementor-element elementor-element-610336e elementor-widget elementor-widget-text-editor\" data-id=\"610336e\" data-element_type=\"widget\" data-widget_type=\"text-editor.default\">\n\t\t\t\t<div class=\"elementor-widget-container\">\n\t\t\t\t\t\t\t<p style=\"text-align: center;\"><strong>Blumar Turismo: Certificada pelo Reclame Aqui<\/strong><\/p>\t\t\t\t\t\t<\/div>\n\t\t\t\t<\/div>\n\t\t\t\t<div class=\"elementor-element elementor-element-7ca581a elementor-widget elementor-widget-html\" data-id=\"7ca581a\" data-element_type=\"widget\" data-widget_type=\"html.default\">\n\t\t\t\t<div class=\"elementor-widget-container\">\n\t\t\t<center><div id=\"ra-verified-seal\"><script type=\"text\/javascript\" id=\"ra-embed-verified-seal\" src=\"https:\/\/s3.amazonaws.com\/raichu-beta\/ra-verified\/bundle.js\" data-id=\"MzI4Nzc6Ymx1bWFy\" data-target=\"ra-verified-seal\" data-model=\"2\"><\/script><\/div><\/center>\t\t<\/div>\n\t\t\t\t<\/div>\n\t\t\t\t<div class=\"elementor-element elementor-element-8e4ab72 elementor-widget elementor-widget-text-editor\" data-id=\"8e4ab72\" data-element_type=\"widget\" data-widget_type=\"text-editor.default\">\n\t\t\t\t<div class=\"elementor-widget-container\">\n\t\t\t\t\t\t\t<p><span style=\"color: var( --e-global-color-text ); text-align: var(--text-align);\">Na <strong><a href=\"https:\/\/ofertas.blumarturismo.com.br\/melhores-hoteis-do-rio-de-janeiro\">Blumar Turismo<\/a><\/strong>, nos orgulhamos de oferecer um servi\u00e7o de excel\u00eancia. Somos certificados pelo Reclame Aqui e n\u00e3o recebemos nenhuma reclama\u00e7\u00e3o nos \u00faltimos 12 meses.<\/span><\/p><p>Nosso compromisso \u00e9 com a total satisfa\u00e7\u00e3o do cliente. Garantimos experi\u00eancias de viagem \u00fanicas e memor\u00e1veis, cuidando de cada detalhe, desde a escolha dos melhores destinos e hot\u00e9is at\u00e9 a personaliza\u00e7\u00e3o de roteiros. Nossa equipe est\u00e1 dedicada a atender todas as suas necessidades com m\u00e1xima aten\u00e7\u00e3o e profissionalismo.<\/p>\t\t\t\t\t\t<\/div>\n\t\t\t\t<\/div>\n\t\t\t\t<div class=\"elementor-element elementor-element-1e4f41d elementor-widget elementor-widget-html\" data-id=\"1e4f41d\" data-element_type=\"widget\" data-widget_type=\"html.default\">\n\t\t\t\t<div class=\"elementor-widget-container\">\n\t\t\t<script defer async src='https:\/\/cdn.trustindex.io\/loader.js?dc6229528d81446bbc4644b5063'><\/script>\t\t<\/div>\n\t\t\t\t<\/div>\n\t\t\t\t\t<\/div>\n\t\t\t\t<\/div>\n\t\t<div class=\"elementor-element elementor-element-dc94a89 e-flex e-con-boxed e-con e-parent\" data-id=\"dc94a89\" data-element_type=\"container\" data-settings=\"{&quot;content_width&quot;:&quot;boxed&quot;}\" data-core-v316-plus=\"true\">\n\t\t\t\t\t<div class=\"e-con-inner\">\n\t\t\t\t<div class=\"elementor-element elementor-element-6ba68b2 elementor-widget elementor-widget-heading\" data-id=\"6ba68b2\" data-element_type=\"widget\" data-widget_type=\"heading.default\">\n\t\t\t\t<div class=\"elementor-widget-container\">\n\t\t\t<h2 class=\"elementor-heading-title elementor-size-medium\">Posts que voc\u00ea tamb\u00e9m pode se interessar:<\/h2>\t\t<\/div>\n\t\t\t\t<\/div>\n\t\t\t\t<div class=\"elementor-element elementor-element-d213a53 elementor-widget elementor-widget-text-editor\" data-id=\"d213a53\" data-element_type=\"widget\" data-widget_type=\"text-editor.default\">\n\t\t\t\t<div class=\"elementor-widget-container\">\n\t\t\t\t\t\t\t<ul><li><a href=\"https:\/\/www.blumarturismo.com.br\/blog\/praias-paradisiacas-ilha-grande\/\">Praias Paradis\u00edacas da Ilha Grande: O Guia Completo para sua Pr\u00f3xima Aventura<\/a><\/li><li><a href=\"https:\/\/www.blumarturismo.com.br\/blog\/as-10-melhores-praias-do-rio-de-janeiro-um-guia-completo\/\">As 10 Melhores Praias do Rio de Janeiro: Um Guia Completo<\/a><\/li><li><a href=\"https:\/\/www.blumarturismo.com.br\/blog\/buzios-o-refugio-perfeito-para-casais\/\">B\u00fazios: O Ref\u00fagio Perfeito para Casais<\/a><\/li><li><a href=\"https:\/\/www.blumarturismo.com.br\/blog\/31-praias-com-selo-bandeira-azul-no-brasil\/\">31 Praias com selo Bandeira Azul no Brasil<\/a><\/li><li><a href=\"https:\/\/www.blumarturismo.com.br\/blog\/descubra-a-melhor-praia-do-rio-para-levar-a-familia-e-viva-momentos-inesqueciveis\/\">Descubra a Melhor Praia do Rio para Levar a Fam\u00edlia e Viva Momentos Inesquec\u00edveis!<\/a><\/li><\/ul>\t\t\t\t\t\t<\/div>\n\t\t\t\t<\/div>\n\t\t\t\t\t<\/div>\n\t\t\t\t<\/div>\n\t\t<div class=\"elementor-element elementor-element-c15c552 e-flex e-con-boxed e-con e-parent\" data-id=\"c15c552\" data-element_type=\"container\" data-settings=\"{&quot;content_width&quot;:&quot;boxed&quot;}\" data-core-v316-plus=\"true\">\n\t\t\t\t\t<div class=\"e-con-inner\">\n\t\t\t\t<div class=\"elementor-element elementor-element-079f144 elementor-widget elementor-widget-heading\" data-id=\"079f144\" data-element_type=\"widget\" data-widget_type=\"heading.default\">\n\t\t\t\t<div class=\"elementor-widget-container\">\n\t\t\t<h2 class=\"elementor-heading-title elementor-size-large\">FAQ: Melhor \u00c9poca para Ir \u00e0 Praia no Sudeste - Guia Completo\n<\/h2>\t\t<\/div>\n\t\t\t\t<\/div>\n\t\t\t\t<div class=\"elementor-element elementor-element-e56e828 elementor-widget elementor-widget-image\" data-id=\"e56e828\" data-element_type=\"widget\" data-widget_type=\"image.default\">\n\t\t\t\t<div class=\"elementor-widget-container\">\n\t\t\t\t\t\t\t\t\t\t\t\t<figure class=\"wp-caption\">\n\t\t\t\t\t\t\t\t\t\t<img loading=\"lazy\" decoding=\"async\" width=\"1000\" height=\"664\" src=\"https:\/\/www.blumarturismo.com.br\/blog\/wp-content\/uploads\/2024\/10\/Foto-Donatas-Dabravolskas-Shutterstock.jpg\" class=\"attachment-large size-large wp-image-63061\" alt=\"Foto: Donatas Dabravolskas \/ Shutterstock.com\" srcset=\"https:\/\/www.blumarturismo.com.br\/blog\/wp-content\/uploads\/2024\/10\/Foto-Donatas-Dabravolskas-Shutterstock.jpg 1000w, https:\/\/www.blumarturismo.com.br\/blog\/wp-content\/uploads\/2024\/10\/Foto-Donatas-Dabravolskas-Shutterstock-300x199.jpg 300w, https:\/\/www.blumarturismo.com.br\/blog\/wp-content\/uploads\/2024\/10\/Foto-Donatas-Dabravolskas-Shutterstock-768x510.jpg 768w\" sizes=\"auto, (max-width: 1000px) 100vw, 1000px\" \/>\t\t\t\t\t\t\t\t\t\t\t<figcaption class=\"widget-image-caption wp-caption-text\">Foto: Donatas Dabravolskas \/ Shutterstock.com<\/figcaption>\n\t\t\t\t\t\t\t\t\t\t<\/figure>\n\t\t\t\t\t\t\t\t\t<\/div>\n\t\t\t\t<\/div>\n\t\t\t\t<div class=\"elementor-element elementor-element-f96daa3 elementor-widget elementor-widget-toggle\" data-id=\"f96daa3\" data-element_type=\"widget\" data-widget_type=\"toggle.default\">\n\t\t\t\t<div class=\"elementor-widget-container\">\n\t\t\t<style>\/*! elementor - v3.16.0 - 13-09-2023 *\/\n.elementor-toggle{text-align:left}.elementor-toggle .elementor-tab-title{font-weight:700;line-height:1;margin:0;padding:15px;border-bottom:1px solid #d5d8dc;cursor:pointer;outline:none}.elementor-toggle .elementor-tab-title .elementor-toggle-icon{display:inline-block;width:1em}.elementor-toggle .elementor-tab-title .elementor-toggle-icon svg{margin-inline-start:-5px;width:1em;height:1em}.elementor-toggle .elementor-tab-title .elementor-toggle-icon.elementor-toggle-icon-right{float:right;text-align:right}.elementor-toggle .elementor-tab-title .elementor-toggle-icon.elementor-toggle-icon-left{float:left;text-align:left}.elementor-toggle .elementor-tab-title .elementor-toggle-icon .elementor-toggle-icon-closed{display:block}.elementor-toggle .elementor-tab-title .elementor-toggle-icon .elementor-toggle-icon-opened{display:none}.elementor-toggle .elementor-tab-title.elementor-active{border-bottom:none}.elementor-toggle .elementor-tab-title.elementor-active .elementor-toggle-icon-closed{display:none}.elementor-toggle .elementor-tab-title.elementor-active .elementor-toggle-icon-opened{display:block}.elementor-toggle .elementor-tab-content{padding:15px;border-bottom:1px solid #d5d8dc;display:none}@media (max-width:767px){.elementor-toggle .elementor-tab-title{padding:12px}.elementor-toggle .elementor-tab-content{padding:12px 10px}}.e-con-inner>.elementor-widget-toggle,.e-con>.elementor-widget-toggle{width:var(--container-widget-width);--flex-grow:var(--container-widget-flex-grow)}<\/style>\t\t<div class=\"elementor-toggle\">\n\t\t\t\t\t\t\t<div class=\"elementor-toggle-item\">\n\t\t\t\t\t<div id=\"elementor-tab-title-2611\" class=\"elementor-tab-title\" data-tab=\"1\" role=\"button\" aria-controls=\"elementor-tab-content-2611\" aria-expanded=\"false\">\n\t\t\t\t\t\t\t\t\t\t\t\t<span class=\"elementor-toggle-icon elementor-toggle-icon-left\" aria-hidden=\"true\">\n\t\t\t\t\t\t\t\t\t\t\t\t\t\t\t<span class=\"elementor-toggle-icon-closed\"><svg class=\"e-font-icon-svg e-fas-caret-right\" viewBox=\"0 0 192 512\" xmlns=\"http:\/\/www.w3.org\/2000\/svg\"><path d=\"M0 384.662V127.338c0-17.818 21.543-26.741 34.142-14.142l128.662 128.662c7.81 7.81 7.81 20.474 0 28.284L34.142 398.804C21.543 411.404 0 402.48 0 384.662z\"><\/path><\/svg><\/span>\n\t\t\t\t\t\t\t\t<span class=\"elementor-toggle-icon-opened\"><svg class=\"elementor-toggle-icon-opened e-font-icon-svg e-fas-caret-up\" viewBox=\"0 0 320 512\" xmlns=\"http:\/\/www.w3.org\/2000\/svg\"><path d=\"M288.662 352H31.338c-17.818 0-26.741-21.543-14.142-34.142l128.662-128.662c7.81-7.81 20.474-7.81 28.284 0l128.662 128.662c12.6 12.599 3.676 34.142-14.142 34.142z\"><\/path><\/svg><\/span>\n\t\t\t\t\t\t\t\t\t\t\t\t\t<\/span>\n\t\t\t\t\t\t\t\t\t\t\t\t<a class=\"elementor-toggle-title\" tabindex=\"0\">1. Qual \u00e9 a melhor \u00e9poca geral para ir \u00e0 praia no Sudeste do Brasil?<\/a>\n\t\t\t\t\t<\/div>\n\n\t\t\t\t\t<div id=\"elementor-tab-content-2611\" class=\"elementor-tab-content elementor-clearfix\" data-tab=\"1\" role=\"region\" aria-labelledby=\"elementor-tab-title-2611\"><p>A melhor \u00e9poca geralmente \u00e9:<\/p><ul><li>De novembro a mar\u00e7o<\/li><li>Temperaturas mais altas (25\u00b0C a 32\u00b0C)<\/li><li>\u00c1guas mais quentes<\/li><li>Dias mais longos e ensolarados<\/li><\/ul><p>Ideal para quem busca o clima t\u00edpico de ver\u00e3o brasileiro.<\/p><\/div>\n\t\t\t\t<\/div>\n\t\t\t\t\t\t\t<div class=\"elementor-toggle-item\">\n\t\t\t\t\t<div id=\"elementor-tab-title-2612\" class=\"elementor-tab-title\" data-tab=\"2\" role=\"button\" aria-controls=\"elementor-tab-content-2612\" aria-expanded=\"false\">\n\t\t\t\t\t\t\t\t\t\t\t\t<span class=\"elementor-toggle-icon elementor-toggle-icon-left\" aria-hidden=\"true\">\n\t\t\t\t\t\t\t\t\t\t\t\t\t\t\t<span class=\"elementor-toggle-icon-closed\"><svg class=\"e-font-icon-svg e-fas-caret-right\" viewBox=\"0 0 192 512\" xmlns=\"http:\/\/www.w3.org\/2000\/svg\"><path d=\"M0 384.662V127.338c0-17.818 21.543-26.741 34.142-14.142l128.662 128.662c7.81 7.81 7.81 20.474 0 28.284L34.142 398.804C21.543 411.404 0 402.48 0 384.662z\"><\/path><\/svg><\/span>\n\t\t\t\t\t\t\t\t<span class=\"elementor-toggle-icon-opened\"><svg class=\"elementor-toggle-icon-opened e-font-icon-svg e-fas-caret-up\" viewBox=\"0 0 320 512\" xmlns=\"http:\/\/www.w3.org\/2000\/svg\"><path d=\"M288.662 352H31.338c-17.818 0-26.741-21.543-14.142-34.142l128.662-128.662c7.81-7.81 20.474-7.81 28.284 0l128.662 128.662c12.6 12.599 3.676 34.142-14.142 34.142z\"><\/path><\/svg><\/span>\n\t\t\t\t\t\t\t\t\t\t\t\t\t<\/span>\n\t\t\t\t\t\t\t\t\t\t\t\t<a class=\"elementor-toggle-title\" tabindex=\"0\">2. Como o clima varia entre os estados do Sudeste durante o ver\u00e3o?<\/a>\n\t\t\t\t\t<\/div>\n\n\t\t\t\t\t<div id=\"elementor-tab-content-2612\" class=\"elementor-tab-content elementor-clearfix\" data-tab=\"2\" role=\"region\" aria-labelledby=\"elementor-tab-title-2612\"><p>Varia\u00e7\u00f5es clim\u00e1ticas por estado:<\/p><ul><li>S\u00e3o Paulo: 25\u00b0C a 30\u00b0C, mais \u00famido<\/li><li>Rio de Janeiro: 26\u00b0C a 32\u00b0C, bastante ensolarado<\/li><li>Esp\u00edrito Santo: 24\u00b0C a 30\u00b0C, clima tropical<\/li><li>Minas Gerais (praias de \u00e1gua doce): 22\u00b0C a 28\u00b0C, mais ameno<\/li><\/ul><p>Cada estado oferece uma experi\u00eancia \u00fanica de ver\u00e3o.<\/p><\/div>\n\t\t\t\t<\/div>\n\t\t\t\t\t\t\t<div class=\"elementor-toggle-item\">\n\t\t\t\t\t<div id=\"elementor-tab-title-2613\" class=\"elementor-tab-title\" data-tab=\"3\" role=\"button\" aria-controls=\"elementor-tab-content-2613\" aria-expanded=\"false\">\n\t\t\t\t\t\t\t\t\t\t\t\t<span class=\"elementor-toggle-icon elementor-toggle-icon-left\" aria-hidden=\"true\">\n\t\t\t\t\t\t\t\t\t\t\t\t\t\t\t<span class=\"elementor-toggle-icon-closed\"><svg class=\"e-font-icon-svg e-fas-caret-right\" viewBox=\"0 0 192 512\" xmlns=\"http:\/\/www.w3.org\/2000\/svg\"><path d=\"M0 384.662V127.338c0-17.818 21.543-26.741 34.142-14.142l128.662 128.662c7.81 7.81 7.81 20.474 0 28.284L34.142 398.804C21.543 411.404 0 402.48 0 384.662z\"><\/path><\/svg><\/span>\n\t\t\t\t\t\t\t\t<span class=\"elementor-toggle-icon-opened\"><svg class=\"elementor-toggle-icon-opened e-font-icon-svg e-fas-caret-up\" viewBox=\"0 0 320 512\" xmlns=\"http:\/\/www.w3.org\/2000\/svg\"><path d=\"M288.662 352H31.338c-17.818 0-26.741-21.543-14.142-34.142l128.662-128.662c7.81-7.81 20.474-7.81 28.284 0l128.662 128.662c12.6 12.599 3.676 34.142-14.142 34.142z\"><\/path><\/svg><\/span>\n\t\t\t\t\t\t\t\t\t\t\t\t\t<\/span>\n\t\t\t\t\t\t\t\t\t\t\t\t<a class=\"elementor-toggle-title\" tabindex=\"0\">3. Quando \u00e9 a temporada de chuvas no litoral do Sudeste?<\/a>\n\t\t\t\t\t<\/div>\n\n\t\t\t\t\t<div id=\"elementor-tab-content-2613\" class=\"elementor-tab-content elementor-clearfix\" data-tab=\"3\" role=\"region\" aria-labelledby=\"elementor-tab-title-2613\"><p>A temporada de chuvas geralmente ocorre:<\/p><ul><li>De dezembro a mar\u00e7o<\/li><li>Chuvas mais intensas em janeiro e fevereiro<\/li><li>Pancadas r\u00e1pidas, geralmente \u00e0 tarde<\/li><\/ul><p>Planeje atividades matinais para evitar as chuvas da tarde.<\/p><\/div>\n\t\t\t\t<\/div>\n\t\t\t\t\t\t\t<div class=\"elementor-toggle-item\">\n\t\t\t\t\t<div id=\"elementor-tab-title-2614\" class=\"elementor-tab-title\" data-tab=\"4\" role=\"button\" aria-controls=\"elementor-tab-content-2614\" aria-expanded=\"false\">\n\t\t\t\t\t\t\t\t\t\t\t\t<span class=\"elementor-toggle-icon elementor-toggle-icon-left\" aria-hidden=\"true\">\n\t\t\t\t\t\t\t\t\t\t\t\t\t\t\t<span class=\"elementor-toggle-icon-closed\"><svg class=\"e-font-icon-svg e-fas-caret-right\" viewBox=\"0 0 192 512\" xmlns=\"http:\/\/www.w3.org\/2000\/svg\"><path d=\"M0 384.662V127.338c0-17.818 21.543-26.741 34.142-14.142l128.662 128.662c7.81 7.81 7.81 20.474 0 28.284L34.142 398.804C21.543 411.404 0 402.48 0 384.662z\"><\/path><\/svg><\/span>\n\t\t\t\t\t\t\t\t<span class=\"elementor-toggle-icon-opened\"><svg class=\"elementor-toggle-icon-opened e-font-icon-svg e-fas-caret-up\" viewBox=\"0 0 320 512\" xmlns=\"http:\/\/www.w3.org\/2000\/svg\"><path d=\"M288.662 352H31.338c-17.818 0-26.741-21.543-14.142-34.142l128.662-128.662c7.81-7.81 20.474-7.81 28.284 0l128.662 128.662c12.6 12.599 3.676 34.142-14.142 34.142z\"><\/path><\/svg><\/span>\n\t\t\t\t\t\t\t\t\t\t\t\t\t<\/span>\n\t\t\t\t\t\t\t\t\t\t\t\t<a class=\"elementor-toggle-title\" tabindex=\"0\">4. Qual \u00e9 a melhor \u00e9poca para evitar multid\u00f5es nas praias do Sudeste?<\/a>\n\t\t\t\t\t<\/div>\n\n\t\t\t\t\t<div id=\"elementor-tab-content-2614\" class=\"elementor-tab-content elementor-clearfix\" data-tab=\"4\" role=\"region\" aria-labelledby=\"elementor-tab-title-2614\"><p>Para praias menos lotadas, opte por:<\/p><ul><li>Abril a junho ou setembro a novembro<\/li><li>Temperaturas agrad\u00e1veis (20\u00b0C a 25\u00b0C)<\/li><li>Menos turistas<\/li><li>Pre\u00e7os mais baixos em hospedagens<\/li><\/ul><p>Ideal para quem prefere tranquilidade e economia.<\/p><\/div>\n\t\t\t\t<\/div>\n\t\t\t\t\t\t\t<div class=\"elementor-toggle-item\">\n\t\t\t\t\t<div id=\"elementor-tab-title-2615\" class=\"elementor-tab-title\" data-tab=\"5\" role=\"button\" aria-controls=\"elementor-tab-content-2615\" aria-expanded=\"false\">\n\t\t\t\t\t\t\t\t\t\t\t\t<span class=\"elementor-toggle-icon elementor-toggle-icon-left\" aria-hidden=\"true\">\n\t\t\t\t\t\t\t\t\t\t\t\t\t\t\t<span class=\"elementor-toggle-icon-closed\"><svg class=\"e-font-icon-svg e-fas-caret-right\" viewBox=\"0 0 192 512\" xmlns=\"http:\/\/www.w3.org\/2000\/svg\"><path d=\"M0 384.662V127.338c0-17.818 21.543-26.741 34.142-14.142l128.662 128.662c7.81 7.81 7.81 20.474 0 28.284L34.142 398.804C21.543 411.404 0 402.48 0 384.662z\"><\/path><\/svg><\/span>\n\t\t\t\t\t\t\t\t<span class=\"elementor-toggle-icon-opened\"><svg class=\"elementor-toggle-icon-opened e-font-icon-svg e-fas-caret-up\" viewBox=\"0 0 320 512\" xmlns=\"http:\/\/www.w3.org\/2000\/svg\"><path d=\"M288.662 352H31.338c-17.818 0-26.741-21.543-14.142-34.142l128.662-128.662c7.81-7.81 20.474-7.81 28.284 0l128.662 128.662c12.6 12.599 3.676 34.142-14.142 34.142z\"><\/path><\/svg><\/span>\n\t\t\t\t\t\t\t\t\t\t\t\t\t<\/span>\n\t\t\t\t\t\t\t\t\t\t\t\t<a class=\"elementor-toggle-title\" tabindex=\"0\">5. Quando a \u00e1gua do mar est\u00e1 mais quente no Sudeste?<\/a>\n\t\t\t\t\t<\/div>\n\n\t\t\t\t\t<div id=\"elementor-tab-content-2615\" class=\"elementor-tab-content elementor-clearfix\" data-tab=\"5\" role=\"region\" aria-labelledby=\"elementor-tab-title-2615\"><p>A \u00e1gua do mar fica mais quente:<\/p><ul><li>De janeiro a mar\u00e7o<\/li><li>Temperaturas entre 24\u00b0C e 28\u00b0C<\/li><li>\u00d3timo para nata\u00e7\u00e3o e esportes aqu\u00e1ticos<\/li><\/ul><p>Perfeito para quem gosta de mergulhar e passar mais tempo na \u00e1gua.<\/p><\/div>\n\t\t\t\t<\/div>\n\t\t\t\t\t\t\t<div class=\"elementor-toggle-item\">\n\t\t\t\t\t<div id=\"elementor-tab-title-2616\" class=\"elementor-tab-title\" data-tab=\"6\" role=\"button\" aria-controls=\"elementor-tab-content-2616\" aria-expanded=\"false\">\n\t\t\t\t\t\t\t\t\t\t\t\t<span class=\"elementor-toggle-icon elementor-toggle-icon-left\" aria-hidden=\"true\">\n\t\t\t\t\t\t\t\t\t\t\t\t\t\t\t<span class=\"elementor-toggle-icon-closed\"><svg class=\"e-font-icon-svg e-fas-caret-right\" viewBox=\"0 0 192 512\" xmlns=\"http:\/\/www.w3.org\/2000\/svg\"><path d=\"M0 384.662V127.338c0-17.818 21.543-26.741 34.142-14.142l128.662 128.662c7.81 7.81 7.81 20.474 0 28.284L34.142 398.804C21.543 411.404 0 402.48 0 384.662z\"><\/path><\/svg><\/span>\n\t\t\t\t\t\t\t\t<span class=\"elementor-toggle-icon-opened\"><svg class=\"elementor-toggle-icon-opened e-font-icon-svg e-fas-caret-up\" viewBox=\"0 0 320 512\" xmlns=\"http:\/\/www.w3.org\/2000\/svg\"><path d=\"M288.662 352H31.338c-17.818 0-26.741-21.543-14.142-34.142l128.662-128.662c7.81-7.81 20.474-7.81 28.284 0l128.662 128.662c12.6 12.599 3.676 34.142-14.142 34.142z\"><\/path><\/svg><\/span>\n\t\t\t\t\t\t\t\t\t\t\t\t\t<\/span>\n\t\t\t\t\t\t\t\t\t\t\t\t<a class=\"elementor-toggle-title\" tabindex=\"0\">6. Qual a melhor \u00e9poca para surfar no litoral do Sudeste?<\/a>\n\t\t\t\t\t<\/div>\n\n\t\t\t\t\t<div id=\"elementor-tab-content-2616\" class=\"elementor-tab-content elementor-clearfix\" data-tab=\"6\" role=\"region\" aria-labelledby=\"elementor-tab-title-2616\"><p>Para surfistas, as melhores condi\u00e7\u00f5es s\u00e3o:<\/p><ul><li>De abril a setembro<\/li><li>Ondas mais consistentes e maiores<\/li><li>Ventos favor\u00e1veis<\/li><li>Menos banhistas nas praias<\/li><\/ul><p>A Blumar Turismo pode recomendar as melhores praias para surf em cada \u00e9poca.<\/p><\/div>\n\t\t\t\t<\/div>\n\t\t\t\t\t\t\t<div class=\"elementor-toggle-item\">\n\t\t\t\t\t<div id=\"elementor-tab-title-2617\" class=\"elementor-tab-title\" data-tab=\"7\" role=\"button\" aria-controls=\"elementor-tab-content-2617\" aria-expanded=\"false\">\n\t\t\t\t\t\t\t\t\t\t\t\t<span class=\"elementor-toggle-icon elementor-toggle-icon-left\" aria-hidden=\"true\">\n\t\t\t\t\t\t\t\t\t\t\t\t\t\t\t<span class=\"elementor-toggle-icon-closed\"><svg class=\"e-font-icon-svg e-fas-caret-right\" viewBox=\"0 0 192 512\" xmlns=\"http:\/\/www.w3.org\/2000\/svg\"><path d=\"M0 384.662V127.338c0-17.818 21.543-26.741 34.142-14.142l128.662 128.662c7.81 7.81 7.81 20.474 0 28.284L34.142 398.804C21.543 411.404 0 402.48 0 384.662z\"><\/path><\/svg><\/span>\n\t\t\t\t\t\t\t\t<span class=\"elementor-toggle-icon-opened\"><svg class=\"elementor-toggle-icon-opened e-font-icon-svg e-fas-caret-up\" viewBox=\"0 0 320 512\" xmlns=\"http:\/\/www.w3.org\/2000\/svg\"><path d=\"M288.662 352H31.338c-17.818 0-26.741-21.543-14.142-34.142l128.662-128.662c7.81-7.81 20.474-7.81 28.284 0l128.662 128.662c12.6 12.599 3.676 34.142-14.142 34.142z\"><\/path><\/svg><\/span>\n\t\t\t\t\t\t\t\t\t\t\t\t\t<\/span>\n\t\t\t\t\t\t\t\t\t\t\t\t<a class=\"elementor-toggle-title\" tabindex=\"0\">7. Existem eventos ou festivais de praia que devo considerar ao planejar minha viagem?<\/a>\n\t\t\t\t\t<\/div>\n\n\t\t\t\t\t<div id=\"elementor-tab-content-2617\" class=\"elementor-tab-content elementor-clearfix\" data-tab=\"7\" role=\"region\" aria-labelledby=\"elementor-tab-title-2617\"><p>Eventos populares incluem:<\/p><ul><li>R\u00e9veillon em Copacabana (Rio de Janeiro) &#8211; 31 de dezembro<\/li><li>Carnaval de rua em v\u00e1rias cidades litor\u00e2neas &#8211; fevereiro\/mar\u00e7o<\/li><li>Festivais de m\u00fasica de ver\u00e3o em diversas praias &#8211; dezembro a mar\u00e7o<\/li><\/ul><p>Consulte a Blumar Turismo para datas espec\u00edficas e pacotes especiais.<\/p><\/div>\n\t\t\t\t<\/div>\n\t\t\t\t\t\t\t<div class=\"elementor-toggle-item\">\n\t\t\t\t\t<div id=\"elementor-tab-title-2618\" class=\"elementor-tab-title\" data-tab=\"8\" role=\"button\" aria-controls=\"elementor-tab-content-2618\" aria-expanded=\"false\">\n\t\t\t\t\t\t\t\t\t\t\t\t<span class=\"elementor-toggle-icon elementor-toggle-icon-left\" aria-hidden=\"true\">\n\t\t\t\t\t\t\t\t\t\t\t\t\t\t\t<span class=\"elementor-toggle-icon-closed\"><svg class=\"e-font-icon-svg e-fas-caret-right\" viewBox=\"0 0 192 512\" xmlns=\"http:\/\/www.w3.org\/2000\/svg\"><path d=\"M0 384.662V127.338c0-17.818 21.543-26.741 34.142-14.142l128.662 128.662c7.81 7.81 7.81 20.474 0 28.284L34.142 398.804C21.543 411.404 0 402.48 0 384.662z\"><\/path><\/svg><\/span>\n\t\t\t\t\t\t\t\t<span class=\"elementor-toggle-icon-opened\"><svg class=\"elementor-toggle-icon-opened e-font-icon-svg e-fas-caret-up\" viewBox=\"0 0 320 512\" xmlns=\"http:\/\/www.w3.org\/2000\/svg\"><path d=\"M288.662 352H31.338c-17.818 0-26.741-21.543-14.142-34.142l128.662-128.662c7.81-7.81 20.474-7.81 28.284 0l128.662 128.662c12.6 12.599 3.676 34.142-14.142 34.142z\"><\/path><\/svg><\/span>\n\t\t\t\t\t\t\t\t\t\t\t\t\t<\/span>\n\t\t\t\t\t\t\t\t\t\t\t\t<a class=\"elementor-toggle-title\" tabindex=\"0\">8. Como o clima afeta as atividades de praia fora da alta temporada?<\/a>\n\t\t\t\t\t<\/div>\n\n\t\t\t\t\t<div id=\"elementor-tab-content-2618\" class=\"elementor-tab-content elementor-clearfix\" data-tab=\"8\" role=\"region\" aria-labelledby=\"elementor-tab-title-2618\"><p>No outono e primavera:<\/p><ul><li>Temperaturas entre 18\u00b0C e 25\u00b0C<br \/>Ideal para caminhadas na praia e esportes<\/li><li>\u00c1guas mais frias, mas ainda agrad\u00e1veis em dias ensolarados<\/li><li>Menos chuvas, c\u00e9u mais limpo<\/li><\/ul><p>\u00d3timo para quem gosta de atividades ao ar livre al\u00e9m do banho de mar.<\/p><\/div>\n\t\t\t\t<\/div>\n\t\t\t\t\t\t\t<div class=\"elementor-toggle-item\">\n\t\t\t\t\t<div id=\"elementor-tab-title-2619\" class=\"elementor-tab-title\" data-tab=\"9\" role=\"button\" aria-controls=\"elementor-tab-content-2619\" aria-expanded=\"false\">\n\t\t\t\t\t\t\t\t\t\t\t\t<span class=\"elementor-toggle-icon elementor-toggle-icon-left\" aria-hidden=\"true\">\n\t\t\t\t\t\t\t\t\t\t\t\t\t\t\t<span class=\"elementor-toggle-icon-closed\"><svg class=\"e-font-icon-svg e-fas-caret-right\" viewBox=\"0 0 192 512\" xmlns=\"http:\/\/www.w3.org\/2000\/svg\"><path d=\"M0 384.662V127.338c0-17.818 21.543-26.741 34.142-14.142l128.662 128.662c7.81 7.81 7.81 20.474 0 28.284L34.142 398.804C21.543 411.404 0 402.48 0 384.662z\"><\/path><\/svg><\/span>\n\t\t\t\t\t\t\t\t<span class=\"elementor-toggle-icon-opened\"><svg class=\"elementor-toggle-icon-opened e-font-icon-svg e-fas-caret-up\" viewBox=\"0 0 320 512\" xmlns=\"http:\/\/www.w3.org\/2000\/svg\"><path d=\"M288.662 352H31.338c-17.818 0-26.741-21.543-14.142-34.142l128.662-128.662c7.81-7.81 20.474-7.81 28.284 0l128.662 128.662c12.6 12.599 3.676 34.142-14.142 34.142z\"><\/path><\/svg><\/span>\n\t\t\t\t\t\t\t\t\t\t\t\t\t<\/span>\n\t\t\t\t\t\t\t\t\t\t\t\t<a class=\"elementor-toggle-title\" tabindex=\"0\">9. Qual \u00e9 a melhor \u00e9poca para observa\u00e7\u00e3o de baleias no litoral do Sudeste?<\/a>\n\t\t\t\t\t<\/div>\n\n\t\t\t\t\t<div id=\"elementor-tab-content-2619\" class=\"elementor-tab-content elementor-clearfix\" data-tab=\"9\" role=\"region\" aria-labelledby=\"elementor-tab-title-2619\"><p>A temporada de baleias ocorre:<\/p><ul><li>De julho a novembro<\/li><li>Melhores locais: litoral norte de S\u00e3o Paulo e sul do Rio de Janeiro<\/li><li>Temperaturas mais amenas (15\u00b0C a 22\u00b0C)<\/li><\/ul><p>A Blumar Turismo pode organizar passeios de observa\u00e7\u00e3o de baleias.<\/p><\/div>\n\t\t\t\t<\/div>\n\t\t\t\t\t\t\t<div class=\"elementor-toggle-item\">\n\t\t\t\t\t<div id=\"elementor-tab-title-26110\" class=\"elementor-tab-title\" data-tab=\"10\" role=\"button\" aria-controls=\"elementor-tab-content-26110\" aria-expanded=\"false\">\n\t\t\t\t\t\t\t\t\t\t\t\t<span class=\"elementor-toggle-icon elementor-toggle-icon-left\" aria-hidden=\"true\">\n\t\t\t\t\t\t\t\t\t\t\t\t\t\t\t<span class=\"elementor-toggle-icon-closed\"><svg class=\"e-font-icon-svg e-fas-caret-right\" viewBox=\"0 0 192 512\" xmlns=\"http:\/\/www.w3.org\/2000\/svg\"><path d=\"M0 384.662V127.338c0-17.818 21.543-26.741 34.142-14.142l128.662 128.662c7.81 7.81 7.81 20.474 0 28.284L34.142 398.804C21.543 411.404 0 402.48 0 384.662z\"><\/path><\/svg><\/span>\n\t\t\t\t\t\t\t\t<span class=\"elementor-toggle-icon-opened\"><svg class=\"elementor-toggle-icon-opened e-font-icon-svg e-fas-caret-up\" viewBox=\"0 0 320 512\" xmlns=\"http:\/\/www.w3.org\/2000\/svg\"><path d=\"M288.662 352H31.338c-17.818 0-26.741-21.543-14.142-34.142l128.662-128.662c7.81-7.81 20.474-7.81 28.284 0l128.662 128.662c12.6 12.599 3.676 34.142-14.142 34.142z\"><\/path><\/svg><\/span>\n\t\t\t\t\t\t\t\t\t\t\t\t\t<\/span>\n\t\t\t\t\t\t\t\t\t\t\t\t<a class=\"elementor-toggle-title\" tabindex=\"0\">10. Quando os pre\u00e7os s\u00e3o mais baixos para viagens \u00e0s praias do Sudeste?<\/a>\n\t\t\t\t\t<\/div>\n\n\t\t\t\t\t<div id=\"elementor-tab-content-26110\" class=\"elementor-tab-content elementor-clearfix\" data-tab=\"10\" role=\"region\" aria-labelledby=\"elementor-tab-title-26110\"><p>Per\u00edodos mais econ\u00f4micos:<\/p><ul><li>Maio a junho e setembro a novembro (exceto feriados)<\/li><li>Menos turistas, tarifas reduzidas<\/li><li>Clima ainda agrad\u00e1vel para atividades na praia<\/li><\/ul><p>Ideal para viajantes que buscam economia sem abrir m\u00e3o do conforto.<\/p><\/div>\n\t\t\t\t<\/div>\n\t\t\t\t\t\t\t<div class=\"elementor-toggle-item\">\n\t\t\t\t\t<div id=\"elementor-tab-title-26111\" class=\"elementor-tab-title\" data-tab=\"11\" role=\"button\" aria-controls=\"elementor-tab-content-26111\" aria-expanded=\"false\">\n\t\t\t\t\t\t\t\t\t\t\t\t<span class=\"elementor-toggle-icon elementor-toggle-icon-left\" aria-hidden=\"true\">\n\t\t\t\t\t\t\t\t\t\t\t\t\t\t\t<span class=\"elementor-toggle-icon-closed\"><svg class=\"e-font-icon-svg e-fas-caret-right\" viewBox=\"0 0 192 512\" xmlns=\"http:\/\/www.w3.org\/2000\/svg\"><path d=\"M0 384.662V127.338c0-17.818 21.543-26.741 34.142-14.142l128.662 128.662c7.81 7.81 7.81 20.474 0 28.284L34.142 398.804C21.543 411.404 0 402.48 0 384.662z\"><\/path><\/svg><\/span>\n\t\t\t\t\t\t\t\t<span class=\"elementor-toggle-icon-opened\"><svg class=\"elementor-toggle-icon-opened e-font-icon-svg e-fas-caret-up\" viewBox=\"0 0 320 512\" xmlns=\"http:\/\/www.w3.org\/2000\/svg\"><path d=\"M288.662 352H31.338c-17.818 0-26.741-21.543-14.142-34.142l128.662-128.662c7.81-7.81 20.474-7.81 28.284 0l128.662 128.662c12.6 12.599 3.676 34.142-14.142 34.142z\"><\/path><\/svg><\/span>\n\t\t\t\t\t\t\t\t\t\t\t\t\t<\/span>\n\t\t\t\t\t\t\t\t\t\t\t\t<a class=\"elementor-toggle-title\" tabindex=\"0\">11. Existem praias no Sudeste que s\u00e3o boas para visitar o ano todo?<\/a>\n\t\t\t\t\t<\/div>\n\n\t\t\t\t\t<div id=\"elementor-tab-content-26111\" class=\"elementor-tab-content elementor-clearfix\" data-tab=\"11\" role=\"region\" aria-labelledby=\"elementor-tab-title-26111\"><p>Algumas praias com clima favor\u00e1vel o ano todo:<\/p><ul><li>Ubatuba (SP): Protegida por montanhas, clima est\u00e1vel<\/li><li>Arraial do Cabo (RJ): Conhecida como &#8220;Caribe Brasileiro&#8221;<\/li><li>Guarapari (ES): \u00c1guas calmas e clima agrad\u00e1vel<\/li><\/ul><p>A Blumar Turismo pode sugerir as melhores op\u00e7\u00f5es para cada \u00e9poca do ano.<\/p><\/div>\n\t\t\t\t<\/div>\n\t\t\t\t\t\t\t<div class=\"elementor-toggle-item\">\n\t\t\t\t\t<div id=\"elementor-tab-title-26112\" class=\"elementor-tab-title\" data-tab=\"12\" role=\"button\" aria-controls=\"elementor-tab-content-26112\" aria-expanded=\"false\">\n\t\t\t\t\t\t\t\t\t\t\t\t<span class=\"elementor-toggle-icon elementor-toggle-icon-left\" aria-hidden=\"true\">\n\t\t\t\t\t\t\t\t\t\t\t\t\t\t\t<span class=\"elementor-toggle-icon-closed\"><svg class=\"e-font-icon-svg e-fas-caret-right\" viewBox=\"0 0 192 512\" xmlns=\"http:\/\/www.w3.org\/2000\/svg\"><path d=\"M0 384.662V127.338c0-17.818 21.543-26.741 34.142-14.142l128.662 128.662c7.81 7.81 7.81 20.474 0 28.284L34.142 398.804C21.543 411.404 0 402.48 0 384.662z\"><\/path><\/svg><\/span>\n\t\t\t\t\t\t\t\t<span class=\"elementor-toggle-icon-opened\"><svg class=\"elementor-toggle-icon-opened e-font-icon-svg e-fas-caret-up\" viewBox=\"0 0 320 512\" xmlns=\"http:\/\/www.w3.org\/2000\/svg\"><path d=\"M288.662 352H31.338c-17.818 0-26.741-21.543-14.142-34.142l128.662-128.662c7.81-7.81 20.474-7.81 28.284 0l128.662 128.662c12.6 12.599 3.676 34.142-14.142 34.142z\"><\/path><\/svg><\/span>\n\t\t\t\t\t\t\t\t\t\t\t\t\t<\/span>\n\t\t\t\t\t\t\t\t\t\t\t\t<a class=\"elementor-toggle-title\" tabindex=\"0\">12. Como a Blumar Turismo pode ajudar a planejar minha viagem \u00e0 praia no Sudeste?<\/a>\n\t\t\t\t\t<\/div>\n\n\t\t\t\t\t<div id=\"elementor-tab-content-26112\" class=\"elementor-tab-content elementor-clearfix\" data-tab=\"12\" role=\"region\" aria-labelledby=\"elementor-tab-title-26112\"><p>A Blumar Turismo oferece:<\/p><ul><li>Pacotes personalizados para cada esta\u00e7\u00e3o<\/li><li>Informa\u00e7\u00f5es atualizadas sobre clima e condi\u00e7\u00f5es das praias<\/li><li>Reservas em hot\u00e9is e pousadas com as melhores tarifas<\/li><li>Dicas de atividades e passeios adequados para cada \u00e9poca<\/li><li>Suporte durante toda a viagem<\/li><\/ul><p>Conte com nossa expertise para uma experi\u00eancia de praia perfeita no Sudeste.<\/p><\/div>\n\t\t\t\t<\/div>\n\t\t\t\t\t\t\t\t\t\t<script type=\"application\/ld+json\">{\"@context\":\"https:\\\/\\\/schema.org\",\"@type\":\"FAQPage\",\"mainEntity\":[{\"@type\":\"Question\",\"name\":\"1. Qual \\u00e9 a melhor \\u00e9poca geral para ir \\u00e0 praia no Sudeste do Brasil?\",\"acceptedAnswer\":{\"@type\":\"Answer\",\"text\":\"<p>A melhor \\u00e9poca geralmente \\u00e9:<\\\/p><ul><li>De novembro a mar\\u00e7o<\\\/li><li>Temperaturas mais altas (25\\u00b0C a 32\\u00b0C)<\\\/li><li>\\u00c1guas mais quentes<\\\/li><li>Dias mais longos e ensolarados<\\\/li><\\\/ul><p>Ideal para quem busca o clima t\\u00edpico de ver\\u00e3o brasileiro.<\\\/p>\"}},{\"@type\":\"Question\",\"name\":\"2. Como o clima varia entre os estados do Sudeste durante o ver\\u00e3o?\",\"acceptedAnswer\":{\"@type\":\"Answer\",\"text\":\"<p>Varia\\u00e7\\u00f5es clim\\u00e1ticas por estado:<\\\/p><ul><li>S\\u00e3o Paulo: 25\\u00b0C a 30\\u00b0C, mais \\u00famido<\\\/li><li>Rio de Janeiro: 26\\u00b0C a 32\\u00b0C, bastante ensolarado<\\\/li><li>Esp\\u00edrito Santo: 24\\u00b0C a 30\\u00b0C, clima tropical<\\\/li><li>Minas Gerais (praias de \\u00e1gua doce): 22\\u00b0C a 28\\u00b0C, mais ameno<\\\/li><\\\/ul><p>Cada estado oferece uma experi\\u00eancia \\u00fanica de ver\\u00e3o.<\\\/p>\"}},{\"@type\":\"Question\",\"name\":\"3. Quando \\u00e9 a temporada de chuvas no litoral do Sudeste?\",\"acceptedAnswer\":{\"@type\":\"Answer\",\"text\":\"<p>A temporada de chuvas geralmente ocorre:<\\\/p><ul><li>De dezembro a mar\\u00e7o<\\\/li><li>Chuvas mais intensas em janeiro e fevereiro<\\\/li><li>Pancadas r\\u00e1pidas, geralmente \\u00e0 tarde<\\\/li><\\\/ul><p>Planeje atividades matinais para evitar as chuvas da tarde.<\\\/p>\"}},{\"@type\":\"Question\",\"name\":\"4. Qual \\u00e9 a melhor \\u00e9poca para evitar multid\\u00f5es nas praias do Sudeste?\",\"acceptedAnswer\":{\"@type\":\"Answer\",\"text\":\"<p>Para praias menos lotadas, opte por:<\\\/p><ul><li>Abril a junho ou setembro a novembro<\\\/li><li>Temperaturas agrad\\u00e1veis (20\\u00b0C a 25\\u00b0C)<\\\/li><li>Menos turistas<\\\/li><li>Pre\\u00e7os mais baixos em hospedagens<\\\/li><\\\/ul><p>Ideal para quem prefere tranquilidade e economia.<\\\/p>\"}},{\"@type\":\"Question\",\"name\":\"5. Quando a \\u00e1gua do mar est\\u00e1 mais quente no Sudeste?\",\"acceptedAnswer\":{\"@type\":\"Answer\",\"text\":\"<p>A \\u00e1gua do mar fica mais quente:<\\\/p><ul><li>De janeiro a mar\\u00e7o<\\\/li><li>Temperaturas entre 24\\u00b0C e 28\\u00b0C<\\\/li><li>\\u00d3timo para nata\\u00e7\\u00e3o e esportes aqu\\u00e1ticos<\\\/li><\\\/ul><p>Perfeito para quem gosta de mergulhar e passar mais tempo na \\u00e1gua.<\\\/p>\"}},{\"@type\":\"Question\",\"name\":\"6. Qual a melhor \\u00e9poca para surfar no litoral do Sudeste?\",\"acceptedAnswer\":{\"@type\":\"Answer\",\"text\":\"<p>Para surfistas, as melhores condi\\u00e7\\u00f5es s\\u00e3o:<\\\/p><ul><li>De abril a setembro<\\\/li><li>Ondas mais consistentes e maiores<\\\/li><li>Ventos favor\\u00e1veis<\\\/li><li>Menos banhistas nas praias<\\\/li><\\\/ul><p>A Blumar Turismo pode recomendar as melhores praias para surf em cada \\u00e9poca.<\\\/p>\"}},{\"@type\":\"Question\",\"name\":\"7. Existem eventos ou festivais de praia que devo considerar ao planejar minha viagem?\",\"acceptedAnswer\":{\"@type\":\"Answer\",\"text\":\"<p>Eventos populares incluem:<\\\/p><ul><li>R\\u00e9veillon em Copacabana (Rio de Janeiro) &#8211; 31 de dezembro<\\\/li><li>Carnaval de rua em v\\u00e1rias cidades litor\\u00e2neas &#8211; fevereiro\\\/mar\\u00e7o<\\\/li><li>Festivais de m\\u00fasica de ver\\u00e3o em diversas praias &#8211; dezembro a mar\\u00e7o<\\\/li><\\\/ul><p>Consulte a Blumar Turismo para datas espec\\u00edficas e pacotes especiais.<\\\/p>\"}},{\"@type\":\"Question\",\"name\":\"8. Como o clima afeta as atividades de praia fora da alta temporada?\",\"acceptedAnswer\":{\"@type\":\"Answer\",\"text\":\"<p>No outono e primavera:<\\\/p><ul><li>Temperaturas entre 18\\u00b0C e 25\\u00b0C<br \\\/>Ideal para caminhadas na praia e esportes<\\\/li><li>\\u00c1guas mais frias, mas ainda agrad\\u00e1veis em dias ensolarados<\\\/li><li>Menos chuvas, c\\u00e9u mais limpo<\\\/li><\\\/ul><p>\\u00d3timo para quem gosta de atividades ao ar livre al\\u00e9m do banho de mar.<\\\/p>\"}},{\"@type\":\"Question\",\"name\":\"9. Qual \\u00e9 a melhor \\u00e9poca para observa\\u00e7\\u00e3o de baleias no litoral do Sudeste?\",\"acceptedAnswer\":{\"@type\":\"Answer\",\"text\":\"<p>A temporada de baleias ocorre:<\\\/p><ul><li>De julho a novembro<\\\/li><li>Melhores locais: litoral norte de S\\u00e3o Paulo e sul do Rio de Janeiro<\\\/li><li>Temperaturas mais amenas (15\\u00b0C a 22\\u00b0C)<\\\/li><\\\/ul><p>A Blumar Turismo pode organizar passeios de observa\\u00e7\\u00e3o de baleias.<\\\/p>\"}},{\"@type\":\"Question\",\"name\":\"10. Quando os pre\\u00e7os s\\u00e3o mais baixos para viagens \\u00e0s praias do Sudeste?\",\"acceptedAnswer\":{\"@type\":\"Answer\",\"text\":\"<p>Per\\u00edodos mais econ\\u00f4micos:<\\\/p><ul><li>Maio a junho e setembro a novembro (exceto feriados)<\\\/li><li>Menos turistas, tarifas reduzidas<\\\/li><li>Clima ainda agrad\\u00e1vel para atividades na praia<\\\/li><\\\/ul><p>Ideal para viajantes que buscam economia sem abrir m\\u00e3o do conforto.<\\\/p>\"}},{\"@type\":\"Question\",\"name\":\"11. Existem praias no Sudeste que s\\u00e3o boas para visitar o ano todo?\",\"acceptedAnswer\":{\"@type\":\"Answer\",\"text\":\"<p>Algumas praias com clima favor\\u00e1vel o ano todo:<\\\/p><ul><li>Ubatuba (SP): Protegida por montanhas, clima est\\u00e1vel<\\\/li><li>Arraial do Cabo (RJ): Conhecida como &#8220;Caribe Brasileiro&#8221;<\\\/li><li>Guarapari (ES): \\u00c1guas calmas e clima agrad\\u00e1vel<\\\/li><\\\/ul><p>A Blumar Turismo pode sugerir as melhores op\\u00e7\\u00f5es para cada \\u00e9poca do ano.<\\\/p>\"}},{\"@type\":\"Question\",\"name\":\"12. Como a Blumar Turismo pode ajudar a planejar minha viagem \\u00e0 praia no Sudeste?\",\"acceptedAnswer\":{\"@type\":\"Answer\",\"text\":\"<p>A Blumar Turismo oferece:<\\\/p><ul><li>Pacotes personalizados para cada esta\\u00e7\\u00e3o<\\\/li><li>Informa\\u00e7\\u00f5es atualizadas sobre clima e condi\\u00e7\\u00f5es das praias<\\\/li><li>Reservas em hot\\u00e9is e pousadas com as melhores tarifas<\\\/li><li>Dicas de atividades e passeios adequados para cada \\u00e9poca<\\\/li><li>Suporte durante toda a viagem<\\\/li><\\\/ul><p>Conte com nossa expertise para uma experi\\u00eancia de praia perfeita no Sudeste.<\\\/p>\"}}]}<\/script>\n\t\t\t\t\t<\/div>\n\t\t\t\t<\/div>\n\t\t\t\t<\/div>\n\t\t\t\t\t<\/div>\n\t\t\t\t<\/div>\n\t\t\t\t\t\t\t<\/div>\n\t\t","protected":false},"excerpt":{"rendered":"<p>Descobrir a melhor \u00e9poca para ir \u00e0 praia no Sudeste do Brasil pode garantir que voc\u00ea aproveite ao m\u00e1ximo sua viagem. Com um clima diversificado e praias deslumbrantes, a regi\u00e3o oferece op\u00e7\u00f5es para todos os gostos. Vamos explorar as melhores \u00e9pocas para desfrutar do litoral sudestino. Vis\u00e3o Geral do Clima&#46;&#46;&#46;<\/p>\n","protected":false},"author":7,"featured_media":65974,"comment_status":"closed","ping_status":"open","sticky":false,"template":"","format":"standard","meta":{"footnotes":""},"categories":[690,694],"tags":[],"class_list":["post-9194","post","type-post","status-publish","format-standard","has-post-thumbnail","hentry","category-destinos-nacionais","category-dicas-de-viagem"],"yoast_head":"<!-- This site is optimized with the Yoast SEO Premium plugin v19.4 (Yoast SEO v24.1) - https:\/\/yoast.com\/wordpress\/plugins\/seo\/ -->\n<title>Melhor \u00e9poca para ir a praia no Sudeste - Blumar Turismo<\/title>\n<meta name=\"description\" content=\"Venha com a Blumar Turismo descobrir a melhor \u00e9poca para ir a praia no Sudeste. Confira nossas dicas e aproveite!\" \/>\n<meta name=\"robots\" content=\"index, follow, max-snippet:-1, max-image-preview:large, max-video-preview:-1\" \/>\n<link rel=\"canonical\" href=\"https:\/\/www.blumarturismo.com.br\/blog\/melhor-epoca-para-ir-a-praia-no-sudeste\/\" \/>\n<meta property=\"og:locale\" content=\"pt_BR\" \/>\n<meta property=\"og:type\" content=\"article\" \/>\n<meta property=\"og:title\" content=\"Melhor \u00e9poca para ir a praia no Sudeste\" \/>\n<meta property=\"og:description\" content=\"Venha com a Blumar Turismo descobrir a melhor \u00e9poca para ir a praia no Sudeste. Confira nossas dicas e aproveite!\" \/>\n<meta property=\"og:url\" content=\"https:\/\/www.blumarturismo.com.br\/blog\/melhor-epoca-para-ir-a-praia-no-sudeste\/\" \/>\n<meta property=\"og:site_name\" content=\"Blog Blumar Turismo: O Seu Portal para Viagens Extraordin\u00e1rias\" \/>\n<meta property=\"article:publisher\" content=\"https:\/\/www.facebook.com\/blumarviagenseturismo\" \/>\n<meta property=\"article:published_time\" content=\"2021-07-06T15:14:03+00:00\" \/>\n<meta property=\"article:modified_time\" content=\"2025-03-24T12:52:00+00:00\" \/>\n<meta property=\"og:image\" content=\"https:\/\/www.blumarturismo.com.br\/blog\/wp-content\/uploads\/2021\/07\/Foto-Anna-ART-Shutterstock.com_.jpg\" \/>\n\t<meta property=\"og:image:width\" content=\"1000\" \/>\n\t<meta property=\"og:image:height\" content=\"669\" \/>\n\t<meta property=\"og:image:type\" content=\"image\/jpeg\" \/>\n<meta name=\"author\" content=\"Blumar Turismo\" \/>\n<meta name=\"twitter:card\" content=\"summary_large_image\" \/>\n<meta name=\"twitter:label1\" content=\"Escrito por\" \/>\n\t<meta name=\"twitter:data1\" content=\"Blumar Turismo\" \/>\n\t<meta name=\"twitter:label2\" content=\"Est. tempo de leitura\" \/>\n\t<meta name=\"twitter:data2\" content=\"26 minutos\" \/>\n<script type=\"application\/ld+json\" class=\"yoast-schema-graph\">{\"@context\":\"https:\/\/schema.org\",\"@graph\":[{\"@type\":\"Article\",\"@id\":\"https:\/\/www.blumarturismo.com.br\/blog\/melhor-epoca-para-ir-a-praia-no-sudeste\/#article\",\"isPartOf\":{\"@id\":\"https:\/\/www.blumarturismo.com.br\/blog\/melhor-epoca-para-ir-a-praia-no-sudeste\/\"},\"author\":{\"name\":\"Blumar Turismo\",\"@id\":\"https:\/\/www.blumarturismo.com.br\/blog\/#\/schema\/person\/30087f4be9bc8294faf932dd7798dcdb\"},\"headline\":\"Melhor \u00e9poca para ir a praia no Sudeste\",\"datePublished\":\"2021-07-06T15:14:03+00:00\",\"dateModified\":\"2025-03-24T12:52:00+00:00\",\"mainEntityOfPage\":{\"@id\":\"https:\/\/www.blumarturismo.com.br\/blog\/melhor-epoca-para-ir-a-praia-no-sudeste\/\"},\"wordCount\":1299,\"publisher\":{\"@id\":\"https:\/\/www.blumarturismo.com.br\/blog\/#organization\"},\"image\":{\"@id\":\"https:\/\/www.blumarturismo.com.br\/blog\/melhor-epoca-para-ir-a-praia-no-sudeste\/#primaryimage\"},\"thumbnailUrl\":\"https:\/\/www.blumarturismo.com.br\/blog\/wp-content\/uploads\/2021\/07\/Foto-Anna-ART-Shutterstock.com_.jpg\",\"articleSection\":[\"Destinos Nacionais\",\"Dicas de Viagem\"],\"inLanguage\":\"pt-BR\"},{\"@type\":\"WebPage\",\"@id\":\"https:\/\/www.blumarturismo.com.br\/blog\/melhor-epoca-para-ir-a-praia-no-sudeste\/\",\"url\":\"https:\/\/www.blumarturismo.com.br\/blog\/melhor-epoca-para-ir-a-praia-no-sudeste\/\",\"name\":\"Melhor \u00e9poca para ir a praia no Sudeste - Blumar Turismo\",\"isPartOf\":{\"@id\":\"https:\/\/www.blumarturismo.com.br\/blog\/#website\"},\"primaryImageOfPage\":{\"@id\":\"https:\/\/www.blumarturismo.com.br\/blog\/melhor-epoca-para-ir-a-praia-no-sudeste\/#primaryimage\"},\"image\":{\"@id\":\"https:\/\/www.blumarturismo.com.br\/blog\/melhor-epoca-para-ir-a-praia-no-sudeste\/#primaryimage\"},\"thumbnailUrl\":\"https:\/\/www.blumarturismo.com.br\/blog\/wp-content\/uploads\/2021\/07\/Foto-Anna-ART-Shutterstock.com_.jpg\",\"datePublished\":\"2021-07-06T15:14:03+00:00\",\"dateModified\":\"2025-03-24T12:52:00+00:00\",\"description\":\"Venha com a Blumar Turismo descobrir a melhor \u00e9poca para ir a praia no Sudeste. Confira nossas dicas e aproveite!\",\"breadcrumb\":{\"@id\":\"https:\/\/www.blumarturismo.com.br\/blog\/melhor-epoca-para-ir-a-praia-no-sudeste\/#breadcrumb\"},\"inLanguage\":\"pt-BR\",\"potentialAction\":[{\"@type\":\"ReadAction\",\"target\":[\"https:\/\/www.blumarturismo.com.br\/blog\/melhor-epoca-para-ir-a-praia-no-sudeste\/\"]}]},{\"@type\":\"ImageObject\",\"inLanguage\":\"pt-BR\",\"@id\":\"https:\/\/www.blumarturismo.com.br\/blog\/melhor-epoca-para-ir-a-praia-no-sudeste\/#primaryimage\",\"url\":\"https:\/\/www.blumarturismo.com.br\/blog\/wp-content\/uploads\/2021\/07\/Foto-Anna-ART-Shutterstock.com_.jpg\",\"contentUrl\":\"https:\/\/www.blumarturismo.com.br\/blog\/wp-content\/uploads\/2021\/07\/Foto-Anna-ART-Shutterstock.com_.jpg\",\"width\":1000,\"height\":669,\"caption\":\"Foto: Anna ART \/ Shutterstock.com\"},{\"@type\":\"BreadcrumbList\",\"@id\":\"https:\/\/www.blumarturismo.com.br\/blog\/melhor-epoca-para-ir-a-praia-no-sudeste\/#breadcrumb\",\"itemListElement\":[{\"@type\":\"ListItem\",\"position\":1,\"name\":\"In\u00edcio\",\"item\":\"https:\/\/www.blumarturismo.com.br\/blog\/\"},{\"@type\":\"ListItem\",\"position\":2,\"name\":\"Melhor \u00e9poca para ir a praia no Sudeste\"}]},{\"@type\":\"WebSite\",\"@id\":\"https:\/\/www.blumarturismo.com.br\/blog\/#website\",\"url\":\"https:\/\/www.blumarturismo.com.br\/blog\/\",\"name\":\"Blog Blumar Turismo: O Seu Portal para Viagens Extraordin\u00e1rias\",\"description\":\"Viajar \u00e9 nossa paix\u00e3o e expertise, e agora compartilhamos isso com voc\u00ea atrav\u00e9s do nosso blog. Com mais de 30 anos de hist\u00f3ria, a Blumar Turismo \u00e9 seu parceiro confi\u00e1vel para aventuras memor\u00e1veis. Explore conosco\",\"publisher\":{\"@id\":\"https:\/\/www.blumarturismo.com.br\/blog\/#organization\"},\"potentialAction\":[{\"@type\":\"SearchAction\",\"target\":{\"@type\":\"EntryPoint\",\"urlTemplate\":\"https:\/\/www.blumarturismo.com.br\/blog\/?s={search_term_string}\"},\"query-input\":{\"@type\":\"PropertyValueSpecification\",\"valueRequired\":true,\"valueName\":\"search_term_string\"}}],\"inLanguage\":\"pt-BR\"},{\"@type\":\"Organization\",\"@id\":\"https:\/\/www.blumarturismo.com.br\/blog\/#organization\",\"name\":\"Blumar Turismo\",\"url\":\"https:\/\/www.blumarturismo.com.br\/blog\/\",\"logo\":{\"@type\":\"ImageObject\",\"inLanguage\":\"pt-BR\",\"@id\":\"https:\/\/www.blumarturismo.com.br\/blog\/#\/schema\/logo\/image\/\",\"url\":\"https:\/\/www.blumarturismo.com.br\/blog\/wp-content\/uploads\/2020\/11\/cropped-logo_blumar_nacional2-2.jpg\",\"contentUrl\":\"https:\/\/www.blumarturismo.com.br\/blog\/wp-content\/uploads\/2020\/11\/cropped-logo_blumar_nacional2-2.jpg\",\"width\":167,\"height\":50,\"caption\":\"Blumar Turismo\"},\"image\":{\"@id\":\"https:\/\/www.blumarturismo.com.br\/blog\/#\/schema\/logo\/image\/\"},\"sameAs\":[\"https:\/\/www.facebook.com\/blumarviagenseturismo\",\"https:\/\/www.instagram.com\/blumarturismo\/\"]},{\"@type\":\"Person\",\"@id\":\"https:\/\/www.blumarturismo.com.br\/blog\/#\/schema\/person\/30087f4be9bc8294faf932dd7798dcdb\",\"name\":\"Blumar Turismo\",\"image\":{\"@type\":\"ImageObject\",\"inLanguage\":\"pt-BR\",\"@id\":\"https:\/\/www.blumarturismo.com.br\/blog\/#\/schema\/person\/image\/\",\"url\":\"https:\/\/secure.gravatar.com\/avatar\/726c278b800c2f32d328c5cb76b2b90c01c73b25b16eef0d37a0f355ce96d1f5?s=96&d=mm&r=g\",\"contentUrl\":\"https:\/\/secure.gravatar.com\/avatar\/726c278b800c2f32d328c5cb76b2b90c01c73b25b16eef0d37a0f355ce96d1f5?s=96&d=mm&r=g\",\"caption\":\"Blumar Turismo\"},\"description\":\"Com uma trajet\u00f3ria consolidada de mais de 30 anos no setor de turismo, a Blumar Turismo se estabeleceu como l\u00edder gra\u00e7as ao seu compromisso cont\u00ednuo com a qualidade e satisfa\u00e7\u00e3o do cliente. Nossa experi\u00eancia traduz-se em viagens que v\u00e3o al\u00e9m da expectativa. Nosso Legado: 1. Expertise e Excel\u00eancia: Com tr\u00eas d\u00e9cadas de dedica\u00e7\u00e3o, aprofundamos nossa expertise para oferecer servi\u00e7os de viagem personalizados e de alto padr\u00e3o. Cada viagem, seja econ\u00f4mica ou de luxo, \u00e9 meticulosamente projetada para garantir experi\u00eancias not\u00e1veis. 2. Vanguarda em Inova\u00e7\u00e3o e Tecnologia: Nossa miss\u00e3o \u00e9 sempre liderar, incorporando as solu\u00e7\u00f5es mais avan\u00e7adas em produtos e tecnologias. A inova\u00e7\u00e3o \u00e9 intr\u00ednseca \u00e0 Blumar, permitindo-nos aprimorar constantemente a experi\u00eancia de viagem de nossos clientes. 3. Nossa Equipe, Nosso Diferencial: O verdadeiro motor da Blumar Turismo \u00e9 nossa equipe de profissionais. Com paix\u00e3o e dedica\u00e7\u00e3o, eles garantem que cada itiner\u00e1rio se transforme em uma experi\u00eancia \u00fanica e memor\u00e1vel. Seu comprometimento \u00e9 o que nos faz ganhar a confian\u00e7a de nossos clientes repetidamente. Na Blumar, n\u00e3o se trata apenas de vender pacotes de viagem, mas de projetar experi\u00eancias. Nossos roteiros prometem criar mem\u00f3rias duradouras, proporcionando viagens ricas em descobertas e emo\u00e7\u00f5es. Cremos que viajar \u00e9 uma forma de enriquecimento pessoal, explorando novas perspectivas e redefinindo-se a cada novo destino. Explore o mundo com a Blumar Turismo e torne sua jornada verdadeiramente extraordin\u00e1ria.\",\"award\":[\"2002 | 7th World Petroleum Congress & Rio Oil & Gas Expo\",\"2003 | 27\u00ba International Congress on Occupational Health - ICOH\",\"2004 | IOF World Congress on Osteoporosis 2004\",\"2005 | XXV Brazilian Congress on Rheumatology\",\"2006 | 3rd World Congress on AIDS\",\"2007 | 66th FIP Congress of Pharmacy and Pharmaceutical Sciences\",\"2008 | 62\u00ba Congresso Brasileiro de Cardiologia\",\"2009 | 3rd World Congress of Pediatric Gastroenterology Hepatology and Nutrition\",\"2010 | Pr\u00eamio Caio da D\u00e9cada - Jacar\u00e9 de Diamante - pelo 3rd World Congress on AIDS\",\"2011 | XIV Congresso SOBRICE\",\"2012 | XVIII Congresso da Sociedade Brasileira de Diabetes\",\"2013 | 67\u00ba Congresso da Sociedade Brasileira de Dermatologia\",\"2016 | Congresso Mundial da Propriedade Intelectual da AIPPI\"],\"knowsAbout\":[\"Turismo de Luxo\",\"Consultoria Personalizada\",\"Opera\u00e7\u00e3o de Programas Tur\u00edsticos Customizados\",\"Tours Variados\",\"Sele\u00e7\u00e3o de Hot\u00e9is e Experi\u00eancias Inesquec\u00edveis\"],\"knowsLanguage\":[\"Ingles\",\"Portugu\u00eas\",\"Espanhol\"],\"jobTitle\":\"Operadora de Turismo e Ag\u00eancia de Viagens\",\"worksFor\":\"Blumar Turismo\",\"url\":\"https:\/\/www.blumarturismo.com.br\/blog\/author\/blumar-turismo\/\"}]}<\/script>\n<!-- \/ Yoast SEO Premium plugin. -->","yoast_head_json":{"title":"Melhor \u00e9poca para ir a praia no Sudeste - Blumar Turismo","description":"Venha com a Blumar Turismo descobrir a melhor \u00e9poca para ir a praia no Sudeste. Confira nossas dicas e aproveite!","robots":{"index":"index","follow":"follow","max-snippet":"max-snippet:-1","max-image-preview":"max-image-preview:large","max-video-preview":"max-video-preview:-1"},"canonical":"https:\/\/www.blumarturismo.com.br\/blog\/melhor-epoca-para-ir-a-praia-no-sudeste\/","og_locale":"pt_BR","og_type":"article","og_title":"Melhor \u00e9poca para ir a praia no Sudeste","og_description":"Venha com a Blumar Turismo descobrir a melhor \u00e9poca para ir a praia no Sudeste. Confira nossas dicas e aproveite!","og_url":"https:\/\/www.blumarturismo.com.br\/blog\/melhor-epoca-para-ir-a-praia-no-sudeste\/","og_site_name":"Blog Blumar Turismo: O Seu Portal para Viagens Extraordin\u00e1rias","article_publisher":"https:\/\/www.facebook.com\/blumarviagenseturismo","article_published_time":"2021-07-06T15:14:03+00:00","article_modified_time":"2025-03-24T12:52:00+00:00","og_image":[{"width":1000,"height":669,"url":"https:\/\/www.blumarturismo.com.br\/blog\/wp-content\/uploads\/2021\/07\/Foto-Anna-ART-Shutterstock.com_.jpg","type":"image\/jpeg"}],"author":"Blumar Turismo","twitter_card":"summary_large_image","twitter_misc":{"Escrito por":"Blumar Turismo","Est. tempo de leitura":"26 minutos"},"schema":{"@context":"https:\/\/schema.org","@graph":[{"@type":"Article","@id":"https:\/\/www.blumarturismo.com.br\/blog\/melhor-epoca-para-ir-a-praia-no-sudeste\/#article","isPartOf":{"@id":"https:\/\/www.blumarturismo.com.br\/blog\/melhor-epoca-para-ir-a-praia-no-sudeste\/"},"author":{"name":"Blumar Turismo","@id":"https:\/\/www.blumarturismo.com.br\/blog\/#\/schema\/person\/30087f4be9bc8294faf932dd7798dcdb"},"headline":"Melhor \u00e9poca para ir a praia no Sudeste","datePublished":"2021-07-06T15:14:03+00:00","dateModified":"2025-03-24T12:52:00+00:00","mainEntityOfPage":{"@id":"https:\/\/www.blumarturismo.com.br\/blog\/melhor-epoca-para-ir-a-praia-no-sudeste\/"},"wordCount":1299,"publisher":{"@id":"https:\/\/www.blumarturismo.com.br\/blog\/#organization"},"image":{"@id":"https:\/\/www.blumarturismo.com.br\/blog\/melhor-epoca-para-ir-a-praia-no-sudeste\/#primaryimage"},"thumbnailUrl":"https:\/\/www.blumarturismo.com.br\/blog\/wp-content\/uploads\/2021\/07\/Foto-Anna-ART-Shutterstock.com_.jpg","articleSection":["Destinos Nacionais","Dicas de Viagem"],"inLanguage":"pt-BR"},{"@type":"WebPage","@id":"https:\/\/www.blumarturismo.com.br\/blog\/melhor-epoca-para-ir-a-praia-no-sudeste\/","url":"https:\/\/www.blumarturismo.com.br\/blog\/melhor-epoca-para-ir-a-praia-no-sudeste\/","name":"Melhor \u00e9poca para ir a praia no Sudeste - Blumar Turismo","isPartOf":{"@id":"https:\/\/www.blumarturismo.com.br\/blog\/#website"},"primaryImageOfPage":{"@id":"https:\/\/www.blumarturismo.com.br\/blog\/melhor-epoca-para-ir-a-praia-no-sudeste\/#primaryimage"},"image":{"@id":"https:\/\/www.blumarturismo.com.br\/blog\/melhor-epoca-para-ir-a-praia-no-sudeste\/#primaryimage"},"thumbnailUrl":"https:\/\/www.blumarturismo.com.br\/blog\/wp-content\/uploads\/2021\/07\/Foto-Anna-ART-Shutterstock.com_.jpg","datePublished":"2021-07-06T15:14:03+00:00","dateModified":"2025-03-24T12:52:00+00:00","description":"Venha com a Blumar Turismo descobrir a melhor \u00e9poca para ir a praia no Sudeste. Confira nossas dicas e aproveite!","breadcrumb":{"@id":"https:\/\/www.blumarturismo.com.br\/blog\/melhor-epoca-para-ir-a-praia-no-sudeste\/#breadcrumb"},"inLanguage":"pt-BR","potentialAction":[{"@type":"ReadAction","target":["https:\/\/www.blumarturismo.com.br\/blog\/melhor-epoca-para-ir-a-praia-no-sudeste\/"]}]},{"@type":"ImageObject","inLanguage":"pt-BR","@id":"https:\/\/www.blumarturismo.com.br\/blog\/melhor-epoca-para-ir-a-praia-no-sudeste\/#primaryimage","url":"https:\/\/www.blumarturismo.com.br\/blog\/wp-content\/uploads\/2021\/07\/Foto-Anna-ART-Shutterstock.com_.jpg","contentUrl":"https:\/\/www.blumarturismo.com.br\/blog\/wp-content\/uploads\/2021\/07\/Foto-Anna-ART-Shutterstock.com_.jpg","width":1000,"height":669,"caption":"Foto: Anna ART \/ Shutterstock.com"},{"@type":"BreadcrumbList","@id":"https:\/\/www.blumarturismo.com.br\/blog\/melhor-epoca-para-ir-a-praia-no-sudeste\/#breadcrumb","itemListElement":[{"@type":"ListItem","position":1,"name":"In\u00edcio","item":"https:\/\/www.blumarturismo.com.br\/blog\/"},{"@type":"ListItem","position":2,"name":"Melhor \u00e9poca para ir a praia no Sudeste"}]},{"@type":"WebSite","@id":"https:\/\/www.blumarturismo.com.br\/blog\/#website","url":"https:\/\/www.blumarturismo.com.br\/blog\/","name":"Blog Blumar Turismo: O Seu Portal para Viagens Extraordin\u00e1rias","description":"Viajar \u00e9 nossa paix\u00e3o e expertise, e agora compartilhamos isso com voc\u00ea atrav\u00e9s do nosso blog. Com mais de 30 anos de hist\u00f3ria, a Blumar Turismo \u00e9 seu parceiro confi\u00e1vel para aventuras memor\u00e1veis. Explore conosco","publisher":{"@id":"https:\/\/www.blumarturismo.com.br\/blog\/#organization"},"potentialAction":[{"@type":"SearchAction","target":{"@type":"EntryPoint","urlTemplate":"https:\/\/www.blumarturismo.com.br\/blog\/?s={search_term_string}"},"query-input":{"@type":"PropertyValueSpecification","valueRequired":true,"valueName":"search_term_string"}}],"inLanguage":"pt-BR"},{"@type":"Organization","@id":"https:\/\/www.blumarturismo.com.br\/blog\/#organization","name":"Blumar Turismo","url":"https:\/\/www.blumarturismo.com.br\/blog\/","logo":{"@type":"ImageObject","inLanguage":"pt-BR","@id":"https:\/\/www.blumarturismo.com.br\/blog\/#\/schema\/logo\/image\/","url":"https:\/\/www.blumarturismo.com.br\/blog\/wp-content\/uploads\/2020\/11\/cropped-logo_blumar_nacional2-2.jpg","contentUrl":"https:\/\/www.blumarturismo.com.br\/blog\/wp-content\/uploads\/2020\/11\/cropped-logo_blumar_nacional2-2.jpg","width":167,"height":50,"caption":"Blumar Turismo"},"image":{"@id":"https:\/\/www.blumarturismo.com.br\/blog\/#\/schema\/logo\/image\/"},"sameAs":["https:\/\/www.facebook.com\/blumarviagenseturismo","https:\/\/www.instagram.com\/blumarturismo\/"]},{"@type":"Person","@id":"https:\/\/www.blumarturismo.com.br\/blog\/#\/schema\/person\/30087f4be9bc8294faf932dd7798dcdb","name":"Blumar Turismo","image":{"@type":"ImageObject","inLanguage":"pt-BR","@id":"https:\/\/www.blumarturismo.com.br\/blog\/#\/schema\/person\/image\/","url":"https:\/\/secure.gravatar.com\/avatar\/726c278b800c2f32d328c5cb76b2b90c01c73b25b16eef0d37a0f355ce96d1f5?s=96&d=mm&r=g","contentUrl":"https:\/\/secure.gravatar.com\/avatar\/726c278b800c2f32d328c5cb76b2b90c01c73b25b16eef0d37a0f355ce96d1f5?s=96&d=mm&r=g","caption":"Blumar Turismo"},"description":"Com uma trajet\u00f3ria consolidada de mais de 30 anos no setor de turismo, a Blumar Turismo se estabeleceu como l\u00edder gra\u00e7as ao seu compromisso cont\u00ednuo com a qualidade e satisfa\u00e7\u00e3o do cliente. Nossa experi\u00eancia traduz-se em viagens que v\u00e3o al\u00e9m da expectativa. Nosso Legado: 1. Expertise e Excel\u00eancia: Com tr\u00eas d\u00e9cadas de dedica\u00e7\u00e3o, aprofundamos nossa expertise para oferecer servi\u00e7os de viagem personalizados e de alto padr\u00e3o. Cada viagem, seja econ\u00f4mica ou de luxo, \u00e9 meticulosamente projetada para garantir experi\u00eancias not\u00e1veis. 2. Vanguarda em Inova\u00e7\u00e3o e Tecnologia: Nossa miss\u00e3o \u00e9 sempre liderar, incorporando as solu\u00e7\u00f5es mais avan\u00e7adas em produtos e tecnologias. A inova\u00e7\u00e3o \u00e9 intr\u00ednseca \u00e0 Blumar, permitindo-nos aprimorar constantemente a experi\u00eancia de viagem de nossos clientes. 3. Nossa Equipe, Nosso Diferencial: O verdadeiro motor da Blumar Turismo \u00e9 nossa equipe de profissionais. Com paix\u00e3o e dedica\u00e7\u00e3o, eles garantem que cada itiner\u00e1rio se transforme em uma experi\u00eancia \u00fanica e memor\u00e1vel. Seu comprometimento \u00e9 o que nos faz ganhar a confian\u00e7a de nossos clientes repetidamente. Na Blumar, n\u00e3o se trata apenas de vender pacotes de viagem, mas de projetar experi\u00eancias. Nossos roteiros prometem criar mem\u00f3rias duradouras, proporcionando viagens ricas em descobertas e emo\u00e7\u00f5es. Cremos que viajar \u00e9 uma forma de enriquecimento pessoal, explorando novas perspectivas e redefinindo-se a cada novo destino. Explore o mundo com a Blumar Turismo e torne sua jornada verdadeiramente extraordin\u00e1ria.","award":["2002 | 7th World Petroleum Congress & Rio Oil & Gas Expo","2003 | 27\u00ba International Congress on Occupational Health - ICOH","2004 | IOF World Congress on Osteoporosis 2004","2005 | XXV Brazilian Congress on Rheumatology","2006 | 3rd World Congress on AIDS","2007 | 66th FIP Congress of Pharmacy and Pharmaceutical Sciences","2008 | 62\u00ba Congresso Brasileiro de Cardiologia","2009 | 3rd World Congress of Pediatric Gastroenterology Hepatology and Nutrition","2010 | Pr\u00eamio Caio da D\u00e9cada - Jacar\u00e9 de Diamante - pelo 3rd World Congress on AIDS","2011 | XIV Congresso SOBRICE","2012 | XVIII Congresso da Sociedade Brasileira de Diabetes","2013 | 67\u00ba Congresso da Sociedade Brasileira de Dermatologia","2016 | Congresso Mundial da Propriedade Intelectual da AIPPI"],"knowsAbout":["Turismo de Luxo","Consultoria Personalizada","Opera\u00e7\u00e3o de Programas Tur\u00edsticos Customizados","Tours Variados","Sele\u00e7\u00e3o de Hot\u00e9is e Experi\u00eancias Inesquec\u00edveis"],"knowsLanguage":["Ingles","Portugu\u00eas","Espanhol"],"jobTitle":"Operadora de Turismo e Ag\u00eancia de Viagens","worksFor":"Blumar Turismo","url":"https:\/\/www.blumarturismo.com.br\/blog\/author\/blumar-turismo\/"}]}},"_links":{"self":[{"href":"https:\/\/www.blumarturismo.com.br\/blog\/wp-json\/wp\/v2\/posts\/9194","targetHints":{"allow":["GET"]}}],"collection":[{"href":"https:\/\/www.blumarturismo.com.br\/blog\/wp-json\/wp\/v2\/posts"}],"about":[{"href":"https:\/\/www.blumarturismo.com.br\/blog\/wp-json\/wp\/v2\/types\/post"}],"author":[{"embeddable":true,"href":"https:\/\/www.blumarturismo.com.br\/blog\/wp-json\/wp\/v2\/users\/7"}],"replies":[{"embeddable":true,"href":"https:\/\/www.blumarturismo.com.br\/blog\/wp-json\/wp\/v2\/comments?post=9194"}],"version-history":[{"count":41,"href":"https:\/\/www.blumarturismo.com.br\/blog\/wp-json\/wp\/v2\/posts\/9194\/revisions"}],"predecessor-version":[{"id":68774,"href":"https:\/\/www.blumarturismo.com.br\/blog\/wp-json\/wp\/v2\/posts\/9194\/revisions\/68774"}],"wp:featuredmedia":[{"embeddable":true,"href":"https:\/\/www.blumarturismo.com.br\/blog\/wp-json\/wp\/v2\/media\/65974"}],"wp:attachment":[{"href":"https:\/\/www.blumarturismo.com.br\/blog\/wp-json\/wp\/v2\/media?parent=9194"}],"wp:term":[{"taxonomy":"category","embeddable":true,"href":"https:\/\/www.blumarturismo.com.br\/blog\/wp-json\/wp\/v2\/categories?post=9194"},{"taxonomy":"post_tag","embeddable":true,"href":"https:\/\/www.blumarturismo.com.br\/blog\/wp-json\/wp\/v2\/tags?post=9194"}],"curies":[{"name":"wp","href":"https:\/\/api.w.org\/{rel}","templated":true}]}}